{"id":21989,"date":"2023-10-10T09:27:26","date_gmt":"2023-10-10T07:27:26","guid":{"rendered":"https:\/\/lamostradevalencia.com\/?p=21989"},"modified":"2023-10-10T09:27:26","modified_gmt":"2023-10-10T07:27:26","slug":"el-cine-valencia-mes-independent-tindra-el-seu-aparador-en-la-mostra","status":"publish","type":"post","link":"https:\/\/lamostradevalencia.com\/ca\/el-cine-valencia-mes-independent-tindra-el-seu-aparador-en-la-mostra\/","title":{"rendered":"El cine valenci\u00e0 m\u00e9s independent tindr\u00e0 el seu aparador en la Mostra"},"content":{"rendered":"<h5>Les Sessions Especials del festival acolliran pel\u00b7l\u00edcules de Tonet Ferrer, \u00c1lex Andr\u00e9s i Emilio Encabo Lucini, \u00d3scar Mont\u00f3n, Ram\u00f3n Alfonso i Pedro Uris<\/h5>\n<p>Mostra de Valencia-Cinema del Mediterrani, que enguany se celebra del 19 al 29 d&#8217;octubre, fa honor al seu nom des del seu retorn en 2018 i rega la ciutat cada any d&#8217;estrenes a Espanya de les diferents ribes d&#8217;esta mar, per\u00f2 tamb\u00e9 ha servit per a prendre la temperatura de la ind\u00fastria valenciana.<\/p>\n<p>Enguany tornar\u00e0 a ser aix\u00ed, amb una aposta refor\u00e7ada per una s\u00e8rie de <strong>projectes que tenen en com\u00fa el seu car\u00e0cter independent i el seu finan\u00e7ament modest, perqu\u00e8 la majoria d&#8217;ells han sigut duts a terme amb molt poques ajudes o subvencions<\/strong> i ara buscaran donar-se a con\u00e9ixer a trav\u00e9s de la finestra que els ofereix el festival.<\/p>\n<p>Algunes d&#8217;estes propostes tenen a m\u00e9s un evident car\u00e0cter experimental, com \u00e9s el cas de <strong>\u2018Hal\u00e1la\u2019,<\/strong> en qu\u00e8 a partir de la personal reconstrucci\u00f3 de la pel\u00b7l\u00edcula de culte desapareguda \u2018Drakula hal\u00e1la\u2019 (1921), un cineasta explora el mite del vampir i la relaci\u00f3 amb la seua imatge al llarg de la hist\u00f2ria del cine. Es tracta del nou film-assage del cr\u00edtic i cineasta Ram\u00f3n Alfonso, que compta amb c\u00f2mplices com Julia Casa\u00f1, Pepe Sapena i Llu\u00eds Rivera.<\/p>\n<p><strong>\u2018Ser ficci\u00f3n\u2019<\/strong> \u00e9s un projecte autogestionat i rodat a Sagunt per \u00c0lex Andr\u00e9s i Emilio Encabo Lucini, que han complit el somni de passar del curt al llargmetratge, perqu\u00e8 primer va tindre una versi\u00f3 de 23 minuts i ara s&#8217;ha convertit en una pel\u00b7l\u00edcula de duraci\u00f3 est\u00e0ndard. Interpretada amb sorprenent naturalitat per un nov\u00edssim elenc de joves actrius, part d&#8217;una situaci\u00f3 que no desentonaria al cine de Hal Hartley: una dona es queda paralitzada cada mat\u00ed davant de la seua porta abans d&#8217;anar a treballar, sense saber que alg\u00fa l&#8217;est\u00e0 observant.<\/p>\n<p>Esta selecci\u00f3 de pel\u00b7l\u00edcules valencianes que alcen la veu des dels marges de la ind\u00fastria oficial inclou tamb\u00e9 el documental <strong>\u2018El hombre que pudo filmar\u2019,<\/strong> un recorregut per la traject\u00f2ria com a cineasta d&#8217;Antonio Llorens, distribu\u00efdor, cr\u00edtic cinematogr\u00e0fic i assessor de programaci\u00f3 de festivals pertanyent a la generaci\u00f3 de directors del cine independent valenci\u00e0 dels setanta. El realitzador del film no podia ser m\u00e9s idoni, ja que es tracta de Pedro Uris, c\u00f2mplice d&#8217;aventures cinematogr\u00e0fiques de Llorens en eixos temps, que ara ha volgut retre-li homenatge fent una pel\u00b7l\u00edcula de guerrilla, com les de llavors.<\/p>\n<p>En 2021, Tonet Ferrer guanyava el Premi Max del P\u00fablic amb la seua obra <strong>&#8216;La vida empieza hoy&#8217;,<\/strong> un musical que va servir al valenci\u00e0 per a sanar les ferides provocades per la mort de la seua mare. Dos anys despr\u00e9s, ell mateix ha dirigit la seua adaptaci\u00f3 al cine, que la Mostra projectar\u00e0 per primera vegada. Fidel al text original, incorpora can\u00e7ons de Sidonie o Ariel Rot a una hist\u00f2ria molt personal, protagonitzada per Aitor Caballer i Pepa Chamorro, i que compta amb intervencions especials del veter\u00e0 actor Miguel Rell\u00e1n i de Gemma Palacios, m\u00e9s coneguda com Esperansa Grasia, la seua personalitat com influencer.<\/p>\n<p>Finalment, \u2018<strong>Quan no acaba la nit\u2019,<\/strong> que arribar\u00e0 a les sales comercials el 27 d&#8217;octubre, \u00e9s el viatge que proposa el director \u00d3scar Mont\u00f3n fins als anys noranta, en plena efervesc\u00e8ncia de \u2018La Ruta del Bakalao\u2019. Un retrat de tres joves de divuit anys que passen els seus dies esperant que arribe el cap de setmana per a eixir de festa a la recerca de la diversi\u00f3 infinita, una forma d&#8217;evasi\u00f3 dels seus problemes quotidians. En un moment en qu\u00e8 l&#8217;anomenada &#8216;moguda valenciana&#8217; ha tornat a l&#8217;actualitat per mitj\u00e0 d&#8217;exposicions, s\u00e8ries televisives o assajos acad\u00e8mics, el film recrea l&#8217;\u00e8poca recorrent els grans cl\u00e0ssics d\u2019Immaculate Fools, Anne Clark o Comit\u00e9 Cigne i reserva un dels seus papers secundaris per al conegut DJ Chimo Bayo.<\/p>\n<p>Una \u00e0mplia diversitat de temes i propostes cinematogr\u00e0fiques que donen fe dels moviments que s&#8217;estan produint en l&#8217;audiovisual valenci\u00e0 actual.<\/p>\n<p>La 38a edici\u00f3 de Mostra de Val\u00e8ncia-Cinema del Mediterrani est\u00e0 organitzada per l&#8217;Ajuntament de Val\u00e8ncia i compta amb la col\u00b7laboraci\u00f3 de l\u2019Institut Valenci\u00e0 de Cultura (IVC), el Palau de la M\u00fasica, Barreira Arte + Dise\u00f1o i \u00c0 Punt M\u00e8dia com a mitj\u00e0 oficial.<\/p>\n","protected":false},"excerpt":{"rendered":"<p>Les Sessions Especials del festival acolliran pel\u00b7l\u00edcules de Tonet Ferrer, \u00c1lex Andr\u00e9s i Emilio Encabo Lucini, \u00d3scar Mont\u00f3n, Ram\u00f3n Alfonso i Pedro Uris Mostra de [&hellip;]<\/p>\n","protected":false},"author":1,"featured_media":21994,"comment_status":"open","ping_status":"open","sticky":false,"template":"","format":"standard","meta":{"_uag_custom_page_level_css":"","_jet_sm_ready_style":"","_jet_sm_style":"","_jet_sm_controls_values":"","_jet_sm_fonts_collection":"","_jet_sm_fonts_links":"","footnotes":""},"categories":[455],"tags":[],"class_list":["post-21989","post","type-post","status-publish","format-standard","has-post-thumbnail","hentry","category-noticies"],"yoast_head":"<!-- This site is optimized with the Yoast SEO plugin v27.5 - https:\/\/yoast.com\/product\/yoast-seo-wordpress\/ -->\n<title>El cine valenci\u00e0 m\u00e9s independent tindr\u00e0 el seu aparador en la Mostra - Mostra de Val\u00e8ncia<\/title>\n<meta name=\"robots\" content=\"index, follow, max-snippet:-1, max-image-preview:large, max-video-preview:-1\" \/>\n<link rel=\"canonical\" href=\"https:\/\/lamostradevalencia.com\/ca\/el-cine-valencia-mes-independent-tindra-el-seu-aparador-en-la-mostra\/\" \/>\n<meta property=\"og:locale\" content=\"ca_ES\" \/>\n<meta property=\"og:type\" content=\"article\" \/>\n<meta property=\"og:title\" content=\"El cine valenci\u00e0 m\u00e9s independent tindr\u00e0 el seu aparador en la Mostra - Mostra de Val\u00e8ncia\" \/>\n<meta property=\"og:description\" content=\"Les Sessions Especials del festival acolliran pel\u00b7l\u00edcules de Tonet Ferrer, \u00c1lex Andr\u00e9s i Emilio Encabo Lucini, \u00d3scar Mont\u00f3n, Ram\u00f3n Alfonso i Pedro Uris Mostra de [&hellip;]\" \/>\n<meta property=\"og:url\" content=\"https:\/\/lamostradevalencia.com\/ca\/el-cine-valencia-mes-independent-tindra-el-seu-aparador-en-la-mostra\/\" \/>\n<meta property=\"og:site_name\" content=\"Mostra de Val\u00e8ncia\" \/>\n<meta property=\"article:published_time\" content=\"2023-10-10T07:27:26+00:00\" \/>\n<meta property=\"og:image\" content=\"https:\/\/lamostradevalencia.com\/wp-content\/uploads\/2023\/10\/valencianas-foto.png\" \/>\n\t<meta property=\"og:image:width\" content=\"1080\" \/>\n\t<meta property=\"og:image:height\" content=\"1080\" \/>\n\t<meta property=\"og:image:type\" content=\"image\/png\" \/>\n<meta name=\"author\" content=\"Mostra de Val\u00e8ncia\" \/>\n<meta name=\"twitter:card\" content=\"summary_large_image\" \/>\n<meta name=\"twitter:label1\" content=\"Escrit per\" \/>\n\t<meta name=\"twitter:data1\" content=\"Mostra de Val\u00e8ncia\" \/>\n\t<meta name=\"twitter:label2\" content=\"Temps estimat de lectura\" \/>\n\t<meta name=\"twitter:data2\" content=\"4 minuts\" \/>\n<script type=\"application\/ld+json\" class=\"yoast-schema-graph\">{\"@context\":\"https:\\\/\\\/schema.org\",\"@graph\":[{\"@type\":\"Article\",\"@id\":\"https:\\\/\\\/lamostradevalencia.com\\\/ca\\\/el-cine-valencia-mes-independent-tindra-el-seu-aparador-en-la-mostra\\\/#article\",\"isPartOf\":{\"@id\":\"https:\\\/\\\/lamostradevalencia.com\\\/ca\\\/el-cine-valencia-mes-independent-tindra-el-seu-aparador-en-la-mostra\\\/\"},\"author\":{\"name\":\"Mostra de Val\u00e8ncia\",\"@id\":\"https:\\\/\\\/lamostradevalencia.com\\\/ca\\\/#\\\/schema\\\/person\\\/1dc07e4df3d6310b81d2cdf6a034070c\"},\"headline\":\"El cine valenci\u00e0 m\u00e9s independent tindr\u00e0 el seu aparador en la Mostra\",\"datePublished\":\"2023-10-10T07:27:26+00:00\",\"mainEntityOfPage\":{\"@id\":\"https:\\\/\\\/lamostradevalencia.com\\\/ca\\\/el-cine-valencia-mes-independent-tindra-el-seu-aparador-en-la-mostra\\\/\"},\"wordCount\":773,\"commentCount\":0,\"image\":{\"@id\":\"https:\\\/\\\/lamostradevalencia.com\\\/ca\\\/el-cine-valencia-mes-independent-tindra-el-seu-aparador-en-la-mostra\\\/#primaryimage\"},\"thumbnailUrl\":\"https:\\\/\\\/lamostradevalencia.com\\\/wp-content\\\/uploads\\\/2023\\\/10\\\/valencianas-foto.png\",\"articleSection\":[\"Noticies\"],\"inLanguage\":\"ca\",\"potentialAction\":[{\"@type\":\"CommentAction\",\"name\":\"Comment\",\"target\":[\"https:\\\/\\\/lamostradevalencia.com\\\/ca\\\/el-cine-valencia-mes-independent-tindra-el-seu-aparador-en-la-mostra\\\/#respond\"]}]},{\"@type\":\"WebPage\",\"@id\":\"https:\\\/\\\/lamostradevalencia.com\\\/ca\\\/el-cine-valencia-mes-independent-tindra-el-seu-aparador-en-la-mostra\\\/\",\"url\":\"https:\\\/\\\/lamostradevalencia.com\\\/ca\\\/el-cine-valencia-mes-independent-tindra-el-seu-aparador-en-la-mostra\\\/\",\"name\":\"El cine valenci\u00e0 m\u00e9s independent tindr\u00e0 el seu aparador en la Mostra - Mostra de Val\u00e8ncia\",\"isPartOf\":{\"@id\":\"https:\\\/\\\/lamostradevalencia.com\\\/ca\\\/#website\"},\"primaryImageOfPage\":{\"@id\":\"https:\\\/\\\/lamostradevalencia.com\\\/ca\\\/el-cine-valencia-mes-independent-tindra-el-seu-aparador-en-la-mostra\\\/#primaryimage\"},\"image\":{\"@id\":\"https:\\\/\\\/lamostradevalencia.com\\\/ca\\\/el-cine-valencia-mes-independent-tindra-el-seu-aparador-en-la-mostra\\\/#primaryimage\"},\"thumbnailUrl\":\"https:\\\/\\\/lamostradevalencia.com\\\/wp-content\\\/uploads\\\/2023\\\/10\\\/valencianas-foto.png\",\"datePublished\":\"2023-10-10T07:27:26+00:00\",\"author\":{\"@id\":\"https:\\\/\\\/lamostradevalencia.com\\\/ca\\\/#\\\/schema\\\/person\\\/1dc07e4df3d6310b81d2cdf6a034070c\"},\"breadcrumb\":{\"@id\":\"https:\\\/\\\/lamostradevalencia.com\\\/ca\\\/el-cine-valencia-mes-independent-tindra-el-seu-aparador-en-la-mostra\\\/#breadcrumb\"},\"inLanguage\":\"ca\",\"potentialAction\":[{\"@type\":\"ReadAction\",\"target\":[\"https:\\\/\\\/lamostradevalencia.com\\\/ca\\\/el-cine-valencia-mes-independent-tindra-el-seu-aparador-en-la-mostra\\\/\"]}]},{\"@type\":\"ImageObject\",\"inLanguage\":\"ca\",\"@id\":\"https:\\\/\\\/lamostradevalencia.com\\\/ca\\\/el-cine-valencia-mes-independent-tindra-el-seu-aparador-en-la-mostra\\\/#primaryimage\",\"url\":\"https:\\\/\\\/lamostradevalencia.com\\\/wp-content\\\/uploads\\\/2023\\\/10\\\/valencianas-foto.png\",\"contentUrl\":\"https:\\\/\\\/lamostradevalencia.com\\\/wp-content\\\/uploads\\\/2023\\\/10\\\/valencianas-foto.png\",\"width\":1080,\"height\":1080},{\"@type\":\"BreadcrumbList\",\"@id\":\"https:\\\/\\\/lamostradevalencia.com\\\/ca\\\/el-cine-valencia-mes-independent-tindra-el-seu-aparador-en-la-mostra\\\/#breadcrumb\",\"itemListElement\":[{\"@type\":\"ListItem\",\"position\":1,\"name\":\"Portada\",\"item\":\"https:\\\/\\\/lamostradevalencia.com\\\/ca\\\/\"},{\"@type\":\"ListItem\",\"position\":2,\"name\":\"El cine valenci\u00e0 m\u00e9s independent tindr\u00e0 el seu aparador en la Mostra\"}]},{\"@type\":\"WebSite\",\"@id\":\"https:\\\/\\\/lamostradevalencia.com\\\/ca\\\/#website\",\"url\":\"https:\\\/\\\/lamostradevalencia.com\\\/ca\\\/\",\"name\":\"Mostra de Val\u00e8ncia\",\"description\":\"Cinema del Mediterrani\",\"potentialAction\":[{\"@type\":\"SearchAction\",\"target\":{\"@type\":\"EntryPoint\",\"urlTemplate\":\"https:\\\/\\\/lamostradevalencia.com\\\/ca\\\/?s={search_term_string}\"},\"query-input\":{\"@type\":\"PropertyValueSpecification\",\"valueRequired\":true,\"valueName\":\"search_term_string\"}}],\"inLanguage\":\"ca\"},{\"@type\":\"Person\",\"@id\":\"https:\\\/\\\/lamostradevalencia.com\\\/ca\\\/#\\\/schema\\\/person\\\/1dc07e4df3d6310b81d2cdf6a034070c\",\"name\":\"Mostra de Val\u00e8ncia\",\"image\":{\"@type\":\"ImageObject\",\"inLanguage\":\"ca\",\"@id\":\"https:\\\/\\\/secure.gravatar.com\\\/avatar\\\/ada4dfd699a9907706987adb1bb2b361c2613ccca474b49b8c648de5208e32f8?s=96&d=mm&r=g\",\"url\":\"https:\\\/\\\/secure.gravatar.com\\\/avatar\\\/ada4dfd699a9907706987adb1bb2b361c2613ccca474b49b8c648de5208e32f8?s=96&d=mm&r=g\",\"contentUrl\":\"https:\\\/\\\/secure.gravatar.com\\\/avatar\\\/ada4dfd699a9907706987adb1bb2b361c2613ccca474b49b8c648de5208e32f8?s=96&d=mm&r=g\",\"caption\":\"Mostra de Val\u00e8ncia\"}}]}<\/script>\n<!-- \/ Yoast SEO plugin. -->","yoast_head_json":{"title":"El cine valenci\u00e0 m\u00e9s independent tindr\u00e0 el seu aparador en la Mostra - Mostra de Val\u00e8ncia","robots":{"index":"index","follow":"follow","max-snippet":"max-snippet:-1","max-image-preview":"max-image-preview:large","max-video-preview":"max-video-preview:-1"},"canonical":"https:\/\/lamostradevalencia.com\/ca\/el-cine-valencia-mes-independent-tindra-el-seu-aparador-en-la-mostra\/","og_locale":"ca_ES","og_type":"article","og_title":"El cine valenci\u00e0 m\u00e9s independent tindr\u00e0 el seu aparador en la Mostra - Mostra de Val\u00e8ncia","og_description":"Les Sessions Especials del festival acolliran pel\u00b7l\u00edcules de Tonet Ferrer, \u00c1lex Andr\u00e9s i Emilio Encabo Lucini, \u00d3scar Mont\u00f3n, Ram\u00f3n Alfonso i Pedro Uris Mostra de [&hellip;]","og_url":"https:\/\/lamostradevalencia.com\/ca\/el-cine-valencia-mes-independent-tindra-el-seu-aparador-en-la-mostra\/","og_site_name":"Mostra de Val\u00e8ncia","article_published_time":"2023-10-10T07:27:26+00:00","og_image":[{"width":1080,"height":1080,"url":"https:\/\/lamostradevalencia.com\/wp-content\/uploads\/2023\/10\/valencianas-foto.png","type":"image\/png"}],"author":"Mostra de Val\u00e8ncia","twitter_card":"summary_large_image","twitter_misc":{"Escrit per":"Mostra de Val\u00e8ncia","Temps estimat de lectura":"4 minuts"},"schema":{"@context":"https:\/\/schema.org","@graph":[{"@type":"Article","@id":"https:\/\/lamostradevalencia.com\/ca\/el-cine-valencia-mes-independent-tindra-el-seu-aparador-en-la-mostra\/#article","isPartOf":{"@id":"https:\/\/lamostradevalencia.com\/ca\/el-cine-valencia-mes-independent-tindra-el-seu-aparador-en-la-mostra\/"},"author":{"name":"Mostra de Val\u00e8ncia","@id":"https:\/\/lamostradevalencia.com\/ca\/#\/schema\/person\/1dc07e4df3d6310b81d2cdf6a034070c"},"headline":"El cine valenci\u00e0 m\u00e9s independent tindr\u00e0 el seu aparador en la Mostra","datePublished":"2023-10-10T07:27:26+00:00","mainEntityOfPage":{"@id":"https:\/\/lamostradevalencia.com\/ca\/el-cine-valencia-mes-independent-tindra-el-seu-aparador-en-la-mostra\/"},"wordCount":773,"commentCount":0,"image":{"@id":"https:\/\/lamostradevalencia.com\/ca\/el-cine-valencia-mes-independent-tindra-el-seu-aparador-en-la-mostra\/#primaryimage"},"thumbnailUrl":"https:\/\/lamostradevalencia.com\/wp-content\/uploads\/2023\/10\/valencianas-foto.png","articleSection":["Noticies"],"inLanguage":"ca","potentialAction":[{"@type":"CommentAction","name":"Comment","target":["https:\/\/lamostradevalencia.com\/ca\/el-cine-valencia-mes-independent-tindra-el-seu-aparador-en-la-mostra\/#respond"]}]},{"@type":"WebPage","@id":"https:\/\/lamostradevalencia.com\/ca\/el-cine-valencia-mes-independent-tindra-el-seu-aparador-en-la-mostra\/","url":"https:\/\/lamostradevalencia.com\/ca\/el-cine-valencia-mes-independent-tindra-el-seu-aparador-en-la-mostra\/","name":"El cine valenci\u00e0 m\u00e9s independent tindr\u00e0 el seu aparador en la Mostra - Mostra de Val\u00e8ncia","isPartOf":{"@id":"https:\/\/lamostradevalencia.com\/ca\/#website"},"primaryImageOfPage":{"@id":"https:\/\/lamostradevalencia.com\/ca\/el-cine-valencia-mes-independent-tindra-el-seu-aparador-en-la-mostra\/#primaryimage"},"image":{"@id":"https:\/\/lamostradevalencia.com\/ca\/el-cine-valencia-mes-independent-tindra-el-seu-aparador-en-la-mostra\/#primaryimage"},"thumbnailUrl":"https:\/\/lamostradevalencia.com\/wp-content\/uploads\/2023\/10\/valencianas-foto.png","datePublished":"2023-10-10T07:27:26+00:00","author":{"@id":"https:\/\/lamostradevalencia.com\/ca\/#\/schema\/person\/1dc07e4df3d6310b81d2cdf6a034070c"},"breadcrumb":{"@id":"https:\/\/lamostradevalencia.com\/ca\/el-cine-valencia-mes-independent-tindra-el-seu-aparador-en-la-mostra\/#breadcrumb"},"inLanguage":"ca","potentialAction":[{"@type":"ReadAction","target":["https:\/\/lamostradevalencia.com\/ca\/el-cine-valencia-mes-independent-tindra-el-seu-aparador-en-la-mostra\/"]}]},{"@type":"ImageObject","inLanguage":"ca","@id":"https:\/\/lamostradevalencia.com\/ca\/el-cine-valencia-mes-independent-tindra-el-seu-aparador-en-la-mostra\/#primaryimage","url":"https:\/\/lamostradevalencia.com\/wp-content\/uploads\/2023\/10\/valencianas-foto.png","contentUrl":"https:\/\/lamostradevalencia.com\/wp-content\/uploads\/2023\/10\/valencianas-foto.png","width":1080,"height":1080},{"@type":"BreadcrumbList","@id":"https:\/\/lamostradevalencia.com\/ca\/el-cine-valencia-mes-independent-tindra-el-seu-aparador-en-la-mostra\/#breadcrumb","itemListElement":[{"@type":"ListItem","position":1,"name":"Portada","item":"https:\/\/lamostradevalencia.com\/ca\/"},{"@type":"ListItem","position":2,"name":"El cine valenci\u00e0 m\u00e9s independent tindr\u00e0 el seu aparador en la Mostra"}]},{"@type":"WebSite","@id":"https:\/\/lamostradevalencia.com\/ca\/#website","url":"https:\/\/lamostradevalencia.com\/ca\/","name":"Mostra de Val\u00e8ncia","description":"Cinema del Mediterrani","potentialAction":[{"@type":"SearchAction","target":{"@type":"EntryPoint","urlTemplate":"https:\/\/lamostradevalencia.com\/ca\/?s={search_term_string}"},"query-input":{"@type":"PropertyValueSpecification","valueRequired":true,"valueName":"search_term_string"}}],"inLanguage":"ca"},{"@type":"Person","@id":"https:\/\/lamostradevalencia.com\/ca\/#\/schema\/person\/1dc07e4df3d6310b81d2cdf6a034070c","name":"Mostra de Val\u00e8ncia","image":{"@type":"ImageObject","inLanguage":"ca","@id":"https:\/\/secure.gravatar.com\/avatar\/ada4dfd699a9907706987adb1bb2b361c2613ccca474b49b8c648de5208e32f8?s=96&d=mm&r=g","url":"https:\/\/secure.gravatar.com\/avatar\/ada4dfd699a9907706987adb1bb2b361c2613ccca474b49b8c648de5208e32f8?s=96&d=mm&r=g","contentUrl":"https:\/\/secure.gravatar.com\/avatar\/ada4dfd699a9907706987adb1bb2b361c2613ccca474b49b8c648de5208e32f8?s=96&d=mm&r=g","caption":"Mostra de Val\u00e8ncia"}}]}},"uagb_featured_image_src":{"full":["https:\/\/lamostradevalencia.com\/wp-content\/uploads\/2023\/10\/valencianas-foto.png",1080,1080,false],"thumbnail":["https:\/\/lamostradevalencia.com\/wp-content\/uploads\/2023\/10\/valencianas-foto-150x150.png",150,150,true],"medium":["https:\/\/lamostradevalencia.com\/wp-content\/uploads\/2023\/10\/valencianas-foto-300x300.png",300,300,true],"medium_large":["https:\/\/lamostradevalencia.com\/wp-content\/uploads\/2023\/10\/valencianas-foto-768x768.png",768,768,true],"large":["https:\/\/lamostradevalencia.com\/wp-content\/uploads\/2023\/10\/valencianas-foto-1024x1024.png",1024,1024,true],"1536x1536":["https:\/\/lamostradevalencia.com\/wp-content\/uploads\/2023\/10\/valencianas-foto.png",1080,1080,false],"2048x2048":["https:\/\/lamostradevalencia.com\/wp-content\/uploads\/2023\/10\/valencianas-foto.png",1080,1080,false],"cinerama_edge_image_square":["https:\/\/lamostradevalencia.com\/wp-content\/uploads\/2023\/10\/valencianas-foto-550x550.png",550,550,true],"cinerama_edge_image_landscape":["https:\/\/lamostradevalencia.com\/wp-content\/uploads\/2023\/10\/valencianas-foto-1080x550.png",1080,550,true],"cinerama_edge_image_portrait":["https:\/\/lamostradevalencia.com\/wp-content\/uploads\/2023\/10\/valencianas-foto-550x1080.png",550,1080,true],"cinerama_edge_image_huge":["https:\/\/lamostradevalencia.com\/wp-content\/uploads\/2023\/10\/valencianas-foto.png",1080,1080,false],"gform-image-choice-sm":["https:\/\/lamostradevalencia.com\/wp-content\/uploads\/2023\/10\/valencianas-foto.png",300,300,false],"gform-image-choice-md":["https:\/\/lamostradevalencia.com\/wp-content\/uploads\/2023\/10\/valencianas-foto.png",400,400,false],"gform-image-choice-lg":["https:\/\/lamostradevalencia.com\/wp-content\/uploads\/2023\/10\/valencianas-foto.png",600,600,false]},"uagb_author_info":{"display_name":"Mostra de Val\u00e8ncia","author_link":"https:\/\/lamostradevalencia.com\/ca\/author\/mostravalencia\/"},"uagb_comment_info":0,"uagb_excerpt":"Les Sessions Especials del festival acolliran pel\u00b7l\u00edcules de Tonet Ferrer, \u00c1lex Andr\u00e9s i Emilio Encabo Lucini, \u00d3scar Mont\u00f3n, Ram\u00f3n Alfonso i Pedro Uris Mostra de [&hellip;]","_links":{"self":[{"href":"https:\/\/lamostradevalencia.com\/ca\/wp-json\/wp\/v2\/posts\/21989","targetHints":{"allow":["GET"]}}],"collection":[{"href":"https:\/\/lamostradevalencia.com\/ca\/wp-json\/wp\/v2\/posts"}],"about":[{"href":"https:\/\/lamostradevalencia.com\/ca\/wp-json\/wp\/v2\/types\/post"}],"author":[{"embeddable":true,"href":"https:\/\/lamostradevalencia.com\/ca\/wp-json\/wp\/v2\/users\/1"}],"replies":[{"embeddable":true,"href":"https:\/\/lamostradevalencia.com\/ca\/wp-json\/wp\/v2\/comments?post=21989"}],"version-history":[{"count":2,"href":"https:\/\/lamostradevalencia.com\/ca\/wp-json\/wp\/v2\/posts\/21989\/revisions"}],"predecessor-version":[{"id":22000,"href":"https:\/\/lamostradevalencia.com\/ca\/wp-json\/wp\/v2\/posts\/21989\/revisions\/22000"}],"wp:featuredmedia":[{"embeddable":true,"href":"https:\/\/lamostradevalencia.com\/ca\/wp-json\/wp\/v2\/media\/21994"}],"wp:attachment":[{"href":"https:\/\/lamostradevalencia.com\/ca\/wp-json\/wp\/v2\/media?parent=21989"}],"wp:term":[{"taxonomy":"category","embeddable":true,"href":"https:\/\/lamostradevalencia.com\/ca\/wp-json\/wp\/v2\/categories?post=21989"},{"taxonomy":"post_tag","embeddable":true,"href":"https:\/\/lamostradevalencia.com\/ca\/wp-json\/wp\/v2\/tags?post=21989"}],"curies":[{"name":"wp","href":"https:\/\/api.w.org\/{rel}","templated":true}]}}