{"id":21862,"date":"2023-10-03T14:05:02","date_gmt":"2023-10-03T12:05:02","guid":{"rendered":"https:\/\/lamostradevalencia.com\/?p=21862"},"modified":"2023-10-04T08:07:23","modified_gmt":"2023-10-04T06:07:23","slug":"mostra-de-valencia-inaugura-la-primera-exposicio-sobre-la-cineasta-pionera-helena-cortesina","status":"publish","type":"post","link":"https:\/\/lamostradevalencia.com\/ca\/mostra-de-valencia-inaugura-la-primera-exposicio-sobre-la-cineasta-pionera-helena-cortesina\/","title":{"rendered":"Mostra de Val\u00e8ncia inaugura la primera exposici\u00f3 sobre la cineasta pionera Helena Cortesina"},"content":{"rendered":"<h5><b>La mostra, que compta amb documentaci\u00f3 in\u00e8dita, reflectix el comprom\u00eds pol\u00edtic de l&#8217;artista valenciana<\/b><\/h5>\n<p>Mostra de Val\u00e8ncia-Cinema del Mediterrani ha inaugurat este mat\u00ed en la Galeria del Tossal l&#8217;exposici\u00f3 \u2018Helena Cortesina, una cineasta pionera a Espanya\u2019, dedicada a l&#8217;artista valenciana amb motiu del centenari de l&#8217;estrena al nostre pa\u00eds de \u2018Flor de Espa\u00f1a\u2019, el primer llargmetratge produ\u00eft i dirigit per una dona.<\/p>\n<p>La mostra, que estar\u00e0 oberta al p\u00fablic fins al 30 de novembre i que comptar\u00e0 amb visites guiades per la seua comiss\u00e0ria, Irene de Lucas Ram\u00f3n, il\u00b7lustra les m\u00faltiples facetes de la vida d&#8217;esta pionera i la seua extraordin\u00e0ria traject\u00f2ria professional, des del seu naixement en el barri del Cabanyal, en 1903, fins a la seua mort a l&#8217;Argentina, en 1984.<\/p>\n<p>Ballarina, cantant, actriu de cine i de teatre, productora i directora de cine, empres\u00e0ria teatral, model de Sorolla i int\u00e8rpret lorquiana, a m\u00e9s de militant i exiliada republicana, la mostra plasma les seues excepcionals qualitats, la seua aud\u00e0cia i creativitat a trav\u00e9s de fotos i documents de l&#8217;\u00e8poca.<\/p>\n<p>Com ha assenyalat Jos\u00e9 Lu\u00eds Moreno, regidor de Cultura de Val\u00e8ncia, \u201cla mostra reivindica la figura de Cortesina a trav\u00e9s de documentaci\u00f3 que es desconeixia. Es tracta d&#8217;una dona que hem de tindre com a referent\u201d. Moreno ha ressaltat tamb\u00e9 la seua aposta per la Mostra i per \u201cfer-la cr\u00e9ixer\u201d.<\/p>\n<p>En el proc\u00e9s d&#8217;investigaci\u00f3 s&#8217;han descobert fotogrames in\u00e8dits gr\u00e0cies a la col\u00b7laboraci\u00f3 de la Filmoteca Espanyola, aix\u00ed com l&#8217;\u00e8xit comercial de la pel\u00b7l\u00edcula, primer a Cuba i despr\u00e9s al nostre pa\u00eds. \u201cCortesina no va dirigir m\u00e9s perqu\u00e8 es va centrar en la interpretaci\u00f3, que era la seua prioritat. Gr\u00e0cies a l&#8217;estrena d&#8217;este llargmetratge va poder protagonitzar obres de teatre, a les qu\u00e8 abans no havia tingut acc\u00e9s\u201d, ha comentat Irene de Lucas Ram\u00f3n.<\/p>\n<p>A m\u00e9s de l&#8217;exposici\u00f3, la Mostra editar\u00e0 amb l\u2019Institut Valenci\u00e0 de Cultura el primer assaig monogr\u00e0fic sobre Cortesina. El Subdirector d&#8217;Audiovisuals de l\u2019 IVC, Francesc Felipe, va felicitar durant la presentaci\u00f3 al festival per \u201ctindre una visi\u00f3 cap al passat de la nostra cinematografia\u201d.<\/p>\n<p>Cortesina va debutar en la dansa amb tretze anys, va protagonitzar el seu primer film i va crear la seua pr\u00f2pia productora de cine amb d\u00e8sset, i en la primavera-estiu de 1921 va produir, va dirigir i va protagonitzar la seua primera i \u00fanica pel\u00b7l\u00edcula com a cineasta, \u2018Flor de Espa\u00f1a\u2019, amb d\u00edhuit anys acabats de complir. La mostra oferix una visi\u00f3 completa de Cortesina, aix\u00ed com del seu comprom\u00eds pol\u00edtic i la seua adscripci\u00f3 a l&#8217;Alian\u00e7a d&#8217;Intel\u00b7lectuals Antifeixista per a la defensa de la cultura. Un dels motius pels quals es va veure for\u00e7ada a l&#8217;exili a l&#8217;Argentina: \u201cVa ser un dels noms silenciats per la censura\u201d, conclou Irene de Lucas Ram\u00f3n.<\/p>\n<p>La inauguraci\u00f3 de l&#8217;exposici\u00f3 suposa el tret d&#8217;eixida de les activitats de Mostra de Val\u00e8ncia: \u201cEsta exposici\u00f3 s&#8217;emmarca dins del desig d&#8217;amplificar el festival m\u00e9s enll\u00e0 de les projeccions\u201d, ha indicat Eduardo Guillot, director art\u00edstic del festival, que celebrar\u00e0 la pr\u00f2xima edici\u00f3 entre el 19 i el 29 d&#8217;octubre.<\/p>\n<p>La 38a edici\u00f3 de Mostra de Val\u00e8ncia-Cinema del Mediterrani est\u00e0 organitzada per l\u2019Ajuntament de Val\u00e8ncia i compta amb la col\u00b7laboraci\u00f3 de l\u2019Institut Valenci\u00e0 de Cultura (IVC), el Palau de la M\u00fasica, Barreira Arte + Dise\u00f1o i \u00c0 Punt M\u00e8dia com a mitj\u00e0 oficial.<\/p>\n","protected":false},"excerpt":{"rendered":"<p>La mostra, que compta amb documentaci\u00f3 in\u00e8dita, reflectix el comprom\u00eds pol\u00edtic de l&#8217;artista valenciana Mostra de Val\u00e8ncia-Cinema del Mediterrani ha inaugurat este mat\u00ed en la [&hellip;]<\/p>\n","protected":false},"author":1,"featured_media":21891,"comment_status":"open","ping_status":"open","sticky":false,"template":"","format":"standard","meta":{"_uag_custom_page_level_css":"","_jet_sm_ready_style":"","_jet_sm_style":"","_jet_sm_controls_values":"","_jet_sm_fonts_collection":"","_jet_sm_fonts_links":"","footnotes":""},"categories":[455],"tags":[],"class_list":["post-21862","post","type-post","status-publish","format-standard","has-post-thumbnail","hentry","category-noticies"],"yoast_head":"<!-- This site is optimized with the Yoast SEO plugin v27.5 - https:\/\/yoast.com\/product\/yoast-seo-wordpress\/ -->\n<title>Mostra de Val\u00e8ncia inaugura la primera exposici\u00f3 sobre la cineasta pionera Helena Cortesina - Mostra de Val\u00e8ncia<\/title>\n<meta name=\"robots\" content=\"index, follow, max-snippet:-1, max-image-preview:large, max-video-preview:-1\" \/>\n<link rel=\"canonical\" href=\"https:\/\/lamostradevalencia.com\/ca\/mostra-de-valencia-inaugura-la-primera-exposicio-sobre-la-cineasta-pionera-helena-cortesina\/\" \/>\n<meta property=\"og:locale\" content=\"ca_ES\" \/>\n<meta property=\"og:type\" content=\"article\" \/>\n<meta property=\"og:title\" content=\"Mostra de Val\u00e8ncia inaugura la primera exposici\u00f3 sobre la cineasta pionera Helena Cortesina - Mostra de Val\u00e8ncia\" \/>\n<meta property=\"og:description\" content=\"La mostra, que compta amb documentaci\u00f3 in\u00e8dita, reflectix el comprom\u00eds pol\u00edtic de l&#8217;artista valenciana Mostra de Val\u00e8ncia-Cinema del Mediterrani ha inaugurat este mat\u00ed en la [&hellip;]\" \/>\n<meta property=\"og:url\" content=\"https:\/\/lamostradevalencia.com\/ca\/mostra-de-valencia-inaugura-la-primera-exposicio-sobre-la-cineasta-pionera-helena-cortesina\/\" \/>\n<meta property=\"og:site_name\" content=\"Mostra de Val\u00e8ncia\" \/>\n<meta property=\"article:published_time\" content=\"2023-10-03T12:05:02+00:00\" \/>\n<meta property=\"article:modified_time\" content=\"2023-10-04T06:07:23+00:00\" \/>\n<meta property=\"og:image\" content=\"https:\/\/lamostradevalencia.com\/wp-content\/uploads\/2023\/10\/inauguracion-cortesina-2.png\" \/>\n\t<meta property=\"og:image:width\" content=\"1551\" \/>\n\t<meta property=\"og:image:height\" content=\"710\" \/>\n\t<meta property=\"og:image:type\" content=\"image\/png\" \/>\n<meta name=\"author\" content=\"Mostra de Val\u00e8ncia\" \/>\n<meta name=\"twitter:card\" content=\"summary_large_image\" \/>\n<meta name=\"twitter:label1\" content=\"Escrit per\" \/>\n\t<meta name=\"twitter:data1\" content=\"Mostra de Val\u00e8ncia\" \/>\n\t<meta name=\"twitter:label2\" content=\"Temps estimat de lectura\" \/>\n\t<meta name=\"twitter:data2\" content=\"3 minuts\" \/>\n<script type=\"application\/ld+json\" class=\"yoast-schema-graph\">{\"@context\":\"https:\\\/\\\/schema.org\",\"@graph\":[{\"@type\":\"Article\",\"@id\":\"https:\\\/\\\/lamostradevalencia.com\\\/ca\\\/mostra-de-valencia-inaugura-la-primera-exposicio-sobre-la-cineasta-pionera-helena-cortesina\\\/#article\",\"isPartOf\":{\"@id\":\"https:\\\/\\\/lamostradevalencia.com\\\/ca\\\/mostra-de-valencia-inaugura-la-primera-exposicio-sobre-la-cineasta-pionera-helena-cortesina\\\/\"},\"author\":{\"name\":\"Mostra de Val\u00e8ncia\",\"@id\":\"https:\\\/\\\/lamostradevalencia.com\\\/ca\\\/#\\\/schema\\\/person\\\/1dc07e4df3d6310b81d2cdf6a034070c\"},\"headline\":\"Mostra de Val\u00e8ncia inaugura la primera exposici\u00f3 sobre la cineasta pionera Helena Cortesina\",\"datePublished\":\"2023-10-03T12:05:02+00:00\",\"dateModified\":\"2023-10-04T06:07:23+00:00\",\"mainEntityOfPage\":{\"@id\":\"https:\\\/\\\/lamostradevalencia.com\\\/ca\\\/mostra-de-valencia-inaugura-la-primera-exposicio-sobre-la-cineasta-pionera-helena-cortesina\\\/\"},\"wordCount\":635,\"commentCount\":0,\"image\":{\"@id\":\"https:\\\/\\\/lamostradevalencia.com\\\/ca\\\/mostra-de-valencia-inaugura-la-primera-exposicio-sobre-la-cineasta-pionera-helena-cortesina\\\/#primaryimage\"},\"thumbnailUrl\":\"https:\\\/\\\/lamostradevalencia.com\\\/wp-content\\\/uploads\\\/2023\\\/10\\\/inauguracion-cortesina-2.png\",\"articleSection\":[\"Noticies\"],\"inLanguage\":\"ca\",\"potentialAction\":[{\"@type\":\"CommentAction\",\"name\":\"Comment\",\"target\":[\"https:\\\/\\\/lamostradevalencia.com\\\/ca\\\/mostra-de-valencia-inaugura-la-primera-exposicio-sobre-la-cineasta-pionera-helena-cortesina\\\/#respond\"]}]},{\"@type\":\"WebPage\",\"@id\":\"https:\\\/\\\/lamostradevalencia.com\\\/ca\\\/mostra-de-valencia-inaugura-la-primera-exposicio-sobre-la-cineasta-pionera-helena-cortesina\\\/\",\"url\":\"https:\\\/\\\/lamostradevalencia.com\\\/ca\\\/mostra-de-valencia-inaugura-la-primera-exposicio-sobre-la-cineasta-pionera-helena-cortesina\\\/\",\"name\":\"Mostra de Val\u00e8ncia inaugura la primera exposici\u00f3 sobre la cineasta pionera Helena Cortesina - Mostra de Val\u00e8ncia\",\"isPartOf\":{\"@id\":\"https:\\\/\\\/lamostradevalencia.com\\\/ca\\\/#website\"},\"primaryImageOfPage\":{\"@id\":\"https:\\\/\\\/lamostradevalencia.com\\\/ca\\\/mostra-de-valencia-inaugura-la-primera-exposicio-sobre-la-cineasta-pionera-helena-cortesina\\\/#primaryimage\"},\"image\":{\"@id\":\"https:\\\/\\\/lamostradevalencia.com\\\/ca\\\/mostra-de-valencia-inaugura-la-primera-exposicio-sobre-la-cineasta-pionera-helena-cortesina\\\/#primaryimage\"},\"thumbnailUrl\":\"https:\\\/\\\/lamostradevalencia.com\\\/wp-content\\\/uploads\\\/2023\\\/10\\\/inauguracion-cortesina-2.png\",\"datePublished\":\"2023-10-03T12:05:02+00:00\",\"dateModified\":\"2023-10-04T06:07:23+00:00\",\"author\":{\"@id\":\"https:\\\/\\\/lamostradevalencia.com\\\/ca\\\/#\\\/schema\\\/person\\\/1dc07e4df3d6310b81d2cdf6a034070c\"},\"breadcrumb\":{\"@id\":\"https:\\\/\\\/lamostradevalencia.com\\\/ca\\\/mostra-de-valencia-inaugura-la-primera-exposicio-sobre-la-cineasta-pionera-helena-cortesina\\\/#breadcrumb\"},\"inLanguage\":\"ca\",\"potentialAction\":[{\"@type\":\"ReadAction\",\"target\":[\"https:\\\/\\\/lamostradevalencia.com\\\/ca\\\/mostra-de-valencia-inaugura-la-primera-exposicio-sobre-la-cineasta-pionera-helena-cortesina\\\/\"]}]},{\"@type\":\"ImageObject\",\"inLanguage\":\"ca\",\"@id\":\"https:\\\/\\\/lamostradevalencia.com\\\/ca\\\/mostra-de-valencia-inaugura-la-primera-exposicio-sobre-la-cineasta-pionera-helena-cortesina\\\/#primaryimage\",\"url\":\"https:\\\/\\\/lamostradevalencia.com\\\/wp-content\\\/uploads\\\/2023\\\/10\\\/inauguracion-cortesina-2.png\",\"contentUrl\":\"https:\\\/\\\/lamostradevalencia.com\\\/wp-content\\\/uploads\\\/2023\\\/10\\\/inauguracion-cortesina-2.png\",\"width\":1551,\"height\":710},{\"@type\":\"BreadcrumbList\",\"@id\":\"https:\\\/\\\/lamostradevalencia.com\\\/ca\\\/mostra-de-valencia-inaugura-la-primera-exposicio-sobre-la-cineasta-pionera-helena-cortesina\\\/#breadcrumb\",\"itemListElement\":[{\"@type\":\"ListItem\",\"position\":1,\"name\":\"Portada\",\"item\":\"https:\\\/\\\/lamostradevalencia.com\\\/ca\\\/\"},{\"@type\":\"ListItem\",\"position\":2,\"name\":\"Mostra de Val\u00e8ncia inaugura la primera exposici\u00f3 sobre la cineasta pionera Helena Cortesina\"}]},{\"@type\":\"WebSite\",\"@id\":\"https:\\\/\\\/lamostradevalencia.com\\\/ca\\\/#website\",\"url\":\"https:\\\/\\\/lamostradevalencia.com\\\/ca\\\/\",\"name\":\"Mostra de Val\u00e8ncia\",\"description\":\"Cinema del Mediterrani\",\"potentialAction\":[{\"@type\":\"SearchAction\",\"target\":{\"@type\":\"EntryPoint\",\"urlTemplate\":\"https:\\\/\\\/lamostradevalencia.com\\\/ca\\\/?s={search_term_string}\"},\"query-input\":{\"@type\":\"PropertyValueSpecification\",\"valueRequired\":true,\"valueName\":\"search_term_string\"}}],\"inLanguage\":\"ca\"},{\"@type\":\"Person\",\"@id\":\"https:\\\/\\\/lamostradevalencia.com\\\/ca\\\/#\\\/schema\\\/person\\\/1dc07e4df3d6310b81d2cdf6a034070c\",\"name\":\"Mostra de Val\u00e8ncia\",\"image\":{\"@type\":\"ImageObject\",\"inLanguage\":\"ca\",\"@id\":\"https:\\\/\\\/secure.gravatar.com\\\/avatar\\\/ada4dfd699a9907706987adb1bb2b361c2613ccca474b49b8c648de5208e32f8?s=96&d=mm&r=g\",\"url\":\"https:\\\/\\\/secure.gravatar.com\\\/avatar\\\/ada4dfd699a9907706987adb1bb2b361c2613ccca474b49b8c648de5208e32f8?s=96&d=mm&r=g\",\"contentUrl\":\"https:\\\/\\\/secure.gravatar.com\\\/avatar\\\/ada4dfd699a9907706987adb1bb2b361c2613ccca474b49b8c648de5208e32f8?s=96&d=mm&r=g\",\"caption\":\"Mostra de Val\u00e8ncia\"}}]}<\/script>\n<!-- \/ Yoast SEO plugin. -->","yoast_head_json":{"title":"Mostra de Val\u00e8ncia inaugura la primera exposici\u00f3 sobre la cineasta pionera Helena Cortesina - Mostra de Val\u00e8ncia","robots":{"index":"index","follow":"follow","max-snippet":"max-snippet:-1","max-image-preview":"max-image-preview:large","max-video-preview":"max-video-preview:-1"},"canonical":"https:\/\/lamostradevalencia.com\/ca\/mostra-de-valencia-inaugura-la-primera-exposicio-sobre-la-cineasta-pionera-helena-cortesina\/","og_locale":"ca_ES","og_type":"article","og_title":"Mostra de Val\u00e8ncia inaugura la primera exposici\u00f3 sobre la cineasta pionera Helena Cortesina - Mostra de Val\u00e8ncia","og_description":"La mostra, que compta amb documentaci\u00f3 in\u00e8dita, reflectix el comprom\u00eds pol\u00edtic de l&#8217;artista valenciana Mostra de Val\u00e8ncia-Cinema del Mediterrani ha inaugurat este mat\u00ed en la [&hellip;]","og_url":"https:\/\/lamostradevalencia.com\/ca\/mostra-de-valencia-inaugura-la-primera-exposicio-sobre-la-cineasta-pionera-helena-cortesina\/","og_site_name":"Mostra de Val\u00e8ncia","article_published_time":"2023-10-03T12:05:02+00:00","article_modified_time":"2023-10-04T06:07:23+00:00","og_image":[{"width":1551,"height":710,"url":"https:\/\/lamostradevalencia.com\/wp-content\/uploads\/2023\/10\/inauguracion-cortesina-2.png","type":"image\/png"}],"author":"Mostra de Val\u00e8ncia","twitter_card":"summary_large_image","twitter_misc":{"Escrit per":"Mostra de Val\u00e8ncia","Temps estimat de lectura":"3 minuts"},"schema":{"@context":"https:\/\/schema.org","@graph":[{"@type":"Article","@id":"https:\/\/lamostradevalencia.com\/ca\/mostra-de-valencia-inaugura-la-primera-exposicio-sobre-la-cineasta-pionera-helena-cortesina\/#article","isPartOf":{"@id":"https:\/\/lamostradevalencia.com\/ca\/mostra-de-valencia-inaugura-la-primera-exposicio-sobre-la-cineasta-pionera-helena-cortesina\/"},"author":{"name":"Mostra de Val\u00e8ncia","@id":"https:\/\/lamostradevalencia.com\/ca\/#\/schema\/person\/1dc07e4df3d6310b81d2cdf6a034070c"},"headline":"Mostra de Val\u00e8ncia inaugura la primera exposici\u00f3 sobre la cineasta pionera Helena Cortesina","datePublished":"2023-10-03T12:05:02+00:00","dateModified":"2023-10-04T06:07:23+00:00","mainEntityOfPage":{"@id":"https:\/\/lamostradevalencia.com\/ca\/mostra-de-valencia-inaugura-la-primera-exposicio-sobre-la-cineasta-pionera-helena-cortesina\/"},"wordCount":635,"commentCount":0,"image":{"@id":"https:\/\/lamostradevalencia.com\/ca\/mostra-de-valencia-inaugura-la-primera-exposicio-sobre-la-cineasta-pionera-helena-cortesina\/#primaryimage"},"thumbnailUrl":"https:\/\/lamostradevalencia.com\/wp-content\/uploads\/2023\/10\/inauguracion-cortesina-2.png","articleSection":["Noticies"],"inLanguage":"ca","potentialAction":[{"@type":"CommentAction","name":"Comment","target":["https:\/\/lamostradevalencia.com\/ca\/mostra-de-valencia-inaugura-la-primera-exposicio-sobre-la-cineasta-pionera-helena-cortesina\/#respond"]}]},{"@type":"WebPage","@id":"https:\/\/lamostradevalencia.com\/ca\/mostra-de-valencia-inaugura-la-primera-exposicio-sobre-la-cineasta-pionera-helena-cortesina\/","url":"https:\/\/lamostradevalencia.com\/ca\/mostra-de-valencia-inaugura-la-primera-exposicio-sobre-la-cineasta-pionera-helena-cortesina\/","name":"Mostra de Val\u00e8ncia inaugura la primera exposici\u00f3 sobre la cineasta pionera Helena Cortesina - Mostra de Val\u00e8ncia","isPartOf":{"@id":"https:\/\/lamostradevalencia.com\/ca\/#website"},"primaryImageOfPage":{"@id":"https:\/\/lamostradevalencia.com\/ca\/mostra-de-valencia-inaugura-la-primera-exposicio-sobre-la-cineasta-pionera-helena-cortesina\/#primaryimage"},"image":{"@id":"https:\/\/lamostradevalencia.com\/ca\/mostra-de-valencia-inaugura-la-primera-exposicio-sobre-la-cineasta-pionera-helena-cortesina\/#primaryimage"},"thumbnailUrl":"https:\/\/lamostradevalencia.com\/wp-content\/uploads\/2023\/10\/inauguracion-cortesina-2.png","datePublished":"2023-10-03T12:05:02+00:00","dateModified":"2023-10-04T06:07:23+00:00","author":{"@id":"https:\/\/lamostradevalencia.com\/ca\/#\/schema\/person\/1dc07e4df3d6310b81d2cdf6a034070c"},"breadcrumb":{"@id":"https:\/\/lamostradevalencia.com\/ca\/mostra-de-valencia-inaugura-la-primera-exposicio-sobre-la-cineasta-pionera-helena-cortesina\/#breadcrumb"},"inLanguage":"ca","potentialAction":[{"@type":"ReadAction","target":["https:\/\/lamostradevalencia.com\/ca\/mostra-de-valencia-inaugura-la-primera-exposicio-sobre-la-cineasta-pionera-helena-cortesina\/"]}]},{"@type":"ImageObject","inLanguage":"ca","@id":"https:\/\/lamostradevalencia.com\/ca\/mostra-de-valencia-inaugura-la-primera-exposicio-sobre-la-cineasta-pionera-helena-cortesina\/#primaryimage","url":"https:\/\/lamostradevalencia.com\/wp-content\/uploads\/2023\/10\/inauguracion-cortesina-2.png","contentUrl":"https:\/\/lamostradevalencia.com\/wp-content\/uploads\/2023\/10\/inauguracion-cortesina-2.png","width":1551,"height":710},{"@type":"BreadcrumbList","@id":"https:\/\/lamostradevalencia.com\/ca\/mostra-de-valencia-inaugura-la-primera-exposicio-sobre-la-cineasta-pionera-helena-cortesina\/#breadcrumb","itemListElement":[{"@type":"ListItem","position":1,"name":"Portada","item":"https:\/\/lamostradevalencia.com\/ca\/"},{"@type":"ListItem","position":2,"name":"Mostra de Val\u00e8ncia inaugura la primera exposici\u00f3 sobre la cineasta pionera Helena Cortesina"}]},{"@type":"WebSite","@id":"https:\/\/lamostradevalencia.com\/ca\/#website","url":"https:\/\/lamostradevalencia.com\/ca\/","name":"Mostra de Val\u00e8ncia","description":"Cinema del Mediterrani","potentialAction":[{"@type":"SearchAction","target":{"@type":"EntryPoint","urlTemplate":"https:\/\/lamostradevalencia.com\/ca\/?s={search_term_string}"},"query-input":{"@type":"PropertyValueSpecification","valueRequired":true,"valueName":"search_term_string"}}],"inLanguage":"ca"},{"@type":"Person","@id":"https:\/\/lamostradevalencia.com\/ca\/#\/schema\/person\/1dc07e4df3d6310b81d2cdf6a034070c","name":"Mostra de Val\u00e8ncia","image":{"@type":"ImageObject","inLanguage":"ca","@id":"https:\/\/secure.gravatar.com\/avatar\/ada4dfd699a9907706987adb1bb2b361c2613ccca474b49b8c648de5208e32f8?s=96&d=mm&r=g","url":"https:\/\/secure.gravatar.com\/avatar\/ada4dfd699a9907706987adb1bb2b361c2613ccca474b49b8c648de5208e32f8?s=96&d=mm&r=g","contentUrl":"https:\/\/secure.gravatar.com\/avatar\/ada4dfd699a9907706987adb1bb2b361c2613ccca474b49b8c648de5208e32f8?s=96&d=mm&r=g","caption":"Mostra de Val\u00e8ncia"}}]}},"uagb_featured_image_src":{"full":["https:\/\/lamostradevalencia.com\/wp-content\/uploads\/2023\/10\/inauguracion-cortesina-2.png",1551,710,false],"thumbnail":["https:\/\/lamostradevalencia.com\/wp-content\/uploads\/2023\/10\/inauguracion-cortesina-2-150x150.png",150,150,true],"medium":["https:\/\/lamostradevalencia.com\/wp-content\/uploads\/2023\/10\/inauguracion-cortesina-2-300x137.png",300,137,true],"medium_large":["https:\/\/lamostradevalencia.com\/wp-content\/uploads\/2023\/10\/inauguracion-cortesina-2-768x352.png",768,352,true],"large":["https:\/\/lamostradevalencia.com\/wp-content\/uploads\/2023\/10\/inauguracion-cortesina-2-1024x469.png",1024,469,true],"1536x1536":["https:\/\/lamostradevalencia.com\/wp-content\/uploads\/2023\/10\/inauguracion-cortesina-2-1536x703.png",1536,703,true],"2048x2048":["https:\/\/lamostradevalencia.com\/wp-content\/uploads\/2023\/10\/inauguracion-cortesina-2.png",1551,710,false],"cinerama_edge_image_square":["https:\/\/lamostradevalencia.com\/wp-content\/uploads\/2023\/10\/inauguracion-cortesina-2-550x550.png",550,550,true],"cinerama_edge_image_landscape":["https:\/\/lamostradevalencia.com\/wp-content\/uploads\/2023\/10\/inauguracion-cortesina-2-1100x550.png",1100,550,true],"cinerama_edge_image_portrait":["https:\/\/lamostradevalencia.com\/wp-content\/uploads\/2023\/10\/inauguracion-cortesina-2-550x710.png",550,710,true],"cinerama_edge_image_huge":["https:\/\/lamostradevalencia.com\/wp-content\/uploads\/2023\/10\/inauguracion-cortesina-2-1100x710.png",1100,710,true],"gform-image-choice-sm":["https:\/\/lamostradevalencia.com\/wp-content\/uploads\/2023\/10\/inauguracion-cortesina-2.png",300,137,false],"gform-image-choice-md":["https:\/\/lamostradevalencia.com\/wp-content\/uploads\/2023\/10\/inauguracion-cortesina-2.png",400,183,false],"gform-image-choice-lg":["https:\/\/lamostradevalencia.com\/wp-content\/uploads\/2023\/10\/inauguracion-cortesina-2.png",600,275,false]},"uagb_author_info":{"display_name":"Mostra de Val\u00e8ncia","author_link":"https:\/\/lamostradevalencia.com\/ca\/author\/mostravalencia\/"},"uagb_comment_info":0,"uagb_excerpt":"La mostra, que compta amb documentaci\u00f3 in\u00e8dita, reflectix el comprom\u00eds pol\u00edtic de l&#8217;artista valenciana Mostra de Val\u00e8ncia-Cinema del Mediterrani ha inaugurat este mat\u00ed en la [&hellip;]","_links":{"self":[{"href":"https:\/\/lamostradevalencia.com\/ca\/wp-json\/wp\/v2\/posts\/21862","targetHints":{"allow":["GET"]}}],"collection":[{"href":"https:\/\/lamostradevalencia.com\/ca\/wp-json\/wp\/v2\/posts"}],"about":[{"href":"https:\/\/lamostradevalencia.com\/ca\/wp-json\/wp\/v2\/types\/post"}],"author":[{"embeddable":true,"href":"https:\/\/lamostradevalencia.com\/ca\/wp-json\/wp\/v2\/users\/1"}],"replies":[{"embeddable":true,"href":"https:\/\/lamostradevalencia.com\/ca\/wp-json\/wp\/v2\/comments?post=21862"}],"version-history":[{"count":2,"href":"https:\/\/lamostradevalencia.com\/ca\/wp-json\/wp\/v2\/posts\/21862\/revisions"}],"predecessor-version":[{"id":21864,"href":"https:\/\/lamostradevalencia.com\/ca\/wp-json\/wp\/v2\/posts\/21862\/revisions\/21864"}],"wp:featuredmedia":[{"embeddable":true,"href":"https:\/\/lamostradevalencia.com\/ca\/wp-json\/wp\/v2\/media\/21891"}],"wp:attachment":[{"href":"https:\/\/lamostradevalencia.com\/ca\/wp-json\/wp\/v2\/media?parent=21862"}],"wp:term":[{"taxonomy":"category","embeddable":true,"href":"https:\/\/lamostradevalencia.com\/ca\/wp-json\/wp\/v2\/categories?post=21862"},{"taxonomy":"post_tag","embeddable":true,"href":"https:\/\/lamostradevalencia.com\/ca\/wp-json\/wp\/v2\/tags?post=21862"}],"curies":[{"name":"wp","href":"https:\/\/api.w.org\/{rel}","templated":true}]}}