{"id":21469,"date":"2023-09-26T11:00:37","date_gmt":"2023-09-26T09:00:37","guid":{"rendered":"https:\/\/lamostradevalencia.com\/?p=21469"},"modified":"2023-09-26T08:01:33","modified_gmt":"2023-09-26T06:01:33","slug":"mostra-de-valencia-completa-el-seu-concurs-amb-sis-estrenes-a-espanya","status":"publish","type":"post","link":"https:\/\/lamostradevalencia.com\/ca\/mostra-de-valencia-completa-el-seu-concurs-amb-sis-estrenes-a-espanya\/","title":{"rendered":"Mostra de Val\u00e8ncia completa el seu concurs amb sis estrenes a Espanya"},"content":{"rendered":"<h5>Els conflictes familiars protagonitzats per dones dominen en els t\u00edtols que completen la Secci\u00f3 Oficial<\/h5>\n<p>Mostra de Val\u00e8ncia-Cinema del Mediterrani, que se celebrar\u00e0 del 19 al 29 d&#8217;octubre als cines Babel i la Filmoteca, ha completat la llista de les 12 pel\u00b7l\u00edcules que competiran per la Palmera d&#8217;Or en la 38a edici\u00f3.<\/p>\n<p>L&#8217;ampli univers familiar i les seues extensions \u2014conviv\u00e8ncia, conflictes, secrets, p\u00e8rdues, reconciliacions\u2014 abonen quatre dels nous sis llargmetratges que concorren al certamen, la major part d&#8217;ells amb protagonisme de dones fortes i propiet\u00e0ries dels seus destins.<\/p>\n<p><strong>Estrenada en la Setmana de la Cr\u00edtica de Cannes, on el jove Jovan Gini\u0107 va guanyar el Premi a l&#8217;Actor Revelaci\u00f3, \u2018Lost Country\u2019 \u00e9<\/strong>s el segon llargmetratge del serbi Vladimir Peri\u0161i\u0107, i arriba a la Secci\u00f3 Oficial de la Mostra amb una hist\u00f2ria que posa en primer pla el xoc familiar entre un fill i una mare per q\u00fcestions ideol\u00f2giques. Ambientada en les eleccions de Belgrad de 1996, en l&#8217;antiga Iugosl\u00e0via, durant les manifestacions estudiantils contra el r\u00e8gim de Milosevi\u0107, se centra en un adolescent de quinze anys que ha d&#8217;enfrontar-se a la seua progenitora, portaveu i c\u00f2mplice del govern corrupte contra el qual s&#8217;alcen els seus amics.<\/p>\n<p>Les relacions familiars sustenten tamb\u00e9 <strong>\u2018Afloat\u2019,\u00a0<\/strong><span style=\"font-weight: 400;\">estrenada en Adana Altin Koza Film Festival, i la protagonista del qual es va al\u00e7ar amb el Premi a la Millor Actriu.<\/span> En la cinta, que ha comptat amb el suport del Tribeca Film Institute, la directora turca Aslihan Unaldi embarca en un veler a una fam\u00edlia en viatge per la costa de l&#8217;Egeu amb la finalitat que el patriarca, un periodista dissident processat pel govern, torne a connectar amb les filles abans d&#8217;anar a pres\u00f3. Una aventura a la recerca de l&#8217;harmonia i la uni\u00f3 familiar que, no obstant aix\u00f2, s&#8217;anir\u00e0 enterbolint progressivament en l&#8217;espai opressiu del vaixell a mesura que emergixen tensions i fantasmes del passat.<\/p>\n<p>Des del L\u00edban arriba <strong>\u2018Riverbed\u2019,<\/strong> cinta que va obtindre el <strong>Premi a Millor Actriu i Premi Especial del Jurat en el Festival del Caire.<\/strong> En ella, el director Bassem Breche explora la universalitat del proc\u00e9s de reconstrucci\u00f3 de les relacions familiars a trav\u00e9s de la narraci\u00f3 de la inesperada trobada entre una mare i la seua filla que despr\u00e9s d&#8217;anys de separaci\u00f3 s&#8217;esforcen per restablir el seu vincle enmig d&#8217;un context marcat pel divorci i l&#8217;embar\u00e0s de la filla.<\/p>\n<p><strong>Estrenada en la secci\u00f3 F\u00f2rum de l&#8217;\u00faltima Berlinale, \u2018Cidade Rabat\u2019,<\/strong> de Susana Nobre, aborda la p\u00e8rdua d&#8217;un ser estimat des d&#8217;una mirada allunyada dels convencionalismes formals propis d&#8217;esta mena de relats. La realitzadora portuguesa explora en el seu llargmetratge el proc\u00e9s de duel i cerca existencial a trav\u00e9s de la hist\u00f2ria d&#8217;una dona de quaranta anys, Helena, que acaba de perdre sobtadament a la seua mare i ha de reconstruir la vida sense ella, en un proc\u00e9s que implicar\u00e0 tamb\u00e9 la seua reinvenci\u00f3 personal.<\/p>\n<p>Els fen\u00f2mens paranormals arriben tamb\u00e9 a la Secci\u00f3 Oficial de la Mostra amb <strong>\u2018Animalia\u2019<\/strong>, de la directora marroquina Sofia Alaoui. Un thriller amb elements fant\u00e0stics rodat al Marroc i presentat en el Sundance d\u2019enguany, on va guanyar el Premi Especial del Jurat. La pel\u00b7l\u00edcula plasma com la vida quotidiana d&#8217;una dona embarassada es veu alterada quan es declara un misteri\u00f3s estat d&#8217;emerg\u00e8ncia en tot el pa\u00eds a causa d&#8217;uns estranys fen\u00f2mens meteorol\u00f2gics que suggerixen que s&#8217;aproxima una pres\u00e8ncia sobrenatural.<\/p>\n<p>Completa la llista de pel\u00b7l\u00edcules que concorren al certamen <strong>\u2018Three sparks\u2019,<\/strong> on la prestigiosa cineasta experimental Naomi Uman plasma la transformaci\u00f3 que patix un enclavament rural muntanyenc del nord d\u2019Alb\u00e0nia on la gent cultiva les terres rocoses i es regix per lleis arcaiques basades en els principis de l&#8217;honor que regulen la vida familiar, les normes de g\u00e8nere i el comportament socialment acceptable.<\/p>\n<p>Estos sis t\u00edtols s&#8217;unixen als anteriorment anunciats en la competici\u00f3 pels m\u00e0xims guardons del festival: \u2018Marina, Unplugged\u2019 (Alfonso Amador, Espanya), \u2018A House in Jerusalem\u2019 (Muayad Alayan, Palestina), \u2018The Wedding Parade\u2019 (Sevinaz Evdike, S\u00edria), \u2018Toni, en famille\u2019 (Nathan Ambrosioni, Fran\u00e7a),\u2018Deserts\u2019 (Faouzi Bensa\u00efdi, el Marroc) i \u2018Fireworks\u2019 (Giuseppe Fiorello, It\u00e0lia). A m\u00e9s, la Secci\u00f3 Oficial inclou tamb\u00e9, fora de competici\u00f3, el documental itali\u00e0 \u2018Massimo Troisi: Somebody Down There Likes Me\u2019, dirigit per Mario Martone, que compta amb la participaci\u00f3 de Paolo Sorrentino, Michael Radford o Toni Servillo, entre altres.<\/p>\n<p>&nbsp;<\/p>\n<p>La 38a edici\u00f3 de Mostra de Val\u00e8ncia-Cinema del Mediterrani est\u00e0 organitzada per l\u2019Ajuntament de Val\u00e8ncia i compta amb la col\u00b7laboraci\u00f3 de l\u2019Institut Valenci\u00e0 de Cultura (IVC), el Palau de la M\u00fasica, Barreira Arte + Dise\u00f1o i \u00c0 Punt M\u00e8dia com a mitj\u00e0 oficial.<\/p>\n<p>&nbsp;<\/p>\n<p><b>LLISTAT COMPLET DE T\u00cdTOLS\u00a0 DE LA SECCI\u00d3 OFICIAL DE MOSTRA DE VAL\u00c8NCIA 2023<\/b><\/p>\n<p><b><img loading=\"lazy\" decoding=\"async\" class=\"size-thumbnail wp-image-21483 alignright\" src=\"https:\/\/lamostradevalencia.com\/wp-content\/uploads\/2023\/09\/Lost-Country-2-150x150.jpg\" alt=\"\" width=\"150\" height=\"150\" srcset=\"https:\/\/lamostradevalencia.com\/wp-content\/uploads\/2023\/09\/Lost-Country-2-150x150.jpg 150w, https:\/\/lamostradevalencia.com\/wp-content\/uploads\/2023\/09\/Lost-Country-2-550x550.jpg 550w\" sizes=\"auto, (max-width: 150px) 100vw, 150px\" \/>LOST COUNTRY<br \/>\n<\/b><\/p>\n<p><b>S\u00e8rbia, Cro\u00e0cia, Fran\u00e7a, Luxemburg, Qatar. 2023. Color. 98&#8242;.<\/b><\/p>\n<p><b>Direcci\u00f3:<\/b><span style=\"font-weight: 400;\"> Vladimir Peri\u0161i\u0107<\/span><\/p>\n<p>&nbsp;<\/p>\n<p>&nbsp;<\/p>\n<p><b><img loading=\"lazy\" decoding=\"async\" class=\"size-thumbnail wp-image-21488 alignleft\" src=\"https:\/\/lamostradevalencia.com\/wp-content\/uploads\/2023\/09\/ANIMALIA_web-150x150.jpeg\" alt=\"\" width=\"150\" height=\"150\" srcset=\"https:\/\/lamostradevalencia.com\/wp-content\/uploads\/2023\/09\/ANIMALIA_web-150x150.jpeg 150w, https:\/\/lamostradevalencia.com\/wp-content\/uploads\/2023\/09\/ANIMALIA_web-550x550.jpeg 550w\" sizes=\"auto, (max-width: 150px) 100vw, 150px\" \/>ANIMALIA<\/b><\/p>\n<p><b>Marroc, Fran\u00e7a, Qatar. 2023. Color. 90&#8242;.<\/b><\/p>\n<p><b>Direcci\u00f3:<\/b><span style=\"font-weight: 400;\"> Sofia Alaoui<\/span><\/p>\n<p>&nbsp;<\/p>\n<p>&nbsp;<\/p>\n<p>&nbsp;<\/p>\n<p><b>AFLOAT <img loading=\"lazy\" decoding=\"async\" class=\"size-thumbnail wp-image-21493 alignright\" src=\"https:\/\/lamostradevalencia.com\/wp-content\/uploads\/2023\/09\/SUYUN_AFLOAT-STILL.00_30_58_18.Still015-150x150.jpg\" alt=\"\" width=\"150\" height=\"150\" srcset=\"https:\/\/lamostradevalencia.com\/wp-content\/uploads\/2023\/09\/SUYUN_AFLOAT-STILL.00_30_58_18.Still015-150x150.jpg 150w, https:\/\/lamostradevalencia.com\/wp-content\/uploads\/2023\/09\/SUYUN_AFLOAT-STILL.00_30_58_18.Still015-550x550.jpg 550w, https:\/\/lamostradevalencia.com\/wp-content\/uploads\/2023\/09\/SUYUN_AFLOAT-STILL.00_30_58_18.Still015-1100x1100.jpg 1100w\" sizes=\"auto, (max-width: 150px) 100vw, 150px\" \/><\/b><\/p>\n<p><b>Turquia. 2023. Color. 116&#8242;.<\/b><\/p>\n<p><b>Direcci\u00f3:<\/b><span style=\"font-weight: 400;\"> Aslihan Unaldi<\/span><\/p>\n<p>&nbsp;<\/p>\n<p>&nbsp;<\/p>\n<p><b><img loading=\"lazy\" decoding=\"async\" class=\"size-thumbnail wp-image-21523 alignleft\" src=\"https:\/\/lamostradevalencia.com\/wp-content\/uploads\/2023\/09\/RABAT_3-150x150.jpeg\" alt=\"\" width=\"150\" height=\"150\" srcset=\"https:\/\/lamostradevalencia.com\/wp-content\/uploads\/2023\/09\/RABAT_3-150x150.jpeg 150w, https:\/\/lamostradevalencia.com\/wp-content\/uploads\/2023\/09\/RABAT_3-550x550.jpeg 550w, https:\/\/lamostradevalencia.com\/wp-content\/uploads\/2023\/09\/RABAT_3-1100x1100.jpeg 1100w\" sizes=\"auto, (max-width: 150px) 100vw, 150px\" \/>CIDADE RABAT<\/b><\/p>\n<p><b>Portugal, Fran\u00e7a. 2023. Color. 101&#8242;.<\/b><\/p>\n<p><b>Direcci\u00f3:<\/b><span style=\"font-weight: 400;\"> Susana Nobre<\/span><\/p>\n<p>&nbsp;<\/p>\n<p>&nbsp;<\/p>\n<p><b>THREE SPARKS <img loading=\"lazy\" decoding=\"async\" class=\"size-thumbnail wp-image-21528 alignright\" src=\"https:\/\/lamostradevalencia.com\/wp-content\/uploads\/2023\/09\/three-sparks-1-150x150.jpg\" alt=\"\" width=\"150\" height=\"150\" srcset=\"https:\/\/lamostradevalencia.com\/wp-content\/uploads\/2023\/09\/three-sparks-1-150x150.jpg 150w, https:\/\/lamostradevalencia.com\/wp-content\/uploads\/2023\/09\/three-sparks-1-550x550.jpg 550w\" sizes=\"auto, (max-width: 150px) 100vw, 150px\" \/><\/b><\/p>\n<p><b>Alb\u00e0nia, M\u00e8xic. 2023. B\/N. Color. 95&#8242;.<\/b><\/p>\n<p><b>Direcci\u00f3:<\/b><span style=\"font-weight: 400;\"> Naomi Uman<\/span><\/p>\n<p>&nbsp;<\/p>\n<p>&nbsp;<\/p>\n<p><b><img loading=\"lazy\" decoding=\"async\" class=\"size-thumbnail wp-image-21498 alignleft\" src=\"https:\/\/lamostradevalencia.com\/wp-content\/uploads\/2023\/09\/Riverbed-150x150.jpg\" alt=\"\" width=\"150\" height=\"150\" srcset=\"https:\/\/lamostradevalencia.com\/wp-content\/uploads\/2023\/09\/Riverbed-150x150.jpg 150w, https:\/\/lamostradevalencia.com\/wp-content\/uploads\/2023\/09\/Riverbed-550x550.jpg 550w, https:\/\/lamostradevalencia.com\/wp-content\/uploads\/2023\/09\/Riverbed-1100x1100.jpg 1100w\" sizes=\"auto, (max-width: 150px) 100vw, 150px\" \/>RIVERBED<\/b><\/p>\n<p><b>L\u00edban. 2022. Color. 80&#8242;.<\/b><\/p>\n<p><b>Direcci\u00f3:<\/b><span style=\"font-weight: 400;\"> Bassem Breche<\/span><\/p>\n<p>&nbsp;<\/p>\n<p>&nbsp;<\/p>\n<p><b>MARINA, UNPLUGGED<\/b><\/p>\n<p><b>Espanya. 2023. B\/N. 95&#8242;.<\/b><\/p>\n<p><b>Direcci\u00f3:<\/b><span style=\"font-weight: 400;\"> Alfonso Amador<\/span><\/p>\n<p>&nbsp;<\/p>\n<p><b>A HOUSE IN JERUSALEM<\/b><\/p>\n<p><b>Palestina, Regne Unit, Alemanya, Pa\u00efsos Baixos. 2023. Color. 103&#8242;.<\/b><\/p>\n<p><b>Direcci\u00f3:<\/b><span style=\"font-weight: 400;\"> Muayad Alayan<\/span><\/p>\n<p>&nbsp;<\/p>\n<p><b>TONI, EN FAMILLE<\/b><\/p>\n<p><b>Fran\u00e7a. 2023. Color. 95&#8242;.<\/b><\/p>\n<p><b>Direcci\u00f3:<\/b><span style=\"font-weight: 400;\"> Nathan Ambrosioni<\/span><\/p>\n<p>&nbsp;<\/p>\n<p><b>DESERTS<\/b><\/p>\n<p><b>Marroc, Fran\u00e7a, B\u00e8lgica, Alemanya. 2023. Color. 125&#8242;.<\/b><\/p>\n<p><b>Direcci\u00f3:<\/b><span style=\"font-weight: 400;\"> Faouzi Bensa\u00efdi<\/span><\/p>\n<p>&nbsp;<\/p>\n<p><b>FIREWORKS<\/b><\/p>\n<p><b>It\u00e0lia. 2023. Color. 134&#8242;.<\/b><\/p>\n<p><b>Direcci\u00f3:<\/b><span style=\"font-weight: 400;\"> Giuseppe Fiorello<\/span><\/p>\n<p>&nbsp;<\/p>\n<p><b>THE WEDDING PARADE<\/b><\/p>\n<p><b>S\u00edria. 2022. Color. 70&#8242;.<\/b><\/p>\n<p><b>Direcci\u00f3:<\/b><span style=\"font-weight: 400;\"> Sevinaz Evdike<\/span><\/p>\n<p>&nbsp;<\/p>\n<p><b>MASSIMO TROISI: SOMEBODY DOWN THERE LIKES ME (FUERA DE COMPETICI\u00d3N)<\/b><\/p>\n<p><b>It\u00e0lia. 2023. B\/N. Color. 128&#8242;.<\/b><\/p>\n<p><b>Direcci\u00f3:<\/b><span style=\"font-weight: 400;\"> Mario Martone<\/span><\/p>\n","protected":false},"excerpt":{"rendered":"<p>Els conflictes familiars protagonitzats per dones dominen en els t\u00edtols que completen la Secci\u00f3 Oficial Mostra de Val\u00e8ncia-Cinema del Mediterrani, que se celebrar\u00e0 del 19 [&hellip;]<\/p>\n","protected":false},"author":1,"featured_media":21466,"comment_status":"open","ping_status":"open","sticky":false,"template":"","format":"standard","meta":{"_uag_custom_page_level_css":"","_jet_sm_ready_style":"","_jet_sm_style":"","_jet_sm_controls_values":"","_jet_sm_fonts_collection":"","_jet_sm_fonts_links":"","footnotes":""},"categories":[455],"tags":[],"class_list":["post-21469","post","type-post","status-publish","format-standard","has-post-thumbnail","hentry","category-noticies"],"yoast_head":"<!-- This site is optimized with the Yoast SEO plugin v27.5 - https:\/\/yoast.com\/product\/yoast-seo-wordpress\/ -->\n<title>Mostra de Val\u00e8ncia completa el seu concurs amb sis estrenes a Espanya - Mostra de Val\u00e8ncia<\/title>\n<meta name=\"robots\" content=\"index, follow, max-snippet:-1, max-image-preview:large, max-video-preview:-1\" \/>\n<link rel=\"canonical\" href=\"https:\/\/lamostradevalencia.com\/ca\/mostra-de-valencia-completa-el-seu-concurs-amb-sis-estrenes-a-espanya\/\" \/>\n<meta property=\"og:locale\" content=\"ca_ES\" \/>\n<meta property=\"og:type\" content=\"article\" \/>\n<meta property=\"og:title\" content=\"Mostra de Val\u00e8ncia completa el seu concurs amb sis estrenes a Espanya - Mostra de Val\u00e8ncia\" \/>\n<meta property=\"og:description\" content=\"Els conflictes familiars protagonitzats per dones dominen en els t\u00edtols que completen la Secci\u00f3 Oficial Mostra de Val\u00e8ncia-Cinema del Mediterrani, que se celebrar\u00e0 del 19 [&hellip;]\" \/>\n<meta property=\"og:url\" content=\"https:\/\/lamostradevalencia.com\/ca\/mostra-de-valencia-completa-el-seu-concurs-amb-sis-estrenes-a-espanya\/\" \/>\n<meta property=\"og:site_name\" content=\"Mostra de Val\u00e8ncia\" \/>\n<meta property=\"article:published_time\" content=\"2023-09-26T09:00:37+00:00\" \/>\n<meta property=\"og:image\" content=\"https:\/\/lamostradevalencia.com\/wp-content\/uploads\/2023\/09\/2023-MOSTRA-DE-VALENCIA-6.png\" \/>\n\t<meta property=\"og:image:width\" content=\"1080\" \/>\n\t<meta property=\"og:image:height\" content=\"1080\" \/>\n\t<meta property=\"og:image:type\" content=\"image\/png\" \/>\n<meta name=\"author\" content=\"Mostra de Val\u00e8ncia\" \/>\n<meta name=\"twitter:card\" content=\"summary_large_image\" \/>\n<meta name=\"twitter:label1\" content=\"Escrit per\" \/>\n\t<meta name=\"twitter:data1\" content=\"Mostra de Val\u00e8ncia\" \/>\n\t<meta name=\"twitter:label2\" content=\"Temps estimat de lectura\" \/>\n\t<meta name=\"twitter:data2\" content=\"6 minuts\" \/>\n<script type=\"application\/ld+json\" class=\"yoast-schema-graph\">{\"@context\":\"https:\\\/\\\/schema.org\",\"@graph\":[{\"@type\":\"Article\",\"@id\":\"https:\\\/\\\/lamostradevalencia.com\\\/ca\\\/mostra-de-valencia-completa-el-seu-concurs-amb-sis-estrenes-a-espanya\\\/#article\",\"isPartOf\":{\"@id\":\"https:\\\/\\\/lamostradevalencia.com\\\/ca\\\/mostra-de-valencia-completa-el-seu-concurs-amb-sis-estrenes-a-espanya\\\/\"},\"author\":{\"name\":\"Mostra de Val\u00e8ncia\",\"@id\":\"https:\\\/\\\/lamostradevalencia.com\\\/ca\\\/#\\\/schema\\\/person\\\/1dc07e4df3d6310b81d2cdf6a034070c\"},\"headline\":\"Mostra de Val\u00e8ncia completa el seu concurs amb sis estrenes a Espanya\",\"datePublished\":\"2023-09-26T09:00:37+00:00\",\"mainEntityOfPage\":{\"@id\":\"https:\\\/\\\/lamostradevalencia.com\\\/ca\\\/mostra-de-valencia-completa-el-seu-concurs-amb-sis-estrenes-a-espanya\\\/\"},\"wordCount\":1012,\"commentCount\":0,\"image\":{\"@id\":\"https:\\\/\\\/lamostradevalencia.com\\\/ca\\\/mostra-de-valencia-completa-el-seu-concurs-amb-sis-estrenes-a-espanya\\\/#primaryimage\"},\"thumbnailUrl\":\"https:\\\/\\\/lamostradevalencia.com\\\/wp-content\\\/uploads\\\/2023\\\/09\\\/2023-MOSTRA-DE-VALENCIA-6.png\",\"articleSection\":[\"Noticies\"],\"inLanguage\":\"ca\",\"potentialAction\":[{\"@type\":\"CommentAction\",\"name\":\"Comment\",\"target\":[\"https:\\\/\\\/lamostradevalencia.com\\\/ca\\\/mostra-de-valencia-completa-el-seu-concurs-amb-sis-estrenes-a-espanya\\\/#respond\"]}]},{\"@type\":\"WebPage\",\"@id\":\"https:\\\/\\\/lamostradevalencia.com\\\/ca\\\/mostra-de-valencia-completa-el-seu-concurs-amb-sis-estrenes-a-espanya\\\/\",\"url\":\"https:\\\/\\\/lamostradevalencia.com\\\/ca\\\/mostra-de-valencia-completa-el-seu-concurs-amb-sis-estrenes-a-espanya\\\/\",\"name\":\"Mostra de Val\u00e8ncia completa el seu concurs amb sis estrenes a Espanya - Mostra de Val\u00e8ncia\",\"isPartOf\":{\"@id\":\"https:\\\/\\\/lamostradevalencia.com\\\/ca\\\/#website\"},\"primaryImageOfPage\":{\"@id\":\"https:\\\/\\\/lamostradevalencia.com\\\/ca\\\/mostra-de-valencia-completa-el-seu-concurs-amb-sis-estrenes-a-espanya\\\/#primaryimage\"},\"image\":{\"@id\":\"https:\\\/\\\/lamostradevalencia.com\\\/ca\\\/mostra-de-valencia-completa-el-seu-concurs-amb-sis-estrenes-a-espanya\\\/#primaryimage\"},\"thumbnailUrl\":\"https:\\\/\\\/lamostradevalencia.com\\\/wp-content\\\/uploads\\\/2023\\\/09\\\/2023-MOSTRA-DE-VALENCIA-6.png\",\"datePublished\":\"2023-09-26T09:00:37+00:00\",\"author\":{\"@id\":\"https:\\\/\\\/lamostradevalencia.com\\\/ca\\\/#\\\/schema\\\/person\\\/1dc07e4df3d6310b81d2cdf6a034070c\"},\"breadcrumb\":{\"@id\":\"https:\\\/\\\/lamostradevalencia.com\\\/ca\\\/mostra-de-valencia-completa-el-seu-concurs-amb-sis-estrenes-a-espanya\\\/#breadcrumb\"},\"inLanguage\":\"ca\",\"potentialAction\":[{\"@type\":\"ReadAction\",\"target\":[\"https:\\\/\\\/lamostradevalencia.com\\\/ca\\\/mostra-de-valencia-completa-el-seu-concurs-amb-sis-estrenes-a-espanya\\\/\"]}]},{\"@type\":\"ImageObject\",\"inLanguage\":\"ca\",\"@id\":\"https:\\\/\\\/lamostradevalencia.com\\\/ca\\\/mostra-de-valencia-completa-el-seu-concurs-amb-sis-estrenes-a-espanya\\\/#primaryimage\",\"url\":\"https:\\\/\\\/lamostradevalencia.com\\\/wp-content\\\/uploads\\\/2023\\\/09\\\/2023-MOSTRA-DE-VALENCIA-6.png\",\"contentUrl\":\"https:\\\/\\\/lamostradevalencia.com\\\/wp-content\\\/uploads\\\/2023\\\/09\\\/2023-MOSTRA-DE-VALENCIA-6.png\",\"width\":1080,\"height\":1080},{\"@type\":\"BreadcrumbList\",\"@id\":\"https:\\\/\\\/lamostradevalencia.com\\\/ca\\\/mostra-de-valencia-completa-el-seu-concurs-amb-sis-estrenes-a-espanya\\\/#breadcrumb\",\"itemListElement\":[{\"@type\":\"ListItem\",\"position\":1,\"name\":\"Portada\",\"item\":\"https:\\\/\\\/lamostradevalencia.com\\\/ca\\\/\"},{\"@type\":\"ListItem\",\"position\":2,\"name\":\"Mostra de Val\u00e8ncia completa el seu concurs amb sis estrenes a Espanya\"}]},{\"@type\":\"WebSite\",\"@id\":\"https:\\\/\\\/lamostradevalencia.com\\\/ca\\\/#website\",\"url\":\"https:\\\/\\\/lamostradevalencia.com\\\/ca\\\/\",\"name\":\"Mostra de Val\u00e8ncia\",\"description\":\"Cinema del Mediterrani\",\"potentialAction\":[{\"@type\":\"SearchAction\",\"target\":{\"@type\":\"EntryPoint\",\"urlTemplate\":\"https:\\\/\\\/lamostradevalencia.com\\\/ca\\\/?s={search_term_string}\"},\"query-input\":{\"@type\":\"PropertyValueSpecification\",\"valueRequired\":true,\"valueName\":\"search_term_string\"}}],\"inLanguage\":\"ca\"},{\"@type\":\"Person\",\"@id\":\"https:\\\/\\\/lamostradevalencia.com\\\/ca\\\/#\\\/schema\\\/person\\\/1dc07e4df3d6310b81d2cdf6a034070c\",\"name\":\"Mostra de Val\u00e8ncia\",\"image\":{\"@type\":\"ImageObject\",\"inLanguage\":\"ca\",\"@id\":\"https:\\\/\\\/secure.gravatar.com\\\/avatar\\\/ada4dfd699a9907706987adb1bb2b361c2613ccca474b49b8c648de5208e32f8?s=96&d=mm&r=g\",\"url\":\"https:\\\/\\\/secure.gravatar.com\\\/avatar\\\/ada4dfd699a9907706987adb1bb2b361c2613ccca474b49b8c648de5208e32f8?s=96&d=mm&r=g\",\"contentUrl\":\"https:\\\/\\\/secure.gravatar.com\\\/avatar\\\/ada4dfd699a9907706987adb1bb2b361c2613ccca474b49b8c648de5208e32f8?s=96&d=mm&r=g\",\"caption\":\"Mostra de Val\u00e8ncia\"}}]}<\/script>\n<!-- \/ Yoast SEO plugin. -->","yoast_head_json":{"title":"Mostra de Val\u00e8ncia completa el seu concurs amb sis estrenes a Espanya - Mostra de Val\u00e8ncia","robots":{"index":"index","follow":"follow","max-snippet":"max-snippet:-1","max-image-preview":"max-image-preview:large","max-video-preview":"max-video-preview:-1"},"canonical":"https:\/\/lamostradevalencia.com\/ca\/mostra-de-valencia-completa-el-seu-concurs-amb-sis-estrenes-a-espanya\/","og_locale":"ca_ES","og_type":"article","og_title":"Mostra de Val\u00e8ncia completa el seu concurs amb sis estrenes a Espanya - Mostra de Val\u00e8ncia","og_description":"Els conflictes familiars protagonitzats per dones dominen en els t\u00edtols que completen la Secci\u00f3 Oficial Mostra de Val\u00e8ncia-Cinema del Mediterrani, que se celebrar\u00e0 del 19 [&hellip;]","og_url":"https:\/\/lamostradevalencia.com\/ca\/mostra-de-valencia-completa-el-seu-concurs-amb-sis-estrenes-a-espanya\/","og_site_name":"Mostra de Val\u00e8ncia","article_published_time":"2023-09-26T09:00:37+00:00","og_image":[{"width":1080,"height":1080,"url":"https:\/\/lamostradevalencia.com\/wp-content\/uploads\/2023\/09\/2023-MOSTRA-DE-VALENCIA-6.png","type":"image\/png"}],"author":"Mostra de Val\u00e8ncia","twitter_card":"summary_large_image","twitter_misc":{"Escrit per":"Mostra de Val\u00e8ncia","Temps estimat de lectura":"6 minuts"},"schema":{"@context":"https:\/\/schema.org","@graph":[{"@type":"Article","@id":"https:\/\/lamostradevalencia.com\/ca\/mostra-de-valencia-completa-el-seu-concurs-amb-sis-estrenes-a-espanya\/#article","isPartOf":{"@id":"https:\/\/lamostradevalencia.com\/ca\/mostra-de-valencia-completa-el-seu-concurs-amb-sis-estrenes-a-espanya\/"},"author":{"name":"Mostra de Val\u00e8ncia","@id":"https:\/\/lamostradevalencia.com\/ca\/#\/schema\/person\/1dc07e4df3d6310b81d2cdf6a034070c"},"headline":"Mostra de Val\u00e8ncia completa el seu concurs amb sis estrenes a Espanya","datePublished":"2023-09-26T09:00:37+00:00","mainEntityOfPage":{"@id":"https:\/\/lamostradevalencia.com\/ca\/mostra-de-valencia-completa-el-seu-concurs-amb-sis-estrenes-a-espanya\/"},"wordCount":1012,"commentCount":0,"image":{"@id":"https:\/\/lamostradevalencia.com\/ca\/mostra-de-valencia-completa-el-seu-concurs-amb-sis-estrenes-a-espanya\/#primaryimage"},"thumbnailUrl":"https:\/\/lamostradevalencia.com\/wp-content\/uploads\/2023\/09\/2023-MOSTRA-DE-VALENCIA-6.png","articleSection":["Noticies"],"inLanguage":"ca","potentialAction":[{"@type":"CommentAction","name":"Comment","target":["https:\/\/lamostradevalencia.com\/ca\/mostra-de-valencia-completa-el-seu-concurs-amb-sis-estrenes-a-espanya\/#respond"]}]},{"@type":"WebPage","@id":"https:\/\/lamostradevalencia.com\/ca\/mostra-de-valencia-completa-el-seu-concurs-amb-sis-estrenes-a-espanya\/","url":"https:\/\/lamostradevalencia.com\/ca\/mostra-de-valencia-completa-el-seu-concurs-amb-sis-estrenes-a-espanya\/","name":"Mostra de Val\u00e8ncia completa el seu concurs amb sis estrenes a Espanya - Mostra de Val\u00e8ncia","isPartOf":{"@id":"https:\/\/lamostradevalencia.com\/ca\/#website"},"primaryImageOfPage":{"@id":"https:\/\/lamostradevalencia.com\/ca\/mostra-de-valencia-completa-el-seu-concurs-amb-sis-estrenes-a-espanya\/#primaryimage"},"image":{"@id":"https:\/\/lamostradevalencia.com\/ca\/mostra-de-valencia-completa-el-seu-concurs-amb-sis-estrenes-a-espanya\/#primaryimage"},"thumbnailUrl":"https:\/\/lamostradevalencia.com\/wp-content\/uploads\/2023\/09\/2023-MOSTRA-DE-VALENCIA-6.png","datePublished":"2023-09-26T09:00:37+00:00","author":{"@id":"https:\/\/lamostradevalencia.com\/ca\/#\/schema\/person\/1dc07e4df3d6310b81d2cdf6a034070c"},"breadcrumb":{"@id":"https:\/\/lamostradevalencia.com\/ca\/mostra-de-valencia-completa-el-seu-concurs-amb-sis-estrenes-a-espanya\/#breadcrumb"},"inLanguage":"ca","potentialAction":[{"@type":"ReadAction","target":["https:\/\/lamostradevalencia.com\/ca\/mostra-de-valencia-completa-el-seu-concurs-amb-sis-estrenes-a-espanya\/"]}]},{"@type":"ImageObject","inLanguage":"ca","@id":"https:\/\/lamostradevalencia.com\/ca\/mostra-de-valencia-completa-el-seu-concurs-amb-sis-estrenes-a-espanya\/#primaryimage","url":"https:\/\/lamostradevalencia.com\/wp-content\/uploads\/2023\/09\/2023-MOSTRA-DE-VALENCIA-6.png","contentUrl":"https:\/\/lamostradevalencia.com\/wp-content\/uploads\/2023\/09\/2023-MOSTRA-DE-VALENCIA-6.png","width":1080,"height":1080},{"@type":"BreadcrumbList","@id":"https:\/\/lamostradevalencia.com\/ca\/mostra-de-valencia-completa-el-seu-concurs-amb-sis-estrenes-a-espanya\/#breadcrumb","itemListElement":[{"@type":"ListItem","position":1,"name":"Portada","item":"https:\/\/lamostradevalencia.com\/ca\/"},{"@type":"ListItem","position":2,"name":"Mostra de Val\u00e8ncia completa el seu concurs amb sis estrenes a Espanya"}]},{"@type":"WebSite","@id":"https:\/\/lamostradevalencia.com\/ca\/#website","url":"https:\/\/lamostradevalencia.com\/ca\/","name":"Mostra de Val\u00e8ncia","description":"Cinema del Mediterrani","potentialAction":[{"@type":"SearchAction","target":{"@type":"EntryPoint","urlTemplate":"https:\/\/lamostradevalencia.com\/ca\/?s={search_term_string}"},"query-input":{"@type":"PropertyValueSpecification","valueRequired":true,"valueName":"search_term_string"}}],"inLanguage":"ca"},{"@type":"Person","@id":"https:\/\/lamostradevalencia.com\/ca\/#\/schema\/person\/1dc07e4df3d6310b81d2cdf6a034070c","name":"Mostra de Val\u00e8ncia","image":{"@type":"ImageObject","inLanguage":"ca","@id":"https:\/\/secure.gravatar.com\/avatar\/ada4dfd699a9907706987adb1bb2b361c2613ccca474b49b8c648de5208e32f8?s=96&d=mm&r=g","url":"https:\/\/secure.gravatar.com\/avatar\/ada4dfd699a9907706987adb1bb2b361c2613ccca474b49b8c648de5208e32f8?s=96&d=mm&r=g","contentUrl":"https:\/\/secure.gravatar.com\/avatar\/ada4dfd699a9907706987adb1bb2b361c2613ccca474b49b8c648de5208e32f8?s=96&d=mm&r=g","caption":"Mostra de Val\u00e8ncia"}}]}},"uagb_featured_image_src":{"full":["https:\/\/lamostradevalencia.com\/wp-content\/uploads\/2023\/09\/2023-MOSTRA-DE-VALENCIA-6.png",1080,1080,false],"thumbnail":["https:\/\/lamostradevalencia.com\/wp-content\/uploads\/2023\/09\/2023-MOSTRA-DE-VALENCIA-6-150x150.png",150,150,true],"medium":["https:\/\/lamostradevalencia.com\/wp-content\/uploads\/2023\/09\/2023-MOSTRA-DE-VALENCIA-6-300x300.png",300,300,true],"medium_large":["https:\/\/lamostradevalencia.com\/wp-content\/uploads\/2023\/09\/2023-MOSTRA-DE-VALENCIA-6-768x768.png",768,768,true],"large":["https:\/\/lamostradevalencia.com\/wp-content\/uploads\/2023\/09\/2023-MOSTRA-DE-VALENCIA-6-1024x1024.png",1024,1024,true],"1536x1536":["https:\/\/lamostradevalencia.com\/wp-content\/uploads\/2023\/09\/2023-MOSTRA-DE-VALENCIA-6.png",1080,1080,false],"2048x2048":["https:\/\/lamostradevalencia.com\/wp-content\/uploads\/2023\/09\/2023-MOSTRA-DE-VALENCIA-6.png",1080,1080,false],"cinerama_edge_image_square":["https:\/\/lamostradevalencia.com\/wp-content\/uploads\/2023\/09\/2023-MOSTRA-DE-VALENCIA-6-550x550.png",550,550,true],"cinerama_edge_image_landscape":["https:\/\/lamostradevalencia.com\/wp-content\/uploads\/2023\/09\/2023-MOSTRA-DE-VALENCIA-6-1080x550.png",1080,550,true],"cinerama_edge_image_portrait":["https:\/\/lamostradevalencia.com\/wp-content\/uploads\/2023\/09\/2023-MOSTRA-DE-VALENCIA-6-550x1080.png",550,1080,true],"cinerama_edge_image_huge":["https:\/\/lamostradevalencia.com\/wp-content\/uploads\/2023\/09\/2023-MOSTRA-DE-VALENCIA-6.png",1080,1080,false],"gform-image-choice-sm":["https:\/\/lamostradevalencia.com\/wp-content\/uploads\/2023\/09\/2023-MOSTRA-DE-VALENCIA-6.png",300,300,false],"gform-image-choice-md":["https:\/\/lamostradevalencia.com\/wp-content\/uploads\/2023\/09\/2023-MOSTRA-DE-VALENCIA-6.png",400,400,false],"gform-image-choice-lg":["https:\/\/lamostradevalencia.com\/wp-content\/uploads\/2023\/09\/2023-MOSTRA-DE-VALENCIA-6.png",600,600,false]},"uagb_author_info":{"display_name":"Mostra de Val\u00e8ncia","author_link":"https:\/\/lamostradevalencia.com\/ca\/author\/mostravalencia\/"},"uagb_comment_info":0,"uagb_excerpt":"Els conflictes familiars protagonitzats per dones dominen en els t\u00edtols que completen la Secci\u00f3 Oficial Mostra de Val\u00e8ncia-Cinema del Mediterrani, que se celebrar\u00e0 del 19 [&hellip;]","_links":{"self":[{"href":"https:\/\/lamostradevalencia.com\/ca\/wp-json\/wp\/v2\/posts\/21469","targetHints":{"allow":["GET"]}}],"collection":[{"href":"https:\/\/lamostradevalencia.com\/ca\/wp-json\/wp\/v2\/posts"}],"about":[{"href":"https:\/\/lamostradevalencia.com\/ca\/wp-json\/wp\/v2\/types\/post"}],"author":[{"embeddable":true,"href":"https:\/\/lamostradevalencia.com\/ca\/wp-json\/wp\/v2\/users\/1"}],"replies":[{"embeddable":true,"href":"https:\/\/lamostradevalencia.com\/ca\/wp-json\/wp\/v2\/comments?post=21469"}],"version-history":[{"count":5,"href":"https:\/\/lamostradevalencia.com\/ca\/wp-json\/wp\/v2\/posts\/21469\/revisions"}],"predecessor-version":[{"id":21471,"href":"https:\/\/lamostradevalencia.com\/ca\/wp-json\/wp\/v2\/posts\/21469\/revisions\/21471"}],"wp:featuredmedia":[{"embeddable":true,"href":"https:\/\/lamostradevalencia.com\/ca\/wp-json\/wp\/v2\/media\/21466"}],"wp:attachment":[{"href":"https:\/\/lamostradevalencia.com\/ca\/wp-json\/wp\/v2\/media?parent=21469"}],"wp:term":[{"taxonomy":"category","embeddable":true,"href":"https:\/\/lamostradevalencia.com\/ca\/wp-json\/wp\/v2\/categories?post=21469"},{"taxonomy":"post_tag","embeddable":true,"href":"https:\/\/lamostradevalencia.com\/ca\/wp-json\/wp\/v2\/tags?post=21469"}],"curies":[{"name":"wp","href":"https:\/\/api.w.org\/{rel}","templated":true}]}}