{"id":21416,"date":"2023-09-19T11:00:22","date_gmt":"2023-09-19T09:00:22","guid":{"rendered":"https:\/\/lamostradevalencia.com\/?p=21416"},"modified":"2023-09-19T09:47:57","modified_gmt":"2023-09-19T07:47:57","slug":"paolo-sorrentino-recollira-la-palmera-dhonor-de-mostra-de-valencia-2023","status":"publish","type":"post","link":"https:\/\/lamostradevalencia.com\/ca\/paolo-sorrentino-recollira-la-palmera-dhonor-de-mostra-de-valencia-2023\/","title":{"rendered":"Paolo Sorrentino recollir\u00e0 la Palmera d&#8217;Honor de Mostra de Val\u00e8ncia 2023"},"content":{"rendered":"<p><b>El festival distingeix a un dels directors mediterranis m\u00e9s importants per la seua capacitat d&#8217;an\u00e0lisi de la societat a trav\u00e9s de les imatges<\/b><\/p>\n<p><span style=\"font-weight: 400;\">Mostra de Val\u00e8ncia, que se celebra del 19 al 29 d&#8217;octubre de 2023, concedeix enguany la Palmera d&#8217;Honor, m\u00e0xim guard\u00f3 del festival, al director itali\u00e0 Paolo Sorrentino, com a reconeixement a tota la seua carrera.<\/span><\/p>\n<p><span style=\"font-weight: 400;\">Nascut a N\u00e0pols, amb una filmografia en qu\u00e8 s&#8217;alternen treballs en format curt i llarg, aix\u00ed com s\u00e8ries de televisi\u00f3, Sorrentino ha aconseguit que les majors estreles internacionals desitgen posar-se a les seues mans i els grans festivals es disputen cadascun de les seues estrenes. La cr\u00edtica destaca d&#8217;ell <\/span><b>una capacitat innata per a la poesia visual, la seua facilitat per a passar de la trag\u00e8dia a la com\u00e8dia, i el seu afany per retratar els excessos de la societat italiana contempor\u00e0nia.<\/b><\/p>\n<p><span style=\"font-weight: 400;\">&#8220;En concedir la Palmera d&#8217;Honor a Paolo Sorrentino, Mostra de Val\u00e8ncia reconeix a <\/span><b>un dels directors m\u00e9s importants de l&#8217;audiovisual contemporani, un hereu de la millor tradici\u00f3 del cinema itali\u00e0 que ha sabut construir un univers propi i recognoscible<\/b><span style=\"font-weight: 400;\">&#8220;, assegura el director art\u00edstic del festival, Eduardo Guillot. &#8220;Com els grans cl\u00e0ssics, el realitzador napolit\u00e0 \u00e9s capa\u00e7 de reflexionar a trav\u00e9s de les imatges sobre la hist\u00f2ria i la societat del seu temps sense perdre la capacitat per a connectar amb el p\u00fablic, un privilegi a l&#8217;abast de molt pocs&#8221;.<\/span><\/p>\n<p><span style=\"font-weight: 400;\">Sorrentino visitar\u00e0 Val\u00e8ncia per a recollir el premi i <\/span><b>impartir\u00e0 una classe magistral oberta al p\u00fablic en la Filmoteca de Val\u00e8ncia<\/b><span style=\"font-weight: 400;\">, que coorganitza el cicle amb la Mostra i acollir\u00e0 la projecci\u00f3 de tots els seus llargmetratges concebuts per a la pantalla gran, incloent-hi la versi\u00f3 en dues parts de <\/span><b>&#8216;Silvio (y los otros)<\/b><span style=\"font-weight: 400;\">&#8216; (2018), que va arribar als cines comercials espanyols en una \u00fanica versi\u00f3 redu\u00efda.<\/span><\/p>\n<p><span style=\"font-weight: 400;\">Maestro de l&#8217;est\u00e8tica, responsable de moments ic\u00f2nics que ja formen part de l&#8217;imaginari audiovisual de les \u00faltimes d\u00e8cades, Sorrentino ha sabut reflectir com a pocs al cine tant l&#8217;ambient dels carrers on viu la gent corrent com les altes esferes en les quals es mou la classe pol\u00edtica, tal com demostren els films en qu\u00e8 ha retratat a dirigents tan carism\u00e0tics com Berlusconi i Andreotti. En les seues pel\u00b7l\u00edcules bolca tant records de la seua infantesa i adolesc\u00e8ncia com uns gustos personals que no sols abasten la hist\u00f2ria del set\u00e9 art, sin\u00f3 tamb\u00e9 la de la m\u00fasica popular.<\/span><\/p>\n<p><b>Una carrera plena d&#8217;\u00e8xits<\/b><\/p>\n<p><span style=\"font-weight: 400;\">La seua traject\u00f2ria est\u00e0 jalonada de reconeixements a nivell internacional. En 2001, <\/span><b>\u2018Un hombre de m\u00e1s\u2019<\/b><span style=\"font-weight: 400;\">, el seu primer llargmetratge, va ser seleccionat per al Festival de Cine de Ven\u00e8cia. En 2004 va completar <\/span><b>\u2018<\/b><b>Las consecuencias del amor<\/b><b>\u2019 <\/b><span style=\"font-weight: 400;\">i en 2006\u00a0 <\/span><b>\u2018<\/b><b>El amigo de la familia<\/b><span style=\"font-weight: 400;\">\u2019, totes dos projectades en competici\u00f3 en el Festival Internacional de Cannes. En 2008, amb <\/span><b>\u2018Il divo\u2019<\/b><span style=\"font-weight: 400;\">, va competir per tercera vegada en el certamen franc\u00e9s i va obtindre el Premi del Jurat. Va tornar a la competici\u00f3 en 2011, amb <\/span><b>\u2018<\/b><b>Un lugar donde quedarse<\/b><b>\u2019<\/b><span style=\"font-weight: 400;\">,<\/span><span style=\"font-weight: 400;\"> protagonitzada per Sean Penn, i en 2013, amb <\/span><b>\u2018<\/b><b>La gran belleza<\/b><b>\u2019<\/b><span style=\"font-weight: 400;\">, amb la qu\u00e8 va obtindre un gran \u00e8xit internacional: la pel\u00b7l\u00edcula va obtindre l&#8217;Oscar a la Millor Pel\u00b7l\u00edcula de Parla no Anglesa, el Globo d&#8217;Or i el Bafta a la Millor Pel\u00b7l\u00edcula en Llengua Estrangera.<\/span><\/p>\n<p><span style=\"font-weight: 400;\">En 2015, <\/span><b>\u2018<\/b><b>La juventud<\/b><b>\u2019<\/b><b>,<\/b><span style=\"font-weight: 400;\"> protagonitzada per Michael Caine, Harvey Keitel i Rachel Weisz, a m\u00e9s de tornar a competir a Cannes, va rebre tres Premis del Cine Europeu i dos nominacions al Globo d&#8217;Or. En 2016,<\/span><b>\u2018<\/b><b>The Young Pope<\/b><b>\u2019<\/b><span style=\"font-weight: 400;\">, la primera s\u00e8rie de televisi\u00f3 de Sorrentino, ambientada en El Vatic\u00e0 i protagonitzada per Jude Law i Javier C\u00e1mara, va rebre una nominaci\u00f3 al Globo d&#8217;Or i dos als premis Emmy. En 2018, la seua huitena pel\u00b7l\u00edcula, <\/span><b>\u2018<\/b><b>Silvio (y los otros)<\/b><span style=\"font-weight: 400;\">\u2019, va ser seleccionada en el Festival Internacional de Toronto. En 2019 Sorrentino va dirigir <\/span><b>\u2018<\/b><b>The New Pope<\/b><b>\u2019<\/b><span style=\"font-weight: 400;\">, segona temporada de la s\u00e8rie sobre el jove Papa, i dos anys m\u00e9s tard signatura <\/span><b>\u2018<\/b><b>Fue la mano de Dios<\/b><b>\u2019<\/b><span style=\"font-weight: 400;\">, on recrea la bogeria que va deslligar Maradona a la seua ciutat natal. Presentada en el Festival de Ven\u00e8cia, va guanyar el Gran Premi del Jurat i posteriorment va rebre sengles nominacions al Premi de l&#8217;Acad\u00e8mia i al Globo d&#8217;Or.<\/span><\/p>\n<p><span style=\"font-weight: 400;\">Acaba de finalitzar el rodatge de la seua nova pel\u00b7l\u00edcula,<\/span><b>\u2018<\/b><b>Part\u00e9nope<\/b><b>\u2019<\/b><span style=\"font-weight: 400;\">, localitzada entre N\u00e0pols i Capri, i protagonitzada per Celeste Dalla Porta, Silvia Degrandi i Isabella Ferrari. En ella rescata el mite grec del mateix nom: es tracta d&#8217;una de les sirenes que es va burlar d&#8217;Odisseu. Quan es va ofegar, el seu cos va apar\u00e9ixer en la costa de N\u00e0pols, que pel seu nom va rebre el nom de Part\u00e9nope.<\/span><\/p>\n<p><span style=\"font-weight: 400;\">La 38a edici\u00f3 de Mostra de Val\u00e8ncia-Cinema del Mediterrani est\u00e0 organitzada per l\u2019Ajuntament de Val\u00e8ncia i compta amb la col\u00b7laboraci\u00f3 de l\u2019Institut Valenci\u00e0 de Cultura (IVC), el Palau de la M\u00fasica i Barreira Arte + Dise\u00f1o.<\/span><\/p>\n","protected":false},"excerpt":{"rendered":"<p>El festival distingeix a un dels directors mediterranis m\u00e9s importants per la seua capacitat d&#8217;an\u00e0lisi de la societat a trav\u00e9s de les imatges Mostra de [&hellip;]<\/p>\n","protected":false},"author":1,"featured_media":21423,"comment_status":"open","ping_status":"open","sticky":false,"template":"","format":"standard","meta":{"_uag_custom_page_level_css":"","_jet_sm_ready_style":"","_jet_sm_style":"","_jet_sm_controls_values":"","_jet_sm_fonts_collection":"","_jet_sm_fonts_links":"","footnotes":""},"categories":[455],"tags":[],"class_list":["post-21416","post","type-post","status-publish","format-standard","has-post-thumbnail","hentry","category-noticies"],"yoast_head":"<!-- This site is optimized with the Yoast SEO plugin v27.5 - https:\/\/yoast.com\/product\/yoast-seo-wordpress\/ -->\n<title>Paolo Sorrentino recollir\u00e0 la Palmera d&#039;Honor de Mostra de Val\u00e8ncia 2023 - Mostra de Val\u00e8ncia<\/title>\n<meta name=\"robots\" content=\"index, follow, max-snippet:-1, max-image-preview:large, max-video-preview:-1\" \/>\n<link rel=\"canonical\" href=\"https:\/\/lamostradevalencia.com\/ca\/paolo-sorrentino-recollira-la-palmera-dhonor-de-mostra-de-valencia-2023\/\" \/>\n<meta property=\"og:locale\" content=\"ca_ES\" \/>\n<meta property=\"og:type\" content=\"article\" \/>\n<meta property=\"og:title\" content=\"Paolo Sorrentino recollir\u00e0 la Palmera d&#039;Honor de Mostra de Val\u00e8ncia 2023 - Mostra de Val\u00e8ncia\" \/>\n<meta property=\"og:description\" content=\"El festival distingeix a un dels directors mediterranis m\u00e9s importants per la seua capacitat d&#8217;an\u00e0lisi de la societat a trav\u00e9s de les imatges Mostra de [&hellip;]\" \/>\n<meta property=\"og:url\" content=\"https:\/\/lamostradevalencia.com\/ca\/paolo-sorrentino-recollira-la-palmera-dhonor-de-mostra-de-valencia-2023\/\" \/>\n<meta property=\"og:site_name\" content=\"Mostra de Val\u00e8ncia\" \/>\n<meta property=\"article:published_time\" content=\"2023-09-19T09:00:22+00:00\" \/>\n<meta property=\"og:image\" content=\"https:\/\/lamostradevalencia.com\/wp-content\/uploads\/2023\/09\/2023-MOSTRA-DE-VALENCIA-2.png\" \/>\n\t<meta property=\"og:image:width\" content=\"1080\" \/>\n\t<meta property=\"og:image:height\" content=\"1080\" \/>\n\t<meta property=\"og:image:type\" content=\"image\/png\" \/>\n<meta name=\"author\" content=\"Mostra de Val\u00e8ncia\" \/>\n<meta name=\"twitter:card\" content=\"summary_large_image\" \/>\n<meta name=\"twitter:label1\" content=\"Escrit per\" \/>\n\t<meta name=\"twitter:data1\" content=\"Mostra de Val\u00e8ncia\" \/>\n\t<meta name=\"twitter:label2\" content=\"Temps estimat de lectura\" \/>\n\t<meta name=\"twitter:data2\" content=\"4 minuts\" \/>\n<script type=\"application\/ld+json\" class=\"yoast-schema-graph\">{\"@context\":\"https:\\\/\\\/schema.org\",\"@graph\":[{\"@type\":\"Article\",\"@id\":\"https:\\\/\\\/lamostradevalencia.com\\\/ca\\\/paolo-sorrentino-recollira-la-palmera-dhonor-de-mostra-de-valencia-2023\\\/#article\",\"isPartOf\":{\"@id\":\"https:\\\/\\\/lamostradevalencia.com\\\/ca\\\/paolo-sorrentino-recollira-la-palmera-dhonor-de-mostra-de-valencia-2023\\\/\"},\"author\":{\"name\":\"Mostra de Val\u00e8ncia\",\"@id\":\"https:\\\/\\\/lamostradevalencia.com\\\/ca\\\/#\\\/schema\\\/person\\\/1dc07e4df3d6310b81d2cdf6a034070c\"},\"headline\":\"Paolo Sorrentino recollir\u00e0 la Palmera d&#8217;Honor de Mostra de Val\u00e8ncia 2023\",\"datePublished\":\"2023-09-19T09:00:22+00:00\",\"mainEntityOfPage\":{\"@id\":\"https:\\\/\\\/lamostradevalencia.com\\\/ca\\\/paolo-sorrentino-recollira-la-palmera-dhonor-de-mostra-de-valencia-2023\\\/\"},\"wordCount\":880,\"commentCount\":0,\"image\":{\"@id\":\"https:\\\/\\\/lamostradevalencia.com\\\/ca\\\/paolo-sorrentino-recollira-la-palmera-dhonor-de-mostra-de-valencia-2023\\\/#primaryimage\"},\"thumbnailUrl\":\"https:\\\/\\\/lamostradevalencia.com\\\/wp-content\\\/uploads\\\/2023\\\/09\\\/2023-MOSTRA-DE-VALENCIA-2.png\",\"articleSection\":[\"Noticies\"],\"inLanguage\":\"ca\",\"potentialAction\":[{\"@type\":\"CommentAction\",\"name\":\"Comment\",\"target\":[\"https:\\\/\\\/lamostradevalencia.com\\\/ca\\\/paolo-sorrentino-recollira-la-palmera-dhonor-de-mostra-de-valencia-2023\\\/#respond\"]}]},{\"@type\":\"WebPage\",\"@id\":\"https:\\\/\\\/lamostradevalencia.com\\\/ca\\\/paolo-sorrentino-recollira-la-palmera-dhonor-de-mostra-de-valencia-2023\\\/\",\"url\":\"https:\\\/\\\/lamostradevalencia.com\\\/ca\\\/paolo-sorrentino-recollira-la-palmera-dhonor-de-mostra-de-valencia-2023\\\/\",\"name\":\"Paolo Sorrentino recollir\u00e0 la Palmera d'Honor de Mostra de Val\u00e8ncia 2023 - Mostra de Val\u00e8ncia\",\"isPartOf\":{\"@id\":\"https:\\\/\\\/lamostradevalencia.com\\\/ca\\\/#website\"},\"primaryImageOfPage\":{\"@id\":\"https:\\\/\\\/lamostradevalencia.com\\\/ca\\\/paolo-sorrentino-recollira-la-palmera-dhonor-de-mostra-de-valencia-2023\\\/#primaryimage\"},\"image\":{\"@id\":\"https:\\\/\\\/lamostradevalencia.com\\\/ca\\\/paolo-sorrentino-recollira-la-palmera-dhonor-de-mostra-de-valencia-2023\\\/#primaryimage\"},\"thumbnailUrl\":\"https:\\\/\\\/lamostradevalencia.com\\\/wp-content\\\/uploads\\\/2023\\\/09\\\/2023-MOSTRA-DE-VALENCIA-2.png\",\"datePublished\":\"2023-09-19T09:00:22+00:00\",\"author\":{\"@id\":\"https:\\\/\\\/lamostradevalencia.com\\\/ca\\\/#\\\/schema\\\/person\\\/1dc07e4df3d6310b81d2cdf6a034070c\"},\"breadcrumb\":{\"@id\":\"https:\\\/\\\/lamostradevalencia.com\\\/ca\\\/paolo-sorrentino-recollira-la-palmera-dhonor-de-mostra-de-valencia-2023\\\/#breadcrumb\"},\"inLanguage\":\"ca\",\"potentialAction\":[{\"@type\":\"ReadAction\",\"target\":[\"https:\\\/\\\/lamostradevalencia.com\\\/ca\\\/paolo-sorrentino-recollira-la-palmera-dhonor-de-mostra-de-valencia-2023\\\/\"]}]},{\"@type\":\"ImageObject\",\"inLanguage\":\"ca\",\"@id\":\"https:\\\/\\\/lamostradevalencia.com\\\/ca\\\/paolo-sorrentino-recollira-la-palmera-dhonor-de-mostra-de-valencia-2023\\\/#primaryimage\",\"url\":\"https:\\\/\\\/lamostradevalencia.com\\\/wp-content\\\/uploads\\\/2023\\\/09\\\/2023-MOSTRA-DE-VALENCIA-2.png\",\"contentUrl\":\"https:\\\/\\\/lamostradevalencia.com\\\/wp-content\\\/uploads\\\/2023\\\/09\\\/2023-MOSTRA-DE-VALENCIA-2.png\",\"width\":1080,\"height\":1080},{\"@type\":\"BreadcrumbList\",\"@id\":\"https:\\\/\\\/lamostradevalencia.com\\\/ca\\\/paolo-sorrentino-recollira-la-palmera-dhonor-de-mostra-de-valencia-2023\\\/#breadcrumb\",\"itemListElement\":[{\"@type\":\"ListItem\",\"position\":1,\"name\":\"Portada\",\"item\":\"https:\\\/\\\/lamostradevalencia.com\\\/ca\\\/\"},{\"@type\":\"ListItem\",\"position\":2,\"name\":\"Paolo Sorrentino recollir\u00e0 la Palmera d&#8217;Honor de Mostra de Val\u00e8ncia 2023\"}]},{\"@type\":\"WebSite\",\"@id\":\"https:\\\/\\\/lamostradevalencia.com\\\/ca\\\/#website\",\"url\":\"https:\\\/\\\/lamostradevalencia.com\\\/ca\\\/\",\"name\":\"Mostra de Val\u00e8ncia\",\"description\":\"Cinema del Mediterrani\",\"potentialAction\":[{\"@type\":\"SearchAction\",\"target\":{\"@type\":\"EntryPoint\",\"urlTemplate\":\"https:\\\/\\\/lamostradevalencia.com\\\/ca\\\/?s={search_term_string}\"},\"query-input\":{\"@type\":\"PropertyValueSpecification\",\"valueRequired\":true,\"valueName\":\"search_term_string\"}}],\"inLanguage\":\"ca\"},{\"@type\":\"Person\",\"@id\":\"https:\\\/\\\/lamostradevalencia.com\\\/ca\\\/#\\\/schema\\\/person\\\/1dc07e4df3d6310b81d2cdf6a034070c\",\"name\":\"Mostra de Val\u00e8ncia\",\"image\":{\"@type\":\"ImageObject\",\"inLanguage\":\"ca\",\"@id\":\"https:\\\/\\\/secure.gravatar.com\\\/avatar\\\/ada4dfd699a9907706987adb1bb2b361c2613ccca474b49b8c648de5208e32f8?s=96&d=mm&r=g\",\"url\":\"https:\\\/\\\/secure.gravatar.com\\\/avatar\\\/ada4dfd699a9907706987adb1bb2b361c2613ccca474b49b8c648de5208e32f8?s=96&d=mm&r=g\",\"contentUrl\":\"https:\\\/\\\/secure.gravatar.com\\\/avatar\\\/ada4dfd699a9907706987adb1bb2b361c2613ccca474b49b8c648de5208e32f8?s=96&d=mm&r=g\",\"caption\":\"Mostra de Val\u00e8ncia\"}}]}<\/script>\n<!-- \/ Yoast SEO plugin. -->","yoast_head_json":{"title":"Paolo Sorrentino recollir\u00e0 la Palmera d'Honor de Mostra de Val\u00e8ncia 2023 - Mostra de Val\u00e8ncia","robots":{"index":"index","follow":"follow","max-snippet":"max-snippet:-1","max-image-preview":"max-image-preview:large","max-video-preview":"max-video-preview:-1"},"canonical":"https:\/\/lamostradevalencia.com\/ca\/paolo-sorrentino-recollira-la-palmera-dhonor-de-mostra-de-valencia-2023\/","og_locale":"ca_ES","og_type":"article","og_title":"Paolo Sorrentino recollir\u00e0 la Palmera d'Honor de Mostra de Val\u00e8ncia 2023 - Mostra de Val\u00e8ncia","og_description":"El festival distingeix a un dels directors mediterranis m\u00e9s importants per la seua capacitat d&#8217;an\u00e0lisi de la societat a trav\u00e9s de les imatges Mostra de [&hellip;]","og_url":"https:\/\/lamostradevalencia.com\/ca\/paolo-sorrentino-recollira-la-palmera-dhonor-de-mostra-de-valencia-2023\/","og_site_name":"Mostra de Val\u00e8ncia","article_published_time":"2023-09-19T09:00:22+00:00","og_image":[{"width":1080,"height":1080,"url":"https:\/\/lamostradevalencia.com\/wp-content\/uploads\/2023\/09\/2023-MOSTRA-DE-VALENCIA-2.png","type":"image\/png"}],"author":"Mostra de Val\u00e8ncia","twitter_card":"summary_large_image","twitter_misc":{"Escrit per":"Mostra de Val\u00e8ncia","Temps estimat de lectura":"4 minuts"},"schema":{"@context":"https:\/\/schema.org","@graph":[{"@type":"Article","@id":"https:\/\/lamostradevalencia.com\/ca\/paolo-sorrentino-recollira-la-palmera-dhonor-de-mostra-de-valencia-2023\/#article","isPartOf":{"@id":"https:\/\/lamostradevalencia.com\/ca\/paolo-sorrentino-recollira-la-palmera-dhonor-de-mostra-de-valencia-2023\/"},"author":{"name":"Mostra de Val\u00e8ncia","@id":"https:\/\/lamostradevalencia.com\/ca\/#\/schema\/person\/1dc07e4df3d6310b81d2cdf6a034070c"},"headline":"Paolo Sorrentino recollir\u00e0 la Palmera d&#8217;Honor de Mostra de Val\u00e8ncia 2023","datePublished":"2023-09-19T09:00:22+00:00","mainEntityOfPage":{"@id":"https:\/\/lamostradevalencia.com\/ca\/paolo-sorrentino-recollira-la-palmera-dhonor-de-mostra-de-valencia-2023\/"},"wordCount":880,"commentCount":0,"image":{"@id":"https:\/\/lamostradevalencia.com\/ca\/paolo-sorrentino-recollira-la-palmera-dhonor-de-mostra-de-valencia-2023\/#primaryimage"},"thumbnailUrl":"https:\/\/lamostradevalencia.com\/wp-content\/uploads\/2023\/09\/2023-MOSTRA-DE-VALENCIA-2.png","articleSection":["Noticies"],"inLanguage":"ca","potentialAction":[{"@type":"CommentAction","name":"Comment","target":["https:\/\/lamostradevalencia.com\/ca\/paolo-sorrentino-recollira-la-palmera-dhonor-de-mostra-de-valencia-2023\/#respond"]}]},{"@type":"WebPage","@id":"https:\/\/lamostradevalencia.com\/ca\/paolo-sorrentino-recollira-la-palmera-dhonor-de-mostra-de-valencia-2023\/","url":"https:\/\/lamostradevalencia.com\/ca\/paolo-sorrentino-recollira-la-palmera-dhonor-de-mostra-de-valencia-2023\/","name":"Paolo Sorrentino recollir\u00e0 la Palmera d'Honor de Mostra de Val\u00e8ncia 2023 - Mostra de Val\u00e8ncia","isPartOf":{"@id":"https:\/\/lamostradevalencia.com\/ca\/#website"},"primaryImageOfPage":{"@id":"https:\/\/lamostradevalencia.com\/ca\/paolo-sorrentino-recollira-la-palmera-dhonor-de-mostra-de-valencia-2023\/#primaryimage"},"image":{"@id":"https:\/\/lamostradevalencia.com\/ca\/paolo-sorrentino-recollira-la-palmera-dhonor-de-mostra-de-valencia-2023\/#primaryimage"},"thumbnailUrl":"https:\/\/lamostradevalencia.com\/wp-content\/uploads\/2023\/09\/2023-MOSTRA-DE-VALENCIA-2.png","datePublished":"2023-09-19T09:00:22+00:00","author":{"@id":"https:\/\/lamostradevalencia.com\/ca\/#\/schema\/person\/1dc07e4df3d6310b81d2cdf6a034070c"},"breadcrumb":{"@id":"https:\/\/lamostradevalencia.com\/ca\/paolo-sorrentino-recollira-la-palmera-dhonor-de-mostra-de-valencia-2023\/#breadcrumb"},"inLanguage":"ca","potentialAction":[{"@type":"ReadAction","target":["https:\/\/lamostradevalencia.com\/ca\/paolo-sorrentino-recollira-la-palmera-dhonor-de-mostra-de-valencia-2023\/"]}]},{"@type":"ImageObject","inLanguage":"ca","@id":"https:\/\/lamostradevalencia.com\/ca\/paolo-sorrentino-recollira-la-palmera-dhonor-de-mostra-de-valencia-2023\/#primaryimage","url":"https:\/\/lamostradevalencia.com\/wp-content\/uploads\/2023\/09\/2023-MOSTRA-DE-VALENCIA-2.png","contentUrl":"https:\/\/lamostradevalencia.com\/wp-content\/uploads\/2023\/09\/2023-MOSTRA-DE-VALENCIA-2.png","width":1080,"height":1080},{"@type":"BreadcrumbList","@id":"https:\/\/lamostradevalencia.com\/ca\/paolo-sorrentino-recollira-la-palmera-dhonor-de-mostra-de-valencia-2023\/#breadcrumb","itemListElement":[{"@type":"ListItem","position":1,"name":"Portada","item":"https:\/\/lamostradevalencia.com\/ca\/"},{"@type":"ListItem","position":2,"name":"Paolo Sorrentino recollir\u00e0 la Palmera d&#8217;Honor de Mostra de Val\u00e8ncia 2023"}]},{"@type":"WebSite","@id":"https:\/\/lamostradevalencia.com\/ca\/#website","url":"https:\/\/lamostradevalencia.com\/ca\/","name":"Mostra de Val\u00e8ncia","description":"Cinema del Mediterrani","potentialAction":[{"@type":"SearchAction","target":{"@type":"EntryPoint","urlTemplate":"https:\/\/lamostradevalencia.com\/ca\/?s={search_term_string}"},"query-input":{"@type":"PropertyValueSpecification","valueRequired":true,"valueName":"search_term_string"}}],"inLanguage":"ca"},{"@type":"Person","@id":"https:\/\/lamostradevalencia.com\/ca\/#\/schema\/person\/1dc07e4df3d6310b81d2cdf6a034070c","name":"Mostra de Val\u00e8ncia","image":{"@type":"ImageObject","inLanguage":"ca","@id":"https:\/\/secure.gravatar.com\/avatar\/ada4dfd699a9907706987adb1bb2b361c2613ccca474b49b8c648de5208e32f8?s=96&d=mm&r=g","url":"https:\/\/secure.gravatar.com\/avatar\/ada4dfd699a9907706987adb1bb2b361c2613ccca474b49b8c648de5208e32f8?s=96&d=mm&r=g","contentUrl":"https:\/\/secure.gravatar.com\/avatar\/ada4dfd699a9907706987adb1bb2b361c2613ccca474b49b8c648de5208e32f8?s=96&d=mm&r=g","caption":"Mostra de Val\u00e8ncia"}}]}},"uagb_featured_image_src":{"full":["https:\/\/lamostradevalencia.com\/wp-content\/uploads\/2023\/09\/2023-MOSTRA-DE-VALENCIA-2.png",1080,1080,false],"thumbnail":["https:\/\/lamostradevalencia.com\/wp-content\/uploads\/2023\/09\/2023-MOSTRA-DE-VALENCIA-2-150x150.png",150,150,true],"medium":["https:\/\/lamostradevalencia.com\/wp-content\/uploads\/2023\/09\/2023-MOSTRA-DE-VALENCIA-2-300x300.png",300,300,true],"medium_large":["https:\/\/lamostradevalencia.com\/wp-content\/uploads\/2023\/09\/2023-MOSTRA-DE-VALENCIA-2-768x768.png",768,768,true],"large":["https:\/\/lamostradevalencia.com\/wp-content\/uploads\/2023\/09\/2023-MOSTRA-DE-VALENCIA-2-1024x1024.png",1024,1024,true],"1536x1536":["https:\/\/lamostradevalencia.com\/wp-content\/uploads\/2023\/09\/2023-MOSTRA-DE-VALENCIA-2.png",1080,1080,false],"2048x2048":["https:\/\/lamostradevalencia.com\/wp-content\/uploads\/2023\/09\/2023-MOSTRA-DE-VALENCIA-2.png",1080,1080,false],"cinerama_edge_image_square":["https:\/\/lamostradevalencia.com\/wp-content\/uploads\/2023\/09\/2023-MOSTRA-DE-VALENCIA-2-550x550.png",550,550,true],"cinerama_edge_image_landscape":["https:\/\/lamostradevalencia.com\/wp-content\/uploads\/2023\/09\/2023-MOSTRA-DE-VALENCIA-2-1080x550.png",1080,550,true],"cinerama_edge_image_portrait":["https:\/\/lamostradevalencia.com\/wp-content\/uploads\/2023\/09\/2023-MOSTRA-DE-VALENCIA-2-550x1080.png",550,1080,true],"cinerama_edge_image_huge":["https:\/\/lamostradevalencia.com\/wp-content\/uploads\/2023\/09\/2023-MOSTRA-DE-VALENCIA-2.png",1080,1080,false],"gform-image-choice-sm":["https:\/\/lamostradevalencia.com\/wp-content\/uploads\/2023\/09\/2023-MOSTRA-DE-VALENCIA-2.png",300,300,false],"gform-image-choice-md":["https:\/\/lamostradevalencia.com\/wp-content\/uploads\/2023\/09\/2023-MOSTRA-DE-VALENCIA-2.png",400,400,false],"gform-image-choice-lg":["https:\/\/lamostradevalencia.com\/wp-content\/uploads\/2023\/09\/2023-MOSTRA-DE-VALENCIA-2.png",600,600,false]},"uagb_author_info":{"display_name":"Mostra de Val\u00e8ncia","author_link":"https:\/\/lamostradevalencia.com\/ca\/author\/mostravalencia\/"},"uagb_comment_info":0,"uagb_excerpt":"El festival distingeix a un dels directors mediterranis m\u00e9s importants per la seua capacitat d&#8217;an\u00e0lisi de la societat a trav\u00e9s de les imatges Mostra de [&hellip;]","_links":{"self":[{"href":"https:\/\/lamostradevalencia.com\/ca\/wp-json\/wp\/v2\/posts\/21416","targetHints":{"allow":["GET"]}}],"collection":[{"href":"https:\/\/lamostradevalencia.com\/ca\/wp-json\/wp\/v2\/posts"}],"about":[{"href":"https:\/\/lamostradevalencia.com\/ca\/wp-json\/wp\/v2\/types\/post"}],"author":[{"embeddable":true,"href":"https:\/\/lamostradevalencia.com\/ca\/wp-json\/wp\/v2\/users\/1"}],"replies":[{"embeddable":true,"href":"https:\/\/lamostradevalencia.com\/ca\/wp-json\/wp\/v2\/comments?post=21416"}],"version-history":[{"count":3,"href":"https:\/\/lamostradevalencia.com\/ca\/wp-json\/wp\/v2\/posts\/21416\/revisions"}],"predecessor-version":[{"id":21419,"href":"https:\/\/lamostradevalencia.com\/ca\/wp-json\/wp\/v2\/posts\/21416\/revisions\/21419"}],"wp:featuredmedia":[{"embeddable":true,"href":"https:\/\/lamostradevalencia.com\/ca\/wp-json\/wp\/v2\/media\/21423"}],"wp:attachment":[{"href":"https:\/\/lamostradevalencia.com\/ca\/wp-json\/wp\/v2\/media?parent=21416"}],"wp:term":[{"taxonomy":"category","embeddable":true,"href":"https:\/\/lamostradevalencia.com\/ca\/wp-json\/wp\/v2\/categories?post=21416"},{"taxonomy":"post_tag","embeddable":true,"href":"https:\/\/lamostradevalencia.com\/ca\/wp-json\/wp\/v2\/tags?post=21416"}],"curies":[{"name":"wp","href":"https:\/\/api.w.org\/{rel}","templated":true}]}}