{"id":21385,"date":"2023-09-14T11:00:55","date_gmt":"2023-09-14T09:00:55","guid":{"rendered":"https:\/\/lamostradevalencia.com\/?p=21385"},"modified":"2023-09-14T10:48:31","modified_gmt":"2023-09-14T08:48:31","slug":"mostra-de-valencia-acollira-lestrena-del-primer-documental-sobre-paco-roca","status":"publish","type":"post","link":"https:\/\/lamostradevalencia.com\/ca\/mostra-de-valencia-acollira-lestrena-del-primer-documental-sobre-paco-roca\/","title":{"rendered":"Mostra de Val\u00e8ncia acollir\u00e0 l&#8217;estrena del primer documental sobre Paco Roca"},"content":{"rendered":"<h5><b>La pel\u00b7l\u00edcula, dirigida per Batiste Miguel, compta amb els testimoniatges d&#8217;Amen\u00e1bar, Elvira Lindo i Joaqu\u00edn Reyes, entre altres<\/b><\/h5>\n<p><span style=\"font-weight: 400;\">Mostra de Val\u00e8ncia, que se celebra del 19 al 29 d&#8217;octubre, acollir\u00e0 l&#8217;estrena mundial de<strong> &#8216;Paco Roca, dibujando la vida&#8217;,<\/strong> film centrat en el guardonat dibuixant i il\u00b7lustrador, fill predilecte de Val\u00e8ncia, que \u201cha sabut transcendir el m\u00f3n tancat del c\u00f2mic, que se sol relacionar amb la inf\u00e0ncia, i tamb\u00e9 amb la percepci\u00f3 que no era un mitj\u00e0 per a comptar coses importants\u201d, en paraules del c\u00f2mic Joaqu\u00edn Reyes, un dels nombrosos participants del documental, incl\u00f2s dins de les <\/span><b>Sessions Especials del festival.<\/b><\/p>\n<p><span style=\"font-weight: 400;\">El director, Batiste Miguel Gil, ha comptat amb la col\u00b7laboraci\u00f3 del dibuixant, que relata la seua traject\u00f2ria en primera persona, per\u00f2 tamb\u00e9 amb un bon nombre d&#8217;amics com Jos\u00e9 Manuel Casa\u00f1 (Seguridad Social), Elvira Lindo, Alejandro Amen\u00e1bar, Carlos de Diego, Mart\u00edn For\u00e9s, l&#8217;esmentat Joaqu\u00edn Reyes, i Carlos Areces, que emergeix com un gran especialista en l&#8217;obra de Roca.<\/span><\/p>\n<p><span style=\"font-weight: 400;\">Des dels 17 anys, Paco Roca va comen\u00e7ar a guanyar-se la vida dibuixant, en el m\u00f3n de la publicitat i dues d\u00e8cades despr\u00e9s va aconseguir dedicar-se plenament al c\u00f2mic. Les seues novel\u00b7les gr\u00e0fiques s&#8217;han tradu\u00eft a una dotzena d&#8217;idiomes i han sigut reconegudes amb multitud de guardons, entre els quals destaca el Premi Nacional de C\u00f2mic 2008 o el Premi Premio Eisner de la Comic Con de San Diego,\u00a0 que va rebre en 2020 per la seua obra &#8216;La casa&#8217; i \u00e9s considerat l&#8217;\u00d3scar dels c\u00f2mics. El Premi del Sal\u00f3 del C\u00f2mic de Barcelona, el Dolmen de la cr\u00edtica o el Madrid Expoc\u00f3mic s\u00f3n unes altres de les distincions que atresora a nivell estatal, mentre que en l&#8217;\u00e0mbit internacional ha rebut el Gran Premi Romics de Roma, el Premi Gran Guinigi de Lucca o l\u2019Excellence Award del Japan Media Art Festival, entre altres.<\/span><\/p>\n<p><span style=\"font-weight: 400;\">Alguns dels seus c\u00f2mics han sigut portats a l&#8217;\u00e0mbit audiovisual, com \u00e9s el cas de \u2018Arruguas\u2019 (Ignacio Ferreras, 2011), que va obtindre el Goya a la Millor Pel\u00b7l\u00edcula d&#8217;Animaci\u00f3 i al Millor Gui\u00f3 Adaptat; \u2018Memorias de un hombre en pijama\u2019 (Carlos Fern\u00e1ndez de Vigo, 2018); o \u2018El tesoro del Cisne Negro\u2019, s\u00e8rie de televisi\u00f3 dirigida per Alejandro Amen\u00e1bar.<\/span><\/p>\n<p><span style=\"font-weight: 400;\">El documental est\u00e0 dividit en cap\u00edtols tem\u00e0tics com els c\u00f2mics, l&#8217;ofici o la creativitat: \u201cRepassant l&#8217;obra de Paco, el primer que crida l&#8217;atenci\u00f3 \u00e9s la diversitat de registres que tenen les seues novel\u00b7les: suspens, aventures, hist\u00f2ria, relacions familiars, intimisme, humor&#8230; Tot aix\u00f2 tenia a veure tamb\u00e9 amb els diferents aspectes en la vida del protagonista: la fam\u00edlia, els amics, l&#8217;\u00e8xit internacional, el treball. Decidim llavors plasmar eixes diferents facetes, per aix\u00f2 plantegem l&#8217;estructura en cap\u00edtols, com les diferents cares d&#8217;un poliedre, per a al final construir un retrat integral\u201d, assegura el director.<\/span><\/p>\n<p><span style=\"font-weight: 400;\">Despr\u00e9s del seu pas pel festival, una versi\u00f3 del documental redu\u00efda i adaptada al format televisiu podr\u00e0 veure&#8217;s en el programa \u2018Imprescindibles\u2019, de TVE.<\/span><\/p>\n<p><span style=\"font-weight: 400;\">La 38a edici\u00f3 de Mostra de Val\u00e8ncia-Cinema del Mediterrani est\u00e0 organitzada per l\u2019Ajuntament de Val\u00e8ncia i compta amb la col\u00b7laboraci\u00f3 de l\u2019Institut Valenci\u00e0 de Cultura (IVC), el Palau de la M\u00fasica i Barreira Arte + Dise\u00f1o.<\/span><\/p>\n","protected":false},"excerpt":{"rendered":"<p>La pel\u00b7l\u00edcula, dirigida per Batiste Miguel, compta amb els testimoniatges d&#8217;Amen\u00e1bar, Elvira Lindo i Joaqu\u00edn Reyes, entre altres Mostra de Val\u00e8ncia, que se celebra del [&hellip;]<\/p>\n","protected":false},"author":1,"featured_media":21379,"comment_status":"open","ping_status":"open","sticky":false,"template":"","format":"standard","meta":{"_uag_custom_page_level_css":"","_jet_sm_ready_style":"","_jet_sm_style":"","_jet_sm_controls_values":"","_jet_sm_fonts_collection":"","_jet_sm_fonts_links":"","footnotes":""},"categories":[455],"tags":[],"class_list":["post-21385","post","type-post","status-publish","format-standard","has-post-thumbnail","hentry","category-noticies"],"yoast_head":"<!-- This site is optimized with the Yoast SEO plugin v27.5 - https:\/\/yoast.com\/product\/yoast-seo-wordpress\/ -->\n<title>Mostra de Val\u00e8ncia acollir\u00e0 l&#039;estrena del primer documental sobre Paco Roca - Mostra de Val\u00e8ncia<\/title>\n<meta name=\"robots\" content=\"index, follow, max-snippet:-1, max-image-preview:large, max-video-preview:-1\" \/>\n<link rel=\"canonical\" href=\"https:\/\/lamostradevalencia.com\/ca\/mostra-de-valencia-acollira-lestrena-del-primer-documental-sobre-paco-roca\/\" \/>\n<meta property=\"og:locale\" content=\"ca_ES\" \/>\n<meta property=\"og:type\" content=\"article\" \/>\n<meta property=\"og:title\" content=\"Mostra de Val\u00e8ncia acollir\u00e0 l&#039;estrena del primer documental sobre Paco Roca - Mostra de Val\u00e8ncia\" \/>\n<meta property=\"og:description\" content=\"La pel\u00b7l\u00edcula, dirigida per Batiste Miguel, compta amb els testimoniatges d&#8217;Amen\u00e1bar, Elvira Lindo i Joaqu\u00edn Reyes, entre altres Mostra de Val\u00e8ncia, que se celebra del [&hellip;]\" \/>\n<meta property=\"og:url\" content=\"https:\/\/lamostradevalencia.com\/ca\/mostra-de-valencia-acollira-lestrena-del-primer-documental-sobre-paco-roca\/\" \/>\n<meta property=\"og:site_name\" content=\"Mostra de Val\u00e8ncia\" \/>\n<meta property=\"article:published_time\" content=\"2023-09-14T09:00:55+00:00\" \/>\n<meta property=\"og:image\" content=\"https:\/\/lamostradevalencia.com\/wp-content\/uploads\/2023\/09\/Paco-Roca-Mostra-de-Valencia.png\" \/>\n\t<meta property=\"og:image:width\" content=\"1080\" \/>\n\t<meta property=\"og:image:height\" content=\"1080\" \/>\n\t<meta property=\"og:image:type\" content=\"image\/png\" \/>\n<meta name=\"author\" content=\"Mostra de Val\u00e8ncia\" \/>\n<meta name=\"twitter:card\" content=\"summary_large_image\" \/>\n<meta name=\"twitter:label1\" content=\"Escrit per\" \/>\n\t<meta name=\"twitter:data1\" content=\"Mostra de Val\u00e8ncia\" \/>\n\t<meta name=\"twitter:label2\" content=\"Temps estimat de lectura\" \/>\n\t<meta name=\"twitter:data2\" content=\"3 minuts\" \/>\n<script type=\"application\/ld+json\" class=\"yoast-schema-graph\">{\"@context\":\"https:\\\/\\\/schema.org\",\"@graph\":[{\"@type\":\"Article\",\"@id\":\"https:\\\/\\\/lamostradevalencia.com\\\/ca\\\/mostra-de-valencia-acollira-lestrena-del-primer-documental-sobre-paco-roca\\\/#article\",\"isPartOf\":{\"@id\":\"https:\\\/\\\/lamostradevalencia.com\\\/ca\\\/mostra-de-valencia-acollira-lestrena-del-primer-documental-sobre-paco-roca\\\/\"},\"author\":{\"name\":\"Mostra de Val\u00e8ncia\",\"@id\":\"https:\\\/\\\/lamostradevalencia.com\\\/ca\\\/#\\\/schema\\\/person\\\/1dc07e4df3d6310b81d2cdf6a034070c\"},\"headline\":\"Mostra de Val\u00e8ncia acollir\u00e0 l&#8217;estrena del primer documental sobre Paco Roca\",\"datePublished\":\"2023-09-14T09:00:55+00:00\",\"mainEntityOfPage\":{\"@id\":\"https:\\\/\\\/lamostradevalencia.com\\\/ca\\\/mostra-de-valencia-acollira-lestrena-del-primer-documental-sobre-paco-roca\\\/\"},\"wordCount\":592,\"commentCount\":0,\"image\":{\"@id\":\"https:\\\/\\\/lamostradevalencia.com\\\/ca\\\/mostra-de-valencia-acollira-lestrena-del-primer-documental-sobre-paco-roca\\\/#primaryimage\"},\"thumbnailUrl\":\"https:\\\/\\\/lamostradevalencia.com\\\/wp-content\\\/uploads\\\/2023\\\/09\\\/Paco-Roca-Mostra-de-Valencia.png\",\"articleSection\":[\"Noticies\"],\"inLanguage\":\"ca\",\"potentialAction\":[{\"@type\":\"CommentAction\",\"name\":\"Comment\",\"target\":[\"https:\\\/\\\/lamostradevalencia.com\\\/ca\\\/mostra-de-valencia-acollira-lestrena-del-primer-documental-sobre-paco-roca\\\/#respond\"]}]},{\"@type\":\"WebPage\",\"@id\":\"https:\\\/\\\/lamostradevalencia.com\\\/ca\\\/mostra-de-valencia-acollira-lestrena-del-primer-documental-sobre-paco-roca\\\/\",\"url\":\"https:\\\/\\\/lamostradevalencia.com\\\/ca\\\/mostra-de-valencia-acollira-lestrena-del-primer-documental-sobre-paco-roca\\\/\",\"name\":\"Mostra de Val\u00e8ncia acollir\u00e0 l'estrena del primer documental sobre Paco Roca - Mostra de Val\u00e8ncia\",\"isPartOf\":{\"@id\":\"https:\\\/\\\/lamostradevalencia.com\\\/ca\\\/#website\"},\"primaryImageOfPage\":{\"@id\":\"https:\\\/\\\/lamostradevalencia.com\\\/ca\\\/mostra-de-valencia-acollira-lestrena-del-primer-documental-sobre-paco-roca\\\/#primaryimage\"},\"image\":{\"@id\":\"https:\\\/\\\/lamostradevalencia.com\\\/ca\\\/mostra-de-valencia-acollira-lestrena-del-primer-documental-sobre-paco-roca\\\/#primaryimage\"},\"thumbnailUrl\":\"https:\\\/\\\/lamostradevalencia.com\\\/wp-content\\\/uploads\\\/2023\\\/09\\\/Paco-Roca-Mostra-de-Valencia.png\",\"datePublished\":\"2023-09-14T09:00:55+00:00\",\"author\":{\"@id\":\"https:\\\/\\\/lamostradevalencia.com\\\/ca\\\/#\\\/schema\\\/person\\\/1dc07e4df3d6310b81d2cdf6a034070c\"},\"breadcrumb\":{\"@id\":\"https:\\\/\\\/lamostradevalencia.com\\\/ca\\\/mostra-de-valencia-acollira-lestrena-del-primer-documental-sobre-paco-roca\\\/#breadcrumb\"},\"inLanguage\":\"ca\",\"potentialAction\":[{\"@type\":\"ReadAction\",\"target\":[\"https:\\\/\\\/lamostradevalencia.com\\\/ca\\\/mostra-de-valencia-acollira-lestrena-del-primer-documental-sobre-paco-roca\\\/\"]}]},{\"@type\":\"ImageObject\",\"inLanguage\":\"ca\",\"@id\":\"https:\\\/\\\/lamostradevalencia.com\\\/ca\\\/mostra-de-valencia-acollira-lestrena-del-primer-documental-sobre-paco-roca\\\/#primaryimage\",\"url\":\"https:\\\/\\\/lamostradevalencia.com\\\/wp-content\\\/uploads\\\/2023\\\/09\\\/Paco-Roca-Mostra-de-Valencia.png\",\"contentUrl\":\"https:\\\/\\\/lamostradevalencia.com\\\/wp-content\\\/uploads\\\/2023\\\/09\\\/Paco-Roca-Mostra-de-Valencia.png\",\"width\":1080,\"height\":1080},{\"@type\":\"BreadcrumbList\",\"@id\":\"https:\\\/\\\/lamostradevalencia.com\\\/ca\\\/mostra-de-valencia-acollira-lestrena-del-primer-documental-sobre-paco-roca\\\/#breadcrumb\",\"itemListElement\":[{\"@type\":\"ListItem\",\"position\":1,\"name\":\"Portada\",\"item\":\"https:\\\/\\\/lamostradevalencia.com\\\/ca\\\/\"},{\"@type\":\"ListItem\",\"position\":2,\"name\":\"Mostra de Val\u00e8ncia acollir\u00e0 l&#8217;estrena del primer documental sobre Paco Roca\"}]},{\"@type\":\"WebSite\",\"@id\":\"https:\\\/\\\/lamostradevalencia.com\\\/ca\\\/#website\",\"url\":\"https:\\\/\\\/lamostradevalencia.com\\\/ca\\\/\",\"name\":\"Mostra de Val\u00e8ncia\",\"description\":\"Cinema del Mediterrani\",\"potentialAction\":[{\"@type\":\"SearchAction\",\"target\":{\"@type\":\"EntryPoint\",\"urlTemplate\":\"https:\\\/\\\/lamostradevalencia.com\\\/ca\\\/?s={search_term_string}\"},\"query-input\":{\"@type\":\"PropertyValueSpecification\",\"valueRequired\":true,\"valueName\":\"search_term_string\"}}],\"inLanguage\":\"ca\"},{\"@type\":\"Person\",\"@id\":\"https:\\\/\\\/lamostradevalencia.com\\\/ca\\\/#\\\/schema\\\/person\\\/1dc07e4df3d6310b81d2cdf6a034070c\",\"name\":\"Mostra de Val\u00e8ncia\",\"image\":{\"@type\":\"ImageObject\",\"inLanguage\":\"ca\",\"@id\":\"https:\\\/\\\/secure.gravatar.com\\\/avatar\\\/ada4dfd699a9907706987adb1bb2b361c2613ccca474b49b8c648de5208e32f8?s=96&d=mm&r=g\",\"url\":\"https:\\\/\\\/secure.gravatar.com\\\/avatar\\\/ada4dfd699a9907706987adb1bb2b361c2613ccca474b49b8c648de5208e32f8?s=96&d=mm&r=g\",\"contentUrl\":\"https:\\\/\\\/secure.gravatar.com\\\/avatar\\\/ada4dfd699a9907706987adb1bb2b361c2613ccca474b49b8c648de5208e32f8?s=96&d=mm&r=g\",\"caption\":\"Mostra de Val\u00e8ncia\"}}]}<\/script>\n<!-- \/ Yoast SEO plugin. -->","yoast_head_json":{"title":"Mostra de Val\u00e8ncia acollir\u00e0 l'estrena del primer documental sobre Paco Roca - Mostra de Val\u00e8ncia","robots":{"index":"index","follow":"follow","max-snippet":"max-snippet:-1","max-image-preview":"max-image-preview:large","max-video-preview":"max-video-preview:-1"},"canonical":"https:\/\/lamostradevalencia.com\/ca\/mostra-de-valencia-acollira-lestrena-del-primer-documental-sobre-paco-roca\/","og_locale":"ca_ES","og_type":"article","og_title":"Mostra de Val\u00e8ncia acollir\u00e0 l'estrena del primer documental sobre Paco Roca - Mostra de Val\u00e8ncia","og_description":"La pel\u00b7l\u00edcula, dirigida per Batiste Miguel, compta amb els testimoniatges d&#8217;Amen\u00e1bar, Elvira Lindo i Joaqu\u00edn Reyes, entre altres Mostra de Val\u00e8ncia, que se celebra del [&hellip;]","og_url":"https:\/\/lamostradevalencia.com\/ca\/mostra-de-valencia-acollira-lestrena-del-primer-documental-sobre-paco-roca\/","og_site_name":"Mostra de Val\u00e8ncia","article_published_time":"2023-09-14T09:00:55+00:00","og_image":[{"width":1080,"height":1080,"url":"https:\/\/lamostradevalencia.com\/wp-content\/uploads\/2023\/09\/Paco-Roca-Mostra-de-Valencia.png","type":"image\/png"}],"author":"Mostra de Val\u00e8ncia","twitter_card":"summary_large_image","twitter_misc":{"Escrit per":"Mostra de Val\u00e8ncia","Temps estimat de lectura":"3 minuts"},"schema":{"@context":"https:\/\/schema.org","@graph":[{"@type":"Article","@id":"https:\/\/lamostradevalencia.com\/ca\/mostra-de-valencia-acollira-lestrena-del-primer-documental-sobre-paco-roca\/#article","isPartOf":{"@id":"https:\/\/lamostradevalencia.com\/ca\/mostra-de-valencia-acollira-lestrena-del-primer-documental-sobre-paco-roca\/"},"author":{"name":"Mostra de Val\u00e8ncia","@id":"https:\/\/lamostradevalencia.com\/ca\/#\/schema\/person\/1dc07e4df3d6310b81d2cdf6a034070c"},"headline":"Mostra de Val\u00e8ncia acollir\u00e0 l&#8217;estrena del primer documental sobre Paco Roca","datePublished":"2023-09-14T09:00:55+00:00","mainEntityOfPage":{"@id":"https:\/\/lamostradevalencia.com\/ca\/mostra-de-valencia-acollira-lestrena-del-primer-documental-sobre-paco-roca\/"},"wordCount":592,"commentCount":0,"image":{"@id":"https:\/\/lamostradevalencia.com\/ca\/mostra-de-valencia-acollira-lestrena-del-primer-documental-sobre-paco-roca\/#primaryimage"},"thumbnailUrl":"https:\/\/lamostradevalencia.com\/wp-content\/uploads\/2023\/09\/Paco-Roca-Mostra-de-Valencia.png","articleSection":["Noticies"],"inLanguage":"ca","potentialAction":[{"@type":"CommentAction","name":"Comment","target":["https:\/\/lamostradevalencia.com\/ca\/mostra-de-valencia-acollira-lestrena-del-primer-documental-sobre-paco-roca\/#respond"]}]},{"@type":"WebPage","@id":"https:\/\/lamostradevalencia.com\/ca\/mostra-de-valencia-acollira-lestrena-del-primer-documental-sobre-paco-roca\/","url":"https:\/\/lamostradevalencia.com\/ca\/mostra-de-valencia-acollira-lestrena-del-primer-documental-sobre-paco-roca\/","name":"Mostra de Val\u00e8ncia acollir\u00e0 l'estrena del primer documental sobre Paco Roca - Mostra de Val\u00e8ncia","isPartOf":{"@id":"https:\/\/lamostradevalencia.com\/ca\/#website"},"primaryImageOfPage":{"@id":"https:\/\/lamostradevalencia.com\/ca\/mostra-de-valencia-acollira-lestrena-del-primer-documental-sobre-paco-roca\/#primaryimage"},"image":{"@id":"https:\/\/lamostradevalencia.com\/ca\/mostra-de-valencia-acollira-lestrena-del-primer-documental-sobre-paco-roca\/#primaryimage"},"thumbnailUrl":"https:\/\/lamostradevalencia.com\/wp-content\/uploads\/2023\/09\/Paco-Roca-Mostra-de-Valencia.png","datePublished":"2023-09-14T09:00:55+00:00","author":{"@id":"https:\/\/lamostradevalencia.com\/ca\/#\/schema\/person\/1dc07e4df3d6310b81d2cdf6a034070c"},"breadcrumb":{"@id":"https:\/\/lamostradevalencia.com\/ca\/mostra-de-valencia-acollira-lestrena-del-primer-documental-sobre-paco-roca\/#breadcrumb"},"inLanguage":"ca","potentialAction":[{"@type":"ReadAction","target":["https:\/\/lamostradevalencia.com\/ca\/mostra-de-valencia-acollira-lestrena-del-primer-documental-sobre-paco-roca\/"]}]},{"@type":"ImageObject","inLanguage":"ca","@id":"https:\/\/lamostradevalencia.com\/ca\/mostra-de-valencia-acollira-lestrena-del-primer-documental-sobre-paco-roca\/#primaryimage","url":"https:\/\/lamostradevalencia.com\/wp-content\/uploads\/2023\/09\/Paco-Roca-Mostra-de-Valencia.png","contentUrl":"https:\/\/lamostradevalencia.com\/wp-content\/uploads\/2023\/09\/Paco-Roca-Mostra-de-Valencia.png","width":1080,"height":1080},{"@type":"BreadcrumbList","@id":"https:\/\/lamostradevalencia.com\/ca\/mostra-de-valencia-acollira-lestrena-del-primer-documental-sobre-paco-roca\/#breadcrumb","itemListElement":[{"@type":"ListItem","position":1,"name":"Portada","item":"https:\/\/lamostradevalencia.com\/ca\/"},{"@type":"ListItem","position":2,"name":"Mostra de Val\u00e8ncia acollir\u00e0 l&#8217;estrena del primer documental sobre Paco Roca"}]},{"@type":"WebSite","@id":"https:\/\/lamostradevalencia.com\/ca\/#website","url":"https:\/\/lamostradevalencia.com\/ca\/","name":"Mostra de Val\u00e8ncia","description":"Cinema del Mediterrani","potentialAction":[{"@type":"SearchAction","target":{"@type":"EntryPoint","urlTemplate":"https:\/\/lamostradevalencia.com\/ca\/?s={search_term_string}"},"query-input":{"@type":"PropertyValueSpecification","valueRequired":true,"valueName":"search_term_string"}}],"inLanguage":"ca"},{"@type":"Person","@id":"https:\/\/lamostradevalencia.com\/ca\/#\/schema\/person\/1dc07e4df3d6310b81d2cdf6a034070c","name":"Mostra de Val\u00e8ncia","image":{"@type":"ImageObject","inLanguage":"ca","@id":"https:\/\/secure.gravatar.com\/avatar\/ada4dfd699a9907706987adb1bb2b361c2613ccca474b49b8c648de5208e32f8?s=96&d=mm&r=g","url":"https:\/\/secure.gravatar.com\/avatar\/ada4dfd699a9907706987adb1bb2b361c2613ccca474b49b8c648de5208e32f8?s=96&d=mm&r=g","contentUrl":"https:\/\/secure.gravatar.com\/avatar\/ada4dfd699a9907706987adb1bb2b361c2613ccca474b49b8c648de5208e32f8?s=96&d=mm&r=g","caption":"Mostra de Val\u00e8ncia"}}]}},"uagb_featured_image_src":{"full":["https:\/\/lamostradevalencia.com\/wp-content\/uploads\/2023\/09\/Paco-Roca-Mostra-de-Valencia.png",1080,1080,false],"thumbnail":["https:\/\/lamostradevalencia.com\/wp-content\/uploads\/2023\/09\/Paco-Roca-Mostra-de-Valencia-150x150.png",150,150,true],"medium":["https:\/\/lamostradevalencia.com\/wp-content\/uploads\/2023\/09\/Paco-Roca-Mostra-de-Valencia-300x300.png",300,300,true],"medium_large":["https:\/\/lamostradevalencia.com\/wp-content\/uploads\/2023\/09\/Paco-Roca-Mostra-de-Valencia-768x768.png",768,768,true],"large":["https:\/\/lamostradevalencia.com\/wp-content\/uploads\/2023\/09\/Paco-Roca-Mostra-de-Valencia-1024x1024.png",1024,1024,true],"1536x1536":["https:\/\/lamostradevalencia.com\/wp-content\/uploads\/2023\/09\/Paco-Roca-Mostra-de-Valencia.png",1080,1080,false],"2048x2048":["https:\/\/lamostradevalencia.com\/wp-content\/uploads\/2023\/09\/Paco-Roca-Mostra-de-Valencia.png",1080,1080,false],"cinerama_edge_image_square":["https:\/\/lamostradevalencia.com\/wp-content\/uploads\/2023\/09\/Paco-Roca-Mostra-de-Valencia-550x550.png",550,550,true],"cinerama_edge_image_landscape":["https:\/\/lamostradevalencia.com\/wp-content\/uploads\/2023\/09\/Paco-Roca-Mostra-de-Valencia-1080x550.png",1080,550,true],"cinerama_edge_image_portrait":["https:\/\/lamostradevalencia.com\/wp-content\/uploads\/2023\/09\/Paco-Roca-Mostra-de-Valencia-550x1080.png",550,1080,true],"cinerama_edge_image_huge":["https:\/\/lamostradevalencia.com\/wp-content\/uploads\/2023\/09\/Paco-Roca-Mostra-de-Valencia.png",1080,1080,false],"gform-image-choice-sm":["https:\/\/lamostradevalencia.com\/wp-content\/uploads\/2023\/09\/Paco-Roca-Mostra-de-Valencia.png",300,300,false],"gform-image-choice-md":["https:\/\/lamostradevalencia.com\/wp-content\/uploads\/2023\/09\/Paco-Roca-Mostra-de-Valencia.png",400,400,false],"gform-image-choice-lg":["https:\/\/lamostradevalencia.com\/wp-content\/uploads\/2023\/09\/Paco-Roca-Mostra-de-Valencia.png",600,600,false]},"uagb_author_info":{"display_name":"Mostra de Val\u00e8ncia","author_link":"https:\/\/lamostradevalencia.com\/ca\/author\/mostravalencia\/"},"uagb_comment_info":0,"uagb_excerpt":"La pel\u00b7l\u00edcula, dirigida per Batiste Miguel, compta amb els testimoniatges d&#8217;Amen\u00e1bar, Elvira Lindo i Joaqu\u00edn Reyes, entre altres Mostra de Val\u00e8ncia, que se celebra del [&hellip;]","_links":{"self":[{"href":"https:\/\/lamostradevalencia.com\/ca\/wp-json\/wp\/v2\/posts\/21385","targetHints":{"allow":["GET"]}}],"collection":[{"href":"https:\/\/lamostradevalencia.com\/ca\/wp-json\/wp\/v2\/posts"}],"about":[{"href":"https:\/\/lamostradevalencia.com\/ca\/wp-json\/wp\/v2\/types\/post"}],"author":[{"embeddable":true,"href":"https:\/\/lamostradevalencia.com\/ca\/wp-json\/wp\/v2\/users\/1"}],"replies":[{"embeddable":true,"href":"https:\/\/lamostradevalencia.com\/ca\/wp-json\/wp\/v2\/comments?post=21385"}],"version-history":[{"count":3,"href":"https:\/\/lamostradevalencia.com\/ca\/wp-json\/wp\/v2\/posts\/21385\/revisions"}],"predecessor-version":[{"id":21388,"href":"https:\/\/lamostradevalencia.com\/ca\/wp-json\/wp\/v2\/posts\/21385\/revisions\/21388"}],"wp:featuredmedia":[{"embeddable":true,"href":"https:\/\/lamostradevalencia.com\/ca\/wp-json\/wp\/v2\/media\/21379"}],"wp:attachment":[{"href":"https:\/\/lamostradevalencia.com\/ca\/wp-json\/wp\/v2\/media?parent=21385"}],"wp:term":[{"taxonomy":"category","embeddable":true,"href":"https:\/\/lamostradevalencia.com\/ca\/wp-json\/wp\/v2\/categories?post=21385"},{"taxonomy":"post_tag","embeddable":true,"href":"https:\/\/lamostradevalencia.com\/ca\/wp-json\/wp\/v2\/tags?post=21385"}],"curies":[{"name":"wp","href":"https:\/\/api.w.org\/{rel}","templated":true}]}}