{"id":21361,"date":"2023-09-12T11:35:20","date_gmt":"2023-09-12T09:35:20","guid":{"rendered":"https:\/\/lamostradevalencia.com\/?p=21361"},"modified":"2023-09-12T11:35:20","modified_gmt":"2023-09-12T09:35:20","slug":"la-comedia-i-el-suspens-sapoderen-de-la-seccio-informativa-de-mostra-de-valencia","status":"publish","type":"post","link":"https:\/\/lamostradevalencia.com\/ca\/la-comedia-i-el-suspens-sapoderen-de-la-seccio-informativa-de-mostra-de-valencia\/","title":{"rendered":"La com\u00e8dia i el suspens s&#8217;apoderen de la Secci\u00f3 Informativa de Mostra de Val\u00e8ncia"},"content":{"rendered":"<h5><b>El festival amplia a tres passes per t\u00edtol perqu\u00e8 l&#8217;audi\u00e8ncia tinga m\u00e9s oportunitats de votar el Premi \u00c0 Punt del p\u00fablic<\/b><\/h5>\n<p><span style=\"font-weight: 400;\">La Secci\u00f3 Informativa de Mostra de Val\u00e8ncia-Cinema del Mediterrani, programada del 19 al 29 d&#8217;octubre, presenta una selecci\u00f3 del cine m\u00e9s actual forjat en diversos pa\u00efsos de la conca del Mediterrani. Deu llargmetratges d&#8217;estrena al nostre pa\u00eds arribats del L\u00edban, It\u00e0lia, Fran\u00e7a, Egipte, Alg\u00e8ria, Turquia o Palestina que <\/span><b>optaran al Premi del P\u00fablic que atorga \u00c0 Punt Media i els passes d&#8217;exhibici\u00f3 dels quals el festival amplia enguany a tres per a donar m\u00e9s oportunitat al p\u00fablic per a gaudir-los.<\/b><\/p>\n<p><span style=\"font-weight: 400;\">\u00a0\u201cSom molt conscients de les caracter\u00edstiques d&#8217;una secci\u00f3 en qu\u00e8 \u00e9s l&#8217;audi\u00e8ncia qui decideix el premi principal, per aix\u00f2 la selecci\u00f3 d&#8217;enguany est\u00e0 marcada per t\u00edtols que, sense deixar de posar el dit en la nafra de q\u00fcestions de rellev\u00e0ncia social o pol\u00edtica, fan de la seua capacitat per a entretindre la seua major virtut\u201d, ha comentat Eduardo Guillot, director art\u00edstic del festival. \u201cEl bon cine d&#8217;autor no t\u00e9 per qu\u00e8 estar renyit amb les f\u00f3rmules de g\u00e8nere, i cal recordar que la seua llarga hist\u00f2ria est\u00e0 plena de com\u00e8dies o thrillers considerades aut\u00e8ntiques obres mestres\u201d.<\/span><\/p>\n<p><span style=\"font-weight: 400;\">Des d&#8217;It\u00e0lia arriba a la Mostra <\/span><b>\u2018Gr\u00e0cias muchachos\u2019,<\/b><span style=\"font-weight: 400;\"> una divertida com\u00e8dia de Riccardo Milani en la qual un actor en atur accepta un treball com a professor d&#8217;un taller de teatre en una pres\u00f3 i aconsegueix conv\u00e9ncer a la directora per a representar \u2018Esperando a Godot\u2019, de Samuel Beckett, fora dels murs de la pres\u00f3. Despr\u00e9s de l&#8217;\u00e8xit de la representaci\u00f3 i l&#8217;inici d&#8217;una gira per It\u00e0lia, els actors presidiaris es debatran entre rendir-se als aplaudiments del p\u00fablic o conspirar per a aconseguir la llibertat negada.<\/span><\/p>\n<p><span style=\"font-weight: 400;\">Com\u00e8dia d&#8217;embolic, anticapitalista i cr\u00edtica amb els fons voltors \u00e9s la francesa <\/span><b>\u2018Reprise en main\u2019<\/b><span style=\"font-weight: 400;\">, dirigida per Gilles Perret, en qu\u00e8 els empleats d&#8217;una empresa gestionada per un fons d&#8217;inversi\u00f3 decideixen fer-se c\u00e0rrec del negoci i posar-lo en mans dels treballadors. L&#8217;humor i l&#8217;embolic sustenten tamb\u00e9 <\/span><b>\u2018The (in) famous Youssef Salem\u2019<\/b><span style=\"font-weight: 400;\">, de la directora francesa Baya Kasmi. Una pel\u00b7l\u00edcula sobre un escriptor franc\u00e9s d&#8217;origen algeri\u00e0 que despr\u00e9s de diversos fracassos decideix caricaturitzar en una novel\u00b7la a la seua fam\u00edlia, la seua cultura i els seus costums, sense contemplar l&#8217;\u00e8xit que aconseguir\u00e0 l&#8217;obra i que li portar\u00e0 a tractar in\u00fatilment d&#8217;ocultar la seua exist\u00e8ncia als seus sers estimats. L&#8217;univers familiar sustenta tamb\u00e9 un altre dels films, <\/span><b>\u2018La Famille\u2019<\/b><span style=\"font-weight: 400;\">, on l&#8217;algeri\u00e0 Merzak Allouache retrata la fugida d&#8217;un exministre corrupte i la seua fam\u00edlia en ple apogeu de protestes ciutadanes contra el govern de Buteflika. Una mirada des d&#8217;un altre prisma a la Primavera \u00c0rab, en qu\u00e8 la dona de l&#8217;exministre posa el contrapunt c\u00f2mic a la tensi\u00f3 i urg\u00e8ncia d&#8217;aquesta for\u00e7osa eixida del pa\u00eds.<\/span><\/p>\n<p><span style=\"font-weight: 400;\">La intriga i el suspens configuren uns altres dels llargmetratges d&#8217;esta secci\u00f3. <\/span><span style=\"font-weight: 400;\">Sota el paraigua del cine polic\u00edac m\u00e9s cl\u00e0ssic, <\/span><b>\u2018\u00daltima noche en Mil\u00e1n\u2019<\/b><span style=\"font-weight: 400;\">, dirigida per Andrea Di Stefano, narra la hist\u00f2ria d&#8217;un policia a punt de jubilar-se <\/span><b>encarnat per l&#8217;actor de moda itali\u00e0, Pierfrancesco Favino -protagonista de \u2018Nost\u00e0lgia\u2019, de Mario Martone-<\/b><span style=\"font-weight: 400;\">, que es veur\u00e0 embolicat en un t\u00e9rbol assumpte en investigar l&#8217;escena del crim en el qual el seu millor amic ha sigut assassinat. I tamb\u00e9 emmarcada en el thriller, el festival presentar\u00e0 a Espanya <\/span><b>\u2018Marea verde\u2019,<\/b><span style=\"font-weight: 400;\"> dirigida pel franc\u00e9s Pierre Jolivet. Un llargmetratge basat en una hist\u00f2ria real en qu\u00e8 una reportera investiga les causes de diverses morts produ\u00efdes a les platges bretones i com els pol\u00edtics i corporacions locals tracten d&#8217;encobrir el cas i impedir que el solucione.<\/span><\/p>\n<p><span style=\"font-weight: 400;\">El suspens i la incertesa tamb\u00e9 transiten pel documental \u2018<\/span><b>\u2018Dancing on the edge of a volcano\u2019<\/b><span style=\"font-weight: 400;\">, on Cyril Aris recull <\/span><b>com van afectar les explosions del port de Beirut al desenvolupament de la pel\u00b7l\u00edcula \u2018Costa Bravo L\u00edbano\u2019, inclosa en el cicle que la Mostra dedica al L\u00edban enguany.<\/b><span style=\"font-weight: 400;\"> Un rodatge que va haver d&#8217;adaptar-se i reinventar-se per a seguir avant mentre la ciutat es reposava del colp i la ciutadania exigia responsabilitats. <\/span><b>El seu productor, Georges Schoucair, estar\u00e0 a Val\u00e8ncia Film Afers, el F\u00f2rum Mediterrani de Coproducci\u00f3 de la Mostra, i presentar\u00e0 el documental al p\u00fablic.<\/b><\/p>\n<p><span style=\"font-weight: 400;\">Sota l&#8217;aposta ferma per fer visible el cine de major qualitat m\u00e9s enll\u00e0 de g\u00e8neres espec\u00edfics, la Secci\u00f3 Informativa integra tamb\u00e9 t\u00edtols amb contingut m\u00e9s social i hist\u00f2ric. El conflicte del poble palest\u00ed \u00e9s present en <\/span><b>\u2018Alam\u2019<\/b><span style=\"font-weight: 400;\">, de Firas Khoury, que plasma com l&#8217;amistat i l&#8217;amor poden encuriosir i despertar la consci\u00e8ncia social i pol\u00edtica entre els joves d&#8217;un institut de Jerusalem.<\/span><\/p>\n<p><span style=\"font-weight: 400;\">Drama, hist\u00f2ria i acci\u00f3 conflueixen en <\/span><b>\u2018Kira &amp; El Gin\u2019<\/b><span style=\"font-weight: 400;\">, <\/span><b>la pel\u00b7l\u00edcula m\u00e9s taquillera en la hist\u00f2ria del cine egipci,<\/b><span style=\"font-weight: 400;\"> dirigida per Marwan Hamed, qui anteriorment ha presentat en la Mostra films com \u2018The Blue Elephant\u2019 i la seua seq\u00fcela. Un relat de resist\u00e8ncia i amistat, ambientat despr\u00e9s de la primera Guerra Mundial, en qu\u00e8 dos homes s&#8217;uneixen per a lluitar amb tots els mitjans al seu abast contra l&#8217;ocupaci\u00f3 brit\u00e0nica a Egipte.<\/span><\/p>\n<p><span style=\"font-weight: 400;\">La Secci\u00f3 Informativa acollir\u00e0 tamb\u00e9 l&#8217;estrena al nostre pa\u00eds d&#8217;una coproducci\u00f3 valenciana, <\/span><b>\u2018Suna\u2019, <\/b><span style=\"font-weight: 400;\">de la turca \u00c7i\u011fdem Sezgin, que aborda la viol\u00e8ncia de g\u00e8nere a trav\u00e9s del relat d&#8217;una v\u00eddua que es veu obligada a acatar les lleis del patriarcat per a poder sobreviure i casar-se amb un anci\u00e0 que la maltracta. La directora visitar\u00e0 el festival per a presentar el film, que ha comptat amb la participaci\u00f3 de Tarann\u00e0 Films.<\/span><\/p>\n<p><span style=\"font-weight: 400;\">La 38a edici\u00f3 de Mostra de Val\u00e8ncia-Cinema del Mediterrani est\u00e0 organitzada per l\u2019Ajuntament de Val\u00e8ncia i compta amb la col\u00b7laboraci\u00f3 de l\u2019Institut Valenci\u00e0 de Cultura (IVC), el Palau de la M\u00fasica i Barreira Arte + Dise\u00f1o.<\/span><\/p>\n<p><b>SECCI\u00d3 INFORMATIVA. PREMI\u00a0\u00c0 PUNT\u00a0DEL P\u00daBLIC<\/b><\/p>\n<p><b><img loading=\"lazy\" decoding=\"async\" class=\"size-thumbnail wp-image-21136 alignright\" src=\"https:\/\/lamostradevalencia.com\/wp-content\/uploads\/2023\/09\/001_DANCING-ON-THE-EDGE-OF-A-VOLCANO_Still-S-copia-150x150.jpg\" alt=\"\" width=\"150\" height=\"150\" \/>DANCING ON THE EDGE OF A VOLCANO<\/b><\/p>\n<p><b>L\u00edban, Alemanya. 2023.\u00a0<\/b><\/p>\n<p><b>Direcci\u00f3:<\/b><span style=\"font-weight: 400;\">\u00a0Cyril\u00a0Aris<\/span><\/p>\n<p><span style=\"font-weight: 400;\">A l&#8217;agost de 2020, una explosi\u00f3 en el port de Beirut devasta gran part de la ciutat. El succ\u00e9s paralitza tamb\u00e9 a l&#8217;equip de rodatge de \u2018Costa Brava, L\u00edbano\u2019, que es troba en plena producci\u00f3.<\/span><\/p>\n<p><span style=\"font-weight: 400;\">\u00a0<\/span><\/p>\n<p><b>\u00daLTIMA NOCHE EN MIL\u00c1N<\/b><b><img loading=\"lazy\" decoding=\"async\" class=\"size-thumbnail wp-image-21192 alignleft\" src=\"https:\/\/lamostradevalencia.com\/wp-content\/uploads\/2023\/09\/Ultima-noche-1-150x150.jpeg\" alt=\"\" width=\"150\" height=\"150\" \/><\/b><\/p>\n<p><b>It\u00e0lia. 2023.<\/b><\/p>\n<p><b>Direcci\u00f3\u00a0i gui\u00f3:<\/b><span style=\"font-weight: 400;\">\u00a0Andrea Di Stefano<\/span><\/p>\n<p><span style=\"font-weight: 400;\">La nit anterior al seu retir, un tinent de la policia de Mil\u00e0 rep una trucada per a ocupar-se de la investigaci\u00f3 d&#8217;una escena del crim en qu\u00e8 el seu millor amic i company ha sigut assassinat durant una operaci\u00f3 de robatori de diamants.<\/span><\/p>\n<p>&nbsp;<\/p>\n<p><b>MAREA VERDE <img loading=\"lazy\" decoding=\"async\" class=\"size-thumbnail wp-image-21147 alignright\" src=\"https:\/\/lamostradevalencia.com\/wp-content\/uploads\/2023\/09\/Algas-verdes-150x150.jpeg\" alt=\"\" width=\"150\" height=\"150\" srcset=\"https:\/\/lamostradevalencia.com\/wp-content\/uploads\/2023\/09\/Algas-verdes-150x150.jpeg 150w, https:\/\/lamostradevalencia.com\/wp-content\/uploads\/2023\/09\/Algas-verdes-550x550.jpeg 550w\" sizes=\"auto, (max-width: 150px) 100vw, 150px\" \/><\/b><\/p>\n<p><b>Fran\u00e7a, B\u00e8lgica. 2023.\u00a0<\/b><\/p>\n<p><b>Direcci\u00f3:<\/b><span style=\"font-weight: 400;\">\u00a0Pierre Jolivet<\/span><\/p>\n<p><span style=\"font-weight: 400;\">Una reportera investiga la possible causa de diverses morts entre els vilatans de les platges bretones, per\u00f2 representants pol\u00edtics i importants corporacions locals tracten d&#8217;encobrir el cas i impedir que fa\u00e7a el seu treball.<\/span><\/p>\n<p><span style=\"font-weight: 400;\">\u00a0<\/span><\/p>\n<p><b><img loading=\"lazy\" decoding=\"async\" class=\"size-thumbnail wp-image-21162 alignleft\" src=\"https:\/\/lamostradevalencia.com\/wp-content\/uploads\/2023\/09\/Baja-UnTrionfo-211_Claudio_Iannone-copia-150x150.jpeg\" alt=\"\" width=\"150\" height=\"150\" srcset=\"https:\/\/lamostradevalencia.com\/wp-content\/uploads\/2023\/09\/Baja-UnTrionfo-211_Claudio_Iannone-copia-150x150.jpeg 150w, https:\/\/lamostradevalencia.com\/wp-content\/uploads\/2023\/09\/Baja-UnTrionfo-211_Claudio_Iannone-copia-550x550.jpeg 550w, https:\/\/lamostradevalencia.com\/wp-content\/uploads\/2023\/09\/Baja-UnTrionfo-211_Claudio_Iannone-copia-1100x1100.jpeg 1100w\" sizes=\"auto, (max-width: 150px) 100vw, 150px\" \/>GRACIAS, MUCHACHOS<\/b><\/p>\n<p><b>It\u00e0lia. 2023.\u00a0<\/b><\/p>\n<p><b>Direcci\u00f3:<\/b><span style=\"font-weight: 400;\">\u00a0Riccardo\u00a0Milani<\/span><\/p>\n<p><span style=\"font-weight: 400;\">Un actor en atur accepta un treball com a professor d&#8217;un taller d&#8217;interpretaci\u00f3 en una instituci\u00f3 penitenci\u00e0ria i aconsegueix conv\u00e9ncer a la directora de la pres\u00f3 per a representar la com\u00e8dia de Samuel Beckett <\/span><i><span style=\"font-weight: 400;\">Esperando a Godot<\/span><\/i><span style=\"font-weight: 400;\">\u00a0en un teatre real, fora dels murs de la pres\u00f3.<\/span><\/p>\n<p>&nbsp;<\/p>\n<p><b>ALAM <img loading=\"lazy\" decoding=\"async\" class=\"size-thumbnail wp-image-21167 alignright\" src=\"https:\/\/lamostradevalencia.com\/wp-content\/uploads\/2023\/09\/ALAM_still-5-150x150.jpg\" alt=\"\" width=\"150\" height=\"150\" srcset=\"https:\/\/lamostradevalencia.com\/wp-content\/uploads\/2023\/09\/ALAM_still-5-150x150.jpg 150w, https:\/\/lamostradevalencia.com\/wp-content\/uploads\/2023\/09\/ALAM_still-5-550x550.jpg 550w\" sizes=\"auto, (max-width: 150px) 100vw, 150px\" \/><\/b><\/p>\n<p><b>Palestina, Fran\u00e7a, Tun\u00edsia, Catar, l&#8217;Ar\u00e0bia Saudita. 2022.\u00a0<\/b><\/p>\n<p><b>Direcci\u00f3\u00a0i gui\u00f3:<\/b><span style=\"font-weight: 400;\">\u00a0Firas\u00a0Khoury<\/span><\/p>\n<p><span style=\"font-weight: 400;\">En un institut de secund\u00e0ria d&#8217;un poble palest\u00ed, l&#8217;atracci\u00f3 per una bella nova alumna porta a un dels seus companys a participar en una misteriosa acci\u00f3 en la vespra del Dia de la Independ\u00e8ncia d&#8217;Israel, data de dol per als palestins.<\/span><\/p>\n<p>&nbsp;<\/p>\n<p><b><img loading=\"lazy\" decoding=\"async\" class=\"size-thumbnail wp-image-21172 alignleft\" src=\"https:\/\/lamostradevalencia.com\/wp-content\/uploads\/2023\/09\/Kira-150x150.jpeg\" alt=\"\" width=\"150\" height=\"150\" srcset=\"https:\/\/lamostradevalencia.com\/wp-content\/uploads\/2023\/09\/Kira-150x150.jpeg 150w, https:\/\/lamostradevalencia.com\/wp-content\/uploads\/2023\/09\/Kira-550x550.jpeg 550w\" sizes=\"auto, (max-width: 150px) 100vw, 150px\" \/>KIRA &amp; EL GIN<\/b><\/p>\n<p><b>Egipte. 2022.\u00a0<\/b><\/p>\n<p><b>Direcci\u00f3:<\/b><span style=\"font-weight: 400;\">\u00a0Marwan\u00a0Hamed<\/span><\/p>\n<p><span style=\"font-weight: 400;\">El Caire, 1919. La Primera Guerra Mundial ha causat un trauma entre els soldats egipcis al servei de l&#8217;Imperi Brit\u00e0nic, la grip arrasa el pa\u00eds i els l\u00edders nacionalistes han sigut deportats. En eixe context, dos homes s&#8217;uneixen per a lluitar contra l&#8217;ocupaci\u00f3 estrangera.<\/span><\/p>\n<p>&nbsp;<\/p>\n<p><b>THE (IN)FAMOUS YOUSSEF SALEM <img loading=\"lazy\" decoding=\"async\" class=\"size-thumbnail wp-image-21187 alignright\" src=\"https:\/\/lamostradevalencia.com\/wp-content\/uploads\/2023\/09\/The-infamous-1-150x150.jpg\" alt=\"\" width=\"150\" height=\"150\" srcset=\"https:\/\/lamostradevalencia.com\/wp-content\/uploads\/2023\/09\/The-infamous-1-150x150.jpg 150w, https:\/\/lamostradevalencia.com\/wp-content\/uploads\/2023\/09\/The-infamous-1-550x550.jpg 550w\" sizes=\"auto, (max-width: 150px) 100vw, 150px\" \/><\/b><\/p>\n<p><b>Fran\u00e7a. 2022.\u00a0<\/b><\/p>\n<p><b>Direcci\u00f3:<\/b><span style=\"font-weight: 400;\">\u00a0Baya\u00a0Kasmi<\/span><\/p>\n<p><span style=\"font-weight: 400;\">Un escriptor fracassat escriu una novel\u00b7la en qu\u00e8 caricaturitza a la seua fam\u00edlia, d&#8217;origen algeri\u00e0. Mentre el llibre es converteix en un \u00e8xit cada vegada major, l&#8217;autor tracta d&#8217;ocultar la seua exist\u00e8ncia als seus sers estimats.<\/span><\/p>\n<p>&nbsp;<\/p>\n<p><b><img loading=\"lazy\" decoding=\"async\" class=\"size-thumbnail wp-image-21198 alignleft\" src=\"https:\/\/lamostradevalencia.com\/wp-content\/uploads\/2023\/09\/ELAAYLA-still2-copia-150x150.jpg\" alt=\"\" width=\"150\" height=\"150\" \/>LA FAMILLE<\/b><\/p>\n<p><b>Arg\u00e8lia. 2022.\u00a0<\/b><\/p>\n<p><b>Direcci\u00f3:<\/b><span style=\"font-weight: 400;\">\u00a0Merzak\u00a0Allouache<\/span><\/p>\n<p><span style=\"font-weight: 400;\">Alger, 2019. En ple apogeu de protestes ciutadanes contra el govern de Buteflika, un exministre corrupte i la seua fam\u00edlia nom\u00e9s tenen una idea en ment: vendre els seus b\u00e9ns i abandonar el pa\u00eds abans que la just\u00edcia els aconseguisca.<\/span><\/p>\n<p><span style=\"font-weight: 400;\">\u00a0<\/span><\/p>\n<p><b><img loading=\"lazy\" decoding=\"async\" class=\"size-thumbnail wp-image-21203 alignright\" src=\"https:\/\/lamostradevalencia.com\/wp-content\/uploads\/2023\/09\/suna_stills__2.15.1-150x150.jpg\" alt=\"\" width=\"150\" height=\"150\" srcset=\"https:\/\/lamostradevalencia.com\/wp-content\/uploads\/2023\/09\/suna_stills__2.15.1-150x150.jpg 150w, https:\/\/lamostradevalencia.com\/wp-content\/uploads\/2023\/09\/suna_stills__2.15.1-550x550.jpg 550w\" sizes=\"auto, (max-width: 150px) 100vw, 150px\" \/>SUNA<\/b><\/p>\n<p><b>Turquia, Espanya. 2022.<\/b><\/p>\n<p><span style=\"font-weight: 400;\">Una dona de 50 anys que no disposa d&#8217;ingressos es veu abocada a contraure matrimoni amb un anci\u00e0. S&#8217;ocupa de l&#8217;home a nivell dom\u00e8stic, per\u00f2 odia ficar-se al llit amb ell, la qual cosa la condueix a una depressi\u00f3 i a beure en secret.<\/span><\/p>\n<p><span style=\"font-weight: 400;\">\u00a0<\/span><\/p>\n<p><b><img loading=\"lazy\" decoding=\"async\" class=\"size-thumbnail wp-image-21182 alignleft\" src=\"https:\/\/lamostradevalencia.com\/wp-content\/uploads\/2023\/09\/Reprise-en-main_4K_07\u00a9ELZEVIRFILMS-150x150.jpeg\" alt=\"\" width=\"150\" height=\"150\" srcset=\"https:\/\/lamostradevalencia.com\/wp-content\/uploads\/2023\/09\/Reprise-en-main_4K_07\u00a9ELZEVIRFILMS-150x150.jpeg 150w, https:\/\/lamostradevalencia.com\/wp-content\/uploads\/2023\/09\/Reprise-en-main_4K_07\u00a9ELZEVIRFILMS-550x550.jpeg 550w, https:\/\/lamostradevalencia.com\/wp-content\/uploads\/2023\/09\/Reprise-en-main_4K_07\u00a9ELZEVIRFILMS-1100x1100.jpeg 1100w\" sizes=\"auto, (max-width: 150px) 100vw, 150px\" \/>REPRISE EN MAIN<\/b><\/p>\n<p><b>Fran\u00e7a. 2022.\u00a0<\/b><\/p>\n<p><b>Direcci\u00f3:<\/b><span style=\"font-weight: 400;\">\u00a0Gilles Perret<\/span><\/p>\n<p><span style=\"font-weight: 400;\">Diversos empleats d&#8217;una empresa que \u00e9s gestionada de manera nefasta per un fons d&#8217;inversi\u00f3 decideixen fer-se c\u00e0rrec ells mateixos del negoci i posar-la en mans dels treballadors.<\/span><\/p>\n<p>&nbsp;<\/p>\n","protected":false},"excerpt":{"rendered":"<p>El festival amplia a tres passes per t\u00edtol perqu\u00e8 l&#8217;audi\u00e8ncia tinga m\u00e9s oportunitats de votar el Premi \u00c0 Punt del p\u00fablic La Secci\u00f3 Informativa de [&hellip;]<\/p>\n","protected":false},"author":3,"featured_media":21209,"comment_status":"open","ping_status":"open","sticky":false,"template":"","format":"standard","meta":{"_uag_custom_page_level_css":"","_jet_sm_ready_style":"","_jet_sm_style":"","_jet_sm_controls_values":"","_jet_sm_fonts_collection":"","_jet_sm_fonts_links":"","footnotes":""},"categories":[455],"tags":[],"class_list":["post-21361","post","type-post","status-publish","format-standard","has-post-thumbnail","hentry","category-noticies"],"yoast_head":"<!-- This site is optimized with the Yoast SEO plugin v27.5 - https:\/\/yoast.com\/product\/yoast-seo-wordpress\/ -->\n<title>La com\u00e8dia i el suspens s&#039;apoderen de la Secci\u00f3 Informativa de Mostra de Val\u00e8ncia - Mostra de Val\u00e8ncia<\/title>\n<meta name=\"robots\" content=\"index, follow, max-snippet:-1, max-image-preview:large, max-video-preview:-1\" \/>\n<link rel=\"canonical\" href=\"https:\/\/lamostradevalencia.com\/ca\/la-comedia-i-el-suspens-sapoderen-de-la-seccio-informativa-de-mostra-de-valencia\/\" \/>\n<meta property=\"og:locale\" content=\"ca_ES\" \/>\n<meta property=\"og:type\" content=\"article\" \/>\n<meta property=\"og:title\" content=\"La com\u00e8dia i el suspens s&#039;apoderen de la Secci\u00f3 Informativa de Mostra de Val\u00e8ncia - Mostra de Val\u00e8ncia\" \/>\n<meta property=\"og:description\" content=\"El festival amplia a tres passes per t\u00edtol perqu\u00e8 l&#8217;audi\u00e8ncia tinga m\u00e9s oportunitats de votar el Premi \u00c0 Punt del p\u00fablic La Secci\u00f3 Informativa de [&hellip;]\" \/>\n<meta property=\"og:url\" content=\"https:\/\/lamostradevalencia.com\/ca\/la-comedia-i-el-suspens-sapoderen-de-la-seccio-informativa-de-mostra-de-valencia\/\" \/>\n<meta property=\"og:site_name\" content=\"Mostra de Val\u00e8ncia\" \/>\n<meta property=\"article:published_time\" content=\"2023-09-12T09:35:20+00:00\" \/>\n<meta property=\"og:image\" content=\"https:\/\/lamostradevalencia.com\/wp-content\/uploads\/2023\/09\/2023-MOSTRA-DE-VALENCIA-web-1.png\" \/>\n\t<meta property=\"og:image:width\" content=\"1080\" \/>\n\t<meta property=\"og:image:height\" content=\"1080\" \/>\n\t<meta property=\"og:image:type\" content=\"image\/png\" \/>\n<meta name=\"author\" content=\"contenidos\" \/>\n<meta name=\"twitter:card\" content=\"summary_large_image\" \/>\n<meta name=\"twitter:label1\" content=\"Escrit per\" \/>\n\t<meta name=\"twitter:data1\" content=\"contenidos\" \/>\n\t<meta name=\"twitter:label2\" content=\"Temps estimat de lectura\" \/>\n\t<meta name=\"twitter:data2\" content=\"9 minuts\" \/>\n<script type=\"application\/ld+json\" class=\"yoast-schema-graph\">{\"@context\":\"https:\\\/\\\/schema.org\",\"@graph\":[{\"@type\":\"Article\",\"@id\":\"https:\\\/\\\/lamostradevalencia.com\\\/ca\\\/la-comedia-i-el-suspens-sapoderen-de-la-seccio-informativa-de-mostra-de-valencia\\\/#article\",\"isPartOf\":{\"@id\":\"https:\\\/\\\/lamostradevalencia.com\\\/ca\\\/la-comedia-i-el-suspens-sapoderen-de-la-seccio-informativa-de-mostra-de-valencia\\\/\"},\"author\":{\"name\":\"contenidos\",\"@id\":\"https:\\\/\\\/lamostradevalencia.com\\\/ca\\\/#\\\/schema\\\/person\\\/361c3c0dd5489e78ad78ee4f8332efac\"},\"headline\":\"La com\u00e8dia i el suspens s&#8217;apoderen de la Secci\u00f3 Informativa de Mostra de Val\u00e8ncia\",\"datePublished\":\"2023-09-12T09:35:20+00:00\",\"mainEntityOfPage\":{\"@id\":\"https:\\\/\\\/lamostradevalencia.com\\\/ca\\\/la-comedia-i-el-suspens-sapoderen-de-la-seccio-informativa-de-mostra-de-valencia\\\/\"},\"wordCount\":1614,\"commentCount\":0,\"image\":{\"@id\":\"https:\\\/\\\/lamostradevalencia.com\\\/ca\\\/la-comedia-i-el-suspens-sapoderen-de-la-seccio-informativa-de-mostra-de-valencia\\\/#primaryimage\"},\"thumbnailUrl\":\"https:\\\/\\\/lamostradevalencia.com\\\/wp-content\\\/uploads\\\/2023\\\/09\\\/2023-MOSTRA-DE-VALENCIA-web-1.png\",\"articleSection\":[\"Noticies\"],\"inLanguage\":\"ca\",\"potentialAction\":[{\"@type\":\"CommentAction\",\"name\":\"Comment\",\"target\":[\"https:\\\/\\\/lamostradevalencia.com\\\/ca\\\/la-comedia-i-el-suspens-sapoderen-de-la-seccio-informativa-de-mostra-de-valencia\\\/#respond\"]}]},{\"@type\":\"WebPage\",\"@id\":\"https:\\\/\\\/lamostradevalencia.com\\\/ca\\\/la-comedia-i-el-suspens-sapoderen-de-la-seccio-informativa-de-mostra-de-valencia\\\/\",\"url\":\"https:\\\/\\\/lamostradevalencia.com\\\/ca\\\/la-comedia-i-el-suspens-sapoderen-de-la-seccio-informativa-de-mostra-de-valencia\\\/\",\"name\":\"La com\u00e8dia i el suspens s'apoderen de la Secci\u00f3 Informativa de Mostra de Val\u00e8ncia - Mostra de Val\u00e8ncia\",\"isPartOf\":{\"@id\":\"https:\\\/\\\/lamostradevalencia.com\\\/ca\\\/#website\"},\"primaryImageOfPage\":{\"@id\":\"https:\\\/\\\/lamostradevalencia.com\\\/ca\\\/la-comedia-i-el-suspens-sapoderen-de-la-seccio-informativa-de-mostra-de-valencia\\\/#primaryimage\"},\"image\":{\"@id\":\"https:\\\/\\\/lamostradevalencia.com\\\/ca\\\/la-comedia-i-el-suspens-sapoderen-de-la-seccio-informativa-de-mostra-de-valencia\\\/#primaryimage\"},\"thumbnailUrl\":\"https:\\\/\\\/lamostradevalencia.com\\\/wp-content\\\/uploads\\\/2023\\\/09\\\/2023-MOSTRA-DE-VALENCIA-web-1.png\",\"datePublished\":\"2023-09-12T09:35:20+00:00\",\"author\":{\"@id\":\"https:\\\/\\\/lamostradevalencia.com\\\/ca\\\/#\\\/schema\\\/person\\\/361c3c0dd5489e78ad78ee4f8332efac\"},\"breadcrumb\":{\"@id\":\"https:\\\/\\\/lamostradevalencia.com\\\/ca\\\/la-comedia-i-el-suspens-sapoderen-de-la-seccio-informativa-de-mostra-de-valencia\\\/#breadcrumb\"},\"inLanguage\":\"ca\",\"potentialAction\":[{\"@type\":\"ReadAction\",\"target\":[\"https:\\\/\\\/lamostradevalencia.com\\\/ca\\\/la-comedia-i-el-suspens-sapoderen-de-la-seccio-informativa-de-mostra-de-valencia\\\/\"]}]},{\"@type\":\"ImageObject\",\"inLanguage\":\"ca\",\"@id\":\"https:\\\/\\\/lamostradevalencia.com\\\/ca\\\/la-comedia-i-el-suspens-sapoderen-de-la-seccio-informativa-de-mostra-de-valencia\\\/#primaryimage\",\"url\":\"https:\\\/\\\/lamostradevalencia.com\\\/wp-content\\\/uploads\\\/2023\\\/09\\\/2023-MOSTRA-DE-VALENCIA-web-1.png\",\"contentUrl\":\"https:\\\/\\\/lamostradevalencia.com\\\/wp-content\\\/uploads\\\/2023\\\/09\\\/2023-MOSTRA-DE-VALENCIA-web-1.png\",\"width\":1080,\"height\":1080},{\"@type\":\"BreadcrumbList\",\"@id\":\"https:\\\/\\\/lamostradevalencia.com\\\/ca\\\/la-comedia-i-el-suspens-sapoderen-de-la-seccio-informativa-de-mostra-de-valencia\\\/#breadcrumb\",\"itemListElement\":[{\"@type\":\"ListItem\",\"position\":1,\"name\":\"Portada\",\"item\":\"https:\\\/\\\/lamostradevalencia.com\\\/ca\\\/\"},{\"@type\":\"ListItem\",\"position\":2,\"name\":\"La com\u00e8dia i el suspens s&#8217;apoderen de la Secci\u00f3 Informativa de Mostra de Val\u00e8ncia\"}]},{\"@type\":\"WebSite\",\"@id\":\"https:\\\/\\\/lamostradevalencia.com\\\/ca\\\/#website\",\"url\":\"https:\\\/\\\/lamostradevalencia.com\\\/ca\\\/\",\"name\":\"Mostra de Val\u00e8ncia\",\"description\":\"Cinema del Mediterrani\",\"potentialAction\":[{\"@type\":\"SearchAction\",\"target\":{\"@type\":\"EntryPoint\",\"urlTemplate\":\"https:\\\/\\\/lamostradevalencia.com\\\/ca\\\/?s={search_term_string}\"},\"query-input\":{\"@type\":\"PropertyValueSpecification\",\"valueRequired\":true,\"valueName\":\"search_term_string\"}}],\"inLanguage\":\"ca\"},{\"@type\":\"Person\",\"@id\":\"https:\\\/\\\/lamostradevalencia.com\\\/ca\\\/#\\\/schema\\\/person\\\/361c3c0dd5489e78ad78ee4f8332efac\",\"name\":\"contenidos\",\"image\":{\"@type\":\"ImageObject\",\"inLanguage\":\"ca\",\"@id\":\"https:\\\/\\\/secure.gravatar.com\\\/avatar\\\/a87eddc188a32d5a0371ff92ef616b5006a91e389296d49d081f8d424eef134c?s=96&d=mm&r=g\",\"url\":\"https:\\\/\\\/secure.gravatar.com\\\/avatar\\\/a87eddc188a32d5a0371ff92ef616b5006a91e389296d49d081f8d424eef134c?s=96&d=mm&r=g\",\"contentUrl\":\"https:\\\/\\\/secure.gravatar.com\\\/avatar\\\/a87eddc188a32d5a0371ff92ef616b5006a91e389296d49d081f8d424eef134c?s=96&d=mm&r=g\",\"caption\":\"contenidos\"}}]}<\/script>\n<!-- \/ Yoast SEO plugin. -->","yoast_head_json":{"title":"La com\u00e8dia i el suspens s'apoderen de la Secci\u00f3 Informativa de Mostra de Val\u00e8ncia - Mostra de Val\u00e8ncia","robots":{"index":"index","follow":"follow","max-snippet":"max-snippet:-1","max-image-preview":"max-image-preview:large","max-video-preview":"max-video-preview:-1"},"canonical":"https:\/\/lamostradevalencia.com\/ca\/la-comedia-i-el-suspens-sapoderen-de-la-seccio-informativa-de-mostra-de-valencia\/","og_locale":"ca_ES","og_type":"article","og_title":"La com\u00e8dia i el suspens s'apoderen de la Secci\u00f3 Informativa de Mostra de Val\u00e8ncia - Mostra de Val\u00e8ncia","og_description":"El festival amplia a tres passes per t\u00edtol perqu\u00e8 l&#8217;audi\u00e8ncia tinga m\u00e9s oportunitats de votar el Premi \u00c0 Punt del p\u00fablic La Secci\u00f3 Informativa de [&hellip;]","og_url":"https:\/\/lamostradevalencia.com\/ca\/la-comedia-i-el-suspens-sapoderen-de-la-seccio-informativa-de-mostra-de-valencia\/","og_site_name":"Mostra de Val\u00e8ncia","article_published_time":"2023-09-12T09:35:20+00:00","og_image":[{"width":1080,"height":1080,"url":"https:\/\/lamostradevalencia.com\/wp-content\/uploads\/2023\/09\/2023-MOSTRA-DE-VALENCIA-web-1.png","type":"image\/png"}],"author":"contenidos","twitter_card":"summary_large_image","twitter_misc":{"Escrit per":"contenidos","Temps estimat de lectura":"9 minuts"},"schema":{"@context":"https:\/\/schema.org","@graph":[{"@type":"Article","@id":"https:\/\/lamostradevalencia.com\/ca\/la-comedia-i-el-suspens-sapoderen-de-la-seccio-informativa-de-mostra-de-valencia\/#article","isPartOf":{"@id":"https:\/\/lamostradevalencia.com\/ca\/la-comedia-i-el-suspens-sapoderen-de-la-seccio-informativa-de-mostra-de-valencia\/"},"author":{"name":"contenidos","@id":"https:\/\/lamostradevalencia.com\/ca\/#\/schema\/person\/361c3c0dd5489e78ad78ee4f8332efac"},"headline":"La com\u00e8dia i el suspens s&#8217;apoderen de la Secci\u00f3 Informativa de Mostra de Val\u00e8ncia","datePublished":"2023-09-12T09:35:20+00:00","mainEntityOfPage":{"@id":"https:\/\/lamostradevalencia.com\/ca\/la-comedia-i-el-suspens-sapoderen-de-la-seccio-informativa-de-mostra-de-valencia\/"},"wordCount":1614,"commentCount":0,"image":{"@id":"https:\/\/lamostradevalencia.com\/ca\/la-comedia-i-el-suspens-sapoderen-de-la-seccio-informativa-de-mostra-de-valencia\/#primaryimage"},"thumbnailUrl":"https:\/\/lamostradevalencia.com\/wp-content\/uploads\/2023\/09\/2023-MOSTRA-DE-VALENCIA-web-1.png","articleSection":["Noticies"],"inLanguage":"ca","potentialAction":[{"@type":"CommentAction","name":"Comment","target":["https:\/\/lamostradevalencia.com\/ca\/la-comedia-i-el-suspens-sapoderen-de-la-seccio-informativa-de-mostra-de-valencia\/#respond"]}]},{"@type":"WebPage","@id":"https:\/\/lamostradevalencia.com\/ca\/la-comedia-i-el-suspens-sapoderen-de-la-seccio-informativa-de-mostra-de-valencia\/","url":"https:\/\/lamostradevalencia.com\/ca\/la-comedia-i-el-suspens-sapoderen-de-la-seccio-informativa-de-mostra-de-valencia\/","name":"La com\u00e8dia i el suspens s'apoderen de la Secci\u00f3 Informativa de Mostra de Val\u00e8ncia - Mostra de Val\u00e8ncia","isPartOf":{"@id":"https:\/\/lamostradevalencia.com\/ca\/#website"},"primaryImageOfPage":{"@id":"https:\/\/lamostradevalencia.com\/ca\/la-comedia-i-el-suspens-sapoderen-de-la-seccio-informativa-de-mostra-de-valencia\/#primaryimage"},"image":{"@id":"https:\/\/lamostradevalencia.com\/ca\/la-comedia-i-el-suspens-sapoderen-de-la-seccio-informativa-de-mostra-de-valencia\/#primaryimage"},"thumbnailUrl":"https:\/\/lamostradevalencia.com\/wp-content\/uploads\/2023\/09\/2023-MOSTRA-DE-VALENCIA-web-1.png","datePublished":"2023-09-12T09:35:20+00:00","author":{"@id":"https:\/\/lamostradevalencia.com\/ca\/#\/schema\/person\/361c3c0dd5489e78ad78ee4f8332efac"},"breadcrumb":{"@id":"https:\/\/lamostradevalencia.com\/ca\/la-comedia-i-el-suspens-sapoderen-de-la-seccio-informativa-de-mostra-de-valencia\/#breadcrumb"},"inLanguage":"ca","potentialAction":[{"@type":"ReadAction","target":["https:\/\/lamostradevalencia.com\/ca\/la-comedia-i-el-suspens-sapoderen-de-la-seccio-informativa-de-mostra-de-valencia\/"]}]},{"@type":"ImageObject","inLanguage":"ca","@id":"https:\/\/lamostradevalencia.com\/ca\/la-comedia-i-el-suspens-sapoderen-de-la-seccio-informativa-de-mostra-de-valencia\/#primaryimage","url":"https:\/\/lamostradevalencia.com\/wp-content\/uploads\/2023\/09\/2023-MOSTRA-DE-VALENCIA-web-1.png","contentUrl":"https:\/\/lamostradevalencia.com\/wp-content\/uploads\/2023\/09\/2023-MOSTRA-DE-VALENCIA-web-1.png","width":1080,"height":1080},{"@type":"BreadcrumbList","@id":"https:\/\/lamostradevalencia.com\/ca\/la-comedia-i-el-suspens-sapoderen-de-la-seccio-informativa-de-mostra-de-valencia\/#breadcrumb","itemListElement":[{"@type":"ListItem","position":1,"name":"Portada","item":"https:\/\/lamostradevalencia.com\/ca\/"},{"@type":"ListItem","position":2,"name":"La com\u00e8dia i el suspens s&#8217;apoderen de la Secci\u00f3 Informativa de Mostra de Val\u00e8ncia"}]},{"@type":"WebSite","@id":"https:\/\/lamostradevalencia.com\/ca\/#website","url":"https:\/\/lamostradevalencia.com\/ca\/","name":"Mostra de Val\u00e8ncia","description":"Cinema del Mediterrani","potentialAction":[{"@type":"SearchAction","target":{"@type":"EntryPoint","urlTemplate":"https:\/\/lamostradevalencia.com\/ca\/?s={search_term_string}"},"query-input":{"@type":"PropertyValueSpecification","valueRequired":true,"valueName":"search_term_string"}}],"inLanguage":"ca"},{"@type":"Person","@id":"https:\/\/lamostradevalencia.com\/ca\/#\/schema\/person\/361c3c0dd5489e78ad78ee4f8332efac","name":"contenidos","image":{"@type":"ImageObject","inLanguage":"ca","@id":"https:\/\/secure.gravatar.com\/avatar\/a87eddc188a32d5a0371ff92ef616b5006a91e389296d49d081f8d424eef134c?s=96&d=mm&r=g","url":"https:\/\/secure.gravatar.com\/avatar\/a87eddc188a32d5a0371ff92ef616b5006a91e389296d49d081f8d424eef134c?s=96&d=mm&r=g","contentUrl":"https:\/\/secure.gravatar.com\/avatar\/a87eddc188a32d5a0371ff92ef616b5006a91e389296d49d081f8d424eef134c?s=96&d=mm&r=g","caption":"contenidos"}}]}},"uagb_featured_image_src":{"full":["https:\/\/lamostradevalencia.com\/wp-content\/uploads\/2023\/09\/2023-MOSTRA-DE-VALENCIA-web-1.png",1080,1080,false],"thumbnail":["https:\/\/lamostradevalencia.com\/wp-content\/uploads\/2023\/09\/2023-MOSTRA-DE-VALENCIA-web-1-150x150.png",150,150,true],"medium":["https:\/\/lamostradevalencia.com\/wp-content\/uploads\/2023\/09\/2023-MOSTRA-DE-VALENCIA-web-1-300x300.png",300,300,true],"medium_large":["https:\/\/lamostradevalencia.com\/wp-content\/uploads\/2023\/09\/2023-MOSTRA-DE-VALENCIA-web-1-768x768.png",768,768,true],"large":["https:\/\/lamostradevalencia.com\/wp-content\/uploads\/2023\/09\/2023-MOSTRA-DE-VALENCIA-web-1-1024x1024.png",1024,1024,true],"1536x1536":["https:\/\/lamostradevalencia.com\/wp-content\/uploads\/2023\/09\/2023-MOSTRA-DE-VALENCIA-web-1.png",1080,1080,false],"2048x2048":["https:\/\/lamostradevalencia.com\/wp-content\/uploads\/2023\/09\/2023-MOSTRA-DE-VALENCIA-web-1.png",1080,1080,false],"cinerama_edge_image_square":["https:\/\/lamostradevalencia.com\/wp-content\/uploads\/2023\/09\/2023-MOSTRA-DE-VALENCIA-web-1-550x550.png",550,550,true],"cinerama_edge_image_landscape":["https:\/\/lamostradevalencia.com\/wp-content\/uploads\/2023\/09\/2023-MOSTRA-DE-VALENCIA-web-1-1080x550.png",1080,550,true],"cinerama_edge_image_portrait":["https:\/\/lamostradevalencia.com\/wp-content\/uploads\/2023\/09\/2023-MOSTRA-DE-VALENCIA-web-1-550x1080.png",550,1080,true],"cinerama_edge_image_huge":["https:\/\/lamostradevalencia.com\/wp-content\/uploads\/2023\/09\/2023-MOSTRA-DE-VALENCIA-web-1.png",1080,1080,false],"gform-image-choice-sm":["https:\/\/lamostradevalencia.com\/wp-content\/uploads\/2023\/09\/2023-MOSTRA-DE-VALENCIA-web-1.png",300,300,false],"gform-image-choice-md":["https:\/\/lamostradevalencia.com\/wp-content\/uploads\/2023\/09\/2023-MOSTRA-DE-VALENCIA-web-1.png",400,400,false],"gform-image-choice-lg":["https:\/\/lamostradevalencia.com\/wp-content\/uploads\/2023\/09\/2023-MOSTRA-DE-VALENCIA-web-1.png",600,600,false]},"uagb_author_info":{"display_name":"contenidos","author_link":"https:\/\/lamostradevalencia.com\/ca\/author\/contenidos\/"},"uagb_comment_info":0,"uagb_excerpt":"El festival amplia a tres passes per t\u00edtol perqu\u00e8 l&#8217;audi\u00e8ncia tinga m\u00e9s oportunitats de votar el Premi \u00c0 Punt del p\u00fablic La Secci\u00f3 Informativa de [&hellip;]","_links":{"self":[{"href":"https:\/\/lamostradevalencia.com\/ca\/wp-json\/wp\/v2\/posts\/21361","targetHints":{"allow":["GET"]}}],"collection":[{"href":"https:\/\/lamostradevalencia.com\/ca\/wp-json\/wp\/v2\/posts"}],"about":[{"href":"https:\/\/lamostradevalencia.com\/ca\/wp-json\/wp\/v2\/types\/post"}],"author":[{"embeddable":true,"href":"https:\/\/lamostradevalencia.com\/ca\/wp-json\/wp\/v2\/users\/3"}],"replies":[{"embeddable":true,"href":"https:\/\/lamostradevalencia.com\/ca\/wp-json\/wp\/v2\/comments?post=21361"}],"version-history":[{"count":2,"href":"https:\/\/lamostradevalencia.com\/ca\/wp-json\/wp\/v2\/posts\/21361\/revisions"}],"predecessor-version":[{"id":21364,"href":"https:\/\/lamostradevalencia.com\/ca\/wp-json\/wp\/v2\/posts\/21361\/revisions\/21364"}],"wp:featuredmedia":[{"embeddable":true,"href":"https:\/\/lamostradevalencia.com\/ca\/wp-json\/wp\/v2\/media\/21209"}],"wp:attachment":[{"href":"https:\/\/lamostradevalencia.com\/ca\/wp-json\/wp\/v2\/media?parent=21361"}],"wp:term":[{"taxonomy":"category","embeddable":true,"href":"https:\/\/lamostradevalencia.com\/ca\/wp-json\/wp\/v2\/categories?post=21361"},{"taxonomy":"post_tag","embeddable":true,"href":"https:\/\/lamostradevalencia.com\/ca\/wp-json\/wp\/v2\/tags?post=21361"}],"curies":[{"name":"wp","href":"https:\/\/api.w.org\/{rel}","templated":true}]}}