{"id":20899,"date":"2023-08-30T11:03:08","date_gmt":"2023-08-30T09:03:08","guid":{"rendered":"https:\/\/lamostradevalencia.com\/?p=20899"},"modified":"2023-08-30T11:03:08","modified_gmt":"2023-08-30T09:03:08","slug":"primer-avanc-de-la-seccio-oficial-de-mostra-de-valencia-mediterrania-femenina-i-plural","status":"publish","type":"post","link":"https:\/\/lamostradevalencia.com\/ca\/primer-avanc-de-la-seccio-oficial-de-mostra-de-valencia-mediterrania-femenina-i-plural\/","title":{"rendered":"Primer avan\u00e7 de la Secci\u00f3 Oficial de Mostra de Val\u00e8ncia: mediterr\u00e0nia, femenina i plural"},"content":{"rendered":"<h5><b>Una selecci\u00f3 diversa que inclou com\u00e8dia, g\u00e8nere fant\u00e0stic i formats h\u00edbrids<\/b><\/h5>\n<p><span style=\"font-weight: 400;\">Mostra de Val\u00e8ncia-Cinema del Mediterrani, que se celebrar\u00e0 del 19 al 29 d&#8217;octubre, ha donat a con\u00e9ixer els primers sis t\u00edtols dels dotze que competiran enguany per la Palmera d&#8217;Or del festival. Procedents de racons geogr\u00e0fics tan diversos com <\/span><b>S\u00edria, el Marroc, Palestina, Fran\u00e7a o It\u00e0lia,<\/b><span style=\"font-weight: 400;\"> arriben tamb\u00e9 amb l&#8217;aval dels principals <\/span><b>festivals internacionals (Cannes, Berl\u00edn, Rotterdam, Karlovy Vary\u2026).<\/b><b><br \/>\n<\/b><span style=\"font-weight: 400;\">Si alguna cosa distingeix enguany la Secci\u00f3 Oficial del Festival \u00e9s la diversitat, tant a nivell formal (<\/span><b>com\u00e8dia, cinema fant\u00e0stic, formats h\u00edbrids\u2026) <\/b><span style=\"font-weight: 400;\">com a tem\u00e0tic, ja que els films seleccionats aborden q\u00fcestions que van de <\/span><b>les relacions homosexuals a la lluita quotidiana del poble kurd per la superviv\u00e8ncia<\/b><span style=\"font-weight: 400;\">. En tots els casos es tracta de pel\u00b7l\u00edcules que tindran la seua estrena nacional a Val\u00e8ncia i que comptaran en la seua presentaci\u00f3 en el festival amb l&#8217;assist\u00e8ncia dels seus directors i equips art\u00edstics.<\/span><\/p>\n<p><span style=\"font-weight: 400;\">Tots els films de la competici\u00f3, que tornar\u00e0 a comptar amb <\/span><b>representaci\u00f3 parit\u00e0ria de directores<\/b><span style=\"font-weight: 400;\">, pugnaran pel premi de 30.000 euros de la Palmera d&#8217;Or, al qual se sumen altres 15.000 destinats a la distribu\u00efdora que estrene la pel\u00b7l\u00edcula a Espanya. A m\u00e9s, la Palmera de Plata-Premi Especial del Jurat est\u00e0 dotada amb 20.000 euros.<\/span><\/p>\n<p><b>\u2018FIREWORKS\u2019 <\/b><span style=\"font-weight: 400;\">\u00e9s el debut darrere de la c\u00e0mera de l&#8217;actor Giuseppe Fiorello. Basada en fets reals, la seua acci\u00f3 transcorre a principis dels anys 80, i conta la complexa relaci\u00f3 entre dos xics sicilians que es veuen sotmesos a les pressions d&#8217;un entorn social que no accepta el seu amor. La pel\u00b7l\u00edcula va passar pel Festival de Karlovy Vary i ha obtingut al seu pa\u00eds el premi Nastro d&#8217;Argento al millor director emergent i el Globo de Oro itali\u00e0 a la millor \u00f2pera preval.<\/span><\/p>\n<p><b>\u2018DESERTS\u2019 <\/b><span style=\"font-weight: 400;\">\u00e9s una peculiar com\u00e8dia marroquina, dirigida per l&#8217;actor Faouzi Bensa\u00efdi, que va sorprendre en l&#8217;\u00faltima edici\u00f3 de la Quinzaine des Cin\u00e9astes del Festival de Cannes. D&#8217;una banda, per la seua brutal cr\u00edtica a la situaci\u00f3 econ\u00f2mica del pa\u00eds, que vehicula a trav\u00e9s de dos empleats d&#8217;una ag\u00e8ncia de cobrament de deutes que recorren les aldees del Sud, i, per un altre, per l&#8217;experi\u00e8ncia m\u00edstica, quasi on\u00edrica, que suposa emmarcar la trama en els immensos deserts de la zona, que destaquen gr\u00e0cies a una cuidada fotografia.<\/span><\/p>\n<p><span style=\"font-weight: 400;\">Con <\/span><b>\u2018THE WEDDING PARADE\u2019<\/b><span style=\"font-weight: 400;\"> la Mostra de Val\u00e8ncia mant\u00e9 l&#8217;atenci\u00f3 sobre el cinema kurd. Es tracta d&#8217;un film molt cr\u00edtic amb el govern d\u2019Erdo\u011fan, que mostra com el conflicte amb Turquia afecta a la gent en l\u2019\u00e0mbit quotidi\u00e0, fins al punt d&#8217;impedir unes noces. \u00c9s un altre debut, el de la realitzadora Sevinaz Evdike, una de les fundadores de la Comuna Cinematogr\u00e0fica de Rojava, cooperativa les pel\u00b7l\u00edcules de la qual han passat ja anteriorment pel festival.<\/span><\/p>\n<p><b>\u2018TONI, EN FAMILLE\u2019<\/b><span style=\"font-weight: 400;\"> porta de tornada a la Mostra a Nathan Ambrosioni, el director que, amb nom\u00e9s 19 anys, va estrenar en el festival &#8216;Paper Flags&#8217; en 2018 i es va fer amb la Palmera de Bronze i amb el premi a millor actriu, per a No\u00e9mie Merlant. Ara torna, amb 24 anys, per a presentar el seu nou llargmetratge, una deliciosa com\u00e8dia en qu\u00e8 destaca la pres\u00e8ncia de la seua principal protagonista, la coneguda actriu Camille Cottin (&#8216;La casa Gucci&#8217;,<\/span><span style=\"font-weight: 400;\"> &#8216;Cuesti\u00f3n de sangre&#8217;<\/span><span style=\"font-weight: 400;\">), que encarna a una mare soltera a c\u00e0rrec de cinc fills en edat adolescent.<\/span><\/p>\n<p><span style=\"font-weight: 400;\">Tamb\u00e9 resulta conegut per a l&#8217;espectador habitual de la Mostra Muayad Alayan, que presentar\u00e0 <\/span><b>\u2018A HOUSE IN JERUSALEM\u2019<\/b><span style=\"font-weight: 400;\">, una pel\u00b7l\u00edcula estrenada en el Festival de Rotterdam en la qual el cineasta palest\u00ed torna a demostrar la seua habilitat per a parlar de les problem\u00e0tiques del seu poble acollint-se a f\u00f3rmules del cine de g\u00e8nere. Si en el seu anterior film, el celebrat <\/span><span style=\"font-weight: 400;\">&#8216;Los informes sobre Sarah y Saleem&#8217;<\/span><span style=\"font-weight: 400;\">, ho feia sota les formes del thriller, esta vegada puja l&#8217;aposta i utilitza els mecanismes del cine fant\u00e0stic per a al\u00e7ar novament la veu contra l&#8217;ocupaci\u00f3 israeliana.\u00a0<\/span><\/p>\n<p><span style=\"font-weight: 400;\">A m\u00e9s, la Secci\u00f3 Oficial de Mostra de Val\u00e8ncia acollir\u00e0 l&#8217;estrena a Espanya, fora de competici\u00f3, d&#8217;un dels grans documentals cin\u00e8fils de la temporada:<\/span><b> \u2018MASSIMO TROISI: SOMEBODY DOWN THERE LIKES ME&#8217;<\/b><span style=\"font-weight: 400;\">. Es tracta d&#8217;un film de Mario Martone estrenat en la Berlinale, l&#8217;objectiu del qual \u00e9s el de reivindicar el llegat de Massimo Troisi, que va aconseguir fama mundial com a protagonista de la recordada \u2018<\/span><span style=\"font-weight: 400;\">El cartero y Pablo Neruda<\/span><span style=\"font-weight: 400;\">\u2019, per\u00f2 va morir molt poc despr\u00e9s, en 1994, amb nom\u00e9s 41 anys. Martone, amb l&#8217;ajuda de col\u00b7legues com Paolo Sorrentino o Michael Radford, posa en valor no sols la seua faceta d&#8217;actor (que va donar una nova dimensi\u00f3 a la figura del protagonista mascul\u00ed al cine itali\u00e0, m\u00e9s insegur, enfront dels fanfarrons com Gassman), sin\u00f3 tamb\u00e9 la de director, que va ser fonamental per a apuntalar una nova manera d&#8217;entendre la com\u00e8dia al seu pa\u00eds.<\/span><\/p>\n<p><b>Primer avan\u00e7 de Secci\u00f3 Oficial de Mostra de Val\u00e8ncia 2023:<\/b><\/p>\n<p><b><img loading=\"lazy\" decoding=\"async\" class=\"size-medium wp-image-20868 alignleft\" src=\"https:\/\/lamostradevalencia.com\/wp-content\/uploads\/2023\/08\/a-house-1-300x153.jpg\" alt=\"\" width=\"300\" height=\"153\" \/>A HOUSE IN JERUSALEM<\/b><\/p>\n<p><b>Palestina, el Regne Unit, Alemanya, Pa\u00efsos Baixos. 2023.<\/b><span style=\"font-weight: 400;\"><br \/>\n<\/span><b>Direcci\u00f3:<\/b><span style=\"font-weight: 400;\"> Muayad Alayan<\/span><span style=\"font-weight: 400;\"><br \/>\n<\/span><span style=\"font-weight: 400;\">Una xiqueta jueva-brit\u00e0nica viatja amb el seu pare des d&#8217;Anglaterra a Jerusalem per a iniciar una nova vida que l&#8217;ajude a superar la recent mort de la seua mare. Als pocs dies d&#8217;establir-se, a la casa se li comen\u00e7a a apar\u00e9ixer el fantasma d&#8217;una misteriosa xiqueta de la seua edat.<\/span><\/p>\n<p>&nbsp;<\/p>\n<p>&nbsp;<\/p>\n<p><b>TONI, EN FAMILLE<img loading=\"lazy\" decoding=\"async\" class=\"size-medium wp-image-20863 alignright\" src=\"https:\/\/lamostradevalencia.com\/wp-content\/uploads\/2023\/08\/toni-1-300x169.jpg\" alt=\"\" width=\"300\" height=\"169\" srcset=\"https:\/\/lamostradevalencia.com\/wp-content\/uploads\/2023\/08\/toni-1-300x169.jpg 300w, https:\/\/lamostradevalencia.com\/wp-content\/uploads\/2023\/08\/toni-1-1024x576.jpg 1024w, https:\/\/lamostradevalencia.com\/wp-content\/uploads\/2023\/08\/toni-1-768x432.jpg 768w, https:\/\/lamostradevalencia.com\/wp-content\/uploads\/2023\/08\/toni-1-1536x864.jpg 1536w\" sizes=\"auto, (max-width: 300px) 100vw, 300px\" \/><\/b><\/p>\n<p><b>Fran\u00e7a. 2023.<\/b><\/p>\n<p><b>Direcci\u00f3:<\/b><span style=\"font-weight: 400;\"> Nathan Ambrosioni<\/span><\/p>\n<p><span style=\"font-weight: 400;\">Una dona de mitjana edat, que va tindre gran \u00e8xit com a cantant fa vint anys, es fa c\u00e0rrec sola dels seus cinc fills adolescents, dos dels quals es preparen per a anar a la Universitat.<\/span><\/p>\n<p>&nbsp;<\/p>\n<p>&nbsp;<\/p>\n<p><b><img loading=\"lazy\" decoding=\"async\" class=\"size-medium wp-image-20873 alignleft\" src=\"https:\/\/lamostradevalencia.com\/wp-content\/uploads\/2023\/08\/desert-1-300x169.png\" alt=\"\" width=\"300\" height=\"169\" srcset=\"https:\/\/lamostradevalencia.com\/wp-content\/uploads\/2023\/08\/desert-1-300x169.png 300w, https:\/\/lamostradevalencia.com\/wp-content\/uploads\/2023\/08\/desert-1-1024x576.png 1024w, https:\/\/lamostradevalencia.com\/wp-content\/uploads\/2023\/08\/desert-1-768x432.png 768w, https:\/\/lamostradevalencia.com\/wp-content\/uploads\/2023\/08\/desert-1-1536x864.png 1536w, https:\/\/lamostradevalencia.com\/wp-content\/uploads\/2023\/08\/desert-1.png 1920w\" sizes=\"auto, (max-width: 300px) 100vw, 300px\" \/>DESERTS<\/b><\/p>\n<p><b>El Marroc, Fran\u00e7a, B\u00e8lgica, Alemanya. 2023.<\/b><\/p>\n<p><b>Direcci\u00f3:<\/b><span style=\"font-weight: 400;\"> Faouzi Bensa\u00efdi<\/span><span style=\"font-weight: 400;\"><br \/>\n<\/span><span style=\"font-weight: 400;\">Dos lladregotsvila recorren el sud del Marroc tractant de recuperar els pr\u00e9stecs endarrerits de la seua ag\u00e8ncia i pressionant a uns vilatans atabalats per la pobresa. El seu viatge canviar\u00e0 de manera radical quan es creue en el seu cam\u00ed un singular bandoler.<\/span><\/p>\n<p>&nbsp;<\/p>\n<p>&nbsp;<\/p>\n<p><b>FIREWORKS<img loading=\"lazy\" decoding=\"async\" class=\"size-medium wp-image-20878 alignright\" src=\"https:\/\/lamostradevalencia.com\/wp-content\/uploads\/2023\/08\/firework-peque-300x169.jpg\" alt=\"\" width=\"300\" height=\"169\" srcset=\"https:\/\/lamostradevalencia.com\/wp-content\/uploads\/2023\/08\/firework-peque-300x169.jpg 300w, https:\/\/lamostradevalencia.com\/wp-content\/uploads\/2023\/08\/firework-peque-1024x576.jpg 1024w, https:\/\/lamostradevalencia.com\/wp-content\/uploads\/2023\/08\/firework-peque-768x432.jpg 768w, https:\/\/lamostradevalencia.com\/wp-content\/uploads\/2023\/08\/firework-peque.jpg 1200w\" sizes=\"auto, (max-width: 300px) 100vw, 300px\" \/><\/b><\/p>\n<p><b>It\u00e0lia. 2023.<\/b><\/p>\n<p><b>Direcci\u00f3:<\/b><span style=\"font-weight: 400;\"> Giuseppe Fiorello<\/span><span style=\"font-weight: 400;\"><br \/>\n<\/span><span style=\"font-weight: 400;\">La complexa relaci\u00f3 entre dos xics que se senten atrets l\u2019un per l&#8217;altre a la Sic\u00edlia de 1982, una societat marcada pels prejudicis, la tradici\u00f3 i l&#8217;estretor de mires.<\/span><\/p>\n<p>&nbsp;<\/p>\n<p>&nbsp;<\/p>\n<p>&nbsp;<\/p>\n<p><b><img loading=\"lazy\" decoding=\"async\" class=\"size-medium wp-image-20883 alignleft\" src=\"https:\/\/lamostradevalencia.com\/wp-content\/uploads\/2023\/08\/vlcsnap-2022-04-30-13h09m52s568-300x125.png\" alt=\"\" width=\"300\" height=\"125\" srcset=\"https:\/\/lamostradevalencia.com\/wp-content\/uploads\/2023\/08\/vlcsnap-2022-04-30-13h09m52s568-300x125.png 300w, https:\/\/lamostradevalencia.com\/wp-content\/uploads\/2023\/08\/vlcsnap-2022-04-30-13h09m52s568-1024x427.png 1024w, https:\/\/lamostradevalencia.com\/wp-content\/uploads\/2023\/08\/vlcsnap-2022-04-30-13h09m52s568-768x320.png 768w, https:\/\/lamostradevalencia.com\/wp-content\/uploads\/2023\/08\/vlcsnap-2022-04-30-13h09m52s568-1536x640.png 1536w\" sizes=\"auto, (max-width: 300px) 100vw, 300px\" \/>THE WEDDING PARADE<\/b><\/p>\n<p><b>S\u00edria. 2022.<\/b><\/p>\n<p><b>Direcci\u00f3:<\/b><span style=\"font-weight: 400;\"> Sevinaz Evdike<\/span><\/p>\n<p><span style=\"font-weight: 400;\">En Serekaniye, una ciutat prop de la frontera amb S\u00edria, una jove ho t\u00e9 tot llest per a celebrar les seues noces l&#8217;endem\u00e0, per\u00f2 la seua fam\u00edlia rep not\u00edcies d&#8217;una amena\u00e7a imminent d&#8217;atac b\u00e8l\u00b7lic contra la ciutat i ha de prendre la decisi\u00f3 de seguir endavant o cancel\u00b7lar l&#8217;esdeveniment.<\/span><\/p>\n<p>&nbsp;<\/p>\n<p>&nbsp;<\/p>\n<p><b>MASSIMO TROISI: SOMEBODY DOWN THERE LIKES ME<img loading=\"lazy\" decoding=\"async\" class=\"size-medium wp-image-20888 alignright\" src=\"https:\/\/lamostradevalencia.com\/wp-content\/uploads\/2023\/08\/1246_LQMA_DSCT9950-300x200.jpg\" alt=\"\" width=\"300\" height=\"200\" srcset=\"https:\/\/lamostradevalencia.com\/wp-content\/uploads\/2023\/08\/1246_LQMA_DSCT9950-300x200.jpg 300w, https:\/\/lamostradevalencia.com\/wp-content\/uploads\/2023\/08\/1246_LQMA_DSCT9950-1024x683.jpg 1024w, https:\/\/lamostradevalencia.com\/wp-content\/uploads\/2023\/08\/1246_LQMA_DSCT9950-768x512.jpg 768w, https:\/\/lamostradevalencia.com\/wp-content\/uploads\/2023\/08\/1246_LQMA_DSCT9950-1536x1024.jpg 1536w\" sizes=\"auto, (max-width: 300px) 100vw, 300px\" \/><\/b><\/p>\n<p><b>It\u00e0lia. 2023.\u00a0<\/b><\/p>\n<p><b>Direcci\u00f3:<\/b><span style=\"font-weight: 400;\"> Mario Martone<\/span><\/p>\n<p><span style=\"font-weight: 400;\">Si ha existit un artista itali\u00e0 infravalorat com a actor i, sobretot, com a director, \u00e9s Massimo Troisi, mort en 1994, als 41 anys, despr\u00e9s de protagonitzar &#8216;El cartero y Pablo Neruda&#8217;. Mario Martone explora la seua personalitat escoltant els relats dels seus amics i col\u00b7legues.<\/span><\/p>\n<p>&nbsp;<\/p>\n<p><span style=\"font-weight: 400;\">La 38a edici\u00f3 de Mostra de Val\u00e8ncia-Cinema del Mediterrani est\u00e0 organitzada per l\u2019Ajuntament de Val\u00e8ncia i compta amb la col\u00b7laboraci\u00f3 de l\u2019Institut Valenci\u00e0 de Cultura (IVC), el Palau de la M\u00fasica, Barreira Arte + Dise\u00f1o i \u00c0 Punt M\u00e8dia com a mitj\u00e0 oficial. <\/span><\/p>\n","protected":false},"excerpt":{"rendered":"<p>Una selecci\u00f3 diversa que inclou com\u00e8dia, g\u00e8nere fant\u00e0stic i formats h\u00edbrids Mostra de Val\u00e8ncia-Cinema del Mediterrani, que se celebrar\u00e0 del 19 al 29 d&#8217;octubre, ha [&hellip;]<\/p>\n","protected":false},"author":1,"featured_media":20850,"comment_status":"open","ping_status":"open","sticky":false,"template":"","format":"standard","meta":{"_uag_custom_page_level_css":"","_jet_sm_ready_style":"","_jet_sm_style":"","_jet_sm_controls_values":"","_jet_sm_fonts_collection":"","_jet_sm_fonts_links":"","footnotes":""},"categories":[455],"tags":[],"class_list":["post-20899","post","type-post","status-publish","format-standard","has-post-thumbnail","hentry","category-noticies"],"yoast_head":"<!-- This site is optimized with the Yoast SEO plugin v27.5 - https:\/\/yoast.com\/product\/yoast-seo-wordpress\/ -->\n<title>Primer avan\u00e7 de la Secci\u00f3 Oficial de Mostra de Val\u00e8ncia: mediterr\u00e0nia, femenina i plural - Mostra de Val\u00e8ncia<\/title>\n<meta name=\"robots\" content=\"index, follow, max-snippet:-1, max-image-preview:large, max-video-preview:-1\" \/>\n<link rel=\"canonical\" href=\"https:\/\/lamostradevalencia.com\/ca\/primer-avanc-de-la-seccio-oficial-de-mostra-de-valencia-mediterrania-femenina-i-plural\/\" \/>\n<meta property=\"og:locale\" content=\"ca_ES\" \/>\n<meta property=\"og:type\" content=\"article\" \/>\n<meta property=\"og:title\" content=\"Primer avan\u00e7 de la Secci\u00f3 Oficial de Mostra de Val\u00e8ncia: mediterr\u00e0nia, femenina i plural - Mostra de Val\u00e8ncia\" \/>\n<meta property=\"og:description\" content=\"Una selecci\u00f3 diversa que inclou com\u00e8dia, g\u00e8nere fant\u00e0stic i formats h\u00edbrids Mostra de Val\u00e8ncia-Cinema del Mediterrani, que se celebrar\u00e0 del 19 al 29 d&#8217;octubre, ha [&hellip;]\" \/>\n<meta property=\"og:url\" content=\"https:\/\/lamostradevalencia.com\/ca\/primer-avanc-de-la-seccio-oficial-de-mostra-de-valencia-mediterrania-femenina-i-plural\/\" \/>\n<meta property=\"og:site_name\" content=\"Mostra de Val\u00e8ncia\" \/>\n<meta property=\"article:published_time\" content=\"2023-08-30T09:03:08+00:00\" \/>\n<meta property=\"og:image\" content=\"https:\/\/lamostradevalencia.com\/wp-content\/uploads\/2023\/08\/MOSTRA-DE-VALENCIA-2-4.png\" \/>\n\t<meta property=\"og:image:width\" content=\"1080\" \/>\n\t<meta property=\"og:image:height\" content=\"1080\" \/>\n\t<meta property=\"og:image:type\" content=\"image\/png\" \/>\n<meta name=\"author\" content=\"Mostra de Val\u00e8ncia\" \/>\n<meta name=\"twitter:card\" content=\"summary_large_image\" \/>\n<meta name=\"twitter:label1\" content=\"Escrit per\" \/>\n\t<meta name=\"twitter:data1\" content=\"Mostra de Val\u00e8ncia\" \/>\n\t<meta name=\"twitter:label2\" content=\"Temps estimat de lectura\" \/>\n\t<meta name=\"twitter:data2\" content=\"7 minuts\" \/>\n<script type=\"application\/ld+json\" class=\"yoast-schema-graph\">{\"@context\":\"https:\\\/\\\/schema.org\",\"@graph\":[{\"@type\":\"Article\",\"@id\":\"https:\\\/\\\/lamostradevalencia.com\\\/ca\\\/primer-avanc-de-la-seccio-oficial-de-mostra-de-valencia-mediterrania-femenina-i-plural\\\/#article\",\"isPartOf\":{\"@id\":\"https:\\\/\\\/lamostradevalencia.com\\\/ca\\\/primer-avanc-de-la-seccio-oficial-de-mostra-de-valencia-mediterrania-femenina-i-plural\\\/\"},\"author\":{\"name\":\"Mostra de Val\u00e8ncia\",\"@id\":\"https:\\\/\\\/lamostradevalencia.com\\\/ca\\\/#\\\/schema\\\/person\\\/1dc07e4df3d6310b81d2cdf6a034070c\"},\"headline\":\"Primer avan\u00e7 de la Secci\u00f3 Oficial de Mostra de Val\u00e8ncia: mediterr\u00e0nia, femenina i plural\",\"datePublished\":\"2023-08-30T09:03:08+00:00\",\"mainEntityOfPage\":{\"@id\":\"https:\\\/\\\/lamostradevalencia.com\\\/ca\\\/primer-avanc-de-la-seccio-oficial-de-mostra-de-valencia-mediterrania-femenina-i-plural\\\/\"},\"wordCount\":1305,\"commentCount\":0,\"image\":{\"@id\":\"https:\\\/\\\/lamostradevalencia.com\\\/ca\\\/primer-avanc-de-la-seccio-oficial-de-mostra-de-valencia-mediterrania-femenina-i-plural\\\/#primaryimage\"},\"thumbnailUrl\":\"https:\\\/\\\/lamostradevalencia.com\\\/wp-content\\\/uploads\\\/2023\\\/08\\\/MOSTRA-DE-VALENCIA-2-4.png\",\"articleSection\":[\"Noticies\"],\"inLanguage\":\"ca\",\"potentialAction\":[{\"@type\":\"CommentAction\",\"name\":\"Comment\",\"target\":[\"https:\\\/\\\/lamostradevalencia.com\\\/ca\\\/primer-avanc-de-la-seccio-oficial-de-mostra-de-valencia-mediterrania-femenina-i-plural\\\/#respond\"]}]},{\"@type\":\"WebPage\",\"@id\":\"https:\\\/\\\/lamostradevalencia.com\\\/ca\\\/primer-avanc-de-la-seccio-oficial-de-mostra-de-valencia-mediterrania-femenina-i-plural\\\/\",\"url\":\"https:\\\/\\\/lamostradevalencia.com\\\/ca\\\/primer-avanc-de-la-seccio-oficial-de-mostra-de-valencia-mediterrania-femenina-i-plural\\\/\",\"name\":\"Primer avan\u00e7 de la Secci\u00f3 Oficial de Mostra de Val\u00e8ncia: mediterr\u00e0nia, femenina i plural - Mostra de Val\u00e8ncia\",\"isPartOf\":{\"@id\":\"https:\\\/\\\/lamostradevalencia.com\\\/ca\\\/#website\"},\"primaryImageOfPage\":{\"@id\":\"https:\\\/\\\/lamostradevalencia.com\\\/ca\\\/primer-avanc-de-la-seccio-oficial-de-mostra-de-valencia-mediterrania-femenina-i-plural\\\/#primaryimage\"},\"image\":{\"@id\":\"https:\\\/\\\/lamostradevalencia.com\\\/ca\\\/primer-avanc-de-la-seccio-oficial-de-mostra-de-valencia-mediterrania-femenina-i-plural\\\/#primaryimage\"},\"thumbnailUrl\":\"https:\\\/\\\/lamostradevalencia.com\\\/wp-content\\\/uploads\\\/2023\\\/08\\\/MOSTRA-DE-VALENCIA-2-4.png\",\"datePublished\":\"2023-08-30T09:03:08+00:00\",\"author\":{\"@id\":\"https:\\\/\\\/lamostradevalencia.com\\\/ca\\\/#\\\/schema\\\/person\\\/1dc07e4df3d6310b81d2cdf6a034070c\"},\"breadcrumb\":{\"@id\":\"https:\\\/\\\/lamostradevalencia.com\\\/ca\\\/primer-avanc-de-la-seccio-oficial-de-mostra-de-valencia-mediterrania-femenina-i-plural\\\/#breadcrumb\"},\"inLanguage\":\"ca\",\"potentialAction\":[{\"@type\":\"ReadAction\",\"target\":[\"https:\\\/\\\/lamostradevalencia.com\\\/ca\\\/primer-avanc-de-la-seccio-oficial-de-mostra-de-valencia-mediterrania-femenina-i-plural\\\/\"]}]},{\"@type\":\"ImageObject\",\"inLanguage\":\"ca\",\"@id\":\"https:\\\/\\\/lamostradevalencia.com\\\/ca\\\/primer-avanc-de-la-seccio-oficial-de-mostra-de-valencia-mediterrania-femenina-i-plural\\\/#primaryimage\",\"url\":\"https:\\\/\\\/lamostradevalencia.com\\\/wp-content\\\/uploads\\\/2023\\\/08\\\/MOSTRA-DE-VALENCIA-2-4.png\",\"contentUrl\":\"https:\\\/\\\/lamostradevalencia.com\\\/wp-content\\\/uploads\\\/2023\\\/08\\\/MOSTRA-DE-VALENCIA-2-4.png\",\"width\":1080,\"height\":1080},{\"@type\":\"BreadcrumbList\",\"@id\":\"https:\\\/\\\/lamostradevalencia.com\\\/ca\\\/primer-avanc-de-la-seccio-oficial-de-mostra-de-valencia-mediterrania-femenina-i-plural\\\/#breadcrumb\",\"itemListElement\":[{\"@type\":\"ListItem\",\"position\":1,\"name\":\"Portada\",\"item\":\"https:\\\/\\\/lamostradevalencia.com\\\/ca\\\/\"},{\"@type\":\"ListItem\",\"position\":2,\"name\":\"Primer avan\u00e7 de la Secci\u00f3 Oficial de Mostra de Val\u00e8ncia: mediterr\u00e0nia, femenina i plural\"}]},{\"@type\":\"WebSite\",\"@id\":\"https:\\\/\\\/lamostradevalencia.com\\\/ca\\\/#website\",\"url\":\"https:\\\/\\\/lamostradevalencia.com\\\/ca\\\/\",\"name\":\"Mostra de Val\u00e8ncia\",\"description\":\"Cinema del Mediterrani\",\"potentialAction\":[{\"@type\":\"SearchAction\",\"target\":{\"@type\":\"EntryPoint\",\"urlTemplate\":\"https:\\\/\\\/lamostradevalencia.com\\\/ca\\\/?s={search_term_string}\"},\"query-input\":{\"@type\":\"PropertyValueSpecification\",\"valueRequired\":true,\"valueName\":\"search_term_string\"}}],\"inLanguage\":\"ca\"},{\"@type\":\"Person\",\"@id\":\"https:\\\/\\\/lamostradevalencia.com\\\/ca\\\/#\\\/schema\\\/person\\\/1dc07e4df3d6310b81d2cdf6a034070c\",\"name\":\"Mostra de Val\u00e8ncia\",\"image\":{\"@type\":\"ImageObject\",\"inLanguage\":\"ca\",\"@id\":\"https:\\\/\\\/secure.gravatar.com\\\/avatar\\\/ada4dfd699a9907706987adb1bb2b361c2613ccca474b49b8c648de5208e32f8?s=96&d=mm&r=g\",\"url\":\"https:\\\/\\\/secure.gravatar.com\\\/avatar\\\/ada4dfd699a9907706987adb1bb2b361c2613ccca474b49b8c648de5208e32f8?s=96&d=mm&r=g\",\"contentUrl\":\"https:\\\/\\\/secure.gravatar.com\\\/avatar\\\/ada4dfd699a9907706987adb1bb2b361c2613ccca474b49b8c648de5208e32f8?s=96&d=mm&r=g\",\"caption\":\"Mostra de Val\u00e8ncia\"}}]}<\/script>\n<!-- \/ Yoast SEO plugin. -->","yoast_head_json":{"title":"Primer avan\u00e7 de la Secci\u00f3 Oficial de Mostra de Val\u00e8ncia: mediterr\u00e0nia, femenina i plural - Mostra de Val\u00e8ncia","robots":{"index":"index","follow":"follow","max-snippet":"max-snippet:-1","max-image-preview":"max-image-preview:large","max-video-preview":"max-video-preview:-1"},"canonical":"https:\/\/lamostradevalencia.com\/ca\/primer-avanc-de-la-seccio-oficial-de-mostra-de-valencia-mediterrania-femenina-i-plural\/","og_locale":"ca_ES","og_type":"article","og_title":"Primer avan\u00e7 de la Secci\u00f3 Oficial de Mostra de Val\u00e8ncia: mediterr\u00e0nia, femenina i plural - Mostra de Val\u00e8ncia","og_description":"Una selecci\u00f3 diversa que inclou com\u00e8dia, g\u00e8nere fant\u00e0stic i formats h\u00edbrids Mostra de Val\u00e8ncia-Cinema del Mediterrani, que se celebrar\u00e0 del 19 al 29 d&#8217;octubre, ha [&hellip;]","og_url":"https:\/\/lamostradevalencia.com\/ca\/primer-avanc-de-la-seccio-oficial-de-mostra-de-valencia-mediterrania-femenina-i-plural\/","og_site_name":"Mostra de Val\u00e8ncia","article_published_time":"2023-08-30T09:03:08+00:00","og_image":[{"width":1080,"height":1080,"url":"https:\/\/lamostradevalencia.com\/wp-content\/uploads\/2023\/08\/MOSTRA-DE-VALENCIA-2-4.png","type":"image\/png"}],"author":"Mostra de Val\u00e8ncia","twitter_card":"summary_large_image","twitter_misc":{"Escrit per":"Mostra de Val\u00e8ncia","Temps estimat de lectura":"7 minuts"},"schema":{"@context":"https:\/\/schema.org","@graph":[{"@type":"Article","@id":"https:\/\/lamostradevalencia.com\/ca\/primer-avanc-de-la-seccio-oficial-de-mostra-de-valencia-mediterrania-femenina-i-plural\/#article","isPartOf":{"@id":"https:\/\/lamostradevalencia.com\/ca\/primer-avanc-de-la-seccio-oficial-de-mostra-de-valencia-mediterrania-femenina-i-plural\/"},"author":{"name":"Mostra de Val\u00e8ncia","@id":"https:\/\/lamostradevalencia.com\/ca\/#\/schema\/person\/1dc07e4df3d6310b81d2cdf6a034070c"},"headline":"Primer avan\u00e7 de la Secci\u00f3 Oficial de Mostra de Val\u00e8ncia: mediterr\u00e0nia, femenina i plural","datePublished":"2023-08-30T09:03:08+00:00","mainEntityOfPage":{"@id":"https:\/\/lamostradevalencia.com\/ca\/primer-avanc-de-la-seccio-oficial-de-mostra-de-valencia-mediterrania-femenina-i-plural\/"},"wordCount":1305,"commentCount":0,"image":{"@id":"https:\/\/lamostradevalencia.com\/ca\/primer-avanc-de-la-seccio-oficial-de-mostra-de-valencia-mediterrania-femenina-i-plural\/#primaryimage"},"thumbnailUrl":"https:\/\/lamostradevalencia.com\/wp-content\/uploads\/2023\/08\/MOSTRA-DE-VALENCIA-2-4.png","articleSection":["Noticies"],"inLanguage":"ca","potentialAction":[{"@type":"CommentAction","name":"Comment","target":["https:\/\/lamostradevalencia.com\/ca\/primer-avanc-de-la-seccio-oficial-de-mostra-de-valencia-mediterrania-femenina-i-plural\/#respond"]}]},{"@type":"WebPage","@id":"https:\/\/lamostradevalencia.com\/ca\/primer-avanc-de-la-seccio-oficial-de-mostra-de-valencia-mediterrania-femenina-i-plural\/","url":"https:\/\/lamostradevalencia.com\/ca\/primer-avanc-de-la-seccio-oficial-de-mostra-de-valencia-mediterrania-femenina-i-plural\/","name":"Primer avan\u00e7 de la Secci\u00f3 Oficial de Mostra de Val\u00e8ncia: mediterr\u00e0nia, femenina i plural - Mostra de Val\u00e8ncia","isPartOf":{"@id":"https:\/\/lamostradevalencia.com\/ca\/#website"},"primaryImageOfPage":{"@id":"https:\/\/lamostradevalencia.com\/ca\/primer-avanc-de-la-seccio-oficial-de-mostra-de-valencia-mediterrania-femenina-i-plural\/#primaryimage"},"image":{"@id":"https:\/\/lamostradevalencia.com\/ca\/primer-avanc-de-la-seccio-oficial-de-mostra-de-valencia-mediterrania-femenina-i-plural\/#primaryimage"},"thumbnailUrl":"https:\/\/lamostradevalencia.com\/wp-content\/uploads\/2023\/08\/MOSTRA-DE-VALENCIA-2-4.png","datePublished":"2023-08-30T09:03:08+00:00","author":{"@id":"https:\/\/lamostradevalencia.com\/ca\/#\/schema\/person\/1dc07e4df3d6310b81d2cdf6a034070c"},"breadcrumb":{"@id":"https:\/\/lamostradevalencia.com\/ca\/primer-avanc-de-la-seccio-oficial-de-mostra-de-valencia-mediterrania-femenina-i-plural\/#breadcrumb"},"inLanguage":"ca","potentialAction":[{"@type":"ReadAction","target":["https:\/\/lamostradevalencia.com\/ca\/primer-avanc-de-la-seccio-oficial-de-mostra-de-valencia-mediterrania-femenina-i-plural\/"]}]},{"@type":"ImageObject","inLanguage":"ca","@id":"https:\/\/lamostradevalencia.com\/ca\/primer-avanc-de-la-seccio-oficial-de-mostra-de-valencia-mediterrania-femenina-i-plural\/#primaryimage","url":"https:\/\/lamostradevalencia.com\/wp-content\/uploads\/2023\/08\/MOSTRA-DE-VALENCIA-2-4.png","contentUrl":"https:\/\/lamostradevalencia.com\/wp-content\/uploads\/2023\/08\/MOSTRA-DE-VALENCIA-2-4.png","width":1080,"height":1080},{"@type":"BreadcrumbList","@id":"https:\/\/lamostradevalencia.com\/ca\/primer-avanc-de-la-seccio-oficial-de-mostra-de-valencia-mediterrania-femenina-i-plural\/#breadcrumb","itemListElement":[{"@type":"ListItem","position":1,"name":"Portada","item":"https:\/\/lamostradevalencia.com\/ca\/"},{"@type":"ListItem","position":2,"name":"Primer avan\u00e7 de la Secci\u00f3 Oficial de Mostra de Val\u00e8ncia: mediterr\u00e0nia, femenina i plural"}]},{"@type":"WebSite","@id":"https:\/\/lamostradevalencia.com\/ca\/#website","url":"https:\/\/lamostradevalencia.com\/ca\/","name":"Mostra de Val\u00e8ncia","description":"Cinema del Mediterrani","potentialAction":[{"@type":"SearchAction","target":{"@type":"EntryPoint","urlTemplate":"https:\/\/lamostradevalencia.com\/ca\/?s={search_term_string}"},"query-input":{"@type":"PropertyValueSpecification","valueRequired":true,"valueName":"search_term_string"}}],"inLanguage":"ca"},{"@type":"Person","@id":"https:\/\/lamostradevalencia.com\/ca\/#\/schema\/person\/1dc07e4df3d6310b81d2cdf6a034070c","name":"Mostra de Val\u00e8ncia","image":{"@type":"ImageObject","inLanguage":"ca","@id":"https:\/\/secure.gravatar.com\/avatar\/ada4dfd699a9907706987adb1bb2b361c2613ccca474b49b8c648de5208e32f8?s=96&d=mm&r=g","url":"https:\/\/secure.gravatar.com\/avatar\/ada4dfd699a9907706987adb1bb2b361c2613ccca474b49b8c648de5208e32f8?s=96&d=mm&r=g","contentUrl":"https:\/\/secure.gravatar.com\/avatar\/ada4dfd699a9907706987adb1bb2b361c2613ccca474b49b8c648de5208e32f8?s=96&d=mm&r=g","caption":"Mostra de Val\u00e8ncia"}}]}},"uagb_featured_image_src":{"full":["https:\/\/lamostradevalencia.com\/wp-content\/uploads\/2023\/08\/MOSTRA-DE-VALENCIA-2-4.png",1080,1080,false],"thumbnail":["https:\/\/lamostradevalencia.com\/wp-content\/uploads\/2023\/08\/MOSTRA-DE-VALENCIA-2-4-150x150.png",150,150,true],"medium":["https:\/\/lamostradevalencia.com\/wp-content\/uploads\/2023\/08\/MOSTRA-DE-VALENCIA-2-4-300x300.png",300,300,true],"medium_large":["https:\/\/lamostradevalencia.com\/wp-content\/uploads\/2023\/08\/MOSTRA-DE-VALENCIA-2-4-768x768.png",768,768,true],"large":["https:\/\/lamostradevalencia.com\/wp-content\/uploads\/2023\/08\/MOSTRA-DE-VALENCIA-2-4-1024x1024.png",1024,1024,true],"1536x1536":["https:\/\/lamostradevalencia.com\/wp-content\/uploads\/2023\/08\/MOSTRA-DE-VALENCIA-2-4.png",1080,1080,false],"2048x2048":["https:\/\/lamostradevalencia.com\/wp-content\/uploads\/2023\/08\/MOSTRA-DE-VALENCIA-2-4.png",1080,1080,false],"cinerama_edge_image_square":["https:\/\/lamostradevalencia.com\/wp-content\/uploads\/2023\/08\/MOSTRA-DE-VALENCIA-2-4-550x550.png",550,550,true],"cinerama_edge_image_landscape":["https:\/\/lamostradevalencia.com\/wp-content\/uploads\/2023\/08\/MOSTRA-DE-VALENCIA-2-4-1080x550.png",1080,550,true],"cinerama_edge_image_portrait":["https:\/\/lamostradevalencia.com\/wp-content\/uploads\/2023\/08\/MOSTRA-DE-VALENCIA-2-4-550x1080.png",550,1080,true],"cinerama_edge_image_huge":["https:\/\/lamostradevalencia.com\/wp-content\/uploads\/2023\/08\/MOSTRA-DE-VALENCIA-2-4.png",1080,1080,false],"gform-image-choice-sm":["https:\/\/lamostradevalencia.com\/wp-content\/uploads\/2023\/08\/MOSTRA-DE-VALENCIA-2-4.png",300,300,false],"gform-image-choice-md":["https:\/\/lamostradevalencia.com\/wp-content\/uploads\/2023\/08\/MOSTRA-DE-VALENCIA-2-4.png",400,400,false],"gform-image-choice-lg":["https:\/\/lamostradevalencia.com\/wp-content\/uploads\/2023\/08\/MOSTRA-DE-VALENCIA-2-4.png",600,600,false]},"uagb_author_info":{"display_name":"Mostra de Val\u00e8ncia","author_link":"https:\/\/lamostradevalencia.com\/ca\/author\/mostravalencia\/"},"uagb_comment_info":0,"uagb_excerpt":"Una selecci\u00f3 diversa que inclou com\u00e8dia, g\u00e8nere fant\u00e0stic i formats h\u00edbrids Mostra de Val\u00e8ncia-Cinema del Mediterrani, que se celebrar\u00e0 del 19 al 29 d&#8217;octubre, ha [&hellip;]","_links":{"self":[{"href":"https:\/\/lamostradevalencia.com\/ca\/wp-json\/wp\/v2\/posts\/20899","targetHints":{"allow":["GET"]}}],"collection":[{"href":"https:\/\/lamostradevalencia.com\/ca\/wp-json\/wp\/v2\/posts"}],"about":[{"href":"https:\/\/lamostradevalencia.com\/ca\/wp-json\/wp\/v2\/types\/post"}],"author":[{"embeddable":true,"href":"https:\/\/lamostradevalencia.com\/ca\/wp-json\/wp\/v2\/users\/1"}],"replies":[{"embeddable":true,"href":"https:\/\/lamostradevalencia.com\/ca\/wp-json\/wp\/v2\/comments?post=20899"}],"version-history":[{"count":2,"href":"https:\/\/lamostradevalencia.com\/ca\/wp-json\/wp\/v2\/posts\/20899\/revisions"}],"predecessor-version":[{"id":20901,"href":"https:\/\/lamostradevalencia.com\/ca\/wp-json\/wp\/v2\/posts\/20899\/revisions\/20901"}],"wp:featuredmedia":[{"embeddable":true,"href":"https:\/\/lamostradevalencia.com\/ca\/wp-json\/wp\/v2\/media\/20850"}],"wp:attachment":[{"href":"https:\/\/lamostradevalencia.com\/ca\/wp-json\/wp\/v2\/media?parent=20899"}],"wp:term":[{"taxonomy":"category","embeddable":true,"href":"https:\/\/lamostradevalencia.com\/ca\/wp-json\/wp\/v2\/categories?post=20899"},{"taxonomy":"post_tag","embeddable":true,"href":"https:\/\/lamostradevalencia.com\/ca\/wp-json\/wp\/v2\/tags?post=20899"}],"curies":[{"name":"wp","href":"https:\/\/api.w.org\/{rel}","templated":true}]}}