{"id":19383,"date":"2023-07-26T09:15:50","date_gmt":"2023-07-26T07:15:50","guid":{"rendered":"https:\/\/lamostradevalencia.com\/?p=19383"},"modified":"2023-07-26T12:15:59","modified_gmt":"2023-07-26T10:15:59","slug":"la-mostra-porta-a-valencia-el-cine-libanes-mes-actual","status":"publish","type":"post","link":"https:\/\/lamostradevalencia.com\/ca\/la-mostra-porta-a-valencia-el-cine-libanes-mes-actual\/","title":{"rendered":"La Mostra porta a Val\u00e8ncia el cine liban\u00e9s m\u00e9s actual"},"content":{"rendered":"<h5><b>El cicle \u2018Ecos del L\u00edban\u2019 inclou deu pel\u00b7l\u00edcules, la majoria in\u00e8dites a Espanya i sis d&#8217;elles dirigides per dones<\/b><\/h5>\n<p>Mostra de Val\u00e8ncia comen\u00e7a a desgranar els continguts de la seua 38a edici\u00f3, que se celebrar\u00e0 del 19 al 29 d&#8217;octubre i este any dedicar\u00e0 un cicle al cine liban\u00e9s m\u00e9s recent.<\/p>\n<p>Amb tot just cinc milions d&#8217;habitants, <strong>pocs pa\u00efsos poden presumir com el L\u00edban, el menor d&#8217;Orient Mitj\u00e0, de tindre una ind\u00fastria cinematogr\u00e0fica que s&#8217;inici\u00e0 en els anys 20 del segle passat i que produ\u00efx una mitjana de vint pel\u00b7l\u00edcules anuals des de fa una d\u00e8cada<\/strong>, amb pres\u00e8ncia habitual en els principals festivals internacionals.<\/p>\n<p>El cicle \u201cEcos del L\u00edban\u201d est\u00e0 integrat per deu t\u00edtols produ\u00efts en els \u00faltims tres anys, sis d&#8217;ells d&#8217;estrena a Espanya, i <strong>combina el documental amb la ficci\u00f3 o el cine de g\u00e8nere per mostrar la diversitat d&#8217;una cinematografia que ha sobreviscut a les diferents situacions d&#8217;inestabilitat permanent que ha travessat el pa\u00eds<\/strong>, com ara la crisi econ\u00f2mica de 2019 o les explosions en el port de Beirut en l&#8217;estiu de 2020.<\/p>\n<p>\u201cL&#8217;especialitzaci\u00f3 mediterr\u00e0nia de Mostra de Val\u00e8ncia sempre ha tingut molt present el cine \u00e0rab i la ribera sud de la mar que delimita el seu \u00e0mbit geogr\u00e0fic, apostant en anys anteriors per cicles dedicats a la ficci\u00f3 palestina, les noves cineastes eg\u00edpcies o les revoltes populars a Alg\u00e8ria, per aix\u00f2 t\u00e9 tot el sentit que enguany dirigisca la seua atenci\u00f3 al L\u00edban\u201d, explica Eduardo Guillot, director art\u00edstic del festival. \u201cLa selecci\u00f3 de pel\u00b7l\u00edcules que presentem evidencia la riquesa audiovisual d&#8217;un pa\u00eds que compta amb <strong>un <\/strong><strong>star system propi i una important projecci\u00f3 exterior<\/strong>\u201d.<\/p>\n<p>Un llistat de t\u00edtols on es poden trobar fins a sis dones cineastes i que inclou els dos films libanesos m\u00e9s exitosos i premiats dels \u00faltims anys: <strong>\u2018Costa Brava, L\u00edbano\u2019 (Mounia Akl, 2021)<\/strong>, que reflexiona sobre la societat capitalista a trav\u00e9s d&#8217;un drama familiar, i <strong>\u2018Memory Box\u2019 (Joana Hadjithomas i Khalil Joreige, 2021)<\/strong>, una original proposta al voltant del pes del passat.<\/p>\n<p>Els conflictes b\u00e8l\u00b7lics marquen alguns t\u00edtols del cicle. Un teatre en ru\u00efnes, conseq\u00fc\u00e8ncia de d\u00e8cades de conflictes armats, \u00e9s el lloc on assagen les protagonistes d<strong>&#8216;Elektra&#8217; (2023)<\/strong>, una hist\u00f2ria plena de fantasmes que suposa el debut en la ficci\u00f3 d&#8217;Hisham Bizri, format al cine d&#8217;avantguarda. Guanyadora del Premi \u00c0 Punt del P\u00fablic de la Mostra de Val\u00e8ncia 2021 i ambientada en plena guerra, &#8216;Broken Keys&#8217; (Jimmy Keyrouz, 2021) utilitza la m\u00fasica, prohibida pels islamistes radicals, com a eina de resist\u00e8ncia. La partitura original \u00e9s del compositor liban\u00e9s Gabriel Yared (guanyador de l&#8217;Oscar per &#8216;El paciente ingl\u00e9s&#8217;).<\/p>\n<p>El cine de g\u00e8nere est\u00e0 present, d&#8217;una banda, amb <strong>&#8216;Beirut Hold&#8217;Em&#8217; (Michel Kammoun, 2022)<\/strong>, un intens thriller amb un protagonista que, despr\u00e9s de passar per la pres\u00f3, es debat entre els vincles amb el passat i una nova vida. D\u2019una altra, amb <strong>&#8216;Farah&#8217; (Kenton Oxley i Hassiba Freiha, 2022)<\/strong>, thriller psicol\u00f2gic en les fronteres del fant\u00e0stic que explora l&#8217;estigma de la malaltia mental i el seu tractament farmacol\u00f2gic.<\/p>\n<p>\u201cEl cine liban\u00e9s \u00e9s la manifestaci\u00f3 que q\u00fcestiona i fa p\u00fablic el que ocorre a l&#8217;interior de les cases i deixa const\u00e0ncia de la hist\u00f2ria no narrada pels noticiaris, de la quotidianitat colpejada per les decisions pol\u00edtiques d&#8217;un sistema mundial que no t\u00e9 en compte la vida de les persones i els seus anhels m\u00e9s senzills i, per aix\u00f2, m\u00e9s profunds\u201d, assegura<strong> Laila Hotait, autora de <\/strong><strong>&#8216;Siempre nos quedar\u00e1 Beirut. Cine de autor y guerra(s) en el L\u00edbano, 1970-2006&#8217; (Akal, 2020). L&#8217;escriptora i cineasta hispanolibanesa visitar\u00e0 la Mostra de Val\u00e8ncia per presentar el cicle<\/strong>.<\/p>\n<p>La selecci\u00f3 inclou tamb\u00e9 <strong>&#8216;After the End of the World&#8217; (Nadim Mishlawi, 2022)<\/strong>, que oferix un retrat de Beirut com a ciutat permanentment en ru\u00efnes; <strong>&#8216;Heaven Beneath My Feet&#8217; (Sandra Madi, 2020)<\/strong>, que denuncia la situaci\u00f3 d&#8217;indefensi\u00f3 de la dona per la cust\u00f2dia dels seus fills davant els tribunals religiosos; i <strong>&#8216;In The Name of Tomorrow&#8217; (Celine Abiad, 2022)<\/strong>, que enfront d&#8217;un m\u00f3n que sagna i tracta de sanar proposa una dansa per la vida, un viatge al costat de 45 persones que compartixen la seua veritat per un dem\u00e0 millor.<\/p>\n<p>El cicle es completa amb <strong>&#8216;Passion simple&#8217; (2020), de Danielle Arbid<\/strong>, basada en la novel\u00b7la hom\u00f2nima de la Premi Nobel Annie Ernaux. Arbid va abandonar el L\u00edban als 17 anys, fugint de la guerra civil, i es va establir a Fran\u00e7a, on ha desenvolupat una traject\u00f2ria que mai ha deixat de mirar cap al seu pa\u00eds d&#8217;origen.<\/p>\n<p>La 38a edici\u00f3 de Mostra de Val\u00e8ncia-Cinema del Mediterrani est\u00e0 organitzada per l&#8217;Ajuntament de Val\u00e8ncia i compta amb la col\u00b7laboraci\u00f3 de l&#8217;Institut Valenci\u00e0 de Cultura (IVC), el Palau de la M\u00fasica, Barreira Art + Disseny i \u00c0 Punt M\u00e8dia com a mitj\u00e0 oficial.<\/p>\n","protected":false},"excerpt":{"rendered":"<p>El cicle \u2018Ecos del L\u00edban\u2019 inclou deu pel\u00b7l\u00edcules, la majoria in\u00e8dites a Espanya i sis d&#8217;elles dirigides per dones Mostra de Val\u00e8ncia comen\u00e7a a desgranar [&hellip;]<\/p>\n","protected":false},"author":3,"featured_media":19387,"comment_status":"open","ping_status":"open","sticky":false,"template":"","format":"standard","meta":{"_uag_custom_page_level_css":"","_jet_sm_ready_style":"","_jet_sm_style":"","_jet_sm_controls_values":"","_jet_sm_fonts_collection":"","_jet_sm_fonts_links":"","footnotes":""},"categories":[31],"tags":[],"class_list":["post-19383","post","type-post","status-publish","format-standard","has-post-thumbnail","hentry","category-uncategorized-ca"],"yoast_head":"<!-- This site is optimized with the Yoast SEO plugin v27.5 - https:\/\/yoast.com\/product\/yoast-seo-wordpress\/ -->\n<title>La Mostra porta a Val\u00e8ncia el cine liban\u00e9s m\u00e9s actual - Mostra de Val\u00e8ncia<\/title>\n<meta name=\"robots\" content=\"index, follow, max-snippet:-1, max-image-preview:large, max-video-preview:-1\" \/>\n<link rel=\"canonical\" href=\"https:\/\/lamostradevalencia.com\/ca\/la-mostra-porta-a-valencia-el-cine-libanes-mes-actual\/\" \/>\n<meta property=\"og:locale\" content=\"ca_ES\" \/>\n<meta property=\"og:type\" content=\"article\" \/>\n<meta property=\"og:title\" content=\"La Mostra porta a Val\u00e8ncia el cine liban\u00e9s m\u00e9s actual - Mostra de Val\u00e8ncia\" \/>\n<meta property=\"og:description\" content=\"El cicle \u2018Ecos del L\u00edban\u2019 inclou deu pel\u00b7l\u00edcules, la majoria in\u00e8dites a Espanya i sis d&#8217;elles dirigides per dones Mostra de Val\u00e8ncia comen\u00e7a a desgranar [&hellip;]\" \/>\n<meta property=\"og:url\" content=\"https:\/\/lamostradevalencia.com\/ca\/la-mostra-porta-a-valencia-el-cine-libanes-mes-actual\/\" \/>\n<meta property=\"og:site_name\" content=\"Mostra de Val\u00e8ncia\" \/>\n<meta property=\"article:published_time\" content=\"2023-07-26T07:15:50+00:00\" \/>\n<meta property=\"article:modified_time\" content=\"2023-07-26T10:15:59+00:00\" \/>\n<meta property=\"og:image\" content=\"https:\/\/lamostradevalencia.com\/wp-content\/uploads\/2023\/07\/Beirut-Holdem-scaled.jpg\" \/>\n\t<meta property=\"og:image:width\" content=\"2560\" \/>\n\t<meta property=\"og:image:height\" content=\"1707\" \/>\n\t<meta property=\"og:image:type\" content=\"image\/jpeg\" \/>\n<meta name=\"author\" content=\"contenidos\" \/>\n<meta name=\"twitter:card\" content=\"summary_large_image\" \/>\n<meta name=\"twitter:label1\" content=\"Escrit per\" \/>\n\t<meta name=\"twitter:data1\" content=\"contenidos\" \/>\n\t<meta name=\"twitter:label2\" content=\"Temps estimat de lectura\" \/>\n\t<meta name=\"twitter:data2\" content=\"4 minuts\" \/>\n<script type=\"application\/ld+json\" class=\"yoast-schema-graph\">{\"@context\":\"https:\\\/\\\/schema.org\",\"@graph\":[{\"@type\":\"Article\",\"@id\":\"https:\\\/\\\/lamostradevalencia.com\\\/ca\\\/la-mostra-porta-a-valencia-el-cine-libanes-mes-actual\\\/#article\",\"isPartOf\":{\"@id\":\"https:\\\/\\\/lamostradevalencia.com\\\/ca\\\/la-mostra-porta-a-valencia-el-cine-libanes-mes-actual\\\/\"},\"author\":{\"name\":\"contenidos\",\"@id\":\"https:\\\/\\\/lamostradevalencia.com\\\/ca\\\/#\\\/schema\\\/person\\\/361c3c0dd5489e78ad78ee4f8332efac\"},\"headline\":\"La Mostra porta a Val\u00e8ncia el cine liban\u00e9s m\u00e9s actual\",\"datePublished\":\"2023-07-26T07:15:50+00:00\",\"dateModified\":\"2023-07-26T10:15:59+00:00\",\"mainEntityOfPage\":{\"@id\":\"https:\\\/\\\/lamostradevalencia.com\\\/ca\\\/la-mostra-porta-a-valencia-el-cine-libanes-mes-actual\\\/\"},\"wordCount\":880,\"commentCount\":0,\"image\":{\"@id\":\"https:\\\/\\\/lamostradevalencia.com\\\/ca\\\/la-mostra-porta-a-valencia-el-cine-libanes-mes-actual\\\/#primaryimage\"},\"thumbnailUrl\":\"https:\\\/\\\/lamostradevalencia.com\\\/wp-content\\\/uploads\\\/2023\\\/07\\\/Beirut-Holdem-scaled.jpg\",\"articleSection\":[\"Uncategorized @ca\"],\"inLanguage\":\"ca\",\"potentialAction\":[{\"@type\":\"CommentAction\",\"name\":\"Comment\",\"target\":[\"https:\\\/\\\/lamostradevalencia.com\\\/ca\\\/la-mostra-porta-a-valencia-el-cine-libanes-mes-actual\\\/#respond\"]}]},{\"@type\":\"WebPage\",\"@id\":\"https:\\\/\\\/lamostradevalencia.com\\\/ca\\\/la-mostra-porta-a-valencia-el-cine-libanes-mes-actual\\\/\",\"url\":\"https:\\\/\\\/lamostradevalencia.com\\\/ca\\\/la-mostra-porta-a-valencia-el-cine-libanes-mes-actual\\\/\",\"name\":\"La Mostra porta a Val\u00e8ncia el cine liban\u00e9s m\u00e9s actual - Mostra de Val\u00e8ncia\",\"isPartOf\":{\"@id\":\"https:\\\/\\\/lamostradevalencia.com\\\/ca\\\/#website\"},\"primaryImageOfPage\":{\"@id\":\"https:\\\/\\\/lamostradevalencia.com\\\/ca\\\/la-mostra-porta-a-valencia-el-cine-libanes-mes-actual\\\/#primaryimage\"},\"image\":{\"@id\":\"https:\\\/\\\/lamostradevalencia.com\\\/ca\\\/la-mostra-porta-a-valencia-el-cine-libanes-mes-actual\\\/#primaryimage\"},\"thumbnailUrl\":\"https:\\\/\\\/lamostradevalencia.com\\\/wp-content\\\/uploads\\\/2023\\\/07\\\/Beirut-Holdem-scaled.jpg\",\"datePublished\":\"2023-07-26T07:15:50+00:00\",\"dateModified\":\"2023-07-26T10:15:59+00:00\",\"author\":{\"@id\":\"https:\\\/\\\/lamostradevalencia.com\\\/ca\\\/#\\\/schema\\\/person\\\/361c3c0dd5489e78ad78ee4f8332efac\"},\"breadcrumb\":{\"@id\":\"https:\\\/\\\/lamostradevalencia.com\\\/ca\\\/la-mostra-porta-a-valencia-el-cine-libanes-mes-actual\\\/#breadcrumb\"},\"inLanguage\":\"ca\",\"potentialAction\":[{\"@type\":\"ReadAction\",\"target\":[\"https:\\\/\\\/lamostradevalencia.com\\\/ca\\\/la-mostra-porta-a-valencia-el-cine-libanes-mes-actual\\\/\"]}]},{\"@type\":\"ImageObject\",\"inLanguage\":\"ca\",\"@id\":\"https:\\\/\\\/lamostradevalencia.com\\\/ca\\\/la-mostra-porta-a-valencia-el-cine-libanes-mes-actual\\\/#primaryimage\",\"url\":\"https:\\\/\\\/lamostradevalencia.com\\\/wp-content\\\/uploads\\\/2023\\\/07\\\/Beirut-Holdem-scaled.jpg\",\"contentUrl\":\"https:\\\/\\\/lamostradevalencia.com\\\/wp-content\\\/uploads\\\/2023\\\/07\\\/Beirut-Holdem-scaled.jpg\",\"width\":2560,\"height\":1707},{\"@type\":\"BreadcrumbList\",\"@id\":\"https:\\\/\\\/lamostradevalencia.com\\\/ca\\\/la-mostra-porta-a-valencia-el-cine-libanes-mes-actual\\\/#breadcrumb\",\"itemListElement\":[{\"@type\":\"ListItem\",\"position\":1,\"name\":\"Portada\",\"item\":\"https:\\\/\\\/lamostradevalencia.com\\\/ca\\\/\"},{\"@type\":\"ListItem\",\"position\":2,\"name\":\"La Mostra porta a Val\u00e8ncia el cine liban\u00e9s m\u00e9s actual\"}]},{\"@type\":\"WebSite\",\"@id\":\"https:\\\/\\\/lamostradevalencia.com\\\/ca\\\/#website\",\"url\":\"https:\\\/\\\/lamostradevalencia.com\\\/ca\\\/\",\"name\":\"Mostra de Val\u00e8ncia\",\"description\":\"Cinema del Mediterrani\",\"potentialAction\":[{\"@type\":\"SearchAction\",\"target\":{\"@type\":\"EntryPoint\",\"urlTemplate\":\"https:\\\/\\\/lamostradevalencia.com\\\/ca\\\/?s={search_term_string}\"},\"query-input\":{\"@type\":\"PropertyValueSpecification\",\"valueRequired\":true,\"valueName\":\"search_term_string\"}}],\"inLanguage\":\"ca\"},{\"@type\":\"Person\",\"@id\":\"https:\\\/\\\/lamostradevalencia.com\\\/ca\\\/#\\\/schema\\\/person\\\/361c3c0dd5489e78ad78ee4f8332efac\",\"name\":\"contenidos\",\"image\":{\"@type\":\"ImageObject\",\"inLanguage\":\"ca\",\"@id\":\"https:\\\/\\\/secure.gravatar.com\\\/avatar\\\/a87eddc188a32d5a0371ff92ef616b5006a91e389296d49d081f8d424eef134c?s=96&d=mm&r=g\",\"url\":\"https:\\\/\\\/secure.gravatar.com\\\/avatar\\\/a87eddc188a32d5a0371ff92ef616b5006a91e389296d49d081f8d424eef134c?s=96&d=mm&r=g\",\"contentUrl\":\"https:\\\/\\\/secure.gravatar.com\\\/avatar\\\/a87eddc188a32d5a0371ff92ef616b5006a91e389296d49d081f8d424eef134c?s=96&d=mm&r=g\",\"caption\":\"contenidos\"}}]}<\/script>\n<!-- \/ Yoast SEO plugin. -->","yoast_head_json":{"title":"La Mostra porta a Val\u00e8ncia el cine liban\u00e9s m\u00e9s actual - Mostra de Val\u00e8ncia","robots":{"index":"index","follow":"follow","max-snippet":"max-snippet:-1","max-image-preview":"max-image-preview:large","max-video-preview":"max-video-preview:-1"},"canonical":"https:\/\/lamostradevalencia.com\/ca\/la-mostra-porta-a-valencia-el-cine-libanes-mes-actual\/","og_locale":"ca_ES","og_type":"article","og_title":"La Mostra porta a Val\u00e8ncia el cine liban\u00e9s m\u00e9s actual - Mostra de Val\u00e8ncia","og_description":"El cicle \u2018Ecos del L\u00edban\u2019 inclou deu pel\u00b7l\u00edcules, la majoria in\u00e8dites a Espanya i sis d&#8217;elles dirigides per dones Mostra de Val\u00e8ncia comen\u00e7a a desgranar [&hellip;]","og_url":"https:\/\/lamostradevalencia.com\/ca\/la-mostra-porta-a-valencia-el-cine-libanes-mes-actual\/","og_site_name":"Mostra de Val\u00e8ncia","article_published_time":"2023-07-26T07:15:50+00:00","article_modified_time":"2023-07-26T10:15:59+00:00","og_image":[{"width":2560,"height":1707,"url":"https:\/\/lamostradevalencia.com\/wp-content\/uploads\/2023\/07\/Beirut-Holdem-scaled.jpg","type":"image\/jpeg"}],"author":"contenidos","twitter_card":"summary_large_image","twitter_misc":{"Escrit per":"contenidos","Temps estimat de lectura":"4 minuts"},"schema":{"@context":"https:\/\/schema.org","@graph":[{"@type":"Article","@id":"https:\/\/lamostradevalencia.com\/ca\/la-mostra-porta-a-valencia-el-cine-libanes-mes-actual\/#article","isPartOf":{"@id":"https:\/\/lamostradevalencia.com\/ca\/la-mostra-porta-a-valencia-el-cine-libanes-mes-actual\/"},"author":{"name":"contenidos","@id":"https:\/\/lamostradevalencia.com\/ca\/#\/schema\/person\/361c3c0dd5489e78ad78ee4f8332efac"},"headline":"La Mostra porta a Val\u00e8ncia el cine liban\u00e9s m\u00e9s actual","datePublished":"2023-07-26T07:15:50+00:00","dateModified":"2023-07-26T10:15:59+00:00","mainEntityOfPage":{"@id":"https:\/\/lamostradevalencia.com\/ca\/la-mostra-porta-a-valencia-el-cine-libanes-mes-actual\/"},"wordCount":880,"commentCount":0,"image":{"@id":"https:\/\/lamostradevalencia.com\/ca\/la-mostra-porta-a-valencia-el-cine-libanes-mes-actual\/#primaryimage"},"thumbnailUrl":"https:\/\/lamostradevalencia.com\/wp-content\/uploads\/2023\/07\/Beirut-Holdem-scaled.jpg","articleSection":["Uncategorized @ca"],"inLanguage":"ca","potentialAction":[{"@type":"CommentAction","name":"Comment","target":["https:\/\/lamostradevalencia.com\/ca\/la-mostra-porta-a-valencia-el-cine-libanes-mes-actual\/#respond"]}]},{"@type":"WebPage","@id":"https:\/\/lamostradevalencia.com\/ca\/la-mostra-porta-a-valencia-el-cine-libanes-mes-actual\/","url":"https:\/\/lamostradevalencia.com\/ca\/la-mostra-porta-a-valencia-el-cine-libanes-mes-actual\/","name":"La Mostra porta a Val\u00e8ncia el cine liban\u00e9s m\u00e9s actual - Mostra de Val\u00e8ncia","isPartOf":{"@id":"https:\/\/lamostradevalencia.com\/ca\/#website"},"primaryImageOfPage":{"@id":"https:\/\/lamostradevalencia.com\/ca\/la-mostra-porta-a-valencia-el-cine-libanes-mes-actual\/#primaryimage"},"image":{"@id":"https:\/\/lamostradevalencia.com\/ca\/la-mostra-porta-a-valencia-el-cine-libanes-mes-actual\/#primaryimage"},"thumbnailUrl":"https:\/\/lamostradevalencia.com\/wp-content\/uploads\/2023\/07\/Beirut-Holdem-scaled.jpg","datePublished":"2023-07-26T07:15:50+00:00","dateModified":"2023-07-26T10:15:59+00:00","author":{"@id":"https:\/\/lamostradevalencia.com\/ca\/#\/schema\/person\/361c3c0dd5489e78ad78ee4f8332efac"},"breadcrumb":{"@id":"https:\/\/lamostradevalencia.com\/ca\/la-mostra-porta-a-valencia-el-cine-libanes-mes-actual\/#breadcrumb"},"inLanguage":"ca","potentialAction":[{"@type":"ReadAction","target":["https:\/\/lamostradevalencia.com\/ca\/la-mostra-porta-a-valencia-el-cine-libanes-mes-actual\/"]}]},{"@type":"ImageObject","inLanguage":"ca","@id":"https:\/\/lamostradevalencia.com\/ca\/la-mostra-porta-a-valencia-el-cine-libanes-mes-actual\/#primaryimage","url":"https:\/\/lamostradevalencia.com\/wp-content\/uploads\/2023\/07\/Beirut-Holdem-scaled.jpg","contentUrl":"https:\/\/lamostradevalencia.com\/wp-content\/uploads\/2023\/07\/Beirut-Holdem-scaled.jpg","width":2560,"height":1707},{"@type":"BreadcrumbList","@id":"https:\/\/lamostradevalencia.com\/ca\/la-mostra-porta-a-valencia-el-cine-libanes-mes-actual\/#breadcrumb","itemListElement":[{"@type":"ListItem","position":1,"name":"Portada","item":"https:\/\/lamostradevalencia.com\/ca\/"},{"@type":"ListItem","position":2,"name":"La Mostra porta a Val\u00e8ncia el cine liban\u00e9s m\u00e9s actual"}]},{"@type":"WebSite","@id":"https:\/\/lamostradevalencia.com\/ca\/#website","url":"https:\/\/lamostradevalencia.com\/ca\/","name":"Mostra de Val\u00e8ncia","description":"Cinema del Mediterrani","potentialAction":[{"@type":"SearchAction","target":{"@type":"EntryPoint","urlTemplate":"https:\/\/lamostradevalencia.com\/ca\/?s={search_term_string}"},"query-input":{"@type":"PropertyValueSpecification","valueRequired":true,"valueName":"search_term_string"}}],"inLanguage":"ca"},{"@type":"Person","@id":"https:\/\/lamostradevalencia.com\/ca\/#\/schema\/person\/361c3c0dd5489e78ad78ee4f8332efac","name":"contenidos","image":{"@type":"ImageObject","inLanguage":"ca","@id":"https:\/\/secure.gravatar.com\/avatar\/a87eddc188a32d5a0371ff92ef616b5006a91e389296d49d081f8d424eef134c?s=96&d=mm&r=g","url":"https:\/\/secure.gravatar.com\/avatar\/a87eddc188a32d5a0371ff92ef616b5006a91e389296d49d081f8d424eef134c?s=96&d=mm&r=g","contentUrl":"https:\/\/secure.gravatar.com\/avatar\/a87eddc188a32d5a0371ff92ef616b5006a91e389296d49d081f8d424eef134c?s=96&d=mm&r=g","caption":"contenidos"}}]}},"uagb_featured_image_src":{"full":["https:\/\/lamostradevalencia.com\/wp-content\/uploads\/2023\/07\/Beirut-Holdem-scaled.jpg",2560,1707,false],"thumbnail":["https:\/\/lamostradevalencia.com\/wp-content\/uploads\/2023\/07\/Beirut-Holdem-150x150.jpg",150,150,true],"medium":["https:\/\/lamostradevalencia.com\/wp-content\/uploads\/2023\/07\/Beirut-Holdem-300x200.jpg",300,200,true],"medium_large":["https:\/\/lamostradevalencia.com\/wp-content\/uploads\/2023\/07\/Beirut-Holdem-768x512.jpg",768,512,true],"large":["https:\/\/lamostradevalencia.com\/wp-content\/uploads\/2023\/07\/Beirut-Holdem-1024x683.jpg",1024,683,true],"1536x1536":["https:\/\/lamostradevalencia.com\/wp-content\/uploads\/2023\/07\/Beirut-Holdem-1536x1024.jpg",1536,1024,true],"2048x2048":["https:\/\/lamostradevalencia.com\/wp-content\/uploads\/2023\/07\/Beirut-Holdem-2048x1365.jpg",2048,1365,true],"cinerama_edge_image_square":["https:\/\/lamostradevalencia.com\/wp-content\/uploads\/2023\/07\/Beirut-Holdem-550x550.jpg",550,550,true],"cinerama_edge_image_landscape":["https:\/\/lamostradevalencia.com\/wp-content\/uploads\/2023\/07\/Beirut-Holdem-1100x550.jpg",1100,550,true],"cinerama_edge_image_portrait":["https:\/\/lamostradevalencia.com\/wp-content\/uploads\/2023\/07\/Beirut-Holdem-550x1100.jpg",550,1100,true],"cinerama_edge_image_huge":["https:\/\/lamostradevalencia.com\/wp-content\/uploads\/2023\/07\/Beirut-Holdem-1100x1100.jpg",1100,1100,true],"gform-image-choice-sm":["https:\/\/lamostradevalencia.com\/wp-content\/uploads\/2023\/07\/Beirut-Holdem-scaled.jpg",300,200,false],"gform-image-choice-md":["https:\/\/lamostradevalencia.com\/wp-content\/uploads\/2023\/07\/Beirut-Holdem-scaled.jpg",400,267,false],"gform-image-choice-lg":["https:\/\/lamostradevalencia.com\/wp-content\/uploads\/2023\/07\/Beirut-Holdem-scaled.jpg",600,400,false]},"uagb_author_info":{"display_name":"contenidos","author_link":"https:\/\/lamostradevalencia.com\/ca\/author\/contenidos\/"},"uagb_comment_info":0,"uagb_excerpt":"El cicle \u2018Ecos del L\u00edban\u2019 inclou deu pel\u00b7l\u00edcules, la majoria in\u00e8dites a Espanya i sis d&#8217;elles dirigides per dones Mostra de Val\u00e8ncia comen\u00e7a a desgranar [&hellip;]","_links":{"self":[{"href":"https:\/\/lamostradevalencia.com\/ca\/wp-json\/wp\/v2\/posts\/19383","targetHints":{"allow":["GET"]}}],"collection":[{"href":"https:\/\/lamostradevalencia.com\/ca\/wp-json\/wp\/v2\/posts"}],"about":[{"href":"https:\/\/lamostradevalencia.com\/ca\/wp-json\/wp\/v2\/types\/post"}],"author":[{"embeddable":true,"href":"https:\/\/lamostradevalencia.com\/ca\/wp-json\/wp\/v2\/users\/3"}],"replies":[{"embeddable":true,"href":"https:\/\/lamostradevalencia.com\/ca\/wp-json\/wp\/v2\/comments?post=19383"}],"version-history":[{"count":1,"href":"https:\/\/lamostradevalencia.com\/ca\/wp-json\/wp\/v2\/posts\/19383\/revisions"}],"predecessor-version":[{"id":19384,"href":"https:\/\/lamostradevalencia.com\/ca\/wp-json\/wp\/v2\/posts\/19383\/revisions\/19384"}],"wp:featuredmedia":[{"embeddable":true,"href":"https:\/\/lamostradevalencia.com\/ca\/wp-json\/wp\/v2\/media\/19387"}],"wp:attachment":[{"href":"https:\/\/lamostradevalencia.com\/ca\/wp-json\/wp\/v2\/media?parent=19383"}],"wp:term":[{"taxonomy":"category","embeddable":true,"href":"https:\/\/lamostradevalencia.com\/ca\/wp-json\/wp\/v2\/categories?post=19383"},{"taxonomy":"post_tag","embeddable":true,"href":"https:\/\/lamostradevalencia.com\/ca\/wp-json\/wp\/v2\/tags?post=19383"}],"curies":[{"name":"wp","href":"https:\/\/api.w.org\/{rel}","templated":true}]}}