{"id":18363,"date":"2023-06-26T10:36:59","date_gmt":"2023-06-26T08:36:59","guid":{"rendered":"https:\/\/lamostradevalencia.com\/?p=18363"},"modified":"2023-06-26T10:37:18","modified_gmt":"2023-06-26T08:37:18","slug":"oberta-la-inscripcio-per-a-participar-en-mostra-dels-instituts-2023","status":"publish","type":"post","link":"https:\/\/lamostradevalencia.com\/ca\/oberta-la-inscripcio-per-a-participar-en-mostra-dels-instituts-2023\/","title":{"rendered":"Oberta la inscripci\u00f3 per a participar en Mostra dels Instituts 2023"},"content":{"rendered":"<h5><span style=\"font-weight: 400;\">Les projeccions per a centres educatius d&#8217;enguany celebren l&#8217;elecci\u00f3 de Val\u00e8ncia com a Capital Verda Europea.<\/span><\/h5>\n<p><span style=\"font-weight: 400;\">Un any m\u00e9s, Mostra de Val\u00e8ncia posa en marxa una nova edici\u00f3 de la seua iniciativa Mostra dels Instituts, una s\u00e8rie de projeccions matinals gratu\u00eftes que tenen com a objectiu acostar el cine als i les adolescents i contribuir a la seua formaci\u00f3 a trav\u00e9s d&#8217;una selecci\u00f3 de pel\u00b7l\u00edcules que no sols els servisquen d&#8217;entreteniment, sin\u00f3 que tamb\u00e9 contribu\u00efsquen a formar-los com a persones cr\u00edtiques, aix\u00ed com a desenvolupar una mirada sobre la imatge audiovisual que els permeta entendre millor el llenguatge de la imatge.<\/span><\/p>\n<p><span style=\"font-weight: 400;\"><img loading=\"lazy\" decoding=\"async\" class=\"size-full wp-image-18318 alignleft\" src=\"https:\/\/lamostradevalencia.com\/wp-content\/uploads\/2023\/06\/EGC_logo_Winner_2024_Valencia_spanish_black-peque.png\" alt=\"\" width=\"160\" height=\"242\" \/>En 2023, i amb motiu de l&#8217;elecci\u00f3 de Val\u00e8ncia com a Capital Verda Europea 2024, Mostra dels Instituts proposa quatre t\u00edtols molt diferents entre si, per\u00f2 amb una caracter\u00edstica comuna: tots ells estan relacionats de manera molt directa amb els objectius de desenvolupament sostenible, l&#8217;ecologia i el canvi clim\u00e0tic. Com en anteriors edicions, l&#8217;objectiu \u00e9s que les pel\u00b7l\u00edcules siguen el punt de partida que posteriorment permeta desenvolupar i debatre a l&#8217;aula les q\u00fcestions que aborden.<\/span><\/p>\n<p><span style=\"font-weight: 400;\">Les projeccions d&#8217;enguany tindran lloc entre el dilluns 23 i el divendres 27 d&#8217;octubre, tots dos inclusivament, a les 12h del mat\u00ed als cinemes Babel.\u00a0<\/span><\/p>\n<p><span style=\"font-weight: 400;\">La selecci\u00f3 \u00e9s molt variada i consta de quatre propostes, totes elles guardonades en diferents festivals internacionals que han reconegut els seus valors:<\/span><\/p>\n<p><span style=\"font-weight: 400;\">&#8211;<\/span><b>LA TORTUGA ROJA<\/b><span style=\"font-weight: 400;\">.\u00a0 Premiat film d&#8217;animaci\u00f3, nominat a l&#8217;Oscar, que suposa la primera coproducci\u00f3 fora del Jap\u00f3 del fam\u00f3s estudi<img loading=\"lazy\" decoding=\"async\" class=\"size-full wp-image-18338 alignright\" src=\"https:\/\/lamostradevalencia.com\/wp-content\/uploads\/2023\/06\/La-tortuga-roja-1.jpg\" alt=\"\" width=\"512\" height=\"275\" srcset=\"https:\/\/lamostradevalencia.com\/wp-content\/uploads\/2023\/06\/La-tortuga-roja-1.jpg 512w, https:\/\/lamostradevalencia.com\/wp-content\/uploads\/2023\/06\/La-tortuga-roja-1-300x161.jpg 300w\" sizes=\"auto, (max-width: 512px) 100vw, 512px\" \/> Ghibli del llegendari Hayao Miyazaki (\u2018El viatge de Chihiro\u2019, \u2018La princesa Mononoke\u2019). Esta hist\u00f2ria d&#8217;un n\u00e0ufrag que ha de reaprendre a viure en un ecosistema natural i en relaci\u00f3 directa amb la fauna del seu entorn t\u00e9 la particularitat d&#8217;estar narrada \u00fanicament a trav\u00e9s de les seues belles imatges, sense necessitat de di\u00e0legs.<\/span><\/p>\n<p><b><img loading=\"lazy\" decoding=\"async\" class=\"size-full wp-image-18323 alignleft\" src=\"https:\/\/lamostradevalencia.com\/wp-content\/uploads\/2023\/06\/Exodo-climatico-1.jpg\" alt=\"\" width=\"400\" height=\"225\" srcset=\"https:\/\/lamostradevalencia.com\/wp-content\/uploads\/2023\/06\/Exodo-climatico-1.jpg 400w, https:\/\/lamostradevalencia.com\/wp-content\/uploads\/2023\/06\/Exodo-climatico-1-300x169.jpg 300w\" sizes=\"auto, (max-width: 400px) 100vw, 400px\" \/>\u00c9XODO CLIM\u00c1TICO<\/b><span style=\"font-weight: 400;\">. Un film espanyol dirigit pel prestigi\u00f3s documentalista David Baute i coprodu\u00eft amb Kenya i l&#8217;\u00cdndia, que se centra de manera directa en les terribles conseq\u00fc\u00e8ncies del canvi clim\u00e0tic, a trav\u00e9s de la hist\u00f2ria de tres dones abocades a l&#8217;emigraci\u00f3, que han de reconstruir les seues vides lluny dels seus llocs d&#8217;origen a conseq\u00fc\u00e8ncia de l&#8217;escassetat d&#8217;aigua, la pujada del nivell de la mar o les violentes i destructives tempestes que assolen alguns llocs del planeta.<\/span><\/p>\n<p><span style=\"font-weight: 400;\">&#8211;<\/span><b>TAMBI\u00c9N LA LLUVIA<\/b><span style=\"font-weight: 400;\">. Una hist\u00f2ria de ficci\u00f3 escrita per Paul Laverty<img loading=\"lazy\" decoding=\"async\" class=\"size-full wp-image-18333 alignright\" src=\"https:\/\/lamostradevalencia.com\/wp-content\/uploads\/2023\/06\/Tambien-la-lluvia-1.jpg\" alt=\"\" width=\"356\" height=\"200\" srcset=\"https:\/\/lamostradevalencia.com\/wp-content\/uploads\/2023\/06\/Tambien-la-lluvia-1.jpg 356w, https:\/\/lamostradevalencia.com\/wp-content\/uploads\/2023\/06\/Tambien-la-lluvia-1-300x169.jpg 300w\" sizes=\"auto, (max-width: 356px) 100vw, 356px\" \/> (guionista de Ken Loach) que, no obstant aix\u00f2, s&#8217;inspira en fets reals. Un equip de rodatge del primer m\u00f3n es trasllada a Bol\u00edvia per a fer una pel\u00b7l\u00edcula sobre Crist\u00f2for Colom, per\u00f2 en arribar es troben amb una poblaci\u00f3 asfixiada per la privatitzaci\u00f3 de l&#8217;aigua de la zona. La directora Ic\u00edar Bolla\u00edn aprofita l&#8217;arribada dels cineastes espanyols per tra\u00e7ar un significatiu paral\u00b7lelisme hist\u00f2ric cinc-cents anys despr\u00e9s.\u00a0<\/span><\/p>\n<p><span style=\"font-weight: 400;\"><img loading=\"lazy\" decoding=\"async\" class=\"size-full wp-image-18350 alignleft\" src=\"https:\/\/lamostradevalencia.com\/wp-content\/uploads\/2023\/06\/pequeno-pan-2.jpg\" alt=\"\" width=\"504\" height=\"280\" srcset=\"https:\/\/lamostradevalencia.com\/wp-content\/uploads\/2023\/06\/pequeno-pan-2.jpg 504w, https:\/\/lamostradevalencia.com\/wp-content\/uploads\/2023\/06\/pequeno-pan-2-300x167.jpg 300w\" sizes=\"auto, (max-width: 504px) 100vw, 504px\" \/>&#8211;<\/span><b>UN PEQUE\u00d1O PLAN \u2026COMO SALVAR EL PLANETA<\/b><span style=\"font-weight: 400;\">.\u00a0 Esta producci\u00f3 francesa dirigida pel fam\u00f3s actor Louis Garrel i protagonitzada per Laetitia Casta \u00e9s una xicoteta gemma menys coneguda del que deguera. Projecte p\u00f2stum de Jean-Claude Carri\u00e8re (guionista habitual de Bu\u00f1uel), est\u00e0 plantejat com una com\u00e8dia amable en la qual els xiquets s\u00f3n els qui prenen la iniciativa per a salvar el planeta. Hereus directes de Greta Thunberg, decideixen passar a l&#8217;acci\u00f3 davant l&#8217;actitud conformista dels adults.\u00a0<\/span><\/p>\n<p><span style=\"font-weight: 400;\">Mostra de Val\u00e8ncia proveeix d&#8217;unes guies per als docents amb informaci\u00f3 sobre les pel\u00b7l\u00edcules, que proporcionen les eines necess\u00e0ries per a fomentar el debat a l&#8217;aula sobre temes d&#8217;inter\u00e9s que s\u00f3n ja part de la vida di\u00e0ria en societat.\u00a0<\/span><\/p>\n<p><span style=\"font-weight: 400;\">Per a concretar els t\u00edtols del seu inter\u00e9s i les dates d&#8217;assist\u00e8ncia, els centres poden contactar amb el festival a trav\u00e9s de l&#8217;email instituts@lamostradevalencia.com o del tel\u00e8fon 963.525.478, extensi\u00f3 77178.<\/span><\/p>\n","protected":false},"excerpt":{"rendered":"<p>Les projeccions per a centres educatius d&#8217;enguany celebren l&#8217;elecci\u00f3 de Val\u00e8ncia com a Capital Verda Europea. Un any m\u00e9s, Mostra de Val\u00e8ncia posa en marxa [&hellip;]<\/p>\n","protected":false},"author":1,"featured_media":18358,"comment_status":"open","ping_status":"open","sticky":false,"template":"","format":"standard","meta":{"_uag_custom_page_level_css":"","_jet_sm_ready_style":"","_jet_sm_style":"","_jet_sm_controls_values":"","_jet_sm_fonts_collection":"","_jet_sm_fonts_links":"","footnotes":""},"categories":[455],"tags":[],"class_list":["post-18363","post","type-post","status-publish","format-standard","has-post-thumbnail","hentry","category-noticies"],"yoast_head":"<!-- This site is optimized with the Yoast SEO plugin v27.5 - https:\/\/yoast.com\/product\/yoast-seo-wordpress\/ -->\n<title>Oberta la inscripci\u00f3 per a participar en Mostra dels Instituts 2023 - Mostra de Val\u00e8ncia<\/title>\n<meta name=\"robots\" content=\"index, follow, max-snippet:-1, max-image-preview:large, max-video-preview:-1\" \/>\n<link rel=\"canonical\" href=\"https:\/\/lamostradevalencia.com\/ca\/oberta-la-inscripcio-per-a-participar-en-mostra-dels-instituts-2023\/\" \/>\n<meta property=\"og:locale\" content=\"ca_ES\" \/>\n<meta property=\"og:type\" content=\"article\" \/>\n<meta property=\"og:title\" content=\"Oberta la inscripci\u00f3 per a participar en Mostra dels Instituts 2023 - Mostra de Val\u00e8ncia\" \/>\n<meta property=\"og:description\" content=\"Les projeccions per a centres educatius d&#8217;enguany celebren l&#8217;elecci\u00f3 de Val\u00e8ncia com a Capital Verda Europea. Un any m\u00e9s, Mostra de Val\u00e8ncia posa en marxa [&hellip;]\" \/>\n<meta property=\"og:url\" content=\"https:\/\/lamostradevalencia.com\/ca\/oberta-la-inscripcio-per-a-participar-en-mostra-dels-instituts-2023\/\" \/>\n<meta property=\"og:site_name\" content=\"Mostra de Val\u00e8ncia\" \/>\n<meta property=\"article:published_time\" content=\"2023-06-26T08:36:59+00:00\" \/>\n<meta property=\"article:modified_time\" content=\"2023-06-26T08:37:18+00:00\" \/>\n<meta property=\"og:image\" content=\"https:\/\/lamostradevalencia.com\/wp-content\/uploads\/2023\/06\/petit-plan.jpg\" \/>\n\t<meta property=\"og:image:width\" content=\"1918\" \/>\n\t<meta property=\"og:image:height\" content=\"1080\" \/>\n\t<meta property=\"og:image:type\" content=\"image\/jpeg\" \/>\n<meta name=\"author\" content=\"Mostra de Val\u00e8ncia\" \/>\n<meta name=\"twitter:card\" content=\"summary_large_image\" \/>\n<meta name=\"twitter:label1\" content=\"Escrit per\" \/>\n\t<meta name=\"twitter:data1\" content=\"Mostra de Val\u00e8ncia\" \/>\n\t<meta name=\"twitter:label2\" content=\"Temps estimat de lectura\" \/>\n\t<meta name=\"twitter:data2\" content=\"3 minuts\" \/>\n<script type=\"application\/ld+json\" class=\"yoast-schema-graph\">{\"@context\":\"https:\\\/\\\/schema.org\",\"@graph\":[{\"@type\":\"Article\",\"@id\":\"https:\\\/\\\/lamostradevalencia.com\\\/ca\\\/oberta-la-inscripcio-per-a-participar-en-mostra-dels-instituts-2023\\\/#article\",\"isPartOf\":{\"@id\":\"https:\\\/\\\/lamostradevalencia.com\\\/ca\\\/oberta-la-inscripcio-per-a-participar-en-mostra-dels-instituts-2023\\\/\"},\"author\":{\"name\":\"Mostra de Val\u00e8ncia\",\"@id\":\"https:\\\/\\\/lamostradevalencia.com\\\/ca\\\/#\\\/schema\\\/person\\\/1dc07e4df3d6310b81d2cdf6a034070c\"},\"headline\":\"Oberta la inscripci\u00f3 per a participar en Mostra dels Instituts 2023\",\"datePublished\":\"2023-06-26T08:36:59+00:00\",\"dateModified\":\"2023-06-26T08:37:18+00:00\",\"mainEntityOfPage\":{\"@id\":\"https:\\\/\\\/lamostradevalencia.com\\\/ca\\\/oberta-la-inscripcio-per-a-participar-en-mostra-dels-instituts-2023\\\/\"},\"wordCount\":695,\"commentCount\":0,\"image\":{\"@id\":\"https:\\\/\\\/lamostradevalencia.com\\\/ca\\\/oberta-la-inscripcio-per-a-participar-en-mostra-dels-instituts-2023\\\/#primaryimage\"},\"thumbnailUrl\":\"https:\\\/\\\/lamostradevalencia.com\\\/wp-content\\\/uploads\\\/2023\\\/06\\\/petit-plan.jpg\",\"articleSection\":[\"Noticies\"],\"inLanguage\":\"ca\",\"potentialAction\":[{\"@type\":\"CommentAction\",\"name\":\"Comment\",\"target\":[\"https:\\\/\\\/lamostradevalencia.com\\\/ca\\\/oberta-la-inscripcio-per-a-participar-en-mostra-dels-instituts-2023\\\/#respond\"]}]},{\"@type\":\"WebPage\",\"@id\":\"https:\\\/\\\/lamostradevalencia.com\\\/ca\\\/oberta-la-inscripcio-per-a-participar-en-mostra-dels-instituts-2023\\\/\",\"url\":\"https:\\\/\\\/lamostradevalencia.com\\\/ca\\\/oberta-la-inscripcio-per-a-participar-en-mostra-dels-instituts-2023\\\/\",\"name\":\"Oberta la inscripci\u00f3 per a participar en Mostra dels Instituts 2023 - Mostra de Val\u00e8ncia\",\"isPartOf\":{\"@id\":\"https:\\\/\\\/lamostradevalencia.com\\\/ca\\\/#website\"},\"primaryImageOfPage\":{\"@id\":\"https:\\\/\\\/lamostradevalencia.com\\\/ca\\\/oberta-la-inscripcio-per-a-participar-en-mostra-dels-instituts-2023\\\/#primaryimage\"},\"image\":{\"@id\":\"https:\\\/\\\/lamostradevalencia.com\\\/ca\\\/oberta-la-inscripcio-per-a-participar-en-mostra-dels-instituts-2023\\\/#primaryimage\"},\"thumbnailUrl\":\"https:\\\/\\\/lamostradevalencia.com\\\/wp-content\\\/uploads\\\/2023\\\/06\\\/petit-plan.jpg\",\"datePublished\":\"2023-06-26T08:36:59+00:00\",\"dateModified\":\"2023-06-26T08:37:18+00:00\",\"author\":{\"@id\":\"https:\\\/\\\/lamostradevalencia.com\\\/ca\\\/#\\\/schema\\\/person\\\/1dc07e4df3d6310b81d2cdf6a034070c\"},\"breadcrumb\":{\"@id\":\"https:\\\/\\\/lamostradevalencia.com\\\/ca\\\/oberta-la-inscripcio-per-a-participar-en-mostra-dels-instituts-2023\\\/#breadcrumb\"},\"inLanguage\":\"ca\",\"potentialAction\":[{\"@type\":\"ReadAction\",\"target\":[\"https:\\\/\\\/lamostradevalencia.com\\\/ca\\\/oberta-la-inscripcio-per-a-participar-en-mostra-dels-instituts-2023\\\/\"]}]},{\"@type\":\"ImageObject\",\"inLanguage\":\"ca\",\"@id\":\"https:\\\/\\\/lamostradevalencia.com\\\/ca\\\/oberta-la-inscripcio-per-a-participar-en-mostra-dels-instituts-2023\\\/#primaryimage\",\"url\":\"https:\\\/\\\/lamostradevalencia.com\\\/wp-content\\\/uploads\\\/2023\\\/06\\\/petit-plan.jpg\",\"contentUrl\":\"https:\\\/\\\/lamostradevalencia.com\\\/wp-content\\\/uploads\\\/2023\\\/06\\\/petit-plan.jpg\",\"width\":1918,\"height\":1080},{\"@type\":\"BreadcrumbList\",\"@id\":\"https:\\\/\\\/lamostradevalencia.com\\\/ca\\\/oberta-la-inscripcio-per-a-participar-en-mostra-dels-instituts-2023\\\/#breadcrumb\",\"itemListElement\":[{\"@type\":\"ListItem\",\"position\":1,\"name\":\"Portada\",\"item\":\"https:\\\/\\\/lamostradevalencia.com\\\/ca\\\/\"},{\"@type\":\"ListItem\",\"position\":2,\"name\":\"Oberta la inscripci\u00f3 per a participar en Mostra dels Instituts 2023\"}]},{\"@type\":\"WebSite\",\"@id\":\"https:\\\/\\\/lamostradevalencia.com\\\/ca\\\/#website\",\"url\":\"https:\\\/\\\/lamostradevalencia.com\\\/ca\\\/\",\"name\":\"Mostra de Val\u00e8ncia\",\"description\":\"Cinema del Mediterrani\",\"potentialAction\":[{\"@type\":\"SearchAction\",\"target\":{\"@type\":\"EntryPoint\",\"urlTemplate\":\"https:\\\/\\\/lamostradevalencia.com\\\/ca\\\/?s={search_term_string}\"},\"query-input\":{\"@type\":\"PropertyValueSpecification\",\"valueRequired\":true,\"valueName\":\"search_term_string\"}}],\"inLanguage\":\"ca\"},{\"@type\":\"Person\",\"@id\":\"https:\\\/\\\/lamostradevalencia.com\\\/ca\\\/#\\\/schema\\\/person\\\/1dc07e4df3d6310b81d2cdf6a034070c\",\"name\":\"Mostra de Val\u00e8ncia\",\"image\":{\"@type\":\"ImageObject\",\"inLanguage\":\"ca\",\"@id\":\"https:\\\/\\\/secure.gravatar.com\\\/avatar\\\/ada4dfd699a9907706987adb1bb2b361c2613ccca474b49b8c648de5208e32f8?s=96&d=mm&r=g\",\"url\":\"https:\\\/\\\/secure.gravatar.com\\\/avatar\\\/ada4dfd699a9907706987adb1bb2b361c2613ccca474b49b8c648de5208e32f8?s=96&d=mm&r=g\",\"contentUrl\":\"https:\\\/\\\/secure.gravatar.com\\\/avatar\\\/ada4dfd699a9907706987adb1bb2b361c2613ccca474b49b8c648de5208e32f8?s=96&d=mm&r=g\",\"caption\":\"Mostra de Val\u00e8ncia\"}}]}<\/script>\n<!-- \/ Yoast SEO plugin. -->","yoast_head_json":{"title":"Oberta la inscripci\u00f3 per a participar en Mostra dels Instituts 2023 - Mostra de Val\u00e8ncia","robots":{"index":"index","follow":"follow","max-snippet":"max-snippet:-1","max-image-preview":"max-image-preview:large","max-video-preview":"max-video-preview:-1"},"canonical":"https:\/\/lamostradevalencia.com\/ca\/oberta-la-inscripcio-per-a-participar-en-mostra-dels-instituts-2023\/","og_locale":"ca_ES","og_type":"article","og_title":"Oberta la inscripci\u00f3 per a participar en Mostra dels Instituts 2023 - Mostra de Val\u00e8ncia","og_description":"Les projeccions per a centres educatius d&#8217;enguany celebren l&#8217;elecci\u00f3 de Val\u00e8ncia com a Capital Verda Europea. Un any m\u00e9s, Mostra de Val\u00e8ncia posa en marxa [&hellip;]","og_url":"https:\/\/lamostradevalencia.com\/ca\/oberta-la-inscripcio-per-a-participar-en-mostra-dels-instituts-2023\/","og_site_name":"Mostra de Val\u00e8ncia","article_published_time":"2023-06-26T08:36:59+00:00","article_modified_time":"2023-06-26T08:37:18+00:00","og_image":[{"width":1918,"height":1080,"url":"https:\/\/lamostradevalencia.com\/wp-content\/uploads\/2023\/06\/petit-plan.jpg","type":"image\/jpeg"}],"author":"Mostra de Val\u00e8ncia","twitter_card":"summary_large_image","twitter_misc":{"Escrit per":"Mostra de Val\u00e8ncia","Temps estimat de lectura":"3 minuts"},"schema":{"@context":"https:\/\/schema.org","@graph":[{"@type":"Article","@id":"https:\/\/lamostradevalencia.com\/ca\/oberta-la-inscripcio-per-a-participar-en-mostra-dels-instituts-2023\/#article","isPartOf":{"@id":"https:\/\/lamostradevalencia.com\/ca\/oberta-la-inscripcio-per-a-participar-en-mostra-dels-instituts-2023\/"},"author":{"name":"Mostra de Val\u00e8ncia","@id":"https:\/\/lamostradevalencia.com\/ca\/#\/schema\/person\/1dc07e4df3d6310b81d2cdf6a034070c"},"headline":"Oberta la inscripci\u00f3 per a participar en Mostra dels Instituts 2023","datePublished":"2023-06-26T08:36:59+00:00","dateModified":"2023-06-26T08:37:18+00:00","mainEntityOfPage":{"@id":"https:\/\/lamostradevalencia.com\/ca\/oberta-la-inscripcio-per-a-participar-en-mostra-dels-instituts-2023\/"},"wordCount":695,"commentCount":0,"image":{"@id":"https:\/\/lamostradevalencia.com\/ca\/oberta-la-inscripcio-per-a-participar-en-mostra-dels-instituts-2023\/#primaryimage"},"thumbnailUrl":"https:\/\/lamostradevalencia.com\/wp-content\/uploads\/2023\/06\/petit-plan.jpg","articleSection":["Noticies"],"inLanguage":"ca","potentialAction":[{"@type":"CommentAction","name":"Comment","target":["https:\/\/lamostradevalencia.com\/ca\/oberta-la-inscripcio-per-a-participar-en-mostra-dels-instituts-2023\/#respond"]}]},{"@type":"WebPage","@id":"https:\/\/lamostradevalencia.com\/ca\/oberta-la-inscripcio-per-a-participar-en-mostra-dels-instituts-2023\/","url":"https:\/\/lamostradevalencia.com\/ca\/oberta-la-inscripcio-per-a-participar-en-mostra-dels-instituts-2023\/","name":"Oberta la inscripci\u00f3 per a participar en Mostra dels Instituts 2023 - Mostra de Val\u00e8ncia","isPartOf":{"@id":"https:\/\/lamostradevalencia.com\/ca\/#website"},"primaryImageOfPage":{"@id":"https:\/\/lamostradevalencia.com\/ca\/oberta-la-inscripcio-per-a-participar-en-mostra-dels-instituts-2023\/#primaryimage"},"image":{"@id":"https:\/\/lamostradevalencia.com\/ca\/oberta-la-inscripcio-per-a-participar-en-mostra-dels-instituts-2023\/#primaryimage"},"thumbnailUrl":"https:\/\/lamostradevalencia.com\/wp-content\/uploads\/2023\/06\/petit-plan.jpg","datePublished":"2023-06-26T08:36:59+00:00","dateModified":"2023-06-26T08:37:18+00:00","author":{"@id":"https:\/\/lamostradevalencia.com\/ca\/#\/schema\/person\/1dc07e4df3d6310b81d2cdf6a034070c"},"breadcrumb":{"@id":"https:\/\/lamostradevalencia.com\/ca\/oberta-la-inscripcio-per-a-participar-en-mostra-dels-instituts-2023\/#breadcrumb"},"inLanguage":"ca","potentialAction":[{"@type":"ReadAction","target":["https:\/\/lamostradevalencia.com\/ca\/oberta-la-inscripcio-per-a-participar-en-mostra-dels-instituts-2023\/"]}]},{"@type":"ImageObject","inLanguage":"ca","@id":"https:\/\/lamostradevalencia.com\/ca\/oberta-la-inscripcio-per-a-participar-en-mostra-dels-instituts-2023\/#primaryimage","url":"https:\/\/lamostradevalencia.com\/wp-content\/uploads\/2023\/06\/petit-plan.jpg","contentUrl":"https:\/\/lamostradevalencia.com\/wp-content\/uploads\/2023\/06\/petit-plan.jpg","width":1918,"height":1080},{"@type":"BreadcrumbList","@id":"https:\/\/lamostradevalencia.com\/ca\/oberta-la-inscripcio-per-a-participar-en-mostra-dels-instituts-2023\/#breadcrumb","itemListElement":[{"@type":"ListItem","position":1,"name":"Portada","item":"https:\/\/lamostradevalencia.com\/ca\/"},{"@type":"ListItem","position":2,"name":"Oberta la inscripci\u00f3 per a participar en Mostra dels Instituts 2023"}]},{"@type":"WebSite","@id":"https:\/\/lamostradevalencia.com\/ca\/#website","url":"https:\/\/lamostradevalencia.com\/ca\/","name":"Mostra de Val\u00e8ncia","description":"Cinema del Mediterrani","potentialAction":[{"@type":"SearchAction","target":{"@type":"EntryPoint","urlTemplate":"https:\/\/lamostradevalencia.com\/ca\/?s={search_term_string}"},"query-input":{"@type":"PropertyValueSpecification","valueRequired":true,"valueName":"search_term_string"}}],"inLanguage":"ca"},{"@type":"Person","@id":"https:\/\/lamostradevalencia.com\/ca\/#\/schema\/person\/1dc07e4df3d6310b81d2cdf6a034070c","name":"Mostra de Val\u00e8ncia","image":{"@type":"ImageObject","inLanguage":"ca","@id":"https:\/\/secure.gravatar.com\/avatar\/ada4dfd699a9907706987adb1bb2b361c2613ccca474b49b8c648de5208e32f8?s=96&d=mm&r=g","url":"https:\/\/secure.gravatar.com\/avatar\/ada4dfd699a9907706987adb1bb2b361c2613ccca474b49b8c648de5208e32f8?s=96&d=mm&r=g","contentUrl":"https:\/\/secure.gravatar.com\/avatar\/ada4dfd699a9907706987adb1bb2b361c2613ccca474b49b8c648de5208e32f8?s=96&d=mm&r=g","caption":"Mostra de Val\u00e8ncia"}}]}},"uagb_featured_image_src":{"full":["https:\/\/lamostradevalencia.com\/wp-content\/uploads\/2023\/06\/petit-plan.jpg",1918,1080,false],"thumbnail":["https:\/\/lamostradevalencia.com\/wp-content\/uploads\/2023\/06\/petit-plan-150x150.jpg",150,150,true],"medium":["https:\/\/lamostradevalencia.com\/wp-content\/uploads\/2023\/06\/petit-plan-300x169.jpg",300,169,true],"medium_large":["https:\/\/lamostradevalencia.com\/wp-content\/uploads\/2023\/06\/petit-plan-768x432.jpg",768,432,true],"large":["https:\/\/lamostradevalencia.com\/wp-content\/uploads\/2023\/06\/petit-plan-1024x577.jpg",1024,577,true],"1536x1536":["https:\/\/lamostradevalencia.com\/wp-content\/uploads\/2023\/06\/petit-plan-1536x865.jpg",1536,865,true],"2048x2048":["https:\/\/lamostradevalencia.com\/wp-content\/uploads\/2023\/06\/petit-plan.jpg",1918,1080,false],"cinerama_edge_image_square":["https:\/\/lamostradevalencia.com\/wp-content\/uploads\/2023\/06\/petit-plan-550x550.jpg",550,550,true],"cinerama_edge_image_landscape":["https:\/\/lamostradevalencia.com\/wp-content\/uploads\/2023\/06\/petit-plan-1100x550.jpg",1100,550,true],"cinerama_edge_image_portrait":["https:\/\/lamostradevalencia.com\/wp-content\/uploads\/2023\/06\/petit-plan-550x1080.jpg",550,1080,true],"cinerama_edge_image_huge":["https:\/\/lamostradevalencia.com\/wp-content\/uploads\/2023\/06\/petit-plan-1100x1080.jpg",1100,1080,true],"gform-image-choice-sm":["https:\/\/lamostradevalencia.com\/wp-content\/uploads\/2023\/06\/petit-plan.jpg",300,169,false],"gform-image-choice-md":["https:\/\/lamostradevalencia.com\/wp-content\/uploads\/2023\/06\/petit-plan.jpg",400,225,false],"gform-image-choice-lg":["https:\/\/lamostradevalencia.com\/wp-content\/uploads\/2023\/06\/petit-plan.jpg",600,338,false]},"uagb_author_info":{"display_name":"Mostra de Val\u00e8ncia","author_link":"https:\/\/lamostradevalencia.com\/ca\/author\/mostravalencia\/"},"uagb_comment_info":0,"uagb_excerpt":"Les projeccions per a centres educatius d&#8217;enguany celebren l&#8217;elecci\u00f3 de Val\u00e8ncia com a Capital Verda Europea. Un any m\u00e9s, Mostra de Val\u00e8ncia posa en marxa [&hellip;]","_links":{"self":[{"href":"https:\/\/lamostradevalencia.com\/ca\/wp-json\/wp\/v2\/posts\/18363","targetHints":{"allow":["GET"]}}],"collection":[{"href":"https:\/\/lamostradevalencia.com\/ca\/wp-json\/wp\/v2\/posts"}],"about":[{"href":"https:\/\/lamostradevalencia.com\/ca\/wp-json\/wp\/v2\/types\/post"}],"author":[{"embeddable":true,"href":"https:\/\/lamostradevalencia.com\/ca\/wp-json\/wp\/v2\/users\/1"}],"replies":[{"embeddable":true,"href":"https:\/\/lamostradevalencia.com\/ca\/wp-json\/wp\/v2\/comments?post=18363"}],"version-history":[{"count":4,"href":"https:\/\/lamostradevalencia.com\/ca\/wp-json\/wp\/v2\/posts\/18363\/revisions"}],"predecessor-version":[{"id":18367,"href":"https:\/\/lamostradevalencia.com\/ca\/wp-json\/wp\/v2\/posts\/18363\/revisions\/18367"}],"wp:featuredmedia":[{"embeddable":true,"href":"https:\/\/lamostradevalencia.com\/ca\/wp-json\/wp\/v2\/media\/18358"}],"wp:attachment":[{"href":"https:\/\/lamostradevalencia.com\/ca\/wp-json\/wp\/v2\/media?parent=18363"}],"wp:term":[{"taxonomy":"category","embeddable":true,"href":"https:\/\/lamostradevalencia.com\/ca\/wp-json\/wp\/v2\/categories?post=18363"},{"taxonomy":"post_tag","embeddable":true,"href":"https:\/\/lamostradevalencia.com\/ca\/wp-json\/wp\/v2\/tags?post=18363"}],"curies":[{"name":"wp","href":"https:\/\/api.w.org\/{rel}","templated":true}]}}