{"id":18040,"date":"2023-05-09T11:55:32","date_gmt":"2023-05-09T09:55:32","guid":{"rendered":"https:\/\/lamostradevalencia.com\/?p=18040"},"modified":"2023-05-09T11:55:32","modified_gmt":"2023-05-09T09:55:32","slug":"maria-de-medeiros-torna-a-valencia-per-inaugurar-mostra-expandida","status":"publish","type":"post","link":"https:\/\/lamostradevalencia.com\/ca\/maria-de-medeiros-torna-a-valencia-per-inaugurar-mostra-expandida\/","title":{"rendered":"Maria de Medeiros torna a Val\u00e8ncia per inaugurar Mostra Expandida"},"content":{"rendered":"<h5><strong>L&#8217;actriu i directora portuguesa presentar\u00e0 divendres als cines Babel &#8216;Nuestros hijos&#8217;, el seu nou film<\/strong><\/h5>\n<p><span id=\"v1docs-internal-guid-b973eb93-7fff-3720-2e8b-53c0b22874b7\">La portuguesa Maria de Medeiros va ser guardonada amb la Palmera d&#8217;Honor l&#8217;any 2020, i ara torna a Val\u00e8ncia per participar en la preestrena de &#8216;Nuestros hijos&#8217;, la seua \u00faltima pel\u00b7l\u00edcula com a directora.\u00a0<strong>El film va rebre una c\u00e0lida acollida quan es va projectar per primera vegada a Espanya, en el marc de la 35\u00aa\u00a0Mostra de Val\u00e8ncia<\/strong>, i ara l&#8217;actriu i directora torna per participar en un col\u00b7loqui amb el p\u00fablic que tindr\u00e0 lloc despr\u00e9s de la projecci\u00f3 del pr\u00f2xim divendres, 12 de maig, a les 19 h, en els cines Babel<\/span>.<\/p>\n<p><span id=\"v1docs-internal-guid-b973eb93-7fff-3720-2e8b-53c0b22874b7\">El festival inaugura aix\u00ed amb una estrella internacional com \u00e9s Maria de Medeiros les activitats de Mostra Expandida,\u00a0<strong>una s\u00e8rie d&#8217;iniciatives per a mantindre l&#8217;aposta per la promoci\u00f3 del cine mediterrani d&#8217;autoria<\/strong>.\u00a0<\/span><\/p>\n<p><span id=\"v1docs-internal-guid-b973eb93-7fff-3720-2e8b-53c0b22874b7\">&#8216;Nuestros hijos&#8217; est\u00e0 protagonitzada per Vera, una mare abnegada, divorciada despr\u00e9s de tres matrimonis i que viu en una fam\u00edlia nombrosa que inclou els seus fills i fillastres. Intr\u00e8pida i experimentada, ha empunyat les armes per lluitar contra la dictadura i ha viscut en diverses parts del m\u00f3n. Tania, la filla, \u00e9s m\u00e9s &#8220;conservadora&#8221; i est\u00e0 casada des de fa 15 anys amb una altra dona que est\u00e0 embarassada del primer fill.\u00a0<strong>Juntes, descobreixen la bellesa de formar part d&#8217;una fam\u00edlia contempor\u00e0nia.<\/strong><\/span><\/p>\n<p><span id=\"v1docs-internal-guid-b973eb93-7fff-3720-2e8b-53c0b22874b7\">A m\u00e9s de per la Mostra de Val\u00e8ncia, la cinta, que arriba ara a les sales comercials espanyoles, ha passat per altres festivals internacionals com ara els de Toronto, Coimbra, Chicago i l&#8217;Havana. Medeiros va aconseguir amb la seua \u00f2pera prima, &#8216;Capitanes de Abril&#8217; (2000), la selecci\u00f3 del Festival de Cannes. Com a directora, tamb\u00e9 ha participat en el film col\u00b7lectiu &#8216;Bem-Vindo a S\u00e3o Paulo&#8217; (2004) i \u00e9s la responsable dels documentals &#8216;Je t&#8217;aime, moi non plus: artistes et critiques&#8217; (2004) i &#8216;Repare Bem&#8217; (2013), a m\u00e9s de diversos curtmetratges. En la seva reconeguda faceta com a actriu ha participat en t\u00edtols emblem\u00e0tics com ara &#8216;Huevos de oro&#8217; (Bigas Luna, 1993), &#8216;Pulp Fiction&#8217; (Quentin Tarantino, 1994) o &#8216;Airbag&#8217; (Juanma Bajo Ulloa, 1997), i va guanyar la Copa Volpi a Ven\u00e8cia per &#8216;Tres Irmaos&#8217; (Teresa Villaverde, 1994). El 2003 se li va concedir el t\u00edtol de Cavaller de l&#8217;Orde de les Arts i les Lletres de Fran\u00e7a.<\/span><\/p>\n<p><span id=\"v1docs-internal-guid-b973eb93-7fff-3720-2e8b-53c0b22874b7\"><strong>Mostra Expandida \u00e9s una de les novetats que el festival implementa enguany i que li permetr\u00e0 estendre el seu radi d&#8217;acci\u00f3 m\u00e9s enll\u00e0 de les dates en qu\u00e8 t\u00e9 lloc el gruix de les activitats<\/strong>. Si b\u00e9 les exposicions organitzades en cada edici\u00f3 de Mostra de Val\u00e8ncia a la Galeria del Tossal s&#8217;han prolongat m\u00e9s enll\u00e0 del mes d&#8217;octubre, en este cas la intenci\u00f3 \u00e9s que el festival puga participar i col\u00b7laborar en altres propostes relacionades amb el sector cinematogr\u00e0fic que tinguen lloc al llarg de tot l&#8217;any.<\/span><\/p>\n","protected":false},"excerpt":{"rendered":"<p>L&#8217;actriu i directora portuguesa presentar\u00e0 divendres als cines Babel &#8216;Nuestros hijos&#8217;, el seu nou film La portuguesa Maria de Medeiros va ser guardonada amb la [&hellip;]<\/p>\n","protected":false},"author":1,"featured_media":18036,"comment_status":"open","ping_status":"open","sticky":false,"template":"","format":"standard","meta":{"_uag_custom_page_level_css":"","_jet_sm_ready_style":"","_jet_sm_style":"","_jet_sm_controls_values":"","_jet_sm_fonts_collection":"","_jet_sm_fonts_links":"","footnotes":""},"categories":[455],"tags":[],"class_list":["post-18040","post","type-post","status-publish","format-standard","has-post-thumbnail","hentry","category-noticies"],"yoast_head":"<!-- This site is optimized with the Yoast SEO plugin v27.5 - https:\/\/yoast.com\/product\/yoast-seo-wordpress\/ -->\n<title>Maria de Medeiros torna a Val\u00e8ncia per inaugurar Mostra Expandida - Mostra de Val\u00e8ncia<\/title>\n<meta name=\"robots\" content=\"index, follow, max-snippet:-1, max-image-preview:large, max-video-preview:-1\" \/>\n<link rel=\"canonical\" href=\"https:\/\/lamostradevalencia.com\/ca\/maria-de-medeiros-torna-a-valencia-per-inaugurar-mostra-expandida\/\" \/>\n<meta property=\"og:locale\" content=\"ca_ES\" \/>\n<meta property=\"og:type\" content=\"article\" \/>\n<meta property=\"og:title\" content=\"Maria de Medeiros torna a Val\u00e8ncia per inaugurar Mostra Expandida - Mostra de Val\u00e8ncia\" \/>\n<meta property=\"og:description\" content=\"L&#8217;actriu i directora portuguesa presentar\u00e0 divendres als cines Babel &#8216;Nuestros hijos&#8217;, el seu nou film La portuguesa Maria de Medeiros va ser guardonada amb la [&hellip;]\" \/>\n<meta property=\"og:url\" content=\"https:\/\/lamostradevalencia.com\/ca\/maria-de-medeiros-torna-a-valencia-per-inaugurar-mostra-expandida\/\" \/>\n<meta property=\"og:site_name\" content=\"Mostra de Val\u00e8ncia\" \/>\n<meta property=\"article:published_time\" content=\"2023-05-09T09:55:32+00:00\" \/>\n<meta property=\"og:image\" content=\"https:\/\/lamostradevalencia.com\/wp-content\/uploads\/2023\/05\/Rdp.-Maria-Medeiros_La-Mostra-01.jpg\" \/>\n\t<meta property=\"og:image:width\" content=\"1856\" \/>\n\t<meta property=\"og:image:height\" content=\"1186\" \/>\n\t<meta property=\"og:image:type\" content=\"image\/jpeg\" \/>\n<meta name=\"author\" content=\"Mostra de Val\u00e8ncia\" \/>\n<meta name=\"twitter:card\" content=\"summary_large_image\" \/>\n<meta name=\"twitter:label1\" content=\"Escrit per\" \/>\n\t<meta name=\"twitter:data1\" content=\"Mostra de Val\u00e8ncia\" \/>\n\t<meta name=\"twitter:label2\" content=\"Temps estimat de lectura\" \/>\n\t<meta name=\"twitter:data2\" content=\"2 minuts\" \/>\n<script type=\"application\/ld+json\" class=\"yoast-schema-graph\">{\"@context\":\"https:\\\/\\\/schema.org\",\"@graph\":[{\"@type\":\"Article\",\"@id\":\"https:\\\/\\\/lamostradevalencia.com\\\/ca\\\/maria-de-medeiros-torna-a-valencia-per-inaugurar-mostra-expandida\\\/#article\",\"isPartOf\":{\"@id\":\"https:\\\/\\\/lamostradevalencia.com\\\/ca\\\/maria-de-medeiros-torna-a-valencia-per-inaugurar-mostra-expandida\\\/\"},\"author\":{\"name\":\"Mostra de Val\u00e8ncia\",\"@id\":\"https:\\\/\\\/lamostradevalencia.com\\\/ca\\\/#\\\/schema\\\/person\\\/1dc07e4df3d6310b81d2cdf6a034070c\"},\"headline\":\"Maria de Medeiros torna a Val\u00e8ncia per inaugurar Mostra Expandida\",\"datePublished\":\"2023-05-09T09:55:32+00:00\",\"mainEntityOfPage\":{\"@id\":\"https:\\\/\\\/lamostradevalencia.com\\\/ca\\\/maria-de-medeiros-torna-a-valencia-per-inaugurar-mostra-expandida\\\/\"},\"wordCount\":511,\"commentCount\":0,\"image\":{\"@id\":\"https:\\\/\\\/lamostradevalencia.com\\\/ca\\\/maria-de-medeiros-torna-a-valencia-per-inaugurar-mostra-expandida\\\/#primaryimage\"},\"thumbnailUrl\":\"https:\\\/\\\/lamostradevalencia.com\\\/wp-content\\\/uploads\\\/2023\\\/05\\\/Rdp.-Maria-Medeiros_La-Mostra-01.jpg\",\"articleSection\":[\"Noticies\"],\"inLanguage\":\"ca\",\"potentialAction\":[{\"@type\":\"CommentAction\",\"name\":\"Comment\",\"target\":[\"https:\\\/\\\/lamostradevalencia.com\\\/ca\\\/maria-de-medeiros-torna-a-valencia-per-inaugurar-mostra-expandida\\\/#respond\"]}]},{\"@type\":\"WebPage\",\"@id\":\"https:\\\/\\\/lamostradevalencia.com\\\/ca\\\/maria-de-medeiros-torna-a-valencia-per-inaugurar-mostra-expandida\\\/\",\"url\":\"https:\\\/\\\/lamostradevalencia.com\\\/ca\\\/maria-de-medeiros-torna-a-valencia-per-inaugurar-mostra-expandida\\\/\",\"name\":\"Maria de Medeiros torna a Val\u00e8ncia per inaugurar Mostra Expandida - Mostra de Val\u00e8ncia\",\"isPartOf\":{\"@id\":\"https:\\\/\\\/lamostradevalencia.com\\\/ca\\\/#website\"},\"primaryImageOfPage\":{\"@id\":\"https:\\\/\\\/lamostradevalencia.com\\\/ca\\\/maria-de-medeiros-torna-a-valencia-per-inaugurar-mostra-expandida\\\/#primaryimage\"},\"image\":{\"@id\":\"https:\\\/\\\/lamostradevalencia.com\\\/ca\\\/maria-de-medeiros-torna-a-valencia-per-inaugurar-mostra-expandida\\\/#primaryimage\"},\"thumbnailUrl\":\"https:\\\/\\\/lamostradevalencia.com\\\/wp-content\\\/uploads\\\/2023\\\/05\\\/Rdp.-Maria-Medeiros_La-Mostra-01.jpg\",\"datePublished\":\"2023-05-09T09:55:32+00:00\",\"author\":{\"@id\":\"https:\\\/\\\/lamostradevalencia.com\\\/ca\\\/#\\\/schema\\\/person\\\/1dc07e4df3d6310b81d2cdf6a034070c\"},\"breadcrumb\":{\"@id\":\"https:\\\/\\\/lamostradevalencia.com\\\/ca\\\/maria-de-medeiros-torna-a-valencia-per-inaugurar-mostra-expandida\\\/#breadcrumb\"},\"inLanguage\":\"ca\",\"potentialAction\":[{\"@type\":\"ReadAction\",\"target\":[\"https:\\\/\\\/lamostradevalencia.com\\\/ca\\\/maria-de-medeiros-torna-a-valencia-per-inaugurar-mostra-expandida\\\/\"]}]},{\"@type\":\"ImageObject\",\"inLanguage\":\"ca\",\"@id\":\"https:\\\/\\\/lamostradevalencia.com\\\/ca\\\/maria-de-medeiros-torna-a-valencia-per-inaugurar-mostra-expandida\\\/#primaryimage\",\"url\":\"https:\\\/\\\/lamostradevalencia.com\\\/wp-content\\\/uploads\\\/2023\\\/05\\\/Rdp.-Maria-Medeiros_La-Mostra-01.jpg\",\"contentUrl\":\"https:\\\/\\\/lamostradevalencia.com\\\/wp-content\\\/uploads\\\/2023\\\/05\\\/Rdp.-Maria-Medeiros_La-Mostra-01.jpg\",\"width\":1856,\"height\":1186},{\"@type\":\"BreadcrumbList\",\"@id\":\"https:\\\/\\\/lamostradevalencia.com\\\/ca\\\/maria-de-medeiros-torna-a-valencia-per-inaugurar-mostra-expandida\\\/#breadcrumb\",\"itemListElement\":[{\"@type\":\"ListItem\",\"position\":1,\"name\":\"Portada\",\"item\":\"https:\\\/\\\/lamostradevalencia.com\\\/ca\\\/\"},{\"@type\":\"ListItem\",\"position\":2,\"name\":\"Maria de Medeiros torna a Val\u00e8ncia per inaugurar Mostra Expandida\"}]},{\"@type\":\"WebSite\",\"@id\":\"https:\\\/\\\/lamostradevalencia.com\\\/ca\\\/#website\",\"url\":\"https:\\\/\\\/lamostradevalencia.com\\\/ca\\\/\",\"name\":\"Mostra de Val\u00e8ncia\",\"description\":\"Cinema del Mediterrani\",\"potentialAction\":[{\"@type\":\"SearchAction\",\"target\":{\"@type\":\"EntryPoint\",\"urlTemplate\":\"https:\\\/\\\/lamostradevalencia.com\\\/ca\\\/?s={search_term_string}\"},\"query-input\":{\"@type\":\"PropertyValueSpecification\",\"valueRequired\":true,\"valueName\":\"search_term_string\"}}],\"inLanguage\":\"ca\"},{\"@type\":\"Person\",\"@id\":\"https:\\\/\\\/lamostradevalencia.com\\\/ca\\\/#\\\/schema\\\/person\\\/1dc07e4df3d6310b81d2cdf6a034070c\",\"name\":\"Mostra de Val\u00e8ncia\",\"image\":{\"@type\":\"ImageObject\",\"inLanguage\":\"ca\",\"@id\":\"https:\\\/\\\/secure.gravatar.com\\\/avatar\\\/ada4dfd699a9907706987adb1bb2b361c2613ccca474b49b8c648de5208e32f8?s=96&d=mm&r=g\",\"url\":\"https:\\\/\\\/secure.gravatar.com\\\/avatar\\\/ada4dfd699a9907706987adb1bb2b361c2613ccca474b49b8c648de5208e32f8?s=96&d=mm&r=g\",\"contentUrl\":\"https:\\\/\\\/secure.gravatar.com\\\/avatar\\\/ada4dfd699a9907706987adb1bb2b361c2613ccca474b49b8c648de5208e32f8?s=96&d=mm&r=g\",\"caption\":\"Mostra de Val\u00e8ncia\"}}]}<\/script>\n<!-- \/ Yoast SEO plugin. -->","yoast_head_json":{"title":"Maria de Medeiros torna a Val\u00e8ncia per inaugurar Mostra Expandida - Mostra de Val\u00e8ncia","robots":{"index":"index","follow":"follow","max-snippet":"max-snippet:-1","max-image-preview":"max-image-preview:large","max-video-preview":"max-video-preview:-1"},"canonical":"https:\/\/lamostradevalencia.com\/ca\/maria-de-medeiros-torna-a-valencia-per-inaugurar-mostra-expandida\/","og_locale":"ca_ES","og_type":"article","og_title":"Maria de Medeiros torna a Val\u00e8ncia per inaugurar Mostra Expandida - Mostra de Val\u00e8ncia","og_description":"L&#8217;actriu i directora portuguesa presentar\u00e0 divendres als cines Babel &#8216;Nuestros hijos&#8217;, el seu nou film La portuguesa Maria de Medeiros va ser guardonada amb la [&hellip;]","og_url":"https:\/\/lamostradevalencia.com\/ca\/maria-de-medeiros-torna-a-valencia-per-inaugurar-mostra-expandida\/","og_site_name":"Mostra de Val\u00e8ncia","article_published_time":"2023-05-09T09:55:32+00:00","og_image":[{"width":1856,"height":1186,"url":"https:\/\/lamostradevalencia.com\/wp-content\/uploads\/2023\/05\/Rdp.-Maria-Medeiros_La-Mostra-01.jpg","type":"image\/jpeg"}],"author":"Mostra de Val\u00e8ncia","twitter_card":"summary_large_image","twitter_misc":{"Escrit per":"Mostra de Val\u00e8ncia","Temps estimat de lectura":"2 minuts"},"schema":{"@context":"https:\/\/schema.org","@graph":[{"@type":"Article","@id":"https:\/\/lamostradevalencia.com\/ca\/maria-de-medeiros-torna-a-valencia-per-inaugurar-mostra-expandida\/#article","isPartOf":{"@id":"https:\/\/lamostradevalencia.com\/ca\/maria-de-medeiros-torna-a-valencia-per-inaugurar-mostra-expandida\/"},"author":{"name":"Mostra de Val\u00e8ncia","@id":"https:\/\/lamostradevalencia.com\/ca\/#\/schema\/person\/1dc07e4df3d6310b81d2cdf6a034070c"},"headline":"Maria de Medeiros torna a Val\u00e8ncia per inaugurar Mostra Expandida","datePublished":"2023-05-09T09:55:32+00:00","mainEntityOfPage":{"@id":"https:\/\/lamostradevalencia.com\/ca\/maria-de-medeiros-torna-a-valencia-per-inaugurar-mostra-expandida\/"},"wordCount":511,"commentCount":0,"image":{"@id":"https:\/\/lamostradevalencia.com\/ca\/maria-de-medeiros-torna-a-valencia-per-inaugurar-mostra-expandida\/#primaryimage"},"thumbnailUrl":"https:\/\/lamostradevalencia.com\/wp-content\/uploads\/2023\/05\/Rdp.-Maria-Medeiros_La-Mostra-01.jpg","articleSection":["Noticies"],"inLanguage":"ca","potentialAction":[{"@type":"CommentAction","name":"Comment","target":["https:\/\/lamostradevalencia.com\/ca\/maria-de-medeiros-torna-a-valencia-per-inaugurar-mostra-expandida\/#respond"]}]},{"@type":"WebPage","@id":"https:\/\/lamostradevalencia.com\/ca\/maria-de-medeiros-torna-a-valencia-per-inaugurar-mostra-expandida\/","url":"https:\/\/lamostradevalencia.com\/ca\/maria-de-medeiros-torna-a-valencia-per-inaugurar-mostra-expandida\/","name":"Maria de Medeiros torna a Val\u00e8ncia per inaugurar Mostra Expandida - Mostra de Val\u00e8ncia","isPartOf":{"@id":"https:\/\/lamostradevalencia.com\/ca\/#website"},"primaryImageOfPage":{"@id":"https:\/\/lamostradevalencia.com\/ca\/maria-de-medeiros-torna-a-valencia-per-inaugurar-mostra-expandida\/#primaryimage"},"image":{"@id":"https:\/\/lamostradevalencia.com\/ca\/maria-de-medeiros-torna-a-valencia-per-inaugurar-mostra-expandida\/#primaryimage"},"thumbnailUrl":"https:\/\/lamostradevalencia.com\/wp-content\/uploads\/2023\/05\/Rdp.-Maria-Medeiros_La-Mostra-01.jpg","datePublished":"2023-05-09T09:55:32+00:00","author":{"@id":"https:\/\/lamostradevalencia.com\/ca\/#\/schema\/person\/1dc07e4df3d6310b81d2cdf6a034070c"},"breadcrumb":{"@id":"https:\/\/lamostradevalencia.com\/ca\/maria-de-medeiros-torna-a-valencia-per-inaugurar-mostra-expandida\/#breadcrumb"},"inLanguage":"ca","potentialAction":[{"@type":"ReadAction","target":["https:\/\/lamostradevalencia.com\/ca\/maria-de-medeiros-torna-a-valencia-per-inaugurar-mostra-expandida\/"]}]},{"@type":"ImageObject","inLanguage":"ca","@id":"https:\/\/lamostradevalencia.com\/ca\/maria-de-medeiros-torna-a-valencia-per-inaugurar-mostra-expandida\/#primaryimage","url":"https:\/\/lamostradevalencia.com\/wp-content\/uploads\/2023\/05\/Rdp.-Maria-Medeiros_La-Mostra-01.jpg","contentUrl":"https:\/\/lamostradevalencia.com\/wp-content\/uploads\/2023\/05\/Rdp.-Maria-Medeiros_La-Mostra-01.jpg","width":1856,"height":1186},{"@type":"BreadcrumbList","@id":"https:\/\/lamostradevalencia.com\/ca\/maria-de-medeiros-torna-a-valencia-per-inaugurar-mostra-expandida\/#breadcrumb","itemListElement":[{"@type":"ListItem","position":1,"name":"Portada","item":"https:\/\/lamostradevalencia.com\/ca\/"},{"@type":"ListItem","position":2,"name":"Maria de Medeiros torna a Val\u00e8ncia per inaugurar Mostra Expandida"}]},{"@type":"WebSite","@id":"https:\/\/lamostradevalencia.com\/ca\/#website","url":"https:\/\/lamostradevalencia.com\/ca\/","name":"Mostra de Val\u00e8ncia","description":"Cinema del Mediterrani","potentialAction":[{"@type":"SearchAction","target":{"@type":"EntryPoint","urlTemplate":"https:\/\/lamostradevalencia.com\/ca\/?s={search_term_string}"},"query-input":{"@type":"PropertyValueSpecification","valueRequired":true,"valueName":"search_term_string"}}],"inLanguage":"ca"},{"@type":"Person","@id":"https:\/\/lamostradevalencia.com\/ca\/#\/schema\/person\/1dc07e4df3d6310b81d2cdf6a034070c","name":"Mostra de Val\u00e8ncia","image":{"@type":"ImageObject","inLanguage":"ca","@id":"https:\/\/secure.gravatar.com\/avatar\/ada4dfd699a9907706987adb1bb2b361c2613ccca474b49b8c648de5208e32f8?s=96&d=mm&r=g","url":"https:\/\/secure.gravatar.com\/avatar\/ada4dfd699a9907706987adb1bb2b361c2613ccca474b49b8c648de5208e32f8?s=96&d=mm&r=g","contentUrl":"https:\/\/secure.gravatar.com\/avatar\/ada4dfd699a9907706987adb1bb2b361c2613ccca474b49b8c648de5208e32f8?s=96&d=mm&r=g","caption":"Mostra de Val\u00e8ncia"}}]}},"uagb_featured_image_src":{"full":["https:\/\/lamostradevalencia.com\/wp-content\/uploads\/2023\/05\/Rdp.-Maria-Medeiros_La-Mostra-01.jpg",1856,1186,false],"thumbnail":["https:\/\/lamostradevalencia.com\/wp-content\/uploads\/2023\/05\/Rdp.-Maria-Medeiros_La-Mostra-01-150x150.jpg",150,150,true],"medium":["https:\/\/lamostradevalencia.com\/wp-content\/uploads\/2023\/05\/Rdp.-Maria-Medeiros_La-Mostra-01-300x192.jpg",300,192,true],"medium_large":["https:\/\/lamostradevalencia.com\/wp-content\/uploads\/2023\/05\/Rdp.-Maria-Medeiros_La-Mostra-01-768x491.jpg",768,491,true],"large":["https:\/\/lamostradevalencia.com\/wp-content\/uploads\/2023\/05\/Rdp.-Maria-Medeiros_La-Mostra-01-1024x654.jpg",1024,654,true],"1536x1536":["https:\/\/lamostradevalencia.com\/wp-content\/uploads\/2023\/05\/Rdp.-Maria-Medeiros_La-Mostra-01-1536x982.jpg",1536,982,true],"2048x2048":["https:\/\/lamostradevalencia.com\/wp-content\/uploads\/2023\/05\/Rdp.-Maria-Medeiros_La-Mostra-01.jpg",1856,1186,false],"cinerama_edge_image_square":["https:\/\/lamostradevalencia.com\/wp-content\/uploads\/2023\/05\/Rdp.-Maria-Medeiros_La-Mostra-01-550x550.jpg",550,550,true],"cinerama_edge_image_landscape":["https:\/\/lamostradevalencia.com\/wp-content\/uploads\/2023\/05\/Rdp.-Maria-Medeiros_La-Mostra-01-1100x550.jpg",1100,550,true],"cinerama_edge_image_portrait":["https:\/\/lamostradevalencia.com\/wp-content\/uploads\/2023\/05\/Rdp.-Maria-Medeiros_La-Mostra-01-550x1100.jpg",550,1100,true],"cinerama_edge_image_huge":["https:\/\/lamostradevalencia.com\/wp-content\/uploads\/2023\/05\/Rdp.-Maria-Medeiros_La-Mostra-01-1100x1100.jpg",1100,1100,true],"gform-image-choice-sm":["https:\/\/lamostradevalencia.com\/wp-content\/uploads\/2023\/05\/Rdp.-Maria-Medeiros_La-Mostra-01.jpg",300,192,false],"gform-image-choice-md":["https:\/\/lamostradevalencia.com\/wp-content\/uploads\/2023\/05\/Rdp.-Maria-Medeiros_La-Mostra-01.jpg",400,256,false],"gform-image-choice-lg":["https:\/\/lamostradevalencia.com\/wp-content\/uploads\/2023\/05\/Rdp.-Maria-Medeiros_La-Mostra-01.jpg",600,383,false]},"uagb_author_info":{"display_name":"Mostra de Val\u00e8ncia","author_link":"https:\/\/lamostradevalencia.com\/ca\/author\/mostravalencia\/"},"uagb_comment_info":0,"uagb_excerpt":"L&#8217;actriu i directora portuguesa presentar\u00e0 divendres als cines Babel &#8216;Nuestros hijos&#8217;, el seu nou film La portuguesa Maria de Medeiros va ser guardonada amb la [&hellip;]","_links":{"self":[{"href":"https:\/\/lamostradevalencia.com\/ca\/wp-json\/wp\/v2\/posts\/18040","targetHints":{"allow":["GET"]}}],"collection":[{"href":"https:\/\/lamostradevalencia.com\/ca\/wp-json\/wp\/v2\/posts"}],"about":[{"href":"https:\/\/lamostradevalencia.com\/ca\/wp-json\/wp\/v2\/types\/post"}],"author":[{"embeddable":true,"href":"https:\/\/lamostradevalencia.com\/ca\/wp-json\/wp\/v2\/users\/1"}],"replies":[{"embeddable":true,"href":"https:\/\/lamostradevalencia.com\/ca\/wp-json\/wp\/v2\/comments?post=18040"}],"version-history":[{"count":1,"href":"https:\/\/lamostradevalencia.com\/ca\/wp-json\/wp\/v2\/posts\/18040\/revisions"}],"predecessor-version":[{"id":18041,"href":"https:\/\/lamostradevalencia.com\/ca\/wp-json\/wp\/v2\/posts\/18040\/revisions\/18041"}],"wp:featuredmedia":[{"embeddable":true,"href":"https:\/\/lamostradevalencia.com\/ca\/wp-json\/wp\/v2\/media\/18036"}],"wp:attachment":[{"href":"https:\/\/lamostradevalencia.com\/ca\/wp-json\/wp\/v2\/media?parent=18040"}],"wp:term":[{"taxonomy":"category","embeddable":true,"href":"https:\/\/lamostradevalencia.com\/ca\/wp-json\/wp\/v2\/categories?post=18040"},{"taxonomy":"post_tag","embeddable":true,"href":"https:\/\/lamostradevalencia.com\/ca\/wp-json\/wp\/v2\/tags?post=18040"}],"curies":[{"name":"wp","href":"https:\/\/api.w.org\/{rel}","templated":true}]}}