{"id":17799,"date":"2023-04-21T14:20:05","date_gmt":"2023-04-21T12:20:05","guid":{"rendered":"https:\/\/lamostradevalencia.com\/?p=17799"},"modified":"2023-04-21T14:20:05","modified_gmt":"2023-04-21T12:20:05","slug":"mostra-de-valencia-estrena-seu-al-xalet-de-la-republica","status":"publish","type":"post","link":"https:\/\/lamostradevalencia.com\/ca\/mostra-de-valencia-estrena-seu-al-xalet-de-la-republica\/","title":{"rendered":"Mostra de Val\u00e8ncia estrena seu al xalet de la Rep\u00fablica"},"content":{"rendered":"<h5>El Consell Rector ha aprovat el compte anual de l\u2019organisme junt amb el seu trasllat a l\u2019edifici municipal d\u2019Aben al Abbar<\/h5>\n<p>Hui s&#8217;ha celebrat el Consell Rector l\u2019Organisme Aut\u00f2nom Municipal Mostra de Val\u00e8ncia i Iniciatives Audiovisuals on s\u2019ha aprovat el compte anual de 2022, que se salda amb un resultat econ\u00f2mic patrimonial positiu de 25.891,53\u20ac.<\/p>\n<p>En este exercici els ingressos de l\u2019OAM s\u2019han xifrat en 618.542,74, provinents en primer lloc de la transfer\u00e8ncia de l\u2019Ajuntament de Val\u00e8ncia per al seu funcionament i de les subvencions aconseguides per concurs d\u2019altres institucions p\u00fabliques, com \u00e9s l\u2019ICAA-Instituto de la Cinematograf\u00eda y las Artes Audiovisuales (12.000\u20ac). Cal destacar, aix\u00ed mateix, l\u2019augment d\u2019un 15,44% dels ingressos obtinguts per patrocinis i venda d\u2019entrades durant la celebraci\u00f3 del festival Mostra de Val\u00e8ncia-Cinema del Mediterrani, 11.488,10\u20ac en total.<\/p>\n<p>D&#8217;una altra banda, els gastos durant el 2022 han ascendit a 592.651,21 euros, la major part dels quals s\u2019han destinat a la celebraci\u00f3 del festival Mostra de Val\u00e8ncia-Cinema del Mediterrani i del nou f\u00f2rum de coproducci\u00f3 Val\u00e8ncia Film Afers, per a sufragar el lloguer de sales, subtitulat de pel\u00b7l\u00edcules, viatges de participants i accions publicit\u00e0ries, entre d\u2019altres. Altres bosses de gastos s\u00f3n les corresponents a personal i equipament de la nova seu de l\u2019organisme, aix\u00ed com la reservada als principals premis de les pel\u00b7l\u00edcules a competici\u00f3 en el festival, que han pujat un 25% respecte de l\u2019exercici anterior: 30.000 euros per a la guanyadora de la Palmera d\u2019Or i 20.000 per a la de la Palmera de Plata-Premi Especial del Jurat.<\/p>\n<p>NOVA SEU PER A LA MOSTRA<\/p>\n<p>En el consell celebrat hui s\u2019ha aprovat tamb\u00e9 la instal\u00b7laci\u00f3 de la seu de la Mostra en la primera planta de l\u2019edifici municipal Aben al Abbar, conegut com el xalet de la Rep\u00fablica, que reserva la planta baixa com a centre cultural de la regidoria de Patrimoni i Recursos Culturals obert a la participaci\u00f3 ciutadana. Des d\u2019esta nova ubicaci\u00f3 l\u2019organitzaci\u00f3 es troba ja treballant en la 38a edici\u00f3 del festival, que del 19 al 29 d\u2019octubre de 2023 portar\u00e0 a Val\u00e8ncia el millor cine d\u2019estrena dels pa\u00efsos mediterranis, junt amb els seus i les seues protagonistes, aix\u00ed com en la segona edici\u00f3 del f\u00f2rum de coproducci\u00f3 Val\u00e8ncia Film Afers, que selecciona projectes de pel\u00b7l\u00edcules de l\u2019\u00e0rea mediterr\u00e0nia per a obrir-los possibles vies de finan\u00e7ament amb figures expertes i agents d\u2019inversi\u00f3 internacionals. \u201cUna seu pr\u00f2pia i tan emblem\u00e0tica com \u00e9s el xalet de la Rep\u00fablica a Aben al Abbar contribu\u00efx a la consolidaci\u00f3 d\u2019una Mostra que reafirma en cada edici\u00f3 la seua aposta per la cultura cinematogr\u00e0fica de primer nivell i per l\u2019impuls al sector audiovisual del nostre entorn\u201d, ha recalcat la regidora de Patrimoni i Recursos Culturals i presidenta delegada de Mostra de Val\u00e8ncia, Gloria Tello.<\/p>\n<p>&nbsp;<\/p>\n<p>&nbsp;<\/p>\n<p>&nbsp;<\/p>\n<p>&nbsp;<\/p>\n","protected":false},"excerpt":{"rendered":"<p>El Consell Rector ha aprovat el compte anual de l\u2019organisme junt amb el seu trasllat a l\u2019edifici municipal d\u2019Aben al Abbar Hui s&#8217;ha celebrat el [&hellip;]<\/p>\n","protected":false},"author":1,"featured_media":17805,"comment_status":"open","ping_status":"open","sticky":false,"template":"","format":"standard","meta":{"_uag_custom_page_level_css":"","_jet_sm_ready_style":"","_jet_sm_style":"","_jet_sm_controls_values":"","_jet_sm_fonts_collection":"","_jet_sm_fonts_links":"","footnotes":""},"categories":[455],"tags":[],"class_list":["post-17799","post","type-post","status-publish","format-standard","has-post-thumbnail","hentry","category-noticies"],"yoast_head":"<!-- This site is optimized with the Yoast SEO plugin v27.5 - https:\/\/yoast.com\/product\/yoast-seo-wordpress\/ -->\n<title>Mostra de Val\u00e8ncia estrena seu al xalet de la Rep\u00fablica - Mostra de Val\u00e8ncia<\/title>\n<meta name=\"robots\" content=\"index, follow, max-snippet:-1, max-image-preview:large, max-video-preview:-1\" \/>\n<link rel=\"canonical\" href=\"https:\/\/lamostradevalencia.com\/ca\/mostra-de-valencia-estrena-seu-al-xalet-de-la-republica\/\" \/>\n<meta property=\"og:locale\" content=\"ca_ES\" \/>\n<meta property=\"og:type\" content=\"article\" \/>\n<meta property=\"og:title\" content=\"Mostra de Val\u00e8ncia estrena seu al xalet de la Rep\u00fablica - Mostra de Val\u00e8ncia\" \/>\n<meta property=\"og:description\" content=\"El Consell Rector ha aprovat el compte anual de l\u2019organisme junt amb el seu trasllat a l\u2019edifici municipal d\u2019Aben al Abbar Hui s&#8217;ha celebrat el [&hellip;]\" \/>\n<meta property=\"og:url\" content=\"https:\/\/lamostradevalencia.com\/ca\/mostra-de-valencia-estrena-seu-al-xalet-de-la-republica\/\" \/>\n<meta property=\"og:site_name\" content=\"Mostra de Val\u00e8ncia\" \/>\n<meta property=\"article:published_time\" content=\"2023-04-21T12:20:05+00:00\" \/>\n<meta property=\"og:image\" content=\"https:\/\/lamostradevalencia.com\/wp-content\/uploads\/2023\/04\/Chalet-6.jpeg\" \/>\n\t<meta property=\"og:image:width\" content=\"1600\" \/>\n\t<meta property=\"og:image:height\" content=\"1067\" \/>\n\t<meta property=\"og:image:type\" content=\"image\/jpeg\" \/>\n<meta name=\"author\" content=\"Mostra de Val\u00e8ncia\" \/>\n<meta name=\"twitter:card\" content=\"summary_large_image\" \/>\n<meta name=\"twitter:label1\" content=\"Escrit per\" \/>\n\t<meta name=\"twitter:data1\" content=\"Mostra de Val\u00e8ncia\" \/>\n\t<meta name=\"twitter:label2\" content=\"Temps estimat de lectura\" \/>\n\t<meta name=\"twitter:data2\" content=\"3 minuts\" \/>\n<script type=\"application\/ld+json\" class=\"yoast-schema-graph\">{\"@context\":\"https:\\\/\\\/schema.org\",\"@graph\":[{\"@type\":\"Article\",\"@id\":\"https:\\\/\\\/lamostradevalencia.com\\\/ca\\\/mostra-de-valencia-estrena-seu-al-xalet-de-la-republica\\\/#article\",\"isPartOf\":{\"@id\":\"https:\\\/\\\/lamostradevalencia.com\\\/ca\\\/mostra-de-valencia-estrena-seu-al-xalet-de-la-republica\\\/\"},\"author\":{\"name\":\"Mostra de Val\u00e8ncia\",\"@id\":\"https:\\\/\\\/lamostradevalencia.com\\\/ca\\\/#\\\/schema\\\/person\\\/1dc07e4df3d6310b81d2cdf6a034070c\"},\"headline\":\"Mostra de Val\u00e8ncia estrena seu al xalet de la Rep\u00fablica\",\"datePublished\":\"2023-04-21T12:20:05+00:00\",\"mainEntityOfPage\":{\"@id\":\"https:\\\/\\\/lamostradevalencia.com\\\/ca\\\/mostra-de-valencia-estrena-seu-al-xalet-de-la-republica\\\/\"},\"wordCount\":518,\"commentCount\":0,\"image\":{\"@id\":\"https:\\\/\\\/lamostradevalencia.com\\\/ca\\\/mostra-de-valencia-estrena-seu-al-xalet-de-la-republica\\\/#primaryimage\"},\"thumbnailUrl\":\"https:\\\/\\\/lamostradevalencia.com\\\/wp-content\\\/uploads\\\/2023\\\/04\\\/Chalet-6.jpeg\",\"articleSection\":[\"Noticies\"],\"inLanguage\":\"ca\",\"potentialAction\":[{\"@type\":\"CommentAction\",\"name\":\"Comment\",\"target\":[\"https:\\\/\\\/lamostradevalencia.com\\\/ca\\\/mostra-de-valencia-estrena-seu-al-xalet-de-la-republica\\\/#respond\"]}]},{\"@type\":\"WebPage\",\"@id\":\"https:\\\/\\\/lamostradevalencia.com\\\/ca\\\/mostra-de-valencia-estrena-seu-al-xalet-de-la-republica\\\/\",\"url\":\"https:\\\/\\\/lamostradevalencia.com\\\/ca\\\/mostra-de-valencia-estrena-seu-al-xalet-de-la-republica\\\/\",\"name\":\"Mostra de Val\u00e8ncia estrena seu al xalet de la Rep\u00fablica - Mostra de Val\u00e8ncia\",\"isPartOf\":{\"@id\":\"https:\\\/\\\/lamostradevalencia.com\\\/ca\\\/#website\"},\"primaryImageOfPage\":{\"@id\":\"https:\\\/\\\/lamostradevalencia.com\\\/ca\\\/mostra-de-valencia-estrena-seu-al-xalet-de-la-republica\\\/#primaryimage\"},\"image\":{\"@id\":\"https:\\\/\\\/lamostradevalencia.com\\\/ca\\\/mostra-de-valencia-estrena-seu-al-xalet-de-la-republica\\\/#primaryimage\"},\"thumbnailUrl\":\"https:\\\/\\\/lamostradevalencia.com\\\/wp-content\\\/uploads\\\/2023\\\/04\\\/Chalet-6.jpeg\",\"datePublished\":\"2023-04-21T12:20:05+00:00\",\"author\":{\"@id\":\"https:\\\/\\\/lamostradevalencia.com\\\/ca\\\/#\\\/schema\\\/person\\\/1dc07e4df3d6310b81d2cdf6a034070c\"},\"breadcrumb\":{\"@id\":\"https:\\\/\\\/lamostradevalencia.com\\\/ca\\\/mostra-de-valencia-estrena-seu-al-xalet-de-la-republica\\\/#breadcrumb\"},\"inLanguage\":\"ca\",\"potentialAction\":[{\"@type\":\"ReadAction\",\"target\":[\"https:\\\/\\\/lamostradevalencia.com\\\/ca\\\/mostra-de-valencia-estrena-seu-al-xalet-de-la-republica\\\/\"]}]},{\"@type\":\"ImageObject\",\"inLanguage\":\"ca\",\"@id\":\"https:\\\/\\\/lamostradevalencia.com\\\/ca\\\/mostra-de-valencia-estrena-seu-al-xalet-de-la-republica\\\/#primaryimage\",\"url\":\"https:\\\/\\\/lamostradevalencia.com\\\/wp-content\\\/uploads\\\/2023\\\/04\\\/Chalet-6.jpeg\",\"contentUrl\":\"https:\\\/\\\/lamostradevalencia.com\\\/wp-content\\\/uploads\\\/2023\\\/04\\\/Chalet-6.jpeg\",\"width\":1600,\"height\":1067},{\"@type\":\"BreadcrumbList\",\"@id\":\"https:\\\/\\\/lamostradevalencia.com\\\/ca\\\/mostra-de-valencia-estrena-seu-al-xalet-de-la-republica\\\/#breadcrumb\",\"itemListElement\":[{\"@type\":\"ListItem\",\"position\":1,\"name\":\"Portada\",\"item\":\"https:\\\/\\\/lamostradevalencia.com\\\/ca\\\/\"},{\"@type\":\"ListItem\",\"position\":2,\"name\":\"Mostra de Val\u00e8ncia estrena seu al xalet de la Rep\u00fablica\"}]},{\"@type\":\"WebSite\",\"@id\":\"https:\\\/\\\/lamostradevalencia.com\\\/ca\\\/#website\",\"url\":\"https:\\\/\\\/lamostradevalencia.com\\\/ca\\\/\",\"name\":\"Mostra de Val\u00e8ncia\",\"description\":\"Cinema del Mediterrani\",\"potentialAction\":[{\"@type\":\"SearchAction\",\"target\":{\"@type\":\"EntryPoint\",\"urlTemplate\":\"https:\\\/\\\/lamostradevalencia.com\\\/ca\\\/?s={search_term_string}\"},\"query-input\":{\"@type\":\"PropertyValueSpecification\",\"valueRequired\":true,\"valueName\":\"search_term_string\"}}],\"inLanguage\":\"ca\"},{\"@type\":\"Person\",\"@id\":\"https:\\\/\\\/lamostradevalencia.com\\\/ca\\\/#\\\/schema\\\/person\\\/1dc07e4df3d6310b81d2cdf6a034070c\",\"name\":\"Mostra de Val\u00e8ncia\",\"image\":{\"@type\":\"ImageObject\",\"inLanguage\":\"ca\",\"@id\":\"https:\\\/\\\/secure.gravatar.com\\\/avatar\\\/ada4dfd699a9907706987adb1bb2b361c2613ccca474b49b8c648de5208e32f8?s=96&d=mm&r=g\",\"url\":\"https:\\\/\\\/secure.gravatar.com\\\/avatar\\\/ada4dfd699a9907706987adb1bb2b361c2613ccca474b49b8c648de5208e32f8?s=96&d=mm&r=g\",\"contentUrl\":\"https:\\\/\\\/secure.gravatar.com\\\/avatar\\\/ada4dfd699a9907706987adb1bb2b361c2613ccca474b49b8c648de5208e32f8?s=96&d=mm&r=g\",\"caption\":\"Mostra de Val\u00e8ncia\"}}]}<\/script>\n<!-- \/ Yoast SEO plugin. -->","yoast_head_json":{"title":"Mostra de Val\u00e8ncia estrena seu al xalet de la Rep\u00fablica - Mostra de Val\u00e8ncia","robots":{"index":"index","follow":"follow","max-snippet":"max-snippet:-1","max-image-preview":"max-image-preview:large","max-video-preview":"max-video-preview:-1"},"canonical":"https:\/\/lamostradevalencia.com\/ca\/mostra-de-valencia-estrena-seu-al-xalet-de-la-republica\/","og_locale":"ca_ES","og_type":"article","og_title":"Mostra de Val\u00e8ncia estrena seu al xalet de la Rep\u00fablica - Mostra de Val\u00e8ncia","og_description":"El Consell Rector ha aprovat el compte anual de l\u2019organisme junt amb el seu trasllat a l\u2019edifici municipal d\u2019Aben al Abbar Hui s&#8217;ha celebrat el [&hellip;]","og_url":"https:\/\/lamostradevalencia.com\/ca\/mostra-de-valencia-estrena-seu-al-xalet-de-la-republica\/","og_site_name":"Mostra de Val\u00e8ncia","article_published_time":"2023-04-21T12:20:05+00:00","og_image":[{"width":1600,"height":1067,"url":"https:\/\/lamostradevalencia.com\/wp-content\/uploads\/2023\/04\/Chalet-6.jpeg","type":"image\/jpeg"}],"author":"Mostra de Val\u00e8ncia","twitter_card":"summary_large_image","twitter_misc":{"Escrit per":"Mostra de Val\u00e8ncia","Temps estimat de lectura":"3 minuts"},"schema":{"@context":"https:\/\/schema.org","@graph":[{"@type":"Article","@id":"https:\/\/lamostradevalencia.com\/ca\/mostra-de-valencia-estrena-seu-al-xalet-de-la-republica\/#article","isPartOf":{"@id":"https:\/\/lamostradevalencia.com\/ca\/mostra-de-valencia-estrena-seu-al-xalet-de-la-republica\/"},"author":{"name":"Mostra de Val\u00e8ncia","@id":"https:\/\/lamostradevalencia.com\/ca\/#\/schema\/person\/1dc07e4df3d6310b81d2cdf6a034070c"},"headline":"Mostra de Val\u00e8ncia estrena seu al xalet de la Rep\u00fablica","datePublished":"2023-04-21T12:20:05+00:00","mainEntityOfPage":{"@id":"https:\/\/lamostradevalencia.com\/ca\/mostra-de-valencia-estrena-seu-al-xalet-de-la-republica\/"},"wordCount":518,"commentCount":0,"image":{"@id":"https:\/\/lamostradevalencia.com\/ca\/mostra-de-valencia-estrena-seu-al-xalet-de-la-republica\/#primaryimage"},"thumbnailUrl":"https:\/\/lamostradevalencia.com\/wp-content\/uploads\/2023\/04\/Chalet-6.jpeg","articleSection":["Noticies"],"inLanguage":"ca","potentialAction":[{"@type":"CommentAction","name":"Comment","target":["https:\/\/lamostradevalencia.com\/ca\/mostra-de-valencia-estrena-seu-al-xalet-de-la-republica\/#respond"]}]},{"@type":"WebPage","@id":"https:\/\/lamostradevalencia.com\/ca\/mostra-de-valencia-estrena-seu-al-xalet-de-la-republica\/","url":"https:\/\/lamostradevalencia.com\/ca\/mostra-de-valencia-estrena-seu-al-xalet-de-la-republica\/","name":"Mostra de Val\u00e8ncia estrena seu al xalet de la Rep\u00fablica - Mostra de Val\u00e8ncia","isPartOf":{"@id":"https:\/\/lamostradevalencia.com\/ca\/#website"},"primaryImageOfPage":{"@id":"https:\/\/lamostradevalencia.com\/ca\/mostra-de-valencia-estrena-seu-al-xalet-de-la-republica\/#primaryimage"},"image":{"@id":"https:\/\/lamostradevalencia.com\/ca\/mostra-de-valencia-estrena-seu-al-xalet-de-la-republica\/#primaryimage"},"thumbnailUrl":"https:\/\/lamostradevalencia.com\/wp-content\/uploads\/2023\/04\/Chalet-6.jpeg","datePublished":"2023-04-21T12:20:05+00:00","author":{"@id":"https:\/\/lamostradevalencia.com\/ca\/#\/schema\/person\/1dc07e4df3d6310b81d2cdf6a034070c"},"breadcrumb":{"@id":"https:\/\/lamostradevalencia.com\/ca\/mostra-de-valencia-estrena-seu-al-xalet-de-la-republica\/#breadcrumb"},"inLanguage":"ca","potentialAction":[{"@type":"ReadAction","target":["https:\/\/lamostradevalencia.com\/ca\/mostra-de-valencia-estrena-seu-al-xalet-de-la-republica\/"]}]},{"@type":"ImageObject","inLanguage":"ca","@id":"https:\/\/lamostradevalencia.com\/ca\/mostra-de-valencia-estrena-seu-al-xalet-de-la-republica\/#primaryimage","url":"https:\/\/lamostradevalencia.com\/wp-content\/uploads\/2023\/04\/Chalet-6.jpeg","contentUrl":"https:\/\/lamostradevalencia.com\/wp-content\/uploads\/2023\/04\/Chalet-6.jpeg","width":1600,"height":1067},{"@type":"BreadcrumbList","@id":"https:\/\/lamostradevalencia.com\/ca\/mostra-de-valencia-estrena-seu-al-xalet-de-la-republica\/#breadcrumb","itemListElement":[{"@type":"ListItem","position":1,"name":"Portada","item":"https:\/\/lamostradevalencia.com\/ca\/"},{"@type":"ListItem","position":2,"name":"Mostra de Val\u00e8ncia estrena seu al xalet de la Rep\u00fablica"}]},{"@type":"WebSite","@id":"https:\/\/lamostradevalencia.com\/ca\/#website","url":"https:\/\/lamostradevalencia.com\/ca\/","name":"Mostra de Val\u00e8ncia","description":"Cinema del Mediterrani","potentialAction":[{"@type":"SearchAction","target":{"@type":"EntryPoint","urlTemplate":"https:\/\/lamostradevalencia.com\/ca\/?s={search_term_string}"},"query-input":{"@type":"PropertyValueSpecification","valueRequired":true,"valueName":"search_term_string"}}],"inLanguage":"ca"},{"@type":"Person","@id":"https:\/\/lamostradevalencia.com\/ca\/#\/schema\/person\/1dc07e4df3d6310b81d2cdf6a034070c","name":"Mostra de Val\u00e8ncia","image":{"@type":"ImageObject","inLanguage":"ca","@id":"https:\/\/secure.gravatar.com\/avatar\/ada4dfd699a9907706987adb1bb2b361c2613ccca474b49b8c648de5208e32f8?s=96&d=mm&r=g","url":"https:\/\/secure.gravatar.com\/avatar\/ada4dfd699a9907706987adb1bb2b361c2613ccca474b49b8c648de5208e32f8?s=96&d=mm&r=g","contentUrl":"https:\/\/secure.gravatar.com\/avatar\/ada4dfd699a9907706987adb1bb2b361c2613ccca474b49b8c648de5208e32f8?s=96&d=mm&r=g","caption":"Mostra de Val\u00e8ncia"}}]}},"uagb_featured_image_src":{"full":["https:\/\/lamostradevalencia.com\/wp-content\/uploads\/2023\/04\/Chalet-6.jpeg",1600,1067,false],"thumbnail":["https:\/\/lamostradevalencia.com\/wp-content\/uploads\/2023\/04\/Chalet-6-150x150.jpeg",150,150,true],"medium":["https:\/\/lamostradevalencia.com\/wp-content\/uploads\/2023\/04\/Chalet-6-300x200.jpeg",300,200,true],"medium_large":["https:\/\/lamostradevalencia.com\/wp-content\/uploads\/2023\/04\/Chalet-6-768x512.jpeg",768,512,true],"large":["https:\/\/lamostradevalencia.com\/wp-content\/uploads\/2023\/04\/Chalet-6-1024x683.jpeg",1024,683,true],"1536x1536":["https:\/\/lamostradevalencia.com\/wp-content\/uploads\/2023\/04\/Chalet-6-1536x1024.jpeg",1536,1024,true],"2048x2048":["https:\/\/lamostradevalencia.com\/wp-content\/uploads\/2023\/04\/Chalet-6.jpeg",1600,1067,false],"cinerama_edge_image_square":["https:\/\/lamostradevalencia.com\/wp-content\/uploads\/2023\/04\/Chalet-6-550x550.jpeg",550,550,true],"cinerama_edge_image_landscape":["https:\/\/lamostradevalencia.com\/wp-content\/uploads\/2023\/04\/Chalet-6-1100x550.jpeg",1100,550,true],"cinerama_edge_image_portrait":["https:\/\/lamostradevalencia.com\/wp-content\/uploads\/2023\/04\/Chalet-6-550x1067.jpeg",550,1067,true],"cinerama_edge_image_huge":["https:\/\/lamostradevalencia.com\/wp-content\/uploads\/2023\/04\/Chalet-6-1100x1067.jpeg",1100,1067,true],"gform-image-choice-sm":["https:\/\/lamostradevalencia.com\/wp-content\/uploads\/2023\/04\/Chalet-6.jpeg",300,200,false],"gform-image-choice-md":["https:\/\/lamostradevalencia.com\/wp-content\/uploads\/2023\/04\/Chalet-6.jpeg",400,267,false],"gform-image-choice-lg":["https:\/\/lamostradevalencia.com\/wp-content\/uploads\/2023\/04\/Chalet-6.jpeg",600,400,false]},"uagb_author_info":{"display_name":"Mostra de Val\u00e8ncia","author_link":"https:\/\/lamostradevalencia.com\/ca\/author\/mostravalencia\/"},"uagb_comment_info":0,"uagb_excerpt":"El Consell Rector ha aprovat el compte anual de l\u2019organisme junt amb el seu trasllat a l\u2019edifici municipal d\u2019Aben al Abbar Hui s&#8217;ha celebrat el [&hellip;]","_links":{"self":[{"href":"https:\/\/lamostradevalencia.com\/ca\/wp-json\/wp\/v2\/posts\/17799","targetHints":{"allow":["GET"]}}],"collection":[{"href":"https:\/\/lamostradevalencia.com\/ca\/wp-json\/wp\/v2\/posts"}],"about":[{"href":"https:\/\/lamostradevalencia.com\/ca\/wp-json\/wp\/v2\/types\/post"}],"author":[{"embeddable":true,"href":"https:\/\/lamostradevalencia.com\/ca\/wp-json\/wp\/v2\/users\/1"}],"replies":[{"embeddable":true,"href":"https:\/\/lamostradevalencia.com\/ca\/wp-json\/wp\/v2\/comments?post=17799"}],"version-history":[{"count":1,"href":"https:\/\/lamostradevalencia.com\/ca\/wp-json\/wp\/v2\/posts\/17799\/revisions"}],"predecessor-version":[{"id":17800,"href":"https:\/\/lamostradevalencia.com\/ca\/wp-json\/wp\/v2\/posts\/17799\/revisions\/17800"}],"wp:featuredmedia":[{"embeddable":true,"href":"https:\/\/lamostradevalencia.com\/ca\/wp-json\/wp\/v2\/media\/17805"}],"wp:attachment":[{"href":"https:\/\/lamostradevalencia.com\/ca\/wp-json\/wp\/v2\/media?parent=17799"}],"wp:term":[{"taxonomy":"category","embeddable":true,"href":"https:\/\/lamostradevalencia.com\/ca\/wp-json\/wp\/v2\/categories?post=17799"},{"taxonomy":"post_tag","embeddable":true,"href":"https:\/\/lamostradevalencia.com\/ca\/wp-json\/wp\/v2\/tags?post=17799"}],"curies":[{"name":"wp","href":"https:\/\/api.w.org\/{rel}","templated":true}]}}