{"id":17790,"date":"2023-04-18T11:33:56","date_gmt":"2023-04-18T09:33:56","guid":{"rendered":"https:\/\/lamostradevalencia.com\/?p=17790"},"modified":"2023-04-18T11:33:56","modified_gmt":"2023-04-18T09:33:56","slug":"lestudi-sayavera-dissenyara-la-imatge-grafica-de-la-38a-mostra-de-valencia","status":"publish","type":"post","link":"https:\/\/lamostradevalencia.com\/ca\/lestudi-sayavera-dissenyara-la-imatge-grafica-de-la-38a-mostra-de-valencia\/","title":{"rendered":"L&#8217;estudi Sayavera dissenyar\u00e0 la imatge gr\u00e0fica\u00a0de la 38\u00aa Mostra de Val\u00e8ncia"},"content":{"rendered":"<h5>A la convocat\u00f2ria oberta s&#8217;han presentat 76 candidatures d&#8217;arreu de l&#8217;estat<\/h5>\n<p>Per quint any consecutiu, s&#8217;ha triat mitjan\u00e7ant un procediment de crida a projecte l&#8217;estudi que dissenyar\u00e0 el cartell de la 38a edici\u00f3 de la Mostra de Val\u00e8ncia-Cinema del Mediterrani, que se celebrar\u00e0 del 19 al 29 d&#8217;octubre. La convocat\u00f2ria d&#8217;esta edici\u00f3 ha tingut una \u00e0mplia resposta, <strong>s\u2019han rebut 76 inscripcions de professionals del disseny de tot l&#8217;estat<\/strong>, d\u2019entre les quals finalment ha resultat escollit l&#8217;estudi Sayavera.<\/p>\n<p>&#8220;\u00c9s una gran satisfacci\u00f3 confirmar com Mostra de Val\u00e8ncia es va consolidant tamb\u00e9 en aspectes com este, la convocat\u00f2ria per a dissenyar la imatge gr\u00e0fica ha tingut encara m\u00e9s \u00e8xit que l&#8217;any passat, en la qual ja es van presentar 71 candidatures. L&#8217;alian\u00e7a entre el certamen i el disseny contemporani es veu enfortida encara m\u00e9s&#8221;, assegura Gloria Tello, presidenta de l&#8217;organisme Mostra de Val\u00e8ncia i Iniciatives Audiovisuals.<\/p>\n<p>La convocat\u00f2ria ha comptat de nou amb el suport de l&#8217;Associaci\u00f3 de Dissenyadors de la Comunitat Valenciana (ADCV), de l&#8217;Associaci\u00f3 de Professionals de la Il\u00b7lustraci\u00f3 Valenciana (APIV) i de l&#8217;Associaci\u00f3 d&#8217;Empreses de Comunicaci\u00f3 Publicit\u00e0ria de la Comunitat Valenciana (COMUNITAD), els representants de la qual han participat tamb\u00e9 en el proc\u00e9s de selecci\u00f3. Les persones o ag\u00e8ncies interessades a participar havien de presentar un dossier de treballs ja realitzats, aix\u00ed com el curr\u00edculum o resum de la seua traject\u00f2ria.<\/p>\n<p>&#8220;Es tracta d&#8217;una cita imprescindible en el cine Mediterrani. A la Mostra s&#8217;unixen diferents punts geogr\u00e0fics i les seues cultures. <strong>Ens agrada contar hist\u00f2ries i connectar amb les persones a trav\u00e9s del disseny. I veiem el festival com una oportunitat per a fer-ho<\/strong>&#8220;, assegura il\u00b7lusionada Lorena Sayavera, la fundadora de l&#8217;estudi. Sobre el seu treball per al festival ens avan\u00e7a que &#8220;en el proc\u00e9s de disseny primer ens esforcem a entendre les necessitats i expectatives dels nostres clients, per poder crear projectes que en reflectixen l\u2019ess\u00e8ncia i la personalitat. El nostre objectiu \u00e9s buscar l&#8217;ess\u00e8ncia de cada projecte per construir conceptes s\u00f2lids que funcionen com a eix narratiu, amb un estil sincer, senzill i rotund&#8221;.<\/p>\n<p>L&#8217;empresa t\u00e9 seu a Vila-real i la seua fundadora compta amb distincions nacionals i internacionals com ara la plata en l&#8217;European Design Awards de 2015, la mateixa distinci\u00f3 en el Graphis New York 2021 o el bronze en el Premis Laus, FAD Barcelona 2022. A m\u00e9s, compta amb obra exposada de forma permanent al Museu del Disseny de Barcelona i a l&#8217;IVAM de Val\u00e8ncia.<\/p>\n<p>Entre els seus treballs, destaca la imatge gr\u00e0fica de les Falles de Val\u00e8ncia de 2018, la campanya &#8220;Ser\u00e0 el feminisme&#8221; per a l&#8217;Ajuntament de Madrid, o la imatge del Festival Internacional de Teatre de Carrer de Vila-real 2019.<\/p>\n<p>&nbsp;<\/p>\n","protected":false},"excerpt":{"rendered":"<p>A la convocat\u00f2ria oberta s&#8217;han presentat 76 candidatures d&#8217;arreu de l&#8217;estat Per quint any consecutiu, s&#8217;ha triat mitjan\u00e7ant un procediment de crida a projecte l&#8217;estudi [&hellip;]<\/p>\n","protected":false},"author":1,"featured_media":17785,"comment_status":"open","ping_status":"open","sticky":false,"template":"","format":"standard","meta":{"_uag_custom_page_level_css":"","_jet_sm_ready_style":"","_jet_sm_style":"","_jet_sm_controls_values":"","_jet_sm_fonts_collection":"","_jet_sm_fonts_links":"","footnotes":""},"categories":[455],"tags":[],"class_list":["post-17790","post","type-post","status-publish","format-standard","has-post-thumbnail","hentry","category-noticies"],"yoast_head":"<!-- This site is optimized with the Yoast SEO plugin v27.5 - https:\/\/yoast.com\/product\/yoast-seo-wordpress\/ -->\n<title>L&#039;estudi Sayavera dissenyar\u00e0 la imatge gr\u00e0fica\u00a0de la 38\u00aa Mostra de Val\u00e8ncia - Mostra de Val\u00e8ncia<\/title>\n<meta name=\"robots\" content=\"index, follow, max-snippet:-1, max-image-preview:large, max-video-preview:-1\" \/>\n<link rel=\"canonical\" href=\"https:\/\/lamostradevalencia.com\/ca\/lestudi-sayavera-dissenyara-la-imatge-grafica-de-la-38a-mostra-de-valencia\/\" \/>\n<meta property=\"og:locale\" content=\"ca_ES\" \/>\n<meta property=\"og:type\" content=\"article\" \/>\n<meta property=\"og:title\" content=\"L&#039;estudi Sayavera dissenyar\u00e0 la imatge gr\u00e0fica\u00a0de la 38\u00aa Mostra de Val\u00e8ncia - Mostra de Val\u00e8ncia\" \/>\n<meta property=\"og:description\" content=\"A la convocat\u00f2ria oberta s&#8217;han presentat 76 candidatures d&#8217;arreu de l&#8217;estat Per quint any consecutiu, s&#8217;ha triat mitjan\u00e7ant un procediment de crida a projecte l&#8217;estudi [&hellip;]\" \/>\n<meta property=\"og:url\" content=\"https:\/\/lamostradevalencia.com\/ca\/lestudi-sayavera-dissenyara-la-imatge-grafica-de-la-38a-mostra-de-valencia\/\" \/>\n<meta property=\"og:site_name\" content=\"Mostra de Val\u00e8ncia\" \/>\n<meta property=\"article:published_time\" content=\"2023-04-18T09:33:56+00:00\" \/>\n<meta property=\"og:image\" content=\"https:\/\/lamostradevalencia.com\/wp-content\/uploads\/2023\/04\/cubiletes-2.png\" \/>\n\t<meta property=\"og:image:width\" content=\"1061\" \/>\n\t<meta property=\"og:image:height\" content=\"826\" \/>\n\t<meta property=\"og:image:type\" content=\"image\/png\" \/>\n<meta name=\"author\" content=\"Mostra de Val\u00e8ncia\" \/>\n<meta name=\"twitter:card\" content=\"summary_large_image\" \/>\n<meta name=\"twitter:label1\" content=\"Escrit per\" \/>\n\t<meta name=\"twitter:data1\" content=\"Mostra de Val\u00e8ncia\" \/>\n\t<meta name=\"twitter:label2\" content=\"Temps estimat de lectura\" \/>\n\t<meta name=\"twitter:data2\" content=\"2 minuts\" \/>\n<script type=\"application\/ld+json\" class=\"yoast-schema-graph\">{\"@context\":\"https:\\\/\\\/schema.org\",\"@graph\":[{\"@type\":\"Article\",\"@id\":\"https:\\\/\\\/lamostradevalencia.com\\\/ca\\\/lestudi-sayavera-dissenyara-la-imatge-grafica-de-la-38a-mostra-de-valencia\\\/#article\",\"isPartOf\":{\"@id\":\"https:\\\/\\\/lamostradevalencia.com\\\/ca\\\/lestudi-sayavera-dissenyara-la-imatge-grafica-de-la-38a-mostra-de-valencia\\\/\"},\"author\":{\"name\":\"Mostra de Val\u00e8ncia\",\"@id\":\"https:\\\/\\\/lamostradevalencia.com\\\/ca\\\/#\\\/schema\\\/person\\\/1dc07e4df3d6310b81d2cdf6a034070c\"},\"headline\":\"L&#8217;estudi Sayavera dissenyar\u00e0 la imatge gr\u00e0fica\u00a0de la 38\u00aa Mostra de Val\u00e8ncia\",\"datePublished\":\"2023-04-18T09:33:56+00:00\",\"mainEntityOfPage\":{\"@id\":\"https:\\\/\\\/lamostradevalencia.com\\\/ca\\\/lestudi-sayavera-dissenyara-la-imatge-grafica-de-la-38a-mostra-de-valencia\\\/\"},\"wordCount\":502,\"commentCount\":0,\"image\":{\"@id\":\"https:\\\/\\\/lamostradevalencia.com\\\/ca\\\/lestudi-sayavera-dissenyara-la-imatge-grafica-de-la-38a-mostra-de-valencia\\\/#primaryimage\"},\"thumbnailUrl\":\"https:\\\/\\\/lamostradevalencia.com\\\/wp-content\\\/uploads\\\/2023\\\/04\\\/cubiletes-2.png\",\"articleSection\":[\"Noticies\"],\"inLanguage\":\"ca\",\"potentialAction\":[{\"@type\":\"CommentAction\",\"name\":\"Comment\",\"target\":[\"https:\\\/\\\/lamostradevalencia.com\\\/ca\\\/lestudi-sayavera-dissenyara-la-imatge-grafica-de-la-38a-mostra-de-valencia\\\/#respond\"]}]},{\"@type\":\"WebPage\",\"@id\":\"https:\\\/\\\/lamostradevalencia.com\\\/ca\\\/lestudi-sayavera-dissenyara-la-imatge-grafica-de-la-38a-mostra-de-valencia\\\/\",\"url\":\"https:\\\/\\\/lamostradevalencia.com\\\/ca\\\/lestudi-sayavera-dissenyara-la-imatge-grafica-de-la-38a-mostra-de-valencia\\\/\",\"name\":\"L'estudi Sayavera dissenyar\u00e0 la imatge gr\u00e0fica\u00a0de la 38\u00aa Mostra de Val\u00e8ncia - Mostra de Val\u00e8ncia\",\"isPartOf\":{\"@id\":\"https:\\\/\\\/lamostradevalencia.com\\\/ca\\\/#website\"},\"primaryImageOfPage\":{\"@id\":\"https:\\\/\\\/lamostradevalencia.com\\\/ca\\\/lestudi-sayavera-dissenyara-la-imatge-grafica-de-la-38a-mostra-de-valencia\\\/#primaryimage\"},\"image\":{\"@id\":\"https:\\\/\\\/lamostradevalencia.com\\\/ca\\\/lestudi-sayavera-dissenyara-la-imatge-grafica-de-la-38a-mostra-de-valencia\\\/#primaryimage\"},\"thumbnailUrl\":\"https:\\\/\\\/lamostradevalencia.com\\\/wp-content\\\/uploads\\\/2023\\\/04\\\/cubiletes-2.png\",\"datePublished\":\"2023-04-18T09:33:56+00:00\",\"author\":{\"@id\":\"https:\\\/\\\/lamostradevalencia.com\\\/ca\\\/#\\\/schema\\\/person\\\/1dc07e4df3d6310b81d2cdf6a034070c\"},\"breadcrumb\":{\"@id\":\"https:\\\/\\\/lamostradevalencia.com\\\/ca\\\/lestudi-sayavera-dissenyara-la-imatge-grafica-de-la-38a-mostra-de-valencia\\\/#breadcrumb\"},\"inLanguage\":\"ca\",\"potentialAction\":[{\"@type\":\"ReadAction\",\"target\":[\"https:\\\/\\\/lamostradevalencia.com\\\/ca\\\/lestudi-sayavera-dissenyara-la-imatge-grafica-de-la-38a-mostra-de-valencia\\\/\"]}]},{\"@type\":\"ImageObject\",\"inLanguage\":\"ca\",\"@id\":\"https:\\\/\\\/lamostradevalencia.com\\\/ca\\\/lestudi-sayavera-dissenyara-la-imatge-grafica-de-la-38a-mostra-de-valencia\\\/#primaryimage\",\"url\":\"https:\\\/\\\/lamostradevalencia.com\\\/wp-content\\\/uploads\\\/2023\\\/04\\\/cubiletes-2.png\",\"contentUrl\":\"https:\\\/\\\/lamostradevalencia.com\\\/wp-content\\\/uploads\\\/2023\\\/04\\\/cubiletes-2.png\",\"width\":1061,\"height\":826},{\"@type\":\"BreadcrumbList\",\"@id\":\"https:\\\/\\\/lamostradevalencia.com\\\/ca\\\/lestudi-sayavera-dissenyara-la-imatge-grafica-de-la-38a-mostra-de-valencia\\\/#breadcrumb\",\"itemListElement\":[{\"@type\":\"ListItem\",\"position\":1,\"name\":\"Portada\",\"item\":\"https:\\\/\\\/lamostradevalencia.com\\\/ca\\\/\"},{\"@type\":\"ListItem\",\"position\":2,\"name\":\"L&#8217;estudi Sayavera dissenyar\u00e0 la imatge gr\u00e0fica\u00a0de la 38\u00aa Mostra de Val\u00e8ncia\"}]},{\"@type\":\"WebSite\",\"@id\":\"https:\\\/\\\/lamostradevalencia.com\\\/ca\\\/#website\",\"url\":\"https:\\\/\\\/lamostradevalencia.com\\\/ca\\\/\",\"name\":\"Mostra de Val\u00e8ncia\",\"description\":\"Cinema del Mediterrani\",\"potentialAction\":[{\"@type\":\"SearchAction\",\"target\":{\"@type\":\"EntryPoint\",\"urlTemplate\":\"https:\\\/\\\/lamostradevalencia.com\\\/ca\\\/?s={search_term_string}\"},\"query-input\":{\"@type\":\"PropertyValueSpecification\",\"valueRequired\":true,\"valueName\":\"search_term_string\"}}],\"inLanguage\":\"ca\"},{\"@type\":\"Person\",\"@id\":\"https:\\\/\\\/lamostradevalencia.com\\\/ca\\\/#\\\/schema\\\/person\\\/1dc07e4df3d6310b81d2cdf6a034070c\",\"name\":\"Mostra de Val\u00e8ncia\",\"image\":{\"@type\":\"ImageObject\",\"inLanguage\":\"ca\",\"@id\":\"https:\\\/\\\/secure.gravatar.com\\\/avatar\\\/ada4dfd699a9907706987adb1bb2b361c2613ccca474b49b8c648de5208e32f8?s=96&d=mm&r=g\",\"url\":\"https:\\\/\\\/secure.gravatar.com\\\/avatar\\\/ada4dfd699a9907706987adb1bb2b361c2613ccca474b49b8c648de5208e32f8?s=96&d=mm&r=g\",\"contentUrl\":\"https:\\\/\\\/secure.gravatar.com\\\/avatar\\\/ada4dfd699a9907706987adb1bb2b361c2613ccca474b49b8c648de5208e32f8?s=96&d=mm&r=g\",\"caption\":\"Mostra de Val\u00e8ncia\"}}]}<\/script>\n<!-- \/ Yoast SEO plugin. -->","yoast_head_json":{"title":"L'estudi Sayavera dissenyar\u00e0 la imatge gr\u00e0fica\u00a0de la 38\u00aa Mostra de Val\u00e8ncia - Mostra de Val\u00e8ncia","robots":{"index":"index","follow":"follow","max-snippet":"max-snippet:-1","max-image-preview":"max-image-preview:large","max-video-preview":"max-video-preview:-1"},"canonical":"https:\/\/lamostradevalencia.com\/ca\/lestudi-sayavera-dissenyara-la-imatge-grafica-de-la-38a-mostra-de-valencia\/","og_locale":"ca_ES","og_type":"article","og_title":"L'estudi Sayavera dissenyar\u00e0 la imatge gr\u00e0fica\u00a0de la 38\u00aa Mostra de Val\u00e8ncia - Mostra de Val\u00e8ncia","og_description":"A la convocat\u00f2ria oberta s&#8217;han presentat 76 candidatures d&#8217;arreu de l&#8217;estat Per quint any consecutiu, s&#8217;ha triat mitjan\u00e7ant un procediment de crida a projecte l&#8217;estudi [&hellip;]","og_url":"https:\/\/lamostradevalencia.com\/ca\/lestudi-sayavera-dissenyara-la-imatge-grafica-de-la-38a-mostra-de-valencia\/","og_site_name":"Mostra de Val\u00e8ncia","article_published_time":"2023-04-18T09:33:56+00:00","og_image":[{"width":1061,"height":826,"url":"https:\/\/lamostradevalencia.com\/wp-content\/uploads\/2023\/04\/cubiletes-2.png","type":"image\/png"}],"author":"Mostra de Val\u00e8ncia","twitter_card":"summary_large_image","twitter_misc":{"Escrit per":"Mostra de Val\u00e8ncia","Temps estimat de lectura":"2 minuts"},"schema":{"@context":"https:\/\/schema.org","@graph":[{"@type":"Article","@id":"https:\/\/lamostradevalencia.com\/ca\/lestudi-sayavera-dissenyara-la-imatge-grafica-de-la-38a-mostra-de-valencia\/#article","isPartOf":{"@id":"https:\/\/lamostradevalencia.com\/ca\/lestudi-sayavera-dissenyara-la-imatge-grafica-de-la-38a-mostra-de-valencia\/"},"author":{"name":"Mostra de Val\u00e8ncia","@id":"https:\/\/lamostradevalencia.com\/ca\/#\/schema\/person\/1dc07e4df3d6310b81d2cdf6a034070c"},"headline":"L&#8217;estudi Sayavera dissenyar\u00e0 la imatge gr\u00e0fica\u00a0de la 38\u00aa Mostra de Val\u00e8ncia","datePublished":"2023-04-18T09:33:56+00:00","mainEntityOfPage":{"@id":"https:\/\/lamostradevalencia.com\/ca\/lestudi-sayavera-dissenyara-la-imatge-grafica-de-la-38a-mostra-de-valencia\/"},"wordCount":502,"commentCount":0,"image":{"@id":"https:\/\/lamostradevalencia.com\/ca\/lestudi-sayavera-dissenyara-la-imatge-grafica-de-la-38a-mostra-de-valencia\/#primaryimage"},"thumbnailUrl":"https:\/\/lamostradevalencia.com\/wp-content\/uploads\/2023\/04\/cubiletes-2.png","articleSection":["Noticies"],"inLanguage":"ca","potentialAction":[{"@type":"CommentAction","name":"Comment","target":["https:\/\/lamostradevalencia.com\/ca\/lestudi-sayavera-dissenyara-la-imatge-grafica-de-la-38a-mostra-de-valencia\/#respond"]}]},{"@type":"WebPage","@id":"https:\/\/lamostradevalencia.com\/ca\/lestudi-sayavera-dissenyara-la-imatge-grafica-de-la-38a-mostra-de-valencia\/","url":"https:\/\/lamostradevalencia.com\/ca\/lestudi-sayavera-dissenyara-la-imatge-grafica-de-la-38a-mostra-de-valencia\/","name":"L'estudi Sayavera dissenyar\u00e0 la imatge gr\u00e0fica\u00a0de la 38\u00aa Mostra de Val\u00e8ncia - Mostra de Val\u00e8ncia","isPartOf":{"@id":"https:\/\/lamostradevalencia.com\/ca\/#website"},"primaryImageOfPage":{"@id":"https:\/\/lamostradevalencia.com\/ca\/lestudi-sayavera-dissenyara-la-imatge-grafica-de-la-38a-mostra-de-valencia\/#primaryimage"},"image":{"@id":"https:\/\/lamostradevalencia.com\/ca\/lestudi-sayavera-dissenyara-la-imatge-grafica-de-la-38a-mostra-de-valencia\/#primaryimage"},"thumbnailUrl":"https:\/\/lamostradevalencia.com\/wp-content\/uploads\/2023\/04\/cubiletes-2.png","datePublished":"2023-04-18T09:33:56+00:00","author":{"@id":"https:\/\/lamostradevalencia.com\/ca\/#\/schema\/person\/1dc07e4df3d6310b81d2cdf6a034070c"},"breadcrumb":{"@id":"https:\/\/lamostradevalencia.com\/ca\/lestudi-sayavera-dissenyara-la-imatge-grafica-de-la-38a-mostra-de-valencia\/#breadcrumb"},"inLanguage":"ca","potentialAction":[{"@type":"ReadAction","target":["https:\/\/lamostradevalencia.com\/ca\/lestudi-sayavera-dissenyara-la-imatge-grafica-de-la-38a-mostra-de-valencia\/"]}]},{"@type":"ImageObject","inLanguage":"ca","@id":"https:\/\/lamostradevalencia.com\/ca\/lestudi-sayavera-dissenyara-la-imatge-grafica-de-la-38a-mostra-de-valencia\/#primaryimage","url":"https:\/\/lamostradevalencia.com\/wp-content\/uploads\/2023\/04\/cubiletes-2.png","contentUrl":"https:\/\/lamostradevalencia.com\/wp-content\/uploads\/2023\/04\/cubiletes-2.png","width":1061,"height":826},{"@type":"BreadcrumbList","@id":"https:\/\/lamostradevalencia.com\/ca\/lestudi-sayavera-dissenyara-la-imatge-grafica-de-la-38a-mostra-de-valencia\/#breadcrumb","itemListElement":[{"@type":"ListItem","position":1,"name":"Portada","item":"https:\/\/lamostradevalencia.com\/ca\/"},{"@type":"ListItem","position":2,"name":"L&#8217;estudi Sayavera dissenyar\u00e0 la imatge gr\u00e0fica\u00a0de la 38\u00aa Mostra de Val\u00e8ncia"}]},{"@type":"WebSite","@id":"https:\/\/lamostradevalencia.com\/ca\/#website","url":"https:\/\/lamostradevalencia.com\/ca\/","name":"Mostra de Val\u00e8ncia","description":"Cinema del Mediterrani","potentialAction":[{"@type":"SearchAction","target":{"@type":"EntryPoint","urlTemplate":"https:\/\/lamostradevalencia.com\/ca\/?s={search_term_string}"},"query-input":{"@type":"PropertyValueSpecification","valueRequired":true,"valueName":"search_term_string"}}],"inLanguage":"ca"},{"@type":"Person","@id":"https:\/\/lamostradevalencia.com\/ca\/#\/schema\/person\/1dc07e4df3d6310b81d2cdf6a034070c","name":"Mostra de Val\u00e8ncia","image":{"@type":"ImageObject","inLanguage":"ca","@id":"https:\/\/secure.gravatar.com\/avatar\/ada4dfd699a9907706987adb1bb2b361c2613ccca474b49b8c648de5208e32f8?s=96&d=mm&r=g","url":"https:\/\/secure.gravatar.com\/avatar\/ada4dfd699a9907706987adb1bb2b361c2613ccca474b49b8c648de5208e32f8?s=96&d=mm&r=g","contentUrl":"https:\/\/secure.gravatar.com\/avatar\/ada4dfd699a9907706987adb1bb2b361c2613ccca474b49b8c648de5208e32f8?s=96&d=mm&r=g","caption":"Mostra de Val\u00e8ncia"}}]}},"uagb_featured_image_src":{"full":["https:\/\/lamostradevalencia.com\/wp-content\/uploads\/2023\/04\/cubiletes-2.png",1061,826,false],"thumbnail":["https:\/\/lamostradevalencia.com\/wp-content\/uploads\/2023\/04\/cubiletes-2-150x150.png",150,150,true],"medium":["https:\/\/lamostradevalencia.com\/wp-content\/uploads\/2023\/04\/cubiletes-2-300x234.png",300,234,true],"medium_large":["https:\/\/lamostradevalencia.com\/wp-content\/uploads\/2023\/04\/cubiletes-2-768x598.png",768,598,true],"large":["https:\/\/lamostradevalencia.com\/wp-content\/uploads\/2023\/04\/cubiletes-2-1024x797.png",1024,797,true],"1536x1536":["https:\/\/lamostradevalencia.com\/wp-content\/uploads\/2023\/04\/cubiletes-2.png",1061,826,false],"2048x2048":["https:\/\/lamostradevalencia.com\/wp-content\/uploads\/2023\/04\/cubiletes-2.png",1061,826,false],"cinerama_edge_image_square":["https:\/\/lamostradevalencia.com\/wp-content\/uploads\/2023\/04\/cubiletes-2-550x550.png",550,550,true],"cinerama_edge_image_landscape":["https:\/\/lamostradevalencia.com\/wp-content\/uploads\/2023\/04\/cubiletes-2-1061x550.png",1061,550,true],"cinerama_edge_image_portrait":["https:\/\/lamostradevalencia.com\/wp-content\/uploads\/2023\/04\/cubiletes-2-550x826.png",550,826,true],"cinerama_edge_image_huge":["https:\/\/lamostradevalencia.com\/wp-content\/uploads\/2023\/04\/cubiletes-2.png",1061,826,false],"gform-image-choice-sm":["https:\/\/lamostradevalencia.com\/wp-content\/uploads\/2023\/04\/cubiletes-2.png",300,234,false],"gform-image-choice-md":["https:\/\/lamostradevalencia.com\/wp-content\/uploads\/2023\/04\/cubiletes-2.png",400,311,false],"gform-image-choice-lg":["https:\/\/lamostradevalencia.com\/wp-content\/uploads\/2023\/04\/cubiletes-2.png",600,467,false]},"uagb_author_info":{"display_name":"Mostra de Val\u00e8ncia","author_link":"https:\/\/lamostradevalencia.com\/ca\/author\/mostravalencia\/"},"uagb_comment_info":0,"uagb_excerpt":"A la convocat\u00f2ria oberta s&#8217;han presentat 76 candidatures d&#8217;arreu de l&#8217;estat Per quint any consecutiu, s&#8217;ha triat mitjan\u00e7ant un procediment de crida a projecte l&#8217;estudi [&hellip;]","_links":{"self":[{"href":"https:\/\/lamostradevalencia.com\/ca\/wp-json\/wp\/v2\/posts\/17790","targetHints":{"allow":["GET"]}}],"collection":[{"href":"https:\/\/lamostradevalencia.com\/ca\/wp-json\/wp\/v2\/posts"}],"about":[{"href":"https:\/\/lamostradevalencia.com\/ca\/wp-json\/wp\/v2\/types\/post"}],"author":[{"embeddable":true,"href":"https:\/\/lamostradevalencia.com\/ca\/wp-json\/wp\/v2\/users\/1"}],"replies":[{"embeddable":true,"href":"https:\/\/lamostradevalencia.com\/ca\/wp-json\/wp\/v2\/comments?post=17790"}],"version-history":[{"count":1,"href":"https:\/\/lamostradevalencia.com\/ca\/wp-json\/wp\/v2\/posts\/17790\/revisions"}],"predecessor-version":[{"id":17791,"href":"https:\/\/lamostradevalencia.com\/ca\/wp-json\/wp\/v2\/posts\/17790\/revisions\/17791"}],"wp:featuredmedia":[{"embeddable":true,"href":"https:\/\/lamostradevalencia.com\/ca\/wp-json\/wp\/v2\/media\/17785"}],"wp:attachment":[{"href":"https:\/\/lamostradevalencia.com\/ca\/wp-json\/wp\/v2\/media?parent=17790"}],"wp:term":[{"taxonomy":"category","embeddable":true,"href":"https:\/\/lamostradevalencia.com\/ca\/wp-json\/wp\/v2\/categories?post=17790"},{"taxonomy":"post_tag","embeddable":true,"href":"https:\/\/lamostradevalencia.com\/ca\/wp-json\/wp\/v2\/tags?post=17790"}],"curies":[{"name":"wp","href":"https:\/\/api.w.org\/{rel}","templated":true}]}}