{"id":17738,"date":"2023-03-19T11:31:06","date_gmt":"2023-03-19T09:31:06","guid":{"rendered":"https:\/\/lamostradevalencia.com\/?p=17738"},"modified":"2023-04-20T12:26:37","modified_gmt":"2023-04-20T10:26:37","slug":"crida-a-projecte-per-a-la-realitzacio-de-la-imatge-de-la-38-mostra-de-valencia-cinema-del-mediterrani","status":"publish","type":"post","link":"https:\/\/lamostradevalencia.com\/ca\/crida-a-projecte-per-a-la-realitzacio-de-la-imatge-de-la-38-mostra-de-valencia-cinema-del-mediterrani\/","title":{"rendered":"Crida a projecte per a la realitzaci\u00f3 de la imatge de la 38 Mostra de Val\u00e8ncia-Cinema del Mediterrani"},"content":{"rendered":"<h5><b>Presentaci\u00f3 de candidatures del 20 al 29 de mar\u00e7 de 2023<\/b><\/h5>\n<ul>\n<li aria-level=\"1\"><b>OBJECTE I FINALITAT DE LA CONVOCAT\u00d2RIA<\/b><\/li>\n<\/ul>\n<p><span style=\"font-weight: 400;\">Mostra de Val\u00e8ncia i Iniciatives Audiovisuals, amb el suport de l\u2019Associaci\u00f3 de Dissenyadors de la Comunitat Valenciana (ADCV), de l\u2019Associaci\u00f3 de Professionals de la Il\u00b7lustraci\u00f3 Valenciana (APIV) i de l\u2019associaci\u00f3 Empreses de Comunicaci\u00f3 Publicit\u00e0ria de la Comunitat Valenciana (COMUNITAD), fa una convocat\u00f2ria oberta a professionals i a empreses del sector del disseny, la il\u00b7lustraci\u00f3 i la publicitat per encarregar un treball consistent en la realitzaci\u00f3 del cartell de la 38a edici\u00f3 de Mostra de Val\u00e8ncia-Cinema del Mediterrani (que se celebrar\u00e0 del 19 AL 29 d\u2019octubre de 2023), aix\u00ed com la seua adaptaci\u00f3 a diferents formats promocionals i al programa de m\u00e0 de la mateixa edici\u00f3. Per aix\u00f2, a trav\u00e9s d\u2019una crida a projecte se seleccionar\u00e0 la persona professional o l\u2019empresa del sector que realitzar\u00e0 els seg\u00fcents serveis:\u00a0<\/span><\/p>\n<ul>\n<li style=\"font-weight: 400;\" aria-level=\"1\"><span style=\"font-weight: 400;\">Disseny de la imatge de la 38a edici\u00f3.<\/span><\/li>\n<li style=\"font-weight: 400;\" aria-level=\"1\"><span style=\"font-weight: 400;\">Adaptaci\u00f3 de la imatge a diferents aplicacions (arts finals), consistent en l\u2019ajust del disseny a diferents mesures que es puguen requerir i \/o a l\u2019actualitzaci\u00f3 de la informaci\u00f3 escrita o logos que acompanyen la imatge. Les adaptacions no implicaran canvis en el disseny principal.<\/span>\n<ul>\n<li style=\"font-weight: 400;\" aria-level=\"2\"><span style=\"font-weight: 400;\">Mupis<\/span><\/li>\n<li style=\"font-weight: 400;\" aria-level=\"2\"><span style=\"font-weight: 400;\">Photocall\u00a0<\/span><\/li>\n<li style=\"font-weight: 400;\" aria-level=\"2\"><span style=\"font-weight: 400;\">Roll-up\u00a0<\/span><\/li>\n<li style=\"font-weight: 400;\" aria-level=\"2\"><span style=\"font-weight: 400;\">Lona exterior horitzontal<\/span><\/li>\n<li style=\"font-weight: 400;\" aria-level=\"2\"><span style=\"font-weight: 400;\">Lona exterior vertical<\/span><\/li>\n<li style=\"font-weight: 400;\" aria-level=\"2\"><span style=\"font-weight: 400;\">Acreditaci\u00f3<\/span><\/li>\n<li style=\"font-weight: 400;\" aria-level=\"2\"><span style=\"font-weight: 400;\">Targeta-invitaci\u00f3<\/span><\/li>\n<li style=\"font-weight: 400;\" aria-level=\"2\"><span style=\"font-weight: 400;\">Abonament<\/span><\/li>\n<li style=\"font-weight: 400;\" aria-level=\"2\"><span style=\"font-weight: 400;\">Cartell est\u00e0ndard<\/span><\/li>\n<li style=\"font-weight: 400;\" aria-level=\"2\"><span style=\"font-weight: 400;\">Banderoles<\/span><\/li>\n<li style=\"font-weight: 400;\" aria-level=\"2\"><span style=\"font-weight: 400;\">Exteriors bus\u00a0<\/span><\/li>\n<li style=\"font-weight: 400;\" aria-level=\"2\"><span style=\"font-weight: 400;\">Panells verticals\u00a0<\/span><\/li>\n<li style=\"font-weight: 400;\" aria-level=\"2\"><span style=\"font-weight: 400;\">Vinils per a superf\u00edcies\u00a0<\/span><\/li>\n<li style=\"font-weight: 400;\" aria-level=\"2\"><span style=\"font-weight: 400;\">Exterior caseta d\u2019informaci\u00f3<\/span><\/li>\n<li style=\"font-weight: 400;\" aria-level=\"2\"><span style=\"font-weight: 400;\">Anuncis per a premsa escrita (fins a 20)<\/span><\/li>\n<li style=\"font-weight: 400;\" aria-level=\"2\"><span style=\"font-weight: 400;\">Perfils per a xarxes (web, Instagram, Facebook i Twitter)<\/span><\/li>\n<\/ul>\n<\/li>\n<li style=\"font-weight: 400;\" aria-level=\"1\"><span style=\"font-weight: 400;\">Maquetaci\u00f3 del programa de m\u00e0 de la 38a edici\u00f3 (150 p\u00e0gines aproximadament, en mida 20cmX21cm obert, 10cmX21cm tancat). La maquetaci\u00f3 consistir\u00e0 en l\u2019adaptaci\u00f3 de la imatge a les portades del llibret i en l\u2019actualitzaci\u00f3 dels continguts program\u00e0tics de la present edici\u00f3 sobre el model ja fet de l\u2019anterior.<\/span><\/li>\n<\/ul>\n<p><span style=\"font-weight: 400;\">Mostra de Val\u00e8ncia i Iniciatives Audiovisuals contractar\u00e0 a qui s\u2019encarregue d\u2019este servei a trav\u00e9s d\u2019un contracte menor, amb un preu de 9.500,00\u20ac + IVA (21%) = 11.495,00\u20ac<\/span><span style=\"font-weight: 400;\">, <\/span><span style=\"font-weight: 400;\">a c\u00e0rrec de l\u2019aplicaci\u00f3 pressupost\u00e0ria 2023\/334\/227.99<\/span><span style=\"font-weight: 400;\">, <\/span><span style=\"font-weight: 400;\">en atenci\u00f3 als conceptes:\u00a0<\/span><\/p>\n<ul>\n<li style=\"font-weight: 400;\" aria-level=\"1\"><span style=\"font-weight: 400;\">Disseny de la imatge de la 38 edici\u00f3: 3.500,00 + 21%IVA<\/span><\/li>\n<li style=\"font-weight: 400;\" aria-level=\"1\"><span style=\"font-weight: 400;\">Adaptaci\u00f3 a aplicacions: 4.000,00\u20ac + 21%IVA<\/span><\/li>\n<li style=\"font-weight: 400;\" aria-level=\"1\"><span style=\"font-weight: 400;\">Maquetaci\u00f3 del programa: 2.000,00\u20ac + 21%IVA<\/span><\/li>\n<\/ul>\n<p><span style=\"font-weight: 400;\">En el cas que fora necessari ampliar les prestacions del contracte, el preu final del conjunt de prestacions no superar\u00e0 en cap cas l\u2019import m\u00e0xim de la contractaci\u00f3 menor per a este tipus de serveis.\u00a0<\/span><\/p>\n<p><b><\/b><\/p>\n<ul>\n<li aria-level=\"1\"><b>REQUISITS DE LES PERSONES PARTICIPANTS\u00a0<\/b><\/li>\n<\/ul>\n<p><span style=\"font-weight: 400;\">Podr\u00e0 presentar-se a la convocat\u00f2ria qualsevol professional, empresa o uni\u00f3 d\u2019empreses del sector, amb personalitat f\u00edsica o jur\u00eddica. Al moment de formalitzar el contracte ser\u00e0 imprescindible, en tot cas, que es troben d\u2019alta en l\u2019IAE i al corrent de les obligacions pertinents de la Seguretat Social i que no estiguen incurses en alguna de les causes de prohibici\u00f3 per a contractar previstes en l\u2019article 71 de la Llei 9\/2017, de 8 de novembre de Contractes del Sector P\u00fablic.\u00a0<\/span><\/p>\n<p><b><\/b><\/p>\n<ul>\n<li aria-level=\"1\"><b>FORMA I TERMINI DE PRESENTACI\u00d3 DE LES CANDIDATURES<\/b><\/li>\n<\/ul>\n<p><span style=\"font-weight: 400;\">Les persones o empreses interessades a participar hauran de presentar una candidatura (inscripci\u00f3 gratu\u00efta). Per a aix\u00f2 han d\u2019enviar la seg\u00fcent documentaci\u00f3:\u00a0<\/span><\/p>\n<ul>\n<li style=\"font-weight: 400;\" aria-level=\"1\"><span style=\"font-weight: 400;\">Dossier o <\/span><i><span style=\"font-weight: 400;\">book <\/span><\/i><span style=\"font-weight: 400;\">de treballs, que incloga un m\u00e0xim de deu treballs espec\u00edfics realitzats per la persona o empresa que, en la mesura que siga possible, estiguen relacionats amb l\u2019objecte d\u2019este enc\u00e0rrec.\u00a0<\/span><\/li>\n<li style=\"font-weight: 400;\" aria-level=\"1\"><span style=\"font-weight: 400;\">Curr\u00edculum personal o acreditaci\u00f3 professional semblant de l\u2019empresa.\u00a0<\/span><\/li>\n<\/ul>\n<p><span style=\"font-weight: 400;\">Tota la documentaci\u00f3 s\u2019ha de presentar en format digital (PDF) i enviar-se a l\u2019adre\u00e7a electr\u00f2nica <\/span><a href=\"mailto:administracio@lamostradevalencia.com\"><span style=\"font-weight: 400;\">administracio@lamostradevalencia.com<\/span><\/a><span style=\"font-weight: 400;\">, amb indicaci\u00f3 en l\u2019assumpte del missatge de \u2018Crida a projecte 38 Mostra de Val\u00e8ncia\u2019. La recepci\u00f3 de la documentaci\u00f3 requerida es confirmar\u00e0 mitjan\u00e7ant un correu electr\u00f2nic.<\/span><\/p>\n<p><span style=\"font-weight: 400;\">El termini per a l\u2019enviament de candidatures ser\u00e0 de deu dies naturals a partir del dia seg\u00fcent a la seua publicaci\u00f3 en el web de Mostra de Val\u00e8ncia, <\/span><a href=\"http:\/\/www.lamostradevalencia.com\"><span style=\"font-weight: 400;\">www.lamostradevalencia.com<\/span><\/a><span style=\"font-weight: 400;\">.\u00a0<\/span><\/p>\n<p><b><\/b><\/p>\n<ul>\n<li aria-level=\"1\"><b>COMPOSICI\u00d3 DEL COMIT\u00c9 DE SELECCI\u00d3<\/b><\/li>\n<\/ul>\n<p><span style=\"font-weight: 400;\">El comit\u00e9 de selecci\u00f3 estar\u00e0 compost per:\u00a0<\/span><\/p>\n<ul>\n<li style=\"font-weight: 400;\" aria-level=\"1\"><span style=\"font-weight: 400;\">Presid\u00e8ncia: Presidenta Executiva de Mostra de Val\u00e8ncia i Iniciatives Audiovisuals o la persona en qui delegue.<\/span><\/li>\n<li style=\"font-weight: 400;\" aria-level=\"1\"><span style=\"font-weight: 400;\">Tres vocals professionals del disseny gr\u00e0fic, la il\u00b7lustraci\u00f3 i\/o la publicitat a proposta de l\u2019Associaci\u00f3 de Dissenyadors de la Comunitat Valenciana (ADCV), l\u2019Associaci\u00f3 de Professionals de la Il\u00b7lustraci\u00f3 Valenciana (APIV) i l\u2019Associaci\u00f3 d\u2019Empreses de Comunicaci\u00f3 Publicit\u00e0ria de la Comunitat Valenciana (COMUNITAD).\u00a0<\/span><\/li>\n<li style=\"font-weight: 400;\" aria-level=\"1\"><span style=\"font-weight: 400;\">Dos vocals representants de Mostra de Val\u00e8ncia i Iniciatives Audiovisuals.<\/span><\/li>\n<li style=\"font-weight: 400;\" aria-level=\"1\"><span style=\"font-weight: 400;\">Secretaria: Actuar\u00e0, amb veu per\u00f2 sense vot, la persona designada per la Secretaria General i del Ple.\u00a0<\/span><\/li>\n<\/ul>\n<p>&nbsp;<\/p>\n<p><span style=\"font-weight: 400;\">Cap membre del comit\u00e9 de selecci\u00f3 podr\u00e0 tindre relaci\u00f3 empresarial, professional o contractual directa amb les candidatures presentades.<\/span><\/p>\n<p><b><\/b><\/p>\n<ul>\n<li aria-level=\"1\"><b>ACTUACI\u00d3 DEL COMIT\u00c9 DE SELECCI\u00d3. CRITERIS D\u2019AVALUACI\u00d3. RESOLUCI\u00d3.\u00a0<\/b><\/li>\n<\/ul>\n<p><span style=\"font-weight: 400;\">Una vegada constitu\u00eft el comit\u00e9, s\u2019al\u00e7ar\u00e0 una acta de les seues decisions. En primer lloc, es comprovaran totes les candidatures presentades per verificar-ne l\u2019acompliment efectiu de les condicions establertes en estes bases i, en conseq\u00fc\u00e8ncia, pronunciar-se\u2019n sobre l\u2019admissi\u00f3 definitiva. A continuaci\u00f3, es resoldr\u00e0 la convocat\u00f2ria, despr\u00e9s de valorar tant la qualitat gr\u00e0fica dels dossiers dels treballs de les persones o empreses participants com el seu curr\u00edculum. De totes les candidatures el comit\u00e9 seleccionar\u00e0 aquella que considere m\u00e9s adequada i reunisca les millors qualitats per a la realitzaci\u00f3 del treball. Se seguiran els seg\u00fcents criteris:\u00a0<\/span><\/p>\n<ul>\n<li style=\"font-weight: 400;\" aria-level=\"1\"><span style=\"font-weight: 400;\">Qualitat en els treballs desenvolupats<\/span><\/li>\n<li style=\"font-weight: 400;\" aria-level=\"1\"><span style=\"font-weight: 400;\">Originalitat i creativitat en els resultats<\/span><\/li>\n<li style=\"font-weight: 400;\" aria-level=\"1\"><span style=\"font-weight: 400;\">Experi\u00e8ncia en projectes semblants<\/span><\/li>\n<\/ul>\n<p><span style=\"font-weight: 400;\">Una vegada resolta la convocat\u00f2ria, el comit\u00e9 de selecci\u00f3 detallar\u00e0 a la persona professional o empresa seleccionada en una sessi\u00f3 informativa les especificacions t\u00e8cniques necess\u00e0ries per a l\u2019execuci\u00f3 del treball, aix\u00ed com les dates de lliurament de les diferents peces i la forma de pagament (de forma estimativa, el disseny principal hauria d\u2019estar enllestit i aprovat un mes despr\u00e9s de la formalitzaci\u00f3 del contracte). La resoluci\u00f3 del comit\u00e9 de selecci\u00f3 es far\u00e0 p\u00fablica en el web de Mostra de Val\u00e8ncia (www.lamostradevalencia.com), sense perju\u00ed de fer-ne una comunicaci\u00f3 personal a qui guanye el concurs. El comit\u00e9 de selecci\u00f3 podr\u00e0 tanmateix declarar deserta la convocat\u00f2ria si ho considera oport\u00fa.\u00a0<\/span><\/p>\n<p><b><\/b><\/p>\n<ul>\n<li aria-level=\"1\"><b>PROC\u00c9S DE CONVOCAT\u00d2RIA<\/b><\/li>\n<\/ul>\n<ul>\n<li style=\"font-weight: 400;\" aria-level=\"1\"><span style=\"font-weight: 400;\">Aprovades la convocat\u00f2ria i les bases, es publicaran en el web de Mostra de Val\u00e8ncia.\u00a0<\/span><\/li>\n<li style=\"font-weight: 400;\" aria-level=\"1\"><span style=\"font-weight: 400;\">A partir del dia seg\u00fcent de la publicaci\u00f3, s\u2019obrir\u00e0 un termini de deu dies naturals per a presentar les candidatures.\u00a0<\/span><\/li>\n<li style=\"font-weight: 400;\" aria-level=\"1\"><span style=\"font-weight: 400;\">Concl\u00f2s el termini de presentaci\u00f3 de candidatures, el comit\u00e9 de selecci\u00f3 celebrar\u00e0 la sessi\u00f3 d\u2019avaluaci\u00f3 en un termini m\u00e0xim de quinze dies naturals.\u00a0<\/span><\/li>\n<li style=\"font-weight: 400;\" aria-level=\"1\"><span style=\"font-weight: 400;\">La resoluci\u00f3 del comit\u00e9 es publicar\u00e0 en el web de Mostra de Val\u00e8ncia en el termini m\u00e0xim de quinze dies naturals.\u00a0<\/span><\/li>\n<\/ul>\n<p><span style=\"font-weight: 400;\">La participaci\u00f3 en la convocat\u00f2ria implica la plena acceptaci\u00f3 d\u2019estes bases.\u00a0<\/span><\/p>\n<ul>\n<li aria-level=\"1\"><b>REQUISITS D\u2019EXECUCI\u00d3 DEL CONTRACTE<\/b><\/li>\n<\/ul>\n<p><span style=\"font-weight: 400;\">Mostra de Val\u00e8ncia i Iniciatives Audiovisuals i l\u2019adjudicat\u00e0ria del contracte vetlaran perqu\u00e8 la imatge proposada complisca amb els principis establerts en la Constituci\u00f3 Espanyola; l\u2019Estatut d\u2019Autonomia de la Comunitat Valenciana; la <\/span><span style=\"font-weight: 400;\">Llei Org\u00e0nica 3\/2007, de 22 de mar\u00e7, per a la igualtat efectiva de dones i homes; la Llei de la Generalitat 9\/2003, de 2 d&#8217;abril, per a la igualtat entre dones i homes; la Llei Org\u00e0nica 1\/2004, de 28 de desembre, de mesures de protecci\u00f3 integral contra la viol\u00e8ncia de g\u00e8nere; la Llei 7\/2012, de 23 de novembre de la Generalitat, integral contra la viol\u00e8ncia sobre la dona en l&#8217;\u00e0mbit de la Comunitat Valenciana i la Llei 8\/2017, de 7 d&#8217;abril, integral del reconeixement del dret a la identitat i a l&#8217;expressi\u00f3 de g\u00e8nere a la Comunitat Valenciana, aix\u00ed com en el desenvolupament normatiu derivat o que poguera derivar d&#8217;estes lleis. En concret, el disseny respectar\u00e0 els principis d&#8217;igualtat de tracte, sense que puga contindre cap discriminaci\u00f3 per ra\u00f3 de sexe, origen racial o \u00e8tnic, religi\u00f3 o conviccions, discapacitat, edat, orientaci\u00f3 sexual, origen social, caracter\u00edstiques gen\u00e8tiques, llengua, opinions pol\u00edtiques o de qualsevol altre tipus, pertinen\u00e7a a una minoria nacional, patrimoni, naixement o qualsevol altra circumst\u00e0ncia personal o social. Si l&#8217;execuci\u00f3 t\u00e8cnica de la imatge requerira alguna modificaci\u00f3 per al millor compliment d&#8217;estos principis, o per a la seua millor impressi\u00f3, Mostra de Val\u00e8ncia i Iniciatives Audiovisuals podr\u00e0 imposar les variacions necess\u00e0ries, pr\u00e8via consulta amb l&#8217;autora o l&#8217;autor.\u00a0<\/span><\/p>\n<p><span style=\"font-weight: 400;\">La realitzaci\u00f3 de la imatge per a la 38a Mostra de Val\u00e8ncia-Cinema del Mediterrani comporta la cessi\u00f3 dels drets que resulten transferibles de publicaci\u00f3, reproducci\u00f3 i explotaci\u00f3 del cartell a favor de Mostra de Val\u00e8ncia i Iniciatives Audiovisuals, sense l\u00edmit geogr\u00e0fic ni temporal.\u00a0<\/span><\/p>\n","protected":false},"excerpt":{"rendered":"<p>Presentaci\u00f3 de candidatures del 20 al 29 de mar\u00e7 de 2023 OBJECTE I FINALITAT DE LA CONVOCAT\u00d2RIA Mostra de Val\u00e8ncia i Iniciatives Audiovisuals, amb el [&hellip;]<\/p>\n","protected":false},"author":3,"featured_media":17730,"comment_status":"open","ping_status":"open","sticky":false,"template":"","format":"standard","meta":{"_uag_custom_page_level_css":"","_jet_sm_ready_style":"","_jet_sm_style":"","_jet_sm_controls_values":"","_jet_sm_fonts_collection":"","_jet_sm_fonts_links":"","footnotes":""},"categories":[31],"tags":[],"class_list":["post-17738","post","type-post","status-publish","format-standard","has-post-thumbnail","hentry","category-uncategorized-ca"],"yoast_head":"<!-- This site is optimized with the Yoast SEO plugin v27.5 - https:\/\/yoast.com\/product\/yoast-seo-wordpress\/ -->\n<title>Crida a projecte per a la realitzaci\u00f3 de la imatge de la 38 Mostra de Val\u00e8ncia-Cinema del Mediterrani - Mostra de Val\u00e8ncia<\/title>\n<meta name=\"robots\" content=\"index, follow, max-snippet:-1, max-image-preview:large, max-video-preview:-1\" \/>\n<link rel=\"canonical\" href=\"https:\/\/lamostradevalencia.com\/ca\/crida-a-projecte-per-a-la-realitzacio-de-la-imatge-de-la-38-mostra-de-valencia-cinema-del-mediterrani\/\" \/>\n<meta property=\"og:locale\" content=\"ca_ES\" \/>\n<meta property=\"og:type\" content=\"article\" \/>\n<meta property=\"og:title\" content=\"Crida a projecte per a la realitzaci\u00f3 de la imatge de la 38 Mostra de Val\u00e8ncia-Cinema del Mediterrani - Mostra de Val\u00e8ncia\" \/>\n<meta property=\"og:description\" content=\"Presentaci\u00f3 de candidatures del 20 al 29 de mar\u00e7 de 2023 OBJECTE I FINALITAT DE LA CONVOCAT\u00d2RIA Mostra de Val\u00e8ncia i Iniciatives Audiovisuals, amb el [&hellip;]\" \/>\n<meta property=\"og:url\" content=\"https:\/\/lamostradevalencia.com\/ca\/crida-a-projecte-per-a-la-realitzacio-de-la-imatge-de-la-38-mostra-de-valencia-cinema-del-mediterrani\/\" \/>\n<meta property=\"og:site_name\" content=\"Mostra de Val\u00e8ncia\" \/>\n<meta property=\"article:published_time\" content=\"2023-03-19T09:31:06+00:00\" \/>\n<meta property=\"article:modified_time\" content=\"2023-04-20T10:26:37+00:00\" \/>\n<meta property=\"og:image\" content=\"https:\/\/lamostradevalencia.com\/wp-content\/uploads\/2023\/03\/programas-mostra.jpg\" \/>\n\t<meta property=\"og:image:width\" content=\"1075\" \/>\n\t<meta property=\"og:image:height\" content=\"764\" \/>\n\t<meta property=\"og:image:type\" content=\"image\/jpeg\" \/>\n<meta name=\"author\" content=\"contenidos\" \/>\n<meta name=\"twitter:card\" content=\"summary_large_image\" \/>\n<meta name=\"twitter:label1\" content=\"Escrit per\" \/>\n\t<meta name=\"twitter:data1\" content=\"contenidos\" \/>\n\t<meta name=\"twitter:label2\" content=\"Temps estimat de lectura\" \/>\n\t<meta name=\"twitter:data2\" content=\"7 minuts\" \/>\n<script type=\"application\/ld+json\" class=\"yoast-schema-graph\">{\"@context\":\"https:\\\/\\\/schema.org\",\"@graph\":[{\"@type\":\"Article\",\"@id\":\"https:\\\/\\\/lamostradevalencia.com\\\/ca\\\/crida-a-projecte-per-a-la-realitzacio-de-la-imatge-de-la-38-mostra-de-valencia-cinema-del-mediterrani\\\/#article\",\"isPartOf\":{\"@id\":\"https:\\\/\\\/lamostradevalencia.com\\\/ca\\\/crida-a-projecte-per-a-la-realitzacio-de-la-imatge-de-la-38-mostra-de-valencia-cinema-del-mediterrani\\\/\"},\"author\":{\"name\":\"contenidos\",\"@id\":\"https:\\\/\\\/lamostradevalencia.com\\\/ca\\\/#\\\/schema\\\/person\\\/361c3c0dd5489e78ad78ee4f8332efac\"},\"headline\":\"Crida a projecte per a la realitzaci\u00f3 de la imatge de la 38 Mostra de Val\u00e8ncia-Cinema del Mediterrani\",\"datePublished\":\"2023-03-19T09:31:06+00:00\",\"dateModified\":\"2023-04-20T10:26:37+00:00\",\"mainEntityOfPage\":{\"@id\":\"https:\\\/\\\/lamostradevalencia.com\\\/ca\\\/crida-a-projecte-per-a-la-realitzacio-de-la-imatge-de-la-38-mostra-de-valencia-cinema-del-mediterrani\\\/\"},\"wordCount\":1462,\"commentCount\":0,\"image\":{\"@id\":\"https:\\\/\\\/lamostradevalencia.com\\\/ca\\\/crida-a-projecte-per-a-la-realitzacio-de-la-imatge-de-la-38-mostra-de-valencia-cinema-del-mediterrani\\\/#primaryimage\"},\"thumbnailUrl\":\"https:\\\/\\\/lamostradevalencia.com\\\/wp-content\\\/uploads\\\/2023\\\/03\\\/programas-mostra.jpg\",\"articleSection\":[\"Uncategorized @ca\"],\"inLanguage\":\"ca\",\"potentialAction\":[{\"@type\":\"CommentAction\",\"name\":\"Comment\",\"target\":[\"https:\\\/\\\/lamostradevalencia.com\\\/ca\\\/crida-a-projecte-per-a-la-realitzacio-de-la-imatge-de-la-38-mostra-de-valencia-cinema-del-mediterrani\\\/#respond\"]}]},{\"@type\":\"WebPage\",\"@id\":\"https:\\\/\\\/lamostradevalencia.com\\\/ca\\\/crida-a-projecte-per-a-la-realitzacio-de-la-imatge-de-la-38-mostra-de-valencia-cinema-del-mediterrani\\\/\",\"url\":\"https:\\\/\\\/lamostradevalencia.com\\\/ca\\\/crida-a-projecte-per-a-la-realitzacio-de-la-imatge-de-la-38-mostra-de-valencia-cinema-del-mediterrani\\\/\",\"name\":\"Crida a projecte per a la realitzaci\u00f3 de la imatge de la 38 Mostra de Val\u00e8ncia-Cinema del Mediterrani - Mostra de Val\u00e8ncia\",\"isPartOf\":{\"@id\":\"https:\\\/\\\/lamostradevalencia.com\\\/ca\\\/#website\"},\"primaryImageOfPage\":{\"@id\":\"https:\\\/\\\/lamostradevalencia.com\\\/ca\\\/crida-a-projecte-per-a-la-realitzacio-de-la-imatge-de-la-38-mostra-de-valencia-cinema-del-mediterrani\\\/#primaryimage\"},\"image\":{\"@id\":\"https:\\\/\\\/lamostradevalencia.com\\\/ca\\\/crida-a-projecte-per-a-la-realitzacio-de-la-imatge-de-la-38-mostra-de-valencia-cinema-del-mediterrani\\\/#primaryimage\"},\"thumbnailUrl\":\"https:\\\/\\\/lamostradevalencia.com\\\/wp-content\\\/uploads\\\/2023\\\/03\\\/programas-mostra.jpg\",\"datePublished\":\"2023-03-19T09:31:06+00:00\",\"dateModified\":\"2023-04-20T10:26:37+00:00\",\"author\":{\"@id\":\"https:\\\/\\\/lamostradevalencia.com\\\/ca\\\/#\\\/schema\\\/person\\\/361c3c0dd5489e78ad78ee4f8332efac\"},\"breadcrumb\":{\"@id\":\"https:\\\/\\\/lamostradevalencia.com\\\/ca\\\/crida-a-projecte-per-a-la-realitzacio-de-la-imatge-de-la-38-mostra-de-valencia-cinema-del-mediterrani\\\/#breadcrumb\"},\"inLanguage\":\"ca\",\"potentialAction\":[{\"@type\":\"ReadAction\",\"target\":[\"https:\\\/\\\/lamostradevalencia.com\\\/ca\\\/crida-a-projecte-per-a-la-realitzacio-de-la-imatge-de-la-38-mostra-de-valencia-cinema-del-mediterrani\\\/\"]}]},{\"@type\":\"ImageObject\",\"inLanguage\":\"ca\",\"@id\":\"https:\\\/\\\/lamostradevalencia.com\\\/ca\\\/crida-a-projecte-per-a-la-realitzacio-de-la-imatge-de-la-38-mostra-de-valencia-cinema-del-mediterrani\\\/#primaryimage\",\"url\":\"https:\\\/\\\/lamostradevalencia.com\\\/wp-content\\\/uploads\\\/2023\\\/03\\\/programas-mostra.jpg\",\"contentUrl\":\"https:\\\/\\\/lamostradevalencia.com\\\/wp-content\\\/uploads\\\/2023\\\/03\\\/programas-mostra.jpg\",\"width\":1075,\"height\":764},{\"@type\":\"BreadcrumbList\",\"@id\":\"https:\\\/\\\/lamostradevalencia.com\\\/ca\\\/crida-a-projecte-per-a-la-realitzacio-de-la-imatge-de-la-38-mostra-de-valencia-cinema-del-mediterrani\\\/#breadcrumb\",\"itemListElement\":[{\"@type\":\"ListItem\",\"position\":1,\"name\":\"Portada\",\"item\":\"https:\\\/\\\/lamostradevalencia.com\\\/ca\\\/\"},{\"@type\":\"ListItem\",\"position\":2,\"name\":\"Crida a projecte per a la realitzaci\u00f3 de la imatge de la 38 Mostra de Val\u00e8ncia-Cinema del Mediterrani\"}]},{\"@type\":\"WebSite\",\"@id\":\"https:\\\/\\\/lamostradevalencia.com\\\/ca\\\/#website\",\"url\":\"https:\\\/\\\/lamostradevalencia.com\\\/ca\\\/\",\"name\":\"Mostra de Val\u00e8ncia\",\"description\":\"Cinema del Mediterrani\",\"potentialAction\":[{\"@type\":\"SearchAction\",\"target\":{\"@type\":\"EntryPoint\",\"urlTemplate\":\"https:\\\/\\\/lamostradevalencia.com\\\/ca\\\/?s={search_term_string}\"},\"query-input\":{\"@type\":\"PropertyValueSpecification\",\"valueRequired\":true,\"valueName\":\"search_term_string\"}}],\"inLanguage\":\"ca\"},{\"@type\":\"Person\",\"@id\":\"https:\\\/\\\/lamostradevalencia.com\\\/ca\\\/#\\\/schema\\\/person\\\/361c3c0dd5489e78ad78ee4f8332efac\",\"name\":\"contenidos\",\"image\":{\"@type\":\"ImageObject\",\"inLanguage\":\"ca\",\"@id\":\"https:\\\/\\\/secure.gravatar.com\\\/avatar\\\/a87eddc188a32d5a0371ff92ef616b5006a91e389296d49d081f8d424eef134c?s=96&d=mm&r=g\",\"url\":\"https:\\\/\\\/secure.gravatar.com\\\/avatar\\\/a87eddc188a32d5a0371ff92ef616b5006a91e389296d49d081f8d424eef134c?s=96&d=mm&r=g\",\"contentUrl\":\"https:\\\/\\\/secure.gravatar.com\\\/avatar\\\/a87eddc188a32d5a0371ff92ef616b5006a91e389296d49d081f8d424eef134c?s=96&d=mm&r=g\",\"caption\":\"contenidos\"}}]}<\/script>\n<!-- \/ Yoast SEO plugin. -->","yoast_head_json":{"title":"Crida a projecte per a la realitzaci\u00f3 de la imatge de la 38 Mostra de Val\u00e8ncia-Cinema del Mediterrani - Mostra de Val\u00e8ncia","robots":{"index":"index","follow":"follow","max-snippet":"max-snippet:-1","max-image-preview":"max-image-preview:large","max-video-preview":"max-video-preview:-1"},"canonical":"https:\/\/lamostradevalencia.com\/ca\/crida-a-projecte-per-a-la-realitzacio-de-la-imatge-de-la-38-mostra-de-valencia-cinema-del-mediterrani\/","og_locale":"ca_ES","og_type":"article","og_title":"Crida a projecte per a la realitzaci\u00f3 de la imatge de la 38 Mostra de Val\u00e8ncia-Cinema del Mediterrani - Mostra de Val\u00e8ncia","og_description":"Presentaci\u00f3 de candidatures del 20 al 29 de mar\u00e7 de 2023 OBJECTE I FINALITAT DE LA CONVOCAT\u00d2RIA Mostra de Val\u00e8ncia i Iniciatives Audiovisuals, amb el [&hellip;]","og_url":"https:\/\/lamostradevalencia.com\/ca\/crida-a-projecte-per-a-la-realitzacio-de-la-imatge-de-la-38-mostra-de-valencia-cinema-del-mediterrani\/","og_site_name":"Mostra de Val\u00e8ncia","article_published_time":"2023-03-19T09:31:06+00:00","article_modified_time":"2023-04-20T10:26:37+00:00","og_image":[{"width":1075,"height":764,"url":"https:\/\/lamostradevalencia.com\/wp-content\/uploads\/2023\/03\/programas-mostra.jpg","type":"image\/jpeg"}],"author":"contenidos","twitter_card":"summary_large_image","twitter_misc":{"Escrit per":"contenidos","Temps estimat de lectura":"7 minuts"},"schema":{"@context":"https:\/\/schema.org","@graph":[{"@type":"Article","@id":"https:\/\/lamostradevalencia.com\/ca\/crida-a-projecte-per-a-la-realitzacio-de-la-imatge-de-la-38-mostra-de-valencia-cinema-del-mediterrani\/#article","isPartOf":{"@id":"https:\/\/lamostradevalencia.com\/ca\/crida-a-projecte-per-a-la-realitzacio-de-la-imatge-de-la-38-mostra-de-valencia-cinema-del-mediterrani\/"},"author":{"name":"contenidos","@id":"https:\/\/lamostradevalencia.com\/ca\/#\/schema\/person\/361c3c0dd5489e78ad78ee4f8332efac"},"headline":"Crida a projecte per a la realitzaci\u00f3 de la imatge de la 38 Mostra de Val\u00e8ncia-Cinema del Mediterrani","datePublished":"2023-03-19T09:31:06+00:00","dateModified":"2023-04-20T10:26:37+00:00","mainEntityOfPage":{"@id":"https:\/\/lamostradevalencia.com\/ca\/crida-a-projecte-per-a-la-realitzacio-de-la-imatge-de-la-38-mostra-de-valencia-cinema-del-mediterrani\/"},"wordCount":1462,"commentCount":0,"image":{"@id":"https:\/\/lamostradevalencia.com\/ca\/crida-a-projecte-per-a-la-realitzacio-de-la-imatge-de-la-38-mostra-de-valencia-cinema-del-mediterrani\/#primaryimage"},"thumbnailUrl":"https:\/\/lamostradevalencia.com\/wp-content\/uploads\/2023\/03\/programas-mostra.jpg","articleSection":["Uncategorized @ca"],"inLanguage":"ca","potentialAction":[{"@type":"CommentAction","name":"Comment","target":["https:\/\/lamostradevalencia.com\/ca\/crida-a-projecte-per-a-la-realitzacio-de-la-imatge-de-la-38-mostra-de-valencia-cinema-del-mediterrani\/#respond"]}]},{"@type":"WebPage","@id":"https:\/\/lamostradevalencia.com\/ca\/crida-a-projecte-per-a-la-realitzacio-de-la-imatge-de-la-38-mostra-de-valencia-cinema-del-mediterrani\/","url":"https:\/\/lamostradevalencia.com\/ca\/crida-a-projecte-per-a-la-realitzacio-de-la-imatge-de-la-38-mostra-de-valencia-cinema-del-mediterrani\/","name":"Crida a projecte per a la realitzaci\u00f3 de la imatge de la 38 Mostra de Val\u00e8ncia-Cinema del Mediterrani - Mostra de Val\u00e8ncia","isPartOf":{"@id":"https:\/\/lamostradevalencia.com\/ca\/#website"},"primaryImageOfPage":{"@id":"https:\/\/lamostradevalencia.com\/ca\/crida-a-projecte-per-a-la-realitzacio-de-la-imatge-de-la-38-mostra-de-valencia-cinema-del-mediterrani\/#primaryimage"},"image":{"@id":"https:\/\/lamostradevalencia.com\/ca\/crida-a-projecte-per-a-la-realitzacio-de-la-imatge-de-la-38-mostra-de-valencia-cinema-del-mediterrani\/#primaryimage"},"thumbnailUrl":"https:\/\/lamostradevalencia.com\/wp-content\/uploads\/2023\/03\/programas-mostra.jpg","datePublished":"2023-03-19T09:31:06+00:00","dateModified":"2023-04-20T10:26:37+00:00","author":{"@id":"https:\/\/lamostradevalencia.com\/ca\/#\/schema\/person\/361c3c0dd5489e78ad78ee4f8332efac"},"breadcrumb":{"@id":"https:\/\/lamostradevalencia.com\/ca\/crida-a-projecte-per-a-la-realitzacio-de-la-imatge-de-la-38-mostra-de-valencia-cinema-del-mediterrani\/#breadcrumb"},"inLanguage":"ca","potentialAction":[{"@type":"ReadAction","target":["https:\/\/lamostradevalencia.com\/ca\/crida-a-projecte-per-a-la-realitzacio-de-la-imatge-de-la-38-mostra-de-valencia-cinema-del-mediterrani\/"]}]},{"@type":"ImageObject","inLanguage":"ca","@id":"https:\/\/lamostradevalencia.com\/ca\/crida-a-projecte-per-a-la-realitzacio-de-la-imatge-de-la-38-mostra-de-valencia-cinema-del-mediterrani\/#primaryimage","url":"https:\/\/lamostradevalencia.com\/wp-content\/uploads\/2023\/03\/programas-mostra.jpg","contentUrl":"https:\/\/lamostradevalencia.com\/wp-content\/uploads\/2023\/03\/programas-mostra.jpg","width":1075,"height":764},{"@type":"BreadcrumbList","@id":"https:\/\/lamostradevalencia.com\/ca\/crida-a-projecte-per-a-la-realitzacio-de-la-imatge-de-la-38-mostra-de-valencia-cinema-del-mediterrani\/#breadcrumb","itemListElement":[{"@type":"ListItem","position":1,"name":"Portada","item":"https:\/\/lamostradevalencia.com\/ca\/"},{"@type":"ListItem","position":2,"name":"Crida a projecte per a la realitzaci\u00f3 de la imatge de la 38 Mostra de Val\u00e8ncia-Cinema del Mediterrani"}]},{"@type":"WebSite","@id":"https:\/\/lamostradevalencia.com\/ca\/#website","url":"https:\/\/lamostradevalencia.com\/ca\/","name":"Mostra de Val\u00e8ncia","description":"Cinema del Mediterrani","potentialAction":[{"@type":"SearchAction","target":{"@type":"EntryPoint","urlTemplate":"https:\/\/lamostradevalencia.com\/ca\/?s={search_term_string}"},"query-input":{"@type":"PropertyValueSpecification","valueRequired":true,"valueName":"search_term_string"}}],"inLanguage":"ca"},{"@type":"Person","@id":"https:\/\/lamostradevalencia.com\/ca\/#\/schema\/person\/361c3c0dd5489e78ad78ee4f8332efac","name":"contenidos","image":{"@type":"ImageObject","inLanguage":"ca","@id":"https:\/\/secure.gravatar.com\/avatar\/a87eddc188a32d5a0371ff92ef616b5006a91e389296d49d081f8d424eef134c?s=96&d=mm&r=g","url":"https:\/\/secure.gravatar.com\/avatar\/a87eddc188a32d5a0371ff92ef616b5006a91e389296d49d081f8d424eef134c?s=96&d=mm&r=g","contentUrl":"https:\/\/secure.gravatar.com\/avatar\/a87eddc188a32d5a0371ff92ef616b5006a91e389296d49d081f8d424eef134c?s=96&d=mm&r=g","caption":"contenidos"}}]}},"uagb_featured_image_src":{"full":["https:\/\/lamostradevalencia.com\/wp-content\/uploads\/2023\/03\/programas-mostra.jpg",1075,764,false],"thumbnail":["https:\/\/lamostradevalencia.com\/wp-content\/uploads\/2023\/03\/programas-mostra-150x150.jpg",150,150,true],"medium":["https:\/\/lamostradevalencia.com\/wp-content\/uploads\/2023\/03\/programas-mostra-300x213.jpg",300,213,true],"medium_large":["https:\/\/lamostradevalencia.com\/wp-content\/uploads\/2023\/03\/programas-mostra-768x546.jpg",768,546,true],"large":["https:\/\/lamostradevalencia.com\/wp-content\/uploads\/2023\/03\/programas-mostra-1024x728.jpg",1024,728,true],"1536x1536":["https:\/\/lamostradevalencia.com\/wp-content\/uploads\/2023\/03\/programas-mostra.jpg",1075,764,false],"2048x2048":["https:\/\/lamostradevalencia.com\/wp-content\/uploads\/2023\/03\/programas-mostra.jpg",1075,764,false],"cinerama_edge_image_square":["https:\/\/lamostradevalencia.com\/wp-content\/uploads\/2023\/03\/programas-mostra-550x550.jpg",550,550,true],"cinerama_edge_image_landscape":["https:\/\/lamostradevalencia.com\/wp-content\/uploads\/2023\/03\/programas-mostra-1075x550.jpg",1075,550,true],"cinerama_edge_image_portrait":["https:\/\/lamostradevalencia.com\/wp-content\/uploads\/2023\/03\/programas-mostra-550x764.jpg",550,764,true],"cinerama_edge_image_huge":["https:\/\/lamostradevalencia.com\/wp-content\/uploads\/2023\/03\/programas-mostra.jpg",1075,764,false],"gform-image-choice-sm":["https:\/\/lamostradevalencia.com\/wp-content\/uploads\/2023\/03\/programas-mostra.jpg",300,213,false],"gform-image-choice-md":["https:\/\/lamostradevalencia.com\/wp-content\/uploads\/2023\/03\/programas-mostra.jpg",400,284,false],"gform-image-choice-lg":["https:\/\/lamostradevalencia.com\/wp-content\/uploads\/2023\/03\/programas-mostra.jpg",600,426,false]},"uagb_author_info":{"display_name":"contenidos","author_link":"https:\/\/lamostradevalencia.com\/ca\/author\/contenidos\/"},"uagb_comment_info":0,"uagb_excerpt":"Presentaci\u00f3 de candidatures del 20 al 29 de mar\u00e7 de 2023 OBJECTE I FINALITAT DE LA CONVOCAT\u00d2RIA Mostra de Val\u00e8ncia i Iniciatives Audiovisuals, amb el [&hellip;]","_links":{"self":[{"href":"https:\/\/lamostradevalencia.com\/ca\/wp-json\/wp\/v2\/posts\/17738","targetHints":{"allow":["GET"]}}],"collection":[{"href":"https:\/\/lamostradevalencia.com\/ca\/wp-json\/wp\/v2\/posts"}],"about":[{"href":"https:\/\/lamostradevalencia.com\/ca\/wp-json\/wp\/v2\/types\/post"}],"author":[{"embeddable":true,"href":"https:\/\/lamostradevalencia.com\/ca\/wp-json\/wp\/v2\/users\/3"}],"replies":[{"embeddable":true,"href":"https:\/\/lamostradevalencia.com\/ca\/wp-json\/wp\/v2\/comments?post=17738"}],"version-history":[{"count":2,"href":"https:\/\/lamostradevalencia.com\/ca\/wp-json\/wp\/v2\/posts\/17738\/revisions"}],"predecessor-version":[{"id":17793,"href":"https:\/\/lamostradevalencia.com\/ca\/wp-json\/wp\/v2\/posts\/17738\/revisions\/17793"}],"wp:featuredmedia":[{"embeddable":true,"href":"https:\/\/lamostradevalencia.com\/ca\/wp-json\/wp\/v2\/media\/17730"}],"wp:attachment":[{"href":"https:\/\/lamostradevalencia.com\/ca\/wp-json\/wp\/v2\/media?parent=17738"}],"wp:term":[{"taxonomy":"category","embeddable":true,"href":"https:\/\/lamostradevalencia.com\/ca\/wp-json\/wp\/v2\/categories?post=17738"},{"taxonomy":"post_tag","embeddable":true,"href":"https:\/\/lamostradevalencia.com\/ca\/wp-json\/wp\/v2\/tags?post=17738"}],"curies":[{"name":"wp","href":"https:\/\/api.w.org\/{rel}","templated":true}]}}