{"id":17618,"date":"2023-02-08T13:52:12","date_gmt":"2023-02-08T11:52:12","guid":{"rendered":"https:\/\/lamostradevalencia.com\/?p=17618"},"modified":"2023-02-08T13:53:50","modified_gmt":"2023-02-08T11:53:50","slug":"mostra-de-valencia-impulsara-activitats-durant-tot-lany","status":"publish","type":"post","link":"https:\/\/lamostradevalencia.com\/ca\/mostra-de-valencia-impulsara-activitats-durant-tot-lany\/","title":{"rendered":"Mostra de Val\u00e8ncia impulsar\u00e0 activitats durant tot l&#8217;any"},"content":{"rendered":"<h5>Mostra Expandida \u00e9s una de les novetats que s&#8217;han presentat hui en el pla d&#8217;actuacions per a 2023<\/h5>\n<p>En el marc del consell rector, Mostra de Val\u00e8ncia-Cinema del Mediterrani ha presentat este mat\u00ed <strong>el pla d&#8217;actuacions de cara a 2023<\/strong>. Despr\u00e9s de dos anys de pand\u00e8mia i finalitzada una edici\u00f3 en qu\u00e8 es va poder celebrar finalment en condicions de normalitat, el certamen encara el futur &#8220;amb la intenci\u00f3 de consolidar un model que respon als objectius que es van plantejar en 2018 amb la recuperaci\u00f3 del festival, i que passa per la posada en valor de la cultura audiovisual de la conca mediterr\u00e0nia i la projecci\u00f3 de Val\u00e8ncia com a punt de trobada, debat i reflexi\u00f3 al voltant del cinema&#8221;, segons paraules Gloria Tello, presidenta de la Mostra.<\/p>\n<p>En este sentit, es mantindr\u00e0 i potenciar\u00e0 <strong>l&#8217;aposta pels t\u00edtols d&#8217;estrena nacional tant en la Secci\u00f3 Oficial com en la Secci\u00f3 Informativa<\/strong>, aix\u00ed com la vocaci\u00f3 d&#8217;aparador i trampol\u00ed per al cine valenci\u00e0 que el festival porta desenvolupant des que va tornar. De la mateixa manera, la programaci\u00f3 continuar\u00e0 destacant el treball de cineastes tant consagrats com emergents dins del marc geogr\u00e0fic que el definix i donant a con\u00e9ixer cinematografies que d&#8217;altra manera tindrien un acc\u00e9s limitat al p\u00fablic majoritari.<\/p>\n<p>A m\u00e9s, el festival seguir\u00e0 apostant per dos iniciatives posades en marxa el 2022 i que s&#8217;han saldat amb \u00e8xit notable. D&#8217;una banda, <strong>l&#8217;Espai Mostra, que porta la programaci\u00f3 fins al centre de la ciutat i permet a la ciutadania establir una relaci\u00f3 de proximitat amb cineastes i int\u00e8rprets que fan escala a la Pla\u00e7a de l&#8217;Ajuntament <\/strong>per compartir les seues experi\u00e8ncies i an\u00e8cdotes, i que es convertix en estudi de r\u00e0dio des del qual diferents programes en realitzen les emissions durant la setmana del festival.<\/p>\n<p>D&#8217;altra banda, amb la celebraci\u00f3 de <strong>la segona edici\u00f3 de Val\u00e8ncia Film Afers, f\u00f2rum de coproducci\u00f3 internacional que va superar amb escreix les expectatives<\/strong> i va reunir a la ciutat m\u00e9s d&#8217;una trentena de professionals amb la intenci\u00f3 de crear una xarxa cada vegada m\u00e9s \u00e0mplia de relacions que permeten potenciar els acords de coproducci\u00f3 en l&#8217;\u00e0mbit del festival.<br \/>\nUna Mostra en expansi\u00f3<\/p>\n<p><strong>Una de les novetats que s&#8217;implementen enguany \u00e9s la Mostra Expandida<\/strong>, que permetr\u00e0 al festival estendre el seu radi d&#8217;acci\u00f3 m\u00e9s enll\u00e0 de les dates en qu\u00e8 t\u00e9 lloc el gruix d&#8217;activitats. Si b\u00e9 les exposicions organitzades cada any per Mostra de Val\u00e8ncia a la Galeria del Tossal s&#8217;han prolongat m\u00e9s enll\u00e0 del mes d&#8217;octubre, en estecas la intenci\u00f3 \u00e9s que el festival <strong>puga participar i col\u00b7laborar en altres propostes relacionades amb el sector cinematogr\u00e0fic que tinguen lloc al llarg de tot l&#8217;any<\/strong>.<\/p>\n<p>En esta mateixa l\u00ednia el festival treballa tamb\u00e9 en l\u2019afermament de la projecci\u00f3 internacional i el passat 29 de gener va participar en el<strong> simposi Reality Check celebrat a Rotterdam<\/strong>, on un grup de m\u00e9s de seixanta professionals de la ind\u00fastria cinematogr\u00e0fica de tot el m\u00f3n van debatre sobre els reptes de futur dels festivals de cine i van plantejar entre les conclusions la creaci\u00f3 d&#8217;una coalici\u00f3 permanent basada en la cooperaci\u00f3 i la col\u00b7laboraci\u00f3.<\/p>\n<p>En el mateix consell rector, i com ja es va avan\u00e7ar, Mostra de Val\u00e8ncia ha presentat el pla estrat\u00e8gic 2023-2025, en qu\u00e8 destaca el comprom\u00eds per treballar en la consecuci\u00f3 dels Objectius de Desenvolupament Sostenible acordats en les Nacions Unides per a 2030.<\/p>\n<p>D&#8217;esta manera, el festival reivindica la capacitat d&#8217;impacte que t\u00e9 l&#8217;acci\u00f3 cultural en el desenvolupament sostenible, que en el cas de Mostra de Val\u00e8ncia es tradu\u00efx, entre d\u2019altres, en la potenciaci\u00f3 de les relacions Nord-Sud, en generar vincles i complicitats entre les dos riberes mediterr\u00e0nies; en <strong>la contribuci\u00f3 a la cohesi\u00f3 social a trav\u00e9s d&#8217;una programaci\u00f3 integradora de la diversitat de g\u00e8nere i cultural; en actuacions destinades a lluitar contra l&#8217;emerg\u00e8ncia clim\u00e0tica, o en l&#8217;impuls a l&#8217;atractiu de Val\u00e8ncia com a pol de turisme cultural<\/strong>.<\/p>\n<p>La 38 edici\u00f3 de Mostra de Val\u00e8ncia-Cinema del Mediterrani tindr\u00e0 lloc del 19 al 29 d&#8217;octubre de 2023.<\/p>\n","protected":false},"excerpt":{"rendered":"<p>Mostra Expandida \u00e9s una de les novetats que s&#8217;han presentat hui en el pla d&#8217;actuacions per a 2023 En el marc del consell rector, Mostra [&hellip;]<\/p>\n","protected":false},"author":1,"featured_media":17614,"comment_status":"open","ping_status":"open","sticky":false,"template":"","format":"standard","meta":{"_uag_custom_page_level_css":"","_jet_sm_ready_style":"","_jet_sm_style":"","_jet_sm_controls_values":"","_jet_sm_fonts_collection":"","_jet_sm_fonts_links":"","footnotes":""},"categories":[455],"tags":[],"class_list":["post-17618","post","type-post","status-publish","format-standard","has-post-thumbnail","hentry","category-noticies"],"yoast_head":"<!-- This site is optimized with the Yoast SEO plugin v27.5 - https:\/\/yoast.com\/product\/yoast-seo-wordpress\/ -->\n<title>Mostra de Val\u00e8ncia impulsar\u00e0 activitats durant tot l&#039;any - Mostra de Val\u00e8ncia<\/title>\n<meta name=\"robots\" content=\"index, follow, max-snippet:-1, max-image-preview:large, max-video-preview:-1\" \/>\n<link rel=\"canonical\" href=\"https:\/\/lamostradevalencia.com\/ca\/mostra-de-valencia-impulsara-activitats-durant-tot-lany\/\" \/>\n<meta property=\"og:locale\" content=\"ca_ES\" \/>\n<meta property=\"og:type\" content=\"article\" \/>\n<meta property=\"og:title\" content=\"Mostra de Val\u00e8ncia impulsar\u00e0 activitats durant tot l&#039;any - Mostra de Val\u00e8ncia\" \/>\n<meta property=\"og:description\" content=\"Mostra Expandida \u00e9s una de les novetats que s&#8217;han presentat hui en el pla d&#8217;actuacions per a 2023 En el marc del consell rector, Mostra [&hellip;]\" \/>\n<meta property=\"og:url\" content=\"https:\/\/lamostradevalencia.com\/ca\/mostra-de-valencia-impulsara-activitats-durant-tot-lany\/\" \/>\n<meta property=\"og:site_name\" content=\"Mostra de Val\u00e8ncia\" \/>\n<meta property=\"article:published_time\" content=\"2023-02-08T11:52:12+00:00\" \/>\n<meta property=\"article:modified_time\" content=\"2023-02-08T11:53:50+00:00\" \/>\n<meta property=\"og:image\" content=\"https:\/\/lamostradevalencia.com\/wp-content\/uploads\/2023\/02\/mostra-actividades-todo-el-ano.jpg\" \/>\n\t<meta property=\"og:image:width\" content=\"971\" \/>\n\t<meta property=\"og:image:height\" content=\"842\" \/>\n\t<meta property=\"og:image:type\" content=\"image\/jpeg\" \/>\n<meta name=\"author\" content=\"Mostra de Val\u00e8ncia\" \/>\n<meta name=\"twitter:card\" content=\"summary_large_image\" \/>\n<meta name=\"twitter:label1\" content=\"Escrit per\" \/>\n\t<meta name=\"twitter:data1\" content=\"Mostra de Val\u00e8ncia\" \/>\n\t<meta name=\"twitter:label2\" content=\"Temps estimat de lectura\" \/>\n\t<meta name=\"twitter:data2\" content=\"3 minuts\" \/>\n<script type=\"application\/ld+json\" class=\"yoast-schema-graph\">{\"@context\":\"https:\\\/\\\/schema.org\",\"@graph\":[{\"@type\":\"Article\",\"@id\":\"https:\\\/\\\/lamostradevalencia.com\\\/ca\\\/mostra-de-valencia-impulsara-activitats-durant-tot-lany\\\/#article\",\"isPartOf\":{\"@id\":\"https:\\\/\\\/lamostradevalencia.com\\\/ca\\\/mostra-de-valencia-impulsara-activitats-durant-tot-lany\\\/\"},\"author\":{\"name\":\"Mostra de Val\u00e8ncia\",\"@id\":\"https:\\\/\\\/lamostradevalencia.com\\\/ca\\\/#\\\/schema\\\/person\\\/1dc07e4df3d6310b81d2cdf6a034070c\"},\"headline\":\"Mostra de Val\u00e8ncia impulsar\u00e0 activitats durant tot l&#8217;any\",\"datePublished\":\"2023-02-08T11:52:12+00:00\",\"dateModified\":\"2023-02-08T11:53:50+00:00\",\"mainEntityOfPage\":{\"@id\":\"https:\\\/\\\/lamostradevalencia.com\\\/ca\\\/mostra-de-valencia-impulsara-activitats-durant-tot-lany\\\/\"},\"wordCount\":737,\"commentCount\":0,\"image\":{\"@id\":\"https:\\\/\\\/lamostradevalencia.com\\\/ca\\\/mostra-de-valencia-impulsara-activitats-durant-tot-lany\\\/#primaryimage\"},\"thumbnailUrl\":\"https:\\\/\\\/lamostradevalencia.com\\\/wp-content\\\/uploads\\\/2023\\\/02\\\/mostra-actividades-todo-el-ano.jpg\",\"articleSection\":[\"Noticies\"],\"inLanguage\":\"ca\",\"potentialAction\":[{\"@type\":\"CommentAction\",\"name\":\"Comment\",\"target\":[\"https:\\\/\\\/lamostradevalencia.com\\\/ca\\\/mostra-de-valencia-impulsara-activitats-durant-tot-lany\\\/#respond\"]}]},{\"@type\":\"WebPage\",\"@id\":\"https:\\\/\\\/lamostradevalencia.com\\\/ca\\\/mostra-de-valencia-impulsara-activitats-durant-tot-lany\\\/\",\"url\":\"https:\\\/\\\/lamostradevalencia.com\\\/ca\\\/mostra-de-valencia-impulsara-activitats-durant-tot-lany\\\/\",\"name\":\"Mostra de Val\u00e8ncia impulsar\u00e0 activitats durant tot l'any - Mostra de Val\u00e8ncia\",\"isPartOf\":{\"@id\":\"https:\\\/\\\/lamostradevalencia.com\\\/ca\\\/#website\"},\"primaryImageOfPage\":{\"@id\":\"https:\\\/\\\/lamostradevalencia.com\\\/ca\\\/mostra-de-valencia-impulsara-activitats-durant-tot-lany\\\/#primaryimage\"},\"image\":{\"@id\":\"https:\\\/\\\/lamostradevalencia.com\\\/ca\\\/mostra-de-valencia-impulsara-activitats-durant-tot-lany\\\/#primaryimage\"},\"thumbnailUrl\":\"https:\\\/\\\/lamostradevalencia.com\\\/wp-content\\\/uploads\\\/2023\\\/02\\\/mostra-actividades-todo-el-ano.jpg\",\"datePublished\":\"2023-02-08T11:52:12+00:00\",\"dateModified\":\"2023-02-08T11:53:50+00:00\",\"author\":{\"@id\":\"https:\\\/\\\/lamostradevalencia.com\\\/ca\\\/#\\\/schema\\\/person\\\/1dc07e4df3d6310b81d2cdf6a034070c\"},\"breadcrumb\":{\"@id\":\"https:\\\/\\\/lamostradevalencia.com\\\/ca\\\/mostra-de-valencia-impulsara-activitats-durant-tot-lany\\\/#breadcrumb\"},\"inLanguage\":\"ca\",\"potentialAction\":[{\"@type\":\"ReadAction\",\"target\":[\"https:\\\/\\\/lamostradevalencia.com\\\/ca\\\/mostra-de-valencia-impulsara-activitats-durant-tot-lany\\\/\"]}]},{\"@type\":\"ImageObject\",\"inLanguage\":\"ca\",\"@id\":\"https:\\\/\\\/lamostradevalencia.com\\\/ca\\\/mostra-de-valencia-impulsara-activitats-durant-tot-lany\\\/#primaryimage\",\"url\":\"https:\\\/\\\/lamostradevalencia.com\\\/wp-content\\\/uploads\\\/2023\\\/02\\\/mostra-actividades-todo-el-ano.jpg\",\"contentUrl\":\"https:\\\/\\\/lamostradevalencia.com\\\/wp-content\\\/uploads\\\/2023\\\/02\\\/mostra-actividades-todo-el-ano.jpg\",\"width\":971,\"height\":842},{\"@type\":\"BreadcrumbList\",\"@id\":\"https:\\\/\\\/lamostradevalencia.com\\\/ca\\\/mostra-de-valencia-impulsara-activitats-durant-tot-lany\\\/#breadcrumb\",\"itemListElement\":[{\"@type\":\"ListItem\",\"position\":1,\"name\":\"Portada\",\"item\":\"https:\\\/\\\/lamostradevalencia.com\\\/ca\\\/\"},{\"@type\":\"ListItem\",\"position\":2,\"name\":\"Mostra de Val\u00e8ncia impulsar\u00e0 activitats durant tot l&#8217;any\"}]},{\"@type\":\"WebSite\",\"@id\":\"https:\\\/\\\/lamostradevalencia.com\\\/ca\\\/#website\",\"url\":\"https:\\\/\\\/lamostradevalencia.com\\\/ca\\\/\",\"name\":\"Mostra de Val\u00e8ncia\",\"description\":\"Cinema del Mediterrani\",\"potentialAction\":[{\"@type\":\"SearchAction\",\"target\":{\"@type\":\"EntryPoint\",\"urlTemplate\":\"https:\\\/\\\/lamostradevalencia.com\\\/ca\\\/?s={search_term_string}\"},\"query-input\":{\"@type\":\"PropertyValueSpecification\",\"valueRequired\":true,\"valueName\":\"search_term_string\"}}],\"inLanguage\":\"ca\"},{\"@type\":\"Person\",\"@id\":\"https:\\\/\\\/lamostradevalencia.com\\\/ca\\\/#\\\/schema\\\/person\\\/1dc07e4df3d6310b81d2cdf6a034070c\",\"name\":\"Mostra de Val\u00e8ncia\",\"image\":{\"@type\":\"ImageObject\",\"inLanguage\":\"ca\",\"@id\":\"https:\\\/\\\/secure.gravatar.com\\\/avatar\\\/ada4dfd699a9907706987adb1bb2b361c2613ccca474b49b8c648de5208e32f8?s=96&d=mm&r=g\",\"url\":\"https:\\\/\\\/secure.gravatar.com\\\/avatar\\\/ada4dfd699a9907706987adb1bb2b361c2613ccca474b49b8c648de5208e32f8?s=96&d=mm&r=g\",\"contentUrl\":\"https:\\\/\\\/secure.gravatar.com\\\/avatar\\\/ada4dfd699a9907706987adb1bb2b361c2613ccca474b49b8c648de5208e32f8?s=96&d=mm&r=g\",\"caption\":\"Mostra de Val\u00e8ncia\"}}]}<\/script>\n<!-- \/ Yoast SEO plugin. -->","yoast_head_json":{"title":"Mostra de Val\u00e8ncia impulsar\u00e0 activitats durant tot l'any - Mostra de Val\u00e8ncia","robots":{"index":"index","follow":"follow","max-snippet":"max-snippet:-1","max-image-preview":"max-image-preview:large","max-video-preview":"max-video-preview:-1"},"canonical":"https:\/\/lamostradevalencia.com\/ca\/mostra-de-valencia-impulsara-activitats-durant-tot-lany\/","og_locale":"ca_ES","og_type":"article","og_title":"Mostra de Val\u00e8ncia impulsar\u00e0 activitats durant tot l'any - Mostra de Val\u00e8ncia","og_description":"Mostra Expandida \u00e9s una de les novetats que s&#8217;han presentat hui en el pla d&#8217;actuacions per a 2023 En el marc del consell rector, Mostra [&hellip;]","og_url":"https:\/\/lamostradevalencia.com\/ca\/mostra-de-valencia-impulsara-activitats-durant-tot-lany\/","og_site_name":"Mostra de Val\u00e8ncia","article_published_time":"2023-02-08T11:52:12+00:00","article_modified_time":"2023-02-08T11:53:50+00:00","og_image":[{"width":971,"height":842,"url":"https:\/\/lamostradevalencia.com\/wp-content\/uploads\/2023\/02\/mostra-actividades-todo-el-ano.jpg","type":"image\/jpeg"}],"author":"Mostra de Val\u00e8ncia","twitter_card":"summary_large_image","twitter_misc":{"Escrit per":"Mostra de Val\u00e8ncia","Temps estimat de lectura":"3 minuts"},"schema":{"@context":"https:\/\/schema.org","@graph":[{"@type":"Article","@id":"https:\/\/lamostradevalencia.com\/ca\/mostra-de-valencia-impulsara-activitats-durant-tot-lany\/#article","isPartOf":{"@id":"https:\/\/lamostradevalencia.com\/ca\/mostra-de-valencia-impulsara-activitats-durant-tot-lany\/"},"author":{"name":"Mostra de Val\u00e8ncia","@id":"https:\/\/lamostradevalencia.com\/ca\/#\/schema\/person\/1dc07e4df3d6310b81d2cdf6a034070c"},"headline":"Mostra de Val\u00e8ncia impulsar\u00e0 activitats durant tot l&#8217;any","datePublished":"2023-02-08T11:52:12+00:00","dateModified":"2023-02-08T11:53:50+00:00","mainEntityOfPage":{"@id":"https:\/\/lamostradevalencia.com\/ca\/mostra-de-valencia-impulsara-activitats-durant-tot-lany\/"},"wordCount":737,"commentCount":0,"image":{"@id":"https:\/\/lamostradevalencia.com\/ca\/mostra-de-valencia-impulsara-activitats-durant-tot-lany\/#primaryimage"},"thumbnailUrl":"https:\/\/lamostradevalencia.com\/wp-content\/uploads\/2023\/02\/mostra-actividades-todo-el-ano.jpg","articleSection":["Noticies"],"inLanguage":"ca","potentialAction":[{"@type":"CommentAction","name":"Comment","target":["https:\/\/lamostradevalencia.com\/ca\/mostra-de-valencia-impulsara-activitats-durant-tot-lany\/#respond"]}]},{"@type":"WebPage","@id":"https:\/\/lamostradevalencia.com\/ca\/mostra-de-valencia-impulsara-activitats-durant-tot-lany\/","url":"https:\/\/lamostradevalencia.com\/ca\/mostra-de-valencia-impulsara-activitats-durant-tot-lany\/","name":"Mostra de Val\u00e8ncia impulsar\u00e0 activitats durant tot l'any - Mostra de Val\u00e8ncia","isPartOf":{"@id":"https:\/\/lamostradevalencia.com\/ca\/#website"},"primaryImageOfPage":{"@id":"https:\/\/lamostradevalencia.com\/ca\/mostra-de-valencia-impulsara-activitats-durant-tot-lany\/#primaryimage"},"image":{"@id":"https:\/\/lamostradevalencia.com\/ca\/mostra-de-valencia-impulsara-activitats-durant-tot-lany\/#primaryimage"},"thumbnailUrl":"https:\/\/lamostradevalencia.com\/wp-content\/uploads\/2023\/02\/mostra-actividades-todo-el-ano.jpg","datePublished":"2023-02-08T11:52:12+00:00","dateModified":"2023-02-08T11:53:50+00:00","author":{"@id":"https:\/\/lamostradevalencia.com\/ca\/#\/schema\/person\/1dc07e4df3d6310b81d2cdf6a034070c"},"breadcrumb":{"@id":"https:\/\/lamostradevalencia.com\/ca\/mostra-de-valencia-impulsara-activitats-durant-tot-lany\/#breadcrumb"},"inLanguage":"ca","potentialAction":[{"@type":"ReadAction","target":["https:\/\/lamostradevalencia.com\/ca\/mostra-de-valencia-impulsara-activitats-durant-tot-lany\/"]}]},{"@type":"ImageObject","inLanguage":"ca","@id":"https:\/\/lamostradevalencia.com\/ca\/mostra-de-valencia-impulsara-activitats-durant-tot-lany\/#primaryimage","url":"https:\/\/lamostradevalencia.com\/wp-content\/uploads\/2023\/02\/mostra-actividades-todo-el-ano.jpg","contentUrl":"https:\/\/lamostradevalencia.com\/wp-content\/uploads\/2023\/02\/mostra-actividades-todo-el-ano.jpg","width":971,"height":842},{"@type":"BreadcrumbList","@id":"https:\/\/lamostradevalencia.com\/ca\/mostra-de-valencia-impulsara-activitats-durant-tot-lany\/#breadcrumb","itemListElement":[{"@type":"ListItem","position":1,"name":"Portada","item":"https:\/\/lamostradevalencia.com\/ca\/"},{"@type":"ListItem","position":2,"name":"Mostra de Val\u00e8ncia impulsar\u00e0 activitats durant tot l&#8217;any"}]},{"@type":"WebSite","@id":"https:\/\/lamostradevalencia.com\/ca\/#website","url":"https:\/\/lamostradevalencia.com\/ca\/","name":"Mostra de Val\u00e8ncia","description":"Cinema del Mediterrani","potentialAction":[{"@type":"SearchAction","target":{"@type":"EntryPoint","urlTemplate":"https:\/\/lamostradevalencia.com\/ca\/?s={search_term_string}"},"query-input":{"@type":"PropertyValueSpecification","valueRequired":true,"valueName":"search_term_string"}}],"inLanguage":"ca"},{"@type":"Person","@id":"https:\/\/lamostradevalencia.com\/ca\/#\/schema\/person\/1dc07e4df3d6310b81d2cdf6a034070c","name":"Mostra de Val\u00e8ncia","image":{"@type":"ImageObject","inLanguage":"ca","@id":"https:\/\/secure.gravatar.com\/avatar\/ada4dfd699a9907706987adb1bb2b361c2613ccca474b49b8c648de5208e32f8?s=96&d=mm&r=g","url":"https:\/\/secure.gravatar.com\/avatar\/ada4dfd699a9907706987adb1bb2b361c2613ccca474b49b8c648de5208e32f8?s=96&d=mm&r=g","contentUrl":"https:\/\/secure.gravatar.com\/avatar\/ada4dfd699a9907706987adb1bb2b361c2613ccca474b49b8c648de5208e32f8?s=96&d=mm&r=g","caption":"Mostra de Val\u00e8ncia"}}]}},"uagb_featured_image_src":{"full":["https:\/\/lamostradevalencia.com\/wp-content\/uploads\/2023\/02\/mostra-actividades-todo-el-ano.jpg",971,842,false],"thumbnail":["https:\/\/lamostradevalencia.com\/wp-content\/uploads\/2023\/02\/mostra-actividades-todo-el-ano-150x150.jpg",150,150,true],"medium":["https:\/\/lamostradevalencia.com\/wp-content\/uploads\/2023\/02\/mostra-actividades-todo-el-ano-300x260.jpg",300,260,true],"medium_large":["https:\/\/lamostradevalencia.com\/wp-content\/uploads\/2023\/02\/mostra-actividades-todo-el-ano-768x666.jpg",768,666,true],"large":["https:\/\/lamostradevalencia.com\/wp-content\/uploads\/2023\/02\/mostra-actividades-todo-el-ano.jpg",971,842,false],"1536x1536":["https:\/\/lamostradevalencia.com\/wp-content\/uploads\/2023\/02\/mostra-actividades-todo-el-ano.jpg",971,842,false],"2048x2048":["https:\/\/lamostradevalencia.com\/wp-content\/uploads\/2023\/02\/mostra-actividades-todo-el-ano.jpg",971,842,false],"cinerama_edge_image_square":["https:\/\/lamostradevalencia.com\/wp-content\/uploads\/2023\/02\/mostra-actividades-todo-el-ano-550x550.jpg",550,550,true],"cinerama_edge_image_landscape":["https:\/\/lamostradevalencia.com\/wp-content\/uploads\/2023\/02\/mostra-actividades-todo-el-ano-971x550.jpg",971,550,true],"cinerama_edge_image_portrait":["https:\/\/lamostradevalencia.com\/wp-content\/uploads\/2023\/02\/mostra-actividades-todo-el-ano-550x842.jpg",550,842,true],"cinerama_edge_image_huge":["https:\/\/lamostradevalencia.com\/wp-content\/uploads\/2023\/02\/mostra-actividades-todo-el-ano.jpg",971,842,false],"gform-image-choice-sm":["https:\/\/lamostradevalencia.com\/wp-content\/uploads\/2023\/02\/mostra-actividades-todo-el-ano.jpg",300,260,false],"gform-image-choice-md":["https:\/\/lamostradevalencia.com\/wp-content\/uploads\/2023\/02\/mostra-actividades-todo-el-ano.jpg",400,347,false],"gform-image-choice-lg":["https:\/\/lamostradevalencia.com\/wp-content\/uploads\/2023\/02\/mostra-actividades-todo-el-ano.jpg",600,520,false]},"uagb_author_info":{"display_name":"Mostra de Val\u00e8ncia","author_link":"https:\/\/lamostradevalencia.com\/ca\/author\/mostravalencia\/"},"uagb_comment_info":0,"uagb_excerpt":"Mostra Expandida \u00e9s una de les novetats que s&#8217;han presentat hui en el pla d&#8217;actuacions per a 2023 En el marc del consell rector, Mostra [&hellip;]","_links":{"self":[{"href":"https:\/\/lamostradevalencia.com\/ca\/wp-json\/wp\/v2\/posts\/17618","targetHints":{"allow":["GET"]}}],"collection":[{"href":"https:\/\/lamostradevalencia.com\/ca\/wp-json\/wp\/v2\/posts"}],"about":[{"href":"https:\/\/lamostradevalencia.com\/ca\/wp-json\/wp\/v2\/types\/post"}],"author":[{"embeddable":true,"href":"https:\/\/lamostradevalencia.com\/ca\/wp-json\/wp\/v2\/users\/1"}],"replies":[{"embeddable":true,"href":"https:\/\/lamostradevalencia.com\/ca\/wp-json\/wp\/v2\/comments?post=17618"}],"version-history":[{"count":1,"href":"https:\/\/lamostradevalencia.com\/ca\/wp-json\/wp\/v2\/posts\/17618\/revisions"}],"predecessor-version":[{"id":17619,"href":"https:\/\/lamostradevalencia.com\/ca\/wp-json\/wp\/v2\/posts\/17618\/revisions\/17619"}],"wp:featuredmedia":[{"embeddable":true,"href":"https:\/\/lamostradevalencia.com\/ca\/wp-json\/wp\/v2\/media\/17614"}],"wp:attachment":[{"href":"https:\/\/lamostradevalencia.com\/ca\/wp-json\/wp\/v2\/media?parent=17618"}],"wp:term":[{"taxonomy":"category","embeddable":true,"href":"https:\/\/lamostradevalencia.com\/ca\/wp-json\/wp\/v2\/categories?post=17618"},{"taxonomy":"post_tag","embeddable":true,"href":"https:\/\/lamostradevalencia.com\/ca\/wp-json\/wp\/v2\/tags?post=17618"}],"curies":[{"name":"wp","href":"https:\/\/api.w.org\/{rel}","templated":true}]}}