{"id":17609,"date":"2023-02-03T14:45:48","date_gmt":"2023-02-03T12:45:48","guid":{"rendered":"https:\/\/lamostradevalencia.com\/?p=17609"},"modified":"2023-02-03T14:45:48","modified_gmt":"2023-02-03T12:45:48","slug":"mostra-de-valencia-dissenya-el-full-de-ruta-per-als-proxims-tres-anys","status":"publish","type":"post","link":"https:\/\/lamostradevalencia.com\/ca\/mostra-de-valencia-dissenya-el-full-de-ruta-per-als-proxims-tres-anys\/","title":{"rendered":"Mostra de Val\u00e8ncia dissenya el full de ruta per als pr\u00f2xims tres anys"},"content":{"rendered":"<h5>El nou pla estrat\u00e8gic del festival aposta per potenciar la contribuci\u00f3 de l&#8217;activitat cultural als Objectius de Desenvolupament Sostenible<\/h5>\n<p><span id=\"v1docs-internal-guid-d854861e-7fff-1c94-5fd0-6cfa18a9d0ef\">El\u00a0<strong>pla estrat\u00e8gic 2023-2025<\/strong>\u00a0de Mostra de Val\u00e8ncia, que es presentar\u00e0 en el pr\u00f2xim consell rector de l&#8217;organisme, defineix tres l\u00ednies mestres sobre les quals desenvolupar el treball del festival els pr\u00f2xims anys:\u00a0<strong>la programaci\u00f3 exclusiva<\/strong>\u00a0que caracteritza el certamen, farcit d&#8217;estrenes que porten el m\u00e9s destacat del cine contemporani fet a la Mediterr\u00e0nia, poc habitual als circuits comercials;<strong>\u00a0la seua rellev\u00e0ncia social, tant pels temes d&#8217;inter\u00e9s que acosta al p\u00fablic a trav\u00e9s de la programaci\u00f3, com per la seua capacitat dinamitzadora de la ind\u00fastria audiovisual valenciana i internacional<\/strong>, i\u00a0<strong>la seua interrelaci\u00f3 amb la ciutat de Val\u00e8ncia<\/strong>, que li dona nom i amb la qual comparteix reptes i oportunitats, com ara\u00a0<strong>l&#8217;assoliment dels Objectius de Desenvolupament Sostenible acordats a les Nacions Unides per a 2030.\u00a0<\/strong><\/span><\/p>\n<p><span id=\"v1docs-internal-guid-d854861e-7fff-1c94-5fd0-6cfa18a9d0ef\">\u00a0&#8220;Val\u00e8ncia \u00e9s una ciutat plenament compromesa amb l&#8217;Agenda 2030 per al desenvolupament sostenible, i Mostra de Val\u00e8ncia, com a referent cultural de la ciutat t\u00e9 molt a aportar amb la seua activitat dels pr\u00f2xims anys en la consecuci\u00f3 d&#8217;<strong>una societat m\u00e9s inclusiva, pr\u00f2spera i respectuosa amb el medi ambient<\/strong>&#8220;,<\/span>\u00a0destaca Gloria Tello, presidenta de la Mostra.<\/p>\n<p><span id=\"v1docs-internal-guid-d854861e-7fff-1c94-5fd0-6cfa18a9d0ef\">El festival reivindica aix\u00ed la capacitat d&#8217;impacte que t\u00e9 l&#8217;acci\u00f3 cultural en el desenvolupament sostenible, que en el cas de Mostra de Val\u00e8ncia es tradu\u00efx, entre d&#8217;altres, en la potenciaci\u00f3 de les relacions Nord-Sud, al generar lligams i complicitats entre les dos vores mediterr\u00e0nies; en la contribuci\u00f3 a la cohesi\u00f3 social a trav\u00e9s d&#8217;una programaci\u00f3 integradora de la diversitat de g\u00e8nere i cultural; en actuacions destinades a lluitar contra l&#8217;emerg\u00e8ncia clim\u00e0tica, o en l&#8217;impuls a l&#8217;atractiu de Val\u00e8ncia com a pol de turisme cultural.\u00a0<\/span><\/p>\n<p><span id=\"v1docs-internal-guid-d854861e-7fff-1c94-5fd0-6cfa18a9d0ef\">\u00a0&#8220;Des de la seua recuperaci\u00f3 en 2018, la Mostra ha tornat a situar-se en el calendari cultural de la ciutat amb nom propi i, despr\u00e9s de l&#8217;\u00faltima edici\u00f3, celebrada en condicions de normalitat,<strong>\u00a0ha arribat el moment de continuar avan\u00e7ant en el projecte de festival i assegurar la seua sostenibilitat a futur&#8221;<\/strong><\/span>, apunta la directora t\u00e8cnica, Rosa Roig.<\/p>\n<p><span id=\"v1docs-internal-guid-d854861e-7fff-1c94-5fd0-6cfa18a9d0ef\">El festival es troba ja treballant en la que ser\u00e0 la 38 Mostra de Val\u00e8ncia-Cinema del Mediterrani, que tindr\u00e0 lloc\u00a0<strong>del 19 al 29 d&#8217;octubre de 2023<\/strong>.<\/span><\/p>\n","protected":false},"excerpt":{"rendered":"<p>El nou pla estrat\u00e8gic del festival aposta per potenciar la contribuci\u00f3 de l&#8217;activitat cultural als Objectius de Desenvolupament Sostenible El\u00a0pla estrat\u00e8gic 2023-2025\u00a0de Mostra de Val\u00e8ncia, [&hellip;]<\/p>\n","protected":false},"author":1,"featured_media":17603,"comment_status":"open","ping_status":"open","sticky":false,"template":"","format":"standard","meta":{"_uag_custom_page_level_css":"","_jet_sm_ready_style":"","_jet_sm_style":"","_jet_sm_controls_values":"","_jet_sm_fonts_collection":"","_jet_sm_fonts_links":"","footnotes":""},"categories":[31],"tags":[],"class_list":["post-17609","post","type-post","status-publish","format-standard","has-post-thumbnail","hentry","category-uncategorized-ca"],"yoast_head":"<!-- This site is optimized with the Yoast SEO plugin v27.5 - https:\/\/yoast.com\/product\/yoast-seo-wordpress\/ -->\n<title>Mostra de Val\u00e8ncia dissenya el full de ruta per als pr\u00f2xims tres anys - Mostra de Val\u00e8ncia<\/title>\n<meta name=\"robots\" content=\"index, follow, max-snippet:-1, max-image-preview:large, max-video-preview:-1\" \/>\n<link rel=\"canonical\" href=\"https:\/\/lamostradevalencia.com\/ca\/mostra-de-valencia-dissenya-el-full-de-ruta-per-als-proxims-tres-anys\/\" \/>\n<meta property=\"og:locale\" content=\"ca_ES\" \/>\n<meta property=\"og:type\" content=\"article\" \/>\n<meta property=\"og:title\" content=\"Mostra de Val\u00e8ncia dissenya el full de ruta per als pr\u00f2xims tres anys - Mostra de Val\u00e8ncia\" \/>\n<meta property=\"og:description\" content=\"El nou pla estrat\u00e8gic del festival aposta per potenciar la contribuci\u00f3 de l&#8217;activitat cultural als Objectius de Desenvolupament Sostenible El\u00a0pla estrat\u00e8gic 2023-2025\u00a0de Mostra de Val\u00e8ncia, [&hellip;]\" \/>\n<meta property=\"og:url\" content=\"https:\/\/lamostradevalencia.com\/ca\/mostra-de-valencia-dissenya-el-full-de-ruta-per-als-proxims-tres-anys\/\" \/>\n<meta property=\"og:site_name\" content=\"Mostra de Val\u00e8ncia\" \/>\n<meta property=\"article:published_time\" content=\"2023-02-03T12:45:48+00:00\" \/>\n<meta property=\"og:image\" content=\"https:\/\/lamostradevalencia.com\/wp-content\/uploads\/2023\/02\/mostra-plan.jpg\" \/>\n\t<meta property=\"og:image:width\" content=\"678\" \/>\n\t<meta property=\"og:image:height\" content=\"612\" \/>\n\t<meta property=\"og:image:type\" content=\"image\/jpeg\" \/>\n<meta name=\"author\" content=\"Mostra de Val\u00e8ncia\" \/>\n<meta name=\"twitter:card\" content=\"summary_large_image\" \/>\n<meta name=\"twitter:label1\" content=\"Escrit per\" \/>\n\t<meta name=\"twitter:data1\" content=\"Mostra de Val\u00e8ncia\" \/>\n\t<meta name=\"twitter:label2\" content=\"Temps estimat de lectura\" \/>\n\t<meta name=\"twitter:data2\" content=\"2 minuts\" \/>\n<script type=\"application\/ld+json\" class=\"yoast-schema-graph\">{\"@context\":\"https:\\\/\\\/schema.org\",\"@graph\":[{\"@type\":\"Article\",\"@id\":\"https:\\\/\\\/lamostradevalencia.com\\\/ca\\\/mostra-de-valencia-dissenya-el-full-de-ruta-per-als-proxims-tres-anys\\\/#article\",\"isPartOf\":{\"@id\":\"https:\\\/\\\/lamostradevalencia.com\\\/ca\\\/mostra-de-valencia-dissenya-el-full-de-ruta-per-als-proxims-tres-anys\\\/\"},\"author\":{\"name\":\"Mostra de Val\u00e8ncia\",\"@id\":\"https:\\\/\\\/lamostradevalencia.com\\\/ca\\\/#\\\/schema\\\/person\\\/1dc07e4df3d6310b81d2cdf6a034070c\"},\"headline\":\"Mostra de Val\u00e8ncia dissenya el full de ruta per als pr\u00f2xims tres anys\",\"datePublished\":\"2023-02-03T12:45:48+00:00\",\"mainEntityOfPage\":{\"@id\":\"https:\\\/\\\/lamostradevalencia.com\\\/ca\\\/mostra-de-valencia-dissenya-el-full-de-ruta-per-als-proxims-tres-anys\\\/\"},\"wordCount\":425,\"commentCount\":0,\"image\":{\"@id\":\"https:\\\/\\\/lamostradevalencia.com\\\/ca\\\/mostra-de-valencia-dissenya-el-full-de-ruta-per-als-proxims-tres-anys\\\/#primaryimage\"},\"thumbnailUrl\":\"https:\\\/\\\/lamostradevalencia.com\\\/wp-content\\\/uploads\\\/2023\\\/02\\\/mostra-plan.jpg\",\"articleSection\":[\"Uncategorized @ca\"],\"inLanguage\":\"ca\",\"potentialAction\":[{\"@type\":\"CommentAction\",\"name\":\"Comment\",\"target\":[\"https:\\\/\\\/lamostradevalencia.com\\\/ca\\\/mostra-de-valencia-dissenya-el-full-de-ruta-per-als-proxims-tres-anys\\\/#respond\"]}]},{\"@type\":\"WebPage\",\"@id\":\"https:\\\/\\\/lamostradevalencia.com\\\/ca\\\/mostra-de-valencia-dissenya-el-full-de-ruta-per-als-proxims-tres-anys\\\/\",\"url\":\"https:\\\/\\\/lamostradevalencia.com\\\/ca\\\/mostra-de-valencia-dissenya-el-full-de-ruta-per-als-proxims-tres-anys\\\/\",\"name\":\"Mostra de Val\u00e8ncia dissenya el full de ruta per als pr\u00f2xims tres anys - Mostra de Val\u00e8ncia\",\"isPartOf\":{\"@id\":\"https:\\\/\\\/lamostradevalencia.com\\\/ca\\\/#website\"},\"primaryImageOfPage\":{\"@id\":\"https:\\\/\\\/lamostradevalencia.com\\\/ca\\\/mostra-de-valencia-dissenya-el-full-de-ruta-per-als-proxims-tres-anys\\\/#primaryimage\"},\"image\":{\"@id\":\"https:\\\/\\\/lamostradevalencia.com\\\/ca\\\/mostra-de-valencia-dissenya-el-full-de-ruta-per-als-proxims-tres-anys\\\/#primaryimage\"},\"thumbnailUrl\":\"https:\\\/\\\/lamostradevalencia.com\\\/wp-content\\\/uploads\\\/2023\\\/02\\\/mostra-plan.jpg\",\"datePublished\":\"2023-02-03T12:45:48+00:00\",\"author\":{\"@id\":\"https:\\\/\\\/lamostradevalencia.com\\\/ca\\\/#\\\/schema\\\/person\\\/1dc07e4df3d6310b81d2cdf6a034070c\"},\"breadcrumb\":{\"@id\":\"https:\\\/\\\/lamostradevalencia.com\\\/ca\\\/mostra-de-valencia-dissenya-el-full-de-ruta-per-als-proxims-tres-anys\\\/#breadcrumb\"},\"inLanguage\":\"ca\",\"potentialAction\":[{\"@type\":\"ReadAction\",\"target\":[\"https:\\\/\\\/lamostradevalencia.com\\\/ca\\\/mostra-de-valencia-dissenya-el-full-de-ruta-per-als-proxims-tres-anys\\\/\"]}]},{\"@type\":\"ImageObject\",\"inLanguage\":\"ca\",\"@id\":\"https:\\\/\\\/lamostradevalencia.com\\\/ca\\\/mostra-de-valencia-dissenya-el-full-de-ruta-per-als-proxims-tres-anys\\\/#primaryimage\",\"url\":\"https:\\\/\\\/lamostradevalencia.com\\\/wp-content\\\/uploads\\\/2023\\\/02\\\/mostra-plan.jpg\",\"contentUrl\":\"https:\\\/\\\/lamostradevalencia.com\\\/wp-content\\\/uploads\\\/2023\\\/02\\\/mostra-plan.jpg\",\"width\":678,\"height\":612},{\"@type\":\"BreadcrumbList\",\"@id\":\"https:\\\/\\\/lamostradevalencia.com\\\/ca\\\/mostra-de-valencia-dissenya-el-full-de-ruta-per-als-proxims-tres-anys\\\/#breadcrumb\",\"itemListElement\":[{\"@type\":\"ListItem\",\"position\":1,\"name\":\"Portada\",\"item\":\"https:\\\/\\\/lamostradevalencia.com\\\/ca\\\/\"},{\"@type\":\"ListItem\",\"position\":2,\"name\":\"Mostra de Val\u00e8ncia dissenya el full de ruta per als pr\u00f2xims tres anys\"}]},{\"@type\":\"WebSite\",\"@id\":\"https:\\\/\\\/lamostradevalencia.com\\\/ca\\\/#website\",\"url\":\"https:\\\/\\\/lamostradevalencia.com\\\/ca\\\/\",\"name\":\"Mostra de Val\u00e8ncia\",\"description\":\"Cinema del Mediterrani\",\"potentialAction\":[{\"@type\":\"SearchAction\",\"target\":{\"@type\":\"EntryPoint\",\"urlTemplate\":\"https:\\\/\\\/lamostradevalencia.com\\\/ca\\\/?s={search_term_string}\"},\"query-input\":{\"@type\":\"PropertyValueSpecification\",\"valueRequired\":true,\"valueName\":\"search_term_string\"}}],\"inLanguage\":\"ca\"},{\"@type\":\"Person\",\"@id\":\"https:\\\/\\\/lamostradevalencia.com\\\/ca\\\/#\\\/schema\\\/person\\\/1dc07e4df3d6310b81d2cdf6a034070c\",\"name\":\"Mostra de Val\u00e8ncia\",\"image\":{\"@type\":\"ImageObject\",\"inLanguage\":\"ca\",\"@id\":\"https:\\\/\\\/secure.gravatar.com\\\/avatar\\\/ada4dfd699a9907706987adb1bb2b361c2613ccca474b49b8c648de5208e32f8?s=96&d=mm&r=g\",\"url\":\"https:\\\/\\\/secure.gravatar.com\\\/avatar\\\/ada4dfd699a9907706987adb1bb2b361c2613ccca474b49b8c648de5208e32f8?s=96&d=mm&r=g\",\"contentUrl\":\"https:\\\/\\\/secure.gravatar.com\\\/avatar\\\/ada4dfd699a9907706987adb1bb2b361c2613ccca474b49b8c648de5208e32f8?s=96&d=mm&r=g\",\"caption\":\"Mostra de Val\u00e8ncia\"}}]}<\/script>\n<!-- \/ Yoast SEO plugin. -->","yoast_head_json":{"title":"Mostra de Val\u00e8ncia dissenya el full de ruta per als pr\u00f2xims tres anys - Mostra de Val\u00e8ncia","robots":{"index":"index","follow":"follow","max-snippet":"max-snippet:-1","max-image-preview":"max-image-preview:large","max-video-preview":"max-video-preview:-1"},"canonical":"https:\/\/lamostradevalencia.com\/ca\/mostra-de-valencia-dissenya-el-full-de-ruta-per-als-proxims-tres-anys\/","og_locale":"ca_ES","og_type":"article","og_title":"Mostra de Val\u00e8ncia dissenya el full de ruta per als pr\u00f2xims tres anys - Mostra de Val\u00e8ncia","og_description":"El nou pla estrat\u00e8gic del festival aposta per potenciar la contribuci\u00f3 de l&#8217;activitat cultural als Objectius de Desenvolupament Sostenible El\u00a0pla estrat\u00e8gic 2023-2025\u00a0de Mostra de Val\u00e8ncia, [&hellip;]","og_url":"https:\/\/lamostradevalencia.com\/ca\/mostra-de-valencia-dissenya-el-full-de-ruta-per-als-proxims-tres-anys\/","og_site_name":"Mostra de Val\u00e8ncia","article_published_time":"2023-02-03T12:45:48+00:00","og_image":[{"width":678,"height":612,"url":"https:\/\/lamostradevalencia.com\/wp-content\/uploads\/2023\/02\/mostra-plan.jpg","type":"image\/jpeg"}],"author":"Mostra de Val\u00e8ncia","twitter_card":"summary_large_image","twitter_misc":{"Escrit per":"Mostra de Val\u00e8ncia","Temps estimat de lectura":"2 minuts"},"schema":{"@context":"https:\/\/schema.org","@graph":[{"@type":"Article","@id":"https:\/\/lamostradevalencia.com\/ca\/mostra-de-valencia-dissenya-el-full-de-ruta-per-als-proxims-tres-anys\/#article","isPartOf":{"@id":"https:\/\/lamostradevalencia.com\/ca\/mostra-de-valencia-dissenya-el-full-de-ruta-per-als-proxims-tres-anys\/"},"author":{"name":"Mostra de Val\u00e8ncia","@id":"https:\/\/lamostradevalencia.com\/ca\/#\/schema\/person\/1dc07e4df3d6310b81d2cdf6a034070c"},"headline":"Mostra de Val\u00e8ncia dissenya el full de ruta per als pr\u00f2xims tres anys","datePublished":"2023-02-03T12:45:48+00:00","mainEntityOfPage":{"@id":"https:\/\/lamostradevalencia.com\/ca\/mostra-de-valencia-dissenya-el-full-de-ruta-per-als-proxims-tres-anys\/"},"wordCount":425,"commentCount":0,"image":{"@id":"https:\/\/lamostradevalencia.com\/ca\/mostra-de-valencia-dissenya-el-full-de-ruta-per-als-proxims-tres-anys\/#primaryimage"},"thumbnailUrl":"https:\/\/lamostradevalencia.com\/wp-content\/uploads\/2023\/02\/mostra-plan.jpg","articleSection":["Uncategorized @ca"],"inLanguage":"ca","potentialAction":[{"@type":"CommentAction","name":"Comment","target":["https:\/\/lamostradevalencia.com\/ca\/mostra-de-valencia-dissenya-el-full-de-ruta-per-als-proxims-tres-anys\/#respond"]}]},{"@type":"WebPage","@id":"https:\/\/lamostradevalencia.com\/ca\/mostra-de-valencia-dissenya-el-full-de-ruta-per-als-proxims-tres-anys\/","url":"https:\/\/lamostradevalencia.com\/ca\/mostra-de-valencia-dissenya-el-full-de-ruta-per-als-proxims-tres-anys\/","name":"Mostra de Val\u00e8ncia dissenya el full de ruta per als pr\u00f2xims tres anys - Mostra de Val\u00e8ncia","isPartOf":{"@id":"https:\/\/lamostradevalencia.com\/ca\/#website"},"primaryImageOfPage":{"@id":"https:\/\/lamostradevalencia.com\/ca\/mostra-de-valencia-dissenya-el-full-de-ruta-per-als-proxims-tres-anys\/#primaryimage"},"image":{"@id":"https:\/\/lamostradevalencia.com\/ca\/mostra-de-valencia-dissenya-el-full-de-ruta-per-als-proxims-tres-anys\/#primaryimage"},"thumbnailUrl":"https:\/\/lamostradevalencia.com\/wp-content\/uploads\/2023\/02\/mostra-plan.jpg","datePublished":"2023-02-03T12:45:48+00:00","author":{"@id":"https:\/\/lamostradevalencia.com\/ca\/#\/schema\/person\/1dc07e4df3d6310b81d2cdf6a034070c"},"breadcrumb":{"@id":"https:\/\/lamostradevalencia.com\/ca\/mostra-de-valencia-dissenya-el-full-de-ruta-per-als-proxims-tres-anys\/#breadcrumb"},"inLanguage":"ca","potentialAction":[{"@type":"ReadAction","target":["https:\/\/lamostradevalencia.com\/ca\/mostra-de-valencia-dissenya-el-full-de-ruta-per-als-proxims-tres-anys\/"]}]},{"@type":"ImageObject","inLanguage":"ca","@id":"https:\/\/lamostradevalencia.com\/ca\/mostra-de-valencia-dissenya-el-full-de-ruta-per-als-proxims-tres-anys\/#primaryimage","url":"https:\/\/lamostradevalencia.com\/wp-content\/uploads\/2023\/02\/mostra-plan.jpg","contentUrl":"https:\/\/lamostradevalencia.com\/wp-content\/uploads\/2023\/02\/mostra-plan.jpg","width":678,"height":612},{"@type":"BreadcrumbList","@id":"https:\/\/lamostradevalencia.com\/ca\/mostra-de-valencia-dissenya-el-full-de-ruta-per-als-proxims-tres-anys\/#breadcrumb","itemListElement":[{"@type":"ListItem","position":1,"name":"Portada","item":"https:\/\/lamostradevalencia.com\/ca\/"},{"@type":"ListItem","position":2,"name":"Mostra de Val\u00e8ncia dissenya el full de ruta per als pr\u00f2xims tres anys"}]},{"@type":"WebSite","@id":"https:\/\/lamostradevalencia.com\/ca\/#website","url":"https:\/\/lamostradevalencia.com\/ca\/","name":"Mostra de Val\u00e8ncia","description":"Cinema del Mediterrani","potentialAction":[{"@type":"SearchAction","target":{"@type":"EntryPoint","urlTemplate":"https:\/\/lamostradevalencia.com\/ca\/?s={search_term_string}"},"query-input":{"@type":"PropertyValueSpecification","valueRequired":true,"valueName":"search_term_string"}}],"inLanguage":"ca"},{"@type":"Person","@id":"https:\/\/lamostradevalencia.com\/ca\/#\/schema\/person\/1dc07e4df3d6310b81d2cdf6a034070c","name":"Mostra de Val\u00e8ncia","image":{"@type":"ImageObject","inLanguage":"ca","@id":"https:\/\/secure.gravatar.com\/avatar\/ada4dfd699a9907706987adb1bb2b361c2613ccca474b49b8c648de5208e32f8?s=96&d=mm&r=g","url":"https:\/\/secure.gravatar.com\/avatar\/ada4dfd699a9907706987adb1bb2b361c2613ccca474b49b8c648de5208e32f8?s=96&d=mm&r=g","contentUrl":"https:\/\/secure.gravatar.com\/avatar\/ada4dfd699a9907706987adb1bb2b361c2613ccca474b49b8c648de5208e32f8?s=96&d=mm&r=g","caption":"Mostra de Val\u00e8ncia"}}]}},"uagb_featured_image_src":{"full":["https:\/\/lamostradevalencia.com\/wp-content\/uploads\/2023\/02\/mostra-plan.jpg",678,612,false],"thumbnail":["https:\/\/lamostradevalencia.com\/wp-content\/uploads\/2023\/02\/mostra-plan-150x150.jpg",150,150,true],"medium":["https:\/\/lamostradevalencia.com\/wp-content\/uploads\/2023\/02\/mostra-plan-300x271.jpg",300,271,true],"medium_large":["https:\/\/lamostradevalencia.com\/wp-content\/uploads\/2023\/02\/mostra-plan.jpg",678,612,false],"large":["https:\/\/lamostradevalencia.com\/wp-content\/uploads\/2023\/02\/mostra-plan.jpg",678,612,false],"1536x1536":["https:\/\/lamostradevalencia.com\/wp-content\/uploads\/2023\/02\/mostra-plan.jpg",678,612,false],"2048x2048":["https:\/\/lamostradevalencia.com\/wp-content\/uploads\/2023\/02\/mostra-plan.jpg",678,612,false],"cinerama_edge_image_square":["https:\/\/lamostradevalencia.com\/wp-content\/uploads\/2023\/02\/mostra-plan-550x550.jpg",550,550,true],"cinerama_edge_image_landscape":["https:\/\/lamostradevalencia.com\/wp-content\/uploads\/2023\/02\/mostra-plan-678x550.jpg",678,550,true],"cinerama_edge_image_portrait":["https:\/\/lamostradevalencia.com\/wp-content\/uploads\/2023\/02\/mostra-plan-550x612.jpg",550,612,true],"cinerama_edge_image_huge":["https:\/\/lamostradevalencia.com\/wp-content\/uploads\/2023\/02\/mostra-plan.jpg",678,612,false],"gform-image-choice-sm":["https:\/\/lamostradevalencia.com\/wp-content\/uploads\/2023\/02\/mostra-plan.jpg",300,271,false],"gform-image-choice-md":["https:\/\/lamostradevalencia.com\/wp-content\/uploads\/2023\/02\/mostra-plan.jpg",400,361,false],"gform-image-choice-lg":["https:\/\/lamostradevalencia.com\/wp-content\/uploads\/2023\/02\/mostra-plan.jpg",600,542,false]},"uagb_author_info":{"display_name":"Mostra de Val\u00e8ncia","author_link":"https:\/\/lamostradevalencia.com\/ca\/author\/mostravalencia\/"},"uagb_comment_info":0,"uagb_excerpt":"El nou pla estrat\u00e8gic del festival aposta per potenciar la contribuci\u00f3 de l&#8217;activitat cultural als Objectius de Desenvolupament Sostenible El\u00a0pla estrat\u00e8gic 2023-2025\u00a0de Mostra de Val\u00e8ncia, [&hellip;]","_links":{"self":[{"href":"https:\/\/lamostradevalencia.com\/ca\/wp-json\/wp\/v2\/posts\/17609","targetHints":{"allow":["GET"]}}],"collection":[{"href":"https:\/\/lamostradevalencia.com\/ca\/wp-json\/wp\/v2\/posts"}],"about":[{"href":"https:\/\/lamostradevalencia.com\/ca\/wp-json\/wp\/v2\/types\/post"}],"author":[{"embeddable":true,"href":"https:\/\/lamostradevalencia.com\/ca\/wp-json\/wp\/v2\/users\/1"}],"replies":[{"embeddable":true,"href":"https:\/\/lamostradevalencia.com\/ca\/wp-json\/wp\/v2\/comments?post=17609"}],"version-history":[{"count":1,"href":"https:\/\/lamostradevalencia.com\/ca\/wp-json\/wp\/v2\/posts\/17609\/revisions"}],"predecessor-version":[{"id":17610,"href":"https:\/\/lamostradevalencia.com\/ca\/wp-json\/wp\/v2\/posts\/17609\/revisions\/17610"}],"wp:featuredmedia":[{"embeddable":true,"href":"https:\/\/lamostradevalencia.com\/ca\/wp-json\/wp\/v2\/media\/17603"}],"wp:attachment":[{"href":"https:\/\/lamostradevalencia.com\/ca\/wp-json\/wp\/v2\/media?parent=17609"}],"wp:term":[{"taxonomy":"category","embeddable":true,"href":"https:\/\/lamostradevalencia.com\/ca\/wp-json\/wp\/v2\/categories?post=17609"},{"taxonomy":"post_tag","embeddable":true,"href":"https:\/\/lamostradevalencia.com\/ca\/wp-json\/wp\/v2\/tags?post=17609"}],"curies":[{"name":"wp","href":"https:\/\/api.w.org\/{rel}","templated":true}]}}