{"id":17592,"date":"2023-01-19T12:49:15","date_gmt":"2023-01-19T10:49:15","guid":{"rendered":"https:\/\/lamostradevalencia.com\/?p=17592"},"modified":"2023-04-20T12:27:01","modified_gmt":"2023-04-20T10:27:01","slug":"mostra-de-valencia-es-presenta-en-fitur","status":"publish","type":"post","link":"https:\/\/lamostradevalencia.com\/ca\/mostra-de-valencia-es-presenta-en-fitur\/","title":{"rendered":"Mostra de Val\u00e8ncia es presenta en FITUR"},"content":{"rendered":"<p><span style=\"font-weight: 400;\">Dimecres passat 18, Mostra de Val\u00e8ncia-Cinema del Mediterrani va exposar les l\u00ednies b\u00e0siques del seu projecte en Fitur Screen, una iniciativa en col\u00b7laboraci\u00f3 amb Spain Film Commission que busca contribuir a fer d&#8217;Espanya un Hub Audiovisual global.<\/span><span style=\"font-weight: 400;\"><br \/>\n<\/span><\/p>\n<p><span style=\"font-weight: 400;\">Rosa Roig, directora t\u00e8cnica del festival valenci\u00e0, va fer una presentaci\u00f3 destacant el valor de la cultura cinematogr\u00e0fica en el context de la ind\u00fastria de l&#8217;oci, recordant que el principal motiu per a la creaci\u00f3 dels m\u00e9s importants cert\u00e0mens internacionals de cinema va ser precisament la seua vocaci\u00f3 de pol d&#8217;atracci\u00f3 tur\u00edstica. En eixe sentit, la Mostra ofereix al visitant for\u00e0 no sols la possibilitat de gaudir d&#8217;una notable selecci\u00f3 de pel\u00b7l\u00edcules in\u00e8dites a Espanya i de la pres\u00e8ncia dels seus directors, sin\u00f3 tamb\u00e9 l&#8217;oportunitat de con\u00e9ixer els atractius d&#8217;una ciutat que cada any es posiciona entre les m\u00e9s atractives d&#8217;Europa.<\/span><\/p>\n<p><span style=\"font-weight: 400;\">\u201cLes propostes de car\u00e0cter cultural han de ser un dels pilars fonamentals de l&#8217;oferta tur\u00edstica de Val\u00e8ncia, i \u00e9s des d&#8217;eixa perspectiva des de la qual la Mostra es postula com un important aparador de la ciutat de cara a l&#8217;exterior, portant el seu nom per tota la geografia mediterr\u00e0nia i configurant-se com un focus d&#8217;inter\u00e9s indiscutible per a atraure a ciutadans d&#8217;altres pa\u00efsos\u201d, ha comentat Gloria Tello, presidenta executiva del festival.<\/span><span style=\"font-weight: 400;\"><br \/>\n<\/span><span style=\"font-weight: 400;\">Roig va recordar el posicionament de la Mostra com primer esdeveniment cinematogr\u00e0fic de la Comunitat Valenciana en l&#8217;Observatori de la Cultura de la Fundaci\u00f3 Contempor\u00e0nia i la seua acreditaci\u00f3 com a festival especialitzat per la FIAPF, l&#8217;organitzaci\u00f3 m\u00e9s important del m\u00f3n en el seu camp.<\/span><\/p>\n<p><span style=\"font-weight: 400;\">La presentaci\u00f3 va formar part dels actes organitzats en FITUR per la Film Comission de la Comunitat, i va comptar amb la pres\u00e8ncia, entre altres, de Herick Manuel Campos, Director General de Turisme de la Comunitat Valenciana.<\/span><\/p>\n<p><span style=\"font-weight: 400;\">L&#8217;objectiu de Fitur Screen \u00e9s constituir-se en una plataforma que permeta connectar la ind\u00fastria tur\u00edstica i la cinematogr\u00e0fica mitjan\u00e7ant la difusi\u00f3 del coneixement sobre el turisme cinematogr\u00e0fic, l&#8217;intercanvi comercial entre els diferents actors i la formulaci\u00f3 de propostes de futur per al desenvolupament del sector a Espanya.<\/span><\/p>\n","protected":false},"excerpt":{"rendered":"<p>Dimecres passat 18, Mostra de Val\u00e8ncia-Cinema del Mediterrani va exposar les l\u00ednies b\u00e0siques del seu projecte en Fitur Screen, una iniciativa en col\u00b7laboraci\u00f3 amb Spain [&hellip;]<\/p>\n","protected":false},"author":1,"featured_media":17593,"comment_status":"open","ping_status":"open","sticky":false,"template":"","format":"standard","meta":{"_uag_custom_page_level_css":"","_jet_sm_ready_style":"","_jet_sm_style":"","_jet_sm_controls_values":"","_jet_sm_fonts_collection":"","_jet_sm_fonts_links":"","footnotes":""},"categories":[455],"tags":[],"class_list":["post-17592","post","type-post","status-publish","format-standard","has-post-thumbnail","hentry","category-noticies"],"yoast_head":"<!-- This site is optimized with the Yoast SEO plugin v27.5 - https:\/\/yoast.com\/product\/yoast-seo-wordpress\/ -->\n<title>Mostra de Val\u00e8ncia es presenta en FITUR - Mostra de Val\u00e8ncia<\/title>\n<meta name=\"robots\" content=\"index, follow, max-snippet:-1, max-image-preview:large, max-video-preview:-1\" \/>\n<link rel=\"canonical\" href=\"https:\/\/lamostradevalencia.com\/ca\/mostra-de-valencia-es-presenta-en-fitur\/\" \/>\n<meta property=\"og:locale\" content=\"ca_ES\" \/>\n<meta property=\"og:type\" content=\"article\" \/>\n<meta property=\"og:title\" content=\"Mostra de Val\u00e8ncia es presenta en FITUR - Mostra de Val\u00e8ncia\" \/>\n<meta property=\"og:description\" content=\"Dimecres passat 18, Mostra de Val\u00e8ncia-Cinema del Mediterrani va exposar les l\u00ednies b\u00e0siques del seu projecte en Fitur Screen, una iniciativa en col\u00b7laboraci\u00f3 amb Spain [&hellip;]\" \/>\n<meta property=\"og:url\" content=\"https:\/\/lamostradevalencia.com\/ca\/mostra-de-valencia-es-presenta-en-fitur\/\" \/>\n<meta property=\"og:site_name\" content=\"Mostra de Val\u00e8ncia\" \/>\n<meta property=\"article:published_time\" content=\"2023-01-19T10:49:15+00:00\" \/>\n<meta property=\"article:modified_time\" content=\"2023-04-20T10:27:01+00:00\" \/>\n<meta property=\"og:image\" content=\"https:\/\/lamostradevalencia.com\/wp-content\/uploads\/2023\/01\/WhatsApp-Image-2023-01-18-at-17.36.57-1-1.jpeg\" \/>\n\t<meta property=\"og:image:width\" content=\"1600\" \/>\n\t<meta property=\"og:image:height\" content=\"1069\" \/>\n\t<meta property=\"og:image:type\" content=\"image\/jpeg\" \/>\n<meta name=\"author\" content=\"Mostra de Val\u00e8ncia\" \/>\n<meta name=\"twitter:card\" content=\"summary_large_image\" \/>\n<meta name=\"twitter:label1\" content=\"Escrit per\" \/>\n\t<meta name=\"twitter:data1\" content=\"Mostra de Val\u00e8ncia\" \/>\n\t<meta name=\"twitter:label2\" content=\"Temps estimat de lectura\" \/>\n\t<meta name=\"twitter:data2\" content=\"2 minuts\" \/>\n<script type=\"application\/ld+json\" class=\"yoast-schema-graph\">{\"@context\":\"https:\\\/\\\/schema.org\",\"@graph\":[{\"@type\":\"Article\",\"@id\":\"https:\\\/\\\/lamostradevalencia.com\\\/ca\\\/mostra-de-valencia-es-presenta-en-fitur\\\/#article\",\"isPartOf\":{\"@id\":\"https:\\\/\\\/lamostradevalencia.com\\\/ca\\\/mostra-de-valencia-es-presenta-en-fitur\\\/\"},\"author\":{\"name\":\"Mostra de Val\u00e8ncia\",\"@id\":\"https:\\\/\\\/lamostradevalencia.com\\\/ca\\\/#\\\/schema\\\/person\\\/1dc07e4df3d6310b81d2cdf6a034070c\"},\"headline\":\"Mostra de Val\u00e8ncia es presenta en FITUR\",\"datePublished\":\"2023-01-19T10:49:15+00:00\",\"dateModified\":\"2023-04-20T10:27:01+00:00\",\"mainEntityOfPage\":{\"@id\":\"https:\\\/\\\/lamostradevalencia.com\\\/ca\\\/mostra-de-valencia-es-presenta-en-fitur\\\/\"},\"wordCount\":394,\"commentCount\":0,\"image\":{\"@id\":\"https:\\\/\\\/lamostradevalencia.com\\\/ca\\\/mostra-de-valencia-es-presenta-en-fitur\\\/#primaryimage\"},\"thumbnailUrl\":\"https:\\\/\\\/lamostradevalencia.com\\\/wp-content\\\/uploads\\\/2023\\\/01\\\/WhatsApp-Image-2023-01-18-at-17.36.57-1-1.jpeg\",\"articleSection\":[\"Noticies\"],\"inLanguage\":\"ca\",\"potentialAction\":[{\"@type\":\"CommentAction\",\"name\":\"Comment\",\"target\":[\"https:\\\/\\\/lamostradevalencia.com\\\/ca\\\/mostra-de-valencia-es-presenta-en-fitur\\\/#respond\"]}]},{\"@type\":\"WebPage\",\"@id\":\"https:\\\/\\\/lamostradevalencia.com\\\/ca\\\/mostra-de-valencia-es-presenta-en-fitur\\\/\",\"url\":\"https:\\\/\\\/lamostradevalencia.com\\\/ca\\\/mostra-de-valencia-es-presenta-en-fitur\\\/\",\"name\":\"Mostra de Val\u00e8ncia es presenta en FITUR - Mostra de Val\u00e8ncia\",\"isPartOf\":{\"@id\":\"https:\\\/\\\/lamostradevalencia.com\\\/ca\\\/#website\"},\"primaryImageOfPage\":{\"@id\":\"https:\\\/\\\/lamostradevalencia.com\\\/ca\\\/mostra-de-valencia-es-presenta-en-fitur\\\/#primaryimage\"},\"image\":{\"@id\":\"https:\\\/\\\/lamostradevalencia.com\\\/ca\\\/mostra-de-valencia-es-presenta-en-fitur\\\/#primaryimage\"},\"thumbnailUrl\":\"https:\\\/\\\/lamostradevalencia.com\\\/wp-content\\\/uploads\\\/2023\\\/01\\\/WhatsApp-Image-2023-01-18-at-17.36.57-1-1.jpeg\",\"datePublished\":\"2023-01-19T10:49:15+00:00\",\"dateModified\":\"2023-04-20T10:27:01+00:00\",\"author\":{\"@id\":\"https:\\\/\\\/lamostradevalencia.com\\\/ca\\\/#\\\/schema\\\/person\\\/1dc07e4df3d6310b81d2cdf6a034070c\"},\"breadcrumb\":{\"@id\":\"https:\\\/\\\/lamostradevalencia.com\\\/ca\\\/mostra-de-valencia-es-presenta-en-fitur\\\/#breadcrumb\"},\"inLanguage\":\"ca\",\"potentialAction\":[{\"@type\":\"ReadAction\",\"target\":[\"https:\\\/\\\/lamostradevalencia.com\\\/ca\\\/mostra-de-valencia-es-presenta-en-fitur\\\/\"]}]},{\"@type\":\"ImageObject\",\"inLanguage\":\"ca\",\"@id\":\"https:\\\/\\\/lamostradevalencia.com\\\/ca\\\/mostra-de-valencia-es-presenta-en-fitur\\\/#primaryimage\",\"url\":\"https:\\\/\\\/lamostradevalencia.com\\\/wp-content\\\/uploads\\\/2023\\\/01\\\/WhatsApp-Image-2023-01-18-at-17.36.57-1-1.jpeg\",\"contentUrl\":\"https:\\\/\\\/lamostradevalencia.com\\\/wp-content\\\/uploads\\\/2023\\\/01\\\/WhatsApp-Image-2023-01-18-at-17.36.57-1-1.jpeg\",\"width\":1600,\"height\":1069},{\"@type\":\"BreadcrumbList\",\"@id\":\"https:\\\/\\\/lamostradevalencia.com\\\/ca\\\/mostra-de-valencia-es-presenta-en-fitur\\\/#breadcrumb\",\"itemListElement\":[{\"@type\":\"ListItem\",\"position\":1,\"name\":\"Portada\",\"item\":\"https:\\\/\\\/lamostradevalencia.com\\\/ca\\\/\"},{\"@type\":\"ListItem\",\"position\":2,\"name\":\"Mostra de Val\u00e8ncia es presenta en FITUR\"}]},{\"@type\":\"WebSite\",\"@id\":\"https:\\\/\\\/lamostradevalencia.com\\\/ca\\\/#website\",\"url\":\"https:\\\/\\\/lamostradevalencia.com\\\/ca\\\/\",\"name\":\"Mostra de Val\u00e8ncia\",\"description\":\"Cinema del Mediterrani\",\"potentialAction\":[{\"@type\":\"SearchAction\",\"target\":{\"@type\":\"EntryPoint\",\"urlTemplate\":\"https:\\\/\\\/lamostradevalencia.com\\\/ca\\\/?s={search_term_string}\"},\"query-input\":{\"@type\":\"PropertyValueSpecification\",\"valueRequired\":true,\"valueName\":\"search_term_string\"}}],\"inLanguage\":\"ca\"},{\"@type\":\"Person\",\"@id\":\"https:\\\/\\\/lamostradevalencia.com\\\/ca\\\/#\\\/schema\\\/person\\\/1dc07e4df3d6310b81d2cdf6a034070c\",\"name\":\"Mostra de Val\u00e8ncia\",\"image\":{\"@type\":\"ImageObject\",\"inLanguage\":\"ca\",\"@id\":\"https:\\\/\\\/secure.gravatar.com\\\/avatar\\\/ada4dfd699a9907706987adb1bb2b361c2613ccca474b49b8c648de5208e32f8?s=96&d=mm&r=g\",\"url\":\"https:\\\/\\\/secure.gravatar.com\\\/avatar\\\/ada4dfd699a9907706987adb1bb2b361c2613ccca474b49b8c648de5208e32f8?s=96&d=mm&r=g\",\"contentUrl\":\"https:\\\/\\\/secure.gravatar.com\\\/avatar\\\/ada4dfd699a9907706987adb1bb2b361c2613ccca474b49b8c648de5208e32f8?s=96&d=mm&r=g\",\"caption\":\"Mostra de Val\u00e8ncia\"}}]}<\/script>\n<!-- \/ Yoast SEO plugin. -->","yoast_head_json":{"title":"Mostra de Val\u00e8ncia es presenta en FITUR - Mostra de Val\u00e8ncia","robots":{"index":"index","follow":"follow","max-snippet":"max-snippet:-1","max-image-preview":"max-image-preview:large","max-video-preview":"max-video-preview:-1"},"canonical":"https:\/\/lamostradevalencia.com\/ca\/mostra-de-valencia-es-presenta-en-fitur\/","og_locale":"ca_ES","og_type":"article","og_title":"Mostra de Val\u00e8ncia es presenta en FITUR - Mostra de Val\u00e8ncia","og_description":"Dimecres passat 18, Mostra de Val\u00e8ncia-Cinema del Mediterrani va exposar les l\u00ednies b\u00e0siques del seu projecte en Fitur Screen, una iniciativa en col\u00b7laboraci\u00f3 amb Spain [&hellip;]","og_url":"https:\/\/lamostradevalencia.com\/ca\/mostra-de-valencia-es-presenta-en-fitur\/","og_site_name":"Mostra de Val\u00e8ncia","article_published_time":"2023-01-19T10:49:15+00:00","article_modified_time":"2023-04-20T10:27:01+00:00","og_image":[{"width":1600,"height":1069,"url":"https:\/\/lamostradevalencia.com\/wp-content\/uploads\/2023\/01\/WhatsApp-Image-2023-01-18-at-17.36.57-1-1.jpeg","type":"image\/jpeg"}],"author":"Mostra de Val\u00e8ncia","twitter_card":"summary_large_image","twitter_misc":{"Escrit per":"Mostra de Val\u00e8ncia","Temps estimat de lectura":"2 minuts"},"schema":{"@context":"https:\/\/schema.org","@graph":[{"@type":"Article","@id":"https:\/\/lamostradevalencia.com\/ca\/mostra-de-valencia-es-presenta-en-fitur\/#article","isPartOf":{"@id":"https:\/\/lamostradevalencia.com\/ca\/mostra-de-valencia-es-presenta-en-fitur\/"},"author":{"name":"Mostra de Val\u00e8ncia","@id":"https:\/\/lamostradevalencia.com\/ca\/#\/schema\/person\/1dc07e4df3d6310b81d2cdf6a034070c"},"headline":"Mostra de Val\u00e8ncia es presenta en FITUR","datePublished":"2023-01-19T10:49:15+00:00","dateModified":"2023-04-20T10:27:01+00:00","mainEntityOfPage":{"@id":"https:\/\/lamostradevalencia.com\/ca\/mostra-de-valencia-es-presenta-en-fitur\/"},"wordCount":394,"commentCount":0,"image":{"@id":"https:\/\/lamostradevalencia.com\/ca\/mostra-de-valencia-es-presenta-en-fitur\/#primaryimage"},"thumbnailUrl":"https:\/\/lamostradevalencia.com\/wp-content\/uploads\/2023\/01\/WhatsApp-Image-2023-01-18-at-17.36.57-1-1.jpeg","articleSection":["Noticies"],"inLanguage":"ca","potentialAction":[{"@type":"CommentAction","name":"Comment","target":["https:\/\/lamostradevalencia.com\/ca\/mostra-de-valencia-es-presenta-en-fitur\/#respond"]}]},{"@type":"WebPage","@id":"https:\/\/lamostradevalencia.com\/ca\/mostra-de-valencia-es-presenta-en-fitur\/","url":"https:\/\/lamostradevalencia.com\/ca\/mostra-de-valencia-es-presenta-en-fitur\/","name":"Mostra de Val\u00e8ncia es presenta en FITUR - Mostra de Val\u00e8ncia","isPartOf":{"@id":"https:\/\/lamostradevalencia.com\/ca\/#website"},"primaryImageOfPage":{"@id":"https:\/\/lamostradevalencia.com\/ca\/mostra-de-valencia-es-presenta-en-fitur\/#primaryimage"},"image":{"@id":"https:\/\/lamostradevalencia.com\/ca\/mostra-de-valencia-es-presenta-en-fitur\/#primaryimage"},"thumbnailUrl":"https:\/\/lamostradevalencia.com\/wp-content\/uploads\/2023\/01\/WhatsApp-Image-2023-01-18-at-17.36.57-1-1.jpeg","datePublished":"2023-01-19T10:49:15+00:00","dateModified":"2023-04-20T10:27:01+00:00","author":{"@id":"https:\/\/lamostradevalencia.com\/ca\/#\/schema\/person\/1dc07e4df3d6310b81d2cdf6a034070c"},"breadcrumb":{"@id":"https:\/\/lamostradevalencia.com\/ca\/mostra-de-valencia-es-presenta-en-fitur\/#breadcrumb"},"inLanguage":"ca","potentialAction":[{"@type":"ReadAction","target":["https:\/\/lamostradevalencia.com\/ca\/mostra-de-valencia-es-presenta-en-fitur\/"]}]},{"@type":"ImageObject","inLanguage":"ca","@id":"https:\/\/lamostradevalencia.com\/ca\/mostra-de-valencia-es-presenta-en-fitur\/#primaryimage","url":"https:\/\/lamostradevalencia.com\/wp-content\/uploads\/2023\/01\/WhatsApp-Image-2023-01-18-at-17.36.57-1-1.jpeg","contentUrl":"https:\/\/lamostradevalencia.com\/wp-content\/uploads\/2023\/01\/WhatsApp-Image-2023-01-18-at-17.36.57-1-1.jpeg","width":1600,"height":1069},{"@type":"BreadcrumbList","@id":"https:\/\/lamostradevalencia.com\/ca\/mostra-de-valencia-es-presenta-en-fitur\/#breadcrumb","itemListElement":[{"@type":"ListItem","position":1,"name":"Portada","item":"https:\/\/lamostradevalencia.com\/ca\/"},{"@type":"ListItem","position":2,"name":"Mostra de Val\u00e8ncia es presenta en FITUR"}]},{"@type":"WebSite","@id":"https:\/\/lamostradevalencia.com\/ca\/#website","url":"https:\/\/lamostradevalencia.com\/ca\/","name":"Mostra de Val\u00e8ncia","description":"Cinema del Mediterrani","potentialAction":[{"@type":"SearchAction","target":{"@type":"EntryPoint","urlTemplate":"https:\/\/lamostradevalencia.com\/ca\/?s={search_term_string}"},"query-input":{"@type":"PropertyValueSpecification","valueRequired":true,"valueName":"search_term_string"}}],"inLanguage":"ca"},{"@type":"Person","@id":"https:\/\/lamostradevalencia.com\/ca\/#\/schema\/person\/1dc07e4df3d6310b81d2cdf6a034070c","name":"Mostra de Val\u00e8ncia","image":{"@type":"ImageObject","inLanguage":"ca","@id":"https:\/\/secure.gravatar.com\/avatar\/ada4dfd699a9907706987adb1bb2b361c2613ccca474b49b8c648de5208e32f8?s=96&d=mm&r=g","url":"https:\/\/secure.gravatar.com\/avatar\/ada4dfd699a9907706987adb1bb2b361c2613ccca474b49b8c648de5208e32f8?s=96&d=mm&r=g","contentUrl":"https:\/\/secure.gravatar.com\/avatar\/ada4dfd699a9907706987adb1bb2b361c2613ccca474b49b8c648de5208e32f8?s=96&d=mm&r=g","caption":"Mostra de Val\u00e8ncia"}}]}},"uagb_featured_image_src":{"full":["https:\/\/lamostradevalencia.com\/wp-content\/uploads\/2023\/01\/WhatsApp-Image-2023-01-18-at-17.36.57-1-1.jpeg",1600,1069,false],"thumbnail":["https:\/\/lamostradevalencia.com\/wp-content\/uploads\/2023\/01\/WhatsApp-Image-2023-01-18-at-17.36.57-1-1-150x150.jpeg",150,150,true],"medium":["https:\/\/lamostradevalencia.com\/wp-content\/uploads\/2023\/01\/WhatsApp-Image-2023-01-18-at-17.36.57-1-1-300x200.jpeg",300,200,true],"medium_large":["https:\/\/lamostradevalencia.com\/wp-content\/uploads\/2023\/01\/WhatsApp-Image-2023-01-18-at-17.36.57-1-1-768x513.jpeg",768,513,true],"large":["https:\/\/lamostradevalencia.com\/wp-content\/uploads\/2023\/01\/WhatsApp-Image-2023-01-18-at-17.36.57-1-1-1024x684.jpeg",1024,684,true],"1536x1536":["https:\/\/lamostradevalencia.com\/wp-content\/uploads\/2023\/01\/WhatsApp-Image-2023-01-18-at-17.36.57-1-1-1536x1026.jpeg",1536,1026,true],"2048x2048":["https:\/\/lamostradevalencia.com\/wp-content\/uploads\/2023\/01\/WhatsApp-Image-2023-01-18-at-17.36.57-1-1.jpeg",1600,1069,false],"cinerama_edge_image_square":["https:\/\/lamostradevalencia.com\/wp-content\/uploads\/2023\/01\/WhatsApp-Image-2023-01-18-at-17.36.57-1-1-550x550.jpeg",550,550,true],"cinerama_edge_image_landscape":["https:\/\/lamostradevalencia.com\/wp-content\/uploads\/2023\/01\/WhatsApp-Image-2023-01-18-at-17.36.57-1-1-1100x550.jpeg",1100,550,true],"cinerama_edge_image_portrait":["https:\/\/lamostradevalencia.com\/wp-content\/uploads\/2023\/01\/WhatsApp-Image-2023-01-18-at-17.36.57-1-1-550x1069.jpeg",550,1069,true],"cinerama_edge_image_huge":["https:\/\/lamostradevalencia.com\/wp-content\/uploads\/2023\/01\/WhatsApp-Image-2023-01-18-at-17.36.57-1-1-1100x1069.jpeg",1100,1069,true],"gform-image-choice-sm":["https:\/\/lamostradevalencia.com\/wp-content\/uploads\/2023\/01\/WhatsApp-Image-2023-01-18-at-17.36.57-1-1.jpeg",300,200,false],"gform-image-choice-md":["https:\/\/lamostradevalencia.com\/wp-content\/uploads\/2023\/01\/WhatsApp-Image-2023-01-18-at-17.36.57-1-1.jpeg",400,267,false],"gform-image-choice-lg":["https:\/\/lamostradevalencia.com\/wp-content\/uploads\/2023\/01\/WhatsApp-Image-2023-01-18-at-17.36.57-1-1.jpeg",600,401,false]},"uagb_author_info":{"display_name":"Mostra de Val\u00e8ncia","author_link":"https:\/\/lamostradevalencia.com\/ca\/author\/mostravalencia\/"},"uagb_comment_info":0,"uagb_excerpt":"Dimecres passat 18, Mostra de Val\u00e8ncia-Cinema del Mediterrani va exposar les l\u00ednies b\u00e0siques del seu projecte en Fitur Screen, una iniciativa en col\u00b7laboraci\u00f3 amb Spain [&hellip;]","_links":{"self":[{"href":"https:\/\/lamostradevalencia.com\/ca\/wp-json\/wp\/v2\/posts\/17592","targetHints":{"allow":["GET"]}}],"collection":[{"href":"https:\/\/lamostradevalencia.com\/ca\/wp-json\/wp\/v2\/posts"}],"about":[{"href":"https:\/\/lamostradevalencia.com\/ca\/wp-json\/wp\/v2\/types\/post"}],"author":[{"embeddable":true,"href":"https:\/\/lamostradevalencia.com\/ca\/wp-json\/wp\/v2\/users\/1"}],"replies":[{"embeddable":true,"href":"https:\/\/lamostradevalencia.com\/ca\/wp-json\/wp\/v2\/comments?post=17592"}],"version-history":[{"count":2,"href":"https:\/\/lamostradevalencia.com\/ca\/wp-json\/wp\/v2\/posts\/17592\/revisions"}],"predecessor-version":[{"id":17794,"href":"https:\/\/lamostradevalencia.com\/ca\/wp-json\/wp\/v2\/posts\/17592\/revisions\/17794"}],"wp:featuredmedia":[{"embeddable":true,"href":"https:\/\/lamostradevalencia.com\/ca\/wp-json\/wp\/v2\/media\/17593"}],"wp:attachment":[{"href":"https:\/\/lamostradevalencia.com\/ca\/wp-json\/wp\/v2\/media?parent=17592"}],"wp:term":[{"taxonomy":"category","embeddable":true,"href":"https:\/\/lamostradevalencia.com\/ca\/wp-json\/wp\/v2\/categories?post=17592"},{"taxonomy":"post_tag","embeddable":true,"href":"https:\/\/lamostradevalencia.com\/ca\/wp-json\/wp\/v2\/tags?post=17592"}],"curies":[{"name":"wp","href":"https:\/\/api.w.org\/{rel}","templated":true}]}}