{"id":17580,"date":"2022-12-28T13:22:09","date_gmt":"2022-12-28T11:22:09","guid":{"rendered":"https:\/\/lamostradevalencia.com\/?p=17580"},"modified":"2022-12-28T13:20:23","modified_gmt":"2022-12-28T11:20:23","slug":"mostra-de-valencia-celebrara-la-proxima-edicio-del-19-al-29-doctubre-de-2023","status":"publish","type":"post","link":"https:\/\/lamostradevalencia.com\/ca\/mostra-de-valencia-celebrara-la-proxima-edicio-del-19-al-29-doctubre-de-2023\/","title":{"rendered":"Mostra de Val\u00e8ncia celebrar\u00e0 la pr\u00f2xima edici\u00f3 del 19 al 29 d&#8217;octubre de 2023"},"content":{"rendered":"<h5>Les xifres definitives de la 37 edici\u00f3 suposen una tornada a registres prepand\u00e8mics amb una assist\u00e8ncia total de 10.066 espectadors<\/h5>\n<p>Mostra de Val\u00e8ncia\u2013 Cinema del Mediterrani tanca en estos dies l&#8217;exercici 2022 i projecta ja els continguts de la pr\u00f2xima edici\u00f3. Mantindr\u00e0 l&#8217;espai en el calendari que ja \u00e9s tradicional en el festival, i s\u2019aferma com a cita cinematogr\u00e0fica ineludible en la tardor cultural valenciana: <strong>se celebrar\u00e0 del 19 al 29 d&#8217;octubre de 2023<\/strong>.<\/p>\n<p>La xifra total d&#8217;assistents en l&#8217;edici\u00f3 de 2022 va ser de 10.066 persones, la qual cosa suposa tornar a registres prepand\u00e8mics. A estes xifres han contribu\u00eft decididament <strong>l&#8217;extensi\u00f3 del cicle Robert Gu\u00e9diguian al llarg del mes de novembre en Filmoteca<\/strong>, la qual cosa ha perm\u00e9s al festival allargar-se m\u00e9s enll\u00e0 de les seues dates naturals.<strong> El mateix ha ocorregut amb l&#8217;exposici\u00f3 de Carole Bellaiche, \u2018Retrats de cine\u2019, que es va poder visitar en la Galeria del Tossal fins al 16 de novembre<\/strong>.<\/p>\n<p>La presidenta de Mostra de Val\u00e8ncia, Gloria Tello, valora molt positivament estes dades: \u201cEste ha sigut l&#8217;any de consolidaci\u00f3 definitiva d&#8217;un projecte que v\u00e0rem recuperar en 2018 amb la il\u00b7lusi\u00f3 d&#8217;oferir a la ciutat <strong>un festival internacional de primer nivell, que ha sabut sobreposar-se a circumst\u00e0ncies tan adverses com dos anys de pand\u00e8mia<\/strong> apostant pel rigor, la qualitat i la cerca d&#8217;una identitat pr\u00f2pia&#8221;.<\/p>\n<p>Cal destacar el bon acolliment dels passes de la <strong>Secci\u00f3 Oficial<\/strong>, la m\u00e9s completa i plural dels \u00faltims anys, <strong>que va convocar un 20% m\u00e9s d&#8217;assist\u00e8ncia que en 2021<\/strong>. A m\u00e9s, diversos passes dels t\u00edtols a concurs van penjar el cartell de \u201cno hi ha localitats\u201d als Cines Babel. L&#8217;entusiasme pel cinema produ\u00eft a Val\u00e8ncia tamb\u00e9 s&#8217;ha vist refor\u00e7at: es van esgotar les entrades de les projeccions especials de t\u00edtols com \u2018El agua\u2019, \u2018En temporada baja\u2019 i \u2018Vasil\u2019.<strong> La retrospectiva a Gu\u00e9diguian en la Filmoteca ha acumulat un 33% m\u00e9s d&#8217;espectadors que el mateix cicle de l&#8217;any anterior.<\/strong><\/p>\n<p>La Mostra de Val\u00e8ncia va portar el cinema m\u00e9s que mai al centre de la ciutat amb la creaci\u00f3 de l\u2019Espai Mostra en la pla\u00e7a de l&#8217;Ajuntament, que va acollir diferents activitats, com ara la presentaci\u00f3 al p\u00fablic de diverses pel\u00b7l\u00edcules amb el seu equip art\u00edstic. Tamb\u00e9 es van emetre des d&#8217;all\u00ed programes de r\u00e0dio nacionals, com ara \u2018De pel\u00b7l\u00edcula\u2019 de RNE o \u2018Kin\u00f3tico\u2019 i connexions amb \u2018Julia a l&#8217;Onda\u2019, d&#8217;Onda Cero; i auton\u00f2mics com \u2018Podr\u00edem fer-ho millor\u2019 i \u2018Pr\u00f2xima parada\u2019, d&#8217;\u00c0 Punt R\u00e0dio, i \u2018Un torrent de Cinema\u2019, de SomCom. A m\u00e9s de col\u00b7loquis sobre el paper de la dona al cinema actual, promoguts per CIMA, amb la pres\u00e8ncia d\u2019Evanthia Reboutsika, Beatriz Sanchis, Sara Masanet i N\u00faria Cidoncha.<\/p>\n<p>El festival es marca per a l&#8217;any pr\u00f2xim c<strong>om a principal objectiu consolidar el vessant industrial, amb la celebraci\u00f3 de la segona edici\u00f3 del f\u00f2rum de coproducci\u00f3 Val\u00e8ncia Film Afers<\/strong>, que va reunir en la seua primera convocat\u00f2ria un important nombre de professionals del sector cinematogr\u00e0fic de l\u2019\u00e0mbit internacional. Tamb\u00e9 s&#8217;aspira a consolidar la l\u00ednia de publicacions, perqu\u00e8 enguany es van recuperar \u2018Els quaderns de la Mostra\u2019, amb un monogr\u00e0fic dedicat al cineasta experimental Llu\u00eds Rivera, i es va publicar un assaig dedicat a la Palmera d&#8217;Honor: \u2018La gent no s&#8217;adona del poder que te\u2019, d\u2019Aar\u00f3n Rodr\u00edguez Serrano.<\/p>\n<p>La 37a Mostra de Val\u00e8ncia\u2013 Cinema del Mediterrani ha comptat amb la col\u00b7laboraci\u00f3 de l\u2019Institut Valenci\u00e0 de Cultura (IVC), Rambleta, Val\u00e8ncia Film Office, Barreira Arte + Dise\u00f1o i \u00c0 Punt M\u00e8dia com a mitj\u00e0 oficial.<\/p>\n","protected":false},"excerpt":{"rendered":"<p>Les xifres definitives de la 37 edici\u00f3 suposen una tornada a registres prepand\u00e8mics amb una assist\u00e8ncia total de 10.066 espectadors Mostra de Val\u00e8ncia\u2013 Cinema del [&hellip;]<\/p>\n","protected":false},"author":1,"featured_media":17576,"comment_status":"open","ping_status":"open","sticky":false,"template":"","format":"standard","meta":{"_uag_custom_page_level_css":"","_jet_sm_ready_style":"","_jet_sm_style":"","_jet_sm_controls_values":"","_jet_sm_fonts_collection":"","_jet_sm_fonts_links":"","footnotes":""},"categories":[455],"tags":[],"class_list":["post-17580","post","type-post","status-publish","format-standard","has-post-thumbnail","hentry","category-noticies"],"yoast_head":"<!-- This site is optimized with the Yoast SEO plugin v27.5 - https:\/\/yoast.com\/product\/yoast-seo-wordpress\/ -->\n<title>Mostra de Val\u00e8ncia celebrar\u00e0 la pr\u00f2xima edici\u00f3 del 19 al 29 d&#039;octubre de 2023 - Mostra de Val\u00e8ncia<\/title>\n<meta name=\"robots\" content=\"index, follow, max-snippet:-1, max-image-preview:large, max-video-preview:-1\" \/>\n<link rel=\"canonical\" href=\"https:\/\/lamostradevalencia.com\/ca\/mostra-de-valencia-celebrara-la-proxima-edicio-del-19-al-29-doctubre-de-2023\/\" \/>\n<meta property=\"og:locale\" content=\"ca_ES\" \/>\n<meta property=\"og:type\" content=\"article\" \/>\n<meta property=\"og:title\" content=\"Mostra de Val\u00e8ncia celebrar\u00e0 la pr\u00f2xima edici\u00f3 del 19 al 29 d&#039;octubre de 2023 - Mostra de Val\u00e8ncia\" \/>\n<meta property=\"og:description\" content=\"Les xifres definitives de la 37 edici\u00f3 suposen una tornada a registres prepand\u00e8mics amb una assist\u00e8ncia total de 10.066 espectadors Mostra de Val\u00e8ncia\u2013 Cinema del [&hellip;]\" \/>\n<meta property=\"og:url\" content=\"https:\/\/lamostradevalencia.com\/ca\/mostra-de-valencia-celebrara-la-proxima-edicio-del-19-al-29-doctubre-de-2023\/\" \/>\n<meta property=\"og:site_name\" content=\"Mostra de Val\u00e8ncia\" \/>\n<meta property=\"article:published_time\" content=\"2022-12-28T11:22:09+00:00\" \/>\n<meta property=\"og:image\" content=\"https:\/\/lamostradevalencia.com\/wp-content\/uploads\/2022\/12\/WhatsApp-Image-2022-12-28-at-11.30.54-e1672225529590.jpeg\" \/>\n\t<meta property=\"og:image:width\" content=\"1600\" \/>\n\t<meta property=\"og:image:height\" content=\"1600\" \/>\n\t<meta property=\"og:image:type\" content=\"image\/jpeg\" \/>\n<meta name=\"author\" content=\"Mostra de Val\u00e8ncia\" \/>\n<meta name=\"twitter:card\" content=\"summary_large_image\" \/>\n<meta name=\"twitter:label1\" content=\"Escrit per\" \/>\n\t<meta name=\"twitter:data1\" content=\"Mostra de Val\u00e8ncia\" \/>\n\t<meta name=\"twitter:label2\" content=\"Temps estimat de lectura\" \/>\n\t<meta name=\"twitter:data2\" content=\"3 minuts\" \/>\n<script type=\"application\/ld+json\" class=\"yoast-schema-graph\">{\"@context\":\"https:\\\/\\\/schema.org\",\"@graph\":[{\"@type\":\"Article\",\"@id\":\"https:\\\/\\\/lamostradevalencia.com\\\/ca\\\/mostra-de-valencia-celebrara-la-proxima-edicio-del-19-al-29-doctubre-de-2023\\\/#article\",\"isPartOf\":{\"@id\":\"https:\\\/\\\/lamostradevalencia.com\\\/ca\\\/mostra-de-valencia-celebrara-la-proxima-edicio-del-19-al-29-doctubre-de-2023\\\/\"},\"author\":{\"name\":\"Mostra de Val\u00e8ncia\",\"@id\":\"https:\\\/\\\/lamostradevalencia.com\\\/ca\\\/#\\\/schema\\\/person\\\/1dc07e4df3d6310b81d2cdf6a034070c\"},\"headline\":\"Mostra de Val\u00e8ncia celebrar\u00e0 la pr\u00f2xima edici\u00f3 del 19 al 29 d&#8217;octubre de 2023\",\"datePublished\":\"2022-12-28T11:22:09+00:00\",\"mainEntityOfPage\":{\"@id\":\"https:\\\/\\\/lamostradevalencia.com\\\/ca\\\/mostra-de-valencia-celebrara-la-proxima-edicio-del-19-al-29-doctubre-de-2023\\\/\"},\"wordCount\":660,\"commentCount\":0,\"image\":{\"@id\":\"https:\\\/\\\/lamostradevalencia.com\\\/ca\\\/mostra-de-valencia-celebrara-la-proxima-edicio-del-19-al-29-doctubre-de-2023\\\/#primaryimage\"},\"thumbnailUrl\":\"https:\\\/\\\/lamostradevalencia.com\\\/wp-content\\\/uploads\\\/2022\\\/12\\\/WhatsApp-Image-2022-12-28-at-11.30.54-e1672225529590.jpeg\",\"articleSection\":[\"Noticies\"],\"inLanguage\":\"ca\",\"potentialAction\":[{\"@type\":\"CommentAction\",\"name\":\"Comment\",\"target\":[\"https:\\\/\\\/lamostradevalencia.com\\\/ca\\\/mostra-de-valencia-celebrara-la-proxima-edicio-del-19-al-29-doctubre-de-2023\\\/#respond\"]}]},{\"@type\":\"WebPage\",\"@id\":\"https:\\\/\\\/lamostradevalencia.com\\\/ca\\\/mostra-de-valencia-celebrara-la-proxima-edicio-del-19-al-29-doctubre-de-2023\\\/\",\"url\":\"https:\\\/\\\/lamostradevalencia.com\\\/ca\\\/mostra-de-valencia-celebrara-la-proxima-edicio-del-19-al-29-doctubre-de-2023\\\/\",\"name\":\"Mostra de Val\u00e8ncia celebrar\u00e0 la pr\u00f2xima edici\u00f3 del 19 al 29 d'octubre de 2023 - Mostra de Val\u00e8ncia\",\"isPartOf\":{\"@id\":\"https:\\\/\\\/lamostradevalencia.com\\\/ca\\\/#website\"},\"primaryImageOfPage\":{\"@id\":\"https:\\\/\\\/lamostradevalencia.com\\\/ca\\\/mostra-de-valencia-celebrara-la-proxima-edicio-del-19-al-29-doctubre-de-2023\\\/#primaryimage\"},\"image\":{\"@id\":\"https:\\\/\\\/lamostradevalencia.com\\\/ca\\\/mostra-de-valencia-celebrara-la-proxima-edicio-del-19-al-29-doctubre-de-2023\\\/#primaryimage\"},\"thumbnailUrl\":\"https:\\\/\\\/lamostradevalencia.com\\\/wp-content\\\/uploads\\\/2022\\\/12\\\/WhatsApp-Image-2022-12-28-at-11.30.54-e1672225529590.jpeg\",\"datePublished\":\"2022-12-28T11:22:09+00:00\",\"author\":{\"@id\":\"https:\\\/\\\/lamostradevalencia.com\\\/ca\\\/#\\\/schema\\\/person\\\/1dc07e4df3d6310b81d2cdf6a034070c\"},\"breadcrumb\":{\"@id\":\"https:\\\/\\\/lamostradevalencia.com\\\/ca\\\/mostra-de-valencia-celebrara-la-proxima-edicio-del-19-al-29-doctubre-de-2023\\\/#breadcrumb\"},\"inLanguage\":\"ca\",\"potentialAction\":[{\"@type\":\"ReadAction\",\"target\":[\"https:\\\/\\\/lamostradevalencia.com\\\/ca\\\/mostra-de-valencia-celebrara-la-proxima-edicio-del-19-al-29-doctubre-de-2023\\\/\"]}]},{\"@type\":\"ImageObject\",\"inLanguage\":\"ca\",\"@id\":\"https:\\\/\\\/lamostradevalencia.com\\\/ca\\\/mostra-de-valencia-celebrara-la-proxima-edicio-del-19-al-29-doctubre-de-2023\\\/#primaryimage\",\"url\":\"https:\\\/\\\/lamostradevalencia.com\\\/wp-content\\\/uploads\\\/2022\\\/12\\\/WhatsApp-Image-2022-12-28-at-11.30.54-e1672225529590.jpeg\",\"contentUrl\":\"https:\\\/\\\/lamostradevalencia.com\\\/wp-content\\\/uploads\\\/2022\\\/12\\\/WhatsApp-Image-2022-12-28-at-11.30.54-e1672225529590.jpeg\",\"width\":1600,\"height\":1600},{\"@type\":\"BreadcrumbList\",\"@id\":\"https:\\\/\\\/lamostradevalencia.com\\\/ca\\\/mostra-de-valencia-celebrara-la-proxima-edicio-del-19-al-29-doctubre-de-2023\\\/#breadcrumb\",\"itemListElement\":[{\"@type\":\"ListItem\",\"position\":1,\"name\":\"Portada\",\"item\":\"https:\\\/\\\/lamostradevalencia.com\\\/ca\\\/\"},{\"@type\":\"ListItem\",\"position\":2,\"name\":\"Mostra de Val\u00e8ncia celebrar\u00e0 la pr\u00f2xima edici\u00f3 del 19 al 29 d&#8217;octubre de 2023\"}]},{\"@type\":\"WebSite\",\"@id\":\"https:\\\/\\\/lamostradevalencia.com\\\/ca\\\/#website\",\"url\":\"https:\\\/\\\/lamostradevalencia.com\\\/ca\\\/\",\"name\":\"Mostra de Val\u00e8ncia\",\"description\":\"Cinema del Mediterrani\",\"potentialAction\":[{\"@type\":\"SearchAction\",\"target\":{\"@type\":\"EntryPoint\",\"urlTemplate\":\"https:\\\/\\\/lamostradevalencia.com\\\/ca\\\/?s={search_term_string}\"},\"query-input\":{\"@type\":\"PropertyValueSpecification\",\"valueRequired\":true,\"valueName\":\"search_term_string\"}}],\"inLanguage\":\"ca\"},{\"@type\":\"Person\",\"@id\":\"https:\\\/\\\/lamostradevalencia.com\\\/ca\\\/#\\\/schema\\\/person\\\/1dc07e4df3d6310b81d2cdf6a034070c\",\"name\":\"Mostra de Val\u00e8ncia\",\"image\":{\"@type\":\"ImageObject\",\"inLanguage\":\"ca\",\"@id\":\"https:\\\/\\\/secure.gravatar.com\\\/avatar\\\/ada4dfd699a9907706987adb1bb2b361c2613ccca474b49b8c648de5208e32f8?s=96&d=mm&r=g\",\"url\":\"https:\\\/\\\/secure.gravatar.com\\\/avatar\\\/ada4dfd699a9907706987adb1bb2b361c2613ccca474b49b8c648de5208e32f8?s=96&d=mm&r=g\",\"contentUrl\":\"https:\\\/\\\/secure.gravatar.com\\\/avatar\\\/ada4dfd699a9907706987adb1bb2b361c2613ccca474b49b8c648de5208e32f8?s=96&d=mm&r=g\",\"caption\":\"Mostra de Val\u00e8ncia\"}}]}<\/script>\n<!-- \/ Yoast SEO plugin. -->","yoast_head_json":{"title":"Mostra de Val\u00e8ncia celebrar\u00e0 la pr\u00f2xima edici\u00f3 del 19 al 29 d'octubre de 2023 - Mostra de Val\u00e8ncia","robots":{"index":"index","follow":"follow","max-snippet":"max-snippet:-1","max-image-preview":"max-image-preview:large","max-video-preview":"max-video-preview:-1"},"canonical":"https:\/\/lamostradevalencia.com\/ca\/mostra-de-valencia-celebrara-la-proxima-edicio-del-19-al-29-doctubre-de-2023\/","og_locale":"ca_ES","og_type":"article","og_title":"Mostra de Val\u00e8ncia celebrar\u00e0 la pr\u00f2xima edici\u00f3 del 19 al 29 d'octubre de 2023 - Mostra de Val\u00e8ncia","og_description":"Les xifres definitives de la 37 edici\u00f3 suposen una tornada a registres prepand\u00e8mics amb una assist\u00e8ncia total de 10.066 espectadors Mostra de Val\u00e8ncia\u2013 Cinema del [&hellip;]","og_url":"https:\/\/lamostradevalencia.com\/ca\/mostra-de-valencia-celebrara-la-proxima-edicio-del-19-al-29-doctubre-de-2023\/","og_site_name":"Mostra de Val\u00e8ncia","article_published_time":"2022-12-28T11:22:09+00:00","og_image":[{"width":1600,"height":1600,"url":"https:\/\/lamostradevalencia.com\/wp-content\/uploads\/2022\/12\/WhatsApp-Image-2022-12-28-at-11.30.54-e1672225529590.jpeg","type":"image\/jpeg"}],"author":"Mostra de Val\u00e8ncia","twitter_card":"summary_large_image","twitter_misc":{"Escrit per":"Mostra de Val\u00e8ncia","Temps estimat de lectura":"3 minuts"},"schema":{"@context":"https:\/\/schema.org","@graph":[{"@type":"Article","@id":"https:\/\/lamostradevalencia.com\/ca\/mostra-de-valencia-celebrara-la-proxima-edicio-del-19-al-29-doctubre-de-2023\/#article","isPartOf":{"@id":"https:\/\/lamostradevalencia.com\/ca\/mostra-de-valencia-celebrara-la-proxima-edicio-del-19-al-29-doctubre-de-2023\/"},"author":{"name":"Mostra de Val\u00e8ncia","@id":"https:\/\/lamostradevalencia.com\/ca\/#\/schema\/person\/1dc07e4df3d6310b81d2cdf6a034070c"},"headline":"Mostra de Val\u00e8ncia celebrar\u00e0 la pr\u00f2xima edici\u00f3 del 19 al 29 d&#8217;octubre de 2023","datePublished":"2022-12-28T11:22:09+00:00","mainEntityOfPage":{"@id":"https:\/\/lamostradevalencia.com\/ca\/mostra-de-valencia-celebrara-la-proxima-edicio-del-19-al-29-doctubre-de-2023\/"},"wordCount":660,"commentCount":0,"image":{"@id":"https:\/\/lamostradevalencia.com\/ca\/mostra-de-valencia-celebrara-la-proxima-edicio-del-19-al-29-doctubre-de-2023\/#primaryimage"},"thumbnailUrl":"https:\/\/lamostradevalencia.com\/wp-content\/uploads\/2022\/12\/WhatsApp-Image-2022-12-28-at-11.30.54-e1672225529590.jpeg","articleSection":["Noticies"],"inLanguage":"ca","potentialAction":[{"@type":"CommentAction","name":"Comment","target":["https:\/\/lamostradevalencia.com\/ca\/mostra-de-valencia-celebrara-la-proxima-edicio-del-19-al-29-doctubre-de-2023\/#respond"]}]},{"@type":"WebPage","@id":"https:\/\/lamostradevalencia.com\/ca\/mostra-de-valencia-celebrara-la-proxima-edicio-del-19-al-29-doctubre-de-2023\/","url":"https:\/\/lamostradevalencia.com\/ca\/mostra-de-valencia-celebrara-la-proxima-edicio-del-19-al-29-doctubre-de-2023\/","name":"Mostra de Val\u00e8ncia celebrar\u00e0 la pr\u00f2xima edici\u00f3 del 19 al 29 d'octubre de 2023 - Mostra de Val\u00e8ncia","isPartOf":{"@id":"https:\/\/lamostradevalencia.com\/ca\/#website"},"primaryImageOfPage":{"@id":"https:\/\/lamostradevalencia.com\/ca\/mostra-de-valencia-celebrara-la-proxima-edicio-del-19-al-29-doctubre-de-2023\/#primaryimage"},"image":{"@id":"https:\/\/lamostradevalencia.com\/ca\/mostra-de-valencia-celebrara-la-proxima-edicio-del-19-al-29-doctubre-de-2023\/#primaryimage"},"thumbnailUrl":"https:\/\/lamostradevalencia.com\/wp-content\/uploads\/2022\/12\/WhatsApp-Image-2022-12-28-at-11.30.54-e1672225529590.jpeg","datePublished":"2022-12-28T11:22:09+00:00","author":{"@id":"https:\/\/lamostradevalencia.com\/ca\/#\/schema\/person\/1dc07e4df3d6310b81d2cdf6a034070c"},"breadcrumb":{"@id":"https:\/\/lamostradevalencia.com\/ca\/mostra-de-valencia-celebrara-la-proxima-edicio-del-19-al-29-doctubre-de-2023\/#breadcrumb"},"inLanguage":"ca","potentialAction":[{"@type":"ReadAction","target":["https:\/\/lamostradevalencia.com\/ca\/mostra-de-valencia-celebrara-la-proxima-edicio-del-19-al-29-doctubre-de-2023\/"]}]},{"@type":"ImageObject","inLanguage":"ca","@id":"https:\/\/lamostradevalencia.com\/ca\/mostra-de-valencia-celebrara-la-proxima-edicio-del-19-al-29-doctubre-de-2023\/#primaryimage","url":"https:\/\/lamostradevalencia.com\/wp-content\/uploads\/2022\/12\/WhatsApp-Image-2022-12-28-at-11.30.54-e1672225529590.jpeg","contentUrl":"https:\/\/lamostradevalencia.com\/wp-content\/uploads\/2022\/12\/WhatsApp-Image-2022-12-28-at-11.30.54-e1672225529590.jpeg","width":1600,"height":1600},{"@type":"BreadcrumbList","@id":"https:\/\/lamostradevalencia.com\/ca\/mostra-de-valencia-celebrara-la-proxima-edicio-del-19-al-29-doctubre-de-2023\/#breadcrumb","itemListElement":[{"@type":"ListItem","position":1,"name":"Portada","item":"https:\/\/lamostradevalencia.com\/ca\/"},{"@type":"ListItem","position":2,"name":"Mostra de Val\u00e8ncia celebrar\u00e0 la pr\u00f2xima edici\u00f3 del 19 al 29 d&#8217;octubre de 2023"}]},{"@type":"WebSite","@id":"https:\/\/lamostradevalencia.com\/ca\/#website","url":"https:\/\/lamostradevalencia.com\/ca\/","name":"Mostra de Val\u00e8ncia","description":"Cinema del Mediterrani","potentialAction":[{"@type":"SearchAction","target":{"@type":"EntryPoint","urlTemplate":"https:\/\/lamostradevalencia.com\/ca\/?s={search_term_string}"},"query-input":{"@type":"PropertyValueSpecification","valueRequired":true,"valueName":"search_term_string"}}],"inLanguage":"ca"},{"@type":"Person","@id":"https:\/\/lamostradevalencia.com\/ca\/#\/schema\/person\/1dc07e4df3d6310b81d2cdf6a034070c","name":"Mostra de Val\u00e8ncia","image":{"@type":"ImageObject","inLanguage":"ca","@id":"https:\/\/secure.gravatar.com\/avatar\/ada4dfd699a9907706987adb1bb2b361c2613ccca474b49b8c648de5208e32f8?s=96&d=mm&r=g","url":"https:\/\/secure.gravatar.com\/avatar\/ada4dfd699a9907706987adb1bb2b361c2613ccca474b49b8c648de5208e32f8?s=96&d=mm&r=g","contentUrl":"https:\/\/secure.gravatar.com\/avatar\/ada4dfd699a9907706987adb1bb2b361c2613ccca474b49b8c648de5208e32f8?s=96&d=mm&r=g","caption":"Mostra de Val\u00e8ncia"}}]}},"uagb_featured_image_src":{"full":["https:\/\/lamostradevalencia.com\/wp-content\/uploads\/2022\/12\/WhatsApp-Image-2022-12-28-at-11.30.54-e1672225529590.jpeg",1600,1600,false],"thumbnail":["https:\/\/lamostradevalencia.com\/wp-content\/uploads\/2022\/12\/WhatsApp-Image-2022-12-28-at-11.30.54-150x150.jpeg",150,150,true],"medium":["https:\/\/lamostradevalencia.com\/wp-content\/uploads\/2022\/12\/WhatsApp-Image-2022-12-28-at-11.30.54-300x300.jpeg",300,300,true],"medium_large":["https:\/\/lamostradevalencia.com\/wp-content\/uploads\/2022\/12\/WhatsApp-Image-2022-12-28-at-11.30.54-768x768.jpeg",768,768,true],"large":["https:\/\/lamostradevalencia.com\/wp-content\/uploads\/2022\/12\/WhatsApp-Image-2022-12-28-at-11.30.54-1024x1024.jpeg",1024,1024,true],"1536x1536":["https:\/\/lamostradevalencia.com\/wp-content\/uploads\/2022\/12\/WhatsApp-Image-2022-12-28-at-11.30.54-1536x1536.jpeg",1536,1536,true],"2048x2048":["https:\/\/lamostradevalencia.com\/wp-content\/uploads\/2022\/12\/WhatsApp-Image-2022-12-28-at-11.30.54-e1672225529590.jpeg",1600,1600,false],"cinerama_edge_image_square":["https:\/\/lamostradevalencia.com\/wp-content\/uploads\/2022\/12\/WhatsApp-Image-2022-12-28-at-11.30.54-550x550.jpeg",550,550,true],"cinerama_edge_image_landscape":["https:\/\/lamostradevalencia.com\/wp-content\/uploads\/2022\/12\/WhatsApp-Image-2022-12-28-at-11.30.54-1100x550.jpeg",1100,550,true],"cinerama_edge_image_portrait":["https:\/\/lamostradevalencia.com\/wp-content\/uploads\/2022\/12\/WhatsApp-Image-2022-12-28-at-11.30.54-550x1100.jpeg",550,1100,true],"cinerama_edge_image_huge":["https:\/\/lamostradevalencia.com\/wp-content\/uploads\/2022\/12\/WhatsApp-Image-2022-12-28-at-11.30.54-1100x1100.jpeg",1100,1100,true],"gform-image-choice-sm":["https:\/\/lamostradevalencia.com\/wp-content\/uploads\/2022\/12\/WhatsApp-Image-2022-12-28-at-11.30.54-e1672225529590.jpeg",300,300,false],"gform-image-choice-md":["https:\/\/lamostradevalencia.com\/wp-content\/uploads\/2022\/12\/WhatsApp-Image-2022-12-28-at-11.30.54-e1672225529590.jpeg",400,400,false],"gform-image-choice-lg":["https:\/\/lamostradevalencia.com\/wp-content\/uploads\/2022\/12\/WhatsApp-Image-2022-12-28-at-11.30.54-e1672225529590.jpeg",600,600,false]},"uagb_author_info":{"display_name":"Mostra de Val\u00e8ncia","author_link":"https:\/\/lamostradevalencia.com\/ca\/author\/mostravalencia\/"},"uagb_comment_info":0,"uagb_excerpt":"Les xifres definitives de la 37 edici\u00f3 suposen una tornada a registres prepand\u00e8mics amb una assist\u00e8ncia total de 10.066 espectadors Mostra de Val\u00e8ncia\u2013 Cinema del [&hellip;]","_links":{"self":[{"href":"https:\/\/lamostradevalencia.com\/ca\/wp-json\/wp\/v2\/posts\/17580","targetHints":{"allow":["GET"]}}],"collection":[{"href":"https:\/\/lamostradevalencia.com\/ca\/wp-json\/wp\/v2\/posts"}],"about":[{"href":"https:\/\/lamostradevalencia.com\/ca\/wp-json\/wp\/v2\/types\/post"}],"author":[{"embeddable":true,"href":"https:\/\/lamostradevalencia.com\/ca\/wp-json\/wp\/v2\/users\/1"}],"replies":[{"embeddable":true,"href":"https:\/\/lamostradevalencia.com\/ca\/wp-json\/wp\/v2\/comments?post=17580"}],"version-history":[{"count":1,"href":"https:\/\/lamostradevalencia.com\/ca\/wp-json\/wp\/v2\/posts\/17580\/revisions"}],"predecessor-version":[{"id":17581,"href":"https:\/\/lamostradevalencia.com\/ca\/wp-json\/wp\/v2\/posts\/17580\/revisions\/17581"}],"wp:featuredmedia":[{"embeddable":true,"href":"https:\/\/lamostradevalencia.com\/ca\/wp-json\/wp\/v2\/media\/17576"}],"wp:attachment":[{"href":"https:\/\/lamostradevalencia.com\/ca\/wp-json\/wp\/v2\/media?parent=17580"}],"wp:term":[{"taxonomy":"category","embeddable":true,"href":"https:\/\/lamostradevalencia.com\/ca\/wp-json\/wp\/v2\/categories?post=17580"},{"taxonomy":"post_tag","embeddable":true,"href":"https:\/\/lamostradevalencia.com\/ca\/wp-json\/wp\/v2\/tags?post=17580"}],"curies":[{"name":"wp","href":"https:\/\/api.w.org\/{rel}","templated":true}]}}