{"id":17567,"date":"2022-11-07T12:37:04","date_gmt":"2022-11-07T10:37:04","guid":{"rendered":"https:\/\/lamostradevalencia.com\/?p=17567"},"modified":"2022-11-07T12:37:04","modified_gmt":"2022-11-07T10:37:04","slug":"mostra-de-valencia-registra-un-augment-despectadors-del-22-en-la-37a-edicio","status":"publish","type":"post","link":"https:\/\/lamostradevalencia.com\/ca\/mostra-de-valencia-registra-un-augment-despectadors-del-22-en-la-37a-edicio\/","title":{"rendered":"Mostra de Val\u00e8ncia registra un augment d&#8217;espectadors del 22% en la 37\u00aa edici\u00f3"},"content":{"rendered":"<h5>Les xifres provisionals del festival confirmen tant la recuperaci\u00f3 postpand\u00e8mica, com una major pres\u00e8ncia del certamen en el centre de la ciutat<\/h5>\n<p style=\"font-weight: 400;\">Mostra de Val\u00e8ncia\u2013Cinema del Mediterrani va a celebrar la seua gala de cloenda la setmana passada, per\u00f2 hi ha activitats que continuen en marxa, com ara l&#8217;exposici\u00f3 &#8216;Retrats de cine&#8217;, la primera exposici\u00f3 a Espanya de la fot\u00f2grafa francesa Carole Bella\u00efche, que es pot visitar en la Galeria del Tossal fins al 13 de novembre, o la retrospectiva integral de la Palmera d&#8217;Honor, Robert Gu\u00e9diguian, que continua projectant-se en la Filmoteca.<\/p>\n<p>Aix\u00ed i tot, el primer balan\u00e7 provisional parla del bon resultat d&#8217;esta edici\u00f3:\u00a0\u00a0els espectadors\u00a0en les projeccions, celebra la mayor\u00eda del 20 al 30 d&#8217;octubre, han crescut un 22% respecte a l&#8217;edici\u00f3 anterior. Cal destacar\u00a0el bon acolliment dels passes de la<strong>\u00a0Secci\u00f3 Oficial<\/strong>\u00a0, la m\u00e9s completa i plural dels \u00faltims anys, que ha convocat un\u00a0<strong>20% m\u00e1s de asistencia que en 2021<\/strong>.\u00a0A m\u00e9s, diversos passes dels\u00a0<strong>t\u00edtols a concurs van penjar el cartell de \u201clocalitats exhaurides\u201d<\/strong>\u00a0als Cines Babel.\u00a0L&#8217;entusiasme pel cinema produ\u00eft a Val\u00e8ncia tamb\u00e9 s&#8217;ha vist refor\u00e7at: es van esgotar les entrades de les projeccions specials de t\u00edtols com\u00a0 ara &#8216;El agua&#8217;, &#8216;En temporada baja&#8217; i &#8216;Vasil&#8217;.\u00a0<strong>La retrospectiva a Gu\u00e9diguian en la Filmoteca ha acumulat, fins al moment, un 33% m\u00e9s d<\/strong>&#8216;<strong>espectadors que el mateix cicle de l&#8217;any anterior.<\/strong><\/p>\n<p><strong>La Mostra de Val\u00e8ncia va portar el cine m\u00e9s que mai al centre de la ciutat amb la creaci\u00f3 de l&#8217;Espai Mostra en la Pla\u00e7a de l&#8217;Ajuntament,<\/strong>\u00a0que ha acollit diferents activitats, com ara la presentaci\u00f3 al p\u00fablic de diverses pel\u00b7l\u00edcules amb el seu equip art\u00edstic. Tamb\u00e9 s&#8217;han em\u00e9s des d&#8217;all\u00ed programes de r\u00e0dio estatals, com ara \u2018De pel\u00edcula\u2019 de RNE o \u2018Kin\u00f3tico\u2019 i connexions amb \u2018Julia en la Onda\u2019, d&#8217;Onda Cero; i auton\u00f2mics com s\u00f3n \u2018Podr\u00edem fer-ho millor\u2019 i \u2018Pr\u00f2xima parada\u2019, d&#8217;\u00c0 Punt R\u00e0dio, i \u2018Un torrent de Cinema\u2019, de SomCom. A m\u00e9s de col\u00b7loquis sobre el paper de la dona al cine actual, auspiciats per CIMA, amb la pres\u00e8ncia d\u2019Evanthia Reboutsika, Beatriz Sanchis, Sara Mansanet i N\u00faria Cidoncha.<\/p>\n<p style=\"font-weight: 400;\">\u00a0La presidenta de Mostra de Val\u00e8ncia, Gloria Tello, es felicita pels resultats: \u201cPodem afirmar que\u00a0el festival ha repr\u00e9s el pols i evoluciona de manera sostenible. \u00c9s molt important que els esfor\u00e7os comunicatius vagen acompanyats d&#8217;una programaci\u00f3 d&#8217;inter\u00e9s, que estimule el p\u00fablic a con\u00e9ixer cine nou, diferent i d&#8217;estrena a Espanya. L&#8217;objectiu de futur de Mostra de Val\u00e8ncia \u00e9s consolidar un model que encara t\u00e9 marge per a continuar creixent\u201d.<\/p>\n<p>El festival tamb\u00e9 ha fet un important pas per a consolidar el seu vessant industrial amb la celebraci\u00f3 de la primera edici\u00f3 del f\u00f2rum de coproducci\u00f3 Val\u00e8ncia Film Afers, que ha reunit un important nombre de professionals del sector cinematogr\u00e0fic de l\u2019\u00e0mbit internacional. Es van seleccionar deu projectes de l&#8217;entorn mediterrani, que durant dos jornades van ser examinats per representants d&#8217;empreses productores de llarg recorregut.<\/p>\n<p>La 37\u00aa Mostra de Val\u00e8ncia\u2013Cinema del Mediterrani ha comptat amb la col\u00b7laboraci\u00f3 de l\u2019Institut Valenci\u00e0 de Cultura (IVC), Rambleta, Val\u00e8ncia Film Office, Barreira Arte + Dise\u00f1o i \u00c0 Punt M\u00e8dia com a mitj\u00e0 oficial, i amb els patrocinis de Tevian i Marcos Automoci\u00f3n.<\/p>\n","protected":false},"excerpt":{"rendered":"<p>Les xifres provisionals del festival confirmen tant la recuperaci\u00f3 postpand\u00e8mica, com una major pres\u00e8ncia del certamen en el centre de la ciutat Mostra de Val\u00e8ncia\u2013Cinema [&hellip;]<\/p>\n","protected":false},"author":1,"featured_media":17562,"comment_status":"open","ping_status":"open","sticky":false,"template":"","format":"standard","meta":{"_uag_custom_page_level_css":"","_jet_sm_ready_style":"","_jet_sm_style":"","_jet_sm_controls_values":"","_jet_sm_fonts_collection":"","_jet_sm_fonts_links":"","footnotes":""},"categories":[455],"tags":[],"class_list":["post-17567","post","type-post","status-publish","format-standard","has-post-thumbnail","hentry","category-noticies"],"yoast_head":"<!-- This site is optimized with the Yoast SEO plugin v27.5 - https:\/\/yoast.com\/product\/yoast-seo-wordpress\/ -->\n<title>Mostra de Val\u00e8ncia registra un augment d&#039;espectadors del 22% en la 37\u00aa edici\u00f3 - Mostra de Val\u00e8ncia<\/title>\n<meta name=\"robots\" content=\"index, follow, max-snippet:-1, max-image-preview:large, max-video-preview:-1\" \/>\n<link rel=\"canonical\" href=\"https:\/\/lamostradevalencia.com\/ca\/mostra-de-valencia-registra-un-augment-despectadors-del-22-en-la-37a-edicio\/\" \/>\n<meta property=\"og:locale\" content=\"ca_ES\" \/>\n<meta property=\"og:type\" content=\"article\" \/>\n<meta property=\"og:title\" content=\"Mostra de Val\u00e8ncia registra un augment d&#039;espectadors del 22% en la 37\u00aa edici\u00f3 - Mostra de Val\u00e8ncia\" \/>\n<meta property=\"og:description\" content=\"Les xifres provisionals del festival confirmen tant la recuperaci\u00f3 postpand\u00e8mica, com una major pres\u00e8ncia del certamen en el centre de la ciutat Mostra de Val\u00e8ncia\u2013Cinema [&hellip;]\" \/>\n<meta property=\"og:url\" content=\"https:\/\/lamostradevalencia.com\/ca\/mostra-de-valencia-registra-un-augment-despectadors-del-22-en-la-37a-edicio\/\" \/>\n<meta property=\"og:site_name\" content=\"Mostra de Val\u00e8ncia\" \/>\n<meta property=\"article:published_time\" content=\"2022-11-07T10:37:04+00:00\" \/>\n<meta property=\"og:image\" content=\"https:\/\/lamostradevalencia.com\/wp-content\/uploads\/2022\/11\/guediguian-con-publico.jpg\" \/>\n\t<meta property=\"og:image:width\" content=\"863\" \/>\n\t<meta property=\"og:image:height\" content=\"594\" \/>\n\t<meta property=\"og:image:type\" content=\"image\/jpeg\" \/>\n<meta name=\"author\" content=\"Mostra de Val\u00e8ncia\" \/>\n<meta name=\"twitter:card\" content=\"summary_large_image\" \/>\n<meta name=\"twitter:label1\" content=\"Escrit per\" \/>\n\t<meta name=\"twitter:data1\" content=\"Mostra de Val\u00e8ncia\" \/>\n\t<meta name=\"twitter:label2\" content=\"Temps estimat de lectura\" \/>\n\t<meta name=\"twitter:data2\" content=\"3 minuts\" \/>\n<script type=\"application\/ld+json\" class=\"yoast-schema-graph\">{\"@context\":\"https:\\\/\\\/schema.org\",\"@graph\":[{\"@type\":\"Article\",\"@id\":\"https:\\\/\\\/lamostradevalencia.com\\\/ca\\\/mostra-de-valencia-registra-un-augment-despectadors-del-22-en-la-37a-edicio\\\/#article\",\"isPartOf\":{\"@id\":\"https:\\\/\\\/lamostradevalencia.com\\\/ca\\\/mostra-de-valencia-registra-un-augment-despectadors-del-22-en-la-37a-edicio\\\/\"},\"author\":{\"name\":\"Mostra de Val\u00e8ncia\",\"@id\":\"https:\\\/\\\/lamostradevalencia.com\\\/ca\\\/#\\\/schema\\\/person\\\/1dc07e4df3d6310b81d2cdf6a034070c\"},\"headline\":\"Mostra de Val\u00e8ncia registra un augment d&#8217;espectadors del 22% en la 37\u00aa edici\u00f3\",\"datePublished\":\"2022-11-07T10:37:04+00:00\",\"mainEntityOfPage\":{\"@id\":\"https:\\\/\\\/lamostradevalencia.com\\\/ca\\\/mostra-de-valencia-registra-un-augment-despectadors-del-22-en-la-37a-edicio\\\/\"},\"wordCount\":607,\"commentCount\":0,\"image\":{\"@id\":\"https:\\\/\\\/lamostradevalencia.com\\\/ca\\\/mostra-de-valencia-registra-un-augment-despectadors-del-22-en-la-37a-edicio\\\/#primaryimage\"},\"thumbnailUrl\":\"https:\\\/\\\/lamostradevalencia.com\\\/wp-content\\\/uploads\\\/2022\\\/11\\\/guediguian-con-publico.jpg\",\"articleSection\":[\"Noticies\"],\"inLanguage\":\"ca\",\"potentialAction\":[{\"@type\":\"CommentAction\",\"name\":\"Comment\",\"target\":[\"https:\\\/\\\/lamostradevalencia.com\\\/ca\\\/mostra-de-valencia-registra-un-augment-despectadors-del-22-en-la-37a-edicio\\\/#respond\"]}]},{\"@type\":\"WebPage\",\"@id\":\"https:\\\/\\\/lamostradevalencia.com\\\/ca\\\/mostra-de-valencia-registra-un-augment-despectadors-del-22-en-la-37a-edicio\\\/\",\"url\":\"https:\\\/\\\/lamostradevalencia.com\\\/ca\\\/mostra-de-valencia-registra-un-augment-despectadors-del-22-en-la-37a-edicio\\\/\",\"name\":\"Mostra de Val\u00e8ncia registra un augment d'espectadors del 22% en la 37\u00aa edici\u00f3 - Mostra de Val\u00e8ncia\",\"isPartOf\":{\"@id\":\"https:\\\/\\\/lamostradevalencia.com\\\/ca\\\/#website\"},\"primaryImageOfPage\":{\"@id\":\"https:\\\/\\\/lamostradevalencia.com\\\/ca\\\/mostra-de-valencia-registra-un-augment-despectadors-del-22-en-la-37a-edicio\\\/#primaryimage\"},\"image\":{\"@id\":\"https:\\\/\\\/lamostradevalencia.com\\\/ca\\\/mostra-de-valencia-registra-un-augment-despectadors-del-22-en-la-37a-edicio\\\/#primaryimage\"},\"thumbnailUrl\":\"https:\\\/\\\/lamostradevalencia.com\\\/wp-content\\\/uploads\\\/2022\\\/11\\\/guediguian-con-publico.jpg\",\"datePublished\":\"2022-11-07T10:37:04+00:00\",\"author\":{\"@id\":\"https:\\\/\\\/lamostradevalencia.com\\\/ca\\\/#\\\/schema\\\/person\\\/1dc07e4df3d6310b81d2cdf6a034070c\"},\"breadcrumb\":{\"@id\":\"https:\\\/\\\/lamostradevalencia.com\\\/ca\\\/mostra-de-valencia-registra-un-augment-despectadors-del-22-en-la-37a-edicio\\\/#breadcrumb\"},\"inLanguage\":\"ca\",\"potentialAction\":[{\"@type\":\"ReadAction\",\"target\":[\"https:\\\/\\\/lamostradevalencia.com\\\/ca\\\/mostra-de-valencia-registra-un-augment-despectadors-del-22-en-la-37a-edicio\\\/\"]}]},{\"@type\":\"ImageObject\",\"inLanguage\":\"ca\",\"@id\":\"https:\\\/\\\/lamostradevalencia.com\\\/ca\\\/mostra-de-valencia-registra-un-augment-despectadors-del-22-en-la-37a-edicio\\\/#primaryimage\",\"url\":\"https:\\\/\\\/lamostradevalencia.com\\\/wp-content\\\/uploads\\\/2022\\\/11\\\/guediguian-con-publico.jpg\",\"contentUrl\":\"https:\\\/\\\/lamostradevalencia.com\\\/wp-content\\\/uploads\\\/2022\\\/11\\\/guediguian-con-publico.jpg\",\"width\":863,\"height\":594},{\"@type\":\"BreadcrumbList\",\"@id\":\"https:\\\/\\\/lamostradevalencia.com\\\/ca\\\/mostra-de-valencia-registra-un-augment-despectadors-del-22-en-la-37a-edicio\\\/#breadcrumb\",\"itemListElement\":[{\"@type\":\"ListItem\",\"position\":1,\"name\":\"Portada\",\"item\":\"https:\\\/\\\/lamostradevalencia.com\\\/ca\\\/\"},{\"@type\":\"ListItem\",\"position\":2,\"name\":\"Mostra de Val\u00e8ncia registra un augment d&#8217;espectadors del 22% en la 37\u00aa edici\u00f3\"}]},{\"@type\":\"WebSite\",\"@id\":\"https:\\\/\\\/lamostradevalencia.com\\\/ca\\\/#website\",\"url\":\"https:\\\/\\\/lamostradevalencia.com\\\/ca\\\/\",\"name\":\"Mostra de Val\u00e8ncia\",\"description\":\"Cinema del Mediterrani\",\"potentialAction\":[{\"@type\":\"SearchAction\",\"target\":{\"@type\":\"EntryPoint\",\"urlTemplate\":\"https:\\\/\\\/lamostradevalencia.com\\\/ca\\\/?s={search_term_string}\"},\"query-input\":{\"@type\":\"PropertyValueSpecification\",\"valueRequired\":true,\"valueName\":\"search_term_string\"}}],\"inLanguage\":\"ca\"},{\"@type\":\"Person\",\"@id\":\"https:\\\/\\\/lamostradevalencia.com\\\/ca\\\/#\\\/schema\\\/person\\\/1dc07e4df3d6310b81d2cdf6a034070c\",\"name\":\"Mostra de Val\u00e8ncia\",\"image\":{\"@type\":\"ImageObject\",\"inLanguage\":\"ca\",\"@id\":\"https:\\\/\\\/secure.gravatar.com\\\/avatar\\\/ada4dfd699a9907706987adb1bb2b361c2613ccca474b49b8c648de5208e32f8?s=96&d=mm&r=g\",\"url\":\"https:\\\/\\\/secure.gravatar.com\\\/avatar\\\/ada4dfd699a9907706987adb1bb2b361c2613ccca474b49b8c648de5208e32f8?s=96&d=mm&r=g\",\"contentUrl\":\"https:\\\/\\\/secure.gravatar.com\\\/avatar\\\/ada4dfd699a9907706987adb1bb2b361c2613ccca474b49b8c648de5208e32f8?s=96&d=mm&r=g\",\"caption\":\"Mostra de Val\u00e8ncia\"}}]}<\/script>\n<!-- \/ Yoast SEO plugin. -->","yoast_head_json":{"title":"Mostra de Val\u00e8ncia registra un augment d'espectadors del 22% en la 37\u00aa edici\u00f3 - Mostra de Val\u00e8ncia","robots":{"index":"index","follow":"follow","max-snippet":"max-snippet:-1","max-image-preview":"max-image-preview:large","max-video-preview":"max-video-preview:-1"},"canonical":"https:\/\/lamostradevalencia.com\/ca\/mostra-de-valencia-registra-un-augment-despectadors-del-22-en-la-37a-edicio\/","og_locale":"ca_ES","og_type":"article","og_title":"Mostra de Val\u00e8ncia registra un augment d'espectadors del 22% en la 37\u00aa edici\u00f3 - Mostra de Val\u00e8ncia","og_description":"Les xifres provisionals del festival confirmen tant la recuperaci\u00f3 postpand\u00e8mica, com una major pres\u00e8ncia del certamen en el centre de la ciutat Mostra de Val\u00e8ncia\u2013Cinema [&hellip;]","og_url":"https:\/\/lamostradevalencia.com\/ca\/mostra-de-valencia-registra-un-augment-despectadors-del-22-en-la-37a-edicio\/","og_site_name":"Mostra de Val\u00e8ncia","article_published_time":"2022-11-07T10:37:04+00:00","og_image":[{"width":863,"height":594,"url":"https:\/\/lamostradevalencia.com\/wp-content\/uploads\/2022\/11\/guediguian-con-publico.jpg","type":"image\/jpeg"}],"author":"Mostra de Val\u00e8ncia","twitter_card":"summary_large_image","twitter_misc":{"Escrit per":"Mostra de Val\u00e8ncia","Temps estimat de lectura":"3 minuts"},"schema":{"@context":"https:\/\/schema.org","@graph":[{"@type":"Article","@id":"https:\/\/lamostradevalencia.com\/ca\/mostra-de-valencia-registra-un-augment-despectadors-del-22-en-la-37a-edicio\/#article","isPartOf":{"@id":"https:\/\/lamostradevalencia.com\/ca\/mostra-de-valencia-registra-un-augment-despectadors-del-22-en-la-37a-edicio\/"},"author":{"name":"Mostra de Val\u00e8ncia","@id":"https:\/\/lamostradevalencia.com\/ca\/#\/schema\/person\/1dc07e4df3d6310b81d2cdf6a034070c"},"headline":"Mostra de Val\u00e8ncia registra un augment d&#8217;espectadors del 22% en la 37\u00aa edici\u00f3","datePublished":"2022-11-07T10:37:04+00:00","mainEntityOfPage":{"@id":"https:\/\/lamostradevalencia.com\/ca\/mostra-de-valencia-registra-un-augment-despectadors-del-22-en-la-37a-edicio\/"},"wordCount":607,"commentCount":0,"image":{"@id":"https:\/\/lamostradevalencia.com\/ca\/mostra-de-valencia-registra-un-augment-despectadors-del-22-en-la-37a-edicio\/#primaryimage"},"thumbnailUrl":"https:\/\/lamostradevalencia.com\/wp-content\/uploads\/2022\/11\/guediguian-con-publico.jpg","articleSection":["Noticies"],"inLanguage":"ca","potentialAction":[{"@type":"CommentAction","name":"Comment","target":["https:\/\/lamostradevalencia.com\/ca\/mostra-de-valencia-registra-un-augment-despectadors-del-22-en-la-37a-edicio\/#respond"]}]},{"@type":"WebPage","@id":"https:\/\/lamostradevalencia.com\/ca\/mostra-de-valencia-registra-un-augment-despectadors-del-22-en-la-37a-edicio\/","url":"https:\/\/lamostradevalencia.com\/ca\/mostra-de-valencia-registra-un-augment-despectadors-del-22-en-la-37a-edicio\/","name":"Mostra de Val\u00e8ncia registra un augment d'espectadors del 22% en la 37\u00aa edici\u00f3 - Mostra de Val\u00e8ncia","isPartOf":{"@id":"https:\/\/lamostradevalencia.com\/ca\/#website"},"primaryImageOfPage":{"@id":"https:\/\/lamostradevalencia.com\/ca\/mostra-de-valencia-registra-un-augment-despectadors-del-22-en-la-37a-edicio\/#primaryimage"},"image":{"@id":"https:\/\/lamostradevalencia.com\/ca\/mostra-de-valencia-registra-un-augment-despectadors-del-22-en-la-37a-edicio\/#primaryimage"},"thumbnailUrl":"https:\/\/lamostradevalencia.com\/wp-content\/uploads\/2022\/11\/guediguian-con-publico.jpg","datePublished":"2022-11-07T10:37:04+00:00","author":{"@id":"https:\/\/lamostradevalencia.com\/ca\/#\/schema\/person\/1dc07e4df3d6310b81d2cdf6a034070c"},"breadcrumb":{"@id":"https:\/\/lamostradevalencia.com\/ca\/mostra-de-valencia-registra-un-augment-despectadors-del-22-en-la-37a-edicio\/#breadcrumb"},"inLanguage":"ca","potentialAction":[{"@type":"ReadAction","target":["https:\/\/lamostradevalencia.com\/ca\/mostra-de-valencia-registra-un-augment-despectadors-del-22-en-la-37a-edicio\/"]}]},{"@type":"ImageObject","inLanguage":"ca","@id":"https:\/\/lamostradevalencia.com\/ca\/mostra-de-valencia-registra-un-augment-despectadors-del-22-en-la-37a-edicio\/#primaryimage","url":"https:\/\/lamostradevalencia.com\/wp-content\/uploads\/2022\/11\/guediguian-con-publico.jpg","contentUrl":"https:\/\/lamostradevalencia.com\/wp-content\/uploads\/2022\/11\/guediguian-con-publico.jpg","width":863,"height":594},{"@type":"BreadcrumbList","@id":"https:\/\/lamostradevalencia.com\/ca\/mostra-de-valencia-registra-un-augment-despectadors-del-22-en-la-37a-edicio\/#breadcrumb","itemListElement":[{"@type":"ListItem","position":1,"name":"Portada","item":"https:\/\/lamostradevalencia.com\/ca\/"},{"@type":"ListItem","position":2,"name":"Mostra de Val\u00e8ncia registra un augment d&#8217;espectadors del 22% en la 37\u00aa edici\u00f3"}]},{"@type":"WebSite","@id":"https:\/\/lamostradevalencia.com\/ca\/#website","url":"https:\/\/lamostradevalencia.com\/ca\/","name":"Mostra de Val\u00e8ncia","description":"Cinema del Mediterrani","potentialAction":[{"@type":"SearchAction","target":{"@type":"EntryPoint","urlTemplate":"https:\/\/lamostradevalencia.com\/ca\/?s={search_term_string}"},"query-input":{"@type":"PropertyValueSpecification","valueRequired":true,"valueName":"search_term_string"}}],"inLanguage":"ca"},{"@type":"Person","@id":"https:\/\/lamostradevalencia.com\/ca\/#\/schema\/person\/1dc07e4df3d6310b81d2cdf6a034070c","name":"Mostra de Val\u00e8ncia","image":{"@type":"ImageObject","inLanguage":"ca","@id":"https:\/\/secure.gravatar.com\/avatar\/ada4dfd699a9907706987adb1bb2b361c2613ccca474b49b8c648de5208e32f8?s=96&d=mm&r=g","url":"https:\/\/secure.gravatar.com\/avatar\/ada4dfd699a9907706987adb1bb2b361c2613ccca474b49b8c648de5208e32f8?s=96&d=mm&r=g","contentUrl":"https:\/\/secure.gravatar.com\/avatar\/ada4dfd699a9907706987adb1bb2b361c2613ccca474b49b8c648de5208e32f8?s=96&d=mm&r=g","caption":"Mostra de Val\u00e8ncia"}}]}},"uagb_featured_image_src":{"full":["https:\/\/lamostradevalencia.com\/wp-content\/uploads\/2022\/11\/guediguian-con-publico.jpg",863,594,false],"thumbnail":["https:\/\/lamostradevalencia.com\/wp-content\/uploads\/2022\/11\/guediguian-con-publico-150x150.jpg",150,150,true],"medium":["https:\/\/lamostradevalencia.com\/wp-content\/uploads\/2022\/11\/guediguian-con-publico-300x206.jpg",300,206,true],"medium_large":["https:\/\/lamostradevalencia.com\/wp-content\/uploads\/2022\/11\/guediguian-con-publico-768x529.jpg",768,529,true],"large":["https:\/\/lamostradevalencia.com\/wp-content\/uploads\/2022\/11\/guediguian-con-publico.jpg",863,594,false],"1536x1536":["https:\/\/lamostradevalencia.com\/wp-content\/uploads\/2022\/11\/guediguian-con-publico.jpg",863,594,false],"2048x2048":["https:\/\/lamostradevalencia.com\/wp-content\/uploads\/2022\/11\/guediguian-con-publico.jpg",863,594,false],"cinerama_edge_image_square":["https:\/\/lamostradevalencia.com\/wp-content\/uploads\/2022\/11\/guediguian-con-publico-550x550.jpg",550,550,true],"cinerama_edge_image_landscape":["https:\/\/lamostradevalencia.com\/wp-content\/uploads\/2022\/11\/guediguian-con-publico-863x550.jpg",863,550,true],"cinerama_edge_image_portrait":["https:\/\/lamostradevalencia.com\/wp-content\/uploads\/2022\/11\/guediguian-con-publico-550x594.jpg",550,594,true],"cinerama_edge_image_huge":["https:\/\/lamostradevalencia.com\/wp-content\/uploads\/2022\/11\/guediguian-con-publico.jpg",863,594,false],"gform-image-choice-sm":["https:\/\/lamostradevalencia.com\/wp-content\/uploads\/2022\/11\/guediguian-con-publico.jpg",300,206,false],"gform-image-choice-md":["https:\/\/lamostradevalencia.com\/wp-content\/uploads\/2022\/11\/guediguian-con-publico.jpg",400,275,false],"gform-image-choice-lg":["https:\/\/lamostradevalencia.com\/wp-content\/uploads\/2022\/11\/guediguian-con-publico.jpg",600,413,false]},"uagb_author_info":{"display_name":"Mostra de Val\u00e8ncia","author_link":"https:\/\/lamostradevalencia.com\/ca\/author\/mostravalencia\/"},"uagb_comment_info":0,"uagb_excerpt":"Les xifres provisionals del festival confirmen tant la recuperaci\u00f3 postpand\u00e8mica, com una major pres\u00e8ncia del certamen en el centre de la ciutat Mostra de Val\u00e8ncia\u2013Cinema [&hellip;]","_links":{"self":[{"href":"https:\/\/lamostradevalencia.com\/ca\/wp-json\/wp\/v2\/posts\/17567","targetHints":{"allow":["GET"]}}],"collection":[{"href":"https:\/\/lamostradevalencia.com\/ca\/wp-json\/wp\/v2\/posts"}],"about":[{"href":"https:\/\/lamostradevalencia.com\/ca\/wp-json\/wp\/v2\/types\/post"}],"author":[{"embeddable":true,"href":"https:\/\/lamostradevalencia.com\/ca\/wp-json\/wp\/v2\/users\/1"}],"replies":[{"embeddable":true,"href":"https:\/\/lamostradevalencia.com\/ca\/wp-json\/wp\/v2\/comments?post=17567"}],"version-history":[{"count":1,"href":"https:\/\/lamostradevalencia.com\/ca\/wp-json\/wp\/v2\/posts\/17567\/revisions"}],"predecessor-version":[{"id":17568,"href":"https:\/\/lamostradevalencia.com\/ca\/wp-json\/wp\/v2\/posts\/17567\/revisions\/17568"}],"wp:featuredmedia":[{"embeddable":true,"href":"https:\/\/lamostradevalencia.com\/ca\/wp-json\/wp\/v2\/media\/17562"}],"wp:attachment":[{"href":"https:\/\/lamostradevalencia.com\/ca\/wp-json\/wp\/v2\/media?parent=17567"}],"wp:term":[{"taxonomy":"category","embeddable":true,"href":"https:\/\/lamostradevalencia.com\/ca\/wp-json\/wp\/v2\/categories?post=17567"},{"taxonomy":"post_tag","embeddable":true,"href":"https:\/\/lamostradevalencia.com\/ca\/wp-json\/wp\/v2\/tags?post=17567"}],"curies":[{"name":"wp","href":"https:\/\/api.w.org\/{rel}","templated":true}]}}