{"id":17539,"date":"2022-10-28T20:58:01","date_gmt":"2022-10-28T18:58:01","guid":{"rendered":"https:\/\/lamostradevalencia.com\/?p=17539"},"modified":"2022-10-28T20:58:01","modified_gmt":"2022-10-28T18:58:01","slug":"la-franc-irania-until-tomorrow-que-denuncia-la-repressio-contra-les-dones-a-teheran-vencedora-de-la-mostra","status":"publish","type":"post","link":"https:\/\/lamostradevalencia.com\/ca\/la-franc-irania-until-tomorrow-que-denuncia-la-repressio-contra-les-dones-a-teheran-vencedora-de-la-mostra\/","title":{"rendered":"La franc-irani\u00e0 &#8216;Until tomorrow&#8217;, que denuncia la repressi\u00f3 contra les dones a Teheran, vencedora de la Mostra"},"content":{"rendered":"<h5>La cinta obt\u00e9 dos guardons m\u00e9s (direcci\u00f3 i actriu), mentre que la israeliana &#8216;Concerned Citizen&#8217; \u00e9s reconeguda amb la Palmera de Plata, millor gui\u00f3 i millor actor<\/h5>\n<p>Dues\u00a0pel\u00b7l\u00edcules van dominar el palmar\u00e9s en la gala de clausura de la 37a Mostra de Val\u00e8ncia-Cinema del Mediterrani. La franc-irani\u00e0 &#8216;<strong>Until tomorrow&#8217;, d&#8217;Ali Asgari va obtindre tres dels grans premis de la nit (la Palmera d&#8217;Or, millor direcci\u00f3 i<\/strong>\u00a0<strong>millor actriu per a Sadaf Asgari<\/strong>). Per part seua, la cinta israeliana\u00a0<strong>&#8216;Concerned Citizen&#8217;, de Idan Haguel, va obtindre la Palmera de Plata, el Premi al millor gui\u00f3 i el de millor actor, per a Shlomi Bertonov.<\/strong>\u00a0El guard\u00f3 a la millor fotografia va recaure en\u00a0<strong>Paolo Carnera pel seu treball en &#8216;Nost\u00e0lgia&#8217;<\/strong>, de Mario Martone, i la\u00a0<strong>millor m\u00fasica en Amin Bouhafa, compositor de &#8216;Entre las higueras\u00b4,<\/strong>\u00a0<strong>de Erige Sehiri.<\/strong><\/p>\n<p>La cinta guanyadora, que obt\u00e9 una recompensa de\u00a0<strong>30.000 euros m\u00e9s 15.000 per a la distribu\u00efdora espanyola<\/strong>, \u00e9s una coproducci\u00f3 franc-iraniana. Est\u00e0 centrada en les dificultats d&#8217;una jove que viu a Teheran, Fereshteh, que es veu obligada a amagar al seu beb\u00e9 il\u00b7leg\u00edtim durant una nit perqu\u00e8 no la vegen els seus pares, que acudeixen a una visita sorpresa. S&#8217;embarca en una odissea durant la qual ha de sospesar acuradament qui s\u00f3n els seus aliats. El seu director, Ali Asgari, es va mostrar exultant: &#8220;Estic molt feli\u00e7 d&#8217;obtindre este reconeixement de la Mostra, \u00e9s un gran honor per a mi; per\u00f2, sobretot, \u00e9s molt important per a la pel\u00b7l\u00edcula ja que es distribuir\u00e0 a Espanya justament en estos moments tan complicats per a l&#8217;Iran, on les dones i molta gent estan protestant i lluitant per drets b\u00e0sics. El meu film aborda justament esta tem\u00e0tica de canvi i \u00e9s una coincid\u00e8ncia meravellosa.\u00a0<strong>Crec que este premi arriba en un moment molt especial i espere que siga un senyal perqu\u00e8 la llibertat i la llum arriben al meu pa\u00eds&#8221;<\/strong>. La seua protagonista \u00e9s tamb\u00e9 neboda del director i va mostrar la seua alegria al p\u00fablic a trav\u00e9s d&#8217;un v\u00eddeo davant les dificultats per a poder eixir del seu pa\u00eds.<\/p>\n<p>L&#8217;altra cara m\u00e9s exultant de la nit va ser la de\u00a0<strong>Idan Haguel<\/strong>, director, guionista i productor de\u00a0<strong>&#8216;Concerned Citizen&#8217;<\/strong>, que a m\u00e9s de la\u00a0<strong>Palmera de Plata obt\u00e9 un premi de 20.000 euros.<\/strong>\u00a0Es tracta d&#8217;una s\u00e0tira sobre la forma de vida de molts homosexuals blancs i burgesos encarnada en una parella d&#8217;homsexuals\u00a0que viuen a Tel Aviv, amb la gentrificaci\u00f3 d&#8217;uns certs barris i la gestaci\u00f3 subrogada com a grans temes de debat. Haguel va haver de recollir tamb\u00e9 el premi del seu protagonista, Shlomi Bertonov, que en eixos moments es trobava representat una funci\u00f3 de teatre a Tel Aviv.<\/p>\n<p>Els guardons es van donar a con\u00e9ixer en la gala de clausura, celebrada en La Rambleta, presentada per Daniel Tormo i Cashalada Cia (composta per No\u00e8lia P\u00e9rez i Josep Zapater). El jurat, format per la compositora Evanthia Reboutsika (Gr\u00e8cia), el director de fotografia palest\u00ed Ehab Assal; la guionista espanyola Mar\u00eda M\u00ednguez; el cr\u00edtic i programador franc\u00e9s Pierre-Simon Gutman i l&#8217;actriu, guionista i directora croata Llana Baric, ha decidit concentrar els guardons en dos t\u00edtols. Despr\u00e9s de la cerim\u00f2nia es va projectar &#8216;The Gigantes&#8217;, la nova pel\u00b7l\u00edcula de la directora valenciana Beatriz Sanchis, una\u00a0<em>road movie<\/em>\u00a0ambientada a la frontera entre els Estats Units i M\u00e8xic.<\/p>\n<p>El director art\u00edstic del festival, Eduardo Guillot, va assegurar que &#8220;&#8216;Until tomorrow&#8217; \u00e9s\u00a0<strong>un al\u00b7legat en tota regla en defensa de la llibertat de la dona a l&#8217;Iran, un pa\u00eds en el qual encara \u00e9s necessari, per desgr\u00e0cia, fer este tipus de cine, per\u00f2 que a m\u00e9s cinematogr\u00e0ficament \u00e9s una pel\u00b7l\u00edcula mod\u00e8lica<\/strong>. Estem molt contents a m\u00e9s amb la Palmera de Plata que ha recaigut en la pel\u00b7l\u00edcula israeliana &#8216;Concerned Citizen&#8217; que tamb\u00e9 \u00e9s una cinta que se centra en q\u00fcestions molt d&#8217;actualitat, que van des de la maternitat subrogada de parelles homosexuals a la gentrificaci\u00f3 de determinats barris a les ciutats occidentals i tot el que aix\u00f2 implica. El jurat tenia enguany una tasca molt dif\u00edcil perqu\u00e8 hi havia una competici\u00f3 de molt de nivell, per\u00f2 estem francament contents amb l&#8217;elecci\u00f3 que han fet&#8221;.<\/p>\n<p>Fora de la Secci\u00f3 Oficial, concretament en la Informativa, el guard\u00f3 principal \u00e9s el\u00a0<strong>Premi \u00c0 Punt del P\u00fablic<\/strong>, que inclou la compra dels drets d&#8217;emissi\u00f3 de la cinta per part del canal p\u00fablic, que enguany ha recaigut en\u00a0<strong>&#8216;No Dogs or Italians Allowed&#8217;, d&#8217;Alain Ughetto<\/strong>, una cinta de\u00a0<em>stop motion<\/em>, en la qual el director realitza un homenatge a la seua fam\u00edlia d&#8217;emigrants i que va competir en la passada edici\u00f3 del festival d&#8217;Annecy, la Meca del cinema animat. La cinta rememora el viatge des d&#8217;un poble del Nord d&#8217;It\u00e0lia fins a Fran\u00e7a a la recerca d&#8217;un futur millor a principis del segle XX.<\/p>\n<p>La Mostra de Val\u00e8ncia \u2013 Cinema del Mediterrani, ha comptat en la seua 37a edici\u00f3 amb la col\u00b7laboraci\u00f3 de l\u2019Institut Valenci\u00e0 de Cultura (IVC), Rambleta, Val\u00e8ncia Film Office, Barreira Arte + Dise\u00f1o i \u00c0 Punt M\u00e8dia com a mitj\u00e0 oficial.<\/p>\n","protected":false},"excerpt":{"rendered":"<p>La cinta obt\u00e9 dos guardons m\u00e9s (direcci\u00f3 i actriu), mentre que la israeliana &#8216;Concerned Citizen&#8217; \u00e9s reconeguda amb la Palmera de Plata, millor gui\u00f3 i [&hellip;]<\/p>\n","protected":false},"author":1,"featured_media":17530,"comment_status":"open","ping_status":"open","sticky":false,"template":"","format":"standard","meta":{"_uag_custom_page_level_css":"","_jet_sm_ready_style":"","_jet_sm_style":"","_jet_sm_controls_values":"","_jet_sm_fonts_collection":"","_jet_sm_fonts_links":"","footnotes":""},"categories":[455],"tags":[],"class_list":["post-17539","post","type-post","status-publish","format-standard","has-post-thumbnail","hentry","category-noticies"],"yoast_head":"<!-- This site is optimized with the Yoast SEO plugin v27.5 - https:\/\/yoast.com\/product\/yoast-seo-wordpress\/ -->\n<title>La franc-irani\u00e0 &#039;Until tomorrow&#039;, que denuncia la repressi\u00f3 contra les dones a Teheran, vencedora de la Mostra - Mostra de Val\u00e8ncia<\/title>\n<meta name=\"robots\" content=\"index, follow, max-snippet:-1, max-image-preview:large, max-video-preview:-1\" \/>\n<link rel=\"canonical\" href=\"https:\/\/lamostradevalencia.com\/ca\/la-franc-irania-until-tomorrow-que-denuncia-la-repressio-contra-les-dones-a-teheran-vencedora-de-la-mostra\/\" \/>\n<meta property=\"og:locale\" content=\"ca_ES\" \/>\n<meta property=\"og:type\" content=\"article\" \/>\n<meta property=\"og:title\" content=\"La franc-irani\u00e0 &#039;Until tomorrow&#039;, que denuncia la repressi\u00f3 contra les dones a Teheran, vencedora de la Mostra - Mostra de Val\u00e8ncia\" \/>\n<meta property=\"og:description\" content=\"La cinta obt\u00e9 dos guardons m\u00e9s (direcci\u00f3 i actriu), mentre que la israeliana &#8216;Concerned Citizen&#8217; \u00e9s reconeguda amb la Palmera de Plata, millor gui\u00f3 i [&hellip;]\" \/>\n<meta property=\"og:url\" content=\"https:\/\/lamostradevalencia.com\/ca\/la-franc-irania-until-tomorrow-que-denuncia-la-repressio-contra-les-dones-a-teheran-vencedora-de-la-mostra\/\" \/>\n<meta property=\"og:site_name\" content=\"Mostra de Val\u00e8ncia\" \/>\n<meta property=\"article:published_time\" content=\"2022-10-28T18:58:01+00:00\" \/>\n<meta property=\"og:image\" content=\"https:\/\/lamostradevalencia.com\/wp-content\/uploads\/2022\/10\/palmeras.jpg\" \/>\n\t<meta property=\"og:image:width\" content=\"1026\" \/>\n\t<meta property=\"og:image:height\" content=\"635\" \/>\n\t<meta property=\"og:image:type\" content=\"image\/jpeg\" \/>\n<meta name=\"author\" content=\"Mostra de Val\u00e8ncia\" \/>\n<meta name=\"twitter:card\" content=\"summary_large_image\" \/>\n<meta name=\"twitter:label1\" content=\"Escrit per\" \/>\n\t<meta name=\"twitter:data1\" content=\"Mostra de Val\u00e8ncia\" \/>\n\t<meta name=\"twitter:label2\" content=\"Temps estimat de lectura\" \/>\n\t<meta name=\"twitter:data2\" content=\"4 minuts\" \/>\n<script type=\"application\/ld+json\" class=\"yoast-schema-graph\">{\"@context\":\"https:\\\/\\\/schema.org\",\"@graph\":[{\"@type\":\"Article\",\"@id\":\"https:\\\/\\\/lamostradevalencia.com\\\/ca\\\/la-franc-irania-until-tomorrow-que-denuncia-la-repressio-contra-les-dones-a-teheran-vencedora-de-la-mostra\\\/#article\",\"isPartOf\":{\"@id\":\"https:\\\/\\\/lamostradevalencia.com\\\/ca\\\/la-franc-irania-until-tomorrow-que-denuncia-la-repressio-contra-les-dones-a-teheran-vencedora-de-la-mostra\\\/\"},\"author\":{\"name\":\"Mostra de Val\u00e8ncia\",\"@id\":\"https:\\\/\\\/lamostradevalencia.com\\\/ca\\\/#\\\/schema\\\/person\\\/1dc07e4df3d6310b81d2cdf6a034070c\"},\"headline\":\"La franc-irani\u00e0 &#8216;Until tomorrow&#8217;, que denuncia la repressi\u00f3 contra les dones a Teheran, vencedora de la Mostra\",\"datePublished\":\"2022-10-28T18:58:01+00:00\",\"mainEntityOfPage\":{\"@id\":\"https:\\\/\\\/lamostradevalencia.com\\\/ca\\\/la-franc-irania-until-tomorrow-que-denuncia-la-repressio-contra-les-dones-a-teheran-vencedora-de-la-mostra\\\/\"},\"wordCount\":928,\"commentCount\":0,\"image\":{\"@id\":\"https:\\\/\\\/lamostradevalencia.com\\\/ca\\\/la-franc-irania-until-tomorrow-que-denuncia-la-repressio-contra-les-dones-a-teheran-vencedora-de-la-mostra\\\/#primaryimage\"},\"thumbnailUrl\":\"https:\\\/\\\/lamostradevalencia.com\\\/wp-content\\\/uploads\\\/2022\\\/10\\\/palmeras.jpg\",\"articleSection\":[\"Noticies\"],\"inLanguage\":\"ca\",\"potentialAction\":[{\"@type\":\"CommentAction\",\"name\":\"Comment\",\"target\":[\"https:\\\/\\\/lamostradevalencia.com\\\/ca\\\/la-franc-irania-until-tomorrow-que-denuncia-la-repressio-contra-les-dones-a-teheran-vencedora-de-la-mostra\\\/#respond\"]}]},{\"@type\":\"WebPage\",\"@id\":\"https:\\\/\\\/lamostradevalencia.com\\\/ca\\\/la-franc-irania-until-tomorrow-que-denuncia-la-repressio-contra-les-dones-a-teheran-vencedora-de-la-mostra\\\/\",\"url\":\"https:\\\/\\\/lamostradevalencia.com\\\/ca\\\/la-franc-irania-until-tomorrow-que-denuncia-la-repressio-contra-les-dones-a-teheran-vencedora-de-la-mostra\\\/\",\"name\":\"La franc-irani\u00e0 'Until tomorrow', que denuncia la repressi\u00f3 contra les dones a Teheran, vencedora de la Mostra - Mostra de Val\u00e8ncia\",\"isPartOf\":{\"@id\":\"https:\\\/\\\/lamostradevalencia.com\\\/ca\\\/#website\"},\"primaryImageOfPage\":{\"@id\":\"https:\\\/\\\/lamostradevalencia.com\\\/ca\\\/la-franc-irania-until-tomorrow-que-denuncia-la-repressio-contra-les-dones-a-teheran-vencedora-de-la-mostra\\\/#primaryimage\"},\"image\":{\"@id\":\"https:\\\/\\\/lamostradevalencia.com\\\/ca\\\/la-franc-irania-until-tomorrow-que-denuncia-la-repressio-contra-les-dones-a-teheran-vencedora-de-la-mostra\\\/#primaryimage\"},\"thumbnailUrl\":\"https:\\\/\\\/lamostradevalencia.com\\\/wp-content\\\/uploads\\\/2022\\\/10\\\/palmeras.jpg\",\"datePublished\":\"2022-10-28T18:58:01+00:00\",\"author\":{\"@id\":\"https:\\\/\\\/lamostradevalencia.com\\\/ca\\\/#\\\/schema\\\/person\\\/1dc07e4df3d6310b81d2cdf6a034070c\"},\"breadcrumb\":{\"@id\":\"https:\\\/\\\/lamostradevalencia.com\\\/ca\\\/la-franc-irania-until-tomorrow-que-denuncia-la-repressio-contra-les-dones-a-teheran-vencedora-de-la-mostra\\\/#breadcrumb\"},\"inLanguage\":\"ca\",\"potentialAction\":[{\"@type\":\"ReadAction\",\"target\":[\"https:\\\/\\\/lamostradevalencia.com\\\/ca\\\/la-franc-irania-until-tomorrow-que-denuncia-la-repressio-contra-les-dones-a-teheran-vencedora-de-la-mostra\\\/\"]}]},{\"@type\":\"ImageObject\",\"inLanguage\":\"ca\",\"@id\":\"https:\\\/\\\/lamostradevalencia.com\\\/ca\\\/la-franc-irania-until-tomorrow-que-denuncia-la-repressio-contra-les-dones-a-teheran-vencedora-de-la-mostra\\\/#primaryimage\",\"url\":\"https:\\\/\\\/lamostradevalencia.com\\\/wp-content\\\/uploads\\\/2022\\\/10\\\/palmeras.jpg\",\"contentUrl\":\"https:\\\/\\\/lamostradevalencia.com\\\/wp-content\\\/uploads\\\/2022\\\/10\\\/palmeras.jpg\",\"width\":1026,\"height\":635},{\"@type\":\"BreadcrumbList\",\"@id\":\"https:\\\/\\\/lamostradevalencia.com\\\/ca\\\/la-franc-irania-until-tomorrow-que-denuncia-la-repressio-contra-les-dones-a-teheran-vencedora-de-la-mostra\\\/#breadcrumb\",\"itemListElement\":[{\"@type\":\"ListItem\",\"position\":1,\"name\":\"Portada\",\"item\":\"https:\\\/\\\/lamostradevalencia.com\\\/ca\\\/\"},{\"@type\":\"ListItem\",\"position\":2,\"name\":\"La franc-irani\u00e0 &#8216;Until tomorrow&#8217;, que denuncia la repressi\u00f3 contra les dones a Teheran, vencedora de la Mostra\"}]},{\"@type\":\"WebSite\",\"@id\":\"https:\\\/\\\/lamostradevalencia.com\\\/ca\\\/#website\",\"url\":\"https:\\\/\\\/lamostradevalencia.com\\\/ca\\\/\",\"name\":\"Mostra de Val\u00e8ncia\",\"description\":\"Cinema del Mediterrani\",\"potentialAction\":[{\"@type\":\"SearchAction\",\"target\":{\"@type\":\"EntryPoint\",\"urlTemplate\":\"https:\\\/\\\/lamostradevalencia.com\\\/ca\\\/?s={search_term_string}\"},\"query-input\":{\"@type\":\"PropertyValueSpecification\",\"valueRequired\":true,\"valueName\":\"search_term_string\"}}],\"inLanguage\":\"ca\"},{\"@type\":\"Person\",\"@id\":\"https:\\\/\\\/lamostradevalencia.com\\\/ca\\\/#\\\/schema\\\/person\\\/1dc07e4df3d6310b81d2cdf6a034070c\",\"name\":\"Mostra de Val\u00e8ncia\",\"image\":{\"@type\":\"ImageObject\",\"inLanguage\":\"ca\",\"@id\":\"https:\\\/\\\/secure.gravatar.com\\\/avatar\\\/ada4dfd699a9907706987adb1bb2b361c2613ccca474b49b8c648de5208e32f8?s=96&d=mm&r=g\",\"url\":\"https:\\\/\\\/secure.gravatar.com\\\/avatar\\\/ada4dfd699a9907706987adb1bb2b361c2613ccca474b49b8c648de5208e32f8?s=96&d=mm&r=g\",\"contentUrl\":\"https:\\\/\\\/secure.gravatar.com\\\/avatar\\\/ada4dfd699a9907706987adb1bb2b361c2613ccca474b49b8c648de5208e32f8?s=96&d=mm&r=g\",\"caption\":\"Mostra de Val\u00e8ncia\"}}]}<\/script>\n<!-- \/ Yoast SEO plugin. -->","yoast_head_json":{"title":"La franc-irani\u00e0 'Until tomorrow', que denuncia la repressi\u00f3 contra les dones a Teheran, vencedora de la Mostra - Mostra de Val\u00e8ncia","robots":{"index":"index","follow":"follow","max-snippet":"max-snippet:-1","max-image-preview":"max-image-preview:large","max-video-preview":"max-video-preview:-1"},"canonical":"https:\/\/lamostradevalencia.com\/ca\/la-franc-irania-until-tomorrow-que-denuncia-la-repressio-contra-les-dones-a-teheran-vencedora-de-la-mostra\/","og_locale":"ca_ES","og_type":"article","og_title":"La franc-irani\u00e0 'Until tomorrow', que denuncia la repressi\u00f3 contra les dones a Teheran, vencedora de la Mostra - Mostra de Val\u00e8ncia","og_description":"La cinta obt\u00e9 dos guardons m\u00e9s (direcci\u00f3 i actriu), mentre que la israeliana &#8216;Concerned Citizen&#8217; \u00e9s reconeguda amb la Palmera de Plata, millor gui\u00f3 i [&hellip;]","og_url":"https:\/\/lamostradevalencia.com\/ca\/la-franc-irania-until-tomorrow-que-denuncia-la-repressio-contra-les-dones-a-teheran-vencedora-de-la-mostra\/","og_site_name":"Mostra de Val\u00e8ncia","article_published_time":"2022-10-28T18:58:01+00:00","og_image":[{"width":1026,"height":635,"url":"https:\/\/lamostradevalencia.com\/wp-content\/uploads\/2022\/10\/palmeras.jpg","type":"image\/jpeg"}],"author":"Mostra de Val\u00e8ncia","twitter_card":"summary_large_image","twitter_misc":{"Escrit per":"Mostra de Val\u00e8ncia","Temps estimat de lectura":"4 minuts"},"schema":{"@context":"https:\/\/schema.org","@graph":[{"@type":"Article","@id":"https:\/\/lamostradevalencia.com\/ca\/la-franc-irania-until-tomorrow-que-denuncia-la-repressio-contra-les-dones-a-teheran-vencedora-de-la-mostra\/#article","isPartOf":{"@id":"https:\/\/lamostradevalencia.com\/ca\/la-franc-irania-until-tomorrow-que-denuncia-la-repressio-contra-les-dones-a-teheran-vencedora-de-la-mostra\/"},"author":{"name":"Mostra de Val\u00e8ncia","@id":"https:\/\/lamostradevalencia.com\/ca\/#\/schema\/person\/1dc07e4df3d6310b81d2cdf6a034070c"},"headline":"La franc-irani\u00e0 &#8216;Until tomorrow&#8217;, que denuncia la repressi\u00f3 contra les dones a Teheran, vencedora de la Mostra","datePublished":"2022-10-28T18:58:01+00:00","mainEntityOfPage":{"@id":"https:\/\/lamostradevalencia.com\/ca\/la-franc-irania-until-tomorrow-que-denuncia-la-repressio-contra-les-dones-a-teheran-vencedora-de-la-mostra\/"},"wordCount":928,"commentCount":0,"image":{"@id":"https:\/\/lamostradevalencia.com\/ca\/la-franc-irania-until-tomorrow-que-denuncia-la-repressio-contra-les-dones-a-teheran-vencedora-de-la-mostra\/#primaryimage"},"thumbnailUrl":"https:\/\/lamostradevalencia.com\/wp-content\/uploads\/2022\/10\/palmeras.jpg","articleSection":["Noticies"],"inLanguage":"ca","potentialAction":[{"@type":"CommentAction","name":"Comment","target":["https:\/\/lamostradevalencia.com\/ca\/la-franc-irania-until-tomorrow-que-denuncia-la-repressio-contra-les-dones-a-teheran-vencedora-de-la-mostra\/#respond"]}]},{"@type":"WebPage","@id":"https:\/\/lamostradevalencia.com\/ca\/la-franc-irania-until-tomorrow-que-denuncia-la-repressio-contra-les-dones-a-teheran-vencedora-de-la-mostra\/","url":"https:\/\/lamostradevalencia.com\/ca\/la-franc-irania-until-tomorrow-que-denuncia-la-repressio-contra-les-dones-a-teheran-vencedora-de-la-mostra\/","name":"La franc-irani\u00e0 'Until tomorrow', que denuncia la repressi\u00f3 contra les dones a Teheran, vencedora de la Mostra - Mostra de Val\u00e8ncia","isPartOf":{"@id":"https:\/\/lamostradevalencia.com\/ca\/#website"},"primaryImageOfPage":{"@id":"https:\/\/lamostradevalencia.com\/ca\/la-franc-irania-until-tomorrow-que-denuncia-la-repressio-contra-les-dones-a-teheran-vencedora-de-la-mostra\/#primaryimage"},"image":{"@id":"https:\/\/lamostradevalencia.com\/ca\/la-franc-irania-until-tomorrow-que-denuncia-la-repressio-contra-les-dones-a-teheran-vencedora-de-la-mostra\/#primaryimage"},"thumbnailUrl":"https:\/\/lamostradevalencia.com\/wp-content\/uploads\/2022\/10\/palmeras.jpg","datePublished":"2022-10-28T18:58:01+00:00","author":{"@id":"https:\/\/lamostradevalencia.com\/ca\/#\/schema\/person\/1dc07e4df3d6310b81d2cdf6a034070c"},"breadcrumb":{"@id":"https:\/\/lamostradevalencia.com\/ca\/la-franc-irania-until-tomorrow-que-denuncia-la-repressio-contra-les-dones-a-teheran-vencedora-de-la-mostra\/#breadcrumb"},"inLanguage":"ca","potentialAction":[{"@type":"ReadAction","target":["https:\/\/lamostradevalencia.com\/ca\/la-franc-irania-until-tomorrow-que-denuncia-la-repressio-contra-les-dones-a-teheran-vencedora-de-la-mostra\/"]}]},{"@type":"ImageObject","inLanguage":"ca","@id":"https:\/\/lamostradevalencia.com\/ca\/la-franc-irania-until-tomorrow-que-denuncia-la-repressio-contra-les-dones-a-teheran-vencedora-de-la-mostra\/#primaryimage","url":"https:\/\/lamostradevalencia.com\/wp-content\/uploads\/2022\/10\/palmeras.jpg","contentUrl":"https:\/\/lamostradevalencia.com\/wp-content\/uploads\/2022\/10\/palmeras.jpg","width":1026,"height":635},{"@type":"BreadcrumbList","@id":"https:\/\/lamostradevalencia.com\/ca\/la-franc-irania-until-tomorrow-que-denuncia-la-repressio-contra-les-dones-a-teheran-vencedora-de-la-mostra\/#breadcrumb","itemListElement":[{"@type":"ListItem","position":1,"name":"Portada","item":"https:\/\/lamostradevalencia.com\/ca\/"},{"@type":"ListItem","position":2,"name":"La franc-irani\u00e0 &#8216;Until tomorrow&#8217;, que denuncia la repressi\u00f3 contra les dones a Teheran, vencedora de la Mostra"}]},{"@type":"WebSite","@id":"https:\/\/lamostradevalencia.com\/ca\/#website","url":"https:\/\/lamostradevalencia.com\/ca\/","name":"Mostra de Val\u00e8ncia","description":"Cinema del Mediterrani","potentialAction":[{"@type":"SearchAction","target":{"@type":"EntryPoint","urlTemplate":"https:\/\/lamostradevalencia.com\/ca\/?s={search_term_string}"},"query-input":{"@type":"PropertyValueSpecification","valueRequired":true,"valueName":"search_term_string"}}],"inLanguage":"ca"},{"@type":"Person","@id":"https:\/\/lamostradevalencia.com\/ca\/#\/schema\/person\/1dc07e4df3d6310b81d2cdf6a034070c","name":"Mostra de Val\u00e8ncia","image":{"@type":"ImageObject","inLanguage":"ca","@id":"https:\/\/secure.gravatar.com\/avatar\/ada4dfd699a9907706987adb1bb2b361c2613ccca474b49b8c648de5208e32f8?s=96&d=mm&r=g","url":"https:\/\/secure.gravatar.com\/avatar\/ada4dfd699a9907706987adb1bb2b361c2613ccca474b49b8c648de5208e32f8?s=96&d=mm&r=g","contentUrl":"https:\/\/secure.gravatar.com\/avatar\/ada4dfd699a9907706987adb1bb2b361c2613ccca474b49b8c648de5208e32f8?s=96&d=mm&r=g","caption":"Mostra de Val\u00e8ncia"}}]}},"uagb_featured_image_src":{"full":["https:\/\/lamostradevalencia.com\/wp-content\/uploads\/2022\/10\/palmeras.jpg",1026,635,false],"thumbnail":["https:\/\/lamostradevalencia.com\/wp-content\/uploads\/2022\/10\/palmeras-150x150.jpg",150,150,true],"medium":["https:\/\/lamostradevalencia.com\/wp-content\/uploads\/2022\/10\/palmeras-300x186.jpg",300,186,true],"medium_large":["https:\/\/lamostradevalencia.com\/wp-content\/uploads\/2022\/10\/palmeras-768x475.jpg",768,475,true],"large":["https:\/\/lamostradevalencia.com\/wp-content\/uploads\/2022\/10\/palmeras-1024x634.jpg",1024,634,true],"1536x1536":["https:\/\/lamostradevalencia.com\/wp-content\/uploads\/2022\/10\/palmeras.jpg",1026,635,false],"2048x2048":["https:\/\/lamostradevalencia.com\/wp-content\/uploads\/2022\/10\/palmeras.jpg",1026,635,false],"cinerama_edge_image_square":["https:\/\/lamostradevalencia.com\/wp-content\/uploads\/2022\/10\/palmeras-550x550.jpg",550,550,true],"cinerama_edge_image_landscape":["https:\/\/lamostradevalencia.com\/wp-content\/uploads\/2022\/10\/palmeras-1026x550.jpg",1026,550,true],"cinerama_edge_image_portrait":["https:\/\/lamostradevalencia.com\/wp-content\/uploads\/2022\/10\/palmeras-550x635.jpg",550,635,true],"cinerama_edge_image_huge":["https:\/\/lamostradevalencia.com\/wp-content\/uploads\/2022\/10\/palmeras.jpg",1026,635,false],"gform-image-choice-sm":["https:\/\/lamostradevalencia.com\/wp-content\/uploads\/2022\/10\/palmeras.jpg",300,186,false],"gform-image-choice-md":["https:\/\/lamostradevalencia.com\/wp-content\/uploads\/2022\/10\/palmeras.jpg",400,248,false],"gform-image-choice-lg":["https:\/\/lamostradevalencia.com\/wp-content\/uploads\/2022\/10\/palmeras.jpg",600,371,false]},"uagb_author_info":{"display_name":"Mostra de Val\u00e8ncia","author_link":"https:\/\/lamostradevalencia.com\/ca\/author\/mostravalencia\/"},"uagb_comment_info":0,"uagb_excerpt":"La cinta obt\u00e9 dos guardons m\u00e9s (direcci\u00f3 i actriu), mentre que la israeliana &#8216;Concerned Citizen&#8217; \u00e9s reconeguda amb la Palmera de Plata, millor gui\u00f3 i [&hellip;]","_links":{"self":[{"href":"https:\/\/lamostradevalencia.com\/ca\/wp-json\/wp\/v2\/posts\/17539","targetHints":{"allow":["GET"]}}],"collection":[{"href":"https:\/\/lamostradevalencia.com\/ca\/wp-json\/wp\/v2\/posts"}],"about":[{"href":"https:\/\/lamostradevalencia.com\/ca\/wp-json\/wp\/v2\/types\/post"}],"author":[{"embeddable":true,"href":"https:\/\/lamostradevalencia.com\/ca\/wp-json\/wp\/v2\/users\/1"}],"replies":[{"embeddable":true,"href":"https:\/\/lamostradevalencia.com\/ca\/wp-json\/wp\/v2\/comments?post=17539"}],"version-history":[{"count":1,"href":"https:\/\/lamostradevalencia.com\/ca\/wp-json\/wp\/v2\/posts\/17539\/revisions"}],"predecessor-version":[{"id":17540,"href":"https:\/\/lamostradevalencia.com\/ca\/wp-json\/wp\/v2\/posts\/17539\/revisions\/17540"}],"wp:featuredmedia":[{"embeddable":true,"href":"https:\/\/lamostradevalencia.com\/ca\/wp-json\/wp\/v2\/media\/17530"}],"wp:attachment":[{"href":"https:\/\/lamostradevalencia.com\/ca\/wp-json\/wp\/v2\/media?parent=17539"}],"wp:term":[{"taxonomy":"category","embeddable":true,"href":"https:\/\/lamostradevalencia.com\/ca\/wp-json\/wp\/v2\/categories?post=17539"},{"taxonomy":"post_tag","embeddable":true,"href":"https:\/\/lamostradevalencia.com\/ca\/wp-json\/wp\/v2\/tags?post=17539"}],"curies":[{"name":"wp","href":"https:\/\/api.w.org\/{rel}","templated":true}]}}