{"id":17519,"date":"2022-10-28T15:39:52","date_gmt":"2022-10-28T13:39:52","guid":{"rendered":"https:\/\/lamostradevalencia.com\/?p=17519"},"modified":"2022-10-28T15:39:52","modified_gmt":"2022-10-28T13:39:52","slug":"beatriz-sanchis-per-a-mi-es-quasi-un-deure-representar-en-les-meues-pel%c2%b7licules-altres-models-de-dones-que-sallunyen-de-la-feminitat-convencional","status":"publish","type":"post","link":"https:\/\/lamostradevalencia.com\/ca\/beatriz-sanchis-per-a-mi-es-quasi-un-deure-representar-en-les-meues-pel%c2%b7licules-altres-models-de-dones-que-sallunyen-de-la-feminitat-convencional\/","title":{"rendered":"Beatriz Sanchis: \u201cPer a mi \u00e9s quasi un deure representar en les meues pel\u00b7l\u00edcules altres models de dones que s&#8217;allunyen de la feminitat convencional\u201d"},"content":{"rendered":"<h5>La cineasta valenciana tanca la Mostra amb la seua pel\u00b7l\u00edcula \u2018The Gigantes\u2019, un viatge inici\u00e0tic premiat amb la Menci\u00f3 especial del jurat\u00a0 del Festival de M\u00e0laga<\/h5>\n<p>El segon llargmetratge de la directora i guionista valenciana, \u2018The Gigantes\u2019, tanca esta vesprada la 37\u00aa Mostra de Val\u00e8ncia:\u00a0<strong>\u201cPer a mi \u00e9s molt important ja que part de la meua formaci\u00f3 com a cineasta ha sigut en la Mostra.<\/strong>\u00a0Quan estava estudiant ens escap\u00e0vem sempre per a veure tres o quatre pel\u00b7l\u00edcules tots els dies, f\u00e9iem vertaderes maratons de cinema, aix\u00ed que clausurar el festival \u00e9s molt emocionant per a mi\u201d.<\/p>\n<p>Inscrita en la tradici\u00f3 del\u00a0<em>road movie,<\/em>\u00a0\u2018The Gigantes\u2019 posa en el mateix cam\u00ed a dos personatges solitaris, una dona estatunidenca encarnada per\u00a0<strong>Andrea Sutton<\/strong>\u00a0i una adolescent mexicana amb la qual debuta\u00a0<strong>Samantha Jane Smith.\u00a0<\/strong>Unides per les seues ferides del passat, emprenen un viatge juntes en el qual s&#8217;enfronten a un desert salvatge que els demanda fortalesa i introspecci\u00f3. Dos personatges molt diferents que coincideixen per estar allunyats d&#8217;una feminitat convencional: \u201cPer a mi \u00e9s quasi un deure.\u00a0<strong>Crec que la feminitat convencional est\u00e0 tan representada que cal representar altres models ja que som un col\u00b7lectiu molt plural i diferent.<\/strong>\u00a0Per aix\u00f2 tenim a dos personatges tan diferents: la xica de 15 anys que est\u00e0 descobrint com \u00e9s la sexualitat i que descobreix que li agraden les dones, i l&#8217;altra protagonista, una dona heterosexual per\u00f2 molt masculina, ca\u00f2tica i egoista, qualitats que la converteixen en una anti-hero\u00efna\u201d.<\/p>\n<p>El t\u00edtol de la pel\u00b7l\u00edcula, que va passar pel Festival de M\u00e0laga on es va emportar la Menci\u00f3 especial del jurat i el Premi a la millor fotografia, va m\u00e9s enll\u00e0 de ser\u00a0<strong>\u201cuna met\u00e0fora sobre la grandesa de les seues protagonistes\u201d,<\/strong>\u00a0explica Sanchis, i al\u00b7ludeix tamb\u00e9 \u201ca eixos cactus enormes que mesuren entre 15 i 20 metres d&#8217;alt\u201d, caracter\u00edstics del paisatge de Baixa Calif\u00f2rnia, lloc on les protagonistes emprenen el viatge: \u201cEn tot aix\u00f2 subjau eixa idea quixotesca ja que elles estan perseguint un somni, un passat que ja no existeix, i per a mi, eixos gegants, els cactus, s\u00f3n com els molins del Quixot i Sancho Panza\u201d.<\/p>\n<p>Enfront del seu debut cinematogr\u00e0fic \u2018Todos est\u00e1n muertos\u2019, protagonitzat per Elena Anaya, que transcorria a l&#8217;interior d&#8217;una casa, en \u2018The Gigantes\u2019 la cineasta es llan\u00e7a al desert\u00a0per a contar la seua hist\u00f2ria: \u201cEl context \u00e9s molt diferent, la meua pel\u00b7l\u00edcula anterior era una cerca que succe\u00efa dins d&#8217;una casa i esta \u00e9s una cerca que succeeix en l&#8217;exterior, \u00e9s una met\u00e0fora impressionant que s&#8217;ha utilitzat en la B\u00edblia, la travessia pel desert com un viatge inici\u00e0tic de trobada personal i de descobriment\u201d.<\/p>\n<p><strong>Un rodatge quilom\u00e8tric que va ser \u201cmeravell\u00f3s\u201d per\u00f2 tamb\u00e9 \u201cdur\u201d:<\/strong>\u00a0\u201cLa pel\u00b7l\u00edcula est\u00e0 gravada cronol\u00f2gicament. Varem gravar\u00a0en dos pa\u00efsos, els Estats Units i M\u00e8xic. Vam anar gravant des de Los Angeles al sud de la Baixa Calif\u00f2rnia i vam rec\u00f3rrer cinc ciutats en les quals vam estar rodant. Una caravana d&#8217;un munt de gent tractant de plasmar un somni com era fer esta pel\u00b7l\u00edcula\u201d.<\/p>\n<p>Beatriz Sanchis ja t\u00e9 nou projecte en ment: \u201c<strong>Estic escrivint un gui\u00f3 per\u00f2 en un proc\u00e9s bastant inicial,\u00a0<\/strong>encara no tinc res que vaja a eixir d&#8217;una manera imminent\u201d. L&#8217;\u00fanica cosa que pot avan\u00e7ar \u00e9s que els seus protagonistes seran tamb\u00e9 dones: \u201cM&#8217;imagine que s\u00ed perqu\u00e8 \u00e9s des d&#8217;on jo solc treballar i on em sent identificada i crec que puc aportar m\u00e9s\u201d.<\/p>\n<p>La 37a Mostra de Val\u00e8ncia \u2013 Cinema del Mediterrani, compta amb la col\u00b7laboraci\u00f3 de l\u2019Institut Valenci\u00e0 de Cultura (IVC), Rambleta, Val\u00e8ncia Film Office, Barreira Arte + Dise\u00f1o\u00a0i \u00c0 Punt M\u00e8dia com a mitj\u00e0 oficial.<\/p>\n","protected":false},"excerpt":{"rendered":"<p>La cineasta valenciana tanca la Mostra amb la seua pel\u00b7l\u00edcula \u2018The Gigantes\u2019, un viatge inici\u00e0tic premiat amb la Menci\u00f3 especial del jurat\u00a0 del Festival de [&hellip;]<\/p>\n","protected":false},"author":1,"featured_media":17520,"comment_status":"open","ping_status":"open","sticky":false,"template":"","format":"standard","meta":{"_uag_custom_page_level_css":"","_jet_sm_ready_style":"","_jet_sm_style":"","_jet_sm_controls_values":"","_jet_sm_fonts_collection":"","_jet_sm_fonts_links":"","footnotes":""},"categories":[455],"tags":[],"class_list":["post-17519","post","type-post","status-publish","format-standard","has-post-thumbnail","hentry","category-noticies"],"yoast_head":"<!-- This site is optimized with the Yoast SEO plugin v27.5 - https:\/\/yoast.com\/product\/yoast-seo-wordpress\/ -->\n<title>Beatriz Sanchis: \u201cPer a mi \u00e9s quasi un deure representar en les meues pel\u00b7l\u00edcules altres models de dones que s&#039;allunyen de la feminitat convencional\u201d - Mostra de Val\u00e8ncia<\/title>\n<meta name=\"robots\" content=\"index, follow, max-snippet:-1, max-image-preview:large, max-video-preview:-1\" \/>\n<link rel=\"canonical\" href=\"https:\/\/lamostradevalencia.com\/ca\/beatriz-sanchis-per-a-mi-es-quasi-un-deure-representar-en-les-meues-pel%c2%b7licules-altres-models-de-dones-que-sallunyen-de-la-feminitat-convencional\/\" \/>\n<meta property=\"og:locale\" content=\"ca_ES\" \/>\n<meta property=\"og:type\" content=\"article\" \/>\n<meta property=\"og:title\" content=\"Beatriz Sanchis: \u201cPer a mi \u00e9s quasi un deure representar en les meues pel\u00b7l\u00edcules altres models de dones que s&#039;allunyen de la feminitat convencional\u201d - Mostra de Val\u00e8ncia\" \/>\n<meta property=\"og:description\" content=\"La cineasta valenciana tanca la Mostra amb la seua pel\u00b7l\u00edcula \u2018The Gigantes\u2019, un viatge inici\u00e0tic premiat amb la Menci\u00f3 especial del jurat\u00a0 del Festival de [&hellip;]\" \/>\n<meta property=\"og:url\" content=\"https:\/\/lamostradevalencia.com\/ca\/beatriz-sanchis-per-a-mi-es-quasi-un-deure-representar-en-les-meues-pel%c2%b7licules-altres-models-de-dones-que-sallunyen-de-la-feminitat-convencional\/\" \/>\n<meta property=\"og:site_name\" content=\"Mostra de Val\u00e8ncia\" \/>\n<meta property=\"article:published_time\" content=\"2022-10-28T13:39:52+00:00\" \/>\n<meta property=\"og:image\" content=\"https:\/\/lamostradevalencia.com\/wp-content\/uploads\/2022\/10\/beatriz-sanchis.jpg\" \/>\n\t<meta property=\"og:image:width\" content=\"1097\" \/>\n\t<meta property=\"og:image:height\" content=\"769\" \/>\n\t<meta property=\"og:image:type\" content=\"image\/jpeg\" \/>\n<meta name=\"author\" content=\"Mostra de Val\u00e8ncia\" \/>\n<meta name=\"twitter:card\" content=\"summary_large_image\" \/>\n<meta name=\"twitter:label1\" content=\"Escrit per\" \/>\n\t<meta name=\"twitter:data1\" content=\"Mostra de Val\u00e8ncia\" \/>\n\t<meta name=\"twitter:label2\" content=\"Temps estimat de lectura\" \/>\n\t<meta name=\"twitter:data2\" content=\"3 minuts\" \/>\n<script type=\"application\/ld+json\" class=\"yoast-schema-graph\">{\"@context\":\"https:\\\/\\\/schema.org\",\"@graph\":[{\"@type\":\"Article\",\"@id\":\"https:\\\/\\\/lamostradevalencia.com\\\/ca\\\/beatriz-sanchis-per-a-mi-es-quasi-un-deure-representar-en-les-meues-pel%c2%b7licules-altres-models-de-dones-que-sallunyen-de-la-feminitat-convencional\\\/#article\",\"isPartOf\":{\"@id\":\"https:\\\/\\\/lamostradevalencia.com\\\/ca\\\/beatriz-sanchis-per-a-mi-es-quasi-un-deure-representar-en-les-meues-pel%c2%b7licules-altres-models-de-dones-que-sallunyen-de-la-feminitat-convencional\\\/\"},\"author\":{\"name\":\"Mostra de Val\u00e8ncia\",\"@id\":\"https:\\\/\\\/lamostradevalencia.com\\\/ca\\\/#\\\/schema\\\/person\\\/1dc07e4df3d6310b81d2cdf6a034070c\"},\"headline\":\"Beatriz Sanchis: \u201cPer a mi \u00e9s quasi un deure representar en les meues pel\u00b7l\u00edcules altres models de dones que s&#8217;allunyen de la feminitat convencional\u201d\",\"datePublished\":\"2022-10-28T13:39:52+00:00\",\"mainEntityOfPage\":{\"@id\":\"https:\\\/\\\/lamostradevalencia.com\\\/ca\\\/beatriz-sanchis-per-a-mi-es-quasi-un-deure-representar-en-les-meues-pel%c2%b7licules-altres-models-de-dones-que-sallunyen-de-la-feminitat-convencional\\\/\"},\"wordCount\":688,\"commentCount\":0,\"image\":{\"@id\":\"https:\\\/\\\/lamostradevalencia.com\\\/ca\\\/beatriz-sanchis-per-a-mi-es-quasi-un-deure-representar-en-les-meues-pel%c2%b7licules-altres-models-de-dones-que-sallunyen-de-la-feminitat-convencional\\\/#primaryimage\"},\"thumbnailUrl\":\"https:\\\/\\\/lamostradevalencia.com\\\/wp-content\\\/uploads\\\/2022\\\/10\\\/beatriz-sanchis.jpg\",\"articleSection\":[\"Noticies\"],\"inLanguage\":\"ca\",\"potentialAction\":[{\"@type\":\"CommentAction\",\"name\":\"Comment\",\"target\":[\"https:\\\/\\\/lamostradevalencia.com\\\/ca\\\/beatriz-sanchis-per-a-mi-es-quasi-un-deure-representar-en-les-meues-pel%c2%b7licules-altres-models-de-dones-que-sallunyen-de-la-feminitat-convencional\\\/#respond\"]}]},{\"@type\":\"WebPage\",\"@id\":\"https:\\\/\\\/lamostradevalencia.com\\\/ca\\\/beatriz-sanchis-per-a-mi-es-quasi-un-deure-representar-en-les-meues-pel%c2%b7licules-altres-models-de-dones-que-sallunyen-de-la-feminitat-convencional\\\/\",\"url\":\"https:\\\/\\\/lamostradevalencia.com\\\/ca\\\/beatriz-sanchis-per-a-mi-es-quasi-un-deure-representar-en-les-meues-pel%c2%b7licules-altres-models-de-dones-que-sallunyen-de-la-feminitat-convencional\\\/\",\"name\":\"Beatriz Sanchis: \u201cPer a mi \u00e9s quasi un deure representar en les meues pel\u00b7l\u00edcules altres models de dones que s'allunyen de la feminitat convencional\u201d - Mostra de Val\u00e8ncia\",\"isPartOf\":{\"@id\":\"https:\\\/\\\/lamostradevalencia.com\\\/ca\\\/#website\"},\"primaryImageOfPage\":{\"@id\":\"https:\\\/\\\/lamostradevalencia.com\\\/ca\\\/beatriz-sanchis-per-a-mi-es-quasi-un-deure-representar-en-les-meues-pel%c2%b7licules-altres-models-de-dones-que-sallunyen-de-la-feminitat-convencional\\\/#primaryimage\"},\"image\":{\"@id\":\"https:\\\/\\\/lamostradevalencia.com\\\/ca\\\/beatriz-sanchis-per-a-mi-es-quasi-un-deure-representar-en-les-meues-pel%c2%b7licules-altres-models-de-dones-que-sallunyen-de-la-feminitat-convencional\\\/#primaryimage\"},\"thumbnailUrl\":\"https:\\\/\\\/lamostradevalencia.com\\\/wp-content\\\/uploads\\\/2022\\\/10\\\/beatriz-sanchis.jpg\",\"datePublished\":\"2022-10-28T13:39:52+00:00\",\"author\":{\"@id\":\"https:\\\/\\\/lamostradevalencia.com\\\/ca\\\/#\\\/schema\\\/person\\\/1dc07e4df3d6310b81d2cdf6a034070c\"},\"breadcrumb\":{\"@id\":\"https:\\\/\\\/lamostradevalencia.com\\\/ca\\\/beatriz-sanchis-per-a-mi-es-quasi-un-deure-representar-en-les-meues-pel%c2%b7licules-altres-models-de-dones-que-sallunyen-de-la-feminitat-convencional\\\/#breadcrumb\"},\"inLanguage\":\"ca\",\"potentialAction\":[{\"@type\":\"ReadAction\",\"target\":[\"https:\\\/\\\/lamostradevalencia.com\\\/ca\\\/beatriz-sanchis-per-a-mi-es-quasi-un-deure-representar-en-les-meues-pel%c2%b7licules-altres-models-de-dones-que-sallunyen-de-la-feminitat-convencional\\\/\"]}]},{\"@type\":\"ImageObject\",\"inLanguage\":\"ca\",\"@id\":\"https:\\\/\\\/lamostradevalencia.com\\\/ca\\\/beatriz-sanchis-per-a-mi-es-quasi-un-deure-representar-en-les-meues-pel%c2%b7licules-altres-models-de-dones-que-sallunyen-de-la-feminitat-convencional\\\/#primaryimage\",\"url\":\"https:\\\/\\\/lamostradevalencia.com\\\/wp-content\\\/uploads\\\/2022\\\/10\\\/beatriz-sanchis.jpg\",\"contentUrl\":\"https:\\\/\\\/lamostradevalencia.com\\\/wp-content\\\/uploads\\\/2022\\\/10\\\/beatriz-sanchis.jpg\",\"width\":1097,\"height\":769},{\"@type\":\"BreadcrumbList\",\"@id\":\"https:\\\/\\\/lamostradevalencia.com\\\/ca\\\/beatriz-sanchis-per-a-mi-es-quasi-un-deure-representar-en-les-meues-pel%c2%b7licules-altres-models-de-dones-que-sallunyen-de-la-feminitat-convencional\\\/#breadcrumb\",\"itemListElement\":[{\"@type\":\"ListItem\",\"position\":1,\"name\":\"Portada\",\"item\":\"https:\\\/\\\/lamostradevalencia.com\\\/ca\\\/\"},{\"@type\":\"ListItem\",\"position\":2,\"name\":\"Beatriz Sanchis: \u201cPer a mi \u00e9s quasi un deure representar en les meues pel\u00b7l\u00edcules altres models de dones que s&#8217;allunyen de la feminitat convencional\u201d\"}]},{\"@type\":\"WebSite\",\"@id\":\"https:\\\/\\\/lamostradevalencia.com\\\/ca\\\/#website\",\"url\":\"https:\\\/\\\/lamostradevalencia.com\\\/ca\\\/\",\"name\":\"Mostra de Val\u00e8ncia\",\"description\":\"Cinema del Mediterrani\",\"potentialAction\":[{\"@type\":\"SearchAction\",\"target\":{\"@type\":\"EntryPoint\",\"urlTemplate\":\"https:\\\/\\\/lamostradevalencia.com\\\/ca\\\/?s={search_term_string}\"},\"query-input\":{\"@type\":\"PropertyValueSpecification\",\"valueRequired\":true,\"valueName\":\"search_term_string\"}}],\"inLanguage\":\"ca\"},{\"@type\":\"Person\",\"@id\":\"https:\\\/\\\/lamostradevalencia.com\\\/ca\\\/#\\\/schema\\\/person\\\/1dc07e4df3d6310b81d2cdf6a034070c\",\"name\":\"Mostra de Val\u00e8ncia\",\"image\":{\"@type\":\"ImageObject\",\"inLanguage\":\"ca\",\"@id\":\"https:\\\/\\\/secure.gravatar.com\\\/avatar\\\/ada4dfd699a9907706987adb1bb2b361c2613ccca474b49b8c648de5208e32f8?s=96&d=mm&r=g\",\"url\":\"https:\\\/\\\/secure.gravatar.com\\\/avatar\\\/ada4dfd699a9907706987adb1bb2b361c2613ccca474b49b8c648de5208e32f8?s=96&d=mm&r=g\",\"contentUrl\":\"https:\\\/\\\/secure.gravatar.com\\\/avatar\\\/ada4dfd699a9907706987adb1bb2b361c2613ccca474b49b8c648de5208e32f8?s=96&d=mm&r=g\",\"caption\":\"Mostra de Val\u00e8ncia\"}}]}<\/script>\n<!-- \/ Yoast SEO plugin. -->","yoast_head_json":{"title":"Beatriz Sanchis: \u201cPer a mi \u00e9s quasi un deure representar en les meues pel\u00b7l\u00edcules altres models de dones que s'allunyen de la feminitat convencional\u201d - Mostra de Val\u00e8ncia","robots":{"index":"index","follow":"follow","max-snippet":"max-snippet:-1","max-image-preview":"max-image-preview:large","max-video-preview":"max-video-preview:-1"},"canonical":"https:\/\/lamostradevalencia.com\/ca\/beatriz-sanchis-per-a-mi-es-quasi-un-deure-representar-en-les-meues-pel%c2%b7licules-altres-models-de-dones-que-sallunyen-de-la-feminitat-convencional\/","og_locale":"ca_ES","og_type":"article","og_title":"Beatriz Sanchis: \u201cPer a mi \u00e9s quasi un deure representar en les meues pel\u00b7l\u00edcules altres models de dones que s'allunyen de la feminitat convencional\u201d - Mostra de Val\u00e8ncia","og_description":"La cineasta valenciana tanca la Mostra amb la seua pel\u00b7l\u00edcula \u2018The Gigantes\u2019, un viatge inici\u00e0tic premiat amb la Menci\u00f3 especial del jurat\u00a0 del Festival de [&hellip;]","og_url":"https:\/\/lamostradevalencia.com\/ca\/beatriz-sanchis-per-a-mi-es-quasi-un-deure-representar-en-les-meues-pel%c2%b7licules-altres-models-de-dones-que-sallunyen-de-la-feminitat-convencional\/","og_site_name":"Mostra de Val\u00e8ncia","article_published_time":"2022-10-28T13:39:52+00:00","og_image":[{"width":1097,"height":769,"url":"https:\/\/lamostradevalencia.com\/wp-content\/uploads\/2022\/10\/beatriz-sanchis.jpg","type":"image\/jpeg"}],"author":"Mostra de Val\u00e8ncia","twitter_card":"summary_large_image","twitter_misc":{"Escrit per":"Mostra de Val\u00e8ncia","Temps estimat de lectura":"3 minuts"},"schema":{"@context":"https:\/\/schema.org","@graph":[{"@type":"Article","@id":"https:\/\/lamostradevalencia.com\/ca\/beatriz-sanchis-per-a-mi-es-quasi-un-deure-representar-en-les-meues-pel%c2%b7licules-altres-models-de-dones-que-sallunyen-de-la-feminitat-convencional\/#article","isPartOf":{"@id":"https:\/\/lamostradevalencia.com\/ca\/beatriz-sanchis-per-a-mi-es-quasi-un-deure-representar-en-les-meues-pel%c2%b7licules-altres-models-de-dones-que-sallunyen-de-la-feminitat-convencional\/"},"author":{"name":"Mostra de Val\u00e8ncia","@id":"https:\/\/lamostradevalencia.com\/ca\/#\/schema\/person\/1dc07e4df3d6310b81d2cdf6a034070c"},"headline":"Beatriz Sanchis: \u201cPer a mi \u00e9s quasi un deure representar en les meues pel\u00b7l\u00edcules altres models de dones que s&#8217;allunyen de la feminitat convencional\u201d","datePublished":"2022-10-28T13:39:52+00:00","mainEntityOfPage":{"@id":"https:\/\/lamostradevalencia.com\/ca\/beatriz-sanchis-per-a-mi-es-quasi-un-deure-representar-en-les-meues-pel%c2%b7licules-altres-models-de-dones-que-sallunyen-de-la-feminitat-convencional\/"},"wordCount":688,"commentCount":0,"image":{"@id":"https:\/\/lamostradevalencia.com\/ca\/beatriz-sanchis-per-a-mi-es-quasi-un-deure-representar-en-les-meues-pel%c2%b7licules-altres-models-de-dones-que-sallunyen-de-la-feminitat-convencional\/#primaryimage"},"thumbnailUrl":"https:\/\/lamostradevalencia.com\/wp-content\/uploads\/2022\/10\/beatriz-sanchis.jpg","articleSection":["Noticies"],"inLanguage":"ca","potentialAction":[{"@type":"CommentAction","name":"Comment","target":["https:\/\/lamostradevalencia.com\/ca\/beatriz-sanchis-per-a-mi-es-quasi-un-deure-representar-en-les-meues-pel%c2%b7licules-altres-models-de-dones-que-sallunyen-de-la-feminitat-convencional\/#respond"]}]},{"@type":"WebPage","@id":"https:\/\/lamostradevalencia.com\/ca\/beatriz-sanchis-per-a-mi-es-quasi-un-deure-representar-en-les-meues-pel%c2%b7licules-altres-models-de-dones-que-sallunyen-de-la-feminitat-convencional\/","url":"https:\/\/lamostradevalencia.com\/ca\/beatriz-sanchis-per-a-mi-es-quasi-un-deure-representar-en-les-meues-pel%c2%b7licules-altres-models-de-dones-que-sallunyen-de-la-feminitat-convencional\/","name":"Beatriz Sanchis: \u201cPer a mi \u00e9s quasi un deure representar en les meues pel\u00b7l\u00edcules altres models de dones que s'allunyen de la feminitat convencional\u201d - Mostra de Val\u00e8ncia","isPartOf":{"@id":"https:\/\/lamostradevalencia.com\/ca\/#website"},"primaryImageOfPage":{"@id":"https:\/\/lamostradevalencia.com\/ca\/beatriz-sanchis-per-a-mi-es-quasi-un-deure-representar-en-les-meues-pel%c2%b7licules-altres-models-de-dones-que-sallunyen-de-la-feminitat-convencional\/#primaryimage"},"image":{"@id":"https:\/\/lamostradevalencia.com\/ca\/beatriz-sanchis-per-a-mi-es-quasi-un-deure-representar-en-les-meues-pel%c2%b7licules-altres-models-de-dones-que-sallunyen-de-la-feminitat-convencional\/#primaryimage"},"thumbnailUrl":"https:\/\/lamostradevalencia.com\/wp-content\/uploads\/2022\/10\/beatriz-sanchis.jpg","datePublished":"2022-10-28T13:39:52+00:00","author":{"@id":"https:\/\/lamostradevalencia.com\/ca\/#\/schema\/person\/1dc07e4df3d6310b81d2cdf6a034070c"},"breadcrumb":{"@id":"https:\/\/lamostradevalencia.com\/ca\/beatriz-sanchis-per-a-mi-es-quasi-un-deure-representar-en-les-meues-pel%c2%b7licules-altres-models-de-dones-que-sallunyen-de-la-feminitat-convencional\/#breadcrumb"},"inLanguage":"ca","potentialAction":[{"@type":"ReadAction","target":["https:\/\/lamostradevalencia.com\/ca\/beatriz-sanchis-per-a-mi-es-quasi-un-deure-representar-en-les-meues-pel%c2%b7licules-altres-models-de-dones-que-sallunyen-de-la-feminitat-convencional\/"]}]},{"@type":"ImageObject","inLanguage":"ca","@id":"https:\/\/lamostradevalencia.com\/ca\/beatriz-sanchis-per-a-mi-es-quasi-un-deure-representar-en-les-meues-pel%c2%b7licules-altres-models-de-dones-que-sallunyen-de-la-feminitat-convencional\/#primaryimage","url":"https:\/\/lamostradevalencia.com\/wp-content\/uploads\/2022\/10\/beatriz-sanchis.jpg","contentUrl":"https:\/\/lamostradevalencia.com\/wp-content\/uploads\/2022\/10\/beatriz-sanchis.jpg","width":1097,"height":769},{"@type":"BreadcrumbList","@id":"https:\/\/lamostradevalencia.com\/ca\/beatriz-sanchis-per-a-mi-es-quasi-un-deure-representar-en-les-meues-pel%c2%b7licules-altres-models-de-dones-que-sallunyen-de-la-feminitat-convencional\/#breadcrumb","itemListElement":[{"@type":"ListItem","position":1,"name":"Portada","item":"https:\/\/lamostradevalencia.com\/ca\/"},{"@type":"ListItem","position":2,"name":"Beatriz Sanchis: \u201cPer a mi \u00e9s quasi un deure representar en les meues pel\u00b7l\u00edcules altres models de dones que s&#8217;allunyen de la feminitat convencional\u201d"}]},{"@type":"WebSite","@id":"https:\/\/lamostradevalencia.com\/ca\/#website","url":"https:\/\/lamostradevalencia.com\/ca\/","name":"Mostra de Val\u00e8ncia","description":"Cinema del Mediterrani","potentialAction":[{"@type":"SearchAction","target":{"@type":"EntryPoint","urlTemplate":"https:\/\/lamostradevalencia.com\/ca\/?s={search_term_string}"},"query-input":{"@type":"PropertyValueSpecification","valueRequired":true,"valueName":"search_term_string"}}],"inLanguage":"ca"},{"@type":"Person","@id":"https:\/\/lamostradevalencia.com\/ca\/#\/schema\/person\/1dc07e4df3d6310b81d2cdf6a034070c","name":"Mostra de Val\u00e8ncia","image":{"@type":"ImageObject","inLanguage":"ca","@id":"https:\/\/secure.gravatar.com\/avatar\/ada4dfd699a9907706987adb1bb2b361c2613ccca474b49b8c648de5208e32f8?s=96&d=mm&r=g","url":"https:\/\/secure.gravatar.com\/avatar\/ada4dfd699a9907706987adb1bb2b361c2613ccca474b49b8c648de5208e32f8?s=96&d=mm&r=g","contentUrl":"https:\/\/secure.gravatar.com\/avatar\/ada4dfd699a9907706987adb1bb2b361c2613ccca474b49b8c648de5208e32f8?s=96&d=mm&r=g","caption":"Mostra de Val\u00e8ncia"}}]}},"uagb_featured_image_src":{"full":["https:\/\/lamostradevalencia.com\/wp-content\/uploads\/2022\/10\/beatriz-sanchis.jpg",1097,769,false],"thumbnail":["https:\/\/lamostradevalencia.com\/wp-content\/uploads\/2022\/10\/beatriz-sanchis-150x150.jpg",150,150,true],"medium":["https:\/\/lamostradevalencia.com\/wp-content\/uploads\/2022\/10\/beatriz-sanchis-300x210.jpg",300,210,true],"medium_large":["https:\/\/lamostradevalencia.com\/wp-content\/uploads\/2022\/10\/beatriz-sanchis-768x538.jpg",768,538,true],"large":["https:\/\/lamostradevalencia.com\/wp-content\/uploads\/2022\/10\/beatriz-sanchis-1024x718.jpg",1024,718,true],"1536x1536":["https:\/\/lamostradevalencia.com\/wp-content\/uploads\/2022\/10\/beatriz-sanchis.jpg",1097,769,false],"2048x2048":["https:\/\/lamostradevalencia.com\/wp-content\/uploads\/2022\/10\/beatriz-sanchis.jpg",1097,769,false],"cinerama_edge_image_square":["https:\/\/lamostradevalencia.com\/wp-content\/uploads\/2022\/10\/beatriz-sanchis-550x550.jpg",550,550,true],"cinerama_edge_image_landscape":["https:\/\/lamostradevalencia.com\/wp-content\/uploads\/2022\/10\/beatriz-sanchis-1097x550.jpg",1097,550,true],"cinerama_edge_image_portrait":["https:\/\/lamostradevalencia.com\/wp-content\/uploads\/2022\/10\/beatriz-sanchis-550x769.jpg",550,769,true],"cinerama_edge_image_huge":["https:\/\/lamostradevalencia.com\/wp-content\/uploads\/2022\/10\/beatriz-sanchis.jpg",1097,769,false],"gform-image-choice-sm":["https:\/\/lamostradevalencia.com\/wp-content\/uploads\/2022\/10\/beatriz-sanchis.jpg",300,210,false],"gform-image-choice-md":["https:\/\/lamostradevalencia.com\/wp-content\/uploads\/2022\/10\/beatriz-sanchis.jpg",400,280,false],"gform-image-choice-lg":["https:\/\/lamostradevalencia.com\/wp-content\/uploads\/2022\/10\/beatriz-sanchis.jpg",600,421,false]},"uagb_author_info":{"display_name":"Mostra de Val\u00e8ncia","author_link":"https:\/\/lamostradevalencia.com\/ca\/author\/mostravalencia\/"},"uagb_comment_info":0,"uagb_excerpt":"La cineasta valenciana tanca la Mostra amb la seua pel\u00b7l\u00edcula \u2018The Gigantes\u2019, un viatge inici\u00e0tic premiat amb la Menci\u00f3 especial del jurat\u00a0 del Festival de [&hellip;]","_links":{"self":[{"href":"https:\/\/lamostradevalencia.com\/ca\/wp-json\/wp\/v2\/posts\/17519","targetHints":{"allow":["GET"]}}],"collection":[{"href":"https:\/\/lamostradevalencia.com\/ca\/wp-json\/wp\/v2\/posts"}],"about":[{"href":"https:\/\/lamostradevalencia.com\/ca\/wp-json\/wp\/v2\/types\/post"}],"author":[{"embeddable":true,"href":"https:\/\/lamostradevalencia.com\/ca\/wp-json\/wp\/v2\/users\/1"}],"replies":[{"embeddable":true,"href":"https:\/\/lamostradevalencia.com\/ca\/wp-json\/wp\/v2\/comments?post=17519"}],"version-history":[{"count":1,"href":"https:\/\/lamostradevalencia.com\/ca\/wp-json\/wp\/v2\/posts\/17519\/revisions"}],"predecessor-version":[{"id":17525,"href":"https:\/\/lamostradevalencia.com\/ca\/wp-json\/wp\/v2\/posts\/17519\/revisions\/17525"}],"wp:featuredmedia":[{"embeddable":true,"href":"https:\/\/lamostradevalencia.com\/ca\/wp-json\/wp\/v2\/media\/17520"}],"wp:attachment":[{"href":"https:\/\/lamostradevalencia.com\/ca\/wp-json\/wp\/v2\/media?parent=17519"}],"wp:term":[{"taxonomy":"category","embeddable":true,"href":"https:\/\/lamostradevalencia.com\/ca\/wp-json\/wp\/v2\/categories?post=17519"},{"taxonomy":"post_tag","embeddable":true,"href":"https:\/\/lamostradevalencia.com\/ca\/wp-json\/wp\/v2\/tags?post=17519"}],"curies":[{"name":"wp","href":"https:\/\/api.w.org\/{rel}","templated":true}]}}