{"id":17509,"date":"2022-10-28T10:15:16","date_gmt":"2022-10-28T08:15:16","guid":{"rendered":"https:\/\/lamostradevalencia.com\/?p=17509"},"modified":"2022-10-28T10:15:16","modified_gmt":"2022-10-28T08:15:16","slug":"quan-estudiava-cinema-a-paris-vaig-fer-un-grafiti-de-e-t-per-a-protestar-perque-a-tots-els-agradaven-truffaut-i-rohmer","status":"publish","type":"post","link":"https:\/\/lamostradevalencia.com\/ca\/quan-estudiava-cinema-a-paris-vaig-fer-un-grafiti-de-e-t-per-a-protestar-perque-a-tots-els-agradaven-truffaut-i-rohmer\/","title":{"rendered":"&#8220;Quan estudiava cinema a Par\u00eds vaig fer un grafiti de \u2018E.T.\u2019 per a protestar perqu\u00e8 a tots els agradaven Truffaut i Rohmer&#8221;"},"content":{"rendered":"<h5>La directora Lucile Hadzihalilovic es troba amb el p\u00fablic de la Mostra de Val\u00e8ncia despr\u00e9s d&#8217;haver projectat tots els seus treballs en la Secci\u00f3 Focus<\/h5>\n<p><span style=\"font-weight: 400;\">Lucile Hadzihalilovic \u00e9s una persona molt m\u00e9s somrient del que les seues pel\u00b7l\u00edcules pogueren donar a entendre. Ha acudit a la Mostra de Val\u00e8ncia a trobar-se amb el p\u00fablic: amb aquells que ja coneixien les seues prefer\u00e8ncies per les inf\u00e0ncies fosques i amb els qu\u00e8 ho han descobert en les projeccions d&#8217;estos\u00a0dies. Ni la seua manera de fer, ni les seues prefer\u00e8ncies s\u00f3n les habituals del cine\u00a0franc\u00e9s: &#8220;Quan estudiava cine\u00a0a Par\u00eds a tots els meus companys els agradava Truffaut i Rohmer, un company i jo, que \u00e9rem bastant rebels i est\u00e0vem molt m\u00e9s interessats en gent com Spielberg, escriviem\u00a0en les parets \u2018E.T.\u2019, \u2018E.T.\u2019, \u2018E.T.\u2019, per a protestar&#8221;. Considera que apostar pel g\u00e8nere continua sent molt complicat: &#8220;A Fran\u00e7a, per exemple, hem de passar per tota una s\u00e8rie de filtres per a obtindre subvencions i les meues pel\u00b7l\u00edcules no solen fer-ho amb facilitat&#8221;. Encara que\u00a0<\/span><strong>es<\/strong><span style=\"font-weight: 400;\">\u00a0<\/span><strong>considera optimista, creu que les coses han comen\u00e7at a canviar amb fites com la Palma d&#8217;Or de Cannes per a \u2018Titane\u2019, de Julia Ducournau.<\/strong><br style=\"font-weight: 400;\" \/><br style=\"font-weight: 400;\" \/><span style=\"font-weight: 400;\">A tots aquells que acudisquen a les sales a veure les seues pel\u00b7l\u00edcules, la cineasta els recomana:\u00a0<\/span><strong>\u201cDeixen-se portar, no tracten de \u2018comprendre\u2019 sin\u00f3 de sentir\u201d:<\/strong><span style=\"font-weight: 400;\">\u00a0\u201cLes meues pel\u00b7l\u00edcules s\u00f3n relats simbolistes que extrauen les seues imatges de l&#8217;inconscient, imatges que es poden llegir de diverses maneres. Com a espectadora, m&#8217;agrada que les pel\u00b7l\u00edcules estiguen obertes a la interpretaci\u00f3, i fins i tot tindre la llibertat de perdre&#8217;m en elles. Intente fer el mateix amb les meues pr\u00f2pies pel\u00b7l\u00edcules. Malgrat la seua estranyesa i aspecte esborronador, parlen d&#8217;emocions universals\u201d, comenta la directora.<\/span><br style=\"font-weight: 400;\" \/><br style=\"font-weight: 400;\" \/><span style=\"font-weight: 400;\">Nascuda el 7 de maig de 1961 a Li\u00f3, la cineasta \u00e9s filla de pares bosnians. Prompte la fam\u00edlia es va traslladar al Marroc (van viure en Esauira i Casablanca), on Hadzihalilovic va viure fins als 17 anys. Va estudiar a Par\u00eds, primer a l&#8217;Escola Superior d&#8217;Estudis Cinematogr\u00e0fics i despr\u00e9s a l&#8217;Escola Nacional d&#8217;Oficis d&#8217;Imatge i So. En el seu projecte de graduaci\u00f3, \u2018<\/span><strong>Mort de Nono (1987)\u2019<\/strong><span style=\"font-weight: 400;\">, ja s&#8217;apuntaven alguns trets del seu particular estil, caracteritzat per apartar-se de les l\u00f2giques que poblen el mitj\u00e0 cinematogr\u00e0fic i capbussar-se de ple en l&#8217;on\u00edric.<\/span><br style=\"font-weight: 400;\" \/><br style=\"font-weight: 400;\" \/><span style=\"font-weight: 400;\">El p\u00fablic de la Mostra ha pogut gaudir de les seues pel\u00b7l\u00edcules sobre la inf\u00e0ncia en escenaris misteriosos, repletes de simbolisme i ressons psicoanal\u00edtics, que han convertit a Lucile Hadzihalilovic en una de les veus amb m\u00e9s personalitat del circuit cinematogr\u00e0fic internacional. S&#8217;han vist tots els seus llargmetratges:\u00a0<\/span><strong>\u2018Innocence\u2019 (2004)<\/strong><span style=\"font-weight: 400;\">,\u00a0<\/span><strong>\u00a0\u2018Evolution\u2019 (2015)<\/strong><span style=\"font-weight: 400;\">\u00a0y\u00a0<\/span><strong>\u2018Earwig\u2019 (2021)<\/strong><span style=\"font-weight: 400;\">, per\u00f2 tamb\u00e9 una selecci\u00f3 dels seus curtmetratges i migmetratges: \u2018<\/span><strong>\u2018De natura\u2019 (2018)<\/strong><span style=\"font-weight: 400;\">,\u00a0<\/span><strong>\u2018Nectar\u2019 (2014)\u00a0<\/strong><span style=\"font-weight: 400;\">i<\/span><strong>\u00a0\u2018La bouche de Jean-Pierre\u2019(2014)<\/strong><span style=\"font-weight: 400;\">.\u00a0<\/span><br style=\"font-weight: 400;\" \/><br style=\"font-weight: 400;\" \/><span style=\"font-weight: 400;\">Assegura que\u00a0<\/span><strong>&#8220;molta gent no concep que les dones puguen fer cinema de terror tan brutal.\u00a0<\/strong><span style=\"font-weight: 400;\">El meu problema \u00e9s que no poden adscriure&#8217;m a un g\u00e8nere en concret. Aix\u00f2 m&#8217;ha fet les coses m\u00e9s dif\u00edcils que ser una dona cineasta. Reconec que em sent encasellada en dos aspectes: un \u00e9s el cine\u00a0de g\u00e8nere (si els meus guions s\u00f3n fant\u00e0stics o no) i una altra \u00e9s ser dona. Algunes persones em diuen que soc la seua directora favorita i no ho considere una floreta. \u00c9s positiu que existisquen realitzadores, per\u00f2 al final l&#8217;important \u00e9s que ens consideren \u00e9ssers humans que fem cine.&#8221;<\/span><br style=\"font-weight: 400;\" \/><br style=\"font-weight: 400;\" \/><span style=\"font-weight: 400;\">La 37a edici\u00f3 del festival compta amb la col\u00b7laboraci\u00f3 de l\u2019Institut Valenci\u00e0 de Cultura (IVC), Rambleta, Val\u00e8ncia Film Office,\u00a0<\/span><span style=\"font-weight: 400;\">Barreira Arte + Dise\u00f1o i \u00c0 Punt M\u00e8dia com a mitj\u00e0 oficial.<\/span><\/p>\n","protected":false},"excerpt":{"rendered":"<p>La directora Lucile Hadzihalilovic es troba amb el p\u00fablic de la Mostra de Val\u00e8ncia despr\u00e9s d&#8217;haver projectat tots els seus treballs en la Secci\u00f3 Focus [&hellip;]<\/p>\n","protected":false},"author":1,"featured_media":17504,"comment_status":"open","ping_status":"open","sticky":false,"template":"","format":"standard","meta":{"_uag_custom_page_level_css":"","_jet_sm_ready_style":"","_jet_sm_style":"","_jet_sm_controls_values":"","_jet_sm_fonts_collection":"","_jet_sm_fonts_links":"","footnotes":""},"categories":[455],"tags":[],"class_list":["post-17509","post","type-post","status-publish","format-standard","has-post-thumbnail","hentry","category-noticies"],"yoast_head":"<!-- This site is optimized with the Yoast SEO plugin v27.5 - https:\/\/yoast.com\/product\/yoast-seo-wordpress\/ -->\n<title>&quot;Quan estudiava cinema a Par\u00eds vaig fer un grafiti de \u2018E.T.\u2019 per a protestar perqu\u00e8 a tots els agradaven Truffaut i Rohmer&quot; - Mostra de Val\u00e8ncia<\/title>\n<meta name=\"robots\" content=\"index, follow, max-snippet:-1, max-image-preview:large, max-video-preview:-1\" \/>\n<link rel=\"canonical\" href=\"https:\/\/lamostradevalencia.com\/ca\/quan-estudiava-cinema-a-paris-vaig-fer-un-grafiti-de-e-t-per-a-protestar-perque-a-tots-els-agradaven-truffaut-i-rohmer\/\" \/>\n<meta property=\"og:locale\" content=\"ca_ES\" \/>\n<meta property=\"og:type\" content=\"article\" \/>\n<meta property=\"og:title\" content=\"&quot;Quan estudiava cinema a Par\u00eds vaig fer un grafiti de \u2018E.T.\u2019 per a protestar perqu\u00e8 a tots els agradaven Truffaut i Rohmer&quot; - Mostra de Val\u00e8ncia\" \/>\n<meta property=\"og:description\" content=\"La directora Lucile Hadzihalilovic es troba amb el p\u00fablic de la Mostra de Val\u00e8ncia despr\u00e9s d&#8217;haver projectat tots els seus treballs en la Secci\u00f3 Focus [&hellip;]\" \/>\n<meta property=\"og:url\" content=\"https:\/\/lamostradevalencia.com\/ca\/quan-estudiava-cinema-a-paris-vaig-fer-un-grafiti-de-e-t-per-a-protestar-perque-a-tots-els-agradaven-truffaut-i-rohmer\/\" \/>\n<meta property=\"og:site_name\" content=\"Mostra de Val\u00e8ncia\" \/>\n<meta property=\"article:published_time\" content=\"2022-10-28T08:15:16+00:00\" \/>\n<meta property=\"og:image\" content=\"https:\/\/lamostradevalencia.com\/wp-content\/uploads\/2022\/10\/lucile-en-valencia.jpg\" \/>\n\t<meta property=\"og:image:width\" content=\"886\" \/>\n\t<meta property=\"og:image:height\" content=\"827\" \/>\n\t<meta property=\"og:image:type\" content=\"image\/jpeg\" \/>\n<meta name=\"author\" content=\"Mostra de Val\u00e8ncia\" \/>\n<meta name=\"twitter:card\" content=\"summary_large_image\" \/>\n<meta name=\"twitter:label1\" content=\"Escrit per\" \/>\n\t<meta name=\"twitter:data1\" content=\"Mostra de Val\u00e8ncia\" \/>\n\t<meta name=\"twitter:label2\" content=\"Temps estimat de lectura\" \/>\n\t<meta name=\"twitter:data2\" content=\"3 minuts\" \/>\n<script type=\"application\/ld+json\" class=\"yoast-schema-graph\">{\"@context\":\"https:\\\/\\\/schema.org\",\"@graph\":[{\"@type\":\"Article\",\"@id\":\"https:\\\/\\\/lamostradevalencia.com\\\/ca\\\/quan-estudiava-cinema-a-paris-vaig-fer-un-grafiti-de-e-t-per-a-protestar-perque-a-tots-els-agradaven-truffaut-i-rohmer\\\/#article\",\"isPartOf\":{\"@id\":\"https:\\\/\\\/lamostradevalencia.com\\\/ca\\\/quan-estudiava-cinema-a-paris-vaig-fer-un-grafiti-de-e-t-per-a-protestar-perque-a-tots-els-agradaven-truffaut-i-rohmer\\\/\"},\"author\":{\"name\":\"Mostra de Val\u00e8ncia\",\"@id\":\"https:\\\/\\\/lamostradevalencia.com\\\/ca\\\/#\\\/schema\\\/person\\\/1dc07e4df3d6310b81d2cdf6a034070c\"},\"headline\":\"&#8220;Quan estudiava cinema a Par\u00eds vaig fer un grafiti de \u2018E.T.\u2019 per a protestar perqu\u00e8 a tots els agradaven Truffaut i Rohmer&#8221;\",\"datePublished\":\"2022-10-28T08:15:16+00:00\",\"mainEntityOfPage\":{\"@id\":\"https:\\\/\\\/lamostradevalencia.com\\\/ca\\\/quan-estudiava-cinema-a-paris-vaig-fer-un-grafiti-de-e-t-per-a-protestar-perque-a-tots-els-agradaven-truffaut-i-rohmer\\\/\"},\"wordCount\":681,\"commentCount\":0,\"image\":{\"@id\":\"https:\\\/\\\/lamostradevalencia.com\\\/ca\\\/quan-estudiava-cinema-a-paris-vaig-fer-un-grafiti-de-e-t-per-a-protestar-perque-a-tots-els-agradaven-truffaut-i-rohmer\\\/#primaryimage\"},\"thumbnailUrl\":\"https:\\\/\\\/lamostradevalencia.com\\\/wp-content\\\/uploads\\\/2022\\\/10\\\/lucile-en-valencia.jpg\",\"articleSection\":[\"Noticies\"],\"inLanguage\":\"ca\",\"potentialAction\":[{\"@type\":\"CommentAction\",\"name\":\"Comment\",\"target\":[\"https:\\\/\\\/lamostradevalencia.com\\\/ca\\\/quan-estudiava-cinema-a-paris-vaig-fer-un-grafiti-de-e-t-per-a-protestar-perque-a-tots-els-agradaven-truffaut-i-rohmer\\\/#respond\"]}]},{\"@type\":\"WebPage\",\"@id\":\"https:\\\/\\\/lamostradevalencia.com\\\/ca\\\/quan-estudiava-cinema-a-paris-vaig-fer-un-grafiti-de-e-t-per-a-protestar-perque-a-tots-els-agradaven-truffaut-i-rohmer\\\/\",\"url\":\"https:\\\/\\\/lamostradevalencia.com\\\/ca\\\/quan-estudiava-cinema-a-paris-vaig-fer-un-grafiti-de-e-t-per-a-protestar-perque-a-tots-els-agradaven-truffaut-i-rohmer\\\/\",\"name\":\"\\\"Quan estudiava cinema a Par\u00eds vaig fer un grafiti de \u2018E.T.\u2019 per a protestar perqu\u00e8 a tots els agradaven Truffaut i Rohmer\\\" - Mostra de Val\u00e8ncia\",\"isPartOf\":{\"@id\":\"https:\\\/\\\/lamostradevalencia.com\\\/ca\\\/#website\"},\"primaryImageOfPage\":{\"@id\":\"https:\\\/\\\/lamostradevalencia.com\\\/ca\\\/quan-estudiava-cinema-a-paris-vaig-fer-un-grafiti-de-e-t-per-a-protestar-perque-a-tots-els-agradaven-truffaut-i-rohmer\\\/#primaryimage\"},\"image\":{\"@id\":\"https:\\\/\\\/lamostradevalencia.com\\\/ca\\\/quan-estudiava-cinema-a-paris-vaig-fer-un-grafiti-de-e-t-per-a-protestar-perque-a-tots-els-agradaven-truffaut-i-rohmer\\\/#primaryimage\"},\"thumbnailUrl\":\"https:\\\/\\\/lamostradevalencia.com\\\/wp-content\\\/uploads\\\/2022\\\/10\\\/lucile-en-valencia.jpg\",\"datePublished\":\"2022-10-28T08:15:16+00:00\",\"author\":{\"@id\":\"https:\\\/\\\/lamostradevalencia.com\\\/ca\\\/#\\\/schema\\\/person\\\/1dc07e4df3d6310b81d2cdf6a034070c\"},\"breadcrumb\":{\"@id\":\"https:\\\/\\\/lamostradevalencia.com\\\/ca\\\/quan-estudiava-cinema-a-paris-vaig-fer-un-grafiti-de-e-t-per-a-protestar-perque-a-tots-els-agradaven-truffaut-i-rohmer\\\/#breadcrumb\"},\"inLanguage\":\"ca\",\"potentialAction\":[{\"@type\":\"ReadAction\",\"target\":[\"https:\\\/\\\/lamostradevalencia.com\\\/ca\\\/quan-estudiava-cinema-a-paris-vaig-fer-un-grafiti-de-e-t-per-a-protestar-perque-a-tots-els-agradaven-truffaut-i-rohmer\\\/\"]}]},{\"@type\":\"ImageObject\",\"inLanguage\":\"ca\",\"@id\":\"https:\\\/\\\/lamostradevalencia.com\\\/ca\\\/quan-estudiava-cinema-a-paris-vaig-fer-un-grafiti-de-e-t-per-a-protestar-perque-a-tots-els-agradaven-truffaut-i-rohmer\\\/#primaryimage\",\"url\":\"https:\\\/\\\/lamostradevalencia.com\\\/wp-content\\\/uploads\\\/2022\\\/10\\\/lucile-en-valencia.jpg\",\"contentUrl\":\"https:\\\/\\\/lamostradevalencia.com\\\/wp-content\\\/uploads\\\/2022\\\/10\\\/lucile-en-valencia.jpg\",\"width\":886,\"height\":827},{\"@type\":\"BreadcrumbList\",\"@id\":\"https:\\\/\\\/lamostradevalencia.com\\\/ca\\\/quan-estudiava-cinema-a-paris-vaig-fer-un-grafiti-de-e-t-per-a-protestar-perque-a-tots-els-agradaven-truffaut-i-rohmer\\\/#breadcrumb\",\"itemListElement\":[{\"@type\":\"ListItem\",\"position\":1,\"name\":\"Portada\",\"item\":\"https:\\\/\\\/lamostradevalencia.com\\\/ca\\\/\"},{\"@type\":\"ListItem\",\"position\":2,\"name\":\"\u00abQuan estudiava cinema a Par\u00eds vaig fer un grafiti de \u2018E.T.\u2019 per a protestar perqu\u00e8 a tots els agradaven Truffaut i Rohmer\u00bb\"}]},{\"@type\":\"WebSite\",\"@id\":\"https:\\\/\\\/lamostradevalencia.com\\\/ca\\\/#website\",\"url\":\"https:\\\/\\\/lamostradevalencia.com\\\/ca\\\/\",\"name\":\"Mostra de Val\u00e8ncia\",\"description\":\"Cinema del Mediterrani\",\"potentialAction\":[{\"@type\":\"SearchAction\",\"target\":{\"@type\":\"EntryPoint\",\"urlTemplate\":\"https:\\\/\\\/lamostradevalencia.com\\\/ca\\\/?s={search_term_string}\"},\"query-input\":{\"@type\":\"PropertyValueSpecification\",\"valueRequired\":true,\"valueName\":\"search_term_string\"}}],\"inLanguage\":\"ca\"},{\"@type\":\"Person\",\"@id\":\"https:\\\/\\\/lamostradevalencia.com\\\/ca\\\/#\\\/schema\\\/person\\\/1dc07e4df3d6310b81d2cdf6a034070c\",\"name\":\"Mostra de Val\u00e8ncia\",\"image\":{\"@type\":\"ImageObject\",\"inLanguage\":\"ca\",\"@id\":\"https:\\\/\\\/secure.gravatar.com\\\/avatar\\\/ada4dfd699a9907706987adb1bb2b361c2613ccca474b49b8c648de5208e32f8?s=96&d=mm&r=g\",\"url\":\"https:\\\/\\\/secure.gravatar.com\\\/avatar\\\/ada4dfd699a9907706987adb1bb2b361c2613ccca474b49b8c648de5208e32f8?s=96&d=mm&r=g\",\"contentUrl\":\"https:\\\/\\\/secure.gravatar.com\\\/avatar\\\/ada4dfd699a9907706987adb1bb2b361c2613ccca474b49b8c648de5208e32f8?s=96&d=mm&r=g\",\"caption\":\"Mostra de Val\u00e8ncia\"}}]}<\/script>\n<!-- \/ Yoast SEO plugin. -->","yoast_head_json":{"title":"\"Quan estudiava cinema a Par\u00eds vaig fer un grafiti de \u2018E.T.\u2019 per a protestar perqu\u00e8 a tots els agradaven Truffaut i Rohmer\" - Mostra de Val\u00e8ncia","robots":{"index":"index","follow":"follow","max-snippet":"max-snippet:-1","max-image-preview":"max-image-preview:large","max-video-preview":"max-video-preview:-1"},"canonical":"https:\/\/lamostradevalencia.com\/ca\/quan-estudiava-cinema-a-paris-vaig-fer-un-grafiti-de-e-t-per-a-protestar-perque-a-tots-els-agradaven-truffaut-i-rohmer\/","og_locale":"ca_ES","og_type":"article","og_title":"\"Quan estudiava cinema a Par\u00eds vaig fer un grafiti de \u2018E.T.\u2019 per a protestar perqu\u00e8 a tots els agradaven Truffaut i Rohmer\" - Mostra de Val\u00e8ncia","og_description":"La directora Lucile Hadzihalilovic es troba amb el p\u00fablic de la Mostra de Val\u00e8ncia despr\u00e9s d&#8217;haver projectat tots els seus treballs en la Secci\u00f3 Focus [&hellip;]","og_url":"https:\/\/lamostradevalencia.com\/ca\/quan-estudiava-cinema-a-paris-vaig-fer-un-grafiti-de-e-t-per-a-protestar-perque-a-tots-els-agradaven-truffaut-i-rohmer\/","og_site_name":"Mostra de Val\u00e8ncia","article_published_time":"2022-10-28T08:15:16+00:00","og_image":[{"width":886,"height":827,"url":"https:\/\/lamostradevalencia.com\/wp-content\/uploads\/2022\/10\/lucile-en-valencia.jpg","type":"image\/jpeg"}],"author":"Mostra de Val\u00e8ncia","twitter_card":"summary_large_image","twitter_misc":{"Escrit per":"Mostra de Val\u00e8ncia","Temps estimat de lectura":"3 minuts"},"schema":{"@context":"https:\/\/schema.org","@graph":[{"@type":"Article","@id":"https:\/\/lamostradevalencia.com\/ca\/quan-estudiava-cinema-a-paris-vaig-fer-un-grafiti-de-e-t-per-a-protestar-perque-a-tots-els-agradaven-truffaut-i-rohmer\/#article","isPartOf":{"@id":"https:\/\/lamostradevalencia.com\/ca\/quan-estudiava-cinema-a-paris-vaig-fer-un-grafiti-de-e-t-per-a-protestar-perque-a-tots-els-agradaven-truffaut-i-rohmer\/"},"author":{"name":"Mostra de Val\u00e8ncia","@id":"https:\/\/lamostradevalencia.com\/ca\/#\/schema\/person\/1dc07e4df3d6310b81d2cdf6a034070c"},"headline":"&#8220;Quan estudiava cinema a Par\u00eds vaig fer un grafiti de \u2018E.T.\u2019 per a protestar perqu\u00e8 a tots els agradaven Truffaut i Rohmer&#8221;","datePublished":"2022-10-28T08:15:16+00:00","mainEntityOfPage":{"@id":"https:\/\/lamostradevalencia.com\/ca\/quan-estudiava-cinema-a-paris-vaig-fer-un-grafiti-de-e-t-per-a-protestar-perque-a-tots-els-agradaven-truffaut-i-rohmer\/"},"wordCount":681,"commentCount":0,"image":{"@id":"https:\/\/lamostradevalencia.com\/ca\/quan-estudiava-cinema-a-paris-vaig-fer-un-grafiti-de-e-t-per-a-protestar-perque-a-tots-els-agradaven-truffaut-i-rohmer\/#primaryimage"},"thumbnailUrl":"https:\/\/lamostradevalencia.com\/wp-content\/uploads\/2022\/10\/lucile-en-valencia.jpg","articleSection":["Noticies"],"inLanguage":"ca","potentialAction":[{"@type":"CommentAction","name":"Comment","target":["https:\/\/lamostradevalencia.com\/ca\/quan-estudiava-cinema-a-paris-vaig-fer-un-grafiti-de-e-t-per-a-protestar-perque-a-tots-els-agradaven-truffaut-i-rohmer\/#respond"]}]},{"@type":"WebPage","@id":"https:\/\/lamostradevalencia.com\/ca\/quan-estudiava-cinema-a-paris-vaig-fer-un-grafiti-de-e-t-per-a-protestar-perque-a-tots-els-agradaven-truffaut-i-rohmer\/","url":"https:\/\/lamostradevalencia.com\/ca\/quan-estudiava-cinema-a-paris-vaig-fer-un-grafiti-de-e-t-per-a-protestar-perque-a-tots-els-agradaven-truffaut-i-rohmer\/","name":"\"Quan estudiava cinema a Par\u00eds vaig fer un grafiti de \u2018E.T.\u2019 per a protestar perqu\u00e8 a tots els agradaven Truffaut i Rohmer\" - Mostra de Val\u00e8ncia","isPartOf":{"@id":"https:\/\/lamostradevalencia.com\/ca\/#website"},"primaryImageOfPage":{"@id":"https:\/\/lamostradevalencia.com\/ca\/quan-estudiava-cinema-a-paris-vaig-fer-un-grafiti-de-e-t-per-a-protestar-perque-a-tots-els-agradaven-truffaut-i-rohmer\/#primaryimage"},"image":{"@id":"https:\/\/lamostradevalencia.com\/ca\/quan-estudiava-cinema-a-paris-vaig-fer-un-grafiti-de-e-t-per-a-protestar-perque-a-tots-els-agradaven-truffaut-i-rohmer\/#primaryimage"},"thumbnailUrl":"https:\/\/lamostradevalencia.com\/wp-content\/uploads\/2022\/10\/lucile-en-valencia.jpg","datePublished":"2022-10-28T08:15:16+00:00","author":{"@id":"https:\/\/lamostradevalencia.com\/ca\/#\/schema\/person\/1dc07e4df3d6310b81d2cdf6a034070c"},"breadcrumb":{"@id":"https:\/\/lamostradevalencia.com\/ca\/quan-estudiava-cinema-a-paris-vaig-fer-un-grafiti-de-e-t-per-a-protestar-perque-a-tots-els-agradaven-truffaut-i-rohmer\/#breadcrumb"},"inLanguage":"ca","potentialAction":[{"@type":"ReadAction","target":["https:\/\/lamostradevalencia.com\/ca\/quan-estudiava-cinema-a-paris-vaig-fer-un-grafiti-de-e-t-per-a-protestar-perque-a-tots-els-agradaven-truffaut-i-rohmer\/"]}]},{"@type":"ImageObject","inLanguage":"ca","@id":"https:\/\/lamostradevalencia.com\/ca\/quan-estudiava-cinema-a-paris-vaig-fer-un-grafiti-de-e-t-per-a-protestar-perque-a-tots-els-agradaven-truffaut-i-rohmer\/#primaryimage","url":"https:\/\/lamostradevalencia.com\/wp-content\/uploads\/2022\/10\/lucile-en-valencia.jpg","contentUrl":"https:\/\/lamostradevalencia.com\/wp-content\/uploads\/2022\/10\/lucile-en-valencia.jpg","width":886,"height":827},{"@type":"BreadcrumbList","@id":"https:\/\/lamostradevalencia.com\/ca\/quan-estudiava-cinema-a-paris-vaig-fer-un-grafiti-de-e-t-per-a-protestar-perque-a-tots-els-agradaven-truffaut-i-rohmer\/#breadcrumb","itemListElement":[{"@type":"ListItem","position":1,"name":"Portada","item":"https:\/\/lamostradevalencia.com\/ca\/"},{"@type":"ListItem","position":2,"name":"\u00abQuan estudiava cinema a Par\u00eds vaig fer un grafiti de \u2018E.T.\u2019 per a protestar perqu\u00e8 a tots els agradaven Truffaut i Rohmer\u00bb"}]},{"@type":"WebSite","@id":"https:\/\/lamostradevalencia.com\/ca\/#website","url":"https:\/\/lamostradevalencia.com\/ca\/","name":"Mostra de Val\u00e8ncia","description":"Cinema del Mediterrani","potentialAction":[{"@type":"SearchAction","target":{"@type":"EntryPoint","urlTemplate":"https:\/\/lamostradevalencia.com\/ca\/?s={search_term_string}"},"query-input":{"@type":"PropertyValueSpecification","valueRequired":true,"valueName":"search_term_string"}}],"inLanguage":"ca"},{"@type":"Person","@id":"https:\/\/lamostradevalencia.com\/ca\/#\/schema\/person\/1dc07e4df3d6310b81d2cdf6a034070c","name":"Mostra de Val\u00e8ncia","image":{"@type":"ImageObject","inLanguage":"ca","@id":"https:\/\/secure.gravatar.com\/avatar\/ada4dfd699a9907706987adb1bb2b361c2613ccca474b49b8c648de5208e32f8?s=96&d=mm&r=g","url":"https:\/\/secure.gravatar.com\/avatar\/ada4dfd699a9907706987adb1bb2b361c2613ccca474b49b8c648de5208e32f8?s=96&d=mm&r=g","contentUrl":"https:\/\/secure.gravatar.com\/avatar\/ada4dfd699a9907706987adb1bb2b361c2613ccca474b49b8c648de5208e32f8?s=96&d=mm&r=g","caption":"Mostra de Val\u00e8ncia"}}]}},"uagb_featured_image_src":{"full":["https:\/\/lamostradevalencia.com\/wp-content\/uploads\/2022\/10\/lucile-en-valencia.jpg",886,827,false],"thumbnail":["https:\/\/lamostradevalencia.com\/wp-content\/uploads\/2022\/10\/lucile-en-valencia-150x150.jpg",150,150,true],"medium":["https:\/\/lamostradevalencia.com\/wp-content\/uploads\/2022\/10\/lucile-en-valencia-300x280.jpg",300,280,true],"medium_large":["https:\/\/lamostradevalencia.com\/wp-content\/uploads\/2022\/10\/lucile-en-valencia-768x717.jpg",768,717,true],"large":["https:\/\/lamostradevalencia.com\/wp-content\/uploads\/2022\/10\/lucile-en-valencia.jpg",886,827,false],"1536x1536":["https:\/\/lamostradevalencia.com\/wp-content\/uploads\/2022\/10\/lucile-en-valencia.jpg",886,827,false],"2048x2048":["https:\/\/lamostradevalencia.com\/wp-content\/uploads\/2022\/10\/lucile-en-valencia.jpg",886,827,false],"cinerama_edge_image_square":["https:\/\/lamostradevalencia.com\/wp-content\/uploads\/2022\/10\/lucile-en-valencia-550x550.jpg",550,550,true],"cinerama_edge_image_landscape":["https:\/\/lamostradevalencia.com\/wp-content\/uploads\/2022\/10\/lucile-en-valencia-886x550.jpg",886,550,true],"cinerama_edge_image_portrait":["https:\/\/lamostradevalencia.com\/wp-content\/uploads\/2022\/10\/lucile-en-valencia-550x827.jpg",550,827,true],"cinerama_edge_image_huge":["https:\/\/lamostradevalencia.com\/wp-content\/uploads\/2022\/10\/lucile-en-valencia.jpg",886,827,false],"gform-image-choice-sm":["https:\/\/lamostradevalencia.com\/wp-content\/uploads\/2022\/10\/lucile-en-valencia.jpg",300,280,false],"gform-image-choice-md":["https:\/\/lamostradevalencia.com\/wp-content\/uploads\/2022\/10\/lucile-en-valencia.jpg",400,373,false],"gform-image-choice-lg":["https:\/\/lamostradevalencia.com\/wp-content\/uploads\/2022\/10\/lucile-en-valencia.jpg",600,560,false]},"uagb_author_info":{"display_name":"Mostra de Val\u00e8ncia","author_link":"https:\/\/lamostradevalencia.com\/ca\/author\/mostravalencia\/"},"uagb_comment_info":0,"uagb_excerpt":"La directora Lucile Hadzihalilovic es troba amb el p\u00fablic de la Mostra de Val\u00e8ncia despr\u00e9s d&#8217;haver projectat tots els seus treballs en la Secci\u00f3 Focus [&hellip;]","_links":{"self":[{"href":"https:\/\/lamostradevalencia.com\/ca\/wp-json\/wp\/v2\/posts\/17509","targetHints":{"allow":["GET"]}}],"collection":[{"href":"https:\/\/lamostradevalencia.com\/ca\/wp-json\/wp\/v2\/posts"}],"about":[{"href":"https:\/\/lamostradevalencia.com\/ca\/wp-json\/wp\/v2\/types\/post"}],"author":[{"embeddable":true,"href":"https:\/\/lamostradevalencia.com\/ca\/wp-json\/wp\/v2\/users\/1"}],"replies":[{"embeddable":true,"href":"https:\/\/lamostradevalencia.com\/ca\/wp-json\/wp\/v2\/comments?post=17509"}],"version-history":[{"count":1,"href":"https:\/\/lamostradevalencia.com\/ca\/wp-json\/wp\/v2\/posts\/17509\/revisions"}],"predecessor-version":[{"id":17510,"href":"https:\/\/lamostradevalencia.com\/ca\/wp-json\/wp\/v2\/posts\/17509\/revisions\/17510"}],"wp:featuredmedia":[{"embeddable":true,"href":"https:\/\/lamostradevalencia.com\/ca\/wp-json\/wp\/v2\/media\/17504"}],"wp:attachment":[{"href":"https:\/\/lamostradevalencia.com\/ca\/wp-json\/wp\/v2\/media?parent=17509"}],"wp:term":[{"taxonomy":"category","embeddable":true,"href":"https:\/\/lamostradevalencia.com\/ca\/wp-json\/wp\/v2\/categories?post=17509"},{"taxonomy":"post_tag","embeddable":true,"href":"https:\/\/lamostradevalencia.com\/ca\/wp-json\/wp\/v2\/tags?post=17509"}],"curies":[{"name":"wp","href":"https:\/\/api.w.org\/{rel}","templated":true}]}}