{"id":17492,"date":"2022-10-27T15:56:25","date_gmt":"2022-10-27T13:56:25","guid":{"rendered":"https:\/\/lamostradevalencia.com\/?p=17492"},"modified":"2022-10-27T15:56:25","modified_gmt":"2022-10-27T13:56:25","slug":"lluis-rivera-aixo-que-les-pel%c2%b7licules-no-son-res-sense-contar-una-historia-em-va-semblar-sempre-una-faloria","status":"publish","type":"post","link":"https:\/\/lamostradevalencia.com\/ca\/lluis-rivera-aixo-que-les-pel%c2%b7licules-no-son-res-sense-contar-una-historia-em-va-semblar-sempre-una-faloria\/","title":{"rendered":"Llu\u00eds Rivera: \u201cAix\u00f2 que les pel\u00b7l\u00edcules no s\u00f3n res sense contar una hist\u00f2ria  em va semblar sempre una fal\u00f2ria\u201d"},"content":{"rendered":"<h5>El festival programa una retrospectiva a esta destacada figura del cine experimental espanyol i li dedica \u00edntegrament &#8216;Els quaderns de la Mostra&#8217;, que es recuperen en esta edici\u00f3<\/h5>\n<p>La Mostra de Val\u00e8ncia ha anat desgranant dins del marc de la seua 37a edici\u00f3 la filmografia d&#8217;una de\u00a0<strong>les figures claus del cine\u00a0experimental espanyol<\/strong>\u00a0els treballs del qual es poden veure als Cines Babel en el cicle\u00a0<strong>Llu\u00eds Rivera. 50 anys al marge.<\/strong>\u00a0Un recorregut vital i professional per mig segle d&#8217;imatges a contra corrent, al qual s&#8217;uneix la publicaci\u00f3\u00a0<strong>\u2018Els quaderns de la Mostra\u2019,\u00a0<\/strong>que el festival li dedica \u00edntegrament al director amb textos de Eduardo Guillot, Juan Miguel Company Ram\u00f3n i \u00c0uria Ortiz Villeta.<\/p>\n<p>Com conta en\u00a0<strong>\u2018AutoBioFilmograf\u00eda\u2019<\/strong>\u00a0Rivera, la seua vocaci\u00f3 per fer cine va sorgir despr\u00e9s de tornar del servei militar: \u201cVaig comen\u00e7ar en Novimag, un estudi que treballava en 16 mm i llavors vaig entrar en contacte amb la gent del cine\u00a0independent, perqu\u00e8 treballava amb Segu\u00ed, i per all\u00ed van passar Casimiro, Gasset i altres.\u00a0<strong>En la mili vaig tindre una crisi personal, professional i amorosa, vaig pensar a donar-li una puntada de peu al m\u00f3n, per\u00f2 amb el meu llenguatge, el del cine.<\/strong>\u00a0Aix\u00ed va sorgir \u2018Piensa que ma\u00f1ana puede ser el primer d\u00eda del resto de tu vida\u2019, una primera pel\u00b7l\u00edcula inspirada en \u2018La metamorfosi de Kafka\u2019\u201d.<\/p>\n<p>Allunyada dels circuits comercials, modes i tend\u00e8ncies, l&#8217;obra de Llu\u00eds Rivera (Val\u00e8ncia, 1947) se sustenta en una experimentaci\u00f3 constant<strong>: \u201cAix\u00f2 que les pel\u00b7l\u00edcules no s\u00f3n res sense contar una hist\u00f2ria em va semblar sempre una fal\u00f2ria.<\/strong>\u00a0<strong>A mi em semblava que les pel\u00b7l\u00edcules podien ser milions de coses, com l&#8217;ebenisteria, com la sastreria:<\/strong>\u00a0No necess\u00e0riament has de fer vestits per a l&#8217;\u00f2pera per a ser un entusiasta de la costura. Evidentment, en la meua primera obra el nivell d&#8217;experimentaci\u00f3 era esc\u00e0s, per\u00f2 despr\u00e9s va arribar \u2018Travelling\u2019 i llavors ho trenque tot\u2026\u201d. Una obra que es filma a si mateixa i que va formar part del cicle \u2018Cinema experimental i d&#8217;avantguarda\u2019 que va projectar en 1983 el Centre Pompidou de Par\u00eds i les Filmoteques de Madrid, Barcelona i Saragossa, i que va ser inclosa en &#8216;Del \u00e9xtasis al arrebato&#8217;, una selecci\u00f3 dels treballs m\u00e9s rellevants del cinema espanyol d&#8217;avantguarda editada pel Centre de Cultura Contempor\u00e0nia de Barcelona i projectada en espais com el Museu Reina Sofia de Madrid, l\u2019Australian Centre for the Moving Image de Melbourne o la National Gallery of Art de Washington.\u00a0<strong>\u201c\u2019Travelling\u2019 no t\u00e9 coartada alguna que la justifique. Aix\u00f2 \u00e9s el que hi ha i \u00e9s com \u00e9s.<\/strong>\u00a0Com el porno, que no ha de ser polic\u00edac, ni ha d&#8217;haver-hi fam\u00edlia, ni un pare que t&#8217;ha tractat malament en la inf\u00e0ncia. Anem al que anem i fora\u201d, explica Rivera.<\/p>\n<p>L&#8217;arribada del cinema digital va accentuar l&#8217;autonomia d&#8217;este eslav\u00f3 perdut amb t\u00edtols com \u2018La vida es eso que pasa mientras t\u00fa est\u00e1s haciendo otra cosa\u2019, \u2018Desde la terraza\u2019<em>,<\/em>\u00a0\u2018La v\u00edspera\u2019 o \u2018Cos mortal\u2019, entre molts altres:\u00a0<strong>\u201cTotes les pel\u00b7l\u00edcules que he fet en l&#8217;etapa de la meua jubilaci\u00f3 les pot fer qualsevol,\u00a0<\/strong>pot muntar-se una pel\u00b7l\u00edcula amb els seus viatges, amb el que tinga gravat i organitzar-ho. Una altra cosa \u00e9s si despr\u00e9s interessa el resultat. Pots fer tot el que se t&#8217;oc\u00f3rrega i si veus que no li interessa a ning\u00fa, llavors ho guardes en un calaix on diu \u2018parides que he anat emmagatzemant\u2019, un cigar que s&#8217;apaga soles, un cendrer que s&#8217;ompli de puntes de cigarret fins a dalt. I pots trobar el que hi encaixe. Jo crec que en moltes de les meues pel\u00b7l\u00edcules he trobat molt b\u00e9, valga la petul\u00e0ncia, l&#8217;encaix\u201d, diu Rivera.<\/p>\n<p>Encara que Rivera mai va fer un llargmetratge, si va haver-hi, no obstant aix\u00f2, alguns projectes en ment: \u201cUn en els 80,\u00a0<strong>una hist\u00f2ria sobre el mestre Cayetano Ripoll, que va ser l&#8217;\u00faltim executat per la Inquisici\u00f3<\/strong>. Tamb\u00e9 vaig tindre al cap fer un llarg sobre la invasi\u00f3 francesa, plantejant qu\u00e8 hauria passat si tots hagu\u00e9rem sigut francesos, i coses aix\u00ed de pelegrines\u201d.<\/p>\n<p>El cinema continua sent per a Lluis Rivera un element essencial en la seua vida: \u201cVaig al cinema quatre o cinc vegades per setmana. Quan han passat uns anys, en general no em recorde de res de les pel\u00b7l\u00edcules que he vist, aix\u00ed que les torne a gaudir com un xiquet amb un joguet nou.\u201d. Respecte al cinema actual,\u00a0<strong>\u201cestic obert a tot, per\u00f2 trobe menys coses, diguem, arriscades o experimentals que quan era jove.<\/strong>\u00a0Ara no hi ha garrels, no hi ha herzogs, no hi ha wenders, ja no queda quasi ning\u00fa. En general, mirant cap arrere sense ira\u201d.<\/p>\n<p>Els espectadors de la Mostra han pogut gaudir de la projecci\u00f3 de prop d&#8217;una vintena d&#8217;obres de Rivera, moltes d&#8217;elles projectades\u00a0\u00fanicament en els cineclubs dels anys setanta i huitanta. Treballs com \u2018<strong>Una jornada m\u00e1s\u2019,\u00a0<\/strong>\u2018<strong>Personajes para una historia\u2019,\u00a0<\/strong>\u2018<strong>S\u00f3lo una vez al a\u00f1o\u2019,<\/strong>\u00a0<strong>\u2018A Day in the Life\u2019,\u00a0<em>\u2018<\/em>La visita\u2019\u00a0<\/strong>\u2018<strong>B\u00e9 immaterial\u2019,<\/strong>\u00a0\u2018<strong>Vis a vis\u2019<\/strong><strong>, o\u00a0<\/strong>\u2018<strong>40 a\u00f1os con el culo al aire\u2019.<\/strong><\/p>\n<p>La 37\u00aa edici\u00f3n del festival compta amb la col\u00b7laboraci\u00f3 de l\u2019Institut Valenci\u00e0 de Cultura (IVC), Rambleta, Val\u00e8ncia Film Office, Barreira Arte + Dise\u00f1o i \u00c0 Punt M\u00e8dia com a mitj\u00e0 oficial.<\/p>\n<p>&nbsp;<\/p>\n","protected":false},"excerpt":{"rendered":"<p>El festival programa una retrospectiva a esta destacada figura del cine experimental espanyol i li dedica \u00edntegrament &#8216;Els quaderns de la Mostra&#8217;, que es recuperen [&hellip;]<\/p>\n","protected":false},"author":1,"featured_media":17493,"comment_status":"open","ping_status":"open","sticky":false,"template":"","format":"standard","meta":{"_uag_custom_page_level_css":"","_jet_sm_ready_style":"","_jet_sm_style":"","_jet_sm_controls_values":"","_jet_sm_fonts_collection":"","_jet_sm_fonts_links":"","footnotes":""},"categories":[455],"tags":[],"class_list":["post-17492","post","type-post","status-publish","format-standard","has-post-thumbnail","hentry","category-noticies"],"yoast_head":"<!-- This site is optimized with the Yoast SEO plugin v27.5 - https:\/\/yoast.com\/product\/yoast-seo-wordpress\/ -->\n<title>Llu\u00eds Rivera: \u201cAix\u00f2 que les pel\u00b7l\u00edcules no s\u00f3n res sense contar una hist\u00f2ria em va semblar sempre una fal\u00f2ria\u201d - Mostra de Val\u00e8ncia<\/title>\n<meta name=\"robots\" content=\"index, follow, max-snippet:-1, max-image-preview:large, max-video-preview:-1\" \/>\n<link rel=\"canonical\" href=\"https:\/\/lamostradevalencia.com\/ca\/lluis-rivera-aixo-que-les-pel%c2%b7licules-no-son-res-sense-contar-una-historia-em-va-semblar-sempre-una-faloria\/\" \/>\n<meta property=\"og:locale\" content=\"ca_ES\" \/>\n<meta property=\"og:type\" content=\"article\" \/>\n<meta property=\"og:title\" content=\"Llu\u00eds Rivera: \u201cAix\u00f2 que les pel\u00b7l\u00edcules no s\u00f3n res sense contar una hist\u00f2ria em va semblar sempre una fal\u00f2ria\u201d - Mostra de Val\u00e8ncia\" \/>\n<meta property=\"og:description\" content=\"El festival programa una retrospectiva a esta destacada figura del cine experimental espanyol i li dedica \u00edntegrament &#8216;Els quaderns de la Mostra&#8217;, que es recuperen [&hellip;]\" \/>\n<meta property=\"og:url\" content=\"https:\/\/lamostradevalencia.com\/ca\/lluis-rivera-aixo-que-les-pel%c2%b7licules-no-son-res-sense-contar-una-historia-em-va-semblar-sempre-una-faloria\/\" \/>\n<meta property=\"og:site_name\" content=\"Mostra de Val\u00e8ncia\" \/>\n<meta property=\"article:published_time\" content=\"2022-10-27T13:56:25+00:00\" \/>\n<meta property=\"og:image\" content=\"https:\/\/lamostradevalencia.com\/wp-content\/uploads\/2022\/10\/lluis-1.jpg\" \/>\n\t<meta property=\"og:image:width\" content=\"639\" \/>\n\t<meta property=\"og:image:height\" content=\"808\" \/>\n\t<meta property=\"og:image:type\" content=\"image\/jpeg\" \/>\n<meta name=\"author\" content=\"Mostra de Val\u00e8ncia\" \/>\n<meta name=\"twitter:card\" content=\"summary_large_image\" \/>\n<meta name=\"twitter:label1\" content=\"Escrit per\" \/>\n\t<meta name=\"twitter:data1\" content=\"Mostra de Val\u00e8ncia\" \/>\n\t<meta name=\"twitter:label2\" content=\"Temps estimat de lectura\" \/>\n\t<meta name=\"twitter:data2\" content=\"5 minuts\" \/>\n<script type=\"application\/ld+json\" class=\"yoast-schema-graph\">{\"@context\":\"https:\\\/\\\/schema.org\",\"@graph\":[{\"@type\":\"Article\",\"@id\":\"https:\\\/\\\/lamostradevalencia.com\\\/ca\\\/lluis-rivera-aixo-que-les-pel%c2%b7licules-no-son-res-sense-contar-una-historia-em-va-semblar-sempre-una-faloria\\\/#article\",\"isPartOf\":{\"@id\":\"https:\\\/\\\/lamostradevalencia.com\\\/ca\\\/lluis-rivera-aixo-que-les-pel%c2%b7licules-no-son-res-sense-contar-una-historia-em-va-semblar-sempre-una-faloria\\\/\"},\"author\":{\"name\":\"Mostra de Val\u00e8ncia\",\"@id\":\"https:\\\/\\\/lamostradevalencia.com\\\/ca\\\/#\\\/schema\\\/person\\\/1dc07e4df3d6310b81d2cdf6a034070c\"},\"headline\":\"Llu\u00eds Rivera: \u201cAix\u00f2 que les pel\u00b7l\u00edcules no s\u00f3n res sense contar una hist\u00f2ria em va semblar sempre una fal\u00f2ria\u201d\",\"datePublished\":\"2022-10-27T13:56:25+00:00\",\"mainEntityOfPage\":{\"@id\":\"https:\\\/\\\/lamostradevalencia.com\\\/ca\\\/lluis-rivera-aixo-que-les-pel%c2%b7licules-no-son-res-sense-contar-una-historia-em-va-semblar-sempre-una-faloria\\\/\"},\"wordCount\":959,\"commentCount\":0,\"image\":{\"@id\":\"https:\\\/\\\/lamostradevalencia.com\\\/ca\\\/lluis-rivera-aixo-que-les-pel%c2%b7licules-no-son-res-sense-contar-una-historia-em-va-semblar-sempre-una-faloria\\\/#primaryimage\"},\"thumbnailUrl\":\"https:\\\/\\\/lamostradevalencia.com\\\/wp-content\\\/uploads\\\/2022\\\/10\\\/lluis-1.jpg\",\"articleSection\":[\"Noticies\"],\"inLanguage\":\"ca\",\"potentialAction\":[{\"@type\":\"CommentAction\",\"name\":\"Comment\",\"target\":[\"https:\\\/\\\/lamostradevalencia.com\\\/ca\\\/lluis-rivera-aixo-que-les-pel%c2%b7licules-no-son-res-sense-contar-una-historia-em-va-semblar-sempre-una-faloria\\\/#respond\"]}]},{\"@type\":\"WebPage\",\"@id\":\"https:\\\/\\\/lamostradevalencia.com\\\/ca\\\/lluis-rivera-aixo-que-les-pel%c2%b7licules-no-son-res-sense-contar-una-historia-em-va-semblar-sempre-una-faloria\\\/\",\"url\":\"https:\\\/\\\/lamostradevalencia.com\\\/ca\\\/lluis-rivera-aixo-que-les-pel%c2%b7licules-no-son-res-sense-contar-una-historia-em-va-semblar-sempre-una-faloria\\\/\",\"name\":\"Llu\u00eds Rivera: \u201cAix\u00f2 que les pel\u00b7l\u00edcules no s\u00f3n res sense contar una hist\u00f2ria em va semblar sempre una fal\u00f2ria\u201d - Mostra de Val\u00e8ncia\",\"isPartOf\":{\"@id\":\"https:\\\/\\\/lamostradevalencia.com\\\/ca\\\/#website\"},\"primaryImageOfPage\":{\"@id\":\"https:\\\/\\\/lamostradevalencia.com\\\/ca\\\/lluis-rivera-aixo-que-les-pel%c2%b7licules-no-son-res-sense-contar-una-historia-em-va-semblar-sempre-una-faloria\\\/#primaryimage\"},\"image\":{\"@id\":\"https:\\\/\\\/lamostradevalencia.com\\\/ca\\\/lluis-rivera-aixo-que-les-pel%c2%b7licules-no-son-res-sense-contar-una-historia-em-va-semblar-sempre-una-faloria\\\/#primaryimage\"},\"thumbnailUrl\":\"https:\\\/\\\/lamostradevalencia.com\\\/wp-content\\\/uploads\\\/2022\\\/10\\\/lluis-1.jpg\",\"datePublished\":\"2022-10-27T13:56:25+00:00\",\"author\":{\"@id\":\"https:\\\/\\\/lamostradevalencia.com\\\/ca\\\/#\\\/schema\\\/person\\\/1dc07e4df3d6310b81d2cdf6a034070c\"},\"breadcrumb\":{\"@id\":\"https:\\\/\\\/lamostradevalencia.com\\\/ca\\\/lluis-rivera-aixo-que-les-pel%c2%b7licules-no-son-res-sense-contar-una-historia-em-va-semblar-sempre-una-faloria\\\/#breadcrumb\"},\"inLanguage\":\"ca\",\"potentialAction\":[{\"@type\":\"ReadAction\",\"target\":[\"https:\\\/\\\/lamostradevalencia.com\\\/ca\\\/lluis-rivera-aixo-que-les-pel%c2%b7licules-no-son-res-sense-contar-una-historia-em-va-semblar-sempre-una-faloria\\\/\"]}]},{\"@type\":\"ImageObject\",\"inLanguage\":\"ca\",\"@id\":\"https:\\\/\\\/lamostradevalencia.com\\\/ca\\\/lluis-rivera-aixo-que-les-pel%c2%b7licules-no-son-res-sense-contar-una-historia-em-va-semblar-sempre-una-faloria\\\/#primaryimage\",\"url\":\"https:\\\/\\\/lamostradevalencia.com\\\/wp-content\\\/uploads\\\/2022\\\/10\\\/lluis-1.jpg\",\"contentUrl\":\"https:\\\/\\\/lamostradevalencia.com\\\/wp-content\\\/uploads\\\/2022\\\/10\\\/lluis-1.jpg\",\"width\":639,\"height\":808},{\"@type\":\"BreadcrumbList\",\"@id\":\"https:\\\/\\\/lamostradevalencia.com\\\/ca\\\/lluis-rivera-aixo-que-les-pel%c2%b7licules-no-son-res-sense-contar-una-historia-em-va-semblar-sempre-una-faloria\\\/#breadcrumb\",\"itemListElement\":[{\"@type\":\"ListItem\",\"position\":1,\"name\":\"Portada\",\"item\":\"https:\\\/\\\/lamostradevalencia.com\\\/ca\\\/\"},{\"@type\":\"ListItem\",\"position\":2,\"name\":\"Llu\u00eds Rivera: \u201cAix\u00f2 que les pel\u00b7l\u00edcules no s\u00f3n res sense contar una hist\u00f2ria em va semblar sempre una fal\u00f2ria\u201d\"}]},{\"@type\":\"WebSite\",\"@id\":\"https:\\\/\\\/lamostradevalencia.com\\\/ca\\\/#website\",\"url\":\"https:\\\/\\\/lamostradevalencia.com\\\/ca\\\/\",\"name\":\"Mostra de Val\u00e8ncia\",\"description\":\"Cinema del Mediterrani\",\"potentialAction\":[{\"@type\":\"SearchAction\",\"target\":{\"@type\":\"EntryPoint\",\"urlTemplate\":\"https:\\\/\\\/lamostradevalencia.com\\\/ca\\\/?s={search_term_string}\"},\"query-input\":{\"@type\":\"PropertyValueSpecification\",\"valueRequired\":true,\"valueName\":\"search_term_string\"}}],\"inLanguage\":\"ca\"},{\"@type\":\"Person\",\"@id\":\"https:\\\/\\\/lamostradevalencia.com\\\/ca\\\/#\\\/schema\\\/person\\\/1dc07e4df3d6310b81d2cdf6a034070c\",\"name\":\"Mostra de Val\u00e8ncia\",\"image\":{\"@type\":\"ImageObject\",\"inLanguage\":\"ca\",\"@id\":\"https:\\\/\\\/secure.gravatar.com\\\/avatar\\\/ada4dfd699a9907706987adb1bb2b361c2613ccca474b49b8c648de5208e32f8?s=96&d=mm&r=g\",\"url\":\"https:\\\/\\\/secure.gravatar.com\\\/avatar\\\/ada4dfd699a9907706987adb1bb2b361c2613ccca474b49b8c648de5208e32f8?s=96&d=mm&r=g\",\"contentUrl\":\"https:\\\/\\\/secure.gravatar.com\\\/avatar\\\/ada4dfd699a9907706987adb1bb2b361c2613ccca474b49b8c648de5208e32f8?s=96&d=mm&r=g\",\"caption\":\"Mostra de Val\u00e8ncia\"}}]}<\/script>\n<!-- \/ Yoast SEO plugin. -->","yoast_head_json":{"title":"Llu\u00eds Rivera: \u201cAix\u00f2 que les pel\u00b7l\u00edcules no s\u00f3n res sense contar una hist\u00f2ria em va semblar sempre una fal\u00f2ria\u201d - Mostra de Val\u00e8ncia","robots":{"index":"index","follow":"follow","max-snippet":"max-snippet:-1","max-image-preview":"max-image-preview:large","max-video-preview":"max-video-preview:-1"},"canonical":"https:\/\/lamostradevalencia.com\/ca\/lluis-rivera-aixo-que-les-pel%c2%b7licules-no-son-res-sense-contar-una-historia-em-va-semblar-sempre-una-faloria\/","og_locale":"ca_ES","og_type":"article","og_title":"Llu\u00eds Rivera: \u201cAix\u00f2 que les pel\u00b7l\u00edcules no s\u00f3n res sense contar una hist\u00f2ria em va semblar sempre una fal\u00f2ria\u201d - Mostra de Val\u00e8ncia","og_description":"El festival programa una retrospectiva a esta destacada figura del cine experimental espanyol i li dedica \u00edntegrament &#8216;Els quaderns de la Mostra&#8217;, que es recuperen [&hellip;]","og_url":"https:\/\/lamostradevalencia.com\/ca\/lluis-rivera-aixo-que-les-pel%c2%b7licules-no-son-res-sense-contar-una-historia-em-va-semblar-sempre-una-faloria\/","og_site_name":"Mostra de Val\u00e8ncia","article_published_time":"2022-10-27T13:56:25+00:00","og_image":[{"width":639,"height":808,"url":"https:\/\/lamostradevalencia.com\/wp-content\/uploads\/2022\/10\/lluis-1.jpg","type":"image\/jpeg"}],"author":"Mostra de Val\u00e8ncia","twitter_card":"summary_large_image","twitter_misc":{"Escrit per":"Mostra de Val\u00e8ncia","Temps estimat de lectura":"5 minuts"},"schema":{"@context":"https:\/\/schema.org","@graph":[{"@type":"Article","@id":"https:\/\/lamostradevalencia.com\/ca\/lluis-rivera-aixo-que-les-pel%c2%b7licules-no-son-res-sense-contar-una-historia-em-va-semblar-sempre-una-faloria\/#article","isPartOf":{"@id":"https:\/\/lamostradevalencia.com\/ca\/lluis-rivera-aixo-que-les-pel%c2%b7licules-no-son-res-sense-contar-una-historia-em-va-semblar-sempre-una-faloria\/"},"author":{"name":"Mostra de Val\u00e8ncia","@id":"https:\/\/lamostradevalencia.com\/ca\/#\/schema\/person\/1dc07e4df3d6310b81d2cdf6a034070c"},"headline":"Llu\u00eds Rivera: \u201cAix\u00f2 que les pel\u00b7l\u00edcules no s\u00f3n res sense contar una hist\u00f2ria em va semblar sempre una fal\u00f2ria\u201d","datePublished":"2022-10-27T13:56:25+00:00","mainEntityOfPage":{"@id":"https:\/\/lamostradevalencia.com\/ca\/lluis-rivera-aixo-que-les-pel%c2%b7licules-no-son-res-sense-contar-una-historia-em-va-semblar-sempre-una-faloria\/"},"wordCount":959,"commentCount":0,"image":{"@id":"https:\/\/lamostradevalencia.com\/ca\/lluis-rivera-aixo-que-les-pel%c2%b7licules-no-son-res-sense-contar-una-historia-em-va-semblar-sempre-una-faloria\/#primaryimage"},"thumbnailUrl":"https:\/\/lamostradevalencia.com\/wp-content\/uploads\/2022\/10\/lluis-1.jpg","articleSection":["Noticies"],"inLanguage":"ca","potentialAction":[{"@type":"CommentAction","name":"Comment","target":["https:\/\/lamostradevalencia.com\/ca\/lluis-rivera-aixo-que-les-pel%c2%b7licules-no-son-res-sense-contar-una-historia-em-va-semblar-sempre-una-faloria\/#respond"]}]},{"@type":"WebPage","@id":"https:\/\/lamostradevalencia.com\/ca\/lluis-rivera-aixo-que-les-pel%c2%b7licules-no-son-res-sense-contar-una-historia-em-va-semblar-sempre-una-faloria\/","url":"https:\/\/lamostradevalencia.com\/ca\/lluis-rivera-aixo-que-les-pel%c2%b7licules-no-son-res-sense-contar-una-historia-em-va-semblar-sempre-una-faloria\/","name":"Llu\u00eds Rivera: \u201cAix\u00f2 que les pel\u00b7l\u00edcules no s\u00f3n res sense contar una hist\u00f2ria em va semblar sempre una fal\u00f2ria\u201d - Mostra de Val\u00e8ncia","isPartOf":{"@id":"https:\/\/lamostradevalencia.com\/ca\/#website"},"primaryImageOfPage":{"@id":"https:\/\/lamostradevalencia.com\/ca\/lluis-rivera-aixo-que-les-pel%c2%b7licules-no-son-res-sense-contar-una-historia-em-va-semblar-sempre-una-faloria\/#primaryimage"},"image":{"@id":"https:\/\/lamostradevalencia.com\/ca\/lluis-rivera-aixo-que-les-pel%c2%b7licules-no-son-res-sense-contar-una-historia-em-va-semblar-sempre-una-faloria\/#primaryimage"},"thumbnailUrl":"https:\/\/lamostradevalencia.com\/wp-content\/uploads\/2022\/10\/lluis-1.jpg","datePublished":"2022-10-27T13:56:25+00:00","author":{"@id":"https:\/\/lamostradevalencia.com\/ca\/#\/schema\/person\/1dc07e4df3d6310b81d2cdf6a034070c"},"breadcrumb":{"@id":"https:\/\/lamostradevalencia.com\/ca\/lluis-rivera-aixo-que-les-pel%c2%b7licules-no-son-res-sense-contar-una-historia-em-va-semblar-sempre-una-faloria\/#breadcrumb"},"inLanguage":"ca","potentialAction":[{"@type":"ReadAction","target":["https:\/\/lamostradevalencia.com\/ca\/lluis-rivera-aixo-que-les-pel%c2%b7licules-no-son-res-sense-contar-una-historia-em-va-semblar-sempre-una-faloria\/"]}]},{"@type":"ImageObject","inLanguage":"ca","@id":"https:\/\/lamostradevalencia.com\/ca\/lluis-rivera-aixo-que-les-pel%c2%b7licules-no-son-res-sense-contar-una-historia-em-va-semblar-sempre-una-faloria\/#primaryimage","url":"https:\/\/lamostradevalencia.com\/wp-content\/uploads\/2022\/10\/lluis-1.jpg","contentUrl":"https:\/\/lamostradevalencia.com\/wp-content\/uploads\/2022\/10\/lluis-1.jpg","width":639,"height":808},{"@type":"BreadcrumbList","@id":"https:\/\/lamostradevalencia.com\/ca\/lluis-rivera-aixo-que-les-pel%c2%b7licules-no-son-res-sense-contar-una-historia-em-va-semblar-sempre-una-faloria\/#breadcrumb","itemListElement":[{"@type":"ListItem","position":1,"name":"Portada","item":"https:\/\/lamostradevalencia.com\/ca\/"},{"@type":"ListItem","position":2,"name":"Llu\u00eds Rivera: \u201cAix\u00f2 que les pel\u00b7l\u00edcules no s\u00f3n res sense contar una hist\u00f2ria em va semblar sempre una fal\u00f2ria\u201d"}]},{"@type":"WebSite","@id":"https:\/\/lamostradevalencia.com\/ca\/#website","url":"https:\/\/lamostradevalencia.com\/ca\/","name":"Mostra de Val\u00e8ncia","description":"Cinema del Mediterrani","potentialAction":[{"@type":"SearchAction","target":{"@type":"EntryPoint","urlTemplate":"https:\/\/lamostradevalencia.com\/ca\/?s={search_term_string}"},"query-input":{"@type":"PropertyValueSpecification","valueRequired":true,"valueName":"search_term_string"}}],"inLanguage":"ca"},{"@type":"Person","@id":"https:\/\/lamostradevalencia.com\/ca\/#\/schema\/person\/1dc07e4df3d6310b81d2cdf6a034070c","name":"Mostra de Val\u00e8ncia","image":{"@type":"ImageObject","inLanguage":"ca","@id":"https:\/\/secure.gravatar.com\/avatar\/ada4dfd699a9907706987adb1bb2b361c2613ccca474b49b8c648de5208e32f8?s=96&d=mm&r=g","url":"https:\/\/secure.gravatar.com\/avatar\/ada4dfd699a9907706987adb1bb2b361c2613ccca474b49b8c648de5208e32f8?s=96&d=mm&r=g","contentUrl":"https:\/\/secure.gravatar.com\/avatar\/ada4dfd699a9907706987adb1bb2b361c2613ccca474b49b8c648de5208e32f8?s=96&d=mm&r=g","caption":"Mostra de Val\u00e8ncia"}}]}},"uagb_featured_image_src":{"full":["https:\/\/lamostradevalencia.com\/wp-content\/uploads\/2022\/10\/lluis-1.jpg",639,808,false],"thumbnail":["https:\/\/lamostradevalencia.com\/wp-content\/uploads\/2022\/10\/lluis-1-150x150.jpg",150,150,true],"medium":["https:\/\/lamostradevalencia.com\/wp-content\/uploads\/2022\/10\/lluis-1-237x300.jpg",237,300,true],"medium_large":["https:\/\/lamostradevalencia.com\/wp-content\/uploads\/2022\/10\/lluis-1.jpg",639,808,false],"large":["https:\/\/lamostradevalencia.com\/wp-content\/uploads\/2022\/10\/lluis-1.jpg",639,808,false],"1536x1536":["https:\/\/lamostradevalencia.com\/wp-content\/uploads\/2022\/10\/lluis-1.jpg",639,808,false],"2048x2048":["https:\/\/lamostradevalencia.com\/wp-content\/uploads\/2022\/10\/lluis-1.jpg",639,808,false],"cinerama_edge_image_square":["https:\/\/lamostradevalencia.com\/wp-content\/uploads\/2022\/10\/lluis-1-550x550.jpg",550,550,true],"cinerama_edge_image_landscape":["https:\/\/lamostradevalencia.com\/wp-content\/uploads\/2022\/10\/lluis-1-639x550.jpg",639,550,true],"cinerama_edge_image_portrait":["https:\/\/lamostradevalencia.com\/wp-content\/uploads\/2022\/10\/lluis-1-550x808.jpg",550,808,true],"cinerama_edge_image_huge":["https:\/\/lamostradevalencia.com\/wp-content\/uploads\/2022\/10\/lluis-1.jpg",639,808,false],"gform-image-choice-sm":["https:\/\/lamostradevalencia.com\/wp-content\/uploads\/2022\/10\/lluis-1.jpg",237,300,false],"gform-image-choice-md":["https:\/\/lamostradevalencia.com\/wp-content\/uploads\/2022\/10\/lluis-1.jpg",316,400,false],"gform-image-choice-lg":["https:\/\/lamostradevalencia.com\/wp-content\/uploads\/2022\/10\/lluis-1.jpg",475,600,false]},"uagb_author_info":{"display_name":"Mostra de Val\u00e8ncia","author_link":"https:\/\/lamostradevalencia.com\/ca\/author\/mostravalencia\/"},"uagb_comment_info":0,"uagb_excerpt":"El festival programa una retrospectiva a esta destacada figura del cine experimental espanyol i li dedica \u00edntegrament &#8216;Els quaderns de la Mostra&#8217;, que es recuperen [&hellip;]","_links":{"self":[{"href":"https:\/\/lamostradevalencia.com\/ca\/wp-json\/wp\/v2\/posts\/17492","targetHints":{"allow":["GET"]}}],"collection":[{"href":"https:\/\/lamostradevalencia.com\/ca\/wp-json\/wp\/v2\/posts"}],"about":[{"href":"https:\/\/lamostradevalencia.com\/ca\/wp-json\/wp\/v2\/types\/post"}],"author":[{"embeddable":true,"href":"https:\/\/lamostradevalencia.com\/ca\/wp-json\/wp\/v2\/users\/1"}],"replies":[{"embeddable":true,"href":"https:\/\/lamostradevalencia.com\/ca\/wp-json\/wp\/v2\/comments?post=17492"}],"version-history":[{"count":1,"href":"https:\/\/lamostradevalencia.com\/ca\/wp-json\/wp\/v2\/posts\/17492\/revisions"}],"predecessor-version":[{"id":17498,"href":"https:\/\/lamostradevalencia.com\/ca\/wp-json\/wp\/v2\/posts\/17492\/revisions\/17498"}],"wp:featuredmedia":[{"embeddable":true,"href":"https:\/\/lamostradevalencia.com\/ca\/wp-json\/wp\/v2\/media\/17493"}],"wp:attachment":[{"href":"https:\/\/lamostradevalencia.com\/ca\/wp-json\/wp\/v2\/media?parent=17492"}],"wp:term":[{"taxonomy":"category","embeddable":true,"href":"https:\/\/lamostradevalencia.com\/ca\/wp-json\/wp\/v2\/categories?post=17492"},{"taxonomy":"post_tag","embeddable":true,"href":"https:\/\/lamostradevalencia.com\/ca\/wp-json\/wp\/v2\/tags?post=17492"}],"curies":[{"name":"wp","href":"https:\/\/api.w.org\/{rel}","templated":true}]}}