{"id":17483,"date":"2022-10-26T20:23:25","date_gmt":"2022-10-26T18:23:25","guid":{"rendered":"https:\/\/lamostradevalencia.com\/?p=17483"},"modified":"2022-10-27T01:29:38","modified_gmt":"2022-10-26T23:29:38","slug":"avelina-prat-vasil-part-duna-historia-real-que-li-va-ocorrer-al-meu-pare","status":"publish","type":"post","link":"https:\/\/lamostradevalencia.com\/ca\/avelina-prat-vasil-part-duna-historia-real-que-li-va-ocorrer-al-meu-pare\/","title":{"rendered":"Avelina Prat: &#8220;&#8216;Vasil&#8217; part d&#8217;una hist\u00f2ria real que li va oc\u00f3rrer al meu pare&#8221;"},"content":{"rendered":"<h5>La directora valenciana presenta en les Sessions Especials de Mostra de Val\u00e8ncia la seua \u00f2pera prima, protagonitzada per Karra Elejalde, Alexandra Jim\u00e9nez, Susi S\u00e1nchez i Ivan Barnev<\/h5>\n<p><strong>\u2018Vasil\u2019\u00a0<\/strong>arriba com a pel\u00b7l\u00edcula a Val\u00e8ncia despr\u00e9s d&#8217;haver sigut un projecte molt premiat en trobades com el Fest Pitching Forum del New Films New Directes Film Festival a Portugal i en Berlinale Talents Script Station 2018, a m\u00e9s de participar en el V Laboratori d&#8217;escriptura de guions de la Fundaci\u00f3 SGAE. Precisament el pas per este esdeveniment,\u00a0dirigit per\u00a0<strong>Isabel Coixet,<\/strong>\u00a0va ser decisiu perqu\u00e8 poguera dur-se a terme el rodatge, perqu\u00e8\u00a0la directora va parlar del projecte a la\u00a0<strong>productora\u00a0Miriam Port\u00e9<\/strong>, amiga seua, que finalment el va posar en marxa en col\u00b7laboraci\u00f3 amb les productores b\u00falgares Mina Mileva i Vesela Kazakova, a les quals va con\u00e9ixer en un mercat de televisi\u00f3.<\/p>\n<p>La directora valenciana\u00a0<strong>Avelina Prat<\/strong>\u00a0ha pogut comptar amb un repartiment de grans noms que inclou a\u00a0<strong>Alexandra Jim\u00e9nez, Susi S\u00e1nchez i Karra Elejalde,<\/strong>\u00a0que esta vesprada han estat en l&#8217;Espai Mostra abans de la presentaci\u00f3 i projecci\u00f3 de &#8216;Vasil&#8217; als Cinemes Babel,\u00a0al costat de la revelaci\u00f3 del film, el b\u00falgar\u00a0<strong>Ivan Barnev<\/strong>, que dona nom al personatge protagonista, i Sue Flack.\u00a0&#8220;La pel\u00b7l\u00edcula va n\u00e0ixer d&#8217;una hist\u00f2ria que li va oc\u00f3rrer al meu pare fa uns anys: un dia em va cridar per a dir-me que no podia quedar perqu\u00e8 tenia un b\u00falgar a casa, que s&#8217;anava a quedar all\u00ed un parell de dies perqu\u00e8 no tenia on dormir. Van passar un munt de coses, per\u00f2 mesos despr\u00e9s, quan tot havia desaparegut, la hist\u00f2ria seguia al meu cap i vaig pensar a escriure-la&#8221;, assegura la directora. En la pel\u00b7l\u00edcula,\u00a0Vasil \u00e9s intel\u00b7ligent, carism\u00e0tic i un n\u00famero u jugant al bridge i als escacs, per\u00f2 dorm al carrer des que va arribar de Bulg\u00e0ria. Alfredo, un arquitecte jubilat (Elejalde), l&#8217;acull a la seua casa durant un temps davant la mirada at\u00f2nita de la seua filla Luisa (Jim\u00e9nez).\u00a0<strong>Els dos homes no tenen res en com\u00fa, excepte la seua passi\u00f3 pels escacs.<\/strong>\u00a0Malgrat les seues difer\u00e8ncies, a poc a poc Vasil aconseguir\u00e0 trencar les barreres constru\u00efdes per Alfredo. I \u00e9s que el b\u00falgar t\u00e9 un do: transformar per sempre a aquelles persones amb les quals es relaciona.<\/p>\n<p>Karra Elejalde va acceptar de seguida el paper i va oc\u00f3rrer que en el rodatge ni ell parlava angl\u00e9s ni Ivan Barnev espanyol, per\u00f2 s&#8217;entenien perfectament. L&#8217;actor basc retrau a la directora que no li contara l&#8217;origen de la hist\u00f2ria: &#8220;Esta\u00a0<em>punyetera<\/em>\u00a0s&#8217;ho va guardar. Em vaig assabentar ahir i, la veritat, \u00e9s que m&#8217;haguera servit de molt saber-ho perqu\u00e8 li hauria fet moltes preguntes. Em va encantar que abordava la tem\u00e0tica social, per\u00f2 no des del pamflet o la reivindicaci\u00f3, es nota la m\u00e0 d&#8217;una dona en esta direcci\u00f3. La pel\u00b7l\u00edcula parla b\u00e0sicament dels\u00a0\u00a0<strong>problemes que tenim a l&#8217;hora de comunicar-nos, no ja amb una persona\u00a0aliena, un estrany, un b\u00falgar emigrant\u2026 sin\u00f3 amb la teua pr\u00f2pia filla&#8221;.<\/strong>\u00a0Elejalde assegura que &#8220;la pel\u00b7l\u00edcula se subjecta en l&#8217;encant del personatge principal, Vasil&#8221;. No obstant aix\u00f2, Isabel Coixet assegura que \u00e9s la millor interpretaci\u00f3 de la carrera de Karra: &#8220;No soc\u00a0 objectiu i faria un mal servei a altres directors amb els quals l&#8217;he fet tan b\u00e9 o tan mal si diguera alguna cosa sobre este tema&#8221;, va assegurar ahir l&#8217;actor.<\/p>\n<p>Barnev, per part seua, assegura que &#8220;el que m\u00e9s em va cridar l&#8217;atenci\u00f3 \u00e9s que eren un equip molt silenci\u00f3s, mentre Karra i jo \u00e9rem molt xerraires i bromistes&#8221;.\u00a0Sue Flack est\u00e0 encantada d&#8217;haver rodat a Val\u00e8ncia: &#8220;Per\u00f2 em sembla\u00a0que els interiors tamb\u00e9 estan molt cuidats. La pel\u00b7l\u00edcula \u00e9s molt subtil, est\u00e0 plena de detalls&#8221;.<\/p>\n<p>La 37a Mostra de Val\u00e8ncia \u2013 Cinema del Mediterrani, que se celebra fins al 30 d&#8217;octubre, compta amb la col\u00b7laboraci\u00f3 de l&#8217;Institut Valenci\u00e0 de Cultura (IVC), Rambleta, Val\u00e8ncia Film Office, Barreira Arte + Dise\u00f1o\u00a0i \u00c0 Punt M\u00e8dia com a mitj\u00e0 oficial.<\/p>\n","protected":false},"excerpt":{"rendered":"<p>La directora valenciana presenta en les Sessions Especials de Mostra de Val\u00e8ncia la seua \u00f2pera prima, protagonitzada per Karra Elejalde, Alexandra Jim\u00e9nez, Susi S\u00e1nchez i [&hellip;]<\/p>\n","protected":false},"author":1,"featured_media":17478,"comment_status":"open","ping_status":"open","sticky":false,"template":"","format":"standard","meta":{"_uag_custom_page_level_css":"","_jet_sm_ready_style":"","_jet_sm_style":"","_jet_sm_controls_values":"","_jet_sm_fonts_collection":"","_jet_sm_fonts_links":"","footnotes":""},"categories":[455],"tags":[],"class_list":["post-17483","post","type-post","status-publish","format-standard","has-post-thumbnail","hentry","category-noticies"],"yoast_head":"<!-- This site is optimized with the Yoast SEO plugin v27.5 - https:\/\/yoast.com\/product\/yoast-seo-wordpress\/ -->\n<title>Avelina Prat: &quot;&#039;Vasil&#039; part d&#039;una hist\u00f2ria real que li va oc\u00f3rrer al meu pare&quot; - Mostra de Val\u00e8ncia<\/title>\n<meta name=\"robots\" content=\"index, follow, max-snippet:-1, max-image-preview:large, max-video-preview:-1\" \/>\n<link rel=\"canonical\" href=\"https:\/\/lamostradevalencia.com\/ca\/avelina-prat-vasil-part-duna-historia-real-que-li-va-ocorrer-al-meu-pare\/\" \/>\n<meta property=\"og:locale\" content=\"ca_ES\" \/>\n<meta property=\"og:type\" content=\"article\" \/>\n<meta property=\"og:title\" content=\"Avelina Prat: &quot;&#039;Vasil&#039; part d&#039;una hist\u00f2ria real que li va oc\u00f3rrer al meu pare&quot; - Mostra de Val\u00e8ncia\" \/>\n<meta property=\"og:description\" content=\"La directora valenciana presenta en les Sessions Especials de Mostra de Val\u00e8ncia la seua \u00f2pera prima, protagonitzada per Karra Elejalde, Alexandra Jim\u00e9nez, Susi S\u00e1nchez i [&hellip;]\" \/>\n<meta property=\"og:url\" content=\"https:\/\/lamostradevalencia.com\/ca\/avelina-prat-vasil-part-duna-historia-real-que-li-va-ocorrer-al-meu-pare\/\" \/>\n<meta property=\"og:site_name\" content=\"Mostra de Val\u00e8ncia\" \/>\n<meta property=\"article:published_time\" content=\"2022-10-26T18:23:25+00:00\" \/>\n<meta property=\"article:modified_time\" content=\"2022-10-26T23:29:38+00:00\" \/>\n<meta property=\"og:image\" content=\"https:\/\/lamostradevalencia.com\/wp-content\/uploads\/2022\/10\/vasil-fotocall.jpg\" \/>\n\t<meta property=\"og:image:width\" content=\"1324\" \/>\n\t<meta property=\"og:image:height\" content=\"934\" \/>\n\t<meta property=\"og:image:type\" content=\"image\/jpeg\" \/>\n<meta name=\"author\" content=\"Mostra de Val\u00e8ncia\" \/>\n<meta name=\"twitter:card\" content=\"summary_large_image\" \/>\n<meta name=\"twitter:label1\" content=\"Escrit per\" \/>\n\t<meta name=\"twitter:data1\" content=\"Mostra de Val\u00e8ncia\" \/>\n\t<meta name=\"twitter:label2\" content=\"Temps estimat de lectura\" \/>\n\t<meta name=\"twitter:data2\" content=\"4 minuts\" \/>\n<script type=\"application\/ld+json\" class=\"yoast-schema-graph\">{\"@context\":\"https:\\\/\\\/schema.org\",\"@graph\":[{\"@type\":\"Article\",\"@id\":\"https:\\\/\\\/lamostradevalencia.com\\\/ca\\\/avelina-prat-vasil-part-duna-historia-real-que-li-va-ocorrer-al-meu-pare\\\/#article\",\"isPartOf\":{\"@id\":\"https:\\\/\\\/lamostradevalencia.com\\\/ca\\\/avelina-prat-vasil-part-duna-historia-real-que-li-va-ocorrer-al-meu-pare\\\/\"},\"author\":{\"name\":\"Mostra de Val\u00e8ncia\",\"@id\":\"https:\\\/\\\/lamostradevalencia.com\\\/ca\\\/#\\\/schema\\\/person\\\/1dc07e4df3d6310b81d2cdf6a034070c\"},\"headline\":\"Avelina Prat: &#8220;&#8216;Vasil&#8217; part d&#8217;una hist\u00f2ria real que li va oc\u00f3rrer al meu pare&#8221;\",\"datePublished\":\"2022-10-26T18:23:25+00:00\",\"dateModified\":\"2022-10-26T23:29:38+00:00\",\"mainEntityOfPage\":{\"@id\":\"https:\\\/\\\/lamostradevalencia.com\\\/ca\\\/avelina-prat-vasil-part-duna-historia-real-que-li-va-ocorrer-al-meu-pare\\\/\"},\"wordCount\":742,\"commentCount\":0,\"image\":{\"@id\":\"https:\\\/\\\/lamostradevalencia.com\\\/ca\\\/avelina-prat-vasil-part-duna-historia-real-que-li-va-ocorrer-al-meu-pare\\\/#primaryimage\"},\"thumbnailUrl\":\"https:\\\/\\\/lamostradevalencia.com\\\/wp-content\\\/uploads\\\/2022\\\/10\\\/vasil-fotocall.jpg\",\"articleSection\":[\"Noticies\"],\"inLanguage\":\"ca\",\"potentialAction\":[{\"@type\":\"CommentAction\",\"name\":\"Comment\",\"target\":[\"https:\\\/\\\/lamostradevalencia.com\\\/ca\\\/avelina-prat-vasil-part-duna-historia-real-que-li-va-ocorrer-al-meu-pare\\\/#respond\"]}]},{\"@type\":\"WebPage\",\"@id\":\"https:\\\/\\\/lamostradevalencia.com\\\/ca\\\/avelina-prat-vasil-part-duna-historia-real-que-li-va-ocorrer-al-meu-pare\\\/\",\"url\":\"https:\\\/\\\/lamostradevalencia.com\\\/ca\\\/avelina-prat-vasil-part-duna-historia-real-que-li-va-ocorrer-al-meu-pare\\\/\",\"name\":\"Avelina Prat: \\\"'Vasil' part d'una hist\u00f2ria real que li va oc\u00f3rrer al meu pare\\\" - Mostra de Val\u00e8ncia\",\"isPartOf\":{\"@id\":\"https:\\\/\\\/lamostradevalencia.com\\\/ca\\\/#website\"},\"primaryImageOfPage\":{\"@id\":\"https:\\\/\\\/lamostradevalencia.com\\\/ca\\\/avelina-prat-vasil-part-duna-historia-real-que-li-va-ocorrer-al-meu-pare\\\/#primaryimage\"},\"image\":{\"@id\":\"https:\\\/\\\/lamostradevalencia.com\\\/ca\\\/avelina-prat-vasil-part-duna-historia-real-que-li-va-ocorrer-al-meu-pare\\\/#primaryimage\"},\"thumbnailUrl\":\"https:\\\/\\\/lamostradevalencia.com\\\/wp-content\\\/uploads\\\/2022\\\/10\\\/vasil-fotocall.jpg\",\"datePublished\":\"2022-10-26T18:23:25+00:00\",\"dateModified\":\"2022-10-26T23:29:38+00:00\",\"author\":{\"@id\":\"https:\\\/\\\/lamostradevalencia.com\\\/ca\\\/#\\\/schema\\\/person\\\/1dc07e4df3d6310b81d2cdf6a034070c\"},\"breadcrumb\":{\"@id\":\"https:\\\/\\\/lamostradevalencia.com\\\/ca\\\/avelina-prat-vasil-part-duna-historia-real-que-li-va-ocorrer-al-meu-pare\\\/#breadcrumb\"},\"inLanguage\":\"ca\",\"potentialAction\":[{\"@type\":\"ReadAction\",\"target\":[\"https:\\\/\\\/lamostradevalencia.com\\\/ca\\\/avelina-prat-vasil-part-duna-historia-real-que-li-va-ocorrer-al-meu-pare\\\/\"]}]},{\"@type\":\"ImageObject\",\"inLanguage\":\"ca\",\"@id\":\"https:\\\/\\\/lamostradevalencia.com\\\/ca\\\/avelina-prat-vasil-part-duna-historia-real-que-li-va-ocorrer-al-meu-pare\\\/#primaryimage\",\"url\":\"https:\\\/\\\/lamostradevalencia.com\\\/wp-content\\\/uploads\\\/2022\\\/10\\\/vasil-fotocall.jpg\",\"contentUrl\":\"https:\\\/\\\/lamostradevalencia.com\\\/wp-content\\\/uploads\\\/2022\\\/10\\\/vasil-fotocall.jpg\",\"width\":1324,\"height\":934},{\"@type\":\"BreadcrumbList\",\"@id\":\"https:\\\/\\\/lamostradevalencia.com\\\/ca\\\/avelina-prat-vasil-part-duna-historia-real-que-li-va-ocorrer-al-meu-pare\\\/#breadcrumb\",\"itemListElement\":[{\"@type\":\"ListItem\",\"position\":1,\"name\":\"Portada\",\"item\":\"https:\\\/\\\/lamostradevalencia.com\\\/ca\\\/\"},{\"@type\":\"ListItem\",\"position\":2,\"name\":\"Avelina Prat: \u00ab&#8216;Vasil&#8217; part d&#8217;una hist\u00f2ria real que li va oc\u00f3rrer al meu pare\u00bb\"}]},{\"@type\":\"WebSite\",\"@id\":\"https:\\\/\\\/lamostradevalencia.com\\\/ca\\\/#website\",\"url\":\"https:\\\/\\\/lamostradevalencia.com\\\/ca\\\/\",\"name\":\"Mostra de Val\u00e8ncia\",\"description\":\"Cinema del Mediterrani\",\"potentialAction\":[{\"@type\":\"SearchAction\",\"target\":{\"@type\":\"EntryPoint\",\"urlTemplate\":\"https:\\\/\\\/lamostradevalencia.com\\\/ca\\\/?s={search_term_string}\"},\"query-input\":{\"@type\":\"PropertyValueSpecification\",\"valueRequired\":true,\"valueName\":\"search_term_string\"}}],\"inLanguage\":\"ca\"},{\"@type\":\"Person\",\"@id\":\"https:\\\/\\\/lamostradevalencia.com\\\/ca\\\/#\\\/schema\\\/person\\\/1dc07e4df3d6310b81d2cdf6a034070c\",\"name\":\"Mostra de Val\u00e8ncia\",\"image\":{\"@type\":\"ImageObject\",\"inLanguage\":\"ca\",\"@id\":\"https:\\\/\\\/secure.gravatar.com\\\/avatar\\\/ada4dfd699a9907706987adb1bb2b361c2613ccca474b49b8c648de5208e32f8?s=96&d=mm&r=g\",\"url\":\"https:\\\/\\\/secure.gravatar.com\\\/avatar\\\/ada4dfd699a9907706987adb1bb2b361c2613ccca474b49b8c648de5208e32f8?s=96&d=mm&r=g\",\"contentUrl\":\"https:\\\/\\\/secure.gravatar.com\\\/avatar\\\/ada4dfd699a9907706987adb1bb2b361c2613ccca474b49b8c648de5208e32f8?s=96&d=mm&r=g\",\"caption\":\"Mostra de Val\u00e8ncia\"}}]}<\/script>\n<!-- \/ Yoast SEO plugin. -->","yoast_head_json":{"title":"Avelina Prat: \"'Vasil' part d'una hist\u00f2ria real que li va oc\u00f3rrer al meu pare\" - Mostra de Val\u00e8ncia","robots":{"index":"index","follow":"follow","max-snippet":"max-snippet:-1","max-image-preview":"max-image-preview:large","max-video-preview":"max-video-preview:-1"},"canonical":"https:\/\/lamostradevalencia.com\/ca\/avelina-prat-vasil-part-duna-historia-real-que-li-va-ocorrer-al-meu-pare\/","og_locale":"ca_ES","og_type":"article","og_title":"Avelina Prat: \"'Vasil' part d'una hist\u00f2ria real que li va oc\u00f3rrer al meu pare\" - Mostra de Val\u00e8ncia","og_description":"La directora valenciana presenta en les Sessions Especials de Mostra de Val\u00e8ncia la seua \u00f2pera prima, protagonitzada per Karra Elejalde, Alexandra Jim\u00e9nez, Susi S\u00e1nchez i [&hellip;]","og_url":"https:\/\/lamostradevalencia.com\/ca\/avelina-prat-vasil-part-duna-historia-real-que-li-va-ocorrer-al-meu-pare\/","og_site_name":"Mostra de Val\u00e8ncia","article_published_time":"2022-10-26T18:23:25+00:00","article_modified_time":"2022-10-26T23:29:38+00:00","og_image":[{"width":1324,"height":934,"url":"https:\/\/lamostradevalencia.com\/wp-content\/uploads\/2022\/10\/vasil-fotocall.jpg","type":"image\/jpeg"}],"author":"Mostra de Val\u00e8ncia","twitter_card":"summary_large_image","twitter_misc":{"Escrit per":"Mostra de Val\u00e8ncia","Temps estimat de lectura":"4 minuts"},"schema":{"@context":"https:\/\/schema.org","@graph":[{"@type":"Article","@id":"https:\/\/lamostradevalencia.com\/ca\/avelina-prat-vasil-part-duna-historia-real-que-li-va-ocorrer-al-meu-pare\/#article","isPartOf":{"@id":"https:\/\/lamostradevalencia.com\/ca\/avelina-prat-vasil-part-duna-historia-real-que-li-va-ocorrer-al-meu-pare\/"},"author":{"name":"Mostra de Val\u00e8ncia","@id":"https:\/\/lamostradevalencia.com\/ca\/#\/schema\/person\/1dc07e4df3d6310b81d2cdf6a034070c"},"headline":"Avelina Prat: &#8220;&#8216;Vasil&#8217; part d&#8217;una hist\u00f2ria real que li va oc\u00f3rrer al meu pare&#8221;","datePublished":"2022-10-26T18:23:25+00:00","dateModified":"2022-10-26T23:29:38+00:00","mainEntityOfPage":{"@id":"https:\/\/lamostradevalencia.com\/ca\/avelina-prat-vasil-part-duna-historia-real-que-li-va-ocorrer-al-meu-pare\/"},"wordCount":742,"commentCount":0,"image":{"@id":"https:\/\/lamostradevalencia.com\/ca\/avelina-prat-vasil-part-duna-historia-real-que-li-va-ocorrer-al-meu-pare\/#primaryimage"},"thumbnailUrl":"https:\/\/lamostradevalencia.com\/wp-content\/uploads\/2022\/10\/vasil-fotocall.jpg","articleSection":["Noticies"],"inLanguage":"ca","potentialAction":[{"@type":"CommentAction","name":"Comment","target":["https:\/\/lamostradevalencia.com\/ca\/avelina-prat-vasil-part-duna-historia-real-que-li-va-ocorrer-al-meu-pare\/#respond"]}]},{"@type":"WebPage","@id":"https:\/\/lamostradevalencia.com\/ca\/avelina-prat-vasil-part-duna-historia-real-que-li-va-ocorrer-al-meu-pare\/","url":"https:\/\/lamostradevalencia.com\/ca\/avelina-prat-vasil-part-duna-historia-real-que-li-va-ocorrer-al-meu-pare\/","name":"Avelina Prat: \"'Vasil' part d'una hist\u00f2ria real que li va oc\u00f3rrer al meu pare\" - Mostra de Val\u00e8ncia","isPartOf":{"@id":"https:\/\/lamostradevalencia.com\/ca\/#website"},"primaryImageOfPage":{"@id":"https:\/\/lamostradevalencia.com\/ca\/avelina-prat-vasil-part-duna-historia-real-que-li-va-ocorrer-al-meu-pare\/#primaryimage"},"image":{"@id":"https:\/\/lamostradevalencia.com\/ca\/avelina-prat-vasil-part-duna-historia-real-que-li-va-ocorrer-al-meu-pare\/#primaryimage"},"thumbnailUrl":"https:\/\/lamostradevalencia.com\/wp-content\/uploads\/2022\/10\/vasil-fotocall.jpg","datePublished":"2022-10-26T18:23:25+00:00","dateModified":"2022-10-26T23:29:38+00:00","author":{"@id":"https:\/\/lamostradevalencia.com\/ca\/#\/schema\/person\/1dc07e4df3d6310b81d2cdf6a034070c"},"breadcrumb":{"@id":"https:\/\/lamostradevalencia.com\/ca\/avelina-prat-vasil-part-duna-historia-real-que-li-va-ocorrer-al-meu-pare\/#breadcrumb"},"inLanguage":"ca","potentialAction":[{"@type":"ReadAction","target":["https:\/\/lamostradevalencia.com\/ca\/avelina-prat-vasil-part-duna-historia-real-que-li-va-ocorrer-al-meu-pare\/"]}]},{"@type":"ImageObject","inLanguage":"ca","@id":"https:\/\/lamostradevalencia.com\/ca\/avelina-prat-vasil-part-duna-historia-real-que-li-va-ocorrer-al-meu-pare\/#primaryimage","url":"https:\/\/lamostradevalencia.com\/wp-content\/uploads\/2022\/10\/vasil-fotocall.jpg","contentUrl":"https:\/\/lamostradevalencia.com\/wp-content\/uploads\/2022\/10\/vasil-fotocall.jpg","width":1324,"height":934},{"@type":"BreadcrumbList","@id":"https:\/\/lamostradevalencia.com\/ca\/avelina-prat-vasil-part-duna-historia-real-que-li-va-ocorrer-al-meu-pare\/#breadcrumb","itemListElement":[{"@type":"ListItem","position":1,"name":"Portada","item":"https:\/\/lamostradevalencia.com\/ca\/"},{"@type":"ListItem","position":2,"name":"Avelina Prat: \u00ab&#8216;Vasil&#8217; part d&#8217;una hist\u00f2ria real que li va oc\u00f3rrer al meu pare\u00bb"}]},{"@type":"WebSite","@id":"https:\/\/lamostradevalencia.com\/ca\/#website","url":"https:\/\/lamostradevalencia.com\/ca\/","name":"Mostra de Val\u00e8ncia","description":"Cinema del Mediterrani","potentialAction":[{"@type":"SearchAction","target":{"@type":"EntryPoint","urlTemplate":"https:\/\/lamostradevalencia.com\/ca\/?s={search_term_string}"},"query-input":{"@type":"PropertyValueSpecification","valueRequired":true,"valueName":"search_term_string"}}],"inLanguage":"ca"},{"@type":"Person","@id":"https:\/\/lamostradevalencia.com\/ca\/#\/schema\/person\/1dc07e4df3d6310b81d2cdf6a034070c","name":"Mostra de Val\u00e8ncia","image":{"@type":"ImageObject","inLanguage":"ca","@id":"https:\/\/secure.gravatar.com\/avatar\/ada4dfd699a9907706987adb1bb2b361c2613ccca474b49b8c648de5208e32f8?s=96&d=mm&r=g","url":"https:\/\/secure.gravatar.com\/avatar\/ada4dfd699a9907706987adb1bb2b361c2613ccca474b49b8c648de5208e32f8?s=96&d=mm&r=g","contentUrl":"https:\/\/secure.gravatar.com\/avatar\/ada4dfd699a9907706987adb1bb2b361c2613ccca474b49b8c648de5208e32f8?s=96&d=mm&r=g","caption":"Mostra de Val\u00e8ncia"}}]}},"uagb_featured_image_src":{"full":["https:\/\/lamostradevalencia.com\/wp-content\/uploads\/2022\/10\/vasil-fotocall.jpg",1324,934,false],"thumbnail":["https:\/\/lamostradevalencia.com\/wp-content\/uploads\/2022\/10\/vasil-fotocall-150x150.jpg",150,150,true],"medium":["https:\/\/lamostradevalencia.com\/wp-content\/uploads\/2022\/10\/vasil-fotocall-300x212.jpg",300,212,true],"medium_large":["https:\/\/lamostradevalencia.com\/wp-content\/uploads\/2022\/10\/vasil-fotocall-768x542.jpg",768,542,true],"large":["https:\/\/lamostradevalencia.com\/wp-content\/uploads\/2022\/10\/vasil-fotocall-1024x722.jpg",1024,722,true],"1536x1536":["https:\/\/lamostradevalencia.com\/wp-content\/uploads\/2022\/10\/vasil-fotocall.jpg",1324,934,false],"2048x2048":["https:\/\/lamostradevalencia.com\/wp-content\/uploads\/2022\/10\/vasil-fotocall.jpg",1324,934,false],"cinerama_edge_image_square":["https:\/\/lamostradevalencia.com\/wp-content\/uploads\/2022\/10\/vasil-fotocall-550x550.jpg",550,550,true],"cinerama_edge_image_landscape":["https:\/\/lamostradevalencia.com\/wp-content\/uploads\/2022\/10\/vasil-fotocall-1100x550.jpg",1100,550,true],"cinerama_edge_image_portrait":["https:\/\/lamostradevalencia.com\/wp-content\/uploads\/2022\/10\/vasil-fotocall-550x934.jpg",550,934,true],"cinerama_edge_image_huge":["https:\/\/lamostradevalencia.com\/wp-content\/uploads\/2022\/10\/vasil-fotocall-1100x934.jpg",1100,934,true],"gform-image-choice-sm":["https:\/\/lamostradevalencia.com\/wp-content\/uploads\/2022\/10\/vasil-fotocall.jpg",300,212,false],"gform-image-choice-md":["https:\/\/lamostradevalencia.com\/wp-content\/uploads\/2022\/10\/vasil-fotocall.jpg",400,282,false],"gform-image-choice-lg":["https:\/\/lamostradevalencia.com\/wp-content\/uploads\/2022\/10\/vasil-fotocall.jpg",600,423,false]},"uagb_author_info":{"display_name":"Mostra de Val\u00e8ncia","author_link":"https:\/\/lamostradevalencia.com\/ca\/author\/mostravalencia\/"},"uagb_comment_info":0,"uagb_excerpt":"La directora valenciana presenta en les Sessions Especials de Mostra de Val\u00e8ncia la seua \u00f2pera prima, protagonitzada per Karra Elejalde, Alexandra Jim\u00e9nez, Susi S\u00e1nchez i [&hellip;]","_links":{"self":[{"href":"https:\/\/lamostradevalencia.com\/ca\/wp-json\/wp\/v2\/posts\/17483","targetHints":{"allow":["GET"]}}],"collection":[{"href":"https:\/\/lamostradevalencia.com\/ca\/wp-json\/wp\/v2\/posts"}],"about":[{"href":"https:\/\/lamostradevalencia.com\/ca\/wp-json\/wp\/v2\/types\/post"}],"author":[{"embeddable":true,"href":"https:\/\/lamostradevalencia.com\/ca\/wp-json\/wp\/v2\/users\/1"}],"replies":[{"embeddable":true,"href":"https:\/\/lamostradevalencia.com\/ca\/wp-json\/wp\/v2\/comments?post=17483"}],"version-history":[{"count":1,"href":"https:\/\/lamostradevalencia.com\/ca\/wp-json\/wp\/v2\/posts\/17483\/revisions"}],"predecessor-version":[{"id":17484,"href":"https:\/\/lamostradevalencia.com\/ca\/wp-json\/wp\/v2\/posts\/17483\/revisions\/17484"}],"wp:featuredmedia":[{"embeddable":true,"href":"https:\/\/lamostradevalencia.com\/ca\/wp-json\/wp\/v2\/media\/17478"}],"wp:attachment":[{"href":"https:\/\/lamostradevalencia.com\/ca\/wp-json\/wp\/v2\/media?parent=17483"}],"wp:term":[{"taxonomy":"category","embeddable":true,"href":"https:\/\/lamostradevalencia.com\/ca\/wp-json\/wp\/v2\/categories?post=17483"},{"taxonomy":"post_tag","embeddable":true,"href":"https:\/\/lamostradevalencia.com\/ca\/wp-json\/wp\/v2\/tags?post=17483"}],"curies":[{"name":"wp","href":"https:\/\/api.w.org\/{rel}","templated":true}]}}