{"id":17461,"date":"2022-10-26T18:09:14","date_gmt":"2022-10-26T16:09:14","guid":{"rendered":"https:\/\/lamostradevalencia.com\/?p=17461"},"modified":"2022-10-26T18:12:19","modified_gmt":"2022-10-26T16:12:19","slug":"damien-manivel-el-viatge-de-maria-magdalena-planteja-la-questio-de-lexili-la-fe-la-contemplacio-i-sobretot-lamor-boig","status":"publish","type":"post","link":"https:\/\/lamostradevalencia.com\/ca\/damien-manivel-el-viatge-de-maria-magdalena-planteja-la-questio-de-lexili-la-fe-la-contemplacio-i-sobretot-lamor-boig\/","title":{"rendered":"Damien Manivel: \u201cEl viatge de Mar\u00eda Magdalena planteja la q\u00fcesti\u00f3 de l&#8217;exili, la fe, la contemplaci\u00f3 i, sobretot, l&#8217;amor boig\u201d"},"content":{"rendered":"<h5>El cineasta franc\u00e9s competeix en la Mostra de Val\u00e8ncia amb \u2018Magdala\u2019, protagonitzada per la ballarina afroamericana Elsa Wolliaston, de 78 anys<\/h5>\n<p style=\"font-weight: 400;\">Despr\u00e9s de la seua estrena a Cannes, \u2018Magdala\u2019 ha arribat hui a la secci\u00f3 oficial de la Mostra de Val\u00e8ncia de la m\u00e0 del seu director, el franc\u00e9s Damien\u00a0Manivel. Una recreaci\u00f3 del personatge b\u00edblic de Mar\u00eda Magdalena que el cineasta capta en l&#8217;oc\u00e0s de la seua vida, retirada del m\u00f3n, vivint en sintonia amb la naturalesa, i rememorant al seu amor perdut, el mateix Jes\u00fas.<\/p>\n<p>La idea d&#8217;abordar la figura de Mar\u00eda Magdalena, ha explicat el director despr\u00e9s del passe\u00a0de la seua pel\u00b7l\u00edcula als Cines Babel, va sorgir quan estava muntant la seua anterior pel\u00b7l\u00edcula\u00a0\u2018Les Enfants d&#8217;Isadora\u2019 en la qual la\u00a0<strong>prestigiosa ballarina, core\u00f2grafa i actriu afroamericana Elsa Wolliaston<\/strong>\u00a0al\u00e7a els ulls al cel: \u201cLi vaig trobar un accent m\u00edstic i em vaig dir que havia de fer una pel\u00b7l\u00edcula amb ella sobre el sagrat. Primer vaig pensar en la figura de la monja per a descobrir despr\u00e9s que era la santa la que m&#8217;interessava. El viatge de Mar\u00eda Magdalena planteja la q\u00fcesti\u00f3 de l&#8217;exili, la fe, la contemplaci\u00f3 m\u00edstica i, sobretot, l&#8217;amor boig\u201d.<\/p>\n<p>Les pintures, poemes i les llegendes de l&#8217;Edat Mitjana van ser fonts d&#8217;inspiraci\u00f3 per a Manivel per a plasmar l&#8217;ess\u00e8ncia de la\u00a0seua protagonista: \u201cHi ha poques representacions d&#8217;una Maria Magdalena anciana. Hi ha, no obstant aix\u00f2, una magn\u00edfica escultura de Donatello, on ella est\u00e0 demacrada, amb les seues robes fetes esquin\u00e7alls. El que em va animar com a cineasta va ser somiar amb el que podria haver ocorregut en eixe\u00a0bosc. Com s&#8217;alimentava, dormia, observava el m\u00f3n al seu voltant i en qu\u00e8 pensava?\u201d. La pel\u00b7l\u00edcula \u00e9s, per tant, \u201cun ensomni sobre la seua ermita i m\u00e9s concretament sobre els \u00faltims dies de la seua vida. Hi ha molt poca documentaci\u00f3 sobre ella. Nom\u00e9s sabem que va passar trenta anys all\u00ed i que quan va morir, els \u00e0ngels la van portar al cel. No \u00e9s molt, aix\u00ed que deixa espai per al meu treball com a cineasta\u201d.<\/p>\n<p>M\u00e9s enll\u00e0 del tema religi\u00f3s, per al cineasta franc\u00e9s Mar\u00eda Magdalena continua sent una figura de plena actualitat:\u00a0<strong>\u201cElla diu no al m\u00f3n, tria acabar els seus dies, sola, en la naturalesa. La seua radicalitat \u00e9s intemporal, podria ser una resposta a l&#8217;\u00e8poca actual. Ella em fascina i m&#8217;inspira en la pr\u00e0ctica del meu art\u201d.<\/strong><\/p>\n<p>En \u2018Magdala\u2019 els records i visions del seu protagonista es representen literalment:\u00a0<strong>\u201cVolia filmar artesanalment i ing\u00e8nuament miracles<\/strong>. He vist quadres on\u00a0els sants ofereixen literalment els seus cors. \u00c9s una imatge tan clara que volia permetre&#8217;m el mateix cinematogr\u00e0ficament. Molt prompte vaig tindre al cap la imatge de la resurrecci\u00f3 de l&#8217;ocell. Vaig veure un ocell xicotet, diminut comparat amb l&#8217;enorme cos d&#8217;Elsa, i vaig pensar que hi havia alguna cosa que es movia en esta\u00a0relaci\u00f3 de proporcions\u201d.<\/p>\n<p>Per a\u00a0Manivel, fer una pel\u00b7l\u00edcula significa tindre almenys dos projectes, \u201cun projecte de superf\u00edcie que ha de ser sentit, personal, i davall d&#8217;esta\u00a0superf\u00edcie, ha d&#8217;haver-hi un segon projecte m\u00e9s secret que mantinga viua\u00a0la meua emoci\u00f3\u201d. En \u2018Magdala\u2019 filma a un personatge b\u00edblic que est\u00e0 vinculat a una her\u00e8ncia i ofereix al mateix temps \u201cuna mort cinematogr\u00e0fica a Elsa Wolliaston\u201d, el seu projecte secret: \u201cHe treballant amb ella durant tretze anys, filmant-la i encara vull filmar-la. El m\u00e9s important per a mi era donar-li un paper principal que fora digne del seu talent i poder. Necessitava donar-li eixe\u00a0regal. I a canvi, ella em va donar un enorme tamb\u00e9\u201d.<\/p>\n<p>Respecte al personatge de Jes\u00fas, el cineasta assegura que va fer un c\u00e0sting i va trobar a\u00a0<strong>Saphir Shraga,<\/strong>\u00a0que immediatament li va impressionar: \u201cNo est\u00e0 molt present en la pel\u00b7l\u00edcula perqu\u00e8 considerava que no havia d&#8217;apar\u00e9ixer molt. I va mantindre una cara, una m\u00e0, un somriure brillant, una veu. Vaig intentar capturar-ho com un home com tu o com jo.\u00a0<strong>Mar\u00eda Magdalena i ell s\u00f3n dues persones de carn i os que que s&#8217;estimen&#8221;.<\/strong>\u00a0En este sentit, era essencial per a mi filmar la petjada del que eren l&#8217;u per a l&#8217;altre entre si en reunir-los per a l&#8217;escena del riu. \u00c9s el record de Mar\u00eda Magdalena, el seu somni.\u00a0Volia filmar la forma en qu\u00e8 es miren l&#8217;u a l&#8217;altre, el contacte sensual de les seues mans mans unides, la simple bellesa dels seus cossos nus a la llum del sol, el silenci abans que un dest\u00ed tr\u00e0gic els separe\u201d..<\/p>\n<p>Respecte a la mort de Mar\u00eda Magdalena, Manivel, ho va fer d&#8217;una manera molt concreta: \u201cPerqu\u00e8 l&#8217;espectador sentira que la mort pot succeir pac\u00edficament, que nom\u00e9s \u00e9s el temps el que passa, que malgrat el dolor, no \u00e9s tan greu. I al mateix temps, volia que esta mort fora grandiosa, brillant i dol\u00e7a. El fet que s&#8217;haja desenvolupat en una cova canvia tot, ens retorna a la pintura\u201d.<\/p>\n<p><strong>En comparaci\u00f3 amb altres directors, Manivel concep l&#8217;escriptura com un proc\u00e9s en curs<\/strong>: \u201cJo ja tinc imatges al meu cap perqu\u00e8 he estat preparant el rodatge durant molts mesos, per\u00f2 el meu plaer com a director \u00e9s arribar al lloc de rodatge sense saber el que far\u00e9, descobrir, per exemple, un arbre amb una forma particular, mostrar-lo a l&#8217;equip i crear una escena amb eixe\u00a0arbre en eixe\u00a0moment. S\u00e9 per experi\u00e8ncia que el que em sorpr\u00e9n sempre m&#8217;agrada m\u00e9s que el que he escrit. escrit. Si un detall, una llum o un gest accidental em crida l&#8217;atenci\u00f3, va modificar l&#8217;escena per a integrar-lo. Tot s&#8217;inventa constantment, en el present\u201d.<\/p>\n<p><strong>Enfront de les possibles reaccions dels creients, el cineasta assegura que amb aquesta pel\u00b7l\u00edcula intenta aconseguir una sensibilitat lligada a coses molt simples, molt materials, com el cos, la vellesa, el sofriment, i tamb\u00e9 a q\u00fcestions m\u00e9s interiors, com l&#8217;espiritualitat, la soledat, l&#8217;exili, el duel, l&#8217;amor apassiona<\/strong>t: \u201cNo s\u00e9 si soc creient no em plantege la q\u00fcesti\u00f3 d&#8217;esta\u00a0manera, per\u00f2 estic conven\u00e7ut de la pres\u00e8ncia de Mar\u00eda Magdalena i del fet que, a trav\u00e9s d&#8217;Elsa, he intentat captar una part d&#8217;esta pres\u00e8ncia. \u00c9s el que va fer Donatello en la seua escultura. El que fa Rilke quan escriu un poema. Intentem captar coses. Hi ha un esperit, aix\u00f2 \u00e9s segur, i pot ser captat per la fotografia, per la pintura, per un poema o una pel\u00b7l\u00edcula.<\/p>\n<p>La 37a Mostra de Val\u00e8ncia \u2013 Cinema del Mediterrani, que se celebra fins al 30 d&#8217;octubre, compta amb la col\u00b7laboraci\u00f3 de l\u00b4Institut Valenci\u00e0 de Cultura (IVC), Rambleta, Val\u00e8ncia Film Office, Barreira Arte +\u00a0Dise\u00f1o\u00a0i \u00c0 Punt M\u00e8dia com a mitj\u00e0 oficial.<\/p>\n<p style=\"font-weight: 400; text-align: center;\"><strong>Pr\u00f2xims passes\u00a0de \u2018Magdala\u2019<br \/>\nDijous 27 a les 18.00<br \/>\nDivendres 28 a les 18:00h<\/strong><\/p>\n","protected":false},"excerpt":{"rendered":"<p>El cineasta franc\u00e9s competeix en la Mostra de Val\u00e8ncia amb \u2018Magdala\u2019, protagonitzada per la ballarina afroamericana Elsa Wolliaston, de 78 anys Despr\u00e9s de la seua [&hellip;]<\/p>\n","protected":false},"author":1,"featured_media":17466,"comment_status":"open","ping_status":"open","sticky":false,"template":"","format":"standard","meta":{"_uag_custom_page_level_css":"","_jet_sm_ready_style":"","_jet_sm_style":"","_jet_sm_controls_values":"","_jet_sm_fonts_collection":"","_jet_sm_fonts_links":"","footnotes":""},"categories":[455],"tags":[],"class_list":["post-17461","post","type-post","status-publish","format-standard","has-post-thumbnail","hentry","category-noticies"],"yoast_head":"<!-- This site is optimized with the Yoast SEO plugin v27.5 - https:\/\/yoast.com\/product\/yoast-seo-wordpress\/ -->\n<title>Damien Manivel: \u201cEl viatge de Mar\u00eda Magdalena planteja la q\u00fcesti\u00f3 de l&#039;exili, la fe, la contemplaci\u00f3 i, sobretot, l&#039;amor boig\u201d - Mostra de Val\u00e8ncia<\/title>\n<meta name=\"robots\" content=\"index, follow, max-snippet:-1, max-image-preview:large, max-video-preview:-1\" \/>\n<link rel=\"canonical\" href=\"https:\/\/lamostradevalencia.com\/ca\/damien-manivel-el-viatge-de-maria-magdalena-planteja-la-questio-de-lexili-la-fe-la-contemplacio-i-sobretot-lamor-boig\/\" \/>\n<meta property=\"og:locale\" content=\"ca_ES\" \/>\n<meta property=\"og:type\" content=\"article\" \/>\n<meta property=\"og:title\" content=\"Damien Manivel: \u201cEl viatge de Mar\u00eda Magdalena planteja la q\u00fcesti\u00f3 de l&#039;exili, la fe, la contemplaci\u00f3 i, sobretot, l&#039;amor boig\u201d - Mostra de Val\u00e8ncia\" \/>\n<meta property=\"og:description\" content=\"El cineasta franc\u00e9s competeix en la Mostra de Val\u00e8ncia amb \u2018Magdala\u2019, protagonitzada per la ballarina afroamericana Elsa Wolliaston, de 78 anys Despr\u00e9s de la seua [&hellip;]\" \/>\n<meta property=\"og:url\" content=\"https:\/\/lamostradevalencia.com\/ca\/damien-manivel-el-viatge-de-maria-magdalena-planteja-la-questio-de-lexili-la-fe-la-contemplacio-i-sobretot-lamor-boig\/\" \/>\n<meta property=\"og:site_name\" content=\"Mostra de Val\u00e8ncia\" \/>\n<meta property=\"article:published_time\" content=\"2022-10-26T16:09:14+00:00\" \/>\n<meta property=\"article:modified_time\" content=\"2022-10-26T16:12:19+00:00\" \/>\n<meta property=\"og:image\" content=\"https:\/\/lamostradevalencia.com\/wp-content\/uploads\/2022\/10\/damien-manivel.jpg\" \/>\n\t<meta property=\"og:image:width\" content=\"1103\" \/>\n\t<meta property=\"og:image:height\" content=\"729\" \/>\n\t<meta property=\"og:image:type\" content=\"image\/jpeg\" \/>\n<meta name=\"author\" content=\"Mostra de Val\u00e8ncia\" \/>\n<meta name=\"twitter:card\" content=\"summary_large_image\" \/>\n<meta name=\"twitter:label1\" content=\"Escrit per\" \/>\n\t<meta name=\"twitter:data1\" content=\"Mostra de Val\u00e8ncia\" \/>\n\t<meta name=\"twitter:label2\" content=\"Temps estimat de lectura\" \/>\n\t<meta name=\"twitter:data2\" content=\"6 minuts\" \/>\n<script type=\"application\/ld+json\" class=\"yoast-schema-graph\">{\"@context\":\"https:\\\/\\\/schema.org\",\"@graph\":[{\"@type\":\"Article\",\"@id\":\"https:\\\/\\\/lamostradevalencia.com\\\/ca\\\/damien-manivel-el-viatge-de-maria-magdalena-planteja-la-questio-de-lexili-la-fe-la-contemplacio-i-sobretot-lamor-boig\\\/#article\",\"isPartOf\":{\"@id\":\"https:\\\/\\\/lamostradevalencia.com\\\/ca\\\/damien-manivel-el-viatge-de-maria-magdalena-planteja-la-questio-de-lexili-la-fe-la-contemplacio-i-sobretot-lamor-boig\\\/\"},\"author\":{\"name\":\"Mostra de Val\u00e8ncia\",\"@id\":\"https:\\\/\\\/lamostradevalencia.com\\\/ca\\\/#\\\/schema\\\/person\\\/1dc07e4df3d6310b81d2cdf6a034070c\"},\"headline\":\"Damien Manivel: \u201cEl viatge de Mar\u00eda Magdalena planteja la q\u00fcesti\u00f3 de l&#8217;exili, la fe, la contemplaci\u00f3 i, sobretot, l&#8217;amor boig\u201d\",\"datePublished\":\"2022-10-26T16:09:14+00:00\",\"dateModified\":\"2022-10-26T16:12:19+00:00\",\"mainEntityOfPage\":{\"@id\":\"https:\\\/\\\/lamostradevalencia.com\\\/ca\\\/damien-manivel-el-viatge-de-maria-magdalena-planteja-la-questio-de-lexili-la-fe-la-contemplacio-i-sobretot-lamor-boig\\\/\"},\"wordCount\":1248,\"commentCount\":0,\"image\":{\"@id\":\"https:\\\/\\\/lamostradevalencia.com\\\/ca\\\/damien-manivel-el-viatge-de-maria-magdalena-planteja-la-questio-de-lexili-la-fe-la-contemplacio-i-sobretot-lamor-boig\\\/#primaryimage\"},\"thumbnailUrl\":\"https:\\\/\\\/lamostradevalencia.com\\\/wp-content\\\/uploads\\\/2022\\\/10\\\/damien-manivel.jpg\",\"articleSection\":[\"Noticies\"],\"inLanguage\":\"ca\",\"potentialAction\":[{\"@type\":\"CommentAction\",\"name\":\"Comment\",\"target\":[\"https:\\\/\\\/lamostradevalencia.com\\\/ca\\\/damien-manivel-el-viatge-de-maria-magdalena-planteja-la-questio-de-lexili-la-fe-la-contemplacio-i-sobretot-lamor-boig\\\/#respond\"]}]},{\"@type\":\"WebPage\",\"@id\":\"https:\\\/\\\/lamostradevalencia.com\\\/ca\\\/damien-manivel-el-viatge-de-maria-magdalena-planteja-la-questio-de-lexili-la-fe-la-contemplacio-i-sobretot-lamor-boig\\\/\",\"url\":\"https:\\\/\\\/lamostradevalencia.com\\\/ca\\\/damien-manivel-el-viatge-de-maria-magdalena-planteja-la-questio-de-lexili-la-fe-la-contemplacio-i-sobretot-lamor-boig\\\/\",\"name\":\"Damien Manivel: \u201cEl viatge de Mar\u00eda Magdalena planteja la q\u00fcesti\u00f3 de l'exili, la fe, la contemplaci\u00f3 i, sobretot, l'amor boig\u201d - Mostra de Val\u00e8ncia\",\"isPartOf\":{\"@id\":\"https:\\\/\\\/lamostradevalencia.com\\\/ca\\\/#website\"},\"primaryImageOfPage\":{\"@id\":\"https:\\\/\\\/lamostradevalencia.com\\\/ca\\\/damien-manivel-el-viatge-de-maria-magdalena-planteja-la-questio-de-lexili-la-fe-la-contemplacio-i-sobretot-lamor-boig\\\/#primaryimage\"},\"image\":{\"@id\":\"https:\\\/\\\/lamostradevalencia.com\\\/ca\\\/damien-manivel-el-viatge-de-maria-magdalena-planteja-la-questio-de-lexili-la-fe-la-contemplacio-i-sobretot-lamor-boig\\\/#primaryimage\"},\"thumbnailUrl\":\"https:\\\/\\\/lamostradevalencia.com\\\/wp-content\\\/uploads\\\/2022\\\/10\\\/damien-manivel.jpg\",\"datePublished\":\"2022-10-26T16:09:14+00:00\",\"dateModified\":\"2022-10-26T16:12:19+00:00\",\"author\":{\"@id\":\"https:\\\/\\\/lamostradevalencia.com\\\/ca\\\/#\\\/schema\\\/person\\\/1dc07e4df3d6310b81d2cdf6a034070c\"},\"breadcrumb\":{\"@id\":\"https:\\\/\\\/lamostradevalencia.com\\\/ca\\\/damien-manivel-el-viatge-de-maria-magdalena-planteja-la-questio-de-lexili-la-fe-la-contemplacio-i-sobretot-lamor-boig\\\/#breadcrumb\"},\"inLanguage\":\"ca\",\"potentialAction\":[{\"@type\":\"ReadAction\",\"target\":[\"https:\\\/\\\/lamostradevalencia.com\\\/ca\\\/damien-manivel-el-viatge-de-maria-magdalena-planteja-la-questio-de-lexili-la-fe-la-contemplacio-i-sobretot-lamor-boig\\\/\"]}]},{\"@type\":\"ImageObject\",\"inLanguage\":\"ca\",\"@id\":\"https:\\\/\\\/lamostradevalencia.com\\\/ca\\\/damien-manivel-el-viatge-de-maria-magdalena-planteja-la-questio-de-lexili-la-fe-la-contemplacio-i-sobretot-lamor-boig\\\/#primaryimage\",\"url\":\"https:\\\/\\\/lamostradevalencia.com\\\/wp-content\\\/uploads\\\/2022\\\/10\\\/damien-manivel.jpg\",\"contentUrl\":\"https:\\\/\\\/lamostradevalencia.com\\\/wp-content\\\/uploads\\\/2022\\\/10\\\/damien-manivel.jpg\",\"width\":1103,\"height\":729},{\"@type\":\"BreadcrumbList\",\"@id\":\"https:\\\/\\\/lamostradevalencia.com\\\/ca\\\/damien-manivel-el-viatge-de-maria-magdalena-planteja-la-questio-de-lexili-la-fe-la-contemplacio-i-sobretot-lamor-boig\\\/#breadcrumb\",\"itemListElement\":[{\"@type\":\"ListItem\",\"position\":1,\"name\":\"Portada\",\"item\":\"https:\\\/\\\/lamostradevalencia.com\\\/ca\\\/\"},{\"@type\":\"ListItem\",\"position\":2,\"name\":\"Damien Manivel: \u201cEl viatge de Mar\u00eda Magdalena planteja la q\u00fcesti\u00f3 de l&#8217;exili, la fe, la contemplaci\u00f3 i, sobretot, l&#8217;amor boig\u201d\"}]},{\"@type\":\"WebSite\",\"@id\":\"https:\\\/\\\/lamostradevalencia.com\\\/ca\\\/#website\",\"url\":\"https:\\\/\\\/lamostradevalencia.com\\\/ca\\\/\",\"name\":\"Mostra de Val\u00e8ncia\",\"description\":\"Cinema del Mediterrani\",\"potentialAction\":[{\"@type\":\"SearchAction\",\"target\":{\"@type\":\"EntryPoint\",\"urlTemplate\":\"https:\\\/\\\/lamostradevalencia.com\\\/ca\\\/?s={search_term_string}\"},\"query-input\":{\"@type\":\"PropertyValueSpecification\",\"valueRequired\":true,\"valueName\":\"search_term_string\"}}],\"inLanguage\":\"ca\"},{\"@type\":\"Person\",\"@id\":\"https:\\\/\\\/lamostradevalencia.com\\\/ca\\\/#\\\/schema\\\/person\\\/1dc07e4df3d6310b81d2cdf6a034070c\",\"name\":\"Mostra de Val\u00e8ncia\",\"image\":{\"@type\":\"ImageObject\",\"inLanguage\":\"ca\",\"@id\":\"https:\\\/\\\/secure.gravatar.com\\\/avatar\\\/ada4dfd699a9907706987adb1bb2b361c2613ccca474b49b8c648de5208e32f8?s=96&d=mm&r=g\",\"url\":\"https:\\\/\\\/secure.gravatar.com\\\/avatar\\\/ada4dfd699a9907706987adb1bb2b361c2613ccca474b49b8c648de5208e32f8?s=96&d=mm&r=g\",\"contentUrl\":\"https:\\\/\\\/secure.gravatar.com\\\/avatar\\\/ada4dfd699a9907706987adb1bb2b361c2613ccca474b49b8c648de5208e32f8?s=96&d=mm&r=g\",\"caption\":\"Mostra de Val\u00e8ncia\"}}]}<\/script>\n<!-- \/ Yoast SEO plugin. -->","yoast_head_json":{"title":"Damien Manivel: \u201cEl viatge de Mar\u00eda Magdalena planteja la q\u00fcesti\u00f3 de l'exili, la fe, la contemplaci\u00f3 i, sobretot, l'amor boig\u201d - Mostra de Val\u00e8ncia","robots":{"index":"index","follow":"follow","max-snippet":"max-snippet:-1","max-image-preview":"max-image-preview:large","max-video-preview":"max-video-preview:-1"},"canonical":"https:\/\/lamostradevalencia.com\/ca\/damien-manivel-el-viatge-de-maria-magdalena-planteja-la-questio-de-lexili-la-fe-la-contemplacio-i-sobretot-lamor-boig\/","og_locale":"ca_ES","og_type":"article","og_title":"Damien Manivel: \u201cEl viatge de Mar\u00eda Magdalena planteja la q\u00fcesti\u00f3 de l'exili, la fe, la contemplaci\u00f3 i, sobretot, l'amor boig\u201d - Mostra de Val\u00e8ncia","og_description":"El cineasta franc\u00e9s competeix en la Mostra de Val\u00e8ncia amb \u2018Magdala\u2019, protagonitzada per la ballarina afroamericana Elsa Wolliaston, de 78 anys Despr\u00e9s de la seua [&hellip;]","og_url":"https:\/\/lamostradevalencia.com\/ca\/damien-manivel-el-viatge-de-maria-magdalena-planteja-la-questio-de-lexili-la-fe-la-contemplacio-i-sobretot-lamor-boig\/","og_site_name":"Mostra de Val\u00e8ncia","article_published_time":"2022-10-26T16:09:14+00:00","article_modified_time":"2022-10-26T16:12:19+00:00","og_image":[{"width":1103,"height":729,"url":"https:\/\/lamostradevalencia.com\/wp-content\/uploads\/2022\/10\/damien-manivel.jpg","type":"image\/jpeg"}],"author":"Mostra de Val\u00e8ncia","twitter_card":"summary_large_image","twitter_misc":{"Escrit per":"Mostra de Val\u00e8ncia","Temps estimat de lectura":"6 minuts"},"schema":{"@context":"https:\/\/schema.org","@graph":[{"@type":"Article","@id":"https:\/\/lamostradevalencia.com\/ca\/damien-manivel-el-viatge-de-maria-magdalena-planteja-la-questio-de-lexili-la-fe-la-contemplacio-i-sobretot-lamor-boig\/#article","isPartOf":{"@id":"https:\/\/lamostradevalencia.com\/ca\/damien-manivel-el-viatge-de-maria-magdalena-planteja-la-questio-de-lexili-la-fe-la-contemplacio-i-sobretot-lamor-boig\/"},"author":{"name":"Mostra de Val\u00e8ncia","@id":"https:\/\/lamostradevalencia.com\/ca\/#\/schema\/person\/1dc07e4df3d6310b81d2cdf6a034070c"},"headline":"Damien Manivel: \u201cEl viatge de Mar\u00eda Magdalena planteja la q\u00fcesti\u00f3 de l&#8217;exili, la fe, la contemplaci\u00f3 i, sobretot, l&#8217;amor boig\u201d","datePublished":"2022-10-26T16:09:14+00:00","dateModified":"2022-10-26T16:12:19+00:00","mainEntityOfPage":{"@id":"https:\/\/lamostradevalencia.com\/ca\/damien-manivel-el-viatge-de-maria-magdalena-planteja-la-questio-de-lexili-la-fe-la-contemplacio-i-sobretot-lamor-boig\/"},"wordCount":1248,"commentCount":0,"image":{"@id":"https:\/\/lamostradevalencia.com\/ca\/damien-manivel-el-viatge-de-maria-magdalena-planteja-la-questio-de-lexili-la-fe-la-contemplacio-i-sobretot-lamor-boig\/#primaryimage"},"thumbnailUrl":"https:\/\/lamostradevalencia.com\/wp-content\/uploads\/2022\/10\/damien-manivel.jpg","articleSection":["Noticies"],"inLanguage":"ca","potentialAction":[{"@type":"CommentAction","name":"Comment","target":["https:\/\/lamostradevalencia.com\/ca\/damien-manivel-el-viatge-de-maria-magdalena-planteja-la-questio-de-lexili-la-fe-la-contemplacio-i-sobretot-lamor-boig\/#respond"]}]},{"@type":"WebPage","@id":"https:\/\/lamostradevalencia.com\/ca\/damien-manivel-el-viatge-de-maria-magdalena-planteja-la-questio-de-lexili-la-fe-la-contemplacio-i-sobretot-lamor-boig\/","url":"https:\/\/lamostradevalencia.com\/ca\/damien-manivel-el-viatge-de-maria-magdalena-planteja-la-questio-de-lexili-la-fe-la-contemplacio-i-sobretot-lamor-boig\/","name":"Damien Manivel: \u201cEl viatge de Mar\u00eda Magdalena planteja la q\u00fcesti\u00f3 de l'exili, la fe, la contemplaci\u00f3 i, sobretot, l'amor boig\u201d - Mostra de Val\u00e8ncia","isPartOf":{"@id":"https:\/\/lamostradevalencia.com\/ca\/#website"},"primaryImageOfPage":{"@id":"https:\/\/lamostradevalencia.com\/ca\/damien-manivel-el-viatge-de-maria-magdalena-planteja-la-questio-de-lexili-la-fe-la-contemplacio-i-sobretot-lamor-boig\/#primaryimage"},"image":{"@id":"https:\/\/lamostradevalencia.com\/ca\/damien-manivel-el-viatge-de-maria-magdalena-planteja-la-questio-de-lexili-la-fe-la-contemplacio-i-sobretot-lamor-boig\/#primaryimage"},"thumbnailUrl":"https:\/\/lamostradevalencia.com\/wp-content\/uploads\/2022\/10\/damien-manivel.jpg","datePublished":"2022-10-26T16:09:14+00:00","dateModified":"2022-10-26T16:12:19+00:00","author":{"@id":"https:\/\/lamostradevalencia.com\/ca\/#\/schema\/person\/1dc07e4df3d6310b81d2cdf6a034070c"},"breadcrumb":{"@id":"https:\/\/lamostradevalencia.com\/ca\/damien-manivel-el-viatge-de-maria-magdalena-planteja-la-questio-de-lexili-la-fe-la-contemplacio-i-sobretot-lamor-boig\/#breadcrumb"},"inLanguage":"ca","potentialAction":[{"@type":"ReadAction","target":["https:\/\/lamostradevalencia.com\/ca\/damien-manivel-el-viatge-de-maria-magdalena-planteja-la-questio-de-lexili-la-fe-la-contemplacio-i-sobretot-lamor-boig\/"]}]},{"@type":"ImageObject","inLanguage":"ca","@id":"https:\/\/lamostradevalencia.com\/ca\/damien-manivel-el-viatge-de-maria-magdalena-planteja-la-questio-de-lexili-la-fe-la-contemplacio-i-sobretot-lamor-boig\/#primaryimage","url":"https:\/\/lamostradevalencia.com\/wp-content\/uploads\/2022\/10\/damien-manivel.jpg","contentUrl":"https:\/\/lamostradevalencia.com\/wp-content\/uploads\/2022\/10\/damien-manivel.jpg","width":1103,"height":729},{"@type":"BreadcrumbList","@id":"https:\/\/lamostradevalencia.com\/ca\/damien-manivel-el-viatge-de-maria-magdalena-planteja-la-questio-de-lexili-la-fe-la-contemplacio-i-sobretot-lamor-boig\/#breadcrumb","itemListElement":[{"@type":"ListItem","position":1,"name":"Portada","item":"https:\/\/lamostradevalencia.com\/ca\/"},{"@type":"ListItem","position":2,"name":"Damien Manivel: \u201cEl viatge de Mar\u00eda Magdalena planteja la q\u00fcesti\u00f3 de l&#8217;exili, la fe, la contemplaci\u00f3 i, sobretot, l&#8217;amor boig\u201d"}]},{"@type":"WebSite","@id":"https:\/\/lamostradevalencia.com\/ca\/#website","url":"https:\/\/lamostradevalencia.com\/ca\/","name":"Mostra de Val\u00e8ncia","description":"Cinema del Mediterrani","potentialAction":[{"@type":"SearchAction","target":{"@type":"EntryPoint","urlTemplate":"https:\/\/lamostradevalencia.com\/ca\/?s={search_term_string}"},"query-input":{"@type":"PropertyValueSpecification","valueRequired":true,"valueName":"search_term_string"}}],"inLanguage":"ca"},{"@type":"Person","@id":"https:\/\/lamostradevalencia.com\/ca\/#\/schema\/person\/1dc07e4df3d6310b81d2cdf6a034070c","name":"Mostra de Val\u00e8ncia","image":{"@type":"ImageObject","inLanguage":"ca","@id":"https:\/\/secure.gravatar.com\/avatar\/ada4dfd699a9907706987adb1bb2b361c2613ccca474b49b8c648de5208e32f8?s=96&d=mm&r=g","url":"https:\/\/secure.gravatar.com\/avatar\/ada4dfd699a9907706987adb1bb2b361c2613ccca474b49b8c648de5208e32f8?s=96&d=mm&r=g","contentUrl":"https:\/\/secure.gravatar.com\/avatar\/ada4dfd699a9907706987adb1bb2b361c2613ccca474b49b8c648de5208e32f8?s=96&d=mm&r=g","caption":"Mostra de Val\u00e8ncia"}}]}},"uagb_featured_image_src":{"full":["https:\/\/lamostradevalencia.com\/wp-content\/uploads\/2022\/10\/damien-manivel.jpg",1103,729,false],"thumbnail":["https:\/\/lamostradevalencia.com\/wp-content\/uploads\/2022\/10\/damien-manivel-150x150.jpg",150,150,true],"medium":["https:\/\/lamostradevalencia.com\/wp-content\/uploads\/2022\/10\/damien-manivel-300x198.jpg",300,198,true],"medium_large":["https:\/\/lamostradevalencia.com\/wp-content\/uploads\/2022\/10\/damien-manivel-768x508.jpg",768,508,true],"large":["https:\/\/lamostradevalencia.com\/wp-content\/uploads\/2022\/10\/damien-manivel-1024x677.jpg",1024,677,true],"1536x1536":["https:\/\/lamostradevalencia.com\/wp-content\/uploads\/2022\/10\/damien-manivel.jpg",1103,729,false],"2048x2048":["https:\/\/lamostradevalencia.com\/wp-content\/uploads\/2022\/10\/damien-manivel.jpg",1103,729,false],"cinerama_edge_image_square":["https:\/\/lamostradevalencia.com\/wp-content\/uploads\/2022\/10\/damien-manivel-550x550.jpg",550,550,true],"cinerama_edge_image_landscape":["https:\/\/lamostradevalencia.com\/wp-content\/uploads\/2022\/10\/damien-manivel-1100x550.jpg",1100,550,true],"cinerama_edge_image_portrait":["https:\/\/lamostradevalencia.com\/wp-content\/uploads\/2022\/10\/damien-manivel-550x729.jpg",550,729,true],"cinerama_edge_image_huge":["https:\/\/lamostradevalencia.com\/wp-content\/uploads\/2022\/10\/damien-manivel-1100x729.jpg",1100,729,true],"gform-image-choice-sm":["https:\/\/lamostradevalencia.com\/wp-content\/uploads\/2022\/10\/damien-manivel.jpg",300,198,false],"gform-image-choice-md":["https:\/\/lamostradevalencia.com\/wp-content\/uploads\/2022\/10\/damien-manivel.jpg",400,264,false],"gform-image-choice-lg":["https:\/\/lamostradevalencia.com\/wp-content\/uploads\/2022\/10\/damien-manivel.jpg",600,397,false]},"uagb_author_info":{"display_name":"Mostra de Val\u00e8ncia","author_link":"https:\/\/lamostradevalencia.com\/ca\/author\/mostravalencia\/"},"uagb_comment_info":0,"uagb_excerpt":"El cineasta franc\u00e9s competeix en la Mostra de Val\u00e8ncia amb \u2018Magdala\u2019, protagonitzada per la ballarina afroamericana Elsa Wolliaston, de 78 anys Despr\u00e9s de la seua [&hellip;]","_links":{"self":[{"href":"https:\/\/lamostradevalencia.com\/ca\/wp-json\/wp\/v2\/posts\/17461","targetHints":{"allow":["GET"]}}],"collection":[{"href":"https:\/\/lamostradevalencia.com\/ca\/wp-json\/wp\/v2\/posts"}],"about":[{"href":"https:\/\/lamostradevalencia.com\/ca\/wp-json\/wp\/v2\/types\/post"}],"author":[{"embeddable":true,"href":"https:\/\/lamostradevalencia.com\/ca\/wp-json\/wp\/v2\/users\/1"}],"replies":[{"embeddable":true,"href":"https:\/\/lamostradevalencia.com\/ca\/wp-json\/wp\/v2\/comments?post=17461"}],"version-history":[{"count":2,"href":"https:\/\/lamostradevalencia.com\/ca\/wp-json\/wp\/v2\/posts\/17461\/revisions"}],"predecessor-version":[{"id":17471,"href":"https:\/\/lamostradevalencia.com\/ca\/wp-json\/wp\/v2\/posts\/17461\/revisions\/17471"}],"wp:featuredmedia":[{"embeddable":true,"href":"https:\/\/lamostradevalencia.com\/ca\/wp-json\/wp\/v2\/media\/17466"}],"wp:attachment":[{"href":"https:\/\/lamostradevalencia.com\/ca\/wp-json\/wp\/v2\/media?parent=17461"}],"wp:term":[{"taxonomy":"category","embeddable":true,"href":"https:\/\/lamostradevalencia.com\/ca\/wp-json\/wp\/v2\/categories?post=17461"},{"taxonomy":"post_tag","embeddable":true,"href":"https:\/\/lamostradevalencia.com\/ca\/wp-json\/wp\/v2\/tags?post=17461"}],"curies":[{"name":"wp","href":"https:\/\/api.w.org\/{rel}","templated":true}]}}