{"id":17454,"date":"2022-10-26T14:03:30","date_gmt":"2022-10-26T12:03:30","guid":{"rendered":"https:\/\/lamostradevalencia.com\/?p=17454"},"modified":"2022-10-26T18:11:07","modified_gmt":"2022-10-26T16:11:07","slug":"mostra-de-valencia-augmenta-el-pressupost-per-a-2023","status":"publish","type":"post","link":"https:\/\/lamostradevalencia.com\/ca\/mostra-de-valencia-augmenta-el-pressupost-per-a-2023\/","title":{"rendered":"Mostra de Val\u00e8ncia augmenta el pressupost per a 2023"},"content":{"rendered":"<h5><strong>El festival de cine, que s&#8217;est\u00e0 celebrant estos dies a Val\u00e8ncia, comptar\u00e0 amb un 1,32% m\u00e9s de recursos econ\u00f2mics per a la seua pr\u00f2xima edici\u00f3<\/strong><\/h5>\n<p>Mostra de Val\u00e8ncia-Cinema del Mediterrani comptar\u00e0 per a la seua edici\u00f3 2023 amb un\u00a0<strong>pressupost total de 619.089,53\u20ac, un 1,32% m\u00e9s que en 2022<\/strong>. \u00c9s la xifra aprovada hui pel consell rector de l&#8217;Organisme Aut\u00f2nom Municipal a c\u00e0rrec de la celebraci\u00f3n del festival.<\/p>\n<p>L&#8217;increment pressupostari ve donat per un added en les seues principales fonts d&#8217;ingressos: la transfer\u00e8ncia corrent de\u00a0<strong>l&#8217;Ajuntament de Val\u00e8ncia,<\/strong>\u00a0que puja 2.331,43\u20ac, les ajudes concurrents d&#8217;altres entitats com ara\u00a0<strong>l&#8217;ICAA<\/strong>\u00a0<strong>(Instituto de la Cinematograf\u00eda y las Artes Audiovisuale<\/strong>s) i\u00a0<strong>l&#8217;IVC<\/strong>\u00a0(<strong>Institut Valenci\u00e0 de Cultura<\/strong>) , que s&#8217;augmenten en 1.000\u20ac, i els ingressos propis que el festival obt\u00e9 fonamentalment per entrades i patrocinis, on es preveu a increment of 4.757,10\u20ac .<\/p>\n<p>Amb la dotaci\u00f3 aprovada per a 2023 la Mostra consolidar\u00e0 en la seua 38a edici\u00f3\u00a0<strong>un model de festival que ha crescut de forma molt significativa en l&#8217;\u00faltim any amb la creaci\u00f3 d&#8217;un\u00a0<\/strong>f<strong>\u00f2rum internacional de coproducci\u00f3, el Val\u00e8ncia Film Afers<\/strong>, i l&#8217; aumentar dels premis de les pel\u00b7l\u00edcules a competici\u00f3, 65.000\u20ac en total.\u00a0Sense oblidar les seues principales l\u00ednies d&#8217;acci\u00f3, basades en la power d&#8217;una programation international capitanejada per les seccions Oficial i Informativa, compostes en exclusiva per pel\u00b7l\u00edcules mediterr\u00e0nies in\u00e8dites a Espanya;\u00a0en la presencia de cifras de l&#8217;\u00e0mbit cinematogr\u00e0fic mundial per acostar-les a ciutadania, premsa i profesionales del sector;en l&#8217;oferta de actividades complementarias que enriquecen el programa global, i en la publicaci\u00f3n de obras divulgativas sobre cine mediterr\u00e1neo.<\/p>\n<p>L&#8217;organisme, que estrenar\u00e0 a finals d&#8217;any una<strong>\u00a0nova seu a les depend\u00e8ncies municipals d&#8217;Aben Al-Abbar,<\/strong>\u00a0t\u00e9 previst aix\u00ed mateix refor\u00e7ar la seua \u00e0rea de personal amb la creaci\u00f3 d&#8217;una nova pla\u00e7a d&#8217;economista.<\/p>\n<p><strong>Per a Gloria Tello, presidenta de Mostra de Val\u00e8ncia, el pressupost aprovat suposa &#8220;una confirmaci\u00f3 de l&#8217;aposta que l&#8217;Ajuntament de Val\u00e8ncia per un festival que es va a recuperar en 2018 i que demostra any rere any la seua import\u00e0ncia com a cita cinematogr\u00e0fica de refer\u00e8ncia de la ciutat<\/strong>, tal com es pot comprovar estos mateixos dies, quan s&#8217;est\u00e0 celebrant la 37a edici\u00f3, amb gran aflu\u00e8ncia de p\u00fablic i mitjans&#8221;.<\/p>\n","protected":false},"excerpt":{"rendered":"<p>El festival de cine, que s&#8217;est\u00e0 celebrant estos dies a Val\u00e8ncia, comptar\u00e0 amb un 1,32% m\u00e9s de recursos econ\u00f2mics per a la seua pr\u00f2xima edici\u00f3 [&hellip;]<\/p>\n","protected":false},"author":1,"featured_media":17455,"comment_status":"open","ping_status":"open","sticky":false,"template":"","format":"standard","meta":{"_uag_custom_page_level_css":"","_jet_sm_ready_style":"","_jet_sm_style":"","_jet_sm_controls_values":"","_jet_sm_fonts_collection":"","_jet_sm_fonts_links":"","footnotes":""},"categories":[455],"tags":[],"class_list":["post-17454","post","type-post","status-publish","format-standard","has-post-thumbnail","hentry","category-noticies"],"yoast_head":"<!-- This site is optimized with the Yoast SEO plugin v27.5 - https:\/\/yoast.com\/product\/yoast-seo-wordpress\/ -->\n<title>Mostra de Val\u00e8ncia augmenta el pressupost per a 2023 - Mostra de Val\u00e8ncia<\/title>\n<meta name=\"robots\" content=\"index, follow, max-snippet:-1, max-image-preview:large, max-video-preview:-1\" \/>\n<link rel=\"canonical\" href=\"https:\/\/lamostradevalencia.com\/ca\/mostra-de-valencia-augmenta-el-pressupost-per-a-2023\/\" \/>\n<meta property=\"og:locale\" content=\"ca_ES\" \/>\n<meta property=\"og:type\" content=\"article\" \/>\n<meta property=\"og:title\" content=\"Mostra de Val\u00e8ncia augmenta el pressupost per a 2023 - Mostra de Val\u00e8ncia\" \/>\n<meta property=\"og:description\" content=\"El festival de cine, que s&#8217;est\u00e0 celebrant estos dies a Val\u00e8ncia, comptar\u00e0 amb un 1,32% m\u00e9s de recursos econ\u00f2mics per a la seua pr\u00f2xima edici\u00f3 [&hellip;]\" \/>\n<meta property=\"og:url\" content=\"https:\/\/lamostradevalencia.com\/ca\/mostra-de-valencia-augmenta-el-pressupost-per-a-2023\/\" \/>\n<meta property=\"og:site_name\" content=\"Mostra de Val\u00e8ncia\" \/>\n<meta property=\"article:published_time\" content=\"2022-10-26T12:03:30+00:00\" \/>\n<meta property=\"article:modified_time\" content=\"2022-10-26T16:11:07+00:00\" \/>\n<meta property=\"og:image\" content=\"https:\/\/lamostradevalencia.com\/wp-content\/uploads\/2022\/10\/mostra-inauguracio-1.jpg\" \/>\n\t<meta property=\"og:image:width\" content=\"1128\" \/>\n\t<meta property=\"og:image:height\" content=\"774\" \/>\n\t<meta property=\"og:image:type\" content=\"image\/jpeg\" \/>\n<meta name=\"author\" content=\"Mostra de Val\u00e8ncia\" \/>\n<meta name=\"twitter:card\" content=\"summary_large_image\" \/>\n<meta name=\"twitter:label1\" content=\"Escrit per\" \/>\n\t<meta name=\"twitter:data1\" content=\"Mostra de Val\u00e8ncia\" \/>\n\t<meta name=\"twitter:label2\" content=\"Temps estimat de lectura\" \/>\n\t<meta name=\"twitter:data2\" content=\"2 minuts\" \/>\n<script type=\"application\/ld+json\" class=\"yoast-schema-graph\">{\"@context\":\"https:\\\/\\\/schema.org\",\"@graph\":[{\"@type\":\"Article\",\"@id\":\"https:\\\/\\\/lamostradevalencia.com\\\/ca\\\/mostra-de-valencia-augmenta-el-pressupost-per-a-2023\\\/#article\",\"isPartOf\":{\"@id\":\"https:\\\/\\\/lamostradevalencia.com\\\/ca\\\/mostra-de-valencia-augmenta-el-pressupost-per-a-2023\\\/\"},\"author\":{\"name\":\"Mostra de Val\u00e8ncia\",\"@id\":\"https:\\\/\\\/lamostradevalencia.com\\\/ca\\\/#\\\/schema\\\/person\\\/1dc07e4df3d6310b81d2cdf6a034070c\"},\"headline\":\"Mostra de Val\u00e8ncia augmenta el pressupost per a 2023\",\"datePublished\":\"2022-10-26T12:03:30+00:00\",\"dateModified\":\"2022-10-26T16:11:07+00:00\",\"mainEntityOfPage\":{\"@id\":\"https:\\\/\\\/lamostradevalencia.com\\\/ca\\\/mostra-de-valencia-augmenta-el-pressupost-per-a-2023\\\/\"},\"wordCount\":416,\"commentCount\":0,\"image\":{\"@id\":\"https:\\\/\\\/lamostradevalencia.com\\\/ca\\\/mostra-de-valencia-augmenta-el-pressupost-per-a-2023\\\/#primaryimage\"},\"thumbnailUrl\":\"https:\\\/\\\/lamostradevalencia.com\\\/wp-content\\\/uploads\\\/2022\\\/10\\\/mostra-inauguracio-1.jpg\",\"articleSection\":[\"Noticies\"],\"inLanguage\":\"ca\",\"potentialAction\":[{\"@type\":\"CommentAction\",\"name\":\"Comment\",\"target\":[\"https:\\\/\\\/lamostradevalencia.com\\\/ca\\\/mostra-de-valencia-augmenta-el-pressupost-per-a-2023\\\/#respond\"]}]},{\"@type\":\"WebPage\",\"@id\":\"https:\\\/\\\/lamostradevalencia.com\\\/ca\\\/mostra-de-valencia-augmenta-el-pressupost-per-a-2023\\\/\",\"url\":\"https:\\\/\\\/lamostradevalencia.com\\\/ca\\\/mostra-de-valencia-augmenta-el-pressupost-per-a-2023\\\/\",\"name\":\"Mostra de Val\u00e8ncia augmenta el pressupost per a 2023 - Mostra de Val\u00e8ncia\",\"isPartOf\":{\"@id\":\"https:\\\/\\\/lamostradevalencia.com\\\/ca\\\/#website\"},\"primaryImageOfPage\":{\"@id\":\"https:\\\/\\\/lamostradevalencia.com\\\/ca\\\/mostra-de-valencia-augmenta-el-pressupost-per-a-2023\\\/#primaryimage\"},\"image\":{\"@id\":\"https:\\\/\\\/lamostradevalencia.com\\\/ca\\\/mostra-de-valencia-augmenta-el-pressupost-per-a-2023\\\/#primaryimage\"},\"thumbnailUrl\":\"https:\\\/\\\/lamostradevalencia.com\\\/wp-content\\\/uploads\\\/2022\\\/10\\\/mostra-inauguracio-1.jpg\",\"datePublished\":\"2022-10-26T12:03:30+00:00\",\"dateModified\":\"2022-10-26T16:11:07+00:00\",\"author\":{\"@id\":\"https:\\\/\\\/lamostradevalencia.com\\\/ca\\\/#\\\/schema\\\/person\\\/1dc07e4df3d6310b81d2cdf6a034070c\"},\"breadcrumb\":{\"@id\":\"https:\\\/\\\/lamostradevalencia.com\\\/ca\\\/mostra-de-valencia-augmenta-el-pressupost-per-a-2023\\\/#breadcrumb\"},\"inLanguage\":\"ca\",\"potentialAction\":[{\"@type\":\"ReadAction\",\"target\":[\"https:\\\/\\\/lamostradevalencia.com\\\/ca\\\/mostra-de-valencia-augmenta-el-pressupost-per-a-2023\\\/\"]}]},{\"@type\":\"ImageObject\",\"inLanguage\":\"ca\",\"@id\":\"https:\\\/\\\/lamostradevalencia.com\\\/ca\\\/mostra-de-valencia-augmenta-el-pressupost-per-a-2023\\\/#primaryimage\",\"url\":\"https:\\\/\\\/lamostradevalencia.com\\\/wp-content\\\/uploads\\\/2022\\\/10\\\/mostra-inauguracio-1.jpg\",\"contentUrl\":\"https:\\\/\\\/lamostradevalencia.com\\\/wp-content\\\/uploads\\\/2022\\\/10\\\/mostra-inauguracio-1.jpg\",\"width\":1128,\"height\":774},{\"@type\":\"BreadcrumbList\",\"@id\":\"https:\\\/\\\/lamostradevalencia.com\\\/ca\\\/mostra-de-valencia-augmenta-el-pressupost-per-a-2023\\\/#breadcrumb\",\"itemListElement\":[{\"@type\":\"ListItem\",\"position\":1,\"name\":\"Portada\",\"item\":\"https:\\\/\\\/lamostradevalencia.com\\\/ca\\\/\"},{\"@type\":\"ListItem\",\"position\":2,\"name\":\"Mostra de Val\u00e8ncia augmenta el pressupost per a 2023\"}]},{\"@type\":\"WebSite\",\"@id\":\"https:\\\/\\\/lamostradevalencia.com\\\/ca\\\/#website\",\"url\":\"https:\\\/\\\/lamostradevalencia.com\\\/ca\\\/\",\"name\":\"Mostra de Val\u00e8ncia\",\"description\":\"Cinema del Mediterrani\",\"potentialAction\":[{\"@type\":\"SearchAction\",\"target\":{\"@type\":\"EntryPoint\",\"urlTemplate\":\"https:\\\/\\\/lamostradevalencia.com\\\/ca\\\/?s={search_term_string}\"},\"query-input\":{\"@type\":\"PropertyValueSpecification\",\"valueRequired\":true,\"valueName\":\"search_term_string\"}}],\"inLanguage\":\"ca\"},{\"@type\":\"Person\",\"@id\":\"https:\\\/\\\/lamostradevalencia.com\\\/ca\\\/#\\\/schema\\\/person\\\/1dc07e4df3d6310b81d2cdf6a034070c\",\"name\":\"Mostra de Val\u00e8ncia\",\"image\":{\"@type\":\"ImageObject\",\"inLanguage\":\"ca\",\"@id\":\"https:\\\/\\\/secure.gravatar.com\\\/avatar\\\/ada4dfd699a9907706987adb1bb2b361c2613ccca474b49b8c648de5208e32f8?s=96&d=mm&r=g\",\"url\":\"https:\\\/\\\/secure.gravatar.com\\\/avatar\\\/ada4dfd699a9907706987adb1bb2b361c2613ccca474b49b8c648de5208e32f8?s=96&d=mm&r=g\",\"contentUrl\":\"https:\\\/\\\/secure.gravatar.com\\\/avatar\\\/ada4dfd699a9907706987adb1bb2b361c2613ccca474b49b8c648de5208e32f8?s=96&d=mm&r=g\",\"caption\":\"Mostra de Val\u00e8ncia\"}}]}<\/script>\n<!-- \/ Yoast SEO plugin. -->","yoast_head_json":{"title":"Mostra de Val\u00e8ncia augmenta el pressupost per a 2023 - Mostra de Val\u00e8ncia","robots":{"index":"index","follow":"follow","max-snippet":"max-snippet:-1","max-image-preview":"max-image-preview:large","max-video-preview":"max-video-preview:-1"},"canonical":"https:\/\/lamostradevalencia.com\/ca\/mostra-de-valencia-augmenta-el-pressupost-per-a-2023\/","og_locale":"ca_ES","og_type":"article","og_title":"Mostra de Val\u00e8ncia augmenta el pressupost per a 2023 - Mostra de Val\u00e8ncia","og_description":"El festival de cine, que s&#8217;est\u00e0 celebrant estos dies a Val\u00e8ncia, comptar\u00e0 amb un 1,32% m\u00e9s de recursos econ\u00f2mics per a la seua pr\u00f2xima edici\u00f3 [&hellip;]","og_url":"https:\/\/lamostradevalencia.com\/ca\/mostra-de-valencia-augmenta-el-pressupost-per-a-2023\/","og_site_name":"Mostra de Val\u00e8ncia","article_published_time":"2022-10-26T12:03:30+00:00","article_modified_time":"2022-10-26T16:11:07+00:00","og_image":[{"width":1128,"height":774,"url":"https:\/\/lamostradevalencia.com\/wp-content\/uploads\/2022\/10\/mostra-inauguracio-1.jpg","type":"image\/jpeg"}],"author":"Mostra de Val\u00e8ncia","twitter_card":"summary_large_image","twitter_misc":{"Escrit per":"Mostra de Val\u00e8ncia","Temps estimat de lectura":"2 minuts"},"schema":{"@context":"https:\/\/schema.org","@graph":[{"@type":"Article","@id":"https:\/\/lamostradevalencia.com\/ca\/mostra-de-valencia-augmenta-el-pressupost-per-a-2023\/#article","isPartOf":{"@id":"https:\/\/lamostradevalencia.com\/ca\/mostra-de-valencia-augmenta-el-pressupost-per-a-2023\/"},"author":{"name":"Mostra de Val\u00e8ncia","@id":"https:\/\/lamostradevalencia.com\/ca\/#\/schema\/person\/1dc07e4df3d6310b81d2cdf6a034070c"},"headline":"Mostra de Val\u00e8ncia augmenta el pressupost per a 2023","datePublished":"2022-10-26T12:03:30+00:00","dateModified":"2022-10-26T16:11:07+00:00","mainEntityOfPage":{"@id":"https:\/\/lamostradevalencia.com\/ca\/mostra-de-valencia-augmenta-el-pressupost-per-a-2023\/"},"wordCount":416,"commentCount":0,"image":{"@id":"https:\/\/lamostradevalencia.com\/ca\/mostra-de-valencia-augmenta-el-pressupost-per-a-2023\/#primaryimage"},"thumbnailUrl":"https:\/\/lamostradevalencia.com\/wp-content\/uploads\/2022\/10\/mostra-inauguracio-1.jpg","articleSection":["Noticies"],"inLanguage":"ca","potentialAction":[{"@type":"CommentAction","name":"Comment","target":["https:\/\/lamostradevalencia.com\/ca\/mostra-de-valencia-augmenta-el-pressupost-per-a-2023\/#respond"]}]},{"@type":"WebPage","@id":"https:\/\/lamostradevalencia.com\/ca\/mostra-de-valencia-augmenta-el-pressupost-per-a-2023\/","url":"https:\/\/lamostradevalencia.com\/ca\/mostra-de-valencia-augmenta-el-pressupost-per-a-2023\/","name":"Mostra de Val\u00e8ncia augmenta el pressupost per a 2023 - Mostra de Val\u00e8ncia","isPartOf":{"@id":"https:\/\/lamostradevalencia.com\/ca\/#website"},"primaryImageOfPage":{"@id":"https:\/\/lamostradevalencia.com\/ca\/mostra-de-valencia-augmenta-el-pressupost-per-a-2023\/#primaryimage"},"image":{"@id":"https:\/\/lamostradevalencia.com\/ca\/mostra-de-valencia-augmenta-el-pressupost-per-a-2023\/#primaryimage"},"thumbnailUrl":"https:\/\/lamostradevalencia.com\/wp-content\/uploads\/2022\/10\/mostra-inauguracio-1.jpg","datePublished":"2022-10-26T12:03:30+00:00","dateModified":"2022-10-26T16:11:07+00:00","author":{"@id":"https:\/\/lamostradevalencia.com\/ca\/#\/schema\/person\/1dc07e4df3d6310b81d2cdf6a034070c"},"breadcrumb":{"@id":"https:\/\/lamostradevalencia.com\/ca\/mostra-de-valencia-augmenta-el-pressupost-per-a-2023\/#breadcrumb"},"inLanguage":"ca","potentialAction":[{"@type":"ReadAction","target":["https:\/\/lamostradevalencia.com\/ca\/mostra-de-valencia-augmenta-el-pressupost-per-a-2023\/"]}]},{"@type":"ImageObject","inLanguage":"ca","@id":"https:\/\/lamostradevalencia.com\/ca\/mostra-de-valencia-augmenta-el-pressupost-per-a-2023\/#primaryimage","url":"https:\/\/lamostradevalencia.com\/wp-content\/uploads\/2022\/10\/mostra-inauguracio-1.jpg","contentUrl":"https:\/\/lamostradevalencia.com\/wp-content\/uploads\/2022\/10\/mostra-inauguracio-1.jpg","width":1128,"height":774},{"@type":"BreadcrumbList","@id":"https:\/\/lamostradevalencia.com\/ca\/mostra-de-valencia-augmenta-el-pressupost-per-a-2023\/#breadcrumb","itemListElement":[{"@type":"ListItem","position":1,"name":"Portada","item":"https:\/\/lamostradevalencia.com\/ca\/"},{"@type":"ListItem","position":2,"name":"Mostra de Val\u00e8ncia augmenta el pressupost per a 2023"}]},{"@type":"WebSite","@id":"https:\/\/lamostradevalencia.com\/ca\/#website","url":"https:\/\/lamostradevalencia.com\/ca\/","name":"Mostra de Val\u00e8ncia","description":"Cinema del Mediterrani","potentialAction":[{"@type":"SearchAction","target":{"@type":"EntryPoint","urlTemplate":"https:\/\/lamostradevalencia.com\/ca\/?s={search_term_string}"},"query-input":{"@type":"PropertyValueSpecification","valueRequired":true,"valueName":"search_term_string"}}],"inLanguage":"ca"},{"@type":"Person","@id":"https:\/\/lamostradevalencia.com\/ca\/#\/schema\/person\/1dc07e4df3d6310b81d2cdf6a034070c","name":"Mostra de Val\u00e8ncia","image":{"@type":"ImageObject","inLanguage":"ca","@id":"https:\/\/secure.gravatar.com\/avatar\/ada4dfd699a9907706987adb1bb2b361c2613ccca474b49b8c648de5208e32f8?s=96&d=mm&r=g","url":"https:\/\/secure.gravatar.com\/avatar\/ada4dfd699a9907706987adb1bb2b361c2613ccca474b49b8c648de5208e32f8?s=96&d=mm&r=g","contentUrl":"https:\/\/secure.gravatar.com\/avatar\/ada4dfd699a9907706987adb1bb2b361c2613ccca474b49b8c648de5208e32f8?s=96&d=mm&r=g","caption":"Mostra de Val\u00e8ncia"}}]}},"uagb_featured_image_src":{"full":["https:\/\/lamostradevalencia.com\/wp-content\/uploads\/2022\/10\/mostra-inauguracio-1.jpg",1128,774,false],"thumbnail":["https:\/\/lamostradevalencia.com\/wp-content\/uploads\/2022\/10\/mostra-inauguracio-1-150x150.jpg",150,150,true],"medium":["https:\/\/lamostradevalencia.com\/wp-content\/uploads\/2022\/10\/mostra-inauguracio-1-300x206.jpg",300,206,true],"medium_large":["https:\/\/lamostradevalencia.com\/wp-content\/uploads\/2022\/10\/mostra-inauguracio-1-768x527.jpg",768,527,true],"large":["https:\/\/lamostradevalencia.com\/wp-content\/uploads\/2022\/10\/mostra-inauguracio-1-1024x703.jpg",1024,703,true],"1536x1536":["https:\/\/lamostradevalencia.com\/wp-content\/uploads\/2022\/10\/mostra-inauguracio-1.jpg",1128,774,false],"2048x2048":["https:\/\/lamostradevalencia.com\/wp-content\/uploads\/2022\/10\/mostra-inauguracio-1.jpg",1128,774,false],"cinerama_edge_image_square":["https:\/\/lamostradevalencia.com\/wp-content\/uploads\/2022\/10\/mostra-inauguracio-1-550x550.jpg",550,550,true],"cinerama_edge_image_landscape":["https:\/\/lamostradevalencia.com\/wp-content\/uploads\/2022\/10\/mostra-inauguracio-1-1100x550.jpg",1100,550,true],"cinerama_edge_image_portrait":["https:\/\/lamostradevalencia.com\/wp-content\/uploads\/2022\/10\/mostra-inauguracio-1-550x774.jpg",550,774,true],"cinerama_edge_image_huge":["https:\/\/lamostradevalencia.com\/wp-content\/uploads\/2022\/10\/mostra-inauguracio-1-1100x774.jpg",1100,774,true],"gform-image-choice-sm":["https:\/\/lamostradevalencia.com\/wp-content\/uploads\/2022\/10\/mostra-inauguracio-1.jpg",300,206,false],"gform-image-choice-md":["https:\/\/lamostradevalencia.com\/wp-content\/uploads\/2022\/10\/mostra-inauguracio-1.jpg",400,274,false],"gform-image-choice-lg":["https:\/\/lamostradevalencia.com\/wp-content\/uploads\/2022\/10\/mostra-inauguracio-1.jpg",600,412,false]},"uagb_author_info":{"display_name":"Mostra de Val\u00e8ncia","author_link":"https:\/\/lamostradevalencia.com\/ca\/author\/mostravalencia\/"},"uagb_comment_info":0,"uagb_excerpt":"El festival de cine, que s&#8217;est\u00e0 celebrant estos dies a Val\u00e8ncia, comptar\u00e0 amb un 1,32% m\u00e9s de recursos econ\u00f2mics per a la seua pr\u00f2xima edici\u00f3 [&hellip;]","_links":{"self":[{"href":"https:\/\/lamostradevalencia.com\/ca\/wp-json\/wp\/v2\/posts\/17454","targetHints":{"allow":["GET"]}}],"collection":[{"href":"https:\/\/lamostradevalencia.com\/ca\/wp-json\/wp\/v2\/posts"}],"about":[{"href":"https:\/\/lamostradevalencia.com\/ca\/wp-json\/wp\/v2\/types\/post"}],"author":[{"embeddable":true,"href":"https:\/\/lamostradevalencia.com\/ca\/wp-json\/wp\/v2\/users\/1"}],"replies":[{"embeddable":true,"href":"https:\/\/lamostradevalencia.com\/ca\/wp-json\/wp\/v2\/comments?post=17454"}],"version-history":[{"count":2,"href":"https:\/\/lamostradevalencia.com\/ca\/wp-json\/wp\/v2\/posts\/17454\/revisions"}],"predecessor-version":[{"id":17472,"href":"https:\/\/lamostradevalencia.com\/ca\/wp-json\/wp\/v2\/posts\/17454\/revisions\/17472"}],"wp:featuredmedia":[{"embeddable":true,"href":"https:\/\/lamostradevalencia.com\/ca\/wp-json\/wp\/v2\/media\/17455"}],"wp:attachment":[{"href":"https:\/\/lamostradevalencia.com\/ca\/wp-json\/wp\/v2\/media?parent=17454"}],"wp:term":[{"taxonomy":"category","embeddable":true,"href":"https:\/\/lamostradevalencia.com\/ca\/wp-json\/wp\/v2\/categories?post=17454"},{"taxonomy":"post_tag","embeddable":true,"href":"https:\/\/lamostradevalencia.com\/ca\/wp-json\/wp\/v2\/tags?post=17454"}],"curies":[{"name":"wp","href":"https:\/\/api.w.org\/{rel}","templated":true}]}}