{"id":17429,"date":"2022-10-26T09:07:29","date_gmt":"2022-10-26T07:07:29","guid":{"rendered":"https:\/\/lamostradevalencia.com\/?p=17429"},"modified":"2022-10-26T09:07:46","modified_gmt":"2022-10-26T07:07:46","slug":"klondike-acosta-la-guerra-ducraina-a-la-mostra-de-valencia","status":"publish","type":"post","link":"https:\/\/lamostradevalencia.com\/ca\/klondike-acosta-la-guerra-ducraina-a-la-mostra-de-valencia\/","title":{"rendered":"&#8216;Klondike&#8217; acosta la guerra d&#8217;Ucra\u00efna a la Mostra de Val\u00e8ncia"},"content":{"rendered":"<h5>La pel\u00b7l\u00edcula de Maryna Er Gorbach ha triomfat en Sundance, Berl\u00edn i ha sigut designada pel seu pa\u00eds per a lluitar per l&#8217;Oscar a la Millor Pel\u00b7l\u00edcula Internacional<\/h5>\n<p>La hist\u00f2ria es repetix una vegada i una altra. La hist\u00f2ria d&#8217;esta pel\u00b7l\u00edcula est\u00e0 ambientada en 2014, per\u00f2 podria tornar a apar\u00e9ixer en qualsevol informatiu un dia d&#8217;estos. Irka i Tolik s\u00f3n una parella que viu a la frontera entre Ucra\u00efna i R\u00fassia, a Donetsk, en una casa a\u00efllada de la civilitzaci\u00f3. Ella es troba en avan\u00e7at estat de gestaci\u00f3 quan la seua vida i la seua llar s&#8217;enfonsen literalment el 17 de juliol de 2014, el dia en qu\u00e8\u00a0<strong>un vol de passatgers de Malaysia Airlines va ser derrocat sobre Donbas a causa d&#8217;un m\u00edssil i van morir prop de 300 persones.<\/strong>\u00a0Irka, en una actuaci\u00f3 memorable de l&#8217;actriu ucra\u00efnesa\u00a0<strong>Oksana Cherkashyna<\/strong>, est\u00e0 decidida a mantindre&#8217;s ferma fins i tot quan els seus ve\u00efns fugen de les forces armades que s&#8217;aproximen.<\/p>\n<p>&#8220;La meua pel\u00b7l\u00edcula tracta sobre una parella jove que simplement lluita per tindre una vida. No es tracta d&#8217;ideologies o qualsevol altre concepte postmodern de la vida. Irka i Tolik nom\u00e9s volen complir el seu somni d&#8217;una vida familiar senzilla en el camp, res m\u00e9s&#8221;, assegura la directora. Encara que admet que el sorpr\u00e9n el car\u00e0cter anticipatori que ara tenen algunes escenes: &#8220;Estava segura que s&#8217;ave\u00efnava esta guerra, per\u00f2 he d&#8217;admetre que\u00a0<strong>no podria haver imaginat que Vladimir Putin s&#8217;atreviria a bombardejar indiscriminadament escoles, hospitals i guarderies.<\/strong>\u00a0Putin ha de destruir tots els \u00e0mbits per a fer complir el que creu que \u00e9s correcte en l&#8217;univers paral\u00b7lel que ha creat. Per a aix\u00f2 tamb\u00e9 crema als joves soldats, als quals ha embajanit amb la seua propaganda i que moltes vegades ni tan sols saben ni on estan ni per qu\u00e8&#8221;, assegura amb dolor Er Gorbach.<\/p>\n<p>Sobre la situaci\u00f3 actual del conflicte la realitzadora assegura que\u00a0<strong>&#8220;Putin va crear eixe\u00a0 mite sobre l&#8217;invencible ex\u00e8rcit rus i els infinits recursos militars del seu pa\u00eds; per\u00f2, en realitat, est\u00e0 tot podrit, hi ha molta corrupci\u00f3 que dificulta el funcionament eficient de la maquin\u00e0ria de guerra russa.<\/strong>\u00a0L&#8217;\u00fanica cosa que realment compta s\u00f3n les armes nuclears de R\u00fassia, i aix\u00f2 planteja la pregunta de si ell est\u00e0 prou boig com per a usar-les. Nom\u00e9s puc dir que Putin t\u00e9 la l\u00f2gica d&#8217;un vampir. Quanta m\u00e9s sang llepa, m\u00e9s sang vol, i com m\u00e9s se li tem, m\u00e9s auda\u00e7 es torna&#8221;.<br \/>\n<strong><br \/>\nLa seua pel\u00b7l\u00edcula (una coproducci\u00f3 entre Turquia i Ucra\u00efna) va suposar tota una commoci\u00f3 en Sundance, on va obtindre el premi a la millor direcci\u00f3, i posteriorment en la secci\u00f3 Panorama de la Berlinale, on va ser premiada pel p\u00fablic,<\/strong>\u00a0posteriorment ha collit \u00e8xits en tots els festivals en qu\u00e8 ha participat, i ha sigut designada pel seu pa\u00eds per a competir en els Oscar. La cr\u00edtica ha aplaudit, a m\u00e9s de la seua pot\u00e8ncia visual, l&#8217;atmosfera totalment surrealista del film, com si estiguera suspesa en una bambolla de trauma tard\u00e0. Una bona recompensa per a les dificultats extremes que va suposar al\u00e7ar una producci\u00f3 d&#8217;este tipus, com recorda Er Gorbach: &#8220;Durant molt de temps nom\u00e9s vam tindre garanties de finan\u00e7ament de Turquia i Ucra\u00efna, per\u00f2 aix\u00f2 no era suficient. Vaig presentar el meu projecte a diversos organismes de finan\u00e7ament europeus, per\u00f2 vaig experimentar que pr\u00e0cticament no hi havia inter\u00e9s en una pel\u00b7l\u00edcula sobre els esdeveniments que van envoltar esta guerra reprimida i oblidada en l&#8217;aparent vora d&#8217;Europa. Va ser alli\u00e7onador. Quan finalment vam poder filmar a final de l&#8217;estiu de 2020, r\u00e0pidament es va produir el segon confinament. Vaig volar de retorn a Istanbul i la major part de la postproducci\u00f3 es va realitzar a trav\u00e9s de Zoom: jo amb el meu esp\u00f2s a Istanbul i el meu equip a K\u00edev&#8221;.<\/p>\n<p>La 37a edici\u00f3 del festival prossegueix amb les seues projeccions i compta amb la col\u00b7laboraci\u00f3 de l\u2019Institut Valenci\u00e0 de Cultura (IVC), Rambleta, Val\u00e8ncia Film Office, Barreira Arte + Dise\u00f1o i \u00c0 Punt M\u00e8dia com a mitj\u00e0 oficial.<\/p>\n<p style=\"text-align: center;\"><strong>Pr\u00f2xims passes de &#8216;Klondike&#8217; als\u00a0Cines Babel<br \/>\nDimecres 26 d&#8217;octubre a les 18.00 h<br \/>\nDijous 27 d&#8217;octubre a les 20.00 h<\/strong><\/p>\n","protected":false},"excerpt":{"rendered":"<p>La pel\u00b7l\u00edcula de Maryna Er Gorbach ha triomfat en Sundance, Berl\u00edn i ha sigut designada pel seu pa\u00eds per a lluitar per l&#8217;Oscar a la [&hellip;]<\/p>\n","protected":false},"author":1,"featured_media":17420,"comment_status":"open","ping_status":"open","sticky":false,"template":"","format":"standard","meta":{"_uag_custom_page_level_css":"","_jet_sm_ready_style":"","_jet_sm_style":"","_jet_sm_controls_values":"","_jet_sm_fonts_collection":"","_jet_sm_fonts_links":"","footnotes":""},"categories":[455],"tags":[],"class_list":["post-17429","post","type-post","status-publish","format-standard","has-post-thumbnail","hentry","category-noticies"],"yoast_head":"<!-- This site is optimized with the Yoast SEO plugin v27.5 - https:\/\/yoast.com\/product\/yoast-seo-wordpress\/ -->\n<title>&#039;Klondike&#039; acosta la guerra d&#039;Ucra\u00efna a la Mostra de Val\u00e8ncia - Mostra de Val\u00e8ncia<\/title>\n<meta name=\"robots\" content=\"index, follow, max-snippet:-1, max-image-preview:large, max-video-preview:-1\" \/>\n<link rel=\"canonical\" href=\"https:\/\/lamostradevalencia.com\/ca\/klondike-acosta-la-guerra-ducraina-a-la-mostra-de-valencia\/\" \/>\n<meta property=\"og:locale\" content=\"ca_ES\" \/>\n<meta property=\"og:type\" content=\"article\" \/>\n<meta property=\"og:title\" content=\"&#039;Klondike&#039; acosta la guerra d&#039;Ucra\u00efna a la Mostra de Val\u00e8ncia - Mostra de Val\u00e8ncia\" \/>\n<meta property=\"og:description\" content=\"La pel\u00b7l\u00edcula de Maryna Er Gorbach ha triomfat en Sundance, Berl\u00edn i ha sigut designada pel seu pa\u00eds per a lluitar per l&#8217;Oscar a la [&hellip;]\" \/>\n<meta property=\"og:url\" content=\"https:\/\/lamostradevalencia.com\/ca\/klondike-acosta-la-guerra-ducraina-a-la-mostra-de-valencia\/\" \/>\n<meta property=\"og:site_name\" content=\"Mostra de Val\u00e8ncia\" \/>\n<meta property=\"article:published_time\" content=\"2022-10-26T07:07:29+00:00\" \/>\n<meta property=\"article:modified_time\" content=\"2022-10-26T07:07:46+00:00\" \/>\n<meta property=\"og:image\" content=\"https:\/\/lamostradevalencia.com\/wp-content\/uploads\/2022\/10\/klondike-700-X-700-PX.png\" \/>\n\t<meta property=\"og:image:width\" content=\"700\" \/>\n\t<meta property=\"og:image:height\" content=\"700\" \/>\n\t<meta property=\"og:image:type\" content=\"image\/png\" \/>\n<meta name=\"author\" content=\"Mostra de Val\u00e8ncia\" \/>\n<meta name=\"twitter:card\" content=\"summary_large_image\" \/>\n<meta name=\"twitter:label1\" content=\"Escrit per\" \/>\n\t<meta name=\"twitter:data1\" content=\"Mostra de Val\u00e8ncia\" \/>\n\t<meta name=\"twitter:label2\" content=\"Temps estimat de lectura\" \/>\n\t<meta name=\"twitter:data2\" content=\"4 minuts\" \/>\n<script type=\"application\/ld+json\" class=\"yoast-schema-graph\">{\"@context\":\"https:\\\/\\\/schema.org\",\"@graph\":[{\"@type\":\"Article\",\"@id\":\"https:\\\/\\\/lamostradevalencia.com\\\/ca\\\/klondike-acosta-la-guerra-ducraina-a-la-mostra-de-valencia\\\/#article\",\"isPartOf\":{\"@id\":\"https:\\\/\\\/lamostradevalencia.com\\\/ca\\\/klondike-acosta-la-guerra-ducraina-a-la-mostra-de-valencia\\\/\"},\"author\":{\"name\":\"Mostra de Val\u00e8ncia\",\"@id\":\"https:\\\/\\\/lamostradevalencia.com\\\/ca\\\/#\\\/schema\\\/person\\\/1dc07e4df3d6310b81d2cdf6a034070c\"},\"headline\":\"&#8216;Klondike&#8217; acosta la guerra d&#8217;Ucra\u00efna a la Mostra de Val\u00e8ncia\",\"datePublished\":\"2022-10-26T07:07:29+00:00\",\"dateModified\":\"2022-10-26T07:07:46+00:00\",\"mainEntityOfPage\":{\"@id\":\"https:\\\/\\\/lamostradevalencia.com\\\/ca\\\/klondike-acosta-la-guerra-ducraina-a-la-mostra-de-valencia\\\/\"},\"wordCount\":778,\"commentCount\":0,\"image\":{\"@id\":\"https:\\\/\\\/lamostradevalencia.com\\\/ca\\\/klondike-acosta-la-guerra-ducraina-a-la-mostra-de-valencia\\\/#primaryimage\"},\"thumbnailUrl\":\"https:\\\/\\\/lamostradevalencia.com\\\/wp-content\\\/uploads\\\/2022\\\/10\\\/klondike-700-X-700-PX.png\",\"articleSection\":[\"Noticies\"],\"inLanguage\":\"ca\",\"potentialAction\":[{\"@type\":\"CommentAction\",\"name\":\"Comment\",\"target\":[\"https:\\\/\\\/lamostradevalencia.com\\\/ca\\\/klondike-acosta-la-guerra-ducraina-a-la-mostra-de-valencia\\\/#respond\"]}]},{\"@type\":\"WebPage\",\"@id\":\"https:\\\/\\\/lamostradevalencia.com\\\/ca\\\/klondike-acosta-la-guerra-ducraina-a-la-mostra-de-valencia\\\/\",\"url\":\"https:\\\/\\\/lamostradevalencia.com\\\/ca\\\/klondike-acosta-la-guerra-ducraina-a-la-mostra-de-valencia\\\/\",\"name\":\"'Klondike' acosta la guerra d'Ucra\u00efna a la Mostra de Val\u00e8ncia - Mostra de Val\u00e8ncia\",\"isPartOf\":{\"@id\":\"https:\\\/\\\/lamostradevalencia.com\\\/ca\\\/#website\"},\"primaryImageOfPage\":{\"@id\":\"https:\\\/\\\/lamostradevalencia.com\\\/ca\\\/klondike-acosta-la-guerra-ducraina-a-la-mostra-de-valencia\\\/#primaryimage\"},\"image\":{\"@id\":\"https:\\\/\\\/lamostradevalencia.com\\\/ca\\\/klondike-acosta-la-guerra-ducraina-a-la-mostra-de-valencia\\\/#primaryimage\"},\"thumbnailUrl\":\"https:\\\/\\\/lamostradevalencia.com\\\/wp-content\\\/uploads\\\/2022\\\/10\\\/klondike-700-X-700-PX.png\",\"datePublished\":\"2022-10-26T07:07:29+00:00\",\"dateModified\":\"2022-10-26T07:07:46+00:00\",\"author\":{\"@id\":\"https:\\\/\\\/lamostradevalencia.com\\\/ca\\\/#\\\/schema\\\/person\\\/1dc07e4df3d6310b81d2cdf6a034070c\"},\"breadcrumb\":{\"@id\":\"https:\\\/\\\/lamostradevalencia.com\\\/ca\\\/klondike-acosta-la-guerra-ducraina-a-la-mostra-de-valencia\\\/#breadcrumb\"},\"inLanguage\":\"ca\",\"potentialAction\":[{\"@type\":\"ReadAction\",\"target\":[\"https:\\\/\\\/lamostradevalencia.com\\\/ca\\\/klondike-acosta-la-guerra-ducraina-a-la-mostra-de-valencia\\\/\"]}]},{\"@type\":\"ImageObject\",\"inLanguage\":\"ca\",\"@id\":\"https:\\\/\\\/lamostradevalencia.com\\\/ca\\\/klondike-acosta-la-guerra-ducraina-a-la-mostra-de-valencia\\\/#primaryimage\",\"url\":\"https:\\\/\\\/lamostradevalencia.com\\\/wp-content\\\/uploads\\\/2022\\\/10\\\/klondike-700-X-700-PX.png\",\"contentUrl\":\"https:\\\/\\\/lamostradevalencia.com\\\/wp-content\\\/uploads\\\/2022\\\/10\\\/klondike-700-X-700-PX.png\",\"width\":700,\"height\":700},{\"@type\":\"BreadcrumbList\",\"@id\":\"https:\\\/\\\/lamostradevalencia.com\\\/ca\\\/klondike-acosta-la-guerra-ducraina-a-la-mostra-de-valencia\\\/#breadcrumb\",\"itemListElement\":[{\"@type\":\"ListItem\",\"position\":1,\"name\":\"Portada\",\"item\":\"https:\\\/\\\/lamostradevalencia.com\\\/ca\\\/\"},{\"@type\":\"ListItem\",\"position\":2,\"name\":\"&#8216;Klondike&#8217; acosta la guerra d&#8217;Ucra\u00efna a la Mostra de Val\u00e8ncia\"}]},{\"@type\":\"WebSite\",\"@id\":\"https:\\\/\\\/lamostradevalencia.com\\\/ca\\\/#website\",\"url\":\"https:\\\/\\\/lamostradevalencia.com\\\/ca\\\/\",\"name\":\"Mostra de Val\u00e8ncia\",\"description\":\"Cinema del Mediterrani\",\"potentialAction\":[{\"@type\":\"SearchAction\",\"target\":{\"@type\":\"EntryPoint\",\"urlTemplate\":\"https:\\\/\\\/lamostradevalencia.com\\\/ca\\\/?s={search_term_string}\"},\"query-input\":{\"@type\":\"PropertyValueSpecification\",\"valueRequired\":true,\"valueName\":\"search_term_string\"}}],\"inLanguage\":\"ca\"},{\"@type\":\"Person\",\"@id\":\"https:\\\/\\\/lamostradevalencia.com\\\/ca\\\/#\\\/schema\\\/person\\\/1dc07e4df3d6310b81d2cdf6a034070c\",\"name\":\"Mostra de Val\u00e8ncia\",\"image\":{\"@type\":\"ImageObject\",\"inLanguage\":\"ca\",\"@id\":\"https:\\\/\\\/secure.gravatar.com\\\/avatar\\\/ada4dfd699a9907706987adb1bb2b361c2613ccca474b49b8c648de5208e32f8?s=96&d=mm&r=g\",\"url\":\"https:\\\/\\\/secure.gravatar.com\\\/avatar\\\/ada4dfd699a9907706987adb1bb2b361c2613ccca474b49b8c648de5208e32f8?s=96&d=mm&r=g\",\"contentUrl\":\"https:\\\/\\\/secure.gravatar.com\\\/avatar\\\/ada4dfd699a9907706987adb1bb2b361c2613ccca474b49b8c648de5208e32f8?s=96&d=mm&r=g\",\"caption\":\"Mostra de Val\u00e8ncia\"}}]}<\/script>\n<!-- \/ Yoast SEO plugin. -->","yoast_head_json":{"title":"'Klondike' acosta la guerra d'Ucra\u00efna a la Mostra de Val\u00e8ncia - Mostra de Val\u00e8ncia","robots":{"index":"index","follow":"follow","max-snippet":"max-snippet:-1","max-image-preview":"max-image-preview:large","max-video-preview":"max-video-preview:-1"},"canonical":"https:\/\/lamostradevalencia.com\/ca\/klondike-acosta-la-guerra-ducraina-a-la-mostra-de-valencia\/","og_locale":"ca_ES","og_type":"article","og_title":"'Klondike' acosta la guerra d'Ucra\u00efna a la Mostra de Val\u00e8ncia - Mostra de Val\u00e8ncia","og_description":"La pel\u00b7l\u00edcula de Maryna Er Gorbach ha triomfat en Sundance, Berl\u00edn i ha sigut designada pel seu pa\u00eds per a lluitar per l&#8217;Oscar a la [&hellip;]","og_url":"https:\/\/lamostradevalencia.com\/ca\/klondike-acosta-la-guerra-ducraina-a-la-mostra-de-valencia\/","og_site_name":"Mostra de Val\u00e8ncia","article_published_time":"2022-10-26T07:07:29+00:00","article_modified_time":"2022-10-26T07:07:46+00:00","og_image":[{"width":700,"height":700,"url":"https:\/\/lamostradevalencia.com\/wp-content\/uploads\/2022\/10\/klondike-700-X-700-PX.png","type":"image\/png"}],"author":"Mostra de Val\u00e8ncia","twitter_card":"summary_large_image","twitter_misc":{"Escrit per":"Mostra de Val\u00e8ncia","Temps estimat de lectura":"4 minuts"},"schema":{"@context":"https:\/\/schema.org","@graph":[{"@type":"Article","@id":"https:\/\/lamostradevalencia.com\/ca\/klondike-acosta-la-guerra-ducraina-a-la-mostra-de-valencia\/#article","isPartOf":{"@id":"https:\/\/lamostradevalencia.com\/ca\/klondike-acosta-la-guerra-ducraina-a-la-mostra-de-valencia\/"},"author":{"name":"Mostra de Val\u00e8ncia","@id":"https:\/\/lamostradevalencia.com\/ca\/#\/schema\/person\/1dc07e4df3d6310b81d2cdf6a034070c"},"headline":"&#8216;Klondike&#8217; acosta la guerra d&#8217;Ucra\u00efna a la Mostra de Val\u00e8ncia","datePublished":"2022-10-26T07:07:29+00:00","dateModified":"2022-10-26T07:07:46+00:00","mainEntityOfPage":{"@id":"https:\/\/lamostradevalencia.com\/ca\/klondike-acosta-la-guerra-ducraina-a-la-mostra-de-valencia\/"},"wordCount":778,"commentCount":0,"image":{"@id":"https:\/\/lamostradevalencia.com\/ca\/klondike-acosta-la-guerra-ducraina-a-la-mostra-de-valencia\/#primaryimage"},"thumbnailUrl":"https:\/\/lamostradevalencia.com\/wp-content\/uploads\/2022\/10\/klondike-700-X-700-PX.png","articleSection":["Noticies"],"inLanguage":"ca","potentialAction":[{"@type":"CommentAction","name":"Comment","target":["https:\/\/lamostradevalencia.com\/ca\/klondike-acosta-la-guerra-ducraina-a-la-mostra-de-valencia\/#respond"]}]},{"@type":"WebPage","@id":"https:\/\/lamostradevalencia.com\/ca\/klondike-acosta-la-guerra-ducraina-a-la-mostra-de-valencia\/","url":"https:\/\/lamostradevalencia.com\/ca\/klondike-acosta-la-guerra-ducraina-a-la-mostra-de-valencia\/","name":"'Klondike' acosta la guerra d'Ucra\u00efna a la Mostra de Val\u00e8ncia - Mostra de Val\u00e8ncia","isPartOf":{"@id":"https:\/\/lamostradevalencia.com\/ca\/#website"},"primaryImageOfPage":{"@id":"https:\/\/lamostradevalencia.com\/ca\/klondike-acosta-la-guerra-ducraina-a-la-mostra-de-valencia\/#primaryimage"},"image":{"@id":"https:\/\/lamostradevalencia.com\/ca\/klondike-acosta-la-guerra-ducraina-a-la-mostra-de-valencia\/#primaryimage"},"thumbnailUrl":"https:\/\/lamostradevalencia.com\/wp-content\/uploads\/2022\/10\/klondike-700-X-700-PX.png","datePublished":"2022-10-26T07:07:29+00:00","dateModified":"2022-10-26T07:07:46+00:00","author":{"@id":"https:\/\/lamostradevalencia.com\/ca\/#\/schema\/person\/1dc07e4df3d6310b81d2cdf6a034070c"},"breadcrumb":{"@id":"https:\/\/lamostradevalencia.com\/ca\/klondike-acosta-la-guerra-ducraina-a-la-mostra-de-valencia\/#breadcrumb"},"inLanguage":"ca","potentialAction":[{"@type":"ReadAction","target":["https:\/\/lamostradevalencia.com\/ca\/klondike-acosta-la-guerra-ducraina-a-la-mostra-de-valencia\/"]}]},{"@type":"ImageObject","inLanguage":"ca","@id":"https:\/\/lamostradevalencia.com\/ca\/klondike-acosta-la-guerra-ducraina-a-la-mostra-de-valencia\/#primaryimage","url":"https:\/\/lamostradevalencia.com\/wp-content\/uploads\/2022\/10\/klondike-700-X-700-PX.png","contentUrl":"https:\/\/lamostradevalencia.com\/wp-content\/uploads\/2022\/10\/klondike-700-X-700-PX.png","width":700,"height":700},{"@type":"BreadcrumbList","@id":"https:\/\/lamostradevalencia.com\/ca\/klondike-acosta-la-guerra-ducraina-a-la-mostra-de-valencia\/#breadcrumb","itemListElement":[{"@type":"ListItem","position":1,"name":"Portada","item":"https:\/\/lamostradevalencia.com\/ca\/"},{"@type":"ListItem","position":2,"name":"&#8216;Klondike&#8217; acosta la guerra d&#8217;Ucra\u00efna a la Mostra de Val\u00e8ncia"}]},{"@type":"WebSite","@id":"https:\/\/lamostradevalencia.com\/ca\/#website","url":"https:\/\/lamostradevalencia.com\/ca\/","name":"Mostra de Val\u00e8ncia","description":"Cinema del Mediterrani","potentialAction":[{"@type":"SearchAction","target":{"@type":"EntryPoint","urlTemplate":"https:\/\/lamostradevalencia.com\/ca\/?s={search_term_string}"},"query-input":{"@type":"PropertyValueSpecification","valueRequired":true,"valueName":"search_term_string"}}],"inLanguage":"ca"},{"@type":"Person","@id":"https:\/\/lamostradevalencia.com\/ca\/#\/schema\/person\/1dc07e4df3d6310b81d2cdf6a034070c","name":"Mostra de Val\u00e8ncia","image":{"@type":"ImageObject","inLanguage":"ca","@id":"https:\/\/secure.gravatar.com\/avatar\/ada4dfd699a9907706987adb1bb2b361c2613ccca474b49b8c648de5208e32f8?s=96&d=mm&r=g","url":"https:\/\/secure.gravatar.com\/avatar\/ada4dfd699a9907706987adb1bb2b361c2613ccca474b49b8c648de5208e32f8?s=96&d=mm&r=g","contentUrl":"https:\/\/secure.gravatar.com\/avatar\/ada4dfd699a9907706987adb1bb2b361c2613ccca474b49b8c648de5208e32f8?s=96&d=mm&r=g","caption":"Mostra de Val\u00e8ncia"}}]}},"uagb_featured_image_src":{"full":["https:\/\/lamostradevalencia.com\/wp-content\/uploads\/2022\/10\/klondike-700-X-700-PX.png",700,700,false],"thumbnail":["https:\/\/lamostradevalencia.com\/wp-content\/uploads\/2022\/10\/klondike-700-X-700-PX-150x150.png",150,150,true],"medium":["https:\/\/lamostradevalencia.com\/wp-content\/uploads\/2022\/10\/klondike-700-X-700-PX-300x300.png",300,300,true],"medium_large":["https:\/\/lamostradevalencia.com\/wp-content\/uploads\/2022\/10\/klondike-700-X-700-PX.png",700,700,false],"large":["https:\/\/lamostradevalencia.com\/wp-content\/uploads\/2022\/10\/klondike-700-X-700-PX.png",700,700,false],"1536x1536":["https:\/\/lamostradevalencia.com\/wp-content\/uploads\/2022\/10\/klondike-700-X-700-PX.png",700,700,false],"2048x2048":["https:\/\/lamostradevalencia.com\/wp-content\/uploads\/2022\/10\/klondike-700-X-700-PX.png",700,700,false],"cinerama_edge_image_square":["https:\/\/lamostradevalencia.com\/wp-content\/uploads\/2022\/10\/klondike-700-X-700-PX-550x550.png",550,550,true],"cinerama_edge_image_landscape":["https:\/\/lamostradevalencia.com\/wp-content\/uploads\/2022\/10\/klondike-700-X-700-PX-700x550.png",700,550,true],"cinerama_edge_image_portrait":["https:\/\/lamostradevalencia.com\/wp-content\/uploads\/2022\/10\/klondike-700-X-700-PX-550x700.png",550,700,true],"cinerama_edge_image_huge":["https:\/\/lamostradevalencia.com\/wp-content\/uploads\/2022\/10\/klondike-700-X-700-PX.png",700,700,false],"gform-image-choice-sm":["https:\/\/lamostradevalencia.com\/wp-content\/uploads\/2022\/10\/klondike-700-X-700-PX.png",300,300,false],"gform-image-choice-md":["https:\/\/lamostradevalencia.com\/wp-content\/uploads\/2022\/10\/klondike-700-X-700-PX.png",400,400,false],"gform-image-choice-lg":["https:\/\/lamostradevalencia.com\/wp-content\/uploads\/2022\/10\/klondike-700-X-700-PX.png",600,600,false]},"uagb_author_info":{"display_name":"Mostra de Val\u00e8ncia","author_link":"https:\/\/lamostradevalencia.com\/ca\/author\/mostravalencia\/"},"uagb_comment_info":0,"uagb_excerpt":"La pel\u00b7l\u00edcula de Maryna Er Gorbach ha triomfat en Sundance, Berl\u00edn i ha sigut designada pel seu pa\u00eds per a lluitar per l&#8217;Oscar a la [&hellip;]","_links":{"self":[{"href":"https:\/\/lamostradevalencia.com\/ca\/wp-json\/wp\/v2\/posts\/17429","targetHints":{"allow":["GET"]}}],"collection":[{"href":"https:\/\/lamostradevalencia.com\/ca\/wp-json\/wp\/v2\/posts"}],"about":[{"href":"https:\/\/lamostradevalencia.com\/ca\/wp-json\/wp\/v2\/types\/post"}],"author":[{"embeddable":true,"href":"https:\/\/lamostradevalencia.com\/ca\/wp-json\/wp\/v2\/users\/1"}],"replies":[{"embeddable":true,"href":"https:\/\/lamostradevalencia.com\/ca\/wp-json\/wp\/v2\/comments?post=17429"}],"version-history":[{"count":2,"href":"https:\/\/lamostradevalencia.com\/ca\/wp-json\/wp\/v2\/posts\/17429\/revisions"}],"predecessor-version":[{"id":17431,"href":"https:\/\/lamostradevalencia.com\/ca\/wp-json\/wp\/v2\/posts\/17429\/revisions\/17431"}],"wp:featuredmedia":[{"embeddable":true,"href":"https:\/\/lamostradevalencia.com\/ca\/wp-json\/wp\/v2\/media\/17420"}],"wp:attachment":[{"href":"https:\/\/lamostradevalencia.com\/ca\/wp-json\/wp\/v2\/media?parent=17429"}],"wp:term":[{"taxonomy":"category","embeddable":true,"href":"https:\/\/lamostradevalencia.com\/ca\/wp-json\/wp\/v2\/categories?post=17429"},{"taxonomy":"post_tag","embeddable":true,"href":"https:\/\/lamostradevalencia.com\/ca\/wp-json\/wp\/v2\/tags?post=17429"}],"curies":[{"name":"wp","href":"https:\/\/api.w.org\/{rel}","templated":true}]}}