{"id":17391,"date":"2022-10-25T09:17:00","date_gmt":"2022-10-25T07:17:00","guid":{"rendered":"https:\/\/lamostradevalencia.com\/?p=17391"},"modified":"2022-10-25T18:50:14","modified_gmt":"2022-10-25T16:50:14","slug":"erige-sehiri-porta-el-desig-i-la-rebel%c2%b7lia-de-les-joves-dones-tunisianes-a-la-pantalla-en-entre-las-higueras","status":"publish","type":"post","link":"https:\/\/lamostradevalencia.com\/ca\/erige-sehiri-porta-el-desig-i-la-rebel%c2%b7lia-de-les-joves-dones-tunisianes-a-la-pantalla-en-entre-las-higueras\/","title":{"rendered":"Erige Sehiri porta el desig i la rebel\u00b7lia de les joves dones tunisianes a la pantalla en &#8216;Entre las higueras\u2019"},"content":{"rendered":"<h5>La pel\u00b7l\u00edcula, que competeix en la Mostra de Val\u00e8ncia, lluitar\u00e0 per l&#8217;Oscar a la Millor Pel\u00b7l\u00edcula Internacional amb &#8216;Alcarr\u00e0s&#8217;, amb la qual comparteix estil, tem\u00e0tica agr\u00edcola i frescor<\/h5>\n<p>Erige Sehiri ha desenvolupat <strong>documentals d&#8217;autor,<\/strong> com &#8216;Railway Men&#8217;, distingits en festivals com Visions du R\u00e9el, IDFA o Cinemed. Per aix\u00f2 ha volgut que la seua \u00f2pera prima de ficci\u00f3 estiga plena de veritat, la qual cosa va ser apreciada\u00a0en el seu debut en la Quinzena de Realitzadors de Cannes. Com tantes obres art\u00edstiques, esta pel\u00b7l\u00edcula va n\u00e0ixer d&#8217;una retallada de peri\u00f2dic: \u201cVaig llegir en una p\u00e0gina de successos que hi ha gent que treballaba en eixes camionetes a recollir figues sense cap mena de seguretat, que un d&#8217;eixos vehicles va patir un accident en la carretera i diverses persones van morir. Vaig intentar con\u00e9ixer els noms d&#8217;eixes v\u00edctimes, totes dones, per\u00f2 no ho vaig aconseguir; solament les seues dates de naixement\u201d, assegura Erige Sehiri, directora de\u00a0<strong>&#8216;Entre las higueras&#8217;.<\/strong><\/p>\n<p>Malgrat estar inspirada en eixe succ\u00e9s, res en la cinta fa presagiar expl\u00edcitament la trag\u00e8dia, encara que s\u00ed que s&#8217;apunta en alguns dels di\u00e0legs. M\u00e9s aviat se centra en els coquetejos d&#8217;un grup de joves, en la seua majoria dones, mentre recullen la collita, malgrat les condicions d&#8217;explotaci\u00f3 als quals es veuen sotmesos: &#8220;El drama no est\u00e0 en la hist\u00f2ria, per\u00f2 es va intuint. Vaig voler imaginar com va ser eixe \u00faltim dia de treball i em vaig adonar que segurament va transc\u00f3rrer com un qualsevol&#8221;, assegura Sehiri.\u00a0<strong>Els personatges femenins parlen de la seua relaci\u00f3 amb els homes i del desig com en poques pel\u00b7l\u00edcules \u00e0rabs<\/strong>. La realitzadora assegura que els seus personatges s&#8217;expressen com les dones reals, alguna cosa que va aconseguir escrivint el gui\u00f3 amb la protagonista i amb molts assajos: &#8220;Efectivament, hi ha molts matisos entre els diferents graus de llibertat que viuen les dones tunisianes, que es veu en coses com la manera de portar el mocador. Eixos matisos existeixen en totes les societats, he volgut reflectir el m\u00f3n \u00e0rab d&#8217;una manera menys estereotipada, com eixos homes que estan bastant perduts i amb moltes frustracions&#8221;. Considera que \u00e9s possible fer cine d&#8217;este tipus gr\u00e0cies als \u00faltims esdeveniments al seu pa\u00eds:\u00a0<strong>&#8220;Tota revoluci\u00f3 suposa una creu i ratlla i este \u00e9s un bon moment perqu\u00e8 les dones fem cine\u00a0al Magreb<\/strong>&#8220;.<\/p>\n<p>Malgrat l&#8217;aparent senzillesa, doncs la cinta no reflexa m\u00e9s que eixe dia de labor campestre i est\u00e0\u00a0<strong>interpretada per actors no professionals,<\/strong>\u00a0existeix un gran component metaf\u00f2ric: &#8220;Volia recrear un microcosmos de la societat tunisiana, amb la figuera com a met\u00e0fora. Els personatges treballen en l&#8217;exterior, per\u00f2 estan atrapats a l&#8217;interior de les figueres. Desitjava reflectir com la societat viu en eixa contradicci\u00f3, entre el tancament i la llibertat. Tamb\u00e9 constru\u00efsc una met\u00e0fora amb la figa, que \u00e9s una fruita molt sensual i que no madura al mateix temps, igual que els personatges. La contradicci\u00f3 de qu\u00e8 parlava tamb\u00e9 es reflecteix en el contrast entre un arbre robust i el seu fruit que \u00e9s fr\u00e0gil&#8221;, assegura la directora.<\/p>\n<p>La pel\u00b7l\u00edcula guarda bastants similituds en l&#8217;atmosfera, el tractament i la manera de rodar amb \u2018Alcarr\u00e0s\u2019, a m\u00e9s existeix la coincid\u00e8ncia que ambdues lluitaran per estar en la llista final dels Oscar a Millor Pel\u00b7l\u00edcula Internacional: &#8220;No he pogut veure-la encara, per\u00f2 ja en el rodatge em van parlar d&#8217;ella. Hi ha ocasions en qu\u00e8 es produeixen connexions m\u00e0giques i crec que esta \u00e9s una d&#8217;elles&#8221;. La cinta arribar\u00e0 als cines espanyols a l&#8217;abril de la m\u00e0 de Atalante.<\/p>\n<p>La 37a Mostra de Val\u00e8ncia \u2013 Cinema del Mediterrani, que se celebra fins al 30 d&#8217;octubre, compta amb la col\u00b7laboraci\u00f3 de l\u2019Institut Valenci\u00e0 de Cultura (IVC), Rambleta, Val\u00e8ncia Film Office, Barreira Arte + Dise\u00f1o i \u00c0 Punt M\u00e8dia com a mitj\u00e0 oficial.<\/p>\n<p style=\"text-align: center;\"><strong>Pr\u00f2xims passes de \u2018Entre las higueras&#8217;\u00a0als Cines Babel:<br \/>\nDimarts 25 a les 18.00 h<br \/>\nDimecres 26 a les 18.00 h<\/strong><\/p>\n","protected":false},"excerpt":{"rendered":"<p>La pel\u00b7l\u00edcula, que competeix en la Mostra de Val\u00e8ncia, lluitar\u00e0 per l&#8217;Oscar a la Millor Pel\u00b7l\u00edcula Internacional amb &#8216;Alcarr\u00e0s&#8217;, amb la qual comparteix estil, tem\u00e0tica [&hellip;]<\/p>\n","protected":false},"author":1,"featured_media":17383,"comment_status":"open","ping_status":"open","sticky":false,"template":"","format":"standard","meta":{"_uag_custom_page_level_css":"","_jet_sm_ready_style":"","_jet_sm_style":"","_jet_sm_controls_values":"","_jet_sm_fonts_collection":"","_jet_sm_fonts_links":"","footnotes":""},"categories":[455],"tags":[],"class_list":["post-17391","post","type-post","status-publish","format-standard","has-post-thumbnail","hentry","category-noticies"],"yoast_head":"<!-- This site is optimized with the Yoast SEO plugin v27.5 - https:\/\/yoast.com\/product\/yoast-seo-wordpress\/ -->\n<title>Erige Sehiri porta el desig i la rebel\u00b7lia de les joves dones tunisianes a la pantalla en &#039;Entre las higueras\u2019 - Mostra de Val\u00e8ncia<\/title>\n<meta name=\"robots\" content=\"index, follow, max-snippet:-1, max-image-preview:large, max-video-preview:-1\" \/>\n<link rel=\"canonical\" href=\"https:\/\/lamostradevalencia.com\/ca\/erige-sehiri-porta-el-desig-i-la-rebel%c2%b7lia-de-les-joves-dones-tunisianes-a-la-pantalla-en-entre-las-higueras\/\" \/>\n<meta property=\"og:locale\" content=\"ca_ES\" \/>\n<meta property=\"og:type\" content=\"article\" \/>\n<meta property=\"og:title\" content=\"Erige Sehiri porta el desig i la rebel\u00b7lia de les joves dones tunisianes a la pantalla en &#039;Entre las higueras\u2019 - Mostra de Val\u00e8ncia\" \/>\n<meta property=\"og:description\" content=\"La pel\u00b7l\u00edcula, que competeix en la Mostra de Val\u00e8ncia, lluitar\u00e0 per l&#8217;Oscar a la Millor Pel\u00b7l\u00edcula Internacional amb &#8216;Alcarr\u00e0s&#8217;, amb la qual comparteix estil, tem\u00e0tica [&hellip;]\" \/>\n<meta property=\"og:url\" content=\"https:\/\/lamostradevalencia.com\/ca\/erige-sehiri-porta-el-desig-i-la-rebel%c2%b7lia-de-les-joves-dones-tunisianes-a-la-pantalla-en-entre-las-higueras\/\" \/>\n<meta property=\"og:site_name\" content=\"Mostra de Val\u00e8ncia\" \/>\n<meta property=\"article:published_time\" content=\"2022-10-25T07:17:00+00:00\" \/>\n<meta property=\"article:modified_time\" content=\"2022-10-25T16:50:14+00:00\" \/>\n<meta property=\"og:image\" content=\"https:\/\/lamostradevalencia.com\/wp-content\/uploads\/2022\/10\/sehiri.jpg\" \/>\n\t<meta property=\"og:image:width\" content=\"756\" \/>\n\t<meta property=\"og:image:height\" content=\"815\" \/>\n\t<meta property=\"og:image:type\" content=\"image\/jpeg\" \/>\n<meta name=\"author\" content=\"Mostra de Val\u00e8ncia\" \/>\n<meta name=\"twitter:card\" content=\"summary_large_image\" \/>\n<meta name=\"twitter:label1\" content=\"Escrit per\" \/>\n\t<meta name=\"twitter:data1\" content=\"Mostra de Val\u00e8ncia\" \/>\n\t<meta name=\"twitter:label2\" content=\"Temps estimat de lectura\" \/>\n\t<meta name=\"twitter:data2\" content=\"3 minuts\" \/>\n<script type=\"application\/ld+json\" class=\"yoast-schema-graph\">{\"@context\":\"https:\\\/\\\/schema.org\",\"@graph\":[{\"@type\":\"Article\",\"@id\":\"https:\\\/\\\/lamostradevalencia.com\\\/ca\\\/erige-sehiri-porta-el-desig-i-la-rebel%c2%b7lia-de-les-joves-dones-tunisianes-a-la-pantalla-en-entre-las-higueras\\\/#article\",\"isPartOf\":{\"@id\":\"https:\\\/\\\/lamostradevalencia.com\\\/ca\\\/erige-sehiri-porta-el-desig-i-la-rebel%c2%b7lia-de-les-joves-dones-tunisianes-a-la-pantalla-en-entre-las-higueras\\\/\"},\"author\":{\"name\":\"Mostra de Val\u00e8ncia\",\"@id\":\"https:\\\/\\\/lamostradevalencia.com\\\/ca\\\/#\\\/schema\\\/person\\\/1dc07e4df3d6310b81d2cdf6a034070c\"},\"headline\":\"Erige Sehiri porta el desig i la rebel\u00b7lia de les joves dones tunisianes a la pantalla en &#8216;Entre las higueras\u2019\",\"datePublished\":\"2022-10-25T07:17:00+00:00\",\"dateModified\":\"2022-10-25T16:50:14+00:00\",\"mainEntityOfPage\":{\"@id\":\"https:\\\/\\\/lamostradevalencia.com\\\/ca\\\/erige-sehiri-porta-el-desig-i-la-rebel%c2%b7lia-de-les-joves-dones-tunisianes-a-la-pantalla-en-entre-las-higueras\\\/\"},\"wordCount\":726,\"commentCount\":0,\"image\":{\"@id\":\"https:\\\/\\\/lamostradevalencia.com\\\/ca\\\/erige-sehiri-porta-el-desig-i-la-rebel%c2%b7lia-de-les-joves-dones-tunisianes-a-la-pantalla-en-entre-las-higueras\\\/#primaryimage\"},\"thumbnailUrl\":\"https:\\\/\\\/lamostradevalencia.com\\\/wp-content\\\/uploads\\\/2022\\\/10\\\/sehiri.jpg\",\"articleSection\":[\"Noticies\"],\"inLanguage\":\"ca\",\"potentialAction\":[{\"@type\":\"CommentAction\",\"name\":\"Comment\",\"target\":[\"https:\\\/\\\/lamostradevalencia.com\\\/ca\\\/erige-sehiri-porta-el-desig-i-la-rebel%c2%b7lia-de-les-joves-dones-tunisianes-a-la-pantalla-en-entre-las-higueras\\\/#respond\"]}]},{\"@type\":\"WebPage\",\"@id\":\"https:\\\/\\\/lamostradevalencia.com\\\/ca\\\/erige-sehiri-porta-el-desig-i-la-rebel%c2%b7lia-de-les-joves-dones-tunisianes-a-la-pantalla-en-entre-las-higueras\\\/\",\"url\":\"https:\\\/\\\/lamostradevalencia.com\\\/ca\\\/erige-sehiri-porta-el-desig-i-la-rebel%c2%b7lia-de-les-joves-dones-tunisianes-a-la-pantalla-en-entre-las-higueras\\\/\",\"name\":\"Erige Sehiri porta el desig i la rebel\u00b7lia de les joves dones tunisianes a la pantalla en 'Entre las higueras\u2019 - Mostra de Val\u00e8ncia\",\"isPartOf\":{\"@id\":\"https:\\\/\\\/lamostradevalencia.com\\\/ca\\\/#website\"},\"primaryImageOfPage\":{\"@id\":\"https:\\\/\\\/lamostradevalencia.com\\\/ca\\\/erige-sehiri-porta-el-desig-i-la-rebel%c2%b7lia-de-les-joves-dones-tunisianes-a-la-pantalla-en-entre-las-higueras\\\/#primaryimage\"},\"image\":{\"@id\":\"https:\\\/\\\/lamostradevalencia.com\\\/ca\\\/erige-sehiri-porta-el-desig-i-la-rebel%c2%b7lia-de-les-joves-dones-tunisianes-a-la-pantalla-en-entre-las-higueras\\\/#primaryimage\"},\"thumbnailUrl\":\"https:\\\/\\\/lamostradevalencia.com\\\/wp-content\\\/uploads\\\/2022\\\/10\\\/sehiri.jpg\",\"datePublished\":\"2022-10-25T07:17:00+00:00\",\"dateModified\":\"2022-10-25T16:50:14+00:00\",\"author\":{\"@id\":\"https:\\\/\\\/lamostradevalencia.com\\\/ca\\\/#\\\/schema\\\/person\\\/1dc07e4df3d6310b81d2cdf6a034070c\"},\"breadcrumb\":{\"@id\":\"https:\\\/\\\/lamostradevalencia.com\\\/ca\\\/erige-sehiri-porta-el-desig-i-la-rebel%c2%b7lia-de-les-joves-dones-tunisianes-a-la-pantalla-en-entre-las-higueras\\\/#breadcrumb\"},\"inLanguage\":\"ca\",\"potentialAction\":[{\"@type\":\"ReadAction\",\"target\":[\"https:\\\/\\\/lamostradevalencia.com\\\/ca\\\/erige-sehiri-porta-el-desig-i-la-rebel%c2%b7lia-de-les-joves-dones-tunisianes-a-la-pantalla-en-entre-las-higueras\\\/\"]}]},{\"@type\":\"ImageObject\",\"inLanguage\":\"ca\",\"@id\":\"https:\\\/\\\/lamostradevalencia.com\\\/ca\\\/erige-sehiri-porta-el-desig-i-la-rebel%c2%b7lia-de-les-joves-dones-tunisianes-a-la-pantalla-en-entre-las-higueras\\\/#primaryimage\",\"url\":\"https:\\\/\\\/lamostradevalencia.com\\\/wp-content\\\/uploads\\\/2022\\\/10\\\/sehiri.jpg\",\"contentUrl\":\"https:\\\/\\\/lamostradevalencia.com\\\/wp-content\\\/uploads\\\/2022\\\/10\\\/sehiri.jpg\",\"width\":756,\"height\":815},{\"@type\":\"BreadcrumbList\",\"@id\":\"https:\\\/\\\/lamostradevalencia.com\\\/ca\\\/erige-sehiri-porta-el-desig-i-la-rebel%c2%b7lia-de-les-joves-dones-tunisianes-a-la-pantalla-en-entre-las-higueras\\\/#breadcrumb\",\"itemListElement\":[{\"@type\":\"ListItem\",\"position\":1,\"name\":\"Portada\",\"item\":\"https:\\\/\\\/lamostradevalencia.com\\\/ca\\\/\"},{\"@type\":\"ListItem\",\"position\":2,\"name\":\"Erige Sehiri porta el desig i la rebel\u00b7lia de les joves dones tunisianes a la pantalla en &#8216;Entre las higueras\u2019\"}]},{\"@type\":\"WebSite\",\"@id\":\"https:\\\/\\\/lamostradevalencia.com\\\/ca\\\/#website\",\"url\":\"https:\\\/\\\/lamostradevalencia.com\\\/ca\\\/\",\"name\":\"Mostra de Val\u00e8ncia\",\"description\":\"Cinema del Mediterrani\",\"potentialAction\":[{\"@type\":\"SearchAction\",\"target\":{\"@type\":\"EntryPoint\",\"urlTemplate\":\"https:\\\/\\\/lamostradevalencia.com\\\/ca\\\/?s={search_term_string}\"},\"query-input\":{\"@type\":\"PropertyValueSpecification\",\"valueRequired\":true,\"valueName\":\"search_term_string\"}}],\"inLanguage\":\"ca\"},{\"@type\":\"Person\",\"@id\":\"https:\\\/\\\/lamostradevalencia.com\\\/ca\\\/#\\\/schema\\\/person\\\/1dc07e4df3d6310b81d2cdf6a034070c\",\"name\":\"Mostra de Val\u00e8ncia\",\"image\":{\"@type\":\"ImageObject\",\"inLanguage\":\"ca\",\"@id\":\"https:\\\/\\\/secure.gravatar.com\\\/avatar\\\/ada4dfd699a9907706987adb1bb2b361c2613ccca474b49b8c648de5208e32f8?s=96&d=mm&r=g\",\"url\":\"https:\\\/\\\/secure.gravatar.com\\\/avatar\\\/ada4dfd699a9907706987adb1bb2b361c2613ccca474b49b8c648de5208e32f8?s=96&d=mm&r=g\",\"contentUrl\":\"https:\\\/\\\/secure.gravatar.com\\\/avatar\\\/ada4dfd699a9907706987adb1bb2b361c2613ccca474b49b8c648de5208e32f8?s=96&d=mm&r=g\",\"caption\":\"Mostra de Val\u00e8ncia\"}}]}<\/script>\n<!-- \/ Yoast SEO plugin. -->","yoast_head_json":{"title":"Erige Sehiri porta el desig i la rebel\u00b7lia de les joves dones tunisianes a la pantalla en 'Entre las higueras\u2019 - Mostra de Val\u00e8ncia","robots":{"index":"index","follow":"follow","max-snippet":"max-snippet:-1","max-image-preview":"max-image-preview:large","max-video-preview":"max-video-preview:-1"},"canonical":"https:\/\/lamostradevalencia.com\/ca\/erige-sehiri-porta-el-desig-i-la-rebel%c2%b7lia-de-les-joves-dones-tunisianes-a-la-pantalla-en-entre-las-higueras\/","og_locale":"ca_ES","og_type":"article","og_title":"Erige Sehiri porta el desig i la rebel\u00b7lia de les joves dones tunisianes a la pantalla en 'Entre las higueras\u2019 - Mostra de Val\u00e8ncia","og_description":"La pel\u00b7l\u00edcula, que competeix en la Mostra de Val\u00e8ncia, lluitar\u00e0 per l&#8217;Oscar a la Millor Pel\u00b7l\u00edcula Internacional amb &#8216;Alcarr\u00e0s&#8217;, amb la qual comparteix estil, tem\u00e0tica [&hellip;]","og_url":"https:\/\/lamostradevalencia.com\/ca\/erige-sehiri-porta-el-desig-i-la-rebel%c2%b7lia-de-les-joves-dones-tunisianes-a-la-pantalla-en-entre-las-higueras\/","og_site_name":"Mostra de Val\u00e8ncia","article_published_time":"2022-10-25T07:17:00+00:00","article_modified_time":"2022-10-25T16:50:14+00:00","og_image":[{"width":756,"height":815,"url":"https:\/\/lamostradevalencia.com\/wp-content\/uploads\/2022\/10\/sehiri.jpg","type":"image\/jpeg"}],"author":"Mostra de Val\u00e8ncia","twitter_card":"summary_large_image","twitter_misc":{"Escrit per":"Mostra de Val\u00e8ncia","Temps estimat de lectura":"3 minuts"},"schema":{"@context":"https:\/\/schema.org","@graph":[{"@type":"Article","@id":"https:\/\/lamostradevalencia.com\/ca\/erige-sehiri-porta-el-desig-i-la-rebel%c2%b7lia-de-les-joves-dones-tunisianes-a-la-pantalla-en-entre-las-higueras\/#article","isPartOf":{"@id":"https:\/\/lamostradevalencia.com\/ca\/erige-sehiri-porta-el-desig-i-la-rebel%c2%b7lia-de-les-joves-dones-tunisianes-a-la-pantalla-en-entre-las-higueras\/"},"author":{"name":"Mostra de Val\u00e8ncia","@id":"https:\/\/lamostradevalencia.com\/ca\/#\/schema\/person\/1dc07e4df3d6310b81d2cdf6a034070c"},"headline":"Erige Sehiri porta el desig i la rebel\u00b7lia de les joves dones tunisianes a la pantalla en &#8216;Entre las higueras\u2019","datePublished":"2022-10-25T07:17:00+00:00","dateModified":"2022-10-25T16:50:14+00:00","mainEntityOfPage":{"@id":"https:\/\/lamostradevalencia.com\/ca\/erige-sehiri-porta-el-desig-i-la-rebel%c2%b7lia-de-les-joves-dones-tunisianes-a-la-pantalla-en-entre-las-higueras\/"},"wordCount":726,"commentCount":0,"image":{"@id":"https:\/\/lamostradevalencia.com\/ca\/erige-sehiri-porta-el-desig-i-la-rebel%c2%b7lia-de-les-joves-dones-tunisianes-a-la-pantalla-en-entre-las-higueras\/#primaryimage"},"thumbnailUrl":"https:\/\/lamostradevalencia.com\/wp-content\/uploads\/2022\/10\/sehiri.jpg","articleSection":["Noticies"],"inLanguage":"ca","potentialAction":[{"@type":"CommentAction","name":"Comment","target":["https:\/\/lamostradevalencia.com\/ca\/erige-sehiri-porta-el-desig-i-la-rebel%c2%b7lia-de-les-joves-dones-tunisianes-a-la-pantalla-en-entre-las-higueras\/#respond"]}]},{"@type":"WebPage","@id":"https:\/\/lamostradevalencia.com\/ca\/erige-sehiri-porta-el-desig-i-la-rebel%c2%b7lia-de-les-joves-dones-tunisianes-a-la-pantalla-en-entre-las-higueras\/","url":"https:\/\/lamostradevalencia.com\/ca\/erige-sehiri-porta-el-desig-i-la-rebel%c2%b7lia-de-les-joves-dones-tunisianes-a-la-pantalla-en-entre-las-higueras\/","name":"Erige Sehiri porta el desig i la rebel\u00b7lia de les joves dones tunisianes a la pantalla en 'Entre las higueras\u2019 - Mostra de Val\u00e8ncia","isPartOf":{"@id":"https:\/\/lamostradevalencia.com\/ca\/#website"},"primaryImageOfPage":{"@id":"https:\/\/lamostradevalencia.com\/ca\/erige-sehiri-porta-el-desig-i-la-rebel%c2%b7lia-de-les-joves-dones-tunisianes-a-la-pantalla-en-entre-las-higueras\/#primaryimage"},"image":{"@id":"https:\/\/lamostradevalencia.com\/ca\/erige-sehiri-porta-el-desig-i-la-rebel%c2%b7lia-de-les-joves-dones-tunisianes-a-la-pantalla-en-entre-las-higueras\/#primaryimage"},"thumbnailUrl":"https:\/\/lamostradevalencia.com\/wp-content\/uploads\/2022\/10\/sehiri.jpg","datePublished":"2022-10-25T07:17:00+00:00","dateModified":"2022-10-25T16:50:14+00:00","author":{"@id":"https:\/\/lamostradevalencia.com\/ca\/#\/schema\/person\/1dc07e4df3d6310b81d2cdf6a034070c"},"breadcrumb":{"@id":"https:\/\/lamostradevalencia.com\/ca\/erige-sehiri-porta-el-desig-i-la-rebel%c2%b7lia-de-les-joves-dones-tunisianes-a-la-pantalla-en-entre-las-higueras\/#breadcrumb"},"inLanguage":"ca","potentialAction":[{"@type":"ReadAction","target":["https:\/\/lamostradevalencia.com\/ca\/erige-sehiri-porta-el-desig-i-la-rebel%c2%b7lia-de-les-joves-dones-tunisianes-a-la-pantalla-en-entre-las-higueras\/"]}]},{"@type":"ImageObject","inLanguage":"ca","@id":"https:\/\/lamostradevalencia.com\/ca\/erige-sehiri-porta-el-desig-i-la-rebel%c2%b7lia-de-les-joves-dones-tunisianes-a-la-pantalla-en-entre-las-higueras\/#primaryimage","url":"https:\/\/lamostradevalencia.com\/wp-content\/uploads\/2022\/10\/sehiri.jpg","contentUrl":"https:\/\/lamostradevalencia.com\/wp-content\/uploads\/2022\/10\/sehiri.jpg","width":756,"height":815},{"@type":"BreadcrumbList","@id":"https:\/\/lamostradevalencia.com\/ca\/erige-sehiri-porta-el-desig-i-la-rebel%c2%b7lia-de-les-joves-dones-tunisianes-a-la-pantalla-en-entre-las-higueras\/#breadcrumb","itemListElement":[{"@type":"ListItem","position":1,"name":"Portada","item":"https:\/\/lamostradevalencia.com\/ca\/"},{"@type":"ListItem","position":2,"name":"Erige Sehiri porta el desig i la rebel\u00b7lia de les joves dones tunisianes a la pantalla en &#8216;Entre las higueras\u2019"}]},{"@type":"WebSite","@id":"https:\/\/lamostradevalencia.com\/ca\/#website","url":"https:\/\/lamostradevalencia.com\/ca\/","name":"Mostra de Val\u00e8ncia","description":"Cinema del Mediterrani","potentialAction":[{"@type":"SearchAction","target":{"@type":"EntryPoint","urlTemplate":"https:\/\/lamostradevalencia.com\/ca\/?s={search_term_string}"},"query-input":{"@type":"PropertyValueSpecification","valueRequired":true,"valueName":"search_term_string"}}],"inLanguage":"ca"},{"@type":"Person","@id":"https:\/\/lamostradevalencia.com\/ca\/#\/schema\/person\/1dc07e4df3d6310b81d2cdf6a034070c","name":"Mostra de Val\u00e8ncia","image":{"@type":"ImageObject","inLanguage":"ca","@id":"https:\/\/secure.gravatar.com\/avatar\/ada4dfd699a9907706987adb1bb2b361c2613ccca474b49b8c648de5208e32f8?s=96&d=mm&r=g","url":"https:\/\/secure.gravatar.com\/avatar\/ada4dfd699a9907706987adb1bb2b361c2613ccca474b49b8c648de5208e32f8?s=96&d=mm&r=g","contentUrl":"https:\/\/secure.gravatar.com\/avatar\/ada4dfd699a9907706987adb1bb2b361c2613ccca474b49b8c648de5208e32f8?s=96&d=mm&r=g","caption":"Mostra de Val\u00e8ncia"}}]}},"uagb_featured_image_src":{"full":["https:\/\/lamostradevalencia.com\/wp-content\/uploads\/2022\/10\/sehiri.jpg",756,815,false],"thumbnail":["https:\/\/lamostradevalencia.com\/wp-content\/uploads\/2022\/10\/sehiri-150x150.jpg",150,150,true],"medium":["https:\/\/lamostradevalencia.com\/wp-content\/uploads\/2022\/10\/sehiri-278x300.jpg",278,300,true],"medium_large":["https:\/\/lamostradevalencia.com\/wp-content\/uploads\/2022\/10\/sehiri.jpg",756,815,false],"large":["https:\/\/lamostradevalencia.com\/wp-content\/uploads\/2022\/10\/sehiri.jpg",756,815,false],"1536x1536":["https:\/\/lamostradevalencia.com\/wp-content\/uploads\/2022\/10\/sehiri.jpg",756,815,false],"2048x2048":["https:\/\/lamostradevalencia.com\/wp-content\/uploads\/2022\/10\/sehiri.jpg",756,815,false],"cinerama_edge_image_square":["https:\/\/lamostradevalencia.com\/wp-content\/uploads\/2022\/10\/sehiri-550x550.jpg",550,550,true],"cinerama_edge_image_landscape":["https:\/\/lamostradevalencia.com\/wp-content\/uploads\/2022\/10\/sehiri-756x550.jpg",756,550,true],"cinerama_edge_image_portrait":["https:\/\/lamostradevalencia.com\/wp-content\/uploads\/2022\/10\/sehiri-550x815.jpg",550,815,true],"cinerama_edge_image_huge":["https:\/\/lamostradevalencia.com\/wp-content\/uploads\/2022\/10\/sehiri.jpg",756,815,false],"gform-image-choice-sm":["https:\/\/lamostradevalencia.com\/wp-content\/uploads\/2022\/10\/sehiri.jpg",278,300,false],"gform-image-choice-md":["https:\/\/lamostradevalencia.com\/wp-content\/uploads\/2022\/10\/sehiri.jpg",371,400,false],"gform-image-choice-lg":["https:\/\/lamostradevalencia.com\/wp-content\/uploads\/2022\/10\/sehiri.jpg",557,600,false]},"uagb_author_info":{"display_name":"Mostra de Val\u00e8ncia","author_link":"https:\/\/lamostradevalencia.com\/ca\/author\/mostravalencia\/"},"uagb_comment_info":0,"uagb_excerpt":"La pel\u00b7l\u00edcula, que competeix en la Mostra de Val\u00e8ncia, lluitar\u00e0 per l&#8217;Oscar a la Millor Pel\u00b7l\u00edcula Internacional amb &#8216;Alcarr\u00e0s&#8217;, amb la qual comparteix estil, tem\u00e0tica [&hellip;]","_links":{"self":[{"href":"https:\/\/lamostradevalencia.com\/ca\/wp-json\/wp\/v2\/posts\/17391","targetHints":{"allow":["GET"]}}],"collection":[{"href":"https:\/\/lamostradevalencia.com\/ca\/wp-json\/wp\/v2\/posts"}],"about":[{"href":"https:\/\/lamostradevalencia.com\/ca\/wp-json\/wp\/v2\/types\/post"}],"author":[{"embeddable":true,"href":"https:\/\/lamostradevalencia.com\/ca\/wp-json\/wp\/v2\/users\/1"}],"replies":[{"embeddable":true,"href":"https:\/\/lamostradevalencia.com\/ca\/wp-json\/wp\/v2\/comments?post=17391"}],"version-history":[{"count":4,"href":"https:\/\/lamostradevalencia.com\/ca\/wp-json\/wp\/v2\/posts\/17391\/revisions"}],"predecessor-version":[{"id":17426,"href":"https:\/\/lamostradevalencia.com\/ca\/wp-json\/wp\/v2\/posts\/17391\/revisions\/17426"}],"wp:featuredmedia":[{"embeddable":true,"href":"https:\/\/lamostradevalencia.com\/ca\/wp-json\/wp\/v2\/media\/17383"}],"wp:attachment":[{"href":"https:\/\/lamostradevalencia.com\/ca\/wp-json\/wp\/v2\/media?parent=17391"}],"wp:term":[{"taxonomy":"category","embeddable":true,"href":"https:\/\/lamostradevalencia.com\/ca\/wp-json\/wp\/v2\/categories?post=17391"},{"taxonomy":"post_tag","embeddable":true,"href":"https:\/\/lamostradevalencia.com\/ca\/wp-json\/wp\/v2\/tags?post=17391"}],"curies":[{"name":"wp","href":"https:\/\/api.w.org\/{rel}","templated":true}]}}