{"id":17377,"date":"2022-10-24T16:32:33","date_gmt":"2022-10-24T14:32:33","guid":{"rendered":"https:\/\/lamostradevalencia.com\/?p=17377"},"modified":"2022-10-24T16:33:34","modified_gmt":"2022-10-24T14:33:34","slug":"the-worst-ones-es-un-intent-de-demostrar-que-les-pel%c2%b7licules-sociales-no-son-nomes-dures","status":"publish","type":"post","link":"https:\/\/lamostradevalencia.com\/ca\/the-worst-ones-es-un-intent-de-demostrar-que-les-pel%c2%b7licules-sociales-no-son-nomes-dures\/","title":{"rendered":"&#8220;&#8216;The worst ones&#8217; \u00e9s un intent de demostrar que les pel\u00b7l\u00edcules sociales no son nom\u00e9s dures&#8221;"},"content":{"rendered":"<h5>\u00c9l\u00e9onore Gurrey, co-guionista de la pel\u00b7l\u00edcula que va guanyar la secci\u00f3 Un Certain Regard en el passat Festival de Cannes, l&#8217;ha presentado a concurs de La Mostra<\/h5>\n<p>Este superb film sobre joventut, esperan\u00e7a i el poder del cine\u00a0est\u00e0\u00a0<strong>escrit a sis mans<\/strong>, les d&#8217;\u00c9l\u00e9onore Gurrey, Lise Akoka i Romane Gueret. Les dues \u00faltimes s\u00f3n tamb\u00e9 les directores de la cinta, guardonada amb el Gran Premi del Jurat en el programa Un Certain Regard de Cannes.<\/p>\n<p>El debut cinematogr\u00e0fic de les directores Akoka i Gueret afona les seues arrels i toca temes explorats en el seu curtmetratge \u2018Chasse Royale\u2019, guanyador de Cannes en 2016: \u201cEncara que la hist\u00f2ria est\u00e0 ambientada en el nord de Fran\u00e7a, esperem que els espectadors de la Mostra de Val\u00e8ncia se senten commoguts pel missatge universal de la pel\u00b7l\u00edcula\u201d.<\/p>\n<p>\u201cL&#8217;escriptura d&#8217;esta\u00a0cinta va durar quasi tres anys. Este tipus de<strong>\u00a0gui\u00f3 \u00e9s molt arriscat<\/strong>\u00a0perqu\u00e8 \u00e9s cinema sobre cinema, molt dif\u00edcil de produir. A m\u00e9s, no hi ha cap estrela. I \u00e9s una manera de q\u00fcestionar-se. Vaig haver de barallar molt per a conservar este\u00a0personatge del director, que no fora blanc o negre, que fora un \u00e9sser hum\u00e0 complex i amb les seues contradiccions\u201d, ha assegurat este\u00a0mat\u00ed a Val\u00e8ncia\u00a0<strong>\u00c9l\u00e9onore Gurrey.<\/strong><\/p>\n<p>La pel\u00b7l\u00edcula ens presenta a un director anomenat Gabriel -Johan Heldenbergh- intentant filmar un drama titulat \u2018To Piss Against the Northern Winds\u2019<strong>\u00a0la hist\u00f2ria del qual gira al voltant de la relaci\u00f3 entre una adolescent embarassada i el seu germ\u00e0 menor amb por a l&#8217;aband\u00f3.<\/strong>\u00a0Per a aix\u00f2, Gabriel recluta a joves actors i actrius no professionals d&#8217;escassos recursos, ori\u00fcnds de la localitat francesa de Picasso, situada en els suburbis de Boulogne-Sud-Mer. La pel\u00b7l\u00edcula es converteix aix\u00ed en una ficci\u00f3 sobre la filmaci\u00f3 d&#8217;una ficci\u00f3 el tema central de la qual \u00e9s la inf\u00e0ncia desfavorida.<\/p>\n<p>\u2018The worst ones\u2019 camina constantment per la corda fluixa entre la realitat i la ficci\u00f3, revelen les seues directores a la Mostra: \u201cTenim un gust pel cinema realista i busquem esta\u00a0porositat amb la vida. Un dels punts de partida va ser la nostra sensibilitat cap al m\u00f3n de la inf\u00e0ncia i el desig de q\u00fcestionar l&#8217;origen de la fascinaci\u00f3 que el cine\u00a0exercix sobre els xiquets dels barris que filmem\u201d. Gurrey ha destacat que en la pel\u00b7l\u00edcula \u201ces planteja fins a on cal arribar com a director per a fer una pel\u00b7l\u00edcula realista, planteja una pregunta moral sobre on estan els l\u00edmits\u201d.<\/p>\n<p>En anys recents hem vist una explosi\u00f3 de joves actors i actrius que han arribat a la ind\u00fastria del cinema per casualitat. \u2018The Worst Ones\u2019 no sols agrega m\u00e9s noms a esta\u00a0llista de talents, sin\u00f3 que a m\u00e9s funciona com una fascinant metaexploraci\u00f3\u00a0del proc\u00e9s cinematogr\u00e0fic de treballar amb la joventut, prenent com a punt central la relaci\u00f3 d&#8217;estos\u00a0amb el seu entorn social. Igual que en el seu anterior curtmetratge, les directores\u00a0\u00a0van fer de nou un\u00a0<strong>\u201cc\u00e0sting salvatge\u201d<\/strong>: \u201cBusquem la perla rara en un barri obrer, eixos\u00a0rostres que ens transformen per a tota la vida, talents que ens impulsaran. Ser testimoni de la florida d&#8217;un xiquet considerat el pitjor de la seua escola o barri\u00a0resulta meravell\u00f3s. No importa la seua formaci\u00f3 ni nivell d&#8217;educaci\u00f3, sin\u00f3 que el seu do innat transcendisca la l\u00f2gica de classe\u201d. Tot aix\u00f2 es condensa en el t\u00edtol d&#8217;esta\u00a0pel\u00b7l\u00edcula, segons expliquen: \u201c<strong>Els \u00faltims poden ser els primers<\/strong>, els pitjors poden convertir-se en els triats, en els herois, i ho diem com un homenatge a tots els xiquets que estan abatuts per la vida\u201d.<\/p>\n<p>La 37a Mostra de Val\u00e8ncia \u2013 Cinema del Mediterrani, que se celebra fins al 30 d&#8217;octubre, compta amb la col\u00b7laboraci\u00f3 de l&#8217;Institut Valenci\u00e0 de Cultura (IVC), Rambleta, Val\u00e8ncia Film Office, Barreira Arte + Dise\u00f1o\u00a0i \u00c0 Punt M\u00e8dia com a mitj\u00e0 oficial.<\/p>\n<p style=\"text-align: center;\"><strong>Pr\u00f2ximes projeccions\u00a0de \u2018The worst one\u2019 als Cines\u00a0Babel:<br \/>\nDimarts 25 a les 22.30h<br \/>\nDivendres 28 a les 20:00h<\/strong><\/p>\n","protected":false},"excerpt":{"rendered":"<p>\u00c9l\u00e9onore Gurrey, co-guionista de la pel\u00b7l\u00edcula que va guanyar la secci\u00f3 Un Certain Regard en el passat Festival de Cannes, l&#8217;ha presentado a concurs de [&hellip;]<\/p>\n","protected":false},"author":1,"featured_media":17373,"comment_status":"open","ping_status":"open","sticky":false,"template":"","format":"standard","meta":{"_uag_custom_page_level_css":"","_jet_sm_ready_style":"","_jet_sm_style":"","_jet_sm_controls_values":"","_jet_sm_fonts_collection":"","_jet_sm_fonts_links":"","footnotes":""},"categories":[455],"tags":[],"class_list":["post-17377","post","type-post","status-publish","format-standard","has-post-thumbnail","hentry","category-noticies"],"yoast_head":"<!-- This site is optimized with the Yoast SEO plugin v27.5 - https:\/\/yoast.com\/product\/yoast-seo-wordpress\/ -->\n<title>&quot;&#039;The worst ones&#039; \u00e9s un intent de demostrar que les pel\u00b7l\u00edcules sociales no son nom\u00e9s dures&quot; - Mostra de Val\u00e8ncia<\/title>\n<meta name=\"robots\" content=\"index, follow, max-snippet:-1, max-image-preview:large, max-video-preview:-1\" \/>\n<link rel=\"canonical\" href=\"https:\/\/lamostradevalencia.com\/ca\/the-worst-ones-es-un-intent-de-demostrar-que-les-pel%c2%b7licules-sociales-no-son-nomes-dures\/\" \/>\n<meta property=\"og:locale\" content=\"ca_ES\" \/>\n<meta property=\"og:type\" content=\"article\" \/>\n<meta property=\"og:title\" content=\"&quot;&#039;The worst ones&#039; \u00e9s un intent de demostrar que les pel\u00b7l\u00edcules sociales no son nom\u00e9s dures&quot; - Mostra de Val\u00e8ncia\" \/>\n<meta property=\"og:description\" content=\"\u00c9l\u00e9onore Gurrey, co-guionista de la pel\u00b7l\u00edcula que va guanyar la secci\u00f3 Un Certain Regard en el passat Festival de Cannes, l&#8217;ha presentado a concurs de [&hellip;]\" \/>\n<meta property=\"og:url\" content=\"https:\/\/lamostradevalencia.com\/ca\/the-worst-ones-es-un-intent-de-demostrar-que-les-pel%c2%b7licules-sociales-no-son-nomes-dures\/\" \/>\n<meta property=\"og:site_name\" content=\"Mostra de Val\u00e8ncia\" \/>\n<meta property=\"article:published_time\" content=\"2022-10-24T14:32:33+00:00\" \/>\n<meta property=\"article:modified_time\" content=\"2022-10-24T14:33:34+00:00\" \/>\n<meta property=\"og:image\" content=\"https:\/\/lamostradevalencia.com\/wp-content\/uploads\/2022\/10\/worst-one-ciutat.jpg\" \/>\n\t<meta property=\"og:image:width\" content=\"1088\" \/>\n\t<meta property=\"og:image:height\" content=\"731\" \/>\n\t<meta property=\"og:image:type\" content=\"image\/jpeg\" \/>\n<meta name=\"author\" content=\"Mostra de Val\u00e8ncia\" \/>\n<meta name=\"twitter:card\" content=\"summary_large_image\" \/>\n<meta name=\"twitter:label1\" content=\"Escrit per\" \/>\n\t<meta name=\"twitter:data1\" content=\"Mostra de Val\u00e8ncia\" \/>\n\t<meta name=\"twitter:label2\" content=\"Temps estimat de lectura\" \/>\n\t<meta name=\"twitter:data2\" content=\"3 minuts\" \/>\n<script type=\"application\/ld+json\" class=\"yoast-schema-graph\">{\"@context\":\"https:\\\/\\\/schema.org\",\"@graph\":[{\"@type\":\"Article\",\"@id\":\"https:\\\/\\\/lamostradevalencia.com\\\/ca\\\/the-worst-ones-es-un-intent-de-demostrar-que-les-pel%c2%b7licules-sociales-no-son-nomes-dures\\\/#article\",\"isPartOf\":{\"@id\":\"https:\\\/\\\/lamostradevalencia.com\\\/ca\\\/the-worst-ones-es-un-intent-de-demostrar-que-les-pel%c2%b7licules-sociales-no-son-nomes-dures\\\/\"},\"author\":{\"name\":\"Mostra de Val\u00e8ncia\",\"@id\":\"https:\\\/\\\/lamostradevalencia.com\\\/ca\\\/#\\\/schema\\\/person\\\/1dc07e4df3d6310b81d2cdf6a034070c\"},\"headline\":\"&#8220;&#8216;The worst ones&#8217; \u00e9s un intent de demostrar que les pel\u00b7l\u00edcules sociales no son nom\u00e9s dures&#8221;\",\"datePublished\":\"2022-10-24T14:32:33+00:00\",\"dateModified\":\"2022-10-24T14:33:34+00:00\",\"mainEntityOfPage\":{\"@id\":\"https:\\\/\\\/lamostradevalencia.com\\\/ca\\\/the-worst-ones-es-un-intent-de-demostrar-que-les-pel%c2%b7licules-sociales-no-son-nomes-dures\\\/\"},\"wordCount\":724,\"commentCount\":0,\"image\":{\"@id\":\"https:\\\/\\\/lamostradevalencia.com\\\/ca\\\/the-worst-ones-es-un-intent-de-demostrar-que-les-pel%c2%b7licules-sociales-no-son-nomes-dures\\\/#primaryimage\"},\"thumbnailUrl\":\"https:\\\/\\\/lamostradevalencia.com\\\/wp-content\\\/uploads\\\/2022\\\/10\\\/worst-one-ciutat.jpg\",\"articleSection\":[\"Noticies\"],\"inLanguage\":\"ca\",\"potentialAction\":[{\"@type\":\"CommentAction\",\"name\":\"Comment\",\"target\":[\"https:\\\/\\\/lamostradevalencia.com\\\/ca\\\/the-worst-ones-es-un-intent-de-demostrar-que-les-pel%c2%b7licules-sociales-no-son-nomes-dures\\\/#respond\"]}]},{\"@type\":\"WebPage\",\"@id\":\"https:\\\/\\\/lamostradevalencia.com\\\/ca\\\/the-worst-ones-es-un-intent-de-demostrar-que-les-pel%c2%b7licules-sociales-no-son-nomes-dures\\\/\",\"url\":\"https:\\\/\\\/lamostradevalencia.com\\\/ca\\\/the-worst-ones-es-un-intent-de-demostrar-que-les-pel%c2%b7licules-sociales-no-son-nomes-dures\\\/\",\"name\":\"\\\"'The worst ones' \u00e9s un intent de demostrar que les pel\u00b7l\u00edcules sociales no son nom\u00e9s dures\\\" - Mostra de Val\u00e8ncia\",\"isPartOf\":{\"@id\":\"https:\\\/\\\/lamostradevalencia.com\\\/ca\\\/#website\"},\"primaryImageOfPage\":{\"@id\":\"https:\\\/\\\/lamostradevalencia.com\\\/ca\\\/the-worst-ones-es-un-intent-de-demostrar-que-les-pel%c2%b7licules-sociales-no-son-nomes-dures\\\/#primaryimage\"},\"image\":{\"@id\":\"https:\\\/\\\/lamostradevalencia.com\\\/ca\\\/the-worst-ones-es-un-intent-de-demostrar-que-les-pel%c2%b7licules-sociales-no-son-nomes-dures\\\/#primaryimage\"},\"thumbnailUrl\":\"https:\\\/\\\/lamostradevalencia.com\\\/wp-content\\\/uploads\\\/2022\\\/10\\\/worst-one-ciutat.jpg\",\"datePublished\":\"2022-10-24T14:32:33+00:00\",\"dateModified\":\"2022-10-24T14:33:34+00:00\",\"author\":{\"@id\":\"https:\\\/\\\/lamostradevalencia.com\\\/ca\\\/#\\\/schema\\\/person\\\/1dc07e4df3d6310b81d2cdf6a034070c\"},\"breadcrumb\":{\"@id\":\"https:\\\/\\\/lamostradevalencia.com\\\/ca\\\/the-worst-ones-es-un-intent-de-demostrar-que-les-pel%c2%b7licules-sociales-no-son-nomes-dures\\\/#breadcrumb\"},\"inLanguage\":\"ca\",\"potentialAction\":[{\"@type\":\"ReadAction\",\"target\":[\"https:\\\/\\\/lamostradevalencia.com\\\/ca\\\/the-worst-ones-es-un-intent-de-demostrar-que-les-pel%c2%b7licules-sociales-no-son-nomes-dures\\\/\"]}]},{\"@type\":\"ImageObject\",\"inLanguage\":\"ca\",\"@id\":\"https:\\\/\\\/lamostradevalencia.com\\\/ca\\\/the-worst-ones-es-un-intent-de-demostrar-que-les-pel%c2%b7licules-sociales-no-son-nomes-dures\\\/#primaryimage\",\"url\":\"https:\\\/\\\/lamostradevalencia.com\\\/wp-content\\\/uploads\\\/2022\\\/10\\\/worst-one-ciutat.jpg\",\"contentUrl\":\"https:\\\/\\\/lamostradevalencia.com\\\/wp-content\\\/uploads\\\/2022\\\/10\\\/worst-one-ciutat.jpg\",\"width\":1088,\"height\":731},{\"@type\":\"BreadcrumbList\",\"@id\":\"https:\\\/\\\/lamostradevalencia.com\\\/ca\\\/the-worst-ones-es-un-intent-de-demostrar-que-les-pel%c2%b7licules-sociales-no-son-nomes-dures\\\/#breadcrumb\",\"itemListElement\":[{\"@type\":\"ListItem\",\"position\":1,\"name\":\"Portada\",\"item\":\"https:\\\/\\\/lamostradevalencia.com\\\/ca\\\/\"},{\"@type\":\"ListItem\",\"position\":2,\"name\":\"\u00ab&#8216;The worst ones&#8217; \u00e9s un intent de demostrar que les pel\u00b7l\u00edcules sociales no son nom\u00e9s dures\u00bb\"}]},{\"@type\":\"WebSite\",\"@id\":\"https:\\\/\\\/lamostradevalencia.com\\\/ca\\\/#website\",\"url\":\"https:\\\/\\\/lamostradevalencia.com\\\/ca\\\/\",\"name\":\"Mostra de Val\u00e8ncia\",\"description\":\"Cinema del Mediterrani\",\"potentialAction\":[{\"@type\":\"SearchAction\",\"target\":{\"@type\":\"EntryPoint\",\"urlTemplate\":\"https:\\\/\\\/lamostradevalencia.com\\\/ca\\\/?s={search_term_string}\"},\"query-input\":{\"@type\":\"PropertyValueSpecification\",\"valueRequired\":true,\"valueName\":\"search_term_string\"}}],\"inLanguage\":\"ca\"},{\"@type\":\"Person\",\"@id\":\"https:\\\/\\\/lamostradevalencia.com\\\/ca\\\/#\\\/schema\\\/person\\\/1dc07e4df3d6310b81d2cdf6a034070c\",\"name\":\"Mostra de Val\u00e8ncia\",\"image\":{\"@type\":\"ImageObject\",\"inLanguage\":\"ca\",\"@id\":\"https:\\\/\\\/secure.gravatar.com\\\/avatar\\\/ada4dfd699a9907706987adb1bb2b361c2613ccca474b49b8c648de5208e32f8?s=96&d=mm&r=g\",\"url\":\"https:\\\/\\\/secure.gravatar.com\\\/avatar\\\/ada4dfd699a9907706987adb1bb2b361c2613ccca474b49b8c648de5208e32f8?s=96&d=mm&r=g\",\"contentUrl\":\"https:\\\/\\\/secure.gravatar.com\\\/avatar\\\/ada4dfd699a9907706987adb1bb2b361c2613ccca474b49b8c648de5208e32f8?s=96&d=mm&r=g\",\"caption\":\"Mostra de Val\u00e8ncia\"}}]}<\/script>\n<!-- \/ Yoast SEO plugin. -->","yoast_head_json":{"title":"\"'The worst ones' \u00e9s un intent de demostrar que les pel\u00b7l\u00edcules sociales no son nom\u00e9s dures\" - Mostra de Val\u00e8ncia","robots":{"index":"index","follow":"follow","max-snippet":"max-snippet:-1","max-image-preview":"max-image-preview:large","max-video-preview":"max-video-preview:-1"},"canonical":"https:\/\/lamostradevalencia.com\/ca\/the-worst-ones-es-un-intent-de-demostrar-que-les-pel%c2%b7licules-sociales-no-son-nomes-dures\/","og_locale":"ca_ES","og_type":"article","og_title":"\"'The worst ones' \u00e9s un intent de demostrar que les pel\u00b7l\u00edcules sociales no son nom\u00e9s dures\" - Mostra de Val\u00e8ncia","og_description":"\u00c9l\u00e9onore Gurrey, co-guionista de la pel\u00b7l\u00edcula que va guanyar la secci\u00f3 Un Certain Regard en el passat Festival de Cannes, l&#8217;ha presentado a concurs de [&hellip;]","og_url":"https:\/\/lamostradevalencia.com\/ca\/the-worst-ones-es-un-intent-de-demostrar-que-les-pel%c2%b7licules-sociales-no-son-nomes-dures\/","og_site_name":"Mostra de Val\u00e8ncia","article_published_time":"2022-10-24T14:32:33+00:00","article_modified_time":"2022-10-24T14:33:34+00:00","og_image":[{"width":1088,"height":731,"url":"https:\/\/lamostradevalencia.com\/wp-content\/uploads\/2022\/10\/worst-one-ciutat.jpg","type":"image\/jpeg"}],"author":"Mostra de Val\u00e8ncia","twitter_card":"summary_large_image","twitter_misc":{"Escrit per":"Mostra de Val\u00e8ncia","Temps estimat de lectura":"3 minuts"},"schema":{"@context":"https:\/\/schema.org","@graph":[{"@type":"Article","@id":"https:\/\/lamostradevalencia.com\/ca\/the-worst-ones-es-un-intent-de-demostrar-que-les-pel%c2%b7licules-sociales-no-son-nomes-dures\/#article","isPartOf":{"@id":"https:\/\/lamostradevalencia.com\/ca\/the-worst-ones-es-un-intent-de-demostrar-que-les-pel%c2%b7licules-sociales-no-son-nomes-dures\/"},"author":{"name":"Mostra de Val\u00e8ncia","@id":"https:\/\/lamostradevalencia.com\/ca\/#\/schema\/person\/1dc07e4df3d6310b81d2cdf6a034070c"},"headline":"&#8220;&#8216;The worst ones&#8217; \u00e9s un intent de demostrar que les pel\u00b7l\u00edcules sociales no son nom\u00e9s dures&#8221;","datePublished":"2022-10-24T14:32:33+00:00","dateModified":"2022-10-24T14:33:34+00:00","mainEntityOfPage":{"@id":"https:\/\/lamostradevalencia.com\/ca\/the-worst-ones-es-un-intent-de-demostrar-que-les-pel%c2%b7licules-sociales-no-son-nomes-dures\/"},"wordCount":724,"commentCount":0,"image":{"@id":"https:\/\/lamostradevalencia.com\/ca\/the-worst-ones-es-un-intent-de-demostrar-que-les-pel%c2%b7licules-sociales-no-son-nomes-dures\/#primaryimage"},"thumbnailUrl":"https:\/\/lamostradevalencia.com\/wp-content\/uploads\/2022\/10\/worst-one-ciutat.jpg","articleSection":["Noticies"],"inLanguage":"ca","potentialAction":[{"@type":"CommentAction","name":"Comment","target":["https:\/\/lamostradevalencia.com\/ca\/the-worst-ones-es-un-intent-de-demostrar-que-les-pel%c2%b7licules-sociales-no-son-nomes-dures\/#respond"]}]},{"@type":"WebPage","@id":"https:\/\/lamostradevalencia.com\/ca\/the-worst-ones-es-un-intent-de-demostrar-que-les-pel%c2%b7licules-sociales-no-son-nomes-dures\/","url":"https:\/\/lamostradevalencia.com\/ca\/the-worst-ones-es-un-intent-de-demostrar-que-les-pel%c2%b7licules-sociales-no-son-nomes-dures\/","name":"\"'The worst ones' \u00e9s un intent de demostrar que les pel\u00b7l\u00edcules sociales no son nom\u00e9s dures\" - Mostra de Val\u00e8ncia","isPartOf":{"@id":"https:\/\/lamostradevalencia.com\/ca\/#website"},"primaryImageOfPage":{"@id":"https:\/\/lamostradevalencia.com\/ca\/the-worst-ones-es-un-intent-de-demostrar-que-les-pel%c2%b7licules-sociales-no-son-nomes-dures\/#primaryimage"},"image":{"@id":"https:\/\/lamostradevalencia.com\/ca\/the-worst-ones-es-un-intent-de-demostrar-que-les-pel%c2%b7licules-sociales-no-son-nomes-dures\/#primaryimage"},"thumbnailUrl":"https:\/\/lamostradevalencia.com\/wp-content\/uploads\/2022\/10\/worst-one-ciutat.jpg","datePublished":"2022-10-24T14:32:33+00:00","dateModified":"2022-10-24T14:33:34+00:00","author":{"@id":"https:\/\/lamostradevalencia.com\/ca\/#\/schema\/person\/1dc07e4df3d6310b81d2cdf6a034070c"},"breadcrumb":{"@id":"https:\/\/lamostradevalencia.com\/ca\/the-worst-ones-es-un-intent-de-demostrar-que-les-pel%c2%b7licules-sociales-no-son-nomes-dures\/#breadcrumb"},"inLanguage":"ca","potentialAction":[{"@type":"ReadAction","target":["https:\/\/lamostradevalencia.com\/ca\/the-worst-ones-es-un-intent-de-demostrar-que-les-pel%c2%b7licules-sociales-no-son-nomes-dures\/"]}]},{"@type":"ImageObject","inLanguage":"ca","@id":"https:\/\/lamostradevalencia.com\/ca\/the-worst-ones-es-un-intent-de-demostrar-que-les-pel%c2%b7licules-sociales-no-son-nomes-dures\/#primaryimage","url":"https:\/\/lamostradevalencia.com\/wp-content\/uploads\/2022\/10\/worst-one-ciutat.jpg","contentUrl":"https:\/\/lamostradevalencia.com\/wp-content\/uploads\/2022\/10\/worst-one-ciutat.jpg","width":1088,"height":731},{"@type":"BreadcrumbList","@id":"https:\/\/lamostradevalencia.com\/ca\/the-worst-ones-es-un-intent-de-demostrar-que-les-pel%c2%b7licules-sociales-no-son-nomes-dures\/#breadcrumb","itemListElement":[{"@type":"ListItem","position":1,"name":"Portada","item":"https:\/\/lamostradevalencia.com\/ca\/"},{"@type":"ListItem","position":2,"name":"\u00ab&#8216;The worst ones&#8217; \u00e9s un intent de demostrar que les pel\u00b7l\u00edcules sociales no son nom\u00e9s dures\u00bb"}]},{"@type":"WebSite","@id":"https:\/\/lamostradevalencia.com\/ca\/#website","url":"https:\/\/lamostradevalencia.com\/ca\/","name":"Mostra de Val\u00e8ncia","description":"Cinema del Mediterrani","potentialAction":[{"@type":"SearchAction","target":{"@type":"EntryPoint","urlTemplate":"https:\/\/lamostradevalencia.com\/ca\/?s={search_term_string}"},"query-input":{"@type":"PropertyValueSpecification","valueRequired":true,"valueName":"search_term_string"}}],"inLanguage":"ca"},{"@type":"Person","@id":"https:\/\/lamostradevalencia.com\/ca\/#\/schema\/person\/1dc07e4df3d6310b81d2cdf6a034070c","name":"Mostra de Val\u00e8ncia","image":{"@type":"ImageObject","inLanguage":"ca","@id":"https:\/\/secure.gravatar.com\/avatar\/ada4dfd699a9907706987adb1bb2b361c2613ccca474b49b8c648de5208e32f8?s=96&d=mm&r=g","url":"https:\/\/secure.gravatar.com\/avatar\/ada4dfd699a9907706987adb1bb2b361c2613ccca474b49b8c648de5208e32f8?s=96&d=mm&r=g","contentUrl":"https:\/\/secure.gravatar.com\/avatar\/ada4dfd699a9907706987adb1bb2b361c2613ccca474b49b8c648de5208e32f8?s=96&d=mm&r=g","caption":"Mostra de Val\u00e8ncia"}}]}},"uagb_featured_image_src":{"full":["https:\/\/lamostradevalencia.com\/wp-content\/uploads\/2022\/10\/worst-one-ciutat.jpg",1088,731,false],"thumbnail":["https:\/\/lamostradevalencia.com\/wp-content\/uploads\/2022\/10\/worst-one-ciutat-150x150.jpg",150,150,true],"medium":["https:\/\/lamostradevalencia.com\/wp-content\/uploads\/2022\/10\/worst-one-ciutat-300x202.jpg",300,202,true],"medium_large":["https:\/\/lamostradevalencia.com\/wp-content\/uploads\/2022\/10\/worst-one-ciutat-768x516.jpg",768,516,true],"large":["https:\/\/lamostradevalencia.com\/wp-content\/uploads\/2022\/10\/worst-one-ciutat-1024x688.jpg",1024,688,true],"1536x1536":["https:\/\/lamostradevalencia.com\/wp-content\/uploads\/2022\/10\/worst-one-ciutat.jpg",1088,731,false],"2048x2048":["https:\/\/lamostradevalencia.com\/wp-content\/uploads\/2022\/10\/worst-one-ciutat.jpg",1088,731,false],"cinerama_edge_image_square":["https:\/\/lamostradevalencia.com\/wp-content\/uploads\/2022\/10\/worst-one-ciutat-550x550.jpg",550,550,true],"cinerama_edge_image_landscape":["https:\/\/lamostradevalencia.com\/wp-content\/uploads\/2022\/10\/worst-one-ciutat-1088x550.jpg",1088,550,true],"cinerama_edge_image_portrait":["https:\/\/lamostradevalencia.com\/wp-content\/uploads\/2022\/10\/worst-one-ciutat-550x731.jpg",550,731,true],"cinerama_edge_image_huge":["https:\/\/lamostradevalencia.com\/wp-content\/uploads\/2022\/10\/worst-one-ciutat.jpg",1088,731,false],"gform-image-choice-sm":["https:\/\/lamostradevalencia.com\/wp-content\/uploads\/2022\/10\/worst-one-ciutat.jpg",300,202,false],"gform-image-choice-md":["https:\/\/lamostradevalencia.com\/wp-content\/uploads\/2022\/10\/worst-one-ciutat.jpg",400,269,false],"gform-image-choice-lg":["https:\/\/lamostradevalencia.com\/wp-content\/uploads\/2022\/10\/worst-one-ciutat.jpg",600,403,false]},"uagb_author_info":{"display_name":"Mostra de Val\u00e8ncia","author_link":"https:\/\/lamostradevalencia.com\/ca\/author\/mostravalencia\/"},"uagb_comment_info":0,"uagb_excerpt":"\u00c9l\u00e9onore Gurrey, co-guionista de la pel\u00b7l\u00edcula que va guanyar la secci\u00f3 Un Certain Regard en el passat Festival de Cannes, l&#8217;ha presentado a concurs de [&hellip;]","_links":{"self":[{"href":"https:\/\/lamostradevalencia.com\/ca\/wp-json\/wp\/v2\/posts\/17377","targetHints":{"allow":["GET"]}}],"collection":[{"href":"https:\/\/lamostradevalencia.com\/ca\/wp-json\/wp\/v2\/posts"}],"about":[{"href":"https:\/\/lamostradevalencia.com\/ca\/wp-json\/wp\/v2\/types\/post"}],"author":[{"embeddable":true,"href":"https:\/\/lamostradevalencia.com\/ca\/wp-json\/wp\/v2\/users\/1"}],"replies":[{"embeddable":true,"href":"https:\/\/lamostradevalencia.com\/ca\/wp-json\/wp\/v2\/comments?post=17377"}],"version-history":[{"count":1,"href":"https:\/\/lamostradevalencia.com\/ca\/wp-json\/wp\/v2\/posts\/17377\/revisions"}],"predecessor-version":[{"id":17378,"href":"https:\/\/lamostradevalencia.com\/ca\/wp-json\/wp\/v2\/posts\/17377\/revisions\/17378"}],"wp:featuredmedia":[{"embeddable":true,"href":"https:\/\/lamostradevalencia.com\/ca\/wp-json\/wp\/v2\/media\/17373"}],"wp:attachment":[{"href":"https:\/\/lamostradevalencia.com\/ca\/wp-json\/wp\/v2\/media?parent=17377"}],"wp:term":[{"taxonomy":"category","embeddable":true,"href":"https:\/\/lamostradevalencia.com\/ca\/wp-json\/wp\/v2\/categories?post=17377"},{"taxonomy":"post_tag","embeddable":true,"href":"https:\/\/lamostradevalencia.com\/ca\/wp-json\/wp\/v2\/tags?post=17377"}],"curies":[{"name":"wp","href":"https:\/\/api.w.org\/{rel}","templated":true}]}}