{"id":17354,"date":"2022-10-24T14:09:47","date_gmt":"2022-10-24T12:09:47","guid":{"rendered":"https:\/\/lamostradevalencia.com\/?p=17354"},"modified":"2022-10-24T14:11:16","modified_gmt":"2022-10-24T12:11:16","slug":"valencia-film-afers-intensifica-las-relaciones-entre-productores-de-paises-mediterraneos","status":"publish","type":"post","link":"https:\/\/lamostradevalencia.com\/ca\/valencia-film-afers-intensifica-las-relaciones-entre-productores-de-paises-mediterraneos\/","title":{"rendered":"Val\u00e9ncia Film Afers intensifica les relacions entre productors de pa\u00efsos mediterranis"},"content":{"rendered":"<p>El primer f\u00f2rum de coproducci\u00f3 de la Mostra de Val\u00e8ncia s&#8217;ha celebrat este cap de setmana en el Centre Barreira<\/p>\n<p><span style=\"font-weight: 400;\"><strong>Val\u00e8ncia Film Afers<\/strong>, el f\u00f2rum de coproducci\u00f3 de la Mostra de Val\u00e8ncia va celebrar la seua primera edici\u00f3 este cap de setmana amb una trobada intensiva de productors mediterranis convidats i, per un altre, els representants dels deu projectes seleccionats per l&#8217;organitzaci\u00f3. A m\u00e9s, s&#8217;ha complementat amb classes magistrals orientades al llan\u00e7ament internacional d&#8217;una pel\u00b7l\u00edcula, el seu recorregut per festivals o f\u00f3rmules de coproducci\u00f3 impartides per expertes com<strong>\u00a0Rosa Bosch.<\/strong><\/span><br style=\"font-weight: 400;\" \/><br style=\"font-weight: 400;\" \/><span style=\"font-weight: 400;\">El Centre d&#8217;Estudis Superiors Barreira, la seu valenciana del prestigi\u00f3s Centre Sperimentale di Cinematografia de Roma, \u00fanica fora d&#8217;It\u00e0lia, va albergar la trobada. La primera cita per a tots va ser un\u00a0<\/span><span style=\"font-weight: 400;\">pitch, \u00e9s a dir, una breu presentaci\u00f3 dels deu projectes seleccionats a tots els convidats per part dels seus productors i\/o directors. Es va poder comprovar la diversitat d&#8217;enfocaments, tem\u00e0tiques i tamb\u00e9 els diferents estats de desenvolupament dels t\u00edtols triats. Per exemple, en el cas de la producci\u00f3<\/span><strong>\u00a0&#8216;A day in march&#8217;\u00a0<\/strong><span style=\"font-weight: 400;\">nom\u00e9s es van poder veure dibuixos dels personatges principals. La productora valenciana\u00a0<\/span><strong>Giovanna Ribes<\/strong><span style=\"font-weight: 400;\">\u00a0va introduir a<\/span><strong>\u00a0la directora turca \u00c7i\u011fdem Sezgin<\/strong><span style=\"font-weight: 400;\">, amb qui ja van col\u00b7laborar en<\/span><strong>\u00a0&#8216;Suna&#8217;,<\/strong><span style=\"font-weight: 400;\">\u00a0anterior pel\u00b7l\u00edcula. No obstant aix\u00f2, d&#8217;uns altres es van poder visualitzar fragments d&#8217;una primera versi\u00f3 del muntatge. Este \u00e9s el cas de\u00a0<\/span><strong>&#8217;50 meters&#8217;,<\/strong><span style=\"font-weight: 400;\">\u00a0en qu\u00e8 l&#8217;eg\u00edpcia\u00a0<\/span><strong>Yomna Khattab<\/strong><span style=\"font-weight: 400;\">\u00a0s&#8217;endinsa en la vida paral\u00b7lela del seu pare recentment jubilat per a submergir-se en els relats de la seua generaci\u00f3 i reflexionar sobre el seu propi futur; el mateix que\u00a0<\/span><strong>&#8216;A state of distraction&#8217;,<\/strong><span style=\"font-weight: 400;\">\u00a0una com\u00e8dia en la qual el liban\u00e9s\u00a0<\/span><strong>Elie Khalife<\/strong><span style=\"font-weight: 400;\">\u00a0ficciona en clau d&#8217;humor com fer cinema en un L\u00edban a la vora del col\u00b7lapse fent front a tota mena de desafiaments. \u201c\u00c9s la primera vegada que he compartit un fragment de la pel\u00b7l\u00edcula en p\u00fablic i em vaig satisfet en comprovar que la com\u00e8dia funciona des del principi\u201d. El liban\u00e9s es felicita tamb\u00e9 perqu\u00e8 \u201cno hi ha hagut rivalitat entre els productors amb pel\u00b7l\u00edcules seleccionades, hem funcionat com una gran fam\u00edlia\u201d. Una altra com\u00e8dia amb tint social que es va presentar des del mateix pa\u00eds va ser\u00a0<\/span><strong>&#8216;The sad life of happy pig!<\/strong><span style=\"font-weight: 400;\">&#8216;, de\u00a0<\/span><strong>Christy Whaibe,<\/strong><span style=\"font-weight: 400;\">\u00a0protagonitzada per un xic que treballa disfressant-se de mascotes en esdeveniments i que decideix venjar la mort del seu pare, assassinat per un pol\u00edtic.<\/span><br style=\"font-weight: 400;\" \/><span style=\"font-weight: 400;\">\u00a0<\/span><br style=\"font-weight: 400;\" \/><span style=\"font-weight: 400;\">Despr\u00e9s es va passar a les trobades individuals\u00a0<\/span><span style=\"font-weight: 400;\">(<\/span><em style=\"font-weight: 400;\">one-to-one<\/em><span style=\"font-weight: 400;\">) entre els equips de les pel\u00b7l\u00edcules i els productors convidats, entre els quals figuraven noms com\u00a0<\/span><strong>Thanassis Karathanos, Roman Paul, Habib Attia, Nadia Turincev, Marina Perales Marhuenda, Rafa Mol\u00e9s, Jessica Khoury o Felipe Lag<\/strong><span style=\"font-weight: 400;\">e.\u00a0<\/span><span style=\"font-weight: 400;\">Els projectes espanyols van trobar una bona recepci\u00f3, segons confirmen els seus productors. \u00c9s el cas de\u00a0<strong>&#8216;Alegre y ol\u00e9&#8217;,<\/strong>\u00a0que signa la directora\u00a0<strong>Clara Santaolaya<\/strong>\u00a0sota el paraigua de la productora val\u00b7lisoletana\u00a0<strong>Batiak Films<\/strong>\u00a0al costat de les peruanes\u00a0<strong>La Soga Producciones y Suena el Per\u00fa<\/strong>. Un drama el rodatge del qual es projecta al nostre pa\u00eds per a retratar el relat vital d&#8217;una xica amb problemes que inicia un viatge emocional amb el seu avi malalt d&#8217;Alzheimer. La productora valenciana<\/span><span style=\"font-weight: 400;\">\u00a0Paloma Mora, que va presentar dos projectes, confirma que compta ja amb coproducci\u00f3 internacional per a tots dos, per\u00f2 buscava m\u00e9s c\u00f2mplices. Una d&#8217;elles \u00e9s la versi\u00f3 cinematogr\u00e0fica de la hist\u00f2ria de\u00a0<\/span><strong>\u201cLa Pastora\u201d, &#8216;L&#8217;Aguait&#8217;, de Marc Ortiz Prades,<\/strong><span style=\"font-weight: 400;\">\u00a0que busca desmitificar la figura de Teresa\/Durriti i Florencio, que aix\u00ed es va con\u00e9ixer al maqui intersexual que va haver de convertir-se en bandoler.\u00a0<\/span><span style=\"font-weight: 400;\">L&#8217;altra \u00e9s<\/span><span style=\"font-weight: 400;\">\u00a0<\/span><strong>&#8216;Xiqueta&#8217;, de Gabriel Ochoa<\/strong><span style=\"font-weight: 400;\">, una hist\u00f2ria d&#8217;amor entre dues dones que es forja en la maduresa despr\u00e9s d&#8217;una vida heterosexual fins llavors, ambientada en una urbanitzaci\u00f3 d&#8217;estiu al 1987 i que es rodar\u00e0 este juliol a Castell\u00f3, Sot de Ferrer o Sogorb.<\/span><br style=\"font-weight: 400;\" \/><br style=\"font-weight: 400;\" \/><span style=\"font-weight: 400;\">Des de Portugal estava seleccionada\u00a0<strong>&#8216;<\/strong><\/span><strong>Savanna and the mountain<\/strong><span style=\"font-weight: 400;\">&#8216;, dirigida per\u00a0<\/span><strong>Paulo Carneiro. L<\/strong><span style=\"font-weight: 400;\">&#8216;equip de la pel\u00b7l\u00edcula mostra la seua satisfacci\u00f3 davant el f\u00f2rum: \u201cA Portugal, en f\u00f2rums com este, despr\u00e9s del pitch, nom\u00e9s tens trobades individuals amb aquells interessats en el teu projecte; per\u00f2 ac\u00ed ens hem pogut reunir amb tots els productors convidats. Amb alguns pa\u00efsos no existeix cap mena de vincle amb el meu, aix\u00ed que resulta complicat arribar a acords; no obstant aix\u00f2, hem trobat molta complicitat amb gent com\u00a0<\/span><strong>Felipe Lage<\/strong><span style=\"font-weight: 400;\">, donat els lla\u00e7os que existeixen entre Gal\u00edcia i Portugal; tamb\u00e9 amb productors de L\u00edban\u2026\u201d. Aix\u00f2 s\u00ed, confirma que \u201cels negocis se solen tancar despr\u00e9s, en les copes\u201d.<\/span><br style=\"font-weight: 400;\" \/><span style=\"font-weight: 400;\">\u00a0<\/span><br style=\"font-weight: 400;\" \/><span style=\"font-weight: 400;\">La productora valenciana<\/span><span style=\"font-weight: 400;\">\u00a0<\/span><strong>Giovanna Rivas<\/strong><span style=\"font-weight: 400;\">\u00a0es mostra satisfeta tant per la recepci\u00f3 que ha tingut el seu projecte com pel nivell de la primera edici\u00f3 del f\u00f2rum: \u201cEl nivell de productors que ha vingut \u00e9s bastant alt, perqu\u00e8 tots tenen una experi\u00e8ncia en la coproducci\u00f3 internacional i aposten per pel\u00b7l\u00edcules independents de la nostra lliga, amb pressupostos entre 700.000 euros i 1, 2 milions\u201d, assegura. La majoria d&#8217;ells valoren l&#8217;organitzaci\u00f3 i que el programa s&#8217;ha complit estrictament, a pesar que era molt intens perqu\u00e8 tot cabera en el cap de setmana.<\/span><br style=\"font-weight: 400;\" \/><span style=\"font-weight: 400;\">\u00a0<\/span><br style=\"font-weight: 400;\" \/><span style=\"font-weight: 400;\">La sorpresa ha saltat en alguns casos perqu\u00e8 els productors de projectes seleccionats s&#8217;han interessat per uns altres dels triats, aix\u00ed ens ho confirmen els productors egipcis, els representants de\u00a0<\/span><span style=\"font-weight: 400;\">&#8216;The pigeon tower&#8217;, amb qu\u00e8\u00a0<\/span><strong>Amal Ramsis<\/strong><span style=\"font-weight: 400;\">\u00a0endinsa a tres personatges femenins en les carreres de coloms, un joc dominat per homes que no acceptaran la seua entrada; i\u00a0<\/span><strong>&#8216;El Max&#8217;<\/strong><span style=\"font-weight: 400;\">, un drama social de l&#8217;egipci<\/span><strong>\u00a0Amrosh Badr<\/strong><span style=\"font-weight: 400;\">: \u201cTots som productors i a alguns dels meus companys triats amb projecte m&#8217;han demanat el gui\u00f3\u201d. De cara al futur, suggereixen: \u201cAra no hi ha premi, per\u00f2 aix\u00f2 no \u00e9s important. Seria interessant que en el futur el f\u00f2rum comptara amb un fons de Creative Europe or Media per a donar suport a la producci\u00f3 de pa\u00efsos del Sud del Mediterrani\u201d.<\/span><br style=\"font-weight: 400;\" \/><br style=\"font-weight: 400;\" \/><span style=\"font-weight: 400;\">La 37a edici\u00f3 del festival compta amb la col\u00b7laboraci\u00f3 de l\u2019Institut Valenci\u00e0 de Cultura (IVC), Rambleta, Val\u00e8ncia Film Office, Barreira Arte + Dise\u00f1o i \u00c0 Punt M\u00e8dia com a mitj\u00e0 oficial.<\/span><\/p>\n","protected":false},"excerpt":{"rendered":"<p>El primer f\u00f2rum de coproducci\u00f3 de la Mostra de Val\u00e8ncia s&#8217;ha celebrat este cap de setmana en el Centre Barreira Val\u00e8ncia Film Afers, el f\u00f2rum [&hellip;]<\/p>\n","protected":false},"author":1,"featured_media":17355,"comment_status":"open","ping_status":"open","sticky":false,"template":"","format":"standard","meta":{"_uag_custom_page_level_css":"","_jet_sm_ready_style":"","_jet_sm_style":"","_jet_sm_controls_values":"","_jet_sm_fonts_collection":"","_jet_sm_fonts_links":"","footnotes":""},"categories":[455],"tags":[],"class_list":["post-17354","post","type-post","status-publish","format-standard","has-post-thumbnail","hentry","category-noticies"],"yoast_head":"<!-- This site is optimized with the Yoast SEO plugin v27.5 - https:\/\/yoast.com\/product\/yoast-seo-wordpress\/ -->\n<title>Val\u00e9ncia Film Afers intensifica les relacions entre productors de pa\u00efsos mediterranis - Mostra de Val\u00e8ncia<\/title>\n<meta name=\"robots\" content=\"index, follow, max-snippet:-1, max-image-preview:large, max-video-preview:-1\" \/>\n<link rel=\"canonical\" href=\"https:\/\/lamostradevalencia.com\/ca\/valencia-film-afers-intensifica-las-relaciones-entre-productores-de-paises-mediterraneos\/\" \/>\n<meta property=\"og:locale\" content=\"ca_ES\" \/>\n<meta property=\"og:type\" content=\"article\" \/>\n<meta property=\"og:title\" content=\"Val\u00e9ncia Film Afers intensifica les relacions entre productors de pa\u00efsos mediterranis - Mostra de Val\u00e8ncia\" \/>\n<meta property=\"og:description\" content=\"El primer f\u00f2rum de coproducci\u00f3 de la Mostra de Val\u00e8ncia s&#8217;ha celebrat este cap de setmana en el Centre Barreira Val\u00e8ncia Film Afers, el f\u00f2rum [&hellip;]\" \/>\n<meta property=\"og:url\" content=\"https:\/\/lamostradevalencia.com\/ca\/valencia-film-afers-intensifica-las-relaciones-entre-productores-de-paises-mediterraneos\/\" \/>\n<meta property=\"og:site_name\" content=\"Mostra de Val\u00e8ncia\" \/>\n<meta property=\"article:published_time\" content=\"2022-10-24T12:09:47+00:00\" \/>\n<meta property=\"article:modified_time\" content=\"2022-10-24T12:11:16+00:00\" \/>\n<meta property=\"og:image\" content=\"https:\/\/lamostradevalencia.com\/wp-content\/uploads\/2022\/10\/cepilleria.jpg\" \/>\n\t<meta property=\"og:image:width\" content=\"944\" \/>\n\t<meta property=\"og:image:height\" content=\"616\" \/>\n\t<meta property=\"og:image:type\" content=\"image\/jpeg\" \/>\n<meta name=\"author\" content=\"Mostra de Val\u00e8ncia\" \/>\n<meta name=\"twitter:card\" content=\"summary_large_image\" \/>\n<meta name=\"twitter:label1\" content=\"Escrit per\" \/>\n\t<meta name=\"twitter:data1\" content=\"Mostra de Val\u00e8ncia\" \/>\n\t<meta name=\"twitter:label2\" content=\"Temps estimat de lectura\" \/>\n\t<meta name=\"twitter:data2\" content=\"5 minuts\" \/>\n<script type=\"application\/ld+json\" class=\"yoast-schema-graph\">{\"@context\":\"https:\\\/\\\/schema.org\",\"@graph\":[{\"@type\":\"Article\",\"@id\":\"https:\\\/\\\/lamostradevalencia.com\\\/ca\\\/valencia-film-afers-intensifica-las-relaciones-entre-productores-de-paises-mediterraneos\\\/#article\",\"isPartOf\":{\"@id\":\"https:\\\/\\\/lamostradevalencia.com\\\/ca\\\/valencia-film-afers-intensifica-las-relaciones-entre-productores-de-paises-mediterraneos\\\/\"},\"author\":{\"name\":\"Mostra de Val\u00e8ncia\",\"@id\":\"https:\\\/\\\/lamostradevalencia.com\\\/ca\\\/#\\\/schema\\\/person\\\/1dc07e4df3d6310b81d2cdf6a034070c\"},\"headline\":\"Val\u00e9ncia Film Afers intensifica les relacions entre productors de pa\u00efsos mediterranis\",\"datePublished\":\"2022-10-24T12:09:47+00:00\",\"dateModified\":\"2022-10-24T12:11:16+00:00\",\"mainEntityOfPage\":{\"@id\":\"https:\\\/\\\/lamostradevalencia.com\\\/ca\\\/valencia-film-afers-intensifica-las-relaciones-entre-productores-de-paises-mediterraneos\\\/\"},\"wordCount\":1099,\"commentCount\":0,\"image\":{\"@id\":\"https:\\\/\\\/lamostradevalencia.com\\\/ca\\\/valencia-film-afers-intensifica-las-relaciones-entre-productores-de-paises-mediterraneos\\\/#primaryimage\"},\"thumbnailUrl\":\"https:\\\/\\\/lamostradevalencia.com\\\/wp-content\\\/uploads\\\/2022\\\/10\\\/cepilleria.jpg\",\"articleSection\":[\"Noticies\"],\"inLanguage\":\"ca\",\"potentialAction\":[{\"@type\":\"CommentAction\",\"name\":\"Comment\",\"target\":[\"https:\\\/\\\/lamostradevalencia.com\\\/ca\\\/valencia-film-afers-intensifica-las-relaciones-entre-productores-de-paises-mediterraneos\\\/#respond\"]}]},{\"@type\":\"WebPage\",\"@id\":\"https:\\\/\\\/lamostradevalencia.com\\\/ca\\\/valencia-film-afers-intensifica-las-relaciones-entre-productores-de-paises-mediterraneos\\\/\",\"url\":\"https:\\\/\\\/lamostradevalencia.com\\\/ca\\\/valencia-film-afers-intensifica-las-relaciones-entre-productores-de-paises-mediterraneos\\\/\",\"name\":\"Val\u00e9ncia Film Afers intensifica les relacions entre productors de pa\u00efsos mediterranis - Mostra de Val\u00e8ncia\",\"isPartOf\":{\"@id\":\"https:\\\/\\\/lamostradevalencia.com\\\/ca\\\/#website\"},\"primaryImageOfPage\":{\"@id\":\"https:\\\/\\\/lamostradevalencia.com\\\/ca\\\/valencia-film-afers-intensifica-las-relaciones-entre-productores-de-paises-mediterraneos\\\/#primaryimage\"},\"image\":{\"@id\":\"https:\\\/\\\/lamostradevalencia.com\\\/ca\\\/valencia-film-afers-intensifica-las-relaciones-entre-productores-de-paises-mediterraneos\\\/#primaryimage\"},\"thumbnailUrl\":\"https:\\\/\\\/lamostradevalencia.com\\\/wp-content\\\/uploads\\\/2022\\\/10\\\/cepilleria.jpg\",\"datePublished\":\"2022-10-24T12:09:47+00:00\",\"dateModified\":\"2022-10-24T12:11:16+00:00\",\"author\":{\"@id\":\"https:\\\/\\\/lamostradevalencia.com\\\/ca\\\/#\\\/schema\\\/person\\\/1dc07e4df3d6310b81d2cdf6a034070c\"},\"breadcrumb\":{\"@id\":\"https:\\\/\\\/lamostradevalencia.com\\\/ca\\\/valencia-film-afers-intensifica-las-relaciones-entre-productores-de-paises-mediterraneos\\\/#breadcrumb\"},\"inLanguage\":\"ca\",\"potentialAction\":[{\"@type\":\"ReadAction\",\"target\":[\"https:\\\/\\\/lamostradevalencia.com\\\/ca\\\/valencia-film-afers-intensifica-las-relaciones-entre-productores-de-paises-mediterraneos\\\/\"]}]},{\"@type\":\"ImageObject\",\"inLanguage\":\"ca\",\"@id\":\"https:\\\/\\\/lamostradevalencia.com\\\/ca\\\/valencia-film-afers-intensifica-las-relaciones-entre-productores-de-paises-mediterraneos\\\/#primaryimage\",\"url\":\"https:\\\/\\\/lamostradevalencia.com\\\/wp-content\\\/uploads\\\/2022\\\/10\\\/cepilleria.jpg\",\"contentUrl\":\"https:\\\/\\\/lamostradevalencia.com\\\/wp-content\\\/uploads\\\/2022\\\/10\\\/cepilleria.jpg\",\"width\":944,\"height\":616},{\"@type\":\"BreadcrumbList\",\"@id\":\"https:\\\/\\\/lamostradevalencia.com\\\/ca\\\/valencia-film-afers-intensifica-las-relaciones-entre-productores-de-paises-mediterraneos\\\/#breadcrumb\",\"itemListElement\":[{\"@type\":\"ListItem\",\"position\":1,\"name\":\"Portada\",\"item\":\"https:\\\/\\\/lamostradevalencia.com\\\/ca\\\/\"},{\"@type\":\"ListItem\",\"position\":2,\"name\":\"Val\u00e9ncia Film Afers intensifica les relacions entre productors de pa\u00efsos mediterranis\"}]},{\"@type\":\"WebSite\",\"@id\":\"https:\\\/\\\/lamostradevalencia.com\\\/ca\\\/#website\",\"url\":\"https:\\\/\\\/lamostradevalencia.com\\\/ca\\\/\",\"name\":\"Mostra de Val\u00e8ncia\",\"description\":\"Cinema del Mediterrani\",\"potentialAction\":[{\"@type\":\"SearchAction\",\"target\":{\"@type\":\"EntryPoint\",\"urlTemplate\":\"https:\\\/\\\/lamostradevalencia.com\\\/ca\\\/?s={search_term_string}\"},\"query-input\":{\"@type\":\"PropertyValueSpecification\",\"valueRequired\":true,\"valueName\":\"search_term_string\"}}],\"inLanguage\":\"ca\"},{\"@type\":\"Person\",\"@id\":\"https:\\\/\\\/lamostradevalencia.com\\\/ca\\\/#\\\/schema\\\/person\\\/1dc07e4df3d6310b81d2cdf6a034070c\",\"name\":\"Mostra de Val\u00e8ncia\",\"image\":{\"@type\":\"ImageObject\",\"inLanguage\":\"ca\",\"@id\":\"https:\\\/\\\/secure.gravatar.com\\\/avatar\\\/ada4dfd699a9907706987adb1bb2b361c2613ccca474b49b8c648de5208e32f8?s=96&d=mm&r=g\",\"url\":\"https:\\\/\\\/secure.gravatar.com\\\/avatar\\\/ada4dfd699a9907706987adb1bb2b361c2613ccca474b49b8c648de5208e32f8?s=96&d=mm&r=g\",\"contentUrl\":\"https:\\\/\\\/secure.gravatar.com\\\/avatar\\\/ada4dfd699a9907706987adb1bb2b361c2613ccca474b49b8c648de5208e32f8?s=96&d=mm&r=g\",\"caption\":\"Mostra de Val\u00e8ncia\"}}]}<\/script>\n<!-- \/ Yoast SEO plugin. -->","yoast_head_json":{"title":"Val\u00e9ncia Film Afers intensifica les relacions entre productors de pa\u00efsos mediterranis - Mostra de Val\u00e8ncia","robots":{"index":"index","follow":"follow","max-snippet":"max-snippet:-1","max-image-preview":"max-image-preview:large","max-video-preview":"max-video-preview:-1"},"canonical":"https:\/\/lamostradevalencia.com\/ca\/valencia-film-afers-intensifica-las-relaciones-entre-productores-de-paises-mediterraneos\/","og_locale":"ca_ES","og_type":"article","og_title":"Val\u00e9ncia Film Afers intensifica les relacions entre productors de pa\u00efsos mediterranis - Mostra de Val\u00e8ncia","og_description":"El primer f\u00f2rum de coproducci\u00f3 de la Mostra de Val\u00e8ncia s&#8217;ha celebrat este cap de setmana en el Centre Barreira Val\u00e8ncia Film Afers, el f\u00f2rum [&hellip;]","og_url":"https:\/\/lamostradevalencia.com\/ca\/valencia-film-afers-intensifica-las-relaciones-entre-productores-de-paises-mediterraneos\/","og_site_name":"Mostra de Val\u00e8ncia","article_published_time":"2022-10-24T12:09:47+00:00","article_modified_time":"2022-10-24T12:11:16+00:00","og_image":[{"width":944,"height":616,"url":"https:\/\/lamostradevalencia.com\/wp-content\/uploads\/2022\/10\/cepilleria.jpg","type":"image\/jpeg"}],"author":"Mostra de Val\u00e8ncia","twitter_card":"summary_large_image","twitter_misc":{"Escrit per":"Mostra de Val\u00e8ncia","Temps estimat de lectura":"5 minuts"},"schema":{"@context":"https:\/\/schema.org","@graph":[{"@type":"Article","@id":"https:\/\/lamostradevalencia.com\/ca\/valencia-film-afers-intensifica-las-relaciones-entre-productores-de-paises-mediterraneos\/#article","isPartOf":{"@id":"https:\/\/lamostradevalencia.com\/ca\/valencia-film-afers-intensifica-las-relaciones-entre-productores-de-paises-mediterraneos\/"},"author":{"name":"Mostra de Val\u00e8ncia","@id":"https:\/\/lamostradevalencia.com\/ca\/#\/schema\/person\/1dc07e4df3d6310b81d2cdf6a034070c"},"headline":"Val\u00e9ncia Film Afers intensifica les relacions entre productors de pa\u00efsos mediterranis","datePublished":"2022-10-24T12:09:47+00:00","dateModified":"2022-10-24T12:11:16+00:00","mainEntityOfPage":{"@id":"https:\/\/lamostradevalencia.com\/ca\/valencia-film-afers-intensifica-las-relaciones-entre-productores-de-paises-mediterraneos\/"},"wordCount":1099,"commentCount":0,"image":{"@id":"https:\/\/lamostradevalencia.com\/ca\/valencia-film-afers-intensifica-las-relaciones-entre-productores-de-paises-mediterraneos\/#primaryimage"},"thumbnailUrl":"https:\/\/lamostradevalencia.com\/wp-content\/uploads\/2022\/10\/cepilleria.jpg","articleSection":["Noticies"],"inLanguage":"ca","potentialAction":[{"@type":"CommentAction","name":"Comment","target":["https:\/\/lamostradevalencia.com\/ca\/valencia-film-afers-intensifica-las-relaciones-entre-productores-de-paises-mediterraneos\/#respond"]}]},{"@type":"WebPage","@id":"https:\/\/lamostradevalencia.com\/ca\/valencia-film-afers-intensifica-las-relaciones-entre-productores-de-paises-mediterraneos\/","url":"https:\/\/lamostradevalencia.com\/ca\/valencia-film-afers-intensifica-las-relaciones-entre-productores-de-paises-mediterraneos\/","name":"Val\u00e9ncia Film Afers intensifica les relacions entre productors de pa\u00efsos mediterranis - Mostra de Val\u00e8ncia","isPartOf":{"@id":"https:\/\/lamostradevalencia.com\/ca\/#website"},"primaryImageOfPage":{"@id":"https:\/\/lamostradevalencia.com\/ca\/valencia-film-afers-intensifica-las-relaciones-entre-productores-de-paises-mediterraneos\/#primaryimage"},"image":{"@id":"https:\/\/lamostradevalencia.com\/ca\/valencia-film-afers-intensifica-las-relaciones-entre-productores-de-paises-mediterraneos\/#primaryimage"},"thumbnailUrl":"https:\/\/lamostradevalencia.com\/wp-content\/uploads\/2022\/10\/cepilleria.jpg","datePublished":"2022-10-24T12:09:47+00:00","dateModified":"2022-10-24T12:11:16+00:00","author":{"@id":"https:\/\/lamostradevalencia.com\/ca\/#\/schema\/person\/1dc07e4df3d6310b81d2cdf6a034070c"},"breadcrumb":{"@id":"https:\/\/lamostradevalencia.com\/ca\/valencia-film-afers-intensifica-las-relaciones-entre-productores-de-paises-mediterraneos\/#breadcrumb"},"inLanguage":"ca","potentialAction":[{"@type":"ReadAction","target":["https:\/\/lamostradevalencia.com\/ca\/valencia-film-afers-intensifica-las-relaciones-entre-productores-de-paises-mediterraneos\/"]}]},{"@type":"ImageObject","inLanguage":"ca","@id":"https:\/\/lamostradevalencia.com\/ca\/valencia-film-afers-intensifica-las-relaciones-entre-productores-de-paises-mediterraneos\/#primaryimage","url":"https:\/\/lamostradevalencia.com\/wp-content\/uploads\/2022\/10\/cepilleria.jpg","contentUrl":"https:\/\/lamostradevalencia.com\/wp-content\/uploads\/2022\/10\/cepilleria.jpg","width":944,"height":616},{"@type":"BreadcrumbList","@id":"https:\/\/lamostradevalencia.com\/ca\/valencia-film-afers-intensifica-las-relaciones-entre-productores-de-paises-mediterraneos\/#breadcrumb","itemListElement":[{"@type":"ListItem","position":1,"name":"Portada","item":"https:\/\/lamostradevalencia.com\/ca\/"},{"@type":"ListItem","position":2,"name":"Val\u00e9ncia Film Afers intensifica les relacions entre productors de pa\u00efsos mediterranis"}]},{"@type":"WebSite","@id":"https:\/\/lamostradevalencia.com\/ca\/#website","url":"https:\/\/lamostradevalencia.com\/ca\/","name":"Mostra de Val\u00e8ncia","description":"Cinema del Mediterrani","potentialAction":[{"@type":"SearchAction","target":{"@type":"EntryPoint","urlTemplate":"https:\/\/lamostradevalencia.com\/ca\/?s={search_term_string}"},"query-input":{"@type":"PropertyValueSpecification","valueRequired":true,"valueName":"search_term_string"}}],"inLanguage":"ca"},{"@type":"Person","@id":"https:\/\/lamostradevalencia.com\/ca\/#\/schema\/person\/1dc07e4df3d6310b81d2cdf6a034070c","name":"Mostra de Val\u00e8ncia","image":{"@type":"ImageObject","inLanguage":"ca","@id":"https:\/\/secure.gravatar.com\/avatar\/ada4dfd699a9907706987adb1bb2b361c2613ccca474b49b8c648de5208e32f8?s=96&d=mm&r=g","url":"https:\/\/secure.gravatar.com\/avatar\/ada4dfd699a9907706987adb1bb2b361c2613ccca474b49b8c648de5208e32f8?s=96&d=mm&r=g","contentUrl":"https:\/\/secure.gravatar.com\/avatar\/ada4dfd699a9907706987adb1bb2b361c2613ccca474b49b8c648de5208e32f8?s=96&d=mm&r=g","caption":"Mostra de Val\u00e8ncia"}}]}},"uagb_featured_image_src":{"full":["https:\/\/lamostradevalencia.com\/wp-content\/uploads\/2022\/10\/cepilleria.jpg",944,616,false],"thumbnail":["https:\/\/lamostradevalencia.com\/wp-content\/uploads\/2022\/10\/cepilleria-150x150.jpg",150,150,true],"medium":["https:\/\/lamostradevalencia.com\/wp-content\/uploads\/2022\/10\/cepilleria-300x196.jpg",300,196,true],"medium_large":["https:\/\/lamostradevalencia.com\/wp-content\/uploads\/2022\/10\/cepilleria-768x501.jpg",768,501,true],"large":["https:\/\/lamostradevalencia.com\/wp-content\/uploads\/2022\/10\/cepilleria.jpg",944,616,false],"1536x1536":["https:\/\/lamostradevalencia.com\/wp-content\/uploads\/2022\/10\/cepilleria.jpg",944,616,false],"2048x2048":["https:\/\/lamostradevalencia.com\/wp-content\/uploads\/2022\/10\/cepilleria.jpg",944,616,false],"cinerama_edge_image_square":["https:\/\/lamostradevalencia.com\/wp-content\/uploads\/2022\/10\/cepilleria-550x550.jpg",550,550,true],"cinerama_edge_image_landscape":["https:\/\/lamostradevalencia.com\/wp-content\/uploads\/2022\/10\/cepilleria-944x550.jpg",944,550,true],"cinerama_edge_image_portrait":["https:\/\/lamostradevalencia.com\/wp-content\/uploads\/2022\/10\/cepilleria-550x616.jpg",550,616,true],"cinerama_edge_image_huge":["https:\/\/lamostradevalencia.com\/wp-content\/uploads\/2022\/10\/cepilleria.jpg",944,616,false],"gform-image-choice-sm":["https:\/\/lamostradevalencia.com\/wp-content\/uploads\/2022\/10\/cepilleria.jpg",300,196,false],"gform-image-choice-md":["https:\/\/lamostradevalencia.com\/wp-content\/uploads\/2022\/10\/cepilleria.jpg",400,261,false],"gform-image-choice-lg":["https:\/\/lamostradevalencia.com\/wp-content\/uploads\/2022\/10\/cepilleria.jpg",600,392,false]},"uagb_author_info":{"display_name":"Mostra de Val\u00e8ncia","author_link":"https:\/\/lamostradevalencia.com\/ca\/author\/mostravalencia\/"},"uagb_comment_info":0,"uagb_excerpt":"El primer f\u00f2rum de coproducci\u00f3 de la Mostra de Val\u00e8ncia s&#8217;ha celebrat este cap de setmana en el Centre Barreira Val\u00e8ncia Film Afers, el f\u00f2rum [&hellip;]","_links":{"self":[{"href":"https:\/\/lamostradevalencia.com\/ca\/wp-json\/wp\/v2\/posts\/17354","targetHints":{"allow":["GET"]}}],"collection":[{"href":"https:\/\/lamostradevalencia.com\/ca\/wp-json\/wp\/v2\/posts"}],"about":[{"href":"https:\/\/lamostradevalencia.com\/ca\/wp-json\/wp\/v2\/types\/post"}],"author":[{"embeddable":true,"href":"https:\/\/lamostradevalencia.com\/ca\/wp-json\/wp\/v2\/users\/1"}],"replies":[{"embeddable":true,"href":"https:\/\/lamostradevalencia.com\/ca\/wp-json\/wp\/v2\/comments?post=17354"}],"version-history":[{"count":3,"href":"https:\/\/lamostradevalencia.com\/ca\/wp-json\/wp\/v2\/posts\/17354\/revisions"}],"predecessor-version":[{"id":17362,"href":"https:\/\/lamostradevalencia.com\/ca\/wp-json\/wp\/v2\/posts\/17354\/revisions\/17362"}],"wp:featuredmedia":[{"embeddable":true,"href":"https:\/\/lamostradevalencia.com\/ca\/wp-json\/wp\/v2\/media\/17355"}],"wp:attachment":[{"href":"https:\/\/lamostradevalencia.com\/ca\/wp-json\/wp\/v2\/media?parent=17354"}],"wp:term":[{"taxonomy":"category","embeddable":true,"href":"https:\/\/lamostradevalencia.com\/ca\/wp-json\/wp\/v2\/categories?post=17354"},{"taxonomy":"post_tag","embeddable":true,"href":"https:\/\/lamostradevalencia.com\/ca\/wp-json\/wp\/v2\/tags?post=17354"}],"curies":[{"name":"wp","href":"https:\/\/api.w.org\/{rel}","templated":true}]}}