{"id":17346,"date":"2022-10-23T20:00:21","date_gmt":"2022-10-23T18:00:21","guid":{"rendered":"https:\/\/lamostradevalencia.com\/?p=17346"},"modified":"2022-10-23T20:00:21","modified_gmt":"2022-10-23T18:00:21","slug":"mario-martone-competeix-amb-nostalgia-el-retrat-dun-napols-entregat-a-la-camorra-i-a-lesglesia","status":"publish","type":"post","link":"https:\/\/lamostradevalencia.com\/ca\/mario-martone-competeix-amb-nostalgia-el-retrat-dun-napols-entregat-a-la-camorra-i-a-lesglesia\/","title":{"rendered":"Mario Martone competeix amb &#8216;Nostalgia&#8217;, el retrat d&#8217;un N\u00e0pols entregat a la Camorra i a l&#8217;Esgl\u00e9sia"},"content":{"rendered":"<h5><span>El veter\u00e0 director itali\u00e0 adapta la novel\u00b7la del mateix <\/span><span>nom de Ermanno Rea, que compta amb la superba interpretaci\u00f3 de Pierfrancesco Favino<\/span><\/h5>\n<p><span>Mario Martone s&#8217;incorpora a la competici\u00f3 per la Palmera d&#8217;Or de la Mostra de Val\u00e8ncia amb &#8216;Nostalgia&#8217;, cinta amb la qual ja va participar a concurs en el passat\u00a0<\/span><strong><span>Festival de Cannes<\/span><\/strong><span>\u00a0.\u00a0No ho feia des de 1995 amb &#8216;El amor molesto&#8217;, i, curiosament, eixa era una hist\u00f2ria d&#8217;una dona que peregrinava per N\u00e0pols mirant al passat\u00a0i\u00a0en esta el pelegrinatge per la mateixa ciutat l&#8217;empr\u00e9n un home, tamb\u00e9 molt marcat pel passat.<\/span><\/p>\n<p><span>Es tracta de\u00a0<\/span><strong><span>l&#8217;adaptaci\u00f3 de la novel\u00b7la<\/span><\/strong><span>\u00a0del mateix nom de l&#8217;escriptor local Ermanno Rea i protagonitzada per un superb\u00a0<\/span><strong><span>Pierfrancesco Favino<\/span><\/strong><span>\u00a0, al qual es va con\u00e9ixer internacionalment pel seu paper en &#8216;El traidor&#8217;, de Marco Bellocchio.\u00a0En la trama, Felice Lasco (Favino) torna a N\u00e0pols, ciutat que havia abandonat als 15 anys per a emigrar a Orient Mitj\u00e0 i ara, en la cinquantena, ja ni tan sols parla b\u00e9 l&#8217;itali\u00e0, per a cuidar la seua mare anciana que es troba en un gran estat d&#8217;aband\u00f3.\u00a0La nost\u00e0lgia, clar, li envaeix, i no semper en un sentit positiu: &#8220;El nostre passat, o el passat de qualsevol, no \u00e9s una l\u00ednia recta. \u00c9s un laberint on has tingut les teues trobades, tant bones com dolentes, on has dit algunes coses que no hauries d&#8217;haver dit&#8230; Si mires cap a dintre i penses en com tot est\u00e0 tan entrella\u00e7at, tal vegada significa que has aconseguit eixir del passat, anar m\u00e9s enll\u00e0\u00a0.\u00a0<\/span>Per\u00f2 existeixen xicotetes veus que et criden de tant en tant per a tornar a entrar en eixe laberint.<span>\u00a0Este intent d&#8217;entendre qui eres i on va comen\u00e7ar tot pot ser perill\u00f3s&#8221;, asegura el director.<\/span><\/p>\n<p><span>El que s\u00ed que constata\u00a0la cinta \u00e9s que l&#8217;estat f\u00edsic dels barris napolitans durant eixos 40 anys \u00e9s practicment el mateix.\u00a0Tamb\u00e9 segueix molt present el poder de la m\u00e0fia i l&#8217;Esgl\u00e9sia, com reconeix Martone: &#8216;Tractem de substituir la paraula Camorra i Esgl\u00e9sia, per les paraules el crim i a D\u00e9u, i immediatament aix\u00f2 fa que es canvie de punt de vista.\u00a0Per descomptat que existixen ambdues, com tamb\u00e9 existix la situaci\u00f3 social del poble de N\u00e0pols, per\u00f2 volia fer una pel\u00b7l\u00edcula que apuntara m\u00e9s lluny.\u00a0Vaig voler conservar eixa cr\u00edtica pol\u00edtica que tamb\u00e9 est\u00e0 en el llibre.\u00a0No veiem a l&#8217;Estat involucrat, no hi ha pres\u00e8ncia de la policia, existeix la sensaci\u00f3 real\u00a0<\/span><strong><span>d&#8217;una poblaci\u00f3 abandonada&#8221;.<\/span><\/strong><\/p>\n<p><span>A m\u00e9s del factor sociol\u00f2gic, la cinta indaga en les relacions familiars, especialment en la de la mare anciana i el fill despr\u00e9s de tant de temps sense veure&#8217;s, amb seq\u00fc\u00e8ncies especialment commovedores gr\u00e0cies a la pres\u00e8ncia de la veterana actriu Aurora Quattrocchi: &#8220;Va ser una de les raons per les quals volia fer esta\u00a0pel\u00b7l\u00edcula, en realitat -continua Martone-. Em vaig deixar guiar pels records, pels sentiments, pel record de la meua pr\u00f2pia mare. Per\u00f2 tamb\u00e9 era fonamental poder comptar amb un actor com Pierfrancesco Favino. Necessitavea\u00a0a alg\u00fa que realment poguera tocar a la seua anciana mare d&#8217;eixa manera i cuidar-la. Es podria dir que encara \u00e9s un actor relativamente nou en l&#8217;escena italiana. Ell \u00e9s diferent; \u00e9s un home modern&#8221;, conclou el director.<\/span><br \/>\n<span>Les projeccions de la Mostra continuen als Cines Babel i a la Filmoteca\u00a0en esta 37a edici\u00f3 del festival, que compta amb la col\u00b7laboraci\u00f3 de l&#8217;Institut Valenci\u00e0 de Cultura (IVC), Rambleta, Val\u00e8ncia Film Office, Barreira Arte + Dise\u00f1o i \u00c0 Punt M\u00e8dia com a mitj\u00e0 oficial.<\/span><\/p>\n<p style=\"text-align: center;\"><strong><span>Pr\u00f2xims\u00a0passes de &#8216;Nostalgia&#8217;:<\/span><br \/>\n<span>Dilluns 24 a les 22:00h<br \/>\nDivendres 28 a les 20:30h<\/span><\/strong><\/p>\n","protected":false},"excerpt":{"rendered":"<p>El veter\u00e0 director itali\u00e0 adapta la novel\u00b7la del mateix nom de Ermanno Rea, que compta amb la superba interpretaci\u00f3 de Pierfrancesco Favino Mario Martone s&#8217;incorpora [&hellip;]<\/p>\n","protected":false},"author":1,"featured_media":17347,"comment_status":"open","ping_status":"open","sticky":false,"template":"","format":"standard","meta":{"_uag_custom_page_level_css":"","_jet_sm_ready_style":"","_jet_sm_style":"","_jet_sm_controls_values":"","_jet_sm_fonts_collection":"","_jet_sm_fonts_links":"","footnotes":""},"categories":[455],"tags":[],"class_list":["post-17346","post","type-post","status-publish","format-standard","has-post-thumbnail","hentry","category-noticies"],"yoast_head":"<!-- This site is optimized with the Yoast SEO plugin v27.5 - https:\/\/yoast.com\/product\/yoast-seo-wordpress\/ -->\n<title>Mario Martone competeix amb &#039;Nostalgia&#039;, el retrat d&#039;un N\u00e0pols entregat a la Camorra i a l&#039;Esgl\u00e9sia - Mostra de Val\u00e8ncia<\/title>\n<meta name=\"robots\" content=\"index, follow, max-snippet:-1, max-image-preview:large, max-video-preview:-1\" \/>\n<link rel=\"canonical\" href=\"https:\/\/lamostradevalencia.com\/ca\/mario-martone-competeix-amb-nostalgia-el-retrat-dun-napols-entregat-a-la-camorra-i-a-lesglesia\/\" \/>\n<meta property=\"og:locale\" content=\"ca_ES\" \/>\n<meta property=\"og:type\" content=\"article\" \/>\n<meta property=\"og:title\" content=\"Mario Martone competeix amb &#039;Nostalgia&#039;, el retrat d&#039;un N\u00e0pols entregat a la Camorra i a l&#039;Esgl\u00e9sia - Mostra de Val\u00e8ncia\" \/>\n<meta property=\"og:description\" content=\"El veter\u00e0 director itali\u00e0 adapta la novel\u00b7la del mateix nom de Ermanno Rea, que compta amb la superba interpretaci\u00f3 de Pierfrancesco Favino Mario Martone s&#8217;incorpora [&hellip;]\" \/>\n<meta property=\"og:url\" content=\"https:\/\/lamostradevalencia.com\/ca\/mario-martone-competeix-amb-nostalgia-el-retrat-dun-napols-entregat-a-la-camorra-i-a-lesglesia\/\" \/>\n<meta property=\"og:site_name\" content=\"Mostra de Val\u00e8ncia\" \/>\n<meta property=\"article:published_time\" content=\"2022-10-23T18:00:21+00:00\" \/>\n<meta property=\"og:image\" content=\"https:\/\/lamostradevalencia.com\/wp-content\/uploads\/2022\/10\/nostalgia-Mostra.png\" \/>\n\t<meta property=\"og:image:width\" content=\"700\" \/>\n\t<meta property=\"og:image:height\" content=\"700\" \/>\n\t<meta property=\"og:image:type\" content=\"image\/png\" \/>\n<meta name=\"author\" content=\"Mostra de Val\u00e8ncia\" \/>\n<meta name=\"twitter:card\" content=\"summary_large_image\" \/>\n<meta name=\"twitter:label1\" content=\"Escrit per\" \/>\n\t<meta name=\"twitter:data1\" content=\"Mostra de Val\u00e8ncia\" \/>\n\t<meta name=\"twitter:label2\" content=\"Temps estimat de lectura\" \/>\n\t<meta name=\"twitter:data2\" content=\"3 minuts\" \/>\n<script type=\"application\/ld+json\" class=\"yoast-schema-graph\">{\"@context\":\"https:\\\/\\\/schema.org\",\"@graph\":[{\"@type\":\"Article\",\"@id\":\"https:\\\/\\\/lamostradevalencia.com\\\/ca\\\/mario-martone-competeix-amb-nostalgia-el-retrat-dun-napols-entregat-a-la-camorra-i-a-lesglesia\\\/#article\",\"isPartOf\":{\"@id\":\"https:\\\/\\\/lamostradevalencia.com\\\/ca\\\/mario-martone-competeix-amb-nostalgia-el-retrat-dun-napols-entregat-a-la-camorra-i-a-lesglesia\\\/\"},\"author\":{\"name\":\"Mostra de Val\u00e8ncia\",\"@id\":\"https:\\\/\\\/lamostradevalencia.com\\\/ca\\\/#\\\/schema\\\/person\\\/1dc07e4df3d6310b81d2cdf6a034070c\"},\"headline\":\"Mario Martone competeix amb &#8216;Nostalgia&#8217;, el retrat d&#8217;un N\u00e0pols entregat a la Camorra i a l&#8217;Esgl\u00e9sia\",\"datePublished\":\"2022-10-23T18:00:21+00:00\",\"mainEntityOfPage\":{\"@id\":\"https:\\\/\\\/lamostradevalencia.com\\\/ca\\\/mario-martone-competeix-amb-nostalgia-el-retrat-dun-napols-entregat-a-la-camorra-i-a-lesglesia\\\/\"},\"wordCount\":665,\"commentCount\":0,\"image\":{\"@id\":\"https:\\\/\\\/lamostradevalencia.com\\\/ca\\\/mario-martone-competeix-amb-nostalgia-el-retrat-dun-napols-entregat-a-la-camorra-i-a-lesglesia\\\/#primaryimage\"},\"thumbnailUrl\":\"https:\\\/\\\/lamostradevalencia.com\\\/wp-content\\\/uploads\\\/2022\\\/10\\\/nostalgia-Mostra.png\",\"articleSection\":[\"Noticies\"],\"inLanguage\":\"ca\",\"potentialAction\":[{\"@type\":\"CommentAction\",\"name\":\"Comment\",\"target\":[\"https:\\\/\\\/lamostradevalencia.com\\\/ca\\\/mario-martone-competeix-amb-nostalgia-el-retrat-dun-napols-entregat-a-la-camorra-i-a-lesglesia\\\/#respond\"]}]},{\"@type\":\"WebPage\",\"@id\":\"https:\\\/\\\/lamostradevalencia.com\\\/ca\\\/mario-martone-competeix-amb-nostalgia-el-retrat-dun-napols-entregat-a-la-camorra-i-a-lesglesia\\\/\",\"url\":\"https:\\\/\\\/lamostradevalencia.com\\\/ca\\\/mario-martone-competeix-amb-nostalgia-el-retrat-dun-napols-entregat-a-la-camorra-i-a-lesglesia\\\/\",\"name\":\"Mario Martone competeix amb 'Nostalgia', el retrat d'un N\u00e0pols entregat a la Camorra i a l'Esgl\u00e9sia - Mostra de Val\u00e8ncia\",\"isPartOf\":{\"@id\":\"https:\\\/\\\/lamostradevalencia.com\\\/ca\\\/#website\"},\"primaryImageOfPage\":{\"@id\":\"https:\\\/\\\/lamostradevalencia.com\\\/ca\\\/mario-martone-competeix-amb-nostalgia-el-retrat-dun-napols-entregat-a-la-camorra-i-a-lesglesia\\\/#primaryimage\"},\"image\":{\"@id\":\"https:\\\/\\\/lamostradevalencia.com\\\/ca\\\/mario-martone-competeix-amb-nostalgia-el-retrat-dun-napols-entregat-a-la-camorra-i-a-lesglesia\\\/#primaryimage\"},\"thumbnailUrl\":\"https:\\\/\\\/lamostradevalencia.com\\\/wp-content\\\/uploads\\\/2022\\\/10\\\/nostalgia-Mostra.png\",\"datePublished\":\"2022-10-23T18:00:21+00:00\",\"author\":{\"@id\":\"https:\\\/\\\/lamostradevalencia.com\\\/ca\\\/#\\\/schema\\\/person\\\/1dc07e4df3d6310b81d2cdf6a034070c\"},\"breadcrumb\":{\"@id\":\"https:\\\/\\\/lamostradevalencia.com\\\/ca\\\/mario-martone-competeix-amb-nostalgia-el-retrat-dun-napols-entregat-a-la-camorra-i-a-lesglesia\\\/#breadcrumb\"},\"inLanguage\":\"ca\",\"potentialAction\":[{\"@type\":\"ReadAction\",\"target\":[\"https:\\\/\\\/lamostradevalencia.com\\\/ca\\\/mario-martone-competeix-amb-nostalgia-el-retrat-dun-napols-entregat-a-la-camorra-i-a-lesglesia\\\/\"]}]},{\"@type\":\"ImageObject\",\"inLanguage\":\"ca\",\"@id\":\"https:\\\/\\\/lamostradevalencia.com\\\/ca\\\/mario-martone-competeix-amb-nostalgia-el-retrat-dun-napols-entregat-a-la-camorra-i-a-lesglesia\\\/#primaryimage\",\"url\":\"https:\\\/\\\/lamostradevalencia.com\\\/wp-content\\\/uploads\\\/2022\\\/10\\\/nostalgia-Mostra.png\",\"contentUrl\":\"https:\\\/\\\/lamostradevalencia.com\\\/wp-content\\\/uploads\\\/2022\\\/10\\\/nostalgia-Mostra.png\",\"width\":700,\"height\":700},{\"@type\":\"BreadcrumbList\",\"@id\":\"https:\\\/\\\/lamostradevalencia.com\\\/ca\\\/mario-martone-competeix-amb-nostalgia-el-retrat-dun-napols-entregat-a-la-camorra-i-a-lesglesia\\\/#breadcrumb\",\"itemListElement\":[{\"@type\":\"ListItem\",\"position\":1,\"name\":\"Portada\",\"item\":\"https:\\\/\\\/lamostradevalencia.com\\\/ca\\\/\"},{\"@type\":\"ListItem\",\"position\":2,\"name\":\"Mario Martone competeix amb &#8216;Nostalgia&#8217;, el retrat d&#8217;un N\u00e0pols entregat a la Camorra i a l&#8217;Esgl\u00e9sia\"}]},{\"@type\":\"WebSite\",\"@id\":\"https:\\\/\\\/lamostradevalencia.com\\\/ca\\\/#website\",\"url\":\"https:\\\/\\\/lamostradevalencia.com\\\/ca\\\/\",\"name\":\"Mostra de Val\u00e8ncia\",\"description\":\"Cinema del Mediterrani\",\"potentialAction\":[{\"@type\":\"SearchAction\",\"target\":{\"@type\":\"EntryPoint\",\"urlTemplate\":\"https:\\\/\\\/lamostradevalencia.com\\\/ca\\\/?s={search_term_string}\"},\"query-input\":{\"@type\":\"PropertyValueSpecification\",\"valueRequired\":true,\"valueName\":\"search_term_string\"}}],\"inLanguage\":\"ca\"},{\"@type\":\"Person\",\"@id\":\"https:\\\/\\\/lamostradevalencia.com\\\/ca\\\/#\\\/schema\\\/person\\\/1dc07e4df3d6310b81d2cdf6a034070c\",\"name\":\"Mostra de Val\u00e8ncia\",\"image\":{\"@type\":\"ImageObject\",\"inLanguage\":\"ca\",\"@id\":\"https:\\\/\\\/secure.gravatar.com\\\/avatar\\\/ada4dfd699a9907706987adb1bb2b361c2613ccca474b49b8c648de5208e32f8?s=96&d=mm&r=g\",\"url\":\"https:\\\/\\\/secure.gravatar.com\\\/avatar\\\/ada4dfd699a9907706987adb1bb2b361c2613ccca474b49b8c648de5208e32f8?s=96&d=mm&r=g\",\"contentUrl\":\"https:\\\/\\\/secure.gravatar.com\\\/avatar\\\/ada4dfd699a9907706987adb1bb2b361c2613ccca474b49b8c648de5208e32f8?s=96&d=mm&r=g\",\"caption\":\"Mostra de Val\u00e8ncia\"}}]}<\/script>\n<!-- \/ Yoast SEO plugin. -->","yoast_head_json":{"title":"Mario Martone competeix amb 'Nostalgia', el retrat d'un N\u00e0pols entregat a la Camorra i a l'Esgl\u00e9sia - Mostra de Val\u00e8ncia","robots":{"index":"index","follow":"follow","max-snippet":"max-snippet:-1","max-image-preview":"max-image-preview:large","max-video-preview":"max-video-preview:-1"},"canonical":"https:\/\/lamostradevalencia.com\/ca\/mario-martone-competeix-amb-nostalgia-el-retrat-dun-napols-entregat-a-la-camorra-i-a-lesglesia\/","og_locale":"ca_ES","og_type":"article","og_title":"Mario Martone competeix amb 'Nostalgia', el retrat d'un N\u00e0pols entregat a la Camorra i a l'Esgl\u00e9sia - Mostra de Val\u00e8ncia","og_description":"El veter\u00e0 director itali\u00e0 adapta la novel\u00b7la del mateix nom de Ermanno Rea, que compta amb la superba interpretaci\u00f3 de Pierfrancesco Favino Mario Martone s&#8217;incorpora [&hellip;]","og_url":"https:\/\/lamostradevalencia.com\/ca\/mario-martone-competeix-amb-nostalgia-el-retrat-dun-napols-entregat-a-la-camorra-i-a-lesglesia\/","og_site_name":"Mostra de Val\u00e8ncia","article_published_time":"2022-10-23T18:00:21+00:00","og_image":[{"width":700,"height":700,"url":"https:\/\/lamostradevalencia.com\/wp-content\/uploads\/2022\/10\/nostalgia-Mostra.png","type":"image\/png"}],"author":"Mostra de Val\u00e8ncia","twitter_card":"summary_large_image","twitter_misc":{"Escrit per":"Mostra de Val\u00e8ncia","Temps estimat de lectura":"3 minuts"},"schema":{"@context":"https:\/\/schema.org","@graph":[{"@type":"Article","@id":"https:\/\/lamostradevalencia.com\/ca\/mario-martone-competeix-amb-nostalgia-el-retrat-dun-napols-entregat-a-la-camorra-i-a-lesglesia\/#article","isPartOf":{"@id":"https:\/\/lamostradevalencia.com\/ca\/mario-martone-competeix-amb-nostalgia-el-retrat-dun-napols-entregat-a-la-camorra-i-a-lesglesia\/"},"author":{"name":"Mostra de Val\u00e8ncia","@id":"https:\/\/lamostradevalencia.com\/ca\/#\/schema\/person\/1dc07e4df3d6310b81d2cdf6a034070c"},"headline":"Mario Martone competeix amb &#8216;Nostalgia&#8217;, el retrat d&#8217;un N\u00e0pols entregat a la Camorra i a l&#8217;Esgl\u00e9sia","datePublished":"2022-10-23T18:00:21+00:00","mainEntityOfPage":{"@id":"https:\/\/lamostradevalencia.com\/ca\/mario-martone-competeix-amb-nostalgia-el-retrat-dun-napols-entregat-a-la-camorra-i-a-lesglesia\/"},"wordCount":665,"commentCount":0,"image":{"@id":"https:\/\/lamostradevalencia.com\/ca\/mario-martone-competeix-amb-nostalgia-el-retrat-dun-napols-entregat-a-la-camorra-i-a-lesglesia\/#primaryimage"},"thumbnailUrl":"https:\/\/lamostradevalencia.com\/wp-content\/uploads\/2022\/10\/nostalgia-Mostra.png","articleSection":["Noticies"],"inLanguage":"ca","potentialAction":[{"@type":"CommentAction","name":"Comment","target":["https:\/\/lamostradevalencia.com\/ca\/mario-martone-competeix-amb-nostalgia-el-retrat-dun-napols-entregat-a-la-camorra-i-a-lesglesia\/#respond"]}]},{"@type":"WebPage","@id":"https:\/\/lamostradevalencia.com\/ca\/mario-martone-competeix-amb-nostalgia-el-retrat-dun-napols-entregat-a-la-camorra-i-a-lesglesia\/","url":"https:\/\/lamostradevalencia.com\/ca\/mario-martone-competeix-amb-nostalgia-el-retrat-dun-napols-entregat-a-la-camorra-i-a-lesglesia\/","name":"Mario Martone competeix amb 'Nostalgia', el retrat d'un N\u00e0pols entregat a la Camorra i a l'Esgl\u00e9sia - Mostra de Val\u00e8ncia","isPartOf":{"@id":"https:\/\/lamostradevalencia.com\/ca\/#website"},"primaryImageOfPage":{"@id":"https:\/\/lamostradevalencia.com\/ca\/mario-martone-competeix-amb-nostalgia-el-retrat-dun-napols-entregat-a-la-camorra-i-a-lesglesia\/#primaryimage"},"image":{"@id":"https:\/\/lamostradevalencia.com\/ca\/mario-martone-competeix-amb-nostalgia-el-retrat-dun-napols-entregat-a-la-camorra-i-a-lesglesia\/#primaryimage"},"thumbnailUrl":"https:\/\/lamostradevalencia.com\/wp-content\/uploads\/2022\/10\/nostalgia-Mostra.png","datePublished":"2022-10-23T18:00:21+00:00","author":{"@id":"https:\/\/lamostradevalencia.com\/ca\/#\/schema\/person\/1dc07e4df3d6310b81d2cdf6a034070c"},"breadcrumb":{"@id":"https:\/\/lamostradevalencia.com\/ca\/mario-martone-competeix-amb-nostalgia-el-retrat-dun-napols-entregat-a-la-camorra-i-a-lesglesia\/#breadcrumb"},"inLanguage":"ca","potentialAction":[{"@type":"ReadAction","target":["https:\/\/lamostradevalencia.com\/ca\/mario-martone-competeix-amb-nostalgia-el-retrat-dun-napols-entregat-a-la-camorra-i-a-lesglesia\/"]}]},{"@type":"ImageObject","inLanguage":"ca","@id":"https:\/\/lamostradevalencia.com\/ca\/mario-martone-competeix-amb-nostalgia-el-retrat-dun-napols-entregat-a-la-camorra-i-a-lesglesia\/#primaryimage","url":"https:\/\/lamostradevalencia.com\/wp-content\/uploads\/2022\/10\/nostalgia-Mostra.png","contentUrl":"https:\/\/lamostradevalencia.com\/wp-content\/uploads\/2022\/10\/nostalgia-Mostra.png","width":700,"height":700},{"@type":"BreadcrumbList","@id":"https:\/\/lamostradevalencia.com\/ca\/mario-martone-competeix-amb-nostalgia-el-retrat-dun-napols-entregat-a-la-camorra-i-a-lesglesia\/#breadcrumb","itemListElement":[{"@type":"ListItem","position":1,"name":"Portada","item":"https:\/\/lamostradevalencia.com\/ca\/"},{"@type":"ListItem","position":2,"name":"Mario Martone competeix amb &#8216;Nostalgia&#8217;, el retrat d&#8217;un N\u00e0pols entregat a la Camorra i a l&#8217;Esgl\u00e9sia"}]},{"@type":"WebSite","@id":"https:\/\/lamostradevalencia.com\/ca\/#website","url":"https:\/\/lamostradevalencia.com\/ca\/","name":"Mostra de Val\u00e8ncia","description":"Cinema del Mediterrani","potentialAction":[{"@type":"SearchAction","target":{"@type":"EntryPoint","urlTemplate":"https:\/\/lamostradevalencia.com\/ca\/?s={search_term_string}"},"query-input":{"@type":"PropertyValueSpecification","valueRequired":true,"valueName":"search_term_string"}}],"inLanguage":"ca"},{"@type":"Person","@id":"https:\/\/lamostradevalencia.com\/ca\/#\/schema\/person\/1dc07e4df3d6310b81d2cdf6a034070c","name":"Mostra de Val\u00e8ncia","image":{"@type":"ImageObject","inLanguage":"ca","@id":"https:\/\/secure.gravatar.com\/avatar\/ada4dfd699a9907706987adb1bb2b361c2613ccca474b49b8c648de5208e32f8?s=96&d=mm&r=g","url":"https:\/\/secure.gravatar.com\/avatar\/ada4dfd699a9907706987adb1bb2b361c2613ccca474b49b8c648de5208e32f8?s=96&d=mm&r=g","contentUrl":"https:\/\/secure.gravatar.com\/avatar\/ada4dfd699a9907706987adb1bb2b361c2613ccca474b49b8c648de5208e32f8?s=96&d=mm&r=g","caption":"Mostra de Val\u00e8ncia"}}]}},"uagb_featured_image_src":{"full":["https:\/\/lamostradevalencia.com\/wp-content\/uploads\/2022\/10\/nostalgia-Mostra.png",700,700,false],"thumbnail":["https:\/\/lamostradevalencia.com\/wp-content\/uploads\/2022\/10\/nostalgia-Mostra-150x150.png",150,150,true],"medium":["https:\/\/lamostradevalencia.com\/wp-content\/uploads\/2022\/10\/nostalgia-Mostra-300x300.png",300,300,true],"medium_large":["https:\/\/lamostradevalencia.com\/wp-content\/uploads\/2022\/10\/nostalgia-Mostra.png",700,700,false],"large":["https:\/\/lamostradevalencia.com\/wp-content\/uploads\/2022\/10\/nostalgia-Mostra.png",700,700,false],"1536x1536":["https:\/\/lamostradevalencia.com\/wp-content\/uploads\/2022\/10\/nostalgia-Mostra.png",700,700,false],"2048x2048":["https:\/\/lamostradevalencia.com\/wp-content\/uploads\/2022\/10\/nostalgia-Mostra.png",700,700,false],"cinerama_edge_image_square":["https:\/\/lamostradevalencia.com\/wp-content\/uploads\/2022\/10\/nostalgia-Mostra-550x550.png",550,550,true],"cinerama_edge_image_landscape":["https:\/\/lamostradevalencia.com\/wp-content\/uploads\/2022\/10\/nostalgia-Mostra-700x550.png",700,550,true],"cinerama_edge_image_portrait":["https:\/\/lamostradevalencia.com\/wp-content\/uploads\/2022\/10\/nostalgia-Mostra-550x700.png",550,700,true],"cinerama_edge_image_huge":["https:\/\/lamostradevalencia.com\/wp-content\/uploads\/2022\/10\/nostalgia-Mostra.png",700,700,false],"gform-image-choice-sm":["https:\/\/lamostradevalencia.com\/wp-content\/uploads\/2022\/10\/nostalgia-Mostra.png",300,300,false],"gform-image-choice-md":["https:\/\/lamostradevalencia.com\/wp-content\/uploads\/2022\/10\/nostalgia-Mostra.png",400,400,false],"gform-image-choice-lg":["https:\/\/lamostradevalencia.com\/wp-content\/uploads\/2022\/10\/nostalgia-Mostra.png",600,600,false]},"uagb_author_info":{"display_name":"Mostra de Val\u00e8ncia","author_link":"https:\/\/lamostradevalencia.com\/ca\/author\/mostravalencia\/"},"uagb_comment_info":0,"uagb_excerpt":"El veter\u00e0 director itali\u00e0 adapta la novel\u00b7la del mateix nom de Ermanno Rea, que compta amb la superba interpretaci\u00f3 de Pierfrancesco Favino Mario Martone s&#8217;incorpora [&hellip;]","_links":{"self":[{"href":"https:\/\/lamostradevalencia.com\/ca\/wp-json\/wp\/v2\/posts\/17346","targetHints":{"allow":["GET"]}}],"collection":[{"href":"https:\/\/lamostradevalencia.com\/ca\/wp-json\/wp\/v2\/posts"}],"about":[{"href":"https:\/\/lamostradevalencia.com\/ca\/wp-json\/wp\/v2\/types\/post"}],"author":[{"embeddable":true,"href":"https:\/\/lamostradevalencia.com\/ca\/wp-json\/wp\/v2\/users\/1"}],"replies":[{"embeddable":true,"href":"https:\/\/lamostradevalencia.com\/ca\/wp-json\/wp\/v2\/comments?post=17346"}],"version-history":[{"count":1,"href":"https:\/\/lamostradevalencia.com\/ca\/wp-json\/wp\/v2\/posts\/17346\/revisions"}],"predecessor-version":[{"id":17352,"href":"https:\/\/lamostradevalencia.com\/ca\/wp-json\/wp\/v2\/posts\/17346\/revisions\/17352"}],"wp:featuredmedia":[{"embeddable":true,"href":"https:\/\/lamostradevalencia.com\/ca\/wp-json\/wp\/v2\/media\/17347"}],"wp:attachment":[{"href":"https:\/\/lamostradevalencia.com\/ca\/wp-json\/wp\/v2\/media?parent=17346"}],"wp:term":[{"taxonomy":"category","embeddable":true,"href":"https:\/\/lamostradevalencia.com\/ca\/wp-json\/wp\/v2\/categories?post=17346"},{"taxonomy":"post_tag","embeddable":true,"href":"https:\/\/lamostradevalencia.com\/ca\/wp-json\/wp\/v2\/tags?post=17346"}],"curies":[{"name":"wp","href":"https:\/\/api.w.org\/{rel}","templated":true}]}}