{"id":17344,"date":"2022-10-23T19:57:09","date_gmt":"2022-10-23T17:57:09","guid":{"rendered":"https:\/\/lamostradevalencia.com\/?p=17344"},"modified":"2022-10-23T20:01:32","modified_gmt":"2022-10-23T18:01:32","slug":"en-temporada-baja-una-comedia-sobre-el-drama-de-viure-en-un-camping","status":"publish","type":"post","link":"https:\/\/lamostradevalencia.com\/ca\/en-temporada-baja-una-comedia-sobre-el-drama-de-viure-en-un-camping\/","title":{"rendered":"\u2018En temporada baja\u2019: una com\u00e8dia sobre el drama de viure en un c\u00e0mping"},"content":{"rendered":"<h5>Antonio Resines, Coque Malla, Fele Mart\u00ednez i Edu Soto protagonitzen esta producci\u00f3 valenciana dirigida per David Marqu\u00e9s, que es projecta en una sessi\u00f3 especial de la Mostra<\/h5>\n<p><span style=\"font-weight: 400;\">L\u2019Espai Mostra de Val\u00e8ncia situat en la pla\u00e7a de l&#8217;Ajuntament ha acollit este\u00a0migdia la presentaci\u00f3 de la pel\u00b7l\u00edcula \u2018En temporada baja\u2019, que es projectar\u00e0 esta nit als cinemes Babel com a Passe Especial. Set\u00e9 llargmetratge de David Marqu\u00e9s, la pel\u00b7l\u00edcula \u00e9s\u00a0<\/span><strong>\u201cun drama amb molt d&#8217;humor de quatre perdedors<\/strong><span style=\"font-weight: 400;\">, amargats i bregats de la vida que per diverses circumst\u00e0ncies acaben vivint en un c\u00e0mping i han de sobreviure units\u201d. El personatge d\u2019Edu Soto \u00e9s el d&#8217;un policia local que s&#8217;ha separat i que dorm en la comissaria en la part dels arxivadors i, de sobte, s&#8217;ha de fer c\u00e0rrec de la cura dels seus fills. De casualitat coneix al personatge que interpreta Antonio Resines, un ex representant d&#8217;esportistes molt miserable vingut a menys, que sempre busca traure benefici dels altres, que li ofereix anar al c\u00e0mping per a traure&#8217;s uns diners. All\u00ed coneixer\u00e0 al personatge de Coque Malla, un periodista obsessionat amb l&#8217;\u00e8tica i al personatge de Fele Mart\u00ednez. Entre tots ells sorgir\u00e0 una amistat que anir\u00e0 evolucionant d&#8217;una manera entretinguda i molt divertida\u201d.<\/span><br style=\"font-weight: 400;\" \/><br style=\"font-weight: 400;\" \/><span style=\"font-weight: 400;\">Quatre \u201cimpresentables\u201d<\/span><span style=\"font-weight: 400;\">, afig Paloma Mora, productora de la pel\u00b7l\u00edcula, qui assegura que va tindre clar des del principi que treballarien sota la direcci\u00f3 de David Marqu\u00e9s: \u201cT\u00e9 una llarga traject\u00f2ria professional, sobretot en la com\u00e8dia, va ser\u00a0<\/span><strong>el guionista de \u2018Campeones\u2019,<\/strong><span style=\"font-weight: 400;\">\u00a0entre moltes altres, i pensem que era el cineasta adequat per a fer esta dramedia. Ha sigut un plaer treballar amb ell i ha fet un treball fant\u00e0stic\u201d.<\/span><br style=\"font-weight: 400;\" \/><br style=\"font-weight: 400;\" \/><span style=\"font-weight: 400;\">Completen el repartiment\u00a0<strong>Ana Mil\u00e0, Rosana Pastor, Marta Belenguer, Nacho Fresneda, Eric Franc\u00e9s, Rulo Pardo, J\u00fanior Sever, Vanesa Romero, Sergio Olmo, H\u00e9ctor Montoliu, Mar\u00eda Almudever i els xiquets Marc X\u00e0tiva i \u00c1ngela Amado.<\/strong>\u00a0\u201cEncara que ens centrem en la vida dels quatre protagonistes, \u00e9s una pel\u00b7l\u00edcula coral perqu\u00e8 hav\u00edem de mostrar el m\u00f3n que envoltava a estos personatges i per qu\u00e8 havien acabat all\u00ed. Hi havia molts sat\u00e8l\u00b7lits al costat d&#8217;ells que era important mostrar, assegura el director\u201d.<\/span><br style=\"font-weight: 400;\" \/><br style=\"font-weight: 400;\" \/><span style=\"font-weight: 400;\">Rodada en quatre setmanes i \u00edntegrament en diferents localitzacions de Val\u00e8ncia aix\u00ed com els seus voltants, com ara Pu\u00e7ol, N\u00e0quera, La Pobla de Farnals o La Pobla de Vallbona, enfront dels rodatges fren\u00e8tics este va ser, com coincideixen els seus protagonistes, \u201cbastant relaxat\u201d.\u00a0<strong>\u201cFeia molt de temps que no feia cine<\/strong>\u00a0i amb el\u00a0<\/span><em style=\"font-weight: 400;\">rock and roll<\/em><span style=\"font-weight: 400;\">\u00a0tens una recompensa immediata, et puges a l&#8217;escenari i est\u00e0s dues hores amo absolut de la teua hist\u00f2ria, per\u00f2 en actuar est\u00e0s al servei del projecte d&#8217;una altra persona -reconeix\u00a0<\/span><strong>Coque Malla<\/strong><span style=\"font-weight: 400;\">-. En este rodatge vaig gaudir molt\u00edssim ac\u00ed, a Val\u00e8ncia, estava molt relaxat i no entenia per qu\u00e8 fins que em vaig adonar que l&#8217;\u00faltima vegada que havia rodat havia sigut en cinema de 35 mil\u00b7l\u00edmetres, on tot estrenyia perqu\u00e8 cada segon comptava, costava una dinerada i se&#8217;ns sotmetia a molta pressi\u00f3. Ara, en gravar en v\u00eddeo, est\u00e0 tot m\u00e9s relaxat i si t&#8217;equivoques es torna a repetir sense problemes i sense tensions. Avi!\u201d. Molt m\u00e9s relaxada fins i tot ha sigut la viv\u00e8ncia de\u00a0<\/span><strong>Fele Mart\u00ednez:<\/strong><span style=\"font-weight: 400;\">\u00a0\u201cPer a mi ha sigut una experi\u00e8ncia molt divertida i agradable. Com el meu personatge a penes t\u00e9 text i es passa el dia tirat en el c\u00e0mping sense fer completament res, vindre a Val\u00e8ncia a rodar era per a gaudir i oblidar-me del m\u00f3n.\u00a0<\/span><strong>Ha sigut com un treball spa!\u201d.<\/strong><br style=\"font-weight: 400;\" \/><br style=\"font-weight: 400;\" \/><span style=\"font-weight: 400;\">L&#8217;actriu\u00a0<strong>Rosana Pastor,\u00a0<\/strong>que interpreta en la pel\u00b7l\u00edcula a la dona d&#8217;Antonio Resines, assegura que va ser \u201cuna experi\u00e8ncia comprimida en el temps que vaig gaudir molt i en la qual interprete a un personatge que no s&#8217;explica a si mateix, sin\u00f3 que ajuda a explicar-se al personatge d&#8217;Antonio\u201d. En el rodatge, explica, \u201chi havia un ambient molt dist\u00e9s i tot flu\u00efa. El car\u00e0cter d&#8217;un rodatge l&#8217;imprimix la persona que dirigix o produix. Ser actriu \u00e9s un treball molt vocacional, per\u00f2 dur com pot ser un altre perqu\u00e8 est\u00e0s sempre en la corda fluixa i arriscant molt\u201d. Tot eixe ambient de \u201crelaxaci\u00f3\u201d, assegura Marqu\u00e9s, \u201ces percep i es gaudeix despr\u00e9s en la pel\u00b7l\u00edcula\u201d.<\/span><br style=\"font-weight: 400;\" \/><br style=\"font-weight: 400;\" \/><span style=\"font-weight: 400;\">El gui\u00f3 \u00e9s obra del mateix Marqu\u00e9s i Javier F\u00e9lix Ech\u00e1niz, Asier Guerricaechevarr\u00eda i Jon Iriarte. \u201c&#8217;En temporada baja&#8217;,\u00a0 t\u00edtol que al\u00b7ludeix a l&#8217;\u00e8poca en la qual es desenvolupa la pel\u00b7l\u00edcula i al fet que tamb\u00e9 els seus protagonistes estan en temporada baixa\u201d, ha recordat Paloma Mora, s&#8217;estrenar\u00e0 a final d&#8217;any.<\/span><br style=\"font-weight: 400;\" \/><br style=\"font-weight: 400;\" \/><span style=\"font-weight: 400;\">La 37a Mostra de Val\u00e8ncia \u2013 Cinema del Mediterrani, que se celebra fins al 30 d&#8217;octubre, compta amb la col\u00b7laboraci\u00f3 de l\u2019Institut Valenci\u00e0 de Cultura (IVC), Rambleta, Val\u00e8ncia Film Office, Barreira Arte + Dise\u00f1o i \u00c0 Punt M\u00e8dia com a mitj\u00e0 oficial.<\/span><\/p>\n","protected":false},"excerpt":{"rendered":"<p>Antonio Resines, Coque Malla, Fele Mart\u00ednez i Edu Soto protagonitzen esta producci\u00f3 valenciana dirigida per David Marqu\u00e9s, que es projecta en una sessi\u00f3 especial de [&hellip;]<\/p>\n","protected":false},"author":1,"featured_media":17331,"comment_status":"open","ping_status":"open","sticky":false,"template":"","format":"standard","meta":{"_uag_custom_page_level_css":"","_jet_sm_ready_style":"","_jet_sm_style":"","_jet_sm_controls_values":"","_jet_sm_fonts_collection":"","_jet_sm_fonts_links":"","footnotes":""},"categories":[455],"tags":[],"class_list":["post-17344","post","type-post","status-publish","format-standard","has-post-thumbnail","hentry","category-noticies"],"yoast_head":"<!-- This site is optimized with the Yoast SEO plugin v27.5 - https:\/\/yoast.com\/product\/yoast-seo-wordpress\/ -->\n<title>\u2018En temporada baja\u2019: una com\u00e8dia sobre el drama de viure en un c\u00e0mping - Mostra de Val\u00e8ncia<\/title>\n<meta name=\"robots\" content=\"index, follow, max-snippet:-1, max-image-preview:large, max-video-preview:-1\" \/>\n<link rel=\"canonical\" href=\"https:\/\/lamostradevalencia.com\/ca\/en-temporada-baja-una-comedia-sobre-el-drama-de-viure-en-un-camping\/\" \/>\n<meta property=\"og:locale\" content=\"ca_ES\" \/>\n<meta property=\"og:type\" content=\"article\" \/>\n<meta property=\"og:title\" content=\"\u2018En temporada baja\u2019: una com\u00e8dia sobre el drama de viure en un c\u00e0mping - Mostra de Val\u00e8ncia\" \/>\n<meta property=\"og:description\" content=\"Antonio Resines, Coque Malla, Fele Mart\u00ednez i Edu Soto protagonitzen esta producci\u00f3 valenciana dirigida per David Marqu\u00e9s, que es projecta en una sessi\u00f3 especial de [&hellip;]\" \/>\n<meta property=\"og:url\" content=\"https:\/\/lamostradevalencia.com\/ca\/en-temporada-baja-una-comedia-sobre-el-drama-de-viure-en-un-camping\/\" \/>\n<meta property=\"og:site_name\" content=\"Mostra de Val\u00e8ncia\" \/>\n<meta property=\"article:published_time\" content=\"2022-10-23T17:57:09+00:00\" \/>\n<meta property=\"article:modified_time\" content=\"2022-10-23T18:01:32+00:00\" \/>\n<meta property=\"og:image\" content=\"https:\/\/lamostradevalencia.com\/wp-content\/uploads\/2022\/10\/en-temporada-baja-photocall.jpg\" \/>\n\t<meta property=\"og:image:width\" content=\"706\" \/>\n\t<meta property=\"og:image:height\" content=\"831\" \/>\n\t<meta property=\"og:image:type\" content=\"image\/jpeg\" \/>\n<meta name=\"author\" content=\"Mostra de Val\u00e8ncia\" \/>\n<meta name=\"twitter:card\" content=\"summary_large_image\" \/>\n<meta name=\"twitter:label1\" content=\"Escrit per\" \/>\n\t<meta name=\"twitter:data1\" content=\"Mostra de Val\u00e8ncia\" \/>\n\t<meta name=\"twitter:label2\" content=\"Temps estimat de lectura\" \/>\n\t<meta name=\"twitter:data2\" content=\"4 minuts\" \/>\n<script type=\"application\/ld+json\" class=\"yoast-schema-graph\">{\"@context\":\"https:\\\/\\\/schema.org\",\"@graph\":[{\"@type\":\"Article\",\"@id\":\"https:\\\/\\\/lamostradevalencia.com\\\/ca\\\/en-temporada-baja-una-comedia-sobre-el-drama-de-viure-en-un-camping\\\/#article\",\"isPartOf\":{\"@id\":\"https:\\\/\\\/lamostradevalencia.com\\\/ca\\\/en-temporada-baja-una-comedia-sobre-el-drama-de-viure-en-un-camping\\\/\"},\"author\":{\"name\":\"Mostra de Val\u00e8ncia\",\"@id\":\"https:\\\/\\\/lamostradevalencia.com\\\/ca\\\/#\\\/schema\\\/person\\\/1dc07e4df3d6310b81d2cdf6a034070c\"},\"headline\":\"\u2018En temporada baja\u2019: una com\u00e8dia sobre el drama de viure en un c\u00e0mping\",\"datePublished\":\"2022-10-23T17:57:09+00:00\",\"dateModified\":\"2022-10-23T18:01:32+00:00\",\"mainEntityOfPage\":{\"@id\":\"https:\\\/\\\/lamostradevalencia.com\\\/ca\\\/en-temporada-baja-una-comedia-sobre-el-drama-de-viure-en-un-camping\\\/\"},\"wordCount\":895,\"commentCount\":0,\"image\":{\"@id\":\"https:\\\/\\\/lamostradevalencia.com\\\/ca\\\/en-temporada-baja-una-comedia-sobre-el-drama-de-viure-en-un-camping\\\/#primaryimage\"},\"thumbnailUrl\":\"https:\\\/\\\/lamostradevalencia.com\\\/wp-content\\\/uploads\\\/2022\\\/10\\\/en-temporada-baja-photocall.jpg\",\"articleSection\":[\"Noticies\"],\"inLanguage\":\"ca\",\"potentialAction\":[{\"@type\":\"CommentAction\",\"name\":\"Comment\",\"target\":[\"https:\\\/\\\/lamostradevalencia.com\\\/ca\\\/en-temporada-baja-una-comedia-sobre-el-drama-de-viure-en-un-camping\\\/#respond\"]}]},{\"@type\":\"WebPage\",\"@id\":\"https:\\\/\\\/lamostradevalencia.com\\\/ca\\\/en-temporada-baja-una-comedia-sobre-el-drama-de-viure-en-un-camping\\\/\",\"url\":\"https:\\\/\\\/lamostradevalencia.com\\\/ca\\\/en-temporada-baja-una-comedia-sobre-el-drama-de-viure-en-un-camping\\\/\",\"name\":\"\u2018En temporada baja\u2019: una com\u00e8dia sobre el drama de viure en un c\u00e0mping - Mostra de Val\u00e8ncia\",\"isPartOf\":{\"@id\":\"https:\\\/\\\/lamostradevalencia.com\\\/ca\\\/#website\"},\"primaryImageOfPage\":{\"@id\":\"https:\\\/\\\/lamostradevalencia.com\\\/ca\\\/en-temporada-baja-una-comedia-sobre-el-drama-de-viure-en-un-camping\\\/#primaryimage\"},\"image\":{\"@id\":\"https:\\\/\\\/lamostradevalencia.com\\\/ca\\\/en-temporada-baja-una-comedia-sobre-el-drama-de-viure-en-un-camping\\\/#primaryimage\"},\"thumbnailUrl\":\"https:\\\/\\\/lamostradevalencia.com\\\/wp-content\\\/uploads\\\/2022\\\/10\\\/en-temporada-baja-photocall.jpg\",\"datePublished\":\"2022-10-23T17:57:09+00:00\",\"dateModified\":\"2022-10-23T18:01:32+00:00\",\"author\":{\"@id\":\"https:\\\/\\\/lamostradevalencia.com\\\/ca\\\/#\\\/schema\\\/person\\\/1dc07e4df3d6310b81d2cdf6a034070c\"},\"breadcrumb\":{\"@id\":\"https:\\\/\\\/lamostradevalencia.com\\\/ca\\\/en-temporada-baja-una-comedia-sobre-el-drama-de-viure-en-un-camping\\\/#breadcrumb\"},\"inLanguage\":\"ca\",\"potentialAction\":[{\"@type\":\"ReadAction\",\"target\":[\"https:\\\/\\\/lamostradevalencia.com\\\/ca\\\/en-temporada-baja-una-comedia-sobre-el-drama-de-viure-en-un-camping\\\/\"]}]},{\"@type\":\"ImageObject\",\"inLanguage\":\"ca\",\"@id\":\"https:\\\/\\\/lamostradevalencia.com\\\/ca\\\/en-temporada-baja-una-comedia-sobre-el-drama-de-viure-en-un-camping\\\/#primaryimage\",\"url\":\"https:\\\/\\\/lamostradevalencia.com\\\/wp-content\\\/uploads\\\/2022\\\/10\\\/en-temporada-baja-photocall.jpg\",\"contentUrl\":\"https:\\\/\\\/lamostradevalencia.com\\\/wp-content\\\/uploads\\\/2022\\\/10\\\/en-temporada-baja-photocall.jpg\",\"width\":706,\"height\":831},{\"@type\":\"BreadcrumbList\",\"@id\":\"https:\\\/\\\/lamostradevalencia.com\\\/ca\\\/en-temporada-baja-una-comedia-sobre-el-drama-de-viure-en-un-camping\\\/#breadcrumb\",\"itemListElement\":[{\"@type\":\"ListItem\",\"position\":1,\"name\":\"Portada\",\"item\":\"https:\\\/\\\/lamostradevalencia.com\\\/ca\\\/\"},{\"@type\":\"ListItem\",\"position\":2,\"name\":\"\u2018En temporada baja\u2019: una com\u00e8dia sobre el drama de viure en un c\u00e0mping\"}]},{\"@type\":\"WebSite\",\"@id\":\"https:\\\/\\\/lamostradevalencia.com\\\/ca\\\/#website\",\"url\":\"https:\\\/\\\/lamostradevalencia.com\\\/ca\\\/\",\"name\":\"Mostra de Val\u00e8ncia\",\"description\":\"Cinema del Mediterrani\",\"potentialAction\":[{\"@type\":\"SearchAction\",\"target\":{\"@type\":\"EntryPoint\",\"urlTemplate\":\"https:\\\/\\\/lamostradevalencia.com\\\/ca\\\/?s={search_term_string}\"},\"query-input\":{\"@type\":\"PropertyValueSpecification\",\"valueRequired\":true,\"valueName\":\"search_term_string\"}}],\"inLanguage\":\"ca\"},{\"@type\":\"Person\",\"@id\":\"https:\\\/\\\/lamostradevalencia.com\\\/ca\\\/#\\\/schema\\\/person\\\/1dc07e4df3d6310b81d2cdf6a034070c\",\"name\":\"Mostra de Val\u00e8ncia\",\"image\":{\"@type\":\"ImageObject\",\"inLanguage\":\"ca\",\"@id\":\"https:\\\/\\\/secure.gravatar.com\\\/avatar\\\/ada4dfd699a9907706987adb1bb2b361c2613ccca474b49b8c648de5208e32f8?s=96&d=mm&r=g\",\"url\":\"https:\\\/\\\/secure.gravatar.com\\\/avatar\\\/ada4dfd699a9907706987adb1bb2b361c2613ccca474b49b8c648de5208e32f8?s=96&d=mm&r=g\",\"contentUrl\":\"https:\\\/\\\/secure.gravatar.com\\\/avatar\\\/ada4dfd699a9907706987adb1bb2b361c2613ccca474b49b8c648de5208e32f8?s=96&d=mm&r=g\",\"caption\":\"Mostra de Val\u00e8ncia\"}}]}<\/script>\n<!-- \/ Yoast SEO plugin. -->","yoast_head_json":{"title":"\u2018En temporada baja\u2019: una com\u00e8dia sobre el drama de viure en un c\u00e0mping - Mostra de Val\u00e8ncia","robots":{"index":"index","follow":"follow","max-snippet":"max-snippet:-1","max-image-preview":"max-image-preview:large","max-video-preview":"max-video-preview:-1"},"canonical":"https:\/\/lamostradevalencia.com\/ca\/en-temporada-baja-una-comedia-sobre-el-drama-de-viure-en-un-camping\/","og_locale":"ca_ES","og_type":"article","og_title":"\u2018En temporada baja\u2019: una com\u00e8dia sobre el drama de viure en un c\u00e0mping - Mostra de Val\u00e8ncia","og_description":"Antonio Resines, Coque Malla, Fele Mart\u00ednez i Edu Soto protagonitzen esta producci\u00f3 valenciana dirigida per David Marqu\u00e9s, que es projecta en una sessi\u00f3 especial de [&hellip;]","og_url":"https:\/\/lamostradevalencia.com\/ca\/en-temporada-baja-una-comedia-sobre-el-drama-de-viure-en-un-camping\/","og_site_name":"Mostra de Val\u00e8ncia","article_published_time":"2022-10-23T17:57:09+00:00","article_modified_time":"2022-10-23T18:01:32+00:00","og_image":[{"width":706,"height":831,"url":"https:\/\/lamostradevalencia.com\/wp-content\/uploads\/2022\/10\/en-temporada-baja-photocall.jpg","type":"image\/jpeg"}],"author":"Mostra de Val\u00e8ncia","twitter_card":"summary_large_image","twitter_misc":{"Escrit per":"Mostra de Val\u00e8ncia","Temps estimat de lectura":"4 minuts"},"schema":{"@context":"https:\/\/schema.org","@graph":[{"@type":"Article","@id":"https:\/\/lamostradevalencia.com\/ca\/en-temporada-baja-una-comedia-sobre-el-drama-de-viure-en-un-camping\/#article","isPartOf":{"@id":"https:\/\/lamostradevalencia.com\/ca\/en-temporada-baja-una-comedia-sobre-el-drama-de-viure-en-un-camping\/"},"author":{"name":"Mostra de Val\u00e8ncia","@id":"https:\/\/lamostradevalencia.com\/ca\/#\/schema\/person\/1dc07e4df3d6310b81d2cdf6a034070c"},"headline":"\u2018En temporada baja\u2019: una com\u00e8dia sobre el drama de viure en un c\u00e0mping","datePublished":"2022-10-23T17:57:09+00:00","dateModified":"2022-10-23T18:01:32+00:00","mainEntityOfPage":{"@id":"https:\/\/lamostradevalencia.com\/ca\/en-temporada-baja-una-comedia-sobre-el-drama-de-viure-en-un-camping\/"},"wordCount":895,"commentCount":0,"image":{"@id":"https:\/\/lamostradevalencia.com\/ca\/en-temporada-baja-una-comedia-sobre-el-drama-de-viure-en-un-camping\/#primaryimage"},"thumbnailUrl":"https:\/\/lamostradevalencia.com\/wp-content\/uploads\/2022\/10\/en-temporada-baja-photocall.jpg","articleSection":["Noticies"],"inLanguage":"ca","potentialAction":[{"@type":"CommentAction","name":"Comment","target":["https:\/\/lamostradevalencia.com\/ca\/en-temporada-baja-una-comedia-sobre-el-drama-de-viure-en-un-camping\/#respond"]}]},{"@type":"WebPage","@id":"https:\/\/lamostradevalencia.com\/ca\/en-temporada-baja-una-comedia-sobre-el-drama-de-viure-en-un-camping\/","url":"https:\/\/lamostradevalencia.com\/ca\/en-temporada-baja-una-comedia-sobre-el-drama-de-viure-en-un-camping\/","name":"\u2018En temporada baja\u2019: una com\u00e8dia sobre el drama de viure en un c\u00e0mping - Mostra de Val\u00e8ncia","isPartOf":{"@id":"https:\/\/lamostradevalencia.com\/ca\/#website"},"primaryImageOfPage":{"@id":"https:\/\/lamostradevalencia.com\/ca\/en-temporada-baja-una-comedia-sobre-el-drama-de-viure-en-un-camping\/#primaryimage"},"image":{"@id":"https:\/\/lamostradevalencia.com\/ca\/en-temporada-baja-una-comedia-sobre-el-drama-de-viure-en-un-camping\/#primaryimage"},"thumbnailUrl":"https:\/\/lamostradevalencia.com\/wp-content\/uploads\/2022\/10\/en-temporada-baja-photocall.jpg","datePublished":"2022-10-23T17:57:09+00:00","dateModified":"2022-10-23T18:01:32+00:00","author":{"@id":"https:\/\/lamostradevalencia.com\/ca\/#\/schema\/person\/1dc07e4df3d6310b81d2cdf6a034070c"},"breadcrumb":{"@id":"https:\/\/lamostradevalencia.com\/ca\/en-temporada-baja-una-comedia-sobre-el-drama-de-viure-en-un-camping\/#breadcrumb"},"inLanguage":"ca","potentialAction":[{"@type":"ReadAction","target":["https:\/\/lamostradevalencia.com\/ca\/en-temporada-baja-una-comedia-sobre-el-drama-de-viure-en-un-camping\/"]}]},{"@type":"ImageObject","inLanguage":"ca","@id":"https:\/\/lamostradevalencia.com\/ca\/en-temporada-baja-una-comedia-sobre-el-drama-de-viure-en-un-camping\/#primaryimage","url":"https:\/\/lamostradevalencia.com\/wp-content\/uploads\/2022\/10\/en-temporada-baja-photocall.jpg","contentUrl":"https:\/\/lamostradevalencia.com\/wp-content\/uploads\/2022\/10\/en-temporada-baja-photocall.jpg","width":706,"height":831},{"@type":"BreadcrumbList","@id":"https:\/\/lamostradevalencia.com\/ca\/en-temporada-baja-una-comedia-sobre-el-drama-de-viure-en-un-camping\/#breadcrumb","itemListElement":[{"@type":"ListItem","position":1,"name":"Portada","item":"https:\/\/lamostradevalencia.com\/ca\/"},{"@type":"ListItem","position":2,"name":"\u2018En temporada baja\u2019: una com\u00e8dia sobre el drama de viure en un c\u00e0mping"}]},{"@type":"WebSite","@id":"https:\/\/lamostradevalencia.com\/ca\/#website","url":"https:\/\/lamostradevalencia.com\/ca\/","name":"Mostra de Val\u00e8ncia","description":"Cinema del Mediterrani","potentialAction":[{"@type":"SearchAction","target":{"@type":"EntryPoint","urlTemplate":"https:\/\/lamostradevalencia.com\/ca\/?s={search_term_string}"},"query-input":{"@type":"PropertyValueSpecification","valueRequired":true,"valueName":"search_term_string"}}],"inLanguage":"ca"},{"@type":"Person","@id":"https:\/\/lamostradevalencia.com\/ca\/#\/schema\/person\/1dc07e4df3d6310b81d2cdf6a034070c","name":"Mostra de Val\u00e8ncia","image":{"@type":"ImageObject","inLanguage":"ca","@id":"https:\/\/secure.gravatar.com\/avatar\/ada4dfd699a9907706987adb1bb2b361c2613ccca474b49b8c648de5208e32f8?s=96&d=mm&r=g","url":"https:\/\/secure.gravatar.com\/avatar\/ada4dfd699a9907706987adb1bb2b361c2613ccca474b49b8c648de5208e32f8?s=96&d=mm&r=g","contentUrl":"https:\/\/secure.gravatar.com\/avatar\/ada4dfd699a9907706987adb1bb2b361c2613ccca474b49b8c648de5208e32f8?s=96&d=mm&r=g","caption":"Mostra de Val\u00e8ncia"}}]}},"uagb_featured_image_src":{"full":["https:\/\/lamostradevalencia.com\/wp-content\/uploads\/2022\/10\/en-temporada-baja-photocall.jpg",706,831,false],"thumbnail":["https:\/\/lamostradevalencia.com\/wp-content\/uploads\/2022\/10\/en-temporada-baja-photocall-150x150.jpg",150,150,true],"medium":["https:\/\/lamostradevalencia.com\/wp-content\/uploads\/2022\/10\/en-temporada-baja-photocall-255x300.jpg",255,300,true],"medium_large":["https:\/\/lamostradevalencia.com\/wp-content\/uploads\/2022\/10\/en-temporada-baja-photocall.jpg",706,831,false],"large":["https:\/\/lamostradevalencia.com\/wp-content\/uploads\/2022\/10\/en-temporada-baja-photocall.jpg",706,831,false],"1536x1536":["https:\/\/lamostradevalencia.com\/wp-content\/uploads\/2022\/10\/en-temporada-baja-photocall.jpg",706,831,false],"2048x2048":["https:\/\/lamostradevalencia.com\/wp-content\/uploads\/2022\/10\/en-temporada-baja-photocall.jpg",706,831,false],"cinerama_edge_image_square":["https:\/\/lamostradevalencia.com\/wp-content\/uploads\/2022\/10\/en-temporada-baja-photocall-550x550.jpg",550,550,true],"cinerama_edge_image_landscape":["https:\/\/lamostradevalencia.com\/wp-content\/uploads\/2022\/10\/en-temporada-baja-photocall-706x550.jpg",706,550,true],"cinerama_edge_image_portrait":["https:\/\/lamostradevalencia.com\/wp-content\/uploads\/2022\/10\/en-temporada-baja-photocall-550x831.jpg",550,831,true],"cinerama_edge_image_huge":["https:\/\/lamostradevalencia.com\/wp-content\/uploads\/2022\/10\/en-temporada-baja-photocall.jpg",706,831,false],"gform-image-choice-sm":["https:\/\/lamostradevalencia.com\/wp-content\/uploads\/2022\/10\/en-temporada-baja-photocall.jpg",255,300,false],"gform-image-choice-md":["https:\/\/lamostradevalencia.com\/wp-content\/uploads\/2022\/10\/en-temporada-baja-photocall.jpg",340,400,false],"gform-image-choice-lg":["https:\/\/lamostradevalencia.com\/wp-content\/uploads\/2022\/10\/en-temporada-baja-photocall.jpg",510,600,false]},"uagb_author_info":{"display_name":"Mostra de Val\u00e8ncia","author_link":"https:\/\/lamostradevalencia.com\/ca\/author\/mostravalencia\/"},"uagb_comment_info":0,"uagb_excerpt":"Antonio Resines, Coque Malla, Fele Mart\u00ednez i Edu Soto protagonitzen esta producci\u00f3 valenciana dirigida per David Marqu\u00e9s, que es projecta en una sessi\u00f3 especial de [&hellip;]","_links":{"self":[{"href":"https:\/\/lamostradevalencia.com\/ca\/wp-json\/wp\/v2\/posts\/17344","targetHints":{"allow":["GET"]}}],"collection":[{"href":"https:\/\/lamostradevalencia.com\/ca\/wp-json\/wp\/v2\/posts"}],"about":[{"href":"https:\/\/lamostradevalencia.com\/ca\/wp-json\/wp\/v2\/types\/post"}],"author":[{"embeddable":true,"href":"https:\/\/lamostradevalencia.com\/ca\/wp-json\/wp\/v2\/users\/1"}],"replies":[{"embeddable":true,"href":"https:\/\/lamostradevalencia.com\/ca\/wp-json\/wp\/v2\/comments?post=17344"}],"version-history":[{"count":1,"href":"https:\/\/lamostradevalencia.com\/ca\/wp-json\/wp\/v2\/posts\/17344\/revisions"}],"predecessor-version":[{"id":17345,"href":"https:\/\/lamostradevalencia.com\/ca\/wp-json\/wp\/v2\/posts\/17344\/revisions\/17345"}],"wp:featuredmedia":[{"embeddable":true,"href":"https:\/\/lamostradevalencia.com\/ca\/wp-json\/wp\/v2\/media\/17331"}],"wp:attachment":[{"href":"https:\/\/lamostradevalencia.com\/ca\/wp-json\/wp\/v2\/media?parent=17344"}],"wp:term":[{"taxonomy":"category","embeddable":true,"href":"https:\/\/lamostradevalencia.com\/ca\/wp-json\/wp\/v2\/categories?post=17344"},{"taxonomy":"post_tag","embeddable":true,"href":"https:\/\/lamostradevalencia.com\/ca\/wp-json\/wp\/v2\/tags?post=17344"}],"curies":[{"name":"wp","href":"https:\/\/api.w.org\/{rel}","templated":true}]}}