{"id":17336,"date":"2022-10-23T19:54:13","date_gmt":"2022-10-23T17:54:13","guid":{"rendered":"https:\/\/lamostradevalencia.com\/?p=17336"},"modified":"2022-10-23T19:54:43","modified_gmt":"2022-10-23T17:54:43","slug":"antonio-resines-coque-malla-fele-martinez-i-edu-soto-protagonitzen-esta-produccio-valenciana-dirigida-per-david-marques-que-es-projecta-en-una-sessio-especial-de-la-mostra","status":"publish","type":"post","link":"https:\/\/lamostradevalencia.com\/ca\/antonio-resines-coque-malla-fele-martinez-i-edu-soto-protagonitzen-esta-produccio-valenciana-dirigida-per-david-marques-que-es-projecta-en-una-sessio-especial-de-la-mostra\/","title":{"rendered":"&#8220;The Life After&#8221;: la viol\u00e8ncia contra les dones solteres algerianes en clau neorrelista"},"content":{"rendered":"<h5><b>El productor del film\u00a0Jean Fran\u00e7ois Catton presenta\u00a0<\/b><b>en la Mostra l&#8217;\u00f2pera prima del periodista\u00a0Anis Djaad\u00a0<\/b><\/h5>\n<p style=\"font-weight: 400;\">Ambientada a Alg\u00e8ria,\u00a0\u2018The Life After\u2019 posa el seu focus en la discriminaci\u00f3 i la viol\u00e8ncia que s&#8217;exerceix contra les dones solteres en una societat modelada per i per a homes. I ho fa amb el retrat \u00edntim d\u2019Hadjer, que acaba de perdre al seu marit en un atac terrorista i que es veu obligada a abandonar amb el seu fill el seu poble davant els estesos rumors que mant\u00e9 relacions il\u00b7legals amb homes. El productor Jean Fran\u00e7ois Catton ha sigut l&#8217;encarregat de presentar-la en la Mostra de Val\u00e8ncia. &#8220;En la duresa reflectida en la pel\u00b7l\u00edcula no hi ha cap exageraci\u00f3 volunt\u00e0ria, sin\u00f3 que s&#8217;acosta molt a la realitat d&#8217;Alg\u00e8ria. Durant el rodatge vaig parlar amb un ve\u00ed que contava que un dels seus fills vivia a Espanya i que l&#8217;altre havia sigut repatriat, per\u00f2 pensava tornar a intentar-lo. E<strong>l 70% de la poblaci\u00f3 algeriana t\u00e9 menys de trenta anys, a penes hi ha treball, els salaris s\u00f3n baix\u00edssims i l&#8217;habitatge molt car,<\/strong>\u00a0sovint viuen cinc o set persones en un apartament. Hi ha gent molt rica, per\u00f2 la majoria de la poblaci\u00f3 viu aix\u00ed&#8221;.<\/p>\n<p>El cineasta i tamb\u00e9 periodista\u00a0Anis Djaad (Alger, 1974) assegura en declaracions a la Mostra: \u201cQuan lluitem dia i nit pel cine, esperem que la nostra pel\u00b7l\u00edcula siga vista. I \u00e9s molt millor si pot ser apreciada per un p\u00fablic independentment del seu origen, cultura, ideologia pol\u00edtica o religi\u00f3. Per tant, es tracta de visibilitat i la Mostra de Val\u00e8ncia est\u00e0 molt ben situada\u201d. Conscient que no \u00e9s la primera vegada que es projecta una cinta algeriana en el festival, Djaad destaca que, no obstant aix\u00f2, amb la seua, el p\u00fablic \u201cdescobrir\u00e0 una pel\u00b7l\u00edcula neorealista, \u00fanica en el seu g\u00e8nere en els anals del cinema algeri\u00e0\u201d. Encara que moltes dones pateixen la discriminaci\u00f3 cada dia, afirma el cineasta, es tracta d&#8217;una hist\u00f2ria \u201ccompletament inventada\u201d que transita \u201centre el documental i la ficci\u00f3\u201d.<\/p>\n<p><strong>L&#8217;assetjament al qu\u00e8 es veu sotmesa la protagonista de \u2018The Life After\u2019<\/strong>\u00a0li porta a fugir a la ciutat, per\u00f2 lluny de trobar una vida tranquil\u00b7la i rutin\u00e0ria, comen\u00e7a la turmentada superviv\u00e8ncia en els laberints de la gran urbs. Presa del desig dels homes, Hadjer haur\u00e0 de lluitar per a eixir de les seues arpes i, sobretot, per a preservar al seu fill adolescent, els impulsos del qual no estan exempts de perill. La lluita d&#8217;aesta dona \u00e9s el fil conductor d&#8217;esta narraci\u00f3, en la qual s&#8217;aborden molts altres temes com la immigraci\u00f3 clandestina o la desocupaci\u00f3 juvenil: \u201cM\u00e9s aviat, es tracta d&#8217;una\u00a0<strong>cartografia de la societat algeriana, de les seues desil\u00b7lusions i de les seues esperances\u201d.<\/strong><\/p>\n<p>Rodada en l&#8217;oest d&#8217;Alg\u00e8ria, \u2018The Life After\u2019 \u00e9s el quart projecte que el cineasta situa en esta zona: \u201cLa gent de la regi\u00f3 est\u00e0 molt oberta a la creaci\u00f3 cinematogr\u00e0fica en particular i a la creaci\u00f3 cultural en general. Dona la benvinguda als rodatges i ajuda de manera gratu\u00efta, \u00e9s gent bella d&#8217;una hospitalitat exemplar\u201d. La filmaci\u00f3, que va durar cinc setmanes va haver de fer front a les fortes pluges: \u201cLa preocupaci\u00f3 m\u00e9s gran va ser el clima, sobretot en la mar. Vam tindre vint-i-u dies de tempesta. Mai agrair\u00e9 a l&#8217;equip art\u00edstic i a l&#8217;equip t\u00e8cnic, cent per cent algerians, la seua gran professionalitat i resist\u00e8ncia davant el fred\u201d.<\/p>\n<p>Anis Djaad compagina la seua faceta de director amb la de periodista, una professi\u00f3 que li aporta \u201crealisme\u201d al seu cinema: \u201cNom\u00e9s enguany he recorregut quasi tota Alg\u00e8ria i he realitzat m\u00e9s de 30 reportatges de camp que, en cada viatge, em donen idees d&#8217;escenaris. Aix\u00f2 no significa que vaja a escriure hist\u00f2ries reals per al cinema, per\u00f2 s\u00ed hist\u00f2ries imagin\u00e0ries que parteixen d&#8217;un fet anod\u00ed, una an\u00e8cdota, una trobada\u2026\u201d. De fet, assegura, aix\u00ed va n\u00e0ixer el seu nou curtmetratge, \u2018La nuit d&#8217;Abed\u2019, que espera presentar l&#8217;any que ve en la Mostra.\u00a0\u201c<strong>Quan escric o filme, la meua mirada \u00e9s la mateixa en la meua societat: la c\u00e0mera i la ploma per a dir el quotidi\u00e0 de la gent xicoteta\u201d.<\/strong><\/p>\n<p>A pesar que la societat algeriana no ix molt ben parada en \u2018The Life After\u2019, el cineasta assegura que encara que pot sonar estrany, \u201c\u00e9s una de les pel\u00b7l\u00edcules m\u00e9s populars a Qatar\u201d i que, a m\u00e9s, \u201cva tindre un gran \u00e8xit en l&#8217;\u00fanica cadena \u00e0rab que la va projectar\u201d: \u201cNo crec que la societat algeriana estiga mal representada en la pel\u00b7l\u00edcula. Com a periodista i cineasta, em mantinc totalment fidel a la imatge transcrita, per\u00f2 la societat algeriana no \u00e9s l&#8217;\u00fanica que pateix estos mals. La discriminaci\u00f3 contra la dona en el m\u00f3n \u00e9s una realitat i la hist\u00f2ria recordar\u00e0 que la lluita contra aix\u00f2 continua avan\u00e7ant\u201d.<\/p>\n<p>La 37a edici\u00f3 del festival compta amb la col\u00b7laboraci\u00f3 de l\u2019Institut Valenci\u00e0 de Cultura (IVC), Rambleta, Val\u00e8ncia Film Office,\u00a0Barreira Arte + Dise\u00f1o i \u00c0 Punt M\u00e8dia com a mitj\u00e0 oficial.<\/p>\n<p style=\"font-weight: 400; text-align: center;\"><strong>Pr\u00f2xims passes als Cines Babel:<br \/>\nDilluns 24 a les 18:00h<br \/>\nDimarts 25 a les 20:30h<\/strong><\/p>\n<p style=\"font-weight: 400;\">\n","protected":false},"excerpt":{"rendered":"<p>El productor del film\u00a0Jean Fran\u00e7ois Catton presenta\u00a0en la Mostra l&#8217;\u00f2pera prima del periodista\u00a0Anis Djaad\u00a0 Ambientada a Alg\u00e8ria,\u00a0\u2018The Life After\u2019 posa el seu focus en la [&hellip;]<\/p>\n","protected":false},"author":3,"featured_media":17337,"comment_status":"open","ping_status":"open","sticky":false,"template":"","format":"standard","meta":{"_uag_custom_page_level_css":"","_jet_sm_ready_style":"","_jet_sm_style":"","_jet_sm_controls_values":"","_jet_sm_fonts_collection":"","_jet_sm_fonts_links":"","footnotes":""},"categories":[31],"tags":[],"class_list":["post-17336","post","type-post","status-publish","format-standard","has-post-thumbnail","hentry","category-uncategorized-ca"],"yoast_head":"<!-- This site is optimized with the Yoast SEO plugin v27.5 - https:\/\/yoast.com\/product\/yoast-seo-wordpress\/ -->\n<title>&quot;The Life After&quot;: la viol\u00e8ncia contra les dones solteres algerianes en clau neorrelista - Mostra de Val\u00e8ncia<\/title>\n<meta name=\"robots\" content=\"index, follow, max-snippet:-1, max-image-preview:large, max-video-preview:-1\" \/>\n<link rel=\"canonical\" href=\"https:\/\/lamostradevalencia.com\/ca\/antonio-resines-coque-malla-fele-martinez-i-edu-soto-protagonitzen-esta-produccio-valenciana-dirigida-per-david-marques-que-es-projecta-en-una-sessio-especial-de-la-mostra\/\" \/>\n<meta property=\"og:locale\" content=\"ca_ES\" \/>\n<meta property=\"og:type\" content=\"article\" \/>\n<meta property=\"og:title\" content=\"&quot;The Life After&quot;: la viol\u00e8ncia contra les dones solteres algerianes en clau neorrelista - Mostra de Val\u00e8ncia\" \/>\n<meta property=\"og:description\" content=\"El productor del film\u00a0Jean Fran\u00e7ois Catton presenta\u00a0en la Mostra l&#8217;\u00f2pera prima del periodista\u00a0Anis Djaad\u00a0 Ambientada a Alg\u00e8ria,\u00a0\u2018The Life After\u2019 posa el seu focus en la [&hellip;]\" \/>\n<meta property=\"og:url\" content=\"https:\/\/lamostradevalencia.com\/ca\/antonio-resines-coque-malla-fele-martinez-i-edu-soto-protagonitzen-esta-produccio-valenciana-dirigida-per-david-marques-que-es-projecta-en-una-sessio-especial-de-la-mostra\/\" \/>\n<meta property=\"og:site_name\" content=\"Mostra de Val\u00e8ncia\" \/>\n<meta property=\"article:published_time\" content=\"2022-10-23T17:54:13+00:00\" \/>\n<meta property=\"article:modified_time\" content=\"2022-10-23T17:54:43+00:00\" \/>\n<meta property=\"og:image\" content=\"https:\/\/lamostradevalencia.com\/wp-content\/uploads\/2022\/10\/the-life-after-photo-1.jpg\" \/>\n\t<meta property=\"og:image:width\" content=\"764\" \/>\n\t<meta property=\"og:image:height\" content=\"832\" \/>\n\t<meta property=\"og:image:type\" content=\"image\/jpeg\" \/>\n<meta name=\"author\" content=\"contenidos\" \/>\n<meta name=\"twitter:card\" content=\"summary_large_image\" \/>\n<meta name=\"twitter:label1\" content=\"Escrit per\" \/>\n\t<meta name=\"twitter:data1\" content=\"contenidos\" \/>\n\t<meta name=\"twitter:label2\" content=\"Temps estimat de lectura\" \/>\n\t<meta name=\"twitter:data2\" content=\"4 minuts\" \/>\n<script type=\"application\/ld+json\" class=\"yoast-schema-graph\">{\"@context\":\"https:\\\/\\\/schema.org\",\"@graph\":[{\"@type\":\"Article\",\"@id\":\"https:\\\/\\\/lamostradevalencia.com\\\/ca\\\/antonio-resines-coque-malla-fele-martinez-i-edu-soto-protagonitzen-esta-produccio-valenciana-dirigida-per-david-marques-que-es-projecta-en-una-sessio-especial-de-la-mostra\\\/#article\",\"isPartOf\":{\"@id\":\"https:\\\/\\\/lamostradevalencia.com\\\/ca\\\/antonio-resines-coque-malla-fele-martinez-i-edu-soto-protagonitzen-esta-produccio-valenciana-dirigida-per-david-marques-que-es-projecta-en-una-sessio-especial-de-la-mostra\\\/\"},\"author\":{\"name\":\"contenidos\",\"@id\":\"https:\\\/\\\/lamostradevalencia.com\\\/ca\\\/#\\\/schema\\\/person\\\/361c3c0dd5489e78ad78ee4f8332efac\"},\"headline\":\"&#8220;The Life After&#8221;: la viol\u00e8ncia contra les dones solteres algerianes en clau neorrelista\",\"datePublished\":\"2022-10-23T17:54:13+00:00\",\"dateModified\":\"2022-10-23T17:54:43+00:00\",\"mainEntityOfPage\":{\"@id\":\"https:\\\/\\\/lamostradevalencia.com\\\/ca\\\/antonio-resines-coque-malla-fele-martinez-i-edu-soto-protagonitzen-esta-produccio-valenciana-dirigida-per-david-marques-que-es-projecta-en-una-sessio-especial-de-la-mostra\\\/\"},\"wordCount\":927,\"commentCount\":0,\"image\":{\"@id\":\"https:\\\/\\\/lamostradevalencia.com\\\/ca\\\/antonio-resines-coque-malla-fele-martinez-i-edu-soto-protagonitzen-esta-produccio-valenciana-dirigida-per-david-marques-que-es-projecta-en-una-sessio-especial-de-la-mostra\\\/#primaryimage\"},\"thumbnailUrl\":\"https:\\\/\\\/lamostradevalencia.com\\\/wp-content\\\/uploads\\\/2022\\\/10\\\/the-life-after-photo-1.jpg\",\"articleSection\":[\"Uncategorized @ca\"],\"inLanguage\":\"ca\",\"potentialAction\":[{\"@type\":\"CommentAction\",\"name\":\"Comment\",\"target\":[\"https:\\\/\\\/lamostradevalencia.com\\\/ca\\\/antonio-resines-coque-malla-fele-martinez-i-edu-soto-protagonitzen-esta-produccio-valenciana-dirigida-per-david-marques-que-es-projecta-en-una-sessio-especial-de-la-mostra\\\/#respond\"]}]},{\"@type\":\"WebPage\",\"@id\":\"https:\\\/\\\/lamostradevalencia.com\\\/ca\\\/antonio-resines-coque-malla-fele-martinez-i-edu-soto-protagonitzen-esta-produccio-valenciana-dirigida-per-david-marques-que-es-projecta-en-una-sessio-especial-de-la-mostra\\\/\",\"url\":\"https:\\\/\\\/lamostradevalencia.com\\\/ca\\\/antonio-resines-coque-malla-fele-martinez-i-edu-soto-protagonitzen-esta-produccio-valenciana-dirigida-per-david-marques-que-es-projecta-en-una-sessio-especial-de-la-mostra\\\/\",\"name\":\"\\\"The Life After\\\": la viol\u00e8ncia contra les dones solteres algerianes en clau neorrelista - Mostra de Val\u00e8ncia\",\"isPartOf\":{\"@id\":\"https:\\\/\\\/lamostradevalencia.com\\\/ca\\\/#website\"},\"primaryImageOfPage\":{\"@id\":\"https:\\\/\\\/lamostradevalencia.com\\\/ca\\\/antonio-resines-coque-malla-fele-martinez-i-edu-soto-protagonitzen-esta-produccio-valenciana-dirigida-per-david-marques-que-es-projecta-en-una-sessio-especial-de-la-mostra\\\/#primaryimage\"},\"image\":{\"@id\":\"https:\\\/\\\/lamostradevalencia.com\\\/ca\\\/antonio-resines-coque-malla-fele-martinez-i-edu-soto-protagonitzen-esta-produccio-valenciana-dirigida-per-david-marques-que-es-projecta-en-una-sessio-especial-de-la-mostra\\\/#primaryimage\"},\"thumbnailUrl\":\"https:\\\/\\\/lamostradevalencia.com\\\/wp-content\\\/uploads\\\/2022\\\/10\\\/the-life-after-photo-1.jpg\",\"datePublished\":\"2022-10-23T17:54:13+00:00\",\"dateModified\":\"2022-10-23T17:54:43+00:00\",\"author\":{\"@id\":\"https:\\\/\\\/lamostradevalencia.com\\\/ca\\\/#\\\/schema\\\/person\\\/361c3c0dd5489e78ad78ee4f8332efac\"},\"breadcrumb\":{\"@id\":\"https:\\\/\\\/lamostradevalencia.com\\\/ca\\\/antonio-resines-coque-malla-fele-martinez-i-edu-soto-protagonitzen-esta-produccio-valenciana-dirigida-per-david-marques-que-es-projecta-en-una-sessio-especial-de-la-mostra\\\/#breadcrumb\"},\"inLanguage\":\"ca\",\"potentialAction\":[{\"@type\":\"ReadAction\",\"target\":[\"https:\\\/\\\/lamostradevalencia.com\\\/ca\\\/antonio-resines-coque-malla-fele-martinez-i-edu-soto-protagonitzen-esta-produccio-valenciana-dirigida-per-david-marques-que-es-projecta-en-una-sessio-especial-de-la-mostra\\\/\"]}]},{\"@type\":\"ImageObject\",\"inLanguage\":\"ca\",\"@id\":\"https:\\\/\\\/lamostradevalencia.com\\\/ca\\\/antonio-resines-coque-malla-fele-martinez-i-edu-soto-protagonitzen-esta-produccio-valenciana-dirigida-per-david-marques-que-es-projecta-en-una-sessio-especial-de-la-mostra\\\/#primaryimage\",\"url\":\"https:\\\/\\\/lamostradevalencia.com\\\/wp-content\\\/uploads\\\/2022\\\/10\\\/the-life-after-photo-1.jpg\",\"contentUrl\":\"https:\\\/\\\/lamostradevalencia.com\\\/wp-content\\\/uploads\\\/2022\\\/10\\\/the-life-after-photo-1.jpg\",\"width\":764,\"height\":832},{\"@type\":\"BreadcrumbList\",\"@id\":\"https:\\\/\\\/lamostradevalencia.com\\\/ca\\\/antonio-resines-coque-malla-fele-martinez-i-edu-soto-protagonitzen-esta-produccio-valenciana-dirigida-per-david-marques-que-es-projecta-en-una-sessio-especial-de-la-mostra\\\/#breadcrumb\",\"itemListElement\":[{\"@type\":\"ListItem\",\"position\":1,\"name\":\"Portada\",\"item\":\"https:\\\/\\\/lamostradevalencia.com\\\/ca\\\/\"},{\"@type\":\"ListItem\",\"position\":2,\"name\":\"\u00abThe Life After\u00bb: la viol\u00e8ncia contra les dones solteres algerianes en clau neorrelista\"}]},{\"@type\":\"WebSite\",\"@id\":\"https:\\\/\\\/lamostradevalencia.com\\\/ca\\\/#website\",\"url\":\"https:\\\/\\\/lamostradevalencia.com\\\/ca\\\/\",\"name\":\"Mostra de Val\u00e8ncia\",\"description\":\"Cinema del Mediterrani\",\"potentialAction\":[{\"@type\":\"SearchAction\",\"target\":{\"@type\":\"EntryPoint\",\"urlTemplate\":\"https:\\\/\\\/lamostradevalencia.com\\\/ca\\\/?s={search_term_string}\"},\"query-input\":{\"@type\":\"PropertyValueSpecification\",\"valueRequired\":true,\"valueName\":\"search_term_string\"}}],\"inLanguage\":\"ca\"},{\"@type\":\"Person\",\"@id\":\"https:\\\/\\\/lamostradevalencia.com\\\/ca\\\/#\\\/schema\\\/person\\\/361c3c0dd5489e78ad78ee4f8332efac\",\"name\":\"contenidos\",\"image\":{\"@type\":\"ImageObject\",\"inLanguage\":\"ca\",\"@id\":\"https:\\\/\\\/secure.gravatar.com\\\/avatar\\\/a87eddc188a32d5a0371ff92ef616b5006a91e389296d49d081f8d424eef134c?s=96&d=mm&r=g\",\"url\":\"https:\\\/\\\/secure.gravatar.com\\\/avatar\\\/a87eddc188a32d5a0371ff92ef616b5006a91e389296d49d081f8d424eef134c?s=96&d=mm&r=g\",\"contentUrl\":\"https:\\\/\\\/secure.gravatar.com\\\/avatar\\\/a87eddc188a32d5a0371ff92ef616b5006a91e389296d49d081f8d424eef134c?s=96&d=mm&r=g\",\"caption\":\"contenidos\"}}]}<\/script>\n<!-- \/ Yoast SEO plugin. -->","yoast_head_json":{"title":"\"The Life After\": la viol\u00e8ncia contra les dones solteres algerianes en clau neorrelista - Mostra de Val\u00e8ncia","robots":{"index":"index","follow":"follow","max-snippet":"max-snippet:-1","max-image-preview":"max-image-preview:large","max-video-preview":"max-video-preview:-1"},"canonical":"https:\/\/lamostradevalencia.com\/ca\/antonio-resines-coque-malla-fele-martinez-i-edu-soto-protagonitzen-esta-produccio-valenciana-dirigida-per-david-marques-que-es-projecta-en-una-sessio-especial-de-la-mostra\/","og_locale":"ca_ES","og_type":"article","og_title":"\"The Life After\": la viol\u00e8ncia contra les dones solteres algerianes en clau neorrelista - Mostra de Val\u00e8ncia","og_description":"El productor del film\u00a0Jean Fran\u00e7ois Catton presenta\u00a0en la Mostra l&#8217;\u00f2pera prima del periodista\u00a0Anis Djaad\u00a0 Ambientada a Alg\u00e8ria,\u00a0\u2018The Life After\u2019 posa el seu focus en la [&hellip;]","og_url":"https:\/\/lamostradevalencia.com\/ca\/antonio-resines-coque-malla-fele-martinez-i-edu-soto-protagonitzen-esta-produccio-valenciana-dirigida-per-david-marques-que-es-projecta-en-una-sessio-especial-de-la-mostra\/","og_site_name":"Mostra de Val\u00e8ncia","article_published_time":"2022-10-23T17:54:13+00:00","article_modified_time":"2022-10-23T17:54:43+00:00","og_image":[{"width":764,"height":832,"url":"https:\/\/lamostradevalencia.com\/wp-content\/uploads\/2022\/10\/the-life-after-photo-1.jpg","type":"image\/jpeg"}],"author":"contenidos","twitter_card":"summary_large_image","twitter_misc":{"Escrit per":"contenidos","Temps estimat de lectura":"4 minuts"},"schema":{"@context":"https:\/\/schema.org","@graph":[{"@type":"Article","@id":"https:\/\/lamostradevalencia.com\/ca\/antonio-resines-coque-malla-fele-martinez-i-edu-soto-protagonitzen-esta-produccio-valenciana-dirigida-per-david-marques-que-es-projecta-en-una-sessio-especial-de-la-mostra\/#article","isPartOf":{"@id":"https:\/\/lamostradevalencia.com\/ca\/antonio-resines-coque-malla-fele-martinez-i-edu-soto-protagonitzen-esta-produccio-valenciana-dirigida-per-david-marques-que-es-projecta-en-una-sessio-especial-de-la-mostra\/"},"author":{"name":"contenidos","@id":"https:\/\/lamostradevalencia.com\/ca\/#\/schema\/person\/361c3c0dd5489e78ad78ee4f8332efac"},"headline":"&#8220;The Life After&#8221;: la viol\u00e8ncia contra les dones solteres algerianes en clau neorrelista","datePublished":"2022-10-23T17:54:13+00:00","dateModified":"2022-10-23T17:54:43+00:00","mainEntityOfPage":{"@id":"https:\/\/lamostradevalencia.com\/ca\/antonio-resines-coque-malla-fele-martinez-i-edu-soto-protagonitzen-esta-produccio-valenciana-dirigida-per-david-marques-que-es-projecta-en-una-sessio-especial-de-la-mostra\/"},"wordCount":927,"commentCount":0,"image":{"@id":"https:\/\/lamostradevalencia.com\/ca\/antonio-resines-coque-malla-fele-martinez-i-edu-soto-protagonitzen-esta-produccio-valenciana-dirigida-per-david-marques-que-es-projecta-en-una-sessio-especial-de-la-mostra\/#primaryimage"},"thumbnailUrl":"https:\/\/lamostradevalencia.com\/wp-content\/uploads\/2022\/10\/the-life-after-photo-1.jpg","articleSection":["Uncategorized @ca"],"inLanguage":"ca","potentialAction":[{"@type":"CommentAction","name":"Comment","target":["https:\/\/lamostradevalencia.com\/ca\/antonio-resines-coque-malla-fele-martinez-i-edu-soto-protagonitzen-esta-produccio-valenciana-dirigida-per-david-marques-que-es-projecta-en-una-sessio-especial-de-la-mostra\/#respond"]}]},{"@type":"WebPage","@id":"https:\/\/lamostradevalencia.com\/ca\/antonio-resines-coque-malla-fele-martinez-i-edu-soto-protagonitzen-esta-produccio-valenciana-dirigida-per-david-marques-que-es-projecta-en-una-sessio-especial-de-la-mostra\/","url":"https:\/\/lamostradevalencia.com\/ca\/antonio-resines-coque-malla-fele-martinez-i-edu-soto-protagonitzen-esta-produccio-valenciana-dirigida-per-david-marques-que-es-projecta-en-una-sessio-especial-de-la-mostra\/","name":"\"The Life After\": la viol\u00e8ncia contra les dones solteres algerianes en clau neorrelista - Mostra de Val\u00e8ncia","isPartOf":{"@id":"https:\/\/lamostradevalencia.com\/ca\/#website"},"primaryImageOfPage":{"@id":"https:\/\/lamostradevalencia.com\/ca\/antonio-resines-coque-malla-fele-martinez-i-edu-soto-protagonitzen-esta-produccio-valenciana-dirigida-per-david-marques-que-es-projecta-en-una-sessio-especial-de-la-mostra\/#primaryimage"},"image":{"@id":"https:\/\/lamostradevalencia.com\/ca\/antonio-resines-coque-malla-fele-martinez-i-edu-soto-protagonitzen-esta-produccio-valenciana-dirigida-per-david-marques-que-es-projecta-en-una-sessio-especial-de-la-mostra\/#primaryimage"},"thumbnailUrl":"https:\/\/lamostradevalencia.com\/wp-content\/uploads\/2022\/10\/the-life-after-photo-1.jpg","datePublished":"2022-10-23T17:54:13+00:00","dateModified":"2022-10-23T17:54:43+00:00","author":{"@id":"https:\/\/lamostradevalencia.com\/ca\/#\/schema\/person\/361c3c0dd5489e78ad78ee4f8332efac"},"breadcrumb":{"@id":"https:\/\/lamostradevalencia.com\/ca\/antonio-resines-coque-malla-fele-martinez-i-edu-soto-protagonitzen-esta-produccio-valenciana-dirigida-per-david-marques-que-es-projecta-en-una-sessio-especial-de-la-mostra\/#breadcrumb"},"inLanguage":"ca","potentialAction":[{"@type":"ReadAction","target":["https:\/\/lamostradevalencia.com\/ca\/antonio-resines-coque-malla-fele-martinez-i-edu-soto-protagonitzen-esta-produccio-valenciana-dirigida-per-david-marques-que-es-projecta-en-una-sessio-especial-de-la-mostra\/"]}]},{"@type":"ImageObject","inLanguage":"ca","@id":"https:\/\/lamostradevalencia.com\/ca\/antonio-resines-coque-malla-fele-martinez-i-edu-soto-protagonitzen-esta-produccio-valenciana-dirigida-per-david-marques-que-es-projecta-en-una-sessio-especial-de-la-mostra\/#primaryimage","url":"https:\/\/lamostradevalencia.com\/wp-content\/uploads\/2022\/10\/the-life-after-photo-1.jpg","contentUrl":"https:\/\/lamostradevalencia.com\/wp-content\/uploads\/2022\/10\/the-life-after-photo-1.jpg","width":764,"height":832},{"@type":"BreadcrumbList","@id":"https:\/\/lamostradevalencia.com\/ca\/antonio-resines-coque-malla-fele-martinez-i-edu-soto-protagonitzen-esta-produccio-valenciana-dirigida-per-david-marques-que-es-projecta-en-una-sessio-especial-de-la-mostra\/#breadcrumb","itemListElement":[{"@type":"ListItem","position":1,"name":"Portada","item":"https:\/\/lamostradevalencia.com\/ca\/"},{"@type":"ListItem","position":2,"name":"\u00abThe Life After\u00bb: la viol\u00e8ncia contra les dones solteres algerianes en clau neorrelista"}]},{"@type":"WebSite","@id":"https:\/\/lamostradevalencia.com\/ca\/#website","url":"https:\/\/lamostradevalencia.com\/ca\/","name":"Mostra de Val\u00e8ncia","description":"Cinema del Mediterrani","potentialAction":[{"@type":"SearchAction","target":{"@type":"EntryPoint","urlTemplate":"https:\/\/lamostradevalencia.com\/ca\/?s={search_term_string}"},"query-input":{"@type":"PropertyValueSpecification","valueRequired":true,"valueName":"search_term_string"}}],"inLanguage":"ca"},{"@type":"Person","@id":"https:\/\/lamostradevalencia.com\/ca\/#\/schema\/person\/361c3c0dd5489e78ad78ee4f8332efac","name":"contenidos","image":{"@type":"ImageObject","inLanguage":"ca","@id":"https:\/\/secure.gravatar.com\/avatar\/a87eddc188a32d5a0371ff92ef616b5006a91e389296d49d081f8d424eef134c?s=96&d=mm&r=g","url":"https:\/\/secure.gravatar.com\/avatar\/a87eddc188a32d5a0371ff92ef616b5006a91e389296d49d081f8d424eef134c?s=96&d=mm&r=g","contentUrl":"https:\/\/secure.gravatar.com\/avatar\/a87eddc188a32d5a0371ff92ef616b5006a91e389296d49d081f8d424eef134c?s=96&d=mm&r=g","caption":"contenidos"}}]}},"uagb_featured_image_src":{"full":["https:\/\/lamostradevalencia.com\/wp-content\/uploads\/2022\/10\/the-life-after-photo-1.jpg",764,832,false],"thumbnail":["https:\/\/lamostradevalencia.com\/wp-content\/uploads\/2022\/10\/the-life-after-photo-1-150x150.jpg",150,150,true],"medium":["https:\/\/lamostradevalencia.com\/wp-content\/uploads\/2022\/10\/the-life-after-photo-1-275x300.jpg",275,300,true],"medium_large":["https:\/\/lamostradevalencia.com\/wp-content\/uploads\/2022\/10\/the-life-after-photo-1.jpg",764,832,false],"large":["https:\/\/lamostradevalencia.com\/wp-content\/uploads\/2022\/10\/the-life-after-photo-1.jpg",764,832,false],"1536x1536":["https:\/\/lamostradevalencia.com\/wp-content\/uploads\/2022\/10\/the-life-after-photo-1.jpg",764,832,false],"2048x2048":["https:\/\/lamostradevalencia.com\/wp-content\/uploads\/2022\/10\/the-life-after-photo-1.jpg",764,832,false],"cinerama_edge_image_square":["https:\/\/lamostradevalencia.com\/wp-content\/uploads\/2022\/10\/the-life-after-photo-1-550x550.jpg",550,550,true],"cinerama_edge_image_landscape":["https:\/\/lamostradevalencia.com\/wp-content\/uploads\/2022\/10\/the-life-after-photo-1-764x550.jpg",764,550,true],"cinerama_edge_image_portrait":["https:\/\/lamostradevalencia.com\/wp-content\/uploads\/2022\/10\/the-life-after-photo-1-550x832.jpg",550,832,true],"cinerama_edge_image_huge":["https:\/\/lamostradevalencia.com\/wp-content\/uploads\/2022\/10\/the-life-after-photo-1.jpg",764,832,false],"gform-image-choice-sm":["https:\/\/lamostradevalencia.com\/wp-content\/uploads\/2022\/10\/the-life-after-photo-1.jpg",275,300,false],"gform-image-choice-md":["https:\/\/lamostradevalencia.com\/wp-content\/uploads\/2022\/10\/the-life-after-photo-1.jpg",367,400,false],"gform-image-choice-lg":["https:\/\/lamostradevalencia.com\/wp-content\/uploads\/2022\/10\/the-life-after-photo-1.jpg",551,600,false]},"uagb_author_info":{"display_name":"contenidos","author_link":"https:\/\/lamostradevalencia.com\/ca\/author\/contenidos\/"},"uagb_comment_info":0,"uagb_excerpt":"El productor del film\u00a0Jean Fran\u00e7ois Catton presenta\u00a0en la Mostra l&#8217;\u00f2pera prima del periodista\u00a0Anis Djaad\u00a0 Ambientada a Alg\u00e8ria,\u00a0\u2018The Life After\u2019 posa el seu focus en la [&hellip;]","_links":{"self":[{"href":"https:\/\/lamostradevalencia.com\/ca\/wp-json\/wp\/v2\/posts\/17336","targetHints":{"allow":["GET"]}}],"collection":[{"href":"https:\/\/lamostradevalencia.com\/ca\/wp-json\/wp\/v2\/posts"}],"about":[{"href":"https:\/\/lamostradevalencia.com\/ca\/wp-json\/wp\/v2\/types\/post"}],"author":[{"embeddable":true,"href":"https:\/\/lamostradevalencia.com\/ca\/wp-json\/wp\/v2\/users\/3"}],"replies":[{"embeddable":true,"href":"https:\/\/lamostradevalencia.com\/ca\/wp-json\/wp\/v2\/comments?post=17336"}],"version-history":[{"count":2,"href":"https:\/\/lamostradevalencia.com\/ca\/wp-json\/wp\/v2\/posts\/17336\/revisions"}],"predecessor-version":[{"id":17343,"href":"https:\/\/lamostradevalencia.com\/ca\/wp-json\/wp\/v2\/posts\/17336\/revisions\/17343"}],"wp:featuredmedia":[{"embeddable":true,"href":"https:\/\/lamostradevalencia.com\/ca\/wp-json\/wp\/v2\/media\/17337"}],"wp:attachment":[{"href":"https:\/\/lamostradevalencia.com\/ca\/wp-json\/wp\/v2\/media?parent=17336"}],"wp:term":[{"taxonomy":"category","embeddable":true,"href":"https:\/\/lamostradevalencia.com\/ca\/wp-json\/wp\/v2\/categories?post=17336"},{"taxonomy":"post_tag","embeddable":true,"href":"https:\/\/lamostradevalencia.com\/ca\/wp-json\/wp\/v2\/tags?post=17336"}],"curies":[{"name":"wp","href":"https:\/\/api.w.org\/{rel}","templated":true}]}}