{"id":17308,"date":"2022-10-22T19:24:21","date_gmt":"2022-10-22T17:24:21","guid":{"rendered":"https:\/\/lamostradevalencia.com\/?p=17308"},"modified":"2022-10-22T19:24:52","modified_gmt":"2022-10-22T17:24:52","slug":"claudia-varejao-contra-lestandarditzacio-de-personatges-lgbtqia-en-wolf-and-dog","status":"publish","type":"post","link":"https:\/\/lamostradevalencia.com\/ca\/claudia-varejao-contra-lestandarditzacio-de-personatges-lgbtqia-en-wolf-and-dog\/","title":{"rendered":"Cl\u00e1udia Varej\u00e3o contra l&#8217;estandarditzaci\u00f3 de personatges LGBTQIA+ en \u2018Wolf and Dog\u2019"},"content":{"rendered":"<h5><strong>La directora portuguesa competeix en la Mostra de Val\u00e8ncia amb una pel\u00b7l\u00edcula rodada a les A\u00e7ores que ja ha collit importants distincions en festivals com el de Ven\u00e8cia<\/strong><\/h5>\n<p>&#8220;Crec que la diversitat no \u00e9s un fenomen insular. \u00c9s una caracter\u00edstica de l&#8217;\u00e9sser hum\u00e0 i, per tant, universal. Potser en territoris m\u00e9s xicotets aix\u00f2 es fa m\u00e9s visible perqu\u00e8 el nombre de persones \u00e9s menor que en els continents on vivim molts de nosaltres. Per\u00f2 la diversitat est\u00e0 a tot arreu, les societats tendeixen a estandarditzar l&#8217;exist\u00e8ncia. Crec que el m\u00e9s banal en la vida \u00e9s estandarditzar&#8221;, aix\u00ed de contundent es mostra la directora\u00a0<strong>Cl\u00e1udia Varej\u00e3o<\/strong>\u00a0que presenta a concurs en la Mostra de Val\u00e8ncia \u2018Wolf and Dog\u2019, que va obtindre el premi a la\u00a0<strong>millor direcci\u00f3 de la Giornate degli Autori a Ven\u00e8cia<\/strong>. La cinta t\u00e9 com a protagonistes a joves de l&#8217;illa de S\u00e3o Miguel a les A\u00e7ores entre els quals hi ha abundant representaci\u00f3 de la comunitat LGBTQIA+.<\/p>\n<p>La pel\u00b7l\u00edcula es basa en les experi\u00e8ncies personals de la directora a l&#8217;illa, on va estar residint despr\u00e9s de con\u00e9ixer-la gr\u00e0cies a una resid\u00e8ncia art\u00edstica: &#8220;Durant les primeres hores vaig anar a visitar la zona, prop de la mar, on els pescadors netejaven les seues xarxes -assegura Claudia Varejao-. Eren homes d&#8217;aspecte molt mascul\u00ed, amb cossos tatuats, tenien expressions dures i a penes van notar la meua pres\u00e8ncia. Em vaig asseure a observar-los. En un moment donat, vaig veure a un grup de xiques caminant per un carrer molt xicotet. Eren bufones, molt joves, de no m\u00e9s de 16 anys, amb el rostre ple de llum i el cos cobert amb colorits i cenyits vestits. En passar em saluden i m&#8217;adone que s\u00f3n xiques trans. Estan caminant cap als pescadors. El meu cervell es pregunta sobre la possible conviv\u00e8ncia entre figures tan diferents. Fins i tot vaig sentir una mica de por per les xiques. I, per a la meua sorpresa, els homes es posen a abra\u00e7ar-les: eren filles, nebodes, ve\u00efnes&#8230; Esta imatge va tindre un gran impacte en mi i va ser el motiu per a voler entendre m\u00e9s sobre la vida insular de les persones\u00a0<em>queer.<\/em>\u00a0A partir d&#8217;ac\u00ed vaig comen\u00e7ar a anar a l&#8217;illa per llargues temporades fins que em vaig mudar, definitivament, durant la pand\u00e8mia&#8221;.<\/p>\n<p>La protagonista de la cinta \u00e9s Ana, una illenca i filla mitjana d&#8217;una fam\u00edlia regida per la religi\u00f3 i les tradicions. Prompte Ana s&#8217;adona que a les xiquetes i els xiquets se&#8217;ls assignaven tasques diferents. A trav\u00e9s de la seua amistat amb Luis, el seu millor amic\u00a0<em>queer\u00a0<\/em>que estima tant els vestits com els pantalons, Ana q\u00fcestiona el m\u00f3n que li est\u00e0 prom\u00e9s. Quan la seua amiga Clo\u00e9 arriba del Canad\u00e0 portant amb si els dies resplendents de la joventut, Ana empr\u00e9n un viatge que la portar\u00e0 m\u00e9s enll\u00e0 de l&#8217;horitz\u00f3. &#8220;Els personatges m\u00e9s joves s\u00f3n els m\u00e9s combatius. La pel\u00b7l\u00edcula es construeix a trav\u00e9s dels seus ulls, especialment a trav\u00e9s d&#8217;Ana i Lu\u00eds. Es mouen amb poques certeses, per\u00f2 amb moltes preguntes. I este q\u00fcestionament fa que estos personatges es troben i es formen al llarg de la pel\u00b7l\u00edcula, sempre en un sentit obert i expansiu. Esta manera d&#8217;afrontar la vida,\u00a0<strong>sense certeses ni creences<\/strong>, els permet mirar l&#8217;horitz\u00f3 de la mar amb ganes i no amb por. A partir d&#8217;ac\u00ed, tot \u00e9s possible i est\u00e0 obert&#8221;, assegura la directora.<\/p>\n<p>Els paisatges de l&#8217;illa envaeixen cada seq\u00fc\u00e8ncia igual que l&#8217;acolorida forma de vida d&#8217;estos personatges; no obstant aix\u00f2, la posada en escena i el gui\u00f3 s\u00f3n bastants sobris, amb moltes poques paraules m\u00e9s de les necess\u00e0ries. Alguna cosa que defensa aix\u00ed la realitzadora portuguesa: &#8220;La identitat s&#8217;expressa m\u00e9s en els gestos que en l&#8217;expressi\u00f3 superficial de les emocions. I en eixe sentit, no crec que hi haja dubtes sobre qui s\u00f3n els personatges de la pel\u00b7l\u00edcula i qu\u00e8 volen per a si mateixos. En el silenci estan les respostes. Per\u00f2 cal saber mirar i saber escoltar. No \u00e9s una pel\u00b7l\u00edcula que obligue l&#8217;audi\u00e8ncia a anar en una direcci\u00f3 determinada. El cam\u00ed a seguir \u00e9s el que cadascun tria per si mateix: en la pel\u00b7l\u00edcula i en la vida&#8221;.<\/p>\n<p>Les projeccions de la Mostra continuen als Cines Babel i a la Filmoteca, en esta 37a edici\u00f3 del festival, que compta amb la col\u00b7laboraci\u00f3 de l\u2019Institut Valenci\u00e0 de Cultura (IVC), Rambleta, Val\u00e8ncia Film Office, Barreira Arte + Dise\u00f1o i \u00c0 Punt M\u00e8dia com a mitj\u00e0 oficial.<\/p>\n<p style=\"text-align: center;\"><strong>Pr\u00f2ximes projeccions de \u2018Wolf and Dog\u2019:<br \/>\nDiumenge 23 a les 20:00h<br \/>\ndimecres 26 a les 20:30h<\/strong><\/p>\n","protected":false},"excerpt":{"rendered":"<p>La directora portuguesa competeix en la Mostra de Val\u00e8ncia amb una pel\u00b7l\u00edcula rodada a les A\u00e7ores que ja ha collit importants distincions en festivals com [&hellip;]<\/p>\n","protected":false},"author":1,"featured_media":17302,"comment_status":"open","ping_status":"open","sticky":false,"template":"","format":"standard","meta":{"_uag_custom_page_level_css":"","_jet_sm_ready_style":"","_jet_sm_style":"","_jet_sm_controls_values":"","_jet_sm_fonts_collection":"","_jet_sm_fonts_links":"","footnotes":""},"categories":[455],"tags":[],"class_list":["post-17308","post","type-post","status-publish","format-standard","has-post-thumbnail","hentry","category-noticies"],"yoast_head":"<!-- This site is optimized with the Yoast SEO plugin v27.5 - https:\/\/yoast.com\/product\/yoast-seo-wordpress\/ -->\n<title>Cl\u00e1udia Varej\u00e3o contra l&#039;estandarditzaci\u00f3 de personatges LGBTQIA+ en \u2018Wolf and Dog\u2019 - Mostra de Val\u00e8ncia<\/title>\n<meta name=\"robots\" content=\"index, follow, max-snippet:-1, max-image-preview:large, max-video-preview:-1\" \/>\n<link rel=\"canonical\" href=\"https:\/\/lamostradevalencia.com\/ca\/claudia-varejao-contra-lestandarditzacio-de-personatges-lgbtqia-en-wolf-and-dog\/\" \/>\n<meta property=\"og:locale\" content=\"ca_ES\" \/>\n<meta property=\"og:type\" content=\"article\" \/>\n<meta property=\"og:title\" content=\"Cl\u00e1udia Varej\u00e3o contra l&#039;estandarditzaci\u00f3 de personatges LGBTQIA+ en \u2018Wolf and Dog\u2019 - Mostra de Val\u00e8ncia\" \/>\n<meta property=\"og:description\" content=\"La directora portuguesa competeix en la Mostra de Val\u00e8ncia amb una pel\u00b7l\u00edcula rodada a les A\u00e7ores que ja ha collit importants distincions en festivals com [&hellip;]\" \/>\n<meta property=\"og:url\" content=\"https:\/\/lamostradevalencia.com\/ca\/claudia-varejao-contra-lestandarditzacio-de-personatges-lgbtqia-en-wolf-and-dog\/\" \/>\n<meta property=\"og:site_name\" content=\"Mostra de Val\u00e8ncia\" \/>\n<meta property=\"article:published_time\" content=\"2022-10-22T17:24:21+00:00\" \/>\n<meta property=\"article:modified_time\" content=\"2022-10-22T17:24:52+00:00\" \/>\n<meta property=\"og:image\" content=\"https:\/\/lamostradevalencia.com\/wp-content\/uploads\/2022\/10\/wolf-and-dog.png\" \/>\n\t<meta property=\"og:image:width\" content=\"799\" \/>\n\t<meta property=\"og:image:height\" content=\"1001\" \/>\n\t<meta property=\"og:image:type\" content=\"image\/png\" \/>\n<meta name=\"author\" content=\"Mostra de Val\u00e8ncia\" \/>\n<meta name=\"twitter:card\" content=\"summary_large_image\" \/>\n<meta name=\"twitter:label1\" content=\"Escrit per\" \/>\n\t<meta name=\"twitter:data1\" content=\"Mostra de Val\u00e8ncia\" \/>\n\t<meta name=\"twitter:label2\" content=\"Temps estimat de lectura\" \/>\n\t<meta name=\"twitter:data2\" content=\"4 minuts\" \/>\n<script type=\"application\/ld+json\" class=\"yoast-schema-graph\">{\"@context\":\"https:\\\/\\\/schema.org\",\"@graph\":[{\"@type\":\"Article\",\"@id\":\"https:\\\/\\\/lamostradevalencia.com\\\/ca\\\/claudia-varejao-contra-lestandarditzacio-de-personatges-lgbtqia-en-wolf-and-dog\\\/#article\",\"isPartOf\":{\"@id\":\"https:\\\/\\\/lamostradevalencia.com\\\/ca\\\/claudia-varejao-contra-lestandarditzacio-de-personatges-lgbtqia-en-wolf-and-dog\\\/\"},\"author\":{\"name\":\"Mostra de Val\u00e8ncia\",\"@id\":\"https:\\\/\\\/lamostradevalencia.com\\\/ca\\\/#\\\/schema\\\/person\\\/1dc07e4df3d6310b81d2cdf6a034070c\"},\"headline\":\"Cl\u00e1udia Varej\u00e3o contra l&#8217;estandarditzaci\u00f3 de personatges LGBTQIA+ en \u2018Wolf and Dog\u2019\",\"datePublished\":\"2022-10-22T17:24:21+00:00\",\"dateModified\":\"2022-10-22T17:24:52+00:00\",\"mainEntityOfPage\":{\"@id\":\"https:\\\/\\\/lamostradevalencia.com\\\/ca\\\/claudia-varejao-contra-lestandarditzacio-de-personatges-lgbtqia-en-wolf-and-dog\\\/\"},\"wordCount\":852,\"commentCount\":0,\"image\":{\"@id\":\"https:\\\/\\\/lamostradevalencia.com\\\/ca\\\/claudia-varejao-contra-lestandarditzacio-de-personatges-lgbtqia-en-wolf-and-dog\\\/#primaryimage\"},\"thumbnailUrl\":\"https:\\\/\\\/lamostradevalencia.com\\\/wp-content\\\/uploads\\\/2022\\\/10\\\/wolf-and-dog.png\",\"articleSection\":[\"Noticies\"],\"inLanguage\":\"ca\",\"potentialAction\":[{\"@type\":\"CommentAction\",\"name\":\"Comment\",\"target\":[\"https:\\\/\\\/lamostradevalencia.com\\\/ca\\\/claudia-varejao-contra-lestandarditzacio-de-personatges-lgbtqia-en-wolf-and-dog\\\/#respond\"]}]},{\"@type\":\"WebPage\",\"@id\":\"https:\\\/\\\/lamostradevalencia.com\\\/ca\\\/claudia-varejao-contra-lestandarditzacio-de-personatges-lgbtqia-en-wolf-and-dog\\\/\",\"url\":\"https:\\\/\\\/lamostradevalencia.com\\\/ca\\\/claudia-varejao-contra-lestandarditzacio-de-personatges-lgbtqia-en-wolf-and-dog\\\/\",\"name\":\"Cl\u00e1udia Varej\u00e3o contra l'estandarditzaci\u00f3 de personatges LGBTQIA+ en \u2018Wolf and Dog\u2019 - Mostra de Val\u00e8ncia\",\"isPartOf\":{\"@id\":\"https:\\\/\\\/lamostradevalencia.com\\\/ca\\\/#website\"},\"primaryImageOfPage\":{\"@id\":\"https:\\\/\\\/lamostradevalencia.com\\\/ca\\\/claudia-varejao-contra-lestandarditzacio-de-personatges-lgbtqia-en-wolf-and-dog\\\/#primaryimage\"},\"image\":{\"@id\":\"https:\\\/\\\/lamostradevalencia.com\\\/ca\\\/claudia-varejao-contra-lestandarditzacio-de-personatges-lgbtqia-en-wolf-and-dog\\\/#primaryimage\"},\"thumbnailUrl\":\"https:\\\/\\\/lamostradevalencia.com\\\/wp-content\\\/uploads\\\/2022\\\/10\\\/wolf-and-dog.png\",\"datePublished\":\"2022-10-22T17:24:21+00:00\",\"dateModified\":\"2022-10-22T17:24:52+00:00\",\"author\":{\"@id\":\"https:\\\/\\\/lamostradevalencia.com\\\/ca\\\/#\\\/schema\\\/person\\\/1dc07e4df3d6310b81d2cdf6a034070c\"},\"breadcrumb\":{\"@id\":\"https:\\\/\\\/lamostradevalencia.com\\\/ca\\\/claudia-varejao-contra-lestandarditzacio-de-personatges-lgbtqia-en-wolf-and-dog\\\/#breadcrumb\"},\"inLanguage\":\"ca\",\"potentialAction\":[{\"@type\":\"ReadAction\",\"target\":[\"https:\\\/\\\/lamostradevalencia.com\\\/ca\\\/claudia-varejao-contra-lestandarditzacio-de-personatges-lgbtqia-en-wolf-and-dog\\\/\"]}]},{\"@type\":\"ImageObject\",\"inLanguage\":\"ca\",\"@id\":\"https:\\\/\\\/lamostradevalencia.com\\\/ca\\\/claudia-varejao-contra-lestandarditzacio-de-personatges-lgbtqia-en-wolf-and-dog\\\/#primaryimage\",\"url\":\"https:\\\/\\\/lamostradevalencia.com\\\/wp-content\\\/uploads\\\/2022\\\/10\\\/wolf-and-dog.png\",\"contentUrl\":\"https:\\\/\\\/lamostradevalencia.com\\\/wp-content\\\/uploads\\\/2022\\\/10\\\/wolf-and-dog.png\",\"width\":799,\"height\":1001},{\"@type\":\"BreadcrumbList\",\"@id\":\"https:\\\/\\\/lamostradevalencia.com\\\/ca\\\/claudia-varejao-contra-lestandarditzacio-de-personatges-lgbtqia-en-wolf-and-dog\\\/#breadcrumb\",\"itemListElement\":[{\"@type\":\"ListItem\",\"position\":1,\"name\":\"Portada\",\"item\":\"https:\\\/\\\/lamostradevalencia.com\\\/ca\\\/\"},{\"@type\":\"ListItem\",\"position\":2,\"name\":\"Cl\u00e1udia Varej\u00e3o contra l&#8217;estandarditzaci\u00f3 de personatges LGBTQIA+ en \u2018Wolf and Dog\u2019\"}]},{\"@type\":\"WebSite\",\"@id\":\"https:\\\/\\\/lamostradevalencia.com\\\/ca\\\/#website\",\"url\":\"https:\\\/\\\/lamostradevalencia.com\\\/ca\\\/\",\"name\":\"Mostra de Val\u00e8ncia\",\"description\":\"Cinema del Mediterrani\",\"potentialAction\":[{\"@type\":\"SearchAction\",\"target\":{\"@type\":\"EntryPoint\",\"urlTemplate\":\"https:\\\/\\\/lamostradevalencia.com\\\/ca\\\/?s={search_term_string}\"},\"query-input\":{\"@type\":\"PropertyValueSpecification\",\"valueRequired\":true,\"valueName\":\"search_term_string\"}}],\"inLanguage\":\"ca\"},{\"@type\":\"Person\",\"@id\":\"https:\\\/\\\/lamostradevalencia.com\\\/ca\\\/#\\\/schema\\\/person\\\/1dc07e4df3d6310b81d2cdf6a034070c\",\"name\":\"Mostra de Val\u00e8ncia\",\"image\":{\"@type\":\"ImageObject\",\"inLanguage\":\"ca\",\"@id\":\"https:\\\/\\\/secure.gravatar.com\\\/avatar\\\/ada4dfd699a9907706987adb1bb2b361c2613ccca474b49b8c648de5208e32f8?s=96&d=mm&r=g\",\"url\":\"https:\\\/\\\/secure.gravatar.com\\\/avatar\\\/ada4dfd699a9907706987adb1bb2b361c2613ccca474b49b8c648de5208e32f8?s=96&d=mm&r=g\",\"contentUrl\":\"https:\\\/\\\/secure.gravatar.com\\\/avatar\\\/ada4dfd699a9907706987adb1bb2b361c2613ccca474b49b8c648de5208e32f8?s=96&d=mm&r=g\",\"caption\":\"Mostra de Val\u00e8ncia\"}}]}<\/script>\n<!-- \/ Yoast SEO plugin. -->","yoast_head_json":{"title":"Cl\u00e1udia Varej\u00e3o contra l'estandarditzaci\u00f3 de personatges LGBTQIA+ en \u2018Wolf and Dog\u2019 - Mostra de Val\u00e8ncia","robots":{"index":"index","follow":"follow","max-snippet":"max-snippet:-1","max-image-preview":"max-image-preview:large","max-video-preview":"max-video-preview:-1"},"canonical":"https:\/\/lamostradevalencia.com\/ca\/claudia-varejao-contra-lestandarditzacio-de-personatges-lgbtqia-en-wolf-and-dog\/","og_locale":"ca_ES","og_type":"article","og_title":"Cl\u00e1udia Varej\u00e3o contra l'estandarditzaci\u00f3 de personatges LGBTQIA+ en \u2018Wolf and Dog\u2019 - Mostra de Val\u00e8ncia","og_description":"La directora portuguesa competeix en la Mostra de Val\u00e8ncia amb una pel\u00b7l\u00edcula rodada a les A\u00e7ores que ja ha collit importants distincions en festivals com [&hellip;]","og_url":"https:\/\/lamostradevalencia.com\/ca\/claudia-varejao-contra-lestandarditzacio-de-personatges-lgbtqia-en-wolf-and-dog\/","og_site_name":"Mostra de Val\u00e8ncia","article_published_time":"2022-10-22T17:24:21+00:00","article_modified_time":"2022-10-22T17:24:52+00:00","og_image":[{"width":799,"height":1001,"url":"https:\/\/lamostradevalencia.com\/wp-content\/uploads\/2022\/10\/wolf-and-dog.png","type":"image\/png"}],"author":"Mostra de Val\u00e8ncia","twitter_card":"summary_large_image","twitter_misc":{"Escrit per":"Mostra de Val\u00e8ncia","Temps estimat de lectura":"4 minuts"},"schema":{"@context":"https:\/\/schema.org","@graph":[{"@type":"Article","@id":"https:\/\/lamostradevalencia.com\/ca\/claudia-varejao-contra-lestandarditzacio-de-personatges-lgbtqia-en-wolf-and-dog\/#article","isPartOf":{"@id":"https:\/\/lamostradevalencia.com\/ca\/claudia-varejao-contra-lestandarditzacio-de-personatges-lgbtqia-en-wolf-and-dog\/"},"author":{"name":"Mostra de Val\u00e8ncia","@id":"https:\/\/lamostradevalencia.com\/ca\/#\/schema\/person\/1dc07e4df3d6310b81d2cdf6a034070c"},"headline":"Cl\u00e1udia Varej\u00e3o contra l&#8217;estandarditzaci\u00f3 de personatges LGBTQIA+ en \u2018Wolf and Dog\u2019","datePublished":"2022-10-22T17:24:21+00:00","dateModified":"2022-10-22T17:24:52+00:00","mainEntityOfPage":{"@id":"https:\/\/lamostradevalencia.com\/ca\/claudia-varejao-contra-lestandarditzacio-de-personatges-lgbtqia-en-wolf-and-dog\/"},"wordCount":852,"commentCount":0,"image":{"@id":"https:\/\/lamostradevalencia.com\/ca\/claudia-varejao-contra-lestandarditzacio-de-personatges-lgbtqia-en-wolf-and-dog\/#primaryimage"},"thumbnailUrl":"https:\/\/lamostradevalencia.com\/wp-content\/uploads\/2022\/10\/wolf-and-dog.png","articleSection":["Noticies"],"inLanguage":"ca","potentialAction":[{"@type":"CommentAction","name":"Comment","target":["https:\/\/lamostradevalencia.com\/ca\/claudia-varejao-contra-lestandarditzacio-de-personatges-lgbtqia-en-wolf-and-dog\/#respond"]}]},{"@type":"WebPage","@id":"https:\/\/lamostradevalencia.com\/ca\/claudia-varejao-contra-lestandarditzacio-de-personatges-lgbtqia-en-wolf-and-dog\/","url":"https:\/\/lamostradevalencia.com\/ca\/claudia-varejao-contra-lestandarditzacio-de-personatges-lgbtqia-en-wolf-and-dog\/","name":"Cl\u00e1udia Varej\u00e3o contra l'estandarditzaci\u00f3 de personatges LGBTQIA+ en \u2018Wolf and Dog\u2019 - Mostra de Val\u00e8ncia","isPartOf":{"@id":"https:\/\/lamostradevalencia.com\/ca\/#website"},"primaryImageOfPage":{"@id":"https:\/\/lamostradevalencia.com\/ca\/claudia-varejao-contra-lestandarditzacio-de-personatges-lgbtqia-en-wolf-and-dog\/#primaryimage"},"image":{"@id":"https:\/\/lamostradevalencia.com\/ca\/claudia-varejao-contra-lestandarditzacio-de-personatges-lgbtqia-en-wolf-and-dog\/#primaryimage"},"thumbnailUrl":"https:\/\/lamostradevalencia.com\/wp-content\/uploads\/2022\/10\/wolf-and-dog.png","datePublished":"2022-10-22T17:24:21+00:00","dateModified":"2022-10-22T17:24:52+00:00","author":{"@id":"https:\/\/lamostradevalencia.com\/ca\/#\/schema\/person\/1dc07e4df3d6310b81d2cdf6a034070c"},"breadcrumb":{"@id":"https:\/\/lamostradevalencia.com\/ca\/claudia-varejao-contra-lestandarditzacio-de-personatges-lgbtqia-en-wolf-and-dog\/#breadcrumb"},"inLanguage":"ca","potentialAction":[{"@type":"ReadAction","target":["https:\/\/lamostradevalencia.com\/ca\/claudia-varejao-contra-lestandarditzacio-de-personatges-lgbtqia-en-wolf-and-dog\/"]}]},{"@type":"ImageObject","inLanguage":"ca","@id":"https:\/\/lamostradevalencia.com\/ca\/claudia-varejao-contra-lestandarditzacio-de-personatges-lgbtqia-en-wolf-and-dog\/#primaryimage","url":"https:\/\/lamostradevalencia.com\/wp-content\/uploads\/2022\/10\/wolf-and-dog.png","contentUrl":"https:\/\/lamostradevalencia.com\/wp-content\/uploads\/2022\/10\/wolf-and-dog.png","width":799,"height":1001},{"@type":"BreadcrumbList","@id":"https:\/\/lamostradevalencia.com\/ca\/claudia-varejao-contra-lestandarditzacio-de-personatges-lgbtqia-en-wolf-and-dog\/#breadcrumb","itemListElement":[{"@type":"ListItem","position":1,"name":"Portada","item":"https:\/\/lamostradevalencia.com\/ca\/"},{"@type":"ListItem","position":2,"name":"Cl\u00e1udia Varej\u00e3o contra l&#8217;estandarditzaci\u00f3 de personatges LGBTQIA+ en \u2018Wolf and Dog\u2019"}]},{"@type":"WebSite","@id":"https:\/\/lamostradevalencia.com\/ca\/#website","url":"https:\/\/lamostradevalencia.com\/ca\/","name":"Mostra de Val\u00e8ncia","description":"Cinema del Mediterrani","potentialAction":[{"@type":"SearchAction","target":{"@type":"EntryPoint","urlTemplate":"https:\/\/lamostradevalencia.com\/ca\/?s={search_term_string}"},"query-input":{"@type":"PropertyValueSpecification","valueRequired":true,"valueName":"search_term_string"}}],"inLanguage":"ca"},{"@type":"Person","@id":"https:\/\/lamostradevalencia.com\/ca\/#\/schema\/person\/1dc07e4df3d6310b81d2cdf6a034070c","name":"Mostra de Val\u00e8ncia","image":{"@type":"ImageObject","inLanguage":"ca","@id":"https:\/\/secure.gravatar.com\/avatar\/ada4dfd699a9907706987adb1bb2b361c2613ccca474b49b8c648de5208e32f8?s=96&d=mm&r=g","url":"https:\/\/secure.gravatar.com\/avatar\/ada4dfd699a9907706987adb1bb2b361c2613ccca474b49b8c648de5208e32f8?s=96&d=mm&r=g","contentUrl":"https:\/\/secure.gravatar.com\/avatar\/ada4dfd699a9907706987adb1bb2b361c2613ccca474b49b8c648de5208e32f8?s=96&d=mm&r=g","caption":"Mostra de Val\u00e8ncia"}}]}},"uagb_featured_image_src":{"full":["https:\/\/lamostradevalencia.com\/wp-content\/uploads\/2022\/10\/wolf-and-dog.png",799,1001,false],"thumbnail":["https:\/\/lamostradevalencia.com\/wp-content\/uploads\/2022\/10\/wolf-and-dog-150x150.png",150,150,true],"medium":["https:\/\/lamostradevalencia.com\/wp-content\/uploads\/2022\/10\/wolf-and-dog-239x300.png",239,300,true],"medium_large":["https:\/\/lamostradevalencia.com\/wp-content\/uploads\/2022\/10\/wolf-and-dog-768x962.png",768,962,true],"large":["https:\/\/lamostradevalencia.com\/wp-content\/uploads\/2022\/10\/wolf-and-dog.png",799,1001,false],"1536x1536":["https:\/\/lamostradevalencia.com\/wp-content\/uploads\/2022\/10\/wolf-and-dog.png",799,1001,false],"2048x2048":["https:\/\/lamostradevalencia.com\/wp-content\/uploads\/2022\/10\/wolf-and-dog.png",799,1001,false],"cinerama_edge_image_square":["https:\/\/lamostradevalencia.com\/wp-content\/uploads\/2022\/10\/wolf-and-dog-550x550.png",550,550,true],"cinerama_edge_image_landscape":["https:\/\/lamostradevalencia.com\/wp-content\/uploads\/2022\/10\/wolf-and-dog-799x550.png",799,550,true],"cinerama_edge_image_portrait":["https:\/\/lamostradevalencia.com\/wp-content\/uploads\/2022\/10\/wolf-and-dog-550x1001.png",550,1001,true],"cinerama_edge_image_huge":["https:\/\/lamostradevalencia.com\/wp-content\/uploads\/2022\/10\/wolf-and-dog.png",799,1001,false],"gform-image-choice-sm":["https:\/\/lamostradevalencia.com\/wp-content\/uploads\/2022\/10\/wolf-and-dog.png",239,300,false],"gform-image-choice-md":["https:\/\/lamostradevalencia.com\/wp-content\/uploads\/2022\/10\/wolf-and-dog.png",319,400,false],"gform-image-choice-lg":["https:\/\/lamostradevalencia.com\/wp-content\/uploads\/2022\/10\/wolf-and-dog.png",479,600,false]},"uagb_author_info":{"display_name":"Mostra de Val\u00e8ncia","author_link":"https:\/\/lamostradevalencia.com\/ca\/author\/mostravalencia\/"},"uagb_comment_info":0,"uagb_excerpt":"La directora portuguesa competeix en la Mostra de Val\u00e8ncia amb una pel\u00b7l\u00edcula rodada a les A\u00e7ores que ja ha collit importants distincions en festivals com [&hellip;]","_links":{"self":[{"href":"https:\/\/lamostradevalencia.com\/ca\/wp-json\/wp\/v2\/posts\/17308","targetHints":{"allow":["GET"]}}],"collection":[{"href":"https:\/\/lamostradevalencia.com\/ca\/wp-json\/wp\/v2\/posts"}],"about":[{"href":"https:\/\/lamostradevalencia.com\/ca\/wp-json\/wp\/v2\/types\/post"}],"author":[{"embeddable":true,"href":"https:\/\/lamostradevalencia.com\/ca\/wp-json\/wp\/v2\/users\/1"}],"replies":[{"embeddable":true,"href":"https:\/\/lamostradevalencia.com\/ca\/wp-json\/wp\/v2\/comments?post=17308"}],"version-history":[{"count":1,"href":"https:\/\/lamostradevalencia.com\/ca\/wp-json\/wp\/v2\/posts\/17308\/revisions"}],"predecessor-version":[{"id":17309,"href":"https:\/\/lamostradevalencia.com\/ca\/wp-json\/wp\/v2\/posts\/17308\/revisions\/17309"}],"wp:featuredmedia":[{"embeddable":true,"href":"https:\/\/lamostradevalencia.com\/ca\/wp-json\/wp\/v2\/media\/17302"}],"wp:attachment":[{"href":"https:\/\/lamostradevalencia.com\/ca\/wp-json\/wp\/v2\/media?parent=17308"}],"wp:term":[{"taxonomy":"category","embeddable":true,"href":"https:\/\/lamostradevalencia.com\/ca\/wp-json\/wp\/v2\/categories?post=17308"},{"taxonomy":"post_tag","embeddable":true,"href":"https:\/\/lamostradevalencia.com\/ca\/wp-json\/wp\/v2\/tags?post=17308"}],"curies":[{"name":"wp","href":"https:\/\/api.w.org\/{rel}","templated":true}]}}