{"id":17282,"date":"2022-10-22T14:04:43","date_gmt":"2022-10-22T12:04:43","guid":{"rendered":"https:\/\/lamostradevalencia.com\/?p=17282"},"modified":"2022-10-22T15:30:43","modified_gmt":"2022-10-22T13:30:43","slug":"la-directora-kaltrina-krasniqi-denuncia-els-abusos-del-patriarcat-en-la-mostra-con-vera-dreams-of-the-sea","status":"publish","type":"post","link":"https:\/\/lamostradevalencia.com\/ca\/la-directora-kaltrina-krasniqi-denuncia-els-abusos-del-patriarcat-en-la-mostra-con-vera-dreams-of-the-sea\/","title":{"rendered":"La directora Kaltrina Krasniqi den\u00fancia en la Mostra els abusos del patriarcat con \u2018Vera Dreams of the Sea\u2019"},"content":{"rendered":"<h5>Estrenada al Festival de Ven\u00e8cia, la cinta \u00e9s el primer llarg de la realitzadora, que t\u00e9 com a protagonista una dona de 60 anys, una generaci\u00f3 silenciada<\/h5>\n<p><strong>Kaltrina Krasniqi <\/strong>ha arribat a Val\u00e8ncia per a presentar dins del marc de la Mostra el superb retrat de dona de <strong>\u2018Vera Dreams of the sea\u2019 <\/strong>dins de la competici\u00f3. Un film que competeix per la Palmera d&#8217;Or amb el relat d&#8217;una mare i esposa, int\u00e8rpret de signes, que despr\u00e9s del su\u00efcidi del seu marit ha d&#8217;afrontar el pes d&#8217;opressor i amena\u00e7ador del patriarcat.<\/p>\n<p>Amb el seu debut, Krasniqi continua, i probablement lidera, l&#8217;ona de directores de Pristina que disseccionen la situaci\u00f3 de la dona en la seua societat en les seues pel\u00b7l\u00edcules. \u201cVaig comen\u00e7ar a fer pel\u00b7l\u00edcules quan tenia 18 anys, just despr\u00e9s de la guerra per la meua obsessi\u00f3 per documentar. La documentalista irlandesa Siobhan Cleary estava fent una pel\u00b7l\u00edcula sobre la guerra de Kosovo i les dones en eixe moment i ens va ensenyar a usar les c\u00e0meres, el muntatge i el so, i eixe mateix any vam fer la nostra primera cinta \u2018Sudden Air\u2019 amb el desig de preservar la nostra ciutat natal que va desapar\u00e9ixer despr\u00e9s del bombardeig\u2019. A partir d&#8217;ac\u00ed, ha recordat, \u201cem vaig sentir atreta per aquesta mena de narraci\u00f3 que donava cabuda a totes les meues curiositats, com la literatura, la poesia, la m\u00fasica, l&#8217;arquitectura, la imatge, la investigaci\u00f3 i la hist\u00f2ria\u201d.<\/p>\n<p>\u2018Vera Dreams of the sea\u2019 explora diversos aspectes de la societat i la posici\u00f3 que ocupen les dones en ella, no obstant aix\u00f2 t\u00e9 una pretensi\u00f3 universal i de connectar amb p\u00fablics de tot el m\u00f3n: &#8220;El problema que a les dones se&#8217;ls negue el dret a la propietat, per exemple, no \u00e9s exclusiu de Kosovo, \u00e9s un impacte directe d&#8217;una societat regulada pel patriarcat que ha establit i inventat tradicions i cultures per a protegir aquest ordre discriminatori que no sols afecta a les dones, sin\u00f3 tamb\u00e9 a altres col\u00b7lectius\u201d.<\/p>\n<p>La historia de &#8216;Vera Dreams of the sea&#8217; va arribar a les mans de la cineasta a trav\u00e9s de la seua amiga de la inf\u00e0ncia, la guionista Doruntina Basha: \u201cVaig llegir el gui\u00f3 en un dia i vaig saber que era el primer llargmetratge que voldria fer. Em va commoure profundament que la protagonista f\u00f3ra una dona de 60 anys la generaci\u00f3 de la qual ha sigut hist\u00f2ricament silenciada ja que rarament apareixen representades al cinema, el teatre o la literatura encara que s\u00f3n elles les que portaven el pes del canvi, per\u00f2 sempre fora dels focus\u201d.<\/p>\n<p>Construir el personatge de Vera, a qui dona vida l&#8217;actriu de teatre Teuta <strong>Jegeni Ajdini,<\/strong> va ser molt \u201cinteressant i desafiador\u201d segons la cineasta: \u201cEl fet que ella siga la veu dels qu\u00e8 no tenen veu i que siga l&#8217;\u00fanic do que la seua mare sorda li va poder transmetre, va generar un fil conductor molt poder\u00f3s i po\u00e8tic per al personatge de Vera, per\u00f2 tamb\u00e9 per a la hist\u00f2ria en general\u201d. Les dones com ella, pobres d&#8217;una generaci\u00f3 a una altra, \u201cvan sobreviure a moltes hostilitats gr\u00e0cies a les seues habilitats, i quan les transmeten, el que estan fent en realitat \u00e9s assegurar-se que els seus descendents seguisquen avant\u201d.<\/p>\n<p>Vera somia amb la mar, una mar que li serveix a Krasniqi per a bussejar pels pensaments i les emocions de la seua protagonista: \u201cKosovo \u00e9s un territori\u00a0sense eixida a la mar. Les nostres idees sobre la mar s\u00f3n rom\u00e0ntiques, les associem amb la tranquil\u00b7litat i la pau, com fa Vera al principi de la pel\u00b7l\u00edcula, una idea que despr\u00e9s del su\u00efcidi del seu marit es converteix en un malson. El\u00a0mar era un gran element cinematogr\u00e0fic per a bussejar en la seua psique\u201d. La pel\u00b7l\u00edcula s&#8217;allunya deliberadament dels estereotips i l&#8217;imaginari occidental respecte a aquesta part del m\u00f3n: \u201cVera havia d&#8217;estar en cada pla ja que vol\u00edem veure el m\u00f3n des de la seua perspectiva, que est\u00e0 marcada pel seu context, per\u00f2 fugim de reproduir la mirada ex\u00f2tica i carregada d&#8217;estereotips que ha alimentat el cinema balc\u00e0nic durant les \u00faltimes d\u00e8cades\u201d.<\/p>\n<p>\u2018Vera dreams of the sea\u2019 \u00e9s un retrat \u00edntim per\u00f2 universal de les dones. \u201cContar hist\u00f2ries sempre ha sigut un vehicle de canvi. Les pel\u00b7l\u00edcules ofereixen una visi\u00f3 molt personal de vides que mai pensem que podr\u00edem experimentar, i eixe canvi de perspectiva \u00e9s rellevant per a i pel canvi\u201d.<\/p>\n<p>La 37a edici\u00f3 del festival compta amb la col\u00b7laboraci\u00f3 del Institut Valenci\u00e0 de Cultura (IVC), Rambleta, Val\u00e8ncia Film Office, Barreira Arte + Dise\u00f1o i \u00c0 Punt M\u00e8dia com a mitj\u00e0 oficial.<\/p>\n<p><strong>Pr\u00f2ximes projeccions\u00a0de \u2018Vera dreams of the sea\u2019 als Cines Babel<br \/>\nDiumenge 23 a les 18:00h<br \/>\nDilluns 24 a les 22:30h<\/strong><\/p>\n<p>&nbsp;<\/p>\n","protected":false},"excerpt":{"rendered":"<p>Estrenada al Festival de Ven\u00e8cia, la cinta \u00e9s el primer llarg de la realitzadora, que t\u00e9 com a protagonista una dona de 60 anys, una [&hellip;]<\/p>\n","protected":false},"author":1,"featured_media":17283,"comment_status":"open","ping_status":"open","sticky":false,"template":"","format":"standard","meta":{"_uag_custom_page_level_css":"","_jet_sm_ready_style":"","_jet_sm_style":"","_jet_sm_controls_values":"","_jet_sm_fonts_collection":"","_jet_sm_fonts_links":"","footnotes":""},"categories":[31],"tags":[],"class_list":["post-17282","post","type-post","status-publish","format-standard","has-post-thumbnail","hentry","category-uncategorized-ca"],"yoast_head":"<!-- This site is optimized with the Yoast SEO plugin v27.5 - https:\/\/yoast.com\/product\/yoast-seo-wordpress\/ -->\n<title>La directora Kaltrina Krasniqi den\u00fancia en la Mostra els abusos del patriarcat con \u2018Vera Dreams of the Sea\u2019 - Mostra de Val\u00e8ncia<\/title>\n<meta name=\"robots\" content=\"index, follow, max-snippet:-1, max-image-preview:large, max-video-preview:-1\" \/>\n<link rel=\"canonical\" href=\"https:\/\/lamostradevalencia.com\/ca\/la-directora-kaltrina-krasniqi-denuncia-els-abusos-del-patriarcat-en-la-mostra-con-vera-dreams-of-the-sea\/\" \/>\n<meta property=\"og:locale\" content=\"ca_ES\" \/>\n<meta property=\"og:type\" content=\"article\" \/>\n<meta property=\"og:title\" content=\"La directora Kaltrina Krasniqi den\u00fancia en la Mostra els abusos del patriarcat con \u2018Vera Dreams of the Sea\u2019 - Mostra de Val\u00e8ncia\" \/>\n<meta property=\"og:description\" content=\"Estrenada al Festival de Ven\u00e8cia, la cinta \u00e9s el primer llarg de la realitzadora, que t\u00e9 com a protagonista una dona de 60 anys, una [&hellip;]\" \/>\n<meta property=\"og:url\" content=\"https:\/\/lamostradevalencia.com\/ca\/la-directora-kaltrina-krasniqi-denuncia-els-abusos-del-patriarcat-en-la-mostra-con-vera-dreams-of-the-sea\/\" \/>\n<meta property=\"og:site_name\" content=\"Mostra de Val\u00e8ncia\" \/>\n<meta property=\"article:published_time\" content=\"2022-10-22T12:04:43+00:00\" \/>\n<meta property=\"article:modified_time\" content=\"2022-10-22T13:30:43+00:00\" \/>\n<meta property=\"og:image\" content=\"https:\/\/lamostradevalencia.com\/wp-content\/uploads\/2022\/10\/vera-dreams-photocall.jpg\" \/>\n\t<meta property=\"og:image:width\" content=\"713\" \/>\n\t<meta property=\"og:image:height\" content=\"797\" \/>\n\t<meta property=\"og:image:type\" content=\"image\/jpeg\" \/>\n<meta name=\"author\" content=\"Mostra de Val\u00e8ncia\" \/>\n<meta name=\"twitter:card\" content=\"summary_large_image\" \/>\n<meta name=\"twitter:label1\" content=\"Escrit per\" \/>\n\t<meta name=\"twitter:data1\" content=\"Mostra de Val\u00e8ncia\" \/>\n\t<meta name=\"twitter:label2\" content=\"Temps estimat de lectura\" \/>\n\t<meta name=\"twitter:data2\" content=\"4 minuts\" \/>\n<script type=\"application\/ld+json\" class=\"yoast-schema-graph\">{\"@context\":\"https:\\\/\\\/schema.org\",\"@graph\":[{\"@type\":\"Article\",\"@id\":\"https:\\\/\\\/lamostradevalencia.com\\\/ca\\\/la-directora-kaltrina-krasniqi-denuncia-els-abusos-del-patriarcat-en-la-mostra-con-vera-dreams-of-the-sea\\\/#article\",\"isPartOf\":{\"@id\":\"https:\\\/\\\/lamostradevalencia.com\\\/ca\\\/la-directora-kaltrina-krasniqi-denuncia-els-abusos-del-patriarcat-en-la-mostra-con-vera-dreams-of-the-sea\\\/\"},\"author\":{\"name\":\"Mostra de Val\u00e8ncia\",\"@id\":\"https:\\\/\\\/lamostradevalencia.com\\\/ca\\\/#\\\/schema\\\/person\\\/1dc07e4df3d6310b81d2cdf6a034070c\"},\"headline\":\"La directora Kaltrina Krasniqi den\u00fancia en la Mostra els abusos del patriarcat con \u2018Vera Dreams of the Sea\u2019\",\"datePublished\":\"2022-10-22T12:04:43+00:00\",\"dateModified\":\"2022-10-22T13:30:43+00:00\",\"mainEntityOfPage\":{\"@id\":\"https:\\\/\\\/lamostradevalencia.com\\\/ca\\\/la-directora-kaltrina-krasniqi-denuncia-els-abusos-del-patriarcat-en-la-mostra-con-vera-dreams-of-the-sea\\\/\"},\"wordCount\":865,\"commentCount\":0,\"image\":{\"@id\":\"https:\\\/\\\/lamostradevalencia.com\\\/ca\\\/la-directora-kaltrina-krasniqi-denuncia-els-abusos-del-patriarcat-en-la-mostra-con-vera-dreams-of-the-sea\\\/#primaryimage\"},\"thumbnailUrl\":\"https:\\\/\\\/lamostradevalencia.com\\\/wp-content\\\/uploads\\\/2022\\\/10\\\/vera-dreams-photocall.jpg\",\"articleSection\":[\"Uncategorized @ca\"],\"inLanguage\":\"ca\",\"potentialAction\":[{\"@type\":\"CommentAction\",\"name\":\"Comment\",\"target\":[\"https:\\\/\\\/lamostradevalencia.com\\\/ca\\\/la-directora-kaltrina-krasniqi-denuncia-els-abusos-del-patriarcat-en-la-mostra-con-vera-dreams-of-the-sea\\\/#respond\"]}]},{\"@type\":\"WebPage\",\"@id\":\"https:\\\/\\\/lamostradevalencia.com\\\/ca\\\/la-directora-kaltrina-krasniqi-denuncia-els-abusos-del-patriarcat-en-la-mostra-con-vera-dreams-of-the-sea\\\/\",\"url\":\"https:\\\/\\\/lamostradevalencia.com\\\/ca\\\/la-directora-kaltrina-krasniqi-denuncia-els-abusos-del-patriarcat-en-la-mostra-con-vera-dreams-of-the-sea\\\/\",\"name\":\"La directora Kaltrina Krasniqi den\u00fancia en la Mostra els abusos del patriarcat con \u2018Vera Dreams of the Sea\u2019 - Mostra de Val\u00e8ncia\",\"isPartOf\":{\"@id\":\"https:\\\/\\\/lamostradevalencia.com\\\/ca\\\/#website\"},\"primaryImageOfPage\":{\"@id\":\"https:\\\/\\\/lamostradevalencia.com\\\/ca\\\/la-directora-kaltrina-krasniqi-denuncia-els-abusos-del-patriarcat-en-la-mostra-con-vera-dreams-of-the-sea\\\/#primaryimage\"},\"image\":{\"@id\":\"https:\\\/\\\/lamostradevalencia.com\\\/ca\\\/la-directora-kaltrina-krasniqi-denuncia-els-abusos-del-patriarcat-en-la-mostra-con-vera-dreams-of-the-sea\\\/#primaryimage\"},\"thumbnailUrl\":\"https:\\\/\\\/lamostradevalencia.com\\\/wp-content\\\/uploads\\\/2022\\\/10\\\/vera-dreams-photocall.jpg\",\"datePublished\":\"2022-10-22T12:04:43+00:00\",\"dateModified\":\"2022-10-22T13:30:43+00:00\",\"author\":{\"@id\":\"https:\\\/\\\/lamostradevalencia.com\\\/ca\\\/#\\\/schema\\\/person\\\/1dc07e4df3d6310b81d2cdf6a034070c\"},\"breadcrumb\":{\"@id\":\"https:\\\/\\\/lamostradevalencia.com\\\/ca\\\/la-directora-kaltrina-krasniqi-denuncia-els-abusos-del-patriarcat-en-la-mostra-con-vera-dreams-of-the-sea\\\/#breadcrumb\"},\"inLanguage\":\"ca\",\"potentialAction\":[{\"@type\":\"ReadAction\",\"target\":[\"https:\\\/\\\/lamostradevalencia.com\\\/ca\\\/la-directora-kaltrina-krasniqi-denuncia-els-abusos-del-patriarcat-en-la-mostra-con-vera-dreams-of-the-sea\\\/\"]}]},{\"@type\":\"ImageObject\",\"inLanguage\":\"ca\",\"@id\":\"https:\\\/\\\/lamostradevalencia.com\\\/ca\\\/la-directora-kaltrina-krasniqi-denuncia-els-abusos-del-patriarcat-en-la-mostra-con-vera-dreams-of-the-sea\\\/#primaryimage\",\"url\":\"https:\\\/\\\/lamostradevalencia.com\\\/wp-content\\\/uploads\\\/2022\\\/10\\\/vera-dreams-photocall.jpg\",\"contentUrl\":\"https:\\\/\\\/lamostradevalencia.com\\\/wp-content\\\/uploads\\\/2022\\\/10\\\/vera-dreams-photocall.jpg\",\"width\":713,\"height\":797},{\"@type\":\"BreadcrumbList\",\"@id\":\"https:\\\/\\\/lamostradevalencia.com\\\/ca\\\/la-directora-kaltrina-krasniqi-denuncia-els-abusos-del-patriarcat-en-la-mostra-con-vera-dreams-of-the-sea\\\/#breadcrumb\",\"itemListElement\":[{\"@type\":\"ListItem\",\"position\":1,\"name\":\"Portada\",\"item\":\"https:\\\/\\\/lamostradevalencia.com\\\/ca\\\/\"},{\"@type\":\"ListItem\",\"position\":2,\"name\":\"La directora Kaltrina Krasniqi den\u00fancia en la Mostra els abusos del patriarcat con \u2018Vera Dreams of the Sea\u2019\"}]},{\"@type\":\"WebSite\",\"@id\":\"https:\\\/\\\/lamostradevalencia.com\\\/ca\\\/#website\",\"url\":\"https:\\\/\\\/lamostradevalencia.com\\\/ca\\\/\",\"name\":\"Mostra de Val\u00e8ncia\",\"description\":\"Cinema del Mediterrani\",\"potentialAction\":[{\"@type\":\"SearchAction\",\"target\":{\"@type\":\"EntryPoint\",\"urlTemplate\":\"https:\\\/\\\/lamostradevalencia.com\\\/ca\\\/?s={search_term_string}\"},\"query-input\":{\"@type\":\"PropertyValueSpecification\",\"valueRequired\":true,\"valueName\":\"search_term_string\"}}],\"inLanguage\":\"ca\"},{\"@type\":\"Person\",\"@id\":\"https:\\\/\\\/lamostradevalencia.com\\\/ca\\\/#\\\/schema\\\/person\\\/1dc07e4df3d6310b81d2cdf6a034070c\",\"name\":\"Mostra de Val\u00e8ncia\",\"image\":{\"@type\":\"ImageObject\",\"inLanguage\":\"ca\",\"@id\":\"https:\\\/\\\/secure.gravatar.com\\\/avatar\\\/ada4dfd699a9907706987adb1bb2b361c2613ccca474b49b8c648de5208e32f8?s=96&d=mm&r=g\",\"url\":\"https:\\\/\\\/secure.gravatar.com\\\/avatar\\\/ada4dfd699a9907706987adb1bb2b361c2613ccca474b49b8c648de5208e32f8?s=96&d=mm&r=g\",\"contentUrl\":\"https:\\\/\\\/secure.gravatar.com\\\/avatar\\\/ada4dfd699a9907706987adb1bb2b361c2613ccca474b49b8c648de5208e32f8?s=96&d=mm&r=g\",\"caption\":\"Mostra de Val\u00e8ncia\"}}]}<\/script>\n<!-- \/ Yoast SEO plugin. -->","yoast_head_json":{"title":"La directora Kaltrina Krasniqi den\u00fancia en la Mostra els abusos del patriarcat con \u2018Vera Dreams of the Sea\u2019 - Mostra de Val\u00e8ncia","robots":{"index":"index","follow":"follow","max-snippet":"max-snippet:-1","max-image-preview":"max-image-preview:large","max-video-preview":"max-video-preview:-1"},"canonical":"https:\/\/lamostradevalencia.com\/ca\/la-directora-kaltrina-krasniqi-denuncia-els-abusos-del-patriarcat-en-la-mostra-con-vera-dreams-of-the-sea\/","og_locale":"ca_ES","og_type":"article","og_title":"La directora Kaltrina Krasniqi den\u00fancia en la Mostra els abusos del patriarcat con \u2018Vera Dreams of the Sea\u2019 - Mostra de Val\u00e8ncia","og_description":"Estrenada al Festival de Ven\u00e8cia, la cinta \u00e9s el primer llarg de la realitzadora, que t\u00e9 com a protagonista una dona de 60 anys, una [&hellip;]","og_url":"https:\/\/lamostradevalencia.com\/ca\/la-directora-kaltrina-krasniqi-denuncia-els-abusos-del-patriarcat-en-la-mostra-con-vera-dreams-of-the-sea\/","og_site_name":"Mostra de Val\u00e8ncia","article_published_time":"2022-10-22T12:04:43+00:00","article_modified_time":"2022-10-22T13:30:43+00:00","og_image":[{"width":713,"height":797,"url":"https:\/\/lamostradevalencia.com\/wp-content\/uploads\/2022\/10\/vera-dreams-photocall.jpg","type":"image\/jpeg"}],"author":"Mostra de Val\u00e8ncia","twitter_card":"summary_large_image","twitter_misc":{"Escrit per":"Mostra de Val\u00e8ncia","Temps estimat de lectura":"4 minuts"},"schema":{"@context":"https:\/\/schema.org","@graph":[{"@type":"Article","@id":"https:\/\/lamostradevalencia.com\/ca\/la-directora-kaltrina-krasniqi-denuncia-els-abusos-del-patriarcat-en-la-mostra-con-vera-dreams-of-the-sea\/#article","isPartOf":{"@id":"https:\/\/lamostradevalencia.com\/ca\/la-directora-kaltrina-krasniqi-denuncia-els-abusos-del-patriarcat-en-la-mostra-con-vera-dreams-of-the-sea\/"},"author":{"name":"Mostra de Val\u00e8ncia","@id":"https:\/\/lamostradevalencia.com\/ca\/#\/schema\/person\/1dc07e4df3d6310b81d2cdf6a034070c"},"headline":"La directora Kaltrina Krasniqi den\u00fancia en la Mostra els abusos del patriarcat con \u2018Vera Dreams of the Sea\u2019","datePublished":"2022-10-22T12:04:43+00:00","dateModified":"2022-10-22T13:30:43+00:00","mainEntityOfPage":{"@id":"https:\/\/lamostradevalencia.com\/ca\/la-directora-kaltrina-krasniqi-denuncia-els-abusos-del-patriarcat-en-la-mostra-con-vera-dreams-of-the-sea\/"},"wordCount":865,"commentCount":0,"image":{"@id":"https:\/\/lamostradevalencia.com\/ca\/la-directora-kaltrina-krasniqi-denuncia-els-abusos-del-patriarcat-en-la-mostra-con-vera-dreams-of-the-sea\/#primaryimage"},"thumbnailUrl":"https:\/\/lamostradevalencia.com\/wp-content\/uploads\/2022\/10\/vera-dreams-photocall.jpg","articleSection":["Uncategorized @ca"],"inLanguage":"ca","potentialAction":[{"@type":"CommentAction","name":"Comment","target":["https:\/\/lamostradevalencia.com\/ca\/la-directora-kaltrina-krasniqi-denuncia-els-abusos-del-patriarcat-en-la-mostra-con-vera-dreams-of-the-sea\/#respond"]}]},{"@type":"WebPage","@id":"https:\/\/lamostradevalencia.com\/ca\/la-directora-kaltrina-krasniqi-denuncia-els-abusos-del-patriarcat-en-la-mostra-con-vera-dreams-of-the-sea\/","url":"https:\/\/lamostradevalencia.com\/ca\/la-directora-kaltrina-krasniqi-denuncia-els-abusos-del-patriarcat-en-la-mostra-con-vera-dreams-of-the-sea\/","name":"La directora Kaltrina Krasniqi den\u00fancia en la Mostra els abusos del patriarcat con \u2018Vera Dreams of the Sea\u2019 - Mostra de Val\u00e8ncia","isPartOf":{"@id":"https:\/\/lamostradevalencia.com\/ca\/#website"},"primaryImageOfPage":{"@id":"https:\/\/lamostradevalencia.com\/ca\/la-directora-kaltrina-krasniqi-denuncia-els-abusos-del-patriarcat-en-la-mostra-con-vera-dreams-of-the-sea\/#primaryimage"},"image":{"@id":"https:\/\/lamostradevalencia.com\/ca\/la-directora-kaltrina-krasniqi-denuncia-els-abusos-del-patriarcat-en-la-mostra-con-vera-dreams-of-the-sea\/#primaryimage"},"thumbnailUrl":"https:\/\/lamostradevalencia.com\/wp-content\/uploads\/2022\/10\/vera-dreams-photocall.jpg","datePublished":"2022-10-22T12:04:43+00:00","dateModified":"2022-10-22T13:30:43+00:00","author":{"@id":"https:\/\/lamostradevalencia.com\/ca\/#\/schema\/person\/1dc07e4df3d6310b81d2cdf6a034070c"},"breadcrumb":{"@id":"https:\/\/lamostradevalencia.com\/ca\/la-directora-kaltrina-krasniqi-denuncia-els-abusos-del-patriarcat-en-la-mostra-con-vera-dreams-of-the-sea\/#breadcrumb"},"inLanguage":"ca","potentialAction":[{"@type":"ReadAction","target":["https:\/\/lamostradevalencia.com\/ca\/la-directora-kaltrina-krasniqi-denuncia-els-abusos-del-patriarcat-en-la-mostra-con-vera-dreams-of-the-sea\/"]}]},{"@type":"ImageObject","inLanguage":"ca","@id":"https:\/\/lamostradevalencia.com\/ca\/la-directora-kaltrina-krasniqi-denuncia-els-abusos-del-patriarcat-en-la-mostra-con-vera-dreams-of-the-sea\/#primaryimage","url":"https:\/\/lamostradevalencia.com\/wp-content\/uploads\/2022\/10\/vera-dreams-photocall.jpg","contentUrl":"https:\/\/lamostradevalencia.com\/wp-content\/uploads\/2022\/10\/vera-dreams-photocall.jpg","width":713,"height":797},{"@type":"BreadcrumbList","@id":"https:\/\/lamostradevalencia.com\/ca\/la-directora-kaltrina-krasniqi-denuncia-els-abusos-del-patriarcat-en-la-mostra-con-vera-dreams-of-the-sea\/#breadcrumb","itemListElement":[{"@type":"ListItem","position":1,"name":"Portada","item":"https:\/\/lamostradevalencia.com\/ca\/"},{"@type":"ListItem","position":2,"name":"La directora Kaltrina Krasniqi den\u00fancia en la Mostra els abusos del patriarcat con \u2018Vera Dreams of the Sea\u2019"}]},{"@type":"WebSite","@id":"https:\/\/lamostradevalencia.com\/ca\/#website","url":"https:\/\/lamostradevalencia.com\/ca\/","name":"Mostra de Val\u00e8ncia","description":"Cinema del Mediterrani","potentialAction":[{"@type":"SearchAction","target":{"@type":"EntryPoint","urlTemplate":"https:\/\/lamostradevalencia.com\/ca\/?s={search_term_string}"},"query-input":{"@type":"PropertyValueSpecification","valueRequired":true,"valueName":"search_term_string"}}],"inLanguage":"ca"},{"@type":"Person","@id":"https:\/\/lamostradevalencia.com\/ca\/#\/schema\/person\/1dc07e4df3d6310b81d2cdf6a034070c","name":"Mostra de Val\u00e8ncia","image":{"@type":"ImageObject","inLanguage":"ca","@id":"https:\/\/secure.gravatar.com\/avatar\/ada4dfd699a9907706987adb1bb2b361c2613ccca474b49b8c648de5208e32f8?s=96&d=mm&r=g","url":"https:\/\/secure.gravatar.com\/avatar\/ada4dfd699a9907706987adb1bb2b361c2613ccca474b49b8c648de5208e32f8?s=96&d=mm&r=g","contentUrl":"https:\/\/secure.gravatar.com\/avatar\/ada4dfd699a9907706987adb1bb2b361c2613ccca474b49b8c648de5208e32f8?s=96&d=mm&r=g","caption":"Mostra de Val\u00e8ncia"}}]}},"uagb_featured_image_src":{"full":["https:\/\/lamostradevalencia.com\/wp-content\/uploads\/2022\/10\/vera-dreams-photocall.jpg",713,797,false],"thumbnail":["https:\/\/lamostradevalencia.com\/wp-content\/uploads\/2022\/10\/vera-dreams-photocall-150x150.jpg",150,150,true],"medium":["https:\/\/lamostradevalencia.com\/wp-content\/uploads\/2022\/10\/vera-dreams-photocall-268x300.jpg",268,300,true],"medium_large":["https:\/\/lamostradevalencia.com\/wp-content\/uploads\/2022\/10\/vera-dreams-photocall.jpg",713,797,false],"large":["https:\/\/lamostradevalencia.com\/wp-content\/uploads\/2022\/10\/vera-dreams-photocall.jpg",713,797,false],"1536x1536":["https:\/\/lamostradevalencia.com\/wp-content\/uploads\/2022\/10\/vera-dreams-photocall.jpg",713,797,false],"2048x2048":["https:\/\/lamostradevalencia.com\/wp-content\/uploads\/2022\/10\/vera-dreams-photocall.jpg",713,797,false],"cinerama_edge_image_square":["https:\/\/lamostradevalencia.com\/wp-content\/uploads\/2022\/10\/vera-dreams-photocall-550x550.jpg",550,550,true],"cinerama_edge_image_landscape":["https:\/\/lamostradevalencia.com\/wp-content\/uploads\/2022\/10\/vera-dreams-photocall-713x550.jpg",713,550,true],"cinerama_edge_image_portrait":["https:\/\/lamostradevalencia.com\/wp-content\/uploads\/2022\/10\/vera-dreams-photocall-550x797.jpg",550,797,true],"cinerama_edge_image_huge":["https:\/\/lamostradevalencia.com\/wp-content\/uploads\/2022\/10\/vera-dreams-photocall.jpg",713,797,false],"gform-image-choice-sm":["https:\/\/lamostradevalencia.com\/wp-content\/uploads\/2022\/10\/vera-dreams-photocall.jpg",268,300,false],"gform-image-choice-md":["https:\/\/lamostradevalencia.com\/wp-content\/uploads\/2022\/10\/vera-dreams-photocall.jpg",358,400,false],"gform-image-choice-lg":["https:\/\/lamostradevalencia.com\/wp-content\/uploads\/2022\/10\/vera-dreams-photocall.jpg",537,600,false]},"uagb_author_info":{"display_name":"Mostra de Val\u00e8ncia","author_link":"https:\/\/lamostradevalencia.com\/ca\/author\/mostravalencia\/"},"uagb_comment_info":0,"uagb_excerpt":"Estrenada al Festival de Ven\u00e8cia, la cinta \u00e9s el primer llarg de la realitzadora, que t\u00e9 com a protagonista una dona de 60 anys, una [&hellip;]","_links":{"self":[{"href":"https:\/\/lamostradevalencia.com\/ca\/wp-json\/wp\/v2\/posts\/17282","targetHints":{"allow":["GET"]}}],"collection":[{"href":"https:\/\/lamostradevalencia.com\/ca\/wp-json\/wp\/v2\/posts"}],"about":[{"href":"https:\/\/lamostradevalencia.com\/ca\/wp-json\/wp\/v2\/types\/post"}],"author":[{"embeddable":true,"href":"https:\/\/lamostradevalencia.com\/ca\/wp-json\/wp\/v2\/users\/1"}],"replies":[{"embeddable":true,"href":"https:\/\/lamostradevalencia.com\/ca\/wp-json\/wp\/v2\/comments?post=17282"}],"version-history":[{"count":6,"href":"https:\/\/lamostradevalencia.com\/ca\/wp-json\/wp\/v2\/posts\/17282\/revisions"}],"predecessor-version":[{"id":17298,"href":"https:\/\/lamostradevalencia.com\/ca\/wp-json\/wp\/v2\/posts\/17282\/revisions\/17298"}],"wp:featuredmedia":[{"embeddable":true,"href":"https:\/\/lamostradevalencia.com\/ca\/wp-json\/wp\/v2\/media\/17283"}],"wp:attachment":[{"href":"https:\/\/lamostradevalencia.com\/ca\/wp-json\/wp\/v2\/media?parent=17282"}],"wp:term":[{"taxonomy":"category","embeddable":true,"href":"https:\/\/lamostradevalencia.com\/ca\/wp-json\/wp\/v2\/categories?post=17282"},{"taxonomy":"post_tag","embeddable":true,"href":"https:\/\/lamostradevalencia.com\/ca\/wp-json\/wp\/v2\/tags?post=17282"}],"curies":[{"name":"wp","href":"https:\/\/api.w.org\/{rel}","templated":true}]}}