{"id":17279,"date":"2022-10-21T20:09:47","date_gmt":"2022-10-21T18:09:47","guid":{"rendered":"https:\/\/lamostradevalencia.com\/?p=17279"},"modified":"2022-10-21T21:19:47","modified_gmt":"2022-10-21T19:19:47","slug":"moja-vesna-un-punxant-relat-sobre-la-perdua-segona-pel%c2%b7licula-a-competicio-de-la-mostra-de-valencia","status":"publish","type":"post","link":"https:\/\/lamostradevalencia.com\/ca\/moja-vesna-un-punxant-relat-sobre-la-perdua-segona-pel%c2%b7licula-a-competicio-de-la-mostra-de-valencia\/","title":{"rendered":"\u2018Moja Vesna\u2019: un punxant relat sobre la p\u00e8rdua, segona pel\u00b7l\u00edcula a competici\u00f3 de La Mostra de Val\u00e8ncia"},"content":{"rendered":"<p>GREGOR BAKOVIC, SU PROTAGONISTA, PRESENTA EN EL FESTIVAL EL DEBUT EN EL LARGOMETRAJE DE SARA KERN, QUE FORMA PARTE DE LA NUEVA OLA DE DIRECTORAS ESLOVENAS<\/p>\n<div class=\"edgtf-post-text-main\">\n<p>La Mostra de Val\u00e8ncia ha rebut este mat\u00ed als cines Babel la segona pel\u00b7l\u00edcula a competici\u00f3: \u2018Moja Vesna\u2019, amb la qual la directora eslovena Sara Kern s&#8217;acosta al duel des de la perspectiva d&#8217;una xiqueta. L&#8217;actor iugoslau\u00a0<strong>Gregor Bakovic,<\/strong>\u00a0un dels protagonistes de la cinta, ha presentat este mat\u00ed la pel\u00b7l\u00edcula.<\/p>\n<p>Despr\u00e9s del seu sensacional curtmetratge \u2018Good Luck Orlo!\u2019, presentat a Ven\u00e8cia en 2016, el primer llarg de Sara Kern \u00e9s un\u00a0<strong>punxant relat sobre la p\u00e8rdua i duel narrat des de la perspectiva d&#8217;una xiqueta<\/strong>. Moja, de deu anys, interpretada per Loti Kova\u010di\u010d, tracta a la seua manera de reconstruir la seua vida despr\u00e9s de la mort de la seua mare i el buit que ha deixat en tota la fam\u00edlia mentre la seua germana major, Vesna, es bolca per complet en\u00a0<strong>els concursos de poesia<\/strong>. Moja es converteix en la inesperada adulta de la seua fragmentada fam\u00edlia, tractant d&#8217;unir a la seua problem\u00e0tica germana major Vesna i al seu pare.<\/p>\n<p>Gregor Bakovic, conegut per pel\u00b7l\u00edcules com \u2018Sweet dreams\u2019 o \u2018Gone with the train\u2019, ha explicat en roda de premsa la seua experi\u00e8ncia com a actor en esta pel\u00b7l\u00edcula. Per a treballar el seu paper de pare distant i abatut va rec\u00f3rrer als seus \u201dpropis dolors interns per a transmetre&#8217;ls al seu personatge\u201d. Treballar amb Sara, ha sigut una \u201cmolt bona experi\u00e8ncia ja que\u00a0<strong>\u00e9s una directora que deixa molta llibertat als actors\u00a0<\/strong>i treballa molt amb la improvisaci\u00f3, a vegades, fins i tot massa. Es mostra molt oberta i receptiva a tot all\u00f2 que puguem aportar\u201d.<\/p>\n<p>El particular estil narratiu de Kern deixa moltes de les seq\u00fc\u00e8ncies de la seua pel\u00b7l\u00edcula amb punts suspensius: \u201cA Sara li agrada que siga l&#8217;espectador qui interprete i done significat final a moltes de les seues escenes, li agrada deixar oberta el suggeriment\u201d.<\/p>\n<p>La pel\u00b7l\u00edcula,\u00a0<strong>una coproducci\u00f3 entre Eslov\u00e8nia i Austr\u00e0lia<\/strong>, t\u00e9 un enfocament visual ideat per a donar major llibertat als actors: \u201cOptem per fer tot amb\u00a0<strong>una c\u00e0mera de m\u00e0<\/strong>\u00a0perqu\u00e8 no vol\u00edem limitar als actors amb aspectes t\u00e8cnics. Triem el format 4:3 perqu\u00e8 \u00e9s perfecte per a gravar cares i ofereix el nivell d&#8217;intimitat que vol\u00edem retratar a la casa\u201d. A m\u00e9s, \u201ccom a migrant a Austr\u00e0lia, veiem el nostre nou pa\u00eds amb altres ulls. M&#8217;interessava ficar eixes enormes platges i la for\u00e7a de l&#8217;oce\u00e0 en aquest format, per a mostrar-los de la mateixa manera en qu\u00e8 el veu la fam\u00edlia\u201d.<\/p>\n<p>Sara Kern (1989) \u00e9s una escriptora i directora nascuda a Eslov\u00e8nia i establida a Melbourne, Austr\u00e0lia. Es va graduar en direcci\u00f3 cinematogr\u00e0fica en l&#8217;Acad\u00e8mia de Teatre, Cinema, R\u00e0dio i Televisi\u00f3 de la Universitat de Ljubljana en 2013. Kern va treballar com a guionista pel Programa per a Xiquets i Joves de la Televisi\u00f3 Nacional d&#8217;Eslov\u00e8nia durant diversos anys abans de mudar-se a Austr\u00e0lia. El seu curt \u2018Good Luck Orlo\u2019, estrenat a Ven\u00e8cia es va projectar en TIFF, Chicago IFF i Seattle IFF. Kern va ser seleccionada en Cin\u00e9fondation Residence de Cannes (2018), on va desenvolupar el seu primer llargmetratge, \u2018Moja Vesna\u2019.<\/p>\n<p>La 37a edici\u00f3 del festival compta amb la col\u00b7laboraci\u00f3 de l\u2019Institut Valenci\u00e0 de Cultura (IVC), Rambleta, Val\u00e8ncia Film Office, Barreira Arte + Dise\u00f1o i \u00c0 Punt M\u00e8dia com a mitj\u00e0 oficial.<\/p>\n<p><strong>Pr\u00f2ximes projeccions de \u2018Moja\u00a0 Vesna\u2019 dem\u00e0 dissabte 22 a les 16:00h i el dilluns 24 a les 20:00h als cine Babel<\/strong><\/p>\n<\/div>\n<div class=\"edgtf-post-info-bottom clearfix\">\n<div class=\"edgtf-post-info-bottom-left\"><\/div>\n<\/div>\n","protected":false},"excerpt":{"rendered":"<p>GREGOR BAKOVIC, SU PROTAGONISTA, PRESENTA EN EL FESTIVAL EL DEBUT EN EL LARGOMETRAJE DE SARA KERN, QUE FORMA PARTE DE LA NUEVA OLA DE DIRECTORAS [&hellip;]<\/p>\n","protected":false},"author":1,"featured_media":17275,"comment_status":"open","ping_status":"open","sticky":false,"template":"","format":"standard","meta":{"_uag_custom_page_level_css":"","_jet_sm_ready_style":"","_jet_sm_style":"","_jet_sm_controls_values":"","_jet_sm_fonts_collection":"","_jet_sm_fonts_links":"","footnotes":""},"categories":[455],"tags":[],"class_list":["post-17279","post","type-post","status-publish","format-standard","has-post-thumbnail","hentry","category-noticies"],"yoast_head":"<!-- This site is optimized with the Yoast SEO plugin v27.5 - https:\/\/yoast.com\/product\/yoast-seo-wordpress\/ -->\n<title>\u2018Moja Vesna\u2019: un punxant relat sobre la p\u00e8rdua, segona pel\u00b7l\u00edcula a competici\u00f3 de La Mostra de Val\u00e8ncia - Mostra de Val\u00e8ncia<\/title>\n<meta name=\"robots\" content=\"index, follow, max-snippet:-1, max-image-preview:large, max-video-preview:-1\" \/>\n<link rel=\"canonical\" href=\"https:\/\/lamostradevalencia.com\/ca\/moja-vesna-un-punxant-relat-sobre-la-perdua-segona-pel%c2%b7licula-a-competicio-de-la-mostra-de-valencia\/\" \/>\n<meta property=\"og:locale\" content=\"ca_ES\" \/>\n<meta property=\"og:type\" content=\"article\" \/>\n<meta property=\"og:title\" content=\"\u2018Moja Vesna\u2019: un punxant relat sobre la p\u00e8rdua, segona pel\u00b7l\u00edcula a competici\u00f3 de La Mostra de Val\u00e8ncia - Mostra de Val\u00e8ncia\" \/>\n<meta property=\"og:description\" content=\"GREGOR BAKOVIC, SU PROTAGONISTA, PRESENTA EN EL FESTIVAL EL DEBUT EN EL LARGOMETRAJE DE SARA KERN, QUE FORMA PARTE DE LA NUEVA OLA DE DIRECTORAS [&hellip;]\" \/>\n<meta property=\"og:url\" content=\"https:\/\/lamostradevalencia.com\/ca\/moja-vesna-un-punxant-relat-sobre-la-perdua-segona-pel%c2%b7licula-a-competicio-de-la-mostra-de-valencia\/\" \/>\n<meta property=\"og:site_name\" content=\"Mostra de Val\u00e8ncia\" \/>\n<meta property=\"article:published_time\" content=\"2022-10-21T18:09:47+00:00\" \/>\n<meta property=\"article:modified_time\" content=\"2022-10-21T19:19:47+00:00\" \/>\n<meta property=\"og:image\" content=\"https:\/\/lamostradevalencia.com\/wp-content\/uploads\/2022\/10\/moja-vesna-photocall.jpg\" \/>\n\t<meta property=\"og:image:width\" content=\"834\" \/>\n\t<meta property=\"og:image:height\" content=\"1002\" \/>\n\t<meta property=\"og:image:type\" content=\"image\/jpeg\" \/>\n<meta name=\"author\" content=\"Mostra de Val\u00e8ncia\" \/>\n<meta name=\"twitter:card\" content=\"summary_large_image\" \/>\n<meta name=\"twitter:label1\" content=\"Escrit per\" \/>\n\t<meta name=\"twitter:data1\" content=\"Mostra de Val\u00e8ncia\" \/>\n\t<meta name=\"twitter:label2\" content=\"Temps estimat de lectura\" \/>\n\t<meta name=\"twitter:data2\" content=\"3 minuts\" \/>\n<script type=\"application\/ld+json\" class=\"yoast-schema-graph\">{\"@context\":\"https:\\\/\\\/schema.org\",\"@graph\":[{\"@type\":\"Article\",\"@id\":\"https:\\\/\\\/lamostradevalencia.com\\\/ca\\\/moja-vesna-un-punxant-relat-sobre-la-perdua-segona-pel%c2%b7licula-a-competicio-de-la-mostra-de-valencia\\\/#article\",\"isPartOf\":{\"@id\":\"https:\\\/\\\/lamostradevalencia.com\\\/ca\\\/moja-vesna-un-punxant-relat-sobre-la-perdua-segona-pel%c2%b7licula-a-competicio-de-la-mostra-de-valencia\\\/\"},\"author\":{\"name\":\"Mostra de Val\u00e8ncia\",\"@id\":\"https:\\\/\\\/lamostradevalencia.com\\\/ca\\\/#\\\/schema\\\/person\\\/1dc07e4df3d6310b81d2cdf6a034070c\"},\"headline\":\"\u2018Moja Vesna\u2019: un punxant relat sobre la p\u00e8rdua, segona pel\u00b7l\u00edcula a competici\u00f3 de La Mostra de Val\u00e8ncia\",\"datePublished\":\"2022-10-21T18:09:47+00:00\",\"dateModified\":\"2022-10-21T19:19:47+00:00\",\"mainEntityOfPage\":{\"@id\":\"https:\\\/\\\/lamostradevalencia.com\\\/ca\\\/moja-vesna-un-punxant-relat-sobre-la-perdua-segona-pel%c2%b7licula-a-competicio-de-la-mostra-de-valencia\\\/\"},\"wordCount\":656,\"commentCount\":0,\"image\":{\"@id\":\"https:\\\/\\\/lamostradevalencia.com\\\/ca\\\/moja-vesna-un-punxant-relat-sobre-la-perdua-segona-pel%c2%b7licula-a-competicio-de-la-mostra-de-valencia\\\/#primaryimage\"},\"thumbnailUrl\":\"https:\\\/\\\/lamostradevalencia.com\\\/wp-content\\\/uploads\\\/2022\\\/10\\\/moja-vesna-photocall.jpg\",\"articleSection\":[\"Noticies\"],\"inLanguage\":\"ca\",\"potentialAction\":[{\"@type\":\"CommentAction\",\"name\":\"Comment\",\"target\":[\"https:\\\/\\\/lamostradevalencia.com\\\/ca\\\/moja-vesna-un-punxant-relat-sobre-la-perdua-segona-pel%c2%b7licula-a-competicio-de-la-mostra-de-valencia\\\/#respond\"]}]},{\"@type\":\"WebPage\",\"@id\":\"https:\\\/\\\/lamostradevalencia.com\\\/ca\\\/moja-vesna-un-punxant-relat-sobre-la-perdua-segona-pel%c2%b7licula-a-competicio-de-la-mostra-de-valencia\\\/\",\"url\":\"https:\\\/\\\/lamostradevalencia.com\\\/ca\\\/moja-vesna-un-punxant-relat-sobre-la-perdua-segona-pel%c2%b7licula-a-competicio-de-la-mostra-de-valencia\\\/\",\"name\":\"\u2018Moja Vesna\u2019: un punxant relat sobre la p\u00e8rdua, segona pel\u00b7l\u00edcula a competici\u00f3 de La Mostra de Val\u00e8ncia - Mostra de Val\u00e8ncia\",\"isPartOf\":{\"@id\":\"https:\\\/\\\/lamostradevalencia.com\\\/ca\\\/#website\"},\"primaryImageOfPage\":{\"@id\":\"https:\\\/\\\/lamostradevalencia.com\\\/ca\\\/moja-vesna-un-punxant-relat-sobre-la-perdua-segona-pel%c2%b7licula-a-competicio-de-la-mostra-de-valencia\\\/#primaryimage\"},\"image\":{\"@id\":\"https:\\\/\\\/lamostradevalencia.com\\\/ca\\\/moja-vesna-un-punxant-relat-sobre-la-perdua-segona-pel%c2%b7licula-a-competicio-de-la-mostra-de-valencia\\\/#primaryimage\"},\"thumbnailUrl\":\"https:\\\/\\\/lamostradevalencia.com\\\/wp-content\\\/uploads\\\/2022\\\/10\\\/moja-vesna-photocall.jpg\",\"datePublished\":\"2022-10-21T18:09:47+00:00\",\"dateModified\":\"2022-10-21T19:19:47+00:00\",\"author\":{\"@id\":\"https:\\\/\\\/lamostradevalencia.com\\\/ca\\\/#\\\/schema\\\/person\\\/1dc07e4df3d6310b81d2cdf6a034070c\"},\"breadcrumb\":{\"@id\":\"https:\\\/\\\/lamostradevalencia.com\\\/ca\\\/moja-vesna-un-punxant-relat-sobre-la-perdua-segona-pel%c2%b7licula-a-competicio-de-la-mostra-de-valencia\\\/#breadcrumb\"},\"inLanguage\":\"ca\",\"potentialAction\":[{\"@type\":\"ReadAction\",\"target\":[\"https:\\\/\\\/lamostradevalencia.com\\\/ca\\\/moja-vesna-un-punxant-relat-sobre-la-perdua-segona-pel%c2%b7licula-a-competicio-de-la-mostra-de-valencia\\\/\"]}]},{\"@type\":\"ImageObject\",\"inLanguage\":\"ca\",\"@id\":\"https:\\\/\\\/lamostradevalencia.com\\\/ca\\\/moja-vesna-un-punxant-relat-sobre-la-perdua-segona-pel%c2%b7licula-a-competicio-de-la-mostra-de-valencia\\\/#primaryimage\",\"url\":\"https:\\\/\\\/lamostradevalencia.com\\\/wp-content\\\/uploads\\\/2022\\\/10\\\/moja-vesna-photocall.jpg\",\"contentUrl\":\"https:\\\/\\\/lamostradevalencia.com\\\/wp-content\\\/uploads\\\/2022\\\/10\\\/moja-vesna-photocall.jpg\",\"width\":834,\"height\":1002},{\"@type\":\"BreadcrumbList\",\"@id\":\"https:\\\/\\\/lamostradevalencia.com\\\/ca\\\/moja-vesna-un-punxant-relat-sobre-la-perdua-segona-pel%c2%b7licula-a-competicio-de-la-mostra-de-valencia\\\/#breadcrumb\",\"itemListElement\":[{\"@type\":\"ListItem\",\"position\":1,\"name\":\"Portada\",\"item\":\"https:\\\/\\\/lamostradevalencia.com\\\/ca\\\/\"},{\"@type\":\"ListItem\",\"position\":2,\"name\":\"\u2018Moja Vesna\u2019: un punxant relat sobre la p\u00e8rdua, segona pel\u00b7l\u00edcula a competici\u00f3 de La Mostra de Val\u00e8ncia\"}]},{\"@type\":\"WebSite\",\"@id\":\"https:\\\/\\\/lamostradevalencia.com\\\/ca\\\/#website\",\"url\":\"https:\\\/\\\/lamostradevalencia.com\\\/ca\\\/\",\"name\":\"Mostra de Val\u00e8ncia\",\"description\":\"Cinema del Mediterrani\",\"potentialAction\":[{\"@type\":\"SearchAction\",\"target\":{\"@type\":\"EntryPoint\",\"urlTemplate\":\"https:\\\/\\\/lamostradevalencia.com\\\/ca\\\/?s={search_term_string}\"},\"query-input\":{\"@type\":\"PropertyValueSpecification\",\"valueRequired\":true,\"valueName\":\"search_term_string\"}}],\"inLanguage\":\"ca\"},{\"@type\":\"Person\",\"@id\":\"https:\\\/\\\/lamostradevalencia.com\\\/ca\\\/#\\\/schema\\\/person\\\/1dc07e4df3d6310b81d2cdf6a034070c\",\"name\":\"Mostra de Val\u00e8ncia\",\"image\":{\"@type\":\"ImageObject\",\"inLanguage\":\"ca\",\"@id\":\"https:\\\/\\\/secure.gravatar.com\\\/avatar\\\/ada4dfd699a9907706987adb1bb2b361c2613ccca474b49b8c648de5208e32f8?s=96&d=mm&r=g\",\"url\":\"https:\\\/\\\/secure.gravatar.com\\\/avatar\\\/ada4dfd699a9907706987adb1bb2b361c2613ccca474b49b8c648de5208e32f8?s=96&d=mm&r=g\",\"contentUrl\":\"https:\\\/\\\/secure.gravatar.com\\\/avatar\\\/ada4dfd699a9907706987adb1bb2b361c2613ccca474b49b8c648de5208e32f8?s=96&d=mm&r=g\",\"caption\":\"Mostra de Val\u00e8ncia\"}}]}<\/script>\n<!-- \/ Yoast SEO plugin. -->","yoast_head_json":{"title":"\u2018Moja Vesna\u2019: un punxant relat sobre la p\u00e8rdua, segona pel\u00b7l\u00edcula a competici\u00f3 de La Mostra de Val\u00e8ncia - Mostra de Val\u00e8ncia","robots":{"index":"index","follow":"follow","max-snippet":"max-snippet:-1","max-image-preview":"max-image-preview:large","max-video-preview":"max-video-preview:-1"},"canonical":"https:\/\/lamostradevalencia.com\/ca\/moja-vesna-un-punxant-relat-sobre-la-perdua-segona-pel%c2%b7licula-a-competicio-de-la-mostra-de-valencia\/","og_locale":"ca_ES","og_type":"article","og_title":"\u2018Moja Vesna\u2019: un punxant relat sobre la p\u00e8rdua, segona pel\u00b7l\u00edcula a competici\u00f3 de La Mostra de Val\u00e8ncia - Mostra de Val\u00e8ncia","og_description":"GREGOR BAKOVIC, SU PROTAGONISTA, PRESENTA EN EL FESTIVAL EL DEBUT EN EL LARGOMETRAJE DE SARA KERN, QUE FORMA PARTE DE LA NUEVA OLA DE DIRECTORAS [&hellip;]","og_url":"https:\/\/lamostradevalencia.com\/ca\/moja-vesna-un-punxant-relat-sobre-la-perdua-segona-pel%c2%b7licula-a-competicio-de-la-mostra-de-valencia\/","og_site_name":"Mostra de Val\u00e8ncia","article_published_time":"2022-10-21T18:09:47+00:00","article_modified_time":"2022-10-21T19:19:47+00:00","og_image":[{"width":834,"height":1002,"url":"https:\/\/lamostradevalencia.com\/wp-content\/uploads\/2022\/10\/moja-vesna-photocall.jpg","type":"image\/jpeg"}],"author":"Mostra de Val\u00e8ncia","twitter_card":"summary_large_image","twitter_misc":{"Escrit per":"Mostra de Val\u00e8ncia","Temps estimat de lectura":"3 minuts"},"schema":{"@context":"https:\/\/schema.org","@graph":[{"@type":"Article","@id":"https:\/\/lamostradevalencia.com\/ca\/moja-vesna-un-punxant-relat-sobre-la-perdua-segona-pel%c2%b7licula-a-competicio-de-la-mostra-de-valencia\/#article","isPartOf":{"@id":"https:\/\/lamostradevalencia.com\/ca\/moja-vesna-un-punxant-relat-sobre-la-perdua-segona-pel%c2%b7licula-a-competicio-de-la-mostra-de-valencia\/"},"author":{"name":"Mostra de Val\u00e8ncia","@id":"https:\/\/lamostradevalencia.com\/ca\/#\/schema\/person\/1dc07e4df3d6310b81d2cdf6a034070c"},"headline":"\u2018Moja Vesna\u2019: un punxant relat sobre la p\u00e8rdua, segona pel\u00b7l\u00edcula a competici\u00f3 de La Mostra de Val\u00e8ncia","datePublished":"2022-10-21T18:09:47+00:00","dateModified":"2022-10-21T19:19:47+00:00","mainEntityOfPage":{"@id":"https:\/\/lamostradevalencia.com\/ca\/moja-vesna-un-punxant-relat-sobre-la-perdua-segona-pel%c2%b7licula-a-competicio-de-la-mostra-de-valencia\/"},"wordCount":656,"commentCount":0,"image":{"@id":"https:\/\/lamostradevalencia.com\/ca\/moja-vesna-un-punxant-relat-sobre-la-perdua-segona-pel%c2%b7licula-a-competicio-de-la-mostra-de-valencia\/#primaryimage"},"thumbnailUrl":"https:\/\/lamostradevalencia.com\/wp-content\/uploads\/2022\/10\/moja-vesna-photocall.jpg","articleSection":["Noticies"],"inLanguage":"ca","potentialAction":[{"@type":"CommentAction","name":"Comment","target":["https:\/\/lamostradevalencia.com\/ca\/moja-vesna-un-punxant-relat-sobre-la-perdua-segona-pel%c2%b7licula-a-competicio-de-la-mostra-de-valencia\/#respond"]}]},{"@type":"WebPage","@id":"https:\/\/lamostradevalencia.com\/ca\/moja-vesna-un-punxant-relat-sobre-la-perdua-segona-pel%c2%b7licula-a-competicio-de-la-mostra-de-valencia\/","url":"https:\/\/lamostradevalencia.com\/ca\/moja-vesna-un-punxant-relat-sobre-la-perdua-segona-pel%c2%b7licula-a-competicio-de-la-mostra-de-valencia\/","name":"\u2018Moja Vesna\u2019: un punxant relat sobre la p\u00e8rdua, segona pel\u00b7l\u00edcula a competici\u00f3 de La Mostra de Val\u00e8ncia - Mostra de Val\u00e8ncia","isPartOf":{"@id":"https:\/\/lamostradevalencia.com\/ca\/#website"},"primaryImageOfPage":{"@id":"https:\/\/lamostradevalencia.com\/ca\/moja-vesna-un-punxant-relat-sobre-la-perdua-segona-pel%c2%b7licula-a-competicio-de-la-mostra-de-valencia\/#primaryimage"},"image":{"@id":"https:\/\/lamostradevalencia.com\/ca\/moja-vesna-un-punxant-relat-sobre-la-perdua-segona-pel%c2%b7licula-a-competicio-de-la-mostra-de-valencia\/#primaryimage"},"thumbnailUrl":"https:\/\/lamostradevalencia.com\/wp-content\/uploads\/2022\/10\/moja-vesna-photocall.jpg","datePublished":"2022-10-21T18:09:47+00:00","dateModified":"2022-10-21T19:19:47+00:00","author":{"@id":"https:\/\/lamostradevalencia.com\/ca\/#\/schema\/person\/1dc07e4df3d6310b81d2cdf6a034070c"},"breadcrumb":{"@id":"https:\/\/lamostradevalencia.com\/ca\/moja-vesna-un-punxant-relat-sobre-la-perdua-segona-pel%c2%b7licula-a-competicio-de-la-mostra-de-valencia\/#breadcrumb"},"inLanguage":"ca","potentialAction":[{"@type":"ReadAction","target":["https:\/\/lamostradevalencia.com\/ca\/moja-vesna-un-punxant-relat-sobre-la-perdua-segona-pel%c2%b7licula-a-competicio-de-la-mostra-de-valencia\/"]}]},{"@type":"ImageObject","inLanguage":"ca","@id":"https:\/\/lamostradevalencia.com\/ca\/moja-vesna-un-punxant-relat-sobre-la-perdua-segona-pel%c2%b7licula-a-competicio-de-la-mostra-de-valencia\/#primaryimage","url":"https:\/\/lamostradevalencia.com\/wp-content\/uploads\/2022\/10\/moja-vesna-photocall.jpg","contentUrl":"https:\/\/lamostradevalencia.com\/wp-content\/uploads\/2022\/10\/moja-vesna-photocall.jpg","width":834,"height":1002},{"@type":"BreadcrumbList","@id":"https:\/\/lamostradevalencia.com\/ca\/moja-vesna-un-punxant-relat-sobre-la-perdua-segona-pel%c2%b7licula-a-competicio-de-la-mostra-de-valencia\/#breadcrumb","itemListElement":[{"@type":"ListItem","position":1,"name":"Portada","item":"https:\/\/lamostradevalencia.com\/ca\/"},{"@type":"ListItem","position":2,"name":"\u2018Moja Vesna\u2019: un punxant relat sobre la p\u00e8rdua, segona pel\u00b7l\u00edcula a competici\u00f3 de La Mostra de Val\u00e8ncia"}]},{"@type":"WebSite","@id":"https:\/\/lamostradevalencia.com\/ca\/#website","url":"https:\/\/lamostradevalencia.com\/ca\/","name":"Mostra de Val\u00e8ncia","description":"Cinema del Mediterrani","potentialAction":[{"@type":"SearchAction","target":{"@type":"EntryPoint","urlTemplate":"https:\/\/lamostradevalencia.com\/ca\/?s={search_term_string}"},"query-input":{"@type":"PropertyValueSpecification","valueRequired":true,"valueName":"search_term_string"}}],"inLanguage":"ca"},{"@type":"Person","@id":"https:\/\/lamostradevalencia.com\/ca\/#\/schema\/person\/1dc07e4df3d6310b81d2cdf6a034070c","name":"Mostra de Val\u00e8ncia","image":{"@type":"ImageObject","inLanguage":"ca","@id":"https:\/\/secure.gravatar.com\/avatar\/ada4dfd699a9907706987adb1bb2b361c2613ccca474b49b8c648de5208e32f8?s=96&d=mm&r=g","url":"https:\/\/secure.gravatar.com\/avatar\/ada4dfd699a9907706987adb1bb2b361c2613ccca474b49b8c648de5208e32f8?s=96&d=mm&r=g","contentUrl":"https:\/\/secure.gravatar.com\/avatar\/ada4dfd699a9907706987adb1bb2b361c2613ccca474b49b8c648de5208e32f8?s=96&d=mm&r=g","caption":"Mostra de Val\u00e8ncia"}}]}},"uagb_featured_image_src":{"full":["https:\/\/lamostradevalencia.com\/wp-content\/uploads\/2022\/10\/moja-vesna-photocall.jpg",834,1002,false],"thumbnail":["https:\/\/lamostradevalencia.com\/wp-content\/uploads\/2022\/10\/moja-vesna-photocall-150x150.jpg",150,150,true],"medium":["https:\/\/lamostradevalencia.com\/wp-content\/uploads\/2022\/10\/moja-vesna-photocall-250x300.jpg",250,300,true],"medium_large":["https:\/\/lamostradevalencia.com\/wp-content\/uploads\/2022\/10\/moja-vesna-photocall-768x923.jpg",768,923,true],"large":["https:\/\/lamostradevalencia.com\/wp-content\/uploads\/2022\/10\/moja-vesna-photocall.jpg",834,1002,false],"1536x1536":["https:\/\/lamostradevalencia.com\/wp-content\/uploads\/2022\/10\/moja-vesna-photocall.jpg",834,1002,false],"2048x2048":["https:\/\/lamostradevalencia.com\/wp-content\/uploads\/2022\/10\/moja-vesna-photocall.jpg",834,1002,false],"cinerama_edge_image_square":["https:\/\/lamostradevalencia.com\/wp-content\/uploads\/2022\/10\/moja-vesna-photocall-550x550.jpg",550,550,true],"cinerama_edge_image_landscape":["https:\/\/lamostradevalencia.com\/wp-content\/uploads\/2022\/10\/moja-vesna-photocall-834x550.jpg",834,550,true],"cinerama_edge_image_portrait":["https:\/\/lamostradevalencia.com\/wp-content\/uploads\/2022\/10\/moja-vesna-photocall-550x1002.jpg",550,1002,true],"cinerama_edge_image_huge":["https:\/\/lamostradevalencia.com\/wp-content\/uploads\/2022\/10\/moja-vesna-photocall.jpg",834,1002,false],"gform-image-choice-sm":["https:\/\/lamostradevalencia.com\/wp-content\/uploads\/2022\/10\/moja-vesna-photocall.jpg",250,300,false],"gform-image-choice-md":["https:\/\/lamostradevalencia.com\/wp-content\/uploads\/2022\/10\/moja-vesna-photocall.jpg",333,400,false],"gform-image-choice-lg":["https:\/\/lamostradevalencia.com\/wp-content\/uploads\/2022\/10\/moja-vesna-photocall.jpg",499,600,false]},"uagb_author_info":{"display_name":"Mostra de Val\u00e8ncia","author_link":"https:\/\/lamostradevalencia.com\/ca\/author\/mostravalencia\/"},"uagb_comment_info":0,"uagb_excerpt":"GREGOR BAKOVIC, SU PROTAGONISTA, PRESENTA EN EL FESTIVAL EL DEBUT EN EL LARGOMETRAJE DE SARA KERN, QUE FORMA PARTE DE LA NUEVA OLA DE DIRECTORAS [&hellip;]","_links":{"self":[{"href":"https:\/\/lamostradevalencia.com\/ca\/wp-json\/wp\/v2\/posts\/17279","targetHints":{"allow":["GET"]}}],"collection":[{"href":"https:\/\/lamostradevalencia.com\/ca\/wp-json\/wp\/v2\/posts"}],"about":[{"href":"https:\/\/lamostradevalencia.com\/ca\/wp-json\/wp\/v2\/types\/post"}],"author":[{"embeddable":true,"href":"https:\/\/lamostradevalencia.com\/ca\/wp-json\/wp\/v2\/users\/1"}],"replies":[{"embeddable":true,"href":"https:\/\/lamostradevalencia.com\/ca\/wp-json\/wp\/v2\/comments?post=17279"}],"version-history":[{"count":2,"href":"https:\/\/lamostradevalencia.com\/ca\/wp-json\/wp\/v2\/posts\/17279\/revisions"}],"predecessor-version":[{"id":17281,"href":"https:\/\/lamostradevalencia.com\/ca\/wp-json\/wp\/v2\/posts\/17279\/revisions\/17281"}],"wp:featuredmedia":[{"embeddable":true,"href":"https:\/\/lamostradevalencia.com\/ca\/wp-json\/wp\/v2\/media\/17275"}],"wp:attachment":[{"href":"https:\/\/lamostradevalencia.com\/ca\/wp-json\/wp\/v2\/media?parent=17279"}],"wp:term":[{"taxonomy":"category","embeddable":true,"href":"https:\/\/lamostradevalencia.com\/ca\/wp-json\/wp\/v2\/categories?post=17279"},{"taxonomy":"post_tag","embeddable":true,"href":"https:\/\/lamostradevalencia.com\/ca\/wp-json\/wp\/v2\/tags?post=17279"}],"curies":[{"name":"wp","href":"https:\/\/api.w.org\/{rel}","templated":true}]}}