{"id":17270,"date":"2022-10-21T18:54:53","date_gmt":"2022-10-21T16:54:53","guid":{"rendered":"https:\/\/lamostradevalencia.com\/?p=17270"},"modified":"2022-10-21T18:56:04","modified_gmt":"2022-10-21T16:56:04","slug":"idan-haguel-espere-que-els-meus-veins-homosexuals-de-tel-aviv-es-prenguen-amb-sentit-de-lhumor-esta-satira-sobre-el-nostre-estil-de-vida","status":"publish","type":"post","link":"https:\/\/lamostradevalencia.com\/ca\/idan-haguel-espere-que-els-meus-veins-homosexuals-de-tel-aviv-es-prenguen-amb-sentit-de-lhumor-esta-satira-sobre-el-nostre-estil-de-vida\/","title":{"rendered":"Idan Haguel: &#8220;Espere que els meus ve\u00efns homosexuals de Tel Aviv es prenguen amb sentit de l&#8217;humor esta s\u00e0tira sobre el nostre estil de vida&#8221;"},"content":{"rendered":"<h5>El director de \u2018Concerned Citizen\u2019 visita la Mostra per a presentar este film a competici\u00f3, que enfronta a una parella d&#8217;homosexuals burgesos a un barri on va augmentant el nombre d&#8217;immigrants i refugiats<\/h5>\n<p>La tercera pel\u00b7l\u00edcula a competici\u00f3 en la Secci\u00f3 Oficial prov\u00e9 d&#8217;Israel. Els protagonistes s\u00f3n una\u00a0<strong>parella d&#8217;homosexuals<\/strong>\u00a0(interpretada per Shlomi Bertono y Ariel Wolf) acomodats i liberals de\u00a0<strong>Tel Aviv,<\/strong>\u00a0que veu com al barri on se situa el seu pis de disseny va augmentant el nombre d&#8217;habitants immigrants i refugiats. La pel\u00b7l\u00edcula comen\u00e7a quan un d&#8217;ells decideix plantar un arbre enfront de la seua casa en un escocell buit, la qual cosa desencadena una s\u00e8rie d&#8217;esdeveniments que no podria imaginar.<\/p>\n<p>El seu director,\u00a0<strong>Idan Haguel,<\/strong>\u00a0que visita la Mostra per a presentar el film, est\u00e0 desitjant con\u00e9ixer l&#8217;opini\u00f3 del p\u00fablic en la projecci\u00f3 que se celebrar\u00e0 dem\u00e0. Concep la pel\u00b7l\u00edcula com una s\u00e0tira contra si mateix i la que gent de la seua condici\u00f3 que viu en este barri. Preguntat sobre com creu que rebr\u00e0 la comunitat LGTB de la seua ciutat la pel\u00b7l\u00edcula assegura que &#8220;arribar\u00e0 als cines d&#8217;Israel a la fi d&#8217;enguany, per\u00f2 ja han pogut veure-la alguns en festivals i un altre tipus de passes. La reacci\u00f3 que he percebut ha sigut francament positiva. Espere que la gent homosexual de Tel Aviv siga capa\u00e7 de rebre-la com una\u00a0<strong>s\u00e0tira\u00a0<\/strong>a la seua forma de vida i siga capa\u00e7 de pensar en aix\u00f2 i rebre-la amb\u00a0<strong>sentit de l&#8217;humor&#8221;.<\/strong><\/p>\n<p>El film va comen\u00e7ar la seua carrera internacional en la\u00a0<strong>secci\u00f3 Panorama de la Berlinale<\/strong>. &#8220;Va ser al\u00b7lucinant i aclaparador veure en eixa pantalla gran una pel\u00b7l\u00edcula sobre el meu edifici i el meu barri&#8221;, recorda Haguel. A m\u00e9s del component migratori, el gui\u00f3 va tocant alguns t\u00f2pics del m\u00f3n gai blanc i occidental com l&#8217;obsessi\u00f3 pel cos atl\u00e8tic, les festes&#8230; i s&#8217;endinsa de ple en el debat de la\u00a0<strong>maternitat subrogada,<\/strong>\u00a0perqu\u00e8 un dels membres de la parella protagonista est\u00e0 obsessionat amb ser pare mitjan\u00e7ant esta f\u00f3rmula. &#8220;Tinc bastants conflictes morals sobre el tema com queda reflectit en la pel\u00b7l\u00edcula. Vaig investigar sobre aix\u00f2 i vaig entrevistar parelles que tenen xiquets a trav\u00e9s d&#8217;esta via. Molts dels meus amics homosexuals israelians s\u00f3n pares&#8221;.<\/p>\n<p>La pel\u00b7l\u00edcula no sols arribar\u00e0 als cines, sin\u00f3 que tamb\u00e9 podr\u00e0 veure&#8217;s en plataformes en tota Europa despr\u00e9s d&#8217;haver sigut adquirida per\u00a0<strong>HBO Max<\/strong>, la qual cosa sorpr\u00e9n encara m\u00e9s al director: &#8220;\u00d2bviament, un desitja el millor per a la seua pel\u00b7l\u00edcula, per\u00f2 el proc\u00e9s \u00e9s tan llarg, que durant els anys que dura oblides que algun dia ser\u00e0 vist pel p\u00fablic. Ja que est\u00e0s centrat nom\u00e9s en qu\u00e8 vaja endavant. Quan s&#8217;estrena i funciona, comences a recordar que formes part de la ind\u00fastria de l&#8217;entreteniment&#8221;, conclou.<\/p>\n<p>Les projeccions de la Mostra continuen als Cines Babel i a la Filmoteca, en esta 37a edici\u00f3 del festival, que compta amb la col\u00b7laboraci\u00f3 de l\u2019Institut Valenci\u00e0 de Cultura (IVC), Rambleta, Val\u00e8ncia Film Office, Barreira Arte + Dise\u00f1o i \u00c0 Punt M\u00e8dia com a mitj\u00e0 oficial.<\/p>\n<p><strong>Pr\u00f2xims passes de &#8216;Concerned Citizen&#8217;:<br \/>\nDissabte 22 a les 18:30h i dilluns 24 a les 16:00h<\/strong><\/p>\n","protected":false},"excerpt":{"rendered":"<p>El director de \u2018Concerned Citizen\u2019 visita la Mostra per a presentar este film a competici\u00f3, que enfronta a una parella d&#8217;homosexuals burgesos a un barri [&hellip;]<\/p>\n","protected":false},"author":1,"featured_media":17266,"comment_status":"open","ping_status":"open","sticky":false,"template":"","format":"standard","meta":{"_uag_custom_page_level_css":"","_jet_sm_ready_style":"","_jet_sm_style":"","_jet_sm_controls_values":"","_jet_sm_fonts_collection":"","_jet_sm_fonts_links":"","footnotes":""},"categories":[455],"tags":[],"class_list":["post-17270","post","type-post","status-publish","format-standard","has-post-thumbnail","hentry","category-noticies"],"yoast_head":"<!-- This site is optimized with the Yoast SEO plugin v27.5 - https:\/\/yoast.com\/product\/yoast-seo-wordpress\/ -->\n<title>Idan Haguel: &quot;Espere que els meus ve\u00efns homosexuals de Tel Aviv es prenguen amb sentit de l&#039;humor esta s\u00e0tira sobre el nostre estil de vida&quot; - Mostra de Val\u00e8ncia<\/title>\n<meta name=\"robots\" content=\"index, follow, max-snippet:-1, max-image-preview:large, max-video-preview:-1\" \/>\n<link rel=\"canonical\" href=\"https:\/\/lamostradevalencia.com\/ca\/idan-haguel-espere-que-els-meus-veins-homosexuals-de-tel-aviv-es-prenguen-amb-sentit-de-lhumor-esta-satira-sobre-el-nostre-estil-de-vida\/\" \/>\n<meta property=\"og:locale\" content=\"ca_ES\" \/>\n<meta property=\"og:type\" content=\"article\" \/>\n<meta property=\"og:title\" content=\"Idan Haguel: &quot;Espere que els meus ve\u00efns homosexuals de Tel Aviv es prenguen amb sentit de l&#039;humor esta s\u00e0tira sobre el nostre estil de vida&quot; - Mostra de Val\u00e8ncia\" \/>\n<meta property=\"og:description\" content=\"El director de \u2018Concerned Citizen\u2019 visita la Mostra per a presentar este film a competici\u00f3, que enfronta a una parella d&#8217;homosexuals burgesos a un barri [&hellip;]\" \/>\n<meta property=\"og:url\" content=\"https:\/\/lamostradevalencia.com\/ca\/idan-haguel-espere-que-els-meus-veins-homosexuals-de-tel-aviv-es-prenguen-amb-sentit-de-lhumor-esta-satira-sobre-el-nostre-estil-de-vida\/\" \/>\n<meta property=\"og:site_name\" content=\"Mostra de Val\u00e8ncia\" \/>\n<meta property=\"article:published_time\" content=\"2022-10-21T16:54:53+00:00\" \/>\n<meta property=\"article:modified_time\" content=\"2022-10-21T16:56:04+00:00\" \/>\n<meta property=\"og:image\" content=\"https:\/\/lamostradevalencia.com\/wp-content\/uploads\/2022\/10\/concerned-citizen-photocall.png\" \/>\n\t<meta property=\"og:image:width\" content=\"863\" \/>\n\t<meta property=\"og:image:height\" content=\"816\" \/>\n\t<meta property=\"og:image:type\" content=\"image\/png\" \/>\n<meta name=\"author\" content=\"Mostra de Val\u00e8ncia\" \/>\n<meta name=\"twitter:card\" content=\"summary_large_image\" \/>\n<meta name=\"twitter:label1\" content=\"Escrit per\" \/>\n\t<meta name=\"twitter:data1\" content=\"Mostra de Val\u00e8ncia\" \/>\n\t<meta name=\"twitter:label2\" content=\"Temps estimat de lectura\" \/>\n\t<meta name=\"twitter:data2\" content=\"3 minuts\" \/>\n<script type=\"application\/ld+json\" class=\"yoast-schema-graph\">{\"@context\":\"https:\\\/\\\/schema.org\",\"@graph\":[{\"@type\":\"Article\",\"@id\":\"https:\\\/\\\/lamostradevalencia.com\\\/ca\\\/idan-haguel-espere-que-els-meus-veins-homosexuals-de-tel-aviv-es-prenguen-amb-sentit-de-lhumor-esta-satira-sobre-el-nostre-estil-de-vida\\\/#article\",\"isPartOf\":{\"@id\":\"https:\\\/\\\/lamostradevalencia.com\\\/ca\\\/idan-haguel-espere-que-els-meus-veins-homosexuals-de-tel-aviv-es-prenguen-amb-sentit-de-lhumor-esta-satira-sobre-el-nostre-estil-de-vida\\\/\"},\"author\":{\"name\":\"Mostra de Val\u00e8ncia\",\"@id\":\"https:\\\/\\\/lamostradevalencia.com\\\/ca\\\/#\\\/schema\\\/person\\\/1dc07e4df3d6310b81d2cdf6a034070c\"},\"headline\":\"Idan Haguel: &#8220;Espere que els meus ve\u00efns homosexuals de Tel Aviv es prenguen amb sentit de l&#8217;humor esta s\u00e0tira sobre el nostre estil de vida&#8221;\",\"datePublished\":\"2022-10-21T16:54:53+00:00\",\"dateModified\":\"2022-10-21T16:56:04+00:00\",\"mainEntityOfPage\":{\"@id\":\"https:\\\/\\\/lamostradevalencia.com\\\/ca\\\/idan-haguel-espere-que-els-meus-veins-homosexuals-de-tel-aviv-es-prenguen-amb-sentit-de-lhumor-esta-satira-sobre-el-nostre-estil-de-vida\\\/\"},\"wordCount\":607,\"commentCount\":0,\"image\":{\"@id\":\"https:\\\/\\\/lamostradevalencia.com\\\/ca\\\/idan-haguel-espere-que-els-meus-veins-homosexuals-de-tel-aviv-es-prenguen-amb-sentit-de-lhumor-esta-satira-sobre-el-nostre-estil-de-vida\\\/#primaryimage\"},\"thumbnailUrl\":\"https:\\\/\\\/lamostradevalencia.com\\\/wp-content\\\/uploads\\\/2022\\\/10\\\/concerned-citizen-photocall.png\",\"articleSection\":[\"Noticies\"],\"inLanguage\":\"ca\",\"potentialAction\":[{\"@type\":\"CommentAction\",\"name\":\"Comment\",\"target\":[\"https:\\\/\\\/lamostradevalencia.com\\\/ca\\\/idan-haguel-espere-que-els-meus-veins-homosexuals-de-tel-aviv-es-prenguen-amb-sentit-de-lhumor-esta-satira-sobre-el-nostre-estil-de-vida\\\/#respond\"]}]},{\"@type\":\"WebPage\",\"@id\":\"https:\\\/\\\/lamostradevalencia.com\\\/ca\\\/idan-haguel-espere-que-els-meus-veins-homosexuals-de-tel-aviv-es-prenguen-amb-sentit-de-lhumor-esta-satira-sobre-el-nostre-estil-de-vida\\\/\",\"url\":\"https:\\\/\\\/lamostradevalencia.com\\\/ca\\\/idan-haguel-espere-que-els-meus-veins-homosexuals-de-tel-aviv-es-prenguen-amb-sentit-de-lhumor-esta-satira-sobre-el-nostre-estil-de-vida\\\/\",\"name\":\"Idan Haguel: \\\"Espere que els meus ve\u00efns homosexuals de Tel Aviv es prenguen amb sentit de l'humor esta s\u00e0tira sobre el nostre estil de vida\\\" - Mostra de Val\u00e8ncia\",\"isPartOf\":{\"@id\":\"https:\\\/\\\/lamostradevalencia.com\\\/ca\\\/#website\"},\"primaryImageOfPage\":{\"@id\":\"https:\\\/\\\/lamostradevalencia.com\\\/ca\\\/idan-haguel-espere-que-els-meus-veins-homosexuals-de-tel-aviv-es-prenguen-amb-sentit-de-lhumor-esta-satira-sobre-el-nostre-estil-de-vida\\\/#primaryimage\"},\"image\":{\"@id\":\"https:\\\/\\\/lamostradevalencia.com\\\/ca\\\/idan-haguel-espere-que-els-meus-veins-homosexuals-de-tel-aviv-es-prenguen-amb-sentit-de-lhumor-esta-satira-sobre-el-nostre-estil-de-vida\\\/#primaryimage\"},\"thumbnailUrl\":\"https:\\\/\\\/lamostradevalencia.com\\\/wp-content\\\/uploads\\\/2022\\\/10\\\/concerned-citizen-photocall.png\",\"datePublished\":\"2022-10-21T16:54:53+00:00\",\"dateModified\":\"2022-10-21T16:56:04+00:00\",\"author\":{\"@id\":\"https:\\\/\\\/lamostradevalencia.com\\\/ca\\\/#\\\/schema\\\/person\\\/1dc07e4df3d6310b81d2cdf6a034070c\"},\"breadcrumb\":{\"@id\":\"https:\\\/\\\/lamostradevalencia.com\\\/ca\\\/idan-haguel-espere-que-els-meus-veins-homosexuals-de-tel-aviv-es-prenguen-amb-sentit-de-lhumor-esta-satira-sobre-el-nostre-estil-de-vida\\\/#breadcrumb\"},\"inLanguage\":\"ca\",\"potentialAction\":[{\"@type\":\"ReadAction\",\"target\":[\"https:\\\/\\\/lamostradevalencia.com\\\/ca\\\/idan-haguel-espere-que-els-meus-veins-homosexuals-de-tel-aviv-es-prenguen-amb-sentit-de-lhumor-esta-satira-sobre-el-nostre-estil-de-vida\\\/\"]}]},{\"@type\":\"ImageObject\",\"inLanguage\":\"ca\",\"@id\":\"https:\\\/\\\/lamostradevalencia.com\\\/ca\\\/idan-haguel-espere-que-els-meus-veins-homosexuals-de-tel-aviv-es-prenguen-amb-sentit-de-lhumor-esta-satira-sobre-el-nostre-estil-de-vida\\\/#primaryimage\",\"url\":\"https:\\\/\\\/lamostradevalencia.com\\\/wp-content\\\/uploads\\\/2022\\\/10\\\/concerned-citizen-photocall.png\",\"contentUrl\":\"https:\\\/\\\/lamostradevalencia.com\\\/wp-content\\\/uploads\\\/2022\\\/10\\\/concerned-citizen-photocall.png\",\"width\":863,\"height\":816},{\"@type\":\"BreadcrumbList\",\"@id\":\"https:\\\/\\\/lamostradevalencia.com\\\/ca\\\/idan-haguel-espere-que-els-meus-veins-homosexuals-de-tel-aviv-es-prenguen-amb-sentit-de-lhumor-esta-satira-sobre-el-nostre-estil-de-vida\\\/#breadcrumb\",\"itemListElement\":[{\"@type\":\"ListItem\",\"position\":1,\"name\":\"Portada\",\"item\":\"https:\\\/\\\/lamostradevalencia.com\\\/ca\\\/\"},{\"@type\":\"ListItem\",\"position\":2,\"name\":\"Idan Haguel: \u00abEspere que els meus ve\u00efns homosexuals de Tel Aviv es prenguen amb sentit de l&#8217;humor esta s\u00e0tira sobre el nostre estil de vida\u00bb\"}]},{\"@type\":\"WebSite\",\"@id\":\"https:\\\/\\\/lamostradevalencia.com\\\/ca\\\/#website\",\"url\":\"https:\\\/\\\/lamostradevalencia.com\\\/ca\\\/\",\"name\":\"Mostra de Val\u00e8ncia\",\"description\":\"Cinema del Mediterrani\",\"potentialAction\":[{\"@type\":\"SearchAction\",\"target\":{\"@type\":\"EntryPoint\",\"urlTemplate\":\"https:\\\/\\\/lamostradevalencia.com\\\/ca\\\/?s={search_term_string}\"},\"query-input\":{\"@type\":\"PropertyValueSpecification\",\"valueRequired\":true,\"valueName\":\"search_term_string\"}}],\"inLanguage\":\"ca\"},{\"@type\":\"Person\",\"@id\":\"https:\\\/\\\/lamostradevalencia.com\\\/ca\\\/#\\\/schema\\\/person\\\/1dc07e4df3d6310b81d2cdf6a034070c\",\"name\":\"Mostra de Val\u00e8ncia\",\"image\":{\"@type\":\"ImageObject\",\"inLanguage\":\"ca\",\"@id\":\"https:\\\/\\\/secure.gravatar.com\\\/avatar\\\/ada4dfd699a9907706987adb1bb2b361c2613ccca474b49b8c648de5208e32f8?s=96&d=mm&r=g\",\"url\":\"https:\\\/\\\/secure.gravatar.com\\\/avatar\\\/ada4dfd699a9907706987adb1bb2b361c2613ccca474b49b8c648de5208e32f8?s=96&d=mm&r=g\",\"contentUrl\":\"https:\\\/\\\/secure.gravatar.com\\\/avatar\\\/ada4dfd699a9907706987adb1bb2b361c2613ccca474b49b8c648de5208e32f8?s=96&d=mm&r=g\",\"caption\":\"Mostra de Val\u00e8ncia\"}}]}<\/script>\n<!-- \/ Yoast SEO plugin. -->","yoast_head_json":{"title":"Idan Haguel: \"Espere que els meus ve\u00efns homosexuals de Tel Aviv es prenguen amb sentit de l'humor esta s\u00e0tira sobre el nostre estil de vida\" - Mostra de Val\u00e8ncia","robots":{"index":"index","follow":"follow","max-snippet":"max-snippet:-1","max-image-preview":"max-image-preview:large","max-video-preview":"max-video-preview:-1"},"canonical":"https:\/\/lamostradevalencia.com\/ca\/idan-haguel-espere-que-els-meus-veins-homosexuals-de-tel-aviv-es-prenguen-amb-sentit-de-lhumor-esta-satira-sobre-el-nostre-estil-de-vida\/","og_locale":"ca_ES","og_type":"article","og_title":"Idan Haguel: \"Espere que els meus ve\u00efns homosexuals de Tel Aviv es prenguen amb sentit de l'humor esta s\u00e0tira sobre el nostre estil de vida\" - Mostra de Val\u00e8ncia","og_description":"El director de \u2018Concerned Citizen\u2019 visita la Mostra per a presentar este film a competici\u00f3, que enfronta a una parella d&#8217;homosexuals burgesos a un barri [&hellip;]","og_url":"https:\/\/lamostradevalencia.com\/ca\/idan-haguel-espere-que-els-meus-veins-homosexuals-de-tel-aviv-es-prenguen-amb-sentit-de-lhumor-esta-satira-sobre-el-nostre-estil-de-vida\/","og_site_name":"Mostra de Val\u00e8ncia","article_published_time":"2022-10-21T16:54:53+00:00","article_modified_time":"2022-10-21T16:56:04+00:00","og_image":[{"width":863,"height":816,"url":"https:\/\/lamostradevalencia.com\/wp-content\/uploads\/2022\/10\/concerned-citizen-photocall.png","type":"image\/png"}],"author":"Mostra de Val\u00e8ncia","twitter_card":"summary_large_image","twitter_misc":{"Escrit per":"Mostra de Val\u00e8ncia","Temps estimat de lectura":"3 minuts"},"schema":{"@context":"https:\/\/schema.org","@graph":[{"@type":"Article","@id":"https:\/\/lamostradevalencia.com\/ca\/idan-haguel-espere-que-els-meus-veins-homosexuals-de-tel-aviv-es-prenguen-amb-sentit-de-lhumor-esta-satira-sobre-el-nostre-estil-de-vida\/#article","isPartOf":{"@id":"https:\/\/lamostradevalencia.com\/ca\/idan-haguel-espere-que-els-meus-veins-homosexuals-de-tel-aviv-es-prenguen-amb-sentit-de-lhumor-esta-satira-sobre-el-nostre-estil-de-vida\/"},"author":{"name":"Mostra de Val\u00e8ncia","@id":"https:\/\/lamostradevalencia.com\/ca\/#\/schema\/person\/1dc07e4df3d6310b81d2cdf6a034070c"},"headline":"Idan Haguel: &#8220;Espere que els meus ve\u00efns homosexuals de Tel Aviv es prenguen amb sentit de l&#8217;humor esta s\u00e0tira sobre el nostre estil de vida&#8221;","datePublished":"2022-10-21T16:54:53+00:00","dateModified":"2022-10-21T16:56:04+00:00","mainEntityOfPage":{"@id":"https:\/\/lamostradevalencia.com\/ca\/idan-haguel-espere-que-els-meus-veins-homosexuals-de-tel-aviv-es-prenguen-amb-sentit-de-lhumor-esta-satira-sobre-el-nostre-estil-de-vida\/"},"wordCount":607,"commentCount":0,"image":{"@id":"https:\/\/lamostradevalencia.com\/ca\/idan-haguel-espere-que-els-meus-veins-homosexuals-de-tel-aviv-es-prenguen-amb-sentit-de-lhumor-esta-satira-sobre-el-nostre-estil-de-vida\/#primaryimage"},"thumbnailUrl":"https:\/\/lamostradevalencia.com\/wp-content\/uploads\/2022\/10\/concerned-citizen-photocall.png","articleSection":["Noticies"],"inLanguage":"ca","potentialAction":[{"@type":"CommentAction","name":"Comment","target":["https:\/\/lamostradevalencia.com\/ca\/idan-haguel-espere-que-els-meus-veins-homosexuals-de-tel-aviv-es-prenguen-amb-sentit-de-lhumor-esta-satira-sobre-el-nostre-estil-de-vida\/#respond"]}]},{"@type":"WebPage","@id":"https:\/\/lamostradevalencia.com\/ca\/idan-haguel-espere-que-els-meus-veins-homosexuals-de-tel-aviv-es-prenguen-amb-sentit-de-lhumor-esta-satira-sobre-el-nostre-estil-de-vida\/","url":"https:\/\/lamostradevalencia.com\/ca\/idan-haguel-espere-que-els-meus-veins-homosexuals-de-tel-aviv-es-prenguen-amb-sentit-de-lhumor-esta-satira-sobre-el-nostre-estil-de-vida\/","name":"Idan Haguel: \"Espere que els meus ve\u00efns homosexuals de Tel Aviv es prenguen amb sentit de l'humor esta s\u00e0tira sobre el nostre estil de vida\" - Mostra de Val\u00e8ncia","isPartOf":{"@id":"https:\/\/lamostradevalencia.com\/ca\/#website"},"primaryImageOfPage":{"@id":"https:\/\/lamostradevalencia.com\/ca\/idan-haguel-espere-que-els-meus-veins-homosexuals-de-tel-aviv-es-prenguen-amb-sentit-de-lhumor-esta-satira-sobre-el-nostre-estil-de-vida\/#primaryimage"},"image":{"@id":"https:\/\/lamostradevalencia.com\/ca\/idan-haguel-espere-que-els-meus-veins-homosexuals-de-tel-aviv-es-prenguen-amb-sentit-de-lhumor-esta-satira-sobre-el-nostre-estil-de-vida\/#primaryimage"},"thumbnailUrl":"https:\/\/lamostradevalencia.com\/wp-content\/uploads\/2022\/10\/concerned-citizen-photocall.png","datePublished":"2022-10-21T16:54:53+00:00","dateModified":"2022-10-21T16:56:04+00:00","author":{"@id":"https:\/\/lamostradevalencia.com\/ca\/#\/schema\/person\/1dc07e4df3d6310b81d2cdf6a034070c"},"breadcrumb":{"@id":"https:\/\/lamostradevalencia.com\/ca\/idan-haguel-espere-que-els-meus-veins-homosexuals-de-tel-aviv-es-prenguen-amb-sentit-de-lhumor-esta-satira-sobre-el-nostre-estil-de-vida\/#breadcrumb"},"inLanguage":"ca","potentialAction":[{"@type":"ReadAction","target":["https:\/\/lamostradevalencia.com\/ca\/idan-haguel-espere-que-els-meus-veins-homosexuals-de-tel-aviv-es-prenguen-amb-sentit-de-lhumor-esta-satira-sobre-el-nostre-estil-de-vida\/"]}]},{"@type":"ImageObject","inLanguage":"ca","@id":"https:\/\/lamostradevalencia.com\/ca\/idan-haguel-espere-que-els-meus-veins-homosexuals-de-tel-aviv-es-prenguen-amb-sentit-de-lhumor-esta-satira-sobre-el-nostre-estil-de-vida\/#primaryimage","url":"https:\/\/lamostradevalencia.com\/wp-content\/uploads\/2022\/10\/concerned-citizen-photocall.png","contentUrl":"https:\/\/lamostradevalencia.com\/wp-content\/uploads\/2022\/10\/concerned-citizen-photocall.png","width":863,"height":816},{"@type":"BreadcrumbList","@id":"https:\/\/lamostradevalencia.com\/ca\/idan-haguel-espere-que-els-meus-veins-homosexuals-de-tel-aviv-es-prenguen-amb-sentit-de-lhumor-esta-satira-sobre-el-nostre-estil-de-vida\/#breadcrumb","itemListElement":[{"@type":"ListItem","position":1,"name":"Portada","item":"https:\/\/lamostradevalencia.com\/ca\/"},{"@type":"ListItem","position":2,"name":"Idan Haguel: \u00abEspere que els meus ve\u00efns homosexuals de Tel Aviv es prenguen amb sentit de l&#8217;humor esta s\u00e0tira sobre el nostre estil de vida\u00bb"}]},{"@type":"WebSite","@id":"https:\/\/lamostradevalencia.com\/ca\/#website","url":"https:\/\/lamostradevalencia.com\/ca\/","name":"Mostra de Val\u00e8ncia","description":"Cinema del Mediterrani","potentialAction":[{"@type":"SearchAction","target":{"@type":"EntryPoint","urlTemplate":"https:\/\/lamostradevalencia.com\/ca\/?s={search_term_string}"},"query-input":{"@type":"PropertyValueSpecification","valueRequired":true,"valueName":"search_term_string"}}],"inLanguage":"ca"},{"@type":"Person","@id":"https:\/\/lamostradevalencia.com\/ca\/#\/schema\/person\/1dc07e4df3d6310b81d2cdf6a034070c","name":"Mostra de Val\u00e8ncia","image":{"@type":"ImageObject","inLanguage":"ca","@id":"https:\/\/secure.gravatar.com\/avatar\/ada4dfd699a9907706987adb1bb2b361c2613ccca474b49b8c648de5208e32f8?s=96&d=mm&r=g","url":"https:\/\/secure.gravatar.com\/avatar\/ada4dfd699a9907706987adb1bb2b361c2613ccca474b49b8c648de5208e32f8?s=96&d=mm&r=g","contentUrl":"https:\/\/secure.gravatar.com\/avatar\/ada4dfd699a9907706987adb1bb2b361c2613ccca474b49b8c648de5208e32f8?s=96&d=mm&r=g","caption":"Mostra de Val\u00e8ncia"}}]}},"uagb_featured_image_src":{"full":["https:\/\/lamostradevalencia.com\/wp-content\/uploads\/2022\/10\/concerned-citizen-photocall.png",863,816,false],"thumbnail":["https:\/\/lamostradevalencia.com\/wp-content\/uploads\/2022\/10\/concerned-citizen-photocall-150x150.png",150,150,true],"medium":["https:\/\/lamostradevalencia.com\/wp-content\/uploads\/2022\/10\/concerned-citizen-photocall-300x284.png",300,284,true],"medium_large":["https:\/\/lamostradevalencia.com\/wp-content\/uploads\/2022\/10\/concerned-citizen-photocall-768x726.png",768,726,true],"large":["https:\/\/lamostradevalencia.com\/wp-content\/uploads\/2022\/10\/concerned-citizen-photocall.png",863,816,false],"1536x1536":["https:\/\/lamostradevalencia.com\/wp-content\/uploads\/2022\/10\/concerned-citizen-photocall.png",863,816,false],"2048x2048":["https:\/\/lamostradevalencia.com\/wp-content\/uploads\/2022\/10\/concerned-citizen-photocall.png",863,816,false],"cinerama_edge_image_square":["https:\/\/lamostradevalencia.com\/wp-content\/uploads\/2022\/10\/concerned-citizen-photocall-550x550.png",550,550,true],"cinerama_edge_image_landscape":["https:\/\/lamostradevalencia.com\/wp-content\/uploads\/2022\/10\/concerned-citizen-photocall-863x550.png",863,550,true],"cinerama_edge_image_portrait":["https:\/\/lamostradevalencia.com\/wp-content\/uploads\/2022\/10\/concerned-citizen-photocall-550x816.png",550,816,true],"cinerama_edge_image_huge":["https:\/\/lamostradevalencia.com\/wp-content\/uploads\/2022\/10\/concerned-citizen-photocall.png",863,816,false],"gform-image-choice-sm":["https:\/\/lamostradevalencia.com\/wp-content\/uploads\/2022\/10\/concerned-citizen-photocall.png",300,284,false],"gform-image-choice-md":["https:\/\/lamostradevalencia.com\/wp-content\/uploads\/2022\/10\/concerned-citizen-photocall.png",400,378,false],"gform-image-choice-lg":["https:\/\/lamostradevalencia.com\/wp-content\/uploads\/2022\/10\/concerned-citizen-photocall.png",600,567,false]},"uagb_author_info":{"display_name":"Mostra de Val\u00e8ncia","author_link":"https:\/\/lamostradevalencia.com\/ca\/author\/mostravalencia\/"},"uagb_comment_info":0,"uagb_excerpt":"El director de \u2018Concerned Citizen\u2019 visita la Mostra per a presentar este film a competici\u00f3, que enfronta a una parella d&#8217;homosexuals burgesos a un barri [&hellip;]","_links":{"self":[{"href":"https:\/\/lamostradevalencia.com\/ca\/wp-json\/wp\/v2\/posts\/17270","targetHints":{"allow":["GET"]}}],"collection":[{"href":"https:\/\/lamostradevalencia.com\/ca\/wp-json\/wp\/v2\/posts"}],"about":[{"href":"https:\/\/lamostradevalencia.com\/ca\/wp-json\/wp\/v2\/types\/post"}],"author":[{"embeddable":true,"href":"https:\/\/lamostradevalencia.com\/ca\/wp-json\/wp\/v2\/users\/1"}],"replies":[{"embeddable":true,"href":"https:\/\/lamostradevalencia.com\/ca\/wp-json\/wp\/v2\/comments?post=17270"}],"version-history":[{"count":1,"href":"https:\/\/lamostradevalencia.com\/ca\/wp-json\/wp\/v2\/posts\/17270\/revisions"}],"predecessor-version":[{"id":17271,"href":"https:\/\/lamostradevalencia.com\/ca\/wp-json\/wp\/v2\/posts\/17270\/revisions\/17271"}],"wp:featuredmedia":[{"embeddable":true,"href":"https:\/\/lamostradevalencia.com\/ca\/wp-json\/wp\/v2\/media\/17266"}],"wp:attachment":[{"href":"https:\/\/lamostradevalencia.com\/ca\/wp-json\/wp\/v2\/media?parent=17270"}],"wp:term":[{"taxonomy":"category","embeddable":true,"href":"https:\/\/lamostradevalencia.com\/ca\/wp-json\/wp\/v2\/categories?post=17270"},{"taxonomy":"post_tag","embeddable":true,"href":"https:\/\/lamostradevalencia.com\/ca\/wp-json\/wp\/v2\/tags?post=17270"}],"curies":[{"name":"wp","href":"https:\/\/api.w.org\/{rel}","templated":true}]}}