{"id":17257,"date":"2022-10-21T15:05:20","date_gmt":"2022-10-21T13:05:20","guid":{"rendered":"https:\/\/lamostradevalencia.com\/?p=17257"},"modified":"2022-10-25T16:55:09","modified_gmt":"2022-10-25T14:55:09","slug":"robert-guediguian-en-recollir-la-palmera-dhonor-vull-dedicar-este-premi-a-tots-els-treballadors-del-mon","status":"publish","type":"post","link":"https:\/\/lamostradevalencia.com\/ca\/robert-guediguian-en-recollir-la-palmera-dhonor-vull-dedicar-este-premi-a-tots-els-treballadors-del-mon\/","title":{"rendered":"Robert Gu\u00e9diguian en recollir la Palmera d&#8217;Honor: &#8220;Vull dedicar este premi a tots els treballadors del m\u00f3n&#8221;"},"content":{"rendered":"<h5>El director va ser el gran protagonista de la obertura de la Mostra\u00a0despr\u00e9s de la qual es va projectar \u2018El que sabem\u2019, la primera cinta a concurs, del valenci\u00e0 Jordi N\u00fa\u00f1ez<\/h5>\n<p><span style=\"font-weight: 400;\">\u00c9s un dels directors que m\u00e9s i millor han retratat la llum i l&#8217;\u00e0nima mediterr\u00e0nies i per aix\u00f2 acaba de rebre la Palmera d&#8217;Honor de la Mostra de Val\u00e8ncia-Cinema del Mediterrani. El director va recollir el guard\u00f3 durant la gala d&#8217;obertura del festival, dirigida per\u00a0<strong>Anna Mar\u00ed<\/strong>\u00a0i presentada per\u00a0<strong>Daniel Tormo i Paloma Vidal\u00a0<\/strong>que s&#8217;ha celebrat esta nit en La Rambleta on el m\u00fasic Coque Malla va interpretar un dels seus temes m\u00e9s coneguts.<\/span><br style=\"font-weight: 400;\" \/><br style=\"font-weight: 400;\" \/><br style=\"font-weight: 400;\" \/><span style=\"font-weight: 400;\">L&#8217;alcalde de Val\u00e8ncia,<strong>\u00a0Joan Rib\u00f3,\u00a0<\/strong>ha explicat que \u201cLa Mostra \u00e9s una celebraci\u00f3 cultural on Val\u00e8ncia es reivindica com a ciutat mediterr\u00e0nia i on exhibim la nostra vocaci\u00f3 d&#8217;amfitrions de tota la producci\u00f3 audiovisual que any rere any es genera en el mediterrani\u201d. Un festival que ha anat creixent, \u201cdes de la seua recuperaci\u00f3 en 2018 pel govern municipal actual, i que ja s&#8217;ha convertit en un dels majors actius culturals de la ciutat\u201d. L&#8217;alcalde va destacar tamb\u00e9 la \u201cqualitat\u201d de la programaci\u00f3 d&#8217;enguany, \u201cel que demostra que hi ha hagut, d&#8217;una banda, una bona selecci\u00f3 i, d\u2019una altra, que hi ha un gran nombre de pel\u00b7l\u00edcules que confien en la Mostra com a plataforma internacional per a donar-se a con\u00e9ixer&#8221;.<\/span><br style=\"font-weight: 400;\" \/><br style=\"font-weight: 400;\" \/><span style=\"font-weight: 400;\">Acompanyat per la seua esposa i musa,\u00a0<\/span><strong>Ariane Ascaride, Gu\u00e9diguian\u00a0<\/strong><span style=\"font-weight: 400;\">va recollir el premi de les mans de l&#8217;alcalde de Val\u00e8ncia, Joan Rib\u00f3. El franc\u00e9s va recordar que va visitar la ciutat amb la seua primera pel\u00b7l\u00edcula fa 40 anys i que espera tornar dins d&#8217;altres 40. &#8220;M&#8217;he recordat dels meus pares, que eren obrers i no tenien veu. Sent que la meua missi\u00f3 era ser el seu portaveu. He escrit per ells i per tots eixos\u00a0pobles que mai estan en primer pla&#8221;. I va concloure: &#8220;Vull dedicar este\u00a0premi a tots els obrers del m\u00f3n&#8221;.<\/span><br style=\"font-weight: 400;\" \/><br style=\"font-weight: 400;\" \/><span style=\"font-weight: 400;\">La gala va celebrar que ens trobem davant una de les Seccions Oficials m\u00e9s completes i plurals de les \u00faltimes edicions amb cintes de geografies com l&#8217;Iran, Alb\u00e0nia, Kosovo, Fran\u00e7a, Tun\u00edsia, Ucra\u00efna, Turquia, Eslov\u00e8nia, It\u00e0lia, Alg\u00e8ria i Espanya. \u201cDotze pel\u00b7l\u00edcules que indaguen en la diversitat sexual, la maternitat en solitari com a estigma, la viol\u00e8ncia policial o que ens mostren a Mar\u00eda Magdalena com una dona afroamericana i envellida\u201d. La cerim\u00f2nia tamb\u00e9 ha tingut un moment de record per a Salva Bolta, que va ser director de les gales d&#8217;obertura i clausura des de 2018: \u201cLi vam perdre este\u00a0 estiu, era un director, dramaturg i home de teatre en maj\u00fascules, a m\u00e9s d&#8217;un amic inestimable\u201d.<\/span><br style=\"font-weight: 400;\" \/><br style=\"font-weight: 400;\" \/><span style=\"font-weight: 400;\">Els presentadors han recordat que el Premi \u00c0 Punt del P\u00fablic de la Secci\u00f3 Informativa estar\u00e0 de nou esta edici\u00f3 en mans dels espectadors, que podran votar despr\u00e9s de cada passe. Igual que la secci\u00f3 Oficial, tots els t\u00edtols s\u00f3n in\u00e8dits a Espanya i ens permetran con\u00e9ixer els nous treballs de realitzadors com Danis Tanovi\u0107, Gabriele Salvatores, Tony Gatlif, Soudade Kaadan, Milos Pusic i Nadine Khan, entre altres. Una selecci\u00f3 en la qual cap la com\u00e8dia, l&#8217;animaci\u00f3 en stop motion, un documental musical o reflexions sobre els conflictes de S\u00edria o el Kurdistan.<\/span><br style=\"font-weight: 400;\" \/><br style=\"font-weight: 400;\" \/><span style=\"font-weight: 400;\">Durant la gala, es va donar tamb\u00e9 la benvinguda als membres del jurat, que enguany est\u00e0 compost pel director de fotografia palest\u00ed\u00a0<strong>Ehab Assal;<\/strong>\u00a0la guionista espanyola\u00a0<strong>Mar\u00eda M\u00ednguez;\u00a0<\/strong>el cr\u00edtic i programador franc\u00e9s\u00a0<strong>Pierre-Simon Gutman<\/strong>; l&#8217;actriu, guionista i directora croata\u00a0<strong>Llana Baric;<\/strong>\u00a0i la compositoria\u00a0<strong>Evanthia Reboutsika,<\/strong>\u00a0que exercir\u00e0 com a presidenta.<\/span><br style=\"font-weight: 400;\" \/><br style=\"font-weight: 400;\" \/><span style=\"font-weight: 400;\">Tot aix\u00f2 va funcionar com a pr\u00f2leg per a la projecci\u00f3 de la primera pel\u00b7l\u00edcula a competici\u00f3, \u2018El que sabem\u2019, l&#8217;\u00f2pera prima del valenci\u00e0 Jordi N\u00fa\u00f1ez, que va estar acompanyat de tot el repartiment del film, que t\u00e9 a Val\u00e8ncia com un dels personatges principals:\u00a0<strong>Nakarey, Javier Amann, Mauro Cervera i Just,T\u00e0nia Fortea, Roberto Hoyo, Rosita Amores i Samantha Hudson<\/strong>.<\/span><br style=\"font-weight: 400;\" \/><br style=\"font-weight: 400;\" \/><span style=\"font-weight: 400;\">La 37a edici\u00f3 de la Mostra de Val\u00e8ncia- Cinema del Mediterrani compta\u00a0<\/span><span style=\"font-weight: 400;\">amb la col\u00b7laboraci\u00f3 de l\u2019Institut Valenci\u00e0 de Cultura (IVC), Rambleta, Val\u00e8ncia Film Office, Barreira Arte + Dise\u00f1o i \u00c0 Punt M\u00e8dia com a mitj\u00e0 oficial.<\/span><\/p>\n","protected":false},"excerpt":{"rendered":"<p>El director va ser el gran protagonista de la obertura de la Mostra\u00a0despr\u00e9s de la qual es va projectar \u2018El que sabem\u2019, la primera cinta [&hellip;]<\/p>\n","protected":false},"author":1,"featured_media":17253,"comment_status":"open","ping_status":"open","sticky":false,"template":"","format":"standard","meta":{"_uag_custom_page_level_css":"","_jet_sm_ready_style":"","_jet_sm_style":"","_jet_sm_controls_values":"","_jet_sm_fonts_collection":"","_jet_sm_fonts_links":"","footnotes":""},"categories":[455],"tags":[],"class_list":["post-17257","post","type-post","status-publish","format-standard","has-post-thumbnail","hentry","category-noticies"],"yoast_head":"<!-- This site is optimized with the Yoast SEO plugin v27.5 - https:\/\/yoast.com\/product\/yoast-seo-wordpress\/ -->\n<title>Robert Gu\u00e9diguian en recollir la Palmera d&#039;Honor: &quot;Vull dedicar este premi a tots els treballadors del m\u00f3n&quot; - Mostra de Val\u00e8ncia<\/title>\n<meta name=\"robots\" content=\"index, follow, max-snippet:-1, max-image-preview:large, max-video-preview:-1\" \/>\n<link rel=\"canonical\" href=\"https:\/\/lamostradevalencia.com\/ca\/robert-guediguian-en-recollir-la-palmera-dhonor-vull-dedicar-este-premi-a-tots-els-treballadors-del-mon\/\" \/>\n<meta property=\"og:locale\" content=\"ca_ES\" \/>\n<meta property=\"og:type\" content=\"article\" \/>\n<meta property=\"og:title\" content=\"Robert Gu\u00e9diguian en recollir la Palmera d&#039;Honor: &quot;Vull dedicar este premi a tots els treballadors del m\u00f3n&quot; - Mostra de Val\u00e8ncia\" \/>\n<meta property=\"og:description\" content=\"El director va ser el gran protagonista de la obertura de la Mostra\u00a0despr\u00e9s de la qual es va projectar \u2018El que sabem\u2019, la primera cinta [&hellip;]\" \/>\n<meta property=\"og:url\" content=\"https:\/\/lamostradevalencia.com\/ca\/robert-guediguian-en-recollir-la-palmera-dhonor-vull-dedicar-este-premi-a-tots-els-treballadors-del-mon\/\" \/>\n<meta property=\"og:site_name\" content=\"Mostra de Val\u00e8ncia\" \/>\n<meta property=\"article:published_time\" content=\"2022-10-21T13:05:20+00:00\" \/>\n<meta property=\"article:modified_time\" content=\"2022-10-25T14:55:09+00:00\" \/>\n<meta property=\"og:image\" content=\"https:\/\/lamostradevalencia.com\/wp-content\/uploads\/2022\/10\/guediguian-con-alcalde.jpg\" \/>\n\t<meta property=\"og:image:width\" content=\"705\" \/>\n\t<meta property=\"og:image:height\" content=\"753\" \/>\n\t<meta property=\"og:image:type\" content=\"image\/jpeg\" \/>\n<meta name=\"author\" content=\"Mostra de Val\u00e8ncia\" \/>\n<meta name=\"twitter:card\" content=\"summary_large_image\" \/>\n<meta name=\"twitter:label1\" content=\"Escrit per\" \/>\n\t<meta name=\"twitter:data1\" content=\"Mostra de Val\u00e8ncia\" \/>\n\t<meta name=\"twitter:label2\" content=\"Temps estimat de lectura\" \/>\n\t<meta name=\"twitter:data2\" content=\"4 minuts\" \/>\n<script type=\"application\/ld+json\" class=\"yoast-schema-graph\">{\"@context\":\"https:\\\/\\\/schema.org\",\"@graph\":[{\"@type\":\"Article\",\"@id\":\"https:\\\/\\\/lamostradevalencia.com\\\/ca\\\/robert-guediguian-en-recollir-la-palmera-dhonor-vull-dedicar-este-premi-a-tots-els-treballadors-del-mon\\\/#article\",\"isPartOf\":{\"@id\":\"https:\\\/\\\/lamostradevalencia.com\\\/ca\\\/robert-guediguian-en-recollir-la-palmera-dhonor-vull-dedicar-este-premi-a-tots-els-treballadors-del-mon\\\/\"},\"author\":{\"name\":\"Mostra de Val\u00e8ncia\",\"@id\":\"https:\\\/\\\/lamostradevalencia.com\\\/ca\\\/#\\\/schema\\\/person\\\/1dc07e4df3d6310b81d2cdf6a034070c\"},\"headline\":\"Robert Gu\u00e9diguian en recollir la Palmera d&#8217;Honor: &#8220;Vull dedicar este premi a tots els treballadors del m\u00f3n&#8221;\",\"datePublished\":\"2022-10-21T13:05:20+00:00\",\"dateModified\":\"2022-10-25T14:55:09+00:00\",\"mainEntityOfPage\":{\"@id\":\"https:\\\/\\\/lamostradevalencia.com\\\/ca\\\/robert-guediguian-en-recollir-la-palmera-dhonor-vull-dedicar-este-premi-a-tots-els-treballadors-del-mon\\\/\"},\"wordCount\":776,\"commentCount\":0,\"image\":{\"@id\":\"https:\\\/\\\/lamostradevalencia.com\\\/ca\\\/robert-guediguian-en-recollir-la-palmera-dhonor-vull-dedicar-este-premi-a-tots-els-treballadors-del-mon\\\/#primaryimage\"},\"thumbnailUrl\":\"https:\\\/\\\/lamostradevalencia.com\\\/wp-content\\\/uploads\\\/2022\\\/10\\\/guediguian-con-alcalde.jpg\",\"articleSection\":[\"Noticies\"],\"inLanguage\":\"ca\",\"potentialAction\":[{\"@type\":\"CommentAction\",\"name\":\"Comment\",\"target\":[\"https:\\\/\\\/lamostradevalencia.com\\\/ca\\\/robert-guediguian-en-recollir-la-palmera-dhonor-vull-dedicar-este-premi-a-tots-els-treballadors-del-mon\\\/#respond\"]}]},{\"@type\":\"WebPage\",\"@id\":\"https:\\\/\\\/lamostradevalencia.com\\\/ca\\\/robert-guediguian-en-recollir-la-palmera-dhonor-vull-dedicar-este-premi-a-tots-els-treballadors-del-mon\\\/\",\"url\":\"https:\\\/\\\/lamostradevalencia.com\\\/ca\\\/robert-guediguian-en-recollir-la-palmera-dhonor-vull-dedicar-este-premi-a-tots-els-treballadors-del-mon\\\/\",\"name\":\"Robert Gu\u00e9diguian en recollir la Palmera d'Honor: \\\"Vull dedicar este premi a tots els treballadors del m\u00f3n\\\" - Mostra de Val\u00e8ncia\",\"isPartOf\":{\"@id\":\"https:\\\/\\\/lamostradevalencia.com\\\/ca\\\/#website\"},\"primaryImageOfPage\":{\"@id\":\"https:\\\/\\\/lamostradevalencia.com\\\/ca\\\/robert-guediguian-en-recollir-la-palmera-dhonor-vull-dedicar-este-premi-a-tots-els-treballadors-del-mon\\\/#primaryimage\"},\"image\":{\"@id\":\"https:\\\/\\\/lamostradevalencia.com\\\/ca\\\/robert-guediguian-en-recollir-la-palmera-dhonor-vull-dedicar-este-premi-a-tots-els-treballadors-del-mon\\\/#primaryimage\"},\"thumbnailUrl\":\"https:\\\/\\\/lamostradevalencia.com\\\/wp-content\\\/uploads\\\/2022\\\/10\\\/guediguian-con-alcalde.jpg\",\"datePublished\":\"2022-10-21T13:05:20+00:00\",\"dateModified\":\"2022-10-25T14:55:09+00:00\",\"author\":{\"@id\":\"https:\\\/\\\/lamostradevalencia.com\\\/ca\\\/#\\\/schema\\\/person\\\/1dc07e4df3d6310b81d2cdf6a034070c\"},\"breadcrumb\":{\"@id\":\"https:\\\/\\\/lamostradevalencia.com\\\/ca\\\/robert-guediguian-en-recollir-la-palmera-dhonor-vull-dedicar-este-premi-a-tots-els-treballadors-del-mon\\\/#breadcrumb\"},\"inLanguage\":\"ca\",\"potentialAction\":[{\"@type\":\"ReadAction\",\"target\":[\"https:\\\/\\\/lamostradevalencia.com\\\/ca\\\/robert-guediguian-en-recollir-la-palmera-dhonor-vull-dedicar-este-premi-a-tots-els-treballadors-del-mon\\\/\"]}]},{\"@type\":\"ImageObject\",\"inLanguage\":\"ca\",\"@id\":\"https:\\\/\\\/lamostradevalencia.com\\\/ca\\\/robert-guediguian-en-recollir-la-palmera-dhonor-vull-dedicar-este-premi-a-tots-els-treballadors-del-mon\\\/#primaryimage\",\"url\":\"https:\\\/\\\/lamostradevalencia.com\\\/wp-content\\\/uploads\\\/2022\\\/10\\\/guediguian-con-alcalde.jpg\",\"contentUrl\":\"https:\\\/\\\/lamostradevalencia.com\\\/wp-content\\\/uploads\\\/2022\\\/10\\\/guediguian-con-alcalde.jpg\",\"width\":705,\"height\":753},{\"@type\":\"BreadcrumbList\",\"@id\":\"https:\\\/\\\/lamostradevalencia.com\\\/ca\\\/robert-guediguian-en-recollir-la-palmera-dhonor-vull-dedicar-este-premi-a-tots-els-treballadors-del-mon\\\/#breadcrumb\",\"itemListElement\":[{\"@type\":\"ListItem\",\"position\":1,\"name\":\"Portada\",\"item\":\"https:\\\/\\\/lamostradevalencia.com\\\/ca\\\/\"},{\"@type\":\"ListItem\",\"position\":2,\"name\":\"Robert Gu\u00e9diguian en recollir la Palmera d&#8217;Honor: \u00abVull dedicar este premi a tots els treballadors del m\u00f3n\u00bb\"}]},{\"@type\":\"WebSite\",\"@id\":\"https:\\\/\\\/lamostradevalencia.com\\\/ca\\\/#website\",\"url\":\"https:\\\/\\\/lamostradevalencia.com\\\/ca\\\/\",\"name\":\"Mostra de Val\u00e8ncia\",\"description\":\"Cinema del Mediterrani\",\"potentialAction\":[{\"@type\":\"SearchAction\",\"target\":{\"@type\":\"EntryPoint\",\"urlTemplate\":\"https:\\\/\\\/lamostradevalencia.com\\\/ca\\\/?s={search_term_string}\"},\"query-input\":{\"@type\":\"PropertyValueSpecification\",\"valueRequired\":true,\"valueName\":\"search_term_string\"}}],\"inLanguage\":\"ca\"},{\"@type\":\"Person\",\"@id\":\"https:\\\/\\\/lamostradevalencia.com\\\/ca\\\/#\\\/schema\\\/person\\\/1dc07e4df3d6310b81d2cdf6a034070c\",\"name\":\"Mostra de Val\u00e8ncia\",\"image\":{\"@type\":\"ImageObject\",\"inLanguage\":\"ca\",\"@id\":\"https:\\\/\\\/secure.gravatar.com\\\/avatar\\\/ada4dfd699a9907706987adb1bb2b361c2613ccca474b49b8c648de5208e32f8?s=96&d=mm&r=g\",\"url\":\"https:\\\/\\\/secure.gravatar.com\\\/avatar\\\/ada4dfd699a9907706987adb1bb2b361c2613ccca474b49b8c648de5208e32f8?s=96&d=mm&r=g\",\"contentUrl\":\"https:\\\/\\\/secure.gravatar.com\\\/avatar\\\/ada4dfd699a9907706987adb1bb2b361c2613ccca474b49b8c648de5208e32f8?s=96&d=mm&r=g\",\"caption\":\"Mostra de Val\u00e8ncia\"}}]}<\/script>\n<!-- \/ Yoast SEO plugin. -->","yoast_head_json":{"title":"Robert Gu\u00e9diguian en recollir la Palmera d'Honor: \"Vull dedicar este premi a tots els treballadors del m\u00f3n\" - Mostra de Val\u00e8ncia","robots":{"index":"index","follow":"follow","max-snippet":"max-snippet:-1","max-image-preview":"max-image-preview:large","max-video-preview":"max-video-preview:-1"},"canonical":"https:\/\/lamostradevalencia.com\/ca\/robert-guediguian-en-recollir-la-palmera-dhonor-vull-dedicar-este-premi-a-tots-els-treballadors-del-mon\/","og_locale":"ca_ES","og_type":"article","og_title":"Robert Gu\u00e9diguian en recollir la Palmera d'Honor: \"Vull dedicar este premi a tots els treballadors del m\u00f3n\" - Mostra de Val\u00e8ncia","og_description":"El director va ser el gran protagonista de la obertura de la Mostra\u00a0despr\u00e9s de la qual es va projectar \u2018El que sabem\u2019, la primera cinta [&hellip;]","og_url":"https:\/\/lamostradevalencia.com\/ca\/robert-guediguian-en-recollir-la-palmera-dhonor-vull-dedicar-este-premi-a-tots-els-treballadors-del-mon\/","og_site_name":"Mostra de Val\u00e8ncia","article_published_time":"2022-10-21T13:05:20+00:00","article_modified_time":"2022-10-25T14:55:09+00:00","og_image":[{"width":705,"height":753,"url":"https:\/\/lamostradevalencia.com\/wp-content\/uploads\/2022\/10\/guediguian-con-alcalde.jpg","type":"image\/jpeg"}],"author":"Mostra de Val\u00e8ncia","twitter_card":"summary_large_image","twitter_misc":{"Escrit per":"Mostra de Val\u00e8ncia","Temps estimat de lectura":"4 minuts"},"schema":{"@context":"https:\/\/schema.org","@graph":[{"@type":"Article","@id":"https:\/\/lamostradevalencia.com\/ca\/robert-guediguian-en-recollir-la-palmera-dhonor-vull-dedicar-este-premi-a-tots-els-treballadors-del-mon\/#article","isPartOf":{"@id":"https:\/\/lamostradevalencia.com\/ca\/robert-guediguian-en-recollir-la-palmera-dhonor-vull-dedicar-este-premi-a-tots-els-treballadors-del-mon\/"},"author":{"name":"Mostra de Val\u00e8ncia","@id":"https:\/\/lamostradevalencia.com\/ca\/#\/schema\/person\/1dc07e4df3d6310b81d2cdf6a034070c"},"headline":"Robert Gu\u00e9diguian en recollir la Palmera d&#8217;Honor: &#8220;Vull dedicar este premi a tots els treballadors del m\u00f3n&#8221;","datePublished":"2022-10-21T13:05:20+00:00","dateModified":"2022-10-25T14:55:09+00:00","mainEntityOfPage":{"@id":"https:\/\/lamostradevalencia.com\/ca\/robert-guediguian-en-recollir-la-palmera-dhonor-vull-dedicar-este-premi-a-tots-els-treballadors-del-mon\/"},"wordCount":776,"commentCount":0,"image":{"@id":"https:\/\/lamostradevalencia.com\/ca\/robert-guediguian-en-recollir-la-palmera-dhonor-vull-dedicar-este-premi-a-tots-els-treballadors-del-mon\/#primaryimage"},"thumbnailUrl":"https:\/\/lamostradevalencia.com\/wp-content\/uploads\/2022\/10\/guediguian-con-alcalde.jpg","articleSection":["Noticies"],"inLanguage":"ca","potentialAction":[{"@type":"CommentAction","name":"Comment","target":["https:\/\/lamostradevalencia.com\/ca\/robert-guediguian-en-recollir-la-palmera-dhonor-vull-dedicar-este-premi-a-tots-els-treballadors-del-mon\/#respond"]}]},{"@type":"WebPage","@id":"https:\/\/lamostradevalencia.com\/ca\/robert-guediguian-en-recollir-la-palmera-dhonor-vull-dedicar-este-premi-a-tots-els-treballadors-del-mon\/","url":"https:\/\/lamostradevalencia.com\/ca\/robert-guediguian-en-recollir-la-palmera-dhonor-vull-dedicar-este-premi-a-tots-els-treballadors-del-mon\/","name":"Robert Gu\u00e9diguian en recollir la Palmera d'Honor: \"Vull dedicar este premi a tots els treballadors del m\u00f3n\" - Mostra de Val\u00e8ncia","isPartOf":{"@id":"https:\/\/lamostradevalencia.com\/ca\/#website"},"primaryImageOfPage":{"@id":"https:\/\/lamostradevalencia.com\/ca\/robert-guediguian-en-recollir-la-palmera-dhonor-vull-dedicar-este-premi-a-tots-els-treballadors-del-mon\/#primaryimage"},"image":{"@id":"https:\/\/lamostradevalencia.com\/ca\/robert-guediguian-en-recollir-la-palmera-dhonor-vull-dedicar-este-premi-a-tots-els-treballadors-del-mon\/#primaryimage"},"thumbnailUrl":"https:\/\/lamostradevalencia.com\/wp-content\/uploads\/2022\/10\/guediguian-con-alcalde.jpg","datePublished":"2022-10-21T13:05:20+00:00","dateModified":"2022-10-25T14:55:09+00:00","author":{"@id":"https:\/\/lamostradevalencia.com\/ca\/#\/schema\/person\/1dc07e4df3d6310b81d2cdf6a034070c"},"breadcrumb":{"@id":"https:\/\/lamostradevalencia.com\/ca\/robert-guediguian-en-recollir-la-palmera-dhonor-vull-dedicar-este-premi-a-tots-els-treballadors-del-mon\/#breadcrumb"},"inLanguage":"ca","potentialAction":[{"@type":"ReadAction","target":["https:\/\/lamostradevalencia.com\/ca\/robert-guediguian-en-recollir-la-palmera-dhonor-vull-dedicar-este-premi-a-tots-els-treballadors-del-mon\/"]}]},{"@type":"ImageObject","inLanguage":"ca","@id":"https:\/\/lamostradevalencia.com\/ca\/robert-guediguian-en-recollir-la-palmera-dhonor-vull-dedicar-este-premi-a-tots-els-treballadors-del-mon\/#primaryimage","url":"https:\/\/lamostradevalencia.com\/wp-content\/uploads\/2022\/10\/guediguian-con-alcalde.jpg","contentUrl":"https:\/\/lamostradevalencia.com\/wp-content\/uploads\/2022\/10\/guediguian-con-alcalde.jpg","width":705,"height":753},{"@type":"BreadcrumbList","@id":"https:\/\/lamostradevalencia.com\/ca\/robert-guediguian-en-recollir-la-palmera-dhonor-vull-dedicar-este-premi-a-tots-els-treballadors-del-mon\/#breadcrumb","itemListElement":[{"@type":"ListItem","position":1,"name":"Portada","item":"https:\/\/lamostradevalencia.com\/ca\/"},{"@type":"ListItem","position":2,"name":"Robert Gu\u00e9diguian en recollir la Palmera d&#8217;Honor: \u00abVull dedicar este premi a tots els treballadors del m\u00f3n\u00bb"}]},{"@type":"WebSite","@id":"https:\/\/lamostradevalencia.com\/ca\/#website","url":"https:\/\/lamostradevalencia.com\/ca\/","name":"Mostra de Val\u00e8ncia","description":"Cinema del Mediterrani","potentialAction":[{"@type":"SearchAction","target":{"@type":"EntryPoint","urlTemplate":"https:\/\/lamostradevalencia.com\/ca\/?s={search_term_string}"},"query-input":{"@type":"PropertyValueSpecification","valueRequired":true,"valueName":"search_term_string"}}],"inLanguage":"ca"},{"@type":"Person","@id":"https:\/\/lamostradevalencia.com\/ca\/#\/schema\/person\/1dc07e4df3d6310b81d2cdf6a034070c","name":"Mostra de Val\u00e8ncia","image":{"@type":"ImageObject","inLanguage":"ca","@id":"https:\/\/secure.gravatar.com\/avatar\/ada4dfd699a9907706987adb1bb2b361c2613ccca474b49b8c648de5208e32f8?s=96&d=mm&r=g","url":"https:\/\/secure.gravatar.com\/avatar\/ada4dfd699a9907706987adb1bb2b361c2613ccca474b49b8c648de5208e32f8?s=96&d=mm&r=g","contentUrl":"https:\/\/secure.gravatar.com\/avatar\/ada4dfd699a9907706987adb1bb2b361c2613ccca474b49b8c648de5208e32f8?s=96&d=mm&r=g","caption":"Mostra de Val\u00e8ncia"}}]}},"uagb_featured_image_src":{"full":["https:\/\/lamostradevalencia.com\/wp-content\/uploads\/2022\/10\/guediguian-con-alcalde.jpg",705,753,false],"thumbnail":["https:\/\/lamostradevalencia.com\/wp-content\/uploads\/2022\/10\/guediguian-con-alcalde-150x150.jpg",150,150,true],"medium":["https:\/\/lamostradevalencia.com\/wp-content\/uploads\/2022\/10\/guediguian-con-alcalde-281x300.jpg",281,300,true],"medium_large":["https:\/\/lamostradevalencia.com\/wp-content\/uploads\/2022\/10\/guediguian-con-alcalde.jpg",705,753,false],"large":["https:\/\/lamostradevalencia.com\/wp-content\/uploads\/2022\/10\/guediguian-con-alcalde.jpg",705,753,false],"1536x1536":["https:\/\/lamostradevalencia.com\/wp-content\/uploads\/2022\/10\/guediguian-con-alcalde.jpg",705,753,false],"2048x2048":["https:\/\/lamostradevalencia.com\/wp-content\/uploads\/2022\/10\/guediguian-con-alcalde.jpg",705,753,false],"cinerama_edge_image_square":["https:\/\/lamostradevalencia.com\/wp-content\/uploads\/2022\/10\/guediguian-con-alcalde-550x550.jpg",550,550,true],"cinerama_edge_image_landscape":["https:\/\/lamostradevalencia.com\/wp-content\/uploads\/2022\/10\/guediguian-con-alcalde-705x550.jpg",705,550,true],"cinerama_edge_image_portrait":["https:\/\/lamostradevalencia.com\/wp-content\/uploads\/2022\/10\/guediguian-con-alcalde-550x753.jpg",550,753,true],"cinerama_edge_image_huge":["https:\/\/lamostradevalencia.com\/wp-content\/uploads\/2022\/10\/guediguian-con-alcalde.jpg",705,753,false],"gform-image-choice-sm":["https:\/\/lamostradevalencia.com\/wp-content\/uploads\/2022\/10\/guediguian-con-alcalde.jpg",281,300,false],"gform-image-choice-md":["https:\/\/lamostradevalencia.com\/wp-content\/uploads\/2022\/10\/guediguian-con-alcalde.jpg",375,400,false],"gform-image-choice-lg":["https:\/\/lamostradevalencia.com\/wp-content\/uploads\/2022\/10\/guediguian-con-alcalde.jpg",562,600,false]},"uagb_author_info":{"display_name":"Mostra de Val\u00e8ncia","author_link":"https:\/\/lamostradevalencia.com\/ca\/author\/mostravalencia\/"},"uagb_comment_info":0,"uagb_excerpt":"El director va ser el gran protagonista de la obertura de la Mostra\u00a0despr\u00e9s de la qual es va projectar \u2018El que sabem\u2019, la primera cinta [&hellip;]","_links":{"self":[{"href":"https:\/\/lamostradevalencia.com\/ca\/wp-json\/wp\/v2\/posts\/17257","targetHints":{"allow":["GET"]}}],"collection":[{"href":"https:\/\/lamostradevalencia.com\/ca\/wp-json\/wp\/v2\/posts"}],"about":[{"href":"https:\/\/lamostradevalencia.com\/ca\/wp-json\/wp\/v2\/types\/post"}],"author":[{"embeddable":true,"href":"https:\/\/lamostradevalencia.com\/ca\/wp-json\/wp\/v2\/users\/1"}],"replies":[{"embeddable":true,"href":"https:\/\/lamostradevalencia.com\/ca\/wp-json\/wp\/v2\/comments?post=17257"}],"version-history":[{"count":2,"href":"https:\/\/lamostradevalencia.com\/ca\/wp-json\/wp\/v2\/posts\/17257\/revisions"}],"predecessor-version":[{"id":17416,"href":"https:\/\/lamostradevalencia.com\/ca\/wp-json\/wp\/v2\/posts\/17257\/revisions\/17416"}],"wp:featuredmedia":[{"embeddable":true,"href":"https:\/\/lamostradevalencia.com\/ca\/wp-json\/wp\/v2\/media\/17253"}],"wp:attachment":[{"href":"https:\/\/lamostradevalencia.com\/ca\/wp-json\/wp\/v2\/media?parent=17257"}],"wp:term":[{"taxonomy":"category","embeddable":true,"href":"https:\/\/lamostradevalencia.com\/ca\/wp-json\/wp\/v2\/categories?post=17257"},{"taxonomy":"post_tag","embeddable":true,"href":"https:\/\/lamostradevalencia.com\/ca\/wp-json\/wp\/v2\/tags?post=17257"}],"curies":[{"name":"wp","href":"https:\/\/api.w.org\/{rel}","templated":true}]}}