{"id":17237,"date":"2022-10-19T17:18:45","date_gmt":"2022-10-19T15:18:45","guid":{"rendered":"https:\/\/lamostradevalencia.com\/?p=17237"},"modified":"2022-10-19T17:19:34","modified_gmt":"2022-10-19T15:19:34","slug":"jordi-nunez-el-que-sabem-parla-de-valencia-i-les-seues-cicatrius","status":"publish","type":"post","link":"https:\/\/lamostradevalencia.com\/ca\/jordi-nunez-el-que-sabem-parla-de-valencia-i-les-seues-cicatrius\/","title":{"rendered":"Jordi N\u00fa\u00f1ez: \u201c&#8217;El que sabem&#8217; parla de Val\u00e8ncia i les seues cicatrius&#8221;"},"content":{"rendered":"<h5><strong>L&#8217;\u00f2pera prima del director obri el concurs de la Mostra de Val\u00e8ncia amb un relat coral protagonitzat per Nakarey i amb Rosita Amores i Samantha Hudson com a estreles convidades<\/strong><\/h5>\n<p style=\"font-weight: 400;\">&#8216;El que sabem&#8217;, l\u00b4\u00f2pera prima de\u00a0<strong>Jordi N\u00fa\u00f1ez<\/strong>\u00a0\u00e9s una producci\u00f3 de Pegatum Transm\u00e8dia rodada durant la pand\u00e8mia, un retrat generacional d&#8217;un grup d&#8217;amics que sent els primers efectes de l&#8217;edat adulta protagonitzat per un elenc de joves promeses com\u00a0<strong>Nakarey, Javier Amann, Mauro Cervera i Just,T\u00e0nia Fortea i Roberto Hoyo<\/strong>, entre altres. &#8220;Es tracta d&#8217;un grup de personatges que han vist els errors de la generaci\u00f3 anterior i que els tenen interioritzats; aix\u00f2 suposa una font de confrontaci\u00f3, per\u00f2 tamb\u00e9 de comicitat&#8221;, assegura el director en la roda de premsa de la pel\u00b7l\u00edcula que inaugurar\u00e0 dem\u00e0 la 37a Mostra de Val\u00e8ncia- Cinema del Mediterrani.<\/p>\n<p>La cinta, que va tindre la seua estrena en la 52a edici\u00f3 del Festival de Cinema de l&#8217;\u00cdndia (IFFI) i que despr\u00e9s ha passat per altres cert\u00e0mens com el OUTshine LGBTQ+ Film Festival de Miami, t\u00e9 a la ciutat de Val\u00e8ncia, i en concret, a la zona de\u00a0<strong>l&#8217;Horta Sud<\/strong>, com un dels seus grans protagonistes. En paraules del seu director, Jordi N\u00fa\u00f1ez: &#8220;La pel\u00b7l\u00edcula parla de Val\u00e8ncia i les seues cicatrius. La idea era que l&#8217;espai no fora nom\u00e9s un plat\u00f3 bonic, sin\u00f3 un paisatge emocional que es relacionara amb els personatges i el seu proc\u00e9s. Alhora m&#8217;interessava com es relacionaven ells amb estos espais no tan comuns i l&#8217;hedonisme tan t\u00edpic de la ciutat&#8221;.<\/p>\n<p>La cinta compta a m\u00e9s amb diverses participacions estel\u00b7lars, com la de\u00a0<strong>Samantha Hudson<\/strong>, la m\u00edtica vedette valenciana\u00a0<strong>Rosita Amores<\/strong>, que torna a la pantalla gran als 82 anys, o la col\u00b7laboradora habitual de Venga Monjas,\u00a0<strong>Marga Castells<\/strong>. Les Falles estan tamb\u00e9 presents en el metratge: &#8220;La idiosincr\u00e0sia de la ciutat es reflectix tamb\u00e9 a trav\u00e9s dels personatges majors i la dificultat que aix\u00f2 suposa per als protagonistes. Sembla que dedicar-te al que vols passa per eixir de Val\u00e8ncia, encara que \u00e9s una cosa que s&#8217;est\u00e0 trencant en els \u00faltims temps&#8221;, subratlla N\u00fa\u00f1ez.<\/p>\n<p>Jordi N\u00fa\u00f1ez (Val\u00e8ncia, 1991) ha realitzat curtmetratges, v\u00eddeos musicals i llargmetratges des de la seua adolesc\u00e8ncia. En 2009 va guanyar la primera edici\u00f3 del DKV Fresh Art. El seu projecte final de m\u00e0ster, el curtmetratge &#8216;P\u00edxels&#8217; (2015) acumula m\u00e9s d&#8217;11 milions de visites en Youtube. Li segueixen &#8216;Amor de D\u00e9u&#8217; (2016) i &#8216;Cachitos&#8217; (2017) que, al costat del primer, compten amb m\u00e9s de 60 premis i seleccions internacionals en festivals com Cinema Jove, Alf\u00e0s del Pi, LesGaiCineMad o Antonio Ferrandis. Actualment prepara la seua segona pel\u00b7l\u00edcula, produ\u00efda tamb\u00e9 per Pegatum.<\/p>\n<p>La 37a Mostra de Val\u00e8ncia \u2013 Cinema del Mediterrani, que se celebra fins el 30 d&#8217;octubre, compta amb la col\u00b7laboraci\u00f3 de l\u2019Institut Valenci\u00e0 de Cultura (IVC), Rambleta, Val\u00e8ncia Film Office, Barreira Arte + Dise\u00f1o i \u00c0 Punt M\u00e8dia com a mitj\u00e0 oficial.<\/p>\n<p style=\"font-weight: 400;\"><strong>Pr\u00f2xims passes de &#8216;El que sabem&#8217;:<\/strong><br \/>\n<strong>Divendres 21 a les 21.00 h i dissabte 22 a les 20.00 h<\/strong><\/p>\n","protected":false},"excerpt":{"rendered":"<p>L&#8217;\u00f2pera prima del director obri el concurs de la Mostra de Val\u00e8ncia amb un relat coral protagonitzat per Nakarey i amb Rosita Amores i Samantha [&hellip;]<\/p>\n","protected":false},"author":1,"featured_media":17233,"comment_status":"open","ping_status":"open","sticky":false,"template":"","format":"standard","meta":{"_uag_custom_page_level_css":"","_jet_sm_ready_style":"","_jet_sm_style":"","_jet_sm_controls_values":"","_jet_sm_fonts_collection":"","_jet_sm_fonts_links":"","footnotes":""},"categories":[455],"tags":[],"class_list":["post-17237","post","type-post","status-publish","format-standard","has-post-thumbnail","hentry","category-noticies"],"yoast_head":"<!-- This site is optimized with the Yoast SEO plugin v27.5 - https:\/\/yoast.com\/product\/yoast-seo-wordpress\/ -->\n<title>Jordi N\u00fa\u00f1ez: \u201c&#039;El que sabem&#039; parla de Val\u00e8ncia i les seues cicatrius&quot; - Mostra de Val\u00e8ncia<\/title>\n<meta name=\"robots\" content=\"index, follow, max-snippet:-1, max-image-preview:large, max-video-preview:-1\" \/>\n<link rel=\"canonical\" href=\"https:\/\/lamostradevalencia.com\/ca\/jordi-nunez-el-que-sabem-parla-de-valencia-i-les-seues-cicatrius\/\" \/>\n<meta property=\"og:locale\" content=\"ca_ES\" \/>\n<meta property=\"og:type\" content=\"article\" \/>\n<meta property=\"og:title\" content=\"Jordi N\u00fa\u00f1ez: \u201c&#039;El que sabem&#039; parla de Val\u00e8ncia i les seues cicatrius&quot; - Mostra de Val\u00e8ncia\" \/>\n<meta property=\"og:description\" content=\"L&#8217;\u00f2pera prima del director obri el concurs de la Mostra de Val\u00e8ncia amb un relat coral protagonitzat per Nakarey i amb Rosita Amores i Samantha [&hellip;]\" \/>\n<meta property=\"og:url\" content=\"https:\/\/lamostradevalencia.com\/ca\/jordi-nunez-el-que-sabem-parla-de-valencia-i-les-seues-cicatrius\/\" \/>\n<meta property=\"og:site_name\" content=\"Mostra de Val\u00e8ncia\" \/>\n<meta property=\"article:published_time\" content=\"2022-10-19T15:18:45+00:00\" \/>\n<meta property=\"article:modified_time\" content=\"2022-10-19T15:19:34+00:00\" \/>\n<meta property=\"og:image\" content=\"https:\/\/lamostradevalencia.com\/wp-content\/uploads\/2022\/10\/WhatsApp-Image-2022-10-19-at-13.53.13-1.jpeg\" \/>\n\t<meta property=\"og:image:width\" content=\"700\" \/>\n\t<meta property=\"og:image:height\" content=\"700\" \/>\n\t<meta property=\"og:image:type\" content=\"image\/jpeg\" \/>\n<meta name=\"author\" content=\"Mostra de Val\u00e8ncia\" \/>\n<meta name=\"twitter:card\" content=\"summary_large_image\" \/>\n<meta name=\"twitter:label1\" content=\"Escrit per\" \/>\n\t<meta name=\"twitter:data1\" content=\"Mostra de Val\u00e8ncia\" \/>\n\t<meta name=\"twitter:label2\" content=\"Temps estimat de lectura\" \/>\n\t<meta name=\"twitter:data2\" content=\"3 minuts\" \/>\n<script type=\"application\/ld+json\" class=\"yoast-schema-graph\">{\"@context\":\"https:\\\/\\\/schema.org\",\"@graph\":[{\"@type\":\"Article\",\"@id\":\"https:\\\/\\\/lamostradevalencia.com\\\/ca\\\/jordi-nunez-el-que-sabem-parla-de-valencia-i-les-seues-cicatrius\\\/#article\",\"isPartOf\":{\"@id\":\"https:\\\/\\\/lamostradevalencia.com\\\/ca\\\/jordi-nunez-el-que-sabem-parla-de-valencia-i-les-seues-cicatrius\\\/\"},\"author\":{\"name\":\"Mostra de Val\u00e8ncia\",\"@id\":\"https:\\\/\\\/lamostradevalencia.com\\\/ca\\\/#\\\/schema\\\/person\\\/1dc07e4df3d6310b81d2cdf6a034070c\"},\"headline\":\"Jordi N\u00fa\u00f1ez: \u201c&#8217;El que sabem&#8217; parla de Val\u00e8ncia i les seues cicatrius&#8221;\",\"datePublished\":\"2022-10-19T15:18:45+00:00\",\"dateModified\":\"2022-10-19T15:19:34+00:00\",\"mainEntityOfPage\":{\"@id\":\"https:\\\/\\\/lamostradevalencia.com\\\/ca\\\/jordi-nunez-el-que-sabem-parla-de-valencia-i-les-seues-cicatrius\\\/\"},\"wordCount\":554,\"commentCount\":0,\"image\":{\"@id\":\"https:\\\/\\\/lamostradevalencia.com\\\/ca\\\/jordi-nunez-el-que-sabem-parla-de-valencia-i-les-seues-cicatrius\\\/#primaryimage\"},\"thumbnailUrl\":\"https:\\\/\\\/lamostradevalencia.com\\\/wp-content\\\/uploads\\\/2022\\\/10\\\/WhatsApp-Image-2022-10-19-at-13.53.13-1.jpeg\",\"articleSection\":[\"Noticies\"],\"inLanguage\":\"ca\",\"potentialAction\":[{\"@type\":\"CommentAction\",\"name\":\"Comment\",\"target\":[\"https:\\\/\\\/lamostradevalencia.com\\\/ca\\\/jordi-nunez-el-que-sabem-parla-de-valencia-i-les-seues-cicatrius\\\/#respond\"]}]},{\"@type\":\"WebPage\",\"@id\":\"https:\\\/\\\/lamostradevalencia.com\\\/ca\\\/jordi-nunez-el-que-sabem-parla-de-valencia-i-les-seues-cicatrius\\\/\",\"url\":\"https:\\\/\\\/lamostradevalencia.com\\\/ca\\\/jordi-nunez-el-que-sabem-parla-de-valencia-i-les-seues-cicatrius\\\/\",\"name\":\"Jordi N\u00fa\u00f1ez: \u201c'El que sabem' parla de Val\u00e8ncia i les seues cicatrius\\\" - Mostra de Val\u00e8ncia\",\"isPartOf\":{\"@id\":\"https:\\\/\\\/lamostradevalencia.com\\\/ca\\\/#website\"},\"primaryImageOfPage\":{\"@id\":\"https:\\\/\\\/lamostradevalencia.com\\\/ca\\\/jordi-nunez-el-que-sabem-parla-de-valencia-i-les-seues-cicatrius\\\/#primaryimage\"},\"image\":{\"@id\":\"https:\\\/\\\/lamostradevalencia.com\\\/ca\\\/jordi-nunez-el-que-sabem-parla-de-valencia-i-les-seues-cicatrius\\\/#primaryimage\"},\"thumbnailUrl\":\"https:\\\/\\\/lamostradevalencia.com\\\/wp-content\\\/uploads\\\/2022\\\/10\\\/WhatsApp-Image-2022-10-19-at-13.53.13-1.jpeg\",\"datePublished\":\"2022-10-19T15:18:45+00:00\",\"dateModified\":\"2022-10-19T15:19:34+00:00\",\"author\":{\"@id\":\"https:\\\/\\\/lamostradevalencia.com\\\/ca\\\/#\\\/schema\\\/person\\\/1dc07e4df3d6310b81d2cdf6a034070c\"},\"breadcrumb\":{\"@id\":\"https:\\\/\\\/lamostradevalencia.com\\\/ca\\\/jordi-nunez-el-que-sabem-parla-de-valencia-i-les-seues-cicatrius\\\/#breadcrumb\"},\"inLanguage\":\"ca\",\"potentialAction\":[{\"@type\":\"ReadAction\",\"target\":[\"https:\\\/\\\/lamostradevalencia.com\\\/ca\\\/jordi-nunez-el-que-sabem-parla-de-valencia-i-les-seues-cicatrius\\\/\"]}]},{\"@type\":\"ImageObject\",\"inLanguage\":\"ca\",\"@id\":\"https:\\\/\\\/lamostradevalencia.com\\\/ca\\\/jordi-nunez-el-que-sabem-parla-de-valencia-i-les-seues-cicatrius\\\/#primaryimage\",\"url\":\"https:\\\/\\\/lamostradevalencia.com\\\/wp-content\\\/uploads\\\/2022\\\/10\\\/WhatsApp-Image-2022-10-19-at-13.53.13-1.jpeg\",\"contentUrl\":\"https:\\\/\\\/lamostradevalencia.com\\\/wp-content\\\/uploads\\\/2022\\\/10\\\/WhatsApp-Image-2022-10-19-at-13.53.13-1.jpeg\",\"width\":700,\"height\":700},{\"@type\":\"BreadcrumbList\",\"@id\":\"https:\\\/\\\/lamostradevalencia.com\\\/ca\\\/jordi-nunez-el-que-sabem-parla-de-valencia-i-les-seues-cicatrius\\\/#breadcrumb\",\"itemListElement\":[{\"@type\":\"ListItem\",\"position\":1,\"name\":\"Portada\",\"item\":\"https:\\\/\\\/lamostradevalencia.com\\\/ca\\\/\"},{\"@type\":\"ListItem\",\"position\":2,\"name\":\"Jordi N\u00fa\u00f1ez: \u201c&#8217;El que sabem&#8217; parla de Val\u00e8ncia i les seues cicatrius\u00bb\"}]},{\"@type\":\"WebSite\",\"@id\":\"https:\\\/\\\/lamostradevalencia.com\\\/ca\\\/#website\",\"url\":\"https:\\\/\\\/lamostradevalencia.com\\\/ca\\\/\",\"name\":\"Mostra de Val\u00e8ncia\",\"description\":\"Cinema del Mediterrani\",\"potentialAction\":[{\"@type\":\"SearchAction\",\"target\":{\"@type\":\"EntryPoint\",\"urlTemplate\":\"https:\\\/\\\/lamostradevalencia.com\\\/ca\\\/?s={search_term_string}\"},\"query-input\":{\"@type\":\"PropertyValueSpecification\",\"valueRequired\":true,\"valueName\":\"search_term_string\"}}],\"inLanguage\":\"ca\"},{\"@type\":\"Person\",\"@id\":\"https:\\\/\\\/lamostradevalencia.com\\\/ca\\\/#\\\/schema\\\/person\\\/1dc07e4df3d6310b81d2cdf6a034070c\",\"name\":\"Mostra de Val\u00e8ncia\",\"image\":{\"@type\":\"ImageObject\",\"inLanguage\":\"ca\",\"@id\":\"https:\\\/\\\/secure.gravatar.com\\\/avatar\\\/ada4dfd699a9907706987adb1bb2b361c2613ccca474b49b8c648de5208e32f8?s=96&d=mm&r=g\",\"url\":\"https:\\\/\\\/secure.gravatar.com\\\/avatar\\\/ada4dfd699a9907706987adb1bb2b361c2613ccca474b49b8c648de5208e32f8?s=96&d=mm&r=g\",\"contentUrl\":\"https:\\\/\\\/secure.gravatar.com\\\/avatar\\\/ada4dfd699a9907706987adb1bb2b361c2613ccca474b49b8c648de5208e32f8?s=96&d=mm&r=g\",\"caption\":\"Mostra de Val\u00e8ncia\"}}]}<\/script>\n<!-- \/ Yoast SEO plugin. -->","yoast_head_json":{"title":"Jordi N\u00fa\u00f1ez: \u201c'El que sabem' parla de Val\u00e8ncia i les seues cicatrius\" - Mostra de Val\u00e8ncia","robots":{"index":"index","follow":"follow","max-snippet":"max-snippet:-1","max-image-preview":"max-image-preview:large","max-video-preview":"max-video-preview:-1"},"canonical":"https:\/\/lamostradevalencia.com\/ca\/jordi-nunez-el-que-sabem-parla-de-valencia-i-les-seues-cicatrius\/","og_locale":"ca_ES","og_type":"article","og_title":"Jordi N\u00fa\u00f1ez: \u201c'El que sabem' parla de Val\u00e8ncia i les seues cicatrius\" - Mostra de Val\u00e8ncia","og_description":"L&#8217;\u00f2pera prima del director obri el concurs de la Mostra de Val\u00e8ncia amb un relat coral protagonitzat per Nakarey i amb Rosita Amores i Samantha [&hellip;]","og_url":"https:\/\/lamostradevalencia.com\/ca\/jordi-nunez-el-que-sabem-parla-de-valencia-i-les-seues-cicatrius\/","og_site_name":"Mostra de Val\u00e8ncia","article_published_time":"2022-10-19T15:18:45+00:00","article_modified_time":"2022-10-19T15:19:34+00:00","og_image":[{"width":700,"height":700,"url":"https:\/\/lamostradevalencia.com\/wp-content\/uploads\/2022\/10\/WhatsApp-Image-2022-10-19-at-13.53.13-1.jpeg","type":"image\/jpeg"}],"author":"Mostra de Val\u00e8ncia","twitter_card":"summary_large_image","twitter_misc":{"Escrit per":"Mostra de Val\u00e8ncia","Temps estimat de lectura":"3 minuts"},"schema":{"@context":"https:\/\/schema.org","@graph":[{"@type":"Article","@id":"https:\/\/lamostradevalencia.com\/ca\/jordi-nunez-el-que-sabem-parla-de-valencia-i-les-seues-cicatrius\/#article","isPartOf":{"@id":"https:\/\/lamostradevalencia.com\/ca\/jordi-nunez-el-que-sabem-parla-de-valencia-i-les-seues-cicatrius\/"},"author":{"name":"Mostra de Val\u00e8ncia","@id":"https:\/\/lamostradevalencia.com\/ca\/#\/schema\/person\/1dc07e4df3d6310b81d2cdf6a034070c"},"headline":"Jordi N\u00fa\u00f1ez: \u201c&#8217;El que sabem&#8217; parla de Val\u00e8ncia i les seues cicatrius&#8221;","datePublished":"2022-10-19T15:18:45+00:00","dateModified":"2022-10-19T15:19:34+00:00","mainEntityOfPage":{"@id":"https:\/\/lamostradevalencia.com\/ca\/jordi-nunez-el-que-sabem-parla-de-valencia-i-les-seues-cicatrius\/"},"wordCount":554,"commentCount":0,"image":{"@id":"https:\/\/lamostradevalencia.com\/ca\/jordi-nunez-el-que-sabem-parla-de-valencia-i-les-seues-cicatrius\/#primaryimage"},"thumbnailUrl":"https:\/\/lamostradevalencia.com\/wp-content\/uploads\/2022\/10\/WhatsApp-Image-2022-10-19-at-13.53.13-1.jpeg","articleSection":["Noticies"],"inLanguage":"ca","potentialAction":[{"@type":"CommentAction","name":"Comment","target":["https:\/\/lamostradevalencia.com\/ca\/jordi-nunez-el-que-sabem-parla-de-valencia-i-les-seues-cicatrius\/#respond"]}]},{"@type":"WebPage","@id":"https:\/\/lamostradevalencia.com\/ca\/jordi-nunez-el-que-sabem-parla-de-valencia-i-les-seues-cicatrius\/","url":"https:\/\/lamostradevalencia.com\/ca\/jordi-nunez-el-que-sabem-parla-de-valencia-i-les-seues-cicatrius\/","name":"Jordi N\u00fa\u00f1ez: \u201c'El que sabem' parla de Val\u00e8ncia i les seues cicatrius\" - Mostra de Val\u00e8ncia","isPartOf":{"@id":"https:\/\/lamostradevalencia.com\/ca\/#website"},"primaryImageOfPage":{"@id":"https:\/\/lamostradevalencia.com\/ca\/jordi-nunez-el-que-sabem-parla-de-valencia-i-les-seues-cicatrius\/#primaryimage"},"image":{"@id":"https:\/\/lamostradevalencia.com\/ca\/jordi-nunez-el-que-sabem-parla-de-valencia-i-les-seues-cicatrius\/#primaryimage"},"thumbnailUrl":"https:\/\/lamostradevalencia.com\/wp-content\/uploads\/2022\/10\/WhatsApp-Image-2022-10-19-at-13.53.13-1.jpeg","datePublished":"2022-10-19T15:18:45+00:00","dateModified":"2022-10-19T15:19:34+00:00","author":{"@id":"https:\/\/lamostradevalencia.com\/ca\/#\/schema\/person\/1dc07e4df3d6310b81d2cdf6a034070c"},"breadcrumb":{"@id":"https:\/\/lamostradevalencia.com\/ca\/jordi-nunez-el-que-sabem-parla-de-valencia-i-les-seues-cicatrius\/#breadcrumb"},"inLanguage":"ca","potentialAction":[{"@type":"ReadAction","target":["https:\/\/lamostradevalencia.com\/ca\/jordi-nunez-el-que-sabem-parla-de-valencia-i-les-seues-cicatrius\/"]}]},{"@type":"ImageObject","inLanguage":"ca","@id":"https:\/\/lamostradevalencia.com\/ca\/jordi-nunez-el-que-sabem-parla-de-valencia-i-les-seues-cicatrius\/#primaryimage","url":"https:\/\/lamostradevalencia.com\/wp-content\/uploads\/2022\/10\/WhatsApp-Image-2022-10-19-at-13.53.13-1.jpeg","contentUrl":"https:\/\/lamostradevalencia.com\/wp-content\/uploads\/2022\/10\/WhatsApp-Image-2022-10-19-at-13.53.13-1.jpeg","width":700,"height":700},{"@type":"BreadcrumbList","@id":"https:\/\/lamostradevalencia.com\/ca\/jordi-nunez-el-que-sabem-parla-de-valencia-i-les-seues-cicatrius\/#breadcrumb","itemListElement":[{"@type":"ListItem","position":1,"name":"Portada","item":"https:\/\/lamostradevalencia.com\/ca\/"},{"@type":"ListItem","position":2,"name":"Jordi N\u00fa\u00f1ez: \u201c&#8217;El que sabem&#8217; parla de Val\u00e8ncia i les seues cicatrius\u00bb"}]},{"@type":"WebSite","@id":"https:\/\/lamostradevalencia.com\/ca\/#website","url":"https:\/\/lamostradevalencia.com\/ca\/","name":"Mostra de Val\u00e8ncia","description":"Cinema del Mediterrani","potentialAction":[{"@type":"SearchAction","target":{"@type":"EntryPoint","urlTemplate":"https:\/\/lamostradevalencia.com\/ca\/?s={search_term_string}"},"query-input":{"@type":"PropertyValueSpecification","valueRequired":true,"valueName":"search_term_string"}}],"inLanguage":"ca"},{"@type":"Person","@id":"https:\/\/lamostradevalencia.com\/ca\/#\/schema\/person\/1dc07e4df3d6310b81d2cdf6a034070c","name":"Mostra de Val\u00e8ncia","image":{"@type":"ImageObject","inLanguage":"ca","@id":"https:\/\/secure.gravatar.com\/avatar\/ada4dfd699a9907706987adb1bb2b361c2613ccca474b49b8c648de5208e32f8?s=96&d=mm&r=g","url":"https:\/\/secure.gravatar.com\/avatar\/ada4dfd699a9907706987adb1bb2b361c2613ccca474b49b8c648de5208e32f8?s=96&d=mm&r=g","contentUrl":"https:\/\/secure.gravatar.com\/avatar\/ada4dfd699a9907706987adb1bb2b361c2613ccca474b49b8c648de5208e32f8?s=96&d=mm&r=g","caption":"Mostra de Val\u00e8ncia"}}]}},"uagb_featured_image_src":{"full":["https:\/\/lamostradevalencia.com\/wp-content\/uploads\/2022\/10\/WhatsApp-Image-2022-10-19-at-13.53.13-1.jpeg",700,700,false],"thumbnail":["https:\/\/lamostradevalencia.com\/wp-content\/uploads\/2022\/10\/WhatsApp-Image-2022-10-19-at-13.53.13-1-150x150.jpeg",150,150,true],"medium":["https:\/\/lamostradevalencia.com\/wp-content\/uploads\/2022\/10\/WhatsApp-Image-2022-10-19-at-13.53.13-1-300x300.jpeg",300,300,true],"medium_large":["https:\/\/lamostradevalencia.com\/wp-content\/uploads\/2022\/10\/WhatsApp-Image-2022-10-19-at-13.53.13-1.jpeg",700,700,false],"large":["https:\/\/lamostradevalencia.com\/wp-content\/uploads\/2022\/10\/WhatsApp-Image-2022-10-19-at-13.53.13-1.jpeg",700,700,false],"1536x1536":["https:\/\/lamostradevalencia.com\/wp-content\/uploads\/2022\/10\/WhatsApp-Image-2022-10-19-at-13.53.13-1.jpeg",700,700,false],"2048x2048":["https:\/\/lamostradevalencia.com\/wp-content\/uploads\/2022\/10\/WhatsApp-Image-2022-10-19-at-13.53.13-1.jpeg",700,700,false],"cinerama_edge_image_square":["https:\/\/lamostradevalencia.com\/wp-content\/uploads\/2022\/10\/WhatsApp-Image-2022-10-19-at-13.53.13-1-550x550.jpeg",550,550,true],"cinerama_edge_image_landscape":["https:\/\/lamostradevalencia.com\/wp-content\/uploads\/2022\/10\/WhatsApp-Image-2022-10-19-at-13.53.13-1-700x550.jpeg",700,550,true],"cinerama_edge_image_portrait":["https:\/\/lamostradevalencia.com\/wp-content\/uploads\/2022\/10\/WhatsApp-Image-2022-10-19-at-13.53.13-1-550x700.jpeg",550,700,true],"cinerama_edge_image_huge":["https:\/\/lamostradevalencia.com\/wp-content\/uploads\/2022\/10\/WhatsApp-Image-2022-10-19-at-13.53.13-1.jpeg",700,700,false],"gform-image-choice-sm":["https:\/\/lamostradevalencia.com\/wp-content\/uploads\/2022\/10\/WhatsApp-Image-2022-10-19-at-13.53.13-1.jpeg",300,300,false],"gform-image-choice-md":["https:\/\/lamostradevalencia.com\/wp-content\/uploads\/2022\/10\/WhatsApp-Image-2022-10-19-at-13.53.13-1.jpeg",400,400,false],"gform-image-choice-lg":["https:\/\/lamostradevalencia.com\/wp-content\/uploads\/2022\/10\/WhatsApp-Image-2022-10-19-at-13.53.13-1.jpeg",600,600,false]},"uagb_author_info":{"display_name":"Mostra de Val\u00e8ncia","author_link":"https:\/\/lamostradevalencia.com\/ca\/author\/mostravalencia\/"},"uagb_comment_info":0,"uagb_excerpt":"L&#8217;\u00f2pera prima del director obri el concurs de la Mostra de Val\u00e8ncia amb un relat coral protagonitzat per Nakarey i amb Rosita Amores i Samantha [&hellip;]","_links":{"self":[{"href":"https:\/\/lamostradevalencia.com\/ca\/wp-json\/wp\/v2\/posts\/17237","targetHints":{"allow":["GET"]}}],"collection":[{"href":"https:\/\/lamostradevalencia.com\/ca\/wp-json\/wp\/v2\/posts"}],"about":[{"href":"https:\/\/lamostradevalencia.com\/ca\/wp-json\/wp\/v2\/types\/post"}],"author":[{"embeddable":true,"href":"https:\/\/lamostradevalencia.com\/ca\/wp-json\/wp\/v2\/users\/1"}],"replies":[{"embeddable":true,"href":"https:\/\/lamostradevalencia.com\/ca\/wp-json\/wp\/v2\/comments?post=17237"}],"version-history":[{"count":2,"href":"https:\/\/lamostradevalencia.com\/ca\/wp-json\/wp\/v2\/posts\/17237\/revisions"}],"predecessor-version":[{"id":17239,"href":"https:\/\/lamostradevalencia.com\/ca\/wp-json\/wp\/v2\/posts\/17237\/revisions\/17239"}],"wp:featuredmedia":[{"embeddable":true,"href":"https:\/\/lamostradevalencia.com\/ca\/wp-json\/wp\/v2\/media\/17233"}],"wp:attachment":[{"href":"https:\/\/lamostradevalencia.com\/ca\/wp-json\/wp\/v2\/media?parent=17237"}],"wp:term":[{"taxonomy":"category","embeddable":true,"href":"https:\/\/lamostradevalencia.com\/ca\/wp-json\/wp\/v2\/categories?post=17237"},{"taxonomy":"post_tag","embeddable":true,"href":"https:\/\/lamostradevalencia.com\/ca\/wp-json\/wp\/v2\/tags?post=17237"}],"curies":[{"name":"wp","href":"https:\/\/api.w.org\/{rel}","templated":true}]}}