{"id":17154,"date":"2022-10-14T13:33:09","date_gmt":"2022-10-14T11:33:09","guid":{"rendered":"https:\/\/lamostradevalencia.com\/?p=17154"},"modified":"2022-10-14T13:33:09","modified_gmt":"2022-10-14T11:33:09","slug":"mostra-de-valencia-pren-el-pols-als-nous-cineastes-mediterranis-amb-a-premiere-vue","status":"publish","type":"post","link":"https:\/\/lamostradevalencia.com\/ca\/mostra-de-valencia-pren-el-pols-als-nous-cineastes-mediterranis-amb-a-premiere-vue\/","title":{"rendered":"Mostra de Val\u00e8ncia pren el pols als nous cineastes mediterranis amb\u00a0\u201c\u00c0 premi\u00e8re vue\u201d"},"content":{"rendered":"<h5>El programa de curts comptar\u00e0 per primera vegada amb representaci\u00f3 espanyola, \u201cL&#8217;\u00faltim telegrafista\u201d, de l&#8217;escola valenciana Barreira Arte + Dise\u00f1o<\/h5>\n<p>Des de l&#8217;any passat, Mostra de Val\u00e8ncia compta amb este programa que oferix una selecci\u00f3 de curts procedents d&#8217;escoles de cine de Beirut (Acad\u00e9mie Libanaise des Beaux-Arts), Marr\u00e0queix (ESAV Marr\u00e0queix) i Tun\u00edsia (ESAC Gammarth). A esta voluntat\u00a0per descobrir joves valors s&#8217;incorpora enguany el centre valenci\u00e0 Barreira A+D, que a m\u00e9s ser\u00e0 la seu durant el festival del Val\u00e8ncia Films Afers, el primer f\u00f2rum de coproducci\u00f3 mediterrani que posa en marxa la Mostra.<\/p>\n<p>La iniciativa est\u00e0 comissariada per la Conf\u00e9rence Permanente de l&#8217;Audiovisuel Mediterran\u00e9en (Copeam) en col\u00b7laboraci\u00f3 amb la Universit\u00e0 Telematica Internazionale Uninettuno. La Copeam \u00e9s una associaci\u00f3 sense \u00e0nim de lucre dedicada a la promoci\u00f3 del di\u00e0leg i la integraci\u00f3 cultural al Mediterrani, a trav\u00e9s de la implicaci\u00f3 dels principals actors del sector audiovisual, entre els quals destaquen les r\u00e0dios i televisions p\u00fabliques de 26 pa\u00efsos, associacions professionals i culturals, festivals de cinema, institucions educatives, productores independents, autoritats locals d&#8217;Europa, Balcans, \u00c0frica del Nord i Orient Mitj\u00e0 i festivals de cinema.<\/p>\n<p>La presidenta de Mostra de Val\u00e8ncia, Gloria Tello, assegura que \u201cel festival, que cada any ens oferix una gran selecci\u00f3 dels millors llargmetratges mediterranis, t\u00e9 amb este programa l&#8217;oportunitat de posar en valor als joves curtmetratgistes<u>,<\/u> gr\u00e0cies a una selecci\u00f3 avalada per una instituci\u00f3 respectada com Copeam\u201d.<\/p>\n<p>La 37a edici\u00f3 del festival compta amb la col\u00b7laboraci\u00f3 de l\u2019Institut Valenci\u00e0 de Cultura (IVC), Rambleta, Val\u00e8ncia Film Office, Barreira Arte + Dise\u00f1o i \u00c0 Punt M\u00e8dia com a mitj\u00e0 oficial.<\/p>\n<p>Els curtmetratges seleccionats en esta ocasi\u00f3 s\u00f3n:<\/p>\n<p><strong>&#8216;THE TOWER OF SILENCE&#8217;, DE MOHAMED AOUAD<\/strong><br \/>\nAouad escriu i dirigix este curt sobre un jove marroqu\u00ed que viu sol en la granja dels seus pares. Despr\u00e9s d&#8217;un menjar, la seua fam\u00edlia descobrix que les seq\u00fceles del seu passat van m\u00e9s enll\u00e0 del que podien imaginar.<\/p>\n<p><strong>&#8216;LA VEILLE DU VOLCAN&#8217;, DE ABANOUD YOUSSEF<\/strong><br \/>\nDes de Tun\u00edsia ens arriben tres hist\u00f2ries paral\u00b7leles, una ira esperada, gent oprimida\u2026 Per\u00f2 quan la consci\u00e8ncia desperte, nom\u00e9s hi haur\u00e0 un cam\u00ed a prendre: el de la r\u00e0bia, el del volc\u00e0. Esperant la pr\u00f2xima revoluci\u00f3 africana, el pr\u00f2xim volc\u00e0.<\/p>\n<p><strong>&#8216;DESCENT INTO LIMBO&#8217;, DE MARIA GHOSH<\/strong><br \/>\nL&#8217;arribada i el comportament de tres persones de la ciutat que lloguen una cabanya en el camp a L\u00edban trastoca la vida d&#8217;una parella de germans que habita el lloc, i que es veur\u00e0 submergida en una tr\u00e0gica relaci\u00f3 amb ells.<\/p>\n<p><strong>&#8216;L\u2019\u00daLTIM TELEGRAFISTA&#8217;, DE PABLO S\u00c1NCHEZ <\/strong><br \/>\nLa rutina, la inutilitat i la monotonia s&#8217;acarnissen amb l&#8217;\u00faltim cos de telegrafistes de l&#8217;ex\u00e8rcit. Tot canviar\u00e0 quan el m\u00f3n torne a sumir-se en guerra i este departament siga l&#8217;\u00faltim front disponible per a la batalla.<\/p>\n","protected":false},"excerpt":{"rendered":"<p>El programa de curts comptar\u00e0 per primera vegada amb representaci\u00f3 espanyola, \u201cL&#8217;\u00faltim telegrafista\u201d, de l&#8217;escola valenciana Barreira Arte + Dise\u00f1o Des de l&#8217;any passat, Mostra [&hellip;]<\/p>\n","protected":false},"author":1,"featured_media":17155,"comment_status":"open","ping_status":"open","sticky":false,"template":"","format":"standard","meta":{"_uag_custom_page_level_css":"","_jet_sm_ready_style":"","_jet_sm_style":"","_jet_sm_controls_values":"","_jet_sm_fonts_collection":"","_jet_sm_fonts_links":"","footnotes":""},"categories":[455],"tags":[],"class_list":["post-17154","post","type-post","status-publish","format-standard","has-post-thumbnail","hentry","category-noticies"],"yoast_head":"<!-- This site is optimized with the Yoast SEO plugin v27.5 - https:\/\/yoast.com\/product\/yoast-seo-wordpress\/ -->\n<title>Mostra de Val\u00e8ncia pren el pols als nous cineastes mediterranis amb\u00a0\u201c\u00c0 premi\u00e8re vue\u201d - Mostra de Val\u00e8ncia<\/title>\n<meta name=\"robots\" content=\"index, follow, max-snippet:-1, max-image-preview:large, max-video-preview:-1\" \/>\n<link rel=\"canonical\" href=\"https:\/\/lamostradevalencia.com\/ca\/mostra-de-valencia-pren-el-pols-als-nous-cineastes-mediterranis-amb-a-premiere-vue\/\" \/>\n<meta property=\"og:locale\" content=\"ca_ES\" \/>\n<meta property=\"og:type\" content=\"article\" \/>\n<meta property=\"og:title\" content=\"Mostra de Val\u00e8ncia pren el pols als nous cineastes mediterranis amb\u00a0\u201c\u00c0 premi\u00e8re vue\u201d - Mostra de Val\u00e8ncia\" \/>\n<meta property=\"og:description\" content=\"El programa de curts comptar\u00e0 per primera vegada amb representaci\u00f3 espanyola, \u201cL&#8217;\u00faltim telegrafista\u201d, de l&#8217;escola valenciana Barreira Arte + Dise\u00f1o Des de l&#8217;any passat, Mostra [&hellip;]\" \/>\n<meta property=\"og:url\" content=\"https:\/\/lamostradevalencia.com\/ca\/mostra-de-valencia-pren-el-pols-als-nous-cineastes-mediterranis-amb-a-premiere-vue\/\" \/>\n<meta property=\"og:site_name\" content=\"Mostra de Val\u00e8ncia\" \/>\n<meta property=\"article:published_time\" content=\"2022-10-14T11:33:09+00:00\" \/>\n<meta property=\"og:image\" content=\"https:\/\/lamostradevalencia.com\/wp-content\/uploads\/2022\/10\/descend-into-limbo_1200-1.jpg\" \/>\n\t<meta property=\"og:image:width\" content=\"1200\" \/>\n\t<meta property=\"og:image:height\" content=\"900\" \/>\n\t<meta property=\"og:image:type\" content=\"image\/jpeg\" \/>\n<meta name=\"author\" content=\"Mostra de Val\u00e8ncia\" \/>\n<meta name=\"twitter:card\" content=\"summary_large_image\" \/>\n<meta name=\"twitter:label1\" content=\"Escrit per\" \/>\n\t<meta name=\"twitter:data1\" content=\"Mostra de Val\u00e8ncia\" \/>\n\t<meta name=\"twitter:label2\" content=\"Temps estimat de lectura\" \/>\n\t<meta name=\"twitter:data2\" content=\"2 minuts\" \/>\n<script type=\"application\/ld+json\" class=\"yoast-schema-graph\">{\"@context\":\"https:\\\/\\\/schema.org\",\"@graph\":[{\"@type\":\"Article\",\"@id\":\"https:\\\/\\\/lamostradevalencia.com\\\/ca\\\/mostra-de-valencia-pren-el-pols-als-nous-cineastes-mediterranis-amb-a-premiere-vue\\\/#article\",\"isPartOf\":{\"@id\":\"https:\\\/\\\/lamostradevalencia.com\\\/ca\\\/mostra-de-valencia-pren-el-pols-als-nous-cineastes-mediterranis-amb-a-premiere-vue\\\/\"},\"author\":{\"name\":\"Mostra de Val\u00e8ncia\",\"@id\":\"https:\\\/\\\/lamostradevalencia.com\\\/ca\\\/#\\\/schema\\\/person\\\/1dc07e4df3d6310b81d2cdf6a034070c\"},\"headline\":\"Mostra de Val\u00e8ncia pren el pols als nous cineastes mediterranis amb\u00a0\u201c\u00c0 premi\u00e8re vue\u201d\",\"datePublished\":\"2022-10-14T11:33:09+00:00\",\"mainEntityOfPage\":{\"@id\":\"https:\\\/\\\/lamostradevalencia.com\\\/ca\\\/mostra-de-valencia-pren-el-pols-als-nous-cineastes-mediterranis-amb-a-premiere-vue\\\/\"},\"wordCount\":518,\"commentCount\":0,\"image\":{\"@id\":\"https:\\\/\\\/lamostradevalencia.com\\\/ca\\\/mostra-de-valencia-pren-el-pols-als-nous-cineastes-mediterranis-amb-a-premiere-vue\\\/#primaryimage\"},\"thumbnailUrl\":\"https:\\\/\\\/lamostradevalencia.com\\\/wp-content\\\/uploads\\\/2022\\\/10\\\/descend-into-limbo_1200-1.jpg\",\"articleSection\":[\"Noticies\"],\"inLanguage\":\"ca\",\"potentialAction\":[{\"@type\":\"CommentAction\",\"name\":\"Comment\",\"target\":[\"https:\\\/\\\/lamostradevalencia.com\\\/ca\\\/mostra-de-valencia-pren-el-pols-als-nous-cineastes-mediterranis-amb-a-premiere-vue\\\/#respond\"]}]},{\"@type\":\"WebPage\",\"@id\":\"https:\\\/\\\/lamostradevalencia.com\\\/ca\\\/mostra-de-valencia-pren-el-pols-als-nous-cineastes-mediterranis-amb-a-premiere-vue\\\/\",\"url\":\"https:\\\/\\\/lamostradevalencia.com\\\/ca\\\/mostra-de-valencia-pren-el-pols-als-nous-cineastes-mediterranis-amb-a-premiere-vue\\\/\",\"name\":\"Mostra de Val\u00e8ncia pren el pols als nous cineastes mediterranis amb\u00a0\u201c\u00c0 premi\u00e8re vue\u201d - Mostra de Val\u00e8ncia\",\"isPartOf\":{\"@id\":\"https:\\\/\\\/lamostradevalencia.com\\\/ca\\\/#website\"},\"primaryImageOfPage\":{\"@id\":\"https:\\\/\\\/lamostradevalencia.com\\\/ca\\\/mostra-de-valencia-pren-el-pols-als-nous-cineastes-mediterranis-amb-a-premiere-vue\\\/#primaryimage\"},\"image\":{\"@id\":\"https:\\\/\\\/lamostradevalencia.com\\\/ca\\\/mostra-de-valencia-pren-el-pols-als-nous-cineastes-mediterranis-amb-a-premiere-vue\\\/#primaryimage\"},\"thumbnailUrl\":\"https:\\\/\\\/lamostradevalencia.com\\\/wp-content\\\/uploads\\\/2022\\\/10\\\/descend-into-limbo_1200-1.jpg\",\"datePublished\":\"2022-10-14T11:33:09+00:00\",\"author\":{\"@id\":\"https:\\\/\\\/lamostradevalencia.com\\\/ca\\\/#\\\/schema\\\/person\\\/1dc07e4df3d6310b81d2cdf6a034070c\"},\"breadcrumb\":{\"@id\":\"https:\\\/\\\/lamostradevalencia.com\\\/ca\\\/mostra-de-valencia-pren-el-pols-als-nous-cineastes-mediterranis-amb-a-premiere-vue\\\/#breadcrumb\"},\"inLanguage\":\"ca\",\"potentialAction\":[{\"@type\":\"ReadAction\",\"target\":[\"https:\\\/\\\/lamostradevalencia.com\\\/ca\\\/mostra-de-valencia-pren-el-pols-als-nous-cineastes-mediterranis-amb-a-premiere-vue\\\/\"]}]},{\"@type\":\"ImageObject\",\"inLanguage\":\"ca\",\"@id\":\"https:\\\/\\\/lamostradevalencia.com\\\/ca\\\/mostra-de-valencia-pren-el-pols-als-nous-cineastes-mediterranis-amb-a-premiere-vue\\\/#primaryimage\",\"url\":\"https:\\\/\\\/lamostradevalencia.com\\\/wp-content\\\/uploads\\\/2022\\\/10\\\/descend-into-limbo_1200-1.jpg\",\"contentUrl\":\"https:\\\/\\\/lamostradevalencia.com\\\/wp-content\\\/uploads\\\/2022\\\/10\\\/descend-into-limbo_1200-1.jpg\",\"width\":1200,\"height\":900},{\"@type\":\"BreadcrumbList\",\"@id\":\"https:\\\/\\\/lamostradevalencia.com\\\/ca\\\/mostra-de-valencia-pren-el-pols-als-nous-cineastes-mediterranis-amb-a-premiere-vue\\\/#breadcrumb\",\"itemListElement\":[{\"@type\":\"ListItem\",\"position\":1,\"name\":\"Portada\",\"item\":\"https:\\\/\\\/lamostradevalencia.com\\\/ca\\\/\"},{\"@type\":\"ListItem\",\"position\":2,\"name\":\"Mostra de Val\u00e8ncia pren el pols als nous cineastes mediterranis amb\u00a0\u201c\u00c0 premi\u00e8re vue\u201d\"}]},{\"@type\":\"WebSite\",\"@id\":\"https:\\\/\\\/lamostradevalencia.com\\\/ca\\\/#website\",\"url\":\"https:\\\/\\\/lamostradevalencia.com\\\/ca\\\/\",\"name\":\"Mostra de Val\u00e8ncia\",\"description\":\"Cinema del Mediterrani\",\"potentialAction\":[{\"@type\":\"SearchAction\",\"target\":{\"@type\":\"EntryPoint\",\"urlTemplate\":\"https:\\\/\\\/lamostradevalencia.com\\\/ca\\\/?s={search_term_string}\"},\"query-input\":{\"@type\":\"PropertyValueSpecification\",\"valueRequired\":true,\"valueName\":\"search_term_string\"}}],\"inLanguage\":\"ca\"},{\"@type\":\"Person\",\"@id\":\"https:\\\/\\\/lamostradevalencia.com\\\/ca\\\/#\\\/schema\\\/person\\\/1dc07e4df3d6310b81d2cdf6a034070c\",\"name\":\"Mostra de Val\u00e8ncia\",\"image\":{\"@type\":\"ImageObject\",\"inLanguage\":\"ca\",\"@id\":\"https:\\\/\\\/secure.gravatar.com\\\/avatar\\\/ada4dfd699a9907706987adb1bb2b361c2613ccca474b49b8c648de5208e32f8?s=96&d=mm&r=g\",\"url\":\"https:\\\/\\\/secure.gravatar.com\\\/avatar\\\/ada4dfd699a9907706987adb1bb2b361c2613ccca474b49b8c648de5208e32f8?s=96&d=mm&r=g\",\"contentUrl\":\"https:\\\/\\\/secure.gravatar.com\\\/avatar\\\/ada4dfd699a9907706987adb1bb2b361c2613ccca474b49b8c648de5208e32f8?s=96&d=mm&r=g\",\"caption\":\"Mostra de Val\u00e8ncia\"}}]}<\/script>\n<!-- \/ Yoast SEO plugin. -->","yoast_head_json":{"title":"Mostra de Val\u00e8ncia pren el pols als nous cineastes mediterranis amb\u00a0\u201c\u00c0 premi\u00e8re vue\u201d - Mostra de Val\u00e8ncia","robots":{"index":"index","follow":"follow","max-snippet":"max-snippet:-1","max-image-preview":"max-image-preview:large","max-video-preview":"max-video-preview:-1"},"canonical":"https:\/\/lamostradevalencia.com\/ca\/mostra-de-valencia-pren-el-pols-als-nous-cineastes-mediterranis-amb-a-premiere-vue\/","og_locale":"ca_ES","og_type":"article","og_title":"Mostra de Val\u00e8ncia pren el pols als nous cineastes mediterranis amb\u00a0\u201c\u00c0 premi\u00e8re vue\u201d - Mostra de Val\u00e8ncia","og_description":"El programa de curts comptar\u00e0 per primera vegada amb representaci\u00f3 espanyola, \u201cL&#8217;\u00faltim telegrafista\u201d, de l&#8217;escola valenciana Barreira Arte + Dise\u00f1o Des de l&#8217;any passat, Mostra [&hellip;]","og_url":"https:\/\/lamostradevalencia.com\/ca\/mostra-de-valencia-pren-el-pols-als-nous-cineastes-mediterranis-amb-a-premiere-vue\/","og_site_name":"Mostra de Val\u00e8ncia","article_published_time":"2022-10-14T11:33:09+00:00","og_image":[{"width":1200,"height":900,"url":"https:\/\/lamostradevalencia.com\/wp-content\/uploads\/2022\/10\/descend-into-limbo_1200-1.jpg","type":"image\/jpeg"}],"author":"Mostra de Val\u00e8ncia","twitter_card":"summary_large_image","twitter_misc":{"Escrit per":"Mostra de Val\u00e8ncia","Temps estimat de lectura":"2 minuts"},"schema":{"@context":"https:\/\/schema.org","@graph":[{"@type":"Article","@id":"https:\/\/lamostradevalencia.com\/ca\/mostra-de-valencia-pren-el-pols-als-nous-cineastes-mediterranis-amb-a-premiere-vue\/#article","isPartOf":{"@id":"https:\/\/lamostradevalencia.com\/ca\/mostra-de-valencia-pren-el-pols-als-nous-cineastes-mediterranis-amb-a-premiere-vue\/"},"author":{"name":"Mostra de Val\u00e8ncia","@id":"https:\/\/lamostradevalencia.com\/ca\/#\/schema\/person\/1dc07e4df3d6310b81d2cdf6a034070c"},"headline":"Mostra de Val\u00e8ncia pren el pols als nous cineastes mediterranis amb\u00a0\u201c\u00c0 premi\u00e8re vue\u201d","datePublished":"2022-10-14T11:33:09+00:00","mainEntityOfPage":{"@id":"https:\/\/lamostradevalencia.com\/ca\/mostra-de-valencia-pren-el-pols-als-nous-cineastes-mediterranis-amb-a-premiere-vue\/"},"wordCount":518,"commentCount":0,"image":{"@id":"https:\/\/lamostradevalencia.com\/ca\/mostra-de-valencia-pren-el-pols-als-nous-cineastes-mediterranis-amb-a-premiere-vue\/#primaryimage"},"thumbnailUrl":"https:\/\/lamostradevalencia.com\/wp-content\/uploads\/2022\/10\/descend-into-limbo_1200-1.jpg","articleSection":["Noticies"],"inLanguage":"ca","potentialAction":[{"@type":"CommentAction","name":"Comment","target":["https:\/\/lamostradevalencia.com\/ca\/mostra-de-valencia-pren-el-pols-als-nous-cineastes-mediterranis-amb-a-premiere-vue\/#respond"]}]},{"@type":"WebPage","@id":"https:\/\/lamostradevalencia.com\/ca\/mostra-de-valencia-pren-el-pols-als-nous-cineastes-mediterranis-amb-a-premiere-vue\/","url":"https:\/\/lamostradevalencia.com\/ca\/mostra-de-valencia-pren-el-pols-als-nous-cineastes-mediterranis-amb-a-premiere-vue\/","name":"Mostra de Val\u00e8ncia pren el pols als nous cineastes mediterranis amb\u00a0\u201c\u00c0 premi\u00e8re vue\u201d - Mostra de Val\u00e8ncia","isPartOf":{"@id":"https:\/\/lamostradevalencia.com\/ca\/#website"},"primaryImageOfPage":{"@id":"https:\/\/lamostradevalencia.com\/ca\/mostra-de-valencia-pren-el-pols-als-nous-cineastes-mediterranis-amb-a-premiere-vue\/#primaryimage"},"image":{"@id":"https:\/\/lamostradevalencia.com\/ca\/mostra-de-valencia-pren-el-pols-als-nous-cineastes-mediterranis-amb-a-premiere-vue\/#primaryimage"},"thumbnailUrl":"https:\/\/lamostradevalencia.com\/wp-content\/uploads\/2022\/10\/descend-into-limbo_1200-1.jpg","datePublished":"2022-10-14T11:33:09+00:00","author":{"@id":"https:\/\/lamostradevalencia.com\/ca\/#\/schema\/person\/1dc07e4df3d6310b81d2cdf6a034070c"},"breadcrumb":{"@id":"https:\/\/lamostradevalencia.com\/ca\/mostra-de-valencia-pren-el-pols-als-nous-cineastes-mediterranis-amb-a-premiere-vue\/#breadcrumb"},"inLanguage":"ca","potentialAction":[{"@type":"ReadAction","target":["https:\/\/lamostradevalencia.com\/ca\/mostra-de-valencia-pren-el-pols-als-nous-cineastes-mediterranis-amb-a-premiere-vue\/"]}]},{"@type":"ImageObject","inLanguage":"ca","@id":"https:\/\/lamostradevalencia.com\/ca\/mostra-de-valencia-pren-el-pols-als-nous-cineastes-mediterranis-amb-a-premiere-vue\/#primaryimage","url":"https:\/\/lamostradevalencia.com\/wp-content\/uploads\/2022\/10\/descend-into-limbo_1200-1.jpg","contentUrl":"https:\/\/lamostradevalencia.com\/wp-content\/uploads\/2022\/10\/descend-into-limbo_1200-1.jpg","width":1200,"height":900},{"@type":"BreadcrumbList","@id":"https:\/\/lamostradevalencia.com\/ca\/mostra-de-valencia-pren-el-pols-als-nous-cineastes-mediterranis-amb-a-premiere-vue\/#breadcrumb","itemListElement":[{"@type":"ListItem","position":1,"name":"Portada","item":"https:\/\/lamostradevalencia.com\/ca\/"},{"@type":"ListItem","position":2,"name":"Mostra de Val\u00e8ncia pren el pols als nous cineastes mediterranis amb\u00a0\u201c\u00c0 premi\u00e8re vue\u201d"}]},{"@type":"WebSite","@id":"https:\/\/lamostradevalencia.com\/ca\/#website","url":"https:\/\/lamostradevalencia.com\/ca\/","name":"Mostra de Val\u00e8ncia","description":"Cinema del Mediterrani","potentialAction":[{"@type":"SearchAction","target":{"@type":"EntryPoint","urlTemplate":"https:\/\/lamostradevalencia.com\/ca\/?s={search_term_string}"},"query-input":{"@type":"PropertyValueSpecification","valueRequired":true,"valueName":"search_term_string"}}],"inLanguage":"ca"},{"@type":"Person","@id":"https:\/\/lamostradevalencia.com\/ca\/#\/schema\/person\/1dc07e4df3d6310b81d2cdf6a034070c","name":"Mostra de Val\u00e8ncia","image":{"@type":"ImageObject","inLanguage":"ca","@id":"https:\/\/secure.gravatar.com\/avatar\/ada4dfd699a9907706987adb1bb2b361c2613ccca474b49b8c648de5208e32f8?s=96&d=mm&r=g","url":"https:\/\/secure.gravatar.com\/avatar\/ada4dfd699a9907706987adb1bb2b361c2613ccca474b49b8c648de5208e32f8?s=96&d=mm&r=g","contentUrl":"https:\/\/secure.gravatar.com\/avatar\/ada4dfd699a9907706987adb1bb2b361c2613ccca474b49b8c648de5208e32f8?s=96&d=mm&r=g","caption":"Mostra de Val\u00e8ncia"}}]}},"uagb_featured_image_src":{"full":["https:\/\/lamostradevalencia.com\/wp-content\/uploads\/2022\/10\/descend-into-limbo_1200-1.jpg",1200,900,false],"thumbnail":["https:\/\/lamostradevalencia.com\/wp-content\/uploads\/2022\/10\/descend-into-limbo_1200-1-150x150.jpg",150,150,true],"medium":["https:\/\/lamostradevalencia.com\/wp-content\/uploads\/2022\/10\/descend-into-limbo_1200-1-300x225.jpg",300,225,true],"medium_large":["https:\/\/lamostradevalencia.com\/wp-content\/uploads\/2022\/10\/descend-into-limbo_1200-1-768x576.jpg",768,576,true],"large":["https:\/\/lamostradevalencia.com\/wp-content\/uploads\/2022\/10\/descend-into-limbo_1200-1-1024x768.jpg",1024,768,true],"1536x1536":["https:\/\/lamostradevalencia.com\/wp-content\/uploads\/2022\/10\/descend-into-limbo_1200-1.jpg",1200,900,false],"2048x2048":["https:\/\/lamostradevalencia.com\/wp-content\/uploads\/2022\/10\/descend-into-limbo_1200-1.jpg",1200,900,false],"cinerama_edge_image_square":["https:\/\/lamostradevalencia.com\/wp-content\/uploads\/2022\/10\/descend-into-limbo_1200-1-550x550.jpg",550,550,true],"cinerama_edge_image_landscape":["https:\/\/lamostradevalencia.com\/wp-content\/uploads\/2022\/10\/descend-into-limbo_1200-1-1100x550.jpg",1100,550,true],"cinerama_edge_image_portrait":["https:\/\/lamostradevalencia.com\/wp-content\/uploads\/2022\/10\/descend-into-limbo_1200-1-550x900.jpg",550,900,true],"cinerama_edge_image_huge":["https:\/\/lamostradevalencia.com\/wp-content\/uploads\/2022\/10\/descend-into-limbo_1200-1-1100x900.jpg",1100,900,true],"gform-image-choice-sm":["https:\/\/lamostradevalencia.com\/wp-content\/uploads\/2022\/10\/descend-into-limbo_1200-1.jpg",300,225,false],"gform-image-choice-md":["https:\/\/lamostradevalencia.com\/wp-content\/uploads\/2022\/10\/descend-into-limbo_1200-1.jpg",400,300,false],"gform-image-choice-lg":["https:\/\/lamostradevalencia.com\/wp-content\/uploads\/2022\/10\/descend-into-limbo_1200-1.jpg",600,450,false]},"uagb_author_info":{"display_name":"Mostra de Val\u00e8ncia","author_link":"https:\/\/lamostradevalencia.com\/ca\/author\/mostravalencia\/"},"uagb_comment_info":0,"uagb_excerpt":"El programa de curts comptar\u00e0 per primera vegada amb representaci\u00f3 espanyola, \u201cL&#8217;\u00faltim telegrafista\u201d, de l&#8217;escola valenciana Barreira Arte + Dise\u00f1o Des de l&#8217;any passat, Mostra [&hellip;]","_links":{"self":[{"href":"https:\/\/lamostradevalencia.com\/ca\/wp-json\/wp\/v2\/posts\/17154","targetHints":{"allow":["GET"]}}],"collection":[{"href":"https:\/\/lamostradevalencia.com\/ca\/wp-json\/wp\/v2\/posts"}],"about":[{"href":"https:\/\/lamostradevalencia.com\/ca\/wp-json\/wp\/v2\/types\/post"}],"author":[{"embeddable":true,"href":"https:\/\/lamostradevalencia.com\/ca\/wp-json\/wp\/v2\/users\/1"}],"replies":[{"embeddable":true,"href":"https:\/\/lamostradevalencia.com\/ca\/wp-json\/wp\/v2\/comments?post=17154"}],"version-history":[{"count":1,"href":"https:\/\/lamostradevalencia.com\/ca\/wp-json\/wp\/v2\/posts\/17154\/revisions"}],"predecessor-version":[{"id":17160,"href":"https:\/\/lamostradevalencia.com\/ca\/wp-json\/wp\/v2\/posts\/17154\/revisions\/17160"}],"wp:featuredmedia":[{"embeddable":true,"href":"https:\/\/lamostradevalencia.com\/ca\/wp-json\/wp\/v2\/media\/17155"}],"wp:attachment":[{"href":"https:\/\/lamostradevalencia.com\/ca\/wp-json\/wp\/v2\/media?parent=17154"}],"wp:term":[{"taxonomy":"category","embeddable":true,"href":"https:\/\/lamostradevalencia.com\/ca\/wp-json\/wp\/v2\/categories?post=17154"},{"taxonomy":"post_tag","embeddable":true,"href":"https:\/\/lamostradevalencia.com\/ca\/wp-json\/wp\/v2\/tags?post=17154"}],"curies":[{"name":"wp","href":"https:\/\/api.w.org\/{rel}","templated":true}]}}