{"id":16468,"date":"2022-10-05T15:13:23","date_gmt":"2022-10-05T13:13:23","guid":{"rendered":"https:\/\/lamostradevalencia.com\/?p=16468"},"modified":"2022-10-05T19:15:20","modified_gmt":"2022-10-05T17:15:20","slug":"mostra-de-valencia-comptara-amb-un-espai-propi-en-la-placa-de-lajuntament-per-on-passaran-antonio-resines-vanesa-romero-i-karra-elejalde-entre-altres","status":"publish","type":"post","link":"https:\/\/lamostradevalencia.com\/ca\/mostra-de-valencia-comptara-amb-un-espai-propi-en-la-placa-de-lajuntament-per-on-passaran-antonio-resines-vanesa-romero-i-karra-elejalde-entre-altres\/","title":{"rendered":"Mostra de Val\u00e8ncia comptar\u00e0 amb un espai propi en la pla\u00e7a de l&#8217;Ajuntament per on passaran Antonio Resines, Vanesa Romero i Karra Elejalde, entre altres"},"content":{"rendered":"<h5><span style=\"font-weight: 400;\">El certamen dona a con\u00e9ixer les pel\u00b7l\u00edcules valencianes que formaran part de la programaci\u00f3 i la resta de t\u00edtols de la Secci\u00f3 Informativa<\/span><\/h5>\n<p><span style=\"font-weight: 400;\">El festival vol fer un pas m\u00e9s en la seua obertura a la ciutadania i enguany comptar\u00e0 amb l\u2019Espai Mostra en la pla\u00e7a de l&#8217;Ajuntament que albergar\u00e0 xarrades, trobades (com <\/span><span style=\"font-weight: 400;\">la<\/span><span style=\"font-weight: 400;\"> de dones cineastes, que impulsa CIMA), <\/span><i><span style=\"font-weight: 400;\">photo<\/span><\/i><i><span style=\"font-weight: 400;\">calls<\/span><\/i><i><span style=\"font-weight: 400;\">,<\/span><\/i><span style=\"font-weight: 400;\"> programes de r\u00e0dio en directe i presentacions de pel\u00b7l\u00edcules i per on passaran noms com <\/span><span style=\"font-weight: 400;\">ara<\/span><span style=\"font-weight: 400;\"> Antonio Resines, Karra Elejalde, <\/span><span style=\"font-weight: 400;\">Coque Malla, Vanesa Romero\u2026<\/span><span style=\"font-weight: 400;\"> Aix\u00ed ho han avan\u00e7at hui en una roda de premsa els m\u00e0xims responsables del certamen.<\/span><\/p>\n<p><span style=\"font-weight: 400;\">Gloria Tello, presidenta de <\/span><span style=\"font-weight: 400;\">Mostra de Val\u00e8ncia<\/span><span style=\"font-weight: 400;\">, ha<\/span><span style=\"font-weight: 400;\">\u00a0donat a con\u00e9ixer a m\u00e9s les pel\u00b7l\u00edcules valencianes que formaran part dels passes especials, en pres\u00e8ncia de membres dels seus equips: <\/span><b><i>\u2018<\/i><\/b><b>El agua<\/b><b>\u2019<\/b><b>, <\/b><span style=\"font-weight: 400;\">de <\/span><b>Elena L\u00f3pez Riera<\/b><span style=\"font-weight: 400;\">, <\/span><span style=\"font-weight: 400;\">que va passar per Cannes<\/span><span style=\"font-weight: 400;\">; <\/span><span style=\"font-weight: 400;\">l&#8217;\u00f2pera prima d&#8217;<\/span><b>Avelina Prat, <\/b><b><i>\u2018<\/i><\/b><b>Vasil<\/b><b>\u2019<\/b><b>,<\/b><span style=\"font-weight: 400;\"> amb Karra Elejalde, Alexandra Jim\u00e9nez i Susi S\u00e1nchez;<\/span> <b><i>\u2018<\/i><\/b><b>En temporada baja<\/b><b>\u2019<\/b><b>, <\/b><span style=\"font-weight: 400;\">que <\/span><b>David Marqu\u00e9s<\/b><span style=\"font-weight: 400;\"> ambienta en un c\u00e0mping de Val\u00e8ncia amb un gran repartiment capitanejat per Antonio Resines, Edu Soto, Fele Mart\u00ednez, Coque Malla, Ana Mil\u00e0\u2026; <\/span><b><i>\u2018<\/i><\/b><b>El carrer \u00e9s ma casa<\/b><b>\u2019, <\/b><span style=\"font-weight: 400;\">de<\/span><b> Jos\u00e9 Serrador i Fermina Ardanaz,<\/b><span style=\"font-weight: 400;\"> que se centra en com va afectar la pand\u00e8mia els sensesostre; <\/span><span style=\"font-weight: 400;\">\u00a0<\/span><b><i>\u2018<\/i><\/b><b>Pervertimento<\/b><b>\u2019, <\/b><span style=\"font-weight: 400;\">d\u2019<\/span><b>Alfonso Legaz<\/b><span style=\"font-weight: 400;\">, <\/span><span style=\"font-weight: 400;\">un assaig visual sobre la gent que fa teatre a la ciutat, i <\/span><b><i>\u2018<\/i><\/b><b>The Gigantes<\/b><b>\u2019 <\/b><span style=\"font-weight: 400;\">de<\/span><b> Beatriz Sanch\u00eds<\/b><span style=\"font-weight: 400;\">, que tancar\u00e0 el certamen.<\/span><\/p>\n<p><span style=\"font-weight: 400;\">Tello ha destacat <\/span><b>l&#8217;augment de la quantia econ\u00f2mica<\/b><span style=\"font-weight: 400;\"> dels premis d&#8217;esta edici\u00f3, \u201cLa Palmera d&#8217;Or rebr\u00e0 45.000 euros, enfront dels 25.000 d&#8217;abans (30.000 a la pel\u00b7l\u00edcula i 15.000 a la distribu\u00efdora espanyola) i 20.000 a la Palmera de Plata, enfront dels 15.000 d&#8217;edicions anteriors\u201d.<\/span><\/p>\n<p><span style=\"font-weight: 400;\">El director art\u00edstic del festival, Eduardo Guillot, a m\u00e9s de fer una valoraci\u00f3 de la Secci\u00f3 Oficial m\u00e9s completa de les \u00faltimes edicions, ha desgranat els t\u00edtols de la Secci\u00f3 Informativa que encara no es coneixien. Entre els quals destaca una gran pres\u00e8ncia d&#8217;autores com <\/span><span style=\"font-weight: 400;\">ara<\/span><span style=\"font-weight: 400;\"> la directora siriana<\/span><b> Soudade Kaadan<\/b><span style=\"font-weight: 400;\">, l&#8217;algeriana <\/span><b>Sara Nacer <\/b><span style=\"font-weight: 400;\">o la croata<\/span><b> Dubravka Turic<\/b><span style=\"font-weight: 400;\">. A m\u00e9s, hi haur\u00e0 espai per a l&#8217;animaci\u00f3 gr\u00e0cies a \u2018<\/span><b><i>\u2018<\/i><\/b><b>No Dogs or Italians Allowed<\/b><b>\u2019, <\/b><span style=\"font-weight: 400;\">d\u2019<\/span><b>Alain Ughetto.<\/b> <span style=\"font-weight: 400;\">Completa la secci\u00f3 <\/span><b>\u2018Working Class Heroes\u2019,<\/b><span style=\"font-weight: 400;\"> de<\/span><b> Milos Pusic,<\/b><span style=\"font-weight: 400;\"> un drama laboral amb tocs de com\u00e8dia negra i suspens.<\/span><\/p>\n<p><span style=\"font-weight: 400;\">Rosa Roig, directora t\u00e8cnica de la Mostra, per la seua part ha destacat <\/span><b>la important aposta per la ind\u00fastria<\/b><span style=\"font-weight: 400;\"> que suposa el f\u00f2rum <\/span><span style=\"font-weight: 400;\">mediterrani<\/span><span style=\"font-weight: 400;\"> de coproducci\u00f3 <\/span><span style=\"font-weight: 400;\">Val\u00e8ncia Film Afers, que se celebrar\u00e0 durant el primer cap de setmana del festival; i tamb\u00e9 la pluralitat de proced\u00e8ncies de les pel\u00b7l\u00edcules seleccionades, aix\u00ed com l&#8217;aposta per la igualtat que suposa tindre <\/span><b>el mateix nombre d&#8217;homes i dones<\/b><span style=\"font-weight: 400;\"> en la direcci\u00f3 de les pel\u00b7l\u00edcules tant en la Secci\u00f3 Oficial com en la Informativa.<\/span><\/p>\n<p><span style=\"font-weight: 400;\">La 37a Mostra de Val\u00e8ncia &#8211; Cinema del Mediterrani compta amb la col\u00b7laboraci\u00f3 de l\u2019Institut Valenci\u00e0 de Cultura (IVC), Rambleta, Val\u00e8ncia Film Office, <\/span><span style=\"font-weight: 400;\">Barreira Arte + Dise\u00f1o <\/span><span style=\"font-weight: 400;\">i \u00c0 Punt M\u00e8dia com a mitj\u00e0 oficial.<\/span><\/p>\n<p><span style=\"font-weight: 400;\">PASSES ESPECIALS<\/span><span style=\"font-weight: 400;\"><br \/>\n<\/span><b><i><\/i><\/b><\/p>\n<p><b><i><img loading=\"lazy\" decoding=\"async\" class=\"aligncenter size-large wp-image-16492\" src=\"https:\/\/lamostradevalencia.com\/wp-content\/uploads\/2022\/10\/el-agua-1024x284.jpg\" alt=\"\" width=\"1024\" height=\"284\" srcset=\"https:\/\/lamostradevalencia.com\/wp-content\/uploads\/2022\/10\/el-agua-1024x284.jpg 1024w, https:\/\/lamostradevalencia.com\/wp-content\/uploads\/2022\/10\/el-agua-300x83.jpg 300w, https:\/\/lamostradevalencia.com\/wp-content\/uploads\/2022\/10\/el-agua-768x213.jpg 768w, https:\/\/lamostradevalencia.com\/wp-content\/uploads\/2022\/10\/el-agua-1536x426.jpg 1536w, https:\/\/lamostradevalencia.com\/wp-content\/uploads\/2022\/10\/el-agua.jpg 1892w\" sizes=\"auto, (max-width: 1024px) 100vw, 1024px\" \/>\u2018<\/i><\/b><b>EL AGUA<\/b><b>\u2019, <\/b><b>D\u2019<\/b><b>ELENA L\u00d3PEZ RIERA<\/b><\/p>\n<p><span style=\"font-weight: 400;\">No podia faltar en la Mostra esta <\/span><span style=\"font-weight: 400;\">pel\u00b7l\u00edcula amb <\/span><span style=\"font-weight: 400;\">la<\/span><span style=\"font-weight: 400;\"> qu\u00e8 la seua directora va arribar a la Quinzena de Realitzadors de Cannes gr\u00e0cies a una llegenda del seu poble: Oriola. Esta creen\u00e7a popular afirma que algunes dones estan predestinades a desapar\u00e9ixer amb cada inundaci\u00f3. Una tempesta amena\u00e7a amb fer que el riu del poble torne a desbordar-se.<\/span><\/p>\n<p><b><i><img loading=\"lazy\" decoding=\"async\" class=\"aligncenter size-large wp-image-16498\" src=\"https:\/\/lamostradevalencia.com\/wp-content\/uploads\/2022\/10\/vasil-nota-1024x362.jpg\" alt=\"\" width=\"1024\" height=\"362\" srcset=\"https:\/\/lamostradevalencia.com\/wp-content\/uploads\/2022\/10\/vasil-nota-1024x362.jpg 1024w, https:\/\/lamostradevalencia.com\/wp-content\/uploads\/2022\/10\/vasil-nota-300x106.jpg 300w, https:\/\/lamostradevalencia.com\/wp-content\/uploads\/2022\/10\/vasil-nota-768x271.jpg 768w, https:\/\/lamostradevalencia.com\/wp-content\/uploads\/2022\/10\/vasil-nota.jpg 1300w\" sizes=\"auto, (max-width: 1024px) 100vw, 1024px\" \/>\u2018<\/i><\/b><b>VASIL<\/b><b>\u2019, D\u2019AVELINA PRAT<\/b><\/p>\n<p><span style=\"font-weight: 400;\">La valenciana Avelina Prat <\/span><span style=\"font-weight: 400;\">ha sigut script de directors com <\/span><span style=\"font-weight: 400;\">ara<\/span><span style=\"font-weight: 400;\"> Fernando Trueba, Cesc Gay, Manuel Mart\u00edn Cuenca, Javier Rebollo, David Trueba o Lucile Hadzihalilovic. Ara debuta amb el llargmetratge amb esta hist\u00f2ria d&#8217;un arquitecte jubilat, que recull a la seua casa un immigrant b\u00falgar <\/span><span style=\"font-weight: 400;\">sensesostre<\/span><span style=\"font-weight: 400;\">, expert en jugar al bridge i als escacs.<\/span><\/p>\n<p><b><i><img loading=\"lazy\" decoding=\"async\" class=\"aligncenter size-full wp-image-16503\" src=\"https:\/\/lamostradevalencia.com\/wp-content\/uploads\/2022\/10\/CADA_VER_ES2-e1664983909238.jpg\" alt=\"\" width=\"850\" height=\"644\" \/>\u2018<\/i><\/b><b>CADA VER ES<\/b><b>\u2019, D\u2019\u00c1NGEL GARC\u00cdA DEL VAL<\/b><\/p>\n<p><span style=\"font-weight: 400;\">La Mostra, en col\u00b7laboraci\u00f3 amb La Filmoteca i el programa europeu A Season of Classic Films, celebra el Dia Mundial del Patrimoni Cinematogr\u00e0fic rescatant este <\/span><span style=\"font-weight: 400;\">avantguardista documental de 1981 amb una c\u00f2pia restaurada, que va ser qualificat com a \u201cS\u201d per la Direcci\u00f3 General de Cinematografia sota el Govern d\u2019UCD i que est\u00e0 centrat en la vida i pensaments de Juan Manuel Espada, encarregat de la morgue de la Universitat de Medicina de Val\u00e8ncia.<\/span><\/p>\n<p><b><i><img loading=\"lazy\" decoding=\"async\" class=\"aligncenter size-large wp-image-16508\" src=\"https:\/\/lamostradevalencia.com\/wp-content\/uploads\/2022\/10\/CARRER-ES-MA-CASA-e1664989447493-1024x306.jpg\" alt=\"\" width=\"1024\" height=\"306\" srcset=\"https:\/\/lamostradevalencia.com\/wp-content\/uploads\/2022\/10\/CARRER-ES-MA-CASA-e1664989447493-1024x306.jpg 1024w, https:\/\/lamostradevalencia.com\/wp-content\/uploads\/2022\/10\/CARRER-ES-MA-CASA-e1664989447493-300x90.jpg 300w, https:\/\/lamostradevalencia.com\/wp-content\/uploads\/2022\/10\/CARRER-ES-MA-CASA-e1664989447493-768x230.jpg 768w, https:\/\/lamostradevalencia.com\/wp-content\/uploads\/2022\/10\/CARRER-ES-MA-CASA-e1664989447493.jpg 1203w\" sizes=\"auto, (max-width: 1024px) 100vw, 1024px\" \/>\u2018<\/i><\/b><b>EL CARRER \u00c9S MA CASA<\/b><b>\u2019, DE FERMINA ARDANAZ I JOS\u00c9 SERRADOR<\/b><\/p>\n<p><span style=\"font-weight: 400;\">Encara que el moment del confinament i les restriccions semblen ja molt llunyans, este documental ve a recordar que durant la pand\u00e8mia, les persones sense llar van tornar a ser les principals oblidades. Esta \u00e9s la hist\u00f2ria d&#8217;algunes d&#8217;elles i de les associacions i institucions valencianes que van treballar per<\/span> <span style=\"font-weight: 400;\">a<\/span><span style=\"font-weight: 400;\"> ajudar-les.<\/span><\/p>\n<p><b><i><img loading=\"lazy\" decoding=\"async\" class=\"aligncenter size-full wp-image-16693\" src=\"https:\/\/lamostradevalencia.com\/wp-content\/uploads\/2022\/10\/PERVERTIMENTO-e1664984014126-1024x275-1.jpg\" alt=\"\" width=\"1024\" height=\"275\" srcset=\"https:\/\/lamostradevalencia.com\/wp-content\/uploads\/2022\/10\/PERVERTIMENTO-e1664984014126-1024x275-1.jpg 1024w, https:\/\/lamostradevalencia.com\/wp-content\/uploads\/2022\/10\/PERVERTIMENTO-e1664984014126-1024x275-1-300x81.jpg 300w, https:\/\/lamostradevalencia.com\/wp-content\/uploads\/2022\/10\/PERVERTIMENTO-e1664984014126-1024x275-1-768x206.jpg 768w\" sizes=\"auto, (max-width: 1024px) 100vw, 1024px\" \/>\u2018<\/i><\/b><b>PERVERTIMENTO<\/b><b>\u2019, D\u2019ALFONSO LEGAZ<\/b><\/p>\n<p><span style=\"font-weight: 400;\">Set estudiants de teatre i la seua professora presentaran una obra teatral a la seua escola d&#8217;art dram\u00e0tic, a Val\u00e8ncia. Mentrestant, pensant amb la nova realitat digital, alg\u00fa pregunta: Qui estudia teatre hui?<\/span><\/p>\n<p><b><i><img loading=\"lazy\" decoding=\"async\" class=\"aligncenter size-full wp-image-16698\" src=\"https:\/\/lamostradevalencia.com\/wp-content\/uploads\/2022\/10\/EN-TEMPORADA-BAJA-e1664984106931-1024x250-1.jpg\" alt=\"\" width=\"1024\" height=\"250\" srcset=\"https:\/\/lamostradevalencia.com\/wp-content\/uploads\/2022\/10\/EN-TEMPORADA-BAJA-e1664984106931-1024x250-1.jpg 1024w, https:\/\/lamostradevalencia.com\/wp-content\/uploads\/2022\/10\/EN-TEMPORADA-BAJA-e1664984106931-1024x250-1-300x73.jpg 300w, https:\/\/lamostradevalencia.com\/wp-content\/uploads\/2022\/10\/EN-TEMPORADA-BAJA-e1664984106931-1024x250-1-768x188.jpg 768w\" sizes=\"auto, (max-width: 1024px) 100vw, 1024px\" \/>\u2018<\/i><\/b><b>EN TEMPORADA BAJA<\/b><b>\u2019, DE DAVID MARQU\u00c9S<\/b><\/p>\n<p><span style=\"font-weight: 400;\">Un c\u00e0mping als afores de Val\u00e8ncia \u00e9s el lloc on David Marqu\u00e9s <\/span><span style=\"font-weight: 400;\">reunix<\/span><span style=\"font-weight: 400;\"> un repartiment format per<\/span><span style=\"font-weight: 400;\"> Antonio Resines, Edu Soto, Coque Malla, Fele Mart\u00ednez, Ana Mil\u00e1n, Nacho Fresneda, Jaime Pujol, Marta Belenguer, Rosana Pastor i Vanesa Romero.<\/span><\/p>\n<p><span style=\"font-weight: 400;\">SECCI\u00d3<\/span><span style=\"font-weight: 400;\"> INFORMATIVA<\/span><\/p>\n<p><b><i><img loading=\"lazy\" decoding=\"async\" class=\"aligncenter size-large wp-image-16607\" src=\"https:\/\/lamostradevalencia.com\/wp-content\/uploads\/2022\/10\/nezouh-mch-1024x406.jpg\" alt=\"\" width=\"1024\" height=\"406\" srcset=\"https:\/\/lamostradevalencia.com\/wp-content\/uploads\/2022\/10\/nezouh-mch-1024x406.jpg 1024w, https:\/\/lamostradevalencia.com\/wp-content\/uploads\/2022\/10\/nezouh-mch-300x119.jpg 300w, https:\/\/lamostradevalencia.com\/wp-content\/uploads\/2022\/10\/nezouh-mch-768x305.jpg 768w, https:\/\/lamostradevalencia.com\/wp-content\/uploads\/2022\/10\/nezouh-mch.jpg 1230w\" sizes=\"auto, (max-width: 1024px) 100vw, 1024px\" \/>\u2018<\/i><\/b><b>NEZOUH<\/b><b>\u2019, DE SOUDADE KAADAN<\/b><\/p>\n<p><span style=\"font-weight: 400;\">La directora siriana Soudade Kaadan torna a la Mostra despr\u00e9s que en 2019 obtinguera la Palmera de Plata amb <\/span><i><span style=\"font-weight: 400;\">\u2018<\/span><\/i><span style=\"font-weight: 400;\">The Day I Lost my Shadow<\/span><span style=\"font-weight: 400;\">\u2019<\/span><span style=\"font-weight: 400;\">. Amb tocs surrealistes aborda de nou la guerra en esta tragicom\u00e8dia: En Damasco, en ple conflicte b\u00e8l\u00b7lic, una fam\u00edlia pren la decisi\u00f3 de romandre en la zona assetjada. Quan un projectil obri un forat gegant en el sostre de l&#8217;edifici on viuen, queden exposats al m\u00f3n exterior.<\/span><\/p>\n<p><b><i><img loading=\"lazy\" decoding=\"async\" class=\"aligncenter size-full wp-image-16612\" src=\"https:\/\/lamostradevalencia.com\/wp-content\/uploads\/2022\/10\/la-rockese-mailchimp-ok.jpg\" alt=\"\" width=\"863\" height=\"282\" srcset=\"https:\/\/lamostradevalencia.com\/wp-content\/uploads\/2022\/10\/la-rockese-mailchimp-ok.jpg 863w, https:\/\/lamostradevalencia.com\/wp-content\/uploads\/2022\/10\/la-rockese-mailchimp-ok-300x98.jpg 300w, https:\/\/lamostradevalencia.com\/wp-content\/uploads\/2022\/10\/la-rockese-mailchimp-ok-768x251.jpg 768w\" sizes=\"auto, (max-width: 863px) 100vw, 863px\" \/>\u2018<\/i><\/b><b>LA ROCKEUSE DU D\u00c9SERT<\/b><b>\u2019, DE SARA NACER<\/b><\/p>\n<p><span style=\"font-weight: 400;\">Este documental, una coproducci\u00f3 entre Alg\u00e8ria i el Canad\u00e0, suposa el retrat \u00edntim de tota una pionera: l&#8217;artista gnawa Hasna El Becharia, primera dona algeriana que va trencar hist\u00f2riques barreres de g\u00e8nere practicant un estil musical tradicional circumscrit als homes durant segles. Primer va tocar m\u00fasica de noces d&#8217;estil berber durant 30 anys, i, posteriorment, es va atrevir amb la guitarra el\u00e8ctrica.<\/span><\/p>\n<p><b><i><img loading=\"lazy\" decoding=\"async\" class=\"aligncenter size-large wp-image-16627\" src=\"https:\/\/lamostradevalencia.com\/wp-content\/uploads\/2022\/10\/traces-1024x425.jpg\" alt=\"\" width=\"1024\" height=\"425\" srcset=\"https:\/\/lamostradevalencia.com\/wp-content\/uploads\/2022\/10\/traces-1024x425.jpg 1024w, https:\/\/lamostradevalencia.com\/wp-content\/uploads\/2022\/10\/traces-300x124.jpg 300w, https:\/\/lamostradevalencia.com\/wp-content\/uploads\/2022\/10\/traces-768x319.jpg 768w, https:\/\/lamostradevalencia.com\/wp-content\/uploads\/2022\/10\/traces.jpg 1169w\" sizes=\"auto, (max-width: 1024px) 100vw, 1024px\" \/>\u2018<\/i><\/b><b>TRACES<\/b><b>\u2019, DE DUBRAVKA TURIC<\/b><\/p>\n<p><span style=\"font-weight: 400;\">Es tracta del debut d&#8217;esta directora croata. Ana ven el seu apartament a Zagreb i torna a l&#8217;a\u00efllada casa de muntanya del seu pare, recentment mort, per<\/span> <span style=\"font-weight: 400;\">a<\/span> <span style=\"font-weight: 400;\">tramitar l&#8217;her\u00e8ncia. All\u00ed no para de trobar <\/span><span style=\"font-weight: 400;\">empremtes<\/span><span style=\"font-weight: 400;\">: en els s\u00edmbols m\u00edstics gravats en l\u00e0pides antigues, en el seu propi rostre de mitjana edat a mesura que perd pigment en la pell, les <\/span><span style=\"font-weight: 400;\">empremtes<\/span><span style=\"font-weight: 400;\"> del passat familiar en fotografies i altres records, i la mateixa Ana en adonar-se que ella \u00e9s l&#8217;\u00faltim membre viu de la seua fam\u00edlia.<\/span><\/p>\n<p><b><i><img loading=\"lazy\" decoding=\"async\" class=\"aligncenter size-large wp-image-16123\" src=\"https:\/\/lamostradevalencia.com\/wp-content\/uploads\/2022\/09\/No-Dogs-or-Italians-Allowed-e1664990044599-1024x299.jpg\" alt=\"\" width=\"1024\" height=\"299\" srcset=\"https:\/\/lamostradevalencia.com\/wp-content\/uploads\/2022\/09\/No-Dogs-or-Italians-Allowed-e1664990044599-1024x299.jpg 1024w, https:\/\/lamostradevalencia.com\/wp-content\/uploads\/2022\/09\/No-Dogs-or-Italians-Allowed-e1664990044599-300x88.jpg 300w, https:\/\/lamostradevalencia.com\/wp-content\/uploads\/2022\/09\/No-Dogs-or-Italians-Allowed-e1664990044599-768x225.jpg 768w, https:\/\/lamostradevalencia.com\/wp-content\/uploads\/2022\/09\/No-Dogs-or-Italians-Allowed-e1664990044599.jpg 1228w\" sizes=\"auto, (max-width: 1024px) 100vw, 1024px\" \/>\u2018<\/i><\/b><b>NO DOGS OR ITALIANS ALLOWED<\/b><b>\u2019, <\/b><b>D\u2019<\/b><b>ALAIN UGHETTO<\/b><\/p>\n<p><span style=\"font-weight: 400;\">L&#8217;animaci\u00f3 tamb\u00e9 estar\u00e0 present en la <\/span><span style=\"font-weight: 400;\">Secci\u00f3<\/span><span style=\"font-weight: 400;\"> Informativa d&#8217;enguany amb este homenatge que Alain Ughetto realitza a la seua fam\u00edlia d&#8217;emigrants i que va competir en la passada edici\u00f3 del festival d&#8217;Annecy, la Meca del cine animat. La cinta rememora el viatge des d&#8217;un poble del Nord d&#8217;It\u00e0lia fins a Fran\u00e7a a la recerca d&#8217;un futur millor a principis del segle XX.<\/span><\/p>\n<p><b><i><img loading=\"lazy\" decoding=\"async\" class=\"aligncenter size-large wp-image-16643\" src=\"https:\/\/lamostradevalencia.com\/wp-content\/uploads\/2022\/10\/working-class-1-1024x312.jpg\" alt=\"\" width=\"1024\" height=\"312\" srcset=\"https:\/\/lamostradevalencia.com\/wp-content\/uploads\/2022\/10\/working-class-1-1024x312.jpg 1024w, https:\/\/lamostradevalencia.com\/wp-content\/uploads\/2022\/10\/working-class-1-300x91.jpg 300w, https:\/\/lamostradevalencia.com\/wp-content\/uploads\/2022\/10\/working-class-1-768x234.jpg 768w, https:\/\/lamostradevalencia.com\/wp-content\/uploads\/2022\/10\/working-class-1.jpg 1461w\" sizes=\"auto, (max-width: 1024px) 100vw, 1024px\" \/>\u2018<\/i><\/b><b>WORKING CLASS HEROES<\/b><b>\u2019, DE MILOS PUSIC<\/b><\/p>\n<p><span style=\"font-weight: 400;\">Es va estrenar en la secci\u00f3 Panorama de la passada edici\u00f3 de la Berlinale i el seu t\u00edtol recorda a la can\u00e7\u00f3 de John Lennon de 1971. Esta proposta s\u00e8rbia \u00e9s un encreuament de g\u00e8neres entre el drama social, la com\u00e8dia negra i el suspens. Un grup d&#8217;obrers en situaci\u00f3 il\u00b7legal, que treballa en la construcci\u00f3 d&#8217;un bloc de cases fraudulent, s&#8217;enfronta amb els seus caps per<\/span>\u00a0<span style=\"font-weight: 400;\">reclamar els seus salaris i els seus drets b\u00e0sics.<\/span><\/p>\n<p><span style=\"font-weight: 400;\">PEL\u00b7L\u00cdCULA DE CLAUSURA<\/span><\/p>\n<p><b><i><img loading=\"lazy\" decoding=\"async\" class=\"aligncenter size-full wp-image-16656\" src=\"https:\/\/lamostradevalencia.com\/wp-content\/uploads\/2022\/10\/the-gigantes-2-e1664985073256.jpg\" alt=\"\" width=\"960\" height=\"540\" \/>\u2018<\/i><\/b><b>THE GIGANTES<\/b><b>\u2019, DE BEATRIZ SANCH\u00cdS<\/b><\/p>\n<p><span style=\"font-weight: 400;\">La directora valenciana signa esta <\/span><i><span style=\"font-weight: 400;\">road movie<\/span><\/i><span style=\"font-weight: 400;\"> que va passar pel Festival de M\u00e0laga. Asfixiada pels deutes que li va deixar la seua mare despr\u00e9s de morir, una jove <\/span><i><span style=\"font-weight: 400;\">white trash<\/span><\/i><span style=\"font-weight: 400;\"> dels Estats Units empr\u00e9n un viatge amb cotxe a M\u00e8xic, buscant que un antic amor la salve de la seua tumultuosa exist\u00e8ncia. En el viatge estar\u00e0 acompanyada d&#8217;una adolescent que li mentix perqu\u00e8 <\/span><span style=\"font-weight: 400;\">la<\/span><span style=\"font-weight: 400;\"> porte a con\u00e9ixer el lloc on va morir el seu pare.<\/span><\/p>\n<p>&nbsp;<\/p>\n","protected":false},"excerpt":{"rendered":"<p>El certamen dona a con\u00e9ixer les pel\u00b7l\u00edcules valencianes que formaran part de la programaci\u00f3 i la resta de t\u00edtols de la Secci\u00f3 Informativa El festival [&hellip;]<\/p>\n","protected":false},"author":1,"featured_media":16458,"comment_status":"open","ping_status":"open","sticky":false,"template":"","format":"standard","meta":{"_uag_custom_page_level_css":"","_jet_sm_ready_style":"","_jet_sm_style":"","_jet_sm_controls_values":"","_jet_sm_fonts_collection":"","_jet_sm_fonts_links":"","footnotes":""},"categories":[455],"tags":[],"class_list":["post-16468","post","type-post","status-publish","format-standard","has-post-thumbnail","hentry","category-noticies"],"yoast_head":"<!-- This site is optimized with the Yoast SEO plugin v27.5 - https:\/\/yoast.com\/product\/yoast-seo-wordpress\/ -->\n<title>Mostra de Val\u00e8ncia comptar\u00e0 amb un espai propi en la pla\u00e7a de l&#039;Ajuntament per on passaran Antonio Resines, Vanesa Romero i Karra Elejalde, entre altres - Mostra de Val\u00e8ncia<\/title>\n<meta name=\"robots\" content=\"index, follow, max-snippet:-1, max-image-preview:large, max-video-preview:-1\" \/>\n<link rel=\"canonical\" href=\"https:\/\/lamostradevalencia.com\/ca\/mostra-de-valencia-comptara-amb-un-espai-propi-en-la-placa-de-lajuntament-per-on-passaran-antonio-resines-vanesa-romero-i-karra-elejalde-entre-altres\/\" \/>\n<meta property=\"og:locale\" content=\"ca_ES\" \/>\n<meta property=\"og:type\" content=\"article\" \/>\n<meta property=\"og:title\" content=\"Mostra de Val\u00e8ncia comptar\u00e0 amb un espai propi en la pla\u00e7a de l&#039;Ajuntament per on passaran Antonio Resines, Vanesa Romero i Karra Elejalde, entre altres - Mostra de Val\u00e8ncia\" \/>\n<meta property=\"og:description\" content=\"El certamen dona a con\u00e9ixer les pel\u00b7l\u00edcules valencianes que formaran part de la programaci\u00f3 i la resta de t\u00edtols de la Secci\u00f3 Informativa El festival [&hellip;]\" \/>\n<meta property=\"og:url\" content=\"https:\/\/lamostradevalencia.com\/ca\/mostra-de-valencia-comptara-amb-un-espai-propi-en-la-placa-de-lajuntament-per-on-passaran-antonio-resines-vanesa-romero-i-karra-elejalde-entre-altres\/\" \/>\n<meta property=\"og:site_name\" content=\"Mostra de Val\u00e8ncia\" \/>\n<meta property=\"article:published_time\" content=\"2022-10-05T13:13:23+00:00\" \/>\n<meta property=\"article:modified_time\" content=\"2022-10-05T17:15:20+00:00\" \/>\n<meta property=\"og:image\" content=\"https:\/\/lamostradevalencia.com\/wp-content\/uploads\/2022\/10\/ruedadeprensa_700.jpg\" \/>\n\t<meta property=\"og:image:width\" content=\"700\" \/>\n\t<meta property=\"og:image:height\" content=\"700\" \/>\n\t<meta property=\"og:image:type\" content=\"image\/jpeg\" \/>\n<meta name=\"author\" content=\"Mostra de Val\u00e8ncia\" \/>\n<meta name=\"twitter:card\" content=\"summary_large_image\" \/>\n<meta name=\"twitter:label1\" content=\"Escrit per\" \/>\n\t<meta name=\"twitter:data1\" content=\"Mostra de Val\u00e8ncia\" \/>\n\t<meta name=\"twitter:label2\" content=\"Temps estimat de lectura\" \/>\n\t<meta name=\"twitter:data2\" content=\"7 minuts\" \/>\n<script type=\"application\/ld+json\" class=\"yoast-schema-graph\">{\"@context\":\"https:\\\/\\\/schema.org\",\"@graph\":[{\"@type\":\"Article\",\"@id\":\"https:\\\/\\\/lamostradevalencia.com\\\/ca\\\/mostra-de-valencia-comptara-amb-un-espai-propi-en-la-placa-de-lajuntament-per-on-passaran-antonio-resines-vanesa-romero-i-karra-elejalde-entre-altres\\\/#article\",\"isPartOf\":{\"@id\":\"https:\\\/\\\/lamostradevalencia.com\\\/ca\\\/mostra-de-valencia-comptara-amb-un-espai-propi-en-la-placa-de-lajuntament-per-on-passaran-antonio-resines-vanesa-romero-i-karra-elejalde-entre-altres\\\/\"},\"author\":{\"name\":\"Mostra de Val\u00e8ncia\",\"@id\":\"https:\\\/\\\/lamostradevalencia.com\\\/ca\\\/#\\\/schema\\\/person\\\/1dc07e4df3d6310b81d2cdf6a034070c\"},\"headline\":\"Mostra de Val\u00e8ncia comptar\u00e0 amb un espai propi en la pla\u00e7a de l&#8217;Ajuntament per on passaran Antonio Resines, Vanesa Romero i Karra Elejalde, entre altres\",\"datePublished\":\"2022-10-05T13:13:23+00:00\",\"dateModified\":\"2022-10-05T17:15:20+00:00\",\"mainEntityOfPage\":{\"@id\":\"https:\\\/\\\/lamostradevalencia.com\\\/ca\\\/mostra-de-valencia-comptara-amb-un-espai-propi-en-la-placa-de-lajuntament-per-on-passaran-antonio-resines-vanesa-romero-i-karra-elejalde-entre-altres\\\/\"},\"wordCount\":1476,\"commentCount\":0,\"image\":{\"@id\":\"https:\\\/\\\/lamostradevalencia.com\\\/ca\\\/mostra-de-valencia-comptara-amb-un-espai-propi-en-la-placa-de-lajuntament-per-on-passaran-antonio-resines-vanesa-romero-i-karra-elejalde-entre-altres\\\/#primaryimage\"},\"thumbnailUrl\":\"https:\\\/\\\/lamostradevalencia.com\\\/wp-content\\\/uploads\\\/2022\\\/10\\\/ruedadeprensa_700.jpg\",\"articleSection\":[\"Noticies\"],\"inLanguage\":\"ca\",\"potentialAction\":[{\"@type\":\"CommentAction\",\"name\":\"Comment\",\"target\":[\"https:\\\/\\\/lamostradevalencia.com\\\/ca\\\/mostra-de-valencia-comptara-amb-un-espai-propi-en-la-placa-de-lajuntament-per-on-passaran-antonio-resines-vanesa-romero-i-karra-elejalde-entre-altres\\\/#respond\"]}]},{\"@type\":\"WebPage\",\"@id\":\"https:\\\/\\\/lamostradevalencia.com\\\/ca\\\/mostra-de-valencia-comptara-amb-un-espai-propi-en-la-placa-de-lajuntament-per-on-passaran-antonio-resines-vanesa-romero-i-karra-elejalde-entre-altres\\\/\",\"url\":\"https:\\\/\\\/lamostradevalencia.com\\\/ca\\\/mostra-de-valencia-comptara-amb-un-espai-propi-en-la-placa-de-lajuntament-per-on-passaran-antonio-resines-vanesa-romero-i-karra-elejalde-entre-altres\\\/\",\"name\":\"Mostra de Val\u00e8ncia comptar\u00e0 amb un espai propi en la pla\u00e7a de l'Ajuntament per on passaran Antonio Resines, Vanesa Romero i Karra Elejalde, entre altres - Mostra de Val\u00e8ncia\",\"isPartOf\":{\"@id\":\"https:\\\/\\\/lamostradevalencia.com\\\/ca\\\/#website\"},\"primaryImageOfPage\":{\"@id\":\"https:\\\/\\\/lamostradevalencia.com\\\/ca\\\/mostra-de-valencia-comptara-amb-un-espai-propi-en-la-placa-de-lajuntament-per-on-passaran-antonio-resines-vanesa-romero-i-karra-elejalde-entre-altres\\\/#primaryimage\"},\"image\":{\"@id\":\"https:\\\/\\\/lamostradevalencia.com\\\/ca\\\/mostra-de-valencia-comptara-amb-un-espai-propi-en-la-placa-de-lajuntament-per-on-passaran-antonio-resines-vanesa-romero-i-karra-elejalde-entre-altres\\\/#primaryimage\"},\"thumbnailUrl\":\"https:\\\/\\\/lamostradevalencia.com\\\/wp-content\\\/uploads\\\/2022\\\/10\\\/ruedadeprensa_700.jpg\",\"datePublished\":\"2022-10-05T13:13:23+00:00\",\"dateModified\":\"2022-10-05T17:15:20+00:00\",\"author\":{\"@id\":\"https:\\\/\\\/lamostradevalencia.com\\\/ca\\\/#\\\/schema\\\/person\\\/1dc07e4df3d6310b81d2cdf6a034070c\"},\"breadcrumb\":{\"@id\":\"https:\\\/\\\/lamostradevalencia.com\\\/ca\\\/mostra-de-valencia-comptara-amb-un-espai-propi-en-la-placa-de-lajuntament-per-on-passaran-antonio-resines-vanesa-romero-i-karra-elejalde-entre-altres\\\/#breadcrumb\"},\"inLanguage\":\"ca\",\"potentialAction\":[{\"@type\":\"ReadAction\",\"target\":[\"https:\\\/\\\/lamostradevalencia.com\\\/ca\\\/mostra-de-valencia-comptara-amb-un-espai-propi-en-la-placa-de-lajuntament-per-on-passaran-antonio-resines-vanesa-romero-i-karra-elejalde-entre-altres\\\/\"]}]},{\"@type\":\"ImageObject\",\"inLanguage\":\"ca\",\"@id\":\"https:\\\/\\\/lamostradevalencia.com\\\/ca\\\/mostra-de-valencia-comptara-amb-un-espai-propi-en-la-placa-de-lajuntament-per-on-passaran-antonio-resines-vanesa-romero-i-karra-elejalde-entre-altres\\\/#primaryimage\",\"url\":\"https:\\\/\\\/lamostradevalencia.com\\\/wp-content\\\/uploads\\\/2022\\\/10\\\/ruedadeprensa_700.jpg\",\"contentUrl\":\"https:\\\/\\\/lamostradevalencia.com\\\/wp-content\\\/uploads\\\/2022\\\/10\\\/ruedadeprensa_700.jpg\",\"width\":700,\"height\":700},{\"@type\":\"BreadcrumbList\",\"@id\":\"https:\\\/\\\/lamostradevalencia.com\\\/ca\\\/mostra-de-valencia-comptara-amb-un-espai-propi-en-la-placa-de-lajuntament-per-on-passaran-antonio-resines-vanesa-romero-i-karra-elejalde-entre-altres\\\/#breadcrumb\",\"itemListElement\":[{\"@type\":\"ListItem\",\"position\":1,\"name\":\"Portada\",\"item\":\"https:\\\/\\\/lamostradevalencia.com\\\/ca\\\/\"},{\"@type\":\"ListItem\",\"position\":2,\"name\":\"Mostra de Val\u00e8ncia comptar\u00e0 amb un espai propi en la pla\u00e7a de l&#8217;Ajuntament per on passaran Antonio Resines, Vanesa Romero i Karra Elejalde, entre altres\"}]},{\"@type\":\"WebSite\",\"@id\":\"https:\\\/\\\/lamostradevalencia.com\\\/ca\\\/#website\",\"url\":\"https:\\\/\\\/lamostradevalencia.com\\\/ca\\\/\",\"name\":\"Mostra de Val\u00e8ncia\",\"description\":\"Cinema del Mediterrani\",\"potentialAction\":[{\"@type\":\"SearchAction\",\"target\":{\"@type\":\"EntryPoint\",\"urlTemplate\":\"https:\\\/\\\/lamostradevalencia.com\\\/ca\\\/?s={search_term_string}\"},\"query-input\":{\"@type\":\"PropertyValueSpecification\",\"valueRequired\":true,\"valueName\":\"search_term_string\"}}],\"inLanguage\":\"ca\"},{\"@type\":\"Person\",\"@id\":\"https:\\\/\\\/lamostradevalencia.com\\\/ca\\\/#\\\/schema\\\/person\\\/1dc07e4df3d6310b81d2cdf6a034070c\",\"name\":\"Mostra de Val\u00e8ncia\",\"image\":{\"@type\":\"ImageObject\",\"inLanguage\":\"ca\",\"@id\":\"https:\\\/\\\/secure.gravatar.com\\\/avatar\\\/ada4dfd699a9907706987adb1bb2b361c2613ccca474b49b8c648de5208e32f8?s=96&d=mm&r=g\",\"url\":\"https:\\\/\\\/secure.gravatar.com\\\/avatar\\\/ada4dfd699a9907706987adb1bb2b361c2613ccca474b49b8c648de5208e32f8?s=96&d=mm&r=g\",\"contentUrl\":\"https:\\\/\\\/secure.gravatar.com\\\/avatar\\\/ada4dfd699a9907706987adb1bb2b361c2613ccca474b49b8c648de5208e32f8?s=96&d=mm&r=g\",\"caption\":\"Mostra de Val\u00e8ncia\"}}]}<\/script>\n<!-- \/ Yoast SEO plugin. -->","yoast_head_json":{"title":"Mostra de Val\u00e8ncia comptar\u00e0 amb un espai propi en la pla\u00e7a de l'Ajuntament per on passaran Antonio Resines, Vanesa Romero i Karra Elejalde, entre altres - Mostra de Val\u00e8ncia","robots":{"index":"index","follow":"follow","max-snippet":"max-snippet:-1","max-image-preview":"max-image-preview:large","max-video-preview":"max-video-preview:-1"},"canonical":"https:\/\/lamostradevalencia.com\/ca\/mostra-de-valencia-comptara-amb-un-espai-propi-en-la-placa-de-lajuntament-per-on-passaran-antonio-resines-vanesa-romero-i-karra-elejalde-entre-altres\/","og_locale":"ca_ES","og_type":"article","og_title":"Mostra de Val\u00e8ncia comptar\u00e0 amb un espai propi en la pla\u00e7a de l'Ajuntament per on passaran Antonio Resines, Vanesa Romero i Karra Elejalde, entre altres - Mostra de Val\u00e8ncia","og_description":"El certamen dona a con\u00e9ixer les pel\u00b7l\u00edcules valencianes que formaran part de la programaci\u00f3 i la resta de t\u00edtols de la Secci\u00f3 Informativa El festival [&hellip;]","og_url":"https:\/\/lamostradevalencia.com\/ca\/mostra-de-valencia-comptara-amb-un-espai-propi-en-la-placa-de-lajuntament-per-on-passaran-antonio-resines-vanesa-romero-i-karra-elejalde-entre-altres\/","og_site_name":"Mostra de Val\u00e8ncia","article_published_time":"2022-10-05T13:13:23+00:00","article_modified_time":"2022-10-05T17:15:20+00:00","og_image":[{"width":700,"height":700,"url":"https:\/\/lamostradevalencia.com\/wp-content\/uploads\/2022\/10\/ruedadeprensa_700.jpg","type":"image\/jpeg"}],"author":"Mostra de Val\u00e8ncia","twitter_card":"summary_large_image","twitter_misc":{"Escrit per":"Mostra de Val\u00e8ncia","Temps estimat de lectura":"7 minuts"},"schema":{"@context":"https:\/\/schema.org","@graph":[{"@type":"Article","@id":"https:\/\/lamostradevalencia.com\/ca\/mostra-de-valencia-comptara-amb-un-espai-propi-en-la-placa-de-lajuntament-per-on-passaran-antonio-resines-vanesa-romero-i-karra-elejalde-entre-altres\/#article","isPartOf":{"@id":"https:\/\/lamostradevalencia.com\/ca\/mostra-de-valencia-comptara-amb-un-espai-propi-en-la-placa-de-lajuntament-per-on-passaran-antonio-resines-vanesa-romero-i-karra-elejalde-entre-altres\/"},"author":{"name":"Mostra de Val\u00e8ncia","@id":"https:\/\/lamostradevalencia.com\/ca\/#\/schema\/person\/1dc07e4df3d6310b81d2cdf6a034070c"},"headline":"Mostra de Val\u00e8ncia comptar\u00e0 amb un espai propi en la pla\u00e7a de l&#8217;Ajuntament per on passaran Antonio Resines, Vanesa Romero i Karra Elejalde, entre altres","datePublished":"2022-10-05T13:13:23+00:00","dateModified":"2022-10-05T17:15:20+00:00","mainEntityOfPage":{"@id":"https:\/\/lamostradevalencia.com\/ca\/mostra-de-valencia-comptara-amb-un-espai-propi-en-la-placa-de-lajuntament-per-on-passaran-antonio-resines-vanesa-romero-i-karra-elejalde-entre-altres\/"},"wordCount":1476,"commentCount":0,"image":{"@id":"https:\/\/lamostradevalencia.com\/ca\/mostra-de-valencia-comptara-amb-un-espai-propi-en-la-placa-de-lajuntament-per-on-passaran-antonio-resines-vanesa-romero-i-karra-elejalde-entre-altres\/#primaryimage"},"thumbnailUrl":"https:\/\/lamostradevalencia.com\/wp-content\/uploads\/2022\/10\/ruedadeprensa_700.jpg","articleSection":["Noticies"],"inLanguage":"ca","potentialAction":[{"@type":"CommentAction","name":"Comment","target":["https:\/\/lamostradevalencia.com\/ca\/mostra-de-valencia-comptara-amb-un-espai-propi-en-la-placa-de-lajuntament-per-on-passaran-antonio-resines-vanesa-romero-i-karra-elejalde-entre-altres\/#respond"]}]},{"@type":"WebPage","@id":"https:\/\/lamostradevalencia.com\/ca\/mostra-de-valencia-comptara-amb-un-espai-propi-en-la-placa-de-lajuntament-per-on-passaran-antonio-resines-vanesa-romero-i-karra-elejalde-entre-altres\/","url":"https:\/\/lamostradevalencia.com\/ca\/mostra-de-valencia-comptara-amb-un-espai-propi-en-la-placa-de-lajuntament-per-on-passaran-antonio-resines-vanesa-romero-i-karra-elejalde-entre-altres\/","name":"Mostra de Val\u00e8ncia comptar\u00e0 amb un espai propi en la pla\u00e7a de l'Ajuntament per on passaran Antonio Resines, Vanesa Romero i Karra Elejalde, entre altres - Mostra de Val\u00e8ncia","isPartOf":{"@id":"https:\/\/lamostradevalencia.com\/ca\/#website"},"primaryImageOfPage":{"@id":"https:\/\/lamostradevalencia.com\/ca\/mostra-de-valencia-comptara-amb-un-espai-propi-en-la-placa-de-lajuntament-per-on-passaran-antonio-resines-vanesa-romero-i-karra-elejalde-entre-altres\/#primaryimage"},"image":{"@id":"https:\/\/lamostradevalencia.com\/ca\/mostra-de-valencia-comptara-amb-un-espai-propi-en-la-placa-de-lajuntament-per-on-passaran-antonio-resines-vanesa-romero-i-karra-elejalde-entre-altres\/#primaryimage"},"thumbnailUrl":"https:\/\/lamostradevalencia.com\/wp-content\/uploads\/2022\/10\/ruedadeprensa_700.jpg","datePublished":"2022-10-05T13:13:23+00:00","dateModified":"2022-10-05T17:15:20+00:00","author":{"@id":"https:\/\/lamostradevalencia.com\/ca\/#\/schema\/person\/1dc07e4df3d6310b81d2cdf6a034070c"},"breadcrumb":{"@id":"https:\/\/lamostradevalencia.com\/ca\/mostra-de-valencia-comptara-amb-un-espai-propi-en-la-placa-de-lajuntament-per-on-passaran-antonio-resines-vanesa-romero-i-karra-elejalde-entre-altres\/#breadcrumb"},"inLanguage":"ca","potentialAction":[{"@type":"ReadAction","target":["https:\/\/lamostradevalencia.com\/ca\/mostra-de-valencia-comptara-amb-un-espai-propi-en-la-placa-de-lajuntament-per-on-passaran-antonio-resines-vanesa-romero-i-karra-elejalde-entre-altres\/"]}]},{"@type":"ImageObject","inLanguage":"ca","@id":"https:\/\/lamostradevalencia.com\/ca\/mostra-de-valencia-comptara-amb-un-espai-propi-en-la-placa-de-lajuntament-per-on-passaran-antonio-resines-vanesa-romero-i-karra-elejalde-entre-altres\/#primaryimage","url":"https:\/\/lamostradevalencia.com\/wp-content\/uploads\/2022\/10\/ruedadeprensa_700.jpg","contentUrl":"https:\/\/lamostradevalencia.com\/wp-content\/uploads\/2022\/10\/ruedadeprensa_700.jpg","width":700,"height":700},{"@type":"BreadcrumbList","@id":"https:\/\/lamostradevalencia.com\/ca\/mostra-de-valencia-comptara-amb-un-espai-propi-en-la-placa-de-lajuntament-per-on-passaran-antonio-resines-vanesa-romero-i-karra-elejalde-entre-altres\/#breadcrumb","itemListElement":[{"@type":"ListItem","position":1,"name":"Portada","item":"https:\/\/lamostradevalencia.com\/ca\/"},{"@type":"ListItem","position":2,"name":"Mostra de Val\u00e8ncia comptar\u00e0 amb un espai propi en la pla\u00e7a de l&#8217;Ajuntament per on passaran Antonio Resines, Vanesa Romero i Karra Elejalde, entre altres"}]},{"@type":"WebSite","@id":"https:\/\/lamostradevalencia.com\/ca\/#website","url":"https:\/\/lamostradevalencia.com\/ca\/","name":"Mostra de Val\u00e8ncia","description":"Cinema del Mediterrani","potentialAction":[{"@type":"SearchAction","target":{"@type":"EntryPoint","urlTemplate":"https:\/\/lamostradevalencia.com\/ca\/?s={search_term_string}"},"query-input":{"@type":"PropertyValueSpecification","valueRequired":true,"valueName":"search_term_string"}}],"inLanguage":"ca"},{"@type":"Person","@id":"https:\/\/lamostradevalencia.com\/ca\/#\/schema\/person\/1dc07e4df3d6310b81d2cdf6a034070c","name":"Mostra de Val\u00e8ncia","image":{"@type":"ImageObject","inLanguage":"ca","@id":"https:\/\/secure.gravatar.com\/avatar\/ada4dfd699a9907706987adb1bb2b361c2613ccca474b49b8c648de5208e32f8?s=96&d=mm&r=g","url":"https:\/\/secure.gravatar.com\/avatar\/ada4dfd699a9907706987adb1bb2b361c2613ccca474b49b8c648de5208e32f8?s=96&d=mm&r=g","contentUrl":"https:\/\/secure.gravatar.com\/avatar\/ada4dfd699a9907706987adb1bb2b361c2613ccca474b49b8c648de5208e32f8?s=96&d=mm&r=g","caption":"Mostra de Val\u00e8ncia"}}]}},"uagb_featured_image_src":{"full":["https:\/\/lamostradevalencia.com\/wp-content\/uploads\/2022\/10\/ruedadeprensa_700.jpg",700,700,false],"thumbnail":["https:\/\/lamostradevalencia.com\/wp-content\/uploads\/2022\/10\/ruedadeprensa_700-150x150.jpg",150,150,true],"medium":["https:\/\/lamostradevalencia.com\/wp-content\/uploads\/2022\/10\/ruedadeprensa_700-300x300.jpg",300,300,true],"medium_large":["https:\/\/lamostradevalencia.com\/wp-content\/uploads\/2022\/10\/ruedadeprensa_700.jpg",700,700,false],"large":["https:\/\/lamostradevalencia.com\/wp-content\/uploads\/2022\/10\/ruedadeprensa_700.jpg",700,700,false],"1536x1536":["https:\/\/lamostradevalencia.com\/wp-content\/uploads\/2022\/10\/ruedadeprensa_700.jpg",700,700,false],"2048x2048":["https:\/\/lamostradevalencia.com\/wp-content\/uploads\/2022\/10\/ruedadeprensa_700.jpg",700,700,false],"cinerama_edge_image_square":["https:\/\/lamostradevalencia.com\/wp-content\/uploads\/2022\/10\/ruedadeprensa_700-550x550.jpg",550,550,true],"cinerama_edge_image_landscape":["https:\/\/lamostradevalencia.com\/wp-content\/uploads\/2022\/10\/ruedadeprensa_700-700x550.jpg",700,550,true],"cinerama_edge_image_portrait":["https:\/\/lamostradevalencia.com\/wp-content\/uploads\/2022\/10\/ruedadeprensa_700-550x700.jpg",550,700,true],"cinerama_edge_image_huge":["https:\/\/lamostradevalencia.com\/wp-content\/uploads\/2022\/10\/ruedadeprensa_700.jpg",700,700,false],"gform-image-choice-sm":["https:\/\/lamostradevalencia.com\/wp-content\/uploads\/2022\/10\/ruedadeprensa_700.jpg",300,300,false],"gform-image-choice-md":["https:\/\/lamostradevalencia.com\/wp-content\/uploads\/2022\/10\/ruedadeprensa_700.jpg",400,400,false],"gform-image-choice-lg":["https:\/\/lamostradevalencia.com\/wp-content\/uploads\/2022\/10\/ruedadeprensa_700.jpg",600,600,false]},"uagb_author_info":{"display_name":"Mostra de Val\u00e8ncia","author_link":"https:\/\/lamostradevalencia.com\/ca\/author\/mostravalencia\/"},"uagb_comment_info":0,"uagb_excerpt":"El certamen dona a con\u00e9ixer les pel\u00b7l\u00edcules valencianes que formaran part de la programaci\u00f3 i la resta de t\u00edtols de la Secci\u00f3 Informativa El festival [&hellip;]","_links":{"self":[{"href":"https:\/\/lamostradevalencia.com\/ca\/wp-json\/wp\/v2\/posts\/16468","targetHints":{"allow":["GET"]}}],"collection":[{"href":"https:\/\/lamostradevalencia.com\/ca\/wp-json\/wp\/v2\/posts"}],"about":[{"href":"https:\/\/lamostradevalencia.com\/ca\/wp-json\/wp\/v2\/types\/post"}],"author":[{"embeddable":true,"href":"https:\/\/lamostradevalencia.com\/ca\/wp-json\/wp\/v2\/users\/1"}],"replies":[{"embeddable":true,"href":"https:\/\/lamostradevalencia.com\/ca\/wp-json\/wp\/v2\/comments?post=16468"}],"version-history":[{"count":4,"href":"https:\/\/lamostradevalencia.com\/ca\/wp-json\/wp\/v2\/posts\/16468\/revisions"}],"predecessor-version":[{"id":16703,"href":"https:\/\/lamostradevalencia.com\/ca\/wp-json\/wp\/v2\/posts\/16468\/revisions\/16703"}],"wp:featuredmedia":[{"embeddable":true,"href":"https:\/\/lamostradevalencia.com\/ca\/wp-json\/wp\/v2\/media\/16458"}],"wp:attachment":[{"href":"https:\/\/lamostradevalencia.com\/ca\/wp-json\/wp\/v2\/media?parent=16468"}],"wp:term":[{"taxonomy":"category","embeddable":true,"href":"https:\/\/lamostradevalencia.com\/ca\/wp-json\/wp\/v2\/categories?post=16468"},{"taxonomy":"post_tag","embeddable":true,"href":"https:\/\/lamostradevalencia.com\/ca\/wp-json\/wp\/v2\/tags?post=16468"}],"curies":[{"name":"wp","href":"https:\/\/api.w.org\/{rel}","templated":true}]}}