{"id":16074,"date":"2022-09-29T12:18:40","date_gmt":"2022-09-29T10:18:40","guid":{"rendered":"https:\/\/lamostradevalencia.com\/?p=16074"},"modified":"2022-10-03T08:02:58","modified_gmt":"2022-10-03T06:02:58","slug":"els-millors-retrats-de-denueve-huppert-binoche-i-almodovar-per-carole-bellaiche-arriben-a-mostra-de-valencia","status":"publish","type":"post","link":"https:\/\/lamostradevalencia.com\/ca\/els-millors-retrats-de-denueve-huppert-binoche-i-almodovar-per-carole-bellaiche-arriben-a-mostra-de-valencia\/","title":{"rendered":"Els millors retrats de Denueve, Huppert,  Binoche i Almod\u00f3var per Carole Bella\u00efche  arriben a Mostra de Val\u00e8ncia"},"content":{"rendered":"<h5>L&#8217;exposici\u00f3 \u201cRetrats de cine\u201d, que repassa quaranta anys de treball de la fot\u00f2grafa francesa, es veur\u00e0 per primera vegada a Espanya en la Galeria del Tossal<\/h5>\n<p><span style=\"font-weight: 400;\">El cine tamb\u00e9 es pot contar a trav\u00e9s de l&#8217;objectiu d&#8217;una c\u00e0mera fotogr\u00e0fica. Sota esta premissa, Mostra de Val\u00e8ncia presenta \u201cRetrats de cine\u201d, una exposici\u00f3 que arriba per primera vegada a Espanya de la m\u00e0 i la mirada de la fot\u00f2grafa francesa Carole Bella\u00efche.<\/span><\/p>\n<p><span style=\"font-weight: 400;\">La Galeria del Tossal acollir\u00e0 des de dem\u00e0, 30 de setembre, la mostra que recorre les quatre d\u00e8cades de traject\u00f2ria d&#8217;esta fot\u00f2grafa que ha treballat per a la revista Cahiers du Cin\u00e9ma i altres mitjans cobrint els principals festivals de cine. Fruit del seu treball i els seus viatges s\u00f3n estos \u201cRetrats de cine\u201d en qu\u00e8 quals ha captat l&#8217;ess\u00e8ncia i expressi\u00f3 d&#8217;algunes de les grans figures del s\u00e9ptim art. \u201cVaig fotografiar\u00a0 les primeres actrius als 16 anys i vaig trobar en elles companyes de jocs que m&#8217;acompanyen des de llavors: fem fotos, creem imatges, per\u00f2 la major part de vegades tracte de situar-les en una atmosfera; com si eixa presa, eixa imatge, fora el comen\u00e7ament d&#8217;una pel\u00b7l\u00edcula\u201d, assegura l&#8217;artista sobre el seu treball.<\/span><\/p>\n<p><span style=\"font-weight: 400;\">Com destaca la presidenta de la Mostra, Gloria Tello, l&#8217;exposici\u00f3 que arriba a Val\u00e8ncia \u201csuposa la primera oportunitat de veure l&#8217;obra de Carole Bella\u00efche a Espanya. Una magn\u00edfica selecci\u00f3 de mig centenar de fotografies amb retrats de les grans icones de la creaci\u00f3 i interpretaci\u00f3 cinematogr\u00e0fica mediterr\u00e0nia dels \u00faltims cinquanta anys\u201d.<\/span><\/p>\n<p><span style=\"font-weight: 400;\">Carole Bella\u00efche (Par\u00eds, 1964)\u00a0es va iniciar en la fotografia en 1978 despr\u00e9s de con\u00e9ixer la fot\u00f2grafa de moda Dominique Issermann, i amb nom\u00e9s 16 anys va inaugurar la seua primera exposici\u00f3 personal en el centre cultural d&#8217;Aubenas. En 1989 va debutar a Par\u00eds i va comen\u00e7ar una fruct\u00edfera col\u00b7laboraci\u00f3 amb la revista especialitzada Cahiers du Cin\u00e9ma. Una selecci\u00f3 del seu treball per a la prestigiosa publicaci\u00f3 va ser la base de la seua seg\u00fcent exposici\u00f3, en 1994: <\/span><i><span style=\"font-weight: 400;\">Cahiers et L\u00e9gendes du Cin\u00e9ma.<\/span><\/i><span style=\"font-weight: 400;\"> Posteriorment, Bella\u00efche es va incorporar a l&#8217;ag\u00e8ncia de premsa Sygma i H&amp;K i va treballar per a diferents mitjans i empreses publicit\u00e0ries, i en 2002 va reunir els seus retrats de dones per a <\/span><i><span style=\"font-weight: 400;\">Portraits<\/span><\/i><span style=\"font-weight: 400;\">, una exposici\u00f3 en els Arxives Nationales.<\/span><\/p>\n<p><span style=\"font-weight: 400;\">En 2007, el Museu del Cinema de Tor\u00ed va acollir 140 dels seus retrats de cine i en 2013 va debutar com a cineasta amb el curtmetratge \u2018Tatiana mon amour\u2019, protagonitzat per Fanny Ardant. Entre els seus llibres destaquen <\/span><i><span style=\"font-weight: 400;\">Entre jeunes filles<\/span><\/i><span style=\"font-weight: 400;\"> (2018), que va donar lloc a una exposici\u00f3 en la galeria Sitdown de Par\u00eds, o <\/span><i><span style=\"font-weight: 400;\">Isabelle Huppert<\/span><\/i><span style=\"font-weight: 400;\"> (2019), un volum monogr\u00e0fic dedicat a l&#8217;actriu. En 2021 va publicar <\/span><i><span style=\"font-weight: 400;\">25 Bd Beaumarchais<\/span><\/i><span style=\"font-weight: 400;\">.\u00a0<\/span><\/p>\n<p><span style=\"font-weight: 400;\">En la mostra gaudirem d&#8217;instant\u00e0nies de grans icones internacionals del s\u00e8ptim art, conegudes per tot el m\u00f3n, <\/span><b>Catherine Deneuve, Isabella Rossellini, Ornella Muti<\/b><span style=\"font-weight: 400;\">,<\/span> <b>Juliette Binoche, Maria de Medeiros o Emmanuelle B\u00e9art<\/b><span style=\"font-weight: 400;\">, aix\u00ed com de directors <\/span><span style=\"font-weight: 400;\">de la talla de <\/span><b>Fran\u00e7ois Truffaut<\/b><span style=\"font-weight: 400;\">, <\/span><b>Marco Ferreri<\/b><span style=\"font-weight: 400;\">, <\/span><b>Theo Angelopoulos, <\/b><b>Agn\u00e8s Varda,<\/b> <b>Amos Gitai, <\/b><b>Abbas Kiarostami<\/b><span style=\"font-weight: 400;\">,<\/span> <b>Claire Denis<\/b><span style=\"font-weight: 400;\"> i <\/span><b>Pedro Almod\u00f3var.<\/b><span style=\"font-weight: 400;\">\u00a0<\/span><\/p>\n<p><span style=\"font-weight: 400;\">L&#8217;exposici\u00f3 estar\u00e0 oberta a partir de dem\u00e0, de dilluns a dissabtes de 16:00 a 19:00h i els diumenges y festius de 10:00 a 14:00h. La mateixa autora visitar\u00e0 els seus \u201cRetrats de cine\u201d durant la 37a\u00a0 Mostra de Val\u00e8ncia \u2013 Cinema del Mediterrani, que se celebrar\u00e0 del 20 al 30 d&#8217;octubre, i que compta amb la col\u00b7laboraci\u00f3 de l\u2019Institut Valenci\u00e0 de Cultura (IVC), Rambleta, Val\u00e8ncia Film Office, <\/span><span style=\"font-weight: 400;\">Barreira Arte + Dise\u00f1o <\/span><span style=\"font-weight: 400;\">i \u00c0 Punt M\u00e8dia com a mitj\u00e0 oficial.<\/span><\/p>\n","protected":false},"excerpt":{"rendered":"<p>L&#8217;exposici\u00f3 \u201cRetrats de cine\u201d, que repassa quaranta anys de treball de la fot\u00f2grafa francesa, es veur\u00e0 per primera vegada a Espanya en la Galeria del [&hellip;]<\/p>\n","protected":false},"author":1,"featured_media":16076,"comment_status":"open","ping_status":"open","sticky":false,"template":"","format":"standard","meta":{"_uag_custom_page_level_css":"","_jet_sm_ready_style":"","_jet_sm_style":"","_jet_sm_controls_values":"","_jet_sm_fonts_collection":"","_jet_sm_fonts_links":"","footnotes":""},"categories":[455],"tags":[],"class_list":["post-16074","post","type-post","status-publish","format-standard","has-post-thumbnail","hentry","category-noticies"],"yoast_head":"<!-- This site is optimized with the Yoast SEO plugin v27.5 - https:\/\/yoast.com\/product\/yoast-seo-wordpress\/ -->\n<title>Els millors retrats de Denueve, Huppert, Binoche i Almod\u00f3var per Carole Bella\u00efche arriben a Mostra de Val\u00e8ncia - Mostra de Val\u00e8ncia<\/title>\n<meta name=\"robots\" content=\"index, follow, max-snippet:-1, max-image-preview:large, max-video-preview:-1\" \/>\n<link rel=\"canonical\" href=\"https:\/\/lamostradevalencia.com\/ca\/els-millors-retrats-de-denueve-huppert-binoche-i-almodovar-per-carole-bellaiche-arriben-a-mostra-de-valencia\/\" \/>\n<meta property=\"og:locale\" content=\"ca_ES\" \/>\n<meta property=\"og:type\" content=\"article\" \/>\n<meta property=\"og:title\" content=\"Els millors retrats de Denueve, Huppert, Binoche i Almod\u00f3var per Carole Bella\u00efche arriben a Mostra de Val\u00e8ncia - Mostra de Val\u00e8ncia\" \/>\n<meta property=\"og:description\" content=\"L&#8217;exposici\u00f3 \u201cRetrats de cine\u201d, que repassa quaranta anys de treball de la fot\u00f2grafa francesa, es veur\u00e0 per primera vegada a Espanya en la Galeria del [&hellip;]\" \/>\n<meta property=\"og:url\" content=\"https:\/\/lamostradevalencia.com\/ca\/els-millors-retrats-de-denueve-huppert-binoche-i-almodovar-per-carole-bellaiche-arriben-a-mostra-de-valencia\/\" \/>\n<meta property=\"og:site_name\" content=\"Mostra de Val\u00e8ncia\" \/>\n<meta property=\"article:published_time\" content=\"2022-09-29T10:18:40+00:00\" \/>\n<meta property=\"article:modified_time\" content=\"2022-10-03T06:02:58+00:00\" \/>\n<meta property=\"og:image\" content=\"https:\/\/lamostradevalencia.com\/wp-content\/uploads\/2022\/09\/expo_1200_binoche.jpg\" \/>\n\t<meta property=\"og:image:width\" content=\"1200\" \/>\n\t<meta property=\"og:image:height\" content=\"900\" \/>\n\t<meta property=\"og:image:type\" content=\"image\/jpeg\" \/>\n<meta name=\"author\" content=\"Mostra de Val\u00e8ncia\" \/>\n<meta name=\"twitter:card\" content=\"summary_large_image\" \/>\n<meta name=\"twitter:label1\" content=\"Escrit per\" \/>\n\t<meta name=\"twitter:data1\" content=\"Mostra de Val\u00e8ncia\" \/>\n\t<meta name=\"twitter:label2\" content=\"Temps estimat de lectura\" \/>\n\t<meta name=\"twitter:data2\" content=\"3 minuts\" \/>\n<script type=\"application\/ld+json\" class=\"yoast-schema-graph\">{\"@context\":\"https:\\\/\\\/schema.org\",\"@graph\":[{\"@type\":\"Article\",\"@id\":\"https:\\\/\\\/lamostradevalencia.com\\\/ca\\\/els-millors-retrats-de-denueve-huppert-binoche-i-almodovar-per-carole-bellaiche-arriben-a-mostra-de-valencia\\\/#article\",\"isPartOf\":{\"@id\":\"https:\\\/\\\/lamostradevalencia.com\\\/ca\\\/els-millors-retrats-de-denueve-huppert-binoche-i-almodovar-per-carole-bellaiche-arriben-a-mostra-de-valencia\\\/\"},\"author\":{\"name\":\"Mostra de Val\u00e8ncia\",\"@id\":\"https:\\\/\\\/lamostradevalencia.com\\\/ca\\\/#\\\/schema\\\/person\\\/1dc07e4df3d6310b81d2cdf6a034070c\"},\"headline\":\"Els millors retrats de Denueve, Huppert, Binoche i Almod\u00f3var per Carole Bella\u00efche arriben a Mostra de Val\u00e8ncia\",\"datePublished\":\"2022-09-29T10:18:40+00:00\",\"dateModified\":\"2022-10-03T06:02:58+00:00\",\"mainEntityOfPage\":{\"@id\":\"https:\\\/\\\/lamostradevalencia.com\\\/ca\\\/els-millors-retrats-de-denueve-huppert-binoche-i-almodovar-per-carole-bellaiche-arriben-a-mostra-de-valencia\\\/\"},\"wordCount\":648,\"commentCount\":0,\"image\":{\"@id\":\"https:\\\/\\\/lamostradevalencia.com\\\/ca\\\/els-millors-retrats-de-denueve-huppert-binoche-i-almodovar-per-carole-bellaiche-arriben-a-mostra-de-valencia\\\/#primaryimage\"},\"thumbnailUrl\":\"https:\\\/\\\/lamostradevalencia.com\\\/wp-content\\\/uploads\\\/2022\\\/09\\\/expo_1200_binoche.jpg\",\"articleSection\":[\"Noticies\"],\"inLanguage\":\"ca\",\"potentialAction\":[{\"@type\":\"CommentAction\",\"name\":\"Comment\",\"target\":[\"https:\\\/\\\/lamostradevalencia.com\\\/ca\\\/els-millors-retrats-de-denueve-huppert-binoche-i-almodovar-per-carole-bellaiche-arriben-a-mostra-de-valencia\\\/#respond\"]}]},{\"@type\":\"WebPage\",\"@id\":\"https:\\\/\\\/lamostradevalencia.com\\\/ca\\\/els-millors-retrats-de-denueve-huppert-binoche-i-almodovar-per-carole-bellaiche-arriben-a-mostra-de-valencia\\\/\",\"url\":\"https:\\\/\\\/lamostradevalencia.com\\\/ca\\\/els-millors-retrats-de-denueve-huppert-binoche-i-almodovar-per-carole-bellaiche-arriben-a-mostra-de-valencia\\\/\",\"name\":\"Els millors retrats de Denueve, Huppert, Binoche i Almod\u00f3var per Carole Bella\u00efche arriben a Mostra de Val\u00e8ncia - Mostra de Val\u00e8ncia\",\"isPartOf\":{\"@id\":\"https:\\\/\\\/lamostradevalencia.com\\\/ca\\\/#website\"},\"primaryImageOfPage\":{\"@id\":\"https:\\\/\\\/lamostradevalencia.com\\\/ca\\\/els-millors-retrats-de-denueve-huppert-binoche-i-almodovar-per-carole-bellaiche-arriben-a-mostra-de-valencia\\\/#primaryimage\"},\"image\":{\"@id\":\"https:\\\/\\\/lamostradevalencia.com\\\/ca\\\/els-millors-retrats-de-denueve-huppert-binoche-i-almodovar-per-carole-bellaiche-arriben-a-mostra-de-valencia\\\/#primaryimage\"},\"thumbnailUrl\":\"https:\\\/\\\/lamostradevalencia.com\\\/wp-content\\\/uploads\\\/2022\\\/09\\\/expo_1200_binoche.jpg\",\"datePublished\":\"2022-09-29T10:18:40+00:00\",\"dateModified\":\"2022-10-03T06:02:58+00:00\",\"author\":{\"@id\":\"https:\\\/\\\/lamostradevalencia.com\\\/ca\\\/#\\\/schema\\\/person\\\/1dc07e4df3d6310b81d2cdf6a034070c\"},\"breadcrumb\":{\"@id\":\"https:\\\/\\\/lamostradevalencia.com\\\/ca\\\/els-millors-retrats-de-denueve-huppert-binoche-i-almodovar-per-carole-bellaiche-arriben-a-mostra-de-valencia\\\/#breadcrumb\"},\"inLanguage\":\"ca\",\"potentialAction\":[{\"@type\":\"ReadAction\",\"target\":[\"https:\\\/\\\/lamostradevalencia.com\\\/ca\\\/els-millors-retrats-de-denueve-huppert-binoche-i-almodovar-per-carole-bellaiche-arriben-a-mostra-de-valencia\\\/\"]}]},{\"@type\":\"ImageObject\",\"inLanguage\":\"ca\",\"@id\":\"https:\\\/\\\/lamostradevalencia.com\\\/ca\\\/els-millors-retrats-de-denueve-huppert-binoche-i-almodovar-per-carole-bellaiche-arriben-a-mostra-de-valencia\\\/#primaryimage\",\"url\":\"https:\\\/\\\/lamostradevalencia.com\\\/wp-content\\\/uploads\\\/2022\\\/09\\\/expo_1200_binoche.jpg\",\"contentUrl\":\"https:\\\/\\\/lamostradevalencia.com\\\/wp-content\\\/uploads\\\/2022\\\/09\\\/expo_1200_binoche.jpg\",\"width\":1200,\"height\":900},{\"@type\":\"BreadcrumbList\",\"@id\":\"https:\\\/\\\/lamostradevalencia.com\\\/ca\\\/els-millors-retrats-de-denueve-huppert-binoche-i-almodovar-per-carole-bellaiche-arriben-a-mostra-de-valencia\\\/#breadcrumb\",\"itemListElement\":[{\"@type\":\"ListItem\",\"position\":1,\"name\":\"Portada\",\"item\":\"https:\\\/\\\/lamostradevalencia.com\\\/ca\\\/\"},{\"@type\":\"ListItem\",\"position\":2,\"name\":\"Els millors retrats de Denueve, Huppert, Binoche i Almod\u00f3var per Carole Bella\u00efche arriben a Mostra de Val\u00e8ncia\"}]},{\"@type\":\"WebSite\",\"@id\":\"https:\\\/\\\/lamostradevalencia.com\\\/ca\\\/#website\",\"url\":\"https:\\\/\\\/lamostradevalencia.com\\\/ca\\\/\",\"name\":\"Mostra de Val\u00e8ncia\",\"description\":\"Cinema del Mediterrani\",\"potentialAction\":[{\"@type\":\"SearchAction\",\"target\":{\"@type\":\"EntryPoint\",\"urlTemplate\":\"https:\\\/\\\/lamostradevalencia.com\\\/ca\\\/?s={search_term_string}\"},\"query-input\":{\"@type\":\"PropertyValueSpecification\",\"valueRequired\":true,\"valueName\":\"search_term_string\"}}],\"inLanguage\":\"ca\"},{\"@type\":\"Person\",\"@id\":\"https:\\\/\\\/lamostradevalencia.com\\\/ca\\\/#\\\/schema\\\/person\\\/1dc07e4df3d6310b81d2cdf6a034070c\",\"name\":\"Mostra de Val\u00e8ncia\",\"image\":{\"@type\":\"ImageObject\",\"inLanguage\":\"ca\",\"@id\":\"https:\\\/\\\/secure.gravatar.com\\\/avatar\\\/ada4dfd699a9907706987adb1bb2b361c2613ccca474b49b8c648de5208e32f8?s=96&d=mm&r=g\",\"url\":\"https:\\\/\\\/secure.gravatar.com\\\/avatar\\\/ada4dfd699a9907706987adb1bb2b361c2613ccca474b49b8c648de5208e32f8?s=96&d=mm&r=g\",\"contentUrl\":\"https:\\\/\\\/secure.gravatar.com\\\/avatar\\\/ada4dfd699a9907706987adb1bb2b361c2613ccca474b49b8c648de5208e32f8?s=96&d=mm&r=g\",\"caption\":\"Mostra de Val\u00e8ncia\"}}]}<\/script>\n<!-- \/ Yoast SEO plugin. -->","yoast_head_json":{"title":"Els millors retrats de Denueve, Huppert, Binoche i Almod\u00f3var per Carole Bella\u00efche arriben a Mostra de Val\u00e8ncia - Mostra de Val\u00e8ncia","robots":{"index":"index","follow":"follow","max-snippet":"max-snippet:-1","max-image-preview":"max-image-preview:large","max-video-preview":"max-video-preview:-1"},"canonical":"https:\/\/lamostradevalencia.com\/ca\/els-millors-retrats-de-denueve-huppert-binoche-i-almodovar-per-carole-bellaiche-arriben-a-mostra-de-valencia\/","og_locale":"ca_ES","og_type":"article","og_title":"Els millors retrats de Denueve, Huppert, Binoche i Almod\u00f3var per Carole Bella\u00efche arriben a Mostra de Val\u00e8ncia - Mostra de Val\u00e8ncia","og_description":"L&#8217;exposici\u00f3 \u201cRetrats de cine\u201d, que repassa quaranta anys de treball de la fot\u00f2grafa francesa, es veur\u00e0 per primera vegada a Espanya en la Galeria del [&hellip;]","og_url":"https:\/\/lamostradevalencia.com\/ca\/els-millors-retrats-de-denueve-huppert-binoche-i-almodovar-per-carole-bellaiche-arriben-a-mostra-de-valencia\/","og_site_name":"Mostra de Val\u00e8ncia","article_published_time":"2022-09-29T10:18:40+00:00","article_modified_time":"2022-10-03T06:02:58+00:00","og_image":[{"width":1200,"height":900,"url":"https:\/\/lamostradevalencia.com\/wp-content\/uploads\/2022\/09\/expo_1200_binoche.jpg","type":"image\/jpeg"}],"author":"Mostra de Val\u00e8ncia","twitter_card":"summary_large_image","twitter_misc":{"Escrit per":"Mostra de Val\u00e8ncia","Temps estimat de lectura":"3 minuts"},"schema":{"@context":"https:\/\/schema.org","@graph":[{"@type":"Article","@id":"https:\/\/lamostradevalencia.com\/ca\/els-millors-retrats-de-denueve-huppert-binoche-i-almodovar-per-carole-bellaiche-arriben-a-mostra-de-valencia\/#article","isPartOf":{"@id":"https:\/\/lamostradevalencia.com\/ca\/els-millors-retrats-de-denueve-huppert-binoche-i-almodovar-per-carole-bellaiche-arriben-a-mostra-de-valencia\/"},"author":{"name":"Mostra de Val\u00e8ncia","@id":"https:\/\/lamostradevalencia.com\/ca\/#\/schema\/person\/1dc07e4df3d6310b81d2cdf6a034070c"},"headline":"Els millors retrats de Denueve, Huppert, Binoche i Almod\u00f3var per Carole Bella\u00efche arriben a Mostra de Val\u00e8ncia","datePublished":"2022-09-29T10:18:40+00:00","dateModified":"2022-10-03T06:02:58+00:00","mainEntityOfPage":{"@id":"https:\/\/lamostradevalencia.com\/ca\/els-millors-retrats-de-denueve-huppert-binoche-i-almodovar-per-carole-bellaiche-arriben-a-mostra-de-valencia\/"},"wordCount":648,"commentCount":0,"image":{"@id":"https:\/\/lamostradevalencia.com\/ca\/els-millors-retrats-de-denueve-huppert-binoche-i-almodovar-per-carole-bellaiche-arriben-a-mostra-de-valencia\/#primaryimage"},"thumbnailUrl":"https:\/\/lamostradevalencia.com\/wp-content\/uploads\/2022\/09\/expo_1200_binoche.jpg","articleSection":["Noticies"],"inLanguage":"ca","potentialAction":[{"@type":"CommentAction","name":"Comment","target":["https:\/\/lamostradevalencia.com\/ca\/els-millors-retrats-de-denueve-huppert-binoche-i-almodovar-per-carole-bellaiche-arriben-a-mostra-de-valencia\/#respond"]}]},{"@type":"WebPage","@id":"https:\/\/lamostradevalencia.com\/ca\/els-millors-retrats-de-denueve-huppert-binoche-i-almodovar-per-carole-bellaiche-arriben-a-mostra-de-valencia\/","url":"https:\/\/lamostradevalencia.com\/ca\/els-millors-retrats-de-denueve-huppert-binoche-i-almodovar-per-carole-bellaiche-arriben-a-mostra-de-valencia\/","name":"Els millors retrats de Denueve, Huppert, Binoche i Almod\u00f3var per Carole Bella\u00efche arriben a Mostra de Val\u00e8ncia - Mostra de Val\u00e8ncia","isPartOf":{"@id":"https:\/\/lamostradevalencia.com\/ca\/#website"},"primaryImageOfPage":{"@id":"https:\/\/lamostradevalencia.com\/ca\/els-millors-retrats-de-denueve-huppert-binoche-i-almodovar-per-carole-bellaiche-arriben-a-mostra-de-valencia\/#primaryimage"},"image":{"@id":"https:\/\/lamostradevalencia.com\/ca\/els-millors-retrats-de-denueve-huppert-binoche-i-almodovar-per-carole-bellaiche-arriben-a-mostra-de-valencia\/#primaryimage"},"thumbnailUrl":"https:\/\/lamostradevalencia.com\/wp-content\/uploads\/2022\/09\/expo_1200_binoche.jpg","datePublished":"2022-09-29T10:18:40+00:00","dateModified":"2022-10-03T06:02:58+00:00","author":{"@id":"https:\/\/lamostradevalencia.com\/ca\/#\/schema\/person\/1dc07e4df3d6310b81d2cdf6a034070c"},"breadcrumb":{"@id":"https:\/\/lamostradevalencia.com\/ca\/els-millors-retrats-de-denueve-huppert-binoche-i-almodovar-per-carole-bellaiche-arriben-a-mostra-de-valencia\/#breadcrumb"},"inLanguage":"ca","potentialAction":[{"@type":"ReadAction","target":["https:\/\/lamostradevalencia.com\/ca\/els-millors-retrats-de-denueve-huppert-binoche-i-almodovar-per-carole-bellaiche-arriben-a-mostra-de-valencia\/"]}]},{"@type":"ImageObject","inLanguage":"ca","@id":"https:\/\/lamostradevalencia.com\/ca\/els-millors-retrats-de-denueve-huppert-binoche-i-almodovar-per-carole-bellaiche-arriben-a-mostra-de-valencia\/#primaryimage","url":"https:\/\/lamostradevalencia.com\/wp-content\/uploads\/2022\/09\/expo_1200_binoche.jpg","contentUrl":"https:\/\/lamostradevalencia.com\/wp-content\/uploads\/2022\/09\/expo_1200_binoche.jpg","width":1200,"height":900},{"@type":"BreadcrumbList","@id":"https:\/\/lamostradevalencia.com\/ca\/els-millors-retrats-de-denueve-huppert-binoche-i-almodovar-per-carole-bellaiche-arriben-a-mostra-de-valencia\/#breadcrumb","itemListElement":[{"@type":"ListItem","position":1,"name":"Portada","item":"https:\/\/lamostradevalencia.com\/ca\/"},{"@type":"ListItem","position":2,"name":"Els millors retrats de Denueve, Huppert, Binoche i Almod\u00f3var per Carole Bella\u00efche arriben a Mostra de Val\u00e8ncia"}]},{"@type":"WebSite","@id":"https:\/\/lamostradevalencia.com\/ca\/#website","url":"https:\/\/lamostradevalencia.com\/ca\/","name":"Mostra de Val\u00e8ncia","description":"Cinema del Mediterrani","potentialAction":[{"@type":"SearchAction","target":{"@type":"EntryPoint","urlTemplate":"https:\/\/lamostradevalencia.com\/ca\/?s={search_term_string}"},"query-input":{"@type":"PropertyValueSpecification","valueRequired":true,"valueName":"search_term_string"}}],"inLanguage":"ca"},{"@type":"Person","@id":"https:\/\/lamostradevalencia.com\/ca\/#\/schema\/person\/1dc07e4df3d6310b81d2cdf6a034070c","name":"Mostra de Val\u00e8ncia","image":{"@type":"ImageObject","inLanguage":"ca","@id":"https:\/\/secure.gravatar.com\/avatar\/ada4dfd699a9907706987adb1bb2b361c2613ccca474b49b8c648de5208e32f8?s=96&d=mm&r=g","url":"https:\/\/secure.gravatar.com\/avatar\/ada4dfd699a9907706987adb1bb2b361c2613ccca474b49b8c648de5208e32f8?s=96&d=mm&r=g","contentUrl":"https:\/\/secure.gravatar.com\/avatar\/ada4dfd699a9907706987adb1bb2b361c2613ccca474b49b8c648de5208e32f8?s=96&d=mm&r=g","caption":"Mostra de Val\u00e8ncia"}}]}},"uagb_featured_image_src":{"full":["https:\/\/lamostradevalencia.com\/wp-content\/uploads\/2022\/09\/expo_1200_binoche.jpg",1200,900,false],"thumbnail":["https:\/\/lamostradevalencia.com\/wp-content\/uploads\/2022\/09\/expo_1200_binoche-150x150.jpg",150,150,true],"medium":["https:\/\/lamostradevalencia.com\/wp-content\/uploads\/2022\/09\/expo_1200_binoche-300x225.jpg",300,225,true],"medium_large":["https:\/\/lamostradevalencia.com\/wp-content\/uploads\/2022\/09\/expo_1200_binoche-768x576.jpg",768,576,true],"large":["https:\/\/lamostradevalencia.com\/wp-content\/uploads\/2022\/09\/expo_1200_binoche-1024x768.jpg",1024,768,true],"1536x1536":["https:\/\/lamostradevalencia.com\/wp-content\/uploads\/2022\/09\/expo_1200_binoche.jpg",1200,900,false],"2048x2048":["https:\/\/lamostradevalencia.com\/wp-content\/uploads\/2022\/09\/expo_1200_binoche.jpg",1200,900,false],"cinerama_edge_image_square":["https:\/\/lamostradevalencia.com\/wp-content\/uploads\/2022\/09\/expo_1200_binoche-550x550.jpg",550,550,true],"cinerama_edge_image_landscape":["https:\/\/lamostradevalencia.com\/wp-content\/uploads\/2022\/09\/expo_1200_binoche-1100x550.jpg",1100,550,true],"cinerama_edge_image_portrait":["https:\/\/lamostradevalencia.com\/wp-content\/uploads\/2022\/09\/expo_1200_binoche-550x900.jpg",550,900,true],"cinerama_edge_image_huge":["https:\/\/lamostradevalencia.com\/wp-content\/uploads\/2022\/09\/expo_1200_binoche-1100x900.jpg",1100,900,true],"gform-image-choice-sm":["https:\/\/lamostradevalencia.com\/wp-content\/uploads\/2022\/09\/expo_1200_binoche.jpg",300,225,false],"gform-image-choice-md":["https:\/\/lamostradevalencia.com\/wp-content\/uploads\/2022\/09\/expo_1200_binoche.jpg",400,300,false],"gform-image-choice-lg":["https:\/\/lamostradevalencia.com\/wp-content\/uploads\/2022\/09\/expo_1200_binoche.jpg",600,450,false]},"uagb_author_info":{"display_name":"Mostra de Val\u00e8ncia","author_link":"https:\/\/lamostradevalencia.com\/ca\/author\/mostravalencia\/"},"uagb_comment_info":0,"uagb_excerpt":"L&#8217;exposici\u00f3 \u201cRetrats de cine\u201d, que repassa quaranta anys de treball de la fot\u00f2grafa francesa, es veur\u00e0 per primera vegada a Espanya en la Galeria del [&hellip;]","_links":{"self":[{"href":"https:\/\/lamostradevalencia.com\/ca\/wp-json\/wp\/v2\/posts\/16074","targetHints":{"allow":["GET"]}}],"collection":[{"href":"https:\/\/lamostradevalencia.com\/ca\/wp-json\/wp\/v2\/posts"}],"about":[{"href":"https:\/\/lamostradevalencia.com\/ca\/wp-json\/wp\/v2\/types\/post"}],"author":[{"embeddable":true,"href":"https:\/\/lamostradevalencia.com\/ca\/wp-json\/wp\/v2\/users\/1"}],"replies":[{"embeddable":true,"href":"https:\/\/lamostradevalencia.com\/ca\/wp-json\/wp\/v2\/comments?post=16074"}],"version-history":[{"count":2,"href":"https:\/\/lamostradevalencia.com\/ca\/wp-json\/wp\/v2\/posts\/16074\/revisions"}],"predecessor-version":[{"id":16272,"href":"https:\/\/lamostradevalencia.com\/ca\/wp-json\/wp\/v2\/posts\/16074\/revisions\/16272"}],"wp:featuredmedia":[{"embeddable":true,"href":"https:\/\/lamostradevalencia.com\/ca\/wp-json\/wp\/v2\/media\/16076"}],"wp:attachment":[{"href":"https:\/\/lamostradevalencia.com\/ca\/wp-json\/wp\/v2\/media?parent=16074"}],"wp:term":[{"taxonomy":"category","embeddable":true,"href":"https:\/\/lamostradevalencia.com\/ca\/wp-json\/wp\/v2\/categories?post=16074"},{"taxonomy":"post_tag","embeddable":true,"href":"https:\/\/lamostradevalencia.com\/ca\/wp-json\/wp\/v2\/tags?post=16074"}],"curies":[{"name":"wp","href":"https:\/\/api.w.org\/{rel}","templated":true}]}}