{"id":15948,"date":"2022-09-27T12:02:23","date_gmt":"2022-09-27T10:02:23","guid":{"rendered":"https:\/\/lamostradevalencia.com\/?p=15948"},"modified":"2022-09-27T12:02:23","modified_gmt":"2022-09-27T10:02:23","slug":"la-mostra-reivindica-la-figura-del-valencia-lluis-rivera-peca-clau-del-cine-experimental-espanyol","status":"publish","type":"post","link":"https:\/\/lamostradevalencia.com\/ca\/la-mostra-reivindica-la-figura-del-valencia-lluis-rivera-peca-clau-del-cine-experimental-espanyol\/","title":{"rendered":"La Mostra reivindica la figura del valenci\u00e0 Llu\u00eds Rivera, pe\u00e7a clau del cine experimental espanyol"},"content":{"rendered":"<h5><b>El festival publicar\u00e0 un monogr\u00e0fic sobre el cineasta, reconegut per institucions com ara el Centre Pompidou de Par\u00eds o la National Gallery of Art de Washington<\/b><\/h5>\n<p><b>Llu\u00eds Rivera. 50 anys al marge <\/b><span style=\"font-weight: 400;\">\u00e9s <\/span><span style=\"font-weight: 400;\">el cicle amb qu\u00e8 la Mostra de Val\u00e8ncia, programada del 20 al 30 d&#8217;octubre, reivindicar\u00e0 la figura d&#8217;un dels cineastes clau del cine experimental espanyol. Un recorregut vital i professional per mig segle d&#8217;imatges a contra corrent, moltes d&#8217;elles projectades \u00fanicament en els cineclubs dels anys setanta i huitanta, que el festival posar\u00e0 esta tardor a l&#8217;abast del p\u00fablic. De manera paral\u00b7lela, el certamen recupera enguany la seua publicaci\u00f3<\/span><b> \u2018Quaderns de la Mostra\u2019,<\/b><span style=\"font-weight: 400;\"> que dedicar\u00e0 en volum monogr\u00e0fic al director.<\/span><\/p>\n<p><span style=\"font-weight: 400;\">Allunyada dels circuits comercials, modes i tend\u00e8ncies, l&#8217;obra de Llu\u00eds Rivera (Val\u00e8ncia, 1947) se sustenta en una experimentaci\u00f3 cont\u00ednua sobre l&#8217;art de fer cine sense necessitat de contar hist\u00f2ries. Assajos cinematogr\u00e0fics que mostren com fer i ensenyar les coses que passen fins i tot quan no passa res. Una investigaci\u00f3 constant sobre el proc\u00e9s manual de fabricaci\u00f3 de les imatges en qu\u00e8 Rivera reflexiona sobre el pas del temps i els seus efectes, els espais desapareguts o la mem\u00f2ria hist\u00f2rica a trav\u00e9s del collage, el reciclatge i la manipulaci\u00f3 de metratges descartats o el joc entre els textos, el so i les imatges.<\/span><\/p>\n<p><span style=\"font-weight: 400;\">La presidenta de Mostra de Val\u00e8ncia, Gloria Tello, es felicita perqu\u00e8 el festival permeta \u201crec\u00f3rrer la traject\u00f2ria, tan apassionant com intermitent, d&#8217;este vers lliure del cinema que va iniciar la seua carrera professional en la d\u00e8cada dels setanta per a revelar-se com un dels membres m\u00e9s actius -i l&#8217;\u00fanic que seguix vinculat hui a l&#8217;audiovisual- del denominat Cinema Independent Valenci\u00e0. A m\u00e9s, Rivera va participar en la fundaci\u00f3 de l&#8217;Associaci\u00f3 de Directors de Cinema Valenci\u00e0 i de la Federaci\u00f3 Valenciana de l&#8217;Audiovisual, i va treballar com a realitzador en Canal 9 m\u00e9s de vint anys\u201d.<\/span><\/p>\n<p><span style=\"font-weight: 400;\">Format com a t\u00e8cnic publicitari, Rivera comen\u00e7\u00e0 a treballar en la productora Novimag en 1971 i eixe mateix any va realitzar el seu primer curtmetratge, <\/span><b>\u2018Piensa que ma\u00f1ana puede ser el primer d\u00eda del resto de tu vida\u2019<\/b><span style=\"font-weight: 400;\">, una adaptaci\u00f3 lliure de \u2018La metamorfosi\u2019 de Kafka, protagonitzat per un jove atabalat per l&#8217;autoritarisme del seu entorn. Un any m\u00e9s tard roda un dels seus t\u00edtols millor considerats: <\/span><b>\u2018Travelling\u2019<\/b><span style=\"font-weight: 400;\"> (1972), amb el qual entrar\u00e0 per dret propi en la hist\u00f2ria del cine experimental espanyol. Una reflexi\u00f3 sobre el fet cinematogr\u00e0fic en qu\u00e8 capta el proc\u00e9s t\u00e8cnic de realitzaci\u00f3 d&#8217;una pel\u00b7l\u00edcula amb els seus propis elements com a protagonistes. Una obra que es filma a si mateixa i que va formar part del cicle \u2018Cinema experimental i d&#8217;avantguarda\u2019 que van projectar en 1983 el Centre Pompidou de Par\u00eds i les Filmoteques de Madrid, Barcelona i Saragossa, i que va ser inclosa en<\/span><span style=\"font-weight: 400;\"> \u2018Del \u00e9xtasis al arrebato&#8217;<\/span><span style=\"font-weight: 400;\">, una selecci\u00f3 dels treballs m\u00e9s rellevants del cine espanyol d&#8217;avantguarda editada pel Centre de Cultura Contempor\u00e0nia de Barcelona i projectada en espais com ara el Museu Reina Sofia de Madrid, l\u2019Australian Centre for the Moving Image de Melbourne o la National Gallery of Art de Washington.<\/span><\/p>\n<p><span style=\"font-weight: 400;\">Per mostrar la naturalesa del cinema com a mercaderia de consum, Rivera es va embarcar despr\u00e9s en <\/span><b>\u2018<\/b><b>Personajes para una historia\u2019\u00a0(1974), <\/b><span style=\"font-weight: 400;\">on a partir de materials descartats de rodatges comercials constru\u00efx una pel\u00b7l\u00edcula sota la tesi que qualsevol cosa treta de context pot convertir-se en espectacle, des de la producci\u00f3 d&#8217;un moble o la realitzaci\u00f3 d&#8217;un pentinat. El seu proc\u00e9s d&#8217;experimentaci\u00f3 prossegueix amb <\/span><b>\u2018Una jornada m\u00e1s\u2019 (1976)<\/b><span style=\"font-weight: 400;\">, <\/span><span style=\"font-weight: 400;\">set seq\u00fc\u00e8ncies que narren el dia d&#8217;una persona corrent i que en la primera va tindre com a \u00fanica banda sonora les converses de la policia durant una manifestaci\u00f3.<\/span><\/p>\n<p><span style=\"font-weight: 400;\">El p\u00fablic podr\u00e0 gaudir, a m\u00e9s, dels seus treballs desenvolupats amb l&#8217;arribada del nou segle, caracteritzats per executar-se en el context dom\u00e8stic que va propiciar l&#8217;accessibilitat de les eines digitals i que va accentuar la seua autonomia fins a convertir-lo en un vertader <\/span><i><span style=\"font-weight: 400;\">outsider.<\/span><\/i><span style=\"font-weight: 400;\"> Fruit d&#8217;este context \u00e9s \u2018<\/span><b>La vida es eso que pasa mientras t\u00fa est\u00e1s haciendo otra cosa\u2019 (2002)<\/b><span style=\"font-weight: 400;\">,<\/span><span style=\"font-weight: 400;\"> un pla fix d&#8217;un moble amb compartiments que conformen una multi pantalla on se simultaniegen imatges mentre se senten di\u00e0legs escrits per Carles Alberola;<\/span><b> \u2018Desde la terraza\u2019<\/b> <b>(2005)<\/b><span style=\"font-weight: 400;\">, el di\u00e0leg entre un pare i un fill en un terrat amb vistes a la ciutat de Val\u00e8ncia; o <\/span><span style=\"font-weight: 400;\">\u2018<\/span><b>La v\u00edspera\u2019 (2009),<\/b> <span style=\"font-weight: 400;\">reconstrucci\u00f3 documental d&#8217;una detenci\u00f3 patida en 1972, on el cineasta evoca els seus anys de milit\u00e0ncia pol\u00edtica.<\/span><\/p>\n<p><span style=\"font-weight: 400;\">Despr\u00e9s de la seua jubilaci\u00f3 laboral, Rivera va prosseguir amb t\u00edtols com ara <\/span><span style=\"font-weight: 400;\">\u2018<\/span><b>Cos mortal\u2019 (2010)<\/b><span style=\"font-weight: 400;\">, adaptaci\u00f3 del poema hom\u00f2nim de Vicent Andr\u00e9s Estell\u00e9s en qu\u00e8 recorre els carrers de Val\u00e8ncia rendint al mateix temps un homenatge a Ovidi Montllor;<\/span><span style=\"font-weight: 400;\"> \u2018<\/span><b>S\u00f3lo una vez al a\u00f1o\u2019 (2011),<\/b><span style=\"font-weight: 400;\"> una invocaci\u00f3 a la mem\u00f2ria per a revisitar espais i trobades sexuals passades; o <\/span><b>\u2018A Day in the Life\u2019 (2012), <\/b><span style=\"font-weight: 400;\">una reflexi\u00f3 personal sobre els atemptats de l&#8217;11 de setembre; <\/span><b><i>\u2018<\/i><\/b><b>La visita\u2019 (2014), <\/b><span style=\"font-weight: 400;\">un recorregut per l&#8217;estat ru\u00efn\u00f3s de l&#8217;antiga impremta Vila; <\/span><span style=\"font-weight: 400;\">\u2018<\/span><b>B\u00e9 immaterial\u2019 (2017), <\/b><span style=\"font-weight: 400;\">on recicla imatges televisives per<\/span> <span style=\"font-weight: 400;\">resignificar els rituals de la tradici\u00f3 festiva de la masclet\u00e0<\/span><i><span style=\"font-weight: 400;\">;<\/span><\/i><span style=\"font-weight: 400;\"> o <\/span><i><span style=\"font-weight: 400;\">\u2018<\/span><\/i><b><i>Vis a vis\u2019 <\/i><\/b><b>(2019), <\/b><span style=\"font-weight: 400;\">constru\u00efda amb el remuntatge de material de diversos films per a adults.<\/span><\/p>\n<p><span style=\"font-weight: 400;\">El cicle monogr\u00e0fic recull tamb\u00e9 <\/span><span style=\"font-weight: 400;\">\u2018<\/span><b>40 a\u00f1os con el culo al aire\u2019 (2019), <\/b><span style=\"font-weight: 400;\">documental retrospectiu sobre la g\u00e8nesi i el rodatge del film de Carles Mira en el qual Rivera va participar com a regidor. I l&#8217;\u00faltim treball i \u00fanic llargmetratge del director, <\/span><b>\u2018AutoBioFilmoGraf\u00eda\u2019 (2021), <\/b><span style=\"font-weight: 400;\">tancar\u00e0 este cicle amb una recapitulaci\u00f3 en primera persona de m\u00e9s de quaranta anys del seu cinema, des dels seus treballs, enc\u00e0rrecs i projectes propis fins a imatges, fragments de les seues creacions i de la societat del seu temps.<\/span><\/p>\n<p><span style=\"font-weight: 400;\">La 37a edici\u00f3 del festival compta amb la col\u00b7laboraci\u00f3 de l\u2019Institut Valenci\u00e0 de Cultura (IVC), Rambleta, Val\u00e8ncia Film Office, <\/span><span style=\"font-weight: 400;\">Barreira Arte + Dise\u00f1o <\/span><span style=\"font-weight: 400;\">i \u00c0 Punt M\u00e8dia com a mitj\u00e0 oficial.<\/span><\/p>\n","protected":false},"excerpt":{"rendered":"<p>El festival publicar\u00e0 un monogr\u00e0fic sobre el cineasta, reconegut per institucions com ara el Centre Pompidou de Par\u00eds o la National Gallery of Art de [&hellip;]<\/p>\n","protected":false},"author":1,"featured_media":15933,"comment_status":"open","ping_status":"open","sticky":false,"template":"","format":"standard","meta":{"_uag_custom_page_level_css":"","_jet_sm_ready_style":"","_jet_sm_style":"","_jet_sm_controls_values":"","_jet_sm_fonts_collection":"","_jet_sm_fonts_links":"","footnotes":""},"categories":[455],"tags":[],"class_list":["post-15948","post","type-post","status-publish","format-standard","has-post-thumbnail","hentry","category-noticies"],"yoast_head":"<!-- This site is optimized with the Yoast SEO plugin v27.5 - https:\/\/yoast.com\/product\/yoast-seo-wordpress\/ -->\n<title>La Mostra reivindica la figura del valenci\u00e0 Llu\u00eds Rivera, pe\u00e7a clau del cine experimental espanyol - Mostra de Val\u00e8ncia<\/title>\n<meta name=\"robots\" content=\"index, follow, max-snippet:-1, max-image-preview:large, max-video-preview:-1\" \/>\n<link rel=\"canonical\" href=\"https:\/\/lamostradevalencia.com\/ca\/la-mostra-reivindica-la-figura-del-valencia-lluis-rivera-peca-clau-del-cine-experimental-espanyol\/\" \/>\n<meta property=\"og:locale\" content=\"ca_ES\" \/>\n<meta property=\"og:type\" content=\"article\" \/>\n<meta property=\"og:title\" content=\"La Mostra reivindica la figura del valenci\u00e0 Llu\u00eds Rivera, pe\u00e7a clau del cine experimental espanyol - Mostra de Val\u00e8ncia\" \/>\n<meta property=\"og:description\" content=\"El festival publicar\u00e0 un monogr\u00e0fic sobre el cineasta, reconegut per institucions com ara el Centre Pompidou de Par\u00eds o la National Gallery of Art de [&hellip;]\" \/>\n<meta property=\"og:url\" content=\"https:\/\/lamostradevalencia.com\/ca\/la-mostra-reivindica-la-figura-del-valencia-lluis-rivera-peca-clau-del-cine-experimental-espanyol\/\" \/>\n<meta property=\"og:site_name\" content=\"Mostra de Val\u00e8ncia\" \/>\n<meta property=\"article:published_time\" content=\"2022-09-27T10:02:23+00:00\" \/>\n<meta property=\"og:image\" content=\"https:\/\/lamostradevalencia.com\/wp-content\/uploads\/2022\/09\/lluis_rivera_1200-1.jpg\" \/>\n\t<meta property=\"og:image:width\" content=\"1200\" \/>\n\t<meta property=\"og:image:height\" content=\"900\" \/>\n\t<meta property=\"og:image:type\" content=\"image\/jpeg\" \/>\n<meta name=\"author\" content=\"Mostra de Val\u00e8ncia\" \/>\n<meta name=\"twitter:card\" content=\"summary_large_image\" \/>\n<meta name=\"twitter:label1\" content=\"Escrit per\" \/>\n\t<meta name=\"twitter:data1\" content=\"Mostra de Val\u00e8ncia\" \/>\n\t<meta name=\"twitter:label2\" content=\"Temps estimat de lectura\" \/>\n\t<meta name=\"twitter:data2\" content=\"5 minuts\" \/>\n<script type=\"application\/ld+json\" class=\"yoast-schema-graph\">{\"@context\":\"https:\\\/\\\/schema.org\",\"@graph\":[{\"@type\":\"Article\",\"@id\":\"https:\\\/\\\/lamostradevalencia.com\\\/ca\\\/la-mostra-reivindica-la-figura-del-valencia-lluis-rivera-peca-clau-del-cine-experimental-espanyol\\\/#article\",\"isPartOf\":{\"@id\":\"https:\\\/\\\/lamostradevalencia.com\\\/ca\\\/la-mostra-reivindica-la-figura-del-valencia-lluis-rivera-peca-clau-del-cine-experimental-espanyol\\\/\"},\"author\":{\"name\":\"Mostra de Val\u00e8ncia\",\"@id\":\"https:\\\/\\\/lamostradevalencia.com\\\/ca\\\/#\\\/schema\\\/person\\\/1dc07e4df3d6310b81d2cdf6a034070c\"},\"headline\":\"La Mostra reivindica la figura del valenci\u00e0 Llu\u00eds Rivera, pe\u00e7a clau del cine experimental espanyol\",\"datePublished\":\"2022-09-27T10:02:23+00:00\",\"mainEntityOfPage\":{\"@id\":\"https:\\\/\\\/lamostradevalencia.com\\\/ca\\\/la-mostra-reivindica-la-figura-del-valencia-lluis-rivera-peca-clau-del-cine-experimental-espanyol\\\/\"},\"wordCount\":1074,\"commentCount\":0,\"image\":{\"@id\":\"https:\\\/\\\/lamostradevalencia.com\\\/ca\\\/la-mostra-reivindica-la-figura-del-valencia-lluis-rivera-peca-clau-del-cine-experimental-espanyol\\\/#primaryimage\"},\"thumbnailUrl\":\"https:\\\/\\\/lamostradevalencia.com\\\/wp-content\\\/uploads\\\/2022\\\/09\\\/lluis_rivera_1200-1.jpg\",\"articleSection\":[\"Noticies\"],\"inLanguage\":\"ca\",\"potentialAction\":[{\"@type\":\"CommentAction\",\"name\":\"Comment\",\"target\":[\"https:\\\/\\\/lamostradevalencia.com\\\/ca\\\/la-mostra-reivindica-la-figura-del-valencia-lluis-rivera-peca-clau-del-cine-experimental-espanyol\\\/#respond\"]}]},{\"@type\":\"WebPage\",\"@id\":\"https:\\\/\\\/lamostradevalencia.com\\\/ca\\\/la-mostra-reivindica-la-figura-del-valencia-lluis-rivera-peca-clau-del-cine-experimental-espanyol\\\/\",\"url\":\"https:\\\/\\\/lamostradevalencia.com\\\/ca\\\/la-mostra-reivindica-la-figura-del-valencia-lluis-rivera-peca-clau-del-cine-experimental-espanyol\\\/\",\"name\":\"La Mostra reivindica la figura del valenci\u00e0 Llu\u00eds Rivera, pe\u00e7a clau del cine experimental espanyol - Mostra de Val\u00e8ncia\",\"isPartOf\":{\"@id\":\"https:\\\/\\\/lamostradevalencia.com\\\/ca\\\/#website\"},\"primaryImageOfPage\":{\"@id\":\"https:\\\/\\\/lamostradevalencia.com\\\/ca\\\/la-mostra-reivindica-la-figura-del-valencia-lluis-rivera-peca-clau-del-cine-experimental-espanyol\\\/#primaryimage\"},\"image\":{\"@id\":\"https:\\\/\\\/lamostradevalencia.com\\\/ca\\\/la-mostra-reivindica-la-figura-del-valencia-lluis-rivera-peca-clau-del-cine-experimental-espanyol\\\/#primaryimage\"},\"thumbnailUrl\":\"https:\\\/\\\/lamostradevalencia.com\\\/wp-content\\\/uploads\\\/2022\\\/09\\\/lluis_rivera_1200-1.jpg\",\"datePublished\":\"2022-09-27T10:02:23+00:00\",\"author\":{\"@id\":\"https:\\\/\\\/lamostradevalencia.com\\\/ca\\\/#\\\/schema\\\/person\\\/1dc07e4df3d6310b81d2cdf6a034070c\"},\"breadcrumb\":{\"@id\":\"https:\\\/\\\/lamostradevalencia.com\\\/ca\\\/la-mostra-reivindica-la-figura-del-valencia-lluis-rivera-peca-clau-del-cine-experimental-espanyol\\\/#breadcrumb\"},\"inLanguage\":\"ca\",\"potentialAction\":[{\"@type\":\"ReadAction\",\"target\":[\"https:\\\/\\\/lamostradevalencia.com\\\/ca\\\/la-mostra-reivindica-la-figura-del-valencia-lluis-rivera-peca-clau-del-cine-experimental-espanyol\\\/\"]}]},{\"@type\":\"ImageObject\",\"inLanguage\":\"ca\",\"@id\":\"https:\\\/\\\/lamostradevalencia.com\\\/ca\\\/la-mostra-reivindica-la-figura-del-valencia-lluis-rivera-peca-clau-del-cine-experimental-espanyol\\\/#primaryimage\",\"url\":\"https:\\\/\\\/lamostradevalencia.com\\\/wp-content\\\/uploads\\\/2022\\\/09\\\/lluis_rivera_1200-1.jpg\",\"contentUrl\":\"https:\\\/\\\/lamostradevalencia.com\\\/wp-content\\\/uploads\\\/2022\\\/09\\\/lluis_rivera_1200-1.jpg\",\"width\":1200,\"height\":900},{\"@type\":\"BreadcrumbList\",\"@id\":\"https:\\\/\\\/lamostradevalencia.com\\\/ca\\\/la-mostra-reivindica-la-figura-del-valencia-lluis-rivera-peca-clau-del-cine-experimental-espanyol\\\/#breadcrumb\",\"itemListElement\":[{\"@type\":\"ListItem\",\"position\":1,\"name\":\"Portada\",\"item\":\"https:\\\/\\\/lamostradevalencia.com\\\/ca\\\/\"},{\"@type\":\"ListItem\",\"position\":2,\"name\":\"La Mostra reivindica la figura del valenci\u00e0 Llu\u00eds Rivera, pe\u00e7a clau del cine experimental espanyol\"}]},{\"@type\":\"WebSite\",\"@id\":\"https:\\\/\\\/lamostradevalencia.com\\\/ca\\\/#website\",\"url\":\"https:\\\/\\\/lamostradevalencia.com\\\/ca\\\/\",\"name\":\"Mostra de Val\u00e8ncia\",\"description\":\"Cinema del Mediterrani\",\"potentialAction\":[{\"@type\":\"SearchAction\",\"target\":{\"@type\":\"EntryPoint\",\"urlTemplate\":\"https:\\\/\\\/lamostradevalencia.com\\\/ca\\\/?s={search_term_string}\"},\"query-input\":{\"@type\":\"PropertyValueSpecification\",\"valueRequired\":true,\"valueName\":\"search_term_string\"}}],\"inLanguage\":\"ca\"},{\"@type\":\"Person\",\"@id\":\"https:\\\/\\\/lamostradevalencia.com\\\/ca\\\/#\\\/schema\\\/person\\\/1dc07e4df3d6310b81d2cdf6a034070c\",\"name\":\"Mostra de Val\u00e8ncia\",\"image\":{\"@type\":\"ImageObject\",\"inLanguage\":\"ca\",\"@id\":\"https:\\\/\\\/secure.gravatar.com\\\/avatar\\\/ada4dfd699a9907706987adb1bb2b361c2613ccca474b49b8c648de5208e32f8?s=96&d=mm&r=g\",\"url\":\"https:\\\/\\\/secure.gravatar.com\\\/avatar\\\/ada4dfd699a9907706987adb1bb2b361c2613ccca474b49b8c648de5208e32f8?s=96&d=mm&r=g\",\"contentUrl\":\"https:\\\/\\\/secure.gravatar.com\\\/avatar\\\/ada4dfd699a9907706987adb1bb2b361c2613ccca474b49b8c648de5208e32f8?s=96&d=mm&r=g\",\"caption\":\"Mostra de Val\u00e8ncia\"}}]}<\/script>\n<!-- \/ Yoast SEO plugin. -->","yoast_head_json":{"title":"La Mostra reivindica la figura del valenci\u00e0 Llu\u00eds Rivera, pe\u00e7a clau del cine experimental espanyol - Mostra de Val\u00e8ncia","robots":{"index":"index","follow":"follow","max-snippet":"max-snippet:-1","max-image-preview":"max-image-preview:large","max-video-preview":"max-video-preview:-1"},"canonical":"https:\/\/lamostradevalencia.com\/ca\/la-mostra-reivindica-la-figura-del-valencia-lluis-rivera-peca-clau-del-cine-experimental-espanyol\/","og_locale":"ca_ES","og_type":"article","og_title":"La Mostra reivindica la figura del valenci\u00e0 Llu\u00eds Rivera, pe\u00e7a clau del cine experimental espanyol - Mostra de Val\u00e8ncia","og_description":"El festival publicar\u00e0 un monogr\u00e0fic sobre el cineasta, reconegut per institucions com ara el Centre Pompidou de Par\u00eds o la National Gallery of Art de [&hellip;]","og_url":"https:\/\/lamostradevalencia.com\/ca\/la-mostra-reivindica-la-figura-del-valencia-lluis-rivera-peca-clau-del-cine-experimental-espanyol\/","og_site_name":"Mostra de Val\u00e8ncia","article_published_time":"2022-09-27T10:02:23+00:00","og_image":[{"width":1200,"height":900,"url":"https:\/\/lamostradevalencia.com\/wp-content\/uploads\/2022\/09\/lluis_rivera_1200-1.jpg","type":"image\/jpeg"}],"author":"Mostra de Val\u00e8ncia","twitter_card":"summary_large_image","twitter_misc":{"Escrit per":"Mostra de Val\u00e8ncia","Temps estimat de lectura":"5 minuts"},"schema":{"@context":"https:\/\/schema.org","@graph":[{"@type":"Article","@id":"https:\/\/lamostradevalencia.com\/ca\/la-mostra-reivindica-la-figura-del-valencia-lluis-rivera-peca-clau-del-cine-experimental-espanyol\/#article","isPartOf":{"@id":"https:\/\/lamostradevalencia.com\/ca\/la-mostra-reivindica-la-figura-del-valencia-lluis-rivera-peca-clau-del-cine-experimental-espanyol\/"},"author":{"name":"Mostra de Val\u00e8ncia","@id":"https:\/\/lamostradevalencia.com\/ca\/#\/schema\/person\/1dc07e4df3d6310b81d2cdf6a034070c"},"headline":"La Mostra reivindica la figura del valenci\u00e0 Llu\u00eds Rivera, pe\u00e7a clau del cine experimental espanyol","datePublished":"2022-09-27T10:02:23+00:00","mainEntityOfPage":{"@id":"https:\/\/lamostradevalencia.com\/ca\/la-mostra-reivindica-la-figura-del-valencia-lluis-rivera-peca-clau-del-cine-experimental-espanyol\/"},"wordCount":1074,"commentCount":0,"image":{"@id":"https:\/\/lamostradevalencia.com\/ca\/la-mostra-reivindica-la-figura-del-valencia-lluis-rivera-peca-clau-del-cine-experimental-espanyol\/#primaryimage"},"thumbnailUrl":"https:\/\/lamostradevalencia.com\/wp-content\/uploads\/2022\/09\/lluis_rivera_1200-1.jpg","articleSection":["Noticies"],"inLanguage":"ca","potentialAction":[{"@type":"CommentAction","name":"Comment","target":["https:\/\/lamostradevalencia.com\/ca\/la-mostra-reivindica-la-figura-del-valencia-lluis-rivera-peca-clau-del-cine-experimental-espanyol\/#respond"]}]},{"@type":"WebPage","@id":"https:\/\/lamostradevalencia.com\/ca\/la-mostra-reivindica-la-figura-del-valencia-lluis-rivera-peca-clau-del-cine-experimental-espanyol\/","url":"https:\/\/lamostradevalencia.com\/ca\/la-mostra-reivindica-la-figura-del-valencia-lluis-rivera-peca-clau-del-cine-experimental-espanyol\/","name":"La Mostra reivindica la figura del valenci\u00e0 Llu\u00eds Rivera, pe\u00e7a clau del cine experimental espanyol - Mostra de Val\u00e8ncia","isPartOf":{"@id":"https:\/\/lamostradevalencia.com\/ca\/#website"},"primaryImageOfPage":{"@id":"https:\/\/lamostradevalencia.com\/ca\/la-mostra-reivindica-la-figura-del-valencia-lluis-rivera-peca-clau-del-cine-experimental-espanyol\/#primaryimage"},"image":{"@id":"https:\/\/lamostradevalencia.com\/ca\/la-mostra-reivindica-la-figura-del-valencia-lluis-rivera-peca-clau-del-cine-experimental-espanyol\/#primaryimage"},"thumbnailUrl":"https:\/\/lamostradevalencia.com\/wp-content\/uploads\/2022\/09\/lluis_rivera_1200-1.jpg","datePublished":"2022-09-27T10:02:23+00:00","author":{"@id":"https:\/\/lamostradevalencia.com\/ca\/#\/schema\/person\/1dc07e4df3d6310b81d2cdf6a034070c"},"breadcrumb":{"@id":"https:\/\/lamostradevalencia.com\/ca\/la-mostra-reivindica-la-figura-del-valencia-lluis-rivera-peca-clau-del-cine-experimental-espanyol\/#breadcrumb"},"inLanguage":"ca","potentialAction":[{"@type":"ReadAction","target":["https:\/\/lamostradevalencia.com\/ca\/la-mostra-reivindica-la-figura-del-valencia-lluis-rivera-peca-clau-del-cine-experimental-espanyol\/"]}]},{"@type":"ImageObject","inLanguage":"ca","@id":"https:\/\/lamostradevalencia.com\/ca\/la-mostra-reivindica-la-figura-del-valencia-lluis-rivera-peca-clau-del-cine-experimental-espanyol\/#primaryimage","url":"https:\/\/lamostradevalencia.com\/wp-content\/uploads\/2022\/09\/lluis_rivera_1200-1.jpg","contentUrl":"https:\/\/lamostradevalencia.com\/wp-content\/uploads\/2022\/09\/lluis_rivera_1200-1.jpg","width":1200,"height":900},{"@type":"BreadcrumbList","@id":"https:\/\/lamostradevalencia.com\/ca\/la-mostra-reivindica-la-figura-del-valencia-lluis-rivera-peca-clau-del-cine-experimental-espanyol\/#breadcrumb","itemListElement":[{"@type":"ListItem","position":1,"name":"Portada","item":"https:\/\/lamostradevalencia.com\/ca\/"},{"@type":"ListItem","position":2,"name":"La Mostra reivindica la figura del valenci\u00e0 Llu\u00eds Rivera, pe\u00e7a clau del cine experimental espanyol"}]},{"@type":"WebSite","@id":"https:\/\/lamostradevalencia.com\/ca\/#website","url":"https:\/\/lamostradevalencia.com\/ca\/","name":"Mostra de Val\u00e8ncia","description":"Cinema del Mediterrani","potentialAction":[{"@type":"SearchAction","target":{"@type":"EntryPoint","urlTemplate":"https:\/\/lamostradevalencia.com\/ca\/?s={search_term_string}"},"query-input":{"@type":"PropertyValueSpecification","valueRequired":true,"valueName":"search_term_string"}}],"inLanguage":"ca"},{"@type":"Person","@id":"https:\/\/lamostradevalencia.com\/ca\/#\/schema\/person\/1dc07e4df3d6310b81d2cdf6a034070c","name":"Mostra de Val\u00e8ncia","image":{"@type":"ImageObject","inLanguage":"ca","@id":"https:\/\/secure.gravatar.com\/avatar\/ada4dfd699a9907706987adb1bb2b361c2613ccca474b49b8c648de5208e32f8?s=96&d=mm&r=g","url":"https:\/\/secure.gravatar.com\/avatar\/ada4dfd699a9907706987adb1bb2b361c2613ccca474b49b8c648de5208e32f8?s=96&d=mm&r=g","contentUrl":"https:\/\/secure.gravatar.com\/avatar\/ada4dfd699a9907706987adb1bb2b361c2613ccca474b49b8c648de5208e32f8?s=96&d=mm&r=g","caption":"Mostra de Val\u00e8ncia"}}]}},"uagb_featured_image_src":{"full":["https:\/\/lamostradevalencia.com\/wp-content\/uploads\/2022\/09\/lluis_rivera_1200-1.jpg",1200,900,false],"thumbnail":["https:\/\/lamostradevalencia.com\/wp-content\/uploads\/2022\/09\/lluis_rivera_1200-1-150x150.jpg",150,150,true],"medium":["https:\/\/lamostradevalencia.com\/wp-content\/uploads\/2022\/09\/lluis_rivera_1200-1-300x225.jpg",300,225,true],"medium_large":["https:\/\/lamostradevalencia.com\/wp-content\/uploads\/2022\/09\/lluis_rivera_1200-1-768x576.jpg",768,576,true],"large":["https:\/\/lamostradevalencia.com\/wp-content\/uploads\/2022\/09\/lluis_rivera_1200-1-1024x768.jpg",1024,768,true],"1536x1536":["https:\/\/lamostradevalencia.com\/wp-content\/uploads\/2022\/09\/lluis_rivera_1200-1.jpg",1200,900,false],"2048x2048":["https:\/\/lamostradevalencia.com\/wp-content\/uploads\/2022\/09\/lluis_rivera_1200-1.jpg",1200,900,false],"cinerama_edge_image_square":["https:\/\/lamostradevalencia.com\/wp-content\/uploads\/2022\/09\/lluis_rivera_1200-1-550x550.jpg",550,550,true],"cinerama_edge_image_landscape":["https:\/\/lamostradevalencia.com\/wp-content\/uploads\/2022\/09\/lluis_rivera_1200-1-1100x550.jpg",1100,550,true],"cinerama_edge_image_portrait":["https:\/\/lamostradevalencia.com\/wp-content\/uploads\/2022\/09\/lluis_rivera_1200-1-550x900.jpg",550,900,true],"cinerama_edge_image_huge":["https:\/\/lamostradevalencia.com\/wp-content\/uploads\/2022\/09\/lluis_rivera_1200-1-1100x900.jpg",1100,900,true],"gform-image-choice-sm":["https:\/\/lamostradevalencia.com\/wp-content\/uploads\/2022\/09\/lluis_rivera_1200-1.jpg",300,225,false],"gform-image-choice-md":["https:\/\/lamostradevalencia.com\/wp-content\/uploads\/2022\/09\/lluis_rivera_1200-1.jpg",400,300,false],"gform-image-choice-lg":["https:\/\/lamostradevalencia.com\/wp-content\/uploads\/2022\/09\/lluis_rivera_1200-1.jpg",600,450,false]},"uagb_author_info":{"display_name":"Mostra de Val\u00e8ncia","author_link":"https:\/\/lamostradevalencia.com\/ca\/author\/mostravalencia\/"},"uagb_comment_info":0,"uagb_excerpt":"El festival publicar\u00e0 un monogr\u00e0fic sobre el cineasta, reconegut per institucions com ara el Centre Pompidou de Par\u00eds o la National Gallery of Art de [&hellip;]","_links":{"self":[{"href":"https:\/\/lamostradevalencia.com\/ca\/wp-json\/wp\/v2\/posts\/15948","targetHints":{"allow":["GET"]}}],"collection":[{"href":"https:\/\/lamostradevalencia.com\/ca\/wp-json\/wp\/v2\/posts"}],"about":[{"href":"https:\/\/lamostradevalencia.com\/ca\/wp-json\/wp\/v2\/types\/post"}],"author":[{"embeddable":true,"href":"https:\/\/lamostradevalencia.com\/ca\/wp-json\/wp\/v2\/users\/1"}],"replies":[{"embeddable":true,"href":"https:\/\/lamostradevalencia.com\/ca\/wp-json\/wp\/v2\/comments?post=15948"}],"version-history":[{"count":1,"href":"https:\/\/lamostradevalencia.com\/ca\/wp-json\/wp\/v2\/posts\/15948\/revisions"}],"predecessor-version":[{"id":15949,"href":"https:\/\/lamostradevalencia.com\/ca\/wp-json\/wp\/v2\/posts\/15948\/revisions\/15949"}],"wp:featuredmedia":[{"embeddable":true,"href":"https:\/\/lamostradevalencia.com\/ca\/wp-json\/wp\/v2\/media\/15933"}],"wp:attachment":[{"href":"https:\/\/lamostradevalencia.com\/ca\/wp-json\/wp\/v2\/media?parent=15948"}],"wp:term":[{"taxonomy":"category","embeddable":true,"href":"https:\/\/lamostradevalencia.com\/ca\/wp-json\/wp\/v2\/categories?post=15948"},{"taxonomy":"post_tag","embeddable":true,"href":"https:\/\/lamostradevalencia.com\/ca\/wp-json\/wp\/v2\/tags?post=15948"}],"curies":[{"name":"wp","href":"https:\/\/api.w.org\/{rel}","templated":true}]}}