{"id":15881,"date":"2022-09-22T10:17:10","date_gmt":"2022-09-22T08:17:10","guid":{"rendered":"https:\/\/lamostradevalencia.com\/?p=15881"},"modified":"2022-09-22T10:18:53","modified_gmt":"2022-09-22T08:18:53","slug":"mostra-de-valencia-2022-dedicara-la-seccio-focus-a-lucile-hadzihalilovic","status":"publish","type":"post","link":"https:\/\/lamostradevalencia.com\/ca\/mostra-de-valencia-2022-dedicara-la-seccio-focus-a-lucile-hadzihalilovic\/","title":{"rendered":"Mostra de Val\u00e8ncia 2022 dedicar\u00e0 la secci\u00f3 Focus a Lucile Hadzihalilovic"},"content":{"rendered":"<h5><b>Es podran veure tots els llargmetratges i una selecci\u00f3 de curts d&#8217;esta cineasta francesa, d&#8217;origen bosni\u00e0, reconeguda pel seu potent univers simbolista en festivals internacionals<\/b><\/h5>\n<p><span style=\"font-weight: 400;\">Les seues pel\u00b7l\u00edcules sobre la inf\u00e0ncia en escenaris misteriosos, repletes de simbolisme i ressons psicoanal\u00edtics han convertit Lucile Hadzihalilovic en una de les veus amb m\u00e9s personalitat del circuit cinematogr\u00e0fic internacional. Enguany, la 37a Mostra de Val\u00e8ncia-Cinema del Mediterrani li dedicar\u00e0 la secci\u00f3 Focus: \u201cEm sent emocionada i honrada pel fet que la Mostra s&#8217;interesse per les meues pel\u00b7l\u00edcules -assegura la directora-. Encara que s&#8217;han projectat totes en importants festivals espanyols com Sant Sebasti\u00e0 i Sitges, la seua distribuci\u00f3 comercial en sales ha sigut m\u00ednima. \u00c9s una gran oportunitat que el p\u00fablic de Val\u00e8ncia puga descobrir-les en una pantalla de cine, i juntes, perqu\u00e8 les pel\u00b7l\u00edcules dialoguen entre si i es complementen\u201d.<\/span><\/p>\n<p><span style=\"font-weight: 400;\">Nascuda el 7 de maig de 1961 a Li\u00f3, la cineasta \u00e9s filla de pares bosnians. Prompte la fam\u00edlia es va traslladar al Marroc (van viure en Esauira i Casablanca), on Hadzihalilovic va viure fins als d\u00e8sset anys. Va estudiar a Par\u00eds, primer a l&#8217;Escola Superior d&#8217;Estudis Cinematogr\u00e0fics i despr\u00e9s a l&#8217;Escola Nacional d&#8217;Oficis d&#8217;Imatge i So. En el seu projecte de graduaci\u00f3, <\/span><b><i>\u2018Mort de Nono\u2019 <\/i><\/b><b>(1987)<\/b><span style=\"font-weight: 400;\">, ja s&#8217;apuntaven alguns trets del seu particular estil, caracteritzat per apartar-se de les l\u00f2giques que poblen el mitj\u00e0 cinematogr\u00e0fic i capbussar-se de ple en all\u00f2 on\u00edric.<\/span><\/p>\n<p><span style=\"font-weight: 400;\">\u201cAl dedicar esta secci\u00f3 a Hadzihalilovic volem recon\u00e9ixer una personalitat singular, una dona que ha sabut retratar la inf\u00e0ncia d&#8217;una manera molt personal, amb pel\u00b7l\u00edcules que estan a mig cam\u00ed entre la poesia i els contes de fades\u201d, assegura Gloria Tello, presidenta de Mostra de Val\u00e8ncia. Es podran veure tots els seus llargmetratges: <\/span><b>\u2018<\/b><b><i>Innocence<\/i><\/b><b>\u2019<\/b> <b>(2004)<\/b><span style=\"font-weight: 400;\">,<\/span><b> \u2018<\/b><b><i>Evolution<\/i><\/b><b>\u2019<\/b><b><i> (2015)<\/i><\/b><span style=\"font-weight: 400;\"> y <\/span><b>\u2018<\/b><b><i>Earwig<\/i><\/b><b>\u2019 (2021)<\/b><span style=\"font-weight: 400;\">, per\u00f2 tamb\u00e9 una selecci\u00f3 dels seus curtmetratges i migmetratges: \u2018<\/span><b>\u2018<\/b><b><i>De natura<\/i><\/b><b>\u2019<\/b> <b>(2018), \u2018<\/b><b><i>Nectar<\/i><\/b><b>\u2019 (2014)<\/b><span style=\"font-weight: 400;\"> i\u00a0 <\/span><b>\u2018<\/b><b><i>La bouche de Jean-Pierre<\/i><\/b><b>\u2019<\/b><b> (2014).\u00a0<\/b><\/p>\n<p><span style=\"font-weight: 400;\">Per a aquells que acudisquen a les sales, la cineasta els recomana: \u201cDeixeu-vos portar, no tracteu de \u2018comprendre\u2019 sin\u00f3 de sentir\u201d: \u201cLes meues pel\u00b7l\u00edcules s\u00f3n relats simbolistes que extrauen les seues imatges de l&#8217;inconscient, imatges que es poden llegir de diverses maneres. Com a espectadora, m&#8217;agrada que les pel\u00b7l\u00edcules estiguen obertes a la interpretaci\u00f3, i fins i tot tindre la llibertat de perdre&#8217;m en elles. Intente fer el mateix amb les meues pr\u00f2pies pel\u00b7l\u00edcules. Malgrat la seua estranyesa i aspecte aborronador, parlen d&#8217;emocions universals\u201d, comenta la directora.<\/span><\/p>\n<p><span style=\"font-weight: 400;\">\u00c9s una \u201crara avis\u201d dins de la cinematografia francesa, on la paraula sol ocupar un lloc central. Per a ella el cinema \u00e9s, per damunt de tot, un art no verbal, la qual cosa l\u00b4ha portada a grans festivals internacionals (ha obtingut dos vegades el Gran Premi del Jurat a Sant Sebasti\u00e0 i va ser la primera dona a guanyar el d&#8217;Estocolm): \u201cM&#8217;encanta crear tant mons f\u00edsics com on\u00edrics, i en els somnis, la parla juga un paper menor. Per raons que no puc explicar, hi ha molt poc espai per a les narratives metaf\u00f2riques al cine contemporani. No obstant aix\u00f2, hi ha hagut grans exemples de cine fant\u00e0stic o on\u00edric: Epstein, Franju, o fins i tot Resnais i Rivette. El meu \u2018a\u00efllament\u2019 em causa problemes en termes de finan\u00e7ament, i per aix\u00f2 me&#8217;n vaig anar a Anglaterra per a la meua \u00faltima pel\u00b7l\u00edcula\u201d.<\/span><\/p>\n<p><span style=\"font-weight: 400;\">Precisament, un altre gran director franc\u00e9s, <\/span><b>Robert Gu\u00e9diguian<\/b><span style=\"font-weight: 400;\">, rebr\u00e0 enguany la Palmera d&#8217;Honor. Del 20 al 30 d&#8217;octubre, quan tindr\u00e0 lloc la Mostra, el p\u00fablic podr\u00e0 gaudir de la seua filmografia en el cicle programat en la Filmoteca de Val\u00e8ncia. A m\u00e9s, la Mostra i l\u2019Institut Valenci\u00e0 de Cultura (IVC) coeditaran el llibre <\/span><b>\u201cRobert Gu\u00e9diguian. La gent no s<\/b><span style=\"font-weight: 400;\">&#8216;<\/span><b>adona<\/b> <b>del poder que t\u00e9\u201d, <\/b><span style=\"font-weight: 400;\">escrit per<\/span><b> Aar\u00f3n Rodr\u00edguez Serrano<\/b><span style=\"font-weight: 400;\">, investigador i professor a la Universitat Jaume I. Doctor en Comunicaci\u00f3 (Universitat Europea de Madrid) i Graduat en Filosofia (UNED). Membre de l&#8217;Associaci\u00f3 Espanyola d&#8217;Historiadors del Cinema i de l&#8217;Associaci\u00f3 d&#8217;An\u00e0lisi Textual Trama &amp; Fondo.<\/span><\/p>\n<p><span style=\"font-weight: 400;\">La 37a Mostra de Val\u00e8ncia &#8211; Cinema del Mediterrani compta amb la col\u00b7laboraci\u00f3 de l\u2019Institut Valenci\u00e0 de Cultura (IVC), Rambleta, Val\u00e8ncia Film Office, <\/span><span style=\"font-weight: 400;\">Barreira Arte + Dise\u00f1o <\/span><span style=\"font-weight: 400;\">i \u00c0 Punt M\u00e8dia com a mitj\u00e0 oficial.<\/span><\/p>\n","protected":false},"excerpt":{"rendered":"<p>Es podran veure tots els llargmetratges i una selecci\u00f3 de curts d&#8217;esta cineasta francesa, d&#8217;origen bosni\u00e0, reconeguda pel seu potent univers simbolista en festivals internacionals [&hellip;]<\/p>\n","protected":false},"author":1,"featured_media":15876,"comment_status":"open","ping_status":"open","sticky":false,"template":"","format":"standard","meta":{"_uag_custom_page_level_css":"","_jet_sm_ready_style":"","_jet_sm_style":"","_jet_sm_controls_values":"","_jet_sm_fonts_collection":"","_jet_sm_fonts_links":"","footnotes":""},"categories":[455],"tags":[],"class_list":["post-15881","post","type-post","status-publish","format-standard","has-post-thumbnail","hentry","category-noticies"],"yoast_head":"<!-- This site is optimized with the Yoast SEO plugin v27.5 - https:\/\/yoast.com\/product\/yoast-seo-wordpress\/ -->\n<title>Mostra de Val\u00e8ncia 2022 dedicar\u00e0 la secci\u00f3 Focus a Lucile Hadzihalilovic - Mostra de Val\u00e8ncia<\/title>\n<meta name=\"robots\" content=\"index, follow, max-snippet:-1, max-image-preview:large, max-video-preview:-1\" \/>\n<link rel=\"canonical\" href=\"https:\/\/lamostradevalencia.com\/ca\/mostra-de-valencia-2022-dedicara-la-seccio-focus-a-lucile-hadzihalilovic\/\" \/>\n<meta property=\"og:locale\" content=\"ca_ES\" \/>\n<meta property=\"og:type\" content=\"article\" \/>\n<meta property=\"og:title\" content=\"Mostra de Val\u00e8ncia 2022 dedicar\u00e0 la secci\u00f3 Focus a Lucile Hadzihalilovic - Mostra de Val\u00e8ncia\" \/>\n<meta property=\"og:description\" content=\"Es podran veure tots els llargmetratges i una selecci\u00f3 de curts d&#8217;esta cineasta francesa, d&#8217;origen bosni\u00e0, reconeguda pel seu potent univers simbolista en festivals internacionals [&hellip;]\" \/>\n<meta property=\"og:url\" content=\"https:\/\/lamostradevalencia.com\/ca\/mostra-de-valencia-2022-dedicara-la-seccio-focus-a-lucile-hadzihalilovic\/\" \/>\n<meta property=\"og:site_name\" content=\"Mostra de Val\u00e8ncia\" \/>\n<meta property=\"article:published_time\" content=\"2022-09-22T08:17:10+00:00\" \/>\n<meta property=\"article:modified_time\" content=\"2022-09-22T08:18:53+00:00\" \/>\n<meta property=\"og:image\" content=\"https:\/\/lamostradevalencia.com\/wp-content\/uploads\/2022\/09\/lucille_1200.jpg\" \/>\n\t<meta property=\"og:image:width\" content=\"1200\" \/>\n\t<meta property=\"og:image:height\" content=\"900\" \/>\n\t<meta property=\"og:image:type\" content=\"image\/jpeg\" \/>\n<meta name=\"author\" content=\"Mostra de Val\u00e8ncia\" \/>\n<meta name=\"twitter:card\" content=\"summary_large_image\" \/>\n<meta name=\"twitter:label1\" content=\"Escrit per\" \/>\n\t<meta name=\"twitter:data1\" content=\"Mostra de Val\u00e8ncia\" \/>\n\t<meta name=\"twitter:label2\" content=\"Temps estimat de lectura\" \/>\n\t<meta name=\"twitter:data2\" content=\"4 minuts\" \/>\n<script type=\"application\/ld+json\" class=\"yoast-schema-graph\">{\"@context\":\"https:\\\/\\\/schema.org\",\"@graph\":[{\"@type\":\"Article\",\"@id\":\"https:\\\/\\\/lamostradevalencia.com\\\/ca\\\/mostra-de-valencia-2022-dedicara-la-seccio-focus-a-lucile-hadzihalilovic\\\/#article\",\"isPartOf\":{\"@id\":\"https:\\\/\\\/lamostradevalencia.com\\\/ca\\\/mostra-de-valencia-2022-dedicara-la-seccio-focus-a-lucile-hadzihalilovic\\\/\"},\"author\":{\"name\":\"Mostra de Val\u00e8ncia\",\"@id\":\"https:\\\/\\\/lamostradevalencia.com\\\/ca\\\/#\\\/schema\\\/person\\\/1dc07e4df3d6310b81d2cdf6a034070c\"},\"headline\":\"Mostra de Val\u00e8ncia 2022 dedicar\u00e0 la secci\u00f3 Focus a Lucile Hadzihalilovic\",\"datePublished\":\"2022-09-22T08:17:10+00:00\",\"dateModified\":\"2022-09-22T08:18:53+00:00\",\"mainEntityOfPage\":{\"@id\":\"https:\\\/\\\/lamostradevalencia.com\\\/ca\\\/mostra-de-valencia-2022-dedicara-la-seccio-focus-a-lucile-hadzihalilovic\\\/\"},\"wordCount\":763,\"commentCount\":0,\"image\":{\"@id\":\"https:\\\/\\\/lamostradevalencia.com\\\/ca\\\/mostra-de-valencia-2022-dedicara-la-seccio-focus-a-lucile-hadzihalilovic\\\/#primaryimage\"},\"thumbnailUrl\":\"https:\\\/\\\/lamostradevalencia.com\\\/wp-content\\\/uploads\\\/2022\\\/09\\\/lucille_1200.jpg\",\"articleSection\":[\"Noticies\"],\"inLanguage\":\"ca\",\"potentialAction\":[{\"@type\":\"CommentAction\",\"name\":\"Comment\",\"target\":[\"https:\\\/\\\/lamostradevalencia.com\\\/ca\\\/mostra-de-valencia-2022-dedicara-la-seccio-focus-a-lucile-hadzihalilovic\\\/#respond\"]}]},{\"@type\":\"WebPage\",\"@id\":\"https:\\\/\\\/lamostradevalencia.com\\\/ca\\\/mostra-de-valencia-2022-dedicara-la-seccio-focus-a-lucile-hadzihalilovic\\\/\",\"url\":\"https:\\\/\\\/lamostradevalencia.com\\\/ca\\\/mostra-de-valencia-2022-dedicara-la-seccio-focus-a-lucile-hadzihalilovic\\\/\",\"name\":\"Mostra de Val\u00e8ncia 2022 dedicar\u00e0 la secci\u00f3 Focus a Lucile Hadzihalilovic - Mostra de Val\u00e8ncia\",\"isPartOf\":{\"@id\":\"https:\\\/\\\/lamostradevalencia.com\\\/ca\\\/#website\"},\"primaryImageOfPage\":{\"@id\":\"https:\\\/\\\/lamostradevalencia.com\\\/ca\\\/mostra-de-valencia-2022-dedicara-la-seccio-focus-a-lucile-hadzihalilovic\\\/#primaryimage\"},\"image\":{\"@id\":\"https:\\\/\\\/lamostradevalencia.com\\\/ca\\\/mostra-de-valencia-2022-dedicara-la-seccio-focus-a-lucile-hadzihalilovic\\\/#primaryimage\"},\"thumbnailUrl\":\"https:\\\/\\\/lamostradevalencia.com\\\/wp-content\\\/uploads\\\/2022\\\/09\\\/lucille_1200.jpg\",\"datePublished\":\"2022-09-22T08:17:10+00:00\",\"dateModified\":\"2022-09-22T08:18:53+00:00\",\"author\":{\"@id\":\"https:\\\/\\\/lamostradevalencia.com\\\/ca\\\/#\\\/schema\\\/person\\\/1dc07e4df3d6310b81d2cdf6a034070c\"},\"breadcrumb\":{\"@id\":\"https:\\\/\\\/lamostradevalencia.com\\\/ca\\\/mostra-de-valencia-2022-dedicara-la-seccio-focus-a-lucile-hadzihalilovic\\\/#breadcrumb\"},\"inLanguage\":\"ca\",\"potentialAction\":[{\"@type\":\"ReadAction\",\"target\":[\"https:\\\/\\\/lamostradevalencia.com\\\/ca\\\/mostra-de-valencia-2022-dedicara-la-seccio-focus-a-lucile-hadzihalilovic\\\/\"]}]},{\"@type\":\"ImageObject\",\"inLanguage\":\"ca\",\"@id\":\"https:\\\/\\\/lamostradevalencia.com\\\/ca\\\/mostra-de-valencia-2022-dedicara-la-seccio-focus-a-lucile-hadzihalilovic\\\/#primaryimage\",\"url\":\"https:\\\/\\\/lamostradevalencia.com\\\/wp-content\\\/uploads\\\/2022\\\/09\\\/lucille_1200.jpg\",\"contentUrl\":\"https:\\\/\\\/lamostradevalencia.com\\\/wp-content\\\/uploads\\\/2022\\\/09\\\/lucille_1200.jpg\",\"width\":1200,\"height\":900},{\"@type\":\"BreadcrumbList\",\"@id\":\"https:\\\/\\\/lamostradevalencia.com\\\/ca\\\/mostra-de-valencia-2022-dedicara-la-seccio-focus-a-lucile-hadzihalilovic\\\/#breadcrumb\",\"itemListElement\":[{\"@type\":\"ListItem\",\"position\":1,\"name\":\"Portada\",\"item\":\"https:\\\/\\\/lamostradevalencia.com\\\/ca\\\/\"},{\"@type\":\"ListItem\",\"position\":2,\"name\":\"Mostra de Val\u00e8ncia 2022 dedicar\u00e0 la secci\u00f3 Focus a Lucile Hadzihalilovic\"}]},{\"@type\":\"WebSite\",\"@id\":\"https:\\\/\\\/lamostradevalencia.com\\\/ca\\\/#website\",\"url\":\"https:\\\/\\\/lamostradevalencia.com\\\/ca\\\/\",\"name\":\"Mostra de Val\u00e8ncia\",\"description\":\"Cinema del Mediterrani\",\"potentialAction\":[{\"@type\":\"SearchAction\",\"target\":{\"@type\":\"EntryPoint\",\"urlTemplate\":\"https:\\\/\\\/lamostradevalencia.com\\\/ca\\\/?s={search_term_string}\"},\"query-input\":{\"@type\":\"PropertyValueSpecification\",\"valueRequired\":true,\"valueName\":\"search_term_string\"}}],\"inLanguage\":\"ca\"},{\"@type\":\"Person\",\"@id\":\"https:\\\/\\\/lamostradevalencia.com\\\/ca\\\/#\\\/schema\\\/person\\\/1dc07e4df3d6310b81d2cdf6a034070c\",\"name\":\"Mostra de Val\u00e8ncia\",\"image\":{\"@type\":\"ImageObject\",\"inLanguage\":\"ca\",\"@id\":\"https:\\\/\\\/secure.gravatar.com\\\/avatar\\\/ada4dfd699a9907706987adb1bb2b361c2613ccca474b49b8c648de5208e32f8?s=96&d=mm&r=g\",\"url\":\"https:\\\/\\\/secure.gravatar.com\\\/avatar\\\/ada4dfd699a9907706987adb1bb2b361c2613ccca474b49b8c648de5208e32f8?s=96&d=mm&r=g\",\"contentUrl\":\"https:\\\/\\\/secure.gravatar.com\\\/avatar\\\/ada4dfd699a9907706987adb1bb2b361c2613ccca474b49b8c648de5208e32f8?s=96&d=mm&r=g\",\"caption\":\"Mostra de Val\u00e8ncia\"}}]}<\/script>\n<!-- \/ Yoast SEO plugin. -->","yoast_head_json":{"title":"Mostra de Val\u00e8ncia 2022 dedicar\u00e0 la secci\u00f3 Focus a Lucile Hadzihalilovic - Mostra de Val\u00e8ncia","robots":{"index":"index","follow":"follow","max-snippet":"max-snippet:-1","max-image-preview":"max-image-preview:large","max-video-preview":"max-video-preview:-1"},"canonical":"https:\/\/lamostradevalencia.com\/ca\/mostra-de-valencia-2022-dedicara-la-seccio-focus-a-lucile-hadzihalilovic\/","og_locale":"ca_ES","og_type":"article","og_title":"Mostra de Val\u00e8ncia 2022 dedicar\u00e0 la secci\u00f3 Focus a Lucile Hadzihalilovic - Mostra de Val\u00e8ncia","og_description":"Es podran veure tots els llargmetratges i una selecci\u00f3 de curts d&#8217;esta cineasta francesa, d&#8217;origen bosni\u00e0, reconeguda pel seu potent univers simbolista en festivals internacionals [&hellip;]","og_url":"https:\/\/lamostradevalencia.com\/ca\/mostra-de-valencia-2022-dedicara-la-seccio-focus-a-lucile-hadzihalilovic\/","og_site_name":"Mostra de Val\u00e8ncia","article_published_time":"2022-09-22T08:17:10+00:00","article_modified_time":"2022-09-22T08:18:53+00:00","og_image":[{"width":1200,"height":900,"url":"https:\/\/lamostradevalencia.com\/wp-content\/uploads\/2022\/09\/lucille_1200.jpg","type":"image\/jpeg"}],"author":"Mostra de Val\u00e8ncia","twitter_card":"summary_large_image","twitter_misc":{"Escrit per":"Mostra de Val\u00e8ncia","Temps estimat de lectura":"4 minuts"},"schema":{"@context":"https:\/\/schema.org","@graph":[{"@type":"Article","@id":"https:\/\/lamostradevalencia.com\/ca\/mostra-de-valencia-2022-dedicara-la-seccio-focus-a-lucile-hadzihalilovic\/#article","isPartOf":{"@id":"https:\/\/lamostradevalencia.com\/ca\/mostra-de-valencia-2022-dedicara-la-seccio-focus-a-lucile-hadzihalilovic\/"},"author":{"name":"Mostra de Val\u00e8ncia","@id":"https:\/\/lamostradevalencia.com\/ca\/#\/schema\/person\/1dc07e4df3d6310b81d2cdf6a034070c"},"headline":"Mostra de Val\u00e8ncia 2022 dedicar\u00e0 la secci\u00f3 Focus a Lucile Hadzihalilovic","datePublished":"2022-09-22T08:17:10+00:00","dateModified":"2022-09-22T08:18:53+00:00","mainEntityOfPage":{"@id":"https:\/\/lamostradevalencia.com\/ca\/mostra-de-valencia-2022-dedicara-la-seccio-focus-a-lucile-hadzihalilovic\/"},"wordCount":763,"commentCount":0,"image":{"@id":"https:\/\/lamostradevalencia.com\/ca\/mostra-de-valencia-2022-dedicara-la-seccio-focus-a-lucile-hadzihalilovic\/#primaryimage"},"thumbnailUrl":"https:\/\/lamostradevalencia.com\/wp-content\/uploads\/2022\/09\/lucille_1200.jpg","articleSection":["Noticies"],"inLanguage":"ca","potentialAction":[{"@type":"CommentAction","name":"Comment","target":["https:\/\/lamostradevalencia.com\/ca\/mostra-de-valencia-2022-dedicara-la-seccio-focus-a-lucile-hadzihalilovic\/#respond"]}]},{"@type":"WebPage","@id":"https:\/\/lamostradevalencia.com\/ca\/mostra-de-valencia-2022-dedicara-la-seccio-focus-a-lucile-hadzihalilovic\/","url":"https:\/\/lamostradevalencia.com\/ca\/mostra-de-valencia-2022-dedicara-la-seccio-focus-a-lucile-hadzihalilovic\/","name":"Mostra de Val\u00e8ncia 2022 dedicar\u00e0 la secci\u00f3 Focus a Lucile Hadzihalilovic - Mostra de Val\u00e8ncia","isPartOf":{"@id":"https:\/\/lamostradevalencia.com\/ca\/#website"},"primaryImageOfPage":{"@id":"https:\/\/lamostradevalencia.com\/ca\/mostra-de-valencia-2022-dedicara-la-seccio-focus-a-lucile-hadzihalilovic\/#primaryimage"},"image":{"@id":"https:\/\/lamostradevalencia.com\/ca\/mostra-de-valencia-2022-dedicara-la-seccio-focus-a-lucile-hadzihalilovic\/#primaryimage"},"thumbnailUrl":"https:\/\/lamostradevalencia.com\/wp-content\/uploads\/2022\/09\/lucille_1200.jpg","datePublished":"2022-09-22T08:17:10+00:00","dateModified":"2022-09-22T08:18:53+00:00","author":{"@id":"https:\/\/lamostradevalencia.com\/ca\/#\/schema\/person\/1dc07e4df3d6310b81d2cdf6a034070c"},"breadcrumb":{"@id":"https:\/\/lamostradevalencia.com\/ca\/mostra-de-valencia-2022-dedicara-la-seccio-focus-a-lucile-hadzihalilovic\/#breadcrumb"},"inLanguage":"ca","potentialAction":[{"@type":"ReadAction","target":["https:\/\/lamostradevalencia.com\/ca\/mostra-de-valencia-2022-dedicara-la-seccio-focus-a-lucile-hadzihalilovic\/"]}]},{"@type":"ImageObject","inLanguage":"ca","@id":"https:\/\/lamostradevalencia.com\/ca\/mostra-de-valencia-2022-dedicara-la-seccio-focus-a-lucile-hadzihalilovic\/#primaryimage","url":"https:\/\/lamostradevalencia.com\/wp-content\/uploads\/2022\/09\/lucille_1200.jpg","contentUrl":"https:\/\/lamostradevalencia.com\/wp-content\/uploads\/2022\/09\/lucille_1200.jpg","width":1200,"height":900},{"@type":"BreadcrumbList","@id":"https:\/\/lamostradevalencia.com\/ca\/mostra-de-valencia-2022-dedicara-la-seccio-focus-a-lucile-hadzihalilovic\/#breadcrumb","itemListElement":[{"@type":"ListItem","position":1,"name":"Portada","item":"https:\/\/lamostradevalencia.com\/ca\/"},{"@type":"ListItem","position":2,"name":"Mostra de Val\u00e8ncia 2022 dedicar\u00e0 la secci\u00f3 Focus a Lucile Hadzihalilovic"}]},{"@type":"WebSite","@id":"https:\/\/lamostradevalencia.com\/ca\/#website","url":"https:\/\/lamostradevalencia.com\/ca\/","name":"Mostra de Val\u00e8ncia","description":"Cinema del Mediterrani","potentialAction":[{"@type":"SearchAction","target":{"@type":"EntryPoint","urlTemplate":"https:\/\/lamostradevalencia.com\/ca\/?s={search_term_string}"},"query-input":{"@type":"PropertyValueSpecification","valueRequired":true,"valueName":"search_term_string"}}],"inLanguage":"ca"},{"@type":"Person","@id":"https:\/\/lamostradevalencia.com\/ca\/#\/schema\/person\/1dc07e4df3d6310b81d2cdf6a034070c","name":"Mostra de Val\u00e8ncia","image":{"@type":"ImageObject","inLanguage":"ca","@id":"https:\/\/secure.gravatar.com\/avatar\/ada4dfd699a9907706987adb1bb2b361c2613ccca474b49b8c648de5208e32f8?s=96&d=mm&r=g","url":"https:\/\/secure.gravatar.com\/avatar\/ada4dfd699a9907706987adb1bb2b361c2613ccca474b49b8c648de5208e32f8?s=96&d=mm&r=g","contentUrl":"https:\/\/secure.gravatar.com\/avatar\/ada4dfd699a9907706987adb1bb2b361c2613ccca474b49b8c648de5208e32f8?s=96&d=mm&r=g","caption":"Mostra de Val\u00e8ncia"}}]}},"uagb_featured_image_src":{"full":["https:\/\/lamostradevalencia.com\/wp-content\/uploads\/2022\/09\/lucille_1200.jpg",1200,900,false],"thumbnail":["https:\/\/lamostradevalencia.com\/wp-content\/uploads\/2022\/09\/lucille_1200-150x150.jpg",150,150,true],"medium":["https:\/\/lamostradevalencia.com\/wp-content\/uploads\/2022\/09\/lucille_1200-300x225.jpg",300,225,true],"medium_large":["https:\/\/lamostradevalencia.com\/wp-content\/uploads\/2022\/09\/lucille_1200-768x576.jpg",768,576,true],"large":["https:\/\/lamostradevalencia.com\/wp-content\/uploads\/2022\/09\/lucille_1200-1024x768.jpg",1024,768,true],"1536x1536":["https:\/\/lamostradevalencia.com\/wp-content\/uploads\/2022\/09\/lucille_1200.jpg",1200,900,false],"2048x2048":["https:\/\/lamostradevalencia.com\/wp-content\/uploads\/2022\/09\/lucille_1200.jpg",1200,900,false],"cinerama_edge_image_square":["https:\/\/lamostradevalencia.com\/wp-content\/uploads\/2022\/09\/lucille_1200-550x550.jpg",550,550,true],"cinerama_edge_image_landscape":["https:\/\/lamostradevalencia.com\/wp-content\/uploads\/2022\/09\/lucille_1200-1100x550.jpg",1100,550,true],"cinerama_edge_image_portrait":["https:\/\/lamostradevalencia.com\/wp-content\/uploads\/2022\/09\/lucille_1200-550x900.jpg",550,900,true],"cinerama_edge_image_huge":["https:\/\/lamostradevalencia.com\/wp-content\/uploads\/2022\/09\/lucille_1200-1100x900.jpg",1100,900,true],"gform-image-choice-sm":["https:\/\/lamostradevalencia.com\/wp-content\/uploads\/2022\/09\/lucille_1200.jpg",300,225,false],"gform-image-choice-md":["https:\/\/lamostradevalencia.com\/wp-content\/uploads\/2022\/09\/lucille_1200.jpg",400,300,false],"gform-image-choice-lg":["https:\/\/lamostradevalencia.com\/wp-content\/uploads\/2022\/09\/lucille_1200.jpg",600,450,false]},"uagb_author_info":{"display_name":"Mostra de Val\u00e8ncia","author_link":"https:\/\/lamostradevalencia.com\/ca\/author\/mostravalencia\/"},"uagb_comment_info":0,"uagb_excerpt":"Es podran veure tots els llargmetratges i una selecci\u00f3 de curts d&#8217;esta cineasta francesa, d&#8217;origen bosni\u00e0, reconeguda pel seu potent univers simbolista en festivals internacionals [&hellip;]","_links":{"self":[{"href":"https:\/\/lamostradevalencia.com\/ca\/wp-json\/wp\/v2\/posts\/15881","targetHints":{"allow":["GET"]}}],"collection":[{"href":"https:\/\/lamostradevalencia.com\/ca\/wp-json\/wp\/v2\/posts"}],"about":[{"href":"https:\/\/lamostradevalencia.com\/ca\/wp-json\/wp\/v2\/types\/post"}],"author":[{"embeddable":true,"href":"https:\/\/lamostradevalencia.com\/ca\/wp-json\/wp\/v2\/users\/1"}],"replies":[{"embeddable":true,"href":"https:\/\/lamostradevalencia.com\/ca\/wp-json\/wp\/v2\/comments?post=15881"}],"version-history":[{"count":1,"href":"https:\/\/lamostradevalencia.com\/ca\/wp-json\/wp\/v2\/posts\/15881\/revisions"}],"predecessor-version":[{"id":15882,"href":"https:\/\/lamostradevalencia.com\/ca\/wp-json\/wp\/v2\/posts\/15881\/revisions\/15882"}],"wp:featuredmedia":[{"embeddable":true,"href":"https:\/\/lamostradevalencia.com\/ca\/wp-json\/wp\/v2\/media\/15876"}],"wp:attachment":[{"href":"https:\/\/lamostradevalencia.com\/ca\/wp-json\/wp\/v2\/media?parent=15881"}],"wp:term":[{"taxonomy":"category","embeddable":true,"href":"https:\/\/lamostradevalencia.com\/ca\/wp-json\/wp\/v2\/categories?post=15881"},{"taxonomy":"post_tag","embeddable":true,"href":"https:\/\/lamostradevalencia.com\/ca\/wp-json\/wp\/v2\/tags?post=15881"}],"curies":[{"name":"wp","href":"https:\/\/api.w.org\/{rel}","templated":true}]}}