{"id":14685,"date":"2022-09-16T01:11:59","date_gmt":"2022-09-15T23:11:59","guid":{"rendered":"https:\/\/lamostradevalencia.com\/?p=14685"},"modified":"2022-09-16T11:17:04","modified_gmt":"2022-09-16T09:17:04","slug":"mario-martone-i-damien-manivel-se-sumen-a-la-lluita-per-la-palmera-dor-de-la-mostra-de-valencia","status":"publish","type":"post","link":"https:\/\/lamostradevalencia.com\/ca\/mario-martone-i-damien-manivel-se-sumen-a-la-lluita-per-la-palmera-dor-de-la-mostra-de-valencia\/","title":{"rendered":"Mario Martone i Damien Manivel se sumen a la lluita per la Palmera d&#8217;Or de la Mostra de Val\u00e8ncia"},"content":{"rendered":"<h5><span style=\"font-weight: 400;\">La diversitat sexual, la maternitat en solitari com a estigma, la viol\u00e8ncia policial i una Maria Magdalena afroamericana i envellida protagonitzen les noves pel\u00b7l\u00edcules en competici\u00f3<\/span><\/h5>\n<p><span style=\"font-weight: 400;\">Despr\u00e9s d&#8217;anunciar les primeres sis pel\u00b7l\u00edcules a concurs, entre les quals hi ha cinc dones directores i una cinta valenciana, la 37a Mostra de Val\u00e8ncia- Cinema del Mediterrani, que se celebrar\u00e0 del 20 al 30 d&#8217;octubre, revela la totalitat de la Secci\u00f3 Oficial.<\/span><\/p>\n<p><span style=\"font-weight: 400;\">\u201cEstem davant <\/span><span style=\"font-weight: 400;\">d\u2019<\/span><span style=\"font-weight: 400;\">una de les seccions oficials m\u00e9s completes i plurals dels \u00faltims anys del festival; tant per l&#8217;equilibri entre debutants i realitzadors consagrats, com per la riquesa tem\u00e0tica i la proced\u00e8ncia de les pel\u00b7l\u00edcules\u201d, assegura Gloria Tello, presidenta de la Mostra.<\/span><\/p>\n<p><span style=\"font-weight: 400;\">Hi ha una cosa pitjor a l&#8217;Iran actual que ser mare soltera? S\u00ed, que els avis de la criatura no s\u00e0pien que esta ha nascut i es vulguen presentar, quasi per sorpresa, a casa de la mare clandestina. Aix\u00f2 planteja el cineasta<\/span><b> Ali Asgari<\/b><span style=\"font-weight: 400;\"> en <\/span><b>&#8216;<\/b><b>Until Tomorrow<\/b><b>&#8216;<\/b><span style=\"font-weight: 400;\">, una coproducci\u00f3 entre l&#8217;Iran, Fran\u00e7a i Qatar. En altres pa\u00efsos, com Alg\u00e8ria, criar un fill sola tamb\u00e9 et convert<\/span><span style=\"font-weight: 400;\">ix<\/span><span style=\"font-weight: 400;\"> en sospitosa. En <\/span><b>&#8216;The Life After&#8217;,<\/b><span style=\"font-weight: 400;\"> l&#8217;\u00f2pera prima d\u2019<\/span><b>Anis Djaad, <\/b><span style=\"font-weight: 400;\">despr\u00e9s del gran recorregut internacional dels seus curts, una dona <\/span><span style=\"font-weight: 400;\">viuda<\/span><span style=\"font-weight: 400;\"> i el seu fill es veuen obligats a abandonar el seu poble per escapar dels rumors i l&#8217;assetjament <\/span><span style=\"font-weight: 400;\">als quals<\/span><span style=\"font-weight: 400;\">\u00a0 es veuen sotmesos.<\/span><\/p>\n<p><span style=\"font-weight: 400;\">Els qui s\u00ed que volen ser pares, encara que a trav\u00e9s de maternitat subrogada, s\u00f3n la parella gai protagonista de <\/span><b>&#8216;<\/b><b>Concerned Citizen<\/b><b>&#8216;<\/b><span style=\"font-weight: 400;\">, una s\u00e0tira morda\u00e7 i molt pol\u00edtica d\u2019<\/span><b>Idan Haguel<\/b><span style=\"font-weight: 400;\">, procedent d&#8217;Israel, estrenada en la secci\u00f3 Panorama de la Berlinale, en la qual l&#8217;homosexualitat no \u00e9s, ni molt menys, el cor del conflicte.<\/span><\/p>\n<p><span style=\"font-weight: 400;\">La comunitat LGTBIQ+ S\u00e3o Miguel, l&#8217;illa m\u00e9s gran <\/span><span style=\"font-weight: 400;\">d\u2019<\/span><span style=\"font-weight: 400;\">A\u00e7ores \u00e9s la protagonista fonamental de <\/span><b>\u2018Lobo e c<\/b><b>\u00e3o<\/b><b>\u2019<\/b><b>,<\/b><span style=\"font-weight: 400;\"> de la directora portuguesa<\/span><b> Cl\u00e1udia Varej\u00e3o<\/b><span style=\"font-weight: 400;\">,<\/span><span style=\"font-weight: 400;\"> que acaba de passar per la Giornate degli Autori de la 79a Mostra de Ven\u00e8cia, on s&#8217;ha al\u00e7at amb el premi a millor direcci\u00f3. Ha sigut descrita per la cr\u00edtica com una oda al g\u00e8nere fluid que transforma la viol\u00e8ncia en tendresa i la intoler\u00e0ncia en un esperit comunitari amb poder <\/span><span style=\"font-weight: 400;\">curatiu<\/span><span style=\"font-weight: 400;\">.<\/span><\/p>\n<p><span style=\"font-weight: 400;\">El franc\u00e9s <\/span><b>Damien Manivel<\/b><span style=\"font-weight: 400;\"> ens apropa en <\/span><b>\u2018Magdala\u2019<\/b><span style=\"font-weight: 400;\"> als \u00faltims anys de Mar\u00eda Magdalena, en els quals viu en plena comuni\u00f3 amb la naturalesa, enyorant la seua relaci\u00f3 amb Jes\u00fas. L&#8217;atmosfera m\u00edstica <\/span><span style=\"font-weight: 400;\">enva\u00efx<\/span><span style=\"font-weight: 400;\"> la cinta que va sorprendre el passat Festival de Cannes <\/span><span style=\"font-weight: 400;\">al<\/span><span style=\"font-weight: 400;\"> triar com a protagonista la ballarina, core\u00f2grafa i actriu Elsa Wolliaston, afroamericana i que <\/span><span style=\"font-weight: 400;\">llu\u00efx<\/span><span style=\"font-weight: 400;\"> la seua cabellera blanca en el film.<\/span><\/p>\n<p><span style=\"font-weight: 400;\">El director itali\u00e0 <\/span><b>Mario Martone<\/b><span style=\"font-weight: 400;\"> va tornar a competir en el Festival de Cannes despr\u00e9s de vint-i-quatre anys gr\u00e0cies a <\/span><b>&#8216;Nost\u00e0lgia&#8217;<\/b><span style=\"font-weight: 400;\">, basada en la novel\u00b7la hom\u00f2nima d\u2019Ermanno Rea, que transcorre a N\u00e0pols, com les seues pel\u00b7l\u00edcules m\u00e9s importants.<\/span><\/p>\n<p><span style=\"font-weight: 400;\">Estos t\u00edtols se sumen als ja anunciats pr\u00e8viament, entre ells, <\/span><span style=\"font-weight: 400;\">dos<\/span><span style=\"font-weight: 400;\"> pel\u00b7l\u00edcules que seran enviades pels seus respectius pa\u00efsos als Oscar:<\/span><b> &#8216;<\/b><b>Klondike<\/b><b>&#8216;<\/b><span style=\"font-weight: 400;\">, de Maryna Er Gorbach (una coproducci\u00f3 entre Ucra\u00efna i Turquia) i la tunisiana <\/span><b>&#8216;<\/b><b>Entre las higueras<\/b><b>&#8216;,<\/b><span style=\"font-weight: 400;\"> d\u2019<\/span><b>Erige Sehiri.<\/b><span style=\"font-weight: 400;\"> A les quals cal sumar,<\/span> <b>&#8216;<\/b><b>Les pires<\/b><b>&#8216; <\/b><b>\/ <\/b><b>&#8216;<\/b><b>The Worst Ones<\/b><b>&#8216;<\/b><span style=\"font-weight: 400;\">, de les franceses<\/span> <b>Lise Akoka <\/b><span style=\"font-weight: 400;\">i <\/span><b>Romane <\/b><b>Gueret<\/b><span style=\"font-weight: 400;\">; <\/span><b>&#8216;<\/b><b>Vera Dreams of the Sea<\/b><b>&#8216;<\/b><span style=\"font-weight: 400;\">, de <\/span><b>Kaltrina Krasniqi<\/b><span style=\"font-weight: 400;\">; <\/span><b>&#8216;<\/b><b>Moja Vesna<\/b><b>&#8216;<\/b><span style=\"font-weight: 400;\">, \u00f2pera prima de l&#8217;eslovena <\/span><b>Sara Kern<\/b><span style=\"font-weight: 400;\">; i la producci\u00f3 valenciana <\/span><b>&#8216;El que sabem&#8217;<\/b><span style=\"font-weight: 400;\">, dirigida per <\/span><b>Jordi N\u00fa\u00f1ez<\/b><span style=\"font-weight: 400;\">, i que inaugurar\u00e0 el certamen.<\/span><\/p>\n<p><span style=\"font-weight: 400;\">La 37a edici\u00f3 del festival compta amb la col\u00b7laboraci\u00f3 de l\u2019Institut Valenci\u00e0 de Cultura (IVC), Rambleta, Val\u00e8ncia Film Office, Barreira Arte + Dise\u00f1o i \u00c0 Punt M\u00e8dia com a mitj\u00e0 oficial.<\/span><\/p>\n<p><span style=\"font-weight: 400;\">Les noves pel\u00b7l\u00edcules seleccionades s\u00f3n:<\/span><\/p>\n<p><b><img loading=\"lazy\" decoding=\"async\" class=\"aligncenter size-large wp-image-14676\" src=\"https:\/\/lamostradevalencia.com\/wp-content\/uploads\/2022\/09\/until-tomorrow-2-1-scaled-e1663318684256-1024x561.jpg\" alt=\"\" width=\"1024\" height=\"561\" srcset=\"https:\/\/lamostradevalencia.com\/wp-content\/uploads\/2022\/09\/until-tomorrow-2-1-scaled-e1663318684256-1024x561.jpg 1024w, https:\/\/lamostradevalencia.com\/wp-content\/uploads\/2022\/09\/until-tomorrow-2-1-scaled-e1663318684256-300x164.jpg 300w, https:\/\/lamostradevalencia.com\/wp-content\/uploads\/2022\/09\/until-tomorrow-2-1-scaled-e1663318684256-768x420.jpg 768w, https:\/\/lamostradevalencia.com\/wp-content\/uploads\/2022\/09\/until-tomorrow-2-1-scaled-e1663318684256.jpg 1200w\" sizes=\"auto, (max-width: 1024px) 100vw, 1024px\" \/>&#8216;<\/b><b>UNTIL TOMORROW<\/b><b>&#8216;<\/b><b>, D\u2019ALI ASGARI\u00a0<\/b><\/p>\n<p><span style=\"font-weight: 400;\">Ha passat pels festivals de Berl\u00edn, Guanajuato, Jerusalem i Zurich. El cineasta irani\u00e0, en coproducci\u00f3 amb Fran\u00e7a i Qatar, ens planteja una angoixant contrarellotge pels carrers de Teheran a partir d&#8217;una premissa molt senzilla: la protagonista ha ocultat als seus pares, que a m\u00e9s d&#8217;estudiar una carrera a Teheran, ha sigut mare soltera. Fereshteh (interpretada per Sadaf Asgari) <\/span><span style=\"font-weight: 400;\">toca<\/span><span style=\"font-weight: 400;\"> a totes les portes possibles per <\/span><span style=\"font-weight: 400;\">a<\/span><span style=\"font-weight: 400;\"> aconseguir que alg\u00fa es quede amb la seua criatura fins a l&#8217;endem\u00e0, mentre els seus progenitors la visiten, la qual cosa ens permet con\u00e9ixer les diferents capes de la societat iraniana.<\/span><\/p>\n<p><b><img loading=\"lazy\" decoding=\"async\" class=\"aligncenter size-large wp-image-14574\" src=\"https:\/\/lamostradevalencia.com\/wp-content\/uploads\/2022\/09\/the-life-after-1-scaled-e1663308648690-1024x415.jpg\" alt=\"\" width=\"1024\" height=\"415\" srcset=\"https:\/\/lamostradevalencia.com\/wp-content\/uploads\/2022\/09\/the-life-after-1-scaled-e1663308648690-1024x415.jpg 1024w, https:\/\/lamostradevalencia.com\/wp-content\/uploads\/2022\/09\/the-life-after-1-scaled-e1663308648690-300x122.jpg 300w, https:\/\/lamostradevalencia.com\/wp-content\/uploads\/2022\/09\/the-life-after-1-scaled-e1663308648690-768x311.jpg 768w, https:\/\/lamostradevalencia.com\/wp-content\/uploads\/2022\/09\/the-life-after-1-scaled-e1663308648690.jpg 1200w\" sizes=\"auto, (max-width: 1024px) 100vw, 1024px\" \/>&#8216;THE LIFE AFTER&#8217;, D\u2019ANIS DJAAD<\/b><\/p>\n<p><span style=\"font-weight: 400;\">Que el seu marit morira en un atac terrorista \u00e9s nom\u00e9s la primera de les desgr\u00e0cies de Hadjer (Lydia Larini), perqu\u00e8 les <\/span><span style=\"font-weight: 400;\">xafarderies<\/span><span style=\"font-weight: 400;\"> l&#8217;obligaran a abandonar el poble <\/span><span style=\"font-weight: 400;\">on<\/span><span style=\"font-weight: 400;\"> va n\u00e0ixer <\/span><span style=\"font-weight: 400;\">junt amb el<\/span><span style=\"font-weight: 400;\"> seu fill. Ac\u00ed comen\u00e7a una <\/span><i><span style=\"font-weight: 400;\">road movie<\/span><\/i><span style=\"font-weight: 400;\"> tan repleta de dificultats com les que viuen moltes dones soles en pa\u00efsos com Alg\u00e8ria, sense caure en clix\u00e9s i amb grans dosis de realisme, com els efectes violents que t\u00e9 la misog\u00ednia institucionalitzada.<\/span><\/p>\n<p><b><img loading=\"lazy\" decoding=\"async\" class=\"aligncenter size-large wp-image-14695\" src=\"https:\/\/lamostradevalencia.com\/wp-content\/uploads\/2022\/09\/CONCERNED_CITIZEN_Still0-miniatura-1-1024x572.jpg\" alt=\"\" width=\"1024\" height=\"572\" srcset=\"https:\/\/lamostradevalencia.com\/wp-content\/uploads\/2022\/09\/CONCERNED_CITIZEN_Still0-miniatura-1-1024x572.jpg 1024w, https:\/\/lamostradevalencia.com\/wp-content\/uploads\/2022\/09\/CONCERNED_CITIZEN_Still0-miniatura-1-300x168.jpg 300w, https:\/\/lamostradevalencia.com\/wp-content\/uploads\/2022\/09\/CONCERNED_CITIZEN_Still0-miniatura-1-768x429.jpg 768w, https:\/\/lamostradevalencia.com\/wp-content\/uploads\/2022\/09\/CONCERNED_CITIZEN_Still0-miniatura-1.jpg 1076w\" sizes=\"auto, (max-width: 1024px) 100vw, 1024px\" \/>&#8216;<\/b><b>CONCERNED CITIZEN<\/b><b>&#8216;<\/b><b>, D\u2019IDAN HAGUEL<\/b><\/p>\n<p><span style=\"font-weight: 400;\">Ben i Raz s\u00f3n una parella gai, aparentment progressistes i il\u00b7lustrats, que viuen en el seu pis perfecte. Ben, conscient de les dificultats que travessa el planeta, <\/span><span style=\"font-weight: 400;\">decidix<\/span><span style=\"font-weight: 400;\"> fer la seua xicoteta aportaci\u00f3 a la causa plantant un arbre al seu carrer. Aquest gest desencadena una espiral d&#8217;esdeveniments inimaginables que esta s\u00e0tira morda\u00e7 repleta d&#8217;humor negre converteix en una reflexi\u00f3 sobre els privilegis, la xenof\u00f2bia i la viol\u00e8ncia policial, entre altres coses.<\/span><\/p>\n<p><b><img loading=\"lazy\" decoding=\"async\" class=\"aligncenter size-full wp-image-14700\" src=\"https:\/\/lamostradevalencia.com\/wp-content\/uploads\/2022\/09\/LOBO-E-CAO-miniatura-e1663319034712.jpg\" alt=\"\" width=\"1003\" height=\"604\" srcset=\"https:\/\/lamostradevalencia.com\/wp-content\/uploads\/2022\/09\/LOBO-E-CAO-miniatura-e1663319034712.jpg 1003w, https:\/\/lamostradevalencia.com\/wp-content\/uploads\/2022\/09\/LOBO-E-CAO-miniatura-e1663319034712-300x181.jpg 300w, https:\/\/lamostradevalencia.com\/wp-content\/uploads\/2022\/09\/LOBO-E-CAO-miniatura-e1663319034712-768x462.jpg 768w\" sizes=\"auto, (max-width: 1003px) 100vw, 1003px\" \/>&#8216;<\/b><b>LOBO E C\u00c3O\u2019, DE CL\u00c1UDIA VAREJ\u00c3O<\/b><\/p>\n<p><span style=\"font-weight: 400;\">Convertir <\/span><span style=\"font-weight: 400;\">all\u00f2<\/span><span style=\"font-weight: 400;\"> quotidi\u00e0 en poesia mesclant realitat i ficci\u00f3 a trav\u00e9s d&#8217;imatges on\u00edriques \u00e9s l&#8217;especialitat d&#8217;esta directora, com ja va demostrar en els seus films anteriors \u2018Ama-San\u2019 (2016) i \u2018Amor Fati\u2019 (2020). Esta nova pel\u00b7l\u00edcula est\u00e0 basada en la seua experi\u00e8ncia a les illes A\u00e7ores, un xicotet univers <\/span><span style=\"font-weight: 400;\">en qu\u00e8<\/span><span style=\"font-weight: 400;\"> ser <\/span><i><span style=\"font-weight: 400;\">queer<\/span><\/i><span style=\"font-weight: 400;\"> genera ferides, com en la resta del m\u00f3n, per\u00f2 on tamb\u00e9 va trobar f\u00f3rmules d&#8217;integraci\u00f3 sorprenents, que, com a una de les protagonistes, li van servir per a q\u00fcestionar el binarisme imposat.<\/span><\/p>\n<p><b><img loading=\"lazy\" decoding=\"async\" class=\"aligncenter size-large wp-image-14634\" src=\"https:\/\/lamostradevalencia.com\/wp-content\/uploads\/2022\/09\/Magdala-miniatura-1-1024x614.jpg\" alt=\"\" width=\"1024\" height=\"614\" srcset=\"https:\/\/lamostradevalencia.com\/wp-content\/uploads\/2022\/09\/Magdala-miniatura-1-1024x614.jpg 1024w, https:\/\/lamostradevalencia.com\/wp-content\/uploads\/2022\/09\/Magdala-miniatura-1-300x180.jpg 300w, https:\/\/lamostradevalencia.com\/wp-content\/uploads\/2022\/09\/Magdala-miniatura-1-768x460.jpg 768w, https:\/\/lamostradevalencia.com\/wp-content\/uploads\/2022\/09\/Magdala-miniatura-1.jpg 1078w\" sizes=\"auto, (max-width: 1024px) 100vw, 1024px\" \/>&#8216;<\/b><b>MAGDALA<\/b><b>&#8216;<\/b><b>, DE DAMIEN MANIVEL<\/b><\/p>\n<p><span style=\"font-weight: 400;\">Maria Magdalena es retira als confins del m\u00f3n en un bosc on beu aigua de pluja<\/span><span style=\"font-weight: 400;\">,<\/span><span style=\"font-weight: 400;\"> s&#8217;alimenta nom\u00e9s de baies <\/span><span style=\"font-weight: 400;\">i dorm<\/span><span style=\"font-weight: 400;\"> a l&#8217;abric dels arbres. Tota una experi\u00e8ncia m\u00edstica i sensorial d&#8217;<\/span><span style=\"font-weight: 400;\">este<\/span><span style=\"font-weight: 400;\"> director, molt guardonat en festivals internacionals durant els \u00faltims anys: &#8216;Un jeune po\u00e8te&#8217; (premiada a Locarno), &#8216;Le parc&#8217; (guanyadora en Jeonju) i, especialment, <\/span><b>&#8216;<\/b><span style=\"font-weight: 400;\">Les enfants d\u2019Isadora<\/span><b>&#8216;<\/b><span style=\"font-weight: 400;\"> (Millor direcci\u00f3 en Locarno i premi Zabaltegi a Sant Sebasti\u00e0).<\/span><\/p>\n<p><span style=\"font-weight: 400;\"><img loading=\"lazy\" decoding=\"async\" class=\"aligncenter size-large wp-image-14716\" src=\"https:\/\/lamostradevalencia.com\/wp-content\/uploads\/2022\/09\/martone-web-1024x527.jpg\" alt=\"\" width=\"1024\" height=\"527\" srcset=\"https:\/\/lamostradevalencia.com\/wp-content\/uploads\/2022\/09\/martone-web-1024x527.jpg 1024w, https:\/\/lamostradevalencia.com\/wp-content\/uploads\/2022\/09\/martone-web-300x154.jpg 300w, https:\/\/lamostradevalencia.com\/wp-content\/uploads\/2022\/09\/martone-web-768x395.jpg 768w, https:\/\/lamostradevalencia.com\/wp-content\/uploads\/2022\/09\/martone-web.jpg 1186w\" sizes=\"auto, (max-width: 1024px) 100vw, 1024px\" \/><b style=\"font-size: 15px;\">&#8216;<\/b><b style=\"font-size: 15px;\">NOSTALGIA<\/b><b style=\"font-size: 15px;\">&#8216;<\/b><b style=\"font-size: 15px;\">, DE MARIO MARTONE<\/b><\/span><\/p>\n<p><span style=\"font-weight: 400;\">\u201cLa consci\u00e8ncia emana de la nost\u00e0lgia, i aquells que mai s&#8217;han perdut a si mateixos no la tenen\u201d, va assegurar Pasolini i Martone recupera la frase en els cr\u00e8dits d&#8217;esta pel\u00b7l\u00edcula, que, per la seua estructura, b\u00e9 podria considerar-se un western urb\u00e0. Despr\u00e9s de 40 anys, el protagonista (Pierfrancesco Favino) torna a la seua ciutat natal per<\/span> <span style=\"font-weight: 400;\">veure a la seua mare, per\u00f2 all\u00ed prompte descobrir\u00e0 que el passat t\u00e9 comptes <\/span><span style=\"font-weight: 400;\">a<\/span><span style=\"font-weight: 400;\"> ajustar amb ell.<\/span><\/p>\n","protected":false},"excerpt":{"rendered":"<p>La diversitat sexual, la maternitat en solitari com a estigma, la viol\u00e8ncia policial i una Maria Magdalena afroamericana i envellida protagonitzen les noves pel\u00b7l\u00edcules en [&hellip;]<\/p>\n","protected":false},"author":1,"featured_media":14669,"comment_status":"open","ping_status":"open","sticky":false,"template":"","format":"standard","meta":{"_uag_custom_page_level_css":"","_jet_sm_ready_style":"","_jet_sm_style":"","_jet_sm_controls_values":"","_jet_sm_fonts_collection":"","_jet_sm_fonts_links":"","footnotes":""},"categories":[455],"tags":[],"class_list":["post-14685","post","type-post","status-publish","format-standard","has-post-thumbnail","hentry","category-noticies"],"yoast_head":"<!-- This site is optimized with the Yoast SEO plugin v27.5 - https:\/\/yoast.com\/product\/yoast-seo-wordpress\/ -->\n<title>Mario Martone i Damien Manivel se sumen a la lluita per la Palmera d&#039;Or de la Mostra de Val\u00e8ncia - Mostra de Val\u00e8ncia<\/title>\n<meta name=\"robots\" content=\"index, follow, max-snippet:-1, max-image-preview:large, max-video-preview:-1\" \/>\n<link rel=\"canonical\" href=\"https:\/\/lamostradevalencia.com\/ca\/mario-martone-i-damien-manivel-se-sumen-a-la-lluita-per-la-palmera-dor-de-la-mostra-de-valencia\/\" \/>\n<meta property=\"og:locale\" content=\"ca_ES\" \/>\n<meta property=\"og:type\" content=\"article\" \/>\n<meta property=\"og:title\" content=\"Mario Martone i Damien Manivel se sumen a la lluita per la Palmera d&#039;Or de la Mostra de Val\u00e8ncia - Mostra de Val\u00e8ncia\" \/>\n<meta property=\"og:description\" content=\"La diversitat sexual, la maternitat en solitari com a estigma, la viol\u00e8ncia policial i una Maria Magdalena afroamericana i envellida protagonitzen les noves pel\u00b7l\u00edcules en [&hellip;]\" \/>\n<meta property=\"og:url\" content=\"https:\/\/lamostradevalencia.com\/ca\/mario-martone-i-damien-manivel-se-sumen-a-la-lluita-per-la-palmera-dor-de-la-mostra-de-valencia\/\" \/>\n<meta property=\"og:site_name\" content=\"Mostra de Val\u00e8ncia\" \/>\n<meta property=\"article:published_time\" content=\"2022-09-15T23:11:59+00:00\" \/>\n<meta property=\"article:modified_time\" content=\"2022-09-16T09:17:04+00:00\" \/>\n<meta property=\"og:image\" content=\"https:\/\/lamostradevalencia.com\/wp-content\/uploads\/2022\/09\/seccionoficial2_1200.jpg\" \/>\n\t<meta property=\"og:image:width\" content=\"1200\" \/>\n\t<meta property=\"og:image:height\" content=\"900\" \/>\n\t<meta property=\"og:image:type\" content=\"image\/jpeg\" \/>\n<meta name=\"author\" content=\"Mostra de Val\u00e8ncia\" \/>\n<meta name=\"twitter:card\" content=\"summary_large_image\" \/>\n<meta name=\"twitter:label1\" content=\"Escrit per\" \/>\n\t<meta name=\"twitter:data1\" content=\"Mostra de Val\u00e8ncia\" \/>\n\t<meta name=\"twitter:label2\" content=\"Temps estimat de lectura\" \/>\n\t<meta name=\"twitter:data2\" content=\"6 minuts\" \/>\n<script type=\"application\/ld+json\" class=\"yoast-schema-graph\">{\"@context\":\"https:\\\/\\\/schema.org\",\"@graph\":[{\"@type\":\"Article\",\"@id\":\"https:\\\/\\\/lamostradevalencia.com\\\/ca\\\/mario-martone-i-damien-manivel-se-sumen-a-la-lluita-per-la-palmera-dor-de-la-mostra-de-valencia\\\/#article\",\"isPartOf\":{\"@id\":\"https:\\\/\\\/lamostradevalencia.com\\\/ca\\\/mario-martone-i-damien-manivel-se-sumen-a-la-lluita-per-la-palmera-dor-de-la-mostra-de-valencia\\\/\"},\"author\":{\"name\":\"Mostra de Val\u00e8ncia\",\"@id\":\"https:\\\/\\\/lamostradevalencia.com\\\/ca\\\/#\\\/schema\\\/person\\\/1dc07e4df3d6310b81d2cdf6a034070c\"},\"headline\":\"Mario Martone i Damien Manivel se sumen a la lluita per la Palmera d&#8217;Or de la Mostra de Val\u00e8ncia\",\"datePublished\":\"2022-09-15T23:11:59+00:00\",\"dateModified\":\"2022-09-16T09:17:04+00:00\",\"mainEntityOfPage\":{\"@id\":\"https:\\\/\\\/lamostradevalencia.com\\\/ca\\\/mario-martone-i-damien-manivel-se-sumen-a-la-lluita-per-la-palmera-dor-de-la-mostra-de-valencia\\\/\"},\"wordCount\":1235,\"commentCount\":0,\"image\":{\"@id\":\"https:\\\/\\\/lamostradevalencia.com\\\/ca\\\/mario-martone-i-damien-manivel-se-sumen-a-la-lluita-per-la-palmera-dor-de-la-mostra-de-valencia\\\/#primaryimage\"},\"thumbnailUrl\":\"https:\\\/\\\/lamostradevalencia.com\\\/wp-content\\\/uploads\\\/2022\\\/09\\\/seccionoficial2_1200.jpg\",\"articleSection\":[\"Noticies\"],\"inLanguage\":\"ca\",\"potentialAction\":[{\"@type\":\"CommentAction\",\"name\":\"Comment\",\"target\":[\"https:\\\/\\\/lamostradevalencia.com\\\/ca\\\/mario-martone-i-damien-manivel-se-sumen-a-la-lluita-per-la-palmera-dor-de-la-mostra-de-valencia\\\/#respond\"]}]},{\"@type\":\"WebPage\",\"@id\":\"https:\\\/\\\/lamostradevalencia.com\\\/ca\\\/mario-martone-i-damien-manivel-se-sumen-a-la-lluita-per-la-palmera-dor-de-la-mostra-de-valencia\\\/\",\"url\":\"https:\\\/\\\/lamostradevalencia.com\\\/ca\\\/mario-martone-i-damien-manivel-se-sumen-a-la-lluita-per-la-palmera-dor-de-la-mostra-de-valencia\\\/\",\"name\":\"Mario Martone i Damien Manivel se sumen a la lluita per la Palmera d'Or de la Mostra de Val\u00e8ncia - Mostra de Val\u00e8ncia\",\"isPartOf\":{\"@id\":\"https:\\\/\\\/lamostradevalencia.com\\\/ca\\\/#website\"},\"primaryImageOfPage\":{\"@id\":\"https:\\\/\\\/lamostradevalencia.com\\\/ca\\\/mario-martone-i-damien-manivel-se-sumen-a-la-lluita-per-la-palmera-dor-de-la-mostra-de-valencia\\\/#primaryimage\"},\"image\":{\"@id\":\"https:\\\/\\\/lamostradevalencia.com\\\/ca\\\/mario-martone-i-damien-manivel-se-sumen-a-la-lluita-per-la-palmera-dor-de-la-mostra-de-valencia\\\/#primaryimage\"},\"thumbnailUrl\":\"https:\\\/\\\/lamostradevalencia.com\\\/wp-content\\\/uploads\\\/2022\\\/09\\\/seccionoficial2_1200.jpg\",\"datePublished\":\"2022-09-15T23:11:59+00:00\",\"dateModified\":\"2022-09-16T09:17:04+00:00\",\"author\":{\"@id\":\"https:\\\/\\\/lamostradevalencia.com\\\/ca\\\/#\\\/schema\\\/person\\\/1dc07e4df3d6310b81d2cdf6a034070c\"},\"breadcrumb\":{\"@id\":\"https:\\\/\\\/lamostradevalencia.com\\\/ca\\\/mario-martone-i-damien-manivel-se-sumen-a-la-lluita-per-la-palmera-dor-de-la-mostra-de-valencia\\\/#breadcrumb\"},\"inLanguage\":\"ca\",\"potentialAction\":[{\"@type\":\"ReadAction\",\"target\":[\"https:\\\/\\\/lamostradevalencia.com\\\/ca\\\/mario-martone-i-damien-manivel-se-sumen-a-la-lluita-per-la-palmera-dor-de-la-mostra-de-valencia\\\/\"]}]},{\"@type\":\"ImageObject\",\"inLanguage\":\"ca\",\"@id\":\"https:\\\/\\\/lamostradevalencia.com\\\/ca\\\/mario-martone-i-damien-manivel-se-sumen-a-la-lluita-per-la-palmera-dor-de-la-mostra-de-valencia\\\/#primaryimage\",\"url\":\"https:\\\/\\\/lamostradevalencia.com\\\/wp-content\\\/uploads\\\/2022\\\/09\\\/seccionoficial2_1200.jpg\",\"contentUrl\":\"https:\\\/\\\/lamostradevalencia.com\\\/wp-content\\\/uploads\\\/2022\\\/09\\\/seccionoficial2_1200.jpg\",\"width\":1200,\"height\":900},{\"@type\":\"BreadcrumbList\",\"@id\":\"https:\\\/\\\/lamostradevalencia.com\\\/ca\\\/mario-martone-i-damien-manivel-se-sumen-a-la-lluita-per-la-palmera-dor-de-la-mostra-de-valencia\\\/#breadcrumb\",\"itemListElement\":[{\"@type\":\"ListItem\",\"position\":1,\"name\":\"Portada\",\"item\":\"https:\\\/\\\/lamostradevalencia.com\\\/ca\\\/\"},{\"@type\":\"ListItem\",\"position\":2,\"name\":\"Mario Martone i Damien Manivel se sumen a la lluita per la Palmera d&#8217;Or de la Mostra de Val\u00e8ncia\"}]},{\"@type\":\"WebSite\",\"@id\":\"https:\\\/\\\/lamostradevalencia.com\\\/ca\\\/#website\",\"url\":\"https:\\\/\\\/lamostradevalencia.com\\\/ca\\\/\",\"name\":\"Mostra de Val\u00e8ncia\",\"description\":\"Cinema del Mediterrani\",\"potentialAction\":[{\"@type\":\"SearchAction\",\"target\":{\"@type\":\"EntryPoint\",\"urlTemplate\":\"https:\\\/\\\/lamostradevalencia.com\\\/ca\\\/?s={search_term_string}\"},\"query-input\":{\"@type\":\"PropertyValueSpecification\",\"valueRequired\":true,\"valueName\":\"search_term_string\"}}],\"inLanguage\":\"ca\"},{\"@type\":\"Person\",\"@id\":\"https:\\\/\\\/lamostradevalencia.com\\\/ca\\\/#\\\/schema\\\/person\\\/1dc07e4df3d6310b81d2cdf6a034070c\",\"name\":\"Mostra de Val\u00e8ncia\",\"image\":{\"@type\":\"ImageObject\",\"inLanguage\":\"ca\",\"@id\":\"https:\\\/\\\/secure.gravatar.com\\\/avatar\\\/ada4dfd699a9907706987adb1bb2b361c2613ccca474b49b8c648de5208e32f8?s=96&d=mm&r=g\",\"url\":\"https:\\\/\\\/secure.gravatar.com\\\/avatar\\\/ada4dfd699a9907706987adb1bb2b361c2613ccca474b49b8c648de5208e32f8?s=96&d=mm&r=g\",\"contentUrl\":\"https:\\\/\\\/secure.gravatar.com\\\/avatar\\\/ada4dfd699a9907706987adb1bb2b361c2613ccca474b49b8c648de5208e32f8?s=96&d=mm&r=g\",\"caption\":\"Mostra de Val\u00e8ncia\"}}]}<\/script>\n<!-- \/ Yoast SEO plugin. -->","yoast_head_json":{"title":"Mario Martone i Damien Manivel se sumen a la lluita per la Palmera d'Or de la Mostra de Val\u00e8ncia - Mostra de Val\u00e8ncia","robots":{"index":"index","follow":"follow","max-snippet":"max-snippet:-1","max-image-preview":"max-image-preview:large","max-video-preview":"max-video-preview:-1"},"canonical":"https:\/\/lamostradevalencia.com\/ca\/mario-martone-i-damien-manivel-se-sumen-a-la-lluita-per-la-palmera-dor-de-la-mostra-de-valencia\/","og_locale":"ca_ES","og_type":"article","og_title":"Mario Martone i Damien Manivel se sumen a la lluita per la Palmera d'Or de la Mostra de Val\u00e8ncia - Mostra de Val\u00e8ncia","og_description":"La diversitat sexual, la maternitat en solitari com a estigma, la viol\u00e8ncia policial i una Maria Magdalena afroamericana i envellida protagonitzen les noves pel\u00b7l\u00edcules en [&hellip;]","og_url":"https:\/\/lamostradevalencia.com\/ca\/mario-martone-i-damien-manivel-se-sumen-a-la-lluita-per-la-palmera-dor-de-la-mostra-de-valencia\/","og_site_name":"Mostra de Val\u00e8ncia","article_published_time":"2022-09-15T23:11:59+00:00","article_modified_time":"2022-09-16T09:17:04+00:00","og_image":[{"width":1200,"height":900,"url":"https:\/\/lamostradevalencia.com\/wp-content\/uploads\/2022\/09\/seccionoficial2_1200.jpg","type":"image\/jpeg"}],"author":"Mostra de Val\u00e8ncia","twitter_card":"summary_large_image","twitter_misc":{"Escrit per":"Mostra de Val\u00e8ncia","Temps estimat de lectura":"6 minuts"},"schema":{"@context":"https:\/\/schema.org","@graph":[{"@type":"Article","@id":"https:\/\/lamostradevalencia.com\/ca\/mario-martone-i-damien-manivel-se-sumen-a-la-lluita-per-la-palmera-dor-de-la-mostra-de-valencia\/#article","isPartOf":{"@id":"https:\/\/lamostradevalencia.com\/ca\/mario-martone-i-damien-manivel-se-sumen-a-la-lluita-per-la-palmera-dor-de-la-mostra-de-valencia\/"},"author":{"name":"Mostra de Val\u00e8ncia","@id":"https:\/\/lamostradevalencia.com\/ca\/#\/schema\/person\/1dc07e4df3d6310b81d2cdf6a034070c"},"headline":"Mario Martone i Damien Manivel se sumen a la lluita per la Palmera d&#8217;Or de la Mostra de Val\u00e8ncia","datePublished":"2022-09-15T23:11:59+00:00","dateModified":"2022-09-16T09:17:04+00:00","mainEntityOfPage":{"@id":"https:\/\/lamostradevalencia.com\/ca\/mario-martone-i-damien-manivel-se-sumen-a-la-lluita-per-la-palmera-dor-de-la-mostra-de-valencia\/"},"wordCount":1235,"commentCount":0,"image":{"@id":"https:\/\/lamostradevalencia.com\/ca\/mario-martone-i-damien-manivel-se-sumen-a-la-lluita-per-la-palmera-dor-de-la-mostra-de-valencia\/#primaryimage"},"thumbnailUrl":"https:\/\/lamostradevalencia.com\/wp-content\/uploads\/2022\/09\/seccionoficial2_1200.jpg","articleSection":["Noticies"],"inLanguage":"ca","potentialAction":[{"@type":"CommentAction","name":"Comment","target":["https:\/\/lamostradevalencia.com\/ca\/mario-martone-i-damien-manivel-se-sumen-a-la-lluita-per-la-palmera-dor-de-la-mostra-de-valencia\/#respond"]}]},{"@type":"WebPage","@id":"https:\/\/lamostradevalencia.com\/ca\/mario-martone-i-damien-manivel-se-sumen-a-la-lluita-per-la-palmera-dor-de-la-mostra-de-valencia\/","url":"https:\/\/lamostradevalencia.com\/ca\/mario-martone-i-damien-manivel-se-sumen-a-la-lluita-per-la-palmera-dor-de-la-mostra-de-valencia\/","name":"Mario Martone i Damien Manivel se sumen a la lluita per la Palmera d'Or de la Mostra de Val\u00e8ncia - Mostra de Val\u00e8ncia","isPartOf":{"@id":"https:\/\/lamostradevalencia.com\/ca\/#website"},"primaryImageOfPage":{"@id":"https:\/\/lamostradevalencia.com\/ca\/mario-martone-i-damien-manivel-se-sumen-a-la-lluita-per-la-palmera-dor-de-la-mostra-de-valencia\/#primaryimage"},"image":{"@id":"https:\/\/lamostradevalencia.com\/ca\/mario-martone-i-damien-manivel-se-sumen-a-la-lluita-per-la-palmera-dor-de-la-mostra-de-valencia\/#primaryimage"},"thumbnailUrl":"https:\/\/lamostradevalencia.com\/wp-content\/uploads\/2022\/09\/seccionoficial2_1200.jpg","datePublished":"2022-09-15T23:11:59+00:00","dateModified":"2022-09-16T09:17:04+00:00","author":{"@id":"https:\/\/lamostradevalencia.com\/ca\/#\/schema\/person\/1dc07e4df3d6310b81d2cdf6a034070c"},"breadcrumb":{"@id":"https:\/\/lamostradevalencia.com\/ca\/mario-martone-i-damien-manivel-se-sumen-a-la-lluita-per-la-palmera-dor-de-la-mostra-de-valencia\/#breadcrumb"},"inLanguage":"ca","potentialAction":[{"@type":"ReadAction","target":["https:\/\/lamostradevalencia.com\/ca\/mario-martone-i-damien-manivel-se-sumen-a-la-lluita-per-la-palmera-dor-de-la-mostra-de-valencia\/"]}]},{"@type":"ImageObject","inLanguage":"ca","@id":"https:\/\/lamostradevalencia.com\/ca\/mario-martone-i-damien-manivel-se-sumen-a-la-lluita-per-la-palmera-dor-de-la-mostra-de-valencia\/#primaryimage","url":"https:\/\/lamostradevalencia.com\/wp-content\/uploads\/2022\/09\/seccionoficial2_1200.jpg","contentUrl":"https:\/\/lamostradevalencia.com\/wp-content\/uploads\/2022\/09\/seccionoficial2_1200.jpg","width":1200,"height":900},{"@type":"BreadcrumbList","@id":"https:\/\/lamostradevalencia.com\/ca\/mario-martone-i-damien-manivel-se-sumen-a-la-lluita-per-la-palmera-dor-de-la-mostra-de-valencia\/#breadcrumb","itemListElement":[{"@type":"ListItem","position":1,"name":"Portada","item":"https:\/\/lamostradevalencia.com\/ca\/"},{"@type":"ListItem","position":2,"name":"Mario Martone i Damien Manivel se sumen a la lluita per la Palmera d&#8217;Or de la Mostra de Val\u00e8ncia"}]},{"@type":"WebSite","@id":"https:\/\/lamostradevalencia.com\/ca\/#website","url":"https:\/\/lamostradevalencia.com\/ca\/","name":"Mostra de Val\u00e8ncia","description":"Cinema del Mediterrani","potentialAction":[{"@type":"SearchAction","target":{"@type":"EntryPoint","urlTemplate":"https:\/\/lamostradevalencia.com\/ca\/?s={search_term_string}"},"query-input":{"@type":"PropertyValueSpecification","valueRequired":true,"valueName":"search_term_string"}}],"inLanguage":"ca"},{"@type":"Person","@id":"https:\/\/lamostradevalencia.com\/ca\/#\/schema\/person\/1dc07e4df3d6310b81d2cdf6a034070c","name":"Mostra de Val\u00e8ncia","image":{"@type":"ImageObject","inLanguage":"ca","@id":"https:\/\/secure.gravatar.com\/avatar\/ada4dfd699a9907706987adb1bb2b361c2613ccca474b49b8c648de5208e32f8?s=96&d=mm&r=g","url":"https:\/\/secure.gravatar.com\/avatar\/ada4dfd699a9907706987adb1bb2b361c2613ccca474b49b8c648de5208e32f8?s=96&d=mm&r=g","contentUrl":"https:\/\/secure.gravatar.com\/avatar\/ada4dfd699a9907706987adb1bb2b361c2613ccca474b49b8c648de5208e32f8?s=96&d=mm&r=g","caption":"Mostra de Val\u00e8ncia"}}]}},"uagb_featured_image_src":{"full":["https:\/\/lamostradevalencia.com\/wp-content\/uploads\/2022\/09\/seccionoficial2_1200.jpg",1200,900,false],"thumbnail":["https:\/\/lamostradevalencia.com\/wp-content\/uploads\/2022\/09\/seccionoficial2_1200-150x150.jpg",150,150,true],"medium":["https:\/\/lamostradevalencia.com\/wp-content\/uploads\/2022\/09\/seccionoficial2_1200-300x225.jpg",300,225,true],"medium_large":["https:\/\/lamostradevalencia.com\/wp-content\/uploads\/2022\/09\/seccionoficial2_1200-768x576.jpg",768,576,true],"large":["https:\/\/lamostradevalencia.com\/wp-content\/uploads\/2022\/09\/seccionoficial2_1200-1024x768.jpg",1024,768,true],"1536x1536":["https:\/\/lamostradevalencia.com\/wp-content\/uploads\/2022\/09\/seccionoficial2_1200.jpg",1200,900,false],"2048x2048":["https:\/\/lamostradevalencia.com\/wp-content\/uploads\/2022\/09\/seccionoficial2_1200.jpg",1200,900,false],"cinerama_edge_image_square":["https:\/\/lamostradevalencia.com\/wp-content\/uploads\/2022\/09\/seccionoficial2_1200-550x550.jpg",550,550,true],"cinerama_edge_image_landscape":["https:\/\/lamostradevalencia.com\/wp-content\/uploads\/2022\/09\/seccionoficial2_1200-1100x550.jpg",1100,550,true],"cinerama_edge_image_portrait":["https:\/\/lamostradevalencia.com\/wp-content\/uploads\/2022\/09\/seccionoficial2_1200-550x900.jpg",550,900,true],"cinerama_edge_image_huge":["https:\/\/lamostradevalencia.com\/wp-content\/uploads\/2022\/09\/seccionoficial2_1200-1100x900.jpg",1100,900,true],"gform-image-choice-sm":["https:\/\/lamostradevalencia.com\/wp-content\/uploads\/2022\/09\/seccionoficial2_1200.jpg",300,225,false],"gform-image-choice-md":["https:\/\/lamostradevalencia.com\/wp-content\/uploads\/2022\/09\/seccionoficial2_1200.jpg",400,300,false],"gform-image-choice-lg":["https:\/\/lamostradevalencia.com\/wp-content\/uploads\/2022\/09\/seccionoficial2_1200.jpg",600,450,false]},"uagb_author_info":{"display_name":"Mostra de Val\u00e8ncia","author_link":"https:\/\/lamostradevalencia.com\/ca\/author\/mostravalencia\/"},"uagb_comment_info":0,"uagb_excerpt":"La diversitat sexual, la maternitat en solitari com a estigma, la viol\u00e8ncia policial i una Maria Magdalena afroamericana i envellida protagonitzen les noves pel\u00b7l\u00edcules en [&hellip;]","_links":{"self":[{"href":"https:\/\/lamostradevalencia.com\/ca\/wp-json\/wp\/v2\/posts\/14685","targetHints":{"allow":["GET"]}}],"collection":[{"href":"https:\/\/lamostradevalencia.com\/ca\/wp-json\/wp\/v2\/posts"}],"about":[{"href":"https:\/\/lamostradevalencia.com\/ca\/wp-json\/wp\/v2\/types\/post"}],"author":[{"embeddable":true,"href":"https:\/\/lamostradevalencia.com\/ca\/wp-json\/wp\/v2\/users\/1"}],"replies":[{"embeddable":true,"href":"https:\/\/lamostradevalencia.com\/ca\/wp-json\/wp\/v2\/comments?post=14685"}],"version-history":[{"count":8,"href":"https:\/\/lamostradevalencia.com\/ca\/wp-json\/wp\/v2\/posts\/14685\/revisions"}],"predecessor-version":[{"id":14721,"href":"https:\/\/lamostradevalencia.com\/ca\/wp-json\/wp\/v2\/posts\/14685\/revisions\/14721"}],"wp:featuredmedia":[{"embeddable":true,"href":"https:\/\/lamostradevalencia.com\/ca\/wp-json\/wp\/v2\/media\/14669"}],"wp:attachment":[{"href":"https:\/\/lamostradevalencia.com\/ca\/wp-json\/wp\/v2\/media?parent=14685"}],"wp:term":[{"taxonomy":"category","embeddable":true,"href":"https:\/\/lamostradevalencia.com\/ca\/wp-json\/wp\/v2\/categories?post=14685"},{"taxonomy":"post_tag","embeddable":true,"href":"https:\/\/lamostradevalencia.com\/ca\/wp-json\/wp\/v2\/tags?post=14685"}],"curies":[{"name":"wp","href":"https:\/\/api.w.org\/{rel}","templated":true}]}}