{"id":14533,"date":"2022-09-15T15:24:44","date_gmt":"2022-09-15T13:24:44","guid":{"rendered":"https:\/\/lamostradevalencia.com\/?p=14533"},"modified":"2022-09-15T15:31:01","modified_gmt":"2022-09-15T13:31:01","slug":"vasil-lopera-prima-de-la-valenciana-avelina-prat-amb-karra-elejalde-alexandra-jimenez-i-susi-sanchez-recalara-en-la-mostra","status":"publish","type":"post","link":"https:\/\/lamostradevalencia.com\/ca\/vasil-lopera-prima-de-la-valenciana-avelina-prat-amb-karra-elejalde-alexandra-jimenez-i-susi-sanchez-recalara-en-la-mostra\/","title":{"rendered":"\u2018Vasil\u2019, l&#8217;\u00f2pera prima de la valenciana Avelina Prat, amb Karra Elejalde, Alexandra Jim\u00e9nez i Susi S\u00e1nchez, recalar\u00e0 en la Mostra"},"content":{"rendered":"<p><span style=\"font-weight: 400;\">L&#8217;\u00f2pera prima de la valenciana <\/span><b>Avelina Prat<\/b><span style=\"font-weight: 400;\">, <\/span><b>\u2018Vasil\u2019,<\/b><span style=\"font-weight: 400;\"> recalar\u00e0 este octubre en La Mostra en una secci\u00f3 especial fora de concurs. Una rondalla contempor\u00e0nia que narra la hist\u00f2ria d&#8217;unimmigrant que arriba a Espanya protagonitzada pel b\u00falgar Ivan Barnev, els espanyols Karra Elejalde, Alexandra Jim\u00e9nez i Susi S\u00e1nchez, i la brit\u00e0nica Sue Flack. \u201cUn film meravell\u00f3s, delicat, que roman en la mem\u00f2ria de l&#8217;espectador\u201d segons paraules d&#8217;Isabel Coixet, i en el qual podrem veure a l&#8217;actor Karra Elejalde \u201cen el millor paper de la seua carrera\u201d.<\/span><\/p>\n<p><span style=\"font-weight: 400;\">El llargmetratge amb el qual debuta Prat tindr\u00e0 la seua estrena mundial dins del marc del Festival Internacional de Vars\u00f2via per a participar despr\u00e9s en la SEMINCI i finalment arribar a Val\u00e8ncia, la ciutat on es va rodar. El projecte, el gui\u00f3 del qual s&#8217;inspira en una experi\u00e8ncia personal de la directora, va ser impulsat des de la seua concepci\u00f3 per programes i festivals nacionals i internacionals com la Berlinale Talents 2018, on va ser un dels 10 projectes seleccionats en la secci\u00f3 Script Station entre m\u00e9s de 500 propostes de tot el m\u00f3n.<\/span><\/p>\n<p><span style=\"font-weight: 400;\">Amb un marcat segell personal de subtil delicadesa i vocaci\u00f3 internacional, produ\u00eft per Distinto Films (\u2018El Gran V\u00e1zquez\u2019,\u00a0 \u2018Los ni\u00f1os salvajes\u2019) al costat d\u2019Activist 38 des de Bulg\u00e0ria (\u2018Women Do Cry\u2019, \u2018Cat In The Wall\u2019), \u2019Vasil\u2019 arribar\u00e0 als cinemes el pr\u00f2xim 4 de novembre de la m\u00e0 de Filmax.<\/span><br \/>\n<iframe loading=\"lazy\" title=\"YouTube video player\" src=\"https:\/\/www.youtube.com\/embed\/HwdfhVD2ipM\" width=\"560\" height=\"315\" frameborder=\"0\" allowfullscreen=\"allowfullscreen\"><\/iframe><\/p>\n","protected":false},"excerpt":{"rendered":"<p>L&#8217;\u00f2pera prima de la valenciana Avelina Prat, \u2018Vasil\u2019, recalar\u00e0 este octubre en La Mostra en una secci\u00f3 especial fora de concurs. Una rondalla contempor\u00e0nia que [&hellip;]<\/p>\n","protected":false},"author":1,"featured_media":14527,"comment_status":"open","ping_status":"open","sticky":false,"template":"","format":"standard","meta":{"_uag_custom_page_level_css":"","_jet_sm_ready_style":"","_jet_sm_style":"","_jet_sm_controls_values":"","_jet_sm_fonts_collection":"","_jet_sm_fonts_links":"","footnotes":""},"categories":[455],"tags":[],"class_list":["post-14533","post","type-post","status-publish","format-standard","has-post-thumbnail","hentry","category-noticies"],"yoast_head":"<!-- This site is optimized with the Yoast SEO plugin v27.5 - https:\/\/yoast.com\/product\/yoast-seo-wordpress\/ -->\n<title>\u2018Vasil\u2019, l&#039;\u00f2pera prima de la valenciana Avelina Prat, amb Karra Elejalde, Alexandra Jim\u00e9nez i Susi S\u00e1nchez, recalar\u00e0 en la Mostra - Mostra de Val\u00e8ncia<\/title>\n<meta name=\"robots\" content=\"index, follow, max-snippet:-1, max-image-preview:large, max-video-preview:-1\" \/>\n<link rel=\"canonical\" href=\"https:\/\/lamostradevalencia.com\/ca\/vasil-lopera-prima-de-la-valenciana-avelina-prat-amb-karra-elejalde-alexandra-jimenez-i-susi-sanchez-recalara-en-la-mostra\/\" \/>\n<meta property=\"og:locale\" content=\"ca_ES\" \/>\n<meta property=\"og:type\" content=\"article\" \/>\n<meta property=\"og:title\" content=\"\u2018Vasil\u2019, l&#039;\u00f2pera prima de la valenciana Avelina Prat, amb Karra Elejalde, Alexandra Jim\u00e9nez i Susi S\u00e1nchez, recalar\u00e0 en la Mostra - Mostra de Val\u00e8ncia\" \/>\n<meta property=\"og:description\" content=\"L&#8217;\u00f2pera prima de la valenciana Avelina Prat, \u2018Vasil\u2019, recalar\u00e0 este octubre en La Mostra en una secci\u00f3 especial fora de concurs. Una rondalla contempor\u00e0nia que [&hellip;]\" \/>\n<meta property=\"og:url\" content=\"https:\/\/lamostradevalencia.com\/ca\/vasil-lopera-prima-de-la-valenciana-avelina-prat-amb-karra-elejalde-alexandra-jimenez-i-susi-sanchez-recalara-en-la-mostra\/\" \/>\n<meta property=\"og:site_name\" content=\"Mostra de Val\u00e8ncia\" \/>\n<meta property=\"article:published_time\" content=\"2022-09-15T13:24:44+00:00\" \/>\n<meta property=\"article:modified_time\" content=\"2022-09-15T13:31:01+00:00\" \/>\n<meta property=\"og:image\" content=\"https:\/\/lamostradevalencia.com\/wp-content\/uploads\/2022\/09\/Vasil-1.jpg\" \/>\n\t<meta property=\"og:image:width\" content=\"1280\" \/>\n\t<meta property=\"og:image:height\" content=\"720\" \/>\n\t<meta property=\"og:image:type\" content=\"image\/jpeg\" \/>\n<meta name=\"author\" content=\"Mostra de Val\u00e8ncia\" \/>\n<meta name=\"twitter:card\" content=\"summary_large_image\" \/>\n<meta name=\"twitter:label1\" content=\"Escrit per\" \/>\n\t<meta name=\"twitter:data1\" content=\"Mostra de Val\u00e8ncia\" \/>\n\t<meta name=\"twitter:label2\" content=\"Temps estimat de lectura\" \/>\n\t<meta name=\"twitter:data2\" content=\"1 minut\" \/>\n<script type=\"application\/ld+json\" class=\"yoast-schema-graph\">{\"@context\":\"https:\\\/\\\/schema.org\",\"@graph\":[{\"@type\":\"Article\",\"@id\":\"https:\\\/\\\/lamostradevalencia.com\\\/ca\\\/vasil-lopera-prima-de-la-valenciana-avelina-prat-amb-karra-elejalde-alexandra-jimenez-i-susi-sanchez-recalara-en-la-mostra\\\/#article\",\"isPartOf\":{\"@id\":\"https:\\\/\\\/lamostradevalencia.com\\\/ca\\\/vasil-lopera-prima-de-la-valenciana-avelina-prat-amb-karra-elejalde-alexandra-jimenez-i-susi-sanchez-recalara-en-la-mostra\\\/\"},\"author\":{\"name\":\"Mostra de Val\u00e8ncia\",\"@id\":\"https:\\\/\\\/lamostradevalencia.com\\\/ca\\\/#\\\/schema\\\/person\\\/1dc07e4df3d6310b81d2cdf6a034070c\"},\"headline\":\"\u2018Vasil\u2019, l&#8217;\u00f2pera prima de la valenciana Avelina Prat, amb Karra Elejalde, Alexandra Jim\u00e9nez i Susi S\u00e1nchez, recalar\u00e0 en la Mostra\",\"datePublished\":\"2022-09-15T13:24:44+00:00\",\"dateModified\":\"2022-09-15T13:31:01+00:00\",\"mainEntityOfPage\":{\"@id\":\"https:\\\/\\\/lamostradevalencia.com\\\/ca\\\/vasil-lopera-prima-de-la-valenciana-avelina-prat-amb-karra-elejalde-alexandra-jimenez-i-susi-sanchez-recalara-en-la-mostra\\\/\"},\"wordCount\":272,\"commentCount\":0,\"image\":{\"@id\":\"https:\\\/\\\/lamostradevalencia.com\\\/ca\\\/vasil-lopera-prima-de-la-valenciana-avelina-prat-amb-karra-elejalde-alexandra-jimenez-i-susi-sanchez-recalara-en-la-mostra\\\/#primaryimage\"},\"thumbnailUrl\":\"https:\\\/\\\/lamostradevalencia.com\\\/wp-content\\\/uploads\\\/2022\\\/09\\\/Vasil-1.jpg\",\"articleSection\":[\"Noticies\"],\"inLanguage\":\"ca\",\"potentialAction\":[{\"@type\":\"CommentAction\",\"name\":\"Comment\",\"target\":[\"https:\\\/\\\/lamostradevalencia.com\\\/ca\\\/vasil-lopera-prima-de-la-valenciana-avelina-prat-amb-karra-elejalde-alexandra-jimenez-i-susi-sanchez-recalara-en-la-mostra\\\/#respond\"]}]},{\"@type\":\"WebPage\",\"@id\":\"https:\\\/\\\/lamostradevalencia.com\\\/ca\\\/vasil-lopera-prima-de-la-valenciana-avelina-prat-amb-karra-elejalde-alexandra-jimenez-i-susi-sanchez-recalara-en-la-mostra\\\/\",\"url\":\"https:\\\/\\\/lamostradevalencia.com\\\/ca\\\/vasil-lopera-prima-de-la-valenciana-avelina-prat-amb-karra-elejalde-alexandra-jimenez-i-susi-sanchez-recalara-en-la-mostra\\\/\",\"name\":\"\u2018Vasil\u2019, l'\u00f2pera prima de la valenciana Avelina Prat, amb Karra Elejalde, Alexandra Jim\u00e9nez i Susi S\u00e1nchez, recalar\u00e0 en la Mostra - Mostra de Val\u00e8ncia\",\"isPartOf\":{\"@id\":\"https:\\\/\\\/lamostradevalencia.com\\\/ca\\\/#website\"},\"primaryImageOfPage\":{\"@id\":\"https:\\\/\\\/lamostradevalencia.com\\\/ca\\\/vasil-lopera-prima-de-la-valenciana-avelina-prat-amb-karra-elejalde-alexandra-jimenez-i-susi-sanchez-recalara-en-la-mostra\\\/#primaryimage\"},\"image\":{\"@id\":\"https:\\\/\\\/lamostradevalencia.com\\\/ca\\\/vasil-lopera-prima-de-la-valenciana-avelina-prat-amb-karra-elejalde-alexandra-jimenez-i-susi-sanchez-recalara-en-la-mostra\\\/#primaryimage\"},\"thumbnailUrl\":\"https:\\\/\\\/lamostradevalencia.com\\\/wp-content\\\/uploads\\\/2022\\\/09\\\/Vasil-1.jpg\",\"datePublished\":\"2022-09-15T13:24:44+00:00\",\"dateModified\":\"2022-09-15T13:31:01+00:00\",\"author\":{\"@id\":\"https:\\\/\\\/lamostradevalencia.com\\\/ca\\\/#\\\/schema\\\/person\\\/1dc07e4df3d6310b81d2cdf6a034070c\"},\"breadcrumb\":{\"@id\":\"https:\\\/\\\/lamostradevalencia.com\\\/ca\\\/vasil-lopera-prima-de-la-valenciana-avelina-prat-amb-karra-elejalde-alexandra-jimenez-i-susi-sanchez-recalara-en-la-mostra\\\/#breadcrumb\"},\"inLanguage\":\"ca\",\"potentialAction\":[{\"@type\":\"ReadAction\",\"target\":[\"https:\\\/\\\/lamostradevalencia.com\\\/ca\\\/vasil-lopera-prima-de-la-valenciana-avelina-prat-amb-karra-elejalde-alexandra-jimenez-i-susi-sanchez-recalara-en-la-mostra\\\/\"]}]},{\"@type\":\"ImageObject\",\"inLanguage\":\"ca\",\"@id\":\"https:\\\/\\\/lamostradevalencia.com\\\/ca\\\/vasil-lopera-prima-de-la-valenciana-avelina-prat-amb-karra-elejalde-alexandra-jimenez-i-susi-sanchez-recalara-en-la-mostra\\\/#primaryimage\",\"url\":\"https:\\\/\\\/lamostradevalencia.com\\\/wp-content\\\/uploads\\\/2022\\\/09\\\/Vasil-1.jpg\",\"contentUrl\":\"https:\\\/\\\/lamostradevalencia.com\\\/wp-content\\\/uploads\\\/2022\\\/09\\\/Vasil-1.jpg\",\"width\":1280,\"height\":720},{\"@type\":\"BreadcrumbList\",\"@id\":\"https:\\\/\\\/lamostradevalencia.com\\\/ca\\\/vasil-lopera-prima-de-la-valenciana-avelina-prat-amb-karra-elejalde-alexandra-jimenez-i-susi-sanchez-recalara-en-la-mostra\\\/#breadcrumb\",\"itemListElement\":[{\"@type\":\"ListItem\",\"position\":1,\"name\":\"Portada\",\"item\":\"https:\\\/\\\/lamostradevalencia.com\\\/ca\\\/\"},{\"@type\":\"ListItem\",\"position\":2,\"name\":\"\u2018Vasil\u2019, l&#8217;\u00f2pera prima de la valenciana Avelina Prat, amb Karra Elejalde, Alexandra Jim\u00e9nez i Susi S\u00e1nchez, recalar\u00e0 en la Mostra\"}]},{\"@type\":\"WebSite\",\"@id\":\"https:\\\/\\\/lamostradevalencia.com\\\/ca\\\/#website\",\"url\":\"https:\\\/\\\/lamostradevalencia.com\\\/ca\\\/\",\"name\":\"Mostra de Val\u00e8ncia\",\"description\":\"Cinema del Mediterrani\",\"potentialAction\":[{\"@type\":\"SearchAction\",\"target\":{\"@type\":\"EntryPoint\",\"urlTemplate\":\"https:\\\/\\\/lamostradevalencia.com\\\/ca\\\/?s={search_term_string}\"},\"query-input\":{\"@type\":\"PropertyValueSpecification\",\"valueRequired\":true,\"valueName\":\"search_term_string\"}}],\"inLanguage\":\"ca\"},{\"@type\":\"Person\",\"@id\":\"https:\\\/\\\/lamostradevalencia.com\\\/ca\\\/#\\\/schema\\\/person\\\/1dc07e4df3d6310b81d2cdf6a034070c\",\"name\":\"Mostra de Val\u00e8ncia\",\"image\":{\"@type\":\"ImageObject\",\"inLanguage\":\"ca\",\"@id\":\"https:\\\/\\\/secure.gravatar.com\\\/avatar\\\/ada4dfd699a9907706987adb1bb2b361c2613ccca474b49b8c648de5208e32f8?s=96&d=mm&r=g\",\"url\":\"https:\\\/\\\/secure.gravatar.com\\\/avatar\\\/ada4dfd699a9907706987adb1bb2b361c2613ccca474b49b8c648de5208e32f8?s=96&d=mm&r=g\",\"contentUrl\":\"https:\\\/\\\/secure.gravatar.com\\\/avatar\\\/ada4dfd699a9907706987adb1bb2b361c2613ccca474b49b8c648de5208e32f8?s=96&d=mm&r=g\",\"caption\":\"Mostra de Val\u00e8ncia\"}}]}<\/script>\n<!-- \/ Yoast SEO plugin. -->","yoast_head_json":{"title":"\u2018Vasil\u2019, l'\u00f2pera prima de la valenciana Avelina Prat, amb Karra Elejalde, Alexandra Jim\u00e9nez i Susi S\u00e1nchez, recalar\u00e0 en la Mostra - Mostra de Val\u00e8ncia","robots":{"index":"index","follow":"follow","max-snippet":"max-snippet:-1","max-image-preview":"max-image-preview:large","max-video-preview":"max-video-preview:-1"},"canonical":"https:\/\/lamostradevalencia.com\/ca\/vasil-lopera-prima-de-la-valenciana-avelina-prat-amb-karra-elejalde-alexandra-jimenez-i-susi-sanchez-recalara-en-la-mostra\/","og_locale":"ca_ES","og_type":"article","og_title":"\u2018Vasil\u2019, l'\u00f2pera prima de la valenciana Avelina Prat, amb Karra Elejalde, Alexandra Jim\u00e9nez i Susi S\u00e1nchez, recalar\u00e0 en la Mostra - Mostra de Val\u00e8ncia","og_description":"L&#8217;\u00f2pera prima de la valenciana Avelina Prat, \u2018Vasil\u2019, recalar\u00e0 este octubre en La Mostra en una secci\u00f3 especial fora de concurs. Una rondalla contempor\u00e0nia que [&hellip;]","og_url":"https:\/\/lamostradevalencia.com\/ca\/vasil-lopera-prima-de-la-valenciana-avelina-prat-amb-karra-elejalde-alexandra-jimenez-i-susi-sanchez-recalara-en-la-mostra\/","og_site_name":"Mostra de Val\u00e8ncia","article_published_time":"2022-09-15T13:24:44+00:00","article_modified_time":"2022-09-15T13:31:01+00:00","og_image":[{"width":1280,"height":720,"url":"https:\/\/lamostradevalencia.com\/wp-content\/uploads\/2022\/09\/Vasil-1.jpg","type":"image\/jpeg"}],"author":"Mostra de Val\u00e8ncia","twitter_card":"summary_large_image","twitter_misc":{"Escrit per":"Mostra de Val\u00e8ncia","Temps estimat de lectura":"1 minut"},"schema":{"@context":"https:\/\/schema.org","@graph":[{"@type":"Article","@id":"https:\/\/lamostradevalencia.com\/ca\/vasil-lopera-prima-de-la-valenciana-avelina-prat-amb-karra-elejalde-alexandra-jimenez-i-susi-sanchez-recalara-en-la-mostra\/#article","isPartOf":{"@id":"https:\/\/lamostradevalencia.com\/ca\/vasil-lopera-prima-de-la-valenciana-avelina-prat-amb-karra-elejalde-alexandra-jimenez-i-susi-sanchez-recalara-en-la-mostra\/"},"author":{"name":"Mostra de Val\u00e8ncia","@id":"https:\/\/lamostradevalencia.com\/ca\/#\/schema\/person\/1dc07e4df3d6310b81d2cdf6a034070c"},"headline":"\u2018Vasil\u2019, l&#8217;\u00f2pera prima de la valenciana Avelina Prat, amb Karra Elejalde, Alexandra Jim\u00e9nez i Susi S\u00e1nchez, recalar\u00e0 en la Mostra","datePublished":"2022-09-15T13:24:44+00:00","dateModified":"2022-09-15T13:31:01+00:00","mainEntityOfPage":{"@id":"https:\/\/lamostradevalencia.com\/ca\/vasil-lopera-prima-de-la-valenciana-avelina-prat-amb-karra-elejalde-alexandra-jimenez-i-susi-sanchez-recalara-en-la-mostra\/"},"wordCount":272,"commentCount":0,"image":{"@id":"https:\/\/lamostradevalencia.com\/ca\/vasil-lopera-prima-de-la-valenciana-avelina-prat-amb-karra-elejalde-alexandra-jimenez-i-susi-sanchez-recalara-en-la-mostra\/#primaryimage"},"thumbnailUrl":"https:\/\/lamostradevalencia.com\/wp-content\/uploads\/2022\/09\/Vasil-1.jpg","articleSection":["Noticies"],"inLanguage":"ca","potentialAction":[{"@type":"CommentAction","name":"Comment","target":["https:\/\/lamostradevalencia.com\/ca\/vasil-lopera-prima-de-la-valenciana-avelina-prat-amb-karra-elejalde-alexandra-jimenez-i-susi-sanchez-recalara-en-la-mostra\/#respond"]}]},{"@type":"WebPage","@id":"https:\/\/lamostradevalencia.com\/ca\/vasil-lopera-prima-de-la-valenciana-avelina-prat-amb-karra-elejalde-alexandra-jimenez-i-susi-sanchez-recalara-en-la-mostra\/","url":"https:\/\/lamostradevalencia.com\/ca\/vasil-lopera-prima-de-la-valenciana-avelina-prat-amb-karra-elejalde-alexandra-jimenez-i-susi-sanchez-recalara-en-la-mostra\/","name":"\u2018Vasil\u2019, l'\u00f2pera prima de la valenciana Avelina Prat, amb Karra Elejalde, Alexandra Jim\u00e9nez i Susi S\u00e1nchez, recalar\u00e0 en la Mostra - Mostra de Val\u00e8ncia","isPartOf":{"@id":"https:\/\/lamostradevalencia.com\/ca\/#website"},"primaryImageOfPage":{"@id":"https:\/\/lamostradevalencia.com\/ca\/vasil-lopera-prima-de-la-valenciana-avelina-prat-amb-karra-elejalde-alexandra-jimenez-i-susi-sanchez-recalara-en-la-mostra\/#primaryimage"},"image":{"@id":"https:\/\/lamostradevalencia.com\/ca\/vasil-lopera-prima-de-la-valenciana-avelina-prat-amb-karra-elejalde-alexandra-jimenez-i-susi-sanchez-recalara-en-la-mostra\/#primaryimage"},"thumbnailUrl":"https:\/\/lamostradevalencia.com\/wp-content\/uploads\/2022\/09\/Vasil-1.jpg","datePublished":"2022-09-15T13:24:44+00:00","dateModified":"2022-09-15T13:31:01+00:00","author":{"@id":"https:\/\/lamostradevalencia.com\/ca\/#\/schema\/person\/1dc07e4df3d6310b81d2cdf6a034070c"},"breadcrumb":{"@id":"https:\/\/lamostradevalencia.com\/ca\/vasil-lopera-prima-de-la-valenciana-avelina-prat-amb-karra-elejalde-alexandra-jimenez-i-susi-sanchez-recalara-en-la-mostra\/#breadcrumb"},"inLanguage":"ca","potentialAction":[{"@type":"ReadAction","target":["https:\/\/lamostradevalencia.com\/ca\/vasil-lopera-prima-de-la-valenciana-avelina-prat-amb-karra-elejalde-alexandra-jimenez-i-susi-sanchez-recalara-en-la-mostra\/"]}]},{"@type":"ImageObject","inLanguage":"ca","@id":"https:\/\/lamostradevalencia.com\/ca\/vasil-lopera-prima-de-la-valenciana-avelina-prat-amb-karra-elejalde-alexandra-jimenez-i-susi-sanchez-recalara-en-la-mostra\/#primaryimage","url":"https:\/\/lamostradevalencia.com\/wp-content\/uploads\/2022\/09\/Vasil-1.jpg","contentUrl":"https:\/\/lamostradevalencia.com\/wp-content\/uploads\/2022\/09\/Vasil-1.jpg","width":1280,"height":720},{"@type":"BreadcrumbList","@id":"https:\/\/lamostradevalencia.com\/ca\/vasil-lopera-prima-de-la-valenciana-avelina-prat-amb-karra-elejalde-alexandra-jimenez-i-susi-sanchez-recalara-en-la-mostra\/#breadcrumb","itemListElement":[{"@type":"ListItem","position":1,"name":"Portada","item":"https:\/\/lamostradevalencia.com\/ca\/"},{"@type":"ListItem","position":2,"name":"\u2018Vasil\u2019, l&#8217;\u00f2pera prima de la valenciana Avelina Prat, amb Karra Elejalde, Alexandra Jim\u00e9nez i Susi S\u00e1nchez, recalar\u00e0 en la Mostra"}]},{"@type":"WebSite","@id":"https:\/\/lamostradevalencia.com\/ca\/#website","url":"https:\/\/lamostradevalencia.com\/ca\/","name":"Mostra de Val\u00e8ncia","description":"Cinema del Mediterrani","potentialAction":[{"@type":"SearchAction","target":{"@type":"EntryPoint","urlTemplate":"https:\/\/lamostradevalencia.com\/ca\/?s={search_term_string}"},"query-input":{"@type":"PropertyValueSpecification","valueRequired":true,"valueName":"search_term_string"}}],"inLanguage":"ca"},{"@type":"Person","@id":"https:\/\/lamostradevalencia.com\/ca\/#\/schema\/person\/1dc07e4df3d6310b81d2cdf6a034070c","name":"Mostra de Val\u00e8ncia","image":{"@type":"ImageObject","inLanguage":"ca","@id":"https:\/\/secure.gravatar.com\/avatar\/ada4dfd699a9907706987adb1bb2b361c2613ccca474b49b8c648de5208e32f8?s=96&d=mm&r=g","url":"https:\/\/secure.gravatar.com\/avatar\/ada4dfd699a9907706987adb1bb2b361c2613ccca474b49b8c648de5208e32f8?s=96&d=mm&r=g","contentUrl":"https:\/\/secure.gravatar.com\/avatar\/ada4dfd699a9907706987adb1bb2b361c2613ccca474b49b8c648de5208e32f8?s=96&d=mm&r=g","caption":"Mostra de Val\u00e8ncia"}}]}},"uagb_featured_image_src":{"full":["https:\/\/lamostradevalencia.com\/wp-content\/uploads\/2022\/09\/Vasil-1.jpg",1280,720,false],"thumbnail":["https:\/\/lamostradevalencia.com\/wp-content\/uploads\/2022\/09\/Vasil-1-150x150.jpg",150,150,true],"medium":["https:\/\/lamostradevalencia.com\/wp-content\/uploads\/2022\/09\/Vasil-1-300x169.jpg",300,169,true],"medium_large":["https:\/\/lamostradevalencia.com\/wp-content\/uploads\/2022\/09\/Vasil-1-768x432.jpg",768,432,true],"large":["https:\/\/lamostradevalencia.com\/wp-content\/uploads\/2022\/09\/Vasil-1-1024x576.jpg",1024,576,true],"1536x1536":["https:\/\/lamostradevalencia.com\/wp-content\/uploads\/2022\/09\/Vasil-1.jpg",1280,720,false],"2048x2048":["https:\/\/lamostradevalencia.com\/wp-content\/uploads\/2022\/09\/Vasil-1.jpg",1280,720,false],"cinerama_edge_image_square":["https:\/\/lamostradevalencia.com\/wp-content\/uploads\/2022\/09\/Vasil-1-550x550.jpg",550,550,true],"cinerama_edge_image_landscape":["https:\/\/lamostradevalencia.com\/wp-content\/uploads\/2022\/09\/Vasil-1-1100x550.jpg",1100,550,true],"cinerama_edge_image_portrait":["https:\/\/lamostradevalencia.com\/wp-content\/uploads\/2022\/09\/Vasil-1-550x720.jpg",550,720,true],"cinerama_edge_image_huge":["https:\/\/lamostradevalencia.com\/wp-content\/uploads\/2022\/09\/Vasil-1-1100x720.jpg",1100,720,true],"gform-image-choice-sm":["https:\/\/lamostradevalencia.com\/wp-content\/uploads\/2022\/09\/Vasil-1.jpg",300,169,false],"gform-image-choice-md":["https:\/\/lamostradevalencia.com\/wp-content\/uploads\/2022\/09\/Vasil-1.jpg",400,225,false],"gform-image-choice-lg":["https:\/\/lamostradevalencia.com\/wp-content\/uploads\/2022\/09\/Vasil-1.jpg",600,338,false]},"uagb_author_info":{"display_name":"Mostra de Val\u00e8ncia","author_link":"https:\/\/lamostradevalencia.com\/ca\/author\/mostravalencia\/"},"uagb_comment_info":0,"uagb_excerpt":"L&#8217;\u00f2pera prima de la valenciana Avelina Prat, \u2018Vasil\u2019, recalar\u00e0 este octubre en La Mostra en una secci\u00f3 especial fora de concurs. Una rondalla contempor\u00e0nia que [&hellip;]","_links":{"self":[{"href":"https:\/\/lamostradevalencia.com\/ca\/wp-json\/wp\/v2\/posts\/14533","targetHints":{"allow":["GET"]}}],"collection":[{"href":"https:\/\/lamostradevalencia.com\/ca\/wp-json\/wp\/v2\/posts"}],"about":[{"href":"https:\/\/lamostradevalencia.com\/ca\/wp-json\/wp\/v2\/types\/post"}],"author":[{"embeddable":true,"href":"https:\/\/lamostradevalencia.com\/ca\/wp-json\/wp\/v2\/users\/1"}],"replies":[{"embeddable":true,"href":"https:\/\/lamostradevalencia.com\/ca\/wp-json\/wp\/v2\/comments?post=14533"}],"version-history":[{"count":3,"href":"https:\/\/lamostradevalencia.com\/ca\/wp-json\/wp\/v2\/posts\/14533\/revisions"}],"predecessor-version":[{"id":14537,"href":"https:\/\/lamostradevalencia.com\/ca\/wp-json\/wp\/v2\/posts\/14533\/revisions\/14537"}],"wp:featuredmedia":[{"embeddable":true,"href":"https:\/\/lamostradevalencia.com\/ca\/wp-json\/wp\/v2\/media\/14527"}],"wp:attachment":[{"href":"https:\/\/lamostradevalencia.com\/ca\/wp-json\/wp\/v2\/media?parent=14533"}],"wp:term":[{"taxonomy":"category","embeddable":true,"href":"https:\/\/lamostradevalencia.com\/ca\/wp-json\/wp\/v2\/categories?post=14533"},{"taxonomy":"post_tag","embeddable":true,"href":"https:\/\/lamostradevalencia.com\/ca\/wp-json\/wp\/v2\/tags?post=14533"}],"curies":[{"name":"wp","href":"https:\/\/api.w.org\/{rel}","templated":true}]}}