{"id":14515,"date":"2022-09-13T17:54:00","date_gmt":"2022-09-13T15:54:00","guid":{"rendered":"https:\/\/lamostradevalencia.com\/?p=14515"},"modified":"2022-09-13T18:13:39","modified_gmt":"2022-09-13T16:13:39","slug":"sobri-la-convocatoria-de-patrocinis-de-la-mostra-3","status":"publish","type":"post","link":"https:\/\/lamostradevalencia.com\/ca\/sobri-la-convocatoria-de-patrocinis-de-la-mostra-3\/","title":{"rendered":"S\u2019OBRI LA CONVOCAT\u00d2RIA DE PATROCINIS DE LA MOSTRA"},"content":{"rendered":"<h5><b>Les marques interessades poden presentar la seua proposta fins al 20 de setembre al correu <\/b><a href=\"mailto:administracio@lamostradevalencia.com\"><b>administracio@lamostradevalencia.com<\/b><\/a><\/h5>\n<p><b>Condicions per als patrocinis privats de la 37a Mostra de Val\u00e8ncia-Cinema del Mediterrani.<\/b><\/p>\n<p><b>1-Consideraci\u00f3 de patrocinis<\/b><\/p>\n<p><span style=\"font-weight: 400;\">Tindran la consideraci\u00f3 de patrocinis les aportacions per part del sector privat que servisquen per finan\u00e7ar la realitzaci\u00f3 de les activitats programades en el marc de la 37a edici\u00f3 del festival Mostra de Val\u00e8ncia-Cinema del Mediterrani, que se celebrar\u00e0 del 20 al 30 d\u2019octubre de 2022.<\/span><\/p>\n<p><span style=\"font-weight: 400;\">Cal destacar que, segons les dades proporcionades per l&#8217;ag\u00e8ncia de seguiment de premsa Kantar sobre l\u2019\u00faltima edici\u00f3 de la Mostra, celebrada en 2021, es van recollir 728 aparicions en premsa durant les setmanes de major activitat medi\u00e0tica del festival (+26,5% sobre l\u2019edici\u00f3 anterior), la valoraci\u00f3 econ\u00f2mica de les quals seria de 3,48 milions d\u2019euros (+14%), i amb un abast de 230 milions de contactes o OTS (+28%).<\/span><\/p>\n<p><b>2-Condici\u00f3 de patrocinadores<\/b><\/p>\n<p><span style=\"font-weight: 400;\">Podran tindre la condici\u00f3 de patrocinadores les persones f\u00edsiques o jur\u00eddiques sotmeses al dret privat, que tinguen plena capacitat d&#8217;obrar i no estiguen incurses en cap de les prohibicions per a contractar establides en la Llei. Per acreditar, entre altres, este \u00faltim extrem, la inst\u00e0ncia integrar\u00e0 una declaraci\u00f3 responsable de la persona sol\u00b7licitant relativa als punts seg\u00fcents:<\/span><\/p>\n<ul>\n<li style=\"font-weight: 400;\" aria-level=\"1\"><span style=\"font-weight: 400;\">Que no es troba compresa, o que l&#8217;empresa a la qual representa com a administrador\/a o representant no es troba compresa, en cap de les prohibicions i incompatibilitat per a contractar regulades en l&#8217;article 71 de la Llei de Contractes del Sector P\u00fablic.<\/span><\/li>\n<li style=\"font-weight: 400;\" aria-level=\"1\"><span style=\"font-weight: 400;\">Que no vulnera la normativa fiscal emparant-se en els denominats paradisos fiscals a fi d&#8217;eludir les seues obligacions i la seua responsabilitat davant les autoritats espanyoles. En el cas que esta sol\u00b7licitud fora subscrita per apoderats\/des de la mercantil, declaren que es troben vigents en l&#8217;actualitat.<\/span><\/li>\n<li style=\"font-weight: 400;\" aria-level=\"1\"><span style=\"font-weight: 400;\">Que es troba al corrent de les seues obligacions tribut\u00e0ries amb Hisenda i amb la Seguretat Social.<\/span><\/li>\n<li style=\"font-weight: 400;\" aria-level=\"1\"><span style=\"font-weight: 400;\">Que l&#8217;empresa a la qual representa, si es tracta d&#8217;una empresa estrangera, se sotmetr\u00e0 a la jurisdicci\u00f3 dels jutjats i tribunals espanyols de qualsevol ordre per a totes les incid\u00e8ncies que, de manera directa o indirecta, puguen sorgir.<\/span><\/li>\n<li style=\"font-weight: 400;\" aria-level=\"1\"><span style=\"font-weight: 400;\">Que per a qualsevol controv\u00e8rsia que puga presentar-se com a conseq\u00fc\u00e8ncia del contingut o interpretaci\u00f3 del present document i la seua execuci\u00f3, totes dos parts acorden expressament sotmetre&#8217;s als Jutjats i Tribunals de Val\u00e8ncia capital.<\/span><\/li>\n<\/ul>\n<p><b>3- Objecte del patrocini<\/b><\/p>\n<p><span style=\"font-weight: 400;\">Realitzaci\u00f3 de les activitats de la 37a Mostra de Val\u00e8ncia-Cinema del Mediterrani, que se celebrar\u00e0 del 20 al 30 d&#8217;octubre del 2022. Les persones f\u00edsiques o jur\u00eddiques interessades podran conc\u00f3rrer a tots o a alguns tipus d&#8217;aportacions.<\/span><\/p>\n<p><b>3.1. Patrocini general de la 37a Mostra de Val\u00e8ncia-Cinema del Mediterrani.<\/b><span style=\"font-weight: 400;\">\u00a0<\/span><\/p>\n<p><b>Aportaci\u00f3: 3.000\u20ac-8.000\u20ac.<\/b><\/p>\n<p><b>Contraprestacions:\u00a0<\/b><\/p>\n<ul>\n<li style=\"font-weight: 400;\" aria-level=\"1\"><span style=\"font-weight: 400;\">Visibilitat mitjan\u00e7ant la inclusi\u00f3 de logotip en els materials informatius i publicitaris de la 37a Mostra de Val\u00e8ncia-Cinema del Mediterrani.\u00a0<\/span><\/li>\n<li style=\"font-weight: 400;\" aria-level=\"1\"><span style=\"font-weight: 400;\">Visibilitat mitjan\u00e7ant la inclusi\u00f3 de logotip en la web oficial de Mostra de Val\u00e8ncia-Cinema del Mediterrani.\u00a0<\/span><\/li>\n<li style=\"font-weight: 400;\" aria-level=\"1\"><span style=\"font-weight: 400;\">Publicitat en el programa de la 37a Mostra de Val\u00e8ncia-Cinema del Mediterrani.<\/span><\/li>\n<li style=\"font-weight: 400;\" aria-level=\"1\"><span style=\"font-weight: 400;\">Visibilitat mitjan\u00e7ant inclusi\u00f3 de logotip en el <\/span><i><span style=\"font-weight: 400;\">photocall<\/span><\/i><span style=\"font-weight: 400;\"> del festival durant la seua celebraci\u00f3.\u00a0<\/span><\/li>\n<li style=\"font-weight: 400;\" aria-level=\"1\"><span style=\"font-weight: 400;\">Notorietat mitjan\u00e7ant esment directe en les cerim\u00f2nies d&#8217;inauguraci\u00f3 i clausura de la 37a edici\u00f3 del festival.\u00a0<\/span><\/li>\n<\/ul>\n<p><b>Aportaci\u00f3: 8.000\u20ac-15.000\u20ac.<\/b><\/p>\n<p><b>Contraprestacions:\u00a0<\/b><\/p>\n<ul>\n<li style=\"font-weight: 400;\" aria-level=\"1\"><span style=\"font-weight: 400;\">Totes les previstes anteriorment.<\/span><\/li>\n<li style=\"font-weight: 400;\" aria-level=\"1\"><span style=\"font-weight: 400;\">Visibilitat mitjan\u00e7ant la pres\u00e8ncia de materials publicitaris en els actes de la 37a Mostra de Val\u00e8ncia-Cinema del Mediterrani, junt amb els gen\u00e8rics del festival. La producci\u00f3, trasllat, instal\u00b7laci\u00f3 i manipulaci\u00f3 d&#8217;estos elements correspondr\u00e0 a la patrocinadora, i la quantitat, grand\u00e0ria i disposici\u00f3 dels mateixos hauran de ser aprovats pr\u00e8viament per l&#8217;organitzaci\u00f3.<\/span><\/li>\n<li style=\"font-weight: 400;\" aria-level=\"1\"><span style=\"font-weight: 400;\">Publicitat mitjan\u00e7ant la inserci\u00f3 d&#8217;un espot previ a la projecci\u00f3 de pel\u00b7l\u00edcules en la seu principal de la 37a Mostra de Val\u00e8ncia-Cinema del Mediterrani durant els dies del festival. La producci\u00f3 de l&#8217;espot i la seua posada a disposici\u00f3 en les sales de cine en el format i qualitat adequats correspondr\u00e0 a la patrocinadora, inclosos els gastos que puguen derivar-se pels drets d&#8217;autoria corresponents a la seua creaci\u00f3 i publicaci\u00f3, i la seua duraci\u00f3 no podr\u00e0 superar els 20 segons.<\/span><\/li>\n<\/ul>\n<p><b>3.2. Patrocini del servei de trasllat de les persones convidades a la 37a Mostra de Val\u00e8ncia-Cinema del Mediterrani.<\/b><span style=\"font-weight: 400;\">\u00a0<\/span><\/p>\n<p><b>Aportaci\u00f3 de vehicles valorada en 3.400\u20ac:\u00a0<\/b><\/p>\n<ul>\n<li aria-level=\"1\"><span style=\"font-weight: 400;\">3 vehicles tipus turisme el\u00e8ctric o h\u00edbrid, del 20 al 29 d&#8217;octubre de 2022.<\/span><\/li>\n<\/ul>\n<ul>\n<li aria-level=\"1\"><span style=\"font-weight: 400;\">1 vehicle tipus turisme el\u00e8ctric o h\u00edbrid els dies 19 i 30 d&#8217;octubre del 2022.<\/span><\/li>\n<\/ul>\n<ul>\n<li aria-level=\"1\"><span style=\"font-weight: 400;\">L\u2019aportaci\u00f3 inclou totes les despeses derivades de combustible\/energia, aix\u00ed com del condicionament i\/o manteniment dels vehicles.<\/span><\/li>\n<\/ul>\n<p><b>Contraprestacions:\u00a0<\/b><\/p>\n<ul>\n<li style=\"font-weight: 400;\" aria-level=\"1\"><span style=\"font-weight: 400;\">Visibilitat mitjan\u00e7ant la inclusi\u00f3 de logotip en els materials informatius i publicitaris de la 37a Mostra de Val\u00e8ncia-Cinema del Mediterrani.\u00a0<\/span><\/li>\n<li style=\"font-weight: 400;\" aria-level=\"1\"><span style=\"font-weight: 400;\">Visibilitat mitjan\u00e7ant la inclusi\u00f3 de logotip en la web oficial de Mostra de Val\u00e8ncia-Cinema del Mediterrani.\u00a0<\/span><\/li>\n<li style=\"font-weight: 400;\" aria-level=\"1\"><span style=\"font-weight: 400;\">Publicitat en el programa de la 37a Mostra de Val\u00e8ncia-Cinema del Mediterrani.<\/span><\/li>\n<li style=\"font-weight: 400;\" aria-level=\"1\"><span style=\"font-weight: 400;\">Visibilitat mitjan\u00e7ant inclusi\u00f3 de logotip en el <\/span><i><span style=\"font-weight: 400;\">photocall<\/span><\/i><span style=\"font-weight: 400;\"> del festival durant la seua celebraci\u00f3.\u00a0<\/span><\/li>\n<li style=\"font-weight: 400;\" aria-level=\"1\"><span style=\"font-weight: 400;\">Notorietat mitjan\u00e7ant esment directe en les cerim\u00f2nies d&#8217;inauguraci\u00f3 i clausura de la 37a edici\u00f3 del festival.\u00a0<\/span><\/li>\n<\/ul>\n<p><b>Aportaci\u00f3 de xofers valorada en 8.100\u20ac:\u00a0<\/b><\/p>\n<ul>\n<li style=\"font-weight: 400;\" aria-level=\"1\"><span style=\"font-weight: 400;\">Tres xofers majors de 25 anys amb angl\u00e9s comunicacional, a jornada completa del 20 al 29 d\u2019octubre de 2022 (inclou horari nocturn)<\/span><\/li>\n<li style=\"font-weight: 400;\" aria-level=\"1\"><span style=\"font-weight: 400;\">Un xofer major de 25 anys amb angl\u00e9s comunicacional, a jornada completa els dies 19 i 30 d\u2019octubre.<\/span><\/li>\n<li style=\"font-weight: 400;\" aria-level=\"1\"><span style=\"font-weight: 400;\">L\u2019aportaci\u00f3 inclou totes les despeses derivades de dietes i plusos del personal a c\u00e0rrec de la prestaci\u00f3.<\/span><\/li>\n<\/ul>\n<p><b>Contraprestacions:\u00a0<\/b><\/p>\n<ul>\n<li style=\"font-weight: 400;\" aria-level=\"1\"><span style=\"font-weight: 400;\">Totes les anteriors.<\/span><\/li>\n<li style=\"font-weight: 400;\" aria-level=\"1\"><span style=\"font-weight: 400;\">Visibilitat mitjan\u00e7ant la pres\u00e8ncia de materials publicitaris en els actes de la 37a Mostra de Val\u00e8ncia-Cinema del Mediterrani, junt amb els gen\u00e8rics del festival. La producci\u00f3, trasllat, instal\u00b7laci\u00f3 i manipulaci\u00f3 d&#8217;estos elements correspondr\u00e0 a la patrocinadora, i la quantitat, grand\u00e0ria i disposici\u00f3 dels mateixos hauran de ser aprovats pr\u00e8viament per l&#8217;organitzaci\u00f3.<\/span><\/li>\n<\/ul>\n<ul>\n<li style=\"font-weight: 400;\" aria-level=\"1\"><span style=\"font-weight: 400;\">Publicitat mitjan\u00e7ant la inserci\u00f3 d&#8217;un espot previ a la projecci\u00f3 de pel\u00b7l\u00edcules en la seu principal de la 37a Mostra de Val\u00e8ncia-Cinema del Mediterrani durant els dies del festival. La producci\u00f3 de l&#8217;espot i la seua posada a disposici\u00f3 en les sales de cine en el format i qualitat adequats correspondr\u00e0 a la patrocinadora, inclosos els gastos que puguen derivar-se pels drets d&#8217;autoria corresponents a la seua creaci\u00f3 i publicaci\u00f3, i la seua duraci\u00f3 no podr\u00e0 superar els 20 segons.<\/span><\/li>\n<\/ul>\n<p><b>3.3. Patrocini del servei d&#8217;estilisme per a les gales de la 37a Mostra de Val\u00e8ncia-Cinema del Mediterrani.<\/b><span style=\"font-weight: 400;\">\u00a0<\/span><\/p>\n<p><b>Aportaci\u00f3 de maquillatge i perruqueria valorada en 1.500\u20ac:\u00a0<\/b><\/p>\n<ul>\n<li style=\"font-weight: 400;\" aria-level=\"1\"><span style=\"font-weight: 400;\">Servei de perruqueria i maquillatge de gala per a tres presentadors (dos homes, una dona) en els actes del 20 i 28 d&#8217;octubre de 2022.\u00a0<\/span><\/li>\n<li style=\"font-weight: 400;\" aria-level=\"1\"><span style=\"font-weight: 400;\">L\u2019aportaci\u00f3 inclou tot el material necessari per a la seua realitzaci\u00f3 aix\u00ed com el despla\u00e7ament al lloc designat per l&#8217;organitzaci\u00f3 per al seu acompliment a la ciutat de Val\u00e8ncia.\u00a0<\/span><\/li>\n<\/ul>\n<p><b>Contraprestacions:\u00a0<\/b><\/p>\n<ul>\n<li style=\"font-weight: 400;\" aria-level=\"1\"><span style=\"font-weight: 400;\">Notorietat mitjan\u00e7ant esment directe en les cerim\u00f2nies d&#8217;inauguraci\u00f3 i clausura de la 37a edici\u00f3 del festival.\u00a0<\/span><\/li>\n<li style=\"font-weight: 400;\" aria-level=\"1\"><span style=\"font-weight: 400;\">Notorietat mitjan\u00e7ant esment en xarxes socials, inclosa la publicaci\u00f3 d&#8217;una <\/span><i><span style=\"font-weight: 400;\">story<\/span><\/i><span style=\"font-weight: 400;\"> en Instagram.<\/span><\/li>\n<li style=\"font-weight: 400;\" aria-level=\"1\"><span style=\"font-weight: 400;\">Visibilitat mitjan\u00e7ant la inclusi\u00f3 de logotip en la web oficial de Mostra de Val\u00e8ncia-Cinema del Mediterrani.\u00a0<\/span><\/li>\n<\/ul>\n<p><b>Aportaci\u00f3 de vestuari valorada en 1.500\u20ac:\u00a0<\/b><\/p>\n<ul>\n<li style=\"font-weight: 400;\" aria-level=\"1\"><span style=\"font-weight: 400;\">Cessi\u00f3 de vestuari de gala per a tres presentadors (dos homes, una dona) en els actes del 20 i 28 d&#8217;octubre de 2022.\u00a0<\/span><\/li>\n<li style=\"font-weight: 400;\" aria-level=\"1\"><span style=\"font-weight: 400;\">L\u2019aportaci\u00f3 inclou les proves pr\u00e8vies que siguen necess\u00e0ries aix\u00ed com el trasllat i recollida del material en el lloc designat per l&#8217;organitzaci\u00f3 a la ciutat de Val\u00e8ncia.<\/span><\/li>\n<\/ul>\n<p><b>Contraprestacions:\u00a0<\/b><\/p>\n<ul>\n<li style=\"font-weight: 400;\" aria-level=\"1\"><span style=\"font-weight: 400;\">Notorietat mitjan\u00e7ant esment directe en les cerim\u00f2nies d&#8217;inauguraci\u00f3 i clausura de la 37a edici\u00f3 del festival.\u00a0<\/span><\/li>\n<li style=\"font-weight: 400;\" aria-level=\"1\"><span style=\"font-weight: 400;\">Notorietat mitjan\u00e7ant esment en xarxes socials, inclosa la publicaci\u00f3 d&#8217;una <\/span><i><span style=\"font-weight: 400;\">story <\/span><\/i><span style=\"font-weight: 400;\">en Instagram.<\/span><\/li>\n<li style=\"font-weight: 400;\" aria-level=\"1\"><span style=\"font-weight: 400;\">Visibilitat mitjan\u00e7ant la inclusi\u00f3 de logotip en la web oficial de Mostra de Val\u00e8ncia-Cinema del Mediterrani.\u00a0<\/span><\/li>\n<\/ul>\n<p><b>4- Procediment<\/b><\/p>\n<p><span style=\"font-weight: 400;\">Mostra de Val\u00e8ncia i Iniciatives Audiovisuals rebr\u00e0 i estudiar\u00e0 totes les propostes de patrocini presentades i notificar\u00e0 l\u2019acceptaci\u00f3 o denegaci\u00f3 de cadascuna a la persona interessada.\u00a0<\/span><\/p>\n<p><span style=\"font-weight: 400;\">En el cas dels patrocinis relatius als punts 3.2 i 3.3. del document, <\/span><span style=\"font-weight: 400;\">es valoraran les propostes rebudes per tal de seleccionar-les tenint en compte q\u00fcestions com ara una ampliaci\u00f3 de les prestacions o una millora de les seues caracter\u00edstiques, en especial pel que fa a l\u2019\u00fas de materials\/pr\u00e0ctiques m\u00e9s sostenibles.\u00a0<\/span><\/p>\n<p><span style=\"font-weight: 400;\">Mostra de Val\u00e8ncia i Iniciatives Audiovisuals es reserva el dret de no acceptar patrocini per raons d&#8217;inter\u00e9s p\u00fablic. Queden expressament excloses les propostes de patrocini de car\u00e0cter partidista o aquelles que promoguen el consum de drogues, o tinguen un contingut violent, sexista, xen\u00f2fob, o contra els valors democr\u00e0tics. En tot cas els anuncis han d&#8217;ajustar-se al que es disposa en la Llei 34\/1988, general de publicitat, il\u00b7l\u00edcita i enganyosa i qualsevol altra normativa municipal.<\/span><\/p>\n<p><b>5- Termini i forma de presentaci\u00f3 de les propostes<\/b><\/p>\n<p><span style=\"font-weight: 400;\">Les persones f\u00edsiques o jur\u00eddiques interessades en patrocinar les activitats de la 37\u00aa Mostra de Val\u00e8ncia-Cinema del Mediterrani podran presentar les propostes a partir del dia seg\u00fcent a la publicaci\u00f3 d\u2019esta convocat\u00f2ria en la p\u00e0gina web de Mostra de Val\u00e8ncia-Cinema del Mediterrani, <\/span><a href=\"http:\/\/www.lamostradevalencia.com\"><span style=\"font-weight: 400;\">www.lamostradevalencia.com<\/span><\/a><span style=\"font-weight: 400;\">, i fins el dia 20 de setembre de 2022.<\/span><\/p>\n<p><span style=\"font-weight: 400;\">Totes les propostes de patrocini han d\u2019adre\u00e7ar-se al correu electr\u00f2nic <\/span><b>administracio@lamostradevalencia.com<\/b><span style=\"font-weight: 400;\"> i han d\u2019incloure el seg\u00fcent:<\/span><\/p>\n<ul>\n<li style=\"font-weight: 400;\" aria-level=\"1\"><span style=\"font-weight: 400;\">Dades fiscals de la persona f\u00edsica o jur\u00eddica interessada.<\/span><\/li>\n<li style=\"font-weight: 400;\" aria-level=\"1\"><span style=\"font-weight: 400;\">En el cas dels patrocinis relatius al punt 3.1., quantia de l\u2019aportaci\u00f3 prevista.\u00a0<\/span><\/li>\n<li style=\"font-weight: 400;\" aria-level=\"1\"><span style=\"font-weight: 400;\">En el cas dels patrocinis relatius als punts 3.2. i 3.3., descripci\u00f3 de l\u2019aportaci\u00f3 amb tota la informaci\u00f3 rellevant per a la seua valoraci\u00f3 i selecci\u00f3.<\/span><\/li>\n<li style=\"font-weight: 400;\" aria-level=\"1\"><span style=\"font-weight: 400;\">Dades de contacte.<\/span><\/li>\n<\/ul>\n","protected":false},"excerpt":{"rendered":"<p>Les marques interessades poden presentar la seua proposta fins al 20 de setembre al correu administracio@lamostradevalencia.com Condicions per als patrocinis privats de la 37a Mostra [&hellip;]<\/p>\n","protected":false},"author":3,"featured_media":14507,"comment_status":"open","ping_status":"open","sticky":false,"template":"","format":"standard","meta":{"_uag_custom_page_level_css":"","_jet_sm_ready_style":"","_jet_sm_style":"","_jet_sm_controls_values":"","_jet_sm_fonts_collection":"","_jet_sm_fonts_links":"","footnotes":""},"categories":[455],"tags":[],"class_list":["post-14515","post","type-post","status-publish","format-standard","has-post-thumbnail","hentry","category-noticies"],"yoast_head":"<!-- This site is optimized with the Yoast SEO plugin v27.5 - https:\/\/yoast.com\/product\/yoast-seo-wordpress\/ -->\n<title>S\u2019OBRI LA CONVOCAT\u00d2RIA DE PATROCINIS DE LA MOSTRA - Mostra de Val\u00e8ncia<\/title>\n<meta name=\"robots\" content=\"index, follow, max-snippet:-1, max-image-preview:large, max-video-preview:-1\" \/>\n<link rel=\"canonical\" href=\"https:\/\/lamostradevalencia.com\/ca\/sobri-la-convocatoria-de-patrocinis-de-la-mostra-3\/\" \/>\n<meta property=\"og:locale\" content=\"ca_ES\" \/>\n<meta property=\"og:type\" content=\"article\" \/>\n<meta property=\"og:title\" content=\"S\u2019OBRI LA CONVOCAT\u00d2RIA DE PATROCINIS DE LA MOSTRA - Mostra de Val\u00e8ncia\" \/>\n<meta property=\"og:description\" content=\"Les marques interessades poden presentar la seua proposta fins al 20 de setembre al correu administracio@lamostradevalencia.com Condicions per als patrocinis privats de la 37a Mostra [&hellip;]\" \/>\n<meta property=\"og:url\" content=\"https:\/\/lamostradevalencia.com\/ca\/sobri-la-convocatoria-de-patrocinis-de-la-mostra-3\/\" \/>\n<meta property=\"og:site_name\" content=\"Mostra de Val\u00e8ncia\" \/>\n<meta property=\"article:published_time\" content=\"2022-09-13T15:54:00+00:00\" \/>\n<meta property=\"article:modified_time\" content=\"2022-09-13T16:13:39+00:00\" \/>\n<meta property=\"og:image\" content=\"https:\/\/lamostradevalencia.com\/wp-content\/uploads\/2022\/09\/publico-mostra.png\" \/>\n\t<meta property=\"og:image:width\" content=\"1078\" \/>\n\t<meta property=\"og:image:height\" content=\"1027\" \/>\n\t<meta property=\"og:image:type\" content=\"image\/png\" \/>\n<meta name=\"author\" content=\"contenidos\" \/>\n<meta name=\"twitter:card\" content=\"summary_large_image\" \/>\n<meta name=\"twitter:label1\" content=\"Escrit per\" \/>\n\t<meta name=\"twitter:data1\" content=\"contenidos\" \/>\n\t<meta name=\"twitter:label2\" content=\"Temps estimat de lectura\" \/>\n\t<meta name=\"twitter:data2\" content=\"8 minuts\" \/>\n<script type=\"application\/ld+json\" class=\"yoast-schema-graph\">{\"@context\":\"https:\\\/\\\/schema.org\",\"@graph\":[{\"@type\":\"Article\",\"@id\":\"https:\\\/\\\/lamostradevalencia.com\\\/ca\\\/sobri-la-convocatoria-de-patrocinis-de-la-mostra-3\\\/#article\",\"isPartOf\":{\"@id\":\"https:\\\/\\\/lamostradevalencia.com\\\/ca\\\/sobri-la-convocatoria-de-patrocinis-de-la-mostra-3\\\/\"},\"author\":{\"name\":\"contenidos\",\"@id\":\"https:\\\/\\\/lamostradevalencia.com\\\/ca\\\/#\\\/schema\\\/person\\\/361c3c0dd5489e78ad78ee4f8332efac\"},\"headline\":\"S\u2019OBRI LA CONVOCAT\u00d2RIA DE PATROCINIS DE LA MOSTRA\",\"datePublished\":\"2022-09-13T15:54:00+00:00\",\"dateModified\":\"2022-09-13T16:13:39+00:00\",\"mainEntityOfPage\":{\"@id\":\"https:\\\/\\\/lamostradevalencia.com\\\/ca\\\/sobri-la-convocatoria-de-patrocinis-de-la-mostra-3\\\/\"},\"wordCount\":1639,\"commentCount\":0,\"image\":{\"@id\":\"https:\\\/\\\/lamostradevalencia.com\\\/ca\\\/sobri-la-convocatoria-de-patrocinis-de-la-mostra-3\\\/#primaryimage\"},\"thumbnailUrl\":\"https:\\\/\\\/lamostradevalencia.com\\\/wp-content\\\/uploads\\\/2022\\\/09\\\/publico-mostra.png\",\"articleSection\":[\"Noticies\"],\"inLanguage\":\"ca\",\"potentialAction\":[{\"@type\":\"CommentAction\",\"name\":\"Comment\",\"target\":[\"https:\\\/\\\/lamostradevalencia.com\\\/ca\\\/sobri-la-convocatoria-de-patrocinis-de-la-mostra-3\\\/#respond\"]}]},{\"@type\":\"WebPage\",\"@id\":\"https:\\\/\\\/lamostradevalencia.com\\\/ca\\\/sobri-la-convocatoria-de-patrocinis-de-la-mostra-3\\\/\",\"url\":\"https:\\\/\\\/lamostradevalencia.com\\\/ca\\\/sobri-la-convocatoria-de-patrocinis-de-la-mostra-3\\\/\",\"name\":\"S\u2019OBRI LA CONVOCAT\u00d2RIA DE PATROCINIS DE LA MOSTRA - Mostra de Val\u00e8ncia\",\"isPartOf\":{\"@id\":\"https:\\\/\\\/lamostradevalencia.com\\\/ca\\\/#website\"},\"primaryImageOfPage\":{\"@id\":\"https:\\\/\\\/lamostradevalencia.com\\\/ca\\\/sobri-la-convocatoria-de-patrocinis-de-la-mostra-3\\\/#primaryimage\"},\"image\":{\"@id\":\"https:\\\/\\\/lamostradevalencia.com\\\/ca\\\/sobri-la-convocatoria-de-patrocinis-de-la-mostra-3\\\/#primaryimage\"},\"thumbnailUrl\":\"https:\\\/\\\/lamostradevalencia.com\\\/wp-content\\\/uploads\\\/2022\\\/09\\\/publico-mostra.png\",\"datePublished\":\"2022-09-13T15:54:00+00:00\",\"dateModified\":\"2022-09-13T16:13:39+00:00\",\"author\":{\"@id\":\"https:\\\/\\\/lamostradevalencia.com\\\/ca\\\/#\\\/schema\\\/person\\\/361c3c0dd5489e78ad78ee4f8332efac\"},\"breadcrumb\":{\"@id\":\"https:\\\/\\\/lamostradevalencia.com\\\/ca\\\/sobri-la-convocatoria-de-patrocinis-de-la-mostra-3\\\/#breadcrumb\"},\"inLanguage\":\"ca\",\"potentialAction\":[{\"@type\":\"ReadAction\",\"target\":[\"https:\\\/\\\/lamostradevalencia.com\\\/ca\\\/sobri-la-convocatoria-de-patrocinis-de-la-mostra-3\\\/\"]}]},{\"@type\":\"ImageObject\",\"inLanguage\":\"ca\",\"@id\":\"https:\\\/\\\/lamostradevalencia.com\\\/ca\\\/sobri-la-convocatoria-de-patrocinis-de-la-mostra-3\\\/#primaryimage\",\"url\":\"https:\\\/\\\/lamostradevalencia.com\\\/wp-content\\\/uploads\\\/2022\\\/09\\\/publico-mostra.png\",\"contentUrl\":\"https:\\\/\\\/lamostradevalencia.com\\\/wp-content\\\/uploads\\\/2022\\\/09\\\/publico-mostra.png\",\"width\":1078,\"height\":1027},{\"@type\":\"BreadcrumbList\",\"@id\":\"https:\\\/\\\/lamostradevalencia.com\\\/ca\\\/sobri-la-convocatoria-de-patrocinis-de-la-mostra-3\\\/#breadcrumb\",\"itemListElement\":[{\"@type\":\"ListItem\",\"position\":1,\"name\":\"Portada\",\"item\":\"https:\\\/\\\/lamostradevalencia.com\\\/ca\\\/\"},{\"@type\":\"ListItem\",\"position\":2,\"name\":\"S\u2019OBRI LA CONVOCAT\u00d2RIA DE PATROCINIS DE LA MOSTRA\"}]},{\"@type\":\"WebSite\",\"@id\":\"https:\\\/\\\/lamostradevalencia.com\\\/ca\\\/#website\",\"url\":\"https:\\\/\\\/lamostradevalencia.com\\\/ca\\\/\",\"name\":\"Mostra de Val\u00e8ncia\",\"description\":\"Cinema del Mediterrani\",\"potentialAction\":[{\"@type\":\"SearchAction\",\"target\":{\"@type\":\"EntryPoint\",\"urlTemplate\":\"https:\\\/\\\/lamostradevalencia.com\\\/ca\\\/?s={search_term_string}\"},\"query-input\":{\"@type\":\"PropertyValueSpecification\",\"valueRequired\":true,\"valueName\":\"search_term_string\"}}],\"inLanguage\":\"ca\"},{\"@type\":\"Person\",\"@id\":\"https:\\\/\\\/lamostradevalencia.com\\\/ca\\\/#\\\/schema\\\/person\\\/361c3c0dd5489e78ad78ee4f8332efac\",\"name\":\"contenidos\",\"image\":{\"@type\":\"ImageObject\",\"inLanguage\":\"ca\",\"@id\":\"https:\\\/\\\/secure.gravatar.com\\\/avatar\\\/a87eddc188a32d5a0371ff92ef616b5006a91e389296d49d081f8d424eef134c?s=96&d=mm&r=g\",\"url\":\"https:\\\/\\\/secure.gravatar.com\\\/avatar\\\/a87eddc188a32d5a0371ff92ef616b5006a91e389296d49d081f8d424eef134c?s=96&d=mm&r=g\",\"contentUrl\":\"https:\\\/\\\/secure.gravatar.com\\\/avatar\\\/a87eddc188a32d5a0371ff92ef616b5006a91e389296d49d081f8d424eef134c?s=96&d=mm&r=g\",\"caption\":\"contenidos\"}}]}<\/script>\n<!-- \/ Yoast SEO plugin. -->","yoast_head_json":{"title":"S\u2019OBRI LA CONVOCAT\u00d2RIA DE PATROCINIS DE LA MOSTRA - Mostra de Val\u00e8ncia","robots":{"index":"index","follow":"follow","max-snippet":"max-snippet:-1","max-image-preview":"max-image-preview:large","max-video-preview":"max-video-preview:-1"},"canonical":"https:\/\/lamostradevalencia.com\/ca\/sobri-la-convocatoria-de-patrocinis-de-la-mostra-3\/","og_locale":"ca_ES","og_type":"article","og_title":"S\u2019OBRI LA CONVOCAT\u00d2RIA DE PATROCINIS DE LA MOSTRA - Mostra de Val\u00e8ncia","og_description":"Les marques interessades poden presentar la seua proposta fins al 20 de setembre al correu administracio@lamostradevalencia.com Condicions per als patrocinis privats de la 37a Mostra [&hellip;]","og_url":"https:\/\/lamostradevalencia.com\/ca\/sobri-la-convocatoria-de-patrocinis-de-la-mostra-3\/","og_site_name":"Mostra de Val\u00e8ncia","article_published_time":"2022-09-13T15:54:00+00:00","article_modified_time":"2022-09-13T16:13:39+00:00","og_image":[{"width":1078,"height":1027,"url":"https:\/\/lamostradevalencia.com\/wp-content\/uploads\/2022\/09\/publico-mostra.png","type":"image\/png"}],"author":"contenidos","twitter_card":"summary_large_image","twitter_misc":{"Escrit per":"contenidos","Temps estimat de lectura":"8 minuts"},"schema":{"@context":"https:\/\/schema.org","@graph":[{"@type":"Article","@id":"https:\/\/lamostradevalencia.com\/ca\/sobri-la-convocatoria-de-patrocinis-de-la-mostra-3\/#article","isPartOf":{"@id":"https:\/\/lamostradevalencia.com\/ca\/sobri-la-convocatoria-de-patrocinis-de-la-mostra-3\/"},"author":{"name":"contenidos","@id":"https:\/\/lamostradevalencia.com\/ca\/#\/schema\/person\/361c3c0dd5489e78ad78ee4f8332efac"},"headline":"S\u2019OBRI LA CONVOCAT\u00d2RIA DE PATROCINIS DE LA MOSTRA","datePublished":"2022-09-13T15:54:00+00:00","dateModified":"2022-09-13T16:13:39+00:00","mainEntityOfPage":{"@id":"https:\/\/lamostradevalencia.com\/ca\/sobri-la-convocatoria-de-patrocinis-de-la-mostra-3\/"},"wordCount":1639,"commentCount":0,"image":{"@id":"https:\/\/lamostradevalencia.com\/ca\/sobri-la-convocatoria-de-patrocinis-de-la-mostra-3\/#primaryimage"},"thumbnailUrl":"https:\/\/lamostradevalencia.com\/wp-content\/uploads\/2022\/09\/publico-mostra.png","articleSection":["Noticies"],"inLanguage":"ca","potentialAction":[{"@type":"CommentAction","name":"Comment","target":["https:\/\/lamostradevalencia.com\/ca\/sobri-la-convocatoria-de-patrocinis-de-la-mostra-3\/#respond"]}]},{"@type":"WebPage","@id":"https:\/\/lamostradevalencia.com\/ca\/sobri-la-convocatoria-de-patrocinis-de-la-mostra-3\/","url":"https:\/\/lamostradevalencia.com\/ca\/sobri-la-convocatoria-de-patrocinis-de-la-mostra-3\/","name":"S\u2019OBRI LA CONVOCAT\u00d2RIA DE PATROCINIS DE LA MOSTRA - Mostra de Val\u00e8ncia","isPartOf":{"@id":"https:\/\/lamostradevalencia.com\/ca\/#website"},"primaryImageOfPage":{"@id":"https:\/\/lamostradevalencia.com\/ca\/sobri-la-convocatoria-de-patrocinis-de-la-mostra-3\/#primaryimage"},"image":{"@id":"https:\/\/lamostradevalencia.com\/ca\/sobri-la-convocatoria-de-patrocinis-de-la-mostra-3\/#primaryimage"},"thumbnailUrl":"https:\/\/lamostradevalencia.com\/wp-content\/uploads\/2022\/09\/publico-mostra.png","datePublished":"2022-09-13T15:54:00+00:00","dateModified":"2022-09-13T16:13:39+00:00","author":{"@id":"https:\/\/lamostradevalencia.com\/ca\/#\/schema\/person\/361c3c0dd5489e78ad78ee4f8332efac"},"breadcrumb":{"@id":"https:\/\/lamostradevalencia.com\/ca\/sobri-la-convocatoria-de-patrocinis-de-la-mostra-3\/#breadcrumb"},"inLanguage":"ca","potentialAction":[{"@type":"ReadAction","target":["https:\/\/lamostradevalencia.com\/ca\/sobri-la-convocatoria-de-patrocinis-de-la-mostra-3\/"]}]},{"@type":"ImageObject","inLanguage":"ca","@id":"https:\/\/lamostradevalencia.com\/ca\/sobri-la-convocatoria-de-patrocinis-de-la-mostra-3\/#primaryimage","url":"https:\/\/lamostradevalencia.com\/wp-content\/uploads\/2022\/09\/publico-mostra.png","contentUrl":"https:\/\/lamostradevalencia.com\/wp-content\/uploads\/2022\/09\/publico-mostra.png","width":1078,"height":1027},{"@type":"BreadcrumbList","@id":"https:\/\/lamostradevalencia.com\/ca\/sobri-la-convocatoria-de-patrocinis-de-la-mostra-3\/#breadcrumb","itemListElement":[{"@type":"ListItem","position":1,"name":"Portada","item":"https:\/\/lamostradevalencia.com\/ca\/"},{"@type":"ListItem","position":2,"name":"S\u2019OBRI LA CONVOCAT\u00d2RIA DE PATROCINIS DE LA MOSTRA"}]},{"@type":"WebSite","@id":"https:\/\/lamostradevalencia.com\/ca\/#website","url":"https:\/\/lamostradevalencia.com\/ca\/","name":"Mostra de Val\u00e8ncia","description":"Cinema del Mediterrani","potentialAction":[{"@type":"SearchAction","target":{"@type":"EntryPoint","urlTemplate":"https:\/\/lamostradevalencia.com\/ca\/?s={search_term_string}"},"query-input":{"@type":"PropertyValueSpecification","valueRequired":true,"valueName":"search_term_string"}}],"inLanguage":"ca"},{"@type":"Person","@id":"https:\/\/lamostradevalencia.com\/ca\/#\/schema\/person\/361c3c0dd5489e78ad78ee4f8332efac","name":"contenidos","image":{"@type":"ImageObject","inLanguage":"ca","@id":"https:\/\/secure.gravatar.com\/avatar\/a87eddc188a32d5a0371ff92ef616b5006a91e389296d49d081f8d424eef134c?s=96&d=mm&r=g","url":"https:\/\/secure.gravatar.com\/avatar\/a87eddc188a32d5a0371ff92ef616b5006a91e389296d49d081f8d424eef134c?s=96&d=mm&r=g","contentUrl":"https:\/\/secure.gravatar.com\/avatar\/a87eddc188a32d5a0371ff92ef616b5006a91e389296d49d081f8d424eef134c?s=96&d=mm&r=g","caption":"contenidos"}}]}},"uagb_featured_image_src":{"full":["https:\/\/lamostradevalencia.com\/wp-content\/uploads\/2022\/09\/publico-mostra.png",1078,1027,false],"thumbnail":["https:\/\/lamostradevalencia.com\/wp-content\/uploads\/2022\/09\/publico-mostra-150x150.png",150,150,true],"medium":["https:\/\/lamostradevalencia.com\/wp-content\/uploads\/2022\/09\/publico-mostra-300x286.png",300,286,true],"medium_large":["https:\/\/lamostradevalencia.com\/wp-content\/uploads\/2022\/09\/publico-mostra-768x732.png",768,732,true],"large":["https:\/\/lamostradevalencia.com\/wp-content\/uploads\/2022\/09\/publico-mostra-1024x976.png",1024,976,true],"1536x1536":["https:\/\/lamostradevalencia.com\/wp-content\/uploads\/2022\/09\/publico-mostra.png",1078,1027,false],"2048x2048":["https:\/\/lamostradevalencia.com\/wp-content\/uploads\/2022\/09\/publico-mostra.png",1078,1027,false],"cinerama_edge_image_square":["https:\/\/lamostradevalencia.com\/wp-content\/uploads\/2022\/09\/publico-mostra-550x550.png",550,550,true],"cinerama_edge_image_landscape":["https:\/\/lamostradevalencia.com\/wp-content\/uploads\/2022\/09\/publico-mostra-1078x550.png",1078,550,true],"cinerama_edge_image_portrait":["https:\/\/lamostradevalencia.com\/wp-content\/uploads\/2022\/09\/publico-mostra-550x1027.png",550,1027,true],"cinerama_edge_image_huge":["https:\/\/lamostradevalencia.com\/wp-content\/uploads\/2022\/09\/publico-mostra.png",1078,1027,false],"gform-image-choice-sm":["https:\/\/lamostradevalencia.com\/wp-content\/uploads\/2022\/09\/publico-mostra.png",300,286,false],"gform-image-choice-md":["https:\/\/lamostradevalencia.com\/wp-content\/uploads\/2022\/09\/publico-mostra.png",400,381,false],"gform-image-choice-lg":["https:\/\/lamostradevalencia.com\/wp-content\/uploads\/2022\/09\/publico-mostra.png",600,572,false]},"uagb_author_info":{"display_name":"contenidos","author_link":"https:\/\/lamostradevalencia.com\/ca\/author\/contenidos\/"},"uagb_comment_info":0,"uagb_excerpt":"Les marques interessades poden presentar la seua proposta fins al 20 de setembre al correu administracio@lamostradevalencia.com Condicions per als patrocinis privats de la 37a Mostra [&hellip;]","_links":{"self":[{"href":"https:\/\/lamostradevalencia.com\/ca\/wp-json\/wp\/v2\/posts\/14515","targetHints":{"allow":["GET"]}}],"collection":[{"href":"https:\/\/lamostradevalencia.com\/ca\/wp-json\/wp\/v2\/posts"}],"about":[{"href":"https:\/\/lamostradevalencia.com\/ca\/wp-json\/wp\/v2\/types\/post"}],"author":[{"embeddable":true,"href":"https:\/\/lamostradevalencia.com\/ca\/wp-json\/wp\/v2\/users\/3"}],"replies":[{"embeddable":true,"href":"https:\/\/lamostradevalencia.com\/ca\/wp-json\/wp\/v2\/comments?post=14515"}],"version-history":[{"count":2,"href":"https:\/\/lamostradevalencia.com\/ca\/wp-json\/wp\/v2\/posts\/14515\/revisions"}],"predecessor-version":[{"id":14517,"href":"https:\/\/lamostradevalencia.com\/ca\/wp-json\/wp\/v2\/posts\/14515\/revisions\/14517"}],"wp:featuredmedia":[{"embeddable":true,"href":"https:\/\/lamostradevalencia.com\/ca\/wp-json\/wp\/v2\/media\/14507"}],"wp:attachment":[{"href":"https:\/\/lamostradevalencia.com\/ca\/wp-json\/wp\/v2\/media?parent=14515"}],"wp:term":[{"taxonomy":"category","embeddable":true,"href":"https:\/\/lamostradevalencia.com\/ca\/wp-json\/wp\/v2\/categories?post=14515"},{"taxonomy":"post_tag","embeddable":true,"href":"https:\/\/lamostradevalencia.com\/ca\/wp-json\/wp\/v2\/tags?post=14515"}],"curies":[{"name":"wp","href":"https:\/\/api.w.org\/{rel}","templated":true}]}}