{"id":14453,"date":"2022-09-08T10:28:34","date_gmt":"2022-09-08T08:28:34","guid":{"rendered":"https:\/\/lamostradevalencia.com\/?p=14453"},"modified":"2022-09-08T10:30:09","modified_gmt":"2022-09-08T08:30:09","slug":"robert-guediguian-rebra-la-palmera-dhonor-de-la-mostra-de-valencia-2022","status":"publish","type":"post","link":"https:\/\/lamostradevalencia.com\/ca\/robert-guediguian-rebra-la-palmera-dhonor-de-la-mostra-de-valencia-2022\/","title":{"rendered":"Robert Gu\u00e9diguian rebr\u00e0 la Palmera d&#8217;Honor de la Mostra de Val\u00e8ncia 2022"},"content":{"rendered":"<h5><b>En col\u00b7laboraci\u00f3 amb l\u2019Institut Valenci\u00e0 de Cultura, el festival dedicar\u00e0 un cicle i un llibre a un dels directors que millor ha retratat la llum i l&#8217;\u00e0nima mediterr\u00e0nies<\/b><\/h5>\n<p><span style=\"font-weight: 400;\">El director de <\/span><b>\u2018Marius y Jeannette\u2019 (1997)<\/b><span style=\"font-weight: 400;\">, <\/span><b>\u2018La ciudad est\u00e1 tranquila\u2019 (2000)<\/b><span style=\"font-weight: 400;\"> i <\/span><b>\u2018Las nieves del Kilimanjaro\u2019 (2011)<\/b><span style=\"font-weight: 400;\">, entre altres, recollir\u00e0 enguany el premi d&#8217;honor de Mostra de Val\u00e8ncia &#8211; Cinema del Mediterrani. Pocs han retratat com ell la llum del Mediterrani i les seues gents corrents, doncs bona part de la seua filmografia est\u00e0 lligada a Marsella i la seua costa. Honrat pel guard\u00f3, G\u00e9diguian assegura que \u201cel Mediterrani ens ensenya la possibilitat d&#8217;entesa entre els homes&#8230; Els intercanvis entre els seus pobles han sigut dels m\u00e9s fruct\u00edfers de la hist\u00f2ria mundial. Malgrat les guerres, les colonitzacions, les religions\u2026 esta part del m\u00f3n t\u00e9 un idioma com\u00fa, que \u00e9s el clima, el clima mediterrani caracteritzat pel violent contrast entre l&#8217;ombra i la llum que pot considerar-se com una met\u00e0fora de la vida mateixa\u201d.<\/span><\/p>\n<p>&nbsp;<\/p>\n<p><span style=\"font-weight: 400;\">Emparentat per la cr\u00edtica amb <\/span><b>Costa-Gavras<\/b><span style=\"font-weight: 400;\"> i <\/span><b>Ken Loach<\/b> <span style=\"font-weight: 400;\">per practicar un cine pol\u00edtic que troba acceptaci\u00f3 entre el p\u00fablic i ens advertix sobre els perills del neoliberalisme, Gu\u00e9diguian, a pesar que la seua obra traspua cert desencantament, no es mostra pessimista sobre el futur: &#8220;\u00abL&#8217;art de viure s&#8217;assembla m\u00e9s a la lluita lliure que al ball\u00bb, va escriure Marco Aurelio&#8230; Espere que el capitalisme muira pels seus propis excessos i que el substitu\u00efsca una altra forma de societat m\u00e9s social&#8230; la lluita per una major just\u00edcia no es detindr\u00e0. Per aix\u00f2, des d&#8217;este punt de vista, recordar els grans moments d&#8217;emancipaci\u00f3 de la humanitat no \u00e9s in\u00fatil; i, encara que foren ef\u00edmers, hem de retindre les lli\u00e7ons. No \u00e9s nost\u00e0lgia, o, almenys, \u00e9s nost\u00e0lgia d\u2019all\u00f2 que no va passar\u201d, assegura.<\/span><\/p>\n<p><span style=\"font-weight: 400;\">\u00a0<\/span><\/p>\n<p><span style=\"font-weight: 400;\">La presidenta de Mostra de Val\u00e8ncia, Gloria Tello, celebra l&#8217;acceptaci\u00f3 del guard\u00f3 per part de l&#8217;actor, productor, director i guionista: \u201c\u00c9s un honor que un dels principals autors del cine franc\u00e9s se sume a la llista de premiats dels \u00faltims anys, que, des que el festival es va recuperar, en 2018, ha reconegut <\/span><span style=\"font-weight: 400;\">a <\/span><span style=\"font-weight: 400;\">noms tan destacats com <\/span><b>Jean-Pierre Jeunet, Maria de Medeiros, Ferzan Ozpetek,<\/b> <b>Liliana Cavani, Efthimis Filippou i Abdellatif Kechiche\u201d<\/b><span style=\"font-weight: 400;\">.<\/span><\/p>\n<p><span style=\"font-weight: 400;\">\u00a0\u201cL&#8217;elecci\u00f3 de Gu\u00e9diguian respon a una voluntat clara de la Mostra per posar en valor el seu cine i demostrar la seua vig\u00e8ncia. En un moment hist\u00f2ric particularment convuls, les seues pel\u00b7l\u00edcules s\u00f3n m\u00e9s importants que mai, perqu\u00e8 ens diuen que la solidaritat i l&#8217;humanisme s\u00f3n l&#8217;\u00fanica alternativa possible\u201d, ha subratllat Eduardo Guillot, director art\u00edstic del festival.<\/span><\/p>\n<p>&nbsp;<\/p>\n<p><span style=\"font-weight: 400;\">Gu\u00e9diguian \u00e9s fidel a les seues idees, per\u00f2 tamb\u00e9 ha mantingut un equip fix de col\u00b7laboradors, des de l&#8217;escriptura (<\/span><b>Jean-Louis Milesi<\/b> <span style=\"font-weight: 400;\">va ser el seu guionista durant anys, que s\u2019alternaria despr\u00e9s amb<\/span><b> Gilles Taurand<\/b><span style=\"font-weight: 400;\"> i <\/span><b>Serge Vallett<\/b><span style=\"font-weight: 400;\">), per\u00f2 tamb\u00e9 en la interpretaci\u00f3: especialment amb <\/span><b>Ariane Ascaride<\/b><span style=\"font-weight: 400;\"> (la seua esposa), <\/span><b>Jean-Pierre Darroussin<\/b> <span style=\"font-weight: 400;\">(que s&#8217;ha convertit en el seu alter ego en pantalla durant els \u00faltims anys) i<\/span><b> G\u00e9rard Meylan<\/b><span style=\"font-weight: 400;\">. Als quals ha incorporat m\u00e9s recentment<\/span><span style=\"font-weight: 400;\"> a<\/span> <b>Robinson St\u00e9venin, Ana\u00efs Demoustier<\/b><span style=\"font-weight: 400;\"> i <\/span><b>Gr\u00e9goire Leprince-Ringuet<\/b><span style=\"font-weight: 400;\">.<\/span><\/p>\n<p>&nbsp;<\/p>\n<p><span style=\"font-weight: 400;\">Del 20 al 30 d&#8217;octubre, quan tindr\u00e0 lloc la 37a Mostra de Val\u00e8ncia-Cinema del Mediterrani, el p\u00fablic podr\u00e0 gaudir de la seua filmografia en el cicle programat en la Filmoteca de Val\u00e8ncia. A m\u00e9s, la Mostra i l\u2019Institut Valenci\u00e0 de Cultura (IVC) coeditaran el llibre <\/span><b>\u201cRobert Gu\u00e9diguian. La gent no s\u2019adona del poder que t\u00e9\u201d<\/b><span style=\"font-weight: 400;\">,<\/span><span style=\"font-weight: 400;\"> escrit per <\/span><b>Aar\u00f3n Rodr\u00edguez Serrano,<\/b><span style=\"font-weight: 400;\"> investigador i professor a la Universitat Jaume I. Doctor en Comunicaci\u00f3 (Universitat Europea de Madrid) i Graduat en Filosofia (UNED). Membre de l&#8217;Associaci\u00f3 Espanyola d&#8217;Historiadors del Cinema i de l&#8217;Associaci\u00f3 d&#8217;An\u00e0lisi Textual Trama &amp; Fondo.<\/span><span style=\"font-weight: 400;\">\u00a0<\/span><\/p>\n<p>&nbsp;<\/p>\n<p><span style=\"font-weight: 400;\">L&#8217;assaig, segons el seu autor, t\u00e9 dos objectius principals: \u201cIniciar-se en una traject\u00f2ria que, malgrat la seua relativa distribuci\u00f3, ha de trobar encara els seus espectadors \u2014molt especialment, per cert, entre les noves generacions de cin\u00e8fils i cin\u00e8files. I, alhora, \u00e9s reivindicar la seua figura no simplement com eixa categoria anecd\u00f2tica amb la qual a vegades sembla haver situat la cr\u00edtica majorit\u00e0ria la seua obra \u2014eixe, diguem-ne, \u201cpeculiar director marsell\u00e9s que conta hist\u00f2ries de pobres\u201d\u2014, sin\u00f3 com un autor complex i formalment arriscat que ha anat, amb tremenda humilitat per\u00f2 elogiosa persist\u00e8ncia, conquistant la seua pr\u00f2pia escriptura cinematogr\u00e0fica\u201d.<\/span><\/p>\n<p>&nbsp;<\/p>\n<p><span style=\"font-weight: 400;\">La 37a Mostra de Val\u00e8ncia &#8211; Cinema del Mediterrani compta amb la col\u00b7laboraci\u00f3 de l\u2019Institut Valenci\u00e0 de Cultura (IVC), Rambleta, Val\u00e8ncia Film Office, Barreira Arte + Dise\u00f1o i \u00c0 Punt M\u00e8dia com a mitj\u00e0 oficial.<\/span><\/p>\n","protected":false},"excerpt":{"rendered":"<p>En col\u00b7laboraci\u00f3 amb l\u2019Institut Valenci\u00e0 de Cultura, el festival dedicar\u00e0 un cicle i un llibre a un dels directors que millor ha retratat la llum [&hellip;]<\/p>\n","protected":false},"author":1,"featured_media":14449,"comment_status":"open","ping_status":"open","sticky":false,"template":"","format":"standard","meta":{"_uag_custom_page_level_css":"","_jet_sm_ready_style":"","_jet_sm_style":"","_jet_sm_controls_values":"","_jet_sm_fonts_collection":"","_jet_sm_fonts_links":"","footnotes":""},"categories":[455],"tags":[],"class_list":["post-14453","post","type-post","status-publish","format-standard","has-post-thumbnail","hentry","category-noticies"],"yoast_head":"<!-- This site is optimized with the Yoast SEO plugin v27.5 - https:\/\/yoast.com\/product\/yoast-seo-wordpress\/ -->\n<title>Robert Gu\u00e9diguian rebr\u00e0 la Palmera d&#039;Honor de la Mostra de Val\u00e8ncia 2022 - Mostra de Val\u00e8ncia<\/title>\n<meta name=\"robots\" content=\"index, follow, max-snippet:-1, max-image-preview:large, max-video-preview:-1\" \/>\n<link rel=\"canonical\" href=\"https:\/\/lamostradevalencia.com\/ca\/robert-guediguian-rebra-la-palmera-dhonor-de-la-mostra-de-valencia-2022\/\" \/>\n<meta property=\"og:locale\" content=\"ca_ES\" \/>\n<meta property=\"og:type\" content=\"article\" \/>\n<meta property=\"og:title\" content=\"Robert Gu\u00e9diguian rebr\u00e0 la Palmera d&#039;Honor de la Mostra de Val\u00e8ncia 2022 - Mostra de Val\u00e8ncia\" \/>\n<meta property=\"og:description\" content=\"En col\u00b7laboraci\u00f3 amb l\u2019Institut Valenci\u00e0 de Cultura, el festival dedicar\u00e0 un cicle i un llibre a un dels directors que millor ha retratat la llum [&hellip;]\" \/>\n<meta property=\"og:url\" content=\"https:\/\/lamostradevalencia.com\/ca\/robert-guediguian-rebra-la-palmera-dhonor-de-la-mostra-de-valencia-2022\/\" \/>\n<meta property=\"og:site_name\" content=\"Mostra de Val\u00e8ncia\" \/>\n<meta property=\"article:published_time\" content=\"2022-09-08T08:28:34+00:00\" \/>\n<meta property=\"article:modified_time\" content=\"2022-09-08T08:30:09+00:00\" \/>\n<meta property=\"og:image\" content=\"https:\/\/lamostradevalencia.com\/wp-content\/uploads\/2022\/09\/MOSTRA-DE-VALENCIA-1200-\u00d7-900-px.png\" \/>\n\t<meta property=\"og:image:width\" content=\"1200\" \/>\n\t<meta property=\"og:image:height\" content=\"900\" \/>\n\t<meta property=\"og:image:type\" content=\"image\/png\" \/>\n<meta name=\"author\" content=\"Mostra de Val\u00e8ncia\" \/>\n<meta name=\"twitter:card\" content=\"summary_large_image\" \/>\n<meta name=\"twitter:label1\" content=\"Escrit per\" \/>\n\t<meta name=\"twitter:data1\" content=\"Mostra de Val\u00e8ncia\" \/>\n\t<meta name=\"twitter:label2\" content=\"Temps estimat de lectura\" \/>\n\t<meta name=\"twitter:data2\" content=\"4 minuts\" \/>\n<script type=\"application\/ld+json\" class=\"yoast-schema-graph\">{\"@context\":\"https:\\\/\\\/schema.org\",\"@graph\":[{\"@type\":\"Article\",\"@id\":\"https:\\\/\\\/lamostradevalencia.com\\\/ca\\\/robert-guediguian-rebra-la-palmera-dhonor-de-la-mostra-de-valencia-2022\\\/#article\",\"isPartOf\":{\"@id\":\"https:\\\/\\\/lamostradevalencia.com\\\/ca\\\/robert-guediguian-rebra-la-palmera-dhonor-de-la-mostra-de-valencia-2022\\\/\"},\"author\":{\"name\":\"Mostra de Val\u00e8ncia\",\"@id\":\"https:\\\/\\\/lamostradevalencia.com\\\/ca\\\/#\\\/schema\\\/person\\\/1dc07e4df3d6310b81d2cdf6a034070c\"},\"headline\":\"Robert Gu\u00e9diguian rebr\u00e0 la Palmera d&#8217;Honor de la Mostra de Val\u00e8ncia 2022\",\"datePublished\":\"2022-09-08T08:28:34+00:00\",\"dateModified\":\"2022-09-08T08:30:09+00:00\",\"mainEntityOfPage\":{\"@id\":\"https:\\\/\\\/lamostradevalencia.com\\\/ca\\\/robert-guediguian-rebra-la-palmera-dhonor-de-la-mostra-de-valencia-2022\\\/\"},\"wordCount\":835,\"commentCount\":0,\"image\":{\"@id\":\"https:\\\/\\\/lamostradevalencia.com\\\/ca\\\/robert-guediguian-rebra-la-palmera-dhonor-de-la-mostra-de-valencia-2022\\\/#primaryimage\"},\"thumbnailUrl\":\"https:\\\/\\\/lamostradevalencia.com\\\/wp-content\\\/uploads\\\/2022\\\/09\\\/MOSTRA-DE-VALENCIA-1200-\u00d7-900-px.png\",\"articleSection\":[\"Noticies\"],\"inLanguage\":\"ca\",\"potentialAction\":[{\"@type\":\"CommentAction\",\"name\":\"Comment\",\"target\":[\"https:\\\/\\\/lamostradevalencia.com\\\/ca\\\/robert-guediguian-rebra-la-palmera-dhonor-de-la-mostra-de-valencia-2022\\\/#respond\"]}]},{\"@type\":\"WebPage\",\"@id\":\"https:\\\/\\\/lamostradevalencia.com\\\/ca\\\/robert-guediguian-rebra-la-palmera-dhonor-de-la-mostra-de-valencia-2022\\\/\",\"url\":\"https:\\\/\\\/lamostradevalencia.com\\\/ca\\\/robert-guediguian-rebra-la-palmera-dhonor-de-la-mostra-de-valencia-2022\\\/\",\"name\":\"Robert Gu\u00e9diguian rebr\u00e0 la Palmera d'Honor de la Mostra de Val\u00e8ncia 2022 - Mostra de Val\u00e8ncia\",\"isPartOf\":{\"@id\":\"https:\\\/\\\/lamostradevalencia.com\\\/ca\\\/#website\"},\"primaryImageOfPage\":{\"@id\":\"https:\\\/\\\/lamostradevalencia.com\\\/ca\\\/robert-guediguian-rebra-la-palmera-dhonor-de-la-mostra-de-valencia-2022\\\/#primaryimage\"},\"image\":{\"@id\":\"https:\\\/\\\/lamostradevalencia.com\\\/ca\\\/robert-guediguian-rebra-la-palmera-dhonor-de-la-mostra-de-valencia-2022\\\/#primaryimage\"},\"thumbnailUrl\":\"https:\\\/\\\/lamostradevalencia.com\\\/wp-content\\\/uploads\\\/2022\\\/09\\\/MOSTRA-DE-VALENCIA-1200-\u00d7-900-px.png\",\"datePublished\":\"2022-09-08T08:28:34+00:00\",\"dateModified\":\"2022-09-08T08:30:09+00:00\",\"author\":{\"@id\":\"https:\\\/\\\/lamostradevalencia.com\\\/ca\\\/#\\\/schema\\\/person\\\/1dc07e4df3d6310b81d2cdf6a034070c\"},\"breadcrumb\":{\"@id\":\"https:\\\/\\\/lamostradevalencia.com\\\/ca\\\/robert-guediguian-rebra-la-palmera-dhonor-de-la-mostra-de-valencia-2022\\\/#breadcrumb\"},\"inLanguage\":\"ca\",\"potentialAction\":[{\"@type\":\"ReadAction\",\"target\":[\"https:\\\/\\\/lamostradevalencia.com\\\/ca\\\/robert-guediguian-rebra-la-palmera-dhonor-de-la-mostra-de-valencia-2022\\\/\"]}]},{\"@type\":\"ImageObject\",\"inLanguage\":\"ca\",\"@id\":\"https:\\\/\\\/lamostradevalencia.com\\\/ca\\\/robert-guediguian-rebra-la-palmera-dhonor-de-la-mostra-de-valencia-2022\\\/#primaryimage\",\"url\":\"https:\\\/\\\/lamostradevalencia.com\\\/wp-content\\\/uploads\\\/2022\\\/09\\\/MOSTRA-DE-VALENCIA-1200-\u00d7-900-px.png\",\"contentUrl\":\"https:\\\/\\\/lamostradevalencia.com\\\/wp-content\\\/uploads\\\/2022\\\/09\\\/MOSTRA-DE-VALENCIA-1200-\u00d7-900-px.png\",\"width\":1200,\"height\":900},{\"@type\":\"BreadcrumbList\",\"@id\":\"https:\\\/\\\/lamostradevalencia.com\\\/ca\\\/robert-guediguian-rebra-la-palmera-dhonor-de-la-mostra-de-valencia-2022\\\/#breadcrumb\",\"itemListElement\":[{\"@type\":\"ListItem\",\"position\":1,\"name\":\"Portada\",\"item\":\"https:\\\/\\\/lamostradevalencia.com\\\/ca\\\/\"},{\"@type\":\"ListItem\",\"position\":2,\"name\":\"Robert Gu\u00e9diguian rebr\u00e0 la Palmera d&#8217;Honor de la Mostra de Val\u00e8ncia 2022\"}]},{\"@type\":\"WebSite\",\"@id\":\"https:\\\/\\\/lamostradevalencia.com\\\/ca\\\/#website\",\"url\":\"https:\\\/\\\/lamostradevalencia.com\\\/ca\\\/\",\"name\":\"Mostra de Val\u00e8ncia\",\"description\":\"Cinema del Mediterrani\",\"potentialAction\":[{\"@type\":\"SearchAction\",\"target\":{\"@type\":\"EntryPoint\",\"urlTemplate\":\"https:\\\/\\\/lamostradevalencia.com\\\/ca\\\/?s={search_term_string}\"},\"query-input\":{\"@type\":\"PropertyValueSpecification\",\"valueRequired\":true,\"valueName\":\"search_term_string\"}}],\"inLanguage\":\"ca\"},{\"@type\":\"Person\",\"@id\":\"https:\\\/\\\/lamostradevalencia.com\\\/ca\\\/#\\\/schema\\\/person\\\/1dc07e4df3d6310b81d2cdf6a034070c\",\"name\":\"Mostra de Val\u00e8ncia\",\"image\":{\"@type\":\"ImageObject\",\"inLanguage\":\"ca\",\"@id\":\"https:\\\/\\\/secure.gravatar.com\\\/avatar\\\/ada4dfd699a9907706987adb1bb2b361c2613ccca474b49b8c648de5208e32f8?s=96&d=mm&r=g\",\"url\":\"https:\\\/\\\/secure.gravatar.com\\\/avatar\\\/ada4dfd699a9907706987adb1bb2b361c2613ccca474b49b8c648de5208e32f8?s=96&d=mm&r=g\",\"contentUrl\":\"https:\\\/\\\/secure.gravatar.com\\\/avatar\\\/ada4dfd699a9907706987adb1bb2b361c2613ccca474b49b8c648de5208e32f8?s=96&d=mm&r=g\",\"caption\":\"Mostra de Val\u00e8ncia\"}}]}<\/script>\n<!-- \/ Yoast SEO plugin. -->","yoast_head_json":{"title":"Robert Gu\u00e9diguian rebr\u00e0 la Palmera d'Honor de la Mostra de Val\u00e8ncia 2022 - Mostra de Val\u00e8ncia","robots":{"index":"index","follow":"follow","max-snippet":"max-snippet:-1","max-image-preview":"max-image-preview:large","max-video-preview":"max-video-preview:-1"},"canonical":"https:\/\/lamostradevalencia.com\/ca\/robert-guediguian-rebra-la-palmera-dhonor-de-la-mostra-de-valencia-2022\/","og_locale":"ca_ES","og_type":"article","og_title":"Robert Gu\u00e9diguian rebr\u00e0 la Palmera d'Honor de la Mostra de Val\u00e8ncia 2022 - Mostra de Val\u00e8ncia","og_description":"En col\u00b7laboraci\u00f3 amb l\u2019Institut Valenci\u00e0 de Cultura, el festival dedicar\u00e0 un cicle i un llibre a un dels directors que millor ha retratat la llum [&hellip;]","og_url":"https:\/\/lamostradevalencia.com\/ca\/robert-guediguian-rebra-la-palmera-dhonor-de-la-mostra-de-valencia-2022\/","og_site_name":"Mostra de Val\u00e8ncia","article_published_time":"2022-09-08T08:28:34+00:00","article_modified_time":"2022-09-08T08:30:09+00:00","og_image":[{"width":1200,"height":900,"url":"https:\/\/lamostradevalencia.com\/wp-content\/uploads\/2022\/09\/MOSTRA-DE-VALENCIA-1200-\u00d7-900-px.png","type":"image\/png"}],"author":"Mostra de Val\u00e8ncia","twitter_card":"summary_large_image","twitter_misc":{"Escrit per":"Mostra de Val\u00e8ncia","Temps estimat de lectura":"4 minuts"},"schema":{"@context":"https:\/\/schema.org","@graph":[{"@type":"Article","@id":"https:\/\/lamostradevalencia.com\/ca\/robert-guediguian-rebra-la-palmera-dhonor-de-la-mostra-de-valencia-2022\/#article","isPartOf":{"@id":"https:\/\/lamostradevalencia.com\/ca\/robert-guediguian-rebra-la-palmera-dhonor-de-la-mostra-de-valencia-2022\/"},"author":{"name":"Mostra de Val\u00e8ncia","@id":"https:\/\/lamostradevalencia.com\/ca\/#\/schema\/person\/1dc07e4df3d6310b81d2cdf6a034070c"},"headline":"Robert Gu\u00e9diguian rebr\u00e0 la Palmera d&#8217;Honor de la Mostra de Val\u00e8ncia 2022","datePublished":"2022-09-08T08:28:34+00:00","dateModified":"2022-09-08T08:30:09+00:00","mainEntityOfPage":{"@id":"https:\/\/lamostradevalencia.com\/ca\/robert-guediguian-rebra-la-palmera-dhonor-de-la-mostra-de-valencia-2022\/"},"wordCount":835,"commentCount":0,"image":{"@id":"https:\/\/lamostradevalencia.com\/ca\/robert-guediguian-rebra-la-palmera-dhonor-de-la-mostra-de-valencia-2022\/#primaryimage"},"thumbnailUrl":"https:\/\/lamostradevalencia.com\/wp-content\/uploads\/2022\/09\/MOSTRA-DE-VALENCIA-1200-\u00d7-900-px.png","articleSection":["Noticies"],"inLanguage":"ca","potentialAction":[{"@type":"CommentAction","name":"Comment","target":["https:\/\/lamostradevalencia.com\/ca\/robert-guediguian-rebra-la-palmera-dhonor-de-la-mostra-de-valencia-2022\/#respond"]}]},{"@type":"WebPage","@id":"https:\/\/lamostradevalencia.com\/ca\/robert-guediguian-rebra-la-palmera-dhonor-de-la-mostra-de-valencia-2022\/","url":"https:\/\/lamostradevalencia.com\/ca\/robert-guediguian-rebra-la-palmera-dhonor-de-la-mostra-de-valencia-2022\/","name":"Robert Gu\u00e9diguian rebr\u00e0 la Palmera d'Honor de la Mostra de Val\u00e8ncia 2022 - Mostra de Val\u00e8ncia","isPartOf":{"@id":"https:\/\/lamostradevalencia.com\/ca\/#website"},"primaryImageOfPage":{"@id":"https:\/\/lamostradevalencia.com\/ca\/robert-guediguian-rebra-la-palmera-dhonor-de-la-mostra-de-valencia-2022\/#primaryimage"},"image":{"@id":"https:\/\/lamostradevalencia.com\/ca\/robert-guediguian-rebra-la-palmera-dhonor-de-la-mostra-de-valencia-2022\/#primaryimage"},"thumbnailUrl":"https:\/\/lamostradevalencia.com\/wp-content\/uploads\/2022\/09\/MOSTRA-DE-VALENCIA-1200-\u00d7-900-px.png","datePublished":"2022-09-08T08:28:34+00:00","dateModified":"2022-09-08T08:30:09+00:00","author":{"@id":"https:\/\/lamostradevalencia.com\/ca\/#\/schema\/person\/1dc07e4df3d6310b81d2cdf6a034070c"},"breadcrumb":{"@id":"https:\/\/lamostradevalencia.com\/ca\/robert-guediguian-rebra-la-palmera-dhonor-de-la-mostra-de-valencia-2022\/#breadcrumb"},"inLanguage":"ca","potentialAction":[{"@type":"ReadAction","target":["https:\/\/lamostradevalencia.com\/ca\/robert-guediguian-rebra-la-palmera-dhonor-de-la-mostra-de-valencia-2022\/"]}]},{"@type":"ImageObject","inLanguage":"ca","@id":"https:\/\/lamostradevalencia.com\/ca\/robert-guediguian-rebra-la-palmera-dhonor-de-la-mostra-de-valencia-2022\/#primaryimage","url":"https:\/\/lamostradevalencia.com\/wp-content\/uploads\/2022\/09\/MOSTRA-DE-VALENCIA-1200-\u00d7-900-px.png","contentUrl":"https:\/\/lamostradevalencia.com\/wp-content\/uploads\/2022\/09\/MOSTRA-DE-VALENCIA-1200-\u00d7-900-px.png","width":1200,"height":900},{"@type":"BreadcrumbList","@id":"https:\/\/lamostradevalencia.com\/ca\/robert-guediguian-rebra-la-palmera-dhonor-de-la-mostra-de-valencia-2022\/#breadcrumb","itemListElement":[{"@type":"ListItem","position":1,"name":"Portada","item":"https:\/\/lamostradevalencia.com\/ca\/"},{"@type":"ListItem","position":2,"name":"Robert Gu\u00e9diguian rebr\u00e0 la Palmera d&#8217;Honor de la Mostra de Val\u00e8ncia 2022"}]},{"@type":"WebSite","@id":"https:\/\/lamostradevalencia.com\/ca\/#website","url":"https:\/\/lamostradevalencia.com\/ca\/","name":"Mostra de Val\u00e8ncia","description":"Cinema del Mediterrani","potentialAction":[{"@type":"SearchAction","target":{"@type":"EntryPoint","urlTemplate":"https:\/\/lamostradevalencia.com\/ca\/?s={search_term_string}"},"query-input":{"@type":"PropertyValueSpecification","valueRequired":true,"valueName":"search_term_string"}}],"inLanguage":"ca"},{"@type":"Person","@id":"https:\/\/lamostradevalencia.com\/ca\/#\/schema\/person\/1dc07e4df3d6310b81d2cdf6a034070c","name":"Mostra de Val\u00e8ncia","image":{"@type":"ImageObject","inLanguage":"ca","@id":"https:\/\/secure.gravatar.com\/avatar\/ada4dfd699a9907706987adb1bb2b361c2613ccca474b49b8c648de5208e32f8?s=96&d=mm&r=g","url":"https:\/\/secure.gravatar.com\/avatar\/ada4dfd699a9907706987adb1bb2b361c2613ccca474b49b8c648de5208e32f8?s=96&d=mm&r=g","contentUrl":"https:\/\/secure.gravatar.com\/avatar\/ada4dfd699a9907706987adb1bb2b361c2613ccca474b49b8c648de5208e32f8?s=96&d=mm&r=g","caption":"Mostra de Val\u00e8ncia"}}]}},"uagb_featured_image_src":{"full":["https:\/\/lamostradevalencia.com\/wp-content\/uploads\/2022\/09\/MOSTRA-DE-VALENCIA-1200-\u00d7-900-px.png",1200,900,false],"thumbnail":["https:\/\/lamostradevalencia.com\/wp-content\/uploads\/2022\/09\/MOSTRA-DE-VALENCIA-1200-\u00d7-900-px-150x150.png",150,150,true],"medium":["https:\/\/lamostradevalencia.com\/wp-content\/uploads\/2022\/09\/MOSTRA-DE-VALENCIA-1200-\u00d7-900-px-300x225.png",300,225,true],"medium_large":["https:\/\/lamostradevalencia.com\/wp-content\/uploads\/2022\/09\/MOSTRA-DE-VALENCIA-1200-\u00d7-900-px-768x576.png",768,576,true],"large":["https:\/\/lamostradevalencia.com\/wp-content\/uploads\/2022\/09\/MOSTRA-DE-VALENCIA-1200-\u00d7-900-px-1024x768.png",1024,768,true],"1536x1536":["https:\/\/lamostradevalencia.com\/wp-content\/uploads\/2022\/09\/MOSTRA-DE-VALENCIA-1200-\u00d7-900-px.png",1200,900,false],"2048x2048":["https:\/\/lamostradevalencia.com\/wp-content\/uploads\/2022\/09\/MOSTRA-DE-VALENCIA-1200-\u00d7-900-px.png",1200,900,false],"cinerama_edge_image_square":["https:\/\/lamostradevalencia.com\/wp-content\/uploads\/2022\/09\/MOSTRA-DE-VALENCIA-1200-\u00d7-900-px-550x550.png",550,550,true],"cinerama_edge_image_landscape":["https:\/\/lamostradevalencia.com\/wp-content\/uploads\/2022\/09\/MOSTRA-DE-VALENCIA-1200-\u00d7-900-px-1100x550.png",1100,550,true],"cinerama_edge_image_portrait":["https:\/\/lamostradevalencia.com\/wp-content\/uploads\/2022\/09\/MOSTRA-DE-VALENCIA-1200-\u00d7-900-px-550x900.png",550,900,true],"cinerama_edge_image_huge":["https:\/\/lamostradevalencia.com\/wp-content\/uploads\/2022\/09\/MOSTRA-DE-VALENCIA-1200-\u00d7-900-px-1100x900.png",1100,900,true],"gform-image-choice-sm":["https:\/\/lamostradevalencia.com\/wp-content\/uploads\/2022\/09\/MOSTRA-DE-VALENCIA-1200-\u00d7-900-px.png",300,225,false],"gform-image-choice-md":["https:\/\/lamostradevalencia.com\/wp-content\/uploads\/2022\/09\/MOSTRA-DE-VALENCIA-1200-\u00d7-900-px.png",400,300,false],"gform-image-choice-lg":["https:\/\/lamostradevalencia.com\/wp-content\/uploads\/2022\/09\/MOSTRA-DE-VALENCIA-1200-\u00d7-900-px.png",600,450,false]},"uagb_author_info":{"display_name":"Mostra de Val\u00e8ncia","author_link":"https:\/\/lamostradevalencia.com\/ca\/author\/mostravalencia\/"},"uagb_comment_info":0,"uagb_excerpt":"En col\u00b7laboraci\u00f3 amb l\u2019Institut Valenci\u00e0 de Cultura, el festival dedicar\u00e0 un cicle i un llibre a un dels directors que millor ha retratat la llum [&hellip;]","_links":{"self":[{"href":"https:\/\/lamostradevalencia.com\/ca\/wp-json\/wp\/v2\/posts\/14453","targetHints":{"allow":["GET"]}}],"collection":[{"href":"https:\/\/lamostradevalencia.com\/ca\/wp-json\/wp\/v2\/posts"}],"about":[{"href":"https:\/\/lamostradevalencia.com\/ca\/wp-json\/wp\/v2\/types\/post"}],"author":[{"embeddable":true,"href":"https:\/\/lamostradevalencia.com\/ca\/wp-json\/wp\/v2\/users\/1"}],"replies":[{"embeddable":true,"href":"https:\/\/lamostradevalencia.com\/ca\/wp-json\/wp\/v2\/comments?post=14453"}],"version-history":[{"count":2,"href":"https:\/\/lamostradevalencia.com\/ca\/wp-json\/wp\/v2\/posts\/14453\/revisions"}],"predecessor-version":[{"id":14480,"href":"https:\/\/lamostradevalencia.com\/ca\/wp-json\/wp\/v2\/posts\/14453\/revisions\/14480"}],"wp:featuredmedia":[{"embeddable":true,"href":"https:\/\/lamostradevalencia.com\/ca\/wp-json\/wp\/v2\/media\/14449"}],"wp:attachment":[{"href":"https:\/\/lamostradevalencia.com\/ca\/wp-json\/wp\/v2\/media?parent=14453"}],"wp:term":[{"taxonomy":"category","embeddable":true,"href":"https:\/\/lamostradevalencia.com\/ca\/wp-json\/wp\/v2\/categories?post=14453"},{"taxonomy":"post_tag","embeddable":true,"href":"https:\/\/lamostradevalencia.com\/ca\/wp-json\/wp\/v2\/tags?post=14453"}],"curies":[{"name":"wp","href":"https:\/\/api.w.org\/{rel}","templated":true}]}}