{"id":14402,"date":"2022-09-05T13:52:18","date_gmt":"2022-09-05T11:52:18","guid":{"rendered":"https:\/\/lamostradevalencia.com\/?p=14402"},"modified":"2022-09-13T18:15:54","modified_gmt":"2022-09-13T16:15:54","slug":"quatre-projectes-espanyols-seleccionats-pel-forum-mediterrani-de-coproduccio-de-la-mostra","status":"publish","type":"post","link":"https:\/\/lamostradevalencia.com\/ca\/quatre-projectes-espanyols-seleccionats-pel-forum-mediterrani-de-coproduccio-de-la-mostra\/","title":{"rendered":"Quatre projectes espanyols seleccionats pel f\u00f2rum mediterrani de coproducci\u00f3 de la Mostra"},"content":{"rendered":"<h5><b>Val\u00e8ncia Film Afers, que se celebrar\u00e0 en el centre Barreira, rebr\u00e0 productors nacionals i internacionals<\/b><\/h5>\n<p><span style=\"font-weight: 400;\">Dos projectes valencians, un de catal\u00e0 i un de Valladolid formen part de la desena de propostes seleccionades en la primera edici\u00f3 de Val\u00e8ncia Film Afers &#8211; F\u00f2rum de coproducci\u00f3 internacional que Mostra de Val\u00e8ncia celebrar\u00e0 en el marc del certamen els dies 22 i 23 d&#8217;octubre, en el Centre d&#8217;Estudis Superiors Barreira, la seu valenciana del prestigi\u00f3s Centre Sperimentale di Cinematografia de Roma, \u00fanica fora d&#8217;It\u00e0lia.\u00a0<\/span><\/p>\n<p>&nbsp;<\/p>\n<p><span style=\"font-weight: 400;\">El f\u00f2rum, dirigit a dotar de finan\u00e7ament i viabilitat els projectes de cineastes de la conca mediterr\u00e0nia, facilitar\u00e0 a Val\u00e8ncia la trobada professional amb destacats representants d&#8217;\u00e0mbit internacional de la producci\u00f3, la distribuci\u00f3, les plataformes i diversos fons de suport cinematogr\u00e0fic. \u201cEste f\u00f2rum \u00e9s la gran aposta pel vessant industrial del festival. La convocat\u00f2ria de projectes ha tingut un gran acolliment tant a nivell nacional com internacional. La selecci\u00f3 realitzada, a m\u00e9s, prova el gran moment que viu el cine valenci\u00e0\u201d, assegura Gloria Tello, presidenta de Mostra de Val\u00e8ncia.\u00a0<\/span><\/p>\n<p>&nbsp;<\/p>\n<p><span style=\"font-weight: 400;\">Els projectes seleccionats abasten tem\u00e0tiques molt variades que transiten per la mem\u00f2ria hist\u00f2rica, les relacions familiars, la salut mental, l&#8217;a\u00efllament social o la superviv\u00e8ncia dels pobles xicotets.<\/span><\/p>\n<p>&nbsp;<\/p>\n<p><span style=\"font-weight: 400;\">Ja han confirmat la seua pres\u00e8ncia com a productors convidats: <\/span><b>Thanassis Karathanos<\/b><span style=\"font-weight: 400;\"> -responsable d\u2019<\/span><b>\u2018Elle\u2019<\/b><span style=\"font-weight: 400;\"> (Paul Verhoeven, 2016) o <\/span><b>\u2018Una pasteler\u00eda en Tokio\u2019<\/b><span style=\"font-weight: 400;\"> (Naomi Kawase, 2015)-, <\/span><b>Nadia Turincev<\/b><span style=\"font-weight: 400;\"> &#8211;<\/span><b>\u2018Crudo\u2019 <\/b><span style=\"font-weight: 400;\">(Julia Ducournau, 2016), <\/span><b>\u2018Caras y lugares\u2019 <\/b><span style=\"font-weight: 400;\">(Agnes Vard\u00e0 &amp; JR, 2017),<\/span><b> \u2018Mimosas\u2019 <\/b><span style=\"font-weight: 400;\">(Oliver Laxe, 2016)-, <\/span><b>Roman Paul -\u2018Un amour de jeunesse\u2019<\/b><span style=\"font-weight: 400;\"> (Mia Hansen-L\u00f8ve, 2011), o les nominades als Oscar<\/span><b> \u2018Vals con Bashir\u2019 <\/b><span style=\"font-weight: 400;\">(Ari Folman, 2008) i <\/span><b>\u2018Quo Vadis, Aida?\u2019<\/b><span style=\"font-weight: 400;\"> (Jasmila \u017dbani\u0107, 2020)-, l\u2019alacantina<\/span><b> Marina Perales Marhuenda<\/b><span style=\"font-weight: 400;\"> &#8211;<\/span><b>\u2018Little Joe\u2019<\/b><span style=\"font-weight: 400;\"> (Jessica Hausner, 2019), <\/span><b>\u2018Esp\u00edritu sagrado\u2019 <\/b><span style=\"font-weight: 400;\">(Chema Garc\u00eda Ibarra, 2021) o la Palma d\u2019Or en Cannes <\/span><b>\u2018El tri\u00e1ngulo de la tristeza\u2019<\/b><span style=\"font-weight: 400;\"> (Ruben \u00d6stlund)-, el productor i director valenci\u00e0 <\/span><b>Rafa Mol\u00e9s<\/b><span style=\"font-weight: 400;\"> &#8211;<\/span><b>\u2018HollyBlood\u2019<\/b><span style=\"font-weight: 400;\"> (Jes\u00fas Font, 2022),<\/span><b> \u2018La mort de Guillem\u2019 <\/b><span style=\"font-weight: 400;\">(Carlos Marqu\u00e9s-Marcet, 2021) i<\/span><b> \u2018El agua\u2019<\/b><span style=\"font-weight: 400;\">, \u00f2pera prima d\u2019Elena L\u00f3pez Riera, presentada en la Quinzena de Realitzadors de Cannes 2022-, aix\u00ed com <\/span><b>Jessica Khoury, <\/b><span style=\"font-weight: 400;\">cap d\u2019adquisicions de Film Clinic Indie Distribution (Abu-Dhabi), <\/span><span style=\"font-weight: 400;\">entre molts altres. Las inscripcions continuen obertes per a productors valencians i de la resta d\u2019Espanya.<\/span><\/p>\n<p>&nbsp;<\/p>\n<p><span style=\"font-weight: 400;\">Pel que fa als projectes seleccionats, el guionista i director valenci\u00e0 <\/span><b>Gabriel Ochoa<\/b><span style=\"font-weight: 400;\"> participar\u00e0 en el f\u00f2rum per impulsar la seua segona pel\u00b7l\u00edcula, <\/span><b>&#8216;Nena&#8217;<\/b><span style=\"font-weight: 400;\">, una hist\u00f2ria familiar on es desencadena un amarg roman\u00e7 entre dos dones, que t\u00e9 previst rodar a Benaguasil, la Pobla de Vallbona i Vilamarxant. Ochoa, autor i director d&#8217;una desena de curts i documentals, va debutar en el llargmetratge amb <\/span><b>&#8216;<\/b><span style=\"font-weight: 400;\">El amor no es lo que era<\/span><b>&#8216;<\/b><span style=\"font-weight: 400;\">, pel\u00b7l\u00edcula aclamada per la cr\u00edtica.<\/span><\/p>\n<p>&nbsp;<\/p>\n<p><span style=\"font-weight: 400;\">La productora valenciana Tarann\u00e0 Films, capitanejada per <\/span><b>Giovanna Ribes<\/b><span style=\"font-weight: 400;\">, estar\u00e0 present amb <\/span><b>&#8216;A day in march&#8217;<\/b><span style=\"font-weight: 400;\">, on la guardonada directora turca \u00c7i\u011fdem Sezgin s&#8217;endinsa en la hist\u00f2ria d&#8217;una parella que decidix traslladar-se a un llogaret d&#8217;Istanbul per salvar el seu matrimoni. Tarann\u00e0 ja va apostar amb \u00e8xit per &#8216;Suna&#8217;, anterior pel\u00b7l\u00edcula de Sezgin, premiada en Antalya, Mannheim i Ginebra. La productora valenciana atresora entre les seues produccions t\u00edtols com ara \u2018Un suave olor de canela&#8217; (Millor Pel\u00b7l\u00edcula en el Mumbai Women\u2019s International Film Festival), &#8216;La familia (Dementia)&#8217; o \u2018Las cartas perdidas\u2019, documental premiat en els festivals de M\u00e0laga i Sant Sebasti\u00e0.\u00a0<\/span><\/p>\n<p>&nbsp;<\/p>\n<p><span style=\"font-weight: 400;\">El catal\u00e0 <\/span><b>Marc Ortiz Prades<\/b><span style=\"font-weight: 400;\"> presentar\u00e0 en el f\u00f2rum de la Mostra <\/span><b>&#8216;L&#8217;Aguait&#8217;<\/b><span style=\"font-weight: 400;\">, un projecte del qual va acabar de perfilar el gui\u00f3 juliol passat a Val\u00e8ncia en la primera edici\u00f3 del campus d&#8217;estiu organitzat entre l&#8217;acad\u00e8mia de cine d\u2019Espanya i Netflix. En ell, Ortiz recupera per a la pantalla gran la figura de la Pastora, un ex maqui intersexual que es convertix en bandoler i assass\u00ed, una hist\u00f2ria basada en fets reals les localitzacions de la qual se situen a Castell\u00f3. Com a director i guionista, el catal\u00e0 ha realitzat curtmetratges, videoclips i documentals que han sigut premiats en diversos festivals dins i fora d\u2019Espanya.<\/span><\/p>\n<p>&nbsp;<\/p>\n<p><span style=\"font-weight: 400;\">De producci\u00f3 espanyola \u00e9s tamb\u00e9 <\/span><b>&#8216;Alegre y ol\u00e9&#8217;<\/b><span style=\"font-weight: 400;\">, que firma la directora <\/span><b>Clara Santaolaya<\/b><span style=\"font-weight: 400;\"> sota el paraigua de la productora val\u00b7lisoletana Batiak Films junt amb les peruanes La Soga Producciones i Suena Per\u00fa. Un drama que t\u00e9 previst rodar a Espanya per retratar el relat vital d&#8217;una xica amb problemes que inicia un viatge emocional amb el seu avi malalt d&#8217;Alzheimer. Com a realitzadora de ficci\u00f3 ha dirigit i produ\u00eft diversos curts entre els quals destaquen, per la seua envergadura, premis i recorregut, &#8216;Pangea&#8217; (2015) i &#8216;Nuestra calle&#8217; (2019).<\/span><\/p>\n<p>&nbsp;<\/p>\n<p><span style=\"font-weight: 400;\">Una altra de les propostes que arribaran a Val\u00e8ncia s\u00f3n <\/span><b>&#8217;50 Meters&#8217;<\/b><span style=\"font-weight: 400;\">, on l&#8217;egipci <\/span><b>Yomna Khattab<\/b><span style=\"font-weight: 400;\"> s&#8217;endinsa en la vida paral\u00b7lela del seu pare recentment jubilat per submergir-se en els relats de la seua generaci\u00f3 i reflexionar sobre el seu propi futur; <\/span><b>&#8216;A State of Distraction&#8217;<\/b><span style=\"font-weight: 400;\">, una com\u00e8dia en qu\u00e8 el liban\u00e9s <\/span><b>Elie Khalife<\/b><span style=\"font-weight: 400;\"> ficciona en clau d&#8217;humor com fer cinema en un L\u00edban a la vora del col\u00b7lapse fent front a tota mena de desafiaments; o <\/span><b>&#8216;El Max&#8217;<\/b><span style=\"font-weight: 400;\">, un drama social de l&#8217;egipci <\/span><b>Amrosh Badr<\/b><span style=\"font-weight: 400;\"> sobre les vides de personatges que naveguen entre la indig\u00e8ncia, l&#8217;a\u00efllament social i la desesperan\u00e7a. Completen la llista dels projectes seleccionats <\/span><b>&#8216;Savanna and the Mountain&#8217;<\/b><span style=\"font-weight: 400;\">, on el portugu\u00e9s <\/span><b>Paulo Carneiro<\/b><span style=\"font-weight: 400;\"> retrata la lluita d&#8217;un poble per defensar el seu territori i cultura; <\/span><b>&#8216;The Pigeon Tower&#8217;<\/b><span style=\"font-weight: 400;\">, amb qu\u00e8 l&#8217;eg\u00edpcia <\/span><b>Amal Ramsis <\/b><span style=\"font-weight: 400;\">endinsa tres personatges femenins en les carreres de coloms, un joc dominat per homes que no accepten la seua entrada. I <\/span><b>&#8216;The Sad Life of Happy Pig!<\/b><span style=\"font-weight: 400;\">&#8216;, de la libanesa establida a Fran\u00e7a <\/span><b>Christy Whaibe<\/b><span style=\"font-weight: 400;\">, una com\u00e8dia social pol\u00edtica protagonitzada per un xic que treballa disfressant-se de mascotes en esdeveniments i que decidix venjar la mort del seu pare, assassinat per un pol\u00edtic.<\/span><\/p>\n<p><span style=\"font-weight: 400;\">\u00a0<\/span><\/p>\n<p><span style=\"font-weight: 400;\">El f\u00f2rum, a m\u00e9s d&#8217;un punt de trobada, tindr\u00e0 tamb\u00e9 una part formativa. Participaran grans especialistes, com \u00e9s <\/span><b>Rosa Bosch<\/b><span style=\"font-weight: 400;\">, que acumula \u00e8xits en la distribuci\u00f3 mundial de pel\u00b7l\u00edcules, com ara \u2018Amores perros\u2019, &#8216;Calle 54&#8217;, &#8216;Buenavista Social Club&#8217; o &#8216;Lost in La Manxa&#8217; i que aprofundir\u00e0 en les eines, t\u00e8cniques, trucs i pensament lateral necessaris per a llan\u00e7ar amb \u00e8xit un film en l&#8217;\u00e0mbit internacional. La 37a Mostra de Val\u00e8ncia \u2013 Cinema del Mediterrani, que se celebrar\u00e0 del 20 al 30 d&#8217;octubre, compta amb la col\u00b7laboraci\u00f3 de l&#8217;Institut Valenci\u00e0 de Cultura (IVC), Rambleta, Val\u00e8ncia Film Office, Barreira Art + Disseny i \u00c0 Punt M\u00e8dia com a mitj\u00e0 oficial.<\/span><\/p>\n","protected":false},"excerpt":{"rendered":"<p>Val\u00e8ncia Film Afers, que se celebrar\u00e0 en el centre Barreira, rebr\u00e0 productors nacionals i internacionals Dos projectes valencians, un de catal\u00e0 i un de Valladolid [&hellip;]<\/p>\n","protected":false},"author":1,"featured_media":14398,"comment_status":"open","ping_status":"open","sticky":false,"template":"","format":"standard","meta":{"_uag_custom_page_level_css":"","_jet_sm_ready_style":"","_jet_sm_style":"","_jet_sm_controls_values":"","_jet_sm_fonts_collection":"","_jet_sm_fonts_links":"","footnotes":""},"categories":[455],"tags":[],"class_list":["post-14402","post","type-post","status-publish","format-standard","has-post-thumbnail","hentry","category-noticies"],"yoast_head":"<!-- This site is optimized with the Yoast SEO plugin v27.5 - https:\/\/yoast.com\/product\/yoast-seo-wordpress\/ -->\n<title>Quatre projectes espanyols seleccionats pel f\u00f2rum mediterrani de coproducci\u00f3 de la Mostra - Mostra de Val\u00e8ncia<\/title>\n<meta name=\"robots\" content=\"index, follow, max-snippet:-1, max-image-preview:large, max-video-preview:-1\" \/>\n<link rel=\"canonical\" href=\"https:\/\/lamostradevalencia.com\/ca\/quatre-projectes-espanyols-seleccionats-pel-forum-mediterrani-de-coproduccio-de-la-mostra\/\" \/>\n<meta property=\"og:locale\" content=\"ca_ES\" \/>\n<meta property=\"og:type\" content=\"article\" \/>\n<meta property=\"og:title\" content=\"Quatre projectes espanyols seleccionats pel f\u00f2rum mediterrani de coproducci\u00f3 de la Mostra - Mostra de Val\u00e8ncia\" \/>\n<meta property=\"og:description\" content=\"Val\u00e8ncia Film Afers, que se celebrar\u00e0 en el centre Barreira, rebr\u00e0 productors nacionals i internacionals Dos projectes valencians, un de catal\u00e0 i un de Valladolid [&hellip;]\" \/>\n<meta property=\"og:url\" content=\"https:\/\/lamostradevalencia.com\/ca\/quatre-projectes-espanyols-seleccionats-pel-forum-mediterrani-de-coproduccio-de-la-mostra\/\" \/>\n<meta property=\"og:site_name\" content=\"Mostra de Val\u00e8ncia\" \/>\n<meta property=\"article:published_time\" content=\"2022-09-05T11:52:18+00:00\" \/>\n<meta property=\"article:modified_time\" content=\"2022-09-13T16:15:54+00:00\" \/>\n<meta property=\"og:image\" content=\"https:\/\/lamostradevalencia.com\/wp-content\/uploads\/2022\/09\/cartel-foro-2.png\" \/>\n\t<meta property=\"og:image:width\" content=\"1200\" \/>\n\t<meta property=\"og:image:height\" content=\"900\" \/>\n\t<meta property=\"og:image:type\" content=\"image\/png\" \/>\n<meta name=\"author\" content=\"Mostra de Val\u00e8ncia\" \/>\n<meta name=\"twitter:card\" content=\"summary_large_image\" \/>\n<meta name=\"twitter:label1\" content=\"Escrit per\" \/>\n\t<meta name=\"twitter:data1\" content=\"Mostra de Val\u00e8ncia\" \/>\n\t<meta name=\"twitter:label2\" content=\"Temps estimat de lectura\" \/>\n\t<meta name=\"twitter:data2\" content=\"6 minuts\" \/>\n<script type=\"application\/ld+json\" class=\"yoast-schema-graph\">{\"@context\":\"https:\\\/\\\/schema.org\",\"@graph\":[{\"@type\":\"Article\",\"@id\":\"https:\\\/\\\/lamostradevalencia.com\\\/ca\\\/quatre-projectes-espanyols-seleccionats-pel-forum-mediterrani-de-coproduccio-de-la-mostra\\\/#article\",\"isPartOf\":{\"@id\":\"https:\\\/\\\/lamostradevalencia.com\\\/ca\\\/quatre-projectes-espanyols-seleccionats-pel-forum-mediterrani-de-coproduccio-de-la-mostra\\\/\"},\"author\":{\"name\":\"Mostra de Val\u00e8ncia\",\"@id\":\"https:\\\/\\\/lamostradevalencia.com\\\/ca\\\/#\\\/schema\\\/person\\\/1dc07e4df3d6310b81d2cdf6a034070c\"},\"headline\":\"Quatre projectes espanyols seleccionats pel f\u00f2rum mediterrani de coproducci\u00f3 de la Mostra\",\"datePublished\":\"2022-09-05T11:52:18+00:00\",\"dateModified\":\"2022-09-13T16:15:54+00:00\",\"mainEntityOfPage\":{\"@id\":\"https:\\\/\\\/lamostradevalencia.com\\\/ca\\\/quatre-projectes-espanyols-seleccionats-pel-forum-mediterrani-de-coproduccio-de-la-mostra\\\/\"},\"wordCount\":1155,\"commentCount\":0,\"image\":{\"@id\":\"https:\\\/\\\/lamostradevalencia.com\\\/ca\\\/quatre-projectes-espanyols-seleccionats-pel-forum-mediterrani-de-coproduccio-de-la-mostra\\\/#primaryimage\"},\"thumbnailUrl\":\"https:\\\/\\\/lamostradevalencia.com\\\/wp-content\\\/uploads\\\/2022\\\/09\\\/cartel-foro-2.png\",\"articleSection\":[\"Noticies\"],\"inLanguage\":\"ca\",\"potentialAction\":[{\"@type\":\"CommentAction\",\"name\":\"Comment\",\"target\":[\"https:\\\/\\\/lamostradevalencia.com\\\/ca\\\/quatre-projectes-espanyols-seleccionats-pel-forum-mediterrani-de-coproduccio-de-la-mostra\\\/#respond\"]}]},{\"@type\":\"WebPage\",\"@id\":\"https:\\\/\\\/lamostradevalencia.com\\\/ca\\\/quatre-projectes-espanyols-seleccionats-pel-forum-mediterrani-de-coproduccio-de-la-mostra\\\/\",\"url\":\"https:\\\/\\\/lamostradevalencia.com\\\/ca\\\/quatre-projectes-espanyols-seleccionats-pel-forum-mediterrani-de-coproduccio-de-la-mostra\\\/\",\"name\":\"Quatre projectes espanyols seleccionats pel f\u00f2rum mediterrani de coproducci\u00f3 de la Mostra - Mostra de Val\u00e8ncia\",\"isPartOf\":{\"@id\":\"https:\\\/\\\/lamostradevalencia.com\\\/ca\\\/#website\"},\"primaryImageOfPage\":{\"@id\":\"https:\\\/\\\/lamostradevalencia.com\\\/ca\\\/quatre-projectes-espanyols-seleccionats-pel-forum-mediterrani-de-coproduccio-de-la-mostra\\\/#primaryimage\"},\"image\":{\"@id\":\"https:\\\/\\\/lamostradevalencia.com\\\/ca\\\/quatre-projectes-espanyols-seleccionats-pel-forum-mediterrani-de-coproduccio-de-la-mostra\\\/#primaryimage\"},\"thumbnailUrl\":\"https:\\\/\\\/lamostradevalencia.com\\\/wp-content\\\/uploads\\\/2022\\\/09\\\/cartel-foro-2.png\",\"datePublished\":\"2022-09-05T11:52:18+00:00\",\"dateModified\":\"2022-09-13T16:15:54+00:00\",\"author\":{\"@id\":\"https:\\\/\\\/lamostradevalencia.com\\\/ca\\\/#\\\/schema\\\/person\\\/1dc07e4df3d6310b81d2cdf6a034070c\"},\"breadcrumb\":{\"@id\":\"https:\\\/\\\/lamostradevalencia.com\\\/ca\\\/quatre-projectes-espanyols-seleccionats-pel-forum-mediterrani-de-coproduccio-de-la-mostra\\\/#breadcrumb\"},\"inLanguage\":\"ca\",\"potentialAction\":[{\"@type\":\"ReadAction\",\"target\":[\"https:\\\/\\\/lamostradevalencia.com\\\/ca\\\/quatre-projectes-espanyols-seleccionats-pel-forum-mediterrani-de-coproduccio-de-la-mostra\\\/\"]}]},{\"@type\":\"ImageObject\",\"inLanguage\":\"ca\",\"@id\":\"https:\\\/\\\/lamostradevalencia.com\\\/ca\\\/quatre-projectes-espanyols-seleccionats-pel-forum-mediterrani-de-coproduccio-de-la-mostra\\\/#primaryimage\",\"url\":\"https:\\\/\\\/lamostradevalencia.com\\\/wp-content\\\/uploads\\\/2022\\\/09\\\/cartel-foro-2.png\",\"contentUrl\":\"https:\\\/\\\/lamostradevalencia.com\\\/wp-content\\\/uploads\\\/2022\\\/09\\\/cartel-foro-2.png\",\"width\":1200,\"height\":900},{\"@type\":\"BreadcrumbList\",\"@id\":\"https:\\\/\\\/lamostradevalencia.com\\\/ca\\\/quatre-projectes-espanyols-seleccionats-pel-forum-mediterrani-de-coproduccio-de-la-mostra\\\/#breadcrumb\",\"itemListElement\":[{\"@type\":\"ListItem\",\"position\":1,\"name\":\"Portada\",\"item\":\"https:\\\/\\\/lamostradevalencia.com\\\/ca\\\/\"},{\"@type\":\"ListItem\",\"position\":2,\"name\":\"Quatre projectes espanyols seleccionats pel f\u00f2rum mediterrani de coproducci\u00f3 de la Mostra\"}]},{\"@type\":\"WebSite\",\"@id\":\"https:\\\/\\\/lamostradevalencia.com\\\/ca\\\/#website\",\"url\":\"https:\\\/\\\/lamostradevalencia.com\\\/ca\\\/\",\"name\":\"Mostra de Val\u00e8ncia\",\"description\":\"Cinema del Mediterrani\",\"potentialAction\":[{\"@type\":\"SearchAction\",\"target\":{\"@type\":\"EntryPoint\",\"urlTemplate\":\"https:\\\/\\\/lamostradevalencia.com\\\/ca\\\/?s={search_term_string}\"},\"query-input\":{\"@type\":\"PropertyValueSpecification\",\"valueRequired\":true,\"valueName\":\"search_term_string\"}}],\"inLanguage\":\"ca\"},{\"@type\":\"Person\",\"@id\":\"https:\\\/\\\/lamostradevalencia.com\\\/ca\\\/#\\\/schema\\\/person\\\/1dc07e4df3d6310b81d2cdf6a034070c\",\"name\":\"Mostra de Val\u00e8ncia\",\"image\":{\"@type\":\"ImageObject\",\"inLanguage\":\"ca\",\"@id\":\"https:\\\/\\\/secure.gravatar.com\\\/avatar\\\/ada4dfd699a9907706987adb1bb2b361c2613ccca474b49b8c648de5208e32f8?s=96&d=mm&r=g\",\"url\":\"https:\\\/\\\/secure.gravatar.com\\\/avatar\\\/ada4dfd699a9907706987adb1bb2b361c2613ccca474b49b8c648de5208e32f8?s=96&d=mm&r=g\",\"contentUrl\":\"https:\\\/\\\/secure.gravatar.com\\\/avatar\\\/ada4dfd699a9907706987adb1bb2b361c2613ccca474b49b8c648de5208e32f8?s=96&d=mm&r=g\",\"caption\":\"Mostra de Val\u00e8ncia\"}}]}<\/script>\n<!-- \/ Yoast SEO plugin. -->","yoast_head_json":{"title":"Quatre projectes espanyols seleccionats pel f\u00f2rum mediterrani de coproducci\u00f3 de la Mostra - Mostra de Val\u00e8ncia","robots":{"index":"index","follow":"follow","max-snippet":"max-snippet:-1","max-image-preview":"max-image-preview:large","max-video-preview":"max-video-preview:-1"},"canonical":"https:\/\/lamostradevalencia.com\/ca\/quatre-projectes-espanyols-seleccionats-pel-forum-mediterrani-de-coproduccio-de-la-mostra\/","og_locale":"ca_ES","og_type":"article","og_title":"Quatre projectes espanyols seleccionats pel f\u00f2rum mediterrani de coproducci\u00f3 de la Mostra - Mostra de Val\u00e8ncia","og_description":"Val\u00e8ncia Film Afers, que se celebrar\u00e0 en el centre Barreira, rebr\u00e0 productors nacionals i internacionals Dos projectes valencians, un de catal\u00e0 i un de Valladolid [&hellip;]","og_url":"https:\/\/lamostradevalencia.com\/ca\/quatre-projectes-espanyols-seleccionats-pel-forum-mediterrani-de-coproduccio-de-la-mostra\/","og_site_name":"Mostra de Val\u00e8ncia","article_published_time":"2022-09-05T11:52:18+00:00","article_modified_time":"2022-09-13T16:15:54+00:00","og_image":[{"width":1200,"height":900,"url":"https:\/\/lamostradevalencia.com\/wp-content\/uploads\/2022\/09\/cartel-foro-2.png","type":"image\/png"}],"author":"Mostra de Val\u00e8ncia","twitter_card":"summary_large_image","twitter_misc":{"Escrit per":"Mostra de Val\u00e8ncia","Temps estimat de lectura":"6 minuts"},"schema":{"@context":"https:\/\/schema.org","@graph":[{"@type":"Article","@id":"https:\/\/lamostradevalencia.com\/ca\/quatre-projectes-espanyols-seleccionats-pel-forum-mediterrani-de-coproduccio-de-la-mostra\/#article","isPartOf":{"@id":"https:\/\/lamostradevalencia.com\/ca\/quatre-projectes-espanyols-seleccionats-pel-forum-mediterrani-de-coproduccio-de-la-mostra\/"},"author":{"name":"Mostra de Val\u00e8ncia","@id":"https:\/\/lamostradevalencia.com\/ca\/#\/schema\/person\/1dc07e4df3d6310b81d2cdf6a034070c"},"headline":"Quatre projectes espanyols seleccionats pel f\u00f2rum mediterrani de coproducci\u00f3 de la Mostra","datePublished":"2022-09-05T11:52:18+00:00","dateModified":"2022-09-13T16:15:54+00:00","mainEntityOfPage":{"@id":"https:\/\/lamostradevalencia.com\/ca\/quatre-projectes-espanyols-seleccionats-pel-forum-mediterrani-de-coproduccio-de-la-mostra\/"},"wordCount":1155,"commentCount":0,"image":{"@id":"https:\/\/lamostradevalencia.com\/ca\/quatre-projectes-espanyols-seleccionats-pel-forum-mediterrani-de-coproduccio-de-la-mostra\/#primaryimage"},"thumbnailUrl":"https:\/\/lamostradevalencia.com\/wp-content\/uploads\/2022\/09\/cartel-foro-2.png","articleSection":["Noticies"],"inLanguage":"ca","potentialAction":[{"@type":"CommentAction","name":"Comment","target":["https:\/\/lamostradevalencia.com\/ca\/quatre-projectes-espanyols-seleccionats-pel-forum-mediterrani-de-coproduccio-de-la-mostra\/#respond"]}]},{"@type":"WebPage","@id":"https:\/\/lamostradevalencia.com\/ca\/quatre-projectes-espanyols-seleccionats-pel-forum-mediterrani-de-coproduccio-de-la-mostra\/","url":"https:\/\/lamostradevalencia.com\/ca\/quatre-projectes-espanyols-seleccionats-pel-forum-mediterrani-de-coproduccio-de-la-mostra\/","name":"Quatre projectes espanyols seleccionats pel f\u00f2rum mediterrani de coproducci\u00f3 de la Mostra - Mostra de Val\u00e8ncia","isPartOf":{"@id":"https:\/\/lamostradevalencia.com\/ca\/#website"},"primaryImageOfPage":{"@id":"https:\/\/lamostradevalencia.com\/ca\/quatre-projectes-espanyols-seleccionats-pel-forum-mediterrani-de-coproduccio-de-la-mostra\/#primaryimage"},"image":{"@id":"https:\/\/lamostradevalencia.com\/ca\/quatre-projectes-espanyols-seleccionats-pel-forum-mediterrani-de-coproduccio-de-la-mostra\/#primaryimage"},"thumbnailUrl":"https:\/\/lamostradevalencia.com\/wp-content\/uploads\/2022\/09\/cartel-foro-2.png","datePublished":"2022-09-05T11:52:18+00:00","dateModified":"2022-09-13T16:15:54+00:00","author":{"@id":"https:\/\/lamostradevalencia.com\/ca\/#\/schema\/person\/1dc07e4df3d6310b81d2cdf6a034070c"},"breadcrumb":{"@id":"https:\/\/lamostradevalencia.com\/ca\/quatre-projectes-espanyols-seleccionats-pel-forum-mediterrani-de-coproduccio-de-la-mostra\/#breadcrumb"},"inLanguage":"ca","potentialAction":[{"@type":"ReadAction","target":["https:\/\/lamostradevalencia.com\/ca\/quatre-projectes-espanyols-seleccionats-pel-forum-mediterrani-de-coproduccio-de-la-mostra\/"]}]},{"@type":"ImageObject","inLanguage":"ca","@id":"https:\/\/lamostradevalencia.com\/ca\/quatre-projectes-espanyols-seleccionats-pel-forum-mediterrani-de-coproduccio-de-la-mostra\/#primaryimage","url":"https:\/\/lamostradevalencia.com\/wp-content\/uploads\/2022\/09\/cartel-foro-2.png","contentUrl":"https:\/\/lamostradevalencia.com\/wp-content\/uploads\/2022\/09\/cartel-foro-2.png","width":1200,"height":900},{"@type":"BreadcrumbList","@id":"https:\/\/lamostradevalencia.com\/ca\/quatre-projectes-espanyols-seleccionats-pel-forum-mediterrani-de-coproduccio-de-la-mostra\/#breadcrumb","itemListElement":[{"@type":"ListItem","position":1,"name":"Portada","item":"https:\/\/lamostradevalencia.com\/ca\/"},{"@type":"ListItem","position":2,"name":"Quatre projectes espanyols seleccionats pel f\u00f2rum mediterrani de coproducci\u00f3 de la Mostra"}]},{"@type":"WebSite","@id":"https:\/\/lamostradevalencia.com\/ca\/#website","url":"https:\/\/lamostradevalencia.com\/ca\/","name":"Mostra de Val\u00e8ncia","description":"Cinema del Mediterrani","potentialAction":[{"@type":"SearchAction","target":{"@type":"EntryPoint","urlTemplate":"https:\/\/lamostradevalencia.com\/ca\/?s={search_term_string}"},"query-input":{"@type":"PropertyValueSpecification","valueRequired":true,"valueName":"search_term_string"}}],"inLanguage":"ca"},{"@type":"Person","@id":"https:\/\/lamostradevalencia.com\/ca\/#\/schema\/person\/1dc07e4df3d6310b81d2cdf6a034070c","name":"Mostra de Val\u00e8ncia","image":{"@type":"ImageObject","inLanguage":"ca","@id":"https:\/\/secure.gravatar.com\/avatar\/ada4dfd699a9907706987adb1bb2b361c2613ccca474b49b8c648de5208e32f8?s=96&d=mm&r=g","url":"https:\/\/secure.gravatar.com\/avatar\/ada4dfd699a9907706987adb1bb2b361c2613ccca474b49b8c648de5208e32f8?s=96&d=mm&r=g","contentUrl":"https:\/\/secure.gravatar.com\/avatar\/ada4dfd699a9907706987adb1bb2b361c2613ccca474b49b8c648de5208e32f8?s=96&d=mm&r=g","caption":"Mostra de Val\u00e8ncia"}}]}},"uagb_featured_image_src":{"full":["https:\/\/lamostradevalencia.com\/wp-content\/uploads\/2022\/09\/cartel-foro-2.png",1200,900,false],"thumbnail":["https:\/\/lamostradevalencia.com\/wp-content\/uploads\/2022\/09\/cartel-foro-2-150x150.png",150,150,true],"medium":["https:\/\/lamostradevalencia.com\/wp-content\/uploads\/2022\/09\/cartel-foro-2-300x225.png",300,225,true],"medium_large":["https:\/\/lamostradevalencia.com\/wp-content\/uploads\/2022\/09\/cartel-foro-2-768x576.png",768,576,true],"large":["https:\/\/lamostradevalencia.com\/wp-content\/uploads\/2022\/09\/cartel-foro-2-1024x768.png",1024,768,true],"1536x1536":["https:\/\/lamostradevalencia.com\/wp-content\/uploads\/2022\/09\/cartel-foro-2.png",1200,900,false],"2048x2048":["https:\/\/lamostradevalencia.com\/wp-content\/uploads\/2022\/09\/cartel-foro-2.png",1200,900,false],"cinerama_edge_image_square":["https:\/\/lamostradevalencia.com\/wp-content\/uploads\/2022\/09\/cartel-foro-2-550x550.png",550,550,true],"cinerama_edge_image_landscape":["https:\/\/lamostradevalencia.com\/wp-content\/uploads\/2022\/09\/cartel-foro-2-1100x550.png",1100,550,true],"cinerama_edge_image_portrait":["https:\/\/lamostradevalencia.com\/wp-content\/uploads\/2022\/09\/cartel-foro-2-550x900.png",550,900,true],"cinerama_edge_image_huge":["https:\/\/lamostradevalencia.com\/wp-content\/uploads\/2022\/09\/cartel-foro-2-1100x900.png",1100,900,true],"gform-image-choice-sm":["https:\/\/lamostradevalencia.com\/wp-content\/uploads\/2022\/09\/cartel-foro-2.png",300,225,false],"gform-image-choice-md":["https:\/\/lamostradevalencia.com\/wp-content\/uploads\/2022\/09\/cartel-foro-2.png",400,300,false],"gform-image-choice-lg":["https:\/\/lamostradevalencia.com\/wp-content\/uploads\/2022\/09\/cartel-foro-2.png",600,450,false]},"uagb_author_info":{"display_name":"Mostra de Val\u00e8ncia","author_link":"https:\/\/lamostradevalencia.com\/ca\/author\/mostravalencia\/"},"uagb_comment_info":0,"uagb_excerpt":"Val\u00e8ncia Film Afers, que se celebrar\u00e0 en el centre Barreira, rebr\u00e0 productors nacionals i internacionals Dos projectes valencians, un de catal\u00e0 i un de Valladolid [&hellip;]","_links":{"self":[{"href":"https:\/\/lamostradevalencia.com\/ca\/wp-json\/wp\/v2\/posts\/14402","targetHints":{"allow":["GET"]}}],"collection":[{"href":"https:\/\/lamostradevalencia.com\/ca\/wp-json\/wp\/v2\/posts"}],"about":[{"href":"https:\/\/lamostradevalencia.com\/ca\/wp-json\/wp\/v2\/types\/post"}],"author":[{"embeddable":true,"href":"https:\/\/lamostradevalencia.com\/ca\/wp-json\/wp\/v2\/users\/1"}],"replies":[{"embeddable":true,"href":"https:\/\/lamostradevalencia.com\/ca\/wp-json\/wp\/v2\/comments?post=14402"}],"version-history":[{"count":3,"href":"https:\/\/lamostradevalencia.com\/ca\/wp-json\/wp\/v2\/posts\/14402\/revisions"}],"predecessor-version":[{"id":14418,"href":"https:\/\/lamostradevalencia.com\/ca\/wp-json\/wp\/v2\/posts\/14402\/revisions\/14418"}],"wp:featuredmedia":[{"embeddable":true,"href":"https:\/\/lamostradevalencia.com\/ca\/wp-json\/wp\/v2\/media\/14398"}],"wp:attachment":[{"href":"https:\/\/lamostradevalencia.com\/ca\/wp-json\/wp\/v2\/media?parent=14402"}],"wp:term":[{"taxonomy":"category","embeddable":true,"href":"https:\/\/lamostradevalencia.com\/ca\/wp-json\/wp\/v2\/categories?post=14402"},{"taxonomy":"post_tag","embeddable":true,"href":"https:\/\/lamostradevalencia.com\/ca\/wp-json\/wp\/v2\/tags?post=14402"}],"curies":[{"name":"wp","href":"https:\/\/api.w.org\/{rel}","templated":true}]}}