{"id":14378,"date":"2022-09-01T12:02:35","date_gmt":"2022-09-01T10:02:35","guid":{"rendered":"https:\/\/lamostradevalencia.com\/?p=14378"},"modified":"2022-09-01T12:02:35","modified_gmt":"2022-09-01T10:02:35","slug":"sis-directores-optaran-a-la-palmera-dor-de-la-mostra-de-valencia","status":"publish","type":"post","link":"https:\/\/lamostradevalencia.com\/ca\/sis-directores-optaran-a-la-palmera-dor-de-la-mostra-de-valencia\/","title":{"rendered":"Sis directores optaran a la Palmera d&#8217;Or de la Mostra de Val\u00e8ncia"},"content":{"rendered":"<h5>La guerra d\u2019Ucra\u00efna i la situaci\u00f3 de la dona a Tun\u00edsia o Kosovo seran algunes de les tem\u00e0tiques de la Secci\u00f3 Oficial del Festival<\/h5>\n<p><strong>&#8216;Klondike&#8217;,\u00a0<\/strong>una coproducci\u00f3 entre Turquia y Ucra\u00efna, posar\u00e0 la guerra en primer terme de la competici\u00f3 de la 37a Mostra de Val\u00e8ncia-Cinema del Mediterrani, que se celebrar\u00e0 del 20 al 30 d&#8217;octubre. Ambientada en 2014, quan va arrancar el conflicte que ara centra tots els informatius, la mirada de la directora <strong>Maryna Er Gorbach<\/strong> es fixa en una fam\u00edlia ucra\u00efnesa que viu a la frontera entre R\u00fassia i Ucra\u00efna durant l&#8217;inici de la guerra i que es nega a abandonar sa casa fins i tot quan el poble \u00e9s capturat per les forces armades. Despr\u00e9s de ser premiada a Sundance, Berl\u00edn i Sarajevo, far\u00e0 l\u2019estrena espanyola durant el festival, com totes les cintes seleccionades.<\/p>\n<p>La resta de pel\u00b7l\u00edcules que es donen a con\u00e9ixer en este avan\u00e7 de la Secci\u00f3 Oficial tenen en com\u00fa que s\u00f3n els primers treballs de les seues directores i que venen avalats per grans festivals. Este \u00e9s el cas de la cinta francesa <strong>&#8216;Les pires&#8217;\/ &#8216;The Worst Ones&#8217;<\/strong>, el debut en el llargmetratge de les directores de c\u00e0sting franceses <strong>Lise Akoka i Romane Gueret<\/strong>, que va obtindre el m\u00e0xim guard\u00f3 en la secci\u00f3 Un Certain Regard del passat Festival de Cannes; tamb\u00e9 la tunisiana <strong>&#8216;<\/strong><strong>Entre las higueras<\/strong><strong>&#8216;<\/strong>, d&#8217;<strong>Erige Sehiri<\/strong>, va participar en la Quinzena de Realitzadors, i ha sigut emparentada per la cr\u00edtica, per tem\u00e0tica i to, amb <strong>&#8216;<\/strong>Alcarr\u00e0s<strong>&#8216;<\/strong>, de Carla Sim\u00f3n. Per Ven\u00e8cia va passar <strong>&#8216;Vera Dreams of the Sea&#8217;<\/strong>, de <strong>Kaltrina Krasniqi<\/strong>, que lidera la nova onada de directores kosovars que reflectixen la delicada situaci\u00f3 de la dona en aquella societat. I, per a completar aquest avan\u00e7, <strong>&#8216;Moja Vesna&#8217;<\/strong>, \u00f2pera prima de l&#8217;eslovena <strong>Sara Kern<\/strong>, rodada a Austr\u00e0lia, i que va ser seleccionada pel programa Generation Kplus de la Berlinale.<\/p>\n<p>Segons ha destacat Gloria Tello, presidenta de Mostra de Val\u00e8ncia, \u201cEls continguts que anem coneixent de la pr\u00f2xima edici\u00f3 del festival confirmen l\u2019aposta, no sols per la diversitat, sin\u00f3 tamb\u00e9 per creadors i creadores compromesos amb el seu temps\u201d.\u00a0&#8220;Esta primera tanda de pel\u00b7l\u00edcules de la Secci\u00f3 Oficial, que ve avalada per importants premis internacionals, posa de manifest la capacitat del cine mediterrani per a explorar hist\u00f2ries universals des de molt diferents angles, per\u00f2 sempre amb una caracter\u00edstica comuna: el seu alt nivell de qualitat cinematogr\u00e0fica&#8221;, assegura Eduardo Guillot, director art\u00edstic de la Mostra.<\/p>\n<p>Estos cinc t\u00edtols se sumen a la ja anunciada pel\u00b7l\u00edcula inaugural, <strong>&#8216;El que sabem&#8217;<\/strong>, del valenci\u00e0 <strong>Jordi N\u00fa\u00f1ez<\/strong>, que tamb\u00e9 competir\u00e0 pel m\u00e0xim guard\u00f3. Tots ells, juntament amb altres punts que s&#8217;anunciaran pr\u00f2ximament aspiren als guardons que atorgar\u00e0 el jurat internacional, aix\u00ed com a premis econ\u00f2mics per a facilitar la seua estrena: la Palmera d&#8217;Or est\u00e0 dotada amb 30.000 euros i 15.000 m\u00e9s per a la seua distribu\u00efdora a Espanya, i la Palmera de Plata-Premi Especial del Jurat, amb 20.000.<\/p>\n<p>La Mostra va donar a con\u00e9ixer la setmana passada alguns dels t\u00edtols de la Secci\u00f3 Informativa, en la qual competiran pel Premi del P\u00fablic directors consagrats com ara <strong>Danis Tanovic<\/strong>, <strong>Gabriele Salvatores i Tony Gatlif,<\/strong> i altres realitzadores emergents, com s\u00f3n la kurda \u00d6zlem Ya\u015far i l&#8217;eg\u00edpcia Nadine Khan. A m\u00e9s, hi haur\u00e0 tamb\u00e9 un cicle dedicat al millor cine grec del segle XX, en el qual es projectar\u00e0 una selecci\u00f3 de 40 cintes, moltes d&#8217;elles in\u00e8dites a Espanya.<\/p>\n<p>La 37a edici\u00f3 del festival, que tindr\u00e0 lloc del 20 al 30 d&#8217;octubre, compta amb la col\u00b7laboraci\u00f3 de l&#8217;Institut Valenci\u00e0 de Cultura (IVC), Rambleta, Val\u00e8ncia Film Office i \u00c0 Punt M\u00e8dia com a mitj\u00e0 oficial.<\/p>\n<hr \/>\n<p><strong><img loading=\"lazy\" decoding=\"async\" class=\"aligncenter wp-image-14356 size-large\" src=\"https:\/\/lamostradevalencia.com\/wp-content\/uploads\/2022\/09\/klondike_1200x600-1024x512.jpg\" alt=\"\" width=\"1024\" height=\"512\" srcset=\"https:\/\/lamostradevalencia.com\/wp-content\/uploads\/2022\/09\/klondike_1200x600-1024x512.jpg 1024w, https:\/\/lamostradevalencia.com\/wp-content\/uploads\/2022\/09\/klondike_1200x600-300x150.jpg 300w, https:\/\/lamostradevalencia.com\/wp-content\/uploads\/2022\/09\/klondike_1200x600-768x384.jpg 768w, https:\/\/lamostradevalencia.com\/wp-content\/uploads\/2022\/09\/klondike_1200x600-1100x550.jpg 1100w, https:\/\/lamostradevalencia.com\/wp-content\/uploads\/2022\/09\/klondike_1200x600.jpg 1200w\" sizes=\"auto, (max-width: 1024px) 100vw, 1024px\" \/>&#8216;<\/strong><strong>KLONDIKE<\/strong><strong>&#8216;<\/strong><strong>, DE MARYNA ER GORBACH\u00a0<\/strong><br \/>\nLes circumst\u00e0ncies l&#8217;han convertida en una de les pel\u00b7l\u00edcules m\u00e9s demandades pels festivals al reflectir el que poden estar vivint moltes fam\u00edlies ucra\u00efneses en estos moments. La cr\u00edtica ha destacat, a m\u00e9s de l&#8217;aportaci\u00f3 que suposa reflectir els primers moments de l&#8217;anomenada Guerra del Domb\u00e1s, la seua ambici\u00f3 formal i po\u00e8tica, la seua atmosfera esquin\u00e7adora, per\u00f2 tamb\u00e9 l&#8217;humor negre amb qu\u00e8 el gui\u00f3 afronta una de les millors dramatitzacions d&#8217;este moment crucial de la hist\u00f2ria recent.<\/p>\n<hr \/>\n<p><strong><img loading=\"lazy\" decoding=\"async\" class=\"aligncenter size-large wp-image-14341\" src=\"https:\/\/lamostradevalencia.com\/wp-content\/uploads\/2022\/09\/entrelashigueras_1200x600-1024x512.jpg\" alt=\"\" width=\"1024\" height=\"512\" srcset=\"https:\/\/lamostradevalencia.com\/wp-content\/uploads\/2022\/09\/entrelashigueras_1200x600-1024x512.jpg 1024w, https:\/\/lamostradevalencia.com\/wp-content\/uploads\/2022\/09\/entrelashigueras_1200x600-300x150.jpg 300w, https:\/\/lamostradevalencia.com\/wp-content\/uploads\/2022\/09\/entrelashigueras_1200x600-768x384.jpg 768w, https:\/\/lamostradevalencia.com\/wp-content\/uploads\/2022\/09\/entrelashigueras_1200x600-1100x550.jpg 1100w, https:\/\/lamostradevalencia.com\/wp-content\/uploads\/2022\/09\/entrelashigueras_1200x600.jpg 1200w\" sizes=\"auto, (max-width: 1024px) 100vw, 1024px\" \/>&#8216;<\/strong><strong>ENTRE LAS HIGUERAS<\/strong><strong>&#8216;<\/strong><strong>, DE ERIGE SEHIRI<\/strong><br \/>\nCom a &#8216;Alcarr\u00e0s&#8217;, la seua directora explota la naturalitat del c\u00e0sting, majorit\u00e0riament femen\u00ed, en un entorn agr\u00edcola, esta vegada a Tun\u00edsia. La c\u00e0mera a penes ix de les figueres davall de les quals treballen Melek i les seues amigues durant l&#8217;estiu sense moltes aspiracions d&#8217;un altre futur en una societat amb gran opressi\u00f3 patriarcal. Sota la mirada de les obreres de m\u00e9s edat i dels joves treballadors, les xiques es descobrixen i es projecten, en el llindar d&#8217;una vida adulta a la qual encara no tenen acc\u00e9s.<\/p>\n<hr \/>\n<p><strong><img loading=\"lazy\" decoding=\"async\" class=\"aligncenter size-large wp-image-14346\" src=\"https:\/\/lamostradevalencia.com\/wp-content\/uploads\/2022\/09\/lespires_1200x600-1024x512.jpg\" alt=\"\" width=\"1024\" height=\"512\" srcset=\"https:\/\/lamostradevalencia.com\/wp-content\/uploads\/2022\/09\/lespires_1200x600-1024x512.jpg 1024w, https:\/\/lamostradevalencia.com\/wp-content\/uploads\/2022\/09\/lespires_1200x600-300x150.jpg 300w, https:\/\/lamostradevalencia.com\/wp-content\/uploads\/2022\/09\/lespires_1200x600-768x384.jpg 768w, https:\/\/lamostradevalencia.com\/wp-content\/uploads\/2022\/09\/lespires_1200x600-1100x550.jpg 1100w, https:\/\/lamostradevalencia.com\/wp-content\/uploads\/2022\/09\/lespires_1200x600.jpg 1200w\" sizes=\"auto, (max-width: 1024px) 100vw, 1024px\" \/>&#8216;<\/strong><strong>LES PIRES<\/strong><strong>&#8216; \/ &#8216;<\/strong><strong>THE WORST ONES<\/strong><strong>&#8216;<\/strong><strong>, DE LISE AKOKA Y ROMANE GUERET<\/strong><br \/>\nEls directors de c\u00e0sting solen ser invisibles per a l&#8217;espectador, per\u00f2 resulten fonamentals per al rodatge de les pel\u00b7l\u00edcules. Ells s\u00f3n els primers que associen a cada personatge amb un actor concret. Lise Akoka i Romane Gueret, a m\u00e9s de directores de c\u00e0sting, eren instructores infantils. Ja van bolcar la seua experi\u00e8ncia a buscar a joves per a pel\u00b7l\u00edcules en el curt &#8216;Chasse Royale&#8217; i ara amb este llarg abunden en qu\u00e8 ocorre durant este tipus de rodatges: al poble de Boulogne-Sur-Mer, al nord de Fran\u00e7a, s&#8217;organitza un c\u00e0sting per a l&#8217;enregistrament d&#8217;una pel\u00b7l\u00edcula. Quan finalitza el proc\u00e9s de\u00a0selecci\u00f3, els ve\u00efns es pregunten per qu\u00e8 han sigut triats \u201cels pitjors\u201d adolescents del barri.<\/p>\n<hr \/>\n<p><strong><img loading=\"lazy\" decoding=\"async\" class=\"aligncenter size-large wp-image-14361\" src=\"https:\/\/lamostradevalencia.com\/wp-content\/uploads\/2022\/09\/veradreamsofthesea_1200x600-1024x512.jpg\" alt=\"\" width=\"1024\" height=\"512\" srcset=\"https:\/\/lamostradevalencia.com\/wp-content\/uploads\/2022\/09\/veradreamsofthesea_1200x600-1024x512.jpg 1024w, https:\/\/lamostradevalencia.com\/wp-content\/uploads\/2022\/09\/veradreamsofthesea_1200x600-300x150.jpg 300w, https:\/\/lamostradevalencia.com\/wp-content\/uploads\/2022\/09\/veradreamsofthesea_1200x600-768x384.jpg 768w, https:\/\/lamostradevalencia.com\/wp-content\/uploads\/2022\/09\/veradreamsofthesea_1200x600-1100x550.jpg 1100w, https:\/\/lamostradevalencia.com\/wp-content\/uploads\/2022\/09\/veradreamsofthesea_1200x600.jpg 1200w\" sizes=\"auto, (max-width: 1024px) 100vw, 1024px\" \/>&#8216;<\/strong><strong>VERA DREAMS OF THE THE SEA<\/strong><strong>&#8216;<\/strong><strong>, DE KALTRINA KRASNIQI<\/strong><br \/>\nA m\u00e9s de fer el seu debut en la secci\u00f3 Orizzonti de Ven\u00e8cia, esta \u00f2pera prima va aconseguir el premi Ingmar Bergman en el Festival de G\u00f6teborg i el Gran Premi del Festival de T\u00f2quio. Krasniqi, la seua directora, conven\u00e7uda que hem inventat tradicions per perpetuar un ordre discriminatori, ens descobrix com la vida d&#8217;una dona de mitjana edat que treballa com a int\u00e8rpret de llengua de signes fa un tomb quan el seu marit se su\u00efcida. \u00c9s llavors quan ha d&#8217;afrontar la realitat del seu entorn social. Destaca la interpretaci\u00f3 de Teuta Ajdini-Jegeni, que dona vida a una protagonista compassiva i sensible, per\u00f2 amb un alt sentit de la just\u00edcia.<\/p>\n<hr \/>\n<p><strong><img loading=\"lazy\" decoding=\"async\" class=\"aligncenter size-large wp-image-14351\" src=\"https:\/\/lamostradevalencia.com\/wp-content\/uploads\/2022\/09\/mojavesna_1200x600-1024x512.jpg\" alt=\"\" width=\"1024\" height=\"512\" srcset=\"https:\/\/lamostradevalencia.com\/wp-content\/uploads\/2022\/09\/mojavesna_1200x600-1024x512.jpg 1024w, https:\/\/lamostradevalencia.com\/wp-content\/uploads\/2022\/09\/mojavesna_1200x600-300x150.jpg 300w, https:\/\/lamostradevalencia.com\/wp-content\/uploads\/2022\/09\/mojavesna_1200x600-768x384.jpg 768w, https:\/\/lamostradevalencia.com\/wp-content\/uploads\/2022\/09\/mojavesna_1200x600-1100x550.jpg 1100w, https:\/\/lamostradevalencia.com\/wp-content\/uploads\/2022\/09\/mojavesna_1200x600.jpg 1200w\" sizes=\"auto, (max-width: 1024px) 100vw, 1024px\" \/>&#8216;<\/strong><strong>MOJA VESNA<\/strong><strong>&#8216;<\/strong><strong>, DE SARA KERN<\/strong><br \/>\nEs tracta d&#8217;un punxant retrat del dol vist des de la perspectiva d&#8217;una xiqueta de deu anys, interpretada per la impressionant Loti Kova\u010di\u010d, a la qual la c\u00e0mera adora, i el personatge de la qual prefereix centrar-se en l&#8217;embar\u00e0s de la seua germana, de 20 anys, abans que mirar d&#8217;enfront de l&#8217;abs\u00e8ncia de la seua mare. El paisatge hum\u00e0 de la pel\u00b7l\u00edcula, rodada a Austr\u00e0lia, li retorna altres models de fam\u00edlies, molt diferent del qual t\u00e9 a casa, una ll\u00f2brega llar d&#8217;una fam\u00edlia d&#8217;immigrants eslovens.<\/p>\n","protected":false},"excerpt":{"rendered":"<p>La guerra d\u2019Ucra\u00efna i la situaci\u00f3 de la dona a Tun\u00edsia o Kosovo seran algunes de les tem\u00e0tiques de la Secci\u00f3 Oficial del Festival &#8216;Klondike&#8217;,\u00a0una [&hellip;]<\/p>\n","protected":false},"author":3,"featured_media":14368,"comment_status":"open","ping_status":"open","sticky":false,"template":"","format":"standard","meta":{"_uag_custom_page_level_css":"","_jet_sm_ready_style":"","_jet_sm_style":"","_jet_sm_controls_values":"","_jet_sm_fonts_collection":"","_jet_sm_fonts_links":"","footnotes":""},"categories":[455],"tags":[],"class_list":["post-14378","post","type-post","status-publish","format-standard","has-post-thumbnail","hentry","category-noticies"],"yoast_head":"<!-- This site is optimized with the Yoast SEO plugin v27.5 - https:\/\/yoast.com\/product\/yoast-seo-wordpress\/ -->\n<title>Sis directores optaran a la Palmera d&#039;Or de la Mostra de Val\u00e8ncia - Mostra de Val\u00e8ncia<\/title>\n<meta name=\"robots\" content=\"index, follow, max-snippet:-1, max-image-preview:large, max-video-preview:-1\" \/>\n<link rel=\"canonical\" href=\"https:\/\/lamostradevalencia.com\/ca\/sis-directores-optaran-a-la-palmera-dor-de-la-mostra-de-valencia\/\" \/>\n<meta property=\"og:locale\" content=\"ca_ES\" \/>\n<meta property=\"og:type\" content=\"article\" \/>\n<meta property=\"og:title\" content=\"Sis directores optaran a la Palmera d&#039;Or de la Mostra de Val\u00e8ncia - Mostra de Val\u00e8ncia\" \/>\n<meta property=\"og:description\" content=\"La guerra d\u2019Ucra\u00efna i la situaci\u00f3 de la dona a Tun\u00edsia o Kosovo seran algunes de les tem\u00e0tiques de la Secci\u00f3 Oficial del Festival &#8216;Klondike&#8217;,\u00a0una [&hellip;]\" \/>\n<meta property=\"og:url\" content=\"https:\/\/lamostradevalencia.com\/ca\/sis-directores-optaran-a-la-palmera-dor-de-la-mostra-de-valencia\/\" \/>\n<meta property=\"og:site_name\" content=\"Mostra de Val\u00e8ncia\" \/>\n<meta property=\"article:published_time\" content=\"2022-09-01T10:02:35+00:00\" \/>\n<meta property=\"og:image\" content=\"https:\/\/lamostradevalencia.com\/wp-content\/uploads\/2022\/09\/seccionoficial1.jpg\" \/>\n\t<meta property=\"og:image:width\" content=\"1200\" \/>\n\t<meta property=\"og:image:height\" content=\"900\" \/>\n\t<meta property=\"og:image:type\" content=\"image\/jpeg\" \/>\n<meta name=\"author\" content=\"contenidos\" \/>\n<meta name=\"twitter:card\" content=\"summary_large_image\" \/>\n<meta name=\"twitter:label1\" content=\"Escrit per\" \/>\n\t<meta name=\"twitter:data1\" content=\"contenidos\" \/>\n\t<meta name=\"twitter:label2\" content=\"Temps estimat de lectura\" \/>\n\t<meta name=\"twitter:data2\" content=\"6 minuts\" \/>\n<script type=\"application\/ld+json\" class=\"yoast-schema-graph\">{\"@context\":\"https:\\\/\\\/schema.org\",\"@graph\":[{\"@type\":\"Article\",\"@id\":\"https:\\\/\\\/lamostradevalencia.com\\\/ca\\\/sis-directores-optaran-a-la-palmera-dor-de-la-mostra-de-valencia\\\/#article\",\"isPartOf\":{\"@id\":\"https:\\\/\\\/lamostradevalencia.com\\\/ca\\\/sis-directores-optaran-a-la-palmera-dor-de-la-mostra-de-valencia\\\/\"},\"author\":{\"name\":\"contenidos\",\"@id\":\"https:\\\/\\\/lamostradevalencia.com\\\/ca\\\/#\\\/schema\\\/person\\\/361c3c0dd5489e78ad78ee4f8332efac\"},\"headline\":\"Sis directores optaran a la Palmera d&#8217;Or de la Mostra de Val\u00e8ncia\",\"datePublished\":\"2022-09-01T10:02:35+00:00\",\"mainEntityOfPage\":{\"@id\":\"https:\\\/\\\/lamostradevalencia.com\\\/ca\\\/sis-directores-optaran-a-la-palmera-dor-de-la-mostra-de-valencia\\\/\"},\"wordCount\":1248,\"commentCount\":0,\"image\":{\"@id\":\"https:\\\/\\\/lamostradevalencia.com\\\/ca\\\/sis-directores-optaran-a-la-palmera-dor-de-la-mostra-de-valencia\\\/#primaryimage\"},\"thumbnailUrl\":\"https:\\\/\\\/lamostradevalencia.com\\\/wp-content\\\/uploads\\\/2022\\\/09\\\/seccionoficial1.jpg\",\"articleSection\":[\"Noticies\"],\"inLanguage\":\"ca\",\"potentialAction\":[{\"@type\":\"CommentAction\",\"name\":\"Comment\",\"target\":[\"https:\\\/\\\/lamostradevalencia.com\\\/ca\\\/sis-directores-optaran-a-la-palmera-dor-de-la-mostra-de-valencia\\\/#respond\"]}]},{\"@type\":\"WebPage\",\"@id\":\"https:\\\/\\\/lamostradevalencia.com\\\/ca\\\/sis-directores-optaran-a-la-palmera-dor-de-la-mostra-de-valencia\\\/\",\"url\":\"https:\\\/\\\/lamostradevalencia.com\\\/ca\\\/sis-directores-optaran-a-la-palmera-dor-de-la-mostra-de-valencia\\\/\",\"name\":\"Sis directores optaran a la Palmera d'Or de la Mostra de Val\u00e8ncia - Mostra de Val\u00e8ncia\",\"isPartOf\":{\"@id\":\"https:\\\/\\\/lamostradevalencia.com\\\/ca\\\/#website\"},\"primaryImageOfPage\":{\"@id\":\"https:\\\/\\\/lamostradevalencia.com\\\/ca\\\/sis-directores-optaran-a-la-palmera-dor-de-la-mostra-de-valencia\\\/#primaryimage\"},\"image\":{\"@id\":\"https:\\\/\\\/lamostradevalencia.com\\\/ca\\\/sis-directores-optaran-a-la-palmera-dor-de-la-mostra-de-valencia\\\/#primaryimage\"},\"thumbnailUrl\":\"https:\\\/\\\/lamostradevalencia.com\\\/wp-content\\\/uploads\\\/2022\\\/09\\\/seccionoficial1.jpg\",\"datePublished\":\"2022-09-01T10:02:35+00:00\",\"author\":{\"@id\":\"https:\\\/\\\/lamostradevalencia.com\\\/ca\\\/#\\\/schema\\\/person\\\/361c3c0dd5489e78ad78ee4f8332efac\"},\"breadcrumb\":{\"@id\":\"https:\\\/\\\/lamostradevalencia.com\\\/ca\\\/sis-directores-optaran-a-la-palmera-dor-de-la-mostra-de-valencia\\\/#breadcrumb\"},\"inLanguage\":\"ca\",\"potentialAction\":[{\"@type\":\"ReadAction\",\"target\":[\"https:\\\/\\\/lamostradevalencia.com\\\/ca\\\/sis-directores-optaran-a-la-palmera-dor-de-la-mostra-de-valencia\\\/\"]}]},{\"@type\":\"ImageObject\",\"inLanguage\":\"ca\",\"@id\":\"https:\\\/\\\/lamostradevalencia.com\\\/ca\\\/sis-directores-optaran-a-la-palmera-dor-de-la-mostra-de-valencia\\\/#primaryimage\",\"url\":\"https:\\\/\\\/lamostradevalencia.com\\\/wp-content\\\/uploads\\\/2022\\\/09\\\/seccionoficial1.jpg\",\"contentUrl\":\"https:\\\/\\\/lamostradevalencia.com\\\/wp-content\\\/uploads\\\/2022\\\/09\\\/seccionoficial1.jpg\",\"width\":1200,\"height\":900},{\"@type\":\"BreadcrumbList\",\"@id\":\"https:\\\/\\\/lamostradevalencia.com\\\/ca\\\/sis-directores-optaran-a-la-palmera-dor-de-la-mostra-de-valencia\\\/#breadcrumb\",\"itemListElement\":[{\"@type\":\"ListItem\",\"position\":1,\"name\":\"Portada\",\"item\":\"https:\\\/\\\/lamostradevalencia.com\\\/ca\\\/\"},{\"@type\":\"ListItem\",\"position\":2,\"name\":\"Sis directores optaran a la Palmera d&#8217;Or de la Mostra de Val\u00e8ncia\"}]},{\"@type\":\"WebSite\",\"@id\":\"https:\\\/\\\/lamostradevalencia.com\\\/ca\\\/#website\",\"url\":\"https:\\\/\\\/lamostradevalencia.com\\\/ca\\\/\",\"name\":\"Mostra de Val\u00e8ncia\",\"description\":\"Cinema del Mediterrani\",\"potentialAction\":[{\"@type\":\"SearchAction\",\"target\":{\"@type\":\"EntryPoint\",\"urlTemplate\":\"https:\\\/\\\/lamostradevalencia.com\\\/ca\\\/?s={search_term_string}\"},\"query-input\":{\"@type\":\"PropertyValueSpecification\",\"valueRequired\":true,\"valueName\":\"search_term_string\"}}],\"inLanguage\":\"ca\"},{\"@type\":\"Person\",\"@id\":\"https:\\\/\\\/lamostradevalencia.com\\\/ca\\\/#\\\/schema\\\/person\\\/361c3c0dd5489e78ad78ee4f8332efac\",\"name\":\"contenidos\",\"image\":{\"@type\":\"ImageObject\",\"inLanguage\":\"ca\",\"@id\":\"https:\\\/\\\/secure.gravatar.com\\\/avatar\\\/a87eddc188a32d5a0371ff92ef616b5006a91e389296d49d081f8d424eef134c?s=96&d=mm&r=g\",\"url\":\"https:\\\/\\\/secure.gravatar.com\\\/avatar\\\/a87eddc188a32d5a0371ff92ef616b5006a91e389296d49d081f8d424eef134c?s=96&d=mm&r=g\",\"contentUrl\":\"https:\\\/\\\/secure.gravatar.com\\\/avatar\\\/a87eddc188a32d5a0371ff92ef616b5006a91e389296d49d081f8d424eef134c?s=96&d=mm&r=g\",\"caption\":\"contenidos\"}}]}<\/script>\n<!-- \/ Yoast SEO plugin. -->","yoast_head_json":{"title":"Sis directores optaran a la Palmera d'Or de la Mostra de Val\u00e8ncia - Mostra de Val\u00e8ncia","robots":{"index":"index","follow":"follow","max-snippet":"max-snippet:-1","max-image-preview":"max-image-preview:large","max-video-preview":"max-video-preview:-1"},"canonical":"https:\/\/lamostradevalencia.com\/ca\/sis-directores-optaran-a-la-palmera-dor-de-la-mostra-de-valencia\/","og_locale":"ca_ES","og_type":"article","og_title":"Sis directores optaran a la Palmera d'Or de la Mostra de Val\u00e8ncia - Mostra de Val\u00e8ncia","og_description":"La guerra d\u2019Ucra\u00efna i la situaci\u00f3 de la dona a Tun\u00edsia o Kosovo seran algunes de les tem\u00e0tiques de la Secci\u00f3 Oficial del Festival &#8216;Klondike&#8217;,\u00a0una [&hellip;]","og_url":"https:\/\/lamostradevalencia.com\/ca\/sis-directores-optaran-a-la-palmera-dor-de-la-mostra-de-valencia\/","og_site_name":"Mostra de Val\u00e8ncia","article_published_time":"2022-09-01T10:02:35+00:00","og_image":[{"width":1200,"height":900,"url":"https:\/\/lamostradevalencia.com\/wp-content\/uploads\/2022\/09\/seccionoficial1.jpg","type":"image\/jpeg"}],"author":"contenidos","twitter_card":"summary_large_image","twitter_misc":{"Escrit per":"contenidos","Temps estimat de lectura":"6 minuts"},"schema":{"@context":"https:\/\/schema.org","@graph":[{"@type":"Article","@id":"https:\/\/lamostradevalencia.com\/ca\/sis-directores-optaran-a-la-palmera-dor-de-la-mostra-de-valencia\/#article","isPartOf":{"@id":"https:\/\/lamostradevalencia.com\/ca\/sis-directores-optaran-a-la-palmera-dor-de-la-mostra-de-valencia\/"},"author":{"name":"contenidos","@id":"https:\/\/lamostradevalencia.com\/ca\/#\/schema\/person\/361c3c0dd5489e78ad78ee4f8332efac"},"headline":"Sis directores optaran a la Palmera d&#8217;Or de la Mostra de Val\u00e8ncia","datePublished":"2022-09-01T10:02:35+00:00","mainEntityOfPage":{"@id":"https:\/\/lamostradevalencia.com\/ca\/sis-directores-optaran-a-la-palmera-dor-de-la-mostra-de-valencia\/"},"wordCount":1248,"commentCount":0,"image":{"@id":"https:\/\/lamostradevalencia.com\/ca\/sis-directores-optaran-a-la-palmera-dor-de-la-mostra-de-valencia\/#primaryimage"},"thumbnailUrl":"https:\/\/lamostradevalencia.com\/wp-content\/uploads\/2022\/09\/seccionoficial1.jpg","articleSection":["Noticies"],"inLanguage":"ca","potentialAction":[{"@type":"CommentAction","name":"Comment","target":["https:\/\/lamostradevalencia.com\/ca\/sis-directores-optaran-a-la-palmera-dor-de-la-mostra-de-valencia\/#respond"]}]},{"@type":"WebPage","@id":"https:\/\/lamostradevalencia.com\/ca\/sis-directores-optaran-a-la-palmera-dor-de-la-mostra-de-valencia\/","url":"https:\/\/lamostradevalencia.com\/ca\/sis-directores-optaran-a-la-palmera-dor-de-la-mostra-de-valencia\/","name":"Sis directores optaran a la Palmera d'Or de la Mostra de Val\u00e8ncia - Mostra de Val\u00e8ncia","isPartOf":{"@id":"https:\/\/lamostradevalencia.com\/ca\/#website"},"primaryImageOfPage":{"@id":"https:\/\/lamostradevalencia.com\/ca\/sis-directores-optaran-a-la-palmera-dor-de-la-mostra-de-valencia\/#primaryimage"},"image":{"@id":"https:\/\/lamostradevalencia.com\/ca\/sis-directores-optaran-a-la-palmera-dor-de-la-mostra-de-valencia\/#primaryimage"},"thumbnailUrl":"https:\/\/lamostradevalencia.com\/wp-content\/uploads\/2022\/09\/seccionoficial1.jpg","datePublished":"2022-09-01T10:02:35+00:00","author":{"@id":"https:\/\/lamostradevalencia.com\/ca\/#\/schema\/person\/361c3c0dd5489e78ad78ee4f8332efac"},"breadcrumb":{"@id":"https:\/\/lamostradevalencia.com\/ca\/sis-directores-optaran-a-la-palmera-dor-de-la-mostra-de-valencia\/#breadcrumb"},"inLanguage":"ca","potentialAction":[{"@type":"ReadAction","target":["https:\/\/lamostradevalencia.com\/ca\/sis-directores-optaran-a-la-palmera-dor-de-la-mostra-de-valencia\/"]}]},{"@type":"ImageObject","inLanguage":"ca","@id":"https:\/\/lamostradevalencia.com\/ca\/sis-directores-optaran-a-la-palmera-dor-de-la-mostra-de-valencia\/#primaryimage","url":"https:\/\/lamostradevalencia.com\/wp-content\/uploads\/2022\/09\/seccionoficial1.jpg","contentUrl":"https:\/\/lamostradevalencia.com\/wp-content\/uploads\/2022\/09\/seccionoficial1.jpg","width":1200,"height":900},{"@type":"BreadcrumbList","@id":"https:\/\/lamostradevalencia.com\/ca\/sis-directores-optaran-a-la-palmera-dor-de-la-mostra-de-valencia\/#breadcrumb","itemListElement":[{"@type":"ListItem","position":1,"name":"Portada","item":"https:\/\/lamostradevalencia.com\/ca\/"},{"@type":"ListItem","position":2,"name":"Sis directores optaran a la Palmera d&#8217;Or de la Mostra de Val\u00e8ncia"}]},{"@type":"WebSite","@id":"https:\/\/lamostradevalencia.com\/ca\/#website","url":"https:\/\/lamostradevalencia.com\/ca\/","name":"Mostra de Val\u00e8ncia","description":"Cinema del Mediterrani","potentialAction":[{"@type":"SearchAction","target":{"@type":"EntryPoint","urlTemplate":"https:\/\/lamostradevalencia.com\/ca\/?s={search_term_string}"},"query-input":{"@type":"PropertyValueSpecification","valueRequired":true,"valueName":"search_term_string"}}],"inLanguage":"ca"},{"@type":"Person","@id":"https:\/\/lamostradevalencia.com\/ca\/#\/schema\/person\/361c3c0dd5489e78ad78ee4f8332efac","name":"contenidos","image":{"@type":"ImageObject","inLanguage":"ca","@id":"https:\/\/secure.gravatar.com\/avatar\/a87eddc188a32d5a0371ff92ef616b5006a91e389296d49d081f8d424eef134c?s=96&d=mm&r=g","url":"https:\/\/secure.gravatar.com\/avatar\/a87eddc188a32d5a0371ff92ef616b5006a91e389296d49d081f8d424eef134c?s=96&d=mm&r=g","contentUrl":"https:\/\/secure.gravatar.com\/avatar\/a87eddc188a32d5a0371ff92ef616b5006a91e389296d49d081f8d424eef134c?s=96&d=mm&r=g","caption":"contenidos"}}]}},"uagb_featured_image_src":{"full":["https:\/\/lamostradevalencia.com\/wp-content\/uploads\/2022\/09\/seccionoficial1.jpg",1200,900,false],"thumbnail":["https:\/\/lamostradevalencia.com\/wp-content\/uploads\/2022\/09\/seccionoficial1-150x150.jpg",150,150,true],"medium":["https:\/\/lamostradevalencia.com\/wp-content\/uploads\/2022\/09\/seccionoficial1-300x225.jpg",300,225,true],"medium_large":["https:\/\/lamostradevalencia.com\/wp-content\/uploads\/2022\/09\/seccionoficial1-768x576.jpg",768,576,true],"large":["https:\/\/lamostradevalencia.com\/wp-content\/uploads\/2022\/09\/seccionoficial1-1024x768.jpg",1024,768,true],"1536x1536":["https:\/\/lamostradevalencia.com\/wp-content\/uploads\/2022\/09\/seccionoficial1.jpg",1200,900,false],"2048x2048":["https:\/\/lamostradevalencia.com\/wp-content\/uploads\/2022\/09\/seccionoficial1.jpg",1200,900,false],"cinerama_edge_image_square":["https:\/\/lamostradevalencia.com\/wp-content\/uploads\/2022\/09\/seccionoficial1-550x550.jpg",550,550,true],"cinerama_edge_image_landscape":["https:\/\/lamostradevalencia.com\/wp-content\/uploads\/2022\/09\/seccionoficial1-1100x550.jpg",1100,550,true],"cinerama_edge_image_portrait":["https:\/\/lamostradevalencia.com\/wp-content\/uploads\/2022\/09\/seccionoficial1-550x900.jpg",550,900,true],"cinerama_edge_image_huge":["https:\/\/lamostradevalencia.com\/wp-content\/uploads\/2022\/09\/seccionoficial1-1100x900.jpg",1100,900,true],"gform-image-choice-sm":["https:\/\/lamostradevalencia.com\/wp-content\/uploads\/2022\/09\/seccionoficial1.jpg",300,225,false],"gform-image-choice-md":["https:\/\/lamostradevalencia.com\/wp-content\/uploads\/2022\/09\/seccionoficial1.jpg",400,300,false],"gform-image-choice-lg":["https:\/\/lamostradevalencia.com\/wp-content\/uploads\/2022\/09\/seccionoficial1.jpg",600,450,false]},"uagb_author_info":{"display_name":"contenidos","author_link":"https:\/\/lamostradevalencia.com\/ca\/author\/contenidos\/"},"uagb_comment_info":0,"uagb_excerpt":"La guerra d\u2019Ucra\u00efna i la situaci\u00f3 de la dona a Tun\u00edsia o Kosovo seran algunes de les tem\u00e0tiques de la Secci\u00f3 Oficial del Festival &#8216;Klondike&#8217;,\u00a0una [&hellip;]","_links":{"self":[{"href":"https:\/\/lamostradevalencia.com\/ca\/wp-json\/wp\/v2\/posts\/14378","targetHints":{"allow":["GET"]}}],"collection":[{"href":"https:\/\/lamostradevalencia.com\/ca\/wp-json\/wp\/v2\/posts"}],"about":[{"href":"https:\/\/lamostradevalencia.com\/ca\/wp-json\/wp\/v2\/types\/post"}],"author":[{"embeddable":true,"href":"https:\/\/lamostradevalencia.com\/ca\/wp-json\/wp\/v2\/users\/3"}],"replies":[{"embeddable":true,"href":"https:\/\/lamostradevalencia.com\/ca\/wp-json\/wp\/v2\/comments?post=14378"}],"version-history":[{"count":2,"href":"https:\/\/lamostradevalencia.com\/ca\/wp-json\/wp\/v2\/posts\/14378\/revisions"}],"predecessor-version":[{"id":14380,"href":"https:\/\/lamostradevalencia.com\/ca\/wp-json\/wp\/v2\/posts\/14378\/revisions\/14380"}],"wp:featuredmedia":[{"embeddable":true,"href":"https:\/\/lamostradevalencia.com\/ca\/wp-json\/wp\/v2\/media\/14368"}],"wp:attachment":[{"href":"https:\/\/lamostradevalencia.com\/ca\/wp-json\/wp\/v2\/media?parent=14378"}],"wp:term":[{"taxonomy":"category","embeddable":true,"href":"https:\/\/lamostradevalencia.com\/ca\/wp-json\/wp\/v2\/categories?post=14378"},{"taxonomy":"post_tag","embeddable":true,"href":"https:\/\/lamostradevalencia.com\/ca\/wp-json\/wp\/v2\/tags?post=14378"}],"curies":[{"name":"wp","href":"https:\/\/api.w.org\/{rel}","templated":true}]}}