{"id":14180,"date":"2022-08-25T12:06:16","date_gmt":"2022-08-25T10:06:16","guid":{"rendered":"https:\/\/lamostradevalencia.com\/?p=14180"},"modified":"2022-08-25T12:06:16","modified_gmt":"2022-08-25T10:06:16","slug":"dos-directors-amb-oscar-i-un-altre-premiat-a-cannes-competiran-pel-premi-del-public-en-la-37a-mostra-de-valencia","status":"publish","type":"post","link":"https:\/\/lamostradevalencia.com\/ca\/dos-directors-amb-oscar-i-un-altre-premiat-a-cannes-competiran-pel-premi-del-public-en-la-37a-mostra-de-valencia\/","title":{"rendered":"Dos directors amb Oscar i un altre premiat a Cannes competiran pel Premi del P\u00fablic en la 37\u00aa Mostra de Val\u00e8ncia"},"content":{"rendered":"<h5><span style=\"font-weight: 400;\">Danis Tanovic, Gabriele Salvatores i Tony Gatlif participaran en la Secci\u00f3 Informativa, junt a l&#8217;estrena mundial de la pel\u00b7l\u00edcula kurda &#8216;Kobane&#8217; i la cinta eg\u00edpcia &#8216;Abu Saddam&#8217;<\/span><\/h5>\n<p><b>\u00c0 Punt M\u00e8dia<\/b><span style=\"font-weight: 400;\"> tornar\u00e0 a col\u00b7locar les urnes als cines Babel perqu\u00e8 els espectadors de la Secci\u00f3 Informativa de la 37a Mostra de Val\u00e8ncia-Cinema del Mediterrani trien el <\/span><b>Premi del P\u00fablic<\/b><span style=\"font-weight: 400;\">. Competiran per este guard\u00f3 cintes de diverses proced\u00e8ncies, per\u00f2 totes elles amb un potent segell d&#8217;autor i <\/span><b>in\u00e8dites a Espanya,<\/b><span style=\"font-weight: 400;\"> de les quals el festival oferix hui un primer avan\u00e7. &#8220;La Secci\u00f3 Informativa t\u00e9 una especial rellev\u00e0ncia per al festival, perqu\u00e8 el posa en contacte directe amb les persones que assistixen a les projeccions i tenen la possibilitat d&#8217;atorgar el Premi \u00c0 Punt del P\u00fablic a una pel\u00b7l\u00edcula que despr\u00e9s ser\u00e0 emesa pel canal auton\u00f2mic\u201d, assegura Gl\u00f2ria Tello, presidenta de Mostra de Val\u00e8ncia.\u00a0<\/span><\/p>\n<p>&nbsp;<\/p>\n<p><span style=\"font-weight: 400;\">Entre els directors d&#8217;esta secci\u00f3, dos d&#8217;ells han sigut guardonats amb un Oscar a la millor pel\u00b7l\u00edcula estrangera, este \u00e9s el cas del serbi <\/span><b>Danis Tanovic<\/b><span style=\"font-weight: 400;\">, que va aconseguir el guard\u00f3 gr\u00e0cies a <\/span><b>&#8216;En tierra de nadie&#8217;<\/b> <b>(2001);<\/b><span style=\"font-weight: 400;\"> aquell era un drama b\u00e8l\u00b7lic, per\u00f2 el que presentar\u00e0 a Val\u00e8ncia, <\/span><b>&#8216;Not So Friendly Neighborhood Affair&#8217;<\/b><span style=\"font-weight: 400;\">, ser\u00e0 una com\u00e8dia que reflectix tant els efectes de la pand\u00e8mia com els de les xarxes socials. Un altre oscaritzat \u00e9s l&#8217;itali\u00e0 Gabriele Salvatores, en el seu cas per <\/span><b>&#8216;Mediterr\u00e1neo&#8217; (1991),<\/b><span style=\"font-weight: 400;\"> i que presentar\u00e0 en la Mostra <\/span><b>&#8216;Comedians&#8217;,<\/b><span style=\"font-weight: 400;\"> una reflexi\u00f3 sobre la transcend\u00e8ncia (o no) de l&#8217;ofici de la interpretaci\u00f3. Tamb\u00e9 gaudix de reconeixement <\/span><b>Tony Gatlif,<\/b><span style=\"font-weight: 400;\"> qui va obtindre el Premi a millor director a Cannes per <\/span><b>&#8216;Exils&#8217; (2004).<\/b><span style=\"font-weight: 400;\"> En el festival compareixer\u00e0 amb <\/span><b>&#8216;Tom Medina&#8217;<\/b><span style=\"font-weight: 400;\">, lleugerament inspirada en els seus temps d&#8217;immigrant sense papers a Fran\u00e7a, on va arribar des d&#8217;Alg\u00e8ria<\/span><span style=\"font-weight: 400;\">.\u00a0<\/span><\/p>\n<p>&nbsp;<\/p>\n<p><span style=\"font-weight: 400;\">La Mostra tamb\u00e9 viur\u00e0 l&#8217;estrena mundial de <\/span><b>&#8216;Kobane&#8217;, <\/b><span style=\"font-weight: 400;\">l&#8217;\u00f2pera prima de la directora <\/span><b>\u00d6zlem Ya\u015far<\/b><span style=\"font-weight: 400;\">, amb la qual el festival donar\u00e0 continu\u00eftat a l\u2019aposta pel cinema kurd, especialment a la Comuna de Cine de Rojava, perqu\u00e8 ja es va projectar en 2020 la seua primera pel\u00b7l\u00edcula, <\/span><b>&#8216;Por la libertad&#8217; (&#8216;The End Will Be Spectacular&#8217;).<\/b><span style=\"font-weight: 400;\"> Una altra directora seleccionada \u00e9s l&#8217;eg\u00edpcia <\/span><b>Nadine Khan<\/b><span style=\"font-weight: 400;\">, que realitza un retrat de la masculinitat t\u00f2xica i el seu poder destructiu en <\/span><b>&#8216;Abu Saddam&#8217;.\u00a0<\/b><\/p>\n<p>&nbsp;<\/p>\n<p><span style=\"font-weight: 400;\">\u201cLa pres\u00e8ncia de directors de reconegut prestigi internacional en la Secci\u00f3 Informativa posa de manifest la voluntat del festival per oferir una panor\u00e0mica del cine mediterrani que connecte el present amb la hist\u00f2ria, i que permeta al p\u00fablic valenci\u00e0 gaudir per primera vegada a Espanya de les noves pel\u00b7l\u00edcules de Danis Tanovi\u0107, Gabriele Salvatores o Tony Gatlif\u201d, destaca Eduardo Guillot, director art\u00edstic del festival. La Mostra, que se celebrar\u00e0 del 20 al 30 d&#8217;octubre, compta amb la col\u00b7laboraci\u00f3 de l\u2019Institut Valenci\u00e0 de Cultura (IVC), Rambleta, Val\u00e8ncia Film Office i \u00c0 Punt M\u00e8dia com a mitj\u00e0 oficial.\u00a0<\/span><\/p>\n<p><img loading=\"lazy\" decoding=\"async\" class=\"alignnone size-medium wp-image-14233\" src=\"https:\/\/lamostradevalencia.com\/wp-content\/uploads\/2022\/08\/notso-1200.jpg\" alt=\"\" width=\"995\" height=\"277\" srcset=\"https:\/\/lamostradevalencia.com\/wp-content\/uploads\/2022\/08\/notso-1200.jpg 995w, https:\/\/lamostradevalencia.com\/wp-content\/uploads\/2022\/08\/notso-1200-300x84.jpg 300w, https:\/\/lamostradevalencia.com\/wp-content\/uploads\/2022\/08\/notso-1200-768x214.jpg 768w\" sizes=\"auto, (max-width: 995px) 100vw, 995px\" \/><\/p>\n<p><b>&#8216;NOT SO FRIENDLY NEIGHBORHOOD AFFAIR&#8217;, DE DANIS TANOVIC<\/b><\/p>\n<p><span style=\"font-weight: 400;\">Tanovic ens t\u00e9 acostumats a una carrera ecl\u00e8ctica que salta d&#8217;un g\u00e8nere a un altre. En esta ocasi\u00f3 ens sorpr\u00e9n amb una com\u00e8dia post-confinament ambientada a Sarajevo, amb la qual ja ha recorregut festivals com ara el de la mateixa Sarajevo, Trieste i Zagreb. Cadascun dels dos protagonistes (Branko \u0110uri\u0107 i Izudin Bajrovi\u0107), amb estils bastants diferents, regenta un restaurant que serveix <\/span><i><span style=\"font-weight: 400;\">\u0107evapi,<\/span><\/i><span style=\"font-weight: 400;\"> els kebabs balc\u00e0nics. Les seues vides es veuen alterades quan una <\/span><i><span style=\"font-weight: 400;\">influencer<\/span><\/i><span style=\"font-weight: 400;\"> croata acudix a la ciutat per tractar d&#8217;esbrinar quins s\u00f3n els millors rotllos de carn de la ciutat.\u00a0<\/span><\/p>\n<p><b><img loading=\"lazy\" decoding=\"async\" class=\"alignnone size-medium wp-image-14196\" src=\"https:\/\/lamostradevalencia.com\/wp-content\/uploads\/2022\/08\/comedians-2-e1661331960575.jpg\" alt=\"\" width=\"995\" height=\"277\" \/><\/b><\/p>\n<p><b>&#8216;COMEDIANS&#8217;, DE GABRIELE SALVATORES<\/b><\/p>\n<p><span style=\"font-weight: 400;\">Malgrat el t\u00edtol, no \u00e9s esta una proposta de riallades. Salvatores adapta lliurement l&#8217;obra de teatre de Trevor Griffiths, que \u00e9s, al seu torn, una reflexi\u00f3 sobre la com\u00e8dia, que no una pr\u00e0ctica. Sis aspirants a comediants cansats de la mediocritat de les seues vides es preparen per afrontar la seua primera actuaci\u00f3 en un club. Entre el p\u00fablic, hi ha un examinador que triar\u00e0 a un d&#8217;ells per a un programa de televisi\u00f3. Per a tots \u00e9s la gran oportunitat de canviar la seua vida, per a alguns potser \u00e9s l&#8217;\u00faltima.\u00a0<\/span><\/p>\n<p><b><img loading=\"lazy\" decoding=\"async\" class=\"alignnone size-medium wp-image-14239\" src=\"https:\/\/lamostradevalencia.com\/wp-content\/uploads\/2022\/08\/tmed-ok.jpg\" alt=\"\" width=\"995\" height=\"277\" \/><\/b><\/p>\n<p><b>&#8216;TOM MEDINA&#8217;, DE TONY GATLIF<\/b><\/p>\n<p><span style=\"font-weight: 400;\">Medina (David Murgia) \u00e9s un enigm\u00e0tic delinq\u00fcent d&#8217;estar per casa que \u00e9s enviat per un jutge de menors a la Camarga francesa. La seua obstinaci\u00f3 per viatjar a Espanya a causa de la fascinaci\u00f3 pels bous, el porta a convertir-se en domador de cavalls junt amb Ulysse (Slimane Dazi). La rebuda dels locals no \u00e9s molt bona, a excepci\u00f3 de la filla del propi Ulysse (Karoline Rose). El director francoalgeri\u00e0 continua en esta pel\u00b7l\u00edcula, que va ser estrenada en el passat Festival de Cannes, amb la fascinaci\u00f3 per mostrar-nos la seua cultura, la roman\u00ed, la qual cosa aporta a m\u00e9s una fant\u00e0stica banda sonora.\u00a0<\/span><\/p>\n<p><b><img loading=\"lazy\" decoding=\"async\" class=\"alignnone size-medium wp-image-14244\" src=\"https:\/\/lamostradevalencia.com\/wp-content\/uploads\/2022\/08\/kbok.jpg\" alt=\"\" width=\"995\" height=\"277\" \/><\/b><\/p>\n<p><b>&#8216;KOBANE&#8217;, D\u2019\u00d6ZLEM YASAR<\/b><\/p>\n<p><span style=\"font-weight: 400;\">Despr\u00e9s de m\u00e9s de quatre mesos d&#8217;atacs de l&#8217;Ex\u00e8rcit Isl\u00e0mic, els milicians i milicianes kurds alliberaven el 26 de gener de 2015 la ciutat de Kobane, a la frontera turcosiriana. Va ser considerada la major derrota de l&#8217;Estat Isl\u00e0mic des de la seua aparici\u00f3 en 2013 en la guerra a S\u00edria. La pel\u00b7l\u00edcula se centra en Zehra, una combatent de 32 anys, que, davant les baixes de molts dels seus companys i l&#8217;avan\u00e7 de l\u2019ISIS, es veu obligada a convertir-se en comandant. Una hist\u00f2ria de fe, resist\u00e8ncia, heroisme, sacrifici, amor, companyonia, esperan\u00e7a, tra\u00efci\u00f3, immoralitat, por i p\u00e8rdua amb la intensitat de la guerra i la revoluci\u00f3 com a tel\u00f3 de fons.<\/span><\/p>\n<p><b><img loading=\"lazy\" decoding=\"async\" class=\"alignnone size-medium wp-image-14250\" src=\"https:\/\/lamostradevalencia.com\/wp-content\/uploads\/2022\/08\/abok.jpg\" alt=\"\" width=\"995\" height=\"277\" \/><\/b><\/p>\n<p><b>&#8216;ABU SADDAM&#8217;, DE NADINE KHAN<\/b><\/p>\n<p><span style=\"font-weight: 400;\">Es tracta d&#8217;una <\/span><i><span style=\"font-weight: 400;\">road movie<\/span><\/i><span style=\"font-weight: 400;\"> per les des\u00e8rtiques carreteres eg\u00edpcies des de la cabina d&#8217;un cami\u00f3. En ella, acompanyem el su\u00f3s i fanfarr\u00f3 Abu Saddam (interpretat per Mohamed Mandouh, qui va obtindre el premi al millor actor per este paper en el Festival del Caire) i al seu jove i inexpert ajudant (Ahmad Dash). Entre ells no sols hi ha una difer\u00e8ncia d&#8217;edat important, sin\u00f3 una manera prou diferent d&#8217;afrontar la vida. Gr\u00e0cies a les seues converses i a les telefonades que els interrompen sabem m\u00e9s de l&#8217;origen de la viol\u00e8ncia en unes certes masculinitats t\u00f2xiques encara majorit\u00e0ries en certes societats \u00e0rabs. Es tracta de la segona pel\u00b7l\u00edcula de Nadine Khan, qui va obtindre el Premi del jurat del Festival de Dubai per la seua \u00f2pera prima, &#8216;Harag W&#8217; Marag&#8217; (2012),<\/span> <span style=\"font-weight: 400;\">que va ser projectada en la Mostra de Val\u00e8ncia en 2019, dins de la retrospectiva que el festival va dedicar a les directores eg\u00edpcies contempor\u00e0nies.<\/span><\/p>\n<p>&nbsp;<\/p>\n","protected":false},"excerpt":{"rendered":"<p>Danis Tanovic, Gabriele Salvatores i Tony Gatlif participaran en la Secci\u00f3 Informativa, junt a l&#8217;estrena mundial de la pel\u00b7l\u00edcula kurda &#8216;Kobane&#8217; i la cinta eg\u00edpcia [&hellip;]<\/p>\n","protected":false},"author":1,"featured_media":14206,"comment_status":"open","ping_status":"open","sticky":false,"template":"","format":"standard","meta":{"_uag_custom_page_level_css":"","_jet_sm_ready_style":"","_jet_sm_style":"","_jet_sm_controls_values":"","_jet_sm_fonts_collection":"","_jet_sm_fonts_links":"","footnotes":""},"categories":[455],"tags":[],"class_list":["post-14180","post","type-post","status-publish","format-standard","has-post-thumbnail","hentry","category-noticies"],"yoast_head":"<!-- This site is optimized with the Yoast SEO plugin v27.5 - https:\/\/yoast.com\/product\/yoast-seo-wordpress\/ -->\n<title>Dos directors amb Oscar i un altre premiat a Cannes competiran pel Premi del P\u00fablic en la 37\u00aa Mostra de Val\u00e8ncia - Mostra de Val\u00e8ncia<\/title>\n<meta name=\"robots\" content=\"index, follow, max-snippet:-1, max-image-preview:large, max-video-preview:-1\" \/>\n<link rel=\"canonical\" href=\"https:\/\/lamostradevalencia.com\/ca\/dos-directors-amb-oscar-i-un-altre-premiat-a-cannes-competiran-pel-premi-del-public-en-la-37a-mostra-de-valencia\/\" \/>\n<meta property=\"og:locale\" content=\"ca_ES\" \/>\n<meta property=\"og:type\" content=\"article\" \/>\n<meta property=\"og:title\" content=\"Dos directors amb Oscar i un altre premiat a Cannes competiran pel Premi del P\u00fablic en la 37\u00aa Mostra de Val\u00e8ncia - Mostra de Val\u00e8ncia\" \/>\n<meta property=\"og:description\" content=\"Danis Tanovic, Gabriele Salvatores i Tony Gatlif participaran en la Secci\u00f3 Informativa, junt a l&#8217;estrena mundial de la pel\u00b7l\u00edcula kurda &#8216;Kobane&#8217; i la cinta eg\u00edpcia [&hellip;]\" \/>\n<meta property=\"og:url\" content=\"https:\/\/lamostradevalencia.com\/ca\/dos-directors-amb-oscar-i-un-altre-premiat-a-cannes-competiran-pel-premi-del-public-en-la-37a-mostra-de-valencia\/\" \/>\n<meta property=\"og:site_name\" content=\"Mostra de Val\u00e8ncia\" \/>\n<meta property=\"article:published_time\" content=\"2022-08-25T10:06:16+00:00\" \/>\n<meta property=\"og:image\" content=\"https:\/\/lamostradevalencia.com\/wp-content\/uploads\/2022\/08\/MOSTRA-DE-VALENCIA-1200-\u00d7-900-px-uso-correcto-diseno.png\" \/>\n\t<meta property=\"og:image:width\" content=\"1200\" \/>\n\t<meta property=\"og:image:height\" content=\"900\" \/>\n\t<meta property=\"og:image:type\" content=\"image\/png\" \/>\n<meta name=\"author\" content=\"Mostra de Val\u00e8ncia\" \/>\n<meta name=\"twitter:card\" content=\"summary_large_image\" \/>\n<meta name=\"twitter:label1\" content=\"Escrit per\" \/>\n\t<meta name=\"twitter:data1\" content=\"Mostra de Val\u00e8ncia\" \/>\n\t<meta name=\"twitter:label2\" content=\"Temps estimat de lectura\" \/>\n\t<meta name=\"twitter:data2\" content=\"6 minuts\" \/>\n<script type=\"application\/ld+json\" class=\"yoast-schema-graph\">{\"@context\":\"https:\\\/\\\/schema.org\",\"@graph\":[{\"@type\":\"Article\",\"@id\":\"https:\\\/\\\/lamostradevalencia.com\\\/ca\\\/dos-directors-amb-oscar-i-un-altre-premiat-a-cannes-competiran-pel-premi-del-public-en-la-37a-mostra-de-valencia\\\/#article\",\"isPartOf\":{\"@id\":\"https:\\\/\\\/lamostradevalencia.com\\\/ca\\\/dos-directors-amb-oscar-i-un-altre-premiat-a-cannes-competiran-pel-premi-del-public-en-la-37a-mostra-de-valencia\\\/\"},\"author\":{\"name\":\"Mostra de Val\u00e8ncia\",\"@id\":\"https:\\\/\\\/lamostradevalencia.com\\\/ca\\\/#\\\/schema\\\/person\\\/1dc07e4df3d6310b81d2cdf6a034070c\"},\"headline\":\"Dos directors amb Oscar i un altre premiat a Cannes competiran pel Premi del P\u00fablic en la 37\u00aa Mostra de Val\u00e8ncia\",\"datePublished\":\"2022-08-25T10:06:16+00:00\",\"mainEntityOfPage\":{\"@id\":\"https:\\\/\\\/lamostradevalencia.com\\\/ca\\\/dos-directors-amb-oscar-i-un-altre-premiat-a-cannes-competiran-pel-premi-del-public-en-la-37a-mostra-de-valencia\\\/\"},\"wordCount\":1173,\"commentCount\":0,\"image\":{\"@id\":\"https:\\\/\\\/lamostradevalencia.com\\\/ca\\\/dos-directors-amb-oscar-i-un-altre-premiat-a-cannes-competiran-pel-premi-del-public-en-la-37a-mostra-de-valencia\\\/#primaryimage\"},\"thumbnailUrl\":\"https:\\\/\\\/lamostradevalencia.com\\\/wp-content\\\/uploads\\\/2022\\\/08\\\/MOSTRA-DE-VALENCIA-1200-\u00d7-900-px-uso-correcto-diseno.png\",\"articleSection\":[\"Noticies\"],\"inLanguage\":\"ca\",\"potentialAction\":[{\"@type\":\"CommentAction\",\"name\":\"Comment\",\"target\":[\"https:\\\/\\\/lamostradevalencia.com\\\/ca\\\/dos-directors-amb-oscar-i-un-altre-premiat-a-cannes-competiran-pel-premi-del-public-en-la-37a-mostra-de-valencia\\\/#respond\"]}]},{\"@type\":\"WebPage\",\"@id\":\"https:\\\/\\\/lamostradevalencia.com\\\/ca\\\/dos-directors-amb-oscar-i-un-altre-premiat-a-cannes-competiran-pel-premi-del-public-en-la-37a-mostra-de-valencia\\\/\",\"url\":\"https:\\\/\\\/lamostradevalencia.com\\\/ca\\\/dos-directors-amb-oscar-i-un-altre-premiat-a-cannes-competiran-pel-premi-del-public-en-la-37a-mostra-de-valencia\\\/\",\"name\":\"Dos directors amb Oscar i un altre premiat a Cannes competiran pel Premi del P\u00fablic en la 37\u00aa Mostra de Val\u00e8ncia - Mostra de Val\u00e8ncia\",\"isPartOf\":{\"@id\":\"https:\\\/\\\/lamostradevalencia.com\\\/ca\\\/#website\"},\"primaryImageOfPage\":{\"@id\":\"https:\\\/\\\/lamostradevalencia.com\\\/ca\\\/dos-directors-amb-oscar-i-un-altre-premiat-a-cannes-competiran-pel-premi-del-public-en-la-37a-mostra-de-valencia\\\/#primaryimage\"},\"image\":{\"@id\":\"https:\\\/\\\/lamostradevalencia.com\\\/ca\\\/dos-directors-amb-oscar-i-un-altre-premiat-a-cannes-competiran-pel-premi-del-public-en-la-37a-mostra-de-valencia\\\/#primaryimage\"},\"thumbnailUrl\":\"https:\\\/\\\/lamostradevalencia.com\\\/wp-content\\\/uploads\\\/2022\\\/08\\\/MOSTRA-DE-VALENCIA-1200-\u00d7-900-px-uso-correcto-diseno.png\",\"datePublished\":\"2022-08-25T10:06:16+00:00\",\"author\":{\"@id\":\"https:\\\/\\\/lamostradevalencia.com\\\/ca\\\/#\\\/schema\\\/person\\\/1dc07e4df3d6310b81d2cdf6a034070c\"},\"breadcrumb\":{\"@id\":\"https:\\\/\\\/lamostradevalencia.com\\\/ca\\\/dos-directors-amb-oscar-i-un-altre-premiat-a-cannes-competiran-pel-premi-del-public-en-la-37a-mostra-de-valencia\\\/#breadcrumb\"},\"inLanguage\":\"ca\",\"potentialAction\":[{\"@type\":\"ReadAction\",\"target\":[\"https:\\\/\\\/lamostradevalencia.com\\\/ca\\\/dos-directors-amb-oscar-i-un-altre-premiat-a-cannes-competiran-pel-premi-del-public-en-la-37a-mostra-de-valencia\\\/\"]}]},{\"@type\":\"ImageObject\",\"inLanguage\":\"ca\",\"@id\":\"https:\\\/\\\/lamostradevalencia.com\\\/ca\\\/dos-directors-amb-oscar-i-un-altre-premiat-a-cannes-competiran-pel-premi-del-public-en-la-37a-mostra-de-valencia\\\/#primaryimage\",\"url\":\"https:\\\/\\\/lamostradevalencia.com\\\/wp-content\\\/uploads\\\/2022\\\/08\\\/MOSTRA-DE-VALENCIA-1200-\u00d7-900-px-uso-correcto-diseno.png\",\"contentUrl\":\"https:\\\/\\\/lamostradevalencia.com\\\/wp-content\\\/uploads\\\/2022\\\/08\\\/MOSTRA-DE-VALENCIA-1200-\u00d7-900-px-uso-correcto-diseno.png\",\"width\":1200,\"height\":900},{\"@type\":\"BreadcrumbList\",\"@id\":\"https:\\\/\\\/lamostradevalencia.com\\\/ca\\\/dos-directors-amb-oscar-i-un-altre-premiat-a-cannes-competiran-pel-premi-del-public-en-la-37a-mostra-de-valencia\\\/#breadcrumb\",\"itemListElement\":[{\"@type\":\"ListItem\",\"position\":1,\"name\":\"Portada\",\"item\":\"https:\\\/\\\/lamostradevalencia.com\\\/ca\\\/\"},{\"@type\":\"ListItem\",\"position\":2,\"name\":\"Dos directors amb Oscar i un altre premiat a Cannes competiran pel Premi del P\u00fablic en la 37\u00aa Mostra de Val\u00e8ncia\"}]},{\"@type\":\"WebSite\",\"@id\":\"https:\\\/\\\/lamostradevalencia.com\\\/ca\\\/#website\",\"url\":\"https:\\\/\\\/lamostradevalencia.com\\\/ca\\\/\",\"name\":\"Mostra de Val\u00e8ncia\",\"description\":\"Cinema del Mediterrani\",\"potentialAction\":[{\"@type\":\"SearchAction\",\"target\":{\"@type\":\"EntryPoint\",\"urlTemplate\":\"https:\\\/\\\/lamostradevalencia.com\\\/ca\\\/?s={search_term_string}\"},\"query-input\":{\"@type\":\"PropertyValueSpecification\",\"valueRequired\":true,\"valueName\":\"search_term_string\"}}],\"inLanguage\":\"ca\"},{\"@type\":\"Person\",\"@id\":\"https:\\\/\\\/lamostradevalencia.com\\\/ca\\\/#\\\/schema\\\/person\\\/1dc07e4df3d6310b81d2cdf6a034070c\",\"name\":\"Mostra de Val\u00e8ncia\",\"image\":{\"@type\":\"ImageObject\",\"inLanguage\":\"ca\",\"@id\":\"https:\\\/\\\/secure.gravatar.com\\\/avatar\\\/ada4dfd699a9907706987adb1bb2b361c2613ccca474b49b8c648de5208e32f8?s=96&d=mm&r=g\",\"url\":\"https:\\\/\\\/secure.gravatar.com\\\/avatar\\\/ada4dfd699a9907706987adb1bb2b361c2613ccca474b49b8c648de5208e32f8?s=96&d=mm&r=g\",\"contentUrl\":\"https:\\\/\\\/secure.gravatar.com\\\/avatar\\\/ada4dfd699a9907706987adb1bb2b361c2613ccca474b49b8c648de5208e32f8?s=96&d=mm&r=g\",\"caption\":\"Mostra de Val\u00e8ncia\"}}]}<\/script>\n<!-- \/ Yoast SEO plugin. -->","yoast_head_json":{"title":"Dos directors amb Oscar i un altre premiat a Cannes competiran pel Premi del P\u00fablic en la 37\u00aa Mostra de Val\u00e8ncia - Mostra de Val\u00e8ncia","robots":{"index":"index","follow":"follow","max-snippet":"max-snippet:-1","max-image-preview":"max-image-preview:large","max-video-preview":"max-video-preview:-1"},"canonical":"https:\/\/lamostradevalencia.com\/ca\/dos-directors-amb-oscar-i-un-altre-premiat-a-cannes-competiran-pel-premi-del-public-en-la-37a-mostra-de-valencia\/","og_locale":"ca_ES","og_type":"article","og_title":"Dos directors amb Oscar i un altre premiat a Cannes competiran pel Premi del P\u00fablic en la 37\u00aa Mostra de Val\u00e8ncia - Mostra de Val\u00e8ncia","og_description":"Danis Tanovic, Gabriele Salvatores i Tony Gatlif participaran en la Secci\u00f3 Informativa, junt a l&#8217;estrena mundial de la pel\u00b7l\u00edcula kurda &#8216;Kobane&#8217; i la cinta eg\u00edpcia [&hellip;]","og_url":"https:\/\/lamostradevalencia.com\/ca\/dos-directors-amb-oscar-i-un-altre-premiat-a-cannes-competiran-pel-premi-del-public-en-la-37a-mostra-de-valencia\/","og_site_name":"Mostra de Val\u00e8ncia","article_published_time":"2022-08-25T10:06:16+00:00","og_image":[{"width":1200,"height":900,"url":"https:\/\/lamostradevalencia.com\/wp-content\/uploads\/2022\/08\/MOSTRA-DE-VALENCIA-1200-\u00d7-900-px-uso-correcto-diseno.png","type":"image\/png"}],"author":"Mostra de Val\u00e8ncia","twitter_card":"summary_large_image","twitter_misc":{"Escrit per":"Mostra de Val\u00e8ncia","Temps estimat de lectura":"6 minuts"},"schema":{"@context":"https:\/\/schema.org","@graph":[{"@type":"Article","@id":"https:\/\/lamostradevalencia.com\/ca\/dos-directors-amb-oscar-i-un-altre-premiat-a-cannes-competiran-pel-premi-del-public-en-la-37a-mostra-de-valencia\/#article","isPartOf":{"@id":"https:\/\/lamostradevalencia.com\/ca\/dos-directors-amb-oscar-i-un-altre-premiat-a-cannes-competiran-pel-premi-del-public-en-la-37a-mostra-de-valencia\/"},"author":{"name":"Mostra de Val\u00e8ncia","@id":"https:\/\/lamostradevalencia.com\/ca\/#\/schema\/person\/1dc07e4df3d6310b81d2cdf6a034070c"},"headline":"Dos directors amb Oscar i un altre premiat a Cannes competiran pel Premi del P\u00fablic en la 37\u00aa Mostra de Val\u00e8ncia","datePublished":"2022-08-25T10:06:16+00:00","mainEntityOfPage":{"@id":"https:\/\/lamostradevalencia.com\/ca\/dos-directors-amb-oscar-i-un-altre-premiat-a-cannes-competiran-pel-premi-del-public-en-la-37a-mostra-de-valencia\/"},"wordCount":1173,"commentCount":0,"image":{"@id":"https:\/\/lamostradevalencia.com\/ca\/dos-directors-amb-oscar-i-un-altre-premiat-a-cannes-competiran-pel-premi-del-public-en-la-37a-mostra-de-valencia\/#primaryimage"},"thumbnailUrl":"https:\/\/lamostradevalencia.com\/wp-content\/uploads\/2022\/08\/MOSTRA-DE-VALENCIA-1200-\u00d7-900-px-uso-correcto-diseno.png","articleSection":["Noticies"],"inLanguage":"ca","potentialAction":[{"@type":"CommentAction","name":"Comment","target":["https:\/\/lamostradevalencia.com\/ca\/dos-directors-amb-oscar-i-un-altre-premiat-a-cannes-competiran-pel-premi-del-public-en-la-37a-mostra-de-valencia\/#respond"]}]},{"@type":"WebPage","@id":"https:\/\/lamostradevalencia.com\/ca\/dos-directors-amb-oscar-i-un-altre-premiat-a-cannes-competiran-pel-premi-del-public-en-la-37a-mostra-de-valencia\/","url":"https:\/\/lamostradevalencia.com\/ca\/dos-directors-amb-oscar-i-un-altre-premiat-a-cannes-competiran-pel-premi-del-public-en-la-37a-mostra-de-valencia\/","name":"Dos directors amb Oscar i un altre premiat a Cannes competiran pel Premi del P\u00fablic en la 37\u00aa Mostra de Val\u00e8ncia - Mostra de Val\u00e8ncia","isPartOf":{"@id":"https:\/\/lamostradevalencia.com\/ca\/#website"},"primaryImageOfPage":{"@id":"https:\/\/lamostradevalencia.com\/ca\/dos-directors-amb-oscar-i-un-altre-premiat-a-cannes-competiran-pel-premi-del-public-en-la-37a-mostra-de-valencia\/#primaryimage"},"image":{"@id":"https:\/\/lamostradevalencia.com\/ca\/dos-directors-amb-oscar-i-un-altre-premiat-a-cannes-competiran-pel-premi-del-public-en-la-37a-mostra-de-valencia\/#primaryimage"},"thumbnailUrl":"https:\/\/lamostradevalencia.com\/wp-content\/uploads\/2022\/08\/MOSTRA-DE-VALENCIA-1200-\u00d7-900-px-uso-correcto-diseno.png","datePublished":"2022-08-25T10:06:16+00:00","author":{"@id":"https:\/\/lamostradevalencia.com\/ca\/#\/schema\/person\/1dc07e4df3d6310b81d2cdf6a034070c"},"breadcrumb":{"@id":"https:\/\/lamostradevalencia.com\/ca\/dos-directors-amb-oscar-i-un-altre-premiat-a-cannes-competiran-pel-premi-del-public-en-la-37a-mostra-de-valencia\/#breadcrumb"},"inLanguage":"ca","potentialAction":[{"@type":"ReadAction","target":["https:\/\/lamostradevalencia.com\/ca\/dos-directors-amb-oscar-i-un-altre-premiat-a-cannes-competiran-pel-premi-del-public-en-la-37a-mostra-de-valencia\/"]}]},{"@type":"ImageObject","inLanguage":"ca","@id":"https:\/\/lamostradevalencia.com\/ca\/dos-directors-amb-oscar-i-un-altre-premiat-a-cannes-competiran-pel-premi-del-public-en-la-37a-mostra-de-valencia\/#primaryimage","url":"https:\/\/lamostradevalencia.com\/wp-content\/uploads\/2022\/08\/MOSTRA-DE-VALENCIA-1200-\u00d7-900-px-uso-correcto-diseno.png","contentUrl":"https:\/\/lamostradevalencia.com\/wp-content\/uploads\/2022\/08\/MOSTRA-DE-VALENCIA-1200-\u00d7-900-px-uso-correcto-diseno.png","width":1200,"height":900},{"@type":"BreadcrumbList","@id":"https:\/\/lamostradevalencia.com\/ca\/dos-directors-amb-oscar-i-un-altre-premiat-a-cannes-competiran-pel-premi-del-public-en-la-37a-mostra-de-valencia\/#breadcrumb","itemListElement":[{"@type":"ListItem","position":1,"name":"Portada","item":"https:\/\/lamostradevalencia.com\/ca\/"},{"@type":"ListItem","position":2,"name":"Dos directors amb Oscar i un altre premiat a Cannes competiran pel Premi del P\u00fablic en la 37\u00aa Mostra de Val\u00e8ncia"}]},{"@type":"WebSite","@id":"https:\/\/lamostradevalencia.com\/ca\/#website","url":"https:\/\/lamostradevalencia.com\/ca\/","name":"Mostra de Val\u00e8ncia","description":"Cinema del Mediterrani","potentialAction":[{"@type":"SearchAction","target":{"@type":"EntryPoint","urlTemplate":"https:\/\/lamostradevalencia.com\/ca\/?s={search_term_string}"},"query-input":{"@type":"PropertyValueSpecification","valueRequired":true,"valueName":"search_term_string"}}],"inLanguage":"ca"},{"@type":"Person","@id":"https:\/\/lamostradevalencia.com\/ca\/#\/schema\/person\/1dc07e4df3d6310b81d2cdf6a034070c","name":"Mostra de Val\u00e8ncia","image":{"@type":"ImageObject","inLanguage":"ca","@id":"https:\/\/secure.gravatar.com\/avatar\/ada4dfd699a9907706987adb1bb2b361c2613ccca474b49b8c648de5208e32f8?s=96&d=mm&r=g","url":"https:\/\/secure.gravatar.com\/avatar\/ada4dfd699a9907706987adb1bb2b361c2613ccca474b49b8c648de5208e32f8?s=96&d=mm&r=g","contentUrl":"https:\/\/secure.gravatar.com\/avatar\/ada4dfd699a9907706987adb1bb2b361c2613ccca474b49b8c648de5208e32f8?s=96&d=mm&r=g","caption":"Mostra de Val\u00e8ncia"}}]}},"uagb_featured_image_src":{"full":["https:\/\/lamostradevalencia.com\/wp-content\/uploads\/2022\/08\/MOSTRA-DE-VALENCIA-1200-\u00d7-900-px-uso-correcto-diseno.png",1200,900,false],"thumbnail":["https:\/\/lamostradevalencia.com\/wp-content\/uploads\/2022\/08\/MOSTRA-DE-VALENCIA-1200-\u00d7-900-px-uso-correcto-diseno-150x150.png",150,150,true],"medium":["https:\/\/lamostradevalencia.com\/wp-content\/uploads\/2022\/08\/MOSTRA-DE-VALENCIA-1200-\u00d7-900-px-uso-correcto-diseno-300x225.png",300,225,true],"medium_large":["https:\/\/lamostradevalencia.com\/wp-content\/uploads\/2022\/08\/MOSTRA-DE-VALENCIA-1200-\u00d7-900-px-uso-correcto-diseno-768x576.png",768,576,true],"large":["https:\/\/lamostradevalencia.com\/wp-content\/uploads\/2022\/08\/MOSTRA-DE-VALENCIA-1200-\u00d7-900-px-uso-correcto-diseno-1024x768.png",1024,768,true],"1536x1536":["https:\/\/lamostradevalencia.com\/wp-content\/uploads\/2022\/08\/MOSTRA-DE-VALENCIA-1200-\u00d7-900-px-uso-correcto-diseno.png",1200,900,false],"2048x2048":["https:\/\/lamostradevalencia.com\/wp-content\/uploads\/2022\/08\/MOSTRA-DE-VALENCIA-1200-\u00d7-900-px-uso-correcto-diseno.png",1200,900,false],"cinerama_edge_image_square":["https:\/\/lamostradevalencia.com\/wp-content\/uploads\/2022\/08\/MOSTRA-DE-VALENCIA-1200-\u00d7-900-px-uso-correcto-diseno-550x550.png",550,550,true],"cinerama_edge_image_landscape":["https:\/\/lamostradevalencia.com\/wp-content\/uploads\/2022\/08\/MOSTRA-DE-VALENCIA-1200-\u00d7-900-px-uso-correcto-diseno-1100x550.png",1100,550,true],"cinerama_edge_image_portrait":["https:\/\/lamostradevalencia.com\/wp-content\/uploads\/2022\/08\/MOSTRA-DE-VALENCIA-1200-\u00d7-900-px-uso-correcto-diseno-550x900.png",550,900,true],"cinerama_edge_image_huge":["https:\/\/lamostradevalencia.com\/wp-content\/uploads\/2022\/08\/MOSTRA-DE-VALENCIA-1200-\u00d7-900-px-uso-correcto-diseno-1100x900.png",1100,900,true],"gform-image-choice-sm":["https:\/\/lamostradevalencia.com\/wp-content\/uploads\/2022\/08\/MOSTRA-DE-VALENCIA-1200-\u00d7-900-px-uso-correcto-diseno.png",300,225,false],"gform-image-choice-md":["https:\/\/lamostradevalencia.com\/wp-content\/uploads\/2022\/08\/MOSTRA-DE-VALENCIA-1200-\u00d7-900-px-uso-correcto-diseno.png",400,300,false],"gform-image-choice-lg":["https:\/\/lamostradevalencia.com\/wp-content\/uploads\/2022\/08\/MOSTRA-DE-VALENCIA-1200-\u00d7-900-px-uso-correcto-diseno.png",600,450,false]},"uagb_author_info":{"display_name":"Mostra de Val\u00e8ncia","author_link":"https:\/\/lamostradevalencia.com\/ca\/author\/mostravalencia\/"},"uagb_comment_info":0,"uagb_excerpt":"Danis Tanovic, Gabriele Salvatores i Tony Gatlif participaran en la Secci\u00f3 Informativa, junt a l&#8217;estrena mundial de la pel\u00b7l\u00edcula kurda &#8216;Kobane&#8217; i la cinta eg\u00edpcia [&hellip;]","_links":{"self":[{"href":"https:\/\/lamostradevalencia.com\/ca\/wp-json\/wp\/v2\/posts\/14180","targetHints":{"allow":["GET"]}}],"collection":[{"href":"https:\/\/lamostradevalencia.com\/ca\/wp-json\/wp\/v2\/posts"}],"about":[{"href":"https:\/\/lamostradevalencia.com\/ca\/wp-json\/wp\/v2\/types\/post"}],"author":[{"embeddable":true,"href":"https:\/\/lamostradevalencia.com\/ca\/wp-json\/wp\/v2\/users\/1"}],"replies":[{"embeddable":true,"href":"https:\/\/lamostradevalencia.com\/ca\/wp-json\/wp\/v2\/comments?post=14180"}],"version-history":[{"count":7,"href":"https:\/\/lamostradevalencia.com\/ca\/wp-json\/wp\/v2\/posts\/14180\/revisions"}],"predecessor-version":[{"id":14325,"href":"https:\/\/lamostradevalencia.com\/ca\/wp-json\/wp\/v2\/posts\/14180\/revisions\/14325"}],"wp:featuredmedia":[{"embeddable":true,"href":"https:\/\/lamostradevalencia.com\/ca\/wp-json\/wp\/v2\/media\/14206"}],"wp:attachment":[{"href":"https:\/\/lamostradevalencia.com\/ca\/wp-json\/wp\/v2\/media?parent=14180"}],"wp:term":[{"taxonomy":"category","embeddable":true,"href":"https:\/\/lamostradevalencia.com\/ca\/wp-json\/wp\/v2\/categories?post=14180"},{"taxonomy":"post_tag","embeddable":true,"href":"https:\/\/lamostradevalencia.com\/ca\/wp-json\/wp\/v2\/tags?post=14180"}],"curies":[{"name":"wp","href":"https:\/\/api.w.org\/{rel}","templated":true}]}}